{"id":6548,"date":"2020-04-02T11:23:19","date_gmt":"2020-04-02T09:23:19","guid":{"rendered":"https:\/\/www.organisator.ch\/?p=6548"},"modified":"2020-04-02T11:23:19","modified_gmt":"2020-04-02T09:23:19","slug":"entlassungswelle-droht-bei-kmu","status":"publish","type":"post","link":"https:\/\/www.organisator.ch\/fr\/allgemein\/2020-04-02\/entlassungswelle-droht-bei-kmu\/","title":{"rendered":"Les PME menac\u00e9es par une vague de licenciements"},"content":{"rendered":"<figure id=\"attachment_6550\" aria-describedby=\"caption-attachment-6550\" style=\"width: 680px\" class=\"wp-caption alignnone\"><img loading=\"lazy\" decoding=\"async\" class=\"size-medium wp-image-6550\" src=\"https:\/\/www.organisator.ch\/wp-content\/uploads\/2020\/04\/Entlassungswelle-droht-bei-KMU_Organisator.jpg\" alt=\"\" width=\"680\" height=\"453\" srcset=\"https:\/\/www.organisator.ch\/wp-content\/uploads\/2020\/04\/Entlassungswelle-droht-bei-KMU_Organisator.jpg 680w, https:\/\/www.organisator.ch\/wp-content\/uploads\/2020\/04\/Entlassungswelle-droht-bei-KMU_Organisator-16x12.jpg 16w, https:\/\/www.organisator.ch\/wp-content\/uploads\/2020\/04\/Entlassungswelle-droht-bei-KMU_Organisator-263x175.jpg 263w, https:\/\/www.organisator.ch\/wp-content\/uploads\/2020\/04\/Entlassungswelle-droht-bei-KMU_Organisator-525x350.jpg 525w, https:\/\/www.organisator.ch\/wp-content\/uploads\/2020\/04\/Entlassungswelle-droht-bei-KMU_Organisator-300x200.jpg 300w\" sizes=\"auto, (max-width: 680px) 100vw, 680px\" \/><figcaption id=\"caption-attachment-6550\" class=\"wp-caption-text\">Sombres perspectives pour les PME : une vague de faillites et de licenciements menace-t-elle ? (Image : Pixabay.com)<\/figcaption><\/figure>\n<p>6,5 pour cent des PME ont d\u00e9j\u00e0 licenci\u00e9 des collaborateurs - il est pr\u00e9vu d'en licencier encore plus, il pourrait m\u00eame y avoir une vague de licenciements. Et 34 pour cent des PME se sentent trop peu soutenues par la Conf\u00e9d\u00e9ration. C'est ce que montre un sondage de <a href=\"https:\/\/www.gryps.ch\/\">Portail d'offres GRYPS<\/a>\u00a0sur les cons\u00e9quences \u00e9conomiques de la crise Corona sur les petites et moyennes entreprises en Suisse, r\u00e9alis\u00e9e entre le 30 mars et le 2 avril 2020. 270 PME ont particip\u00e9 en ligne \u00e0 cette enqu\u00eate.<\/p>\n<h2>Les cr\u00e9dits ne r\u00e9solvent pas assez les probl\u00e8mes<\/h2>\n<p>Les probl\u00e8mes mis en \u00e9vidence par l'enqu\u00eate ne sont pas directement li\u00e9s \u00e0 des cas de maladie : Jusqu'\u00e0 pr\u00e9sent, il n'y a en effet que peu de cas de Corona confirm\u00e9s dans les entreprises participantes. Les entreprises devront toutefois se pr\u00e9parer \u00e0 la mani\u00e8re dont elles g\u00e9reront la situation dans de tels cas. En revanche, les cons\u00e9quences des fermetures d'entreprises ordonn\u00e9es par les autorit\u00e9s sur les petites entreprises sont aigu\u00ebs. \"Les ind\u00e9pendants en particulier sont m\u00e9contents du soutien limit\u00e9 et se sentent menac\u00e9s dans leur existence. C'est ce que montrent les nombreux commentaires personnels des PME dans l'enqu\u00eate. M\u00eame les cr\u00e9dits sans int\u00e9r\u00eats ne r\u00e9solvent pas le probl\u00e8me pour beaucoup d'entre eux, car ils doivent \u00eatre rembours\u00e9s\", d\u00e9clare Gaby St\u00e4heli, Co-CEO de GRYPS Offertenportal.<\/p>\n<h2><strong>Autres r\u00e9sultats dans l'enqu\u00eate<\/strong><\/h2>\n<ul>\n<li>Licenciements : Environ 6,5 % ont licenci\u00e9 des employ\u00e9s, plus de 8 % pr\u00e9voient de le faire prochainement.<\/li>\n<li>Ch\u00f4mage partiel : un peu plus de 43% ont d\u00e9j\u00e0 introduit le ch\u00f4mage partiel et plus de 8% pr\u00e9voient de le faire prochainement.<\/li>\n<li>Gel des embauches : environ 54 pour cent ont introduit un gel des embauches, pr\u00e8s de 3 pour cent pr\u00e9voient de le faire prochainement.<\/li>\n<li>Baisse du chiffre d'affaires : 30 % des PME ont subi une baisse de plus de 75 % de leur chiffre d'affaires au cours du mois de mars de l'ann\u00e9e Corona.<\/li>\n<li>R\u00e9duction du loyer : seuls 10 % ont convenu d'un report ou d'une r\u00e9duction du loyer des locaux commerciaux, mais 18,5 % pr\u00e9voient encore de n\u00e9gocier avec leur bailleur.<\/li>\n<\/ul>\n<p>L'enqu\u00eate montre que : Dans l'ensemble, les effets du coronavirus sur le paysage des PME suisses sont clairement visibles. Et certaines d\u00e9clarations des participants \u00e0 l'enqu\u00eate ne laissent rien \u00e0 d\u00e9sirer en termes de clart\u00e9 : \"Ce n'est pas bien du tout ce qui se passe.<br \/>\nest ici aveugl\u00e9ment d\u00e9truit\". Ou encore, il est question d'un \"coup de gr\u00e2ce ordonn\u00e9 par l'Etat\" pour des entreprises enti\u00e8res.<\/p>","protected":false},"excerpt":{"rendered":"<p>Bereits 6,5 Prozent der KMU haben Mitarbeiter entlassen \u2013 geplant sind noch mehr, es k\u00f6nnte sogar zu einer Entlassungswelle kommen. Und gut 34 Prozent der KMU f\u00fchlen sich vom Bund zu wenig unterst\u00fctzt. Dies zeigt eine Umfrage von GRYPS Offertenportal\u00a0zu den wirtschaftlichen Auswirkungen der Corona-Krise auf kleinere und mittlere Unternehmen in der Schweiz, die zwischen [&hellip;]<\/p>\n","protected":false},"author":4,"featured_media":6550,"comment_status":"closed","ping_status":"closed","sticky":false,"template":"","format":"standard","meta":{"_acf_changed":false,"_yoast_wpseo_focuskw":"Entlassungswelle","_yoast_wpseo_metadesc":"Eine Umfrage bei KMU gibt Aufschluss \u00fcber ihre aktuelle Situation. Und diese ist bei vielen alles andere als gut. Droht gar eine Entlassungswelle?","articlekey":"","footnotes":""},"categories":[1],"tags":[132,487,492,531],"class_list":["post-6548","post","type-post","status-publish","format-standard","has-post-thumbnail","hentry","category-allgemein","tag-coronavirus","tag-umfrage","tag-unternehmen","tag-wirtschaftspolitik"],"acf":[],"yoast_head":"<!-- This site is optimized with the Yoast SEO plugin v27.5 - https:\/\/yoast.com\/product\/yoast-seo-wordpress\/ -->\n<title>Entlassungswelle droht bei KMU - Organisator<\/title>\n<meta name=\"description\" content=\"Eine Umfrage bei KMU gibt Aufschluss \u00fcber ihre aktuelle Situation. Und diese ist bei vielen alles andere als gut. Droht gar eine Entlassungswelle?\" \/>\n<meta name=\"robots\" content=\"index, follow, max-snippet:-1, max-image-preview:large, max-video-preview:-1\" \/>\n<link rel=\"canonical\" href=\"https:\/\/www.organisator.ch\/fr\/general\/2020-04-02\/entlassungswelle-droht-bei-kmu\/\" \/>\n<meta property=\"og:locale\" content=\"fr_FR\" \/>\n<meta property=\"og:type\" content=\"article\" \/>\n<meta property=\"og:title\" content=\"Entlassungswelle droht bei KMU\" \/>\n<meta property=\"og:description\" content=\"Eine Umfrage bei KMU gibt Aufschluss \u00fcber ihre aktuelle Situation. Und diese ist bei vielen alles andere als gut. Droht gar eine Entlassungswelle?\" \/>\n<meta property=\"og:url\" content=\"https:\/\/www.organisator.ch\/fr\/general\/2020-04-02\/entlassungswelle-droht-bei-kmu\/\" \/>\n<meta property=\"og:site_name\" content=\"Organisator\" \/>\n<meta property=\"article:publisher\" content=\"https:\/\/www.facebook.com\/OrganisatorFachmagazin\" \/>\n<meta property=\"article:published_time\" content=\"2020-04-02T09:23:19+00:00\" \/>\n<meta property=\"og:image\" content=\"https:\/\/www.organisator.ch\/wp-content\/uploads\/2020\/04\/Entlassungswelle-droht-bei-KMU_Organisator.jpg\" \/>\n\t<meta property=\"og:image:width\" content=\"680\" \/>\n\t<meta property=\"og:image:height\" content=\"453\" \/>\n\t<meta property=\"og:image:type\" content=\"image\/jpeg\" \/>\n<meta name=\"author\" content=\"thomas.berner\" \/>\n<meta name=\"twitter:card\" content=\"summary_large_image\" \/>\n<meta name=\"twitter:title\" content=\"#Entlassungswelle droht bei KMU\" \/>\n<meta name=\"twitter:description\" content=\"Eine #Umfrage bei #KMU gibt Aufschluss \u00fcber ihre aktuelle Situation. Und diese ist bei vielen alles andere als gut. Droht gar eine #Entlassungswelle?\" \/>\n<meta name=\"twitter:image\" content=\"https:\/\/www.organisator.ch\/wp-content\/uploads\/2020\/04\/Entlassungswelle-droht-bei-KMU_Organisator.jpg\" \/>\n<script type=\"application\/ld+json\" class=\"yoast-schema-graph\">{\"@context\":\"https:\\\/\\\/schema.org\",\"@graph\":[{\"@type\":\"Article\",\"@id\":\"https:\\\/\\\/www.organisator.ch\\\/en\\\/general\\\/2020-04-02\\\/entlassungswelle-droht-bei-kmu\\\/#article\",\"isPartOf\":{\"@id\":\"https:\\\/\\\/www.organisator.ch\\\/en\\\/general\\\/2020-04-02\\\/entlassungswelle-droht-bei-kmu\\\/\"},\"author\":{\"name\":\"thomas.berner\",\"@id\":\"https:\\\/\\\/www.organisator.ch\\\/#\\\/schema\\\/person\\\/6f650f90b2842cd4c0cc334b4e36f67e\"},\"headline\":\"Entlassungswelle droht bei KMU\",\"datePublished\":\"2020-04-02T09:23:19+00:00\",\"mainEntityOfPage\":{\"@id\":\"https:\\\/\\\/www.organisator.ch\\\/en\\\/general\\\/2020-04-02\\\/entlassungswelle-droht-bei-kmu\\\/\"},\"wordCount\":371,\"publisher\":{\"@id\":\"https:\\\/\\\/www.organisator.ch\\\/#organization\"},\"image\":{\"@id\":\"https:\\\/\\\/www.organisator.ch\\\/en\\\/general\\\/2020-04-02\\\/entlassungswelle-droht-bei-kmu\\\/#primaryimage\"},\"thumbnailUrl\":\"https:\\\/\\\/www.organisator.ch\\\/wp-content\\\/uploads\\\/2020\\\/04\\\/Entlassungswelle-droht-bei-KMU_Organisator.jpg\",\"keywords\":[\"Coronavirus\",\"Umfrage\",\"Unternehmen\",\"Wirtschaftspolitik\"],\"articleSection\":[\"Allgemein\"],\"inLanguage\":\"fr-FR\"},{\"@type\":\"WebPage\",\"@id\":\"https:\\\/\\\/www.organisator.ch\\\/en\\\/general\\\/2020-04-02\\\/entlassungswelle-droht-bei-kmu\\\/\",\"url\":\"https:\\\/\\\/www.organisator.ch\\\/en\\\/general\\\/2020-04-02\\\/entlassungswelle-droht-bei-kmu\\\/\",\"name\":\"Entlassungswelle droht bei KMU - Organisator\",\"isPartOf\":{\"@id\":\"https:\\\/\\\/www.organisator.ch\\\/#website\"},\"primaryImageOfPage\":{\"@id\":\"https:\\\/\\\/www.organisator.ch\\\/en\\\/general\\\/2020-04-02\\\/entlassungswelle-droht-bei-kmu\\\/#primaryimage\"},\"image\":{\"@id\":\"https:\\\/\\\/www.organisator.ch\\\/en\\\/general\\\/2020-04-02\\\/entlassungswelle-droht-bei-kmu\\\/#primaryimage\"},\"thumbnailUrl\":\"https:\\\/\\\/www.organisator.ch\\\/wp-content\\\/uploads\\\/2020\\\/04\\\/Entlassungswelle-droht-bei-KMU_Organisator.jpg\",\"datePublished\":\"2020-04-02T09:23:19+00:00\",\"description\":\"Eine Umfrage bei KMU gibt Aufschluss \u00fcber ihre aktuelle Situation. Und diese ist bei vielen alles andere als gut. Droht gar eine Entlassungswelle?\",\"breadcrumb\":{\"@id\":\"https:\\\/\\\/www.organisator.ch\\\/en\\\/general\\\/2020-04-02\\\/entlassungswelle-droht-bei-kmu\\\/#breadcrumb\"},\"inLanguage\":\"fr-FR\",\"potentialAction\":[{\"@type\":\"ReadAction\",\"target\":[\"https:\\\/\\\/www.organisator.ch\\\/en\\\/general\\\/2020-04-02\\\/entlassungswelle-droht-bei-kmu\\\/\"]}]},{\"@type\":\"ImageObject\",\"inLanguage\":\"fr-FR\",\"@id\":\"https:\\\/\\\/www.organisator.ch\\\/en\\\/general\\\/2020-04-02\\\/entlassungswelle-droht-bei-kmu\\\/#primaryimage\",\"url\":\"https:\\\/\\\/www.organisator.ch\\\/wp-content\\\/uploads\\\/2020\\\/04\\\/Entlassungswelle-droht-bei-KMU_Organisator.jpg\",\"contentUrl\":\"https:\\\/\\\/www.organisator.ch\\\/wp-content\\\/uploads\\\/2020\\\/04\\\/Entlassungswelle-droht-bei-KMU_Organisator.jpg\",\"width\":680,\"height\":453,\"caption\":\"D\u00fcstere Aussichten f\u00fcr KMU: Droht eine Konkurs- und Entlassungswelle? (Bild: Pixabay.com)\"},{\"@type\":\"BreadcrumbList\",\"@id\":\"https:\\\/\\\/www.organisator.ch\\\/en\\\/general\\\/2020-04-02\\\/entlassungswelle-droht-bei-kmu\\\/#breadcrumb\",\"itemListElement\":[{\"@type\":\"ListItem\",\"position\":1,\"name\":\"Home\",\"item\":\"https:\\\/\\\/www.organisator.ch\\\/\"},{\"@type\":\"ListItem\",\"position\":2,\"name\":\"Entlassungswelle droht bei KMU\"}]},{\"@type\":\"WebSite\",\"@id\":\"https:\\\/\\\/www.organisator.ch\\\/#website\",\"url\":\"https:\\\/\\\/www.organisator.ch\\\/\",\"name\":\"Organisator\",\"description\":\"Kompetent. Praxisnah. Der ORGANISATOR bereitet in 10 Ausgaben pro Jahr die wesentlichen Themen f\u00fcr F\u00fchrungskr\u00e4fte von KMU auf.\",\"publisher\":{\"@id\":\"https:\\\/\\\/www.organisator.ch\\\/#organization\"},\"potentialAction\":[{\"@type\":\"SearchAction\",\"target\":{\"@type\":\"EntryPoint\",\"urlTemplate\":\"https:\\\/\\\/www.organisator.ch\\\/?s={search_term_string}\"},\"query-input\":{\"@type\":\"PropertyValueSpecification\",\"valueRequired\":true,\"valueName\":\"search_term_string\"}}],\"inLanguage\":\"fr-FR\"},{\"@type\":\"Organization\",\"@id\":\"https:\\\/\\\/www.organisator.ch\\\/#organization\",\"name\":\"Organisator\",\"url\":\"https:\\\/\\\/www.organisator.ch\\\/\",\"logo\":{\"@type\":\"ImageObject\",\"inLanguage\":\"fr-FR\",\"@id\":\"https:\\\/\\\/www.organisator.ch\\\/#\\\/schema\\\/logo\\\/image\\\/\",\"url\":\"https:\\\/\\\/www.organisator.ch\\\/wp-content\\\/uploads\\\/2022\\\/01\\\/Logo_Organisator_Website.png\",\"contentUrl\":\"https:\\\/\\\/www.organisator.ch\\\/wp-content\\\/uploads\\\/2022\\\/01\\\/Logo_Organisator_Website.png\",\"width\":800,\"height\":77,\"caption\":\"Organisator\"},\"image\":{\"@id\":\"https:\\\/\\\/www.organisator.ch\\\/#\\\/schema\\\/logo\\\/image\\\/\"},\"sameAs\":[\"https:\\\/\\\/www.facebook.com\\\/OrganisatorFachmagazin\",\"https:\\\/\\\/www.linkedin.com\\\/showcase\\\/organisator-das-magazin-fr-kmu\",\"https:\\\/\\\/www.xing.com\\\/news\\\/pages\\\/organisator-ch-695\",\"https:\\\/\\\/www.youtube.com\\\/channel\\\/UCGP2Sq0iWaZwT3BdIAQFYpw\"]},{\"@type\":\"Person\",\"@id\":\"https:\\\/\\\/www.organisator.ch\\\/#\\\/schema\\\/person\\\/6f650f90b2842cd4c0cc334b4e36f67e\",\"name\":\"thomas.berner\",\"image\":{\"@type\":\"ImageObject\",\"inLanguage\":\"fr-FR\",\"@id\":\"https:\\\/\\\/secure.gravatar.com\\\/avatar\\\/ac5001d2a36cb6c6cd3e50789007ffca834b477b74a2144564522e944eabff61?s=96&d=mm&r=g\",\"url\":\"https:\\\/\\\/secure.gravatar.com\\\/avatar\\\/ac5001d2a36cb6c6cd3e50789007ffca834b477b74a2144564522e944eabff61?s=96&d=mm&r=g\",\"contentUrl\":\"https:\\\/\\\/secure.gravatar.com\\\/avatar\\\/ac5001d2a36cb6c6cd3e50789007ffca834b477b74a2144564522e944eabff61?s=96&d=mm&r=g\",\"caption\":\"thomas.berner\"},\"url\":\"https:\\\/\\\/www.organisator.ch\\\/fr\\\/author\\\/thomas-berner\\\/\"}]}<\/script>\n<!-- \/ Yoast SEO plugin. -->","yoast_head_json":{"title":"Une vague de licenciements menace les PME - Organisateur","description":"Une enqu\u00eate aupr\u00e8s des PME permet de se faire une id\u00e9e de leur situation actuelle. Et pour beaucoup d'entre elles, celle-ci est loin d'\u00eatre bonne. Une vague de licenciements menace-t-elle ?","robots":{"index":"index","follow":"follow","max-snippet":"max-snippet:-1","max-image-preview":"max-image-preview:large","max-video-preview":"max-video-preview:-1"},"canonical":"https:\/\/www.organisator.ch\/fr\/general\/2020-04-02\/entlassungswelle-droht-bei-kmu\/","og_locale":"fr_FR","og_type":"article","og_title":"Entlassungswelle droht bei KMU","og_description":"Eine Umfrage bei KMU gibt Aufschluss \u00fcber ihre aktuelle Situation. Und diese ist bei vielen alles andere als gut. Droht gar eine Entlassungswelle?","og_url":"https:\/\/www.organisator.ch\/fr\/general\/2020-04-02\/entlassungswelle-droht-bei-kmu\/","og_site_name":"Organisator","article_publisher":"https:\/\/www.facebook.com\/OrganisatorFachmagazin","article_published_time":"2020-04-02T09:23:19+00:00","og_image":[{"width":680,"height":453,"url":"https:\/\/www.organisator.ch\/wp-content\/uploads\/2020\/04\/Entlassungswelle-droht-bei-KMU_Organisator.jpg","type":"image\/jpeg"}],"author":"thomas.berner","twitter_card":"summary_large_image","twitter_title":"#Entlassungswelle droht bei KMU","twitter_description":"Eine #Umfrage bei #KMU gibt Aufschluss \u00fcber ihre aktuelle Situation. Und diese ist bei vielen alles andere als gut. Droht gar eine #Entlassungswelle?","twitter_image":"https:\/\/www.organisator.ch\/wp-content\/uploads\/2020\/04\/Entlassungswelle-droht-bei-KMU_Organisator.jpg","schema":{"@context":"https:\/\/schema.org","@graph":[{"@type":"Article","@id":"https:\/\/www.organisator.ch\/en\/general\/2020-04-02\/entlassungswelle-droht-bei-kmu\/#article","isPartOf":{"@id":"https:\/\/www.organisator.ch\/en\/general\/2020-04-02\/entlassungswelle-droht-bei-kmu\/"},"author":{"name":"thomas.berner","@id":"https:\/\/www.organisator.ch\/#\/schema\/person\/6f650f90b2842cd4c0cc334b4e36f67e"},"headline":"Entlassungswelle droht bei KMU","datePublished":"2020-04-02T09:23:19+00:00","mainEntityOfPage":{"@id":"https:\/\/www.organisator.ch\/en\/general\/2020-04-02\/entlassungswelle-droht-bei-kmu\/"},"wordCount":371,"publisher":{"@id":"https:\/\/www.organisator.ch\/#organization"},"image":{"@id":"https:\/\/www.organisator.ch\/en\/general\/2020-04-02\/entlassungswelle-droht-bei-kmu\/#primaryimage"},"thumbnailUrl":"https:\/\/www.organisator.ch\/wp-content\/uploads\/2020\/04\/Entlassungswelle-droht-bei-KMU_Organisator.jpg","keywords":["Coronavirus","Umfrage","Unternehmen","Wirtschaftspolitik"],"articleSection":["Allgemein"],"inLanguage":"fr-FR"},{"@type":"WebPage","@id":"https:\/\/www.organisator.ch\/en\/general\/2020-04-02\/entlassungswelle-droht-bei-kmu\/","url":"https:\/\/www.organisator.ch\/en\/general\/2020-04-02\/entlassungswelle-droht-bei-kmu\/","name":"Une vague de licenciements menace les PME - Organisateur","isPartOf":{"@id":"https:\/\/www.organisator.ch\/#website"},"primaryImageOfPage":{"@id":"https:\/\/www.organisator.ch\/en\/general\/2020-04-02\/entlassungswelle-droht-bei-kmu\/#primaryimage"},"image":{"@id":"https:\/\/www.organisator.ch\/en\/general\/2020-04-02\/entlassungswelle-droht-bei-kmu\/#primaryimage"},"thumbnailUrl":"https:\/\/www.organisator.ch\/wp-content\/uploads\/2020\/04\/Entlassungswelle-droht-bei-KMU_Organisator.jpg","datePublished":"2020-04-02T09:23:19+00:00","description":"Une enqu\u00eate aupr\u00e8s des PME permet de se faire une id\u00e9e de leur situation actuelle. Et pour beaucoup d'entre elles, celle-ci est loin d'\u00eatre bonne. Une vague de licenciements menace-t-elle ?","breadcrumb":{"@id":"https:\/\/www.organisator.ch\/en\/general\/2020-04-02\/entlassungswelle-droht-bei-kmu\/#breadcrumb"},"inLanguage":"fr-FR","potentialAction":[{"@type":"ReadAction","target":["https:\/\/www.organisator.ch\/en\/general\/2020-04-02\/entlassungswelle-droht-bei-kmu\/"]}]},{"@type":"ImageObject","inLanguage":"fr-FR","@id":"https:\/\/www.organisator.ch\/en\/general\/2020-04-02\/entlassungswelle-droht-bei-kmu\/#primaryimage","url":"https:\/\/www.organisator.ch\/wp-content\/uploads\/2020\/04\/Entlassungswelle-droht-bei-KMU_Organisator.jpg","contentUrl":"https:\/\/www.organisator.ch\/wp-content\/uploads\/2020\/04\/Entlassungswelle-droht-bei-KMU_Organisator.jpg","width":680,"height":453,"caption":"D\u00fcstere Aussichten f\u00fcr KMU: Droht eine Konkurs- und Entlassungswelle? (Bild: Pixabay.com)"},{"@type":"BreadcrumbList","@id":"https:\/\/www.organisator.ch\/en\/general\/2020-04-02\/entlassungswelle-droht-bei-kmu\/#breadcrumb","itemListElement":[{"@type":"ListItem","position":1,"name":"Home","item":"https:\/\/www.organisator.ch\/"},{"@type":"ListItem","position":2,"name":"Entlassungswelle droht bei KMU"}]},{"@type":"WebSite","@id":"https:\/\/www.organisator.ch\/#website","url":"https:\/\/www.organisator.ch\/","name":"Organisateur","description":"Comp\u00e9tence et comp\u00e9tence. Proches de la pratique. L'ORGANISATEUR pr\u00e9pare 10 num\u00e9ros par an sur les th\u00e8mes essentiels pour les dirigeants de PME.","publisher":{"@id":"https:\/\/www.organisator.ch\/#organization"},"potentialAction":[{"@type":"SearchAction","target":{"@type":"EntryPoint","urlTemplate":"https:\/\/www.organisator.ch\/?s={search_term_string}"},"query-input":{"@type":"PropertyValueSpecification","valueRequired":true,"valueName":"search_term_string"}}],"inLanguage":"fr-FR"},{"@type":"Organization","@id":"https:\/\/www.organisator.ch\/#organization","name":"Organisateur","url":"https:\/\/www.organisator.ch\/","logo":{"@type":"ImageObject","inLanguage":"fr-FR","@id":"https:\/\/www.organisator.ch\/#\/schema\/logo\/image\/","url":"https:\/\/www.organisator.ch\/wp-content\/uploads\/2022\/01\/Logo_Organisator_Website.png","contentUrl":"https:\/\/www.organisator.ch\/wp-content\/uploads\/2022\/01\/Logo_Organisator_Website.png","width":800,"height":77,"caption":"Organisator"},"image":{"@id":"https:\/\/www.organisator.ch\/#\/schema\/logo\/image\/"},"sameAs":["https:\/\/www.facebook.com\/OrganisatorFachmagazin","https:\/\/www.linkedin.com\/showcase\/organisator-das-magazin-fr-kmu","https:\/\/www.xing.com\/news\/pages\/organisator-ch-695","https:\/\/www.youtube.com\/channel\/UCGP2Sq0iWaZwT3BdIAQFYpw"]},{"@type":"Person","@id":"https:\/\/www.organisator.ch\/#\/schema\/person\/6f650f90b2842cd4c0cc334b4e36f67e","name":"thomas.berner","image":{"@type":"ImageObject","inLanguage":"fr-FR","@id":"https:\/\/secure.gravatar.com\/avatar\/ac5001d2a36cb6c6cd3e50789007ffca834b477b74a2144564522e944eabff61?s=96&d=mm&r=g","url":"https:\/\/secure.gravatar.com\/avatar\/ac5001d2a36cb6c6cd3e50789007ffca834b477b74a2144564522e944eabff61?s=96&d=mm&r=g","contentUrl":"https:\/\/secure.gravatar.com\/avatar\/ac5001d2a36cb6c6cd3e50789007ffca834b477b74a2144564522e944eabff61?s=96&d=mm&r=g","caption":"thomas.berner"},"url":"https:\/\/www.organisator.ch\/fr\/author\/thomas-berner\/"}]}},"_links":{"self":[{"href":"https:\/\/www.organisator.ch\/fr\/wp-json\/wp\/v2\/posts\/6548","targetHints":{"allow":["GET"]}}],"collection":[{"href":"https:\/\/www.organisator.ch\/fr\/wp-json\/wp\/v2\/posts"}],"about":[{"href":"https:\/\/www.organisator.ch\/fr\/wp-json\/wp\/v2\/types\/post"}],"author":[{"embeddable":true,"href":"https:\/\/www.organisator.ch\/fr\/wp-json\/wp\/v2\/users\/4"}],"replies":[{"embeddable":true,"href":"https:\/\/www.organisator.ch\/fr\/wp-json\/wp\/v2\/comments?post=6548"}],"version-history":[{"count":0,"href":"https:\/\/www.organisator.ch\/fr\/wp-json\/wp\/v2\/posts\/6548\/revisions"}],"wp:featuredmedia":[{"embeddable":true,"href":"https:\/\/www.organisator.ch\/fr\/wp-json\/wp\/v2\/media\/6550"}],"wp:attachment":[{"href":"https:\/\/www.organisator.ch\/fr\/wp-json\/wp\/v2\/media?parent=6548"}],"wp:term":[{"taxonomy":"category","embeddable":true,"href":"https:\/\/www.organisator.ch\/fr\/wp-json\/wp\/v2\/categories?post=6548"},{"taxonomy":"post_tag","embeddable":true,"href":"https:\/\/www.organisator.ch\/fr\/wp-json\/wp\/v2\/tags?post=6548"}],"curies":[{"name":"wp","href":"https:\/\/api.w.org\/{rel}","templated":true}]}}