{"id":6552,"date":"2020-04-03T07:57:50","date_gmt":"2020-04-03T05:57:50","guid":{"rendered":"https:\/\/www.organisator.ch\/?p=6552"},"modified":"2020-04-03T07:57:50","modified_gmt":"2020-04-03T05:57:50","slug":"schweizer-cfos-wegen-covid-19-im-globalen-vergleich-weniger-pessimistisch","status":"publish","type":"post","link":"https:\/\/www.organisator.ch\/fr\/management\/finanzen_recht\/2020-04-03\/schweizer-cfos-wegen-covid-19-im-globalen-vergleich-weniger-pessimistisch\/","title":{"rendered":"Les CFO suisses moins pessimistes en comparaison mondiale \u00e0 cause de Covid-19"},"content":{"rendered":"<figure id=\"attachment_6554\" aria-describedby=\"caption-attachment-6554\" style=\"width: 680px\" class=\"wp-caption alignnone\"><img loading=\"lazy\" decoding=\"async\" class=\"size-medium wp-image-6554\" src=\"https:\/\/www.organisator.ch\/wp-content\/uploads\/2020\/04\/Schweizer-CFOs-wegen-Covid-19-im-globalen-Vergleich-weniger-pessimistisch_Organisator.jpg\" alt=\"\" width=\"680\" height=\"453\" srcset=\"https:\/\/www.organisator.ch\/wp-content\/uploads\/2020\/04\/Schweizer-CFOs-wegen-Covid-19-im-globalen-Vergleich-weniger-pessimistisch_Organisator.jpg 680w, https:\/\/www.organisator.ch\/wp-content\/uploads\/2020\/04\/Schweizer-CFOs-wegen-Covid-19-im-globalen-Vergleich-weniger-pessimistisch_Organisator-16x12.jpg 16w, https:\/\/www.organisator.ch\/wp-content\/uploads\/2020\/04\/Schweizer-CFOs-wegen-Covid-19-im-globalen-Vergleich-weniger-pessimistisch_Organisator-263x175.jpg 263w, https:\/\/www.organisator.ch\/wp-content\/uploads\/2020\/04\/Schweizer-CFOs-wegen-Covid-19-im-globalen-Vergleich-weniger-pessimistisch_Organisator-525x350.jpg 525w, https:\/\/www.organisator.ch\/wp-content\/uploads\/2020\/04\/Schweizer-CFOs-wegen-Covid-19-im-globalen-Vergleich-weniger-pessimistisch_Organisator-300x200.jpg 300w\" sizes=\"auto, (max-width: 680px) 100vw, 680px\" \/><figcaption id=\"caption-attachment-6554\" class=\"wp-caption-text\">Les CFO suisses sont certes tr\u00e8s inquiets pour l'\u00e9conomie en raison de Covid-19, mais ils ne sont pas aussi pessimistes en ce qui concerne la reprise en comparaison avec le reste du monde. (Image : Pixabay.com)<\/figcaption><\/figure>\n<p>Dans le cadre d'une initiative globale, PwC Suisse suit la r\u00e9action des directeurs financiers \u00e0 l'\u00e9pid\u00e9mie de COVID-19 en menant toutes les deux semaines une enqu\u00eate aupr\u00e8s des directeurs financiers des plus grandes entreprises suisses de diff\u00e9rents secteurs. Ce sondage a \u00e9t\u00e9 r\u00e9alis\u00e9 dans la semaine du 23 mars et se base sur les r\u00e9ponses des directeurs financiers de grandes, petites et moyennes entreprises suisses.<\/p>\n<h2>Grande inqui\u00e9tude des CFO suisses<\/h2>\n<p>Bien que COVID-19 n'ait pas encore atteint son pic, trois quarts des personnes interrog\u00e9es en Suisse indiquent que l'\u00e9pid\u00e9mie a un potentiel d'impact significatif sur leurs activit\u00e9s. Seule une minorit\u00e9 des personnes interrog\u00e9es per\u00e7oit les effets de la pand\u00e9mie comme \u00e9tant limit\u00e9s \u00e0 certaines r\u00e9gions de leur entreprise ou comme un d\u00e9fi isol\u00e9 sans grande influence sur les affaires. Une proportion importante (75 %) des directeurs financiers suisses s'attend \u00e0 ce que les effets de COVID-19 aient un impact n\u00e9gatif sur leurs revenus et\/ou leurs b\u00e9n\u00e9fices. 15 pour cent des personnes interrog\u00e9es indiquent avoir des difficult\u00e9s \u00e0 \u00e9valuer l'impact de COVID-19 sur les recettes. Ceci en raison des nouvelles informations et d\u00e9couvertes quotidiennes sur COVID-19.<\/p>\n<h2>Ma\u00eetrise des co\u00fbts et gel des investissements<\/h2>\n<p>Les principales mesures d\u00e9j\u00e0 prises par les entreprises suisses en r\u00e9action \u00e0 COVID-19 sont les mesures de ma\u00eetrise des co\u00fbts, le report ou l'annulation des investissements pr\u00e9vus et les modifications des plans de financement.<\/p>\n<p>Interrog\u00e9s sur les perspectives du mois d'avril, les directeurs financiers en Suisse ont cit\u00e9 les changements de personnel dus \u00e0 une faible demande (cong\u00e9s temporaires) et la s\u00e9paration des collaborateurs (licenciements) comme les \u00e9v\u00e9nements n\u00e9gatifs les plus probables. Comme les entreprises se concentrent sur la protection de leurs liquidit\u00e9s, elles reportent actuellement diff\u00e9rents types d'investissements, l'informatique, l'exploitation, la main-d'\u0153uvre et les installations \u00e9tant les plus souvent mentionn\u00e9s. \u00c9tant donn\u00e9 que l'impact \u00e9conomique total de COVID-19 est encore difficile \u00e0 \u00e9valuer, seules 20 % des entreprises envisagent des changements dans leur cha\u00eene d'approvisionnement et n'ont mis en \u0153uvre que des mesures \u00e0 court terme. A long terme, les entreprises devraient davantage r\u00e9adapter leur cha\u00eene d'approvisionnement.<\/p>\n<h2>Retour \u00e0 la normale en moins d'un mois<\/h2>\n<p>La \"question cardinale\" a \u00e9galement \u00e9t\u00e9 pos\u00e9e : combien de temps faudrait-il pour que tout se r\u00e9tablisse si l'\u00e9pid\u00e9mie s'arr\u00eatait imm\u00e9diatement ? L\u00e0 encore, les CFO suisses sont nettement plus optimistes que leurs homologues mondiaux : 65 % affirment que leurs affaires reviendraient \u00e0 la normale en moins d'un mois, et 25 % suppl\u00e9mentaires tablent sur une p\u00e9riode de un \u00e0 trois mois. Les opinions globales sont un peu plus pessimistes - la majorit\u00e9 absolue pense que leurs affaires se normaliseraient \u00e0 nouveau dans un \u00e0 trois mois.<\/p>\n<p><em>Source : <a href=\"http:\/\/www.pwc.ch\">PwC<\/a><\/em><\/p>","protected":false},"excerpt":{"rendered":"<p>Im Rahmen einer globalen Initiative verfolgt PwC Schweiz die Reaktion der Finanzchefs auf den Ausbruch von COVID-19, indem sie alle zwei Wochen eine Umfrage mit den CFOs der gr\u00f6ssten Schweizer Unternehmen aus verschiedenen Branchen durchf\u00fchrt. Diese Umfrage wurde in der Woche vom 23. M\u00e4rz durchgef\u00fchrt und basiert auf den Antworten von CFOs grosser, kleineren und [&hellip;]<\/p>\n","protected":false},"author":4,"featured_media":6554,"comment_status":"closed","ping_status":"closed","sticky":false,"template":"","format":"standard","meta":{"_acf_changed":false,"_yoast_wpseo_focuskw":"Schweizer CFOs","_yoast_wpseo_metadesc":"Eine Umfrage zeigt, welche Auswirkungen Finanzchefs von Covid-19 erwarten. Schweizer CFOs sind dabei deutlich weniger pessimistisch als globale Kollegen.","articlekey":"","footnotes":""},"categories":[24],"tags":[132,202,335,531],"class_list":["post-6552","post","type-post","status-publish","format-standard","has-post-thumbnail","hentry","category-finanzen_recht","tag-coronavirus","tag-finanzenrecht","tag-management-und-unternehmensfuehrung","tag-wirtschaftspolitik"],"acf":[],"yoast_head":"<!-- This site is optimized with the Yoast SEO plugin v27.5 - https:\/\/yoast.com\/product\/yoast-seo-wordpress\/ -->\n<title>Schweizer CFOs wegen Covid-19 im globalen Vergleich weniger pessimistisch - Organisator<\/title>\n<meta name=\"description\" content=\"Eine Umfrage zeigt, welche Auswirkungen Finanzchefs von Covid-19 erwarten. Schweizer CFOs sind dabei deutlich weniger pessimistisch als globale Kollegen.\" \/>\n<meta name=\"robots\" content=\"index, follow, max-snippet:-1, max-image-preview:large, max-video-preview:-1\" \/>\n<link rel=\"canonical\" href=\"https:\/\/www.organisator.ch\/fr\/gestion-2\/finanzen_recht\/2020-04-03\/schweizer-cfos-wegen-covid-19-im-globalen-vergleich-weniger-pessimistisch\/\" \/>\n<meta property=\"og:locale\" content=\"fr_FR\" \/>\n<meta property=\"og:type\" content=\"article\" \/>\n<meta property=\"og:title\" content=\"Schweizer CFOs wegen Covid-19 im globalen Vergleich weniger pessimistisch\" \/>\n<meta property=\"og:description\" content=\"Eine Umfrage zeigt, welche Auswirkungen Finanzchefs von Covid-19 erwarten. Schweizer CFOs sind dabei deutlich weniger pessimistisch als globale Kollegen.\" \/>\n<meta property=\"og:url\" content=\"https:\/\/www.organisator.ch\/fr\/gestion-2\/finanzen_recht\/2020-04-03\/schweizer-cfos-wegen-covid-19-im-globalen-vergleich-weniger-pessimistisch\/\" \/>\n<meta property=\"og:site_name\" content=\"Organisator\" \/>\n<meta property=\"article:publisher\" content=\"https:\/\/www.facebook.com\/OrganisatorFachmagazin\" \/>\n<meta property=\"article:published_time\" content=\"2020-04-03T05:57:50+00:00\" \/>\n<meta property=\"og:image\" content=\"https:\/\/www.organisator.ch\/wp-content\/uploads\/2020\/04\/Schweizer-CFOs-wegen-Covid-19-im-globalen-Vergleich-weniger-pessimistisch_Organisator.jpg\" \/>\n\t<meta property=\"og:image:width\" content=\"680\" \/>\n\t<meta property=\"og:image:height\" content=\"453\" \/>\n\t<meta property=\"og:image:type\" content=\"image\/jpeg\" \/>\n<meta name=\"author\" content=\"thomas.berner\" \/>\n<meta name=\"twitter:card\" content=\"summary_large_image\" \/>\n<meta name=\"twitter:title\" content=\"Schweizer #CFOs wegen #Covid-19 im globalen Vergleich weniger pessimistisch\" \/>\n<meta name=\"twitter:description\" content=\"Eine Umfrage zeigt, welche Auswirkungen Finanzchefs von #Covid-19 erwarten. Schweizer #CFOs sind dabei deutlich weniger pessimistisch als globale Kollegen.\" \/>\n<meta name=\"twitter:image\" content=\"https:\/\/www.organisator.ch\/wp-content\/uploads\/2020\/04\/Schweizer-CFOs-wegen-Covid-19-im-globalen-Vergleich-weniger-pessimistisch_Organisator.jpg\" \/>\n<script type=\"application\/ld+json\" class=\"yoast-schema-graph\">{\"@context\":\"https:\\\/\\\/schema.org\",\"@graph\":[{\"@type\":\"Article\",\"@id\":\"https:\\\/\\\/www.organisator.ch\\\/management\\\/finanzen_recht\\\/2020-04-03\\\/schweizer-cfos-wegen-covid-19-im-globalen-vergleich-weniger-pessimistisch\\\/#article\",\"isPartOf\":{\"@id\":\"https:\\\/\\\/www.organisator.ch\\\/management\\\/finanzen_recht\\\/2020-04-03\\\/schweizer-cfos-wegen-covid-19-im-globalen-vergleich-weniger-pessimistisch\\\/\"},\"author\":{\"name\":\"thomas.berner\",\"@id\":\"https:\\\/\\\/www.organisator.ch\\\/#\\\/schema\\\/person\\\/6f650f90b2842cd4c0cc334b4e36f67e\"},\"headline\":\"Schweizer CFOs wegen Covid-19 im globalen Vergleich weniger pessimistisch\",\"datePublished\":\"2020-04-03T05:57:50+00:00\",\"mainEntityOfPage\":{\"@id\":\"https:\\\/\\\/www.organisator.ch\\\/management\\\/finanzen_recht\\\/2020-04-03\\\/schweizer-cfos-wegen-covid-19-im-globalen-vergleich-weniger-pessimistisch\\\/\"},\"wordCount\":452,\"publisher\":{\"@id\":\"https:\\\/\\\/www.organisator.ch\\\/#organization\"},\"image\":{\"@id\":\"https:\\\/\\\/www.organisator.ch\\\/management\\\/finanzen_recht\\\/2020-04-03\\\/schweizer-cfos-wegen-covid-19-im-globalen-vergleich-weniger-pessimistisch\\\/#primaryimage\"},\"thumbnailUrl\":\"https:\\\/\\\/www.organisator.ch\\\/wp-content\\\/uploads\\\/2020\\\/04\\\/Schweizer-CFOs-wegen-Covid-19-im-globalen-Vergleich-weniger-pessimistisch_Organisator.jpg\",\"keywords\":[\"Coronavirus\",\"Finanzen\\\/Recht\",\"Management und Unternehmensf\u00fchrung\",\"Wirtschaftspolitik\"],\"articleSection\":[\"FINANZEN\\\/RECHT\"],\"inLanguage\":\"fr-FR\"},{\"@type\":\"WebPage\",\"@id\":\"https:\\\/\\\/www.organisator.ch\\\/management\\\/finanzen_recht\\\/2020-04-03\\\/schweizer-cfos-wegen-covid-19-im-globalen-vergleich-weniger-pessimistisch\\\/\",\"url\":\"https:\\\/\\\/www.organisator.ch\\\/management\\\/finanzen_recht\\\/2020-04-03\\\/schweizer-cfos-wegen-covid-19-im-globalen-vergleich-weniger-pessimistisch\\\/\",\"name\":\"Schweizer CFOs wegen Covid-19 im globalen Vergleich weniger pessimistisch - Organisator\",\"isPartOf\":{\"@id\":\"https:\\\/\\\/www.organisator.ch\\\/#website\"},\"primaryImageOfPage\":{\"@id\":\"https:\\\/\\\/www.organisator.ch\\\/management\\\/finanzen_recht\\\/2020-04-03\\\/schweizer-cfos-wegen-covid-19-im-globalen-vergleich-weniger-pessimistisch\\\/#primaryimage\"},\"image\":{\"@id\":\"https:\\\/\\\/www.organisator.ch\\\/management\\\/finanzen_recht\\\/2020-04-03\\\/schweizer-cfos-wegen-covid-19-im-globalen-vergleich-weniger-pessimistisch\\\/#primaryimage\"},\"thumbnailUrl\":\"https:\\\/\\\/www.organisator.ch\\\/wp-content\\\/uploads\\\/2020\\\/04\\\/Schweizer-CFOs-wegen-Covid-19-im-globalen-Vergleich-weniger-pessimistisch_Organisator.jpg\",\"datePublished\":\"2020-04-03T05:57:50+00:00\",\"description\":\"Eine Umfrage zeigt, welche Auswirkungen Finanzchefs von Covid-19 erwarten. Schweizer CFOs sind dabei deutlich weniger pessimistisch als globale Kollegen.\",\"breadcrumb\":{\"@id\":\"https:\\\/\\\/www.organisator.ch\\\/management\\\/finanzen_recht\\\/2020-04-03\\\/schweizer-cfos-wegen-covid-19-im-globalen-vergleich-weniger-pessimistisch\\\/#breadcrumb\"},\"inLanguage\":\"fr-FR\",\"potentialAction\":[{\"@type\":\"ReadAction\",\"target\":[\"https:\\\/\\\/www.organisator.ch\\\/management\\\/finanzen_recht\\\/2020-04-03\\\/schweizer-cfos-wegen-covid-19-im-globalen-vergleich-weniger-pessimistisch\\\/\"]}]},{\"@type\":\"ImageObject\",\"inLanguage\":\"fr-FR\",\"@id\":\"https:\\\/\\\/www.organisator.ch\\\/management\\\/finanzen_recht\\\/2020-04-03\\\/schweizer-cfos-wegen-covid-19-im-globalen-vergleich-weniger-pessimistisch\\\/#primaryimage\",\"url\":\"https:\\\/\\\/www.organisator.ch\\\/wp-content\\\/uploads\\\/2020\\\/04\\\/Schweizer-CFOs-wegen-Covid-19-im-globalen-Vergleich-weniger-pessimistisch_Organisator.jpg\",\"contentUrl\":\"https:\\\/\\\/www.organisator.ch\\\/wp-content\\\/uploads\\\/2020\\\/04\\\/Schweizer-CFOs-wegen-Covid-19-im-globalen-Vergleich-weniger-pessimistisch_Organisator.jpg\",\"width\":680,\"height\":453,\"caption\":\"Schweizer CFOs machen sich wegen Covid-19 zwar grosse Sorgen, sind aber bez\u00fcglich Erholung im globalen Vergleich nicht so pessimistisch. (Bild: Pixabay.com)\"},{\"@type\":\"BreadcrumbList\",\"@id\":\"https:\\\/\\\/www.organisator.ch\\\/management\\\/finanzen_recht\\\/2020-04-03\\\/schweizer-cfos-wegen-covid-19-im-globalen-vergleich-weniger-pessimistisch\\\/#breadcrumb\",\"itemListElement\":[{\"@type\":\"ListItem\",\"position\":1,\"name\":\"Home\",\"item\":\"https:\\\/\\\/www.organisator.ch\\\/\"},{\"@type\":\"ListItem\",\"position\":2,\"name\":\"Schweizer CFOs wegen Covid-19 im globalen Vergleich weniger pessimistisch\"}]},{\"@type\":\"WebSite\",\"@id\":\"https:\\\/\\\/www.organisator.ch\\\/#website\",\"url\":\"https:\\\/\\\/www.organisator.ch\\\/\",\"name\":\"Organisator\",\"description\":\"Kompetent. Praxisnah. Der ORGANISATOR bereitet in 10 Ausgaben pro Jahr die wesentlichen Themen f\u00fcr F\u00fchrungskr\u00e4fte von KMU auf.\",\"publisher\":{\"@id\":\"https:\\\/\\\/www.organisator.ch\\\/#organization\"},\"potentialAction\":[{\"@type\":\"SearchAction\",\"target\":{\"@type\":\"EntryPoint\",\"urlTemplate\":\"https:\\\/\\\/www.organisator.ch\\\/?s={search_term_string}\"},\"query-input\":{\"@type\":\"PropertyValueSpecification\",\"valueRequired\":true,\"valueName\":\"search_term_string\"}}],\"inLanguage\":\"fr-FR\"},{\"@type\":\"Organization\",\"@id\":\"https:\\\/\\\/www.organisator.ch\\\/#organization\",\"name\":\"Organisator\",\"url\":\"https:\\\/\\\/www.organisator.ch\\\/\",\"logo\":{\"@type\":\"ImageObject\",\"inLanguage\":\"fr-FR\",\"@id\":\"https:\\\/\\\/www.organisator.ch\\\/#\\\/schema\\\/logo\\\/image\\\/\",\"url\":\"https:\\\/\\\/www.organisator.ch\\\/wp-content\\\/uploads\\\/2022\\\/01\\\/Logo_Organisator_Website.png\",\"contentUrl\":\"https:\\\/\\\/www.organisator.ch\\\/wp-content\\\/uploads\\\/2022\\\/01\\\/Logo_Organisator_Website.png\",\"width\":800,\"height\":77,\"caption\":\"Organisator\"},\"image\":{\"@id\":\"https:\\\/\\\/www.organisator.ch\\\/#\\\/schema\\\/logo\\\/image\\\/\"},\"sameAs\":[\"https:\\\/\\\/www.facebook.com\\\/OrganisatorFachmagazin\",\"https:\\\/\\\/www.linkedin.com\\\/showcase\\\/organisator-das-magazin-fr-kmu\",\"https:\\\/\\\/www.xing.com\\\/news\\\/pages\\\/organisator-ch-695\",\"https:\\\/\\\/www.youtube.com\\\/channel\\\/UCGP2Sq0iWaZwT3BdIAQFYpw\"]},{\"@type\":\"Person\",\"@id\":\"https:\\\/\\\/www.organisator.ch\\\/#\\\/schema\\\/person\\\/6f650f90b2842cd4c0cc334b4e36f67e\",\"name\":\"thomas.berner\",\"image\":{\"@type\":\"ImageObject\",\"inLanguage\":\"fr-FR\",\"@id\":\"https:\\\/\\\/secure.gravatar.com\\\/avatar\\\/ac5001d2a36cb6c6cd3e50789007ffca834b477b74a2144564522e944eabff61?s=96&d=mm&r=g\",\"url\":\"https:\\\/\\\/secure.gravatar.com\\\/avatar\\\/ac5001d2a36cb6c6cd3e50789007ffca834b477b74a2144564522e944eabff61?s=96&d=mm&r=g\",\"contentUrl\":\"https:\\\/\\\/secure.gravatar.com\\\/avatar\\\/ac5001d2a36cb6c6cd3e50789007ffca834b477b74a2144564522e944eabff61?s=96&d=mm&r=g\",\"caption\":\"thomas.berner\"},\"url\":\"https:\\\/\\\/www.organisator.ch\\\/fr\\\/author\\\/thomas-berner\\\/\"}]}<\/script>\n<!-- \/ Yoast SEO plugin. -->","yoast_head_json":{"title":"Les CFO suisses moins pessimistes en comparaison mondiale \u00e0 cause de Covid-19 - Organisateur","description":"Une enqu\u00eate montre l'impact que les directeurs financiers attendent de Covid-19. Les directeurs financiers suisses sont nettement moins pessimistes que leurs homologues mondiaux.","robots":{"index":"index","follow":"follow","max-snippet":"max-snippet:-1","max-image-preview":"max-image-preview:large","max-video-preview":"max-video-preview:-1"},"canonical":"https:\/\/www.organisator.ch\/fr\/gestion-2\/finanzen_recht\/2020-04-03\/schweizer-cfos-wegen-covid-19-im-globalen-vergleich-weniger-pessimistisch\/","og_locale":"fr_FR","og_type":"article","og_title":"Schweizer CFOs wegen Covid-19 im globalen Vergleich weniger pessimistisch","og_description":"Eine Umfrage zeigt, welche Auswirkungen Finanzchefs von Covid-19 erwarten. Schweizer CFOs sind dabei deutlich weniger pessimistisch als globale Kollegen.","og_url":"https:\/\/www.organisator.ch\/fr\/gestion-2\/finanzen_recht\/2020-04-03\/schweizer-cfos-wegen-covid-19-im-globalen-vergleich-weniger-pessimistisch\/","og_site_name":"Organisator","article_publisher":"https:\/\/www.facebook.com\/OrganisatorFachmagazin","article_published_time":"2020-04-03T05:57:50+00:00","og_image":[{"width":680,"height":453,"url":"https:\/\/www.organisator.ch\/wp-content\/uploads\/2020\/04\/Schweizer-CFOs-wegen-Covid-19-im-globalen-Vergleich-weniger-pessimistisch_Organisator.jpg","type":"image\/jpeg"}],"author":"thomas.berner","twitter_card":"summary_large_image","twitter_title":"Schweizer #CFOs wegen #Covid-19 im globalen Vergleich weniger pessimistisch","twitter_description":"Eine Umfrage zeigt, welche Auswirkungen Finanzchefs von #Covid-19 erwarten. Schweizer #CFOs sind dabei deutlich weniger pessimistisch als globale Kollegen.","twitter_image":"https:\/\/www.organisator.ch\/wp-content\/uploads\/2020\/04\/Schweizer-CFOs-wegen-Covid-19-im-globalen-Vergleich-weniger-pessimistisch_Organisator.jpg","schema":{"@context":"https:\/\/schema.org","@graph":[{"@type":"Article","@id":"https:\/\/www.organisator.ch\/management\/finanzen_recht\/2020-04-03\/schweizer-cfos-wegen-covid-19-im-globalen-vergleich-weniger-pessimistisch\/#article","isPartOf":{"@id":"https:\/\/www.organisator.ch\/management\/finanzen_recht\/2020-04-03\/schweizer-cfos-wegen-covid-19-im-globalen-vergleich-weniger-pessimistisch\/"},"author":{"name":"thomas.berner","@id":"https:\/\/www.organisator.ch\/#\/schema\/person\/6f650f90b2842cd4c0cc334b4e36f67e"},"headline":"Schweizer CFOs wegen Covid-19 im globalen Vergleich weniger pessimistisch","datePublished":"2020-04-03T05:57:50+00:00","mainEntityOfPage":{"@id":"https:\/\/www.organisator.ch\/management\/finanzen_recht\/2020-04-03\/schweizer-cfos-wegen-covid-19-im-globalen-vergleich-weniger-pessimistisch\/"},"wordCount":452,"publisher":{"@id":"https:\/\/www.organisator.ch\/#organization"},"image":{"@id":"https:\/\/www.organisator.ch\/management\/finanzen_recht\/2020-04-03\/schweizer-cfos-wegen-covid-19-im-globalen-vergleich-weniger-pessimistisch\/#primaryimage"},"thumbnailUrl":"https:\/\/www.organisator.ch\/wp-content\/uploads\/2020\/04\/Schweizer-CFOs-wegen-Covid-19-im-globalen-Vergleich-weniger-pessimistisch_Organisator.jpg","keywords":["Coronavirus","Finanzen\/Recht","Management und Unternehmensf\u00fchrung","Wirtschaftspolitik"],"articleSection":["FINANZEN\/RECHT"],"inLanguage":"fr-FR"},{"@type":"WebPage","@id":"https:\/\/www.organisator.ch\/management\/finanzen_recht\/2020-04-03\/schweizer-cfos-wegen-covid-19-im-globalen-vergleich-weniger-pessimistisch\/","url":"https:\/\/www.organisator.ch\/management\/finanzen_recht\/2020-04-03\/schweizer-cfos-wegen-covid-19-im-globalen-vergleich-weniger-pessimistisch\/","name":"Les CFO suisses moins pessimistes en comparaison mondiale \u00e0 cause de Covid-19 - Organisateur","isPartOf":{"@id":"https:\/\/www.organisator.ch\/#website"},"primaryImageOfPage":{"@id":"https:\/\/www.organisator.ch\/management\/finanzen_recht\/2020-04-03\/schweizer-cfos-wegen-covid-19-im-globalen-vergleich-weniger-pessimistisch\/#primaryimage"},"image":{"@id":"https:\/\/www.organisator.ch\/management\/finanzen_recht\/2020-04-03\/schweizer-cfos-wegen-covid-19-im-globalen-vergleich-weniger-pessimistisch\/#primaryimage"},"thumbnailUrl":"https:\/\/www.organisator.ch\/wp-content\/uploads\/2020\/04\/Schweizer-CFOs-wegen-Covid-19-im-globalen-Vergleich-weniger-pessimistisch_Organisator.jpg","datePublished":"2020-04-03T05:57:50+00:00","description":"Une enqu\u00eate montre l'impact que les directeurs financiers attendent de Covid-19. Les directeurs financiers suisses sont nettement moins pessimistes que leurs homologues mondiaux.","breadcrumb":{"@id":"https:\/\/www.organisator.ch\/management\/finanzen_recht\/2020-04-03\/schweizer-cfos-wegen-covid-19-im-globalen-vergleich-weniger-pessimistisch\/#breadcrumb"},"inLanguage":"fr-FR","potentialAction":[{"@type":"ReadAction","target":["https:\/\/www.organisator.ch\/management\/finanzen_recht\/2020-04-03\/schweizer-cfos-wegen-covid-19-im-globalen-vergleich-weniger-pessimistisch\/"]}]},{"@type":"ImageObject","inLanguage":"fr-FR","@id":"https:\/\/www.organisator.ch\/management\/finanzen_recht\/2020-04-03\/schweizer-cfos-wegen-covid-19-im-globalen-vergleich-weniger-pessimistisch\/#primaryimage","url":"https:\/\/www.organisator.ch\/wp-content\/uploads\/2020\/04\/Schweizer-CFOs-wegen-Covid-19-im-globalen-Vergleich-weniger-pessimistisch_Organisator.jpg","contentUrl":"https:\/\/www.organisator.ch\/wp-content\/uploads\/2020\/04\/Schweizer-CFOs-wegen-Covid-19-im-globalen-Vergleich-weniger-pessimistisch_Organisator.jpg","width":680,"height":453,"caption":"Schweizer CFOs machen sich wegen Covid-19 zwar grosse Sorgen, sind aber bez\u00fcglich Erholung im globalen Vergleich nicht so pessimistisch. (Bild: Pixabay.com)"},{"@type":"BreadcrumbList","@id":"https:\/\/www.organisator.ch\/management\/finanzen_recht\/2020-04-03\/schweizer-cfos-wegen-covid-19-im-globalen-vergleich-weniger-pessimistisch\/#breadcrumb","itemListElement":[{"@type":"ListItem","position":1,"name":"Home","item":"https:\/\/www.organisator.ch\/"},{"@type":"ListItem","position":2,"name":"Schweizer CFOs wegen Covid-19 im globalen Vergleich weniger pessimistisch"}]},{"@type":"WebSite","@id":"https:\/\/www.organisator.ch\/#website","url":"https:\/\/www.organisator.ch\/","name":"Organisateur","description":"Comp\u00e9tence et comp\u00e9tence. Proches de la pratique. L'ORGANISATEUR pr\u00e9pare 10 num\u00e9ros par an sur les th\u00e8mes essentiels pour les dirigeants de PME.","publisher":{"@id":"https:\/\/www.organisator.ch\/#organization"},"potentialAction":[{"@type":"SearchAction","target":{"@type":"EntryPoint","urlTemplate":"https:\/\/www.organisator.ch\/?s={search_term_string}"},"query-input":{"@type":"PropertyValueSpecification","valueRequired":true,"valueName":"search_term_string"}}],"inLanguage":"fr-FR"},{"@type":"Organization","@id":"https:\/\/www.organisator.ch\/#organization","name":"Organisateur","url":"https:\/\/www.organisator.ch\/","logo":{"@type":"ImageObject","inLanguage":"fr-FR","@id":"https:\/\/www.organisator.ch\/#\/schema\/logo\/image\/","url":"https:\/\/www.organisator.ch\/wp-content\/uploads\/2022\/01\/Logo_Organisator_Website.png","contentUrl":"https:\/\/www.organisator.ch\/wp-content\/uploads\/2022\/01\/Logo_Organisator_Website.png","width":800,"height":77,"caption":"Organisator"},"image":{"@id":"https:\/\/www.organisator.ch\/#\/schema\/logo\/image\/"},"sameAs":["https:\/\/www.facebook.com\/OrganisatorFachmagazin","https:\/\/www.linkedin.com\/showcase\/organisator-das-magazin-fr-kmu","https:\/\/www.xing.com\/news\/pages\/organisator-ch-695","https:\/\/www.youtube.com\/channel\/UCGP2Sq0iWaZwT3BdIAQFYpw"]},{"@type":"Person","@id":"https:\/\/www.organisator.ch\/#\/schema\/person\/6f650f90b2842cd4c0cc334b4e36f67e","name":"thomas.berner","image":{"@type":"ImageObject","inLanguage":"fr-FR","@id":"https:\/\/secure.gravatar.com\/avatar\/ac5001d2a36cb6c6cd3e50789007ffca834b477b74a2144564522e944eabff61?s=96&d=mm&r=g","url":"https:\/\/secure.gravatar.com\/avatar\/ac5001d2a36cb6c6cd3e50789007ffca834b477b74a2144564522e944eabff61?s=96&d=mm&r=g","contentUrl":"https:\/\/secure.gravatar.com\/avatar\/ac5001d2a36cb6c6cd3e50789007ffca834b477b74a2144564522e944eabff61?s=96&d=mm&r=g","caption":"thomas.berner"},"url":"https:\/\/www.organisator.ch\/fr\/author\/thomas-berner\/"}]}},"_links":{"self":[{"href":"https:\/\/www.organisator.ch\/fr\/wp-json\/wp\/v2\/posts\/6552","targetHints":{"allow":["GET"]}}],"collection":[{"href":"https:\/\/www.organisator.ch\/fr\/wp-json\/wp\/v2\/posts"}],"about":[{"href":"https:\/\/www.organisator.ch\/fr\/wp-json\/wp\/v2\/types\/post"}],"author":[{"embeddable":true,"href":"https:\/\/www.organisator.ch\/fr\/wp-json\/wp\/v2\/users\/4"}],"replies":[{"embeddable":true,"href":"https:\/\/www.organisator.ch\/fr\/wp-json\/wp\/v2\/comments?post=6552"}],"version-history":[{"count":0,"href":"https:\/\/www.organisator.ch\/fr\/wp-json\/wp\/v2\/posts\/6552\/revisions"}],"wp:featuredmedia":[{"embeddable":true,"href":"https:\/\/www.organisator.ch\/fr\/wp-json\/wp\/v2\/media\/6554"}],"wp:attachment":[{"href":"https:\/\/www.organisator.ch\/fr\/wp-json\/wp\/v2\/media?parent=6552"}],"wp:term":[{"taxonomy":"category","embeddable":true,"href":"https:\/\/www.organisator.ch\/fr\/wp-json\/wp\/v2\/categories?post=6552"},{"taxonomy":"post_tag","embeddable":true,"href":"https:\/\/www.organisator.ch\/fr\/wp-json\/wp\/v2\/tags?post=6552"}],"curies":[{"name":"wp","href":"https:\/\/api.w.org\/{rel}","templated":true}]}}