{"id":6569,"date":"2020-04-07T13:30:04","date_gmt":"2020-04-07T11:30:04","guid":{"rendered":"https:\/\/www.organisator.ch\/?p=6569"},"modified":"2020-04-07T13:30:04","modified_gmt":"2020-04-07T11:30:04","slug":"verpackungshersteller-produziert-einweg-gesichtsschutz","status":"publish","type":"post","link":"https:\/\/www.organisator.ch\/fr\/allgemein\/2020-04-07\/verpackungshersteller-produziert-einweg-gesichtsschutz\/","title":{"rendered":"Un fabricant d'emballages produit des protections faciales jetables"},"content":{"rendered":"<figure id=\"attachment_6570\" aria-describedby=\"caption-attachment-6570\" style=\"width: 680px\" class=\"wp-caption alignnone\"><img loading=\"lazy\" decoding=\"async\" class=\"size-medium wp-image-6570\" src=\"https:\/\/www.organisator.ch\/wp-content\/uploads\/2020\/04\/Verpackungshersteller-produziert-Einweg-Gesichtsschutz_Organisator.jpg\" alt=\"\" width=\"680\" height=\"383\" srcset=\"https:\/\/www.organisator.ch\/wp-content\/uploads\/2020\/04\/Verpackungshersteller-produziert-Einweg-Gesichtsschutz_Organisator.jpg 680w, https:\/\/www.organisator.ch\/wp-content\/uploads\/2020\/04\/Verpackungshersteller-produziert-Einweg-Gesichtsschutz_Organisator-16x9.jpg 16w, https:\/\/www.organisator.ch\/wp-content\/uploads\/2020\/04\/Verpackungshersteller-produziert-Einweg-Gesichtsschutz_Organisator-311x175.jpg 311w, https:\/\/www.organisator.ch\/wp-content\/uploads\/2020\/04\/Verpackungshersteller-produziert-Einweg-Gesichtsschutz_Organisator-621x350.jpg 621w, https:\/\/www.organisator.ch\/wp-content\/uploads\/2020\/04\/Verpackungshersteller-produziert-Einweg-Gesichtsschutz_Organisator-300x169.jpg 300w\" sizes=\"auto, (max-width: 680px) 100vw, 680px\" \/><figcaption id=\"caption-attachment-6570\" class=\"wp-caption-text\">Ce prot\u00e8ge-visage \u00e0 usage unique ne prot\u00e8ge certes pas de la contagion, mais il retient les gouttelettes produites par les \u00e9ternuements ou la toux. (Photo : PAWI Verpackungen)<\/figcaption><\/figure>\n<p>Comme d'autres entreprises, le groupe PAWI a cr\u00e9\u00e9 une \u00e9quipe dite de pand\u00e9mie d\u00e8s le d\u00e9but de la crise du Covid-19, a adopt\u00e9 des r\u00e8gles de conduite pour prot\u00e9ger ses collaborateurs, ses clients et ses partenaires commerciaux et a mis en \u0153uvre des mesures pour assurer la production. Au m\u00eame moment, on entendait de partout dans le monde des informations selon lesquelles il y avait une p\u00e9nurie d'\u00e9quipement pour les v\u00eatements de protection, les protections buccales et faciales. En d\u00e9sespoir de cause et faute de solution ad\u00e9quate, des m\u00e9decins ont d\u00e9j\u00e0 bricol\u00e9 eux-m\u00eames une protection faciale. Cela a donn\u00e9 l'id\u00e9e \u00e0 l'\u00e9quipe d'innovation du fabricant d'emballages de d\u00e9velopper, de fabriquer et de commercialiser elle-m\u00eame un masque de protection du visage. Des esprits ing\u00e9nieux se sont imm\u00e9diatement pench\u00e9s sur la question, car les conditions techniques pour leur fabrication sont r\u00e9unies au sein du groupe PAWI.<\/p>\n<h2>Compl\u00e9ment \u00e0 un prot\u00e8ge-dents traditionnel<\/h2>\n<p>La protection faciale \u00e0 usage unique est compos\u00e9e d'un carton et d'une fen\u00eatre en PET. Apr\u00e8s utilisation, elle peut donc \u00eatre \u00e9limin\u00e9e tr\u00e8s facilement dans le cadre du tri des d\u00e9chets, comme une bo\u00eete pliante normale. Gr\u00e2ce \u00e0 la fermeture universelle du bandeau, le masque peut \u00eatre ferm\u00e9 en fonction du tour de t\u00eate de chacun. Le masque facial ne prot\u00e8ge pas de la contagion, mais il est le compl\u00e9ment id\u00e9al d'un masque traditionnel et prot\u00e8ge en outre les utilisateurs du contact direct avec ce que l'on appelle les gouttelettes lorsque d'autres personnes dans l'environnement direct doivent \u00e9ternuer ou tousser. Les h\u00f4pitaux de la r\u00e9gion ont montr\u00e9 un grand int\u00e9r\u00eat pour le prot\u00e8ge-visage jetable. PAWI ne voit pas l'utilisation du prot\u00e8ge-visage uniquement dans les h\u00f4pitaux, mais aussi dans les maisons de retraite et de soins, dans le commerce de d\u00e9tail ou dans les supermarch\u00e9s, en fait partout o\u00f9 des personnes se rencontrent et souhaitent se prot\u00e9ger davantage. Cela peut aussi \u00eatre dans l'environnement priv\u00e9.<\/p>\n<h2>Protection faciale jetable non adapt\u00e9e \u00e0 un usage m\u00e9dical<\/h2>\n<p>La protection faciale \u00e0 usage unique, telle qu'elle est fabriqu\u00e9e par PAWI, n'est pas certifi\u00e9e CE et n'est donc pas officiellement autoris\u00e9e pour les \u00e9tablissements de soins m\u00e9dicaux et les h\u00f4pitaux. Cependant, dans des situations de crise telles que la pand\u00e9mie actuelle, un tel \u00e9cran facial est certainement un moyen bienvenu de fournir une protection suppl\u00e9mentaire aux personnes particuli\u00e8rement expos\u00e9es. La production des masques de protection faciale \u00e0 usage unique a d\u00e9marr\u00e9 et ils seront bient\u00f4t disponibles.<\/p>\n<p><em>Source : <a href=\"http:\/\/www.pawi.com\">PAWI Verpackungen AG<\/a><\/em><\/p>","protected":false},"excerpt":{"rendered":"<p>Wie andere Unternehmen auch, hat die PAWI-Gruppe gleich zu Beginn der Covid-19-Krise ein sogenanntes Pandemieteam gegr\u00fcndet, Verhaltensregeln zum Schutz der Mitarbeitenden, Kunden und Gesch\u00e4ftspartner getroffen und Massnahmen zur Sicherstellung der Produktion umgesetzt. Zeitgleich h\u00f6rte man von \u00fcberall auf der Welt Meldungen, dass ein Mangel an Ausr\u00fcstung f\u00fcr Schutzkleidung, Mund- und Gesichtsschutz herrscht. Aus Verzweiflung und [&hellip;]<\/p>\n","protected":false},"author":4,"featured_media":6570,"comment_status":"closed","ping_status":"closed","sticky":false,"template":"","format":"standard","meta":{"_acf_changed":false,"_yoast_wpseo_focuskw":"Einweg-Gesichtsschutz","_yoast_wpseo_metadesc":"Der Verpackungshersteller PAWI produziert an seinen Standorten in Winterthur und Singen Verpackungen und auch einen Einweg-Gesichtsschutz.","articlekey":"","footnotes":""},"categories":[1],"tags":[77,132,393,492],"class_list":["post-6569","post","type-post","status-publish","format-standard","has-post-thumbnail","hentry","category-allgemein","tag-betriebliches-gesundheitsmanagement","tag-coronavirus","tag-produkte","tag-unternehmen"],"acf":[],"yoast_head":"<!-- This site is optimized with the Yoast SEO plugin v27.5 - https:\/\/yoast.com\/product\/yoast-seo-wordpress\/ -->\n<title>Verpackungshersteller produziert Einweg-Gesichtsschutz - Organisator<\/title>\n<meta name=\"description\" content=\"Der Verpackungshersteller PAWI produziert an seinen Standorten in Winterthur und Singen Verpackungen und auch einen Einweg-Gesichtsschutz.\" \/>\n<meta name=\"robots\" content=\"index, follow, max-snippet:-1, max-image-preview:large, max-video-preview:-1\" \/>\n<link rel=\"canonical\" href=\"https:\/\/www.organisator.ch\/fr\/general\/2020-04-07\/verpackungshersteller-produziert-einweg-gesichtsschutz\/\" \/>\n<meta property=\"og:locale\" content=\"fr_FR\" \/>\n<meta property=\"og:type\" content=\"article\" \/>\n<meta property=\"og:title\" content=\"Verpackungshersteller produziert Einweg-Gesichtsschutz\" \/>\n<meta property=\"og:description\" content=\"Der Verpackungshersteller PAWI produziert an seinen Standorten in Winterthur und Singen Verpackungen und auch einen Einweg-Gesichtsschutz.\" \/>\n<meta property=\"og:url\" content=\"https:\/\/www.organisator.ch\/fr\/general\/2020-04-07\/verpackungshersteller-produziert-einweg-gesichtsschutz\/\" \/>\n<meta property=\"og:site_name\" content=\"Organisator\" \/>\n<meta property=\"article:publisher\" content=\"https:\/\/www.facebook.com\/OrganisatorFachmagazin\" \/>\n<meta property=\"article:published_time\" content=\"2020-04-07T11:30:04+00:00\" \/>\n<meta property=\"og:image\" content=\"https:\/\/www.organisator.ch\/wp-content\/uploads\/2020\/04\/Verpackungshersteller-produziert-Einweg-Gesichtsschutz_Organisator.jpg\" \/>\n\t<meta property=\"og:image:width\" content=\"680\" \/>\n\t<meta property=\"og:image:height\" content=\"383\" \/>\n\t<meta property=\"og:image:type\" content=\"image\/jpeg\" \/>\n<meta name=\"author\" content=\"thomas.berner\" \/>\n<meta name=\"twitter:card\" content=\"summary_large_image\" \/>\n<meta name=\"twitter:title\" content=\"Verpackungshersteller produziert Einweg-Gesichtsschutz\" \/>\n<meta name=\"twitter:description\" content=\"Der Verpackungshersteller PAWI produziert an seinen Standorten in Winterthur und Singen Verpackungen und auch einen Einweg-Gesichtsschutz.\" \/>\n<meta name=\"twitter:image\" content=\"https:\/\/www.organisator.ch\/wp-content\/uploads\/2020\/04\/Verpackungshersteller-produziert-Einweg-Gesichtsschutz_Organisator.jpg\" \/>\n<script type=\"application\/ld+json\" class=\"yoast-schema-graph\">{\"@context\":\"https:\\\/\\\/schema.org\",\"@graph\":[{\"@type\":\"Article\",\"@id\":\"https:\\\/\\\/www.organisator.ch\\\/de\\\/allgemein\\\/2020-04-07\\\/verpackungshersteller-produziert-einweg-gesichtsschutz\\\/#article\",\"isPartOf\":{\"@id\":\"https:\\\/\\\/www.organisator.ch\\\/de\\\/allgemein\\\/2020-04-07\\\/verpackungshersteller-produziert-einweg-gesichtsschutz\\\/\"},\"author\":{\"name\":\"thomas.berner\",\"@id\":\"https:\\\/\\\/www.organisator.ch\\\/#\\\/schema\\\/person\\\/6f650f90b2842cd4c0cc334b4e36f67e\"},\"headline\":\"Verpackungshersteller produziert Einweg-Gesichtsschutz\",\"datePublished\":\"2020-04-07T11:30:04+00:00\",\"mainEntityOfPage\":{\"@id\":\"https:\\\/\\\/www.organisator.ch\\\/de\\\/allgemein\\\/2020-04-07\\\/verpackungshersteller-produziert-einweg-gesichtsschutz\\\/\"},\"wordCount\":381,\"publisher\":{\"@id\":\"https:\\\/\\\/www.organisator.ch\\\/#organization\"},\"image\":{\"@id\":\"https:\\\/\\\/www.organisator.ch\\\/de\\\/allgemein\\\/2020-04-07\\\/verpackungshersteller-produziert-einweg-gesichtsschutz\\\/#primaryimage\"},\"thumbnailUrl\":\"https:\\\/\\\/www.organisator.ch\\\/wp-content\\\/uploads\\\/2020\\\/04\\\/Verpackungshersteller-produziert-Einweg-Gesichtsschutz_Organisator.jpg\",\"keywords\":[\"Betriebliches Gesundheitsmanagement\",\"Coronavirus\",\"Produkte\",\"Unternehmen\"],\"articleSection\":[\"Allgemein\"],\"inLanguage\":\"fr-FR\"},{\"@type\":\"WebPage\",\"@id\":\"https:\\\/\\\/www.organisator.ch\\\/de\\\/allgemein\\\/2020-04-07\\\/verpackungshersteller-produziert-einweg-gesichtsschutz\\\/\",\"url\":\"https:\\\/\\\/www.organisator.ch\\\/de\\\/allgemein\\\/2020-04-07\\\/verpackungshersteller-produziert-einweg-gesichtsschutz\\\/\",\"name\":\"Verpackungshersteller produziert Einweg-Gesichtsschutz - Organisator\",\"isPartOf\":{\"@id\":\"https:\\\/\\\/www.organisator.ch\\\/#website\"},\"primaryImageOfPage\":{\"@id\":\"https:\\\/\\\/www.organisator.ch\\\/de\\\/allgemein\\\/2020-04-07\\\/verpackungshersteller-produziert-einweg-gesichtsschutz\\\/#primaryimage\"},\"image\":{\"@id\":\"https:\\\/\\\/www.organisator.ch\\\/de\\\/allgemein\\\/2020-04-07\\\/verpackungshersteller-produziert-einweg-gesichtsschutz\\\/#primaryimage\"},\"thumbnailUrl\":\"https:\\\/\\\/www.organisator.ch\\\/wp-content\\\/uploads\\\/2020\\\/04\\\/Verpackungshersteller-produziert-Einweg-Gesichtsschutz_Organisator.jpg\",\"datePublished\":\"2020-04-07T11:30:04+00:00\",\"description\":\"Der Verpackungshersteller PAWI produziert an seinen Standorten in Winterthur und Singen Verpackungen und auch einen Einweg-Gesichtsschutz.\",\"breadcrumb\":{\"@id\":\"https:\\\/\\\/www.organisator.ch\\\/de\\\/allgemein\\\/2020-04-07\\\/verpackungshersteller-produziert-einweg-gesichtsschutz\\\/#breadcrumb\"},\"inLanguage\":\"fr-FR\",\"potentialAction\":[{\"@type\":\"ReadAction\",\"target\":[\"https:\\\/\\\/www.organisator.ch\\\/de\\\/allgemein\\\/2020-04-07\\\/verpackungshersteller-produziert-einweg-gesichtsschutz\\\/\"]}]},{\"@type\":\"ImageObject\",\"inLanguage\":\"fr-FR\",\"@id\":\"https:\\\/\\\/www.organisator.ch\\\/de\\\/allgemein\\\/2020-04-07\\\/verpackungshersteller-produziert-einweg-gesichtsschutz\\\/#primaryimage\",\"url\":\"https:\\\/\\\/www.organisator.ch\\\/wp-content\\\/uploads\\\/2020\\\/04\\\/Verpackungshersteller-produziert-Einweg-Gesichtsschutz_Organisator.jpg\",\"contentUrl\":\"https:\\\/\\\/www.organisator.ch\\\/wp-content\\\/uploads\\\/2020\\\/04\\\/Verpackungshersteller-produziert-Einweg-Gesichtsschutz_Organisator.jpg\",\"width\":680,\"height\":383,\"caption\":\"Dieser Einweg-Gesichtsschutz sch\u00fctzt zwar nicht vor Ansteckung, h\u00e4lt aber Tr\u00f6pfchen, die beim Niessen oder Husten entstehen, zur\u00fcck. (Bild: PAWI Verpackungen)\"},{\"@type\":\"BreadcrumbList\",\"@id\":\"https:\\\/\\\/www.organisator.ch\\\/de\\\/allgemein\\\/2020-04-07\\\/verpackungshersteller-produziert-einweg-gesichtsschutz\\\/#breadcrumb\",\"itemListElement\":[{\"@type\":\"ListItem\",\"position\":1,\"name\":\"Home\",\"item\":\"https:\\\/\\\/www.organisator.ch\\\/\"},{\"@type\":\"ListItem\",\"position\":2,\"name\":\"Verpackungshersteller produziert Einweg-Gesichtsschutz\"}]},{\"@type\":\"WebSite\",\"@id\":\"https:\\\/\\\/www.organisator.ch\\\/#website\",\"url\":\"https:\\\/\\\/www.organisator.ch\\\/\",\"name\":\"Organisator\",\"description\":\"Kompetent. Praxisnah. Der ORGANISATOR bereitet in 10 Ausgaben pro Jahr die wesentlichen Themen f\u00fcr F\u00fchrungskr\u00e4fte von KMU auf.\",\"publisher\":{\"@id\":\"https:\\\/\\\/www.organisator.ch\\\/#organization\"},\"potentialAction\":[{\"@type\":\"SearchAction\",\"target\":{\"@type\":\"EntryPoint\",\"urlTemplate\":\"https:\\\/\\\/www.organisator.ch\\\/?s={search_term_string}\"},\"query-input\":{\"@type\":\"PropertyValueSpecification\",\"valueRequired\":true,\"valueName\":\"search_term_string\"}}],\"inLanguage\":\"fr-FR\"},{\"@type\":\"Organization\",\"@id\":\"https:\\\/\\\/www.organisator.ch\\\/#organization\",\"name\":\"Organisator\",\"url\":\"https:\\\/\\\/www.organisator.ch\\\/\",\"logo\":{\"@type\":\"ImageObject\",\"inLanguage\":\"fr-FR\",\"@id\":\"https:\\\/\\\/www.organisator.ch\\\/#\\\/schema\\\/logo\\\/image\\\/\",\"url\":\"https:\\\/\\\/www.organisator.ch\\\/wp-content\\\/uploads\\\/2022\\\/01\\\/Logo_Organisator_Website.png\",\"contentUrl\":\"https:\\\/\\\/www.organisator.ch\\\/wp-content\\\/uploads\\\/2022\\\/01\\\/Logo_Organisator_Website.png\",\"width\":800,\"height\":77,\"caption\":\"Organisator\"},\"image\":{\"@id\":\"https:\\\/\\\/www.organisator.ch\\\/#\\\/schema\\\/logo\\\/image\\\/\"},\"sameAs\":[\"https:\\\/\\\/www.facebook.com\\\/OrganisatorFachmagazin\",\"https:\\\/\\\/www.linkedin.com\\\/showcase\\\/organisator-das-magazin-fr-kmu\",\"https:\\\/\\\/www.xing.com\\\/news\\\/pages\\\/organisator-ch-695\",\"https:\\\/\\\/www.youtube.com\\\/channel\\\/UCGP2Sq0iWaZwT3BdIAQFYpw\"]},{\"@type\":\"Person\",\"@id\":\"https:\\\/\\\/www.organisator.ch\\\/#\\\/schema\\\/person\\\/6f650f90b2842cd4c0cc334b4e36f67e\",\"name\":\"thomas.berner\",\"image\":{\"@type\":\"ImageObject\",\"inLanguage\":\"fr-FR\",\"@id\":\"https:\\\/\\\/secure.gravatar.com\\\/avatar\\\/ac5001d2a36cb6c6cd3e50789007ffca834b477b74a2144564522e944eabff61?s=96&d=mm&r=g\",\"url\":\"https:\\\/\\\/secure.gravatar.com\\\/avatar\\\/ac5001d2a36cb6c6cd3e50789007ffca834b477b74a2144564522e944eabff61?s=96&d=mm&r=g\",\"contentUrl\":\"https:\\\/\\\/secure.gravatar.com\\\/avatar\\\/ac5001d2a36cb6c6cd3e50789007ffca834b477b74a2144564522e944eabff61?s=96&d=mm&r=g\",\"caption\":\"thomas.berner\"},\"url\":\"https:\\\/\\\/www.organisator.ch\\\/fr\\\/author\\\/thomas-berner\\\/\"}]}<\/script>\n<!-- \/ Yoast SEO plugin. -->","yoast_head_json":{"title":"Un fabricant d'emballages produit des protections faciales jetables - Organisateur","description":"Le fabricant d'emballages PAWI produit des emballages et \u00e9galement un prot\u00e8ge-visage jetable sur ses sites de Winterthur et de Singen.","robots":{"index":"index","follow":"follow","max-snippet":"max-snippet:-1","max-image-preview":"max-image-preview:large","max-video-preview":"max-video-preview:-1"},"canonical":"https:\/\/www.organisator.ch\/fr\/general\/2020-04-07\/verpackungshersteller-produziert-einweg-gesichtsschutz\/","og_locale":"fr_FR","og_type":"article","og_title":"Verpackungshersteller produziert Einweg-Gesichtsschutz","og_description":"Der Verpackungshersteller PAWI produziert an seinen Standorten in Winterthur und Singen Verpackungen und auch einen Einweg-Gesichtsschutz.","og_url":"https:\/\/www.organisator.ch\/fr\/general\/2020-04-07\/verpackungshersteller-produziert-einweg-gesichtsschutz\/","og_site_name":"Organisator","article_publisher":"https:\/\/www.facebook.com\/OrganisatorFachmagazin","article_published_time":"2020-04-07T11:30:04+00:00","og_image":[{"width":680,"height":383,"url":"https:\/\/www.organisator.ch\/wp-content\/uploads\/2020\/04\/Verpackungshersteller-produziert-Einweg-Gesichtsschutz_Organisator.jpg","type":"image\/jpeg"}],"author":"thomas.berner","twitter_card":"summary_large_image","twitter_title":"Verpackungshersteller produziert Einweg-Gesichtsschutz","twitter_description":"Der Verpackungshersteller PAWI produziert an seinen Standorten in Winterthur und Singen Verpackungen und auch einen Einweg-Gesichtsschutz.","twitter_image":"https:\/\/www.organisator.ch\/wp-content\/uploads\/2020\/04\/Verpackungshersteller-produziert-Einweg-Gesichtsschutz_Organisator.jpg","schema":{"@context":"https:\/\/schema.org","@graph":[{"@type":"Article","@id":"https:\/\/www.organisator.ch\/de\/allgemein\/2020-04-07\/verpackungshersteller-produziert-einweg-gesichtsschutz\/#article","isPartOf":{"@id":"https:\/\/www.organisator.ch\/de\/allgemein\/2020-04-07\/verpackungshersteller-produziert-einweg-gesichtsschutz\/"},"author":{"name":"thomas.berner","@id":"https:\/\/www.organisator.ch\/#\/schema\/person\/6f650f90b2842cd4c0cc334b4e36f67e"},"headline":"Verpackungshersteller produziert Einweg-Gesichtsschutz","datePublished":"2020-04-07T11:30:04+00:00","mainEntityOfPage":{"@id":"https:\/\/www.organisator.ch\/de\/allgemein\/2020-04-07\/verpackungshersteller-produziert-einweg-gesichtsschutz\/"},"wordCount":381,"publisher":{"@id":"https:\/\/www.organisator.ch\/#organization"},"image":{"@id":"https:\/\/www.organisator.ch\/de\/allgemein\/2020-04-07\/verpackungshersteller-produziert-einweg-gesichtsschutz\/#primaryimage"},"thumbnailUrl":"https:\/\/www.organisator.ch\/wp-content\/uploads\/2020\/04\/Verpackungshersteller-produziert-Einweg-Gesichtsschutz_Organisator.jpg","keywords":["Betriebliches Gesundheitsmanagement","Coronavirus","Produkte","Unternehmen"],"articleSection":["Allgemein"],"inLanguage":"fr-FR"},{"@type":"WebPage","@id":"https:\/\/www.organisator.ch\/de\/allgemein\/2020-04-07\/verpackungshersteller-produziert-einweg-gesichtsschutz\/","url":"https:\/\/www.organisator.ch\/de\/allgemein\/2020-04-07\/verpackungshersteller-produziert-einweg-gesichtsschutz\/","name":"Un fabricant d'emballages produit des protections faciales jetables - Organisateur","isPartOf":{"@id":"https:\/\/www.organisator.ch\/#website"},"primaryImageOfPage":{"@id":"https:\/\/www.organisator.ch\/de\/allgemein\/2020-04-07\/verpackungshersteller-produziert-einweg-gesichtsschutz\/#primaryimage"},"image":{"@id":"https:\/\/www.organisator.ch\/de\/allgemein\/2020-04-07\/verpackungshersteller-produziert-einweg-gesichtsschutz\/#primaryimage"},"thumbnailUrl":"https:\/\/www.organisator.ch\/wp-content\/uploads\/2020\/04\/Verpackungshersteller-produziert-Einweg-Gesichtsschutz_Organisator.jpg","datePublished":"2020-04-07T11:30:04+00:00","description":"Le fabricant d'emballages PAWI produit des emballages et \u00e9galement un prot\u00e8ge-visage jetable sur ses sites de Winterthur et de Singen.","breadcrumb":{"@id":"https:\/\/www.organisator.ch\/de\/allgemein\/2020-04-07\/verpackungshersteller-produziert-einweg-gesichtsschutz\/#breadcrumb"},"inLanguage":"fr-FR","potentialAction":[{"@type":"ReadAction","target":["https:\/\/www.organisator.ch\/de\/allgemein\/2020-04-07\/verpackungshersteller-produziert-einweg-gesichtsschutz\/"]}]},{"@type":"ImageObject","inLanguage":"fr-FR","@id":"https:\/\/www.organisator.ch\/de\/allgemein\/2020-04-07\/verpackungshersteller-produziert-einweg-gesichtsschutz\/#primaryimage","url":"https:\/\/www.organisator.ch\/wp-content\/uploads\/2020\/04\/Verpackungshersteller-produziert-Einweg-Gesichtsschutz_Organisator.jpg","contentUrl":"https:\/\/www.organisator.ch\/wp-content\/uploads\/2020\/04\/Verpackungshersteller-produziert-Einweg-Gesichtsschutz_Organisator.jpg","width":680,"height":383,"caption":"Dieser Einweg-Gesichtsschutz sch\u00fctzt zwar nicht vor Ansteckung, h\u00e4lt aber Tr\u00f6pfchen, die beim Niessen oder Husten entstehen, zur\u00fcck. (Bild: PAWI Verpackungen)"},{"@type":"BreadcrumbList","@id":"https:\/\/www.organisator.ch\/de\/allgemein\/2020-04-07\/verpackungshersteller-produziert-einweg-gesichtsschutz\/#breadcrumb","itemListElement":[{"@type":"ListItem","position":1,"name":"Home","item":"https:\/\/www.organisator.ch\/"},{"@type":"ListItem","position":2,"name":"Verpackungshersteller produziert Einweg-Gesichtsschutz"}]},{"@type":"WebSite","@id":"https:\/\/www.organisator.ch\/#website","url":"https:\/\/www.organisator.ch\/","name":"Organisateur","description":"Comp\u00e9tence et comp\u00e9tence. Proches de la pratique. L'ORGANISATEUR pr\u00e9pare 10 num\u00e9ros par an sur les th\u00e8mes essentiels pour les dirigeants de PME.","publisher":{"@id":"https:\/\/www.organisator.ch\/#organization"},"potentialAction":[{"@type":"SearchAction","target":{"@type":"EntryPoint","urlTemplate":"https:\/\/www.organisator.ch\/?s={search_term_string}"},"query-input":{"@type":"PropertyValueSpecification","valueRequired":true,"valueName":"search_term_string"}}],"inLanguage":"fr-FR"},{"@type":"Organization","@id":"https:\/\/www.organisator.ch\/#organization","name":"Organisateur","url":"https:\/\/www.organisator.ch\/","logo":{"@type":"ImageObject","inLanguage":"fr-FR","@id":"https:\/\/www.organisator.ch\/#\/schema\/logo\/image\/","url":"https:\/\/www.organisator.ch\/wp-content\/uploads\/2022\/01\/Logo_Organisator_Website.png","contentUrl":"https:\/\/www.organisator.ch\/wp-content\/uploads\/2022\/01\/Logo_Organisator_Website.png","width":800,"height":77,"caption":"Organisator"},"image":{"@id":"https:\/\/www.organisator.ch\/#\/schema\/logo\/image\/"},"sameAs":["https:\/\/www.facebook.com\/OrganisatorFachmagazin","https:\/\/www.linkedin.com\/showcase\/organisator-das-magazin-fr-kmu","https:\/\/www.xing.com\/news\/pages\/organisator-ch-695","https:\/\/www.youtube.com\/channel\/UCGP2Sq0iWaZwT3BdIAQFYpw"]},{"@type":"Person","@id":"https:\/\/www.organisator.ch\/#\/schema\/person\/6f650f90b2842cd4c0cc334b4e36f67e","name":"thomas.berner","image":{"@type":"ImageObject","inLanguage":"fr-FR","@id":"https:\/\/secure.gravatar.com\/avatar\/ac5001d2a36cb6c6cd3e50789007ffca834b477b74a2144564522e944eabff61?s=96&d=mm&r=g","url":"https:\/\/secure.gravatar.com\/avatar\/ac5001d2a36cb6c6cd3e50789007ffca834b477b74a2144564522e944eabff61?s=96&d=mm&r=g","contentUrl":"https:\/\/secure.gravatar.com\/avatar\/ac5001d2a36cb6c6cd3e50789007ffca834b477b74a2144564522e944eabff61?s=96&d=mm&r=g","caption":"thomas.berner"},"url":"https:\/\/www.organisator.ch\/fr\/author\/thomas-berner\/"}]}},"_links":{"self":[{"href":"https:\/\/www.organisator.ch\/fr\/wp-json\/wp\/v2\/posts\/6569","targetHints":{"allow":["GET"]}}],"collection":[{"href":"https:\/\/www.organisator.ch\/fr\/wp-json\/wp\/v2\/posts"}],"about":[{"href":"https:\/\/www.organisator.ch\/fr\/wp-json\/wp\/v2\/types\/post"}],"author":[{"embeddable":true,"href":"https:\/\/www.organisator.ch\/fr\/wp-json\/wp\/v2\/users\/4"}],"replies":[{"embeddable":true,"href":"https:\/\/www.organisator.ch\/fr\/wp-json\/wp\/v2\/comments?post=6569"}],"version-history":[{"count":0,"href":"https:\/\/www.organisator.ch\/fr\/wp-json\/wp\/v2\/posts\/6569\/revisions"}],"wp:featuredmedia":[{"embeddable":true,"href":"https:\/\/www.organisator.ch\/fr\/wp-json\/wp\/v2\/media\/6570"}],"wp:attachment":[{"href":"https:\/\/www.organisator.ch\/fr\/wp-json\/wp\/v2\/media?parent=6569"}],"wp:term":[{"taxonomy":"category","embeddable":true,"href":"https:\/\/www.organisator.ch\/fr\/wp-json\/wp\/v2\/categories?post=6569"},{"taxonomy":"post_tag","embeddable":true,"href":"https:\/\/www.organisator.ch\/fr\/wp-json\/wp\/v2\/tags?post=6569"}],"curies":[{"name":"wp","href":"https:\/\/api.w.org\/{rel}","templated":true}]}}