{"id":6590,"date":"2020-04-15T09:16:50","date_gmt":"2020-04-15T07:16:50","guid":{"rendered":"https:\/\/www.organisator.ch\/?p=6590"},"modified":"2020-04-15T09:16:50","modified_gmt":"2020-04-15T07:16:50","slug":"psychologische-hilfe-fuer-privatpersonen-und-beratung-fuer-kmu","status":"publish","type":"post","link":"https:\/\/www.organisator.ch\/fr\/management\/2020-04-15\/psychologische-hilfe-fuer-privatpersonen-und-beratung-fuer-kmu\/","title":{"rendered":"Aide psychologique pour les particuliers et conseil aux PME"},"content":{"rendered":"<figure id=\"attachment_6591\" aria-describedby=\"caption-attachment-6591\" style=\"width: 680px\" class=\"wp-caption alignnone\"><img loading=\"lazy\" decoding=\"async\" class=\"size-medium wp-image-6591\" src=\"https:\/\/www.organisator.ch\/wp-content\/uploads\/2020\/04\/Psychologische-Hilfe-fuer-Privatpersonen-und-Beratung-fuer-KMU_Organisator.jpg\" alt=\"\" width=\"680\" height=\"509\" srcset=\"https:\/\/www.organisator.ch\/wp-content\/uploads\/2020\/04\/Psychologische-Hilfe-fuer-Privatpersonen-und-Beratung-fuer-KMU_Organisator.jpg 680w, https:\/\/www.organisator.ch\/wp-content\/uploads\/2020\/04\/Psychologische-Hilfe-fuer-Privatpersonen-und-Beratung-fuer-KMU_Organisator-16x12.jpg 16w, https:\/\/www.organisator.ch\/wp-content\/uploads\/2020\/04\/Psychologische-Hilfe-fuer-Privatpersonen-und-Beratung-fuer-KMU_Organisator-234x175.jpg 234w, https:\/\/www.organisator.ch\/wp-content\/uploads\/2020\/04\/Psychologische-Hilfe-fuer-Privatpersonen-und-Beratung-fuer-KMU_Organisator-468x350.jpg 468w, https:\/\/www.organisator.ch\/wp-content\/uploads\/2020\/04\/Psychologische-Hilfe-fuer-Privatpersonen-und-Beratung-fuer-KMU_Organisator-300x225.jpg 300w\" sizes=\"auto, (max-width: 680px) 100vw, 680px\" \/><figcaption id=\"caption-attachment-6591\" class=\"wp-caption-text\">La crise de Corona pose des d\u00e9fis de toutes sortes \u00e0 de nombreuses entreprises. La ZHAW propose d\u00e9sormais une aide psychologique ainsi qu'un soutien en mati\u00e8re de communication. (Image : Pixabay.com)<\/figcaption><\/figure>\n<p>La crise de Corona provoque une grande ins\u00e9curit\u00e9 chez les particuliers comme chez les entreprises. C'est pourquoi la ZHAW a d\u00e9cid\u00e9 de mettre son savoir-faire \u00e0 la disposition du public. D'une part, la School of Management and Law conseille les PME qui doivent prendre rapidement des mesures de communication pour survivre, mais qui ne peuvent pas s'offrir les services de grandes agences. Le conseil est gratuit et est \u00e9galement disponible pour les organisations (\u00e0 but non lucratif) disposant de budgets plus modestes. D'autre part, l'IAP Institut f\u00fcr Angewandte Psychologie propose des consultations par t\u00e9l\u00e9phone ou par vid\u00e9o gr\u00e2ce \u00e0 une Care Team. Cette offre est \u00e9galement gratuite et ouverte \u00e0 toutes les personnes qui sont expos\u00e9es \u00e0 des tensions personnelles et familiales en raison de la situation actuelle. Cette offre de conseil vise \u00e9galement \u00e0 combler une lacune qui est apparue parce que de nombreuses offres psychoth\u00e9rapeutiques ne sont actuellement disponibles que de mani\u00e8re limit\u00e9e.<\/p>\n<h2>Aide rapide en mati\u00e8re de communication pour les entreprises<\/h2>\n<p>La crise de la Corona frappe durement l'\u00e9conomie suisse. De nombreuses petites et moyennes entreprises sont contraintes soit d'arr\u00eater compl\u00e8tement leurs services, soit de passer au ch\u00f4mage partiel ou de r\u00e9duire leurs effectifs en raison de la modification de leur carnet de commandes. Les cons\u00e9quences \u00e0 long terme pour l'\u00e9conomie, mais aussi pour les entreprises, sont actuellement difficiles \u00e0 \u00e9valuer. De nombreuses PME sont confront\u00e9es \u00e0 des d\u00e9fis jusqu'ici inconnus en mati\u00e8re de communication et de marketing. L'Institut de gestion du marketing de la ZHAW School of Management and Law propose un soutien concret avec la \"clinique de la communication marketing\". Ce soutien s'adresse aux entreprises qui n'ont pas les moyens de s'offrir une agence ou un conseil et qui ont besoin d'un avis d'expert ind\u00e9pendant. Les conseils de la clinique de communication marketing se font en ligne et sont gratuits.<\/p>\n<h2>Aide et conseils psychologiques en temps de crise<\/h2>\n<p>La situation autour du coronavirus et les mesures ordonn\u00e9es par la Conf\u00e9d\u00e9ration entra\u00eenent une modification de la structure quotidienne chez les enfants, les jeunes et les adultes. Non seulement les contacts sociaux sont limit\u00e9s, mais l'ins\u00e9curit\u00e9 et l'anxi\u00e9t\u00e9 augmentent, les inqui\u00e9tudes concernant l'emploi et les pertes de revenus augmentent. Tout cela peut conduire \u00e0 des tensions personnelles et familiales. La situation est encore aggrav\u00e9e par le fait que de nombreuses offres psychoth\u00e9rapeutiques sont disponibles de mani\u00e8re limit\u00e9e. C'est pourquoi les psychologues de l'IAP Institut f\u00fcr Angewandte Psychologie proposent des consultations gratuites par t\u00e9l\u00e9phone ou par vid\u00e9o. En outre, l'IAP a r\u00e9dig\u00e9 une fiche d'information pour aider les personnes \u00e0 se prendre en charge dans la situation tendue actuelle.<\/p>\n<p><em>De nouvelles offres de la ZHAW, comme par exemple <a href=\"https:\/\/www.zhaw.ch\/de\/gesundheit\/ueber-uns\/news\/news-detailansicht\/event-news\/umgang-mit-einschraenkungen-durch-die-corona-pandemie-ratschlaege-von-gesundheitsfachleuten\/\" target=\"_blank\" rel=\"noopener noreferrer\">Conseils de professionnels de la sant\u00e9 du d\u00e9partement Sant\u00e9<\/a> sont pr\u00e9sent\u00e9s sur la <a href=\"https:\/\/www.zhaw.ch\/de\/ueber-uns\/aktuell\/informationen-zum-coronavirus\/\" target=\"_blank\" rel=\"noopener noreferrer\">Site web<\/a> compl\u00e9t\u00e9e en permanence.<\/em><\/p>","protected":false},"excerpt":{"rendered":"<p>Die Coronakrise f\u00fchrt bei Privatpersonen genauso wie bei Unternehmen zu grossen Verunsicherungen. Aus diesem Grund hat die ZHAW beschlossen, ihr Know-how der \u00d6ffentlichkeit zur Verf\u00fcgung zu stellen. Zum einen ber\u00e4t die School of Management and Law KMU, die zum \u00dcberleben schnell kommunikative Massnahmen ergreifen m\u00fcssen, sich aber keine grossen Agenturen leisten k\u00f6nnen. Die Beratung ist [&hellip;]<\/p>\n","protected":false},"author":4,"featured_media":6591,"comment_status":"closed","ping_status":"closed","sticky":false,"template":"","format":"standard","meta":{"_acf_changed":false,"_yoast_wpseo_focuskw":"Psychologische Hilfe","_yoast_wpseo_metadesc":"Im Zuge der Corona-Krise bietet die ZHAW niederschwellige psychologische Hilfe und unkomplizierte kommunikative Unterst\u00fctzung f\u00fcr Unternehmen und Private.","articlekey":"","footnotes":""},"categories":[28],"tags":[62,132,192,393,400],"class_list":["post-6590","post","type-post","status-publish","format-standard","has-post-thumbnail","hentry","category-management","tag-aus-weiterbildung","tag-coronavirus","tag-fachhochschulen","tag-produkte","tag-psychische-gesundheit"],"acf":[],"yoast_head":"<!-- This site is optimized with the Yoast SEO plugin v27.5 - https:\/\/yoast.com\/product\/yoast-seo-wordpress\/ -->\n<title>Psychologische Hilfe f\u00fcr Privatpersonen und Beratung f\u00fcr KMU - Organisator<\/title>\n<meta name=\"description\" content=\"Im Zuge der Corona-Krise bietet die ZHAW niederschwellige psychologische Hilfe und unkomplizierte kommunikative Unterst\u00fctzung f\u00fcr Unternehmen und Private.\" \/>\n<meta name=\"robots\" content=\"index, follow, max-snippet:-1, max-image-preview:large, max-video-preview:-1\" \/>\n<link rel=\"canonical\" href=\"https:\/\/www.organisator.ch\/fr\/gestion-2\/2020-04-15\/psychologische-hilfe-fuer-privatpersonen-und-beratung-fuer-kmu\/\" \/>\n<meta property=\"og:locale\" content=\"fr_FR\" \/>\n<meta property=\"og:type\" content=\"article\" \/>\n<meta property=\"og:title\" content=\"Psychologische Hilfe f\u00fcr Privatpersonen und Beratung f\u00fcr KMU\" \/>\n<meta property=\"og:description\" content=\"Im Zuge der Corona-Krise bietet die ZHAW niederschwellige psychologische Hilfe und unkomplizierte kommunikative Unterst\u00fctzung f\u00fcr Unternehmen und Private.\" \/>\n<meta property=\"og:url\" content=\"https:\/\/www.organisator.ch\/fr\/gestion-2\/2020-04-15\/psychologische-hilfe-fuer-privatpersonen-und-beratung-fuer-kmu\/\" \/>\n<meta property=\"og:site_name\" content=\"Organisator\" \/>\n<meta property=\"article:publisher\" content=\"https:\/\/www.facebook.com\/OrganisatorFachmagazin\" \/>\n<meta property=\"article:published_time\" content=\"2020-04-15T07:16:50+00:00\" \/>\n<meta property=\"og:image\" content=\"https:\/\/www.organisator.ch\/wp-content\/uploads\/2020\/04\/Psychologische-Hilfe-fuer-Privatpersonen-und-Beratung-fuer-KMU_Organisator.jpg\" \/>\n\t<meta property=\"og:image:width\" content=\"680\" \/>\n\t<meta property=\"og:image:height\" content=\"509\" \/>\n\t<meta property=\"og:image:type\" content=\"image\/jpeg\" \/>\n<meta name=\"author\" content=\"thomas.berner\" \/>\n<meta name=\"twitter:card\" content=\"summary_large_image\" \/>\n<meta name=\"twitter:title\" content=\"#Psychologische Hilfe f\u00fcr #Privatpersonen und Beratung f\u00fcr #KMU\" \/>\n<meta name=\"twitter:description\" content=\"Im Zuge der #Corona-Krise bietet die #ZHAW niederschwellige #psychologische Hilfe und unkomplizierte kommunikative Unterst\u00fctzung f\u00fcr Unternehmen und Private.\" \/>\n<meta name=\"twitter:image\" content=\"https:\/\/www.organisator.ch\/wp-content\/uploads\/2020\/04\/Psychologische-Hilfe-fuer-Privatpersonen-und-Beratung-fuer-KMU_Organisator.jpg\" \/>\n<script type=\"application\/ld+json\" class=\"yoast-schema-graph\">{\"@context\":\"https:\\\/\\\/schema.org\",\"@graph\":[{\"@type\":\"Article\",\"@id\":\"https:\\\/\\\/www.organisator.ch\\\/management\\\/2020-04-15\\\/psychologische-hilfe-fuer-privatpersonen-und-beratung-fuer-kmu\\\/#article\",\"isPartOf\":{\"@id\":\"https:\\\/\\\/www.organisator.ch\\\/management\\\/2020-04-15\\\/psychologische-hilfe-fuer-privatpersonen-und-beratung-fuer-kmu\\\/\"},\"author\":{\"name\":\"thomas.berner\",\"@id\":\"https:\\\/\\\/www.organisator.ch\\\/#\\\/schema\\\/person\\\/6f650f90b2842cd4c0cc334b4e36f67e\"},\"headline\":\"Psychologische Hilfe f\u00fcr Privatpersonen und Beratung f\u00fcr KMU\",\"datePublished\":\"2020-04-15T07:16:50+00:00\",\"mainEntityOfPage\":{\"@id\":\"https:\\\/\\\/www.organisator.ch\\\/management\\\/2020-04-15\\\/psychologische-hilfe-fuer-privatpersonen-und-beratung-fuer-kmu\\\/\"},\"wordCount\":439,\"publisher\":{\"@id\":\"https:\\\/\\\/www.organisator.ch\\\/#organization\"},\"image\":{\"@id\":\"https:\\\/\\\/www.organisator.ch\\\/management\\\/2020-04-15\\\/psychologische-hilfe-fuer-privatpersonen-und-beratung-fuer-kmu\\\/#primaryimage\"},\"thumbnailUrl\":\"https:\\\/\\\/www.organisator.ch\\\/wp-content\\\/uploads\\\/2020\\\/04\\\/Psychologische-Hilfe-fuer-Privatpersonen-und-Beratung-fuer-KMU_Organisator.jpg\",\"keywords\":[\"Aus-\\\/Weiterbildung\",\"Coronavirus\",\"Fachhochschulen\",\"Produkte\",\"Psychische Gesundheit\"],\"articleSection\":[\"MANAGEMENT\"],\"inLanguage\":\"fr-FR\"},{\"@type\":\"WebPage\",\"@id\":\"https:\\\/\\\/www.organisator.ch\\\/management\\\/2020-04-15\\\/psychologische-hilfe-fuer-privatpersonen-und-beratung-fuer-kmu\\\/\",\"url\":\"https:\\\/\\\/www.organisator.ch\\\/management\\\/2020-04-15\\\/psychologische-hilfe-fuer-privatpersonen-und-beratung-fuer-kmu\\\/\",\"name\":\"Psychologische Hilfe f\u00fcr Privatpersonen und Beratung f\u00fcr KMU - Organisator\",\"isPartOf\":{\"@id\":\"https:\\\/\\\/www.organisator.ch\\\/#website\"},\"primaryImageOfPage\":{\"@id\":\"https:\\\/\\\/www.organisator.ch\\\/management\\\/2020-04-15\\\/psychologische-hilfe-fuer-privatpersonen-und-beratung-fuer-kmu\\\/#primaryimage\"},\"image\":{\"@id\":\"https:\\\/\\\/www.organisator.ch\\\/management\\\/2020-04-15\\\/psychologische-hilfe-fuer-privatpersonen-und-beratung-fuer-kmu\\\/#primaryimage\"},\"thumbnailUrl\":\"https:\\\/\\\/www.organisator.ch\\\/wp-content\\\/uploads\\\/2020\\\/04\\\/Psychologische-Hilfe-fuer-Privatpersonen-und-Beratung-fuer-KMU_Organisator.jpg\",\"datePublished\":\"2020-04-15T07:16:50+00:00\",\"description\":\"Im Zuge der Corona-Krise bietet die ZHAW niederschwellige psychologische Hilfe und unkomplizierte kommunikative Unterst\u00fctzung f\u00fcr Unternehmen und Private.\",\"breadcrumb\":{\"@id\":\"https:\\\/\\\/www.organisator.ch\\\/management\\\/2020-04-15\\\/psychologische-hilfe-fuer-privatpersonen-und-beratung-fuer-kmu\\\/#breadcrumb\"},\"inLanguage\":\"fr-FR\",\"potentialAction\":[{\"@type\":\"ReadAction\",\"target\":[\"https:\\\/\\\/www.organisator.ch\\\/management\\\/2020-04-15\\\/psychologische-hilfe-fuer-privatpersonen-und-beratung-fuer-kmu\\\/\"]}]},{\"@type\":\"ImageObject\",\"inLanguage\":\"fr-FR\",\"@id\":\"https:\\\/\\\/www.organisator.ch\\\/management\\\/2020-04-15\\\/psychologische-hilfe-fuer-privatpersonen-und-beratung-fuer-kmu\\\/#primaryimage\",\"url\":\"https:\\\/\\\/www.organisator.ch\\\/wp-content\\\/uploads\\\/2020\\\/04\\\/Psychologische-Hilfe-fuer-Privatpersonen-und-Beratung-fuer-KMU_Organisator.jpg\",\"contentUrl\":\"https:\\\/\\\/www.organisator.ch\\\/wp-content\\\/uploads\\\/2020\\\/04\\\/Psychologische-Hilfe-fuer-Privatpersonen-und-Beratung-fuer-KMU_Organisator.jpg\",\"width\":680,\"height\":509,\"caption\":\"Die Corona-Krise stellt viele Betriebe vor Herausforderungen aller Art. Die ZHAW bietet nun psychologische Hilfe sowie kommunikative Unterst\u00fctzung an. (Bild: Pixabay.com)\"},{\"@type\":\"BreadcrumbList\",\"@id\":\"https:\\\/\\\/www.organisator.ch\\\/management\\\/2020-04-15\\\/psychologische-hilfe-fuer-privatpersonen-und-beratung-fuer-kmu\\\/#breadcrumb\",\"itemListElement\":[{\"@type\":\"ListItem\",\"position\":1,\"name\":\"Home\",\"item\":\"https:\\\/\\\/www.organisator.ch\\\/\"},{\"@type\":\"ListItem\",\"position\":2,\"name\":\"Psychologische Hilfe f\u00fcr Privatpersonen und Beratung f\u00fcr KMU\"}]},{\"@type\":\"WebSite\",\"@id\":\"https:\\\/\\\/www.organisator.ch\\\/#website\",\"url\":\"https:\\\/\\\/www.organisator.ch\\\/\",\"name\":\"Organisator\",\"description\":\"Kompetent. Praxisnah. Der ORGANISATOR bereitet in 10 Ausgaben pro Jahr die wesentlichen Themen f\u00fcr F\u00fchrungskr\u00e4fte von KMU auf.\",\"publisher\":{\"@id\":\"https:\\\/\\\/www.organisator.ch\\\/#organization\"},\"potentialAction\":[{\"@type\":\"SearchAction\",\"target\":{\"@type\":\"EntryPoint\",\"urlTemplate\":\"https:\\\/\\\/www.organisator.ch\\\/?s={search_term_string}\"},\"query-input\":{\"@type\":\"PropertyValueSpecification\",\"valueRequired\":true,\"valueName\":\"search_term_string\"}}],\"inLanguage\":\"fr-FR\"},{\"@type\":\"Organization\",\"@id\":\"https:\\\/\\\/www.organisator.ch\\\/#organization\",\"name\":\"Organisator\",\"url\":\"https:\\\/\\\/www.organisator.ch\\\/\",\"logo\":{\"@type\":\"ImageObject\",\"inLanguage\":\"fr-FR\",\"@id\":\"https:\\\/\\\/www.organisator.ch\\\/#\\\/schema\\\/logo\\\/image\\\/\",\"url\":\"https:\\\/\\\/www.organisator.ch\\\/wp-content\\\/uploads\\\/2022\\\/01\\\/Logo_Organisator_Website.png\",\"contentUrl\":\"https:\\\/\\\/www.organisator.ch\\\/wp-content\\\/uploads\\\/2022\\\/01\\\/Logo_Organisator_Website.png\",\"width\":800,\"height\":77,\"caption\":\"Organisator\"},\"image\":{\"@id\":\"https:\\\/\\\/www.organisator.ch\\\/#\\\/schema\\\/logo\\\/image\\\/\"},\"sameAs\":[\"https:\\\/\\\/www.facebook.com\\\/OrganisatorFachmagazin\",\"https:\\\/\\\/www.linkedin.com\\\/showcase\\\/organisator-das-magazin-fr-kmu\",\"https:\\\/\\\/www.xing.com\\\/news\\\/pages\\\/organisator-ch-695\",\"https:\\\/\\\/www.youtube.com\\\/channel\\\/UCGP2Sq0iWaZwT3BdIAQFYpw\"]},{\"@type\":\"Person\",\"@id\":\"https:\\\/\\\/www.organisator.ch\\\/#\\\/schema\\\/person\\\/6f650f90b2842cd4c0cc334b4e36f67e\",\"name\":\"thomas.berner\",\"image\":{\"@type\":\"ImageObject\",\"inLanguage\":\"fr-FR\",\"@id\":\"https:\\\/\\\/secure.gravatar.com\\\/avatar\\\/ac5001d2a36cb6c6cd3e50789007ffca834b477b74a2144564522e944eabff61?s=96&d=mm&r=g\",\"url\":\"https:\\\/\\\/secure.gravatar.com\\\/avatar\\\/ac5001d2a36cb6c6cd3e50789007ffca834b477b74a2144564522e944eabff61?s=96&d=mm&r=g\",\"contentUrl\":\"https:\\\/\\\/secure.gravatar.com\\\/avatar\\\/ac5001d2a36cb6c6cd3e50789007ffca834b477b74a2144564522e944eabff61?s=96&d=mm&r=g\",\"caption\":\"thomas.berner\"},\"url\":\"https:\\\/\\\/www.organisator.ch\\\/fr\\\/author\\\/thomas-berner\\\/\"}]}<\/script>\n<!-- \/ Yoast SEO plugin. -->","yoast_head_json":{"title":"Aide psychologique aux particuliers et conseil aux PME - Organisateur","description":"Dans le cadre de la crise Corona, la ZHAW propose une aide psychologique \u00e0 bas seuil et un soutien communicatif simple aux entreprises et aux particuliers.","robots":{"index":"index","follow":"follow","max-snippet":"max-snippet:-1","max-image-preview":"max-image-preview:large","max-video-preview":"max-video-preview:-1"},"canonical":"https:\/\/www.organisator.ch\/fr\/gestion-2\/2020-04-15\/psychologische-hilfe-fuer-privatpersonen-und-beratung-fuer-kmu\/","og_locale":"fr_FR","og_type":"article","og_title":"Psychologische Hilfe f\u00fcr Privatpersonen und Beratung f\u00fcr KMU","og_description":"Im Zuge der Corona-Krise bietet die ZHAW niederschwellige psychologische Hilfe und unkomplizierte kommunikative Unterst\u00fctzung f\u00fcr Unternehmen und Private.","og_url":"https:\/\/www.organisator.ch\/fr\/gestion-2\/2020-04-15\/psychologische-hilfe-fuer-privatpersonen-und-beratung-fuer-kmu\/","og_site_name":"Organisator","article_publisher":"https:\/\/www.facebook.com\/OrganisatorFachmagazin","article_published_time":"2020-04-15T07:16:50+00:00","og_image":[{"width":680,"height":509,"url":"https:\/\/www.organisator.ch\/wp-content\/uploads\/2020\/04\/Psychologische-Hilfe-fuer-Privatpersonen-und-Beratung-fuer-KMU_Organisator.jpg","type":"image\/jpeg"}],"author":"thomas.berner","twitter_card":"summary_large_image","twitter_title":"#Psychologische Hilfe f\u00fcr #Privatpersonen und Beratung f\u00fcr #KMU","twitter_description":"Im Zuge der #Corona-Krise bietet die #ZHAW niederschwellige #psychologische Hilfe und unkomplizierte kommunikative Unterst\u00fctzung f\u00fcr Unternehmen und Private.","twitter_image":"https:\/\/www.organisator.ch\/wp-content\/uploads\/2020\/04\/Psychologische-Hilfe-fuer-Privatpersonen-und-Beratung-fuer-KMU_Organisator.jpg","schema":{"@context":"https:\/\/schema.org","@graph":[{"@type":"Article","@id":"https:\/\/www.organisator.ch\/management\/2020-04-15\/psychologische-hilfe-fuer-privatpersonen-und-beratung-fuer-kmu\/#article","isPartOf":{"@id":"https:\/\/www.organisator.ch\/management\/2020-04-15\/psychologische-hilfe-fuer-privatpersonen-und-beratung-fuer-kmu\/"},"author":{"name":"thomas.berner","@id":"https:\/\/www.organisator.ch\/#\/schema\/person\/6f650f90b2842cd4c0cc334b4e36f67e"},"headline":"Psychologische Hilfe f\u00fcr Privatpersonen und Beratung f\u00fcr KMU","datePublished":"2020-04-15T07:16:50+00:00","mainEntityOfPage":{"@id":"https:\/\/www.organisator.ch\/management\/2020-04-15\/psychologische-hilfe-fuer-privatpersonen-und-beratung-fuer-kmu\/"},"wordCount":439,"publisher":{"@id":"https:\/\/www.organisator.ch\/#organization"},"image":{"@id":"https:\/\/www.organisator.ch\/management\/2020-04-15\/psychologische-hilfe-fuer-privatpersonen-und-beratung-fuer-kmu\/#primaryimage"},"thumbnailUrl":"https:\/\/www.organisator.ch\/wp-content\/uploads\/2020\/04\/Psychologische-Hilfe-fuer-Privatpersonen-und-Beratung-fuer-KMU_Organisator.jpg","keywords":["Aus-\/Weiterbildung","Coronavirus","Fachhochschulen","Produkte","Psychische Gesundheit"],"articleSection":["MANAGEMENT"],"inLanguage":"fr-FR"},{"@type":"WebPage","@id":"https:\/\/www.organisator.ch\/management\/2020-04-15\/psychologische-hilfe-fuer-privatpersonen-und-beratung-fuer-kmu\/","url":"https:\/\/www.organisator.ch\/management\/2020-04-15\/psychologische-hilfe-fuer-privatpersonen-und-beratung-fuer-kmu\/","name":"Aide psychologique aux particuliers et conseil aux PME - Organisateur","isPartOf":{"@id":"https:\/\/www.organisator.ch\/#website"},"primaryImageOfPage":{"@id":"https:\/\/www.organisator.ch\/management\/2020-04-15\/psychologische-hilfe-fuer-privatpersonen-und-beratung-fuer-kmu\/#primaryimage"},"image":{"@id":"https:\/\/www.organisator.ch\/management\/2020-04-15\/psychologische-hilfe-fuer-privatpersonen-und-beratung-fuer-kmu\/#primaryimage"},"thumbnailUrl":"https:\/\/www.organisator.ch\/wp-content\/uploads\/2020\/04\/Psychologische-Hilfe-fuer-Privatpersonen-und-Beratung-fuer-KMU_Organisator.jpg","datePublished":"2020-04-15T07:16:50+00:00","description":"Dans le cadre de la crise Corona, la ZHAW propose une aide psychologique \u00e0 bas seuil et un soutien communicatif simple aux entreprises et aux particuliers.","breadcrumb":{"@id":"https:\/\/www.organisator.ch\/management\/2020-04-15\/psychologische-hilfe-fuer-privatpersonen-und-beratung-fuer-kmu\/#breadcrumb"},"inLanguage":"fr-FR","potentialAction":[{"@type":"ReadAction","target":["https:\/\/www.organisator.ch\/management\/2020-04-15\/psychologische-hilfe-fuer-privatpersonen-und-beratung-fuer-kmu\/"]}]},{"@type":"ImageObject","inLanguage":"fr-FR","@id":"https:\/\/www.organisator.ch\/management\/2020-04-15\/psychologische-hilfe-fuer-privatpersonen-und-beratung-fuer-kmu\/#primaryimage","url":"https:\/\/www.organisator.ch\/wp-content\/uploads\/2020\/04\/Psychologische-Hilfe-fuer-Privatpersonen-und-Beratung-fuer-KMU_Organisator.jpg","contentUrl":"https:\/\/www.organisator.ch\/wp-content\/uploads\/2020\/04\/Psychologische-Hilfe-fuer-Privatpersonen-und-Beratung-fuer-KMU_Organisator.jpg","width":680,"height":509,"caption":"Die Corona-Krise stellt viele Betriebe vor Herausforderungen aller Art. Die ZHAW bietet nun psychologische Hilfe sowie kommunikative Unterst\u00fctzung an. (Bild: Pixabay.com)"},{"@type":"BreadcrumbList","@id":"https:\/\/www.organisator.ch\/management\/2020-04-15\/psychologische-hilfe-fuer-privatpersonen-und-beratung-fuer-kmu\/#breadcrumb","itemListElement":[{"@type":"ListItem","position":1,"name":"Home","item":"https:\/\/www.organisator.ch\/"},{"@type":"ListItem","position":2,"name":"Psychologische Hilfe f\u00fcr Privatpersonen und Beratung f\u00fcr KMU"}]},{"@type":"WebSite","@id":"https:\/\/www.organisator.ch\/#website","url":"https:\/\/www.organisator.ch\/","name":"Organisateur","description":"Comp\u00e9tence et comp\u00e9tence. Proches de la pratique. L'ORGANISATEUR pr\u00e9pare 10 num\u00e9ros par an sur les th\u00e8mes essentiels pour les dirigeants de PME.","publisher":{"@id":"https:\/\/www.organisator.ch\/#organization"},"potentialAction":[{"@type":"SearchAction","target":{"@type":"EntryPoint","urlTemplate":"https:\/\/www.organisator.ch\/?s={search_term_string}"},"query-input":{"@type":"PropertyValueSpecification","valueRequired":true,"valueName":"search_term_string"}}],"inLanguage":"fr-FR"},{"@type":"Organization","@id":"https:\/\/www.organisator.ch\/#organization","name":"Organisateur","url":"https:\/\/www.organisator.ch\/","logo":{"@type":"ImageObject","inLanguage":"fr-FR","@id":"https:\/\/www.organisator.ch\/#\/schema\/logo\/image\/","url":"https:\/\/www.organisator.ch\/wp-content\/uploads\/2022\/01\/Logo_Organisator_Website.png","contentUrl":"https:\/\/www.organisator.ch\/wp-content\/uploads\/2022\/01\/Logo_Organisator_Website.png","width":800,"height":77,"caption":"Organisator"},"image":{"@id":"https:\/\/www.organisator.ch\/#\/schema\/logo\/image\/"},"sameAs":["https:\/\/www.facebook.com\/OrganisatorFachmagazin","https:\/\/www.linkedin.com\/showcase\/organisator-das-magazin-fr-kmu","https:\/\/www.xing.com\/news\/pages\/organisator-ch-695","https:\/\/www.youtube.com\/channel\/UCGP2Sq0iWaZwT3BdIAQFYpw"]},{"@type":"Person","@id":"https:\/\/www.organisator.ch\/#\/schema\/person\/6f650f90b2842cd4c0cc334b4e36f67e","name":"thomas.berner","image":{"@type":"ImageObject","inLanguage":"fr-FR","@id":"https:\/\/secure.gravatar.com\/avatar\/ac5001d2a36cb6c6cd3e50789007ffca834b477b74a2144564522e944eabff61?s=96&d=mm&r=g","url":"https:\/\/secure.gravatar.com\/avatar\/ac5001d2a36cb6c6cd3e50789007ffca834b477b74a2144564522e944eabff61?s=96&d=mm&r=g","contentUrl":"https:\/\/secure.gravatar.com\/avatar\/ac5001d2a36cb6c6cd3e50789007ffca834b477b74a2144564522e944eabff61?s=96&d=mm&r=g","caption":"thomas.berner"},"url":"https:\/\/www.organisator.ch\/fr\/author\/thomas-berner\/"}]}},"_links":{"self":[{"href":"https:\/\/www.organisator.ch\/fr\/wp-json\/wp\/v2\/posts\/6590","targetHints":{"allow":["GET"]}}],"collection":[{"href":"https:\/\/www.organisator.ch\/fr\/wp-json\/wp\/v2\/posts"}],"about":[{"href":"https:\/\/www.organisator.ch\/fr\/wp-json\/wp\/v2\/types\/post"}],"author":[{"embeddable":true,"href":"https:\/\/www.organisator.ch\/fr\/wp-json\/wp\/v2\/users\/4"}],"replies":[{"embeddable":true,"href":"https:\/\/www.organisator.ch\/fr\/wp-json\/wp\/v2\/comments?post=6590"}],"version-history":[{"count":0,"href":"https:\/\/www.organisator.ch\/fr\/wp-json\/wp\/v2\/posts\/6590\/revisions"}],"wp:featuredmedia":[{"embeddable":true,"href":"https:\/\/www.organisator.ch\/fr\/wp-json\/wp\/v2\/media\/6591"}],"wp:attachment":[{"href":"https:\/\/www.organisator.ch\/fr\/wp-json\/wp\/v2\/media?parent=6590"}],"wp:term":[{"taxonomy":"category","embeddable":true,"href":"https:\/\/www.organisator.ch\/fr\/wp-json\/wp\/v2\/categories?post=6590"},{"taxonomy":"post_tag","embeddable":true,"href":"https:\/\/www.organisator.ch\/fr\/wp-json\/wp\/v2\/tags?post=6590"}],"curies":[{"name":"wp","href":"https:\/\/api.w.org\/{rel}","templated":true}]}}