{"id":6608,"date":"2020-04-20T16:55:11","date_gmt":"2020-04-20T14:55:11","guid":{"rendered":"https:\/\/www.organisator.ch\/?p=6608"},"modified":"2020-04-20T16:55:11","modified_gmt":"2020-04-20T14:55:11","slug":"coronavirus-fuer-den-gesundheitsschutz-ist-die-reinigung-systemrelevant","status":"publish","type":"post","link":"https:\/\/www.organisator.ch\/fr\/management\/2020-04-20\/coronavirus-fuer-den-gesundheitsschutz-ist-die-reinigung-systemrelevant\/","title":{"rendered":"Coronavirus : pour la protection de la sant\u00e9, le nettoyage est essentiel au syst\u00e8me"},"content":{"rendered":"<figure id=\"attachment_6609\" aria-describedby=\"caption-attachment-6609\" style=\"width: 680px\" class=\"wp-caption alignnone\"><img loading=\"lazy\" decoding=\"async\" class=\"size-medium wp-image-6609\" src=\"https:\/\/www.organisator.ch\/wp-content\/uploads\/2020\/04\/Coronavirus-Fuer-den-Gesundheitsschutz-ist-die-Reinigung-systemrelevant_Organisator.jpg\" alt=\"\" width=\"680\" height=\"454\" srcset=\"https:\/\/www.organisator.ch\/wp-content\/uploads\/2020\/04\/Coronavirus-Fuer-den-Gesundheitsschutz-ist-die-Reinigung-systemrelevant_Organisator.jpg 680w, https:\/\/www.organisator.ch\/wp-content\/uploads\/2020\/04\/Coronavirus-Fuer-den-Gesundheitsschutz-ist-die-Reinigung-systemrelevant_Organisator-16x12.jpg 16w, https:\/\/www.organisator.ch\/wp-content\/uploads\/2020\/04\/Coronavirus-Fuer-den-Gesundheitsschutz-ist-die-Reinigung-systemrelevant_Organisator-262x175.jpg 262w, https:\/\/www.organisator.ch\/wp-content\/uploads\/2020\/04\/Coronavirus-Fuer-den-Gesundheitsschutz-ist-die-Reinigung-systemrelevant_Organisator-524x350.jpg 524w, https:\/\/www.organisator.ch\/wp-content\/uploads\/2020\/04\/Coronavirus-Fuer-den-Gesundheitsschutz-ist-die-Reinigung-systemrelevant_Organisator-300x200.jpg 300w\" sizes=\"auto, (max-width: 680px) 100vw, 680px\" \/><figcaption id=\"caption-attachment-6609\" class=\"wp-caption-text\">Pas seulement pour le nettoyage des h\u00f4pitaux : Dans le cadre de l'assouplissement du lockdown, le nettoyage hygi\u00e9nique devient syst\u00e9mique dans de nombreuses entreprises pour la protection de la sant\u00e9. (Photo : zVg \/ CP Nettoyage)<\/figcaption><\/figure>\n<p>La crise du coronavirus modifie la perception de diff\u00e9rents groupes professionnels d'importance syst\u00e9mique. Le personnel de nettoyage en fait partie. Comme le montre un r\u00e9cent sondage Forsa r\u00e9alis\u00e9 en Allemagne, 26% de la population estiment que le nettoyage des b\u00e2timents est plus pertinent aujourd'hui qu'avant la pand\u00e9mie. 96% consid\u00e8rent le travail des agents de nettoyage comme tr\u00e8s important ou important. L'\u00e9tude a \u00e9t\u00e9 r\u00e9alis\u00e9e \u00e0 la demande de l'association f\u00e9d\u00e9rale des artisans nettoyeurs de b\u00e2timents, qui repr\u00e9sente une branche comptant 700 000 employ\u00e9s. En Suisse, environ 85'000 agents de nettoyage sont actifs, dont la moiti\u00e9 environ est d\u00e9sormais concern\u00e9e par le ch\u00f4mage partiel, selon les estimations de la CP Nettoyage.<\/p>\n<h2>La protection de la sant\u00e9 doit \u00eatre une priorit\u00e9<\/h2>\n<p>Erich Stutzer, pr\u00e9sident de la Commission paritaire de la branche du nettoyage (CP Nettoyage) en Suisse al\u00e9manique et membre du conseil d'administration d'une entreprise de nettoyage de 950 personnes, confirme la pression exerc\u00e9e sur la branche : \"La situation persistante autour du coronavirus repr\u00e9sente d'immenses d\u00e9fis - personnels et \u00e9conomiques. Notre<span style=\"text-decoration: line-through;\">e<\/span> le bien le plus pr\u00e9cieux - les collaborateurs - doivent \u00eatre prot\u00e9g\u00e9s\". M\u00eame sans le coronavirus, la gestion des processus dans les entreprises de nettoyage employant plusieurs centaines ou milliers de personnes est tr\u00e8s exigeante. Mais maintenant, \"tout a chang\u00e9\", affirme Erich Stutzer. \"Notre CEO et son \u00e9quipe ma\u00eetrisent l'impossible\".<\/p>\n<h2><strong>Egalement exigeant sur le plan \u00e9motionnel<\/strong><\/h2>\n<p>Les effets du lockdown sur les entreprises et le personnel de nettoyage sont \u00e9galement v\u00e9cus par Me Claudia Habl\u00fctzel, licenci\u00e9e en droit et directrice de la CP Nettoyage. Depuis le 16 mars 2020, elle et son \u00e9quipe de juristes ont r\u00e9pondu \u00e0 plus de 1 500 demandes d'entreprises et de collaborateurs. Cela correspond \u00e0 un doublement par rapport \u00e0 avant la crise. \"Ces derni\u00e8res semaines, nous avons surtout t\u00e9l\u00e9phon\u00e9 et r\u00e9pondu \u00e0 des e-mails\", explique la juriste. Comme les clients tels que le commerce de d\u00e9tail, les restaurants, les coiffeurs, les \u00e9coles et les organisateurs d'\u00e9v\u00e9nements sont directement concern\u00e9s par la d\u00e9cision du Conseil f\u00e9d\u00e9ral et que de nombreuses entreprises sont pass\u00e9es au travail \u00e0 domicile, les entreprises de nettoyage ont d\u00fb r\u00e9agir avec flexibilit\u00e9 \u00e0 l'\u00e9volution des commandes. Beaucoup d'entre elles ont annonc\u00e9 le ch\u00f4mage partiel. La pression s'accentue donc sur les agents de nettoyage, qui s'inqui\u00e8tent d'une part pour leur emploi et leur salaire et d'autre part pour leur protection de la sant\u00e9. La CP Nettoyage les conseille \u00e9galement en ces temps \u00e9motionnellement exigeants. Claudia Habl\u00fctzel : \"Les gens sont inquiets et cherchent de l'aide aupr\u00e8s de nous. Certains agents de nettoyage veulent savoir comment le ch\u00f4mage partiel les affecte personnellement. Certains font partie du groupe \u00e0 risque et veulent des renseignements sur leur protection de la sant\u00e9. D'autres vivent sous le m\u00eame toit que des personnes appartenant au groupe \u00e0 risque et se demandent s'ils doivent continuer \u00e0 travailler\".<\/p>\n<h2><strong>Assurer l'hygi\u00e8ne et la protection de la sant\u00e9 Mise en \u0153uvre de la strat\u00e9gie de sortie<\/strong><\/h2>\n<p>Contrairement \u00e0 d'habitude, de tr\u00e8s nombreux nettoyeurs ind\u00e9pendants se sont \u00e9galement adress\u00e9s aux sp\u00e9cialistes de la CP Nettoyage au cours des derni\u00e8res semaines. Comme le Conseil f\u00e9d\u00e9ral a maintenant \u00e9galement pr\u00e9sent\u00e9 une solution financi\u00e8re pour les ind\u00e9pendants, on s'attend \u00e0 une diminution des demandes correspondantes. La directrice de la CP Nettoyage part en outre du principe que la strat\u00e9gie de sortie en trois \u00e9tapes du Conseil f\u00e9d\u00e9ral, pr\u00e9sent\u00e9e le 16 avril 2020, fera baisser le ch\u00f4mage partiel pour les agents de nettoyage dans les semaines \u00e0 venir. Selon elle, \"l'assouplissement des mesures exige un haut degr\u00e9 d'hygi\u00e8ne. C'est l\u00e0 que le travail des agents de nettoyage est n\u00e9cessaire\". Avec la poursuite des d\u00e9veloppements autour de la reprise de l'activit\u00e9 dans diff\u00e9rentes branches, de nouvelles et autres questions importantes se posent maintenant, qui concernent les entreprises de nettoyage et leurs collaborateurs. Claudia Habl\u00fctzel et son \u00e9quipe se pr\u00e9parent \u00e0 la prochaine vague d'appels t\u00e9l\u00e9phoniques et de courriels.<\/p>\n<p><em>Source et informations compl\u00e9mentaires : <a href=\"http:\/\/www.reineprofis.ch\">PK Nettoyage, www.reineprofis.ch<\/a><\/em><\/p>","protected":false},"excerpt":{"rendered":"<p>Die Coronavirus-Krise ver\u00e4ndert die Wahrnehmung verschiedener systemrelevanter Berufsgruppen. Die Reinigungskr\u00e4fte z\u00e4hlen dazu. Wie eine aktuelle Forsa-Umfrage aus Deutschland zeigt, halten 26% der Bev\u00f6lkerung die Geb\u00e4udereinigung heute f\u00fcr relevanter als vor der Pandemie. 96% empfinden die Arbeit der Reinigungskr\u00e4fte als sehr wichtig bzw. wichtig. Die Studie wurde im Auftrag des Bundesinnungsverbands des Geb\u00e4udereiniger-Handwerks durchgef\u00fchrt, der eine [&hellip;]<\/p>\n","protected":false},"author":4,"featured_media":6609,"comment_status":"closed","ping_status":"closed","sticky":false,"template":"","format":"standard","meta":{"_acf_changed":false,"_yoast_wpseo_focuskw":"Gesundheitsschutz","_yoast_wpseo_metadesc":"Bei der schrittweisen Lockerung spielen die Reinigungskr\u00e4fte eine wichtige Rolle. Denn hygienisch wirksame Reinigung ist wichtig f\u00fcr den Gesundheitsschutz.","articlekey":"","footnotes":""},"categories":[28],"tags":[77,132,244,335],"class_list":["post-6608","post","type-post","status-publish","format-standard","has-post-thumbnail","hentry","category-management","tag-betriebliches-gesundheitsmanagement","tag-coronavirus","tag-gesundheitsschutz","tag-management-und-unternehmensfuehrung"],"acf":[],"yoast_head":"<!-- This site is optimized with the Yoast SEO plugin v27.5 - https:\/\/yoast.com\/product\/yoast-seo-wordpress\/ -->\n<title>Coronavirus: F\u00fcr den Gesundheitsschutz ist die Reinigung systemrelevant - Organisator<\/title>\n<meta name=\"description\" content=\"Bei der schrittweisen Lockerung spielen die Reinigungskr\u00e4fte eine wichtige Rolle. Denn hygienisch wirksame Reinigung ist wichtig f\u00fcr den Gesundheitsschutz.\" \/>\n<meta name=\"robots\" content=\"index, follow, max-snippet:-1, max-image-preview:large, max-video-preview:-1\" \/>\n<link rel=\"canonical\" href=\"https:\/\/www.organisator.ch\/fr\/gestion-2\/2020-04-20\/coronavirus-fuer-den-gesundheitsschutz-ist-die-reinigung-systemrelevant\/\" \/>\n<meta property=\"og:locale\" content=\"fr_FR\" \/>\n<meta property=\"og:type\" content=\"article\" \/>\n<meta property=\"og:title\" content=\"Coronavirus: F\u00fcr den Gesundheitsschutz ist die Reinigung systemrelevant\" \/>\n<meta property=\"og:description\" content=\"Bei der schrittweisen Lockerung spielen die Reinigungskr\u00e4fte eine wichtige Rolle. Denn hygienisch wirksame Reinigung ist wichtig f\u00fcr den Gesundheitsschutz.\" \/>\n<meta property=\"og:url\" content=\"https:\/\/www.organisator.ch\/fr\/gestion-2\/2020-04-20\/coronavirus-fuer-den-gesundheitsschutz-ist-die-reinigung-systemrelevant\/\" \/>\n<meta property=\"og:site_name\" content=\"Organisator\" \/>\n<meta property=\"article:publisher\" content=\"https:\/\/www.facebook.com\/OrganisatorFachmagazin\" \/>\n<meta property=\"article:published_time\" content=\"2020-04-20T14:55:11+00:00\" \/>\n<meta property=\"og:image\" content=\"https:\/\/www.organisator.ch\/wp-content\/uploads\/2020\/04\/Coronavirus-Fuer-den-Gesundheitsschutz-ist-die-Reinigung-systemrelevant_Organisator.jpg\" \/>\n\t<meta property=\"og:image:width\" content=\"680\" \/>\n\t<meta property=\"og:image:height\" content=\"454\" \/>\n\t<meta property=\"og:image:type\" content=\"image\/jpeg\" \/>\n<meta name=\"author\" content=\"thomas.berner\" \/>\n<meta name=\"twitter:card\" content=\"summary_large_image\" \/>\n<meta name=\"twitter:title\" content=\"#Coronavirus: F\u00fcr den #Gesundheitsschutz ist die Reinigung #systemrelevant\" \/>\n<meta name=\"twitter:description\" content=\"Bei der schrittweisen Lockerung spielen die #Reinigungskr\u00e4fte eine wichtige Rolle. Denn hygienisch wirksame #Reinigung ist wichtig f\u00fcr den #Gesundheitsschutz.\" \/>\n<meta name=\"twitter:image\" content=\"https:\/\/www.organisator.ch\/wp-content\/uploads\/2020\/04\/Coronavirus-Fuer-den-Gesundheitsschutz-ist-die-Reinigung-systemrelevant_Organisator.jpg\" \/>\n<script type=\"application\/ld+json\" class=\"yoast-schema-graph\">{\"@context\":\"https:\\\/\\\/schema.org\",\"@graph\":[{\"@type\":\"Article\",\"@id\":\"https:\\\/\\\/www.organisator.ch\\\/management\\\/2020-04-20\\\/coronavirus-fuer-den-gesundheitsschutz-ist-die-reinigung-systemrelevant\\\/#article\",\"isPartOf\":{\"@id\":\"https:\\\/\\\/www.organisator.ch\\\/management\\\/2020-04-20\\\/coronavirus-fuer-den-gesundheitsschutz-ist-die-reinigung-systemrelevant\\\/\"},\"author\":{\"name\":\"thomas.berner\",\"@id\":\"https:\\\/\\\/www.organisator.ch\\\/#\\\/schema\\\/person\\\/6f650f90b2842cd4c0cc334b4e36f67e\"},\"headline\":\"Coronavirus: F\u00fcr den Gesundheitsschutz ist die Reinigung systemrelevant\",\"datePublished\":\"2020-04-20T14:55:11+00:00\",\"mainEntityOfPage\":{\"@id\":\"https:\\\/\\\/www.organisator.ch\\\/management\\\/2020-04-20\\\/coronavirus-fuer-den-gesundheitsschutz-ist-die-reinigung-systemrelevant\\\/\"},\"wordCount\":582,\"publisher\":{\"@id\":\"https:\\\/\\\/www.organisator.ch\\\/#organization\"},\"image\":{\"@id\":\"https:\\\/\\\/www.organisator.ch\\\/management\\\/2020-04-20\\\/coronavirus-fuer-den-gesundheitsschutz-ist-die-reinigung-systemrelevant\\\/#primaryimage\"},\"thumbnailUrl\":\"https:\\\/\\\/www.organisator.ch\\\/wp-content\\\/uploads\\\/2020\\\/04\\\/Coronavirus-Fuer-den-Gesundheitsschutz-ist-die-Reinigung-systemrelevant_Organisator.jpg\",\"keywords\":[\"Betriebliches Gesundheitsmanagement\",\"Coronavirus\",\"Gesundheitsschutz\",\"Management und Unternehmensf\u00fchrung\"],\"articleSection\":[\"MANAGEMENT\"],\"inLanguage\":\"fr-FR\"},{\"@type\":\"WebPage\",\"@id\":\"https:\\\/\\\/www.organisator.ch\\\/management\\\/2020-04-20\\\/coronavirus-fuer-den-gesundheitsschutz-ist-die-reinigung-systemrelevant\\\/\",\"url\":\"https:\\\/\\\/www.organisator.ch\\\/management\\\/2020-04-20\\\/coronavirus-fuer-den-gesundheitsschutz-ist-die-reinigung-systemrelevant\\\/\",\"name\":\"Coronavirus: F\u00fcr den Gesundheitsschutz ist die Reinigung systemrelevant - Organisator\",\"isPartOf\":{\"@id\":\"https:\\\/\\\/www.organisator.ch\\\/#website\"},\"primaryImageOfPage\":{\"@id\":\"https:\\\/\\\/www.organisator.ch\\\/management\\\/2020-04-20\\\/coronavirus-fuer-den-gesundheitsschutz-ist-die-reinigung-systemrelevant\\\/#primaryimage\"},\"image\":{\"@id\":\"https:\\\/\\\/www.organisator.ch\\\/management\\\/2020-04-20\\\/coronavirus-fuer-den-gesundheitsschutz-ist-die-reinigung-systemrelevant\\\/#primaryimage\"},\"thumbnailUrl\":\"https:\\\/\\\/www.organisator.ch\\\/wp-content\\\/uploads\\\/2020\\\/04\\\/Coronavirus-Fuer-den-Gesundheitsschutz-ist-die-Reinigung-systemrelevant_Organisator.jpg\",\"datePublished\":\"2020-04-20T14:55:11+00:00\",\"description\":\"Bei der schrittweisen Lockerung spielen die Reinigungskr\u00e4fte eine wichtige Rolle. Denn hygienisch wirksame Reinigung ist wichtig f\u00fcr den Gesundheitsschutz.\",\"breadcrumb\":{\"@id\":\"https:\\\/\\\/www.organisator.ch\\\/management\\\/2020-04-20\\\/coronavirus-fuer-den-gesundheitsschutz-ist-die-reinigung-systemrelevant\\\/#breadcrumb\"},\"inLanguage\":\"fr-FR\",\"potentialAction\":[{\"@type\":\"ReadAction\",\"target\":[\"https:\\\/\\\/www.organisator.ch\\\/management\\\/2020-04-20\\\/coronavirus-fuer-den-gesundheitsschutz-ist-die-reinigung-systemrelevant\\\/\"]}]},{\"@type\":\"ImageObject\",\"inLanguage\":\"fr-FR\",\"@id\":\"https:\\\/\\\/www.organisator.ch\\\/management\\\/2020-04-20\\\/coronavirus-fuer-den-gesundheitsschutz-ist-die-reinigung-systemrelevant\\\/#primaryimage\",\"url\":\"https:\\\/\\\/www.organisator.ch\\\/wp-content\\\/uploads\\\/2020\\\/04\\\/Coronavirus-Fuer-den-Gesundheitsschutz-ist-die-Reinigung-systemrelevant_Organisator.jpg\",\"contentUrl\":\"https:\\\/\\\/www.organisator.ch\\\/wp-content\\\/uploads\\\/2020\\\/04\\\/Coronavirus-Fuer-den-Gesundheitsschutz-ist-die-Reinigung-systemrelevant_Organisator.jpg\",\"width\":680,\"height\":454,\"caption\":\"Nicht nur bei der Spitalreinigung: Hygienische Reinigung wird im Zuge der Lockerung des Lockdowns in vielen anderen Unternehmen systemrelevant. (Bild: zVg \\\/ PK Reinigung)\"},{\"@type\":\"BreadcrumbList\",\"@id\":\"https:\\\/\\\/www.organisator.ch\\\/management\\\/2020-04-20\\\/coronavirus-fuer-den-gesundheitsschutz-ist-die-reinigung-systemrelevant\\\/#breadcrumb\",\"itemListElement\":[{\"@type\":\"ListItem\",\"position\":1,\"name\":\"Home\",\"item\":\"https:\\\/\\\/www.organisator.ch\\\/\"},{\"@type\":\"ListItem\",\"position\":2,\"name\":\"Coronavirus: F\u00fcr den Gesundheitsschutz ist die Reinigung systemrelevant\"}]},{\"@type\":\"WebSite\",\"@id\":\"https:\\\/\\\/www.organisator.ch\\\/#website\",\"url\":\"https:\\\/\\\/www.organisator.ch\\\/\",\"name\":\"Organisator\",\"description\":\"Kompetent. Praxisnah. Der ORGANISATOR bereitet in 10 Ausgaben pro Jahr die wesentlichen Themen f\u00fcr F\u00fchrungskr\u00e4fte von KMU auf.\",\"publisher\":{\"@id\":\"https:\\\/\\\/www.organisator.ch\\\/#organization\"},\"potentialAction\":[{\"@type\":\"SearchAction\",\"target\":{\"@type\":\"EntryPoint\",\"urlTemplate\":\"https:\\\/\\\/www.organisator.ch\\\/?s={search_term_string}\"},\"query-input\":{\"@type\":\"PropertyValueSpecification\",\"valueRequired\":true,\"valueName\":\"search_term_string\"}}],\"inLanguage\":\"fr-FR\"},{\"@type\":\"Organization\",\"@id\":\"https:\\\/\\\/www.organisator.ch\\\/#organization\",\"name\":\"Organisator\",\"url\":\"https:\\\/\\\/www.organisator.ch\\\/\",\"logo\":{\"@type\":\"ImageObject\",\"inLanguage\":\"fr-FR\",\"@id\":\"https:\\\/\\\/www.organisator.ch\\\/#\\\/schema\\\/logo\\\/image\\\/\",\"url\":\"https:\\\/\\\/www.organisator.ch\\\/wp-content\\\/uploads\\\/2022\\\/01\\\/Logo_Organisator_Website.png\",\"contentUrl\":\"https:\\\/\\\/www.organisator.ch\\\/wp-content\\\/uploads\\\/2022\\\/01\\\/Logo_Organisator_Website.png\",\"width\":800,\"height\":77,\"caption\":\"Organisator\"},\"image\":{\"@id\":\"https:\\\/\\\/www.organisator.ch\\\/#\\\/schema\\\/logo\\\/image\\\/\"},\"sameAs\":[\"https:\\\/\\\/www.facebook.com\\\/OrganisatorFachmagazin\",\"https:\\\/\\\/www.linkedin.com\\\/showcase\\\/organisator-das-magazin-fr-kmu\",\"https:\\\/\\\/www.xing.com\\\/news\\\/pages\\\/organisator-ch-695\",\"https:\\\/\\\/www.youtube.com\\\/channel\\\/UCGP2Sq0iWaZwT3BdIAQFYpw\"]},{\"@type\":\"Person\",\"@id\":\"https:\\\/\\\/www.organisator.ch\\\/#\\\/schema\\\/person\\\/6f650f90b2842cd4c0cc334b4e36f67e\",\"name\":\"thomas.berner\",\"image\":{\"@type\":\"ImageObject\",\"inLanguage\":\"fr-FR\",\"@id\":\"https:\\\/\\\/secure.gravatar.com\\\/avatar\\\/ac5001d2a36cb6c6cd3e50789007ffca834b477b74a2144564522e944eabff61?s=96&d=mm&r=g\",\"url\":\"https:\\\/\\\/secure.gravatar.com\\\/avatar\\\/ac5001d2a36cb6c6cd3e50789007ffca834b477b74a2144564522e944eabff61?s=96&d=mm&r=g\",\"contentUrl\":\"https:\\\/\\\/secure.gravatar.com\\\/avatar\\\/ac5001d2a36cb6c6cd3e50789007ffca834b477b74a2144564522e944eabff61?s=96&d=mm&r=g\",\"caption\":\"thomas.berner\"},\"url\":\"https:\\\/\\\/www.organisator.ch\\\/fr\\\/author\\\/thomas-berner\\\/\"}]}<\/script>\n<!-- \/ Yoast SEO plugin. -->","yoast_head_json":{"title":"Coronavirus : pour la protection de la sant\u00e9, le nettoyage est essentiel au syst\u00e8me - Organisateur","description":"Les agents de nettoyage jouent un r\u00f4le important dans cet assouplissement progressif. En effet, un nettoyage efficace sur le plan de l'hygi\u00e8ne est important pour la protection de la sant\u00e9.","robots":{"index":"index","follow":"follow","max-snippet":"max-snippet:-1","max-image-preview":"max-image-preview:large","max-video-preview":"max-video-preview:-1"},"canonical":"https:\/\/www.organisator.ch\/fr\/gestion-2\/2020-04-20\/coronavirus-fuer-den-gesundheitsschutz-ist-die-reinigung-systemrelevant\/","og_locale":"fr_FR","og_type":"article","og_title":"Coronavirus: F\u00fcr den Gesundheitsschutz ist die Reinigung systemrelevant","og_description":"Bei der schrittweisen Lockerung spielen die Reinigungskr\u00e4fte eine wichtige Rolle. Denn hygienisch wirksame Reinigung ist wichtig f\u00fcr den Gesundheitsschutz.","og_url":"https:\/\/www.organisator.ch\/fr\/gestion-2\/2020-04-20\/coronavirus-fuer-den-gesundheitsschutz-ist-die-reinigung-systemrelevant\/","og_site_name":"Organisator","article_publisher":"https:\/\/www.facebook.com\/OrganisatorFachmagazin","article_published_time":"2020-04-20T14:55:11+00:00","og_image":[{"width":680,"height":454,"url":"https:\/\/www.organisator.ch\/wp-content\/uploads\/2020\/04\/Coronavirus-Fuer-den-Gesundheitsschutz-ist-die-Reinigung-systemrelevant_Organisator.jpg","type":"image\/jpeg"}],"author":"thomas.berner","twitter_card":"summary_large_image","twitter_title":"#Coronavirus: F\u00fcr den #Gesundheitsschutz ist die Reinigung #systemrelevant","twitter_description":"Bei der schrittweisen Lockerung spielen die #Reinigungskr\u00e4fte eine wichtige Rolle. Denn hygienisch wirksame #Reinigung ist wichtig f\u00fcr den #Gesundheitsschutz.","twitter_image":"https:\/\/www.organisator.ch\/wp-content\/uploads\/2020\/04\/Coronavirus-Fuer-den-Gesundheitsschutz-ist-die-Reinigung-systemrelevant_Organisator.jpg","schema":{"@context":"https:\/\/schema.org","@graph":[{"@type":"Article","@id":"https:\/\/www.organisator.ch\/management\/2020-04-20\/coronavirus-fuer-den-gesundheitsschutz-ist-die-reinigung-systemrelevant\/#article","isPartOf":{"@id":"https:\/\/www.organisator.ch\/management\/2020-04-20\/coronavirus-fuer-den-gesundheitsschutz-ist-die-reinigung-systemrelevant\/"},"author":{"name":"thomas.berner","@id":"https:\/\/www.organisator.ch\/#\/schema\/person\/6f650f90b2842cd4c0cc334b4e36f67e"},"headline":"Coronavirus: F\u00fcr den Gesundheitsschutz ist die Reinigung systemrelevant","datePublished":"2020-04-20T14:55:11+00:00","mainEntityOfPage":{"@id":"https:\/\/www.organisator.ch\/management\/2020-04-20\/coronavirus-fuer-den-gesundheitsschutz-ist-die-reinigung-systemrelevant\/"},"wordCount":582,"publisher":{"@id":"https:\/\/www.organisator.ch\/#organization"},"image":{"@id":"https:\/\/www.organisator.ch\/management\/2020-04-20\/coronavirus-fuer-den-gesundheitsschutz-ist-die-reinigung-systemrelevant\/#primaryimage"},"thumbnailUrl":"https:\/\/www.organisator.ch\/wp-content\/uploads\/2020\/04\/Coronavirus-Fuer-den-Gesundheitsschutz-ist-die-Reinigung-systemrelevant_Organisator.jpg","keywords":["Betriebliches Gesundheitsmanagement","Coronavirus","Gesundheitsschutz","Management und Unternehmensf\u00fchrung"],"articleSection":["MANAGEMENT"],"inLanguage":"fr-FR"},{"@type":"WebPage","@id":"https:\/\/www.organisator.ch\/management\/2020-04-20\/coronavirus-fuer-den-gesundheitsschutz-ist-die-reinigung-systemrelevant\/","url":"https:\/\/www.organisator.ch\/management\/2020-04-20\/coronavirus-fuer-den-gesundheitsschutz-ist-die-reinigung-systemrelevant\/","name":"Coronavirus : pour la protection de la sant\u00e9, le nettoyage est essentiel au syst\u00e8me - Organisateur","isPartOf":{"@id":"https:\/\/www.organisator.ch\/#website"},"primaryImageOfPage":{"@id":"https:\/\/www.organisator.ch\/management\/2020-04-20\/coronavirus-fuer-den-gesundheitsschutz-ist-die-reinigung-systemrelevant\/#primaryimage"},"image":{"@id":"https:\/\/www.organisator.ch\/management\/2020-04-20\/coronavirus-fuer-den-gesundheitsschutz-ist-die-reinigung-systemrelevant\/#primaryimage"},"thumbnailUrl":"https:\/\/www.organisator.ch\/wp-content\/uploads\/2020\/04\/Coronavirus-Fuer-den-Gesundheitsschutz-ist-die-Reinigung-systemrelevant_Organisator.jpg","datePublished":"2020-04-20T14:55:11+00:00","description":"Les agents de nettoyage jouent un r\u00f4le important dans cet assouplissement progressif. En effet, un nettoyage efficace sur le plan de l'hygi\u00e8ne est important pour la protection de la sant\u00e9.","breadcrumb":{"@id":"https:\/\/www.organisator.ch\/management\/2020-04-20\/coronavirus-fuer-den-gesundheitsschutz-ist-die-reinigung-systemrelevant\/#breadcrumb"},"inLanguage":"fr-FR","potentialAction":[{"@type":"ReadAction","target":["https:\/\/www.organisator.ch\/management\/2020-04-20\/coronavirus-fuer-den-gesundheitsschutz-ist-die-reinigung-systemrelevant\/"]}]},{"@type":"ImageObject","inLanguage":"fr-FR","@id":"https:\/\/www.organisator.ch\/management\/2020-04-20\/coronavirus-fuer-den-gesundheitsschutz-ist-die-reinigung-systemrelevant\/#primaryimage","url":"https:\/\/www.organisator.ch\/wp-content\/uploads\/2020\/04\/Coronavirus-Fuer-den-Gesundheitsschutz-ist-die-Reinigung-systemrelevant_Organisator.jpg","contentUrl":"https:\/\/www.organisator.ch\/wp-content\/uploads\/2020\/04\/Coronavirus-Fuer-den-Gesundheitsschutz-ist-die-Reinigung-systemrelevant_Organisator.jpg","width":680,"height":454,"caption":"Nicht nur bei der Spitalreinigung: Hygienische Reinigung wird im Zuge der Lockerung des Lockdowns in vielen anderen Unternehmen systemrelevant. (Bild: zVg \/ PK Reinigung)"},{"@type":"BreadcrumbList","@id":"https:\/\/www.organisator.ch\/management\/2020-04-20\/coronavirus-fuer-den-gesundheitsschutz-ist-die-reinigung-systemrelevant\/#breadcrumb","itemListElement":[{"@type":"ListItem","position":1,"name":"Home","item":"https:\/\/www.organisator.ch\/"},{"@type":"ListItem","position":2,"name":"Coronavirus: F\u00fcr den Gesundheitsschutz ist die Reinigung systemrelevant"}]},{"@type":"WebSite","@id":"https:\/\/www.organisator.ch\/#website","url":"https:\/\/www.organisator.ch\/","name":"Organisateur","description":"Comp\u00e9tence et comp\u00e9tence. Proches de la pratique. L'ORGANISATEUR pr\u00e9pare 10 num\u00e9ros par an sur les th\u00e8mes essentiels pour les dirigeants de PME.","publisher":{"@id":"https:\/\/www.organisator.ch\/#organization"},"potentialAction":[{"@type":"SearchAction","target":{"@type":"EntryPoint","urlTemplate":"https:\/\/www.organisator.ch\/?s={search_term_string}"},"query-input":{"@type":"PropertyValueSpecification","valueRequired":true,"valueName":"search_term_string"}}],"inLanguage":"fr-FR"},{"@type":"Organization","@id":"https:\/\/www.organisator.ch\/#organization","name":"Organisateur","url":"https:\/\/www.organisator.ch\/","logo":{"@type":"ImageObject","inLanguage":"fr-FR","@id":"https:\/\/www.organisator.ch\/#\/schema\/logo\/image\/","url":"https:\/\/www.organisator.ch\/wp-content\/uploads\/2022\/01\/Logo_Organisator_Website.png","contentUrl":"https:\/\/www.organisator.ch\/wp-content\/uploads\/2022\/01\/Logo_Organisator_Website.png","width":800,"height":77,"caption":"Organisator"},"image":{"@id":"https:\/\/www.organisator.ch\/#\/schema\/logo\/image\/"},"sameAs":["https:\/\/www.facebook.com\/OrganisatorFachmagazin","https:\/\/www.linkedin.com\/showcase\/organisator-das-magazin-fr-kmu","https:\/\/www.xing.com\/news\/pages\/organisator-ch-695","https:\/\/www.youtube.com\/channel\/UCGP2Sq0iWaZwT3BdIAQFYpw"]},{"@type":"Person","@id":"https:\/\/www.organisator.ch\/#\/schema\/person\/6f650f90b2842cd4c0cc334b4e36f67e","name":"thomas.berner","image":{"@type":"ImageObject","inLanguage":"fr-FR","@id":"https:\/\/secure.gravatar.com\/avatar\/ac5001d2a36cb6c6cd3e50789007ffca834b477b74a2144564522e944eabff61?s=96&d=mm&r=g","url":"https:\/\/secure.gravatar.com\/avatar\/ac5001d2a36cb6c6cd3e50789007ffca834b477b74a2144564522e944eabff61?s=96&d=mm&r=g","contentUrl":"https:\/\/secure.gravatar.com\/avatar\/ac5001d2a36cb6c6cd3e50789007ffca834b477b74a2144564522e944eabff61?s=96&d=mm&r=g","caption":"thomas.berner"},"url":"https:\/\/www.organisator.ch\/fr\/author\/thomas-berner\/"}]}},"_links":{"self":[{"href":"https:\/\/www.organisator.ch\/fr\/wp-json\/wp\/v2\/posts\/6608","targetHints":{"allow":["GET"]}}],"collection":[{"href":"https:\/\/www.organisator.ch\/fr\/wp-json\/wp\/v2\/posts"}],"about":[{"href":"https:\/\/www.organisator.ch\/fr\/wp-json\/wp\/v2\/types\/post"}],"author":[{"embeddable":true,"href":"https:\/\/www.organisator.ch\/fr\/wp-json\/wp\/v2\/users\/4"}],"replies":[{"embeddable":true,"href":"https:\/\/www.organisator.ch\/fr\/wp-json\/wp\/v2\/comments?post=6608"}],"version-history":[{"count":0,"href":"https:\/\/www.organisator.ch\/fr\/wp-json\/wp\/v2\/posts\/6608\/revisions"}],"wp:featuredmedia":[{"embeddable":true,"href":"https:\/\/www.organisator.ch\/fr\/wp-json\/wp\/v2\/media\/6609"}],"wp:attachment":[{"href":"https:\/\/www.organisator.ch\/fr\/wp-json\/wp\/v2\/media?parent=6608"}],"wp:term":[{"taxonomy":"category","embeddable":true,"href":"https:\/\/www.organisator.ch\/fr\/wp-json\/wp\/v2\/categories?post=6608"},{"taxonomy":"post_tag","embeddable":true,"href":"https:\/\/www.organisator.ch\/fr\/wp-json\/wp\/v2\/tags?post=6608"}],"curies":[{"name":"wp","href":"https:\/\/api.w.org\/{rel}","templated":true}]}}