{"id":6624,"date":"2020-04-24T11:21:07","date_gmt":"2020-04-24T09:21:07","guid":{"rendered":"https:\/\/www.organisator.ch\/?p=6624"},"modified":"2020-04-24T11:21:07","modified_gmt":"2020-04-24T09:21:07","slug":"vor-der-aufhebung-des-lockdowns-praeventionsprodukte-fuer-hygiene-und-distanz-stehen-hoch-im-kurs","status":"publish","type":"post","link":"https:\/\/www.organisator.ch\/fr\/management\/2020-04-24\/vor-der-aufhebung-des-lockdowns-praeventionsprodukte-fuer-hygiene-und-distanz-stehen-hoch-im-kurs\/","title":{"rendered":"Avant la lev\u00e9e du lockdown : les produits de pr\u00e9vention pour l'hygi\u00e8ne et la distance ont la cote"},"content":{"rendered":"<figure id=\"attachment_6625\" aria-describedby=\"caption-attachment-6625\" style=\"width: 680px\" class=\"wp-caption alignnone\"><img loading=\"lazy\" decoding=\"async\" class=\"size-medium wp-image-6625\" src=\"https:\/\/www.organisator.ch\/wp-content\/uploads\/2020\/04\/Vor-der-Aufhebung-des-Lockdowns-Praeventionsprodukte-fuer-Hygiene-und-Distanz-stehen-hoch-im-Kurs_Organisator.jpg\" alt=\"\" width=\"680\" height=\"455\" srcset=\"https:\/\/www.organisator.ch\/wp-content\/uploads\/2020\/04\/Vor-der-Aufhebung-des-Lockdowns-Praeventionsprodukte-fuer-Hygiene-und-Distanz-stehen-hoch-im-Kurs_Organisator.jpg 680w, https:\/\/www.organisator.ch\/wp-content\/uploads\/2020\/04\/Vor-der-Aufhebung-des-Lockdowns-Praeventionsprodukte-fuer-Hygiene-und-Distanz-stehen-hoch-im-Kurs_Organisator-16x12.jpg 16w, https:\/\/www.organisator.ch\/wp-content\/uploads\/2020\/04\/Vor-der-Aufhebung-des-Lockdowns-Praeventionsprodukte-fuer-Hygiene-und-Distanz-stehen-hoch-im-Kurs_Organisator-262x175.jpg 262w, https:\/\/www.organisator.ch\/wp-content\/uploads\/2020\/04\/Vor-der-Aufhebung-des-Lockdowns-Praeventionsprodukte-fuer-Hygiene-und-Distanz-stehen-hoch-im-Kurs_Organisator-523x350.jpg 523w, https:\/\/www.organisator.ch\/wp-content\/uploads\/2020\/04\/Vor-der-Aufhebung-des-Lockdowns-Praeventionsprodukte-fuer-Hygiene-und-Distanz-stehen-hoch-im-Kurs_Organisator-300x201.jpg 300w\" sizes=\"auto, (max-width: 680px) 100vw, 680px\" \/><figcaption id=\"caption-attachment-6625\" class=\"wp-caption-text\">Totems pour d\u00e9sinfectants, masques d'hygi\u00e8ne, parois de protection transparentes : tout est pr\u00eat pour la lev\u00e9e du lockdown ? (Images : Westiform AG)<\/figcaption><\/figure>\n<p>Masques d'hygi\u00e8ne achet\u00e9s ? Des d\u00e9sinfectants sont-ils disponibles ? Des mesures de protection ont-elles \u00e9t\u00e9 mises en place pour les collaborateurs et les clients ? Ces questions pr\u00e9occupent actuellement de nombreuses entreprises en Suisse qui seront bient\u00f4t autoris\u00e9es \u00e0 rouvrir leurs magasins. Le besoin de produits et de solutions permettant de lever progressivement le lockdown tout en respectant les r\u00e8gles d'hygi\u00e8ne de l'OFSP est donc \u00e9lev\u00e9. L'entreprise familiale suisse Westiform, par exemple, a adapt\u00e9 son assortiment - comme l'ont d\u00e9j\u00e0 fait d'autres prestataires de services - et propose d\u00e9sormais des produits de pr\u00e9vention notamment pour les supermarch\u00e9s, les stations-service, les banques, les assurances, les cabinets m\u00e9dicaux, les pharmacies et les drogueries, la gastronomie, les tribunaux ainsi que de nombreux postes de travail de bureau.<\/p>\n<h2>Se pr\u00e9parer \u00e0 la lev\u00e9e du lockdown<\/h2>\n<p>Les derni\u00e8res nouveaut\u00e9s de la gamme sont par exemple les bornes de d\u00e9sinfection pour la d\u00e9sinfection des mains sans contact. D'une part, elles r\u00e9pondent au besoin permanent d'hygi\u00e8ne de la population et, d'autre part, elles peuvent \u00eatre plac\u00e9es sur le point de vente comme \u00e9l\u00e9ments de branding ou supports publicitaires efficaces, avec un \u00e9cran num\u00e9rique ou des surfaces publicitaires analogiques. Un autre module suppl\u00e9mentaire est le contr\u00f4le d'acc\u00e8s automatique pour r\u00e9guler le nombre de personnes dans la surface du magasin. \"Nous avons d\u00fb d\u00e9velopper nous-m\u00eames le syst\u00e8me de capteurs de d\u00e9sinfection sans contact dans un d\u00e9lai tr\u00e8s court, car les distributeurs \u00e0 capteurs sont \u00e9puis\u00e9s pendant des mois\", explique Simone B\u00e4chle, directrice de Westiform AG. Le r\u00e9servoir de d\u00e9sinfectant extra-large, d'une capacit\u00e9 allant jusqu'\u00e0 5 litres, permet d'espacer les recharges. Le choix du d\u00e9sinfectant est libre. Pour les clients int\u00e9ress\u00e9s par un paquet sans souci, l'entreprise propose en option une livraison r\u00e9guli\u00e8re de d\u00e9sinfectant.<\/p>\n<h2>Vitre antivirus \u00e9galement pour les bureaux paysagers<\/h2>\n<p>Il y a quelques semaines, la directrice de l'entreprise de publicit\u00e9 lumineuse et d'affichage num\u00e9rique n'aurait pas imagin\u00e9 cet \u00e9largissement de l'assortiment pourtant inhabituel. Apr\u00e8s avoir pris connaissance du catalogue de mesures et des cons\u00e9quences qui en d\u00e9coulent pour les projets en cours et planifi\u00e9s ainsi que des reports de projets en raison de l'arr\u00eat des investissements, Westiform s'est adapt\u00e9e aux exigences modifi\u00e9es du march\u00e9. \"Nous nous sommes demand\u00e9 comment nous pouvions aider nos clients pendant la crise et avons d\u00e9cid\u00e9 d'agir activement\", poursuit Simone B\u00e4chle. L'id\u00e9e a d'abord germ\u00e9 de fabriquer un disque anti-virus en plastique pour prot\u00e9ger les employ\u00e9s d'entreprises d'importance syst\u00e9mique comme les supermarch\u00e9s, les pharmacies, les cabinets m\u00e9dicaux, les stations-service, etc. contre une infection par gouttelettes. La machine laser, qui est normalement utilis\u00e9e pour la fabrication d'enseignes lumineuses, produit d\u00e9sormais principalement des disques au laser, car la demande est \u00e9norme. Entre-temps, Westiform propose, outre la protection contre les crachats pour les caisses et les comptoirs, des versions pour les bureaux afin de s\u00e9parer les postes de travail. \"Notre vitre anti-virus est suffisamment grande, enti\u00e8rement transparente et cr\u00e9e ainsi une barri\u00e8re physique mais pas visuelle\", explique Simone B\u00e4chle. La r\u00e9flexion sur la protection contre l'infection par gouttelettes a rapidement conduit son entreprise \u00e0 d\u00e9velopper un autre produit \"Physical Distancing\" : des masques bucco-nasaux en coton lavables \u00e0 95\u00b0. Ceux-ci sont fabriqu\u00e9s \u00e0 la main, dans les couleurs et le design souhait\u00e9s par les clients. Ils sont fabriqu\u00e9s sur des machines \u00e0 coudre en Suisse et en Allemagne.<\/p>\n<h2>Communication visuelle avec facteur de protection<\/h2>\n<p>Il faut s'attendre \u00e0 ce que des mesures de protection soient encore n\u00e9cessaires pendant longtemps. Le retour \u00e0 la \"normalit\u00e9\" sera li\u00e9 \u00e0 une s\u00e9rie de mesures de pr\u00e9caution. \"Les th\u00e8mes de la distance et de l'hygi\u00e8ne nous occuperont longtemps, c'est pourquoi il est judicieux d'investir dans des mesures de protection \u00e0 long terme\", souligne Mme B\u00e4chle, qui y voit bien s\u00fbr aussi de grandes opportunit\u00e9s pour son nouveau secteur d'activit\u00e9. Westiform est fi\u00e8re de pouvoir contribuer de cette mani\u00e8re \u00e0 la lutte contre Corona, donc \u00e0 la soci\u00e9t\u00e9 et en m\u00eame temps \u00e0 la p\u00e9rennit\u00e9 de l'entreprise familiale, poursuit la directrice. Jusqu'\u00e0 pr\u00e9sent, l'entreprise a pu renoncer au ch\u00f4mage partiel gr\u00e2ce \u00e0 cette nouvelle offre.<\/p>\n<p><em>Source : <a href=\"http:\/\/www.westiform.com\">Westiform AG<\/a><\/em><\/p>","protected":false},"excerpt":{"rendered":"<p>Hygienemasken eingekauft? Desinfektionsmittel vorhanden? Schutzmassnahmen f\u00fcr Mitarbeitende und Kunden eingerichtet? Mit diesen Fragen besch\u00e4ftigen sich derzeit viele Unternehmen in der Schweiz, die demn\u00e4chst ihre Gesch\u00e4fte wieder er\u00f6ffnen d\u00fcrfen. Entsprechend hoch ist auch der Bedarf an Produkten und L\u00f6sungen, die eine schrittweise Aufhebung des Lockdowns unter Einhaltung der Hygiene-Regeln des BAG erm\u00f6glichen sollen. Das Schweizer Familienunternehmen [&hellip;]<\/p>\n","protected":false},"author":4,"featured_media":6625,"comment_status":"closed","ping_status":"closed","sticky":false,"template":"","format":"standard","meta":{"_acf_changed":false,"_yoast_wpseo_focuskw":"Aufhebung des Lockdowns","_yoast_wpseo_metadesc":"Die Schweiz bereitet sich auf die schrittweise Aufhebung des Lockdowns vor. Grosse Herausforderung: Wie k\u00f6nnen Kunden und Mitarbeitende gesch\u00fctzt werden.","articlekey":"","footnotes":""},"categories":[28],"tags":[51,77,132,393],"class_list":["post-6624","post","type-post","status-publish","format-standard","has-post-thumbnail","hentry","category-management","tag-arbeitsplatzgestaltung","tag-betriebliches-gesundheitsmanagement","tag-coronavirus","tag-produkte"],"acf":[],"yoast_head":"<!-- This site is optimized with the Yoast SEO plugin v27.4 - https:\/\/yoast.com\/product\/yoast-seo-wordpress\/ -->\n<title>Vor der Aufhebung des Lockdowns: Pr\u00e4ventionsprodukte f\u00fcr Hygiene und Distanz stehen hoch im Kurs - Organisator<\/title>\n<meta name=\"description\" content=\"Die Schweiz bereitet sich auf die schrittweise Aufhebung des Lockdowns vor. Grosse Herausforderung: Wie k\u00f6nnen Kunden und Mitarbeitende gesch\u00fctzt werden.\" \/>\n<meta name=\"robots\" content=\"index, follow, max-snippet:-1, max-image-preview:large, max-video-preview:-1\" \/>\n<link rel=\"canonical\" href=\"https:\/\/www.organisator.ch\/fr\/gestion-2\/2020-04-24\/vor-der-aufhebung-des-lockdowns-praeventionsprodukte-fuer-hygiene-und-distanz-stehen-hoch-im-kurs\/\" \/>\n<meta property=\"og:locale\" content=\"fr_FR\" \/>\n<meta property=\"og:type\" content=\"article\" \/>\n<meta property=\"og:title\" content=\"Vor der Aufhebung des Lockdowns: Pr\u00e4ventionsprodukte f\u00fcr Hygiene und Distanz stehen hoch im Kurs\" \/>\n<meta property=\"og:description\" content=\"Die Schweiz bereitet sich auf die schrittweise Aufhebung des Lockdowns vor. Grosse Herausforderung: Wie k\u00f6nnen Kunden und Mitarbeitende gesch\u00fctzt werden.\" \/>\n<meta property=\"og:url\" content=\"https:\/\/www.organisator.ch\/fr\/gestion-2\/2020-04-24\/vor-der-aufhebung-des-lockdowns-praeventionsprodukte-fuer-hygiene-und-distanz-stehen-hoch-im-kurs\/\" \/>\n<meta property=\"og:site_name\" content=\"Organisator\" \/>\n<meta property=\"article:publisher\" content=\"https:\/\/www.facebook.com\/OrganisatorFachmagazin\" \/>\n<meta property=\"article:published_time\" content=\"2020-04-24T09:21:07+00:00\" \/>\n<meta property=\"og:image\" content=\"https:\/\/www.organisator.ch\/wp-content\/uploads\/2020\/04\/Vor-der-Aufhebung-des-Lockdowns-Praeventionsprodukte-fuer-Hygiene-und-Distanz-stehen-hoch-im-Kurs_Organisator.jpg\" \/>\n\t<meta property=\"og:image:width\" content=\"680\" \/>\n\t<meta property=\"og:image:height\" content=\"455\" \/>\n\t<meta property=\"og:image:type\" content=\"image\/jpeg\" \/>\n<meta name=\"author\" content=\"thomas.berner\" \/>\n<meta name=\"twitter:card\" content=\"summary_large_image\" \/>\n<meta name=\"twitter:title\" content=\"Vor der Aufhebung des #Lockdowns: #Pr\u00e4ventionsprodukte f\u00fcr #Hygiene und Distanz stehen hoch im Kurs\" \/>\n<meta name=\"twitter:description\" content=\"Die Schweiz bereitet sich auf die schrittweise Aufhebung des #Lockdowns vor. Grosse #Herausforderung: Wie k\u00f6nnen Kunden und Mitarbeitende gesch\u00fctzt werden.\" \/>\n<meta name=\"twitter:image\" content=\"https:\/\/www.organisator.ch\/wp-content\/uploads\/2020\/04\/Vor-der-Aufhebung-des-Lockdowns-Praeventionsprodukte-fuer-Hygiene-und-Distanz-stehen-hoch-im-Kurs_Organisator.jpg\" \/>\n<script type=\"application\/ld+json\" class=\"yoast-schema-graph\">{\"@context\":\"https:\\\/\\\/schema.org\",\"@graph\":[{\"@type\":\"Article\",\"@id\":\"https:\\\/\\\/www.organisator.ch\\\/management\\\/2020-04-24\\\/vor-der-aufhebung-des-lockdowns-praeventionsprodukte-fuer-hygiene-und-distanz-stehen-hoch-im-kurs\\\/#article\",\"isPartOf\":{\"@id\":\"https:\\\/\\\/www.organisator.ch\\\/management\\\/2020-04-24\\\/vor-der-aufhebung-des-lockdowns-praeventionsprodukte-fuer-hygiene-und-distanz-stehen-hoch-im-kurs\\\/\"},\"author\":{\"name\":\"thomas.berner\",\"@id\":\"https:\\\/\\\/www.organisator.ch\\\/#\\\/schema\\\/person\\\/6f650f90b2842cd4c0cc334b4e36f67e\"},\"headline\":\"Vor der Aufhebung des Lockdowns: Pr\u00e4ventionsprodukte f\u00fcr Hygiene und Distanz stehen hoch im Kurs\",\"datePublished\":\"2020-04-24T09:21:07+00:00\",\"mainEntityOfPage\":{\"@id\":\"https:\\\/\\\/www.organisator.ch\\\/management\\\/2020-04-24\\\/vor-der-aufhebung-des-lockdowns-praeventionsprodukte-fuer-hygiene-und-distanz-stehen-hoch-im-kurs\\\/\"},\"wordCount\":633,\"publisher\":{\"@id\":\"https:\\\/\\\/www.organisator.ch\\\/#organization\"},\"image\":{\"@id\":\"https:\\\/\\\/www.organisator.ch\\\/management\\\/2020-04-24\\\/vor-der-aufhebung-des-lockdowns-praeventionsprodukte-fuer-hygiene-und-distanz-stehen-hoch-im-kurs\\\/#primaryimage\"},\"thumbnailUrl\":\"https:\\\/\\\/www.organisator.ch\\\/wp-content\\\/uploads\\\/2020\\\/04\\\/Vor-der-Aufhebung-des-Lockdowns-Praeventionsprodukte-fuer-Hygiene-und-Distanz-stehen-hoch-im-Kurs_Organisator.jpg\",\"keywords\":[\"Arbeitsplatzgestaltung\",\"Betriebliches Gesundheitsmanagement\",\"Coronavirus\",\"Produkte\"],\"articleSection\":[\"MANAGEMENT\"],\"inLanguage\":\"fr-FR\"},{\"@type\":\"WebPage\",\"@id\":\"https:\\\/\\\/www.organisator.ch\\\/management\\\/2020-04-24\\\/vor-der-aufhebung-des-lockdowns-praeventionsprodukte-fuer-hygiene-und-distanz-stehen-hoch-im-kurs\\\/\",\"url\":\"https:\\\/\\\/www.organisator.ch\\\/management\\\/2020-04-24\\\/vor-der-aufhebung-des-lockdowns-praeventionsprodukte-fuer-hygiene-und-distanz-stehen-hoch-im-kurs\\\/\",\"name\":\"Vor der Aufhebung des Lockdowns: Pr\u00e4ventionsprodukte f\u00fcr Hygiene und Distanz stehen hoch im Kurs - Organisator\",\"isPartOf\":{\"@id\":\"https:\\\/\\\/www.organisator.ch\\\/#website\"},\"primaryImageOfPage\":{\"@id\":\"https:\\\/\\\/www.organisator.ch\\\/management\\\/2020-04-24\\\/vor-der-aufhebung-des-lockdowns-praeventionsprodukte-fuer-hygiene-und-distanz-stehen-hoch-im-kurs\\\/#primaryimage\"},\"image\":{\"@id\":\"https:\\\/\\\/www.organisator.ch\\\/management\\\/2020-04-24\\\/vor-der-aufhebung-des-lockdowns-praeventionsprodukte-fuer-hygiene-und-distanz-stehen-hoch-im-kurs\\\/#primaryimage\"},\"thumbnailUrl\":\"https:\\\/\\\/www.organisator.ch\\\/wp-content\\\/uploads\\\/2020\\\/04\\\/Vor-der-Aufhebung-des-Lockdowns-Praeventionsprodukte-fuer-Hygiene-und-Distanz-stehen-hoch-im-Kurs_Organisator.jpg\",\"datePublished\":\"2020-04-24T09:21:07+00:00\",\"description\":\"Die Schweiz bereitet sich auf die schrittweise Aufhebung des Lockdowns vor. Grosse Herausforderung: Wie k\u00f6nnen Kunden und Mitarbeitende gesch\u00fctzt werden.\",\"breadcrumb\":{\"@id\":\"https:\\\/\\\/www.organisator.ch\\\/management\\\/2020-04-24\\\/vor-der-aufhebung-des-lockdowns-praeventionsprodukte-fuer-hygiene-und-distanz-stehen-hoch-im-kurs\\\/#breadcrumb\"},\"inLanguage\":\"fr-FR\",\"potentialAction\":[{\"@type\":\"ReadAction\",\"target\":[\"https:\\\/\\\/www.organisator.ch\\\/management\\\/2020-04-24\\\/vor-der-aufhebung-des-lockdowns-praeventionsprodukte-fuer-hygiene-und-distanz-stehen-hoch-im-kurs\\\/\"]}]},{\"@type\":\"ImageObject\",\"inLanguage\":\"fr-FR\",\"@id\":\"https:\\\/\\\/www.organisator.ch\\\/management\\\/2020-04-24\\\/vor-der-aufhebung-des-lockdowns-praeventionsprodukte-fuer-hygiene-und-distanz-stehen-hoch-im-kurs\\\/#primaryimage\",\"url\":\"https:\\\/\\\/www.organisator.ch\\\/wp-content\\\/uploads\\\/2020\\\/04\\\/Vor-der-Aufhebung-des-Lockdowns-Praeventionsprodukte-fuer-Hygiene-und-Distanz-stehen-hoch-im-Kurs_Organisator.jpg\",\"contentUrl\":\"https:\\\/\\\/www.organisator.ch\\\/wp-content\\\/uploads\\\/2020\\\/04\\\/Vor-der-Aufhebung-des-Lockdowns-Praeventionsprodukte-fuer-Hygiene-und-Distanz-stehen-hoch-im-Kurs_Organisator.jpg\",\"width\":680,\"height\":455,\"caption\":\"Stelen f\u00fcr Desinfektionsmittel, Hygienemasken, transparente Schutzw\u00e4nde: Alles bereit f\u00fcr die Aufhebung des Lockdowns?\"},{\"@type\":\"BreadcrumbList\",\"@id\":\"https:\\\/\\\/www.organisator.ch\\\/management\\\/2020-04-24\\\/vor-der-aufhebung-des-lockdowns-praeventionsprodukte-fuer-hygiene-und-distanz-stehen-hoch-im-kurs\\\/#breadcrumb\",\"itemListElement\":[{\"@type\":\"ListItem\",\"position\":1,\"name\":\"Home\",\"item\":\"https:\\\/\\\/www.organisator.ch\\\/\"},{\"@type\":\"ListItem\",\"position\":2,\"name\":\"Vor der Aufhebung des Lockdowns: Pr\u00e4ventionsprodukte f\u00fcr Hygiene und Distanz stehen hoch im Kurs\"}]},{\"@type\":\"WebSite\",\"@id\":\"https:\\\/\\\/www.organisator.ch\\\/#website\",\"url\":\"https:\\\/\\\/www.organisator.ch\\\/\",\"name\":\"Organisator\",\"description\":\"Kompetent. Praxisnah. Der ORGANISATOR bereitet in 10 Ausgaben pro Jahr die wesentlichen Themen f\u00fcr F\u00fchrungskr\u00e4fte von KMU auf.\",\"publisher\":{\"@id\":\"https:\\\/\\\/www.organisator.ch\\\/#organization\"},\"potentialAction\":[{\"@type\":\"SearchAction\",\"target\":{\"@type\":\"EntryPoint\",\"urlTemplate\":\"https:\\\/\\\/www.organisator.ch\\\/?s={search_term_string}\"},\"query-input\":{\"@type\":\"PropertyValueSpecification\",\"valueRequired\":true,\"valueName\":\"search_term_string\"}}],\"inLanguage\":\"fr-FR\"},{\"@type\":\"Organization\",\"@id\":\"https:\\\/\\\/www.organisator.ch\\\/#organization\",\"name\":\"Organisator\",\"url\":\"https:\\\/\\\/www.organisator.ch\\\/\",\"logo\":{\"@type\":\"ImageObject\",\"inLanguage\":\"fr-FR\",\"@id\":\"https:\\\/\\\/www.organisator.ch\\\/#\\\/schema\\\/logo\\\/image\\\/\",\"url\":\"https:\\\/\\\/www.organisator.ch\\\/wp-content\\\/uploads\\\/2022\\\/01\\\/Logo_Organisator_Website.png\",\"contentUrl\":\"https:\\\/\\\/www.organisator.ch\\\/wp-content\\\/uploads\\\/2022\\\/01\\\/Logo_Organisator_Website.png\",\"width\":800,\"height\":77,\"caption\":\"Organisator\"},\"image\":{\"@id\":\"https:\\\/\\\/www.organisator.ch\\\/#\\\/schema\\\/logo\\\/image\\\/\"},\"sameAs\":[\"https:\\\/\\\/www.facebook.com\\\/OrganisatorFachmagazin\",\"https:\\\/\\\/www.linkedin.com\\\/showcase\\\/organisator-das-magazin-fr-kmu\",\"https:\\\/\\\/www.xing.com\\\/news\\\/pages\\\/organisator-ch-695\",\"https:\\\/\\\/www.youtube.com\\\/channel\\\/UCGP2Sq0iWaZwT3BdIAQFYpw\"]},{\"@type\":\"Person\",\"@id\":\"https:\\\/\\\/www.organisator.ch\\\/#\\\/schema\\\/person\\\/6f650f90b2842cd4c0cc334b4e36f67e\",\"name\":\"thomas.berner\",\"image\":{\"@type\":\"ImageObject\",\"inLanguage\":\"fr-FR\",\"@id\":\"https:\\\/\\\/secure.gravatar.com\\\/avatar\\\/ac5001d2a36cb6c6cd3e50789007ffca834b477b74a2144564522e944eabff61?s=96&d=mm&r=g\",\"url\":\"https:\\\/\\\/secure.gravatar.com\\\/avatar\\\/ac5001d2a36cb6c6cd3e50789007ffca834b477b74a2144564522e944eabff61?s=96&d=mm&r=g\",\"contentUrl\":\"https:\\\/\\\/secure.gravatar.com\\\/avatar\\\/ac5001d2a36cb6c6cd3e50789007ffca834b477b74a2144564522e944eabff61?s=96&d=mm&r=g\",\"caption\":\"thomas.berner\"},\"url\":\"https:\\\/\\\/www.organisator.ch\\\/fr\\\/author\\\/thomas-berner\\\/\"}]}<\/script>\n<!-- \/ Yoast SEO plugin. -->","yoast_head_json":{"title":"Avant la lev\u00e9e du lockdown : les produits de pr\u00e9vention pour l'hygi\u00e8ne et la distance ont la cote - Organisateur","description":"La Suisse se pr\u00e9pare \u00e0 la lev\u00e9e progressive du lockdown. Grand d\u00e9fi : comment prot\u00e9ger les clients et les collaborateurs.","robots":{"index":"index","follow":"follow","max-snippet":"max-snippet:-1","max-image-preview":"max-image-preview:large","max-video-preview":"max-video-preview:-1"},"canonical":"https:\/\/www.organisator.ch\/fr\/gestion-2\/2020-04-24\/vor-der-aufhebung-des-lockdowns-praeventionsprodukte-fuer-hygiene-und-distanz-stehen-hoch-im-kurs\/","og_locale":"fr_FR","og_type":"article","og_title":"Vor der Aufhebung des Lockdowns: Pr\u00e4ventionsprodukte f\u00fcr Hygiene und Distanz stehen hoch im Kurs","og_description":"Die Schweiz bereitet sich auf die schrittweise Aufhebung des Lockdowns vor. Grosse Herausforderung: Wie k\u00f6nnen Kunden und Mitarbeitende gesch\u00fctzt werden.","og_url":"https:\/\/www.organisator.ch\/fr\/gestion-2\/2020-04-24\/vor-der-aufhebung-des-lockdowns-praeventionsprodukte-fuer-hygiene-und-distanz-stehen-hoch-im-kurs\/","og_site_name":"Organisator","article_publisher":"https:\/\/www.facebook.com\/OrganisatorFachmagazin","article_published_time":"2020-04-24T09:21:07+00:00","og_image":[{"width":680,"height":455,"url":"https:\/\/www.organisator.ch\/wp-content\/uploads\/2020\/04\/Vor-der-Aufhebung-des-Lockdowns-Praeventionsprodukte-fuer-Hygiene-und-Distanz-stehen-hoch-im-Kurs_Organisator.jpg","type":"image\/jpeg"}],"author":"thomas.berner","twitter_card":"summary_large_image","twitter_title":"Vor der Aufhebung des #Lockdowns: #Pr\u00e4ventionsprodukte f\u00fcr #Hygiene und Distanz stehen hoch im Kurs","twitter_description":"Die Schweiz bereitet sich auf die schrittweise Aufhebung des #Lockdowns vor. Grosse #Herausforderung: Wie k\u00f6nnen Kunden und Mitarbeitende gesch\u00fctzt werden.","twitter_image":"https:\/\/www.organisator.ch\/wp-content\/uploads\/2020\/04\/Vor-der-Aufhebung-des-Lockdowns-Praeventionsprodukte-fuer-Hygiene-und-Distanz-stehen-hoch-im-Kurs_Organisator.jpg","schema":{"@context":"https:\/\/schema.org","@graph":[{"@type":"Article","@id":"https:\/\/www.organisator.ch\/management\/2020-04-24\/vor-der-aufhebung-des-lockdowns-praeventionsprodukte-fuer-hygiene-und-distanz-stehen-hoch-im-kurs\/#article","isPartOf":{"@id":"https:\/\/www.organisator.ch\/management\/2020-04-24\/vor-der-aufhebung-des-lockdowns-praeventionsprodukte-fuer-hygiene-und-distanz-stehen-hoch-im-kurs\/"},"author":{"name":"thomas.berner","@id":"https:\/\/www.organisator.ch\/#\/schema\/person\/6f650f90b2842cd4c0cc334b4e36f67e"},"headline":"Vor der Aufhebung des Lockdowns: Pr\u00e4ventionsprodukte f\u00fcr Hygiene und Distanz stehen hoch im Kurs","datePublished":"2020-04-24T09:21:07+00:00","mainEntityOfPage":{"@id":"https:\/\/www.organisator.ch\/management\/2020-04-24\/vor-der-aufhebung-des-lockdowns-praeventionsprodukte-fuer-hygiene-und-distanz-stehen-hoch-im-kurs\/"},"wordCount":633,"publisher":{"@id":"https:\/\/www.organisator.ch\/#organization"},"image":{"@id":"https:\/\/www.organisator.ch\/management\/2020-04-24\/vor-der-aufhebung-des-lockdowns-praeventionsprodukte-fuer-hygiene-und-distanz-stehen-hoch-im-kurs\/#primaryimage"},"thumbnailUrl":"https:\/\/www.organisator.ch\/wp-content\/uploads\/2020\/04\/Vor-der-Aufhebung-des-Lockdowns-Praeventionsprodukte-fuer-Hygiene-und-Distanz-stehen-hoch-im-Kurs_Organisator.jpg","keywords":["Arbeitsplatzgestaltung","Betriebliches Gesundheitsmanagement","Coronavirus","Produkte"],"articleSection":["MANAGEMENT"],"inLanguage":"fr-FR"},{"@type":"WebPage","@id":"https:\/\/www.organisator.ch\/management\/2020-04-24\/vor-der-aufhebung-des-lockdowns-praeventionsprodukte-fuer-hygiene-und-distanz-stehen-hoch-im-kurs\/","url":"https:\/\/www.organisator.ch\/management\/2020-04-24\/vor-der-aufhebung-des-lockdowns-praeventionsprodukte-fuer-hygiene-und-distanz-stehen-hoch-im-kurs\/","name":"Avant la lev\u00e9e du lockdown : les produits de pr\u00e9vention pour l'hygi\u00e8ne et la distance ont la cote - Organisateur","isPartOf":{"@id":"https:\/\/www.organisator.ch\/#website"},"primaryImageOfPage":{"@id":"https:\/\/www.organisator.ch\/management\/2020-04-24\/vor-der-aufhebung-des-lockdowns-praeventionsprodukte-fuer-hygiene-und-distanz-stehen-hoch-im-kurs\/#primaryimage"},"image":{"@id":"https:\/\/www.organisator.ch\/management\/2020-04-24\/vor-der-aufhebung-des-lockdowns-praeventionsprodukte-fuer-hygiene-und-distanz-stehen-hoch-im-kurs\/#primaryimage"},"thumbnailUrl":"https:\/\/www.organisator.ch\/wp-content\/uploads\/2020\/04\/Vor-der-Aufhebung-des-Lockdowns-Praeventionsprodukte-fuer-Hygiene-und-Distanz-stehen-hoch-im-Kurs_Organisator.jpg","datePublished":"2020-04-24T09:21:07+00:00","description":"La Suisse se pr\u00e9pare \u00e0 la lev\u00e9e progressive du lockdown. Grand d\u00e9fi : comment prot\u00e9ger les clients et les collaborateurs.","breadcrumb":{"@id":"https:\/\/www.organisator.ch\/management\/2020-04-24\/vor-der-aufhebung-des-lockdowns-praeventionsprodukte-fuer-hygiene-und-distanz-stehen-hoch-im-kurs\/#breadcrumb"},"inLanguage":"fr-FR","potentialAction":[{"@type":"ReadAction","target":["https:\/\/www.organisator.ch\/management\/2020-04-24\/vor-der-aufhebung-des-lockdowns-praeventionsprodukte-fuer-hygiene-und-distanz-stehen-hoch-im-kurs\/"]}]},{"@type":"ImageObject","inLanguage":"fr-FR","@id":"https:\/\/www.organisator.ch\/management\/2020-04-24\/vor-der-aufhebung-des-lockdowns-praeventionsprodukte-fuer-hygiene-und-distanz-stehen-hoch-im-kurs\/#primaryimage","url":"https:\/\/www.organisator.ch\/wp-content\/uploads\/2020\/04\/Vor-der-Aufhebung-des-Lockdowns-Praeventionsprodukte-fuer-Hygiene-und-Distanz-stehen-hoch-im-Kurs_Organisator.jpg","contentUrl":"https:\/\/www.organisator.ch\/wp-content\/uploads\/2020\/04\/Vor-der-Aufhebung-des-Lockdowns-Praeventionsprodukte-fuer-Hygiene-und-Distanz-stehen-hoch-im-Kurs_Organisator.jpg","width":680,"height":455,"caption":"Stelen f\u00fcr Desinfektionsmittel, Hygienemasken, transparente Schutzw\u00e4nde: Alles bereit f\u00fcr die Aufhebung des Lockdowns?"},{"@type":"BreadcrumbList","@id":"https:\/\/www.organisator.ch\/management\/2020-04-24\/vor-der-aufhebung-des-lockdowns-praeventionsprodukte-fuer-hygiene-und-distanz-stehen-hoch-im-kurs\/#breadcrumb","itemListElement":[{"@type":"ListItem","position":1,"name":"Home","item":"https:\/\/www.organisator.ch\/"},{"@type":"ListItem","position":2,"name":"Vor der Aufhebung des Lockdowns: Pr\u00e4ventionsprodukte f\u00fcr Hygiene und Distanz stehen hoch im Kurs"}]},{"@type":"WebSite","@id":"https:\/\/www.organisator.ch\/#website","url":"https:\/\/www.organisator.ch\/","name":"Organisateur","description":"Comp\u00e9tence et comp\u00e9tence. Proches de la pratique. L'ORGANISATEUR pr\u00e9pare 10 num\u00e9ros par an sur les th\u00e8mes essentiels pour les dirigeants de PME.","publisher":{"@id":"https:\/\/www.organisator.ch\/#organization"},"potentialAction":[{"@type":"SearchAction","target":{"@type":"EntryPoint","urlTemplate":"https:\/\/www.organisator.ch\/?s={search_term_string}"},"query-input":{"@type":"PropertyValueSpecification","valueRequired":true,"valueName":"search_term_string"}}],"inLanguage":"fr-FR"},{"@type":"Organization","@id":"https:\/\/www.organisator.ch\/#organization","name":"Organisateur","url":"https:\/\/www.organisator.ch\/","logo":{"@type":"ImageObject","inLanguage":"fr-FR","@id":"https:\/\/www.organisator.ch\/#\/schema\/logo\/image\/","url":"https:\/\/www.organisator.ch\/wp-content\/uploads\/2022\/01\/Logo_Organisator_Website.png","contentUrl":"https:\/\/www.organisator.ch\/wp-content\/uploads\/2022\/01\/Logo_Organisator_Website.png","width":800,"height":77,"caption":"Organisator"},"image":{"@id":"https:\/\/www.organisator.ch\/#\/schema\/logo\/image\/"},"sameAs":["https:\/\/www.facebook.com\/OrganisatorFachmagazin","https:\/\/www.linkedin.com\/showcase\/organisator-das-magazin-fr-kmu","https:\/\/www.xing.com\/news\/pages\/organisator-ch-695","https:\/\/www.youtube.com\/channel\/UCGP2Sq0iWaZwT3BdIAQFYpw"]},{"@type":"Person","@id":"https:\/\/www.organisator.ch\/#\/schema\/person\/6f650f90b2842cd4c0cc334b4e36f67e","name":"thomas.berner","image":{"@type":"ImageObject","inLanguage":"fr-FR","@id":"https:\/\/secure.gravatar.com\/avatar\/ac5001d2a36cb6c6cd3e50789007ffca834b477b74a2144564522e944eabff61?s=96&d=mm&r=g","url":"https:\/\/secure.gravatar.com\/avatar\/ac5001d2a36cb6c6cd3e50789007ffca834b477b74a2144564522e944eabff61?s=96&d=mm&r=g","contentUrl":"https:\/\/secure.gravatar.com\/avatar\/ac5001d2a36cb6c6cd3e50789007ffca834b477b74a2144564522e944eabff61?s=96&d=mm&r=g","caption":"thomas.berner"},"url":"https:\/\/www.organisator.ch\/fr\/author\/thomas-berner\/"}]}},"_links":{"self":[{"href":"https:\/\/www.organisator.ch\/fr\/wp-json\/wp\/v2\/posts\/6624","targetHints":{"allow":["GET"]}}],"collection":[{"href":"https:\/\/www.organisator.ch\/fr\/wp-json\/wp\/v2\/posts"}],"about":[{"href":"https:\/\/www.organisator.ch\/fr\/wp-json\/wp\/v2\/types\/post"}],"author":[{"embeddable":true,"href":"https:\/\/www.organisator.ch\/fr\/wp-json\/wp\/v2\/users\/4"}],"replies":[{"embeddable":true,"href":"https:\/\/www.organisator.ch\/fr\/wp-json\/wp\/v2\/comments?post=6624"}],"version-history":[{"count":0,"href":"https:\/\/www.organisator.ch\/fr\/wp-json\/wp\/v2\/posts\/6624\/revisions"}],"wp:featuredmedia":[{"embeddable":true,"href":"https:\/\/www.organisator.ch\/fr\/wp-json\/wp\/v2\/media\/6625"}],"wp:attachment":[{"href":"https:\/\/www.organisator.ch\/fr\/wp-json\/wp\/v2\/media?parent=6624"}],"wp:term":[{"taxonomy":"category","embeddable":true,"href":"https:\/\/www.organisator.ch\/fr\/wp-json\/wp\/v2\/categories?post=6624"},{"taxonomy":"post_tag","embeddable":true,"href":"https:\/\/www.organisator.ch\/fr\/wp-json\/wp\/v2\/tags?post=6624"}],"curies":[{"name":"wp","href":"https:\/\/api.w.org\/{rel}","templated":true}]}}