{"id":663,"date":"2016-10-17T14:23:14","date_gmt":"2016-10-17T12:23:14","guid":{"rendered":"http:\/\/dev.organisator.ch\/?p=663"},"modified":"2016-10-17T14:23:14","modified_gmt":"2016-10-17T12:23:14","slug":"3390-firmenpleiten-in-den-ersten-neun-monaten-2016","status":"publish","type":"post","link":"https:\/\/www.organisator.ch\/fr\/allgemein\/2016-10-17\/3390-firmenpleiten-in-den-ersten-neun-monaten-2016\/","title":{"rendered":"3 390 faillites d'entreprises au cours des neuf premiers mois de 2016"},"content":{"rendered":"<figure id=\"attachment_664\" aria-describedby=\"caption-attachment-664\" style=\"width: 680px\" class=\"wp-caption alignnone\"><img loading=\"lazy\" decoding=\"async\" class=\"size-medium wp-image-664\" src=\"https:\/\/organisator.ch\/wp-content\/uploads\/2016\/12\/3\u2018390-Firmenpleiten-in-den-ersten-neun-Monaten-2016-organisator.jpg\" alt=\"\" width=\"680\" height=\"453\" srcset=\"https:\/\/www.organisator.ch\/wp-content\/uploads\/2016\/12\/3\u2018390-Firmenpleiten-in-den-ersten-neun-Monaten-2016-organisator.jpg 744w, https:\/\/www.organisator.ch\/wp-content\/uploads\/2016\/12\/3\u2018390-Firmenpleiten-in-den-ersten-neun-Monaten-2016-organisator-680x453.jpg 680w, https:\/\/www.organisator.ch\/wp-content\/uploads\/2016\/12\/3\u2018390-Firmenpleiten-in-den-ersten-neun-Monaten-2016-organisator-16x12.jpg 16w, https:\/\/www.organisator.ch\/wp-content\/uploads\/2016\/12\/3\u2018390-Firmenpleiten-in-den-ersten-neun-Monaten-2016-organisator-263x175.jpg 263w, https:\/\/www.organisator.ch\/wp-content\/uploads\/2016\/12\/3\u2018390-Firmenpleiten-in-den-ersten-neun-Monaten-2016-organisator-525x350.jpg 525w, https:\/\/www.organisator.ch\/wp-content\/uploads\/2016\/12\/3\u2018390-Firmenpleiten-in-den-ersten-neun-Monaten-2016-organisator-300x200.jpg 300w\" sizes=\"auto, (max-width: 680px) 100vw, 680px\" \/><figcaption id=\"caption-attachment-664\" class=\"wp-caption-text\">Le commerce de d\u00e9tail conna\u00eet des hauts et des bas en mati\u00e8re de cr\u00e9ation de filiales. (Image : ZvG Bisnode)<\/figcaption><\/figure>\n<p>556 entreprises insolvables dans le canton de Zurich, une augmentation de trois pour cent : les faillites ont donc \u00e9volu\u00e9 de la m\u00eame mani\u00e8re \u00e0 Zurich que dans l'ensemble de la Suisse. Au total, 3 390 entreprises ont fait l'objet d'une proc\u00e9dure de faillite pour insolvabilit\u00e9. L'augmentation du nombre de faillites d'entreprises a \u00e9t\u00e9 particuli\u00e8rement forte en Suisse italienne, en Suisse romande et en Suisse orientale.<\/p>\n<p>En revanche, les faillites ont nettement diminu\u00e9 en Suisse centrale et dans l'Espace Mittelland. Les nouvelles inscriptions au registre du commerce se sont \u00e9lev\u00e9es \u00e0 30 576 entreprises. Les cr\u00e9ations d'entreprises ont donc augment\u00e9 de deux pour cent par rapport \u00e0 la m\u00eame p\u00e9riode de l'ann\u00e9e pr\u00e9c\u00e9dente. Parmi les grandes r\u00e9gions, seul le Tessin a enregistr\u00e9 un recul.<\/p>\n<p>Vous trouverez plus de d\u00e9tails sur l'enqu\u00eate de Bisnode sous ce <a href=\"https:\/\/www.bisnode.ch\/de\/1405\/Konkurse-und-Gr%C3%BCndungen-per-September-2016.htm\" target=\"_blank\" rel=\"noreferrer noopener\" data-cke-saved-href=\"https:\/\/www.bisnode.ch\/de\/1405\/Konkurse-und-Gr%C3%BCndungen-per-September-2016.htm\">Lien<\/a><\/p>","protected":false},"excerpt":{"rendered":"<p>556 zahlungsunf\u00e4hige Unternehmen im Kanton Z\u00fcrich, eine Zunahme um drei Prozent: Damit haben sich die Konkurse in Z\u00fcrich gleich entwickelt wie in der ganzen Schweiz. Insgesamt wurde \u00fcber 3\u2018390 Firmen ein Konkursverfahren wegen Insolvenz er\u00f6ffnet. Besonders stark stieg die Anzahl der Firmenpleiten in der italienisch- und in der franz\u00f6sischsprachigen Schweiz sowie in der Ostschweiz. Demgegen\u00fcber [&hellip;]<\/p>\n","protected":false},"author":1,"featured_media":664,"comment_status":"open","ping_status":"open","sticky":false,"template":"","format":"standard","meta":{"_acf_changed":false,"_yoast_wpseo_focuskw":"Firmenpleiten","_yoast_wpseo_metadesc":"Es gibt deutlich mehr Neugr\u00fcndungen. Leider wurde auch eine gesamtschweizerische Zunahme von Konkursverfahren von rund drei Prozent verzeichnet.","articlekey":"","footnotes":""},"categories":[1],"tags":[459],"class_list":["post-663","post","type-post","status-publish","format-standard","has-post-thumbnail","hentry","category-allgemein","tag-studie"],"acf":[],"yoast_head":"<!-- This site is optimized with the Yoast SEO plugin v27.5 - https:\/\/yoast.com\/product\/yoast-seo-wordpress\/ -->\n<title>3\u2018390 Firmenpleiten in den ersten neun Monaten 2016 - Organisator<\/title>\n<meta name=\"description\" content=\"Es gibt deutlich mehr Neugr\u00fcndungen. Leider wurde auch eine gesamtschweizerische Zunahme von Konkursverfahren von rund drei Prozent verzeichnet.\" \/>\n<meta name=\"robots\" content=\"index, follow, max-snippet:-1, max-image-preview:large, max-video-preview:-1\" \/>\n<link rel=\"canonical\" href=\"https:\/\/www.organisator.ch\/fr\/general\/2016-10-17\/3390-firmenpleiten-in-den-ersten-neun-monaten-2016\/\" \/>\n<meta property=\"og:locale\" content=\"fr_FR\" \/>\n<meta property=\"og:type\" content=\"article\" \/>\n<meta property=\"og:title\" content=\"3\u2018390 Firmenpleiten in den ersten neun Monaten 2016\" \/>\n<meta property=\"og:description\" content=\"Gegen\u00fcber der Vorjahresperiode (per September 2016) gibt es deutlich mehr Neugr\u00fcndungen. Leider wurde auch eine gesamtschweizerische Zunahme von Konkursverfahren von rund drei Prozent verzeichnet. Nach wie vor existieren regionale Unterschiede bez\u00fcglich den von Bisnode registrierten Firmenpleiten.\" \/>\n<meta property=\"og:url\" content=\"https:\/\/www.organisator.ch\/fr\/general\/2016-10-17\/3390-firmenpleiten-in-den-ersten-neun-monaten-2016\/\" \/>\n<meta property=\"og:site_name\" content=\"Organisator\" \/>\n<meta property=\"article:publisher\" content=\"https:\/\/www.facebook.com\/OrganisatorFachmagazin\" \/>\n<meta property=\"article:published_time\" content=\"2016-10-17T12:23:14+00:00\" \/>\n<meta name=\"author\" content=\"admin\" \/>\n<meta name=\"twitter:card\" content=\"summary_large_image\" \/>\n<meta name=\"twitter:image\" content=\"https:\/\/www.organisator.ch\/wp-content\/uploads\/2016\/12\/3\u2018390-Firmenpleiten-in-den-ersten-neun-Monaten-2016-organisator.jpg\" \/>\n<script type=\"application\/ld+json\" class=\"yoast-schema-graph\">{\"@context\":\"https:\\\/\\\/schema.org\",\"@graph\":[{\"@type\":\"Article\",\"@id\":\"https:\\\/\\\/www.organisator.ch\\\/fr\\\/general\\\/2016-10-17\\\/3390-firmenpleiten-in-den-ersten-neun-monaten-2016\\\/#article\",\"isPartOf\":{\"@id\":\"https:\\\/\\\/www.organisator.ch\\\/fr\\\/general\\\/2016-10-17\\\/3390-firmenpleiten-in-den-ersten-neun-monaten-2016\\\/\"},\"author\":{\"name\":\"admin\",\"@id\":\"https:\\\/\\\/www.organisator.ch\\\/#\\\/schema\\\/person\\\/aa2bace6c5c5aad60102004a50c4eb1c\"},\"headline\":\"3\u2018390 Firmenpleiten in den ersten neun Monaten 2016\",\"datePublished\":\"2016-10-17T12:23:14+00:00\",\"mainEntityOfPage\":{\"@id\":\"https:\\\/\\\/www.organisator.ch\\\/fr\\\/general\\\/2016-10-17\\\/3390-firmenpleiten-in-den-ersten-neun-monaten-2016\\\/\"},\"wordCount\":142,\"commentCount\":0,\"publisher\":{\"@id\":\"https:\\\/\\\/www.organisator.ch\\\/#organization\"},\"image\":{\"@id\":\"https:\\\/\\\/www.organisator.ch\\\/fr\\\/general\\\/2016-10-17\\\/3390-firmenpleiten-in-den-ersten-neun-monaten-2016\\\/#primaryimage\"},\"thumbnailUrl\":\"https:\\\/\\\/www.organisator.ch\\\/wp-content\\\/uploads\\\/2016\\\/12\\\/3\u2018390-Firmenpleiten-in-den-ersten-neun-Monaten-2016-organisator.jpg\",\"keywords\":[\"Studie\"],\"articleSection\":[\"Allgemein\"],\"inLanguage\":\"fr-FR\"},{\"@type\":\"WebPage\",\"@id\":\"https:\\\/\\\/www.organisator.ch\\\/fr\\\/general\\\/2016-10-17\\\/3390-firmenpleiten-in-den-ersten-neun-monaten-2016\\\/\",\"url\":\"https:\\\/\\\/www.organisator.ch\\\/fr\\\/general\\\/2016-10-17\\\/3390-firmenpleiten-in-den-ersten-neun-monaten-2016\\\/\",\"name\":\"3\u2018390 Firmenpleiten in den ersten neun Monaten 2016 - Organisator\",\"isPartOf\":{\"@id\":\"https:\\\/\\\/www.organisator.ch\\\/#website\"},\"primaryImageOfPage\":{\"@id\":\"https:\\\/\\\/www.organisator.ch\\\/fr\\\/general\\\/2016-10-17\\\/3390-firmenpleiten-in-den-ersten-neun-monaten-2016\\\/#primaryimage\"},\"image\":{\"@id\":\"https:\\\/\\\/www.organisator.ch\\\/fr\\\/general\\\/2016-10-17\\\/3390-firmenpleiten-in-den-ersten-neun-monaten-2016\\\/#primaryimage\"},\"thumbnailUrl\":\"https:\\\/\\\/www.organisator.ch\\\/wp-content\\\/uploads\\\/2016\\\/12\\\/3\u2018390-Firmenpleiten-in-den-ersten-neun-Monaten-2016-organisator.jpg\",\"datePublished\":\"2016-10-17T12:23:14+00:00\",\"description\":\"Es gibt deutlich mehr Neugr\u00fcndungen. Leider wurde auch eine gesamtschweizerische Zunahme von Konkursverfahren von rund drei Prozent verzeichnet.\",\"breadcrumb\":{\"@id\":\"https:\\\/\\\/www.organisator.ch\\\/fr\\\/general\\\/2016-10-17\\\/3390-firmenpleiten-in-den-ersten-neun-monaten-2016\\\/#breadcrumb\"},\"inLanguage\":\"fr-FR\",\"potentialAction\":[{\"@type\":\"ReadAction\",\"target\":[\"https:\\\/\\\/www.organisator.ch\\\/fr\\\/general\\\/2016-10-17\\\/3390-firmenpleiten-in-den-ersten-neun-monaten-2016\\\/\"]}]},{\"@type\":\"ImageObject\",\"inLanguage\":\"fr-FR\",\"@id\":\"https:\\\/\\\/www.organisator.ch\\\/fr\\\/general\\\/2016-10-17\\\/3390-firmenpleiten-in-den-ersten-neun-monaten-2016\\\/#primaryimage\",\"url\":\"https:\\\/\\\/www.organisator.ch\\\/wp-content\\\/uploads\\\/2016\\\/12\\\/3\u2018390-Firmenpleiten-in-den-ersten-neun-Monaten-2016-organisator.jpg\",\"contentUrl\":\"https:\\\/\\\/www.organisator.ch\\\/wp-content\\\/uploads\\\/2016\\\/12\\\/3\u2018390-Firmenpleiten-in-den-ersten-neun-Monaten-2016-organisator.jpg\",\"width\":744,\"height\":496,\"caption\":\"Im Detailhandel herrscht ein grosses Auf und Zu, was Filialengr\u00fcndungen angeht. (Bild: ZvG Bisnode)\"},{\"@type\":\"BreadcrumbList\",\"@id\":\"https:\\\/\\\/www.organisator.ch\\\/fr\\\/general\\\/2016-10-17\\\/3390-firmenpleiten-in-den-ersten-neun-monaten-2016\\\/#breadcrumb\",\"itemListElement\":[{\"@type\":\"ListItem\",\"position\":1,\"name\":\"Home\",\"item\":\"https:\\\/\\\/www.organisator.ch\\\/\"},{\"@type\":\"ListItem\",\"position\":2,\"name\":\"3\u2018390 Firmenpleiten in den ersten neun Monaten 2016\"}]},{\"@type\":\"WebSite\",\"@id\":\"https:\\\/\\\/www.organisator.ch\\\/#website\",\"url\":\"https:\\\/\\\/www.organisator.ch\\\/\",\"name\":\"Organisator\",\"description\":\"Kompetent. Praxisnah. Der ORGANISATOR bereitet in 10 Ausgaben pro Jahr die wesentlichen Themen f\u00fcr F\u00fchrungskr\u00e4fte von KMU auf.\",\"publisher\":{\"@id\":\"https:\\\/\\\/www.organisator.ch\\\/#organization\"},\"potentialAction\":[{\"@type\":\"SearchAction\",\"target\":{\"@type\":\"EntryPoint\",\"urlTemplate\":\"https:\\\/\\\/www.organisator.ch\\\/?s={search_term_string}\"},\"query-input\":{\"@type\":\"PropertyValueSpecification\",\"valueRequired\":true,\"valueName\":\"search_term_string\"}}],\"inLanguage\":\"fr-FR\"},{\"@type\":\"Organization\",\"@id\":\"https:\\\/\\\/www.organisator.ch\\\/#organization\",\"name\":\"Organisator\",\"url\":\"https:\\\/\\\/www.organisator.ch\\\/\",\"logo\":{\"@type\":\"ImageObject\",\"inLanguage\":\"fr-FR\",\"@id\":\"https:\\\/\\\/www.organisator.ch\\\/#\\\/schema\\\/logo\\\/image\\\/\",\"url\":\"https:\\\/\\\/www.organisator.ch\\\/wp-content\\\/uploads\\\/2022\\\/01\\\/Logo_Organisator_Website.png\",\"contentUrl\":\"https:\\\/\\\/www.organisator.ch\\\/wp-content\\\/uploads\\\/2022\\\/01\\\/Logo_Organisator_Website.png\",\"width\":800,\"height\":77,\"caption\":\"Organisator\"},\"image\":{\"@id\":\"https:\\\/\\\/www.organisator.ch\\\/#\\\/schema\\\/logo\\\/image\\\/\"},\"sameAs\":[\"https:\\\/\\\/www.facebook.com\\\/OrganisatorFachmagazin\",\"https:\\\/\\\/www.linkedin.com\\\/showcase\\\/organisator-das-magazin-fr-kmu\",\"https:\\\/\\\/www.xing.com\\\/news\\\/pages\\\/organisator-ch-695\",\"https:\\\/\\\/www.youtube.com\\\/channel\\\/UCGP2Sq0iWaZwT3BdIAQFYpw\"]},{\"@type\":\"Person\",\"@id\":\"https:\\\/\\\/www.organisator.ch\\\/#\\\/schema\\\/person\\\/aa2bace6c5c5aad60102004a50c4eb1c\",\"name\":\"admin\",\"image\":{\"@type\":\"ImageObject\",\"inLanguage\":\"fr-FR\",\"@id\":\"https:\\\/\\\/secure.gravatar.com\\\/avatar\\\/ae2f4d718e6c49043e314ce431e7e645d646302a24a5ef5a8bc8e3f5a032e319?s=96&d=mm&r=g\",\"url\":\"https:\\\/\\\/secure.gravatar.com\\\/avatar\\\/ae2f4d718e6c49043e314ce431e7e645d646302a24a5ef5a8bc8e3f5a032e319?s=96&d=mm&r=g\",\"contentUrl\":\"https:\\\/\\\/secure.gravatar.com\\\/avatar\\\/ae2f4d718e6c49043e314ce431e7e645d646302a24a5ef5a8bc8e3f5a032e319?s=96&d=mm&r=g\",\"caption\":\"admin\"},\"sameAs\":[\"https:\\\/\\\/www.organisator.ch\"],\"url\":\"https:\\\/\\\/www.organisator.ch\\\/fr\\\/author\\\/admin\\\/\"}]}<\/script>\n<!-- \/ Yoast SEO plugin. -->","yoast_head_json":{"title":"3 390 faillites d'entreprises au cours des neuf premiers mois de 2016 - Organisateur","description":"Il y a nettement plus de cr\u00e9ations d'entreprises. Malheureusement, on a \u00e9galement enregistr\u00e9 une augmentation d'environ trois pour cent des proc\u00e9dures de faillite \u00e0 l'\u00e9chelle nationale.","robots":{"index":"index","follow":"follow","max-snippet":"max-snippet:-1","max-image-preview":"max-image-preview:large","max-video-preview":"max-video-preview:-1"},"canonical":"https:\/\/www.organisator.ch\/fr\/general\/2016-10-17\/3390-firmenpleiten-in-den-ersten-neun-monaten-2016\/","og_locale":"fr_FR","og_type":"article","og_title":"3\u2018390 Firmenpleiten in den ersten neun Monaten 2016","og_description":"Gegen\u00fcber der Vorjahresperiode (per September 2016) gibt es deutlich mehr Neugr\u00fcndungen. Leider wurde auch eine gesamtschweizerische Zunahme von Konkursverfahren von rund drei Prozent verzeichnet. Nach wie vor existieren regionale Unterschiede bez\u00fcglich den von Bisnode registrierten Firmenpleiten.","og_url":"https:\/\/www.organisator.ch\/fr\/general\/2016-10-17\/3390-firmenpleiten-in-den-ersten-neun-monaten-2016\/","og_site_name":"Organisator","article_publisher":"https:\/\/www.facebook.com\/OrganisatorFachmagazin","article_published_time":"2016-10-17T12:23:14+00:00","author":"admin","twitter_card":"summary_large_image","twitter_image":"https:\/\/www.organisator.ch\/wp-content\/uploads\/2016\/12\/3\u2018390-Firmenpleiten-in-den-ersten-neun-Monaten-2016-organisator.jpg","schema":{"@context":"https:\/\/schema.org","@graph":[{"@type":"Article","@id":"https:\/\/www.organisator.ch\/fr\/general\/2016-10-17\/3390-firmenpleiten-in-den-ersten-neun-monaten-2016\/#article","isPartOf":{"@id":"https:\/\/www.organisator.ch\/fr\/general\/2016-10-17\/3390-firmenpleiten-in-den-ersten-neun-monaten-2016\/"},"author":{"name":"admin","@id":"https:\/\/www.organisator.ch\/#\/schema\/person\/aa2bace6c5c5aad60102004a50c4eb1c"},"headline":"3\u2018390 Firmenpleiten in den ersten neun Monaten 2016","datePublished":"2016-10-17T12:23:14+00:00","mainEntityOfPage":{"@id":"https:\/\/www.organisator.ch\/fr\/general\/2016-10-17\/3390-firmenpleiten-in-den-ersten-neun-monaten-2016\/"},"wordCount":142,"commentCount":0,"publisher":{"@id":"https:\/\/www.organisator.ch\/#organization"},"image":{"@id":"https:\/\/www.organisator.ch\/fr\/general\/2016-10-17\/3390-firmenpleiten-in-den-ersten-neun-monaten-2016\/#primaryimage"},"thumbnailUrl":"https:\/\/www.organisator.ch\/wp-content\/uploads\/2016\/12\/3\u2018390-Firmenpleiten-in-den-ersten-neun-Monaten-2016-organisator.jpg","keywords":["Studie"],"articleSection":["Allgemein"],"inLanguage":"fr-FR"},{"@type":"WebPage","@id":"https:\/\/www.organisator.ch\/fr\/general\/2016-10-17\/3390-firmenpleiten-in-den-ersten-neun-monaten-2016\/","url":"https:\/\/www.organisator.ch\/fr\/general\/2016-10-17\/3390-firmenpleiten-in-den-ersten-neun-monaten-2016\/","name":"3 390 faillites d'entreprises au cours des neuf premiers mois de 2016 - Organisateur","isPartOf":{"@id":"https:\/\/www.organisator.ch\/#website"},"primaryImageOfPage":{"@id":"https:\/\/www.organisator.ch\/fr\/general\/2016-10-17\/3390-firmenpleiten-in-den-ersten-neun-monaten-2016\/#primaryimage"},"image":{"@id":"https:\/\/www.organisator.ch\/fr\/general\/2016-10-17\/3390-firmenpleiten-in-den-ersten-neun-monaten-2016\/#primaryimage"},"thumbnailUrl":"https:\/\/www.organisator.ch\/wp-content\/uploads\/2016\/12\/3\u2018390-Firmenpleiten-in-den-ersten-neun-Monaten-2016-organisator.jpg","datePublished":"2016-10-17T12:23:14+00:00","description":"Il y a nettement plus de cr\u00e9ations d'entreprises. Malheureusement, on a \u00e9galement enregistr\u00e9 une augmentation d'environ trois pour cent des proc\u00e9dures de faillite \u00e0 l'\u00e9chelle nationale.","breadcrumb":{"@id":"https:\/\/www.organisator.ch\/fr\/general\/2016-10-17\/3390-firmenpleiten-in-den-ersten-neun-monaten-2016\/#breadcrumb"},"inLanguage":"fr-FR","potentialAction":[{"@type":"ReadAction","target":["https:\/\/www.organisator.ch\/fr\/general\/2016-10-17\/3390-firmenpleiten-in-den-ersten-neun-monaten-2016\/"]}]},{"@type":"ImageObject","inLanguage":"fr-FR","@id":"https:\/\/www.organisator.ch\/fr\/general\/2016-10-17\/3390-firmenpleiten-in-den-ersten-neun-monaten-2016\/#primaryimage","url":"https:\/\/www.organisator.ch\/wp-content\/uploads\/2016\/12\/3\u2018390-Firmenpleiten-in-den-ersten-neun-Monaten-2016-organisator.jpg","contentUrl":"https:\/\/www.organisator.ch\/wp-content\/uploads\/2016\/12\/3\u2018390-Firmenpleiten-in-den-ersten-neun-Monaten-2016-organisator.jpg","width":744,"height":496,"caption":"Im Detailhandel herrscht ein grosses Auf und Zu, was Filialengr\u00fcndungen angeht. (Bild: ZvG Bisnode)"},{"@type":"BreadcrumbList","@id":"https:\/\/www.organisator.ch\/fr\/general\/2016-10-17\/3390-firmenpleiten-in-den-ersten-neun-monaten-2016\/#breadcrumb","itemListElement":[{"@type":"ListItem","position":1,"name":"Home","item":"https:\/\/www.organisator.ch\/"},{"@type":"ListItem","position":2,"name":"3\u2018390 Firmenpleiten in den ersten neun Monaten 2016"}]},{"@type":"WebSite","@id":"https:\/\/www.organisator.ch\/#website","url":"https:\/\/www.organisator.ch\/","name":"Organisateur","description":"Comp\u00e9tence et comp\u00e9tence. Proches de la pratique. L'ORGANISATEUR pr\u00e9pare 10 num\u00e9ros par an sur les th\u00e8mes essentiels pour les dirigeants de PME.","publisher":{"@id":"https:\/\/www.organisator.ch\/#organization"},"potentialAction":[{"@type":"SearchAction","target":{"@type":"EntryPoint","urlTemplate":"https:\/\/www.organisator.ch\/?s={search_term_string}"},"query-input":{"@type":"PropertyValueSpecification","valueRequired":true,"valueName":"search_term_string"}}],"inLanguage":"fr-FR"},{"@type":"Organization","@id":"https:\/\/www.organisator.ch\/#organization","name":"Organisateur","url":"https:\/\/www.organisator.ch\/","logo":{"@type":"ImageObject","inLanguage":"fr-FR","@id":"https:\/\/www.organisator.ch\/#\/schema\/logo\/image\/","url":"https:\/\/www.organisator.ch\/wp-content\/uploads\/2022\/01\/Logo_Organisator_Website.png","contentUrl":"https:\/\/www.organisator.ch\/wp-content\/uploads\/2022\/01\/Logo_Organisator_Website.png","width":800,"height":77,"caption":"Organisator"},"image":{"@id":"https:\/\/www.organisator.ch\/#\/schema\/logo\/image\/"},"sameAs":["https:\/\/www.facebook.com\/OrganisatorFachmagazin","https:\/\/www.linkedin.com\/showcase\/organisator-das-magazin-fr-kmu","https:\/\/www.xing.com\/news\/pages\/organisator-ch-695","https:\/\/www.youtube.com\/channel\/UCGP2Sq0iWaZwT3BdIAQFYpw"]},{"@type":"Person","@id":"https:\/\/www.organisator.ch\/#\/schema\/person\/aa2bace6c5c5aad60102004a50c4eb1c","name":"admin","image":{"@type":"ImageObject","inLanguage":"fr-FR","@id":"https:\/\/secure.gravatar.com\/avatar\/ae2f4d718e6c49043e314ce431e7e645d646302a24a5ef5a8bc8e3f5a032e319?s=96&d=mm&r=g","url":"https:\/\/secure.gravatar.com\/avatar\/ae2f4d718e6c49043e314ce431e7e645d646302a24a5ef5a8bc8e3f5a032e319?s=96&d=mm&r=g","contentUrl":"https:\/\/secure.gravatar.com\/avatar\/ae2f4d718e6c49043e314ce431e7e645d646302a24a5ef5a8bc8e3f5a032e319?s=96&d=mm&r=g","caption":"admin"},"sameAs":["https:\/\/www.organisator.ch"],"url":"https:\/\/www.organisator.ch\/fr\/author\/admin\/"}]}},"_links":{"self":[{"href":"https:\/\/www.organisator.ch\/fr\/wp-json\/wp\/v2\/posts\/663","targetHints":{"allow":["GET"]}}],"collection":[{"href":"https:\/\/www.organisator.ch\/fr\/wp-json\/wp\/v2\/posts"}],"about":[{"href":"https:\/\/www.organisator.ch\/fr\/wp-json\/wp\/v2\/types\/post"}],"author":[{"embeddable":true,"href":"https:\/\/www.organisator.ch\/fr\/wp-json\/wp\/v2\/users\/1"}],"replies":[{"embeddable":true,"href":"https:\/\/www.organisator.ch\/fr\/wp-json\/wp\/v2\/comments?post=663"}],"version-history":[{"count":0,"href":"https:\/\/www.organisator.ch\/fr\/wp-json\/wp\/v2\/posts\/663\/revisions"}],"wp:featuredmedia":[{"embeddable":true,"href":"https:\/\/www.organisator.ch\/fr\/wp-json\/wp\/v2\/media\/664"}],"wp:attachment":[{"href":"https:\/\/www.organisator.ch\/fr\/wp-json\/wp\/v2\/media?parent=663"}],"wp:term":[{"taxonomy":"category","embeddable":true,"href":"https:\/\/www.organisator.ch\/fr\/wp-json\/wp\/v2\/categories?post=663"},{"taxonomy":"post_tag","embeddable":true,"href":"https:\/\/www.organisator.ch\/fr\/wp-json\/wp\/v2\/tags?post=663"}],"curies":[{"name":"wp","href":"https:\/\/api.w.org\/{rel}","templated":true}]}}