{"id":6651,"date":"2020-05-01T08:35:35","date_gmt":"2020-05-01T06:35:35","guid":{"rendered":"https:\/\/www.organisator.ch\/?p=6651"},"modified":"2020-05-01T08:35:35","modified_gmt":"2020-05-01T06:35:35","slug":"boss-info-uebernimmt-step-ahead","status":"publish","type":"post","link":"https:\/\/www.organisator.ch\/fr\/management\/it\/2020-05-01\/boss-info-uebernimmt-step-ahead\/","title":{"rendered":"Boss Info rach\u00e8te Step Ahead"},"content":{"rendered":"<figure id=\"attachment_6652\" aria-describedby=\"caption-attachment-6652\" style=\"width: 680px\" class=\"wp-caption alignnone\"><img loading=\"lazy\" decoding=\"async\" class=\"size-medium wp-image-6652\" src=\"https:\/\/www.organisator.ch\/wp-content\/uploads\/2020\/05\/Boss-Info-uebernimmt-Step-Ahead_Organisator.jpg\" alt=\"\" width=\"680\" height=\"398\" srcset=\"https:\/\/www.organisator.ch\/wp-content\/uploads\/2020\/05\/Boss-Info-uebernimmt-Step-Ahead_Organisator.jpg 680w, https:\/\/www.organisator.ch\/wp-content\/uploads\/2020\/05\/Boss-Info-uebernimmt-Step-Ahead_Organisator-16x9.jpg 16w, https:\/\/www.organisator.ch\/wp-content\/uploads\/2020\/05\/Boss-Info-uebernimmt-Step-Ahead_Organisator-299x175.jpg 299w, https:\/\/www.organisator.ch\/wp-content\/uploads\/2020\/05\/Boss-Info-uebernimmt-Step-Ahead_Organisator-598x350.jpg 598w, https:\/\/www.organisator.ch\/wp-content\/uploads\/2020\/05\/Boss-Info-uebernimmt-Step-Ahead_Organisator-300x176.jpg 300w\" sizes=\"auto, (max-width: 680px) 100vw, 680px\" \/><figcaption id=\"caption-attachment-6652\" class=\"wp-caption-text\">R\u00e9unis sous un m\u00eame toit : Boss Info, avec son CEO Simon Boss (\u00e0 droite), reprend Step Ahead Suisse. Thomas Frei devient par la suite directeur du nouveau site d'Ehrendingen. (Image : zVg)<\/figcaption><\/figure>\n<p>Boss Info AG, d\u00e9sormais pr\u00e9sent sur huit sites en Suisse al\u00e9manique, poursuit son expansion et deviendra le 1er mai 2020 le nouveau partenaire de service Premium Gold du groupe Step Ahead. Le prestataire de services ICT reprend non seulement l'\u00e9quipe, mais aussi la responsabilit\u00e9 du service pour les offres de Step Ahead Suisse. Le site d'Ehrendingen, dans le canton d'Argovie, est d\u00e9sormais plac\u00e9 sous la direction de Thomas Frei et de son \u00e9quipe bien rod\u00e9e de 17 personnes. L'entreprise, qui compte d\u00e9sormais environ 180 collaborateurs, renforce ainsi son secteur d'activit\u00e9 strat\u00e9giquement important des solutions ERP avec une offre de solutions \u00e9largie et des sp\u00e9cialistes exp\u00e9riment\u00e9s. Depuis 1998, Boss Info AG propose une infrastructure TIC et des solutions globales de gestion d'entreprise bas\u00e9es sur Microsoft Dynamics.<\/p>\n<h2>Situation gagnant-gagnant pour toutes les parties concern\u00e9es<\/h2>\n<p>La conclusion de ce contrat permet \u00e0 la soci\u00e9t\u00e9 allemande Step Ahead GmbH de se concentrer sur sa transformation en fournisseur de logiciels, raison pour laquelle elle confie le suivi de ses clients en Suisse \u00e0 Boss Info. En tant que PME suisse en pleine croissance, ce prestataire de services TIC dispose des structures et des ressources optimales ainsi que des comp\u00e9tences professionnelles n\u00e9cessaires pour r\u00e9pondre aux exigences \u00e9lev\u00e9es actuelles et futures de ses clients, selon le communiqu\u00e9. L'int\u00e9gration de l'\u00e9quipe de Step Ahead dans l'entreprise suisse, qui compte plus de 1000 clients dans l'industrie, le secteur alimentaire, le commerce et les services, permet en outre de conserver le savoir-faire en mati\u00e8re de produits. Les nouveaux clients peuvent \u00eatre s\u00fbrs d'\u00eatre enti\u00e8rement soutenus par les outils les plus modernes pour tous leurs d\u00e9fis commerciaux en mati\u00e8re de TIC.<\/p>\n<h2>Une pile d'informations Boss d\u00e9velopp\u00e9e avec une grande force d'innovation<\/h2>\n<p>\"Nos clients sont toujours au centre de nos pr\u00e9occupations. Nous avons besoin des meilleures solutions pour pouvoir accompagner les entreprises de mani\u00e8re optimale dans leurs d\u00e9fis. Avec Boss Info, nous avons trouv\u00e9 un employeur moderne dot\u00e9 d'une grande force d'innovation. Nous nous retrouvons dans leur ADN en termes d'esprit et de valeurs v\u00e9cues. Le large portefeuille de solutions de Boss Info et le nouveau partenariat avec Step Ahead offrent aux clients le plus grand potentiel d'optimisation des processus IT-Business sur le march\u00e9 suisse germanophone\", d\u00e9clare Thomas Frei, directeur du site d'Ehrendingen. Simon Boss, propri\u00e9taire et CEO de Boss Info AG, ajoute : \"En tant que prestataire de services TIC disposant d'une longue exp\u00e9rience et d'une vaste gamme de services et de produits, nos clients b\u00e9n\u00e9ficient d'une grande comp\u00e9tence professionnelle et de services professionnels. Mon \u00e9quipe et moi-m\u00eame nous r\u00e9jouissons de pouvoir \u00e9galement enthousiasmer nos clients Step Ahead Suisse\".<\/p>\n<p><a href=\"http:\/\/www.bossinfo.ch\"><em>Source et informations compl\u00e9mentaires<\/em><\/a><\/p>","protected":false},"excerpt":{"rendered":"<p>Die nunmehr an acht Standorten in der Deutschschweiz vertretene Boss Info AG baut weiter aus und wird per 1. Mai 2020 neuer Premium Gold Servicepartner der Step Ahead Gruppe. Der ICT-Dienstleister \u00fcbernimmt nicht nur das Team, sondern auch die Serviceverantwortung f\u00fcr die Angebote der Step Ahead Schweiz. Der Standort im aargauischen Ehrendingen steht neu unter [&hellip;]<\/p>\n","protected":false},"author":4,"featured_media":6652,"comment_status":"closed","ping_status":"closed","sticky":false,"template":"","format":"standard","meta":{"_acf_changed":false,"_yoast_wpseo_focuskw":"Boss Info","_yoast_wpseo_metadesc":"Die Boss Info AG \u00fcbernimmt per 1. Mai 2020 das 17-k\u00f6pfige Step Ahead Schweiz-Team am Standort Ehrendingen AG und wird Step Ahead Premium Partner.","articlekey":"","footnotes":""},"categories":[27],"tags":[286,288,492],"class_list":["post-6651","post","type-post","status-publish","format-standard","has-post-thumbnail","hentry","category-it","tag-it","tag-it-business-software","tag-unternehmen"],"acf":[],"yoast_head":"<!-- This site is optimized with the Yoast SEO plugin v27.4 - https:\/\/yoast.com\/product\/yoast-seo-wordpress\/ -->\n<title>Boss Info \u00fcbernimmt Step Ahead - Organisator<\/title>\n<meta name=\"description\" content=\"Die Boss Info AG \u00fcbernimmt per 1. Mai 2020 das 17-k\u00f6pfige Step Ahead Schweiz-Team am Standort Ehrendingen AG und wird Step Ahead Premium Partner.\" \/>\n<meta name=\"robots\" content=\"index, follow, max-snippet:-1, max-image-preview:large, max-video-preview:-1\" \/>\n<link rel=\"canonical\" href=\"https:\/\/www.organisator.ch\/fr\/gestion-2\/it\/2020-05-01\/boss-info-uebernimmt-step-ahead\/\" \/>\n<meta property=\"og:locale\" content=\"fr_FR\" \/>\n<meta property=\"og:type\" content=\"article\" \/>\n<meta property=\"og:title\" content=\"Boss Info \u00fcbernimmt Step Ahead\" \/>\n<meta property=\"og:description\" content=\"Die Boss Info AG \u00fcbernimmt per 1. Mai 2020 das 17-k\u00f6pfige Step Ahead Schweiz-Team am Standort Ehrendingen AG und wird Step Ahead Premium Partner.\" \/>\n<meta property=\"og:url\" content=\"https:\/\/www.organisator.ch\/fr\/gestion-2\/it\/2020-05-01\/boss-info-uebernimmt-step-ahead\/\" \/>\n<meta property=\"og:site_name\" content=\"Organisator\" \/>\n<meta property=\"article:publisher\" content=\"https:\/\/www.facebook.com\/OrganisatorFachmagazin\" \/>\n<meta property=\"article:published_time\" content=\"2020-05-01T06:35:35+00:00\" \/>\n<meta property=\"og:image\" content=\"https:\/\/www.organisator.ch\/wp-content\/uploads\/2020\/05\/Boss-Info-uebernimmt-Step-Ahead_Organisator.jpg\" \/>\n\t<meta property=\"og:image:width\" content=\"680\" \/>\n\t<meta property=\"og:image:height\" content=\"398\" \/>\n\t<meta property=\"og:image:type\" content=\"image\/jpeg\" \/>\n<meta name=\"author\" content=\"thomas.berner\" \/>\n<meta name=\"twitter:card\" content=\"summary_large_image\" \/>\n<meta name=\"twitter:title\" content=\"#BossInfo \u00fcbernimmt #StepAhead\" \/>\n<meta name=\"twitter:description\" content=\"Die #BossInfo AG \u00fcbernimmt per 1. Mai 2020 das 17-k\u00f6pfige #StepAhead Schweiz-Team am Standort Ehrendingen AG und wird Step Ahead Premium Partner.\" \/>\n<meta name=\"twitter:image\" content=\"https:\/\/www.organisator.ch\/wp-content\/uploads\/2020\/05\/Boss-Info-uebernimmt-Step-Ahead_Organisator.jpg\" \/>\n<script type=\"application\/ld+json\" class=\"yoast-schema-graph\">{\"@context\":\"https:\\\/\\\/schema.org\",\"@graph\":[{\"@type\":\"Article\",\"@id\":\"https:\\\/\\\/www.organisator.ch\\\/management\\\/it\\\/2020-05-01\\\/boss-info-uebernimmt-step-ahead\\\/#article\",\"isPartOf\":{\"@id\":\"https:\\\/\\\/www.organisator.ch\\\/management\\\/it\\\/2020-05-01\\\/boss-info-uebernimmt-step-ahead\\\/\"},\"author\":{\"name\":\"thomas.berner\",\"@id\":\"https:\\\/\\\/www.organisator.ch\\\/#\\\/schema\\\/person\\\/6f650f90b2842cd4c0cc334b4e36f67e\"},\"headline\":\"Boss Info \u00fcbernimmt Step Ahead\",\"datePublished\":\"2020-05-01T06:35:35+00:00\",\"mainEntityOfPage\":{\"@id\":\"https:\\\/\\\/www.organisator.ch\\\/management\\\/it\\\/2020-05-01\\\/boss-info-uebernimmt-step-ahead\\\/\"},\"wordCount\":406,\"publisher\":{\"@id\":\"https:\\\/\\\/www.organisator.ch\\\/#organization\"},\"image\":{\"@id\":\"https:\\\/\\\/www.organisator.ch\\\/management\\\/it\\\/2020-05-01\\\/boss-info-uebernimmt-step-ahead\\\/#primaryimage\"},\"thumbnailUrl\":\"https:\\\/\\\/www.organisator.ch\\\/wp-content\\\/uploads\\\/2020\\\/05\\\/Boss-Info-uebernimmt-Step-Ahead_Organisator.jpg\",\"keywords\":[\"IT\",\"IT &amp; Business Software\",\"Unternehmen\"],\"articleSection\":[\"IT\"],\"inLanguage\":\"fr-FR\"},{\"@type\":\"WebPage\",\"@id\":\"https:\\\/\\\/www.organisator.ch\\\/management\\\/it\\\/2020-05-01\\\/boss-info-uebernimmt-step-ahead\\\/\",\"url\":\"https:\\\/\\\/www.organisator.ch\\\/management\\\/it\\\/2020-05-01\\\/boss-info-uebernimmt-step-ahead\\\/\",\"name\":\"Boss Info \u00fcbernimmt Step Ahead - Organisator\",\"isPartOf\":{\"@id\":\"https:\\\/\\\/www.organisator.ch\\\/#website\"},\"primaryImageOfPage\":{\"@id\":\"https:\\\/\\\/www.organisator.ch\\\/management\\\/it\\\/2020-05-01\\\/boss-info-uebernimmt-step-ahead\\\/#primaryimage\"},\"image\":{\"@id\":\"https:\\\/\\\/www.organisator.ch\\\/management\\\/it\\\/2020-05-01\\\/boss-info-uebernimmt-step-ahead\\\/#primaryimage\"},\"thumbnailUrl\":\"https:\\\/\\\/www.organisator.ch\\\/wp-content\\\/uploads\\\/2020\\\/05\\\/Boss-Info-uebernimmt-Step-Ahead_Organisator.jpg\",\"datePublished\":\"2020-05-01T06:35:35+00:00\",\"description\":\"Die Boss Info AG \u00fcbernimmt per 1. Mai 2020 das 17-k\u00f6pfige Step Ahead Schweiz-Team am Standort Ehrendingen AG und wird Step Ahead Premium Partner.\",\"breadcrumb\":{\"@id\":\"https:\\\/\\\/www.organisator.ch\\\/management\\\/it\\\/2020-05-01\\\/boss-info-uebernimmt-step-ahead\\\/#breadcrumb\"},\"inLanguage\":\"fr-FR\",\"potentialAction\":[{\"@type\":\"ReadAction\",\"target\":[\"https:\\\/\\\/www.organisator.ch\\\/management\\\/it\\\/2020-05-01\\\/boss-info-uebernimmt-step-ahead\\\/\"]}]},{\"@type\":\"ImageObject\",\"inLanguage\":\"fr-FR\",\"@id\":\"https:\\\/\\\/www.organisator.ch\\\/management\\\/it\\\/2020-05-01\\\/boss-info-uebernimmt-step-ahead\\\/#primaryimage\",\"url\":\"https:\\\/\\\/www.organisator.ch\\\/wp-content\\\/uploads\\\/2020\\\/05\\\/Boss-Info-uebernimmt-Step-Ahead_Organisator.jpg\",\"contentUrl\":\"https:\\\/\\\/www.organisator.ch\\\/wp-content\\\/uploads\\\/2020\\\/05\\\/Boss-Info-uebernimmt-Step-Ahead_Organisator.jpg\",\"width\":680,\"height\":398,\"caption\":\"Vereint unter einem Dach: Die Boss Info mit CEO Simon Boss (rechts) \u00fcbernimmt die Step Ahead Schweiz. Thomas Frei wird in der Folge Leiter am neuen Standort in Ehrendingen. (Bild: zVg)\"},{\"@type\":\"BreadcrumbList\",\"@id\":\"https:\\\/\\\/www.organisator.ch\\\/management\\\/it\\\/2020-05-01\\\/boss-info-uebernimmt-step-ahead\\\/#breadcrumb\",\"itemListElement\":[{\"@type\":\"ListItem\",\"position\":1,\"name\":\"Home\",\"item\":\"https:\\\/\\\/www.organisator.ch\\\/\"},{\"@type\":\"ListItem\",\"position\":2,\"name\":\"Boss Info \u00fcbernimmt Step Ahead\"}]},{\"@type\":\"WebSite\",\"@id\":\"https:\\\/\\\/www.organisator.ch\\\/#website\",\"url\":\"https:\\\/\\\/www.organisator.ch\\\/\",\"name\":\"Organisator\",\"description\":\"Kompetent. Praxisnah. Der ORGANISATOR bereitet in 10 Ausgaben pro Jahr die wesentlichen Themen f\u00fcr F\u00fchrungskr\u00e4fte von KMU auf.\",\"publisher\":{\"@id\":\"https:\\\/\\\/www.organisator.ch\\\/#organization\"},\"potentialAction\":[{\"@type\":\"SearchAction\",\"target\":{\"@type\":\"EntryPoint\",\"urlTemplate\":\"https:\\\/\\\/www.organisator.ch\\\/?s={search_term_string}\"},\"query-input\":{\"@type\":\"PropertyValueSpecification\",\"valueRequired\":true,\"valueName\":\"search_term_string\"}}],\"inLanguage\":\"fr-FR\"},{\"@type\":\"Organization\",\"@id\":\"https:\\\/\\\/www.organisator.ch\\\/#organization\",\"name\":\"Organisator\",\"url\":\"https:\\\/\\\/www.organisator.ch\\\/\",\"logo\":{\"@type\":\"ImageObject\",\"inLanguage\":\"fr-FR\",\"@id\":\"https:\\\/\\\/www.organisator.ch\\\/#\\\/schema\\\/logo\\\/image\\\/\",\"url\":\"https:\\\/\\\/www.organisator.ch\\\/wp-content\\\/uploads\\\/2022\\\/01\\\/Logo_Organisator_Website.png\",\"contentUrl\":\"https:\\\/\\\/www.organisator.ch\\\/wp-content\\\/uploads\\\/2022\\\/01\\\/Logo_Organisator_Website.png\",\"width\":800,\"height\":77,\"caption\":\"Organisator\"},\"image\":{\"@id\":\"https:\\\/\\\/www.organisator.ch\\\/#\\\/schema\\\/logo\\\/image\\\/\"},\"sameAs\":[\"https:\\\/\\\/www.facebook.com\\\/OrganisatorFachmagazin\",\"https:\\\/\\\/www.linkedin.com\\\/showcase\\\/organisator-das-magazin-fr-kmu\",\"https:\\\/\\\/www.xing.com\\\/news\\\/pages\\\/organisator-ch-695\",\"https:\\\/\\\/www.youtube.com\\\/channel\\\/UCGP2Sq0iWaZwT3BdIAQFYpw\"]},{\"@type\":\"Person\",\"@id\":\"https:\\\/\\\/www.organisator.ch\\\/#\\\/schema\\\/person\\\/6f650f90b2842cd4c0cc334b4e36f67e\",\"name\":\"thomas.berner\",\"image\":{\"@type\":\"ImageObject\",\"inLanguage\":\"fr-FR\",\"@id\":\"https:\\\/\\\/secure.gravatar.com\\\/avatar\\\/ac5001d2a36cb6c6cd3e50789007ffca834b477b74a2144564522e944eabff61?s=96&d=mm&r=g\",\"url\":\"https:\\\/\\\/secure.gravatar.com\\\/avatar\\\/ac5001d2a36cb6c6cd3e50789007ffca834b477b74a2144564522e944eabff61?s=96&d=mm&r=g\",\"contentUrl\":\"https:\\\/\\\/secure.gravatar.com\\\/avatar\\\/ac5001d2a36cb6c6cd3e50789007ffca834b477b74a2144564522e944eabff61?s=96&d=mm&r=g\",\"caption\":\"thomas.berner\"},\"url\":\"https:\\\/\\\/www.organisator.ch\\\/fr\\\/author\\\/thomas-berner\\\/\"}]}<\/script>\n<!-- \/ Yoast SEO plugin. -->","yoast_head_json":{"title":"Boss Info reprend Step Ahead - Organisateur","description":"Boss Info AG reprend au 1er mai 2020 l'\u00e9quipe de 17 personnes de Step Ahead Suisse sur le site d'Ehrendingen AG et devient Step Ahead Premium Partner.","robots":{"index":"index","follow":"follow","max-snippet":"max-snippet:-1","max-image-preview":"max-image-preview:large","max-video-preview":"max-video-preview:-1"},"canonical":"https:\/\/www.organisator.ch\/fr\/gestion-2\/it\/2020-05-01\/boss-info-uebernimmt-step-ahead\/","og_locale":"fr_FR","og_type":"article","og_title":"Boss Info \u00fcbernimmt Step Ahead","og_description":"Die Boss Info AG \u00fcbernimmt per 1. Mai 2020 das 17-k\u00f6pfige Step Ahead Schweiz-Team am Standort Ehrendingen AG und wird Step Ahead Premium Partner.","og_url":"https:\/\/www.organisator.ch\/fr\/gestion-2\/it\/2020-05-01\/boss-info-uebernimmt-step-ahead\/","og_site_name":"Organisator","article_publisher":"https:\/\/www.facebook.com\/OrganisatorFachmagazin","article_published_time":"2020-05-01T06:35:35+00:00","og_image":[{"width":680,"height":398,"url":"https:\/\/www.organisator.ch\/wp-content\/uploads\/2020\/05\/Boss-Info-uebernimmt-Step-Ahead_Organisator.jpg","type":"image\/jpeg"}],"author":"thomas.berner","twitter_card":"summary_large_image","twitter_title":"#BossInfo \u00fcbernimmt #StepAhead","twitter_description":"Die #BossInfo AG \u00fcbernimmt per 1. Mai 2020 das 17-k\u00f6pfige #StepAhead Schweiz-Team am Standort Ehrendingen AG und wird Step Ahead Premium Partner.","twitter_image":"https:\/\/www.organisator.ch\/wp-content\/uploads\/2020\/05\/Boss-Info-uebernimmt-Step-Ahead_Organisator.jpg","schema":{"@context":"https:\/\/schema.org","@graph":[{"@type":"Article","@id":"https:\/\/www.organisator.ch\/management\/it\/2020-05-01\/boss-info-uebernimmt-step-ahead\/#article","isPartOf":{"@id":"https:\/\/www.organisator.ch\/management\/it\/2020-05-01\/boss-info-uebernimmt-step-ahead\/"},"author":{"name":"thomas.berner","@id":"https:\/\/www.organisator.ch\/#\/schema\/person\/6f650f90b2842cd4c0cc334b4e36f67e"},"headline":"Boss Info \u00fcbernimmt Step Ahead","datePublished":"2020-05-01T06:35:35+00:00","mainEntityOfPage":{"@id":"https:\/\/www.organisator.ch\/management\/it\/2020-05-01\/boss-info-uebernimmt-step-ahead\/"},"wordCount":406,"publisher":{"@id":"https:\/\/www.organisator.ch\/#organization"},"image":{"@id":"https:\/\/www.organisator.ch\/management\/it\/2020-05-01\/boss-info-uebernimmt-step-ahead\/#primaryimage"},"thumbnailUrl":"https:\/\/www.organisator.ch\/wp-content\/uploads\/2020\/05\/Boss-Info-uebernimmt-Step-Ahead_Organisator.jpg","keywords":["IT","IT &amp; Business Software","Unternehmen"],"articleSection":["IT"],"inLanguage":"fr-FR"},{"@type":"WebPage","@id":"https:\/\/www.organisator.ch\/management\/it\/2020-05-01\/boss-info-uebernimmt-step-ahead\/","url":"https:\/\/www.organisator.ch\/management\/it\/2020-05-01\/boss-info-uebernimmt-step-ahead\/","name":"Boss Info reprend Step Ahead - Organisateur","isPartOf":{"@id":"https:\/\/www.organisator.ch\/#website"},"primaryImageOfPage":{"@id":"https:\/\/www.organisator.ch\/management\/it\/2020-05-01\/boss-info-uebernimmt-step-ahead\/#primaryimage"},"image":{"@id":"https:\/\/www.organisator.ch\/management\/it\/2020-05-01\/boss-info-uebernimmt-step-ahead\/#primaryimage"},"thumbnailUrl":"https:\/\/www.organisator.ch\/wp-content\/uploads\/2020\/05\/Boss-Info-uebernimmt-Step-Ahead_Organisator.jpg","datePublished":"2020-05-01T06:35:35+00:00","description":"Boss Info AG reprend au 1er mai 2020 l'\u00e9quipe de 17 personnes de Step Ahead Suisse sur le site d'Ehrendingen AG et devient Step Ahead Premium Partner.","breadcrumb":{"@id":"https:\/\/www.organisator.ch\/management\/it\/2020-05-01\/boss-info-uebernimmt-step-ahead\/#breadcrumb"},"inLanguage":"fr-FR","potentialAction":[{"@type":"ReadAction","target":["https:\/\/www.organisator.ch\/management\/it\/2020-05-01\/boss-info-uebernimmt-step-ahead\/"]}]},{"@type":"ImageObject","inLanguage":"fr-FR","@id":"https:\/\/www.organisator.ch\/management\/it\/2020-05-01\/boss-info-uebernimmt-step-ahead\/#primaryimage","url":"https:\/\/www.organisator.ch\/wp-content\/uploads\/2020\/05\/Boss-Info-uebernimmt-Step-Ahead_Organisator.jpg","contentUrl":"https:\/\/www.organisator.ch\/wp-content\/uploads\/2020\/05\/Boss-Info-uebernimmt-Step-Ahead_Organisator.jpg","width":680,"height":398,"caption":"Vereint unter einem Dach: Die Boss Info mit CEO Simon Boss (rechts) \u00fcbernimmt die Step Ahead Schweiz. Thomas Frei wird in der Folge Leiter am neuen Standort in Ehrendingen. (Bild: zVg)"},{"@type":"BreadcrumbList","@id":"https:\/\/www.organisator.ch\/management\/it\/2020-05-01\/boss-info-uebernimmt-step-ahead\/#breadcrumb","itemListElement":[{"@type":"ListItem","position":1,"name":"Home","item":"https:\/\/www.organisator.ch\/"},{"@type":"ListItem","position":2,"name":"Boss Info \u00fcbernimmt Step Ahead"}]},{"@type":"WebSite","@id":"https:\/\/www.organisator.ch\/#website","url":"https:\/\/www.organisator.ch\/","name":"Organisateur","description":"Comp\u00e9tence et comp\u00e9tence. Proches de la pratique. L'ORGANISATEUR pr\u00e9pare 10 num\u00e9ros par an sur les th\u00e8mes essentiels pour les dirigeants de PME.","publisher":{"@id":"https:\/\/www.organisator.ch\/#organization"},"potentialAction":[{"@type":"SearchAction","target":{"@type":"EntryPoint","urlTemplate":"https:\/\/www.organisator.ch\/?s={search_term_string}"},"query-input":{"@type":"PropertyValueSpecification","valueRequired":true,"valueName":"search_term_string"}}],"inLanguage":"fr-FR"},{"@type":"Organization","@id":"https:\/\/www.organisator.ch\/#organization","name":"Organisateur","url":"https:\/\/www.organisator.ch\/","logo":{"@type":"ImageObject","inLanguage":"fr-FR","@id":"https:\/\/www.organisator.ch\/#\/schema\/logo\/image\/","url":"https:\/\/www.organisator.ch\/wp-content\/uploads\/2022\/01\/Logo_Organisator_Website.png","contentUrl":"https:\/\/www.organisator.ch\/wp-content\/uploads\/2022\/01\/Logo_Organisator_Website.png","width":800,"height":77,"caption":"Organisator"},"image":{"@id":"https:\/\/www.organisator.ch\/#\/schema\/logo\/image\/"},"sameAs":["https:\/\/www.facebook.com\/OrganisatorFachmagazin","https:\/\/www.linkedin.com\/showcase\/organisator-das-magazin-fr-kmu","https:\/\/www.xing.com\/news\/pages\/organisator-ch-695","https:\/\/www.youtube.com\/channel\/UCGP2Sq0iWaZwT3BdIAQFYpw"]},{"@type":"Person","@id":"https:\/\/www.organisator.ch\/#\/schema\/person\/6f650f90b2842cd4c0cc334b4e36f67e","name":"thomas.berner","image":{"@type":"ImageObject","inLanguage":"fr-FR","@id":"https:\/\/secure.gravatar.com\/avatar\/ac5001d2a36cb6c6cd3e50789007ffca834b477b74a2144564522e944eabff61?s=96&d=mm&r=g","url":"https:\/\/secure.gravatar.com\/avatar\/ac5001d2a36cb6c6cd3e50789007ffca834b477b74a2144564522e944eabff61?s=96&d=mm&r=g","contentUrl":"https:\/\/secure.gravatar.com\/avatar\/ac5001d2a36cb6c6cd3e50789007ffca834b477b74a2144564522e944eabff61?s=96&d=mm&r=g","caption":"thomas.berner"},"url":"https:\/\/www.organisator.ch\/fr\/author\/thomas-berner\/"}]}},"_links":{"self":[{"href":"https:\/\/www.organisator.ch\/fr\/wp-json\/wp\/v2\/posts\/6651","targetHints":{"allow":["GET"]}}],"collection":[{"href":"https:\/\/www.organisator.ch\/fr\/wp-json\/wp\/v2\/posts"}],"about":[{"href":"https:\/\/www.organisator.ch\/fr\/wp-json\/wp\/v2\/types\/post"}],"author":[{"embeddable":true,"href":"https:\/\/www.organisator.ch\/fr\/wp-json\/wp\/v2\/users\/4"}],"replies":[{"embeddable":true,"href":"https:\/\/www.organisator.ch\/fr\/wp-json\/wp\/v2\/comments?post=6651"}],"version-history":[{"count":0,"href":"https:\/\/www.organisator.ch\/fr\/wp-json\/wp\/v2\/posts\/6651\/revisions"}],"wp:featuredmedia":[{"embeddable":true,"href":"https:\/\/www.organisator.ch\/fr\/wp-json\/wp\/v2\/media\/6652"}],"wp:attachment":[{"href":"https:\/\/www.organisator.ch\/fr\/wp-json\/wp\/v2\/media?parent=6651"}],"wp:term":[{"taxonomy":"category","embeddable":true,"href":"https:\/\/www.organisator.ch\/fr\/wp-json\/wp\/v2\/categories?post=6651"},{"taxonomy":"post_tag","embeddable":true,"href":"https:\/\/www.organisator.ch\/fr\/wp-json\/wp\/v2\/tags?post=6651"}],"curies":[{"name":"wp","href":"https:\/\/api.w.org\/{rel}","templated":true}]}}