{"id":6657,"date":"2020-05-01T14:44:06","date_gmt":"2020-05-01T12:44:06","guid":{"rendered":"https:\/\/www.organisator.ch\/?p=6657"},"modified":"2020-05-01T14:44:06","modified_gmt":"2020-05-01T12:44:06","slug":"gedaempfter-optimismus-bei-grossunternehmen-insolvenzaengste-bei-kmu","status":"publish","type":"post","link":"https:\/\/www.organisator.ch\/fr\/management\/finanzen_recht\/2020-05-01\/gedaempfter-optimismus-bei-grossunternehmen-insolvenzaengste-bei-kmu\/","title":{"rendered":"Optimisme mitig\u00e9 chez les grandes entreprises - crainte de l'insolvabilit\u00e9 chez les PME"},"content":{"rendered":"<figure id=\"attachment_6659\" aria-describedby=\"caption-attachment-6659\" style=\"width: 680px\" class=\"wp-caption alignnone\"><img loading=\"lazy\" decoding=\"async\" class=\"size-medium wp-image-6659\" src=\"https:\/\/www.organisator.ch\/wp-content\/uploads\/2020\/05\/Gedaempfter-Optimismus-bei-Grossunternehmen-Insolvenzaengste-bei-KMU-1_Organisator.jpg\" alt=\"\" width=\"680\" height=\"352\" srcset=\"https:\/\/www.organisator.ch\/wp-content\/uploads\/2020\/05\/Gedaempfter-Optimismus-bei-Grossunternehmen-Insolvenzaengste-bei-KMU-1_Organisator.jpg 680w, https:\/\/www.organisator.ch\/wp-content\/uploads\/2020\/05\/Gedaempfter-Optimismus-bei-Grossunternehmen-Insolvenzaengste-bei-KMU-1_Organisator-16x8.jpg 16w, https:\/\/www.organisator.ch\/wp-content\/uploads\/2020\/05\/Gedaempfter-Optimismus-bei-Grossunternehmen-Insolvenzaengste-bei-KMU-1_Organisator-338x175.jpg 338w, https:\/\/www.organisator.ch\/wp-content\/uploads\/2020\/05\/Gedaempfter-Optimismus-bei-Grossunternehmen-Insolvenzaengste-bei-KMU-1_Organisator-676x350.jpg 676w, https:\/\/www.organisator.ch\/wp-content\/uploads\/2020\/05\/Gedaempfter-Optimismus-bei-Grossunternehmen-Insolvenzaengste-bei-KMU-1_Organisator-300x155.jpg 300w\" sizes=\"auto, (max-width: 680px) 100vw, 680px\" \/><figcaption id=\"caption-attachment-6659\" class=\"wp-caption-text\">Le shutdown d\u00fb \u00e0 la pand\u00e9mie de Corona provoque des craintes d'insolvabilit\u00e9 chez de nombreuses PME. (Image : Pixabay.com)<\/figcaption><\/figure>\n<p>Dans un sondage \u00e9clair en ligne de Visable, l'exploitant de la plate-forme B2B \"Wer liefert Was\", 8,7 pour cent des PME interrog\u00e9es ont indiqu\u00e9 qu'elles seraient insolvables si le lockdown se prolongeait encore, et 12,6 pour cent suppl\u00e9mentaires ne savent pas combien de temps elles pourront encore maintenir leur activit\u00e9. Bref, les craintes d'insolvabilit\u00e9 augmentent. Un quart des entreprises (26 %) compte tout de m\u00eame sur le soutien de l'\u00c9tat et esp\u00e8re pouvoir assurer son existence en faisant appel \u00e0 des fonds publics. Ce chiffre est \u00e0 comparer avec les 40,1 pour cent d'entreprises qui pensent s'en tirer \u00e0 bon compte et pouvoir continuer \u00e0 exister apr\u00e8s la crise.<\/p>\n<h2><strong>Augmentation du ch\u00f4mage partiel et des arr\u00eats de production<\/strong><\/h2>\n<p>Le nouveau sondage, r\u00e9alis\u00e9 entre le 21 et le 26 avril, montre clairement que la situation s'est aggrav\u00e9e pour les PME de la r\u00e9gion DACH depuis d\u00e9but mars : Le nombre d'entreprises qui envoient leurs collaborateurs en ch\u00f4mage partiel a plus que doubl\u00e9 en comparaison : 40,5 pour cent des personnes interrog\u00e9es d\u00e9clarent d\u00e9sormais travailler en ch\u00f4mage partiel. D\u00e9but mars, ce chiffre n'\u00e9tait que de 20,7 pour cent des entreprises en Suisse.<\/p>\n<figure id=\"attachment_6658\" aria-describedby=\"caption-attachment-6658\" style=\"width: 680px\" class=\"wp-caption alignnone\"><img loading=\"lazy\" decoding=\"async\" class=\"size-medium wp-image-6658\" src=\"https:\/\/www.organisator.ch\/wp-content\/uploads\/2020\/05\/Gedaempfter-Optimismus-bei-Grossunternehmen-Insolvenzaengste-bei-KMU-2_Organisator.jpg\" alt=\"\" width=\"680\" height=\"378\" srcset=\"https:\/\/www.organisator.ch\/wp-content\/uploads\/2020\/05\/Gedaempfter-Optimismus-bei-Grossunternehmen-Insolvenzaengste-bei-KMU-2_Organisator.jpg 680w, https:\/\/www.organisator.ch\/wp-content\/uploads\/2020\/05\/Gedaempfter-Optimismus-bei-Grossunternehmen-Insolvenzaengste-bei-KMU-2_Organisator-16x9.jpg 16w, https:\/\/www.organisator.ch\/wp-content\/uploads\/2020\/05\/Gedaempfter-Optimismus-bei-Grossunternehmen-Insolvenzaengste-bei-KMU-2_Organisator-315x175.jpg 315w, https:\/\/www.organisator.ch\/wp-content\/uploads\/2020\/05\/Gedaempfter-Optimismus-bei-Grossunternehmen-Insolvenzaengste-bei-KMU-2_Organisator-630x350.jpg 630w, https:\/\/www.organisator.ch\/wp-content\/uploads\/2020\/05\/Gedaempfter-Optimismus-bei-Grossunternehmen-Insolvenzaengste-bei-KMU-2_Organisator-300x167.jpg 300w\" sizes=\"auto, (max-width: 680px) 100vw, 680px\" \/><figcaption id=\"caption-attachment-6658\" class=\"wp-caption-text\">Voici comment la pand\u00e9mie de Corona frappe les PME. (Source : Visable)<\/figcaption><\/figure>\n<p>Plus d'une entreprise sur quatre (25,5 %) est en outre concern\u00e9e par la fermeture compl\u00e8te de l'entreprise en raison d'injonctions des autorit\u00e9s. Dans environ huit pour cent des entreprises interrog\u00e9es, la production est \u00e0 l'arr\u00eat. Plus des deux tiers (37,6 %) subissent d'\u00e9normes pertes de chiffre d'affaires. Dans certaines entreprises, le travail quotidien pr\u00e9vaut malgr\u00e9 tout : 22,4 pour cent des entreprises travaillent en mode normal avec des masques de protection respiratoire. Le travail \u00e0 domicile est pratiqu\u00e9 par 28,9 pour cent des entreprises.<\/p>\n<h2><strong>Pas de crainte d'insolvabilit\u00e9 chez les directeurs financiers des grandes entreprises<\/strong><\/h2>\n<p>Selon une enqu\u00eate men\u00e9e par PwC, les directeurs financiers suisses sont en revanche de moins en moins pr\u00e9occup\u00e9s par les effets de COVID-19. Dans la vague actuelle d'enqu\u00eates, seuls 47% des personnes interrog\u00e9es ont exprim\u00e9 une grande inqui\u00e9tude, selon PwC, contre 58% et 75% dans les deux tours pr\u00e9c\u00e9dents des enqu\u00eates dites \"CFO Pulse\", que le cabinet d'audit a men\u00e9es toutes les deux semaines depuis le d\u00e9but de la crise de Corona. Les directeurs financiers suisses (ainsi que leurs homologues allemands et danois) semblent toujours moins pr\u00e9occup\u00e9s par la crise COVID-19 que leurs homologues mondiaux. Seuls 47% des personnes interrog\u00e9es en Suisse pensent d\u00e9sormais que l'\u00e9pid\u00e9mie a le potentiel d'affecter consid\u00e9rablement leurs activit\u00e9s, contre 70% des personnes interrog\u00e9es dans l'ensemble des zones \u00e9tudi\u00e9es.<\/p>\n<p>Mais par rapport aux deux pr\u00e9c\u00e9dentes vagues d'enqu\u00eate, le nombre de CFO en Suisse qui s'attendent \u00e0 une reprise dans les trois mois a nettement diminu\u00e9, passant de 90% lors de la premi\u00e8re vague et 72% lors de la deuxi\u00e8me \u00e0 seulement 50% lors de la derni\u00e8re. Il est int\u00e9ressant de noter qu'en Allemagne, les directeurs financiers sont plus optimistes quant \u00e0 la \"reprise\" de l'\u00e9conomie, avec plus de 70% des personnes interrog\u00e9es qui s'attendent \u00e0 une reprise dans les trois mois.<\/p>\n<h2><strong>Diff\u00e9rents effets de la crise<\/strong><\/h2>\n<p>La pand\u00e9mie Corona agit comme un acc\u00e9l\u00e9rateur de la num\u00e9risation, notamment dans les processus d'achat. Visable fait \u00e9tat d'une nette augmentation du nombre d'acc\u00e8s \u00e0 ses plates-formes. \"L'\u00e9tat d'urgence actuel est la preuve que les achats, l'approvisionnement, mais aussi le marketing et la distribution doivent \u00e0 long terme se r\u00e9organiser compl\u00e8tement et devenir plus num\u00e9riques pour \u00eatre arm\u00e9s pour l'avenir\", d\u00e9clare Peter F. Schmid, CEO de Visable.<\/p>\n<p>Les PME menac\u00e9es dans leur existence pourraient toutefois trouver le salut dans une acquisition par une plus grande entreprise. Ainsi, les CFO interrog\u00e9s par PwC font \u00e9tat d'un \"app\u00e9tit croissant pour les activit\u00e9s de M&amp;A\" (17 % en Suisse contre 11 % pour l'\u00e9chantillon mondial. Les CFO suisses expriment \u00e9galement l'un des niveaux de confiance les plus \u00e9lev\u00e9s dans la stabilit\u00e9 \u00e0 long terme de leur strat\u00e9gie de fusions et acquisitions dans l'ensemble de l'\u00e9chantillon. Reste \u00e0 savoir si une vague d'acquisitions va vraiment suivre, d'autant plus que de nombreuses PME qui souffrent actuellement des cons\u00e9quences de la pand\u00e9mie de Corona sont actives dans des secteurs qui sont de toute fa\u00e7on sous pression \u00e9conomique permanente - marges faibles, march\u00e9s satur\u00e9s.<\/p>\n<p><em>Sources : <a href=\"http:\/\/www.visable.com\">Visible<\/a>, <a href=\"http:\/\/www.pwc.ch\">PwC<\/a><\/em><\/p>","protected":false},"excerpt":{"rendered":"<p>In einer Online-Blitzumfrage von Visable, dem Betreiber der B2B-Plattform \u00abWer liefert Was\u00bb, gaben 8.7 Prozent der befragten KMUs an, dass sie bei einem noch l\u00e4ngeren Lockdown insolvent w\u00e4ren, weitere 12.6 Prozent wissen nicht, wie lange sie ihr Gesch\u00e4ft noch aufrecht erhalten k\u00f6nnen. Kurz: Insolvenz\u00e4ngste nehmen zu. Immerhin ein Viertel der Unternehmen (26 %) setzt auf [&hellip;]<\/p>\n","protected":false},"author":4,"featured_media":6659,"comment_status":"closed","ping_status":"closed","sticky":false,"template":"","format":"standard","meta":{"_acf_changed":false,"_yoast_wpseo_focuskw":"Insolvenz\u00e4ngste","_yoast_wpseo_metadesc":"Jedes f\u00fcnfte Unternehmen in der DACH-Region hat Insolvenz\u00e4ngste. Demgegen\u00fcber \u00e4ussern sich CFOs gr\u00f6sserer Unternehmen weniger besorgt.","articlekey":"","footnotes":""},"categories":[24],"tags":[132,202,459,508],"class_list":["post-6657","post","type-post","status-publish","format-standard","has-post-thumbnail","hentry","category-finanzen_recht","tag-coronavirus","tag-finanzenrecht","tag-studie","tag-vermischtes"],"acf":[],"yoast_head":"<!-- This site is optimized with the Yoast SEO plugin v27.5 - https:\/\/yoast.com\/product\/yoast-seo-wordpress\/ -->\n<title>Ged\u00e4mpfter Optimismus bei Grossunternehmen \u2013 Insolvenz\u00e4ngste bei KMU - Organisator<\/title>\n<meta name=\"description\" content=\"Jedes f\u00fcnfte Unternehmen in der DACH-Region hat Insolvenz\u00e4ngste. Demgegen\u00fcber \u00e4ussern sich CFOs gr\u00f6sserer Unternehmen weniger besorgt.\" \/>\n<meta name=\"robots\" content=\"index, follow, max-snippet:-1, max-image-preview:large, max-video-preview:-1\" \/>\n<link rel=\"canonical\" href=\"https:\/\/www.organisator.ch\/fr\/gestion-2\/finanzen_recht\/2020-05-01\/gedaempfter-optimismus-bei-grossunternehmen-insolvenzaengste-bei-kmu\/\" \/>\n<meta property=\"og:locale\" content=\"fr_FR\" \/>\n<meta property=\"og:type\" content=\"article\" \/>\n<meta property=\"og:title\" content=\"Ged\u00e4mpfter Optimismus bei Grossunternehmen \u2013 Insolvenz\u00e4ngste bei KMU\" \/>\n<meta property=\"og:description\" content=\"Jedes f\u00fcnfte Unternehmen in der DACH-Region hat Insolvenz\u00e4ngste. Demgegen\u00fcber \u00e4ussern sich CFOs gr\u00f6sserer Unternehmen weniger besorgt.\" \/>\n<meta property=\"og:url\" content=\"https:\/\/www.organisator.ch\/fr\/gestion-2\/finanzen_recht\/2020-05-01\/gedaempfter-optimismus-bei-grossunternehmen-insolvenzaengste-bei-kmu\/\" \/>\n<meta property=\"og:site_name\" content=\"Organisator\" \/>\n<meta property=\"article:publisher\" content=\"https:\/\/www.facebook.com\/OrganisatorFachmagazin\" \/>\n<meta property=\"article:published_time\" content=\"2020-05-01T12:44:06+00:00\" \/>\n<meta property=\"og:image\" content=\"https:\/\/www.organisator.ch\/wp-content\/uploads\/2020\/05\/Gedaempfter-Optimismus-bei-Grossunternehmen-Insolvenzaengste-bei-KMU-1_Organisator.jpg\" \/>\n\t<meta property=\"og:image:width\" content=\"680\" \/>\n\t<meta property=\"og:image:height\" content=\"352\" \/>\n\t<meta property=\"og:image:type\" content=\"image\/jpeg\" \/>\n<meta name=\"author\" content=\"thomas.berner\" \/>\n<meta name=\"twitter:card\" content=\"summary_large_image\" \/>\n<meta name=\"twitter:title\" content=\"Ged\u00e4mpfter #Optimismus bei #Grossunternehmen \u2013 Insolvenz\u00e4ngste bei KMU\" \/>\n<meta name=\"twitter:description\" content=\"Jedes f\u00fcnfte Unternehmen in der #DACH-Region hat #Insolvenz\u00e4ngste. Demgegen\u00fcber \u00e4ussern sich CFOs gr\u00f6sserer Unternehmen weniger besorgt.\" \/>\n<meta name=\"twitter:image\" content=\"https:\/\/www.organisator.ch\/wp-content\/uploads\/2020\/05\/Gedaempfter-Optimismus-bei-Grossunternehmen-Insolvenzaengste-bei-KMU-1_Organisator.jpg\" \/>\n<script type=\"application\/ld+json\" class=\"yoast-schema-graph\">{\"@context\":\"https:\\\/\\\/schema.org\",\"@graph\":[{\"@type\":\"Article\",\"@id\":\"https:\\\/\\\/www.organisator.ch\\\/management\\\/finanzen_recht\\\/2020-05-01\\\/gedaempfter-optimismus-bei-grossunternehmen-insolvenzaengste-bei-kmu\\\/#article\",\"isPartOf\":{\"@id\":\"https:\\\/\\\/www.organisator.ch\\\/management\\\/finanzen_recht\\\/2020-05-01\\\/gedaempfter-optimismus-bei-grossunternehmen-insolvenzaengste-bei-kmu\\\/\"},\"author\":{\"name\":\"thomas.berner\",\"@id\":\"https:\\\/\\\/www.organisator.ch\\\/#\\\/schema\\\/person\\\/6f650f90b2842cd4c0cc334b4e36f67e\"},\"headline\":\"Ged\u00e4mpfter Optimismus bei Grossunternehmen \u2013 Insolvenz\u00e4ngste bei KMU\",\"datePublished\":\"2020-05-01T12:44:06+00:00\",\"mainEntityOfPage\":{\"@id\":\"https:\\\/\\\/www.organisator.ch\\\/management\\\/finanzen_recht\\\/2020-05-01\\\/gedaempfter-optimismus-bei-grossunternehmen-insolvenzaengste-bei-kmu\\\/\"},\"wordCount\":643,\"publisher\":{\"@id\":\"https:\\\/\\\/www.organisator.ch\\\/#organization\"},\"image\":{\"@id\":\"https:\\\/\\\/www.organisator.ch\\\/management\\\/finanzen_recht\\\/2020-05-01\\\/gedaempfter-optimismus-bei-grossunternehmen-insolvenzaengste-bei-kmu\\\/#primaryimage\"},\"thumbnailUrl\":\"https:\\\/\\\/www.organisator.ch\\\/wp-content\\\/uploads\\\/2020\\\/05\\\/Gedaempfter-Optimismus-bei-Grossunternehmen-Insolvenzaengste-bei-KMU-1_Organisator.jpg\",\"keywords\":[\"Coronavirus\",\"Finanzen\\\/Recht\",\"Studie\",\"Vermischtes\"],\"articleSection\":[\"FINANZEN\\\/RECHT\"],\"inLanguage\":\"fr-FR\"},{\"@type\":\"WebPage\",\"@id\":\"https:\\\/\\\/www.organisator.ch\\\/management\\\/finanzen_recht\\\/2020-05-01\\\/gedaempfter-optimismus-bei-grossunternehmen-insolvenzaengste-bei-kmu\\\/\",\"url\":\"https:\\\/\\\/www.organisator.ch\\\/management\\\/finanzen_recht\\\/2020-05-01\\\/gedaempfter-optimismus-bei-grossunternehmen-insolvenzaengste-bei-kmu\\\/\",\"name\":\"Ged\u00e4mpfter Optimismus bei Grossunternehmen \u2013 Insolvenz\u00e4ngste bei KMU - Organisator\",\"isPartOf\":{\"@id\":\"https:\\\/\\\/www.organisator.ch\\\/#website\"},\"primaryImageOfPage\":{\"@id\":\"https:\\\/\\\/www.organisator.ch\\\/management\\\/finanzen_recht\\\/2020-05-01\\\/gedaempfter-optimismus-bei-grossunternehmen-insolvenzaengste-bei-kmu\\\/#primaryimage\"},\"image\":{\"@id\":\"https:\\\/\\\/www.organisator.ch\\\/management\\\/finanzen_recht\\\/2020-05-01\\\/gedaempfter-optimismus-bei-grossunternehmen-insolvenzaengste-bei-kmu\\\/#primaryimage\"},\"thumbnailUrl\":\"https:\\\/\\\/www.organisator.ch\\\/wp-content\\\/uploads\\\/2020\\\/05\\\/Gedaempfter-Optimismus-bei-Grossunternehmen-Insolvenzaengste-bei-KMU-1_Organisator.jpg\",\"datePublished\":\"2020-05-01T12:44:06+00:00\",\"description\":\"Jedes f\u00fcnfte Unternehmen in der DACH-Region hat Insolvenz\u00e4ngste. Demgegen\u00fcber \u00e4ussern sich CFOs gr\u00f6sserer Unternehmen weniger besorgt.\",\"breadcrumb\":{\"@id\":\"https:\\\/\\\/www.organisator.ch\\\/management\\\/finanzen_recht\\\/2020-05-01\\\/gedaempfter-optimismus-bei-grossunternehmen-insolvenzaengste-bei-kmu\\\/#breadcrumb\"},\"inLanguage\":\"fr-FR\",\"potentialAction\":[{\"@type\":\"ReadAction\",\"target\":[\"https:\\\/\\\/www.organisator.ch\\\/management\\\/finanzen_recht\\\/2020-05-01\\\/gedaempfter-optimismus-bei-grossunternehmen-insolvenzaengste-bei-kmu\\\/\"]}]},{\"@type\":\"ImageObject\",\"inLanguage\":\"fr-FR\",\"@id\":\"https:\\\/\\\/www.organisator.ch\\\/management\\\/finanzen_recht\\\/2020-05-01\\\/gedaempfter-optimismus-bei-grossunternehmen-insolvenzaengste-bei-kmu\\\/#primaryimage\",\"url\":\"https:\\\/\\\/www.organisator.ch\\\/wp-content\\\/uploads\\\/2020\\\/05\\\/Gedaempfter-Optimismus-bei-Grossunternehmen-Insolvenzaengste-bei-KMU-1_Organisator.jpg\",\"contentUrl\":\"https:\\\/\\\/www.organisator.ch\\\/wp-content\\\/uploads\\\/2020\\\/05\\\/Gedaempfter-Optimismus-bei-Grossunternehmen-Insolvenzaengste-bei-KMU-1_Organisator.jpg\",\"width\":680,\"height\":352,\"caption\":\"Der Shutdown wegen der Corona-Pandemie l\u00f6st bei vielen KMU Insolvenz\u00e4ngste aus. (Bild: Pixabay.com)\"},{\"@type\":\"BreadcrumbList\",\"@id\":\"https:\\\/\\\/www.organisator.ch\\\/management\\\/finanzen_recht\\\/2020-05-01\\\/gedaempfter-optimismus-bei-grossunternehmen-insolvenzaengste-bei-kmu\\\/#breadcrumb\",\"itemListElement\":[{\"@type\":\"ListItem\",\"position\":1,\"name\":\"Home\",\"item\":\"https:\\\/\\\/www.organisator.ch\\\/\"},{\"@type\":\"ListItem\",\"position\":2,\"name\":\"Ged\u00e4mpfter Optimismus bei Grossunternehmen \u2013 Insolvenz\u00e4ngste bei KMU\"}]},{\"@type\":\"WebSite\",\"@id\":\"https:\\\/\\\/www.organisator.ch\\\/#website\",\"url\":\"https:\\\/\\\/www.organisator.ch\\\/\",\"name\":\"Organisator\",\"description\":\"Kompetent. Praxisnah. Der ORGANISATOR bereitet in 10 Ausgaben pro Jahr die wesentlichen Themen f\u00fcr F\u00fchrungskr\u00e4fte von KMU auf.\",\"publisher\":{\"@id\":\"https:\\\/\\\/www.organisator.ch\\\/#organization\"},\"potentialAction\":[{\"@type\":\"SearchAction\",\"target\":{\"@type\":\"EntryPoint\",\"urlTemplate\":\"https:\\\/\\\/www.organisator.ch\\\/?s={search_term_string}\"},\"query-input\":{\"@type\":\"PropertyValueSpecification\",\"valueRequired\":true,\"valueName\":\"search_term_string\"}}],\"inLanguage\":\"fr-FR\"},{\"@type\":\"Organization\",\"@id\":\"https:\\\/\\\/www.organisator.ch\\\/#organization\",\"name\":\"Organisator\",\"url\":\"https:\\\/\\\/www.organisator.ch\\\/\",\"logo\":{\"@type\":\"ImageObject\",\"inLanguage\":\"fr-FR\",\"@id\":\"https:\\\/\\\/www.organisator.ch\\\/#\\\/schema\\\/logo\\\/image\\\/\",\"url\":\"https:\\\/\\\/www.organisator.ch\\\/wp-content\\\/uploads\\\/2022\\\/01\\\/Logo_Organisator_Website.png\",\"contentUrl\":\"https:\\\/\\\/www.organisator.ch\\\/wp-content\\\/uploads\\\/2022\\\/01\\\/Logo_Organisator_Website.png\",\"width\":800,\"height\":77,\"caption\":\"Organisator\"},\"image\":{\"@id\":\"https:\\\/\\\/www.organisator.ch\\\/#\\\/schema\\\/logo\\\/image\\\/\"},\"sameAs\":[\"https:\\\/\\\/www.facebook.com\\\/OrganisatorFachmagazin\",\"https:\\\/\\\/www.linkedin.com\\\/showcase\\\/organisator-das-magazin-fr-kmu\",\"https:\\\/\\\/www.xing.com\\\/news\\\/pages\\\/organisator-ch-695\",\"https:\\\/\\\/www.youtube.com\\\/channel\\\/UCGP2Sq0iWaZwT3BdIAQFYpw\"]},{\"@type\":\"Person\",\"@id\":\"https:\\\/\\\/www.organisator.ch\\\/#\\\/schema\\\/person\\\/6f650f90b2842cd4c0cc334b4e36f67e\",\"name\":\"thomas.berner\",\"image\":{\"@type\":\"ImageObject\",\"inLanguage\":\"fr-FR\",\"@id\":\"https:\\\/\\\/secure.gravatar.com\\\/avatar\\\/ac5001d2a36cb6c6cd3e50789007ffca834b477b74a2144564522e944eabff61?s=96&d=mm&r=g\",\"url\":\"https:\\\/\\\/secure.gravatar.com\\\/avatar\\\/ac5001d2a36cb6c6cd3e50789007ffca834b477b74a2144564522e944eabff61?s=96&d=mm&r=g\",\"contentUrl\":\"https:\\\/\\\/secure.gravatar.com\\\/avatar\\\/ac5001d2a36cb6c6cd3e50789007ffca834b477b74a2144564522e944eabff61?s=96&d=mm&r=g\",\"caption\":\"thomas.berner\"},\"url\":\"https:\\\/\\\/www.organisator.ch\\\/fr\\\/author\\\/thomas-berner\\\/\"}]}<\/script>\n<!-- \/ Yoast SEO plugin. -->","yoast_head_json":{"title":"Optimisme mitig\u00e9 chez les grandes entreprises - Peur de l'insolvabilit\u00e9 chez les PME - Organisateur","description":"Une entreprise sur cinq dans la r\u00e9gion DACH a peur de l'insolvabilit\u00e9. En revanche, les directeurs financiers des grandes entreprises se montrent moins inquiets.","robots":{"index":"index","follow":"follow","max-snippet":"max-snippet:-1","max-image-preview":"max-image-preview:large","max-video-preview":"max-video-preview:-1"},"canonical":"https:\/\/www.organisator.ch\/fr\/gestion-2\/finanzen_recht\/2020-05-01\/gedaempfter-optimismus-bei-grossunternehmen-insolvenzaengste-bei-kmu\/","og_locale":"fr_FR","og_type":"article","og_title":"Ged\u00e4mpfter Optimismus bei Grossunternehmen \u2013 Insolvenz\u00e4ngste bei KMU","og_description":"Jedes f\u00fcnfte Unternehmen in der DACH-Region hat Insolvenz\u00e4ngste. Demgegen\u00fcber \u00e4ussern sich CFOs gr\u00f6sserer Unternehmen weniger besorgt.","og_url":"https:\/\/www.organisator.ch\/fr\/gestion-2\/finanzen_recht\/2020-05-01\/gedaempfter-optimismus-bei-grossunternehmen-insolvenzaengste-bei-kmu\/","og_site_name":"Organisator","article_publisher":"https:\/\/www.facebook.com\/OrganisatorFachmagazin","article_published_time":"2020-05-01T12:44:06+00:00","og_image":[{"width":680,"height":352,"url":"https:\/\/www.organisator.ch\/wp-content\/uploads\/2020\/05\/Gedaempfter-Optimismus-bei-Grossunternehmen-Insolvenzaengste-bei-KMU-1_Organisator.jpg","type":"image\/jpeg"}],"author":"thomas.berner","twitter_card":"summary_large_image","twitter_title":"Ged\u00e4mpfter #Optimismus bei #Grossunternehmen \u2013 Insolvenz\u00e4ngste bei KMU","twitter_description":"Jedes f\u00fcnfte Unternehmen in der #DACH-Region hat #Insolvenz\u00e4ngste. Demgegen\u00fcber \u00e4ussern sich CFOs gr\u00f6sserer Unternehmen weniger besorgt.","twitter_image":"https:\/\/www.organisator.ch\/wp-content\/uploads\/2020\/05\/Gedaempfter-Optimismus-bei-Grossunternehmen-Insolvenzaengste-bei-KMU-1_Organisator.jpg","schema":{"@context":"https:\/\/schema.org","@graph":[{"@type":"Article","@id":"https:\/\/www.organisator.ch\/management\/finanzen_recht\/2020-05-01\/gedaempfter-optimismus-bei-grossunternehmen-insolvenzaengste-bei-kmu\/#article","isPartOf":{"@id":"https:\/\/www.organisator.ch\/management\/finanzen_recht\/2020-05-01\/gedaempfter-optimismus-bei-grossunternehmen-insolvenzaengste-bei-kmu\/"},"author":{"name":"thomas.berner","@id":"https:\/\/www.organisator.ch\/#\/schema\/person\/6f650f90b2842cd4c0cc334b4e36f67e"},"headline":"Ged\u00e4mpfter Optimismus bei Grossunternehmen \u2013 Insolvenz\u00e4ngste bei KMU","datePublished":"2020-05-01T12:44:06+00:00","mainEntityOfPage":{"@id":"https:\/\/www.organisator.ch\/management\/finanzen_recht\/2020-05-01\/gedaempfter-optimismus-bei-grossunternehmen-insolvenzaengste-bei-kmu\/"},"wordCount":643,"publisher":{"@id":"https:\/\/www.organisator.ch\/#organization"},"image":{"@id":"https:\/\/www.organisator.ch\/management\/finanzen_recht\/2020-05-01\/gedaempfter-optimismus-bei-grossunternehmen-insolvenzaengste-bei-kmu\/#primaryimage"},"thumbnailUrl":"https:\/\/www.organisator.ch\/wp-content\/uploads\/2020\/05\/Gedaempfter-Optimismus-bei-Grossunternehmen-Insolvenzaengste-bei-KMU-1_Organisator.jpg","keywords":["Coronavirus","Finanzen\/Recht","Studie","Vermischtes"],"articleSection":["FINANZEN\/RECHT"],"inLanguage":"fr-FR"},{"@type":"WebPage","@id":"https:\/\/www.organisator.ch\/management\/finanzen_recht\/2020-05-01\/gedaempfter-optimismus-bei-grossunternehmen-insolvenzaengste-bei-kmu\/","url":"https:\/\/www.organisator.ch\/management\/finanzen_recht\/2020-05-01\/gedaempfter-optimismus-bei-grossunternehmen-insolvenzaengste-bei-kmu\/","name":"Optimisme mitig\u00e9 chez les grandes entreprises - Peur de l'insolvabilit\u00e9 chez les PME - Organisateur","isPartOf":{"@id":"https:\/\/www.organisator.ch\/#website"},"primaryImageOfPage":{"@id":"https:\/\/www.organisator.ch\/management\/finanzen_recht\/2020-05-01\/gedaempfter-optimismus-bei-grossunternehmen-insolvenzaengste-bei-kmu\/#primaryimage"},"image":{"@id":"https:\/\/www.organisator.ch\/management\/finanzen_recht\/2020-05-01\/gedaempfter-optimismus-bei-grossunternehmen-insolvenzaengste-bei-kmu\/#primaryimage"},"thumbnailUrl":"https:\/\/www.organisator.ch\/wp-content\/uploads\/2020\/05\/Gedaempfter-Optimismus-bei-Grossunternehmen-Insolvenzaengste-bei-KMU-1_Organisator.jpg","datePublished":"2020-05-01T12:44:06+00:00","description":"Une entreprise sur cinq dans la r\u00e9gion DACH a peur de l'insolvabilit\u00e9. En revanche, les directeurs financiers des grandes entreprises se montrent moins inquiets.","breadcrumb":{"@id":"https:\/\/www.organisator.ch\/management\/finanzen_recht\/2020-05-01\/gedaempfter-optimismus-bei-grossunternehmen-insolvenzaengste-bei-kmu\/#breadcrumb"},"inLanguage":"fr-FR","potentialAction":[{"@type":"ReadAction","target":["https:\/\/www.organisator.ch\/management\/finanzen_recht\/2020-05-01\/gedaempfter-optimismus-bei-grossunternehmen-insolvenzaengste-bei-kmu\/"]}]},{"@type":"ImageObject","inLanguage":"fr-FR","@id":"https:\/\/www.organisator.ch\/management\/finanzen_recht\/2020-05-01\/gedaempfter-optimismus-bei-grossunternehmen-insolvenzaengste-bei-kmu\/#primaryimage","url":"https:\/\/www.organisator.ch\/wp-content\/uploads\/2020\/05\/Gedaempfter-Optimismus-bei-Grossunternehmen-Insolvenzaengste-bei-KMU-1_Organisator.jpg","contentUrl":"https:\/\/www.organisator.ch\/wp-content\/uploads\/2020\/05\/Gedaempfter-Optimismus-bei-Grossunternehmen-Insolvenzaengste-bei-KMU-1_Organisator.jpg","width":680,"height":352,"caption":"Der Shutdown wegen der Corona-Pandemie l\u00f6st bei vielen KMU Insolvenz\u00e4ngste aus. (Bild: Pixabay.com)"},{"@type":"BreadcrumbList","@id":"https:\/\/www.organisator.ch\/management\/finanzen_recht\/2020-05-01\/gedaempfter-optimismus-bei-grossunternehmen-insolvenzaengste-bei-kmu\/#breadcrumb","itemListElement":[{"@type":"ListItem","position":1,"name":"Home","item":"https:\/\/www.organisator.ch\/"},{"@type":"ListItem","position":2,"name":"Ged\u00e4mpfter Optimismus bei Grossunternehmen \u2013 Insolvenz\u00e4ngste bei KMU"}]},{"@type":"WebSite","@id":"https:\/\/www.organisator.ch\/#website","url":"https:\/\/www.organisator.ch\/","name":"Organisateur","description":"Comp\u00e9tence et comp\u00e9tence. Proches de la pratique. L'ORGANISATEUR pr\u00e9pare 10 num\u00e9ros par an sur les th\u00e8mes essentiels pour les dirigeants de PME.","publisher":{"@id":"https:\/\/www.organisator.ch\/#organization"},"potentialAction":[{"@type":"SearchAction","target":{"@type":"EntryPoint","urlTemplate":"https:\/\/www.organisator.ch\/?s={search_term_string}"},"query-input":{"@type":"PropertyValueSpecification","valueRequired":true,"valueName":"search_term_string"}}],"inLanguage":"fr-FR"},{"@type":"Organization","@id":"https:\/\/www.organisator.ch\/#organization","name":"Organisateur","url":"https:\/\/www.organisator.ch\/","logo":{"@type":"ImageObject","inLanguage":"fr-FR","@id":"https:\/\/www.organisator.ch\/#\/schema\/logo\/image\/","url":"https:\/\/www.organisator.ch\/wp-content\/uploads\/2022\/01\/Logo_Organisator_Website.png","contentUrl":"https:\/\/www.organisator.ch\/wp-content\/uploads\/2022\/01\/Logo_Organisator_Website.png","width":800,"height":77,"caption":"Organisator"},"image":{"@id":"https:\/\/www.organisator.ch\/#\/schema\/logo\/image\/"},"sameAs":["https:\/\/www.facebook.com\/OrganisatorFachmagazin","https:\/\/www.linkedin.com\/showcase\/organisator-das-magazin-fr-kmu","https:\/\/www.xing.com\/news\/pages\/organisator-ch-695","https:\/\/www.youtube.com\/channel\/UCGP2Sq0iWaZwT3BdIAQFYpw"]},{"@type":"Person","@id":"https:\/\/www.organisator.ch\/#\/schema\/person\/6f650f90b2842cd4c0cc334b4e36f67e","name":"thomas.berner","image":{"@type":"ImageObject","inLanguage":"fr-FR","@id":"https:\/\/secure.gravatar.com\/avatar\/ac5001d2a36cb6c6cd3e50789007ffca834b477b74a2144564522e944eabff61?s=96&d=mm&r=g","url":"https:\/\/secure.gravatar.com\/avatar\/ac5001d2a36cb6c6cd3e50789007ffca834b477b74a2144564522e944eabff61?s=96&d=mm&r=g","contentUrl":"https:\/\/secure.gravatar.com\/avatar\/ac5001d2a36cb6c6cd3e50789007ffca834b477b74a2144564522e944eabff61?s=96&d=mm&r=g","caption":"thomas.berner"},"url":"https:\/\/www.organisator.ch\/fr\/author\/thomas-berner\/"}]}},"_links":{"self":[{"href":"https:\/\/www.organisator.ch\/fr\/wp-json\/wp\/v2\/posts\/6657","targetHints":{"allow":["GET"]}}],"collection":[{"href":"https:\/\/www.organisator.ch\/fr\/wp-json\/wp\/v2\/posts"}],"about":[{"href":"https:\/\/www.organisator.ch\/fr\/wp-json\/wp\/v2\/types\/post"}],"author":[{"embeddable":true,"href":"https:\/\/www.organisator.ch\/fr\/wp-json\/wp\/v2\/users\/4"}],"replies":[{"embeddable":true,"href":"https:\/\/www.organisator.ch\/fr\/wp-json\/wp\/v2\/comments?post=6657"}],"version-history":[{"count":0,"href":"https:\/\/www.organisator.ch\/fr\/wp-json\/wp\/v2\/posts\/6657\/revisions"}],"wp:featuredmedia":[{"embeddable":true,"href":"https:\/\/www.organisator.ch\/fr\/wp-json\/wp\/v2\/media\/6659"}],"wp:attachment":[{"href":"https:\/\/www.organisator.ch\/fr\/wp-json\/wp\/v2\/media?parent=6657"}],"wp:term":[{"taxonomy":"category","embeddable":true,"href":"https:\/\/www.organisator.ch\/fr\/wp-json\/wp\/v2\/categories?post=6657"},{"taxonomy":"post_tag","embeddable":true,"href":"https:\/\/www.organisator.ch\/fr\/wp-json\/wp\/v2\/tags?post=6657"}],"curies":[{"name":"wp","href":"https:\/\/api.w.org\/{rel}","templated":true}]}}