{"id":6669,"date":"2020-05-06T17:08:03","date_gmt":"2020-05-06T15:08:03","guid":{"rendered":"https:\/\/www.organisator.ch\/?p=6669"},"modified":"2020-05-06T17:08:03","modified_gmt":"2020-05-06T15:08:03","slug":"schweizer-kmu-glauben-an-rueckkehr-mit-neuer-staerke","status":"publish","type":"post","link":"https:\/\/www.organisator.ch\/fr\/management\/2020-05-06\/schweizer-kmu-glauben-an-rueckkehr-mit-neuer-staerke\/","title":{"rendered":"Les PME suisses croient \u00e0 un retour avec une nouvelle force"},"content":{"rendered":"<figure id=\"attachment_6670\" aria-describedby=\"caption-attachment-6670\" style=\"width: 680px\" class=\"wp-caption alignnone\"><img loading=\"lazy\" decoding=\"async\" class=\"size-medium wp-image-6670\" src=\"https:\/\/www.organisator.ch\/wp-content\/uploads\/2020\/05\/Schweizer-KMU-glauben-an-Rueckkehr-mit-neuer-Staerke_Organisator.jpg\" alt=\"\" width=\"680\" height=\"266\" srcset=\"https:\/\/www.organisator.ch\/wp-content\/uploads\/2020\/05\/Schweizer-KMU-glauben-an-Rueckkehr-mit-neuer-Staerke_Organisator.jpg 680w, https:\/\/www.organisator.ch\/wp-content\/uploads\/2020\/05\/Schweizer-KMU-glauben-an-Rueckkehr-mit-neuer-Staerke_Organisator-16x6.jpg 16w, https:\/\/www.organisator.ch\/wp-content\/uploads\/2020\/05\/Schweizer-KMU-glauben-an-Rueckkehr-mit-neuer-Staerke_Organisator-375x147.jpg 375w, https:\/\/www.organisator.ch\/wp-content\/uploads\/2020\/05\/Schweizer-KMU-glauben-an-Rueckkehr-mit-neuer-Staerke_Organisator-300x117.jpg 300w\" sizes=\"auto, (max-width: 680px) 100vw, 680px\" \/><figcaption id=\"caption-attachment-6670\" class=\"wp-caption-text\">Voici comment les PME suisses jugent la crise de la Corona. (Graphique : Localsearch)<\/figcaption><\/figure>\n<p>Malgr\u00e9 les bouleversements \u00e9conomiques massifs, les PME suisses ne croient pas \u00e0 un Armageddon \u00e9conomique. Dans une enqu\u00eate men\u00e9e par <a href=\"https:\/\/www.localsearch.ch\/de\">localsearch (Swisscom Directories SA)<\/a> aupr\u00e8s de 200 PME de Suisse al\u00e9manique, 68 pour cent sont d'accord avec l'affirmation \"Ma PME trouvera une nouvelle force apr\u00e8s la crise de la Corona\". Une minorit\u00e9 de 11 pour cent doute de sa propre capacit\u00e9 de survie \u00e9conomique.<\/p>\n<h2>Un quart des PME suisses s'attend \u00e0 une vague de faillites<\/h2>\n<p>Les PME suisses ne sont pas seulement optimistes quant \u00e0 leur propre avenir dans l'\u00e8re post-Corona, elles ne se font pas non plus de soucis excessifs pour leur branche. Pr\u00e8s de la moiti\u00e9 (46 pour cent) des personnes interrog\u00e9es sont convaincues que \"dans ma branche, il n'y aura que peu de faillites avec Corona\". D'un autre c\u00f4t\u00e9, 27 pour cent des personnes interrog\u00e9es s'attendent \u00e0 une vague de faillites chez leurs concurrents. Il semble toutefois que pour de nombreux entrepreneurs, il soit trop t\u00f4t pour se faire une opinion d\u00e9finitive sur cette question : Un participant au sondage sur quatre (27 pour cent) indique en effet ne pas encore pouvoir \u00e9valuer le potentiel de faillite de la crise de la Corona.<\/p>\n<h2>La crise comme opportunit\u00e9 : une PME sur cinq voit un grand potentiel apr\u00e8s Corona<\/h2>\n<p>Une PME suisse sur cinq consid\u00e8re la crise comme une opportunit\u00e9. \"Pour ma PME, la crise de la Corona est une chance\" - 21 pour cent des PME interrog\u00e9es sont d'accord avec cette affirmation, 50 pour cent ne le sont pas et 29 pour cent ne veulent pas s'engager dans cette \u00e9valuation. \"Je suis tr\u00e8s impressionn\u00e9 par la force mentale et l'optimisme de nombreuses PME suisses. Ce sont les meilleures conditions pour la reprise \u00e9conomique\", commente Stefano Santinelli, CEO de localsearch (Swisscom Directories SA), \u00e0 propos de l'\u00e9valuation des PME.<\/p>\n<h2>Corona acc\u00e9l\u00e8re la num\u00e9risation - de nombreuses PME restent n\u00e9anmoins indiff\u00e9rentes<\/h2>\n<p>D\u00e9clench\u00e9e par la crise de la Corona, la population a fortement num\u00e9ris\u00e9 son quotidien avec les achats en ligne, le bureau \u00e0 domicile, la livraison de nourriture, les chats vid\u00e9o et les paiements sans argent liquide. Cette tendance laisse de nombreuses PME indiff\u00e9rentes. 55 pour cent des entreprises interrog\u00e9es d\u00e9clarent ne pas s'int\u00e9resser davantage qu'avant aux offres num\u00e9riques telles que les boutiques en ligne, les r\u00e9servations de rendez-vous en ligne, etc. en raison du lockdown. Seule une minorit\u00e9 de 23 pour cent r\u00e9pond par l'affirmative \u00e0 l'affirmation \"Le marketing num\u00e9rique est plus important pour nous aujourd'hui qu'avant la crise\".<\/p>\n<p>Stefano Santinelli est convaincu que l'\u00e9cart entre les exigences num\u00e9riques croissantes des consommateurs et le manque de correspondance dans de nombreuses PME peut devenir dangereux \u00e0 moyen terme pour ces entreprises : \"Le consommateur ne s'oriente pas vers le fournisseur. S'il veut commander en ligne, il commande l\u00e0 o\u00f9 il peut le faire. Les autres n'ont rien\".<\/p>\n<p>&nbsp;<\/p>","protected":false},"excerpt":{"rendered":"<p>Die Schweizer KMU glauben trotz massiver \u00f6konomischer Verwerfungen nicht an ein wirtschaftliches Armageddon. In einer von localsearch (Swisscom Directories AG) beauftragten Umfrage unter 200 Deutschschweizer KMU stimmen 68 Prozent der Aussage zu \u00abMein KMU wird nach der Coronakrise zu neuer St\u00e4rke finden\u00bb. Eine Minderheit von 11 Prozent zweifelt an der eigenen wirtschaftlichen \u00dcberlebensf\u00e4higkeit. Ein Viertel [&hellip;]<\/p>\n","protected":false},"author":4,"featured_media":6670,"comment_status":"closed","ping_status":"closed","sticky":false,"template":"","format":"standard","meta":{"_acf_changed":false,"_yoast_wpseo_focuskw":"Schweizer KMU","_yoast_wpseo_metadesc":"Mehr als zwei Drittel der Schweizer KMU sind zuversichtlich, mit neuer St\u00e4rke in die Nach-Corona-Zeit zur\u00fcckkehren zu k\u00f6nnen.","articlekey":"","footnotes":""},"categories":[28],"tags":[132,335,492],"class_list":["post-6669","post","type-post","status-publish","format-standard","has-post-thumbnail","hentry","category-management","tag-coronavirus","tag-management-und-unternehmensfuehrung","tag-unternehmen"],"acf":[],"yoast_head":"<!-- This site is optimized with the Yoast SEO plugin v27.4 - https:\/\/yoast.com\/product\/yoast-seo-wordpress\/ -->\n<title>Schweizer KMU glauben an R\u00fcckkehr mit neuer St\u00e4rke - Organisator<\/title>\n<meta name=\"description\" content=\"Mehr als zwei Drittel der Schweizer KMU sind zuversichtlich, mit neuer St\u00e4rke in die Nach-Corona-Zeit zur\u00fcckkehren zu k\u00f6nnen.\" \/>\n<meta name=\"robots\" content=\"index, follow, max-snippet:-1, max-image-preview:large, max-video-preview:-1\" \/>\n<link rel=\"canonical\" href=\"https:\/\/www.organisator.ch\/fr\/gestion-2\/2020-05-06\/schweizer-kmu-glauben-an-rueckkehr-mit-neuer-staerke\/\" \/>\n<meta property=\"og:locale\" content=\"fr_FR\" \/>\n<meta property=\"og:type\" content=\"article\" \/>\n<meta property=\"og:title\" content=\"Schweizer KMU glauben an R\u00fcckkehr mit neuer St\u00e4rke\" \/>\n<meta property=\"og:description\" content=\"Mehr als zwei Drittel der Schweizer KMU sind zuversichtlich, mit neuer St\u00e4rke in die Nach-Corona-Zeit zur\u00fcckkehren zu k\u00f6nnen.\" \/>\n<meta property=\"og:url\" content=\"https:\/\/www.organisator.ch\/fr\/gestion-2\/2020-05-06\/schweizer-kmu-glauben-an-rueckkehr-mit-neuer-staerke\/\" \/>\n<meta property=\"og:site_name\" content=\"Organisator\" \/>\n<meta property=\"article:publisher\" content=\"https:\/\/www.facebook.com\/OrganisatorFachmagazin\" \/>\n<meta property=\"article:published_time\" content=\"2020-05-06T15:08:03+00:00\" \/>\n<meta property=\"og:image\" content=\"https:\/\/www.organisator.ch\/wp-content\/uploads\/2020\/05\/Schweizer-KMU-glauben-an-Rueckkehr-mit-neuer-Staerke_Organisator.jpg\" \/>\n\t<meta property=\"og:image:width\" content=\"680\" \/>\n\t<meta property=\"og:image:height\" content=\"266\" \/>\n\t<meta property=\"og:image:type\" content=\"image\/jpeg\" \/>\n<meta name=\"author\" content=\"thomas.berner\" \/>\n<meta name=\"twitter:card\" content=\"summary_large_image\" \/>\n<meta name=\"twitter:title\" content=\"Schweizer #KMU glauben an R\u00fcckkehr mit neuer #St\u00e4rke\" \/>\n<meta name=\"twitter:description\" content=\"Mehr als zwei Drittel der Schweizer #KMU sind zuversichtlich, mit neuer St\u00e4rke in die #Nach-Corona-Zeit zur\u00fcckkehren zu k\u00f6nnen.\" \/>\n<meta name=\"twitter:image\" content=\"https:\/\/www.organisator.ch\/wp-content\/uploads\/2020\/05\/Schweizer-KMU-glauben-an-Rueckkehr-mit-neuer-Staerke_Organisator.jpg\" \/>\n<script type=\"application\/ld+json\" class=\"yoast-schema-graph\">{\"@context\":\"https:\\\/\\\/schema.org\",\"@graph\":[{\"@type\":\"Article\",\"@id\":\"https:\\\/\\\/www.organisator.ch\\\/management\\\/2020-05-06\\\/schweizer-kmu-glauben-an-rueckkehr-mit-neuer-staerke\\\/#article\",\"isPartOf\":{\"@id\":\"https:\\\/\\\/www.organisator.ch\\\/management\\\/2020-05-06\\\/schweizer-kmu-glauben-an-rueckkehr-mit-neuer-staerke\\\/\"},\"author\":{\"name\":\"thomas.berner\",\"@id\":\"https:\\\/\\\/www.organisator.ch\\\/#\\\/schema\\\/person\\\/6f650f90b2842cd4c0cc334b4e36f67e\"},\"headline\":\"Schweizer KMU glauben an R\u00fcckkehr mit neuer St\u00e4rke\",\"datePublished\":\"2020-05-06T15:08:03+00:00\",\"mainEntityOfPage\":{\"@id\":\"https:\\\/\\\/www.organisator.ch\\\/management\\\/2020-05-06\\\/schweizer-kmu-glauben-an-rueckkehr-mit-neuer-staerke\\\/\"},\"wordCount\":420,\"publisher\":{\"@id\":\"https:\\\/\\\/www.organisator.ch\\\/#organization\"},\"image\":{\"@id\":\"https:\\\/\\\/www.organisator.ch\\\/management\\\/2020-05-06\\\/schweizer-kmu-glauben-an-rueckkehr-mit-neuer-staerke\\\/#primaryimage\"},\"thumbnailUrl\":\"https:\\\/\\\/www.organisator.ch\\\/wp-content\\\/uploads\\\/2020\\\/05\\\/Schweizer-KMU-glauben-an-Rueckkehr-mit-neuer-Staerke_Organisator.jpg\",\"keywords\":[\"Coronavirus\",\"Management und Unternehmensf\u00fchrung\",\"Unternehmen\"],\"articleSection\":[\"MANAGEMENT\"],\"inLanguage\":\"fr-FR\"},{\"@type\":\"WebPage\",\"@id\":\"https:\\\/\\\/www.organisator.ch\\\/management\\\/2020-05-06\\\/schweizer-kmu-glauben-an-rueckkehr-mit-neuer-staerke\\\/\",\"url\":\"https:\\\/\\\/www.organisator.ch\\\/management\\\/2020-05-06\\\/schweizer-kmu-glauben-an-rueckkehr-mit-neuer-staerke\\\/\",\"name\":\"Schweizer KMU glauben an R\u00fcckkehr mit neuer St\u00e4rke - Organisator\",\"isPartOf\":{\"@id\":\"https:\\\/\\\/www.organisator.ch\\\/#website\"},\"primaryImageOfPage\":{\"@id\":\"https:\\\/\\\/www.organisator.ch\\\/management\\\/2020-05-06\\\/schweizer-kmu-glauben-an-rueckkehr-mit-neuer-staerke\\\/#primaryimage\"},\"image\":{\"@id\":\"https:\\\/\\\/www.organisator.ch\\\/management\\\/2020-05-06\\\/schweizer-kmu-glauben-an-rueckkehr-mit-neuer-staerke\\\/#primaryimage\"},\"thumbnailUrl\":\"https:\\\/\\\/www.organisator.ch\\\/wp-content\\\/uploads\\\/2020\\\/05\\\/Schweizer-KMU-glauben-an-Rueckkehr-mit-neuer-Staerke_Organisator.jpg\",\"datePublished\":\"2020-05-06T15:08:03+00:00\",\"description\":\"Mehr als zwei Drittel der Schweizer KMU sind zuversichtlich, mit neuer St\u00e4rke in die Nach-Corona-Zeit zur\u00fcckkehren zu k\u00f6nnen.\",\"breadcrumb\":{\"@id\":\"https:\\\/\\\/www.organisator.ch\\\/management\\\/2020-05-06\\\/schweizer-kmu-glauben-an-rueckkehr-mit-neuer-staerke\\\/#breadcrumb\"},\"inLanguage\":\"fr-FR\",\"potentialAction\":[{\"@type\":\"ReadAction\",\"target\":[\"https:\\\/\\\/www.organisator.ch\\\/management\\\/2020-05-06\\\/schweizer-kmu-glauben-an-rueckkehr-mit-neuer-staerke\\\/\"]}]},{\"@type\":\"ImageObject\",\"inLanguage\":\"fr-FR\",\"@id\":\"https:\\\/\\\/www.organisator.ch\\\/management\\\/2020-05-06\\\/schweizer-kmu-glauben-an-rueckkehr-mit-neuer-staerke\\\/#primaryimage\",\"url\":\"https:\\\/\\\/www.organisator.ch\\\/wp-content\\\/uploads\\\/2020\\\/05\\\/Schweizer-KMU-glauben-an-Rueckkehr-mit-neuer-Staerke_Organisator.jpg\",\"contentUrl\":\"https:\\\/\\\/www.organisator.ch\\\/wp-content\\\/uploads\\\/2020\\\/05\\\/Schweizer-KMU-glauben-an-Rueckkehr-mit-neuer-Staerke_Organisator.jpg\",\"width\":680,\"height\":266,\"caption\":\"So beurteilen Schweizer KMU die Coronakrise. (Grafik: Localsearch)\"},{\"@type\":\"BreadcrumbList\",\"@id\":\"https:\\\/\\\/www.organisator.ch\\\/management\\\/2020-05-06\\\/schweizer-kmu-glauben-an-rueckkehr-mit-neuer-staerke\\\/#breadcrumb\",\"itemListElement\":[{\"@type\":\"ListItem\",\"position\":1,\"name\":\"Home\",\"item\":\"https:\\\/\\\/www.organisator.ch\\\/\"},{\"@type\":\"ListItem\",\"position\":2,\"name\":\"Schweizer KMU glauben an R\u00fcckkehr mit neuer St\u00e4rke\"}]},{\"@type\":\"WebSite\",\"@id\":\"https:\\\/\\\/www.organisator.ch\\\/#website\",\"url\":\"https:\\\/\\\/www.organisator.ch\\\/\",\"name\":\"Organisator\",\"description\":\"Kompetent. Praxisnah. Der ORGANISATOR bereitet in 10 Ausgaben pro Jahr die wesentlichen Themen f\u00fcr F\u00fchrungskr\u00e4fte von KMU auf.\",\"publisher\":{\"@id\":\"https:\\\/\\\/www.organisator.ch\\\/#organization\"},\"potentialAction\":[{\"@type\":\"SearchAction\",\"target\":{\"@type\":\"EntryPoint\",\"urlTemplate\":\"https:\\\/\\\/www.organisator.ch\\\/?s={search_term_string}\"},\"query-input\":{\"@type\":\"PropertyValueSpecification\",\"valueRequired\":true,\"valueName\":\"search_term_string\"}}],\"inLanguage\":\"fr-FR\"},{\"@type\":\"Organization\",\"@id\":\"https:\\\/\\\/www.organisator.ch\\\/#organization\",\"name\":\"Organisator\",\"url\":\"https:\\\/\\\/www.organisator.ch\\\/\",\"logo\":{\"@type\":\"ImageObject\",\"inLanguage\":\"fr-FR\",\"@id\":\"https:\\\/\\\/www.organisator.ch\\\/#\\\/schema\\\/logo\\\/image\\\/\",\"url\":\"https:\\\/\\\/www.organisator.ch\\\/wp-content\\\/uploads\\\/2022\\\/01\\\/Logo_Organisator_Website.png\",\"contentUrl\":\"https:\\\/\\\/www.organisator.ch\\\/wp-content\\\/uploads\\\/2022\\\/01\\\/Logo_Organisator_Website.png\",\"width\":800,\"height\":77,\"caption\":\"Organisator\"},\"image\":{\"@id\":\"https:\\\/\\\/www.organisator.ch\\\/#\\\/schema\\\/logo\\\/image\\\/\"},\"sameAs\":[\"https:\\\/\\\/www.facebook.com\\\/OrganisatorFachmagazin\",\"https:\\\/\\\/www.linkedin.com\\\/showcase\\\/organisator-das-magazin-fr-kmu\",\"https:\\\/\\\/www.xing.com\\\/news\\\/pages\\\/organisator-ch-695\",\"https:\\\/\\\/www.youtube.com\\\/channel\\\/UCGP2Sq0iWaZwT3BdIAQFYpw\"]},{\"@type\":\"Person\",\"@id\":\"https:\\\/\\\/www.organisator.ch\\\/#\\\/schema\\\/person\\\/6f650f90b2842cd4c0cc334b4e36f67e\",\"name\":\"thomas.berner\",\"image\":{\"@type\":\"ImageObject\",\"inLanguage\":\"fr-FR\",\"@id\":\"https:\\\/\\\/secure.gravatar.com\\\/avatar\\\/ac5001d2a36cb6c6cd3e50789007ffca834b477b74a2144564522e944eabff61?s=96&d=mm&r=g\",\"url\":\"https:\\\/\\\/secure.gravatar.com\\\/avatar\\\/ac5001d2a36cb6c6cd3e50789007ffca834b477b74a2144564522e944eabff61?s=96&d=mm&r=g\",\"contentUrl\":\"https:\\\/\\\/secure.gravatar.com\\\/avatar\\\/ac5001d2a36cb6c6cd3e50789007ffca834b477b74a2144564522e944eabff61?s=96&d=mm&r=g\",\"caption\":\"thomas.berner\"},\"url\":\"https:\\\/\\\/www.organisator.ch\\\/fr\\\/author\\\/thomas-berner\\\/\"}]}<\/script>\n<!-- \/ Yoast SEO plugin. -->","yoast_head_json":{"title":"Les PME suisses croient \u00e0 un retour avec une nouvelle force - Organisateur","description":"Plus de deux tiers des PME suisses sont confiantes dans leur capacit\u00e9 \u00e0 revenir avec une force nouvelle dans l'apr\u00e8s-Corona.","robots":{"index":"index","follow":"follow","max-snippet":"max-snippet:-1","max-image-preview":"max-image-preview:large","max-video-preview":"max-video-preview:-1"},"canonical":"https:\/\/www.organisator.ch\/fr\/gestion-2\/2020-05-06\/schweizer-kmu-glauben-an-rueckkehr-mit-neuer-staerke\/","og_locale":"fr_FR","og_type":"article","og_title":"Schweizer KMU glauben an R\u00fcckkehr mit neuer St\u00e4rke","og_description":"Mehr als zwei Drittel der Schweizer KMU sind zuversichtlich, mit neuer St\u00e4rke in die Nach-Corona-Zeit zur\u00fcckkehren zu k\u00f6nnen.","og_url":"https:\/\/www.organisator.ch\/fr\/gestion-2\/2020-05-06\/schweizer-kmu-glauben-an-rueckkehr-mit-neuer-staerke\/","og_site_name":"Organisator","article_publisher":"https:\/\/www.facebook.com\/OrganisatorFachmagazin","article_published_time":"2020-05-06T15:08:03+00:00","og_image":[{"width":680,"height":266,"url":"https:\/\/www.organisator.ch\/wp-content\/uploads\/2020\/05\/Schweizer-KMU-glauben-an-Rueckkehr-mit-neuer-Staerke_Organisator.jpg","type":"image\/jpeg"}],"author":"thomas.berner","twitter_card":"summary_large_image","twitter_title":"Schweizer #KMU glauben an R\u00fcckkehr mit neuer #St\u00e4rke","twitter_description":"Mehr als zwei Drittel der Schweizer #KMU sind zuversichtlich, mit neuer St\u00e4rke in die #Nach-Corona-Zeit zur\u00fcckkehren zu k\u00f6nnen.","twitter_image":"https:\/\/www.organisator.ch\/wp-content\/uploads\/2020\/05\/Schweizer-KMU-glauben-an-Rueckkehr-mit-neuer-Staerke_Organisator.jpg","schema":{"@context":"https:\/\/schema.org","@graph":[{"@type":"Article","@id":"https:\/\/www.organisator.ch\/management\/2020-05-06\/schweizer-kmu-glauben-an-rueckkehr-mit-neuer-staerke\/#article","isPartOf":{"@id":"https:\/\/www.organisator.ch\/management\/2020-05-06\/schweizer-kmu-glauben-an-rueckkehr-mit-neuer-staerke\/"},"author":{"name":"thomas.berner","@id":"https:\/\/www.organisator.ch\/#\/schema\/person\/6f650f90b2842cd4c0cc334b4e36f67e"},"headline":"Schweizer KMU glauben an R\u00fcckkehr mit neuer St\u00e4rke","datePublished":"2020-05-06T15:08:03+00:00","mainEntityOfPage":{"@id":"https:\/\/www.organisator.ch\/management\/2020-05-06\/schweizer-kmu-glauben-an-rueckkehr-mit-neuer-staerke\/"},"wordCount":420,"publisher":{"@id":"https:\/\/www.organisator.ch\/#organization"},"image":{"@id":"https:\/\/www.organisator.ch\/management\/2020-05-06\/schweizer-kmu-glauben-an-rueckkehr-mit-neuer-staerke\/#primaryimage"},"thumbnailUrl":"https:\/\/www.organisator.ch\/wp-content\/uploads\/2020\/05\/Schweizer-KMU-glauben-an-Rueckkehr-mit-neuer-Staerke_Organisator.jpg","keywords":["Coronavirus","Management und Unternehmensf\u00fchrung","Unternehmen"],"articleSection":["MANAGEMENT"],"inLanguage":"fr-FR"},{"@type":"WebPage","@id":"https:\/\/www.organisator.ch\/management\/2020-05-06\/schweizer-kmu-glauben-an-rueckkehr-mit-neuer-staerke\/","url":"https:\/\/www.organisator.ch\/management\/2020-05-06\/schweizer-kmu-glauben-an-rueckkehr-mit-neuer-staerke\/","name":"Les PME suisses croient \u00e0 un retour avec une nouvelle force - Organisateur","isPartOf":{"@id":"https:\/\/www.organisator.ch\/#website"},"primaryImageOfPage":{"@id":"https:\/\/www.organisator.ch\/management\/2020-05-06\/schweizer-kmu-glauben-an-rueckkehr-mit-neuer-staerke\/#primaryimage"},"image":{"@id":"https:\/\/www.organisator.ch\/management\/2020-05-06\/schweizer-kmu-glauben-an-rueckkehr-mit-neuer-staerke\/#primaryimage"},"thumbnailUrl":"https:\/\/www.organisator.ch\/wp-content\/uploads\/2020\/05\/Schweizer-KMU-glauben-an-Rueckkehr-mit-neuer-Staerke_Organisator.jpg","datePublished":"2020-05-06T15:08:03+00:00","description":"Plus de deux tiers des PME suisses sont confiantes dans leur capacit\u00e9 \u00e0 revenir avec une force nouvelle dans l'apr\u00e8s-Corona.","breadcrumb":{"@id":"https:\/\/www.organisator.ch\/management\/2020-05-06\/schweizer-kmu-glauben-an-rueckkehr-mit-neuer-staerke\/#breadcrumb"},"inLanguage":"fr-FR","potentialAction":[{"@type":"ReadAction","target":["https:\/\/www.organisator.ch\/management\/2020-05-06\/schweizer-kmu-glauben-an-rueckkehr-mit-neuer-staerke\/"]}]},{"@type":"ImageObject","inLanguage":"fr-FR","@id":"https:\/\/www.organisator.ch\/management\/2020-05-06\/schweizer-kmu-glauben-an-rueckkehr-mit-neuer-staerke\/#primaryimage","url":"https:\/\/www.organisator.ch\/wp-content\/uploads\/2020\/05\/Schweizer-KMU-glauben-an-Rueckkehr-mit-neuer-Staerke_Organisator.jpg","contentUrl":"https:\/\/www.organisator.ch\/wp-content\/uploads\/2020\/05\/Schweizer-KMU-glauben-an-Rueckkehr-mit-neuer-Staerke_Organisator.jpg","width":680,"height":266,"caption":"So beurteilen Schweizer KMU die Coronakrise. (Grafik: Localsearch)"},{"@type":"BreadcrumbList","@id":"https:\/\/www.organisator.ch\/management\/2020-05-06\/schweizer-kmu-glauben-an-rueckkehr-mit-neuer-staerke\/#breadcrumb","itemListElement":[{"@type":"ListItem","position":1,"name":"Home","item":"https:\/\/www.organisator.ch\/"},{"@type":"ListItem","position":2,"name":"Schweizer KMU glauben an R\u00fcckkehr mit neuer St\u00e4rke"}]},{"@type":"WebSite","@id":"https:\/\/www.organisator.ch\/#website","url":"https:\/\/www.organisator.ch\/","name":"Organisateur","description":"Comp\u00e9tence et comp\u00e9tence. Proches de la pratique. L'ORGANISATEUR pr\u00e9pare 10 num\u00e9ros par an sur les th\u00e8mes essentiels pour les dirigeants de PME.","publisher":{"@id":"https:\/\/www.organisator.ch\/#organization"},"potentialAction":[{"@type":"SearchAction","target":{"@type":"EntryPoint","urlTemplate":"https:\/\/www.organisator.ch\/?s={search_term_string}"},"query-input":{"@type":"PropertyValueSpecification","valueRequired":true,"valueName":"search_term_string"}}],"inLanguage":"fr-FR"},{"@type":"Organization","@id":"https:\/\/www.organisator.ch\/#organization","name":"Organisateur","url":"https:\/\/www.organisator.ch\/","logo":{"@type":"ImageObject","inLanguage":"fr-FR","@id":"https:\/\/www.organisator.ch\/#\/schema\/logo\/image\/","url":"https:\/\/www.organisator.ch\/wp-content\/uploads\/2022\/01\/Logo_Organisator_Website.png","contentUrl":"https:\/\/www.organisator.ch\/wp-content\/uploads\/2022\/01\/Logo_Organisator_Website.png","width":800,"height":77,"caption":"Organisator"},"image":{"@id":"https:\/\/www.organisator.ch\/#\/schema\/logo\/image\/"},"sameAs":["https:\/\/www.facebook.com\/OrganisatorFachmagazin","https:\/\/www.linkedin.com\/showcase\/organisator-das-magazin-fr-kmu","https:\/\/www.xing.com\/news\/pages\/organisator-ch-695","https:\/\/www.youtube.com\/channel\/UCGP2Sq0iWaZwT3BdIAQFYpw"]},{"@type":"Person","@id":"https:\/\/www.organisator.ch\/#\/schema\/person\/6f650f90b2842cd4c0cc334b4e36f67e","name":"thomas.berner","image":{"@type":"ImageObject","inLanguage":"fr-FR","@id":"https:\/\/secure.gravatar.com\/avatar\/ac5001d2a36cb6c6cd3e50789007ffca834b477b74a2144564522e944eabff61?s=96&d=mm&r=g","url":"https:\/\/secure.gravatar.com\/avatar\/ac5001d2a36cb6c6cd3e50789007ffca834b477b74a2144564522e944eabff61?s=96&d=mm&r=g","contentUrl":"https:\/\/secure.gravatar.com\/avatar\/ac5001d2a36cb6c6cd3e50789007ffca834b477b74a2144564522e944eabff61?s=96&d=mm&r=g","caption":"thomas.berner"},"url":"https:\/\/www.organisator.ch\/fr\/author\/thomas-berner\/"}]}},"_links":{"self":[{"href":"https:\/\/www.organisator.ch\/fr\/wp-json\/wp\/v2\/posts\/6669","targetHints":{"allow":["GET"]}}],"collection":[{"href":"https:\/\/www.organisator.ch\/fr\/wp-json\/wp\/v2\/posts"}],"about":[{"href":"https:\/\/www.organisator.ch\/fr\/wp-json\/wp\/v2\/types\/post"}],"author":[{"embeddable":true,"href":"https:\/\/www.organisator.ch\/fr\/wp-json\/wp\/v2\/users\/4"}],"replies":[{"embeddable":true,"href":"https:\/\/www.organisator.ch\/fr\/wp-json\/wp\/v2\/comments?post=6669"}],"version-history":[{"count":0,"href":"https:\/\/www.organisator.ch\/fr\/wp-json\/wp\/v2\/posts\/6669\/revisions"}],"wp:featuredmedia":[{"embeddable":true,"href":"https:\/\/www.organisator.ch\/fr\/wp-json\/wp\/v2\/media\/6670"}],"wp:attachment":[{"href":"https:\/\/www.organisator.ch\/fr\/wp-json\/wp\/v2\/media?parent=6669"}],"wp:term":[{"taxonomy":"category","embeddable":true,"href":"https:\/\/www.organisator.ch\/fr\/wp-json\/wp\/v2\/categories?post=6669"},{"taxonomy":"post_tag","embeddable":true,"href":"https:\/\/www.organisator.ch\/fr\/wp-json\/wp\/v2\/tags?post=6669"}],"curies":[{"name":"wp","href":"https:\/\/api.w.org\/{rel}","templated":true}]}}