{"id":667,"date":"2016-10-14T14:30:23","date_gmt":"2016-10-14T12:30:23","guid":{"rendered":"http:\/\/dev.organisator.ch\/?p=667"},"modified":"2016-10-14T14:30:23","modified_gmt":"2016-10-14T12:30:23","slug":"suva-baut-anreize-fuer-wiedereingliederungen-aus","status":"publish","type":"post","link":"https:\/\/www.organisator.ch\/fr\/human-resources\/hrm\/2016-10-14\/suva-baut-anreize-fuer-wiedereingliederungen-aus\/","title":{"rendered":"La Suva renforce ses incitations \u00e0 la r\u00e9insertion professionnelle"},"content":{"rendered":"<figure id=\"attachment_668\" aria-describedby=\"caption-attachment-668\" style=\"width: 640px\" class=\"wp-caption alignnone\"><img loading=\"lazy\" decoding=\"async\" class=\"size-full wp-image-668\" src=\"https:\/\/www.organisator.ch\/wp-content\/uploads\/2016\/12\/Suva-baut-Anreize-fuer-Wiedereingliederungen-aus-organisator.jpg\" alt=\"\" width=\"640\" height=\"478\" srcset=\"https:\/\/www.organisator.ch\/wp-content\/uploads\/2016\/12\/Suva-baut-Anreize-fuer-Wiedereingliederungen-aus-organisator.jpg 640w, https:\/\/www.organisator.ch\/wp-content\/uploads\/2016\/12\/Suva-baut-Anreize-fuer-Wiedereingliederungen-aus-organisator-16x12.jpg 16w, https:\/\/www.organisator.ch\/wp-content\/uploads\/2016\/12\/Suva-baut-Anreize-fuer-Wiedereingliederungen-aus-organisator-234x175.jpg 234w, https:\/\/www.organisator.ch\/wp-content\/uploads\/2016\/12\/Suva-baut-Anreize-fuer-Wiedereingliederungen-aus-organisator-469x350.jpg 469w, https:\/\/www.organisator.ch\/wp-content\/uploads\/2016\/12\/Suva-baut-Anreize-fuer-Wiedereingliederungen-aus-organisator-300x224.jpg 300w\" sizes=\"auto, (max-width: 640px) 100vw, 640px\" \/><figcaption id=\"caption-attachment-668\" class=\"wp-caption-text\">Il y a plus d'emplois appropri\u00e9s pour les personnes qui reprennent le travail que ce qui est enregistr\u00e9 publiquement. (Image : Suva)<\/figcaption><\/figure>\n<blockquote><p>Avec le nouveau syst\u00e8me d'incitation, la Suva a la possibilit\u00e9 de prendre en charge les frais de r\u00e9insertion jusqu'\u00e0 20 000 francs.<\/p><\/blockquote>\n<p>La situation \u00e9conomique actuelle et l'avanc\u00e9e de la num\u00e9risation font qu'il est de plus en plus difficile de r\u00e9int\u00e9grer les travailleurs accident\u00e9s sur le march\u00e9 du travail - surtout s'ils ne sont pas du tout ou peu form\u00e9s. Afin de soutenir les entreprises qui mettent \u00e0 disposition des emplois adapt\u00e9s \u00e0 ces personnes, la Suva lance maintenant le programme \"Incitations \u00e0 la r\u00e9int\u00e9gration en entreprise\".<\/p>\n<p>L'accent est mis sur les personnes qui, apr\u00e8s un accident, ne peuvent plus exercer leur activit\u00e9 initiale ou ne peuvent reprendre leur m\u00e9tier qu'avec un engagement important de leur employeur. L'un des crit\u00e8res est en outre qu'il n'existe aucun droit \u00e0 une mesure professionnelle de l'assurance-invalidit\u00e9 (AI) - que ce soit parce que les personnes concern\u00e9es n'ont pas droit \u00e0 une reconversion sans formation ou parce que l'AI n'intervient pas pour une autre raison. La mise en \u0153uvre du programme se fait toutefois en \u00e9troite collaboration entre la Suva et l'AI.<\/p>\n<p><strong>20'000 francs d'honoraires de succ\u00e8s<\/strong><\/p>\n<p>D\u00e9sormais, un nombre nettement plus important d'assur\u00e9s ou d'entreprises devraient profiter du syst\u00e8me d'incitation optimis\u00e9. Pour cela, la Suva \u00e9largit ses prestations. A l'avenir, l'offre devrait \u00e9galement concerner les entreprises qui r\u00e9int\u00e8grent leurs propres collaborateurs accident\u00e9s. Jusqu'\u00e0 pr\u00e9sent, le syst\u00e8me d'incitation s'appliquait aux entreprises qui avaient cr\u00e9\u00e9 un poste pour un employ\u00e9 accident\u00e9. En effet, \"nous pr\u00e9f\u00e9rons donner \u00e0 nos assur\u00e9s une perspective plut\u00f4t qu'une rente\", explique Peter Diermann, responsable du secteur des prestations d'assurance \u00e0 la Suva.<\/p>\n<p>Avec le nouveau syst\u00e8me d'incitation, la Suva a la possibilit\u00e9 de prendre en charge les frais de r\u00e9insertion jusqu'\u00e0 20'000 francs. \"Il s'agit par exemple d'adaptations du poste de travail, de frais d'initiation \u00e0 un nouveau poste ou de cours de formation en vue d'un reclassement ou d'un nouvel emploi\", explique Diermann. De plus, en cas de r\u00e9ussite de la mesure, un honoraire de r\u00e9ussite de 20 000 francs peut \u00eatre vers\u00e9. Ces frais n'entra\u00eenent aucune charge de prime pour les entreprises. L'objectif de la Suva est que ces mesures lui permettent de r\u00e9aliser des \u00e9conomies financi\u00e8res.<\/p>\n<p>Le programme \"Incitations \u00e0 la r\u00e9int\u00e9gration dans l'entreprise\" remplace le projet pilote \"Initiative de r\u00e9int\u00e9gration professionnelle\", gr\u00e2ce auquel la Suva a pu r\u00e9int\u00e9grer 180 assur\u00e9s et \u00e9conomiser 30 millions de francs sur les rentes vers\u00e9es au cours des cinq derni\u00e8res ann\u00e9es.<\/p>\n<p><a href=\"http:\/\/www.suva.ch\" target=\"_blank\" rel=\"noreferrer noopener\" data-cke-saved-href=\"http:\/\/www.suva.ch\">http:\/\/www.suva.ch<\/a><\/p>","protected":false},"excerpt":{"rendered":"<p>Mit dem neuen Anreizsystem hat die Suva die M\u00f6glichkeit, Wiedereingliederungskosten bis zu 20 000 Franken zu \u00fcbernehmen. Die aktuelle Wirtschaftslage und die voranschreitende Digitalisierung machen es zunehmend schwierig, verunfallte Arbeitnehmerinnen und Arbeitnehmer in den Arbeitsmarkt zur\u00fcckzuf\u00fchren \u2013 vor allem, wenn diese gar nicht oder nur schlecht ausgebildet sind. Um Unternehmen zu unterst\u00fctzen, die f\u00fcr diese [&hellip;]<\/p>\n","protected":false},"author":1,"featured_media":668,"comment_status":"open","ping_status":"open","sticky":false,"template":"","format":"standard","meta":{"_acf_changed":false,"_yoast_wpseo_focuskw":"Wiedereingliederungen","_yoast_wpseo_metadesc":"Ausbau Reintegrationsprogramm: SUVA will Arbeitgebern mehr finanzielle Anreize bieten, Menschen nach einem Unfall eine berufliche Perspektive zu geben.","articlekey":"","footnotes":""},"categories":[26],"tags":[51,54,254],"class_list":["post-667","post","type-post","status-publish","format-standard","has-post-thumbnail","hentry","category-hrm","tag-arbeitsplatzgestaltung","tag-arbeitsunfaelle","tag-hrm"],"acf":[],"yoast_head":"<!-- This site is optimized with the Yoast SEO plugin v27.5 - https:\/\/yoast.com\/product\/yoast-seo-wordpress\/ -->\n<title>Suva baut Anreize f\u00fcr Wiedereingliederungen aus - Organisator<\/title>\n<meta name=\"description\" content=\"Ausbau Reintegrationsprogramm: SUVA will Arbeitgebern mehr finanzielle Anreize bieten, Menschen nach einem Unfall eine berufliche Perspektive zu geben.\" \/>\n<meta name=\"robots\" content=\"index, follow, max-snippet:-1, max-image-preview:large, max-video-preview:-1\" \/>\n<link rel=\"canonical\" href=\"https:\/\/www.organisator.ch\/fr\/ressources-humaines\/hrm\/2016-10-14\/suva-baut-anreize-fuer-wiedereingliederungen-aus\/\" \/>\n<meta property=\"og:locale\" content=\"fr_FR\" \/>\n<meta property=\"og:type\" content=\"article\" \/>\n<meta property=\"og:title\" content=\"Suva baut Anreize f\u00fcr Wiedereingliederungen aus\" \/>\n<meta property=\"og:description\" content=\"Nach erfolgreichem Pilotversuch baut die Suva ihr Reintegrationsprogramm aus. Damit will sie Arbeitgebern mehr finanzielle Anreize bieten, Menschen nach einem Unfall eine berufliche Perspektive zu geben.\" \/>\n<meta property=\"og:url\" content=\"https:\/\/www.organisator.ch\/fr\/ressources-humaines\/hrm\/2016-10-14\/suva-baut-anreize-fuer-wiedereingliederungen-aus\/\" \/>\n<meta property=\"og:site_name\" content=\"Organisator\" \/>\n<meta property=\"article:publisher\" content=\"https:\/\/www.facebook.com\/OrganisatorFachmagazin\" \/>\n<meta property=\"article:published_time\" content=\"2016-10-14T12:30:23+00:00\" \/>\n<meta name=\"author\" content=\"admin\" \/>\n<meta name=\"twitter:card\" content=\"summary_large_image\" \/>\n<meta name=\"twitter:image\" content=\"https:\/\/www.organisator.ch\/wp-content\/uploads\/2016\/12\/Suva-baut-Anreize-fuer-Wiedereingliederungen-aus-organisator.jpg\" \/>\n<script type=\"application\/ld+json\" class=\"yoast-schema-graph\">{\"@context\":\"https:\\\/\\\/schema.org\",\"@graph\":[{\"@type\":\"Article\",\"@id\":\"https:\\\/\\\/www.organisator.ch\\\/human-resources\\\/hrm\\\/2016-10-14\\\/suva-baut-anreize-fuer-wiedereingliederungen-aus\\\/#article\",\"isPartOf\":{\"@id\":\"https:\\\/\\\/www.organisator.ch\\\/human-resources\\\/hrm\\\/2016-10-14\\\/suva-baut-anreize-fuer-wiedereingliederungen-aus\\\/\"},\"author\":{\"name\":\"admin\",\"@id\":\"https:\\\/\\\/www.organisator.ch\\\/#\\\/schema\\\/person\\\/aa2bace6c5c5aad60102004a50c4eb1c\"},\"headline\":\"Suva baut Anreize f\u00fcr Wiedereingliederungen aus\",\"datePublished\":\"2016-10-14T12:30:23+00:00\",\"mainEntityOfPage\":{\"@id\":\"https:\\\/\\\/www.organisator.ch\\\/human-resources\\\/hrm\\\/2016-10-14\\\/suva-baut-anreize-fuer-wiedereingliederungen-aus\\\/\"},\"wordCount\":375,\"commentCount\":0,\"publisher\":{\"@id\":\"https:\\\/\\\/www.organisator.ch\\\/#organization\"},\"image\":{\"@id\":\"https:\\\/\\\/www.organisator.ch\\\/human-resources\\\/hrm\\\/2016-10-14\\\/suva-baut-anreize-fuer-wiedereingliederungen-aus\\\/#primaryimage\"},\"thumbnailUrl\":\"https:\\\/\\\/www.organisator.ch\\\/wp-content\\\/uploads\\\/2016\\\/12\\\/Suva-baut-Anreize-fuer-Wiedereingliederungen-aus-organisator.jpg\",\"keywords\":[\"Arbeitsplatzgestaltung\",\"Arbeitsunf\u00e4lle\",\"HRM\"],\"articleSection\":[\"HRM\"],\"inLanguage\":\"fr-FR\"},{\"@type\":\"WebPage\",\"@id\":\"https:\\\/\\\/www.organisator.ch\\\/human-resources\\\/hrm\\\/2016-10-14\\\/suva-baut-anreize-fuer-wiedereingliederungen-aus\\\/\",\"url\":\"https:\\\/\\\/www.organisator.ch\\\/human-resources\\\/hrm\\\/2016-10-14\\\/suva-baut-anreize-fuer-wiedereingliederungen-aus\\\/\",\"name\":\"Suva baut Anreize f\u00fcr Wiedereingliederungen aus - Organisator\",\"isPartOf\":{\"@id\":\"https:\\\/\\\/www.organisator.ch\\\/#website\"},\"primaryImageOfPage\":{\"@id\":\"https:\\\/\\\/www.organisator.ch\\\/human-resources\\\/hrm\\\/2016-10-14\\\/suva-baut-anreize-fuer-wiedereingliederungen-aus\\\/#primaryimage\"},\"image\":{\"@id\":\"https:\\\/\\\/www.organisator.ch\\\/human-resources\\\/hrm\\\/2016-10-14\\\/suva-baut-anreize-fuer-wiedereingliederungen-aus\\\/#primaryimage\"},\"thumbnailUrl\":\"https:\\\/\\\/www.organisator.ch\\\/wp-content\\\/uploads\\\/2016\\\/12\\\/Suva-baut-Anreize-fuer-Wiedereingliederungen-aus-organisator.jpg\",\"datePublished\":\"2016-10-14T12:30:23+00:00\",\"description\":\"Ausbau Reintegrationsprogramm: SUVA will Arbeitgebern mehr finanzielle Anreize bieten, Menschen nach einem Unfall eine berufliche Perspektive zu geben.\",\"breadcrumb\":{\"@id\":\"https:\\\/\\\/www.organisator.ch\\\/human-resources\\\/hrm\\\/2016-10-14\\\/suva-baut-anreize-fuer-wiedereingliederungen-aus\\\/#breadcrumb\"},\"inLanguage\":\"fr-FR\",\"potentialAction\":[{\"@type\":\"ReadAction\",\"target\":[\"https:\\\/\\\/www.organisator.ch\\\/human-resources\\\/hrm\\\/2016-10-14\\\/suva-baut-anreize-fuer-wiedereingliederungen-aus\\\/\"]}]},{\"@type\":\"ImageObject\",\"inLanguage\":\"fr-FR\",\"@id\":\"https:\\\/\\\/www.organisator.ch\\\/human-resources\\\/hrm\\\/2016-10-14\\\/suva-baut-anreize-fuer-wiedereingliederungen-aus\\\/#primaryimage\",\"url\":\"https:\\\/\\\/www.organisator.ch\\\/wp-content\\\/uploads\\\/2016\\\/12\\\/Suva-baut-Anreize-fuer-Wiedereingliederungen-aus-organisator.jpg\",\"contentUrl\":\"https:\\\/\\\/www.organisator.ch\\\/wp-content\\\/uploads\\\/2016\\\/12\\\/Suva-baut-Anreize-fuer-Wiedereingliederungen-aus-organisator.jpg\",\"width\":640,\"height\":478,\"caption\":\"Geeignete Arbeitspl\u00e4tze f\u00fcr Wiedereinsteiger gibt es mehr als \u00f6ffentlich verzeichnet. (Bild: Suva)\"},{\"@type\":\"BreadcrumbList\",\"@id\":\"https:\\\/\\\/www.organisator.ch\\\/human-resources\\\/hrm\\\/2016-10-14\\\/suva-baut-anreize-fuer-wiedereingliederungen-aus\\\/#breadcrumb\",\"itemListElement\":[{\"@type\":\"ListItem\",\"position\":1,\"name\":\"Home\",\"item\":\"https:\\\/\\\/www.organisator.ch\\\/\"},{\"@type\":\"ListItem\",\"position\":2,\"name\":\"Suva baut Anreize f\u00fcr Wiedereingliederungen aus\"}]},{\"@type\":\"WebSite\",\"@id\":\"https:\\\/\\\/www.organisator.ch\\\/#website\",\"url\":\"https:\\\/\\\/www.organisator.ch\\\/\",\"name\":\"Organisator\",\"description\":\"Kompetent. Praxisnah. Der ORGANISATOR bereitet in 10 Ausgaben pro Jahr die wesentlichen Themen f\u00fcr F\u00fchrungskr\u00e4fte von KMU auf.\",\"publisher\":{\"@id\":\"https:\\\/\\\/www.organisator.ch\\\/#organization\"},\"potentialAction\":[{\"@type\":\"SearchAction\",\"target\":{\"@type\":\"EntryPoint\",\"urlTemplate\":\"https:\\\/\\\/www.organisator.ch\\\/?s={search_term_string}\"},\"query-input\":{\"@type\":\"PropertyValueSpecification\",\"valueRequired\":true,\"valueName\":\"search_term_string\"}}],\"inLanguage\":\"fr-FR\"},{\"@type\":\"Organization\",\"@id\":\"https:\\\/\\\/www.organisator.ch\\\/#organization\",\"name\":\"Organisator\",\"url\":\"https:\\\/\\\/www.organisator.ch\\\/\",\"logo\":{\"@type\":\"ImageObject\",\"inLanguage\":\"fr-FR\",\"@id\":\"https:\\\/\\\/www.organisator.ch\\\/#\\\/schema\\\/logo\\\/image\\\/\",\"url\":\"https:\\\/\\\/www.organisator.ch\\\/wp-content\\\/uploads\\\/2022\\\/01\\\/Logo_Organisator_Website.png\",\"contentUrl\":\"https:\\\/\\\/www.organisator.ch\\\/wp-content\\\/uploads\\\/2022\\\/01\\\/Logo_Organisator_Website.png\",\"width\":800,\"height\":77,\"caption\":\"Organisator\"},\"image\":{\"@id\":\"https:\\\/\\\/www.organisator.ch\\\/#\\\/schema\\\/logo\\\/image\\\/\"},\"sameAs\":[\"https:\\\/\\\/www.facebook.com\\\/OrganisatorFachmagazin\",\"https:\\\/\\\/www.linkedin.com\\\/showcase\\\/organisator-das-magazin-fr-kmu\",\"https:\\\/\\\/www.xing.com\\\/news\\\/pages\\\/organisator-ch-695\",\"https:\\\/\\\/www.youtube.com\\\/channel\\\/UCGP2Sq0iWaZwT3BdIAQFYpw\"]},{\"@type\":\"Person\",\"@id\":\"https:\\\/\\\/www.organisator.ch\\\/#\\\/schema\\\/person\\\/aa2bace6c5c5aad60102004a50c4eb1c\",\"name\":\"admin\",\"image\":{\"@type\":\"ImageObject\",\"inLanguage\":\"fr-FR\",\"@id\":\"https:\\\/\\\/secure.gravatar.com\\\/avatar\\\/ae2f4d718e6c49043e314ce431e7e645d646302a24a5ef5a8bc8e3f5a032e319?s=96&d=mm&r=g\",\"url\":\"https:\\\/\\\/secure.gravatar.com\\\/avatar\\\/ae2f4d718e6c49043e314ce431e7e645d646302a24a5ef5a8bc8e3f5a032e319?s=96&d=mm&r=g\",\"contentUrl\":\"https:\\\/\\\/secure.gravatar.com\\\/avatar\\\/ae2f4d718e6c49043e314ce431e7e645d646302a24a5ef5a8bc8e3f5a032e319?s=96&d=mm&r=g\",\"caption\":\"admin\"},\"sameAs\":[\"https:\\\/\\\/www.organisator.ch\"],\"url\":\"https:\\\/\\\/www.organisator.ch\\\/fr\\\/author\\\/admin\\\/\"}]}<\/script>\n<!-- \/ Yoast SEO plugin. -->","yoast_head_json":{"title":"La Suva renforce ses incitations \u00e0 la r\u00e9insertion - Organisateur","description":"Extension du programme de r\u00e9int\u00e9gration : la SUVA veut offrir aux employeurs davantage d'incitations financi\u00e8res pour offrir des perspectives professionnelles aux personnes ayant subi un accident.","robots":{"index":"index","follow":"follow","max-snippet":"max-snippet:-1","max-image-preview":"max-image-preview:large","max-video-preview":"max-video-preview:-1"},"canonical":"https:\/\/www.organisator.ch\/fr\/ressources-humaines\/hrm\/2016-10-14\/suva-baut-anreize-fuer-wiedereingliederungen-aus\/","og_locale":"fr_FR","og_type":"article","og_title":"Suva baut Anreize f\u00fcr Wiedereingliederungen aus","og_description":"Nach erfolgreichem Pilotversuch baut die Suva ihr Reintegrationsprogramm aus. Damit will sie Arbeitgebern mehr finanzielle Anreize bieten, Menschen nach einem Unfall eine berufliche Perspektive zu geben.","og_url":"https:\/\/www.organisator.ch\/fr\/ressources-humaines\/hrm\/2016-10-14\/suva-baut-anreize-fuer-wiedereingliederungen-aus\/","og_site_name":"Organisator","article_publisher":"https:\/\/www.facebook.com\/OrganisatorFachmagazin","article_published_time":"2016-10-14T12:30:23+00:00","author":"admin","twitter_card":"summary_large_image","twitter_image":"https:\/\/www.organisator.ch\/wp-content\/uploads\/2016\/12\/Suva-baut-Anreize-fuer-Wiedereingliederungen-aus-organisator.jpg","schema":{"@context":"https:\/\/schema.org","@graph":[{"@type":"Article","@id":"https:\/\/www.organisator.ch\/human-resources\/hrm\/2016-10-14\/suva-baut-anreize-fuer-wiedereingliederungen-aus\/#article","isPartOf":{"@id":"https:\/\/www.organisator.ch\/human-resources\/hrm\/2016-10-14\/suva-baut-anreize-fuer-wiedereingliederungen-aus\/"},"author":{"name":"admin","@id":"https:\/\/www.organisator.ch\/#\/schema\/person\/aa2bace6c5c5aad60102004a50c4eb1c"},"headline":"Suva baut Anreize f\u00fcr Wiedereingliederungen aus","datePublished":"2016-10-14T12:30:23+00:00","mainEntityOfPage":{"@id":"https:\/\/www.organisator.ch\/human-resources\/hrm\/2016-10-14\/suva-baut-anreize-fuer-wiedereingliederungen-aus\/"},"wordCount":375,"commentCount":0,"publisher":{"@id":"https:\/\/www.organisator.ch\/#organization"},"image":{"@id":"https:\/\/www.organisator.ch\/human-resources\/hrm\/2016-10-14\/suva-baut-anreize-fuer-wiedereingliederungen-aus\/#primaryimage"},"thumbnailUrl":"https:\/\/www.organisator.ch\/wp-content\/uploads\/2016\/12\/Suva-baut-Anreize-fuer-Wiedereingliederungen-aus-organisator.jpg","keywords":["Arbeitsplatzgestaltung","Arbeitsunf\u00e4lle","HRM"],"articleSection":["HRM"],"inLanguage":"fr-FR"},{"@type":"WebPage","@id":"https:\/\/www.organisator.ch\/human-resources\/hrm\/2016-10-14\/suva-baut-anreize-fuer-wiedereingliederungen-aus\/","url":"https:\/\/www.organisator.ch\/human-resources\/hrm\/2016-10-14\/suva-baut-anreize-fuer-wiedereingliederungen-aus\/","name":"La Suva renforce ses incitations \u00e0 la r\u00e9insertion - Organisateur","isPartOf":{"@id":"https:\/\/www.organisator.ch\/#website"},"primaryImageOfPage":{"@id":"https:\/\/www.organisator.ch\/human-resources\/hrm\/2016-10-14\/suva-baut-anreize-fuer-wiedereingliederungen-aus\/#primaryimage"},"image":{"@id":"https:\/\/www.organisator.ch\/human-resources\/hrm\/2016-10-14\/suva-baut-anreize-fuer-wiedereingliederungen-aus\/#primaryimage"},"thumbnailUrl":"https:\/\/www.organisator.ch\/wp-content\/uploads\/2016\/12\/Suva-baut-Anreize-fuer-Wiedereingliederungen-aus-organisator.jpg","datePublished":"2016-10-14T12:30:23+00:00","description":"Extension du programme de r\u00e9int\u00e9gration : la SUVA veut offrir aux employeurs davantage d'incitations financi\u00e8res pour offrir des perspectives professionnelles aux personnes ayant subi un accident.","breadcrumb":{"@id":"https:\/\/www.organisator.ch\/human-resources\/hrm\/2016-10-14\/suva-baut-anreize-fuer-wiedereingliederungen-aus\/#breadcrumb"},"inLanguage":"fr-FR","potentialAction":[{"@type":"ReadAction","target":["https:\/\/www.organisator.ch\/human-resources\/hrm\/2016-10-14\/suva-baut-anreize-fuer-wiedereingliederungen-aus\/"]}]},{"@type":"ImageObject","inLanguage":"fr-FR","@id":"https:\/\/www.organisator.ch\/human-resources\/hrm\/2016-10-14\/suva-baut-anreize-fuer-wiedereingliederungen-aus\/#primaryimage","url":"https:\/\/www.organisator.ch\/wp-content\/uploads\/2016\/12\/Suva-baut-Anreize-fuer-Wiedereingliederungen-aus-organisator.jpg","contentUrl":"https:\/\/www.organisator.ch\/wp-content\/uploads\/2016\/12\/Suva-baut-Anreize-fuer-Wiedereingliederungen-aus-organisator.jpg","width":640,"height":478,"caption":"Geeignete Arbeitspl\u00e4tze f\u00fcr Wiedereinsteiger gibt es mehr als \u00f6ffentlich verzeichnet. (Bild: Suva)"},{"@type":"BreadcrumbList","@id":"https:\/\/www.organisator.ch\/human-resources\/hrm\/2016-10-14\/suva-baut-anreize-fuer-wiedereingliederungen-aus\/#breadcrumb","itemListElement":[{"@type":"ListItem","position":1,"name":"Home","item":"https:\/\/www.organisator.ch\/"},{"@type":"ListItem","position":2,"name":"Suva baut Anreize f\u00fcr Wiedereingliederungen aus"}]},{"@type":"WebSite","@id":"https:\/\/www.organisator.ch\/#website","url":"https:\/\/www.organisator.ch\/","name":"Organisateur","description":"Comp\u00e9tence et comp\u00e9tence. Proches de la pratique. L'ORGANISATEUR pr\u00e9pare 10 num\u00e9ros par an sur les th\u00e8mes essentiels pour les dirigeants de PME.","publisher":{"@id":"https:\/\/www.organisator.ch\/#organization"},"potentialAction":[{"@type":"SearchAction","target":{"@type":"EntryPoint","urlTemplate":"https:\/\/www.organisator.ch\/?s={search_term_string}"},"query-input":{"@type":"PropertyValueSpecification","valueRequired":true,"valueName":"search_term_string"}}],"inLanguage":"fr-FR"},{"@type":"Organization","@id":"https:\/\/www.organisator.ch\/#organization","name":"Organisateur","url":"https:\/\/www.organisator.ch\/","logo":{"@type":"ImageObject","inLanguage":"fr-FR","@id":"https:\/\/www.organisator.ch\/#\/schema\/logo\/image\/","url":"https:\/\/www.organisator.ch\/wp-content\/uploads\/2022\/01\/Logo_Organisator_Website.png","contentUrl":"https:\/\/www.organisator.ch\/wp-content\/uploads\/2022\/01\/Logo_Organisator_Website.png","width":800,"height":77,"caption":"Organisator"},"image":{"@id":"https:\/\/www.organisator.ch\/#\/schema\/logo\/image\/"},"sameAs":["https:\/\/www.facebook.com\/OrganisatorFachmagazin","https:\/\/www.linkedin.com\/showcase\/organisator-das-magazin-fr-kmu","https:\/\/www.xing.com\/news\/pages\/organisator-ch-695","https:\/\/www.youtube.com\/channel\/UCGP2Sq0iWaZwT3BdIAQFYpw"]},{"@type":"Person","@id":"https:\/\/www.organisator.ch\/#\/schema\/person\/aa2bace6c5c5aad60102004a50c4eb1c","name":"admin","image":{"@type":"ImageObject","inLanguage":"fr-FR","@id":"https:\/\/secure.gravatar.com\/avatar\/ae2f4d718e6c49043e314ce431e7e645d646302a24a5ef5a8bc8e3f5a032e319?s=96&d=mm&r=g","url":"https:\/\/secure.gravatar.com\/avatar\/ae2f4d718e6c49043e314ce431e7e645d646302a24a5ef5a8bc8e3f5a032e319?s=96&d=mm&r=g","contentUrl":"https:\/\/secure.gravatar.com\/avatar\/ae2f4d718e6c49043e314ce431e7e645d646302a24a5ef5a8bc8e3f5a032e319?s=96&d=mm&r=g","caption":"admin"},"sameAs":["https:\/\/www.organisator.ch"],"url":"https:\/\/www.organisator.ch\/fr\/author\/admin\/"}]}},"_links":{"self":[{"href":"https:\/\/www.organisator.ch\/fr\/wp-json\/wp\/v2\/posts\/667","targetHints":{"allow":["GET"]}}],"collection":[{"href":"https:\/\/www.organisator.ch\/fr\/wp-json\/wp\/v2\/posts"}],"about":[{"href":"https:\/\/www.organisator.ch\/fr\/wp-json\/wp\/v2\/types\/post"}],"author":[{"embeddable":true,"href":"https:\/\/www.organisator.ch\/fr\/wp-json\/wp\/v2\/users\/1"}],"replies":[{"embeddable":true,"href":"https:\/\/www.organisator.ch\/fr\/wp-json\/wp\/v2\/comments?post=667"}],"version-history":[{"count":0,"href":"https:\/\/www.organisator.ch\/fr\/wp-json\/wp\/v2\/posts\/667\/revisions"}],"wp:featuredmedia":[{"embeddable":true,"href":"https:\/\/www.organisator.ch\/fr\/wp-json\/wp\/v2\/media\/668"}],"wp:attachment":[{"href":"https:\/\/www.organisator.ch\/fr\/wp-json\/wp\/v2\/media?parent=667"}],"wp:term":[{"taxonomy":"category","embeddable":true,"href":"https:\/\/www.organisator.ch\/fr\/wp-json\/wp\/v2\/categories?post=667"},{"taxonomy":"post_tag","embeddable":true,"href":"https:\/\/www.organisator.ch\/fr\/wp-json\/wp\/v2\/tags?post=667"}],"curies":[{"name":"wp","href":"https:\/\/api.w.org\/{rel}","templated":true}]}}