{"id":6672,"date":"2020-05-08T07:52:58","date_gmt":"2020-05-08T05:52:58","guid":{"rendered":"https:\/\/www.organisator.ch\/?p=6672"},"modified":"2020-05-08T07:52:58","modified_gmt":"2020-05-08T05:52:58","slug":"staerkung-der-inneren-kraft-am-female-business-erlebnistag","status":"publish","type":"post","link":"https:\/\/www.organisator.ch\/fr\/weiterbildung\/2020-05-08\/staerkung-der-inneren-kraft-am-female-business-erlebnistag\/","title":{"rendered":"\"Renforcer la force int\u00e9rieure\" lors de la journ\u00e9e d'exp\u00e9rience Female Business"},"content":{"rendered":"<figure id=\"attachment_6674\" aria-describedby=\"caption-attachment-6674\" style=\"width: 680px\" class=\"wp-caption alignnone\"><img loading=\"lazy\" decoding=\"async\" class=\"size-medium wp-image-6674\" src=\"https:\/\/www.organisator.ch\/wp-content\/uploads\/2020\/05\/Staerkung-der-inneren-Kraft-am-Female-Business-Erlebnistag-1_Organisator.jpg\" alt=\"\" width=\"680\" height=\"510\" srcset=\"https:\/\/www.organisator.ch\/wp-content\/uploads\/2020\/05\/Staerkung-der-inneren-Kraft-am-Female-Business-Erlebnistag-1_Organisator.jpg 680w, https:\/\/www.organisator.ch\/wp-content\/uploads\/2020\/05\/Staerkung-der-inneren-Kraft-am-Female-Business-Erlebnistag-1_Organisator-16x12.jpg 16w, https:\/\/www.organisator.ch\/wp-content\/uploads\/2020\/05\/Staerkung-der-inneren-Kraft-am-Female-Business-Erlebnistag-1_Organisator-233x175.jpg 233w, https:\/\/www.organisator.ch\/wp-content\/uploads\/2020\/05\/Staerkung-der-inneren-Kraft-am-Female-Business-Erlebnistag-1_Organisator-467x350.jpg 467w, https:\/\/www.organisator.ch\/wp-content\/uploads\/2020\/05\/Staerkung-der-inneren-Kraft-am-Female-Business-Erlebnistag-1_Organisator-300x225.jpg 300w\" sizes=\"auto, (max-width: 680px) 100vw, 680px\" \/><figcaption id=\"caption-attachment-6674\" class=\"wp-caption-text\">Cette ann\u00e9e, la journ\u00e9e d\u00e9couverte Female Business aura lieu \u00e0 l'h\u00f4tel de s\u00e9minaire Badhof \u00e0 Meggen - avec vue sur le lac des Quatre-Cantons. (Image : zVg)<\/figcaption><\/figure>\n<p>Cette ann\u00e9e, la journ\u00e9e Female Business du 19 juin 2020 aura pour th\u00e8me : \"Renforcement de la force int\u00e9rieure - entra\u00eenement des muscles \u00e9motionnels et mentaux pour plus de force int\u00e9rieure et d'accomplissement de soi\". Au cours de cette journ\u00e9e, deux ateliers diff\u00e9rents permettront aux participantes de prendre conscience des objectifs de leur c\u0153ur, d'aller \u00e0 la recherche de leur essence et de mobiliser des forces cach\u00e9es. L'\u00e9v\u00e9nement promet d'\u00eatre une exp\u00e9rience inoubliable \u00e0 l'h\u00f4tel de s\u00e9minaire Badhof \u00e0 Meggen, avec vue sur le lac des Quatre-Cantons et les Alpes de Suisse centrale !<\/p>\n<h2>Atelier de Nicole Brandes : \"Les quatre r\u00f4les d'une femme forte\".<\/h2>\n<p>L'atelier de Nicole Brandes, experte en tao\u00efsme et coach de cadres, aborde les quatre r\u00f4les d'une femme forte et la mani\u00e8re de les mettre en harmonie avec ses objectifs de vie. Il s'agit de trouver des moyens de sortir de sa zone de confort et de renforcer sa propre matrice \u00e9nerg\u00e9tique. Nicole Brandes est la fondatrice de \"Achievers on Fire !\", coach de management international,<br \/>\nAuteur de best-sellers et conf\u00e9renci\u00e8re tr\u00e8s demand\u00e9e dans le monde entier. Elle a occup\u00e9 pendant plus de 15 ans des postes de direction dans diff\u00e9rentes multinationales financi\u00e8res et aupr\u00e8s de la reine Silvia de Su\u00e8de. Lorsqu'elle a dirig\u00e9 les secours sur place lors de la catastrophe a\u00e9rienne d'Halifax, cela a chang\u00e9 sa vie : \"Si le c\u0153ur des gens n'est pas reconnu et impliqu\u00e9, tous les processus ne servent \u00e0 rien\". Elle a \u00e9crit ses propres mod\u00e8les d'\u00e9quipe et a \u00e9t\u00e9 r\u00e9compens\u00e9e pour son travail \u00e0 la banque Leu. Aujourd'hui, elle travaille avec des hommes et des femmes d'affaires pour qu'ils soient non seulement plus performants au travail, mais aussi plus \u00e9panouis dans leur vie.<\/p>\n<figure id=\"attachment_6675\" aria-describedby=\"caption-attachment-6675\" style=\"width: 680px\" class=\"wp-caption alignnone\"><img loading=\"lazy\" decoding=\"async\" class=\"size-medium wp-image-6675\" src=\"https:\/\/www.organisator.ch\/wp-content\/uploads\/2020\/05\/Staerkung-der-inneren-Kraft-am-Female-Business-Erlebnistag-2_Organisator.jpg\" alt=\"\" width=\"680\" height=\"309\" srcset=\"https:\/\/www.organisator.ch\/wp-content\/uploads\/2020\/05\/Staerkung-der-inneren-Kraft-am-Female-Business-Erlebnistag-2_Organisator.jpg 680w, https:\/\/www.organisator.ch\/wp-content\/uploads\/2020\/05\/Staerkung-der-inneren-Kraft-am-Female-Business-Erlebnistag-2_Organisator-16x7.jpg 16w, https:\/\/www.organisator.ch\/wp-content\/uploads\/2020\/05\/Staerkung-der-inneren-Kraft-am-Female-Business-Erlebnistag-2_Organisator-375x170.jpg 375w, https:\/\/www.organisator.ch\/wp-content\/uploads\/2020\/05\/Staerkung-der-inneren-Kraft-am-Female-Business-Erlebnistag-2_Organisator-300x136.jpg 300w\" sizes=\"auto, (max-width: 680px) 100vw, 680px\" \/><figcaption id=\"caption-attachment-6675\" class=\"wp-caption-text\">Les deux animatrices des ateliers de la journ\u00e9e d\u00e9couverte Female Business : Nicole Brandes (\u00e0 gauche) et Nadine Rass. (Image : zVg)<\/figcaption><\/figure>\n<h2>Atelier de Nadine Rass : \"Haute performance gr\u00e2ce \u00e0 la r\u00e9g\u00e9n\u00e9ration active\".<\/h2>\n<p>L'atelier de Nadine Rass abordera entre autres des th\u00e8mes tels que la gestion du stress et la mani\u00e8re de mieux g\u00e9rer la pression de la performance. L'ancienne golfeuse professionnelle, aujourd'hui coach d'affaires, montrera comment r\u00e9ussir une haute performance sous pression et comment g\u00e9rer les \u00e9checs. Sa m\u00e9thodologie globale comprend l'entra\u00eenement des capacit\u00e9s mentales et physiques.<br \/>\ndes muscles \u00e9motionnels pour renforcer sa propre matrice \u00e9nerg\u00e9tique. Elle parle de la concentration lin\u00e9aire, de la r\u00e9g\u00e9n\u00e9ration active et de la mani\u00e8re de rester intrins\u00e8quement motiv\u00e9(e) \u00e0 plus long terme. Avec des exercices int\u00e9gr\u00e9s issus de la th\u00e9rapie respiratoire et du Qi Gong. Le lendemain, 20 juin 2020, il est possible de r\u00e9server en option un atelier de golf de courte dur\u00e9e (9-12h) avec Nadine Rass. Les frais de CHF 150\/personne peuvent \u00eatre pay\u00e9s directement sur place (max. 12 personnes).<\/p>\n<p>Nadine Rass, professionnelle de golf PGA et coach mental, a elle-m\u00eame parcouru le monde pendant des ann\u00e9es en tant qu'athl\u00e8te et entra\u00eeneur sur le circuit. Elle fait partie du top 100 des coachs d'entreprise et soutient depuis maintenant 15 ans de nombreuses entreprises et personnalit\u00e9s. Son concept innovant de coaching d'impulsion a \u00e9t\u00e9 nomin\u00e9 l'automne dernier pour le HR Award autrichien \u00e0 la Hofburg de Vienne.<\/p>\n<h2>Female Business Erlebnistag : l'essentiel en bref<\/h2>\n<p><strong>Date<\/strong> 19 juin 2020<br \/>\n<strong>Lieu<\/strong> Golf Meggen \/ Auberge Badhof, Kreuzbuchweg 1, 6045 Meggen<br \/>\n<strong>temps :<\/strong> de 09:00 \u00e0 18:00 heures<br \/>\n<strong>Les prix :<\/strong> 420 CHF (tarif normal) | 350 CHF (pour les membres du Female Business Club)<br \/>\n<strong>Date limite d'inscription :<\/strong> 31 mai 2020<br \/>\n<strong>Inscription :<\/strong> <a href=\"https:\/\/www.femalebusinessseminars.ch\/veranstaltungen\/fb-erlebnistag-2020\">https:\/\/www.femalebusinessseminars.ch\/veranstaltungen\/fb-erlebnistag-2020<\/a><\/p>","protected":false},"excerpt":{"rendered":"<p>Der diesj\u00e4hrige Female Business Erlebnistag vom 19. Juni 2020 tr\u00e4gt das Thema: St\u00e4rkung der inneren Kraft &#8211; Training emotionaler und mentaler Muskeln f\u00fcr mehr innere St\u00e4rke und Selbsterf\u00fcllung. An diesem Tag werden den Teilnehmerinnen in zwei unterschiedlichen Workshops ihre eigenen Herzensziele vor Augen gef\u00fchrt, sie gehen ihrer Essenz auf die Spur und mobilisieren verborgene Kr\u00e4fte. [&hellip;]<\/p>\n","protected":false},"author":4,"featured_media":6674,"comment_status":"closed","ping_status":"closed","sticky":false,"template":"","format":"standard","meta":{"_acf_changed":false,"_yoast_wpseo_focuskw":"Female Business Erlebnistag","_yoast_wpseo_metadesc":"Das Weiterbildungsunternehmen Female Business Seminars organisiert den 5. Female Business Erlebnistag, einen Workshop-Tag f\u00fcr beruflich engagierte Frauen.","articlekey":"","footnotes":""},"categories":[30],"tags":[62,198,502],"class_list":["post-6672","post","type-post","status-publish","format-standard","has-post-thumbnail","hentry","category-weiterbildung","tag-aus-weiterbildung","tag-female-business-seminars","tag-veranstaltungen"],"acf":[],"yoast_head":"<!-- This site is optimized with the Yoast SEO plugin v27.5 - https:\/\/yoast.com\/product\/yoast-seo-wordpress\/ -->\n<title>\u00abSt\u00e4rkung der inneren Kraft\u00bb am Female Business Erlebnistag - Organisator<\/title>\n<meta name=\"description\" content=\"Das Weiterbildungsunternehmen Female Business Seminars organisiert den 5. Female Business Erlebnistag, einen Workshop-Tag f\u00fcr beruflich engagierte Frauen.\" \/>\n<meta name=\"robots\" content=\"index, follow, max-snippet:-1, max-image-preview:large, max-video-preview:-1\" \/>\n<link rel=\"canonical\" href=\"https:\/\/www.organisator.ch\/fr\/formation-continue-2\/2020-05-08\/staerkung-der-inneren-kraft-am-female-business-erlebnistag\/\" \/>\n<meta property=\"og:locale\" content=\"fr_FR\" \/>\n<meta property=\"og:type\" content=\"article\" \/>\n<meta property=\"og:title\" content=\"\u00abSt\u00e4rkung der inneren Kraft\u00bb am Female Business Erlebnistag\" \/>\n<meta property=\"og:description\" content=\"Das Weiterbildungsunternehmen Female Business Seminars organisiert den 5. Female Business Erlebnistag, einen Workshop-Tag f\u00fcr beruflich engagierte Frauen.\" \/>\n<meta property=\"og:url\" content=\"https:\/\/www.organisator.ch\/fr\/formation-continue-2\/2020-05-08\/staerkung-der-inneren-kraft-am-female-business-erlebnistag\/\" \/>\n<meta property=\"og:site_name\" content=\"Organisator\" \/>\n<meta property=\"article:publisher\" content=\"https:\/\/www.facebook.com\/OrganisatorFachmagazin\" \/>\n<meta property=\"article:published_time\" content=\"2020-05-08T05:52:58+00:00\" \/>\n<meta property=\"og:image\" content=\"https:\/\/www.organisator.ch\/wp-content\/uploads\/2020\/05\/Staerkung-der-inneren-Kraft-am-Female-Business-Erlebnistag-2_Organisator.jpg\" \/>\n\t<meta property=\"og:image:width\" content=\"680\" \/>\n\t<meta property=\"og:image:height\" content=\"309\" \/>\n\t<meta property=\"og:image:type\" content=\"image\/jpeg\" \/>\n<meta name=\"author\" content=\"thomas.berner\" \/>\n<meta name=\"twitter:card\" content=\"summary_large_image\" \/>\n<meta name=\"twitter:title\" content=\"\u00abSt\u00e4rkung der inneren Kraft\u00bb am #FemaleBusiness #Erlebnistag\" \/>\n<meta name=\"twitter:description\" content=\"Das #Weiterbildungsunternehmen Female Business Seminars organisiert den 5. #FemaleBusiness Erlebnistag, einen Workshop-Tag f\u00fcr beruflich engagierte Frauen.\" \/>\n<meta name=\"twitter:image\" content=\"https:\/\/www.organisator.ch\/wp-content\/uploads\/2020\/05\/Staerkung-der-inneren-Kraft-am-Female-Business-Erlebnistag-2_Organisator.jpg\" \/>\n<script type=\"application\/ld+json\" class=\"yoast-schema-graph\">{\"@context\":\"https:\\\/\\\/schema.org\",\"@graph\":[{\"@type\":\"Article\",\"@id\":\"https:\\\/\\\/www.organisator.ch\\\/weiterbildung\\\/2020-05-08\\\/staerkung-der-inneren-kraft-am-female-business-erlebnistag\\\/#article\",\"isPartOf\":{\"@id\":\"https:\\\/\\\/www.organisator.ch\\\/weiterbildung\\\/2020-05-08\\\/staerkung-der-inneren-kraft-am-female-business-erlebnistag\\\/\"},\"author\":{\"name\":\"thomas.berner\",\"@id\":\"https:\\\/\\\/www.organisator.ch\\\/#\\\/schema\\\/person\\\/6f650f90b2842cd4c0cc334b4e36f67e\"},\"headline\":\"\u00abSt\u00e4rkung der inneren Kraft\u00bb am Female Business Erlebnistag\",\"datePublished\":\"2020-05-08T05:52:58+00:00\",\"mainEntityOfPage\":{\"@id\":\"https:\\\/\\\/www.organisator.ch\\\/weiterbildung\\\/2020-05-08\\\/staerkung-der-inneren-kraft-am-female-business-erlebnistag\\\/\"},\"wordCount\":519,\"publisher\":{\"@id\":\"https:\\\/\\\/www.organisator.ch\\\/#organization\"},\"image\":{\"@id\":\"https:\\\/\\\/www.organisator.ch\\\/weiterbildung\\\/2020-05-08\\\/staerkung-der-inneren-kraft-am-female-business-erlebnistag\\\/#primaryimage\"},\"thumbnailUrl\":\"https:\\\/\\\/www.organisator.ch\\\/wp-content\\\/uploads\\\/2020\\\/05\\\/Staerkung-der-inneren-Kraft-am-Female-Business-Erlebnistag-1_Organisator.jpg\",\"keywords\":[\"Aus-\\\/Weiterbildung\",\"Female Business Seminars\",\"Veranstaltungen\"],\"articleSection\":[\"WEITERBILDUNG\"],\"inLanguage\":\"fr-FR\"},{\"@type\":\"WebPage\",\"@id\":\"https:\\\/\\\/www.organisator.ch\\\/weiterbildung\\\/2020-05-08\\\/staerkung-der-inneren-kraft-am-female-business-erlebnistag\\\/\",\"url\":\"https:\\\/\\\/www.organisator.ch\\\/weiterbildung\\\/2020-05-08\\\/staerkung-der-inneren-kraft-am-female-business-erlebnistag\\\/\",\"name\":\"\u00abSt\u00e4rkung der inneren Kraft\u00bb am Female Business Erlebnistag - Organisator\",\"isPartOf\":{\"@id\":\"https:\\\/\\\/www.organisator.ch\\\/#website\"},\"primaryImageOfPage\":{\"@id\":\"https:\\\/\\\/www.organisator.ch\\\/weiterbildung\\\/2020-05-08\\\/staerkung-der-inneren-kraft-am-female-business-erlebnistag\\\/#primaryimage\"},\"image\":{\"@id\":\"https:\\\/\\\/www.organisator.ch\\\/weiterbildung\\\/2020-05-08\\\/staerkung-der-inneren-kraft-am-female-business-erlebnistag\\\/#primaryimage\"},\"thumbnailUrl\":\"https:\\\/\\\/www.organisator.ch\\\/wp-content\\\/uploads\\\/2020\\\/05\\\/Staerkung-der-inneren-Kraft-am-Female-Business-Erlebnistag-1_Organisator.jpg\",\"datePublished\":\"2020-05-08T05:52:58+00:00\",\"description\":\"Das Weiterbildungsunternehmen Female Business Seminars organisiert den 5. Female Business Erlebnistag, einen Workshop-Tag f\u00fcr beruflich engagierte Frauen.\",\"breadcrumb\":{\"@id\":\"https:\\\/\\\/www.organisator.ch\\\/weiterbildung\\\/2020-05-08\\\/staerkung-der-inneren-kraft-am-female-business-erlebnistag\\\/#breadcrumb\"},\"inLanguage\":\"fr-FR\",\"potentialAction\":[{\"@type\":\"ReadAction\",\"target\":[\"https:\\\/\\\/www.organisator.ch\\\/weiterbildung\\\/2020-05-08\\\/staerkung-der-inneren-kraft-am-female-business-erlebnistag\\\/\"]}]},{\"@type\":\"ImageObject\",\"inLanguage\":\"fr-FR\",\"@id\":\"https:\\\/\\\/www.organisator.ch\\\/weiterbildung\\\/2020-05-08\\\/staerkung-der-inneren-kraft-am-female-business-erlebnistag\\\/#primaryimage\",\"url\":\"https:\\\/\\\/www.organisator.ch\\\/wp-content\\\/uploads\\\/2020\\\/05\\\/Staerkung-der-inneren-Kraft-am-Female-Business-Erlebnistag-1_Organisator.jpg\",\"contentUrl\":\"https:\\\/\\\/www.organisator.ch\\\/wp-content\\\/uploads\\\/2020\\\/05\\\/Staerkung-der-inneren-Kraft-am-Female-Business-Erlebnistag-1_Organisator.jpg\",\"width\":680,\"height\":510,\"caption\":\"Der diesj\u00e4hrige Female Business Erlebnistag findet im Seminarhotel Badhof in Meggen statt - mit Blick auf den Vierwaldst\u00e4ttersee. (Bild: zVg)\"},{\"@type\":\"BreadcrumbList\",\"@id\":\"https:\\\/\\\/www.organisator.ch\\\/weiterbildung\\\/2020-05-08\\\/staerkung-der-inneren-kraft-am-female-business-erlebnistag\\\/#breadcrumb\",\"itemListElement\":[{\"@type\":\"ListItem\",\"position\":1,\"name\":\"Home\",\"item\":\"https:\\\/\\\/www.organisator.ch\\\/\"},{\"@type\":\"ListItem\",\"position\":2,\"name\":\"\u00abSt\u00e4rkung der inneren Kraft\u00bb am Female Business Erlebnistag\"}]},{\"@type\":\"WebSite\",\"@id\":\"https:\\\/\\\/www.organisator.ch\\\/#website\",\"url\":\"https:\\\/\\\/www.organisator.ch\\\/\",\"name\":\"Organisator\",\"description\":\"Kompetent. Praxisnah. Der ORGANISATOR bereitet in 10 Ausgaben pro Jahr die wesentlichen Themen f\u00fcr F\u00fchrungskr\u00e4fte von KMU auf.\",\"publisher\":{\"@id\":\"https:\\\/\\\/www.organisator.ch\\\/#organization\"},\"potentialAction\":[{\"@type\":\"SearchAction\",\"target\":{\"@type\":\"EntryPoint\",\"urlTemplate\":\"https:\\\/\\\/www.organisator.ch\\\/?s={search_term_string}\"},\"query-input\":{\"@type\":\"PropertyValueSpecification\",\"valueRequired\":true,\"valueName\":\"search_term_string\"}}],\"inLanguage\":\"fr-FR\"},{\"@type\":\"Organization\",\"@id\":\"https:\\\/\\\/www.organisator.ch\\\/#organization\",\"name\":\"Organisator\",\"url\":\"https:\\\/\\\/www.organisator.ch\\\/\",\"logo\":{\"@type\":\"ImageObject\",\"inLanguage\":\"fr-FR\",\"@id\":\"https:\\\/\\\/www.organisator.ch\\\/#\\\/schema\\\/logo\\\/image\\\/\",\"url\":\"https:\\\/\\\/www.organisator.ch\\\/wp-content\\\/uploads\\\/2022\\\/01\\\/Logo_Organisator_Website.png\",\"contentUrl\":\"https:\\\/\\\/www.organisator.ch\\\/wp-content\\\/uploads\\\/2022\\\/01\\\/Logo_Organisator_Website.png\",\"width\":800,\"height\":77,\"caption\":\"Organisator\"},\"image\":{\"@id\":\"https:\\\/\\\/www.organisator.ch\\\/#\\\/schema\\\/logo\\\/image\\\/\"},\"sameAs\":[\"https:\\\/\\\/www.facebook.com\\\/OrganisatorFachmagazin\",\"https:\\\/\\\/www.linkedin.com\\\/showcase\\\/organisator-das-magazin-fr-kmu\",\"https:\\\/\\\/www.xing.com\\\/news\\\/pages\\\/organisator-ch-695\",\"https:\\\/\\\/www.youtube.com\\\/channel\\\/UCGP2Sq0iWaZwT3BdIAQFYpw\"]},{\"@type\":\"Person\",\"@id\":\"https:\\\/\\\/www.organisator.ch\\\/#\\\/schema\\\/person\\\/6f650f90b2842cd4c0cc334b4e36f67e\",\"name\":\"thomas.berner\",\"image\":{\"@type\":\"ImageObject\",\"inLanguage\":\"fr-FR\",\"@id\":\"https:\\\/\\\/secure.gravatar.com\\\/avatar\\\/ac5001d2a36cb6c6cd3e50789007ffca834b477b74a2144564522e944eabff61?s=96&d=mm&r=g\",\"url\":\"https:\\\/\\\/secure.gravatar.com\\\/avatar\\\/ac5001d2a36cb6c6cd3e50789007ffca834b477b74a2144564522e944eabff61?s=96&d=mm&r=g\",\"contentUrl\":\"https:\\\/\\\/secure.gravatar.com\\\/avatar\\\/ac5001d2a36cb6c6cd3e50789007ffca834b477b74a2144564522e944eabff61?s=96&d=mm&r=g\",\"caption\":\"thomas.berner\"},\"url\":\"https:\\\/\\\/www.organisator.ch\\\/fr\\\/author\\\/thomas-berner\\\/\"}]}<\/script>\n<!-- \/ Yoast SEO plugin. -->","yoast_head_json":{"title":"\"Renforcement de la force int\u00e9rieure\" lors de la journ\u00e9e d'exp\u00e9rience Female Business - Organisateur","description":"L'entreprise de formation continue Female Business Seminars organise la 5e journ\u00e9e Female Business Erlebnistag, une journ\u00e9e d'ateliers pour les femmes engag\u00e9es professionnellement.","robots":{"index":"index","follow":"follow","max-snippet":"max-snippet:-1","max-image-preview":"max-image-preview:large","max-video-preview":"max-video-preview:-1"},"canonical":"https:\/\/www.organisator.ch\/fr\/formation-continue-2\/2020-05-08\/staerkung-der-inneren-kraft-am-female-business-erlebnistag\/","og_locale":"fr_FR","og_type":"article","og_title":"\u00abSt\u00e4rkung der inneren Kraft\u00bb am Female Business Erlebnistag","og_description":"Das Weiterbildungsunternehmen Female Business Seminars organisiert den 5. Female Business Erlebnistag, einen Workshop-Tag f\u00fcr beruflich engagierte Frauen.","og_url":"https:\/\/www.organisator.ch\/fr\/formation-continue-2\/2020-05-08\/staerkung-der-inneren-kraft-am-female-business-erlebnistag\/","og_site_name":"Organisator","article_publisher":"https:\/\/www.facebook.com\/OrganisatorFachmagazin","article_published_time":"2020-05-08T05:52:58+00:00","og_image":[{"width":680,"height":309,"url":"https:\/\/www.organisator.ch\/wp-content\/uploads\/2020\/05\/Staerkung-der-inneren-Kraft-am-Female-Business-Erlebnistag-2_Organisator.jpg","type":"image\/jpeg"}],"author":"thomas.berner","twitter_card":"summary_large_image","twitter_title":"\u00abSt\u00e4rkung der inneren Kraft\u00bb am #FemaleBusiness #Erlebnistag","twitter_description":"Das #Weiterbildungsunternehmen Female Business Seminars organisiert den 5. #FemaleBusiness Erlebnistag, einen Workshop-Tag f\u00fcr beruflich engagierte Frauen.","twitter_image":"https:\/\/www.organisator.ch\/wp-content\/uploads\/2020\/05\/Staerkung-der-inneren-Kraft-am-Female-Business-Erlebnistag-2_Organisator.jpg","schema":{"@context":"https:\/\/schema.org","@graph":[{"@type":"Article","@id":"https:\/\/www.organisator.ch\/weiterbildung\/2020-05-08\/staerkung-der-inneren-kraft-am-female-business-erlebnistag\/#article","isPartOf":{"@id":"https:\/\/www.organisator.ch\/weiterbildung\/2020-05-08\/staerkung-der-inneren-kraft-am-female-business-erlebnistag\/"},"author":{"name":"thomas.berner","@id":"https:\/\/www.organisator.ch\/#\/schema\/person\/6f650f90b2842cd4c0cc334b4e36f67e"},"headline":"\u00abSt\u00e4rkung der inneren Kraft\u00bb am Female Business Erlebnistag","datePublished":"2020-05-08T05:52:58+00:00","mainEntityOfPage":{"@id":"https:\/\/www.organisator.ch\/weiterbildung\/2020-05-08\/staerkung-der-inneren-kraft-am-female-business-erlebnistag\/"},"wordCount":519,"publisher":{"@id":"https:\/\/www.organisator.ch\/#organization"},"image":{"@id":"https:\/\/www.organisator.ch\/weiterbildung\/2020-05-08\/staerkung-der-inneren-kraft-am-female-business-erlebnistag\/#primaryimage"},"thumbnailUrl":"https:\/\/www.organisator.ch\/wp-content\/uploads\/2020\/05\/Staerkung-der-inneren-Kraft-am-Female-Business-Erlebnistag-1_Organisator.jpg","keywords":["Aus-\/Weiterbildung","Female Business Seminars","Veranstaltungen"],"articleSection":["WEITERBILDUNG"],"inLanguage":"fr-FR"},{"@type":"WebPage","@id":"https:\/\/www.organisator.ch\/weiterbildung\/2020-05-08\/staerkung-der-inneren-kraft-am-female-business-erlebnistag\/","url":"https:\/\/www.organisator.ch\/weiterbildung\/2020-05-08\/staerkung-der-inneren-kraft-am-female-business-erlebnistag\/","name":"\"Renforcement de la force int\u00e9rieure\" lors de la journ\u00e9e d'exp\u00e9rience Female Business - Organisateur","isPartOf":{"@id":"https:\/\/www.organisator.ch\/#website"},"primaryImageOfPage":{"@id":"https:\/\/www.organisator.ch\/weiterbildung\/2020-05-08\/staerkung-der-inneren-kraft-am-female-business-erlebnistag\/#primaryimage"},"image":{"@id":"https:\/\/www.organisator.ch\/weiterbildung\/2020-05-08\/staerkung-der-inneren-kraft-am-female-business-erlebnistag\/#primaryimage"},"thumbnailUrl":"https:\/\/www.organisator.ch\/wp-content\/uploads\/2020\/05\/Staerkung-der-inneren-Kraft-am-Female-Business-Erlebnistag-1_Organisator.jpg","datePublished":"2020-05-08T05:52:58+00:00","description":"L'entreprise de formation continue Female Business Seminars organise la 5e journ\u00e9e Female Business Erlebnistag, une journ\u00e9e d'ateliers pour les femmes engag\u00e9es professionnellement.","breadcrumb":{"@id":"https:\/\/www.organisator.ch\/weiterbildung\/2020-05-08\/staerkung-der-inneren-kraft-am-female-business-erlebnistag\/#breadcrumb"},"inLanguage":"fr-FR","potentialAction":[{"@type":"ReadAction","target":["https:\/\/www.organisator.ch\/weiterbildung\/2020-05-08\/staerkung-der-inneren-kraft-am-female-business-erlebnistag\/"]}]},{"@type":"ImageObject","inLanguage":"fr-FR","@id":"https:\/\/www.organisator.ch\/weiterbildung\/2020-05-08\/staerkung-der-inneren-kraft-am-female-business-erlebnistag\/#primaryimage","url":"https:\/\/www.organisator.ch\/wp-content\/uploads\/2020\/05\/Staerkung-der-inneren-Kraft-am-Female-Business-Erlebnistag-1_Organisator.jpg","contentUrl":"https:\/\/www.organisator.ch\/wp-content\/uploads\/2020\/05\/Staerkung-der-inneren-Kraft-am-Female-Business-Erlebnistag-1_Organisator.jpg","width":680,"height":510,"caption":"Der diesj\u00e4hrige Female Business Erlebnistag findet im Seminarhotel Badhof in Meggen statt - mit Blick auf den Vierwaldst\u00e4ttersee. (Bild: zVg)"},{"@type":"BreadcrumbList","@id":"https:\/\/www.organisator.ch\/weiterbildung\/2020-05-08\/staerkung-der-inneren-kraft-am-female-business-erlebnistag\/#breadcrumb","itemListElement":[{"@type":"ListItem","position":1,"name":"Home","item":"https:\/\/www.organisator.ch\/"},{"@type":"ListItem","position":2,"name":"\u00abSt\u00e4rkung der inneren Kraft\u00bb am Female Business Erlebnistag"}]},{"@type":"WebSite","@id":"https:\/\/www.organisator.ch\/#website","url":"https:\/\/www.organisator.ch\/","name":"Organisateur","description":"Comp\u00e9tence et comp\u00e9tence. Proches de la pratique. L'ORGANISATEUR pr\u00e9pare 10 num\u00e9ros par an sur les th\u00e8mes essentiels pour les dirigeants de PME.","publisher":{"@id":"https:\/\/www.organisator.ch\/#organization"},"potentialAction":[{"@type":"SearchAction","target":{"@type":"EntryPoint","urlTemplate":"https:\/\/www.organisator.ch\/?s={search_term_string}"},"query-input":{"@type":"PropertyValueSpecification","valueRequired":true,"valueName":"search_term_string"}}],"inLanguage":"fr-FR"},{"@type":"Organization","@id":"https:\/\/www.organisator.ch\/#organization","name":"Organisateur","url":"https:\/\/www.organisator.ch\/","logo":{"@type":"ImageObject","inLanguage":"fr-FR","@id":"https:\/\/www.organisator.ch\/#\/schema\/logo\/image\/","url":"https:\/\/www.organisator.ch\/wp-content\/uploads\/2022\/01\/Logo_Organisator_Website.png","contentUrl":"https:\/\/www.organisator.ch\/wp-content\/uploads\/2022\/01\/Logo_Organisator_Website.png","width":800,"height":77,"caption":"Organisator"},"image":{"@id":"https:\/\/www.organisator.ch\/#\/schema\/logo\/image\/"},"sameAs":["https:\/\/www.facebook.com\/OrganisatorFachmagazin","https:\/\/www.linkedin.com\/showcase\/organisator-das-magazin-fr-kmu","https:\/\/www.xing.com\/news\/pages\/organisator-ch-695","https:\/\/www.youtube.com\/channel\/UCGP2Sq0iWaZwT3BdIAQFYpw"]},{"@type":"Person","@id":"https:\/\/www.organisator.ch\/#\/schema\/person\/6f650f90b2842cd4c0cc334b4e36f67e","name":"thomas.berner","image":{"@type":"ImageObject","inLanguage":"fr-FR","@id":"https:\/\/secure.gravatar.com\/avatar\/ac5001d2a36cb6c6cd3e50789007ffca834b477b74a2144564522e944eabff61?s=96&d=mm&r=g","url":"https:\/\/secure.gravatar.com\/avatar\/ac5001d2a36cb6c6cd3e50789007ffca834b477b74a2144564522e944eabff61?s=96&d=mm&r=g","contentUrl":"https:\/\/secure.gravatar.com\/avatar\/ac5001d2a36cb6c6cd3e50789007ffca834b477b74a2144564522e944eabff61?s=96&d=mm&r=g","caption":"thomas.berner"},"url":"https:\/\/www.organisator.ch\/fr\/author\/thomas-berner\/"}]}},"_links":{"self":[{"href":"https:\/\/www.organisator.ch\/fr\/wp-json\/wp\/v2\/posts\/6672","targetHints":{"allow":["GET"]}}],"collection":[{"href":"https:\/\/www.organisator.ch\/fr\/wp-json\/wp\/v2\/posts"}],"about":[{"href":"https:\/\/www.organisator.ch\/fr\/wp-json\/wp\/v2\/types\/post"}],"author":[{"embeddable":true,"href":"https:\/\/www.organisator.ch\/fr\/wp-json\/wp\/v2\/users\/4"}],"replies":[{"embeddable":true,"href":"https:\/\/www.organisator.ch\/fr\/wp-json\/wp\/v2\/comments?post=6672"}],"version-history":[{"count":0,"href":"https:\/\/www.organisator.ch\/fr\/wp-json\/wp\/v2\/posts\/6672\/revisions"}],"wp:featuredmedia":[{"embeddable":true,"href":"https:\/\/www.organisator.ch\/fr\/wp-json\/wp\/v2\/media\/6674"}],"wp:attachment":[{"href":"https:\/\/www.organisator.ch\/fr\/wp-json\/wp\/v2\/media?parent=6672"}],"wp:term":[{"taxonomy":"category","embeddable":true,"href":"https:\/\/www.organisator.ch\/fr\/wp-json\/wp\/v2\/categories?post=6672"},{"taxonomy":"post_tag","embeddable":true,"href":"https:\/\/www.organisator.ch\/fr\/wp-json\/wp\/v2\/tags?post=6672"}],"curies":[{"name":"wp","href":"https:\/\/api.w.org\/{rel}","templated":true}]}}