{"id":6677,"date":"2020-05-08T09:16:54","date_gmt":"2020-05-08T07:16:54","guid":{"rendered":"https:\/\/www.organisator.ch\/?p=6677"},"modified":"2020-05-08T09:16:54","modified_gmt":"2020-05-08T07:16:54","slug":"haertefaelle-beantragen-kaum-covid-19-kredite","status":"publish","type":"post","link":"https:\/\/www.organisator.ch\/fr\/management\/2020-05-08\/haertefaelle-beantragen-kaum-covid-19-kredite\/","title":{"rendered":"Les personnes en difficult\u00e9 ne demandent gu\u00e8re de cr\u00e9dits Covid 19"},"content":{"rendered":"<figure id=\"attachment_6678\" aria-describedby=\"caption-attachment-6678\" style=\"width: 680px\" class=\"wp-caption alignnone\"><img loading=\"lazy\" decoding=\"async\" class=\"size-medium wp-image-6678\" src=\"https:\/\/www.organisator.ch\/wp-content\/uploads\/2020\/05\/Haertefaelle-beantragen-kaum-Covid-19-Kredite_Organisator.jpg\" alt=\"\" width=\"680\" height=\"485\" srcset=\"https:\/\/www.organisator.ch\/wp-content\/uploads\/2020\/05\/Haertefaelle-beantragen-kaum-Covid-19-Kredite_Organisator.jpg 680w, https:\/\/www.organisator.ch\/wp-content\/uploads\/2020\/05\/Haertefaelle-beantragen-kaum-Covid-19-Kredite_Organisator-16x12.jpg 16w, https:\/\/www.organisator.ch\/wp-content\/uploads\/2020\/05\/Haertefaelle-beantragen-kaum-Covid-19-Kredite_Organisator-245x175.jpg 245w, https:\/\/www.organisator.ch\/wp-content\/uploads\/2020\/05\/Haertefaelle-beantragen-kaum-Covid-19-Kredite_Organisator-491x350.jpg 491w, https:\/\/www.organisator.ch\/wp-content\/uploads\/2020\/05\/Haertefaelle-beantragen-kaum-Covid-19-Kredite_Organisator-300x214.jpg 300w\" sizes=\"auto, (max-width: 680px) 100vw, 680px\" \/><figcaption id=\"caption-attachment-6678\" class=\"wp-caption-text\">M\u00eame si la banque disait oui : Toutes les PME ne font pas appel aux cr\u00e9dits Covid 19. (Image : Pixabay.com)<\/figcaption><\/figure>\n<p>La crise Corona pose des d\u00e9fis existentiels aux PME en Suisse. 33 pour cent des PME ont subi une baisse de chiffre d'affaires de plus de 75 pour cent en avril 2020 et 14,4 pour cent s'attendent \u00e0 une faillite dans les six prochains mois en raison de Corona. C'est ce que montre le deuxi\u00e8me <a href=\"https:\/\/gryps.us8.list-manage.com\/track\/click?u=66b2112d1484743c8ab92f576&amp;id=d2da1d995a&amp;e=3a73cb9cf4\">Enqu\u00eate de GRYPS Portail d'offres<\/a> sur les cons\u00e9quences \u00e9conomiques de la crise Corona sur les petites et moyennes entreprises en Suisse. Celle-ci a \u00e9t\u00e9 r\u00e9alis\u00e9e en ligne les 5 et 6 mai 2020, 140 PME y ont particip\u00e9. Parmi elles, la plupart sont des petites entreprises comptant jusqu'\u00e0 50 employ\u00e9s.<\/p>\n<h2>Peu de pr\u00eats Covid 19 accord\u00e9s par des PME vuln\u00e9rables<\/h2>\n<p>Fait marquant : 80% des PME interrog\u00e9es qui craignent de faire faillite en raison de la situation actuelle n'ont pas demand\u00e9 de cr\u00e9dit de transition Covid 19. La plupart des entreprises qui craignent la faillite appartiennent \u00e0 la cat\u00e9gorie de 1 \u00e0 10 employ\u00e9s et sont actives dans le secteur des services et de la restauration. \"Il s'av\u00e8re que ce sont justement les plus petites entreprises de services et de restauration qui ne se sentent pas en mesure de rembourser un cr\u00e9dit. C'est l\u00e0 qu'une vague massive de faillites va d\u00e9ferler\", explique Gaby St\u00e4heli, co-CEO de GRYPS Offertenportal.<\/p>\n<h2>Autres r\u00e9sultats dans l'enqu\u00eate<\/h2>\n<p>Par rapport au mois pr\u00e9c\u00e9dent, on constate une l\u00e9g\u00e8re diminution des licenciements. Alors qu'en mars, 15 pour cent des licenciements \u00e9taient pr\u00e9vus ou d\u00e9j\u00e0 ex\u00e9cut\u00e9s, ce chiffre est tomb\u00e9 \u00e0 12 pour cent en avril. Au total, 35 pour cent des PME interrog\u00e9es ont demand\u00e9 un cr\u00e9dit. Mais 12 pour cent d'entre elles n'ont pas encore eu recours au cr\u00e9dit de transition. 65 pour cent des PME n'ont pas encore demand\u00e9 de cr\u00e9dit de transition. Et en ce qui concerne les r\u00e9ductions de loyer, 12,6% ont pu se mettre d'accord sur un report ou une r\u00e9duction temporaire du loyer, 7,5% pr\u00e9voient encore de le faire. Il est int\u00e9ressant de noter que l'analyse des donn\u00e9es a r\u00e9v\u00e9l\u00e9 que les PME qui craignent la faillite ne se trouvent pas dans ces deux cat\u00e9gories.<\/p>\n<p>Avec un peu plus de 55 %, une majorit\u00e9 de PME pense que la crise va durer jusqu'en 2021 et s'intensifier par la suite. Pr\u00e8s de 27% d'entre elles estiment qu'une crise s'\u00e9tendant sur plusieurs ann\u00e9es est probable. Seuls un peu plus de 18% pensent qu'avec l'ouverture, l'\u00e9conomie retrouvera rapidement son niveau d'avant Corona.<\/p>\n<h2>Les exp\u00e9riences de travail \u00e0 domicile restent<\/h2>\n<p>21 % des PME interrog\u00e9es ont maintenant introduit le travail \u00e0 domicile pour la premi\u00e8re fois et veulent continuer \u00e0 le proposer \u00e0 leurs collaborateurs \u00e0 l'avenir. Et une majorit\u00e9 des PME interrog\u00e9es ont introduit de nouvelles formes de communication comme la collaboration en ligne et la vid\u00e9oconf\u00e9rence. 8 % ont compl\u00e9t\u00e9 leur portefeuille de produits et 4 % se sont lanc\u00e9es dans le commerce \u00e9lectronique.<\/p>","protected":false},"excerpt":{"rendered":"<p>Die Corona-Krise stellt KMU in der Schweiz vor existenzielle Herausforderungen. 33 Prozent der KMU haben im April 2020 einen Umsatzr\u00fcckgang von mehr als 75 Prozent hinnehmen m\u00fcssen und 14,4 Prozent rechnen Corona-bedingt in den n\u00e4chsten 6 Monaten mit einem Konkurs. Dies zeigt die zweite Umfrage von GRYPS Offertenportal zu den wirtschaftlichen Auswirkungen der Corona-Krise auf [&hellip;]<\/p>\n","protected":false},"author":4,"featured_media":6678,"comment_status":"closed","ping_status":"closed","sticky":false,"template":"","format":"standard","meta":{"_acf_changed":false,"_yoast_wpseo_focuskw":"Covid-19-Kredite","_yoast_wpseo_metadesc":"Eine neue KMU-Umfrage zeigt: 14,4 Prozent rechnen mit einem Konkurs. Dennoch beantragen gerade H\u00e4rtef\u00e4lle keine Covid-19-Kredite.","articlekey":"","footnotes":""},"categories":[28],"tags":[202,487,492,508],"class_list":["post-6677","post","type-post","status-publish","format-standard","has-post-thumbnail","hentry","category-management","tag-finanzenrecht","tag-umfrage","tag-unternehmen","tag-vermischtes"],"acf":[],"yoast_head":"<!-- This site is optimized with the Yoast SEO plugin v27.4 - https:\/\/yoast.com\/product\/yoast-seo-wordpress\/ -->\n<title>H\u00e4rtef\u00e4lle beantragen kaum Covid-19-Kredite - Organisator<\/title>\n<meta name=\"description\" content=\"Eine neue KMU-Umfrage zeigt: 14,4 Prozent rechnen mit einem Konkurs. Dennoch beantragen gerade H\u00e4rtef\u00e4lle keine Covid-19-Kredite.\" \/>\n<meta name=\"robots\" content=\"index, follow, max-snippet:-1, max-image-preview:large, max-video-preview:-1\" \/>\n<link rel=\"canonical\" href=\"https:\/\/www.organisator.ch\/fr\/gestion-2\/2020-05-08\/haertefaelle-beantragen-kaum-covid-19-kredite\/\" \/>\n<meta property=\"og:locale\" content=\"fr_FR\" \/>\n<meta property=\"og:type\" content=\"article\" \/>\n<meta property=\"og:title\" content=\"H\u00e4rtef\u00e4lle beantragen kaum Covid-19-Kredite\" \/>\n<meta property=\"og:description\" content=\"Eine neue KMU-Umfrage zeigt: 14,4 Prozent rechnen mit einem Konkurs. Dennoch beantragen gerade H\u00e4rtef\u00e4lle keine Covid-19-Kredite.\" \/>\n<meta property=\"og:url\" content=\"https:\/\/www.organisator.ch\/fr\/gestion-2\/2020-05-08\/haertefaelle-beantragen-kaum-covid-19-kredite\/\" \/>\n<meta property=\"og:site_name\" content=\"Organisator\" \/>\n<meta property=\"article:publisher\" content=\"https:\/\/www.facebook.com\/OrganisatorFachmagazin\" \/>\n<meta property=\"article:published_time\" content=\"2020-05-08T07:16:54+00:00\" \/>\n<meta property=\"og:image\" content=\"https:\/\/www.organisator.ch\/wp-content\/uploads\/2020\/05\/Haertefaelle-beantragen-kaum-Covid-19-Kredite_Organisator.jpg\" \/>\n\t<meta property=\"og:image:width\" content=\"680\" \/>\n\t<meta property=\"og:image:height\" content=\"485\" \/>\n\t<meta property=\"og:image:type\" content=\"image\/jpeg\" \/>\n<meta name=\"author\" content=\"thomas.berner\" \/>\n<meta name=\"twitter:card\" content=\"summary_large_image\" \/>\n<meta name=\"twitter:title\" content=\"H\u00e4rtef\u00e4lle beantragen kaum #Covid-19-Kredite\" \/>\n<meta name=\"twitter:description\" content=\"Eine neue #KMU-Umfrage zeigt: 14,4 Prozent rechnen mit einem Konkurs. Dennoch beantragen gerade H\u00e4rtef\u00e4lle keine #Covid-19-Kredite.\" \/>\n<meta name=\"twitter:image\" content=\"https:\/\/www.organisator.ch\/wp-content\/uploads\/2020\/05\/Haertefaelle-beantragen-kaum-Covid-19-Kredite_Organisator.jpg\" \/>\n<script type=\"application\/ld+json\" class=\"yoast-schema-graph\">{\"@context\":\"https:\\\/\\\/schema.org\",\"@graph\":[{\"@type\":\"Article\",\"@id\":\"https:\\\/\\\/www.organisator.ch\\\/management\\\/2020-05-08\\\/haertefaelle-beantragen-kaum-covid-19-kredite\\\/#article\",\"isPartOf\":{\"@id\":\"https:\\\/\\\/www.organisator.ch\\\/management\\\/2020-05-08\\\/haertefaelle-beantragen-kaum-covid-19-kredite\\\/\"},\"author\":{\"name\":\"thomas.berner\",\"@id\":\"https:\\\/\\\/www.organisator.ch\\\/#\\\/schema\\\/person\\\/6f650f90b2842cd4c0cc334b4e36f67e\"},\"headline\":\"H\u00e4rtef\u00e4lle beantragen kaum Covid-19-Kredite\",\"datePublished\":\"2020-05-08T07:16:54+00:00\",\"mainEntityOfPage\":{\"@id\":\"https:\\\/\\\/www.organisator.ch\\\/management\\\/2020-05-08\\\/haertefaelle-beantragen-kaum-covid-19-kredite\\\/\"},\"wordCount\":406,\"publisher\":{\"@id\":\"https:\\\/\\\/www.organisator.ch\\\/#organization\"},\"image\":{\"@id\":\"https:\\\/\\\/www.organisator.ch\\\/management\\\/2020-05-08\\\/haertefaelle-beantragen-kaum-covid-19-kredite\\\/#primaryimage\"},\"thumbnailUrl\":\"https:\\\/\\\/www.organisator.ch\\\/wp-content\\\/uploads\\\/2020\\\/05\\\/Haertefaelle-beantragen-kaum-Covid-19-Kredite_Organisator.jpg\",\"keywords\":[\"Finanzen\\\/Recht\",\"Umfrage\",\"Unternehmen\",\"Vermischtes\"],\"articleSection\":[\"MANAGEMENT\"],\"inLanguage\":\"fr-FR\"},{\"@type\":\"WebPage\",\"@id\":\"https:\\\/\\\/www.organisator.ch\\\/management\\\/2020-05-08\\\/haertefaelle-beantragen-kaum-covid-19-kredite\\\/\",\"url\":\"https:\\\/\\\/www.organisator.ch\\\/management\\\/2020-05-08\\\/haertefaelle-beantragen-kaum-covid-19-kredite\\\/\",\"name\":\"H\u00e4rtef\u00e4lle beantragen kaum Covid-19-Kredite - Organisator\",\"isPartOf\":{\"@id\":\"https:\\\/\\\/www.organisator.ch\\\/#website\"},\"primaryImageOfPage\":{\"@id\":\"https:\\\/\\\/www.organisator.ch\\\/management\\\/2020-05-08\\\/haertefaelle-beantragen-kaum-covid-19-kredite\\\/#primaryimage\"},\"image\":{\"@id\":\"https:\\\/\\\/www.organisator.ch\\\/management\\\/2020-05-08\\\/haertefaelle-beantragen-kaum-covid-19-kredite\\\/#primaryimage\"},\"thumbnailUrl\":\"https:\\\/\\\/www.organisator.ch\\\/wp-content\\\/uploads\\\/2020\\\/05\\\/Haertefaelle-beantragen-kaum-Covid-19-Kredite_Organisator.jpg\",\"datePublished\":\"2020-05-08T07:16:54+00:00\",\"description\":\"Eine neue KMU-Umfrage zeigt: 14,4 Prozent rechnen mit einem Konkurs. Dennoch beantragen gerade H\u00e4rtef\u00e4lle keine Covid-19-Kredite.\",\"breadcrumb\":{\"@id\":\"https:\\\/\\\/www.organisator.ch\\\/management\\\/2020-05-08\\\/haertefaelle-beantragen-kaum-covid-19-kredite\\\/#breadcrumb\"},\"inLanguage\":\"fr-FR\",\"potentialAction\":[{\"@type\":\"ReadAction\",\"target\":[\"https:\\\/\\\/www.organisator.ch\\\/management\\\/2020-05-08\\\/haertefaelle-beantragen-kaum-covid-19-kredite\\\/\"]}]},{\"@type\":\"ImageObject\",\"inLanguage\":\"fr-FR\",\"@id\":\"https:\\\/\\\/www.organisator.ch\\\/management\\\/2020-05-08\\\/haertefaelle-beantragen-kaum-covid-19-kredite\\\/#primaryimage\",\"url\":\"https:\\\/\\\/www.organisator.ch\\\/wp-content\\\/uploads\\\/2020\\\/05\\\/Haertefaelle-beantragen-kaum-Covid-19-Kredite_Organisator.jpg\",\"contentUrl\":\"https:\\\/\\\/www.organisator.ch\\\/wp-content\\\/uploads\\\/2020\\\/05\\\/Haertefaelle-beantragen-kaum-Covid-19-Kredite_Organisator.jpg\",\"width\":680,\"height\":485,\"caption\":\"Auch wenn die Bank ja sagen w\u00fcrde: Nicht alle KMU nehmen die Covid-19-Kredite in Anspruch. (Bild: Pixabay.com)\"},{\"@type\":\"BreadcrumbList\",\"@id\":\"https:\\\/\\\/www.organisator.ch\\\/management\\\/2020-05-08\\\/haertefaelle-beantragen-kaum-covid-19-kredite\\\/#breadcrumb\",\"itemListElement\":[{\"@type\":\"ListItem\",\"position\":1,\"name\":\"Home\",\"item\":\"https:\\\/\\\/www.organisator.ch\\\/\"},{\"@type\":\"ListItem\",\"position\":2,\"name\":\"H\u00e4rtef\u00e4lle beantragen kaum Covid-19-Kredite\"}]},{\"@type\":\"WebSite\",\"@id\":\"https:\\\/\\\/www.organisator.ch\\\/#website\",\"url\":\"https:\\\/\\\/www.organisator.ch\\\/\",\"name\":\"Organisator\",\"description\":\"Kompetent. Praxisnah. Der ORGANISATOR bereitet in 10 Ausgaben pro Jahr die wesentlichen Themen f\u00fcr F\u00fchrungskr\u00e4fte von KMU auf.\",\"publisher\":{\"@id\":\"https:\\\/\\\/www.organisator.ch\\\/#organization\"},\"potentialAction\":[{\"@type\":\"SearchAction\",\"target\":{\"@type\":\"EntryPoint\",\"urlTemplate\":\"https:\\\/\\\/www.organisator.ch\\\/?s={search_term_string}\"},\"query-input\":{\"@type\":\"PropertyValueSpecification\",\"valueRequired\":true,\"valueName\":\"search_term_string\"}}],\"inLanguage\":\"fr-FR\"},{\"@type\":\"Organization\",\"@id\":\"https:\\\/\\\/www.organisator.ch\\\/#organization\",\"name\":\"Organisator\",\"url\":\"https:\\\/\\\/www.organisator.ch\\\/\",\"logo\":{\"@type\":\"ImageObject\",\"inLanguage\":\"fr-FR\",\"@id\":\"https:\\\/\\\/www.organisator.ch\\\/#\\\/schema\\\/logo\\\/image\\\/\",\"url\":\"https:\\\/\\\/www.organisator.ch\\\/wp-content\\\/uploads\\\/2022\\\/01\\\/Logo_Organisator_Website.png\",\"contentUrl\":\"https:\\\/\\\/www.organisator.ch\\\/wp-content\\\/uploads\\\/2022\\\/01\\\/Logo_Organisator_Website.png\",\"width\":800,\"height\":77,\"caption\":\"Organisator\"},\"image\":{\"@id\":\"https:\\\/\\\/www.organisator.ch\\\/#\\\/schema\\\/logo\\\/image\\\/\"},\"sameAs\":[\"https:\\\/\\\/www.facebook.com\\\/OrganisatorFachmagazin\",\"https:\\\/\\\/www.linkedin.com\\\/showcase\\\/organisator-das-magazin-fr-kmu\",\"https:\\\/\\\/www.xing.com\\\/news\\\/pages\\\/organisator-ch-695\",\"https:\\\/\\\/www.youtube.com\\\/channel\\\/UCGP2Sq0iWaZwT3BdIAQFYpw\"]},{\"@type\":\"Person\",\"@id\":\"https:\\\/\\\/www.organisator.ch\\\/#\\\/schema\\\/person\\\/6f650f90b2842cd4c0cc334b4e36f67e\",\"name\":\"thomas.berner\",\"image\":{\"@type\":\"ImageObject\",\"inLanguage\":\"fr-FR\",\"@id\":\"https:\\\/\\\/secure.gravatar.com\\\/avatar\\\/ac5001d2a36cb6c6cd3e50789007ffca834b477b74a2144564522e944eabff61?s=96&d=mm&r=g\",\"url\":\"https:\\\/\\\/secure.gravatar.com\\\/avatar\\\/ac5001d2a36cb6c6cd3e50789007ffca834b477b74a2144564522e944eabff61?s=96&d=mm&r=g\",\"contentUrl\":\"https:\\\/\\\/secure.gravatar.com\\\/avatar\\\/ac5001d2a36cb6c6cd3e50789007ffca834b477b74a2144564522e944eabff61?s=96&d=mm&r=g\",\"caption\":\"thomas.berner\"},\"url\":\"https:\\\/\\\/www.organisator.ch\\\/fr\\\/author\\\/thomas-berner\\\/\"}]}<\/script>\n<!-- \/ Yoast SEO plugin. -->","yoast_head_json":{"title":"Les personnes en difficult\u00e9 ne demandent presque pas de cr\u00e9dits Covid 19 - Organisateur","description":"Une nouvelle enqu\u00eate aupr\u00e8s des PME montre que 14,4 % d'entre elles s'attendent \u00e0 faire faillite. Pourtant, ce sont justement les cas difficiles qui ne demandent pas de cr\u00e9dits Covid 19.","robots":{"index":"index","follow":"follow","max-snippet":"max-snippet:-1","max-image-preview":"max-image-preview:large","max-video-preview":"max-video-preview:-1"},"canonical":"https:\/\/www.organisator.ch\/fr\/gestion-2\/2020-05-08\/haertefaelle-beantragen-kaum-covid-19-kredite\/","og_locale":"fr_FR","og_type":"article","og_title":"H\u00e4rtef\u00e4lle beantragen kaum Covid-19-Kredite","og_description":"Eine neue KMU-Umfrage zeigt: 14,4 Prozent rechnen mit einem Konkurs. Dennoch beantragen gerade H\u00e4rtef\u00e4lle keine Covid-19-Kredite.","og_url":"https:\/\/www.organisator.ch\/fr\/gestion-2\/2020-05-08\/haertefaelle-beantragen-kaum-covid-19-kredite\/","og_site_name":"Organisator","article_publisher":"https:\/\/www.facebook.com\/OrganisatorFachmagazin","article_published_time":"2020-05-08T07:16:54+00:00","og_image":[{"width":680,"height":485,"url":"https:\/\/www.organisator.ch\/wp-content\/uploads\/2020\/05\/Haertefaelle-beantragen-kaum-Covid-19-Kredite_Organisator.jpg","type":"image\/jpeg"}],"author":"thomas.berner","twitter_card":"summary_large_image","twitter_title":"H\u00e4rtef\u00e4lle beantragen kaum #Covid-19-Kredite","twitter_description":"Eine neue #KMU-Umfrage zeigt: 14,4 Prozent rechnen mit einem Konkurs. Dennoch beantragen gerade H\u00e4rtef\u00e4lle keine #Covid-19-Kredite.","twitter_image":"https:\/\/www.organisator.ch\/wp-content\/uploads\/2020\/05\/Haertefaelle-beantragen-kaum-Covid-19-Kredite_Organisator.jpg","schema":{"@context":"https:\/\/schema.org","@graph":[{"@type":"Article","@id":"https:\/\/www.organisator.ch\/management\/2020-05-08\/haertefaelle-beantragen-kaum-covid-19-kredite\/#article","isPartOf":{"@id":"https:\/\/www.organisator.ch\/management\/2020-05-08\/haertefaelle-beantragen-kaum-covid-19-kredite\/"},"author":{"name":"thomas.berner","@id":"https:\/\/www.organisator.ch\/#\/schema\/person\/6f650f90b2842cd4c0cc334b4e36f67e"},"headline":"H\u00e4rtef\u00e4lle beantragen kaum Covid-19-Kredite","datePublished":"2020-05-08T07:16:54+00:00","mainEntityOfPage":{"@id":"https:\/\/www.organisator.ch\/management\/2020-05-08\/haertefaelle-beantragen-kaum-covid-19-kredite\/"},"wordCount":406,"publisher":{"@id":"https:\/\/www.organisator.ch\/#organization"},"image":{"@id":"https:\/\/www.organisator.ch\/management\/2020-05-08\/haertefaelle-beantragen-kaum-covid-19-kredite\/#primaryimage"},"thumbnailUrl":"https:\/\/www.organisator.ch\/wp-content\/uploads\/2020\/05\/Haertefaelle-beantragen-kaum-Covid-19-Kredite_Organisator.jpg","keywords":["Finanzen\/Recht","Umfrage","Unternehmen","Vermischtes"],"articleSection":["MANAGEMENT"],"inLanguage":"fr-FR"},{"@type":"WebPage","@id":"https:\/\/www.organisator.ch\/management\/2020-05-08\/haertefaelle-beantragen-kaum-covid-19-kredite\/","url":"https:\/\/www.organisator.ch\/management\/2020-05-08\/haertefaelle-beantragen-kaum-covid-19-kredite\/","name":"Les personnes en difficult\u00e9 ne demandent presque pas de cr\u00e9dits Covid 19 - Organisateur","isPartOf":{"@id":"https:\/\/www.organisator.ch\/#website"},"primaryImageOfPage":{"@id":"https:\/\/www.organisator.ch\/management\/2020-05-08\/haertefaelle-beantragen-kaum-covid-19-kredite\/#primaryimage"},"image":{"@id":"https:\/\/www.organisator.ch\/management\/2020-05-08\/haertefaelle-beantragen-kaum-covid-19-kredite\/#primaryimage"},"thumbnailUrl":"https:\/\/www.organisator.ch\/wp-content\/uploads\/2020\/05\/Haertefaelle-beantragen-kaum-Covid-19-Kredite_Organisator.jpg","datePublished":"2020-05-08T07:16:54+00:00","description":"Une nouvelle enqu\u00eate aupr\u00e8s des PME montre que 14,4 % d'entre elles s'attendent \u00e0 faire faillite. Pourtant, ce sont justement les cas difficiles qui ne demandent pas de cr\u00e9dits Covid 19.","breadcrumb":{"@id":"https:\/\/www.organisator.ch\/management\/2020-05-08\/haertefaelle-beantragen-kaum-covid-19-kredite\/#breadcrumb"},"inLanguage":"fr-FR","potentialAction":[{"@type":"ReadAction","target":["https:\/\/www.organisator.ch\/management\/2020-05-08\/haertefaelle-beantragen-kaum-covid-19-kredite\/"]}]},{"@type":"ImageObject","inLanguage":"fr-FR","@id":"https:\/\/www.organisator.ch\/management\/2020-05-08\/haertefaelle-beantragen-kaum-covid-19-kredite\/#primaryimage","url":"https:\/\/www.organisator.ch\/wp-content\/uploads\/2020\/05\/Haertefaelle-beantragen-kaum-Covid-19-Kredite_Organisator.jpg","contentUrl":"https:\/\/www.organisator.ch\/wp-content\/uploads\/2020\/05\/Haertefaelle-beantragen-kaum-Covid-19-Kredite_Organisator.jpg","width":680,"height":485,"caption":"Auch wenn die Bank ja sagen w\u00fcrde: Nicht alle KMU nehmen die Covid-19-Kredite in Anspruch. (Bild: Pixabay.com)"},{"@type":"BreadcrumbList","@id":"https:\/\/www.organisator.ch\/management\/2020-05-08\/haertefaelle-beantragen-kaum-covid-19-kredite\/#breadcrumb","itemListElement":[{"@type":"ListItem","position":1,"name":"Home","item":"https:\/\/www.organisator.ch\/"},{"@type":"ListItem","position":2,"name":"H\u00e4rtef\u00e4lle beantragen kaum Covid-19-Kredite"}]},{"@type":"WebSite","@id":"https:\/\/www.organisator.ch\/#website","url":"https:\/\/www.organisator.ch\/","name":"Organisateur","description":"Comp\u00e9tence et comp\u00e9tence. Proches de la pratique. L'ORGANISATEUR pr\u00e9pare 10 num\u00e9ros par an sur les th\u00e8mes essentiels pour les dirigeants de PME.","publisher":{"@id":"https:\/\/www.organisator.ch\/#organization"},"potentialAction":[{"@type":"SearchAction","target":{"@type":"EntryPoint","urlTemplate":"https:\/\/www.organisator.ch\/?s={search_term_string}"},"query-input":{"@type":"PropertyValueSpecification","valueRequired":true,"valueName":"search_term_string"}}],"inLanguage":"fr-FR"},{"@type":"Organization","@id":"https:\/\/www.organisator.ch\/#organization","name":"Organisateur","url":"https:\/\/www.organisator.ch\/","logo":{"@type":"ImageObject","inLanguage":"fr-FR","@id":"https:\/\/www.organisator.ch\/#\/schema\/logo\/image\/","url":"https:\/\/www.organisator.ch\/wp-content\/uploads\/2022\/01\/Logo_Organisator_Website.png","contentUrl":"https:\/\/www.organisator.ch\/wp-content\/uploads\/2022\/01\/Logo_Organisator_Website.png","width":800,"height":77,"caption":"Organisator"},"image":{"@id":"https:\/\/www.organisator.ch\/#\/schema\/logo\/image\/"},"sameAs":["https:\/\/www.facebook.com\/OrganisatorFachmagazin","https:\/\/www.linkedin.com\/showcase\/organisator-das-magazin-fr-kmu","https:\/\/www.xing.com\/news\/pages\/organisator-ch-695","https:\/\/www.youtube.com\/channel\/UCGP2Sq0iWaZwT3BdIAQFYpw"]},{"@type":"Person","@id":"https:\/\/www.organisator.ch\/#\/schema\/person\/6f650f90b2842cd4c0cc334b4e36f67e","name":"thomas.berner","image":{"@type":"ImageObject","inLanguage":"fr-FR","@id":"https:\/\/secure.gravatar.com\/avatar\/ac5001d2a36cb6c6cd3e50789007ffca834b477b74a2144564522e944eabff61?s=96&d=mm&r=g","url":"https:\/\/secure.gravatar.com\/avatar\/ac5001d2a36cb6c6cd3e50789007ffca834b477b74a2144564522e944eabff61?s=96&d=mm&r=g","contentUrl":"https:\/\/secure.gravatar.com\/avatar\/ac5001d2a36cb6c6cd3e50789007ffca834b477b74a2144564522e944eabff61?s=96&d=mm&r=g","caption":"thomas.berner"},"url":"https:\/\/www.organisator.ch\/fr\/author\/thomas-berner\/"}]}},"_links":{"self":[{"href":"https:\/\/www.organisator.ch\/fr\/wp-json\/wp\/v2\/posts\/6677","targetHints":{"allow":["GET"]}}],"collection":[{"href":"https:\/\/www.organisator.ch\/fr\/wp-json\/wp\/v2\/posts"}],"about":[{"href":"https:\/\/www.organisator.ch\/fr\/wp-json\/wp\/v2\/types\/post"}],"author":[{"embeddable":true,"href":"https:\/\/www.organisator.ch\/fr\/wp-json\/wp\/v2\/users\/4"}],"replies":[{"embeddable":true,"href":"https:\/\/www.organisator.ch\/fr\/wp-json\/wp\/v2\/comments?post=6677"}],"version-history":[{"count":0,"href":"https:\/\/www.organisator.ch\/fr\/wp-json\/wp\/v2\/posts\/6677\/revisions"}],"wp:featuredmedia":[{"embeddable":true,"href":"https:\/\/www.organisator.ch\/fr\/wp-json\/wp\/v2\/media\/6678"}],"wp:attachment":[{"href":"https:\/\/www.organisator.ch\/fr\/wp-json\/wp\/v2\/media?parent=6677"}],"wp:term":[{"taxonomy":"category","embeddable":true,"href":"https:\/\/www.organisator.ch\/fr\/wp-json\/wp\/v2\/categories?post=6677"},{"taxonomy":"post_tag","embeddable":true,"href":"https:\/\/www.organisator.ch\/fr\/wp-json\/wp\/v2\/tags?post=6677"}],"curies":[{"name":"wp","href":"https:\/\/api.w.org\/{rel}","templated":true}]}}