{"id":6708,"date":"2020-05-14T13:55:46","date_gmt":"2020-05-14T11:55:46","guid":{"rendered":"https:\/\/www.organisator.ch\/?p=6708"},"modified":"2020-05-14T13:55:46","modified_gmt":"2020-05-14T11:55:46","slug":"ausgezeichnete-arbeitgeber-von-mitarbeitenden-empfohlen","status":"publish","type":"post","link":"https:\/\/www.organisator.ch\/fr\/management\/2020-05-14\/ausgezeichnete-arbeitgeber-von-mitarbeitenden-empfohlen\/","title":{"rendered":"Employeurs de choix - recommand\u00e9s par les collaborateurs"},"content":{"rendered":"<figure id=\"attachment_6710\" aria-describedby=\"caption-attachment-6710\" style=\"width: 680px\" class=\"wp-caption alignnone\"><img loading=\"lazy\" decoding=\"async\" class=\"size-medium wp-image-6710\" src=\"https:\/\/www.organisator.ch\/wp-content\/uploads\/2020\/05\/Ausgezeichnete-Arbeitgeber-von-Mitarbeitenden-empfohlen2_Organisator.jpg\" alt=\"\" width=\"680\" height=\"381\" srcset=\"https:\/\/www.organisator.ch\/wp-content\/uploads\/2020\/05\/Ausgezeichnete-Arbeitgeber-von-Mitarbeitenden-empfohlen2_Organisator.jpg 680w, https:\/\/www.organisator.ch\/wp-content\/uploads\/2020\/05\/Ausgezeichnete-Arbeitgeber-von-Mitarbeitenden-empfohlen2_Organisator-16x9.jpg 16w, https:\/\/www.organisator.ch\/wp-content\/uploads\/2020\/05\/Ausgezeichnete-Arbeitgeber-von-Mitarbeitenden-empfohlen2_Organisator-312x175.jpg 312w, https:\/\/www.organisator.ch\/wp-content\/uploads\/2020\/05\/Ausgezeichnete-Arbeitgeber-von-Mitarbeitenden-empfohlen2_Organisator-625x350.jpg 625w, https:\/\/www.organisator.ch\/wp-content\/uploads\/2020\/05\/Ausgezeichnete-Arbeitgeber-von-Mitarbeitenden-empfohlen2_Organisator-300x168.jpg 300w\" sizes=\"auto, (max-width: 680px) 100vw, 680px\" \/><figcaption id=\"caption-attachment-6710\" class=\"wp-caption-text\">Pour la quatri\u00e8me fois cons\u00e9cutive, UMB a \u00e9t\u00e9 r\u00e9compens\u00e9 comme meilleur employeur de Suisse. Mais il y a encore bien d'autres employeurs distingu\u00e9s. (Image : UMB)<\/figcaption><\/figure>\n<p><a href=\"https:\/\/www.umb.ch\/blog\/news\/detail\/grossartig-umb-ist-erneut-beste-schweizer-arbeitgeberin?utm_source=hs_email&amp;utm_medium=email&amp;utm_content=87917023&amp;_hsenc=p2ANqtz-_t2WfQVxKinNW2E96o4E59nLvqMtHekK7AD7KDQyiga4lSj0qq7RNDvSPMQOiTs5Dd6nqn4kQqNozfrTSzFYxkDe1f2w&amp;_hsmi=87917023\">UMB<\/a>, <a href=\"https:\/\/www.abbvie.ch\/\">AbbVie<\/a> et <a href=\"https:\/\/www.organisator.ch\/die-csp-ag-ist-ein-great-place-to-work\/\">CSP<\/a> sont les meilleurs employeurs de Suisse dans leurs cat\u00e9gories respectives. Ce r\u00e9sultat se base sur le feedback de plus de 17 000 collaborateurs interrog\u00e9s par Great Place to Work. Quatre collaborateurs sur cinq recommanderaient ces entreprises \u00e0 leurs amis et connaissances. Pour la premi\u00e8re fois, la remise des prix de la 12e \u00e9dition de ce concours n'a pas eu lieu dans le cadre d'une manifestation solennelle, mais de mani\u00e8re purement virtuelle en raison de la crise de Corona. Cette ann\u00e9e, plus de 200 entreprises se sont soumises \u00e0 l'analyse ind\u00e9pendante de leur culture du lieu de travail - mais seules 46 d'entre elles ont r\u00e9ussi \u00e0 se hisser sur la liste des meilleures.<\/p>\n<h2>Des marques connues parmi les meilleurs employeurs<\/h2>\n<p>Avec UMB, c'est une entreprise de plus de 250 collaborateurs qui se hisse en haut de l'\u00e9chelle des grandes entreprises, d\u00e9j\u00e0 laur\u00e9ate en 2016 et 2018 dans la cat\u00e9gorie moyenne. AbbVie compte \u00e9galement depuis longtemps parmi les meilleurs employeurs et a \u00e9t\u00e9 r\u00e9compens\u00e9e chaque ann\u00e9e depuis 2015 dans la cat\u00e9gorie moyenne (50-249 collaborateurs). Cette ann\u00e9e, la victoire a \u00e9t\u00e9 au rendez-vous. En 2017, CSP AG Competence Solutions Project avait d\u00fb s'avouer vaincu de justesse dans la cat\u00e9gorie des petites entreprises jusqu'\u00e0 49 collaborateurs, mais cette ann\u00e9e, ils sont mont\u00e9s sur la plus haute marche du podium.<\/p>\n<p>Parmi les employeurs distingu\u00e9s, on trouve, outre des marques connues comme Digitec Galaxus, IWC Schaffhausen, Sunrise, SAP et DHL, de nombreuses PME suisses. Pour celles-ci, une excellente culture du lieu de travail est un instrument important dans la lutte pour les meilleurs talents face \u00e0 la p\u00e9nurie de main-d'\u0153uvre qualifi\u00e9e et \u00e0 l'\u00e9volution d\u00e9mographique.<\/p>\n<h2><strong>Ce qu'il faut pour faire partie des meilleurs employeurs<\/strong><\/h2>\n<p>Les employeurs r\u00e9compens\u00e9s savent comment d\u00e9velopper durablement le potentiel de leurs collaborateurs. La base pour cela est avant tout un haut niveau de confiance, obtenu gr\u00e2ce \u00e0 des valeurs v\u00e9cues et \u00e0 la qualit\u00e9 du management. M\u00eame si ces aspects sont propres \u00e0 chaque entreprise, il est possible d'identifier des tendances g\u00e9n\u00e9rales et des bonnes pratiques. Parall\u00e8lement, il est possible de voir o\u00f9 se situent les plus grandes diff\u00e9rences par rapport \u00e0 un employeur moyen :<\/p>\n<figure id=\"attachment_6709\" aria-describedby=\"caption-attachment-6709\" style=\"width: 680px\" class=\"wp-caption alignnone\"><img loading=\"lazy\" decoding=\"async\" class=\"size-medium wp-image-6709\" src=\"https:\/\/www.organisator.ch\/wp-content\/uploads\/2020\/05\/Ausgezeichnete-Arbeitgeber-von-Mitarbeitenden-empfohlen_Organisator.jpg\" alt=\"\" width=\"680\" height=\"320\" srcset=\"https:\/\/www.organisator.ch\/wp-content\/uploads\/2020\/05\/Ausgezeichnete-Arbeitgeber-von-Mitarbeitenden-empfohlen_Organisator.jpg 680w, https:\/\/www.organisator.ch\/wp-content\/uploads\/2020\/05\/Ausgezeichnete-Arbeitgeber-von-Mitarbeitenden-empfohlen_Organisator-16x8.jpg 16w, https:\/\/www.organisator.ch\/wp-content\/uploads\/2020\/05\/Ausgezeichnete-Arbeitgeber-von-Mitarbeitenden-empfohlen_Organisator-372x175.jpg 372w, https:\/\/www.organisator.ch\/wp-content\/uploads\/2020\/05\/Ausgezeichnete-Arbeitgeber-von-Mitarbeitenden-empfohlen_Organisator-300x141.jpg 300w\" sizes=\"auto, (max-width: 680px) 100vw, 680px\" \/><figcaption id=\"caption-attachment-6709\" class=\"wp-caption-text\">Les excellents employeurs - et ce qu'il faut pour les obtenir. (Graphique : Great Place to Work)<\/figcaption><\/figure>\n<p>Les collaborateurs veulent \u00eatre impliqu\u00e9s dans les d\u00e9cisions, ce qui est li\u00e9 \u00e0 l'estime v\u00e9cue. Les entreprises agiles n'ont pas l'ambition que le top management ait toutes les solutions en main. Au contraire, une grande confiance est accord\u00e9e aux collaborateurs et ils sont motiv\u00e9s pour apporter leurs propres id\u00e9es. Leah Martorelli, conseill\u00e8re de Great Place to Work Switzerland, explique comment UMB s'y prend par exemple : \"UMB a cr\u00e9\u00e9 un portail dans lequel chaque coll\u00e8gue peut tr\u00e8s facilement publier une id\u00e9e personnelle, la rendre publique et participer ainsi au d\u00e9veloppement de l'entreprise : Si une innovation ou une proposition pla\u00eet, le coll\u00e8gue peut simplement lui attribuer un \"like\". Chaque personne qui publie une innovation ne doit pas seulement \u00eatre le fournisseur d'id\u00e9es, mais peut et doit participer activement \u00e0 sa mise en \u0153uvre\".<\/p>\n<h2>Donner du sens \u00e0 son travail<\/h2>\n<p>Le sens du travail et la fiert\u00e9 de l'entreprise sont \u00e9galement des facteurs de plus en plus importants pour la satisfaction des collaborateurs. Thomas Schneider, consultant et copropri\u00e9taire de Great Place to Work Switzerland, cite en exemple l'entreprise pharmaceutique AbbVie : \"Le traitement de la maladie de Parkinson avanc\u00e9e est un grand d\u00e9fi. C'est pourquoi AbbVie tient \u00e0 c\u00e9l\u00e9brer chaque patient auquel elle permet d'am\u00e9liorer la qualit\u00e9 de vie gr\u00e2ce \u00e0 son traitement. C'est pourquoi, au d\u00e9but du mois, une cloche de bateau annonce le nombre r\u00e9jouissant de nouveaux patients. Chaque coup de cloche dans la caf\u00e9t\u00e9ria signifie l'am\u00e9lioration de la qualit\u00e9 de vie d'un patient atteint de la maladie de Parkinson gr\u00e2ce au traitement AbbVie. Ce signal doit accompagner les collaborateurs jusqu'\u00e0 la fin de l'ann\u00e9e et montrer qu'AbbVie fait du bon travail mois apr\u00e8s mois et que derri\u00e8re chaque coup de cloche se cache un excellent travail d'\u00e9quipe\".<\/p>\n<p>L'entreprise APP Unternehmensberatung, qui occupe la troisi\u00e8me place parmi les moyennes entreprises, mise elle aussi sur l'implication des collaborateurs, comme le sait la conseill\u00e8re Christine Meyenhofer de Great Place to Work Switzerland : \"Lors du s\u00e9minaire annuel sur l'avenir, qui dure trois jours, les collaborateurs participent entre autres au d\u00e9veloppement des valeurs, de la vision et de la politique d'entreprise. Bien qu'il serait moins co\u00fbteux d'y impliquer uniquement la direction, l'approche participative choisie offre une nette valeur ajout\u00e9e, car les contenus \u00e9labor\u00e9s b\u00e9n\u00e9ficient d'une plus large assise\".<\/p>\n<h2>Employeurs de choix : le classement 2020<\/h2>\n<p><em><strong>Grandes entreprises (250+ collaborateurs)<\/strong><\/em><\/p>\n<ol>\n<li>UMB AG (technologie de l'information et des t\u00e9l\u00e9communications, 342 employ\u00e9s)<\/li>\n<li>DHL Express (Schweiz) AG (Transport &amp; Fret - transport de marchandises et fret, 1280 employ\u00e9s)<\/li>\n<li>AWK Group AG (technologie de l'information et des t\u00e9l\u00e9communications - IT Consulting, 320 collaborateurs)<\/li>\n<\/ol>\n<p><em><strong>Entreprises de taille moyenne (50-249 employ\u00e9s)<\/strong><\/em><\/p>\n<ol>\n<li>AbbVie AG (biotechnologie et industrie pharmaceutique - biotechnologie, 165 collaborateurs)<\/li>\n<li>Amgen Switzerland AG (biotechnologie &amp; industrie pharmaceutique, 79 collaborateurs)<\/li>\n<li>APP Unternehmensberatung AG (services - conseil - management, 84 collaborateurs)<\/li>\n<\/ol>\n<p><em><strong>Petites entreprises (20-49 employ\u00e9s)<\/strong><\/em><\/p>\n<ol>\n<li>CSP AG Competence Solutions Projects (services - conseil - management, 33 collaborateurs)<\/li>\n<li>Hilton (H\u00f4tellerie - H\u00f4tels &amp; Complexes touristiques, 43 collaborateurs)<\/li>\n<li>Steinmann &amp; Partner GmbH (services, 21 collaborateurs)<\/li>\n<\/ol>\n<p><em>Vous trouverez la liste compl\u00e8te sur <a href=\"https:\/\/www.greatplacetowork.ch\/ausgezeichnete-arbeitgeber\/schweiz\/2020\/\">https:\/\/www.greatplacetowork.ch\/ausgezeichnete-arbeitgeber\/schweiz\/2020\/<\/a><\/em><\/p>","protected":false},"excerpt":{"rendered":"<p>UMB, AbbVie und CSP heissen die besten Arbeitgeber der Schweiz in ihren jeweiligen Kategorien. Dieses Resultat basiert auf dem Feedback von \u00fcber 17&#8217;000 Mitarbeitenden, die von Great Place to Work befragt wurden. 4 von 5 Mitarbeitende w\u00fcrden diese Firmen ihren Freunden und Bekannten weiterempfehlen. Die Preisverleihung f\u00fcr die 12. Ausgabe dieses Wettbewerbs erfolgte zum ersten [&hellip;]<\/p>\n","protected":false},"author":4,"featured_media":6710,"comment_status":"closed","ping_status":"closed","sticky":false,"template":"","format":"standard","meta":{"_acf_changed":false,"_yoast_wpseo_focuskw":"ausgezeichnete Arbeitgeber","_yoast_wpseo_metadesc":"In der Schweiz wurden \u00fcber 17'000 Mitarbeitende in \u00fcber 200 Firmen befragt. Das Ergebnis sind ausgezeichnete Arbeitgeber, die weiterempfohlen werden.","articlekey":"","footnotes":""},"categories":[28],"tags":[51,66,254,335,407],"class_list":["post-6708","post","type-post","status-publish","format-standard","has-post-thumbnail","hentry","category-management","tag-arbeitsplatzgestaltung","tag-awards","tag-hrm","tag-management-und-unternehmensfuehrung","tag-recruiting"],"acf":[],"yoast_head":"<!-- This site is optimized with the Yoast SEO plugin v27.4 - https:\/\/yoast.com\/product\/yoast-seo-wordpress\/ -->\n<title>Ausgezeichnete Arbeitgeber - von Mitarbeitenden empfohlen - Organisator<\/title>\n<meta name=\"description\" content=\"In der Schweiz wurden \u00fcber 17&#039;000 Mitarbeitende in \u00fcber 200 Firmen befragt. Das Ergebnis sind ausgezeichnete Arbeitgeber, die weiterempfohlen werden.\" \/>\n<meta name=\"robots\" content=\"index, follow, max-snippet:-1, max-image-preview:large, max-video-preview:-1\" \/>\n<link rel=\"canonical\" href=\"https:\/\/www.organisator.ch\/fr\/gestion-2\/2020-05-14\/ausgezeichnete-arbeitgeber-von-mitarbeitenden-empfohlen\/\" \/>\n<meta property=\"og:locale\" content=\"fr_FR\" \/>\n<meta property=\"og:type\" content=\"article\" \/>\n<meta property=\"og:title\" content=\"Ausgezeichnete Arbeitgeber - von Mitarbeitenden empfohlen\" \/>\n<meta property=\"og:description\" content=\"In der Schweiz wurden \u00fcber 17&#039;000 Mitarbeitende in \u00fcber 200 Firmen befragt. Das Ergebnis sind ausgezeichnete Arbeitgeber, die weiterempfohlen werden.\" \/>\n<meta property=\"og:url\" content=\"https:\/\/www.organisator.ch\/fr\/gestion-2\/2020-05-14\/ausgezeichnete-arbeitgeber-von-mitarbeitenden-empfohlen\/\" \/>\n<meta property=\"og:site_name\" content=\"Organisator\" \/>\n<meta property=\"article:publisher\" content=\"https:\/\/www.facebook.com\/OrganisatorFachmagazin\" \/>\n<meta property=\"article:published_time\" content=\"2020-05-14T11:55:46+00:00\" \/>\n<meta property=\"og:image\" content=\"https:\/\/www.organisator.ch\/wp-content\/uploads\/2020\/05\/Ausgezeichnete-Arbeitgeber-von-Mitarbeitenden-empfohlen2_Organisator.jpg\" \/>\n\t<meta property=\"og:image:width\" content=\"680\" \/>\n\t<meta property=\"og:image:height\" content=\"381\" \/>\n\t<meta property=\"og:image:type\" content=\"image\/jpeg\" \/>\n<meta name=\"author\" content=\"thomas.berner\" \/>\n<meta name=\"twitter:card\" content=\"summary_large_image\" \/>\n<meta name=\"twitter:title\" content=\"Ausgezeichnete #Arbeitgeber - von #Mitarbeitenden empfohlen\" \/>\n<meta name=\"twitter:description\" content=\"In der Schweiz wurden \u00fcber 17&#039;000 #Mitarbeitende in \u00fcber 200 Firmen befragt. Das Ergebnis sind ausgezeichnete #Arbeitgeber, die weiterempfohlen werden.\" \/>\n<meta name=\"twitter:image\" content=\"https:\/\/www.organisator.ch\/wp-content\/uploads\/2020\/05\/Ausgezeichnete-Arbeitgeber-von-Mitarbeitenden-empfohlen2_Organisator.jpg\" \/>\n<script type=\"application\/ld+json\" class=\"yoast-schema-graph\">{\"@context\":\"https:\\\/\\\/schema.org\",\"@graph\":[{\"@type\":\"Article\",\"@id\":\"https:\\\/\\\/www.organisator.ch\\\/management\\\/2020-05-14\\\/ausgezeichnete-arbeitgeber-von-mitarbeitenden-empfohlen\\\/#article\",\"isPartOf\":{\"@id\":\"https:\\\/\\\/www.organisator.ch\\\/management\\\/2020-05-14\\\/ausgezeichnete-arbeitgeber-von-mitarbeitenden-empfohlen\\\/\"},\"author\":{\"name\":\"thomas.berner\",\"@id\":\"https:\\\/\\\/www.organisator.ch\\\/#\\\/schema\\\/person\\\/6f650f90b2842cd4c0cc334b4e36f67e\"},\"headline\":\"Ausgezeichnete Arbeitgeber &#8211; von Mitarbeitenden empfohlen\",\"datePublished\":\"2020-05-14T11:55:46+00:00\",\"mainEntityOfPage\":{\"@id\":\"https:\\\/\\\/www.organisator.ch\\\/management\\\/2020-05-14\\\/ausgezeichnete-arbeitgeber-von-mitarbeitenden-empfohlen\\\/\"},\"wordCount\":795,\"publisher\":{\"@id\":\"https:\\\/\\\/www.organisator.ch\\\/#organization\"},\"image\":{\"@id\":\"https:\\\/\\\/www.organisator.ch\\\/management\\\/2020-05-14\\\/ausgezeichnete-arbeitgeber-von-mitarbeitenden-empfohlen\\\/#primaryimage\"},\"thumbnailUrl\":\"https:\\\/\\\/www.organisator.ch\\\/wp-content\\\/uploads\\\/2020\\\/05\\\/Ausgezeichnete-Arbeitgeber-von-Mitarbeitenden-empfohlen2_Organisator.jpg\",\"keywords\":[\"Arbeitsplatzgestaltung\",\"Awards\",\"HRM\",\"Management und Unternehmensf\u00fchrung\",\"Recruiting\"],\"articleSection\":[\"MANAGEMENT\"],\"inLanguage\":\"fr-FR\"},{\"@type\":\"WebPage\",\"@id\":\"https:\\\/\\\/www.organisator.ch\\\/management\\\/2020-05-14\\\/ausgezeichnete-arbeitgeber-von-mitarbeitenden-empfohlen\\\/\",\"url\":\"https:\\\/\\\/www.organisator.ch\\\/management\\\/2020-05-14\\\/ausgezeichnete-arbeitgeber-von-mitarbeitenden-empfohlen\\\/\",\"name\":\"Ausgezeichnete Arbeitgeber - von Mitarbeitenden empfohlen - Organisator\",\"isPartOf\":{\"@id\":\"https:\\\/\\\/www.organisator.ch\\\/#website\"},\"primaryImageOfPage\":{\"@id\":\"https:\\\/\\\/www.organisator.ch\\\/management\\\/2020-05-14\\\/ausgezeichnete-arbeitgeber-von-mitarbeitenden-empfohlen\\\/#primaryimage\"},\"image\":{\"@id\":\"https:\\\/\\\/www.organisator.ch\\\/management\\\/2020-05-14\\\/ausgezeichnete-arbeitgeber-von-mitarbeitenden-empfohlen\\\/#primaryimage\"},\"thumbnailUrl\":\"https:\\\/\\\/www.organisator.ch\\\/wp-content\\\/uploads\\\/2020\\\/05\\\/Ausgezeichnete-Arbeitgeber-von-Mitarbeitenden-empfohlen2_Organisator.jpg\",\"datePublished\":\"2020-05-14T11:55:46+00:00\",\"description\":\"In der Schweiz wurden \u00fcber 17'000 Mitarbeitende in \u00fcber 200 Firmen befragt. Das Ergebnis sind ausgezeichnete Arbeitgeber, die weiterempfohlen werden.\",\"breadcrumb\":{\"@id\":\"https:\\\/\\\/www.organisator.ch\\\/management\\\/2020-05-14\\\/ausgezeichnete-arbeitgeber-von-mitarbeitenden-empfohlen\\\/#breadcrumb\"},\"inLanguage\":\"fr-FR\",\"potentialAction\":[{\"@type\":\"ReadAction\",\"target\":[\"https:\\\/\\\/www.organisator.ch\\\/management\\\/2020-05-14\\\/ausgezeichnete-arbeitgeber-von-mitarbeitenden-empfohlen\\\/\"]}]},{\"@type\":\"ImageObject\",\"inLanguage\":\"fr-FR\",\"@id\":\"https:\\\/\\\/www.organisator.ch\\\/management\\\/2020-05-14\\\/ausgezeichnete-arbeitgeber-von-mitarbeitenden-empfohlen\\\/#primaryimage\",\"url\":\"https:\\\/\\\/www.organisator.ch\\\/wp-content\\\/uploads\\\/2020\\\/05\\\/Ausgezeichnete-Arbeitgeber-von-Mitarbeitenden-empfohlen2_Organisator.jpg\",\"contentUrl\":\"https:\\\/\\\/www.organisator.ch\\\/wp-content\\\/uploads\\\/2020\\\/05\\\/Ausgezeichnete-Arbeitgeber-von-Mitarbeitenden-empfohlen2_Organisator.jpg\",\"width\":680,\"height\":381,\"caption\":\"UMB wurde zum vierten Mal in Folge als bester Arbeitgeber der Schweiz pr\u00e4miert. Doch es gibt noch viel mehr ausgezeichnete Arbeitgeber. (Bild: UMB)\"},{\"@type\":\"BreadcrumbList\",\"@id\":\"https:\\\/\\\/www.organisator.ch\\\/management\\\/2020-05-14\\\/ausgezeichnete-arbeitgeber-von-mitarbeitenden-empfohlen\\\/#breadcrumb\",\"itemListElement\":[{\"@type\":\"ListItem\",\"position\":1,\"name\":\"Home\",\"item\":\"https:\\\/\\\/www.organisator.ch\\\/\"},{\"@type\":\"ListItem\",\"position\":2,\"name\":\"Ausgezeichnete Arbeitgeber &#8211; von Mitarbeitenden empfohlen\"}]},{\"@type\":\"WebSite\",\"@id\":\"https:\\\/\\\/www.organisator.ch\\\/#website\",\"url\":\"https:\\\/\\\/www.organisator.ch\\\/\",\"name\":\"Organisator\",\"description\":\"Kompetent. Praxisnah. Der ORGANISATOR bereitet in 10 Ausgaben pro Jahr die wesentlichen Themen f\u00fcr F\u00fchrungskr\u00e4fte von KMU auf.\",\"publisher\":{\"@id\":\"https:\\\/\\\/www.organisator.ch\\\/#organization\"},\"potentialAction\":[{\"@type\":\"SearchAction\",\"target\":{\"@type\":\"EntryPoint\",\"urlTemplate\":\"https:\\\/\\\/www.organisator.ch\\\/?s={search_term_string}\"},\"query-input\":{\"@type\":\"PropertyValueSpecification\",\"valueRequired\":true,\"valueName\":\"search_term_string\"}}],\"inLanguage\":\"fr-FR\"},{\"@type\":\"Organization\",\"@id\":\"https:\\\/\\\/www.organisator.ch\\\/#organization\",\"name\":\"Organisator\",\"url\":\"https:\\\/\\\/www.organisator.ch\\\/\",\"logo\":{\"@type\":\"ImageObject\",\"inLanguage\":\"fr-FR\",\"@id\":\"https:\\\/\\\/www.organisator.ch\\\/#\\\/schema\\\/logo\\\/image\\\/\",\"url\":\"https:\\\/\\\/www.organisator.ch\\\/wp-content\\\/uploads\\\/2022\\\/01\\\/Logo_Organisator_Website.png\",\"contentUrl\":\"https:\\\/\\\/www.organisator.ch\\\/wp-content\\\/uploads\\\/2022\\\/01\\\/Logo_Organisator_Website.png\",\"width\":800,\"height\":77,\"caption\":\"Organisator\"},\"image\":{\"@id\":\"https:\\\/\\\/www.organisator.ch\\\/#\\\/schema\\\/logo\\\/image\\\/\"},\"sameAs\":[\"https:\\\/\\\/www.facebook.com\\\/OrganisatorFachmagazin\",\"https:\\\/\\\/www.linkedin.com\\\/showcase\\\/organisator-das-magazin-fr-kmu\",\"https:\\\/\\\/www.xing.com\\\/news\\\/pages\\\/organisator-ch-695\",\"https:\\\/\\\/www.youtube.com\\\/channel\\\/UCGP2Sq0iWaZwT3BdIAQFYpw\"]},{\"@type\":\"Person\",\"@id\":\"https:\\\/\\\/www.organisator.ch\\\/#\\\/schema\\\/person\\\/6f650f90b2842cd4c0cc334b4e36f67e\",\"name\":\"thomas.berner\",\"image\":{\"@type\":\"ImageObject\",\"inLanguage\":\"fr-FR\",\"@id\":\"https:\\\/\\\/secure.gravatar.com\\\/avatar\\\/ac5001d2a36cb6c6cd3e50789007ffca834b477b74a2144564522e944eabff61?s=96&d=mm&r=g\",\"url\":\"https:\\\/\\\/secure.gravatar.com\\\/avatar\\\/ac5001d2a36cb6c6cd3e50789007ffca834b477b74a2144564522e944eabff61?s=96&d=mm&r=g\",\"contentUrl\":\"https:\\\/\\\/secure.gravatar.com\\\/avatar\\\/ac5001d2a36cb6c6cd3e50789007ffca834b477b74a2144564522e944eabff61?s=96&d=mm&r=g\",\"caption\":\"thomas.berner\"},\"url\":\"https:\\\/\\\/www.organisator.ch\\\/fr\\\/author\\\/thomas-berner\\\/\"}]}<\/script>\n<!-- \/ Yoast SEO plugin. -->","yoast_head_json":{"title":"Employeur de choix - Recommand\u00e9 par les collaborateurs - Organisateur","description":"En Suisse, plus de 17 000 collaborateurs ont \u00e9t\u00e9 interrog\u00e9s dans plus de 200 entreprises. Il en r\u00e9sulte d'excellents employeurs qui sont recommand\u00e9s \u00e0 d'autres personnes.","robots":{"index":"index","follow":"follow","max-snippet":"max-snippet:-1","max-image-preview":"max-image-preview:large","max-video-preview":"max-video-preview:-1"},"canonical":"https:\/\/www.organisator.ch\/fr\/gestion-2\/2020-05-14\/ausgezeichnete-arbeitgeber-von-mitarbeitenden-empfohlen\/","og_locale":"fr_FR","og_type":"article","og_title":"Ausgezeichnete Arbeitgeber - von Mitarbeitenden empfohlen","og_description":"In der Schweiz wurden \u00fcber 17'000 Mitarbeitende in \u00fcber 200 Firmen befragt. Das Ergebnis sind ausgezeichnete Arbeitgeber, die weiterempfohlen werden.","og_url":"https:\/\/www.organisator.ch\/fr\/gestion-2\/2020-05-14\/ausgezeichnete-arbeitgeber-von-mitarbeitenden-empfohlen\/","og_site_name":"Organisator","article_publisher":"https:\/\/www.facebook.com\/OrganisatorFachmagazin","article_published_time":"2020-05-14T11:55:46+00:00","og_image":[{"width":680,"height":381,"url":"https:\/\/www.organisator.ch\/wp-content\/uploads\/2020\/05\/Ausgezeichnete-Arbeitgeber-von-Mitarbeitenden-empfohlen2_Organisator.jpg","type":"image\/jpeg"}],"author":"thomas.berner","twitter_card":"summary_large_image","twitter_title":"Ausgezeichnete #Arbeitgeber - von #Mitarbeitenden empfohlen","twitter_description":"In der Schweiz wurden \u00fcber 17'000 #Mitarbeitende in \u00fcber 200 Firmen befragt. Das Ergebnis sind ausgezeichnete #Arbeitgeber, die weiterempfohlen werden.","twitter_image":"https:\/\/www.organisator.ch\/wp-content\/uploads\/2020\/05\/Ausgezeichnete-Arbeitgeber-von-Mitarbeitenden-empfohlen2_Organisator.jpg","schema":{"@context":"https:\/\/schema.org","@graph":[{"@type":"Article","@id":"https:\/\/www.organisator.ch\/management\/2020-05-14\/ausgezeichnete-arbeitgeber-von-mitarbeitenden-empfohlen\/#article","isPartOf":{"@id":"https:\/\/www.organisator.ch\/management\/2020-05-14\/ausgezeichnete-arbeitgeber-von-mitarbeitenden-empfohlen\/"},"author":{"name":"thomas.berner","@id":"https:\/\/www.organisator.ch\/#\/schema\/person\/6f650f90b2842cd4c0cc334b4e36f67e"},"headline":"Ausgezeichnete Arbeitgeber &#8211; von Mitarbeitenden empfohlen","datePublished":"2020-05-14T11:55:46+00:00","mainEntityOfPage":{"@id":"https:\/\/www.organisator.ch\/management\/2020-05-14\/ausgezeichnete-arbeitgeber-von-mitarbeitenden-empfohlen\/"},"wordCount":795,"publisher":{"@id":"https:\/\/www.organisator.ch\/#organization"},"image":{"@id":"https:\/\/www.organisator.ch\/management\/2020-05-14\/ausgezeichnete-arbeitgeber-von-mitarbeitenden-empfohlen\/#primaryimage"},"thumbnailUrl":"https:\/\/www.organisator.ch\/wp-content\/uploads\/2020\/05\/Ausgezeichnete-Arbeitgeber-von-Mitarbeitenden-empfohlen2_Organisator.jpg","keywords":["Arbeitsplatzgestaltung","Awards","HRM","Management und Unternehmensf\u00fchrung","Recruiting"],"articleSection":["MANAGEMENT"],"inLanguage":"fr-FR"},{"@type":"WebPage","@id":"https:\/\/www.organisator.ch\/management\/2020-05-14\/ausgezeichnete-arbeitgeber-von-mitarbeitenden-empfohlen\/","url":"https:\/\/www.organisator.ch\/management\/2020-05-14\/ausgezeichnete-arbeitgeber-von-mitarbeitenden-empfohlen\/","name":"Employeur de choix - Recommand\u00e9 par les collaborateurs - Organisateur","isPartOf":{"@id":"https:\/\/www.organisator.ch\/#website"},"primaryImageOfPage":{"@id":"https:\/\/www.organisator.ch\/management\/2020-05-14\/ausgezeichnete-arbeitgeber-von-mitarbeitenden-empfohlen\/#primaryimage"},"image":{"@id":"https:\/\/www.organisator.ch\/management\/2020-05-14\/ausgezeichnete-arbeitgeber-von-mitarbeitenden-empfohlen\/#primaryimage"},"thumbnailUrl":"https:\/\/www.organisator.ch\/wp-content\/uploads\/2020\/05\/Ausgezeichnete-Arbeitgeber-von-Mitarbeitenden-empfohlen2_Organisator.jpg","datePublished":"2020-05-14T11:55:46+00:00","description":"En Suisse, plus de 17 000 collaborateurs ont \u00e9t\u00e9 interrog\u00e9s dans plus de 200 entreprises. Il en r\u00e9sulte d'excellents employeurs qui sont recommand\u00e9s \u00e0 d'autres personnes.","breadcrumb":{"@id":"https:\/\/www.organisator.ch\/management\/2020-05-14\/ausgezeichnete-arbeitgeber-von-mitarbeitenden-empfohlen\/#breadcrumb"},"inLanguage":"fr-FR","potentialAction":[{"@type":"ReadAction","target":["https:\/\/www.organisator.ch\/management\/2020-05-14\/ausgezeichnete-arbeitgeber-von-mitarbeitenden-empfohlen\/"]}]},{"@type":"ImageObject","inLanguage":"fr-FR","@id":"https:\/\/www.organisator.ch\/management\/2020-05-14\/ausgezeichnete-arbeitgeber-von-mitarbeitenden-empfohlen\/#primaryimage","url":"https:\/\/www.organisator.ch\/wp-content\/uploads\/2020\/05\/Ausgezeichnete-Arbeitgeber-von-Mitarbeitenden-empfohlen2_Organisator.jpg","contentUrl":"https:\/\/www.organisator.ch\/wp-content\/uploads\/2020\/05\/Ausgezeichnete-Arbeitgeber-von-Mitarbeitenden-empfohlen2_Organisator.jpg","width":680,"height":381,"caption":"UMB wurde zum vierten Mal in Folge als bester Arbeitgeber der Schweiz pr\u00e4miert. Doch es gibt noch viel mehr ausgezeichnete Arbeitgeber. (Bild: UMB)"},{"@type":"BreadcrumbList","@id":"https:\/\/www.organisator.ch\/management\/2020-05-14\/ausgezeichnete-arbeitgeber-von-mitarbeitenden-empfohlen\/#breadcrumb","itemListElement":[{"@type":"ListItem","position":1,"name":"Home","item":"https:\/\/www.organisator.ch\/"},{"@type":"ListItem","position":2,"name":"Ausgezeichnete Arbeitgeber &#8211; von Mitarbeitenden empfohlen"}]},{"@type":"WebSite","@id":"https:\/\/www.organisator.ch\/#website","url":"https:\/\/www.organisator.ch\/","name":"Organisateur","description":"Comp\u00e9tence et comp\u00e9tence. Proches de la pratique. L'ORGANISATEUR pr\u00e9pare 10 num\u00e9ros par an sur les th\u00e8mes essentiels pour les dirigeants de PME.","publisher":{"@id":"https:\/\/www.organisator.ch\/#organization"},"potentialAction":[{"@type":"SearchAction","target":{"@type":"EntryPoint","urlTemplate":"https:\/\/www.organisator.ch\/?s={search_term_string}"},"query-input":{"@type":"PropertyValueSpecification","valueRequired":true,"valueName":"search_term_string"}}],"inLanguage":"fr-FR"},{"@type":"Organization","@id":"https:\/\/www.organisator.ch\/#organization","name":"Organisateur","url":"https:\/\/www.organisator.ch\/","logo":{"@type":"ImageObject","inLanguage":"fr-FR","@id":"https:\/\/www.organisator.ch\/#\/schema\/logo\/image\/","url":"https:\/\/www.organisator.ch\/wp-content\/uploads\/2022\/01\/Logo_Organisator_Website.png","contentUrl":"https:\/\/www.organisator.ch\/wp-content\/uploads\/2022\/01\/Logo_Organisator_Website.png","width":800,"height":77,"caption":"Organisator"},"image":{"@id":"https:\/\/www.organisator.ch\/#\/schema\/logo\/image\/"},"sameAs":["https:\/\/www.facebook.com\/OrganisatorFachmagazin","https:\/\/www.linkedin.com\/showcase\/organisator-das-magazin-fr-kmu","https:\/\/www.xing.com\/news\/pages\/organisator-ch-695","https:\/\/www.youtube.com\/channel\/UCGP2Sq0iWaZwT3BdIAQFYpw"]},{"@type":"Person","@id":"https:\/\/www.organisator.ch\/#\/schema\/person\/6f650f90b2842cd4c0cc334b4e36f67e","name":"thomas.berner","image":{"@type":"ImageObject","inLanguage":"fr-FR","@id":"https:\/\/secure.gravatar.com\/avatar\/ac5001d2a36cb6c6cd3e50789007ffca834b477b74a2144564522e944eabff61?s=96&d=mm&r=g","url":"https:\/\/secure.gravatar.com\/avatar\/ac5001d2a36cb6c6cd3e50789007ffca834b477b74a2144564522e944eabff61?s=96&d=mm&r=g","contentUrl":"https:\/\/secure.gravatar.com\/avatar\/ac5001d2a36cb6c6cd3e50789007ffca834b477b74a2144564522e944eabff61?s=96&d=mm&r=g","caption":"thomas.berner"},"url":"https:\/\/www.organisator.ch\/fr\/author\/thomas-berner\/"}]}},"_links":{"self":[{"href":"https:\/\/www.organisator.ch\/fr\/wp-json\/wp\/v2\/posts\/6708","targetHints":{"allow":["GET"]}}],"collection":[{"href":"https:\/\/www.organisator.ch\/fr\/wp-json\/wp\/v2\/posts"}],"about":[{"href":"https:\/\/www.organisator.ch\/fr\/wp-json\/wp\/v2\/types\/post"}],"author":[{"embeddable":true,"href":"https:\/\/www.organisator.ch\/fr\/wp-json\/wp\/v2\/users\/4"}],"replies":[{"embeddable":true,"href":"https:\/\/www.organisator.ch\/fr\/wp-json\/wp\/v2\/comments?post=6708"}],"version-history":[{"count":0,"href":"https:\/\/www.organisator.ch\/fr\/wp-json\/wp\/v2\/posts\/6708\/revisions"}],"wp:featuredmedia":[{"embeddable":true,"href":"https:\/\/www.organisator.ch\/fr\/wp-json\/wp\/v2\/media\/6710"}],"wp:attachment":[{"href":"https:\/\/www.organisator.ch\/fr\/wp-json\/wp\/v2\/media?parent=6708"}],"wp:term":[{"taxonomy":"category","embeddable":true,"href":"https:\/\/www.organisator.ch\/fr\/wp-json\/wp\/v2\/categories?post=6708"},{"taxonomy":"post_tag","embeddable":true,"href":"https:\/\/www.organisator.ch\/fr\/wp-json\/wp\/v2\/tags?post=6708"}],"curies":[{"name":"wp","href":"https:\/\/api.w.org\/{rel}","templated":true}]}}