{"id":6730,"date":"2020-05-19T10:54:45","date_gmt":"2020-05-19T08:54:45","guid":{"rendered":"https:\/\/www.organisator.ch\/?p=6730"},"modified":"2020-05-19T10:54:45","modified_gmt":"2020-05-19T08:54:45","slug":"w-a-de-vigier-preise-2020-viele-cleantech-startups-in-den-top-10","status":"publish","type":"post","link":"https:\/\/www.organisator.ch\/fr\/management\/2020-05-19\/w-a-de-vigier-preise-2020-viele-cleantech-startups-in-den-top-10\/","title":{"rendered":"Prix W.A. de Vigier 2020 : de nombreuses start-up cleantech dans le top 10"},"content":{"rendered":"<figure id=\"attachment_6731\" aria-describedby=\"caption-attachment-6731\" style=\"width: 680px\" class=\"wp-caption alignnone\"><img loading=\"lazy\" decoding=\"async\" class=\"size-medium wp-image-6731\" src=\"https:\/\/www.organisator.ch\/wp-content\/uploads\/2020\/05\/W.A.-de-Vigier-Preise-2020-Viele-Cleantech-Startups-in-den-Top-10_Organisator.jpg\" alt=\"\" width=\"680\" height=\"387\" srcset=\"https:\/\/www.organisator.ch\/wp-content\/uploads\/2020\/05\/W.A.-de-Vigier-Preise-2020-Viele-Cleantech-Startups-in-den-Top-10_Organisator.jpg 680w, https:\/\/www.organisator.ch\/wp-content\/uploads\/2020\/05\/W.A.-de-Vigier-Preise-2020-Viele-Cleantech-Startups-in-den-Top-10_Organisator-16x9.jpg 16w, https:\/\/www.organisator.ch\/wp-content\/uploads\/2020\/05\/W.A.-de-Vigier-Preise-2020-Viele-Cleantech-Startups-in-den-Top-10_Organisator-307x175.jpg 307w, https:\/\/www.organisator.ch\/wp-content\/uploads\/2020\/05\/W.A.-de-Vigier-Preise-2020-Viele-Cleantech-Startups-in-den-Top-10_Organisator-615x350.jpg 615w, https:\/\/www.organisator.ch\/wp-content\/uploads\/2020\/05\/W.A.-de-Vigier-Preise-2020-Viele-Cleantech-Startups-in-den-Top-10_Organisator-300x171.jpg 300w\" sizes=\"auto, (max-width: 680px) 100vw, 680px\" \/><figcaption id=\"caption-attachment-6731\" class=\"wp-caption-text\">Six start-up cleantech sont en lice avec quatre autres pour la finale du Prix W.A. de Vigier 2020 (photo : Fondation W.A. de Vigier).<\/figcaption><\/figure>\n<p>Le prix d'encouragement W.A. de Vigier est consid\u00e9r\u00e9 comme la plus ancienne distinction pour les jeunes entrepreneurs en Suisse et compte, avec ses 500 000 CHF de prix annuels (cinq fois 100 000 CHF), parmi les prix d'encouragement les mieux dot\u00e9s de Suisse. Au cours de ses 31 ans d'existence, la fondation a distribu\u00e9 au total plus de 11 millions de francs de capital de d\u00e9part dans les secteurs les plus divers. Il en a r\u00e9sult\u00e9 \u00e0 ce jour quelque 90 start-up couronn\u00e9es de succ\u00e8s, plusieurs entr\u00e9es en bourse, des ventes d'entreprises lucratives et surtout de nombreux nouveaux emplois. Dans la course \u00e0 un prix W.A. de Vigier, la personnalit\u00e9 du CEO est aussi importante qu'un produit r\u00e9volutionnaire.<\/p>\n<h2>Les start-ups cleantech repr\u00e9sentent la majorit\u00e9 des finalistes<\/h2>\n<p>En f\u00e9vrier 2020, le jury a s\u00e9lectionn\u00e9 son top 16 parmi les 192 projets soumis. Les 16 ont \u00e9t\u00e9 \u00e9valu\u00e9s et ont pr\u00e9sent\u00e9 leurs id\u00e9es au conseil de la fondation, qui a maintenant choisi les 10 premiers. Six des dix finalistes sont des entreprises de technologies propres, ce qui refl\u00e8te la part importante des soumissions de cette ann\u00e9e provenant de ce secteur. \"La valeur que les startups cr\u00e9ent pour notre \u00e9conomie suisse et pour le monde entier ne fait aucun doute. Notre fondation est tr\u00e8s fi\u00e8re de pouvoir soutenir ces startups, surtout en des temps difficiles comme ceux que nous traversons actuellement. En fait, le soutien aux startups est aujourd'hui plus important que jamais\", a d\u00e9clar\u00e9 Daniel Borer, membre du conseil de la Fondation W.A. de Vigier. \"Nous savons que notre g\u00e9n\u00e9ration a des probl\u00e8mes environnementaux urgents \u00e0 r\u00e9soudre. Cela se traduit par le nombre particuli\u00e8rement \u00e9lev\u00e9 de start-up cleantech qui se sont port\u00e9es candidates cette ann\u00e9e. Au lieu d'accepter des emplois tr\u00e8s bien r\u00e9mun\u00e9r\u00e9s dans des organisations \u00e9tablies, ces jeunes esprits brillants veulent \u00eatre actifs et faire bouger les choses en devenant entrepreneurs et en d\u00e9veloppant des solutions tangibles pour nous tous \u00e0 partir de technologies prometteuses\", explique Regula Buob, directrice de la W.A. de Vigier Foundation. \"Cela vaut bien s\u00fbr aussi pour les fondateurs de start-up dans d'autres secteurs, et c'est vraiment un privil\u00e8ge de travailler avec ces jeunes leaders intelligents, forts et impressionnants\", poursuit Mme Buob.<\/p>\n<h2><strong>Voici le top 10 (par ordre alphab\u00e9tique)<\/strong><\/h2>\n<ul>\n<li><strong><em>Annaida Technologies AG de Lausanne (VD) - D\u00e9pistage embryonnaire sans contact pour de meilleurs r\u00e9sultats de FIV<br \/>\n<\/em><\/strong>Les cliniques de fertilit\u00e9 sont sous pression pour satisfaire le d\u00e9sir d'enfant de leurs patients. Annaida d\u00e9veloppe un appareil qui aide les m\u00e9decins \u00e0 choisir l'embryon le plus viable de mani\u00e8re non invasive. Les clients d'Annaida veulent servir leurs patients avec la technologie la plus avanc\u00e9e et seront heureux de voir des familles heureuses et de nombreuses recommandations.<\/li>\n<li><strong><em>Bloom Biorenewables AG de Marly (FR) - Des alternatives durables aux mol\u00e9cules fossiles<br \/>\n<\/em><\/strong>Le p\u00e9trole est pr\u00e9sent dans la plupart des produits de tous les jours, ce qui nuit \u00e0 notre environnement. Bloom peut transformer le bois et les d\u00e9chets agricoles en mat\u00e9riaux renouvelables qui remplacent enti\u00e8rement le p\u00e9trole. Gr\u00e2ce \u00e0 cette solution, les entreprises peuvent recourir \u00e0 une alternative verte et disponible localement, satisfaire les clients soucieux de l'environnement, se conformer aux directives du gouvernement, \u00e9conomiser les taxes C02 et contribuer \u00e0 la lutte contre le changement climatique.<\/li>\n<li><strong><em>DePoly AG de Sion (VS) - Recyclage rentable du PET avec des produits chimiques respectueux de l'environnement<br \/>\n<\/em><\/strong>L'industrie du recyclage d\u00e9truit chaque ann\u00e9e des tonnes de plastique PET. DePoly transforme les d\u00e9chets de PET de faible valeur en ses composants chimiques originaux de haute qualit\u00e9, qui peuvent \u00eatre transform\u00e9s en nouveau plastique. Cette solution transforme les d\u00e9chets en revenus tout en contribuant \u00e0 un environnement plus propre.<\/li>\n<li><strong><em>EH Group Engineering AG de Prangins (VD) - Une technologie innovante de piles \u00e0 combustible pour une \u00e9nergie propre<br \/>\n<\/em><\/strong>L'hydro\u00e9lectricit\u00e9 serait une source d'\u00e9nergie productive et propre, mais elle est trop ch\u00e8re, trop complexe et trop peu fiable pour \u00eatre largement adopt\u00e9e sur le march\u00e9. EH Group a d\u00e9velopp\u00e9 une technologie qui permet d'exploiter la puissance de l'hydrog\u00e8ne de mani\u00e8re compacte et fiable, \u00e0 faible co\u00fbt et avec un investissement initial minimal. Gr\u00e2ce \u00e0 notre solution, les grands fabricants des secteurs de l'automobile, de l'aviation et de la marine ont pris une longueur d'avance sur leurs concurrents en mati\u00e8re d'innovation pour un avenir plus vert - le seul avenir que nous ayons.<\/li>\n<li><strong><em>FenX AG de Zurich (ZH) - Isolation durable haute performance pour l'industrie du b\u00e2timent<br \/>\n<\/em><\/strong>Lors du choix de mat\u00e9riaux isolants, l'industrie du b\u00e2timent doit faire des compromis soit sur le prix, soit sur l'inflammabilit\u00e9, soit sur le respect de l'environnement. FenX transforme les d\u00e9chets industriels en panneaux isolants faciles \u00e0 installer et performants, qui sont \u00e0 la fois ininflammables et recyclables. Notre solution r\u00e9pond \u00e0 tous les souhaits des clients : ils obtiennent une excellente isolation et satisfont \u00e0 toutes les exigences du march\u00e9 en mati\u00e8re de s\u00e9curit\u00e9 et d'\u00e9co-labels, le tout sans frais suppl\u00e9mentaires.<\/li>\n<li><strong><em>MEMBRASENZ S\u00e0rl d'Ecublens (VD) - Des membranes pour une production d'hydrog\u00e8ne plus efficace<br \/>\n<\/em><\/strong>L'hydrog\u00e8ne est un vecteur d'\u00e9nergie propre, mais sa production est co\u00fbteuse car elle consomme beaucoup d'\u00e9lectricit\u00e9. MEMBRASENZ a d\u00e9velopp\u00e9 des membranes qui r\u00e9duisent les co\u00fbts d'\u00e9lectricit\u00e9 pour les m\u00e9thodes de production d'hydrog\u00e8ne respectueuses de l'environnement. Gr\u00e2ce \u00e0 ces membranes, les \u00e9lectrolyseurs de leurs clients d\u00e9passent nettement ceux de leurs concurrents en termes de consommation d'\u00e9lectricit\u00e9. Cette solution favorise \u00e9galement la perc\u00e9e de la technologie de l'hydrog\u00e8ne vert.<\/li>\n<li><strong><em>Microcaps AG de Zurich (ZH) - Des microcapsules pr\u00e9cises \u00e0 l'\u00e9chelle industrielle<br \/>\n<\/em><\/strong>Garantir que les m\u00e9dicaments soient lib\u00e9r\u00e9s \u00e0 l'endroit du corps concern\u00e9 et \u00e0 une vitesse d\u00e9termin\u00e9e est un d\u00e9fi de taille, car la taille des capsules qui lib\u00e8rent ces principes actifs \u00e9tait jusqu'\u00e0 pr\u00e9sent incontr\u00f4lable. Microcaps a d\u00e9velopp\u00e9 une technologie brevet\u00e9e qui permet de contr\u00f4ler la taille de ces microcapsules avec une pr\u00e9cision suisse, de sorte qu'elles se comportent toutes exactement de la m\u00eame mani\u00e8re. Cela signifie que nous pouvons directement adapter et pr\u00e9dire le profil de lib\u00e9ration d'un m\u00e9dicament. Notre solution est \u00e9galement tr\u00e8s pertinente pour les parfums et les ar\u00f4mes ainsi que pour les probiotiques.<\/li>\n<li><strong><em>Oxara AG de Zurich (ZH) - Transformer les d\u00e9chets d'excavation en produits de construction durables<br \/>\n<\/em><\/strong>Chaque projet de construction commence par l'excavation de tonnes de d\u00e9chets de sol. Or, l'espace de stockage pour ces d\u00e9chets d'excavation se fait de plus en plus rare. De plus, le b\u00e9ton n\u00e9cessaire \u00e0 la construction fait d\u00e9faut. Oxara a mis au point un m\u00e9lange chimique qui transforme les d\u00e9chets d'excavation en mat\u00e9riau de construction \u00e9cologique, ce qui permet au secteur de la construction d'\u00e9conomiser des millions en frais de mise en d\u00e9charge tout en lui fournissant suffisamment de mat\u00e9riaux durables pour construire.<\/li>\n<li><strong><em>REA de Lausanne (VD) - Des prot\u00e8ge-slips intelligents pour le diagnostic des naissances pr\u00e9matur\u00e9es \u00e0 domicile<br \/>\n<\/em><\/strong>La plupart des femmes enceintes pr\u00e9sentant un risque d'accouchement pr\u00e9matur\u00e9 sont hospitalis\u00e9es, mais n'accouchent pas trop t\u00f4t. REA d\u00e9veloppe un prot\u00e8ge-slip intelligent qui analyse les s\u00e9cr\u00e9tions vaginales et alerte le m\u00e9decin via une application lorsque la future m\u00e8re doit \u00eatre hospitalis\u00e9e. La femme enceinte peut ainsi \u00eatre surveill\u00e9e confortablement depuis chez elle, ce qui lui \u00e9vite le cas \u00e9ch\u00e9ant des mois d'hospitalisation inutile.<\/li>\n<li><strong><em>Sevensense Robotics AG de Zurich (ZH) - Transforme les machines manuelles au sol en robots mobiles<br \/>\n<\/em><\/strong>De nombreux fabricants de machines mobiles ont des difficult\u00e9s \u00e0 faire passer leurs produits au niveau sup\u00e9rieur de l'automatisation parce qu'ils n'ont pas les connaissances n\u00e9cessaires en robotique. Sevensense a d\u00e9velopp\u00e9 une solution cl\u00e9 en main qui transforme les machines manuelles en robots automoteurs. Cela propulse les clients de la startup au sommet du march\u00e9 tr\u00e8s concurrentiel de la robotique pour une fraction du temps et du co\u00fbt.<\/li>\n<\/ul>\n<p><em>Source et informations compl\u00e9mentaires : <\/em><a href=\"http:\/\/www.devigier.ch\"><em>Fondation W.A. de Vigier<\/em><\/a><\/p>","protected":false},"excerpt":{"rendered":"<p>Der W.A. de Vigier F\u00f6rderpreis gilt als die \u00e4lteste Auszeichnung f\u00fcr Jungunternehmer\/innen in der Schweiz und z\u00e4hlt mit j\u00e4hrlich CHF 500&#8217;000 Preisgeldern (f\u00fcnfmal CHF 100\u2018000) zu den am h\u00f6chsten dotierten F\u00f6rderpreisen der Schweiz. In ihrem 31-j\u00e4hrigen Bestehen hat die Stiftung insgesamt \u00fcber 11 Millionen Franken Startkapital \u00fcber verschiedenste Sektoren verteilt. Daraus resultierten bis heute rund [&hellip;]<\/p>\n","protected":false},"author":4,"featured_media":6731,"comment_status":"closed","ping_status":"closed","sticky":false,"template":"","format":"standard","meta":{"_acf_changed":false,"_yoast_wpseo_focuskw":"Cleantech-Startups","_yoast_wpseo_metadesc":"Sechs der zehn Finalisten f\u00fcr den diesj\u00e4hrigen W.A. de Vigier Preis sind Cleantech-Startups. Am 10. Juni 2020 wird diese Auszeichnung wieder verliehen.","articlekey":"","footnotes":""},"categories":[28],"tags":[66,335,451],"class_list":["post-6730","post","type-post","status-publish","format-standard","has-post-thumbnail","hentry","category-management","tag-awards","tag-management-und-unternehmensfuehrung","tag-startups"],"acf":[],"yoast_head":"<!-- This site is optimized with the Yoast SEO plugin v27.5 - https:\/\/yoast.com\/product\/yoast-seo-wordpress\/ -->\n<title>W.A. de Vigier Preise 2020: Viele Cleantech-Startups in den Top-10 - Organisator<\/title>\n<meta name=\"description\" content=\"Sechs der zehn Finalisten f\u00fcr den diesj\u00e4hrigen W.A. de Vigier Preis sind Cleantech-Startups. Am 10. Juni 2020 wird diese Auszeichnung wieder verliehen.\" \/>\n<meta name=\"robots\" content=\"index, follow, max-snippet:-1, max-image-preview:large, max-video-preview:-1\" \/>\n<link rel=\"canonical\" href=\"https:\/\/www.organisator.ch\/fr\/gestion-2\/2020-05-19\/w-a-de-vigier-preise-2020-viele-cleantech-startups-in-den-top-10\/\" \/>\n<meta property=\"og:locale\" content=\"fr_FR\" \/>\n<meta property=\"og:type\" content=\"article\" \/>\n<meta property=\"og:title\" content=\"W.A. de Vigier Preise 2020: Viele Cleantech-Startups in den Top-10\" \/>\n<meta property=\"og:description\" content=\"Sechs der zehn Finalisten f\u00fcr den diesj\u00e4hrigen W.A. de Vigier Preis sind Cleantech-Startups. Am 10. Juni 2020 wird diese Auszeichnung wieder verliehen.\" \/>\n<meta property=\"og:url\" content=\"https:\/\/www.organisator.ch\/fr\/gestion-2\/2020-05-19\/w-a-de-vigier-preise-2020-viele-cleantech-startups-in-den-top-10\/\" \/>\n<meta property=\"og:site_name\" content=\"Organisator\" \/>\n<meta property=\"article:publisher\" content=\"https:\/\/www.facebook.com\/OrganisatorFachmagazin\" \/>\n<meta property=\"article:published_time\" content=\"2020-05-19T08:54:45+00:00\" \/>\n<meta property=\"og:image\" content=\"https:\/\/www.organisator.ch\/wp-content\/uploads\/2020\/05\/W.A.-de-Vigier-Preise-2020-Viele-Cleantech-Startups-in-den-Top-10_Organisator.jpg\" \/>\n\t<meta property=\"og:image:width\" content=\"680\" \/>\n\t<meta property=\"og:image:height\" content=\"387\" \/>\n\t<meta property=\"og:image:type\" content=\"image\/jpeg\" \/>\n<meta name=\"author\" content=\"thomas.berner\" \/>\n<meta name=\"twitter:card\" content=\"summary_large_image\" \/>\n<meta name=\"twitter:title\" content=\"W.A. de Vigier Preise 2020: Viele #Cleantech-Startups in den Top-10\" \/>\n<meta name=\"twitter:description\" content=\"Sechs der zehn #Finalisten f\u00fcr den diesj\u00e4hrigen W.A. de #Vigier Preis sind #Cleantech-Startups. Am 10. Juni 2020 wird diese Auszeichnung wieder verliehen.\" \/>\n<meta name=\"twitter:image\" content=\"https:\/\/www.organisator.ch\/wp-content\/uploads\/2020\/05\/W.A.-de-Vigier-Preise-2020-Viele-Cleantech-Startups-in-den-Top-10_Organisator.jpg\" \/>\n<script type=\"application\/ld+json\" class=\"yoast-schema-graph\">{\"@context\":\"https:\\\/\\\/schema.org\",\"@graph\":[{\"@type\":\"Article\",\"@id\":\"https:\\\/\\\/www.organisator.ch\\\/management\\\/2020-05-19\\\/w-a-de-vigier-preise-2020-viele-cleantech-startups-in-den-top-10\\\/#article\",\"isPartOf\":{\"@id\":\"https:\\\/\\\/www.organisator.ch\\\/management\\\/2020-05-19\\\/w-a-de-vigier-preise-2020-viele-cleantech-startups-in-den-top-10\\\/\"},\"author\":{\"name\":\"thomas.berner\",\"@id\":\"https:\\\/\\\/www.organisator.ch\\\/#\\\/schema\\\/person\\\/6f650f90b2842cd4c0cc334b4e36f67e\"},\"headline\":\"W.A. de Vigier Preise 2020: Viele Cleantech-Startups in den Top-10\",\"datePublished\":\"2020-05-19T08:54:45+00:00\",\"mainEntityOfPage\":{\"@id\":\"https:\\\/\\\/www.organisator.ch\\\/management\\\/2020-05-19\\\/w-a-de-vigier-preise-2020-viele-cleantech-startups-in-den-top-10\\\/\"},\"wordCount\":1147,\"publisher\":{\"@id\":\"https:\\\/\\\/www.organisator.ch\\\/#organization\"},\"image\":{\"@id\":\"https:\\\/\\\/www.organisator.ch\\\/management\\\/2020-05-19\\\/w-a-de-vigier-preise-2020-viele-cleantech-startups-in-den-top-10\\\/#primaryimage\"},\"thumbnailUrl\":\"https:\\\/\\\/www.organisator.ch\\\/wp-content\\\/uploads\\\/2020\\\/05\\\/W.A.-de-Vigier-Preise-2020-Viele-Cleantech-Startups-in-den-Top-10_Organisator.jpg\",\"keywords\":[\"Awards\",\"Management und Unternehmensf\u00fchrung\",\"Startups\"],\"articleSection\":[\"MANAGEMENT\"],\"inLanguage\":\"fr-FR\"},{\"@type\":\"WebPage\",\"@id\":\"https:\\\/\\\/www.organisator.ch\\\/management\\\/2020-05-19\\\/w-a-de-vigier-preise-2020-viele-cleantech-startups-in-den-top-10\\\/\",\"url\":\"https:\\\/\\\/www.organisator.ch\\\/management\\\/2020-05-19\\\/w-a-de-vigier-preise-2020-viele-cleantech-startups-in-den-top-10\\\/\",\"name\":\"W.A. de Vigier Preise 2020: Viele Cleantech-Startups in den Top-10 - Organisator\",\"isPartOf\":{\"@id\":\"https:\\\/\\\/www.organisator.ch\\\/#website\"},\"primaryImageOfPage\":{\"@id\":\"https:\\\/\\\/www.organisator.ch\\\/management\\\/2020-05-19\\\/w-a-de-vigier-preise-2020-viele-cleantech-startups-in-den-top-10\\\/#primaryimage\"},\"image\":{\"@id\":\"https:\\\/\\\/www.organisator.ch\\\/management\\\/2020-05-19\\\/w-a-de-vigier-preise-2020-viele-cleantech-startups-in-den-top-10\\\/#primaryimage\"},\"thumbnailUrl\":\"https:\\\/\\\/www.organisator.ch\\\/wp-content\\\/uploads\\\/2020\\\/05\\\/W.A.-de-Vigier-Preise-2020-Viele-Cleantech-Startups-in-den-Top-10_Organisator.jpg\",\"datePublished\":\"2020-05-19T08:54:45+00:00\",\"description\":\"Sechs der zehn Finalisten f\u00fcr den diesj\u00e4hrigen W.A. de Vigier Preis sind Cleantech-Startups. Am 10. Juni 2020 wird diese Auszeichnung wieder verliehen.\",\"breadcrumb\":{\"@id\":\"https:\\\/\\\/www.organisator.ch\\\/management\\\/2020-05-19\\\/w-a-de-vigier-preise-2020-viele-cleantech-startups-in-den-top-10\\\/#breadcrumb\"},\"inLanguage\":\"fr-FR\",\"potentialAction\":[{\"@type\":\"ReadAction\",\"target\":[\"https:\\\/\\\/www.organisator.ch\\\/management\\\/2020-05-19\\\/w-a-de-vigier-preise-2020-viele-cleantech-startups-in-den-top-10\\\/\"]}]},{\"@type\":\"ImageObject\",\"inLanguage\":\"fr-FR\",\"@id\":\"https:\\\/\\\/www.organisator.ch\\\/management\\\/2020-05-19\\\/w-a-de-vigier-preise-2020-viele-cleantech-startups-in-den-top-10\\\/#primaryimage\",\"url\":\"https:\\\/\\\/www.organisator.ch\\\/wp-content\\\/uploads\\\/2020\\\/05\\\/W.A.-de-Vigier-Preise-2020-Viele-Cleantech-Startups-in-den-Top-10_Organisator.jpg\",\"contentUrl\":\"https:\\\/\\\/www.organisator.ch\\\/wp-content\\\/uploads\\\/2020\\\/05\\\/W.A.-de-Vigier-Preise-2020-Viele-Cleantech-Startups-in-den-Top-10_Organisator.jpg\",\"width\":680,\"height\":387,\"caption\":\"Sechs Cleantech-Startups stehen mit vier weiteren im Final f\u00fcr den W.A. de Vigier Preis 2020. (Bild: W.A. de Vigier Stiftung)\"},{\"@type\":\"BreadcrumbList\",\"@id\":\"https:\\\/\\\/www.organisator.ch\\\/management\\\/2020-05-19\\\/w-a-de-vigier-preise-2020-viele-cleantech-startups-in-den-top-10\\\/#breadcrumb\",\"itemListElement\":[{\"@type\":\"ListItem\",\"position\":1,\"name\":\"Home\",\"item\":\"https:\\\/\\\/www.organisator.ch\\\/\"},{\"@type\":\"ListItem\",\"position\":2,\"name\":\"W.A. de Vigier Preise 2020: Viele Cleantech-Startups in den Top-10\"}]},{\"@type\":\"WebSite\",\"@id\":\"https:\\\/\\\/www.organisator.ch\\\/#website\",\"url\":\"https:\\\/\\\/www.organisator.ch\\\/\",\"name\":\"Organisator\",\"description\":\"Kompetent. Praxisnah. Der ORGANISATOR bereitet in 10 Ausgaben pro Jahr die wesentlichen Themen f\u00fcr F\u00fchrungskr\u00e4fte von KMU auf.\",\"publisher\":{\"@id\":\"https:\\\/\\\/www.organisator.ch\\\/#organization\"},\"potentialAction\":[{\"@type\":\"SearchAction\",\"target\":{\"@type\":\"EntryPoint\",\"urlTemplate\":\"https:\\\/\\\/www.organisator.ch\\\/?s={search_term_string}\"},\"query-input\":{\"@type\":\"PropertyValueSpecification\",\"valueRequired\":true,\"valueName\":\"search_term_string\"}}],\"inLanguage\":\"fr-FR\"},{\"@type\":\"Organization\",\"@id\":\"https:\\\/\\\/www.organisator.ch\\\/#organization\",\"name\":\"Organisator\",\"url\":\"https:\\\/\\\/www.organisator.ch\\\/\",\"logo\":{\"@type\":\"ImageObject\",\"inLanguage\":\"fr-FR\",\"@id\":\"https:\\\/\\\/www.organisator.ch\\\/#\\\/schema\\\/logo\\\/image\\\/\",\"url\":\"https:\\\/\\\/www.organisator.ch\\\/wp-content\\\/uploads\\\/2022\\\/01\\\/Logo_Organisator_Website.png\",\"contentUrl\":\"https:\\\/\\\/www.organisator.ch\\\/wp-content\\\/uploads\\\/2022\\\/01\\\/Logo_Organisator_Website.png\",\"width\":800,\"height\":77,\"caption\":\"Organisator\"},\"image\":{\"@id\":\"https:\\\/\\\/www.organisator.ch\\\/#\\\/schema\\\/logo\\\/image\\\/\"},\"sameAs\":[\"https:\\\/\\\/www.facebook.com\\\/OrganisatorFachmagazin\",\"https:\\\/\\\/www.linkedin.com\\\/showcase\\\/organisator-das-magazin-fr-kmu\",\"https:\\\/\\\/www.xing.com\\\/news\\\/pages\\\/organisator-ch-695\",\"https:\\\/\\\/www.youtube.com\\\/channel\\\/UCGP2Sq0iWaZwT3BdIAQFYpw\"]},{\"@type\":\"Person\",\"@id\":\"https:\\\/\\\/www.organisator.ch\\\/#\\\/schema\\\/person\\\/6f650f90b2842cd4c0cc334b4e36f67e\",\"name\":\"thomas.berner\",\"image\":{\"@type\":\"ImageObject\",\"inLanguage\":\"fr-FR\",\"@id\":\"https:\\\/\\\/secure.gravatar.com\\\/avatar\\\/ac5001d2a36cb6c6cd3e50789007ffca834b477b74a2144564522e944eabff61?s=96&d=mm&r=g\",\"url\":\"https:\\\/\\\/secure.gravatar.com\\\/avatar\\\/ac5001d2a36cb6c6cd3e50789007ffca834b477b74a2144564522e944eabff61?s=96&d=mm&r=g\",\"contentUrl\":\"https:\\\/\\\/secure.gravatar.com\\\/avatar\\\/ac5001d2a36cb6c6cd3e50789007ffca834b477b74a2144564522e944eabff61?s=96&d=mm&r=g\",\"caption\":\"thomas.berner\"},\"url\":\"https:\\\/\\\/www.organisator.ch\\\/fr\\\/author\\\/thomas-berner\\\/\"}]}<\/script>\n<!-- \/ Yoast SEO plugin. -->","yoast_head_json":{"title":"Prix W.A. de Vigier 2020 : de nombreuses start-ups cleantech dans le top 10 - Organisateur","description":"Six des dix finalistes du Prix W.A. de Vigier de cette ann\u00e9e sont des start-ups cleantech. Le 10 juin 2020, ce prix sera \u00e0 nouveau d\u00e9cern\u00e9.","robots":{"index":"index","follow":"follow","max-snippet":"max-snippet:-1","max-image-preview":"max-image-preview:large","max-video-preview":"max-video-preview:-1"},"canonical":"https:\/\/www.organisator.ch\/fr\/gestion-2\/2020-05-19\/w-a-de-vigier-preise-2020-viele-cleantech-startups-in-den-top-10\/","og_locale":"fr_FR","og_type":"article","og_title":"W.A. de Vigier Preise 2020: Viele Cleantech-Startups in den Top-10","og_description":"Sechs der zehn Finalisten f\u00fcr den diesj\u00e4hrigen W.A. de Vigier Preis sind Cleantech-Startups. Am 10. Juni 2020 wird diese Auszeichnung wieder verliehen.","og_url":"https:\/\/www.organisator.ch\/fr\/gestion-2\/2020-05-19\/w-a-de-vigier-preise-2020-viele-cleantech-startups-in-den-top-10\/","og_site_name":"Organisator","article_publisher":"https:\/\/www.facebook.com\/OrganisatorFachmagazin","article_published_time":"2020-05-19T08:54:45+00:00","og_image":[{"width":680,"height":387,"url":"https:\/\/www.organisator.ch\/wp-content\/uploads\/2020\/05\/W.A.-de-Vigier-Preise-2020-Viele-Cleantech-Startups-in-den-Top-10_Organisator.jpg","type":"image\/jpeg"}],"author":"thomas.berner","twitter_card":"summary_large_image","twitter_title":"W.A. de Vigier Preise 2020: Viele #Cleantech-Startups in den Top-10","twitter_description":"Sechs der zehn #Finalisten f\u00fcr den diesj\u00e4hrigen W.A. de #Vigier Preis sind #Cleantech-Startups. Am 10. Juni 2020 wird diese Auszeichnung wieder verliehen.","twitter_image":"https:\/\/www.organisator.ch\/wp-content\/uploads\/2020\/05\/W.A.-de-Vigier-Preise-2020-Viele-Cleantech-Startups-in-den-Top-10_Organisator.jpg","schema":{"@context":"https:\/\/schema.org","@graph":[{"@type":"Article","@id":"https:\/\/www.organisator.ch\/management\/2020-05-19\/w-a-de-vigier-preise-2020-viele-cleantech-startups-in-den-top-10\/#article","isPartOf":{"@id":"https:\/\/www.organisator.ch\/management\/2020-05-19\/w-a-de-vigier-preise-2020-viele-cleantech-startups-in-den-top-10\/"},"author":{"name":"thomas.berner","@id":"https:\/\/www.organisator.ch\/#\/schema\/person\/6f650f90b2842cd4c0cc334b4e36f67e"},"headline":"W.A. de Vigier Preise 2020: Viele Cleantech-Startups in den Top-10","datePublished":"2020-05-19T08:54:45+00:00","mainEntityOfPage":{"@id":"https:\/\/www.organisator.ch\/management\/2020-05-19\/w-a-de-vigier-preise-2020-viele-cleantech-startups-in-den-top-10\/"},"wordCount":1147,"publisher":{"@id":"https:\/\/www.organisator.ch\/#organization"},"image":{"@id":"https:\/\/www.organisator.ch\/management\/2020-05-19\/w-a-de-vigier-preise-2020-viele-cleantech-startups-in-den-top-10\/#primaryimage"},"thumbnailUrl":"https:\/\/www.organisator.ch\/wp-content\/uploads\/2020\/05\/W.A.-de-Vigier-Preise-2020-Viele-Cleantech-Startups-in-den-Top-10_Organisator.jpg","keywords":["Awards","Management und Unternehmensf\u00fchrung","Startups"],"articleSection":["MANAGEMENT"],"inLanguage":"fr-FR"},{"@type":"WebPage","@id":"https:\/\/www.organisator.ch\/management\/2020-05-19\/w-a-de-vigier-preise-2020-viele-cleantech-startups-in-den-top-10\/","url":"https:\/\/www.organisator.ch\/management\/2020-05-19\/w-a-de-vigier-preise-2020-viele-cleantech-startups-in-den-top-10\/","name":"Prix W.A. de Vigier 2020 : de nombreuses start-ups cleantech dans le top 10 - Organisateur","isPartOf":{"@id":"https:\/\/www.organisator.ch\/#website"},"primaryImageOfPage":{"@id":"https:\/\/www.organisator.ch\/management\/2020-05-19\/w-a-de-vigier-preise-2020-viele-cleantech-startups-in-den-top-10\/#primaryimage"},"image":{"@id":"https:\/\/www.organisator.ch\/management\/2020-05-19\/w-a-de-vigier-preise-2020-viele-cleantech-startups-in-den-top-10\/#primaryimage"},"thumbnailUrl":"https:\/\/www.organisator.ch\/wp-content\/uploads\/2020\/05\/W.A.-de-Vigier-Preise-2020-Viele-Cleantech-Startups-in-den-Top-10_Organisator.jpg","datePublished":"2020-05-19T08:54:45+00:00","description":"Six des dix finalistes du Prix W.A. de Vigier de cette ann\u00e9e sont des start-ups cleantech. Le 10 juin 2020, ce prix sera \u00e0 nouveau d\u00e9cern\u00e9.","breadcrumb":{"@id":"https:\/\/www.organisator.ch\/management\/2020-05-19\/w-a-de-vigier-preise-2020-viele-cleantech-startups-in-den-top-10\/#breadcrumb"},"inLanguage":"fr-FR","potentialAction":[{"@type":"ReadAction","target":["https:\/\/www.organisator.ch\/management\/2020-05-19\/w-a-de-vigier-preise-2020-viele-cleantech-startups-in-den-top-10\/"]}]},{"@type":"ImageObject","inLanguage":"fr-FR","@id":"https:\/\/www.organisator.ch\/management\/2020-05-19\/w-a-de-vigier-preise-2020-viele-cleantech-startups-in-den-top-10\/#primaryimage","url":"https:\/\/www.organisator.ch\/wp-content\/uploads\/2020\/05\/W.A.-de-Vigier-Preise-2020-Viele-Cleantech-Startups-in-den-Top-10_Organisator.jpg","contentUrl":"https:\/\/www.organisator.ch\/wp-content\/uploads\/2020\/05\/W.A.-de-Vigier-Preise-2020-Viele-Cleantech-Startups-in-den-Top-10_Organisator.jpg","width":680,"height":387,"caption":"Sechs Cleantech-Startups stehen mit vier weiteren im Final f\u00fcr den W.A. de Vigier Preis 2020. (Bild: W.A. de Vigier Stiftung)"},{"@type":"BreadcrumbList","@id":"https:\/\/www.organisator.ch\/management\/2020-05-19\/w-a-de-vigier-preise-2020-viele-cleantech-startups-in-den-top-10\/#breadcrumb","itemListElement":[{"@type":"ListItem","position":1,"name":"Home","item":"https:\/\/www.organisator.ch\/"},{"@type":"ListItem","position":2,"name":"W.A. de Vigier Preise 2020: Viele Cleantech-Startups in den Top-10"}]},{"@type":"WebSite","@id":"https:\/\/www.organisator.ch\/#website","url":"https:\/\/www.organisator.ch\/","name":"Organisateur","description":"Comp\u00e9tence et comp\u00e9tence. Proches de la pratique. L'ORGANISATEUR pr\u00e9pare 10 num\u00e9ros par an sur les th\u00e8mes essentiels pour les dirigeants de PME.","publisher":{"@id":"https:\/\/www.organisator.ch\/#organization"},"potentialAction":[{"@type":"SearchAction","target":{"@type":"EntryPoint","urlTemplate":"https:\/\/www.organisator.ch\/?s={search_term_string}"},"query-input":{"@type":"PropertyValueSpecification","valueRequired":true,"valueName":"search_term_string"}}],"inLanguage":"fr-FR"},{"@type":"Organization","@id":"https:\/\/www.organisator.ch\/#organization","name":"Organisateur","url":"https:\/\/www.organisator.ch\/","logo":{"@type":"ImageObject","inLanguage":"fr-FR","@id":"https:\/\/www.organisator.ch\/#\/schema\/logo\/image\/","url":"https:\/\/www.organisator.ch\/wp-content\/uploads\/2022\/01\/Logo_Organisator_Website.png","contentUrl":"https:\/\/www.organisator.ch\/wp-content\/uploads\/2022\/01\/Logo_Organisator_Website.png","width":800,"height":77,"caption":"Organisator"},"image":{"@id":"https:\/\/www.organisator.ch\/#\/schema\/logo\/image\/"},"sameAs":["https:\/\/www.facebook.com\/OrganisatorFachmagazin","https:\/\/www.linkedin.com\/showcase\/organisator-das-magazin-fr-kmu","https:\/\/www.xing.com\/news\/pages\/organisator-ch-695","https:\/\/www.youtube.com\/channel\/UCGP2Sq0iWaZwT3BdIAQFYpw"]},{"@type":"Person","@id":"https:\/\/www.organisator.ch\/#\/schema\/person\/6f650f90b2842cd4c0cc334b4e36f67e","name":"thomas.berner","image":{"@type":"ImageObject","inLanguage":"fr-FR","@id":"https:\/\/secure.gravatar.com\/avatar\/ac5001d2a36cb6c6cd3e50789007ffca834b477b74a2144564522e944eabff61?s=96&d=mm&r=g","url":"https:\/\/secure.gravatar.com\/avatar\/ac5001d2a36cb6c6cd3e50789007ffca834b477b74a2144564522e944eabff61?s=96&d=mm&r=g","contentUrl":"https:\/\/secure.gravatar.com\/avatar\/ac5001d2a36cb6c6cd3e50789007ffca834b477b74a2144564522e944eabff61?s=96&d=mm&r=g","caption":"thomas.berner"},"url":"https:\/\/www.organisator.ch\/fr\/author\/thomas-berner\/"}]}},"_links":{"self":[{"href":"https:\/\/www.organisator.ch\/fr\/wp-json\/wp\/v2\/posts\/6730","targetHints":{"allow":["GET"]}}],"collection":[{"href":"https:\/\/www.organisator.ch\/fr\/wp-json\/wp\/v2\/posts"}],"about":[{"href":"https:\/\/www.organisator.ch\/fr\/wp-json\/wp\/v2\/types\/post"}],"author":[{"embeddable":true,"href":"https:\/\/www.organisator.ch\/fr\/wp-json\/wp\/v2\/users\/4"}],"replies":[{"embeddable":true,"href":"https:\/\/www.organisator.ch\/fr\/wp-json\/wp\/v2\/comments?post=6730"}],"version-history":[{"count":0,"href":"https:\/\/www.organisator.ch\/fr\/wp-json\/wp\/v2\/posts\/6730\/revisions"}],"wp:featuredmedia":[{"embeddable":true,"href":"https:\/\/www.organisator.ch\/fr\/wp-json\/wp\/v2\/media\/6731"}],"wp:attachment":[{"href":"https:\/\/www.organisator.ch\/fr\/wp-json\/wp\/v2\/media?parent=6730"}],"wp:term":[{"taxonomy":"category","embeddable":true,"href":"https:\/\/www.organisator.ch\/fr\/wp-json\/wp\/v2\/categories?post=6730"},{"taxonomy":"post_tag","embeddable":true,"href":"https:\/\/www.organisator.ch\/fr\/wp-json\/wp\/v2\/tags?post=6730"}],"curies":[{"name":"wp","href":"https:\/\/api.w.org\/{rel}","templated":true}]}}