{"id":6758,"date":"2020-05-28T08:20:57","date_gmt":"2020-05-28T06:20:57","guid":{"rendered":"https:\/\/www.organisator.ch\/?p=6758"},"modified":"2020-05-28T08:20:57","modified_gmt":"2020-05-28T06:20:57","slug":"erfolgs-impuls-leadership-lernpunkte-von-covid-19","status":"publish","type":"post","link":"https:\/\/www.organisator.ch\/fr\/management\/2020-05-28\/erfolgs-impuls-leadership-lernpunkte-von-covid-19\/","title":{"rendered":"Impulsion du succ\u00e8s : points d'apprentissage du leadership de COVID-19"},"content":{"rendered":"<figure id=\"attachment_6760\" aria-describedby=\"caption-attachment-6760\" style=\"width: 680px\" class=\"wp-caption alignnone\"><img loading=\"lazy\" decoding=\"async\" class=\"size-medium wp-image-6760\" src=\"https:\/\/www.organisator.ch\/wp-content\/uploads\/2020\/05\/Erfolgs-Impuls-Leadership-Lernpunkte-von-COVID-19_Organisator.jpg\" alt=\"\" width=\"680\" height=\"453\" srcset=\"https:\/\/www.organisator.ch\/wp-content\/uploads\/2020\/05\/Erfolgs-Impuls-Leadership-Lernpunkte-von-COVID-19_Organisator.jpg 680w, https:\/\/www.organisator.ch\/wp-content\/uploads\/2020\/05\/Erfolgs-Impuls-Leadership-Lernpunkte-von-COVID-19_Organisator-16x12.jpg 16w, https:\/\/www.organisator.ch\/wp-content\/uploads\/2020\/05\/Erfolgs-Impuls-Leadership-Lernpunkte-von-COVID-19_Organisator-263x175.jpg 263w, https:\/\/www.organisator.ch\/wp-content\/uploads\/2020\/05\/Erfolgs-Impuls-Leadership-Lernpunkte-von-COVID-19_Organisator-525x350.jpg 525w, https:\/\/www.organisator.ch\/wp-content\/uploads\/2020\/05\/Erfolgs-Impuls-Leadership-Lernpunkte-von-COVID-19_Organisator-300x200.jpg 300w\" sizes=\"auto, (max-width: 680px) 100vw, 680px\" \/><figcaption id=\"caption-attachment-6760\" class=\"wp-caption-text\">Il s'agit maintenant de sortir des mesures de la pand\u00e9mie de Corona. Quels points d'apprentissage du leadership restent-ils ? (Image : Pixabay.com)<\/figcaption><\/figure>\n<p>On a d\u00e9j\u00e0 beaucoup \u00e9crit sur les effets des d\u00e9fis Corona sur le leadership et sur notre collaboration au sein des organisations. Une question revient souvent : Qu'est-ce qui va changer de mani\u00e8re positive et durable dans notre leadership et notre culture ?<\/p>\n<h2>5 points d'apprentissage du leadership<\/h2>\n<p>Voici quelques points que je retiens de mon coaching et des projets men\u00e9s avec mes clients au cours des derni\u00e8res semaines :<\/p>\n<ol>\n<li><strong>Responsabilit\u00e9 personnelle<\/strong>. Rien ne change positivement si nous ne changeons pas nous-m\u00eames. Dans quelques semaines ou mois, beaucoup de choses seront \u00e0 nouveau comme avant. Sauf si, en tant que leader, nous avons saisi l'occasion et commenc\u00e9 \u00e0 modifier durablement certains de nos comportements en mati\u00e8re de leadership afin de saisir les opportunit\u00e9s. C'est une d\u00e9cision consciente.<\/li>\n<li><strong>Il existe une autre solution.<\/strong> Vous avez probablement \u00e9t\u00e9 surpris de constater que beaucoup de choses qui, en temps normal, auraient pris des mois ou des ann\u00e9es pour \u00eatre d\u00e9cid\u00e9es, le sont d\u00e9sormais en quelques jours. Des r\u00e9unions par vid\u00e9o ? Pas de probl\u00e8me ! La vid\u00e9o hebdomadaire du CEO \u00e0 l'\u00e9quipe ? Enfin ! Supprimer les r\u00e9unions improductives ? Nous aurions d\u00fb le faire depuis longtemps ! Servir les clients \u00e0 distance ? Et les clients aiment \u00e7a ! Coaching par session vid\u00e9o ? Aussi efficace que sur place. Et ainsi de suite.<\/li>\n<li><strong>Les opportunit\u00e9s sont partout.<\/strong> Nous, les \u00eatres humains, sommes bizarres : la plupart d'entre nous ne se d\u00e9placent vraiment que lorsqu'ils doivent le faire (selon notre perception). Les entrepreneurs savent qu'il est n\u00e9cessaire d'attirer des clients. Lorsque nous ne pouvons plus nous rendre sur place chez les clients, nous DEVONS trouver des opportunit\u00e9s par vid\u00e9o. Et tout \u00e0 coup, nous voyons des opportunit\u00e9s l\u00e0 o\u00f9 il n'y avait auparavant que du travail d\u00e9sagr\u00e9able et des risques.<\/li>\n<li><strong>L'\u00e9motion est (presque) tout.<\/strong> Le fait qu'une entreprise sorte gagnante de la crise est d\u00fb \u00e0 10 pour cent \u00e0 l'influence ext\u00e9rieure et \u00e0 90 pour cent \u00e0 sa propre d\u00e9cision en r\u00e9action. Et cette d\u00e9cision est presque exclusivement influenc\u00e9e par les \u00e9motions. Cela vaut aussi bien pour le CEO que pour chaque membre de l'organisation : certains s'investissent encore plus, d'autres pr\u00e9f\u00e8rent plonger. Tout est une d\u00e9cision !<\/li>\n<li><strong>La vitesse devient plus importante. <\/strong>Celui qui veut conna\u00eetre un succ\u00e8s exceptionnel \u00e0 l'avenir ferait bien d'acc\u00e9l\u00e9rer la vitesse des d\u00e9cisions et des actions. Attendre longtemps en temps de crise est extr\u00eamement dangereux. En p\u00e9riode de prosp\u00e9rit\u00e9, cela nous fait reculer.<\/li>\n<\/ol>\n<h2>Compl\u00e9ter les chances<\/h2>\n<p>Conclusion : nous avons tous beaucoup \u00e0 apprendre de cette crise. C'est \u00e0 vous seul de d\u00e9cider dans quelle mesure vous allez utiliser ces points d'apprentissage du leadership et marquer ainsi des points par rapport \u00e0 la concurrence (et \u00e0 vos clients). Les entreprises les plus performantes se distinguent avant tout par le fait qu'elles voient et saisissent plus d'opportunit\u00e9s que les autres. En principe, tout le monde peut le faire. Mais rares sont ceux qui le font.<\/p>\n<p><i><strong>Vers l'auteur :<\/strong><br \/>\n<\/i><em>Volkmar V\u00f6lzke est un maximisateur de succ\u00e8s. Auteur de livres. Conseiller et consultant. Coach de formation. Orateur. <a href=\"http:\/\/www.volkmarvoelzke.ch\/\">www.volkmarvoelzke.ch<\/a><\/em><\/p>","protected":false},"excerpt":{"rendered":"<p>Es ist ja schon viel \u00fcber die Effekte auf das Leadership und auf unsere Zusammenarbeit in Organisationen durch die Corona-Herausforderungen geschrieben worden. Eine Frage taucht dabei immer wieder auf: Was wird sich an unserem Leadership und unserer Kultur dauerhaft positiv \u00e4ndern? 5 Leadership-Lernpunkte Hier sind ein paar Punkte, die ich aus meinem Coaching und den [&hellip;]<\/p>\n","protected":false},"author":4,"featured_media":6760,"comment_status":"closed","ping_status":"closed","sticky":false,"template":"","format":"standard","meta":{"_acf_changed":false,"_yoast_wpseo_focuskw":"Leadership-Lernpunkte","_yoast_wpseo_metadesc":"Nun gilt es aus der Pandemie die richtigen Lehren zu ziehen. Unser Autor hat ein paar Leadership-Lernpunkte zusammengestellt.","articlekey":"","footnotes":""},"categories":[28],"tags":[115,132,177,320,335],"class_list":["post-6758","post","type-post","status-publish","format-standard","has-post-thumbnail","hentry","category-management","tag-checklisten","tag-coronavirus","tag-erfolgs-impuls","tag-leadership","tag-management-und-unternehmensfuehrung"],"acf":[],"yoast_head":"<!-- This site is optimized with the Yoast SEO plugin v27.4 - https:\/\/yoast.com\/product\/yoast-seo-wordpress\/ -->\n<title>Erfolgs-Impuls: Leadership-Lernpunkte von COVID-19 - Organisator<\/title>\n<meta name=\"description\" content=\"Nun gilt es aus der Pandemie die richtigen Lehren zu ziehen. Unser Autor hat ein paar Leadership-Lernpunkte zusammengestellt.\" \/>\n<meta name=\"robots\" content=\"index, follow, max-snippet:-1, max-image-preview:large, max-video-preview:-1\" \/>\n<link rel=\"canonical\" href=\"https:\/\/www.organisator.ch\/fr\/gestion-2\/2020-05-28\/erfolgs-impuls-leadership-lernpunkte-von-covid-19\/\" \/>\n<meta property=\"og:locale\" content=\"fr_FR\" \/>\n<meta property=\"og:type\" content=\"article\" \/>\n<meta property=\"og:title\" content=\"Erfolgs-Impuls: Leadership-Lernpunkte von COVID-19\" \/>\n<meta property=\"og:description\" content=\"Nun gilt es aus der Pandemie die richtigen Lehren zu ziehen. Unser Autor hat ein paar Leadership-Lernpunkte zusammengestellt.\" \/>\n<meta property=\"og:url\" content=\"https:\/\/www.organisator.ch\/fr\/gestion-2\/2020-05-28\/erfolgs-impuls-leadership-lernpunkte-von-covid-19\/\" \/>\n<meta property=\"og:site_name\" content=\"Organisator\" \/>\n<meta property=\"article:publisher\" content=\"https:\/\/www.facebook.com\/OrganisatorFachmagazin\" \/>\n<meta property=\"article:published_time\" content=\"2020-05-28T06:20:57+00:00\" \/>\n<meta property=\"og:image\" content=\"https:\/\/www.organisator.ch\/wp-content\/uploads\/2020\/05\/Erfolgs-Impuls-Leadership-Lernpunkte-von-COVID-19_Organisator.jpg\" \/>\n\t<meta property=\"og:image:width\" content=\"680\" \/>\n\t<meta property=\"og:image:height\" content=\"453\" \/>\n\t<meta property=\"og:image:type\" content=\"image\/jpeg\" \/>\n<meta name=\"author\" content=\"thomas.berner\" \/>\n<meta name=\"twitter:card\" content=\"summary_large_image\" \/>\n<meta name=\"twitter:title\" content=\"#Erfolgs-Impuls: #Leadership-Lernpunkte von #COVID-19\" \/>\n<meta name=\"twitter:description\" content=\"Nun gilt es aus der Pandemie die richtigen Lehren zu ziehen. Unser Autor hat ein paar #Leadership-Lernpunkte zusammengestellt.\" \/>\n<meta name=\"twitter:image\" content=\"https:\/\/www.organisator.ch\/wp-content\/uploads\/2020\/05\/Erfolgs-Impuls-Leadership-Lernpunkte-von-COVID-19_Organisator.jpg\" \/>\n<script type=\"application\/ld+json\" class=\"yoast-schema-graph\">{\"@context\":\"https:\\\/\\\/schema.org\",\"@graph\":[{\"@type\":\"Article\",\"@id\":\"https:\\\/\\\/www.organisator.ch\\\/management\\\/2020-05-28\\\/erfolgs-impuls-leadership-lernpunkte-von-covid-19\\\/#article\",\"isPartOf\":{\"@id\":\"https:\\\/\\\/www.organisator.ch\\\/management\\\/2020-05-28\\\/erfolgs-impuls-leadership-lernpunkte-von-covid-19\\\/\"},\"author\":{\"name\":\"thomas.berner\",\"@id\":\"https:\\\/\\\/www.organisator.ch\\\/#\\\/schema\\\/person\\\/6f650f90b2842cd4c0cc334b4e36f67e\"},\"headline\":\"Erfolgs-Impuls: Leadership-Lernpunkte von COVID-19\",\"datePublished\":\"2020-05-28T06:20:57+00:00\",\"mainEntityOfPage\":{\"@id\":\"https:\\\/\\\/www.organisator.ch\\\/management\\\/2020-05-28\\\/erfolgs-impuls-leadership-lernpunkte-von-covid-19\\\/\"},\"wordCount\":473,\"publisher\":{\"@id\":\"https:\\\/\\\/www.organisator.ch\\\/#organization\"},\"image\":{\"@id\":\"https:\\\/\\\/www.organisator.ch\\\/management\\\/2020-05-28\\\/erfolgs-impuls-leadership-lernpunkte-von-covid-19\\\/#primaryimage\"},\"thumbnailUrl\":\"https:\\\/\\\/www.organisator.ch\\\/wp-content\\\/uploads\\\/2020\\\/05\\\/Erfolgs-Impuls-Leadership-Lernpunkte-von-COVID-19_Organisator.jpg\",\"keywords\":[\"Checklisten\",\"Coronavirus\",\"Erfolgs-Impuls\",\"Leadership\",\"Management und Unternehmensf\u00fchrung\"],\"articleSection\":[\"MANAGEMENT\"],\"inLanguage\":\"fr-FR\"},{\"@type\":\"WebPage\",\"@id\":\"https:\\\/\\\/www.organisator.ch\\\/management\\\/2020-05-28\\\/erfolgs-impuls-leadership-lernpunkte-von-covid-19\\\/\",\"url\":\"https:\\\/\\\/www.organisator.ch\\\/management\\\/2020-05-28\\\/erfolgs-impuls-leadership-lernpunkte-von-covid-19\\\/\",\"name\":\"Erfolgs-Impuls: Leadership-Lernpunkte von COVID-19 - Organisator\",\"isPartOf\":{\"@id\":\"https:\\\/\\\/www.organisator.ch\\\/#website\"},\"primaryImageOfPage\":{\"@id\":\"https:\\\/\\\/www.organisator.ch\\\/management\\\/2020-05-28\\\/erfolgs-impuls-leadership-lernpunkte-von-covid-19\\\/#primaryimage\"},\"image\":{\"@id\":\"https:\\\/\\\/www.organisator.ch\\\/management\\\/2020-05-28\\\/erfolgs-impuls-leadership-lernpunkte-von-covid-19\\\/#primaryimage\"},\"thumbnailUrl\":\"https:\\\/\\\/www.organisator.ch\\\/wp-content\\\/uploads\\\/2020\\\/05\\\/Erfolgs-Impuls-Leadership-Lernpunkte-von-COVID-19_Organisator.jpg\",\"datePublished\":\"2020-05-28T06:20:57+00:00\",\"description\":\"Nun gilt es aus der Pandemie die richtigen Lehren zu ziehen. Unser Autor hat ein paar Leadership-Lernpunkte zusammengestellt.\",\"breadcrumb\":{\"@id\":\"https:\\\/\\\/www.organisator.ch\\\/management\\\/2020-05-28\\\/erfolgs-impuls-leadership-lernpunkte-von-covid-19\\\/#breadcrumb\"},\"inLanguage\":\"fr-FR\",\"potentialAction\":[{\"@type\":\"ReadAction\",\"target\":[\"https:\\\/\\\/www.organisator.ch\\\/management\\\/2020-05-28\\\/erfolgs-impuls-leadership-lernpunkte-von-covid-19\\\/\"]}]},{\"@type\":\"ImageObject\",\"inLanguage\":\"fr-FR\",\"@id\":\"https:\\\/\\\/www.organisator.ch\\\/management\\\/2020-05-28\\\/erfolgs-impuls-leadership-lernpunkte-von-covid-19\\\/#primaryimage\",\"url\":\"https:\\\/\\\/www.organisator.ch\\\/wp-content\\\/uploads\\\/2020\\\/05\\\/Erfolgs-Impuls-Leadership-Lernpunkte-von-COVID-19_Organisator.jpg\",\"contentUrl\":\"https:\\\/\\\/www.organisator.ch\\\/wp-content\\\/uploads\\\/2020\\\/05\\\/Erfolgs-Impuls-Leadership-Lernpunkte-von-COVID-19_Organisator.jpg\",\"width\":680,\"height\":453,\"caption\":\"Jetzt geht es um den Exit aus den Corona-Pandemie-Massnahmen. Welche Leadership-Lernpunkte bleiben? (Bild: Pixabay.com)\"},{\"@type\":\"BreadcrumbList\",\"@id\":\"https:\\\/\\\/www.organisator.ch\\\/management\\\/2020-05-28\\\/erfolgs-impuls-leadership-lernpunkte-von-covid-19\\\/#breadcrumb\",\"itemListElement\":[{\"@type\":\"ListItem\",\"position\":1,\"name\":\"Home\",\"item\":\"https:\\\/\\\/www.organisator.ch\\\/\"},{\"@type\":\"ListItem\",\"position\":2,\"name\":\"Erfolgs-Impuls: Leadership-Lernpunkte von COVID-19\"}]},{\"@type\":\"WebSite\",\"@id\":\"https:\\\/\\\/www.organisator.ch\\\/#website\",\"url\":\"https:\\\/\\\/www.organisator.ch\\\/\",\"name\":\"Organisator\",\"description\":\"Kompetent. Praxisnah. Der ORGANISATOR bereitet in 10 Ausgaben pro Jahr die wesentlichen Themen f\u00fcr F\u00fchrungskr\u00e4fte von KMU auf.\",\"publisher\":{\"@id\":\"https:\\\/\\\/www.organisator.ch\\\/#organization\"},\"potentialAction\":[{\"@type\":\"SearchAction\",\"target\":{\"@type\":\"EntryPoint\",\"urlTemplate\":\"https:\\\/\\\/www.organisator.ch\\\/?s={search_term_string}\"},\"query-input\":{\"@type\":\"PropertyValueSpecification\",\"valueRequired\":true,\"valueName\":\"search_term_string\"}}],\"inLanguage\":\"fr-FR\"},{\"@type\":\"Organization\",\"@id\":\"https:\\\/\\\/www.organisator.ch\\\/#organization\",\"name\":\"Organisator\",\"url\":\"https:\\\/\\\/www.organisator.ch\\\/\",\"logo\":{\"@type\":\"ImageObject\",\"inLanguage\":\"fr-FR\",\"@id\":\"https:\\\/\\\/www.organisator.ch\\\/#\\\/schema\\\/logo\\\/image\\\/\",\"url\":\"https:\\\/\\\/www.organisator.ch\\\/wp-content\\\/uploads\\\/2022\\\/01\\\/Logo_Organisator_Website.png\",\"contentUrl\":\"https:\\\/\\\/www.organisator.ch\\\/wp-content\\\/uploads\\\/2022\\\/01\\\/Logo_Organisator_Website.png\",\"width\":800,\"height\":77,\"caption\":\"Organisator\"},\"image\":{\"@id\":\"https:\\\/\\\/www.organisator.ch\\\/#\\\/schema\\\/logo\\\/image\\\/\"},\"sameAs\":[\"https:\\\/\\\/www.facebook.com\\\/OrganisatorFachmagazin\",\"https:\\\/\\\/www.linkedin.com\\\/showcase\\\/organisator-das-magazin-fr-kmu\",\"https:\\\/\\\/www.xing.com\\\/news\\\/pages\\\/organisator-ch-695\",\"https:\\\/\\\/www.youtube.com\\\/channel\\\/UCGP2Sq0iWaZwT3BdIAQFYpw\"]},{\"@type\":\"Person\",\"@id\":\"https:\\\/\\\/www.organisator.ch\\\/#\\\/schema\\\/person\\\/6f650f90b2842cd4c0cc334b4e36f67e\",\"name\":\"thomas.berner\",\"image\":{\"@type\":\"ImageObject\",\"inLanguage\":\"fr-FR\",\"@id\":\"https:\\\/\\\/secure.gravatar.com\\\/avatar\\\/ac5001d2a36cb6c6cd3e50789007ffca834b477b74a2144564522e944eabff61?s=96&d=mm&r=g\",\"url\":\"https:\\\/\\\/secure.gravatar.com\\\/avatar\\\/ac5001d2a36cb6c6cd3e50789007ffca834b477b74a2144564522e944eabff61?s=96&d=mm&r=g\",\"contentUrl\":\"https:\\\/\\\/secure.gravatar.com\\\/avatar\\\/ac5001d2a36cb6c6cd3e50789007ffca834b477b74a2144564522e944eabff61?s=96&d=mm&r=g\",\"caption\":\"thomas.berner\"},\"url\":\"https:\\\/\\\/www.organisator.ch\\\/fr\\\/author\\\/thomas-berner\\\/\"}]}<\/script>\n<!-- \/ Yoast SEO plugin. -->","yoast_head_json":{"title":"Impulsion du succ\u00e8s : points d'apprentissage du leadership de COVID-19 - Organisateur","description":"Il s'agit maintenant de tirer les bonnes le\u00e7ons de la pand\u00e9mie. Notre auteur a r\u00e9uni quelques points d'apprentissage du leadership.","robots":{"index":"index","follow":"follow","max-snippet":"max-snippet:-1","max-image-preview":"max-image-preview:large","max-video-preview":"max-video-preview:-1"},"canonical":"https:\/\/www.organisator.ch\/fr\/gestion-2\/2020-05-28\/erfolgs-impuls-leadership-lernpunkte-von-covid-19\/","og_locale":"fr_FR","og_type":"article","og_title":"Erfolgs-Impuls: Leadership-Lernpunkte von COVID-19","og_description":"Nun gilt es aus der Pandemie die richtigen Lehren zu ziehen. Unser Autor hat ein paar Leadership-Lernpunkte zusammengestellt.","og_url":"https:\/\/www.organisator.ch\/fr\/gestion-2\/2020-05-28\/erfolgs-impuls-leadership-lernpunkte-von-covid-19\/","og_site_name":"Organisator","article_publisher":"https:\/\/www.facebook.com\/OrganisatorFachmagazin","article_published_time":"2020-05-28T06:20:57+00:00","og_image":[{"width":680,"height":453,"url":"https:\/\/www.organisator.ch\/wp-content\/uploads\/2020\/05\/Erfolgs-Impuls-Leadership-Lernpunkte-von-COVID-19_Organisator.jpg","type":"image\/jpeg"}],"author":"thomas.berner","twitter_card":"summary_large_image","twitter_title":"#Erfolgs-Impuls: #Leadership-Lernpunkte von #COVID-19","twitter_description":"Nun gilt es aus der Pandemie die richtigen Lehren zu ziehen. Unser Autor hat ein paar #Leadership-Lernpunkte zusammengestellt.","twitter_image":"https:\/\/www.organisator.ch\/wp-content\/uploads\/2020\/05\/Erfolgs-Impuls-Leadership-Lernpunkte-von-COVID-19_Organisator.jpg","schema":{"@context":"https:\/\/schema.org","@graph":[{"@type":"Article","@id":"https:\/\/www.organisator.ch\/management\/2020-05-28\/erfolgs-impuls-leadership-lernpunkte-von-covid-19\/#article","isPartOf":{"@id":"https:\/\/www.organisator.ch\/management\/2020-05-28\/erfolgs-impuls-leadership-lernpunkte-von-covid-19\/"},"author":{"name":"thomas.berner","@id":"https:\/\/www.organisator.ch\/#\/schema\/person\/6f650f90b2842cd4c0cc334b4e36f67e"},"headline":"Erfolgs-Impuls: Leadership-Lernpunkte von COVID-19","datePublished":"2020-05-28T06:20:57+00:00","mainEntityOfPage":{"@id":"https:\/\/www.organisator.ch\/management\/2020-05-28\/erfolgs-impuls-leadership-lernpunkte-von-covid-19\/"},"wordCount":473,"publisher":{"@id":"https:\/\/www.organisator.ch\/#organization"},"image":{"@id":"https:\/\/www.organisator.ch\/management\/2020-05-28\/erfolgs-impuls-leadership-lernpunkte-von-covid-19\/#primaryimage"},"thumbnailUrl":"https:\/\/www.organisator.ch\/wp-content\/uploads\/2020\/05\/Erfolgs-Impuls-Leadership-Lernpunkte-von-COVID-19_Organisator.jpg","keywords":["Checklisten","Coronavirus","Erfolgs-Impuls","Leadership","Management und Unternehmensf\u00fchrung"],"articleSection":["MANAGEMENT"],"inLanguage":"fr-FR"},{"@type":"WebPage","@id":"https:\/\/www.organisator.ch\/management\/2020-05-28\/erfolgs-impuls-leadership-lernpunkte-von-covid-19\/","url":"https:\/\/www.organisator.ch\/management\/2020-05-28\/erfolgs-impuls-leadership-lernpunkte-von-covid-19\/","name":"Impulsion du succ\u00e8s : points d'apprentissage du leadership de COVID-19 - Organisateur","isPartOf":{"@id":"https:\/\/www.organisator.ch\/#website"},"primaryImageOfPage":{"@id":"https:\/\/www.organisator.ch\/management\/2020-05-28\/erfolgs-impuls-leadership-lernpunkte-von-covid-19\/#primaryimage"},"image":{"@id":"https:\/\/www.organisator.ch\/management\/2020-05-28\/erfolgs-impuls-leadership-lernpunkte-von-covid-19\/#primaryimage"},"thumbnailUrl":"https:\/\/www.organisator.ch\/wp-content\/uploads\/2020\/05\/Erfolgs-Impuls-Leadership-Lernpunkte-von-COVID-19_Organisator.jpg","datePublished":"2020-05-28T06:20:57+00:00","description":"Il s'agit maintenant de tirer les bonnes le\u00e7ons de la pand\u00e9mie. Notre auteur a r\u00e9uni quelques points d'apprentissage du leadership.","breadcrumb":{"@id":"https:\/\/www.organisator.ch\/management\/2020-05-28\/erfolgs-impuls-leadership-lernpunkte-von-covid-19\/#breadcrumb"},"inLanguage":"fr-FR","potentialAction":[{"@type":"ReadAction","target":["https:\/\/www.organisator.ch\/management\/2020-05-28\/erfolgs-impuls-leadership-lernpunkte-von-covid-19\/"]}]},{"@type":"ImageObject","inLanguage":"fr-FR","@id":"https:\/\/www.organisator.ch\/management\/2020-05-28\/erfolgs-impuls-leadership-lernpunkte-von-covid-19\/#primaryimage","url":"https:\/\/www.organisator.ch\/wp-content\/uploads\/2020\/05\/Erfolgs-Impuls-Leadership-Lernpunkte-von-COVID-19_Organisator.jpg","contentUrl":"https:\/\/www.organisator.ch\/wp-content\/uploads\/2020\/05\/Erfolgs-Impuls-Leadership-Lernpunkte-von-COVID-19_Organisator.jpg","width":680,"height":453,"caption":"Jetzt geht es um den Exit aus den Corona-Pandemie-Massnahmen. Welche Leadership-Lernpunkte bleiben? (Bild: Pixabay.com)"},{"@type":"BreadcrumbList","@id":"https:\/\/www.organisator.ch\/management\/2020-05-28\/erfolgs-impuls-leadership-lernpunkte-von-covid-19\/#breadcrumb","itemListElement":[{"@type":"ListItem","position":1,"name":"Home","item":"https:\/\/www.organisator.ch\/"},{"@type":"ListItem","position":2,"name":"Erfolgs-Impuls: Leadership-Lernpunkte von COVID-19"}]},{"@type":"WebSite","@id":"https:\/\/www.organisator.ch\/#website","url":"https:\/\/www.organisator.ch\/","name":"Organisateur","description":"Comp\u00e9tence et comp\u00e9tence. Proches de la pratique. L'ORGANISATEUR pr\u00e9pare 10 num\u00e9ros par an sur les th\u00e8mes essentiels pour les dirigeants de PME.","publisher":{"@id":"https:\/\/www.organisator.ch\/#organization"},"potentialAction":[{"@type":"SearchAction","target":{"@type":"EntryPoint","urlTemplate":"https:\/\/www.organisator.ch\/?s={search_term_string}"},"query-input":{"@type":"PropertyValueSpecification","valueRequired":true,"valueName":"search_term_string"}}],"inLanguage":"fr-FR"},{"@type":"Organization","@id":"https:\/\/www.organisator.ch\/#organization","name":"Organisateur","url":"https:\/\/www.organisator.ch\/","logo":{"@type":"ImageObject","inLanguage":"fr-FR","@id":"https:\/\/www.organisator.ch\/#\/schema\/logo\/image\/","url":"https:\/\/www.organisator.ch\/wp-content\/uploads\/2022\/01\/Logo_Organisator_Website.png","contentUrl":"https:\/\/www.organisator.ch\/wp-content\/uploads\/2022\/01\/Logo_Organisator_Website.png","width":800,"height":77,"caption":"Organisator"},"image":{"@id":"https:\/\/www.organisator.ch\/#\/schema\/logo\/image\/"},"sameAs":["https:\/\/www.facebook.com\/OrganisatorFachmagazin","https:\/\/www.linkedin.com\/showcase\/organisator-das-magazin-fr-kmu","https:\/\/www.xing.com\/news\/pages\/organisator-ch-695","https:\/\/www.youtube.com\/channel\/UCGP2Sq0iWaZwT3BdIAQFYpw"]},{"@type":"Person","@id":"https:\/\/www.organisator.ch\/#\/schema\/person\/6f650f90b2842cd4c0cc334b4e36f67e","name":"thomas.berner","image":{"@type":"ImageObject","inLanguage":"fr-FR","@id":"https:\/\/secure.gravatar.com\/avatar\/ac5001d2a36cb6c6cd3e50789007ffca834b477b74a2144564522e944eabff61?s=96&d=mm&r=g","url":"https:\/\/secure.gravatar.com\/avatar\/ac5001d2a36cb6c6cd3e50789007ffca834b477b74a2144564522e944eabff61?s=96&d=mm&r=g","contentUrl":"https:\/\/secure.gravatar.com\/avatar\/ac5001d2a36cb6c6cd3e50789007ffca834b477b74a2144564522e944eabff61?s=96&d=mm&r=g","caption":"thomas.berner"},"url":"https:\/\/www.organisator.ch\/fr\/author\/thomas-berner\/"}]}},"_links":{"self":[{"href":"https:\/\/www.organisator.ch\/fr\/wp-json\/wp\/v2\/posts\/6758","targetHints":{"allow":["GET"]}}],"collection":[{"href":"https:\/\/www.organisator.ch\/fr\/wp-json\/wp\/v2\/posts"}],"about":[{"href":"https:\/\/www.organisator.ch\/fr\/wp-json\/wp\/v2\/types\/post"}],"author":[{"embeddable":true,"href":"https:\/\/www.organisator.ch\/fr\/wp-json\/wp\/v2\/users\/4"}],"replies":[{"embeddable":true,"href":"https:\/\/www.organisator.ch\/fr\/wp-json\/wp\/v2\/comments?post=6758"}],"version-history":[{"count":0,"href":"https:\/\/www.organisator.ch\/fr\/wp-json\/wp\/v2\/posts\/6758\/revisions"}],"wp:featuredmedia":[{"embeddable":true,"href":"https:\/\/www.organisator.ch\/fr\/wp-json\/wp\/v2\/media\/6760"}],"wp:attachment":[{"href":"https:\/\/www.organisator.ch\/fr\/wp-json\/wp\/v2\/media?parent=6758"}],"wp:term":[{"taxonomy":"category","embeddable":true,"href":"https:\/\/www.organisator.ch\/fr\/wp-json\/wp\/v2\/categories?post=6758"},{"taxonomy":"post_tag","embeddable":true,"href":"https:\/\/www.organisator.ch\/fr\/wp-json\/wp\/v2\/tags?post=6758"}],"curies":[{"name":"wp","href":"https:\/\/api.w.org\/{rel}","templated":true}]}}