{"id":6789,"date":"2020-06-09T08:21:42","date_gmt":"2020-06-09T06:21:42","guid":{"rendered":"https:\/\/www.organisator.ch\/?p=6789"},"modified":"2020-06-09T08:21:42","modified_gmt":"2020-06-09T06:21:42","slug":"messen-kongresse-vertrieb-nichts-ist-mehr-so-wie-frueher","status":"publish","type":"post","link":"https:\/\/www.organisator.ch\/fr\/marketing\/2020-06-09\/messen-kongresse-vertrieb-nichts-ist-mehr-so-wie-frueher\/","title":{"rendered":"Foires, congr\u00e8s, distribution : rien n'est plus comme avant"},"content":{"rendered":"<figure id=\"attachment_6790\" aria-describedby=\"caption-attachment-6790\" style=\"width: 680px\" class=\"wp-caption alignnone\"><img loading=\"lazy\" decoding=\"async\" class=\"size-medium wp-image-6790\" src=\"https:\/\/www.organisator.ch\/wp-content\/uploads\/2020\/06\/Messen-Kongresse-Vertrieb-Nichts-ist-mehr-so-wie-frueher_Organisator.jpg\" alt=\"\" width=\"680\" height=\"389\" srcset=\"https:\/\/www.organisator.ch\/wp-content\/uploads\/2020\/06\/Messen-Kongresse-Vertrieb-Nichts-ist-mehr-so-wie-frueher_Organisator.jpg 680w, https:\/\/www.organisator.ch\/wp-content\/uploads\/2020\/06\/Messen-Kongresse-Vertrieb-Nichts-ist-mehr-so-wie-frueher_Organisator-16x9.jpg 16w, https:\/\/www.organisator.ch\/wp-content\/uploads\/2020\/06\/Messen-Kongresse-Vertrieb-Nichts-ist-mehr-so-wie-frueher_Organisator-306x175.jpg 306w, https:\/\/www.organisator.ch\/wp-content\/uploads\/2020\/06\/Messen-Kongresse-Vertrieb-Nichts-ist-mehr-so-wie-frueher_Organisator-612x350.jpg 612w, https:\/\/www.organisator.ch\/wp-content\/uploads\/2020\/06\/Messen-Kongresse-Vertrieb-Nichts-ist-mehr-so-wie-frueher_Organisator-300x172.jpg 300w\" sizes=\"auto, (max-width: 680px) 100vw, 680px\" \/><figcaption id=\"caption-attachment-6790\" class=\"wp-caption-text\">Le lockdown de l'\u00e9conomie a des cons\u00e9quences : Salons, \u00e9v\u00e9nements, activit\u00e9s pour la vente - rien ne sera plus comme avant. (Graphique : Contact-Center-Network)<\/figcaption><\/figure>\n<p>\"Le lockdown et le home office ont entra\u00een\u00e9 un changement durable et permanent de notre quotidien professionnel\", d\u00e9clare Markus Grutzeck, pr\u00e9sident de Contact Center Network e.V. (CCN) lors de la pr\u00e9sentation des r\u00e9sultats d'une \u00e9tude men\u00e9e en mai 2020 aupr\u00e8s des cadres allemands. Le r\u00e9sultat le plus important : les d\u00e9placements professionnels sont nettement r\u00e9duits, m\u00eame \u00e0 long terme. Cela a des cons\u00e9quences aussi bien pour les rendez-vous commerciaux que pour les salons et les congr\u00e8s.<\/p>\n<h2><strong>En personne ou en ligne - comment vous y prenez-vous apr\u00e8s Corona ?<\/strong><\/h2>\n<p>Pr\u00e8s de 70 pour cent des cadres d'entreprises allemandes interrog\u00e9s veulent r\u00e9duire leurs propres d\u00e9placements, seuls 32 pour cent veulent utiliser les transports en commun \u00e0 l'avenir. En revanche, avec 52 pour cent des citations, la voiture personnelle est nettement plus appr\u00e9ci\u00e9e. Le r\u00e9sultat est \u00e9galement clair en ce qui concerne les manifestations : 67 % des personnes interrog\u00e9es pr\u00e9voient de participer \u00e0 des \u00e9v\u00e9nements en ligne, des webinaires ou des salons virtuels. Seul un tiers des personnes interrog\u00e9es pr\u00e9voit de participer \u00e0 des manifestations en pr\u00e9sentiel organis\u00e9es par des associations ou des salons professionnels. C'est l'une des raisons pour lesquelles le CCN a r\u00e9cemment annonc\u00e9 son intention de d\u00e9velopper son propre format d'\u00e9v\u00e9nement num\u00e9rique, qui a de l'avenir.<\/p>\n<h2>Pessimisme pour la distribution<\/h2>\n<p>L'\u00e9valuation des rendez-vous commerciaux est \u00e9galement tr\u00e8s claire : Seuls 14 % des personnes interrog\u00e9es estiment que leur propre service ext\u00e9rieur reviendra \u00e0 une activit\u00e9 de d\u00e9placement normale apr\u00e8s la crise de Corona. Une entreprise sur dix d\u00e9clare vouloir renoncer compl\u00e8tement aux d\u00e9placements commerciaux \u00e0 l'avenir, la moiti\u00e9 des personnes interrog\u00e9es va au moins r\u00e9duire ses d\u00e9placements.<\/p>\n<p>Les r\u00e9sultats sont similaires pour les r\u00e9unions et les conf\u00e9rences internes. 57 % des personnes interrog\u00e9es visent \u00e0 r\u00e9duire les rendez-vous pr\u00e9sentiels. Toutefois, les \u00e9changes personnels sont importants. Seuls 10 pour cent des personnes interrog\u00e9es envisagent d'organiser \u00e0 l'avenir des r\u00e9unions exclusivement en ligne. L'avenir verra probablement l'\u00e9mergence d'une culture de r\u00e9union hybride - avec un m\u00e9lange de r\u00e9unions en ligne et en pr\u00e9sentiel.<\/p>\n<h2>Pouss\u00e9e involontaire de la num\u00e9risation<\/h2>\n<p>\"Les entreprises, la direction ainsi que les collaborateurs ont fait l'exp\u00e9rience que la communication num\u00e9rique fonctionne. Pour certains, il s'agissait d'une pouss\u00e9e involontaire de la num\u00e9risation. Mais il est clair que le num\u00e9rique s'est impos\u00e9 et qu'il sera \u00e0 l'avenir un pilier tout \u00e0 fait essentiel pour les r\u00e9seaux et l'\u00e9change d'informations, pour la collaboration et le travail en \u00e9quipe\", r\u00e9sume Grutzeck.<\/p>\n<p><em>Source et informations compl\u00e9mentaires : <a href=\"https:\/\/contact-center-portal.de\/persoenlich-oder-online-wie-halten-sie-es-nach-corona\/\">R\u00e9seau de centres de contact<\/a><\/em><\/p>","protected":false},"excerpt":{"rendered":"<p>\u201eLockdown und Homeoffice haben dazu gef\u00fchrt, dass sich unser gesch\u00e4ftlicher Alltag nachhaltig und dauerhaft ver\u00e4ndert\u201c, sagt Markus Grutzeck, Vorsitzender des Contact Center Network e.V. (CCN) bei der Pr\u00e4sentation der Ergebnisse einer im Mai 2020 durchgef\u00fchrten Studie unter deutschen F\u00fchrungskr\u00e4ften. Das wichtigste Ergebnis: Die gesch\u00e4ftliche Reiset\u00e4tigkeit wird auch langfristig deutlich reduziert. Das hat Folgen f\u00fcr vertriebliche [&hellip;]<\/p>\n","protected":false},"author":4,"featured_media":6790,"comment_status":"closed","ping_status":"closed","sticky":false,"template":"","format":"standard","meta":{"_acf_changed":false,"_yoast_wpseo_focuskw":"Vertrieb","_yoast_wpseo_metadesc":"Eine Studie des Contact Center Network erfasst wichtige Folgen der Corona-Pandemie f\u00fcr den Vertrieb: Bleibt alles wie zuvor oder wird alles anders?","articlekey":"","footnotes":""},"categories":[29],"tags":[132,347,459,512],"class_list":["post-6789","post","type-post","status-publish","format-standard","has-post-thumbnail","hentry","category-marketing","tag-coronavirus","tag-messen","tag-studie","tag-vertrieb"],"acf":[],"yoast_head":"<!-- This site is optimized with the Yoast SEO plugin v27.4 - https:\/\/yoast.com\/product\/yoast-seo-wordpress\/ -->\n<title>Messen, Kongresse, Vertrieb: Nichts ist mehr so wie fr\u00fcher - Organisator<\/title>\n<meta name=\"description\" content=\"Eine Studie des Contact Center Network erfasst wichtige Folgen der Corona-Pandemie f\u00fcr den Vertrieb: Bleibt alles wie zuvor oder wird alles anders?\" \/>\n<meta name=\"robots\" content=\"index, follow, max-snippet:-1, max-image-preview:large, max-video-preview:-1\" \/>\n<link rel=\"canonical\" href=\"https:\/\/www.organisator.ch\/fr\/marketing\/2020-06-09\/messen-kongresse-vertrieb-nichts-ist-mehr-so-wie-frueher\/\" \/>\n<meta property=\"og:locale\" content=\"fr_FR\" \/>\n<meta property=\"og:type\" content=\"article\" \/>\n<meta property=\"og:title\" content=\"Messen, Kongresse, Vertrieb: Nichts ist mehr so wie fr\u00fcher\" \/>\n<meta property=\"og:description\" content=\"Eine Studie des Contact Center Network erfasst wichtige Folgen der Corona-Pandemie f\u00fcr den Vertrieb: Bleibt alles wie zuvor oder wird alles anders?\" \/>\n<meta property=\"og:url\" content=\"https:\/\/www.organisator.ch\/fr\/marketing\/2020-06-09\/messen-kongresse-vertrieb-nichts-ist-mehr-so-wie-frueher\/\" \/>\n<meta property=\"og:site_name\" content=\"Organisator\" \/>\n<meta property=\"article:publisher\" content=\"https:\/\/www.facebook.com\/OrganisatorFachmagazin\" \/>\n<meta property=\"article:published_time\" content=\"2020-06-09T06:21:42+00:00\" \/>\n<meta property=\"og:image\" content=\"https:\/\/www.organisator.ch\/wp-content\/uploads\/2020\/06\/Messen-Kongresse-Vertrieb-Nichts-ist-mehr-so-wie-frueher_Organisator.jpg\" \/>\n\t<meta property=\"og:image:width\" content=\"680\" \/>\n\t<meta property=\"og:image:height\" content=\"389\" \/>\n\t<meta property=\"og:image:type\" content=\"image\/jpeg\" \/>\n<meta name=\"author\" content=\"thomas.berner\" \/>\n<meta name=\"twitter:card\" content=\"summary_large_image\" \/>\n<meta name=\"twitter:title\" content=\"#Messen, #Kongresse, #Vertrieb: Nichts ist mehr so wie fr\u00fcher\" \/>\n<meta name=\"twitter:description\" content=\"Eine Studie des Contact Center Network erfasst wichtige Folgen der #Corona-Pandemie f\u00fcr den Vertrieb: Bleibt alles wie zuvor oder wird alles anders?\" \/>\n<meta name=\"twitter:image\" content=\"https:\/\/www.organisator.ch\/wp-content\/uploads\/2020\/06\/Messen-Kongresse-Vertrieb-Nichts-ist-mehr-so-wie-frueher_Organisator.jpg\" \/>\n<script type=\"application\/ld+json\" class=\"yoast-schema-graph\">{\"@context\":\"https:\\\/\\\/schema.org\",\"@graph\":[{\"@type\":\"Article\",\"@id\":\"https:\\\/\\\/www.organisator.ch\\\/marketing\\\/2020-06-09\\\/messen-kongresse-vertrieb-nichts-ist-mehr-so-wie-frueher\\\/#article\",\"isPartOf\":{\"@id\":\"https:\\\/\\\/www.organisator.ch\\\/marketing\\\/2020-06-09\\\/messen-kongresse-vertrieb-nichts-ist-mehr-so-wie-frueher\\\/\"},\"author\":{\"name\":\"thomas.berner\",\"@id\":\"https:\\\/\\\/www.organisator.ch\\\/#\\\/schema\\\/person\\\/6f650f90b2842cd4c0cc334b4e36f67e\"},\"headline\":\"Messen, Kongresse, Vertrieb: Nichts ist mehr so wie fr\u00fcher\",\"datePublished\":\"2020-06-09T06:21:42+00:00\",\"mainEntityOfPage\":{\"@id\":\"https:\\\/\\\/www.organisator.ch\\\/marketing\\\/2020-06-09\\\/messen-kongresse-vertrieb-nichts-ist-mehr-so-wie-frueher\\\/\"},\"wordCount\":401,\"publisher\":{\"@id\":\"https:\\\/\\\/www.organisator.ch\\\/#organization\"},\"image\":{\"@id\":\"https:\\\/\\\/www.organisator.ch\\\/marketing\\\/2020-06-09\\\/messen-kongresse-vertrieb-nichts-ist-mehr-so-wie-frueher\\\/#primaryimage\"},\"thumbnailUrl\":\"https:\\\/\\\/www.organisator.ch\\\/wp-content\\\/uploads\\\/2020\\\/06\\\/Messen-Kongresse-Vertrieb-Nichts-ist-mehr-so-wie-frueher_Organisator.jpg\",\"keywords\":[\"Coronavirus\",\"Messen\",\"Studie\",\"Vertrieb\"],\"articleSection\":[\"MARKETING\"],\"inLanguage\":\"fr-FR\"},{\"@type\":\"WebPage\",\"@id\":\"https:\\\/\\\/www.organisator.ch\\\/marketing\\\/2020-06-09\\\/messen-kongresse-vertrieb-nichts-ist-mehr-so-wie-frueher\\\/\",\"url\":\"https:\\\/\\\/www.organisator.ch\\\/marketing\\\/2020-06-09\\\/messen-kongresse-vertrieb-nichts-ist-mehr-so-wie-frueher\\\/\",\"name\":\"Messen, Kongresse, Vertrieb: Nichts ist mehr so wie fr\u00fcher - Organisator\",\"isPartOf\":{\"@id\":\"https:\\\/\\\/www.organisator.ch\\\/#website\"},\"primaryImageOfPage\":{\"@id\":\"https:\\\/\\\/www.organisator.ch\\\/marketing\\\/2020-06-09\\\/messen-kongresse-vertrieb-nichts-ist-mehr-so-wie-frueher\\\/#primaryimage\"},\"image\":{\"@id\":\"https:\\\/\\\/www.organisator.ch\\\/marketing\\\/2020-06-09\\\/messen-kongresse-vertrieb-nichts-ist-mehr-so-wie-frueher\\\/#primaryimage\"},\"thumbnailUrl\":\"https:\\\/\\\/www.organisator.ch\\\/wp-content\\\/uploads\\\/2020\\\/06\\\/Messen-Kongresse-Vertrieb-Nichts-ist-mehr-so-wie-frueher_Organisator.jpg\",\"datePublished\":\"2020-06-09T06:21:42+00:00\",\"description\":\"Eine Studie des Contact Center Network erfasst wichtige Folgen der Corona-Pandemie f\u00fcr den Vertrieb: Bleibt alles wie zuvor oder wird alles anders?\",\"breadcrumb\":{\"@id\":\"https:\\\/\\\/www.organisator.ch\\\/marketing\\\/2020-06-09\\\/messen-kongresse-vertrieb-nichts-ist-mehr-so-wie-frueher\\\/#breadcrumb\"},\"inLanguage\":\"fr-FR\",\"potentialAction\":[{\"@type\":\"ReadAction\",\"target\":[\"https:\\\/\\\/www.organisator.ch\\\/marketing\\\/2020-06-09\\\/messen-kongresse-vertrieb-nichts-ist-mehr-so-wie-frueher\\\/\"]}]},{\"@type\":\"ImageObject\",\"inLanguage\":\"fr-FR\",\"@id\":\"https:\\\/\\\/www.organisator.ch\\\/marketing\\\/2020-06-09\\\/messen-kongresse-vertrieb-nichts-ist-mehr-so-wie-frueher\\\/#primaryimage\",\"url\":\"https:\\\/\\\/www.organisator.ch\\\/wp-content\\\/uploads\\\/2020\\\/06\\\/Messen-Kongresse-Vertrieb-Nichts-ist-mehr-so-wie-frueher_Organisator.jpg\",\"contentUrl\":\"https:\\\/\\\/www.organisator.ch\\\/wp-content\\\/uploads\\\/2020\\\/06\\\/Messen-Kongresse-Vertrieb-Nichts-ist-mehr-so-wie-frueher_Organisator.jpg\",\"width\":680,\"height\":389,\"caption\":\"Der Lockdown der Wirtschaft zeigt Folgen: Messen, Veranstaltungen, Aktivit\u00e4ten f\u00fcr den Vertrieb - nichts wird mehr so sein wie zuvor. (Grafik: Contact-Center-Network)\"},{\"@type\":\"BreadcrumbList\",\"@id\":\"https:\\\/\\\/www.organisator.ch\\\/marketing\\\/2020-06-09\\\/messen-kongresse-vertrieb-nichts-ist-mehr-so-wie-frueher\\\/#breadcrumb\",\"itemListElement\":[{\"@type\":\"ListItem\",\"position\":1,\"name\":\"Home\",\"item\":\"https:\\\/\\\/www.organisator.ch\\\/\"},{\"@type\":\"ListItem\",\"position\":2,\"name\":\"Messen, Kongresse, Vertrieb: Nichts ist mehr so wie fr\u00fcher\"}]},{\"@type\":\"WebSite\",\"@id\":\"https:\\\/\\\/www.organisator.ch\\\/#website\",\"url\":\"https:\\\/\\\/www.organisator.ch\\\/\",\"name\":\"Organisator\",\"description\":\"Kompetent. Praxisnah. Der ORGANISATOR bereitet in 10 Ausgaben pro Jahr die wesentlichen Themen f\u00fcr F\u00fchrungskr\u00e4fte von KMU auf.\",\"publisher\":{\"@id\":\"https:\\\/\\\/www.organisator.ch\\\/#organization\"},\"potentialAction\":[{\"@type\":\"SearchAction\",\"target\":{\"@type\":\"EntryPoint\",\"urlTemplate\":\"https:\\\/\\\/www.organisator.ch\\\/?s={search_term_string}\"},\"query-input\":{\"@type\":\"PropertyValueSpecification\",\"valueRequired\":true,\"valueName\":\"search_term_string\"}}],\"inLanguage\":\"fr-FR\"},{\"@type\":\"Organization\",\"@id\":\"https:\\\/\\\/www.organisator.ch\\\/#organization\",\"name\":\"Organisator\",\"url\":\"https:\\\/\\\/www.organisator.ch\\\/\",\"logo\":{\"@type\":\"ImageObject\",\"inLanguage\":\"fr-FR\",\"@id\":\"https:\\\/\\\/www.organisator.ch\\\/#\\\/schema\\\/logo\\\/image\\\/\",\"url\":\"https:\\\/\\\/www.organisator.ch\\\/wp-content\\\/uploads\\\/2022\\\/01\\\/Logo_Organisator_Website.png\",\"contentUrl\":\"https:\\\/\\\/www.organisator.ch\\\/wp-content\\\/uploads\\\/2022\\\/01\\\/Logo_Organisator_Website.png\",\"width\":800,\"height\":77,\"caption\":\"Organisator\"},\"image\":{\"@id\":\"https:\\\/\\\/www.organisator.ch\\\/#\\\/schema\\\/logo\\\/image\\\/\"},\"sameAs\":[\"https:\\\/\\\/www.facebook.com\\\/OrganisatorFachmagazin\",\"https:\\\/\\\/www.linkedin.com\\\/showcase\\\/organisator-das-magazin-fr-kmu\",\"https:\\\/\\\/www.xing.com\\\/news\\\/pages\\\/organisator-ch-695\",\"https:\\\/\\\/www.youtube.com\\\/channel\\\/UCGP2Sq0iWaZwT3BdIAQFYpw\"]},{\"@type\":\"Person\",\"@id\":\"https:\\\/\\\/www.organisator.ch\\\/#\\\/schema\\\/person\\\/6f650f90b2842cd4c0cc334b4e36f67e\",\"name\":\"thomas.berner\",\"image\":{\"@type\":\"ImageObject\",\"inLanguage\":\"fr-FR\",\"@id\":\"https:\\\/\\\/secure.gravatar.com\\\/avatar\\\/ac5001d2a36cb6c6cd3e50789007ffca834b477b74a2144564522e944eabff61?s=96&d=mm&r=g\",\"url\":\"https:\\\/\\\/secure.gravatar.com\\\/avatar\\\/ac5001d2a36cb6c6cd3e50789007ffca834b477b74a2144564522e944eabff61?s=96&d=mm&r=g\",\"contentUrl\":\"https:\\\/\\\/secure.gravatar.com\\\/avatar\\\/ac5001d2a36cb6c6cd3e50789007ffca834b477b74a2144564522e944eabff61?s=96&d=mm&r=g\",\"caption\":\"thomas.berner\"},\"url\":\"https:\\\/\\\/www.organisator.ch\\\/fr\\\/author\\\/thomas-berner\\\/\"}]}<\/script>\n<!-- \/ Yoast SEO plugin. -->","yoast_head_json":{"title":"Foires, congr\u00e8s, distribution : rien n'est plus comme avant - Organisateur","description":"Une \u00e9tude du Contact Center Network recense les cons\u00e9quences importantes de la pand\u00e9mie de Corona pour la distribution : tout reste-t-il comme avant ou tout change-t-il ?","robots":{"index":"index","follow":"follow","max-snippet":"max-snippet:-1","max-image-preview":"max-image-preview:large","max-video-preview":"max-video-preview:-1"},"canonical":"https:\/\/www.organisator.ch\/fr\/marketing\/2020-06-09\/messen-kongresse-vertrieb-nichts-ist-mehr-so-wie-frueher\/","og_locale":"fr_FR","og_type":"article","og_title":"Messen, Kongresse, Vertrieb: Nichts ist mehr so wie fr\u00fcher","og_description":"Eine Studie des Contact Center Network erfasst wichtige Folgen der Corona-Pandemie f\u00fcr den Vertrieb: Bleibt alles wie zuvor oder wird alles anders?","og_url":"https:\/\/www.organisator.ch\/fr\/marketing\/2020-06-09\/messen-kongresse-vertrieb-nichts-ist-mehr-so-wie-frueher\/","og_site_name":"Organisator","article_publisher":"https:\/\/www.facebook.com\/OrganisatorFachmagazin","article_published_time":"2020-06-09T06:21:42+00:00","og_image":[{"width":680,"height":389,"url":"https:\/\/www.organisator.ch\/wp-content\/uploads\/2020\/06\/Messen-Kongresse-Vertrieb-Nichts-ist-mehr-so-wie-frueher_Organisator.jpg","type":"image\/jpeg"}],"author":"thomas.berner","twitter_card":"summary_large_image","twitter_title":"#Messen, #Kongresse, #Vertrieb: Nichts ist mehr so wie fr\u00fcher","twitter_description":"Eine Studie des Contact Center Network erfasst wichtige Folgen der #Corona-Pandemie f\u00fcr den Vertrieb: Bleibt alles wie zuvor oder wird alles anders?","twitter_image":"https:\/\/www.organisator.ch\/wp-content\/uploads\/2020\/06\/Messen-Kongresse-Vertrieb-Nichts-ist-mehr-so-wie-frueher_Organisator.jpg","schema":{"@context":"https:\/\/schema.org","@graph":[{"@type":"Article","@id":"https:\/\/www.organisator.ch\/marketing\/2020-06-09\/messen-kongresse-vertrieb-nichts-ist-mehr-so-wie-frueher\/#article","isPartOf":{"@id":"https:\/\/www.organisator.ch\/marketing\/2020-06-09\/messen-kongresse-vertrieb-nichts-ist-mehr-so-wie-frueher\/"},"author":{"name":"thomas.berner","@id":"https:\/\/www.organisator.ch\/#\/schema\/person\/6f650f90b2842cd4c0cc334b4e36f67e"},"headline":"Messen, Kongresse, Vertrieb: Nichts ist mehr so wie fr\u00fcher","datePublished":"2020-06-09T06:21:42+00:00","mainEntityOfPage":{"@id":"https:\/\/www.organisator.ch\/marketing\/2020-06-09\/messen-kongresse-vertrieb-nichts-ist-mehr-so-wie-frueher\/"},"wordCount":401,"publisher":{"@id":"https:\/\/www.organisator.ch\/#organization"},"image":{"@id":"https:\/\/www.organisator.ch\/marketing\/2020-06-09\/messen-kongresse-vertrieb-nichts-ist-mehr-so-wie-frueher\/#primaryimage"},"thumbnailUrl":"https:\/\/www.organisator.ch\/wp-content\/uploads\/2020\/06\/Messen-Kongresse-Vertrieb-Nichts-ist-mehr-so-wie-frueher_Organisator.jpg","keywords":["Coronavirus","Messen","Studie","Vertrieb"],"articleSection":["MARKETING"],"inLanguage":"fr-FR"},{"@type":"WebPage","@id":"https:\/\/www.organisator.ch\/marketing\/2020-06-09\/messen-kongresse-vertrieb-nichts-ist-mehr-so-wie-frueher\/","url":"https:\/\/www.organisator.ch\/marketing\/2020-06-09\/messen-kongresse-vertrieb-nichts-ist-mehr-so-wie-frueher\/","name":"Foires, congr\u00e8s, distribution : rien n'est plus comme avant - Organisateur","isPartOf":{"@id":"https:\/\/www.organisator.ch\/#website"},"primaryImageOfPage":{"@id":"https:\/\/www.organisator.ch\/marketing\/2020-06-09\/messen-kongresse-vertrieb-nichts-ist-mehr-so-wie-frueher\/#primaryimage"},"image":{"@id":"https:\/\/www.organisator.ch\/marketing\/2020-06-09\/messen-kongresse-vertrieb-nichts-ist-mehr-so-wie-frueher\/#primaryimage"},"thumbnailUrl":"https:\/\/www.organisator.ch\/wp-content\/uploads\/2020\/06\/Messen-Kongresse-Vertrieb-Nichts-ist-mehr-so-wie-frueher_Organisator.jpg","datePublished":"2020-06-09T06:21:42+00:00","description":"Une \u00e9tude du Contact Center Network recense les cons\u00e9quences importantes de la pand\u00e9mie de Corona pour la distribution : tout reste-t-il comme avant ou tout change-t-il ?","breadcrumb":{"@id":"https:\/\/www.organisator.ch\/marketing\/2020-06-09\/messen-kongresse-vertrieb-nichts-ist-mehr-so-wie-frueher\/#breadcrumb"},"inLanguage":"fr-FR","potentialAction":[{"@type":"ReadAction","target":["https:\/\/www.organisator.ch\/marketing\/2020-06-09\/messen-kongresse-vertrieb-nichts-ist-mehr-so-wie-frueher\/"]}]},{"@type":"ImageObject","inLanguage":"fr-FR","@id":"https:\/\/www.organisator.ch\/marketing\/2020-06-09\/messen-kongresse-vertrieb-nichts-ist-mehr-so-wie-frueher\/#primaryimage","url":"https:\/\/www.organisator.ch\/wp-content\/uploads\/2020\/06\/Messen-Kongresse-Vertrieb-Nichts-ist-mehr-so-wie-frueher_Organisator.jpg","contentUrl":"https:\/\/www.organisator.ch\/wp-content\/uploads\/2020\/06\/Messen-Kongresse-Vertrieb-Nichts-ist-mehr-so-wie-frueher_Organisator.jpg","width":680,"height":389,"caption":"Der Lockdown der Wirtschaft zeigt Folgen: Messen, Veranstaltungen, Aktivit\u00e4ten f\u00fcr den Vertrieb - nichts wird mehr so sein wie zuvor. (Grafik: Contact-Center-Network)"},{"@type":"BreadcrumbList","@id":"https:\/\/www.organisator.ch\/marketing\/2020-06-09\/messen-kongresse-vertrieb-nichts-ist-mehr-so-wie-frueher\/#breadcrumb","itemListElement":[{"@type":"ListItem","position":1,"name":"Home","item":"https:\/\/www.organisator.ch\/"},{"@type":"ListItem","position":2,"name":"Messen, Kongresse, Vertrieb: Nichts ist mehr so wie fr\u00fcher"}]},{"@type":"WebSite","@id":"https:\/\/www.organisator.ch\/#website","url":"https:\/\/www.organisator.ch\/","name":"Organisateur","description":"Comp\u00e9tence et comp\u00e9tence. Proches de la pratique. L'ORGANISATEUR pr\u00e9pare 10 num\u00e9ros par an sur les th\u00e8mes essentiels pour les dirigeants de PME.","publisher":{"@id":"https:\/\/www.organisator.ch\/#organization"},"potentialAction":[{"@type":"SearchAction","target":{"@type":"EntryPoint","urlTemplate":"https:\/\/www.organisator.ch\/?s={search_term_string}"},"query-input":{"@type":"PropertyValueSpecification","valueRequired":true,"valueName":"search_term_string"}}],"inLanguage":"fr-FR"},{"@type":"Organization","@id":"https:\/\/www.organisator.ch\/#organization","name":"Organisateur","url":"https:\/\/www.organisator.ch\/","logo":{"@type":"ImageObject","inLanguage":"fr-FR","@id":"https:\/\/www.organisator.ch\/#\/schema\/logo\/image\/","url":"https:\/\/www.organisator.ch\/wp-content\/uploads\/2022\/01\/Logo_Organisator_Website.png","contentUrl":"https:\/\/www.organisator.ch\/wp-content\/uploads\/2022\/01\/Logo_Organisator_Website.png","width":800,"height":77,"caption":"Organisator"},"image":{"@id":"https:\/\/www.organisator.ch\/#\/schema\/logo\/image\/"},"sameAs":["https:\/\/www.facebook.com\/OrganisatorFachmagazin","https:\/\/www.linkedin.com\/showcase\/organisator-das-magazin-fr-kmu","https:\/\/www.xing.com\/news\/pages\/organisator-ch-695","https:\/\/www.youtube.com\/channel\/UCGP2Sq0iWaZwT3BdIAQFYpw"]},{"@type":"Person","@id":"https:\/\/www.organisator.ch\/#\/schema\/person\/6f650f90b2842cd4c0cc334b4e36f67e","name":"thomas.berner","image":{"@type":"ImageObject","inLanguage":"fr-FR","@id":"https:\/\/secure.gravatar.com\/avatar\/ac5001d2a36cb6c6cd3e50789007ffca834b477b74a2144564522e944eabff61?s=96&d=mm&r=g","url":"https:\/\/secure.gravatar.com\/avatar\/ac5001d2a36cb6c6cd3e50789007ffca834b477b74a2144564522e944eabff61?s=96&d=mm&r=g","contentUrl":"https:\/\/secure.gravatar.com\/avatar\/ac5001d2a36cb6c6cd3e50789007ffca834b477b74a2144564522e944eabff61?s=96&d=mm&r=g","caption":"thomas.berner"},"url":"https:\/\/www.organisator.ch\/fr\/author\/thomas-berner\/"}]}},"_links":{"self":[{"href":"https:\/\/www.organisator.ch\/fr\/wp-json\/wp\/v2\/posts\/6789","targetHints":{"allow":["GET"]}}],"collection":[{"href":"https:\/\/www.organisator.ch\/fr\/wp-json\/wp\/v2\/posts"}],"about":[{"href":"https:\/\/www.organisator.ch\/fr\/wp-json\/wp\/v2\/types\/post"}],"author":[{"embeddable":true,"href":"https:\/\/www.organisator.ch\/fr\/wp-json\/wp\/v2\/users\/4"}],"replies":[{"embeddable":true,"href":"https:\/\/www.organisator.ch\/fr\/wp-json\/wp\/v2\/comments?post=6789"}],"version-history":[{"count":0,"href":"https:\/\/www.organisator.ch\/fr\/wp-json\/wp\/v2\/posts\/6789\/revisions"}],"wp:featuredmedia":[{"embeddable":true,"href":"https:\/\/www.organisator.ch\/fr\/wp-json\/wp\/v2\/media\/6790"}],"wp:attachment":[{"href":"https:\/\/www.organisator.ch\/fr\/wp-json\/wp\/v2\/media?parent=6789"}],"wp:term":[{"taxonomy":"category","embeddable":true,"href":"https:\/\/www.organisator.ch\/fr\/wp-json\/wp\/v2\/categories?post=6789"},{"taxonomy":"post_tag","embeddable":true,"href":"https:\/\/www.organisator.ch\/fr\/wp-json\/wp\/v2\/tags?post=6789"}],"curies":[{"name":"wp","href":"https:\/\/api.w.org\/{rel}","templated":true}]}}