{"id":68,"date":"2015-11-27T10:21:22","date_gmt":"2015-11-27T09:21:22","guid":{"rendered":"https:\/\/dev.umweltperspektiven.ch\/?p=68"},"modified":"2015-11-27T10:21:22","modified_gmt":"2015-11-27T09:21:22","slug":"cofely-reprend-bec-ag","status":"publish","type":"post","link":"https:\/\/www.organisator.ch\/fr\/allgemein\/2015-11-27\/cofely-uebernimmt-bec-ag\/","title":{"rendered":"Cofely reprend BEC AG"},"content":{"rendered":"<figure id=\"attachment_70\" aria-describedby=\"caption-attachment-70\" style=\"width: 680px\" class=\"wp-caption alignnone\"><a href=\"\/\/dev.umweltperspektiven.ch\/wp-content\/uploads\/2016\/12\/Cofely-\u00fcbernimmt-BEC-AG-umweltperspektiven.jpg\"><img loading=\"lazy\" decoding=\"async\" class=\"wp-image-70 size-medium\" src=\"\/\/www.umweltperspektiven.ch\/wp-content\/uploads\/2016\/12\/Cofely-\u00fcbernimmt-BEC-AG-umweltperspektiven.jpg\" alt=\"Cofely reprend BEC AG\" width=\"680\" height=\"452\" \/><\/a><figcaption id=\"caption-attachment-70\" class=\"wp-caption-text\">de g. \u00e0 d. : Wolfgang Schwarzenbacher, CEO, Cofely AG ; Frank B\u00fcche, directeur, BEC AG ; Marc Ritter, responsable du secteur d'activit\u00e9 Energie, AEW Energie AG<\/figcaption><\/figure>\n<p>Cofely a rachet\u00e9 \u00e0 AEW Energie AG, Aarau, la soci\u00e9t\u00e9 BEC AG, dont le si\u00e8ge est \u00e0 Aarau, au 1er octobre 2015. Cofely va utiliser le savoir-faire de BEC pour continuer \u00e0 d\u00e9velopper son offre dans le Facility Management technique.<\/p>\n<p>Depuis 1998, BEC exploite et entretient, conjointement avec sa filiale allemande, diff\u00e9rentes installations d'approvisionnement en \u00e9nergie et d'\u00e9limination des d\u00e9chets pour des clients nationaux et internationaux. Entre autres, BEC exploite \u00e0 Sisseln l'installation d'alimentation en \u00e9nergie pour les installations de production de DSM Nutritional Products, qui emploie environ 40 personnes.<\/p>\n<p><strong>Un savoir-faire pour une meilleure efficacit\u00e9 \u00e9nerg\u00e9tique<\/strong><br \/>\nGr\u00e2ce \u00e0 la longue exp\u00e9rience de BEC dans l'exploitation et l'entretien d'installations d'\u00e9nergie et d'\u00e9limination, Cofely peut continuer \u00e0 \u00e9largir son portefeuille dans le Facility Management technique. Les clients b\u00e9n\u00e9ficient ainsi de possibilit\u00e9s de maintenance am\u00e9lior\u00e9es et d'un suivi optimal, m\u00eame pour les installations de grande taille. Gr\u00e2ce \u00e0 une offre de services \u00e9largie, les clients b\u00e9n\u00e9ficieront d'installations am\u00e9lior\u00e9es et plus efficaces sur le plan \u00e9nerg\u00e9tique.<\/p>\n<p><strong>Int\u00e9gration progressive<\/strong><br \/>\nCofely reprendra l'ensemble des collaborateurs. En 2016, BEC SA continuera \u00e0 travailler sous le m\u00eame nom avec la direction actuelle pour son portefeuille de clients actuel. Une int\u00e9gration plus pouss\u00e9e de l'entreprise dans Cofely SA est pr\u00e9vue pour 2017.<\/p>","protected":false},"excerpt":{"rendered":"<p>Cofely hat die BEC AG mit Hauptsitz in Aarau per 1. Oktober 2015 von der AEW Energie AG, Aarau \u00fcbernommen. Cofely wird das Know-how von BEC nutzen, um das Angebot im technischen Facility Management weiter auszubauen. Die BEC betreibt und unterh\u00e4lt gemeinsam mit ihrer deutschen Tochtergesellschaft seit 1998 f\u00fcr nationale und internationale Kunden unterschiedliche Energieversorgungs- [&hellip;]<\/p>\n","protected":false},"author":1,"featured_media":9335,"comment_status":"open","ping_status":"open","sticky":false,"template":"","format":"standard","meta":{"_acf_changed":false,"_yoast_wpseo_focuskw":"Cofely","_yoast_wpseo_metadesc":"Die Spezialistin f\u00fcr Energieeffizienz in Geb\u00e4uden, Cofely, holt sich mit der BEC AG das Know-How im Bereich Energieanlagen an Bord.","articlekey":"","footnotes":""},"categories":[1],"tags":[794,940,2343],"class_list":["post-68","post","type-post","status-publish","format-standard","has-post-thumbnail","hentry","category-allgemein","tag-bec","tag-cofely","tag-uebernahme"],"acf":[],"yoast_head":"<!-- This site is optimized with the Yoast SEO plugin v27.5 - https:\/\/yoast.com\/product\/yoast-seo-wordpress\/ -->\n<title>Cofely \u00fcbernimmt BEC AG - Organisator<\/title>\n<meta name=\"description\" content=\"Die Spezialistin f\u00fcr Energieeffizienz in Geb\u00e4uden, Cofely, holt sich mit der BEC AG das Know-How im Bereich Energieanlagen an Bord.\" \/>\n<meta name=\"robots\" content=\"index, follow, max-snippet:-1, max-image-preview:large, max-video-preview:-1\" \/>\n<link rel=\"canonical\" href=\"https:\/\/www.organisator.ch\/fr\/general\/2015-11-27\/cofely-reprend-bec-ag\/\" \/>\n<meta property=\"og:locale\" content=\"fr_FR\" \/>\n<meta property=\"og:type\" content=\"article\" \/>\n<meta property=\"og:title\" content=\"Cofely \u00fcbernimmt BEC AG - Organisator\" \/>\n<meta property=\"og:description\" content=\"Die Spezialistin f\u00fcr Energieeffizienz in Geb\u00e4uden, Cofely, holt sich mit der BEC AG das Know-How im Bereich Energieanlagen an Bord.\" \/>\n<meta property=\"og:url\" content=\"https:\/\/www.organisator.ch\/fr\/general\/2015-11-27\/cofely-reprend-bec-ag\/\" \/>\n<meta property=\"og:site_name\" content=\"Organisator\" \/>\n<meta property=\"article:publisher\" content=\"https:\/\/www.facebook.com\/OrganisatorFachmagazin\" \/>\n<meta property=\"article:published_time\" content=\"2015-11-27T09:21:22+00:00\" \/>\n<meta property=\"og:image\" content=\"https:\/\/www.organisator.ch\/wp-content\/uploads\/2016\/12\/Cofely-uebernimmt-BEC-AG-umweltperspektiven-scaled.jpg\" \/>\n\t<meta property=\"og:image:width\" content=\"2560\" \/>\n\t<meta property=\"og:image:height\" content=\"1700\" \/>\n\t<meta property=\"og:image:type\" content=\"image\/jpeg\" \/>\n<meta name=\"author\" content=\"admin\" \/>\n<meta name=\"twitter:card\" content=\"summary_large_image\" \/>\n<script type=\"application\/ld+json\" class=\"yoast-schema-graph\">{\"@context\":\"https:\\\/\\\/schema.org\",\"@graph\":[{\"@type\":\"Article\",\"@id\":\"https:\\\/\\\/www.organisator.ch\\\/en\\\/general\\\/2015-11-27\\\/cofely-uebernimmt-bec-ag\\\/#article\",\"isPartOf\":{\"@id\":\"https:\\\/\\\/www.organisator.ch\\\/en\\\/general\\\/2015-11-27\\\/cofely-uebernimmt-bec-ag\\\/\"},\"author\":{\"name\":\"admin\",\"@id\":\"https:\\\/\\\/www.organisator.ch\\\/#\\\/schema\\\/person\\\/aa2bace6c5c5aad60102004a50c4eb1c\"},\"headline\":\"Cofely \u00fcbernimmt BEC AG\",\"datePublished\":\"2015-11-27T09:21:22+00:00\",\"mainEntityOfPage\":{\"@id\":\"https:\\\/\\\/www.organisator.ch\\\/en\\\/general\\\/2015-11-27\\\/cofely-uebernimmt-bec-ag\\\/\"},\"wordCount\":216,\"commentCount\":0,\"publisher\":{\"@id\":\"https:\\\/\\\/www.organisator.ch\\\/#organization\"},\"image\":{\"@id\":\"https:\\\/\\\/www.organisator.ch\\\/en\\\/general\\\/2015-11-27\\\/cofely-uebernimmt-bec-ag\\\/#primaryimage\"},\"thumbnailUrl\":\"https:\\\/\\\/www.organisator.ch\\\/wp-content\\\/uploads\\\/2016\\\/12\\\/Cofely-uebernimmt-BEC-AG-umweltperspektiven-scaled.jpg\",\"keywords\":[\"BEC\",\"Cofely\",\"\u00dcbernahme\"],\"articleSection\":[\"Allgemein\"],\"inLanguage\":\"fr-FR\"},{\"@type\":\"WebPage\",\"@id\":\"https:\\\/\\\/www.organisator.ch\\\/en\\\/general\\\/2015-11-27\\\/cofely-uebernimmt-bec-ag\\\/\",\"url\":\"https:\\\/\\\/www.organisator.ch\\\/en\\\/general\\\/2015-11-27\\\/cofely-uebernimmt-bec-ag\\\/\",\"name\":\"Cofely \u00fcbernimmt BEC AG - Organisator\",\"isPartOf\":{\"@id\":\"https:\\\/\\\/www.organisator.ch\\\/#website\"},\"primaryImageOfPage\":{\"@id\":\"https:\\\/\\\/www.organisator.ch\\\/en\\\/general\\\/2015-11-27\\\/cofely-uebernimmt-bec-ag\\\/#primaryimage\"},\"image\":{\"@id\":\"https:\\\/\\\/www.organisator.ch\\\/en\\\/general\\\/2015-11-27\\\/cofely-uebernimmt-bec-ag\\\/#primaryimage\"},\"thumbnailUrl\":\"https:\\\/\\\/www.organisator.ch\\\/wp-content\\\/uploads\\\/2016\\\/12\\\/Cofely-uebernimmt-BEC-AG-umweltperspektiven-scaled.jpg\",\"datePublished\":\"2015-11-27T09:21:22+00:00\",\"description\":\"Die Spezialistin f\u00fcr Energieeffizienz in Geb\u00e4uden, Cofely, holt sich mit der BEC AG das Know-How im Bereich Energieanlagen an Bord.\",\"breadcrumb\":{\"@id\":\"https:\\\/\\\/www.organisator.ch\\\/en\\\/general\\\/2015-11-27\\\/cofely-uebernimmt-bec-ag\\\/#breadcrumb\"},\"inLanguage\":\"fr-FR\",\"potentialAction\":[{\"@type\":\"ReadAction\",\"target\":[\"https:\\\/\\\/www.organisator.ch\\\/en\\\/general\\\/2015-11-27\\\/cofely-uebernimmt-bec-ag\\\/\"]}]},{\"@type\":\"ImageObject\",\"inLanguage\":\"fr-FR\",\"@id\":\"https:\\\/\\\/www.organisator.ch\\\/en\\\/general\\\/2015-11-27\\\/cofely-uebernimmt-bec-ag\\\/#primaryimage\",\"url\":\"https:\\\/\\\/www.organisator.ch\\\/wp-content\\\/uploads\\\/2016\\\/12\\\/Cofely-uebernimmt-BEC-AG-umweltperspektiven-scaled.jpg\",\"contentUrl\":\"https:\\\/\\\/www.organisator.ch\\\/wp-content\\\/uploads\\\/2016\\\/12\\\/Cofely-uebernimmt-BEC-AG-umweltperspektiven-scaled.jpg\",\"width\":2560,\"height\":1700,\"caption\":\"v.l.n.r.: Wolfgang Schwarzenbacher, CEO, Cofely AG; Frank B\u00fcche, Gesch\u00e4ftsleiter, BEC AG; Marc Ritter, Leiter Gesch\u00e4ftsbereich Energie, AEW Energie AG\"},{\"@type\":\"BreadcrumbList\",\"@id\":\"https:\\\/\\\/www.organisator.ch\\\/en\\\/general\\\/2015-11-27\\\/cofely-uebernimmt-bec-ag\\\/#breadcrumb\",\"itemListElement\":[{\"@type\":\"ListItem\",\"position\":1,\"name\":\"Home\",\"item\":\"https:\\\/\\\/www.organisator.ch\\\/\"},{\"@type\":\"ListItem\",\"position\":2,\"name\":\"Cofely \u00fcbernimmt BEC AG\"}]},{\"@type\":\"WebSite\",\"@id\":\"https:\\\/\\\/www.organisator.ch\\\/#website\",\"url\":\"https:\\\/\\\/www.organisator.ch\\\/\",\"name\":\"Organisator\",\"description\":\"Kompetent. Praxisnah. Der ORGANISATOR bereitet in 10 Ausgaben pro Jahr die wesentlichen Themen f\u00fcr F\u00fchrungskr\u00e4fte von KMU auf.\",\"publisher\":{\"@id\":\"https:\\\/\\\/www.organisator.ch\\\/#organization\"},\"potentialAction\":[{\"@type\":\"SearchAction\",\"target\":{\"@type\":\"EntryPoint\",\"urlTemplate\":\"https:\\\/\\\/www.organisator.ch\\\/?s={search_term_string}\"},\"query-input\":{\"@type\":\"PropertyValueSpecification\",\"valueRequired\":true,\"valueName\":\"search_term_string\"}}],\"inLanguage\":\"fr-FR\"},{\"@type\":\"Organization\",\"@id\":\"https:\\\/\\\/www.organisator.ch\\\/#organization\",\"name\":\"Organisator\",\"url\":\"https:\\\/\\\/www.organisator.ch\\\/\",\"logo\":{\"@type\":\"ImageObject\",\"inLanguage\":\"fr-FR\",\"@id\":\"https:\\\/\\\/www.organisator.ch\\\/#\\\/schema\\\/logo\\\/image\\\/\",\"url\":\"https:\\\/\\\/www.organisator.ch\\\/wp-content\\\/uploads\\\/2022\\\/01\\\/Logo_Organisator_Website.png\",\"contentUrl\":\"https:\\\/\\\/www.organisator.ch\\\/wp-content\\\/uploads\\\/2022\\\/01\\\/Logo_Organisator_Website.png\",\"width\":800,\"height\":77,\"caption\":\"Organisator\"},\"image\":{\"@id\":\"https:\\\/\\\/www.organisator.ch\\\/#\\\/schema\\\/logo\\\/image\\\/\"},\"sameAs\":[\"https:\\\/\\\/www.facebook.com\\\/OrganisatorFachmagazin\",\"https:\\\/\\\/www.linkedin.com\\\/showcase\\\/organisator-das-magazin-fr-kmu\",\"https:\\\/\\\/www.xing.com\\\/news\\\/pages\\\/organisator-ch-695\",\"https:\\\/\\\/www.youtube.com\\\/channel\\\/UCGP2Sq0iWaZwT3BdIAQFYpw\"]},{\"@type\":\"Person\",\"@id\":\"https:\\\/\\\/www.organisator.ch\\\/#\\\/schema\\\/person\\\/aa2bace6c5c5aad60102004a50c4eb1c\",\"name\":\"admin\",\"image\":{\"@type\":\"ImageObject\",\"inLanguage\":\"fr-FR\",\"@id\":\"https:\\\/\\\/secure.gravatar.com\\\/avatar\\\/ae2f4d718e6c49043e314ce431e7e645d646302a24a5ef5a8bc8e3f5a032e319?s=96&d=mm&r=g\",\"url\":\"https:\\\/\\\/secure.gravatar.com\\\/avatar\\\/ae2f4d718e6c49043e314ce431e7e645d646302a24a5ef5a8bc8e3f5a032e319?s=96&d=mm&r=g\",\"contentUrl\":\"https:\\\/\\\/secure.gravatar.com\\\/avatar\\\/ae2f4d718e6c49043e314ce431e7e645d646302a24a5ef5a8bc8e3f5a032e319?s=96&d=mm&r=g\",\"caption\":\"admin\"},\"sameAs\":[\"https:\\\/\\\/www.organisator.ch\"],\"url\":\"https:\\\/\\\/www.organisator.ch\\\/fr\\\/author\\\/admin\\\/\"}]}<\/script>\n<!-- \/ Yoast SEO plugin. -->","yoast_head_json":{"title":"Cofely reprend BEC AG - Organisateur","description":"Le sp\u00e9cialiste de l'efficacit\u00e9 \u00e9nerg\u00e9tique dans les b\u00e2timents, Cofely, s'adjoint le savoir-faire de BEC AG dans le domaine des installations \u00e9nerg\u00e9tiques.","robots":{"index":"index","follow":"follow","max-snippet":"max-snippet:-1","max-image-preview":"max-image-preview:large","max-video-preview":"max-video-preview:-1"},"canonical":"https:\/\/www.organisator.ch\/fr\/general\/2015-11-27\/cofely-reprend-bec-ag\/","og_locale":"fr_FR","og_type":"article","og_title":"Cofely \u00fcbernimmt BEC AG - Organisator","og_description":"Die Spezialistin f\u00fcr Energieeffizienz in Geb\u00e4uden, Cofely, holt sich mit der BEC AG das Know-How im Bereich Energieanlagen an Bord.","og_url":"https:\/\/www.organisator.ch\/fr\/general\/2015-11-27\/cofely-reprend-bec-ag\/","og_site_name":"Organisator","article_publisher":"https:\/\/www.facebook.com\/OrganisatorFachmagazin","article_published_time":"2015-11-27T09:21:22+00:00","og_image":[{"width":2560,"height":1700,"url":"https:\/\/www.organisator.ch\/wp-content\/uploads\/2016\/12\/Cofely-uebernimmt-BEC-AG-umweltperspektiven-scaled.jpg","type":"image\/jpeg"}],"author":"admin","twitter_card":"summary_large_image","schema":{"@context":"https:\/\/schema.org","@graph":[{"@type":"Article","@id":"https:\/\/www.organisator.ch\/en\/general\/2015-11-27\/cofely-uebernimmt-bec-ag\/#article","isPartOf":{"@id":"https:\/\/www.organisator.ch\/en\/general\/2015-11-27\/cofely-uebernimmt-bec-ag\/"},"author":{"name":"admin","@id":"https:\/\/www.organisator.ch\/#\/schema\/person\/aa2bace6c5c5aad60102004a50c4eb1c"},"headline":"Cofely \u00fcbernimmt BEC AG","datePublished":"2015-11-27T09:21:22+00:00","mainEntityOfPage":{"@id":"https:\/\/www.organisator.ch\/en\/general\/2015-11-27\/cofely-uebernimmt-bec-ag\/"},"wordCount":216,"commentCount":0,"publisher":{"@id":"https:\/\/www.organisator.ch\/#organization"},"image":{"@id":"https:\/\/www.organisator.ch\/en\/general\/2015-11-27\/cofely-uebernimmt-bec-ag\/#primaryimage"},"thumbnailUrl":"https:\/\/www.organisator.ch\/wp-content\/uploads\/2016\/12\/Cofely-uebernimmt-BEC-AG-umweltperspektiven-scaled.jpg","keywords":["BEC","Cofely","\u00dcbernahme"],"articleSection":["Allgemein"],"inLanguage":"fr-FR"},{"@type":"WebPage","@id":"https:\/\/www.organisator.ch\/en\/general\/2015-11-27\/cofely-uebernimmt-bec-ag\/","url":"https:\/\/www.organisator.ch\/en\/general\/2015-11-27\/cofely-uebernimmt-bec-ag\/","name":"Cofely reprend BEC AG - Organisateur","isPartOf":{"@id":"https:\/\/www.organisator.ch\/#website"},"primaryImageOfPage":{"@id":"https:\/\/www.organisator.ch\/en\/general\/2015-11-27\/cofely-uebernimmt-bec-ag\/#primaryimage"},"image":{"@id":"https:\/\/www.organisator.ch\/en\/general\/2015-11-27\/cofely-uebernimmt-bec-ag\/#primaryimage"},"thumbnailUrl":"https:\/\/www.organisator.ch\/wp-content\/uploads\/2016\/12\/Cofely-uebernimmt-BEC-AG-umweltperspektiven-scaled.jpg","datePublished":"2015-11-27T09:21:22+00:00","description":"Le sp\u00e9cialiste de l'efficacit\u00e9 \u00e9nerg\u00e9tique dans les b\u00e2timents, Cofely, s'adjoint le savoir-faire de BEC AG dans le domaine des installations \u00e9nerg\u00e9tiques.","breadcrumb":{"@id":"https:\/\/www.organisator.ch\/en\/general\/2015-11-27\/cofely-uebernimmt-bec-ag\/#breadcrumb"},"inLanguage":"fr-FR","potentialAction":[{"@type":"ReadAction","target":["https:\/\/www.organisator.ch\/en\/general\/2015-11-27\/cofely-uebernimmt-bec-ag\/"]}]},{"@type":"ImageObject","inLanguage":"fr-FR","@id":"https:\/\/www.organisator.ch\/en\/general\/2015-11-27\/cofely-uebernimmt-bec-ag\/#primaryimage","url":"https:\/\/www.organisator.ch\/wp-content\/uploads\/2016\/12\/Cofely-uebernimmt-BEC-AG-umweltperspektiven-scaled.jpg","contentUrl":"https:\/\/www.organisator.ch\/wp-content\/uploads\/2016\/12\/Cofely-uebernimmt-BEC-AG-umweltperspektiven-scaled.jpg","width":2560,"height":1700,"caption":"v.l.n.r.: Wolfgang Schwarzenbacher, CEO, Cofely AG; Frank B\u00fcche, Gesch\u00e4ftsleiter, BEC AG; Marc Ritter, Leiter Gesch\u00e4ftsbereich Energie, AEW Energie AG"},{"@type":"BreadcrumbList","@id":"https:\/\/www.organisator.ch\/en\/general\/2015-11-27\/cofely-uebernimmt-bec-ag\/#breadcrumb","itemListElement":[{"@type":"ListItem","position":1,"name":"Home","item":"https:\/\/www.organisator.ch\/"},{"@type":"ListItem","position":2,"name":"Cofely \u00fcbernimmt BEC AG"}]},{"@type":"WebSite","@id":"https:\/\/www.organisator.ch\/#website","url":"https:\/\/www.organisator.ch\/","name":"Organisateur","description":"Comp\u00e9tence et comp\u00e9tence. Proches de la pratique. L'ORGANISATEUR pr\u00e9pare 10 num\u00e9ros par an sur les th\u00e8mes essentiels pour les dirigeants de PME.","publisher":{"@id":"https:\/\/www.organisator.ch\/#organization"},"potentialAction":[{"@type":"SearchAction","target":{"@type":"EntryPoint","urlTemplate":"https:\/\/www.organisator.ch\/?s={search_term_string}"},"query-input":{"@type":"PropertyValueSpecification","valueRequired":true,"valueName":"search_term_string"}}],"inLanguage":"fr-FR"},{"@type":"Organization","@id":"https:\/\/www.organisator.ch\/#organization","name":"Organisateur","url":"https:\/\/www.organisator.ch\/","logo":{"@type":"ImageObject","inLanguage":"fr-FR","@id":"https:\/\/www.organisator.ch\/#\/schema\/logo\/image\/","url":"https:\/\/www.organisator.ch\/wp-content\/uploads\/2022\/01\/Logo_Organisator_Website.png","contentUrl":"https:\/\/www.organisator.ch\/wp-content\/uploads\/2022\/01\/Logo_Organisator_Website.png","width":800,"height":77,"caption":"Organisator"},"image":{"@id":"https:\/\/www.organisator.ch\/#\/schema\/logo\/image\/"},"sameAs":["https:\/\/www.facebook.com\/OrganisatorFachmagazin","https:\/\/www.linkedin.com\/showcase\/organisator-das-magazin-fr-kmu","https:\/\/www.xing.com\/news\/pages\/organisator-ch-695","https:\/\/www.youtube.com\/channel\/UCGP2Sq0iWaZwT3BdIAQFYpw"]},{"@type":"Person","@id":"https:\/\/www.organisator.ch\/#\/schema\/person\/aa2bace6c5c5aad60102004a50c4eb1c","name":"admin","image":{"@type":"ImageObject","inLanguage":"fr-FR","@id":"https:\/\/secure.gravatar.com\/avatar\/ae2f4d718e6c49043e314ce431e7e645d646302a24a5ef5a8bc8e3f5a032e319?s=96&d=mm&r=g","url":"https:\/\/secure.gravatar.com\/avatar\/ae2f4d718e6c49043e314ce431e7e645d646302a24a5ef5a8bc8e3f5a032e319?s=96&d=mm&r=g","contentUrl":"https:\/\/secure.gravatar.com\/avatar\/ae2f4d718e6c49043e314ce431e7e645d646302a24a5ef5a8bc8e3f5a032e319?s=96&d=mm&r=g","caption":"admin"},"sameAs":["https:\/\/www.organisator.ch"],"url":"https:\/\/www.organisator.ch\/fr\/author\/admin\/"}]}},"_links":{"self":[{"href":"https:\/\/www.organisator.ch\/fr\/wp-json\/wp\/v2\/posts\/68","targetHints":{"allow":["GET"]}}],"collection":[{"href":"https:\/\/www.organisator.ch\/fr\/wp-json\/wp\/v2\/posts"}],"about":[{"href":"https:\/\/www.organisator.ch\/fr\/wp-json\/wp\/v2\/types\/post"}],"author":[{"embeddable":true,"href":"https:\/\/www.organisator.ch\/fr\/wp-json\/wp\/v2\/users\/1"}],"replies":[{"embeddable":true,"href":"https:\/\/www.organisator.ch\/fr\/wp-json\/wp\/v2\/comments?post=68"}],"version-history":[{"count":0,"href":"https:\/\/www.organisator.ch\/fr\/wp-json\/wp\/v2\/posts\/68\/revisions"}],"wp:featuredmedia":[{"embeddable":true,"href":"https:\/\/www.organisator.ch\/fr\/wp-json\/wp\/v2\/media\/9335"}],"wp:attachment":[{"href":"https:\/\/www.organisator.ch\/fr\/wp-json\/wp\/v2\/media?parent=68"}],"wp:term":[{"taxonomy":"category","embeddable":true,"href":"https:\/\/www.organisator.ch\/fr\/wp-json\/wp\/v2\/categories?post=68"},{"taxonomy":"post_tag","embeddable":true,"href":"https:\/\/www.organisator.ch\/fr\/wp-json\/wp\/v2\/tags?post=68"}],"curies":[{"name":"wp","href":"https:\/\/api.w.org\/{rel}","templated":true}]}}