{"id":683,"date":"2016-10-11T14:39:28","date_gmt":"2016-10-11T12:39:28","guid":{"rendered":"http:\/\/dev.organisator.ch\/?p=683"},"modified":"2016-10-11T14:39:28","modified_gmt":"2016-10-11T12:39:28","slug":"fachkraeftemangel-die-sicht-eines-kmu-aus-oesterreich","status":"publish","type":"post","link":"https:\/\/www.organisator.ch\/fr\/management\/2016-10-11\/fachkraeftemangel-die-sicht-eines-kmu-aus-oesterreich\/","title":{"rendered":"P\u00e9nurie de main-d'\u0153uvre qualifi\u00e9e : le point de vue d'une PME autrichienne"},"content":{"rendered":"<figure id=\"attachment_684\" aria-describedby=\"caption-attachment-684\" style=\"width: 640px\" class=\"wp-caption alignnone\"><img loading=\"lazy\" decoding=\"async\" class=\"size-full wp-image-684\" src=\"https:\/\/www.organisator.ch\/wp-content\/uploads\/2016\/12\/Fachkraeftemangel-Die-Sicht-eines-KMU-aus-Oesterreich-organisator.jpg\" alt=\"\" width=\"640\" height=\"427\" srcset=\"https:\/\/www.organisator.ch\/wp-content\/uploads\/2016\/12\/Fachkraeftemangel-Die-Sicht-eines-KMU-aus-Oesterreich-organisator.jpg 640w, https:\/\/www.organisator.ch\/wp-content\/uploads\/2016\/12\/Fachkraeftemangel-Die-Sicht-eines-KMU-aus-Oesterreich-organisator-16x12.jpg 16w, https:\/\/www.organisator.ch\/wp-content\/uploads\/2016\/12\/Fachkraeftemangel-Die-Sicht-eines-KMU-aus-Oesterreich-organisator-262x175.jpg 262w, https:\/\/www.organisator.ch\/wp-content\/uploads\/2016\/12\/Fachkraeftemangel-Die-Sicht-eines-KMU-aus-Oesterreich-organisator-525x350.jpg 525w, https:\/\/www.organisator.ch\/wp-content\/uploads\/2016\/12\/Fachkraeftemangel-Die-Sicht-eines-KMU-aus-Oesterreich-organisator-300x200.jpg 300w\" sizes=\"auto, (max-width: 640px) 100vw, 640px\" \/><figcaption id=\"caption-attachment-684\" class=\"wp-caption-text\">J\u00fcrgen Rainalter, directeur de Getzner Werkstoffe GmbH.<\/figcaption><\/figure>\n<p><em>Comment se manifeste la p\u00e9nurie de main-d'\u0153uvre qualifi\u00e9e en Autriche ?<\/em><\/p>\n<p><strong>J\u00fcrgen Rainalter :<\/strong> De mani\u00e8re g\u00e9n\u00e9rale, le nombre d'apprentis en Autriche diminue, ce qui signifie que la formation de base en alternance, tr\u00e8s pr\u00e9cieuse, diminue, car les jeunes s'y int\u00e9ressent de moins en moins. Les entreprises doivent donc investir d'autant plus massivement dans la formation de leurs collaborateurs. Jusqu'\u00e0 pr\u00e9sent, il n'existait pas sur le march\u00e9 du travail d'experts \"pr\u00eats \u00e0 l'emploi\" poss\u00e9dant le savoir-faire de Getzner Werkstoffe.<\/p>\n<p><em>Quelles sont les diff\u00e9rences r\u00e9gionales, par exemple par rapport \u00e0 la situation dans le Vorarlberg et dans d'autres r\u00e9gions frontali\u00e8res ?<\/em><\/p>\n<p>Un point est connu : B\u00fcrs, en tant que si\u00e8ge du QG, est une localit\u00e9 plut\u00f4t inconnue et, \u00e0 premi\u00e8re vue, plut\u00f4t moins attrayante qu'une grande ville (Vienne, Munich, Innsbruck) pour les non-sportifs. Dans ce domaine, les grandes villes de l'est de l'Autriche ont un certain avantage. C'est pourquoi il est n\u00e9cessaire de faire du marketing et de faire conna\u00eetre les possibilit\u00e9s possibles de loisirs et d'organisation de la vie. Les avantages d'une implantation dans le Vorarlberg : les Vorarlbergeois ont tendance \u00e0 ne pas \u00eatre tr\u00e8s mobiles, mais ils sont tr\u00e8s fid\u00e8les aux entreprises. Les montagnes, le lac de Constance, la s\u00e9curit\u00e9 repr\u00e9sentent la plus grande incitation pour les professionnels \u00e9trangers.<\/p>\n<p><em>Que fait concr\u00e8tement votre entreprise pour trouver du personnel qualifi\u00e9 ?<\/em><\/p>\n<p>Nous misons sur la formation d'apprentis dans quatre m\u00e9tiers (technique de laboratoire chimique, technique m\u00e9tallurgique, informatique, commercial) avec un syst\u00e8me de rotation dans des domaines apparent\u00e9s pour une employabilit\u00e9 aussi large que possible apr\u00e8s la fin de l'apprentissage, l'objectif \u00e9tant d'embaucher tous les apprentis. Il existe \u00e9galement un programme de stage ax\u00e9 sur le marketing, la vente, la gestion des produits ou, actuellement, la technique des proc\u00e9d\u00e9s, avec un programme de rotation de 12 \u00e0 18 mois dans toute l'entreprise. Dans l'ensemble, nous offrons d'excellentes possibilit\u00e9s de d\u00e9veloppement interne (horizontal, vertical), ce qui permet de d\u00e9velopper un savoir-faire complet et un bon r\u00e9seau. Il existe des programmes de qualification, surtout dans la production, des conducteurs de machines aux chefs de groupe\/chefs d'\u00e9quipe, avec des formations internes (droit du travail, qualit\u00e9, s\u00e9curit\u00e9, etc.) et des formations externes (comp\u00e9tences de direction).<\/p>\n<p>Le recrutement se fait dans les m\u00e9dias r\u00e9gionaux, sur les portails d'emploi suprar\u00e9gionaux, ou les candidats am\u00e8nent de nouveaux candidats (coll\u00e8gues d'\u00e9tudes\/de travail). Les m\u00e9dias sociaux et le bouche \u00e0 oreille (stabilit\u00e9 de longue date de la croissance de l'entreprise, bon contact avec les employ\u00e9s, nombreux avantages, possibilit\u00e9s de d\u00e9veloppement horizontal\/vertical, budget de formation \u00e9lev\u00e9, etc. De plus, nous avons de tr\u00e8s bons contacts avec les universit\u00e9s techniques concern\u00e9es (Munich, Innsbruck, Graz), y compris des activit\u00e9s de conf\u00e9rences. Nous voulons faire conna\u00eetre Getzner Werkstoffe en tant qu'employeur potentiel et attirer les \u00e9tudiants en tant que futurs collaborateurs. Dans ce contexte, nous misons \u00e9galement sur une pr\u00e9sence lors de salons de l'emploi r\u00e9gionaux (FH Dornbirn) ou de journ\u00e9es portes ouvertes (HTL) ou de bourses d'apprentissage.<\/p>\n<p>Nous nous engageons beaucoup pour la fid\u00e9lisation des employ\u00e9s qualifi\u00e9s, c'est pourquoi nous avons un taux de rotation tr\u00e8s faible, ce qui signifie que le savoir-faire reste dans l'entreprise. Des possibilit\u00e9s de carri\u00e8re horizontales et verticales sont offertes. Des solutions simples, individuelles et limit\u00e9es dans le temps, comme le travail \u00e0 domicile, la r\u00e9duction du temps de travail, etc. en cas de besoin (situation de soins, construction d'une maison, \u00e9tudes, etc.) sont d'autres \u00e9l\u00e9ments qui rendent les conditions de travail attrayantes.<\/p>\n<p>Sans oublier la gestion des connaissances : une collecte et une transmission structur\u00e9es des connaissances sp\u00e9cialis\u00e9es sont importantes, tout comme la mise en place d'une acad\u00e9mie Getzner pour les formations internes et externes.<\/p>\n<p><em>O\u00f9 voyez-vous un besoin de rattrapage de la part du syst\u00e8me de formation pour mieux couvrir les besoins en main-d'\u0153uvre qualifi\u00e9e ?<\/em><\/p>\n<p>Les qualifications de base des jeunes qui quittent l'\u00e9cole s'affaiblissent (lecture\/\u00e9criture, math\u00e9matiques, sciences), ce qui les emp\u00eache parfois d'\u00eatre embauch\u00e9s ou complique la poursuite de leur formation. Une formation proche de la pratique, en reliant le syst\u00e8me scolaire \u00e0 l'industrie, permettrait d'atteindre l'objectif.<\/p>\n<p><strong>31e Forum europ\u00e9en international de Lucerne<\/strong><\/p>\n<p>Th\u00e8me : Les tensions entre le march\u00e9 du travail et l'immigration. Strat\u00e9gies pour l'\u00e9conomie et la politique<\/p>\n<p>14 novembre 2016 | KKL Lucerne<\/p>\n<p>Symposium \u00e9conomique 13h00 \u00e0 17h30<\/p>\n<p>CHF 550.00 - collation et ap\u00e9ritif r\u00e9seau inclus<\/p>\n<p>\u00e9v\u00e9nement public de 18h45 \u00e0 20h30<\/p>\n<p>Entr\u00e9e gratuite, inscription obligatoire<\/p>\n<p>Information et inscription : <a href=\"http:\/\/www.europaforum.ch\" data-cke-saved-href=\"http:\/\/www.europaforum.ch\">www.europaforum.ch<\/a><\/p>","protected":false},"excerpt":{"rendered":"<p>Wie \u00e4ussert sich der Fachkr\u00e4ftemangel in \u00d6sterreich? J\u00fcrgen Rainalter: Generell nimmt Anzahl der Lehrlinge in \u00d6sterreich ab, d.h. die sehr wertvolle duale Basisausbildung nimmt ab, da von Seiten der Jugendlichen das Interesse sinkt. Umso massiver m\u00fcssen die Unternehmen in die Ausbildung der Mitarbeiter investieren. \u201eFertig ausgebildete\u201c Fachexperten mit Getzner Werkstoffe Know-how gab es auch bislang [&hellip;]<\/p>\n","protected":false},"author":1,"featured_media":684,"comment_status":"open","ping_status":"open","sticky":false,"template":"","format":"standard","meta":{"_acf_changed":false,"_yoast_wpseo_focuskw":"Fachkr\u00e4ftemangel","_yoast_wpseo_metadesc":"Fachkr\u00e4ftemangel ist l\u00e4ngst nicht nur in der Schweiz ein Thema. Auch in \u00d6sterreich haben KMU M\u00fche, gut ausgebildetes Personal zu finden.","articlekey":"","footnotes":""},"categories":[28],"tags":[335],"class_list":["post-683","post","type-post","status-publish","format-standard","has-post-thumbnail","hentry","category-management","tag-management-und-unternehmensfuehrung"],"acf":[],"yoast_head":"<!-- This site is optimized with the Yoast SEO plugin v27.5 - https:\/\/yoast.com\/product\/yoast-seo-wordpress\/ -->\n<title>Fachkr\u00e4ftemangel: Die Sicht eines KMU aus \u00d6sterreich - Organisator<\/title>\n<meta name=\"description\" content=\"Fachkr\u00e4ftemangel ist l\u00e4ngst nicht nur in der Schweiz ein Thema. Auch in \u00d6sterreich haben KMU M\u00fche, gut ausgebildetes Personal zu finden.\" \/>\n<meta name=\"robots\" content=\"index, follow, max-snippet:-1, max-image-preview:large, max-video-preview:-1\" \/>\n<link rel=\"canonical\" href=\"https:\/\/www.organisator.ch\/fr\/gestion-2\/2016-10-11\/fachkraeftemangel-die-sicht-eines-kmu-aus-oesterreich\/\" \/>\n<meta property=\"og:locale\" content=\"fr_FR\" \/>\n<meta property=\"og:type\" content=\"article\" \/>\n<meta property=\"og:title\" content=\"Fachkr\u00e4ftemangel: Die Sicht eines KMU aus \u00d6sterreich\" \/>\n<meta property=\"og:description\" content=\"Fachkr\u00e4ftemangel ist l\u00e4ngst nicht nur in der Schweiz ein Thema. Auch in \u00d6sterreich haben KMU M\u00fche, gut ausgebildetes Personal zu finden. Wir sprachen dar\u00fcber mit J\u00fcrgen Rainalter, Gesch\u00e4ftsf\u00fchrer von Getzner Werkstoffe in B\u00fcrs (\u00d6sterreich).\" \/>\n<meta property=\"og:url\" content=\"https:\/\/www.organisator.ch\/fr\/gestion-2\/2016-10-11\/fachkraeftemangel-die-sicht-eines-kmu-aus-oesterreich\/\" \/>\n<meta property=\"og:site_name\" content=\"Organisator\" \/>\n<meta property=\"article:publisher\" content=\"https:\/\/www.facebook.com\/OrganisatorFachmagazin\" \/>\n<meta property=\"article:published_time\" content=\"2016-10-11T12:39:28+00:00\" \/>\n<meta name=\"author\" content=\"admin\" \/>\n<meta name=\"twitter:card\" content=\"summary_large_image\" \/>\n<meta name=\"twitter:image\" content=\"https:\/\/www.organisator.ch\/wp-content\/uploads\/2016\/12\/Fachkraeftemangel-Die-Sicht-eines-KMU-aus-Oesterreich-organisator.jpg\" \/>\n<script type=\"application\/ld+json\" class=\"yoast-schema-graph\">{\"@context\":\"https:\\\/\\\/schema.org\",\"@graph\":[{\"@type\":\"Article\",\"@id\":\"https:\\\/\\\/www.organisator.ch\\\/management\\\/2016-10-11\\\/fachkraeftemangel-die-sicht-eines-kmu-aus-oesterreich\\\/#article\",\"isPartOf\":{\"@id\":\"https:\\\/\\\/www.organisator.ch\\\/management\\\/2016-10-11\\\/fachkraeftemangel-die-sicht-eines-kmu-aus-oesterreich\\\/\"},\"author\":{\"name\":\"admin\",\"@id\":\"https:\\\/\\\/www.organisator.ch\\\/#\\\/schema\\\/person\\\/aa2bace6c5c5aad60102004a50c4eb1c\"},\"headline\":\"Fachkr\u00e4ftemangel: Die Sicht eines KMU aus \u00d6sterreich\",\"datePublished\":\"2016-10-11T12:39:28+00:00\",\"mainEntityOfPage\":{\"@id\":\"https:\\\/\\\/www.organisator.ch\\\/management\\\/2016-10-11\\\/fachkraeftemangel-die-sicht-eines-kmu-aus-oesterreich\\\/\"},\"wordCount\":606,\"commentCount\":0,\"publisher\":{\"@id\":\"https:\\\/\\\/www.organisator.ch\\\/#organization\"},\"image\":{\"@id\":\"https:\\\/\\\/www.organisator.ch\\\/management\\\/2016-10-11\\\/fachkraeftemangel-die-sicht-eines-kmu-aus-oesterreich\\\/#primaryimage\"},\"thumbnailUrl\":\"https:\\\/\\\/www.organisator.ch\\\/wp-content\\\/uploads\\\/2016\\\/12\\\/Fachkraeftemangel-Die-Sicht-eines-KMU-aus-Oesterreich-organisator.jpg\",\"keywords\":[\"Management und Unternehmensf\u00fchrung\"],\"articleSection\":[\"MANAGEMENT\"],\"inLanguage\":\"fr-FR\"},{\"@type\":\"WebPage\",\"@id\":\"https:\\\/\\\/www.organisator.ch\\\/management\\\/2016-10-11\\\/fachkraeftemangel-die-sicht-eines-kmu-aus-oesterreich\\\/\",\"url\":\"https:\\\/\\\/www.organisator.ch\\\/management\\\/2016-10-11\\\/fachkraeftemangel-die-sicht-eines-kmu-aus-oesterreich\\\/\",\"name\":\"Fachkr\u00e4ftemangel: Die Sicht eines KMU aus \u00d6sterreich - Organisator\",\"isPartOf\":{\"@id\":\"https:\\\/\\\/www.organisator.ch\\\/#website\"},\"primaryImageOfPage\":{\"@id\":\"https:\\\/\\\/www.organisator.ch\\\/management\\\/2016-10-11\\\/fachkraeftemangel-die-sicht-eines-kmu-aus-oesterreich\\\/#primaryimage\"},\"image\":{\"@id\":\"https:\\\/\\\/www.organisator.ch\\\/management\\\/2016-10-11\\\/fachkraeftemangel-die-sicht-eines-kmu-aus-oesterreich\\\/#primaryimage\"},\"thumbnailUrl\":\"https:\\\/\\\/www.organisator.ch\\\/wp-content\\\/uploads\\\/2016\\\/12\\\/Fachkraeftemangel-Die-Sicht-eines-KMU-aus-Oesterreich-organisator.jpg\",\"datePublished\":\"2016-10-11T12:39:28+00:00\",\"description\":\"Fachkr\u00e4ftemangel ist l\u00e4ngst nicht nur in der Schweiz ein Thema. Auch in \u00d6sterreich haben KMU M\u00fche, gut ausgebildetes Personal zu finden.\",\"breadcrumb\":{\"@id\":\"https:\\\/\\\/www.organisator.ch\\\/management\\\/2016-10-11\\\/fachkraeftemangel-die-sicht-eines-kmu-aus-oesterreich\\\/#breadcrumb\"},\"inLanguage\":\"fr-FR\",\"potentialAction\":[{\"@type\":\"ReadAction\",\"target\":[\"https:\\\/\\\/www.organisator.ch\\\/management\\\/2016-10-11\\\/fachkraeftemangel-die-sicht-eines-kmu-aus-oesterreich\\\/\"]}]},{\"@type\":\"ImageObject\",\"inLanguage\":\"fr-FR\",\"@id\":\"https:\\\/\\\/www.organisator.ch\\\/management\\\/2016-10-11\\\/fachkraeftemangel-die-sicht-eines-kmu-aus-oesterreich\\\/#primaryimage\",\"url\":\"https:\\\/\\\/www.organisator.ch\\\/wp-content\\\/uploads\\\/2016\\\/12\\\/Fachkraeftemangel-Die-Sicht-eines-KMU-aus-Oesterreich-organisator.jpg\",\"contentUrl\":\"https:\\\/\\\/www.organisator.ch\\\/wp-content\\\/uploads\\\/2016\\\/12\\\/Fachkraeftemangel-Die-Sicht-eines-KMU-aus-Oesterreich-organisator.jpg\",\"width\":640,\"height\":427,\"caption\":\"J\u00fcrgen Rainalter, Gesch\u00e4ftsf\u00fchrer von Getzner Werkstoffe GmbH.\"},{\"@type\":\"BreadcrumbList\",\"@id\":\"https:\\\/\\\/www.organisator.ch\\\/management\\\/2016-10-11\\\/fachkraeftemangel-die-sicht-eines-kmu-aus-oesterreich\\\/#breadcrumb\",\"itemListElement\":[{\"@type\":\"ListItem\",\"position\":1,\"name\":\"Home\",\"item\":\"https:\\\/\\\/www.organisator.ch\\\/\"},{\"@type\":\"ListItem\",\"position\":2,\"name\":\"Fachkr\u00e4ftemangel: Die Sicht eines KMU aus \u00d6sterreich\"}]},{\"@type\":\"WebSite\",\"@id\":\"https:\\\/\\\/www.organisator.ch\\\/#website\",\"url\":\"https:\\\/\\\/www.organisator.ch\\\/\",\"name\":\"Organisator\",\"description\":\"Kompetent. Praxisnah. Der ORGANISATOR bereitet in 10 Ausgaben pro Jahr die wesentlichen Themen f\u00fcr F\u00fchrungskr\u00e4fte von KMU auf.\",\"publisher\":{\"@id\":\"https:\\\/\\\/www.organisator.ch\\\/#organization\"},\"potentialAction\":[{\"@type\":\"SearchAction\",\"target\":{\"@type\":\"EntryPoint\",\"urlTemplate\":\"https:\\\/\\\/www.organisator.ch\\\/?s={search_term_string}\"},\"query-input\":{\"@type\":\"PropertyValueSpecification\",\"valueRequired\":true,\"valueName\":\"search_term_string\"}}],\"inLanguage\":\"fr-FR\"},{\"@type\":\"Organization\",\"@id\":\"https:\\\/\\\/www.organisator.ch\\\/#organization\",\"name\":\"Organisator\",\"url\":\"https:\\\/\\\/www.organisator.ch\\\/\",\"logo\":{\"@type\":\"ImageObject\",\"inLanguage\":\"fr-FR\",\"@id\":\"https:\\\/\\\/www.organisator.ch\\\/#\\\/schema\\\/logo\\\/image\\\/\",\"url\":\"https:\\\/\\\/www.organisator.ch\\\/wp-content\\\/uploads\\\/2022\\\/01\\\/Logo_Organisator_Website.png\",\"contentUrl\":\"https:\\\/\\\/www.organisator.ch\\\/wp-content\\\/uploads\\\/2022\\\/01\\\/Logo_Organisator_Website.png\",\"width\":800,\"height\":77,\"caption\":\"Organisator\"},\"image\":{\"@id\":\"https:\\\/\\\/www.organisator.ch\\\/#\\\/schema\\\/logo\\\/image\\\/\"},\"sameAs\":[\"https:\\\/\\\/www.facebook.com\\\/OrganisatorFachmagazin\",\"https:\\\/\\\/www.linkedin.com\\\/showcase\\\/organisator-das-magazin-fr-kmu\",\"https:\\\/\\\/www.xing.com\\\/news\\\/pages\\\/organisator-ch-695\",\"https:\\\/\\\/www.youtube.com\\\/channel\\\/UCGP2Sq0iWaZwT3BdIAQFYpw\"]},{\"@type\":\"Person\",\"@id\":\"https:\\\/\\\/www.organisator.ch\\\/#\\\/schema\\\/person\\\/aa2bace6c5c5aad60102004a50c4eb1c\",\"name\":\"admin\",\"image\":{\"@type\":\"ImageObject\",\"inLanguage\":\"fr-FR\",\"@id\":\"https:\\\/\\\/secure.gravatar.com\\\/avatar\\\/ae2f4d718e6c49043e314ce431e7e645d646302a24a5ef5a8bc8e3f5a032e319?s=96&d=mm&r=g\",\"url\":\"https:\\\/\\\/secure.gravatar.com\\\/avatar\\\/ae2f4d718e6c49043e314ce431e7e645d646302a24a5ef5a8bc8e3f5a032e319?s=96&d=mm&r=g\",\"contentUrl\":\"https:\\\/\\\/secure.gravatar.com\\\/avatar\\\/ae2f4d718e6c49043e314ce431e7e645d646302a24a5ef5a8bc8e3f5a032e319?s=96&d=mm&r=g\",\"caption\":\"admin\"},\"sameAs\":[\"https:\\\/\\\/www.organisator.ch\"],\"url\":\"https:\\\/\\\/www.organisator.ch\\\/fr\\\/author\\\/admin\\\/\"}]}<\/script>\n<!-- \/ Yoast SEO plugin. -->","yoast_head_json":{"title":"P\u00e9nurie de main-d'\u0153uvre qualifi\u00e9e : le point de vue d'une PME autrichienne - Organisateur","description":"La p\u00e9nurie de main-d'\u0153uvre qualifi\u00e9e n'est plus l'apanage de la Suisse. En Autriche aussi, les PME ont du mal \u00e0 trouver du personnel bien form\u00e9.","robots":{"index":"index","follow":"follow","max-snippet":"max-snippet:-1","max-image-preview":"max-image-preview:large","max-video-preview":"max-video-preview:-1"},"canonical":"https:\/\/www.organisator.ch\/fr\/gestion-2\/2016-10-11\/fachkraeftemangel-die-sicht-eines-kmu-aus-oesterreich\/","og_locale":"fr_FR","og_type":"article","og_title":"Fachkr\u00e4ftemangel: Die Sicht eines KMU aus \u00d6sterreich","og_description":"Fachkr\u00e4ftemangel ist l\u00e4ngst nicht nur in der Schweiz ein Thema. Auch in \u00d6sterreich haben KMU M\u00fche, gut ausgebildetes Personal zu finden. Wir sprachen dar\u00fcber mit J\u00fcrgen Rainalter, Gesch\u00e4ftsf\u00fchrer von Getzner Werkstoffe in B\u00fcrs (\u00d6sterreich).","og_url":"https:\/\/www.organisator.ch\/fr\/gestion-2\/2016-10-11\/fachkraeftemangel-die-sicht-eines-kmu-aus-oesterreich\/","og_site_name":"Organisator","article_publisher":"https:\/\/www.facebook.com\/OrganisatorFachmagazin","article_published_time":"2016-10-11T12:39:28+00:00","author":"admin","twitter_card":"summary_large_image","twitter_image":"https:\/\/www.organisator.ch\/wp-content\/uploads\/2016\/12\/Fachkraeftemangel-Die-Sicht-eines-KMU-aus-Oesterreich-organisator.jpg","schema":{"@context":"https:\/\/schema.org","@graph":[{"@type":"Article","@id":"https:\/\/www.organisator.ch\/management\/2016-10-11\/fachkraeftemangel-die-sicht-eines-kmu-aus-oesterreich\/#article","isPartOf":{"@id":"https:\/\/www.organisator.ch\/management\/2016-10-11\/fachkraeftemangel-die-sicht-eines-kmu-aus-oesterreich\/"},"author":{"name":"admin","@id":"https:\/\/www.organisator.ch\/#\/schema\/person\/aa2bace6c5c5aad60102004a50c4eb1c"},"headline":"Fachkr\u00e4ftemangel: Die Sicht eines KMU aus \u00d6sterreich","datePublished":"2016-10-11T12:39:28+00:00","mainEntityOfPage":{"@id":"https:\/\/www.organisator.ch\/management\/2016-10-11\/fachkraeftemangel-die-sicht-eines-kmu-aus-oesterreich\/"},"wordCount":606,"commentCount":0,"publisher":{"@id":"https:\/\/www.organisator.ch\/#organization"},"image":{"@id":"https:\/\/www.organisator.ch\/management\/2016-10-11\/fachkraeftemangel-die-sicht-eines-kmu-aus-oesterreich\/#primaryimage"},"thumbnailUrl":"https:\/\/www.organisator.ch\/wp-content\/uploads\/2016\/12\/Fachkraeftemangel-Die-Sicht-eines-KMU-aus-Oesterreich-organisator.jpg","keywords":["Management und Unternehmensf\u00fchrung"],"articleSection":["MANAGEMENT"],"inLanguage":"fr-FR"},{"@type":"WebPage","@id":"https:\/\/www.organisator.ch\/management\/2016-10-11\/fachkraeftemangel-die-sicht-eines-kmu-aus-oesterreich\/","url":"https:\/\/www.organisator.ch\/management\/2016-10-11\/fachkraeftemangel-die-sicht-eines-kmu-aus-oesterreich\/","name":"P\u00e9nurie de main-d'\u0153uvre qualifi\u00e9e : le point de vue d'une PME autrichienne - Organisateur","isPartOf":{"@id":"https:\/\/www.organisator.ch\/#website"},"primaryImageOfPage":{"@id":"https:\/\/www.organisator.ch\/management\/2016-10-11\/fachkraeftemangel-die-sicht-eines-kmu-aus-oesterreich\/#primaryimage"},"image":{"@id":"https:\/\/www.organisator.ch\/management\/2016-10-11\/fachkraeftemangel-die-sicht-eines-kmu-aus-oesterreich\/#primaryimage"},"thumbnailUrl":"https:\/\/www.organisator.ch\/wp-content\/uploads\/2016\/12\/Fachkraeftemangel-Die-Sicht-eines-KMU-aus-Oesterreich-organisator.jpg","datePublished":"2016-10-11T12:39:28+00:00","description":"La p\u00e9nurie de main-d'\u0153uvre qualifi\u00e9e n'est plus l'apanage de la Suisse. En Autriche aussi, les PME ont du mal \u00e0 trouver du personnel bien form\u00e9.","breadcrumb":{"@id":"https:\/\/www.organisator.ch\/management\/2016-10-11\/fachkraeftemangel-die-sicht-eines-kmu-aus-oesterreich\/#breadcrumb"},"inLanguage":"fr-FR","potentialAction":[{"@type":"ReadAction","target":["https:\/\/www.organisator.ch\/management\/2016-10-11\/fachkraeftemangel-die-sicht-eines-kmu-aus-oesterreich\/"]}]},{"@type":"ImageObject","inLanguage":"fr-FR","@id":"https:\/\/www.organisator.ch\/management\/2016-10-11\/fachkraeftemangel-die-sicht-eines-kmu-aus-oesterreich\/#primaryimage","url":"https:\/\/www.organisator.ch\/wp-content\/uploads\/2016\/12\/Fachkraeftemangel-Die-Sicht-eines-KMU-aus-Oesterreich-organisator.jpg","contentUrl":"https:\/\/www.organisator.ch\/wp-content\/uploads\/2016\/12\/Fachkraeftemangel-Die-Sicht-eines-KMU-aus-Oesterreich-organisator.jpg","width":640,"height":427,"caption":"J\u00fcrgen Rainalter, Gesch\u00e4ftsf\u00fchrer von Getzner Werkstoffe GmbH."},{"@type":"BreadcrumbList","@id":"https:\/\/www.organisator.ch\/management\/2016-10-11\/fachkraeftemangel-die-sicht-eines-kmu-aus-oesterreich\/#breadcrumb","itemListElement":[{"@type":"ListItem","position":1,"name":"Home","item":"https:\/\/www.organisator.ch\/"},{"@type":"ListItem","position":2,"name":"Fachkr\u00e4ftemangel: Die Sicht eines KMU aus \u00d6sterreich"}]},{"@type":"WebSite","@id":"https:\/\/www.organisator.ch\/#website","url":"https:\/\/www.organisator.ch\/","name":"Organisateur","description":"Comp\u00e9tence et comp\u00e9tence. Proches de la pratique. L'ORGANISATEUR pr\u00e9pare 10 num\u00e9ros par an sur les th\u00e8mes essentiels pour les dirigeants de PME.","publisher":{"@id":"https:\/\/www.organisator.ch\/#organization"},"potentialAction":[{"@type":"SearchAction","target":{"@type":"EntryPoint","urlTemplate":"https:\/\/www.organisator.ch\/?s={search_term_string}"},"query-input":{"@type":"PropertyValueSpecification","valueRequired":true,"valueName":"search_term_string"}}],"inLanguage":"fr-FR"},{"@type":"Organization","@id":"https:\/\/www.organisator.ch\/#organization","name":"Organisateur","url":"https:\/\/www.organisator.ch\/","logo":{"@type":"ImageObject","inLanguage":"fr-FR","@id":"https:\/\/www.organisator.ch\/#\/schema\/logo\/image\/","url":"https:\/\/www.organisator.ch\/wp-content\/uploads\/2022\/01\/Logo_Organisator_Website.png","contentUrl":"https:\/\/www.organisator.ch\/wp-content\/uploads\/2022\/01\/Logo_Organisator_Website.png","width":800,"height":77,"caption":"Organisator"},"image":{"@id":"https:\/\/www.organisator.ch\/#\/schema\/logo\/image\/"},"sameAs":["https:\/\/www.facebook.com\/OrganisatorFachmagazin","https:\/\/www.linkedin.com\/showcase\/organisator-das-magazin-fr-kmu","https:\/\/www.xing.com\/news\/pages\/organisator-ch-695","https:\/\/www.youtube.com\/channel\/UCGP2Sq0iWaZwT3BdIAQFYpw"]},{"@type":"Person","@id":"https:\/\/www.organisator.ch\/#\/schema\/person\/aa2bace6c5c5aad60102004a50c4eb1c","name":"admin","image":{"@type":"ImageObject","inLanguage":"fr-FR","@id":"https:\/\/secure.gravatar.com\/avatar\/ae2f4d718e6c49043e314ce431e7e645d646302a24a5ef5a8bc8e3f5a032e319?s=96&d=mm&r=g","url":"https:\/\/secure.gravatar.com\/avatar\/ae2f4d718e6c49043e314ce431e7e645d646302a24a5ef5a8bc8e3f5a032e319?s=96&d=mm&r=g","contentUrl":"https:\/\/secure.gravatar.com\/avatar\/ae2f4d718e6c49043e314ce431e7e645d646302a24a5ef5a8bc8e3f5a032e319?s=96&d=mm&r=g","caption":"admin"},"sameAs":["https:\/\/www.organisator.ch"],"url":"https:\/\/www.organisator.ch\/fr\/author\/admin\/"}]}},"_links":{"self":[{"href":"https:\/\/www.organisator.ch\/fr\/wp-json\/wp\/v2\/posts\/683","targetHints":{"allow":["GET"]}}],"collection":[{"href":"https:\/\/www.organisator.ch\/fr\/wp-json\/wp\/v2\/posts"}],"about":[{"href":"https:\/\/www.organisator.ch\/fr\/wp-json\/wp\/v2\/types\/post"}],"author":[{"embeddable":true,"href":"https:\/\/www.organisator.ch\/fr\/wp-json\/wp\/v2\/users\/1"}],"replies":[{"embeddable":true,"href":"https:\/\/www.organisator.ch\/fr\/wp-json\/wp\/v2\/comments?post=683"}],"version-history":[{"count":0,"href":"https:\/\/www.organisator.ch\/fr\/wp-json\/wp\/v2\/posts\/683\/revisions"}],"wp:featuredmedia":[{"embeddable":true,"href":"https:\/\/www.organisator.ch\/fr\/wp-json\/wp\/v2\/media\/684"}],"wp:attachment":[{"href":"https:\/\/www.organisator.ch\/fr\/wp-json\/wp\/v2\/media?parent=683"}],"wp:term":[{"taxonomy":"category","embeddable":true,"href":"https:\/\/www.organisator.ch\/fr\/wp-json\/wp\/v2\/categories?post=683"},{"taxonomy":"post_tag","embeddable":true,"href":"https:\/\/www.organisator.ch\/fr\/wp-json\/wp\/v2\/tags?post=683"}],"curies":[{"name":"wp","href":"https:\/\/api.w.org\/{rel}","templated":true}]}}