{"id":6830,"date":"2020-06-18T08:00:20","date_gmt":"2020-06-18T06:00:20","guid":{"rendered":"https:\/\/www.organisator.ch\/?p=6830"},"modified":"2020-06-18T08:00:20","modified_gmt":"2020-06-18T06:00:20","slug":"branchenverbaende-asco-und-expertsuisse-wollen-staerker-kooperieren","status":"publish","type":"post","link":"https:\/\/www.organisator.ch\/fr\/management\/finanzen_recht\/2020-06-18\/branchenverbaende-asco-und-expertsuisse-wollen-staerker-kooperieren\/","title":{"rendered":"Les associations professionnelles ASCO et EXPERTsuisse veulent renforcer leur coop\u00e9ration"},"content":{"rendered":"<figure id=\"attachment_6831\" aria-describedby=\"caption-attachment-6831\" style=\"width: 680px\" class=\"wp-caption alignnone\"><img loading=\"lazy\" decoding=\"async\" class=\"size-medium wp-image-6831\" src=\"https:\/\/www.organisator.ch\/wp-content\/uploads\/2020\/06\/Branchenverbaende-ASCO-und-EXPERTsuisse-wollen-staerker-kooperieren_Organisator.jpg\" alt=\"\" width=\"680\" height=\"98\" srcset=\"https:\/\/www.organisator.ch\/wp-content\/uploads\/2020\/06\/Branchenverbaende-ASCO-und-EXPERTsuisse-wollen-staerker-kooperieren_Organisator.jpg 680w, https:\/\/www.organisator.ch\/wp-content\/uploads\/2020\/06\/Branchenverbaende-ASCO-und-EXPERTsuisse-wollen-staerker-kooperieren_Organisator-16x2.jpg 16w, https:\/\/www.organisator.ch\/wp-content\/uploads\/2020\/06\/Branchenverbaende-ASCO-und-EXPERTsuisse-wollen-staerker-kooperieren_Organisator-375x54.jpg 375w, https:\/\/www.organisator.ch\/wp-content\/uploads\/2020\/06\/Branchenverbaende-ASCO-und-EXPERTsuisse-wollen-staerker-kooperieren_Organisator-300x43.jpg 300w\" sizes=\"auto, (max-width: 680px) 100vw, 680px\" \/><figcaption id=\"caption-attachment-6831\" class=\"wp-caption-text\">L'ASCO et EXPERTsuisse collaboreront davantage \u00e0 l'avenir.<\/figcaption><\/figure>\n<p>Depuis la crise de Corona, tout le monde devrait \u00eatre conscient que la complexit\u00e9 de l'\u00e9conomie et de la soci\u00e9t\u00e9 est tr\u00e8s \u00e9lev\u00e9e et que la s\u00e9curit\u00e9 totale n'existe pas. Il faut cependant pouvoir naviguer en tant qu'entrepreneur, m\u00eame dans les p\u00e9riodes difficiles. Dans l'\u00e9conomie suisse, les entreprises sont g\u00e9n\u00e9ralement soutenues par des soci\u00e9t\u00e9s d'audit et de conseil qui sont membres de l'ASCO ou d'EXPERTsuisse. C'est pr\u00e9cis\u00e9ment ces deux associations qui concluent aujourd'hui une \u00e9troite coop\u00e9ration, car il s'agit maintenant plus que jamais d'apporter ensemble des contributions \u00e0 une \u00e9conomie suisse qui se renforce \u00e0 nouveau.<\/p>\n<h2>L'innovation avant la tradition<\/h2>\n<p>Les deux associations ont une histoire forte, mais pour elles, l'innovation est plus importante que la tradition. C'est pourquoi elles s'engagent depuis quatre ans, avec d'autres associations, pour une modernisation de la loi sur le travail en Suisse, qui est d\u00e9pass\u00e9e. La crise de Corona n'est pas la seule \u00e0 avoir montr\u00e9 qu'un travail plus autonome doit \u00eatre rendu possible sur une base juridique solide, notamment pour concilier vie professionnelle et vie familiale. Les points de contact entre les deux associations vont toutefois bien au-del\u00e0 des int\u00e9r\u00eats politiques communs. Les deux associations sont attach\u00e9es \u00e0 la qualit\u00e9 et \u00e0 l'expertise et repr\u00e9sentent ensemble la profession de la branche suisse de l'audit et du conseil. En cons\u00e9quence, elles s'efforcent ensemble de renforcer la promotion de la rel\u00e8ve et de proposer, outre des formations, des formations continues dans le cadre d'un syst\u00e8me de qualification et d'exploiter les synergies. La coop\u00e9ration concerne donc des th\u00e8mes strat\u00e9giques et op\u00e9rationnels. Ces derniers ont pour cons\u00e9quence qu'\u00e0 partir du 1er janvier 2021, le secr\u00e9tariat de l'ASCO sera g\u00e9r\u00e9 par EXPERTsuisse \u00e0 Zurich, Stauffacher 1.<\/p>\n<h2>ASCO et EXPERTsuisse organisent des \u00e9v\u00e9nements communs<\/h2>\n<p>Les deux associations de branche souhaitent \u00e9galement collaborer plus \u00e9troitement au niveau de leurs manifestations et formations continues. Ainsi, lors de la \"Journ\u00e9e annuelle d'EXPERTsuisse\" du 15 septembre 2020 sur le th\u00e8me \"La s\u00e9curit\u00e9 en p\u00e9riode d'incertitude\", l'ASCO sera pr\u00e9sente en tant que partenaire. De son c\u00f4t\u00e9, l'ASCO invitera les membres d'EXPERTsuisse \u00e0 ses manifestations.<br \/>\nLa professionnalisation dans la transmission des comp\u00e9tences en mati\u00e8re de conseil - avec une offre de formation reconnue en tant que CAS et la qualification internationale avec le CMC - offriront \u00e0 l'avenir aux membres des deux associations une base permettant notamment aux jeunes professionnels d'entrer de mani\u00e8re structur\u00e9e dans le domaine du conseil.<\/p>\n<p>L'ASCO et EXPERTsuisse poursuivent ensemble l'objectif d'innovation dans le conseil, tant au niveau des m\u00e9thodes (nouveaux mod\u00e8les de conseil et de collaboration) qu'au niveau des contenus (transformation num\u00e9rique, num\u00e9risation, Data Analytics, Robotics, Industrie et Finance 4.0, etc.) Gr\u00e2ce \u00e0 ces approches innovantes, l'ASCO et EXPERTsuisse aident l'\u00e9conomie suisse \u00e0 naviguer de mani\u00e8re efficace et entrepreneuriale en des temps incertains - pendant la crise de Corona, sur le chemin de la nouvelle normalit\u00e9 et au-del\u00e0.<\/p>\n<p><em><a href=\"http:\/\/www.expertsuisse.ch\">www.asco.ch<\/a> \/ <a href=\"http:\/\/www.expertsuisse.ch\">www.expertsuisse.ch<\/a><\/em><\/p>","protected":false},"excerpt":{"rendered":"<p>Sp\u00e4testens seit der Corona-Krise d\u00fcrfte allen bewusst sein, dass die Komplexit\u00e4t in Wirtschaft und Gesellschaft sehr hoch ist und dass es die volle Sicherheit nicht gibt. Es gilt jedoch auch in schwierigen Zeiten unternehmerisch navigieren zu k\u00f6nnen. In der Schweizer Wirtschaft werden die Unternehmen hierbei zumeist von Pr\u00fcfungs- und Beratungsunternehmen unterst\u00fctzt, welche bei ASCO oder [&hellip;]<\/p>\n","protected":false},"author":4,"featured_media":6832,"comment_status":"closed","ping_status":"closed","sticky":false,"template":"","format":"standard","meta":{"_acf_changed":false,"_yoast_wpseo_focuskw":"ASCO und EXPERTsuisse","_yoast_wpseo_metadesc":"ASCO und EXPERTsuisse haben beschlossen, enger zusammenzuarbeiten. Die Kooperation umfasst vorerst eine Zusammenarbeit auf inhaltlicher Ebene.","articlekey":"","footnotes":""},"categories":[24],"tags":[202,494,503,532],"class_list":["post-6830","post","type-post","status-publish","format-standard","has-post-thumbnail","hentry","category-finanzen_recht","tag-finanzenrecht","tag-unternehmensberatung","tag-verbaende","tag-wirtschaftspruefung"],"acf":[],"yoast_head":"<!-- This site is optimized with the Yoast SEO plugin v27.4 - https:\/\/yoast.com\/product\/yoast-seo-wordpress\/ -->\n<title>Branchenverb\u00e4nde ASCO und EXPERTsuisse wollen st\u00e4rker kooperieren - Organisator<\/title>\n<meta name=\"description\" content=\"ASCO und EXPERTsuisse haben beschlossen, enger zusammenzuarbeiten. Die Kooperation umfasst vorerst eine Zusammenarbeit auf inhaltlicher Ebene.\" \/>\n<meta name=\"robots\" content=\"index, follow, max-snippet:-1, max-image-preview:large, max-video-preview:-1\" \/>\n<link rel=\"canonical\" href=\"https:\/\/www.organisator.ch\/fr\/gestion-2\/finanzen_recht\/2020-06-18\/branchenverbaende-asco-und-expertsuisse-wollen-staerker-kooperieren\/\" \/>\n<meta property=\"og:locale\" content=\"fr_FR\" \/>\n<meta property=\"og:type\" content=\"article\" \/>\n<meta property=\"og:title\" content=\"Branchenverb\u00e4nde ASCO und EXPERTsuisse wollen st\u00e4rker kooperieren\" \/>\n<meta property=\"og:description\" content=\"ASCO und EXPERTsuisse haben beschlossen, enger zusammenzuarbeiten. Die Kooperation umfasst vorerst eine Zusammenarbeit auf inhaltlicher Ebene.\" \/>\n<meta property=\"og:url\" content=\"https:\/\/www.organisator.ch\/fr\/gestion-2\/finanzen_recht\/2020-06-18\/branchenverbaende-asco-und-expertsuisse-wollen-staerker-kooperieren\/\" \/>\n<meta property=\"og:site_name\" content=\"Organisator\" \/>\n<meta property=\"article:publisher\" content=\"https:\/\/www.facebook.com\/OrganisatorFachmagazin\" \/>\n<meta property=\"article:published_time\" content=\"2020-06-18T06:00:20+00:00\" \/>\n<meta property=\"og:image\" content=\"https:\/\/www.organisator.ch\/wp-content\/uploads\/2020\/06\/Branchenverbaende-ASCO-und-EXPERTsuisse-wollen-staerker-kooperieren-2_Organisator.jpg\" \/>\n\t<meta property=\"og:image:width\" content=\"376\" \/>\n\t<meta property=\"og:image:height\" content=\"213\" \/>\n\t<meta property=\"og:image:type\" content=\"image\/jpeg\" \/>\n<meta name=\"author\" content=\"thomas.berner\" \/>\n<meta name=\"twitter:card\" content=\"summary_large_image\" \/>\n<meta name=\"twitter:title\" content=\"Branchenverb\u00e4nde #ASCO und #EXPERTsuisse wollen st\u00e4rker kooperieren\" \/>\n<meta name=\"twitter:description\" content=\"#ASCO und #EXPERTsuisse haben beschlossen, enger zusammenzuarbeiten. Die #Kooperation umfasst vorerst eine Zusammenarbeit auf inhaltlicher Ebene.\" \/>\n<meta name=\"twitter:image\" content=\"https:\/\/www.organisator.ch\/wp-content\/uploads\/2020\/06\/Branchenverbaende-ASCO-und-EXPERTsuisse-wollen-staerker-kooperieren-2_Organisator.jpg\" \/>\n<script type=\"application\/ld+json\" class=\"yoast-schema-graph\">{\"@context\":\"https:\\\/\\\/schema.org\",\"@graph\":[{\"@type\":\"Article\",\"@id\":\"https:\\\/\\\/www.organisator.ch\\\/management\\\/finanzen_recht\\\/2020-06-18\\\/branchenverbaende-asco-und-expertsuisse-wollen-staerker-kooperieren\\\/#article\",\"isPartOf\":{\"@id\":\"https:\\\/\\\/www.organisator.ch\\\/management\\\/finanzen_recht\\\/2020-06-18\\\/branchenverbaende-asco-und-expertsuisse-wollen-staerker-kooperieren\\\/\"},\"author\":{\"name\":\"thomas.berner\",\"@id\":\"https:\\\/\\\/www.organisator.ch\\\/#\\\/schema\\\/person\\\/6f650f90b2842cd4c0cc334b4e36f67e\"},\"headline\":\"Branchenverb\u00e4nde ASCO und EXPERTsuisse wollen st\u00e4rker kooperieren\",\"datePublished\":\"2020-06-18T06:00:20+00:00\",\"mainEntityOfPage\":{\"@id\":\"https:\\\/\\\/www.organisator.ch\\\/management\\\/finanzen_recht\\\/2020-06-18\\\/branchenverbaende-asco-und-expertsuisse-wollen-staerker-kooperieren\\\/\"},\"wordCount\":458,\"publisher\":{\"@id\":\"https:\\\/\\\/www.organisator.ch\\\/#organization\"},\"image\":{\"@id\":\"https:\\\/\\\/www.organisator.ch\\\/management\\\/finanzen_recht\\\/2020-06-18\\\/branchenverbaende-asco-und-expertsuisse-wollen-staerker-kooperieren\\\/#primaryimage\"},\"thumbnailUrl\":\"https:\\\/\\\/www.organisator.ch\\\/wp-content\\\/uploads\\\/2020\\\/06\\\/Branchenverbaende-ASCO-und-EXPERTsuisse-wollen-staerker-kooperieren-2_Organisator.jpg\",\"keywords\":[\"Finanzen\\\/Recht\",\"Unternehmensberatung\",\"Verb\u00e4nde\",\"Wirtschaftspr\u00fcfung\"],\"articleSection\":[\"FINANZEN\\\/RECHT\"],\"inLanguage\":\"fr-FR\"},{\"@type\":\"WebPage\",\"@id\":\"https:\\\/\\\/www.organisator.ch\\\/management\\\/finanzen_recht\\\/2020-06-18\\\/branchenverbaende-asco-und-expertsuisse-wollen-staerker-kooperieren\\\/\",\"url\":\"https:\\\/\\\/www.organisator.ch\\\/management\\\/finanzen_recht\\\/2020-06-18\\\/branchenverbaende-asco-und-expertsuisse-wollen-staerker-kooperieren\\\/\",\"name\":\"Branchenverb\u00e4nde ASCO und EXPERTsuisse wollen st\u00e4rker kooperieren - Organisator\",\"isPartOf\":{\"@id\":\"https:\\\/\\\/www.organisator.ch\\\/#website\"},\"primaryImageOfPage\":{\"@id\":\"https:\\\/\\\/www.organisator.ch\\\/management\\\/finanzen_recht\\\/2020-06-18\\\/branchenverbaende-asco-und-expertsuisse-wollen-staerker-kooperieren\\\/#primaryimage\"},\"image\":{\"@id\":\"https:\\\/\\\/www.organisator.ch\\\/management\\\/finanzen_recht\\\/2020-06-18\\\/branchenverbaende-asco-und-expertsuisse-wollen-staerker-kooperieren\\\/#primaryimage\"},\"thumbnailUrl\":\"https:\\\/\\\/www.organisator.ch\\\/wp-content\\\/uploads\\\/2020\\\/06\\\/Branchenverbaende-ASCO-und-EXPERTsuisse-wollen-staerker-kooperieren-2_Organisator.jpg\",\"datePublished\":\"2020-06-18T06:00:20+00:00\",\"description\":\"ASCO und EXPERTsuisse haben beschlossen, enger zusammenzuarbeiten. Die Kooperation umfasst vorerst eine Zusammenarbeit auf inhaltlicher Ebene.\",\"breadcrumb\":{\"@id\":\"https:\\\/\\\/www.organisator.ch\\\/management\\\/finanzen_recht\\\/2020-06-18\\\/branchenverbaende-asco-und-expertsuisse-wollen-staerker-kooperieren\\\/#breadcrumb\"},\"inLanguage\":\"fr-FR\",\"potentialAction\":[{\"@type\":\"ReadAction\",\"target\":[\"https:\\\/\\\/www.organisator.ch\\\/management\\\/finanzen_recht\\\/2020-06-18\\\/branchenverbaende-asco-und-expertsuisse-wollen-staerker-kooperieren\\\/\"]}]},{\"@type\":\"ImageObject\",\"inLanguage\":\"fr-FR\",\"@id\":\"https:\\\/\\\/www.organisator.ch\\\/management\\\/finanzen_recht\\\/2020-06-18\\\/branchenverbaende-asco-und-expertsuisse-wollen-staerker-kooperieren\\\/#primaryimage\",\"url\":\"https:\\\/\\\/www.organisator.ch\\\/wp-content\\\/uploads\\\/2020\\\/06\\\/Branchenverbaende-ASCO-und-EXPERTsuisse-wollen-staerker-kooperieren-2_Organisator.jpg\",\"contentUrl\":\"https:\\\/\\\/www.organisator.ch\\\/wp-content\\\/uploads\\\/2020\\\/06\\\/Branchenverbaende-ASCO-und-EXPERTsuisse-wollen-staerker-kooperieren-2_Organisator.jpg\",\"width\":376,\"height\":213},{\"@type\":\"BreadcrumbList\",\"@id\":\"https:\\\/\\\/www.organisator.ch\\\/management\\\/finanzen_recht\\\/2020-06-18\\\/branchenverbaende-asco-und-expertsuisse-wollen-staerker-kooperieren\\\/#breadcrumb\",\"itemListElement\":[{\"@type\":\"ListItem\",\"position\":1,\"name\":\"Home\",\"item\":\"https:\\\/\\\/www.organisator.ch\\\/\"},{\"@type\":\"ListItem\",\"position\":2,\"name\":\"Branchenverb\u00e4nde ASCO und EXPERTsuisse wollen st\u00e4rker kooperieren\"}]},{\"@type\":\"WebSite\",\"@id\":\"https:\\\/\\\/www.organisator.ch\\\/#website\",\"url\":\"https:\\\/\\\/www.organisator.ch\\\/\",\"name\":\"Organisator\",\"description\":\"Kompetent. Praxisnah. Der ORGANISATOR bereitet in 10 Ausgaben pro Jahr die wesentlichen Themen f\u00fcr F\u00fchrungskr\u00e4fte von KMU auf.\",\"publisher\":{\"@id\":\"https:\\\/\\\/www.organisator.ch\\\/#organization\"},\"potentialAction\":[{\"@type\":\"SearchAction\",\"target\":{\"@type\":\"EntryPoint\",\"urlTemplate\":\"https:\\\/\\\/www.organisator.ch\\\/?s={search_term_string}\"},\"query-input\":{\"@type\":\"PropertyValueSpecification\",\"valueRequired\":true,\"valueName\":\"search_term_string\"}}],\"inLanguage\":\"fr-FR\"},{\"@type\":\"Organization\",\"@id\":\"https:\\\/\\\/www.organisator.ch\\\/#organization\",\"name\":\"Organisator\",\"url\":\"https:\\\/\\\/www.organisator.ch\\\/\",\"logo\":{\"@type\":\"ImageObject\",\"inLanguage\":\"fr-FR\",\"@id\":\"https:\\\/\\\/www.organisator.ch\\\/#\\\/schema\\\/logo\\\/image\\\/\",\"url\":\"https:\\\/\\\/www.organisator.ch\\\/wp-content\\\/uploads\\\/2022\\\/01\\\/Logo_Organisator_Website.png\",\"contentUrl\":\"https:\\\/\\\/www.organisator.ch\\\/wp-content\\\/uploads\\\/2022\\\/01\\\/Logo_Organisator_Website.png\",\"width\":800,\"height\":77,\"caption\":\"Organisator\"},\"image\":{\"@id\":\"https:\\\/\\\/www.organisator.ch\\\/#\\\/schema\\\/logo\\\/image\\\/\"},\"sameAs\":[\"https:\\\/\\\/www.facebook.com\\\/OrganisatorFachmagazin\",\"https:\\\/\\\/www.linkedin.com\\\/showcase\\\/organisator-das-magazin-fr-kmu\",\"https:\\\/\\\/www.xing.com\\\/news\\\/pages\\\/organisator-ch-695\",\"https:\\\/\\\/www.youtube.com\\\/channel\\\/UCGP2Sq0iWaZwT3BdIAQFYpw\"]},{\"@type\":\"Person\",\"@id\":\"https:\\\/\\\/www.organisator.ch\\\/#\\\/schema\\\/person\\\/6f650f90b2842cd4c0cc334b4e36f67e\",\"name\":\"thomas.berner\",\"image\":{\"@type\":\"ImageObject\",\"inLanguage\":\"fr-FR\",\"@id\":\"https:\\\/\\\/secure.gravatar.com\\\/avatar\\\/ac5001d2a36cb6c6cd3e50789007ffca834b477b74a2144564522e944eabff61?s=96&d=mm&r=g\",\"url\":\"https:\\\/\\\/secure.gravatar.com\\\/avatar\\\/ac5001d2a36cb6c6cd3e50789007ffca834b477b74a2144564522e944eabff61?s=96&d=mm&r=g\",\"contentUrl\":\"https:\\\/\\\/secure.gravatar.com\\\/avatar\\\/ac5001d2a36cb6c6cd3e50789007ffca834b477b74a2144564522e944eabff61?s=96&d=mm&r=g\",\"caption\":\"thomas.berner\"},\"url\":\"https:\\\/\\\/www.organisator.ch\\\/fr\\\/author\\\/thomas-berner\\\/\"}]}<\/script>\n<!-- \/ Yoast SEO plugin. -->","yoast_head_json":{"title":"Les associations professionnelles ASCO et EXPERTsuisse veulent renforcer leur coop\u00e9ration - Organisateur","description":"L'ASCO et EXPERTsuisse ont d\u00e9cid\u00e9 de collaborer plus \u00e9troitement. Dans un premier temps, la coop\u00e9ration porte sur le contenu.","robots":{"index":"index","follow":"follow","max-snippet":"max-snippet:-1","max-image-preview":"max-image-preview:large","max-video-preview":"max-video-preview:-1"},"canonical":"https:\/\/www.organisator.ch\/fr\/gestion-2\/finanzen_recht\/2020-06-18\/branchenverbaende-asco-und-expertsuisse-wollen-staerker-kooperieren\/","og_locale":"fr_FR","og_type":"article","og_title":"Branchenverb\u00e4nde ASCO und EXPERTsuisse wollen st\u00e4rker kooperieren","og_description":"ASCO und EXPERTsuisse haben beschlossen, enger zusammenzuarbeiten. Die Kooperation umfasst vorerst eine Zusammenarbeit auf inhaltlicher Ebene.","og_url":"https:\/\/www.organisator.ch\/fr\/gestion-2\/finanzen_recht\/2020-06-18\/branchenverbaende-asco-und-expertsuisse-wollen-staerker-kooperieren\/","og_site_name":"Organisator","article_publisher":"https:\/\/www.facebook.com\/OrganisatorFachmagazin","article_published_time":"2020-06-18T06:00:20+00:00","og_image":[{"width":376,"height":213,"url":"https:\/\/www.organisator.ch\/wp-content\/uploads\/2020\/06\/Branchenverbaende-ASCO-und-EXPERTsuisse-wollen-staerker-kooperieren-2_Organisator.jpg","type":"image\/jpeg"}],"author":"thomas.berner","twitter_card":"summary_large_image","twitter_title":"Branchenverb\u00e4nde #ASCO und #EXPERTsuisse wollen st\u00e4rker kooperieren","twitter_description":"#ASCO und #EXPERTsuisse haben beschlossen, enger zusammenzuarbeiten. Die #Kooperation umfasst vorerst eine Zusammenarbeit auf inhaltlicher Ebene.","twitter_image":"https:\/\/www.organisator.ch\/wp-content\/uploads\/2020\/06\/Branchenverbaende-ASCO-und-EXPERTsuisse-wollen-staerker-kooperieren-2_Organisator.jpg","schema":{"@context":"https:\/\/schema.org","@graph":[{"@type":"Article","@id":"https:\/\/www.organisator.ch\/management\/finanzen_recht\/2020-06-18\/branchenverbaende-asco-und-expertsuisse-wollen-staerker-kooperieren\/#article","isPartOf":{"@id":"https:\/\/www.organisator.ch\/management\/finanzen_recht\/2020-06-18\/branchenverbaende-asco-und-expertsuisse-wollen-staerker-kooperieren\/"},"author":{"name":"thomas.berner","@id":"https:\/\/www.organisator.ch\/#\/schema\/person\/6f650f90b2842cd4c0cc334b4e36f67e"},"headline":"Branchenverb\u00e4nde ASCO und EXPERTsuisse wollen st\u00e4rker kooperieren","datePublished":"2020-06-18T06:00:20+00:00","mainEntityOfPage":{"@id":"https:\/\/www.organisator.ch\/management\/finanzen_recht\/2020-06-18\/branchenverbaende-asco-und-expertsuisse-wollen-staerker-kooperieren\/"},"wordCount":458,"publisher":{"@id":"https:\/\/www.organisator.ch\/#organization"},"image":{"@id":"https:\/\/www.organisator.ch\/management\/finanzen_recht\/2020-06-18\/branchenverbaende-asco-und-expertsuisse-wollen-staerker-kooperieren\/#primaryimage"},"thumbnailUrl":"https:\/\/www.organisator.ch\/wp-content\/uploads\/2020\/06\/Branchenverbaende-ASCO-und-EXPERTsuisse-wollen-staerker-kooperieren-2_Organisator.jpg","keywords":["Finanzen\/Recht","Unternehmensberatung","Verb\u00e4nde","Wirtschaftspr\u00fcfung"],"articleSection":["FINANZEN\/RECHT"],"inLanguage":"fr-FR"},{"@type":"WebPage","@id":"https:\/\/www.organisator.ch\/management\/finanzen_recht\/2020-06-18\/branchenverbaende-asco-und-expertsuisse-wollen-staerker-kooperieren\/","url":"https:\/\/www.organisator.ch\/management\/finanzen_recht\/2020-06-18\/branchenverbaende-asco-und-expertsuisse-wollen-staerker-kooperieren\/","name":"Les associations professionnelles ASCO et EXPERTsuisse veulent renforcer leur coop\u00e9ration - Organisateur","isPartOf":{"@id":"https:\/\/www.organisator.ch\/#website"},"primaryImageOfPage":{"@id":"https:\/\/www.organisator.ch\/management\/finanzen_recht\/2020-06-18\/branchenverbaende-asco-und-expertsuisse-wollen-staerker-kooperieren\/#primaryimage"},"image":{"@id":"https:\/\/www.organisator.ch\/management\/finanzen_recht\/2020-06-18\/branchenverbaende-asco-und-expertsuisse-wollen-staerker-kooperieren\/#primaryimage"},"thumbnailUrl":"https:\/\/www.organisator.ch\/wp-content\/uploads\/2020\/06\/Branchenverbaende-ASCO-und-EXPERTsuisse-wollen-staerker-kooperieren-2_Organisator.jpg","datePublished":"2020-06-18T06:00:20+00:00","description":"L'ASCO et EXPERTsuisse ont d\u00e9cid\u00e9 de collaborer plus \u00e9troitement. Dans un premier temps, la coop\u00e9ration porte sur le contenu.","breadcrumb":{"@id":"https:\/\/www.organisator.ch\/management\/finanzen_recht\/2020-06-18\/branchenverbaende-asco-und-expertsuisse-wollen-staerker-kooperieren\/#breadcrumb"},"inLanguage":"fr-FR","potentialAction":[{"@type":"ReadAction","target":["https:\/\/www.organisator.ch\/management\/finanzen_recht\/2020-06-18\/branchenverbaende-asco-und-expertsuisse-wollen-staerker-kooperieren\/"]}]},{"@type":"ImageObject","inLanguage":"fr-FR","@id":"https:\/\/www.organisator.ch\/management\/finanzen_recht\/2020-06-18\/branchenverbaende-asco-und-expertsuisse-wollen-staerker-kooperieren\/#primaryimage","url":"https:\/\/www.organisator.ch\/wp-content\/uploads\/2020\/06\/Branchenverbaende-ASCO-und-EXPERTsuisse-wollen-staerker-kooperieren-2_Organisator.jpg","contentUrl":"https:\/\/www.organisator.ch\/wp-content\/uploads\/2020\/06\/Branchenverbaende-ASCO-und-EXPERTsuisse-wollen-staerker-kooperieren-2_Organisator.jpg","width":376,"height":213},{"@type":"BreadcrumbList","@id":"https:\/\/www.organisator.ch\/management\/finanzen_recht\/2020-06-18\/branchenverbaende-asco-und-expertsuisse-wollen-staerker-kooperieren\/#breadcrumb","itemListElement":[{"@type":"ListItem","position":1,"name":"Home","item":"https:\/\/www.organisator.ch\/"},{"@type":"ListItem","position":2,"name":"Branchenverb\u00e4nde ASCO und EXPERTsuisse wollen st\u00e4rker kooperieren"}]},{"@type":"WebSite","@id":"https:\/\/www.organisator.ch\/#website","url":"https:\/\/www.organisator.ch\/","name":"Organisateur","description":"Comp\u00e9tence et comp\u00e9tence. Proches de la pratique. L'ORGANISATEUR pr\u00e9pare 10 num\u00e9ros par an sur les th\u00e8mes essentiels pour les dirigeants de PME.","publisher":{"@id":"https:\/\/www.organisator.ch\/#organization"},"potentialAction":[{"@type":"SearchAction","target":{"@type":"EntryPoint","urlTemplate":"https:\/\/www.organisator.ch\/?s={search_term_string}"},"query-input":{"@type":"PropertyValueSpecification","valueRequired":true,"valueName":"search_term_string"}}],"inLanguage":"fr-FR"},{"@type":"Organization","@id":"https:\/\/www.organisator.ch\/#organization","name":"Organisateur","url":"https:\/\/www.organisator.ch\/","logo":{"@type":"ImageObject","inLanguage":"fr-FR","@id":"https:\/\/www.organisator.ch\/#\/schema\/logo\/image\/","url":"https:\/\/www.organisator.ch\/wp-content\/uploads\/2022\/01\/Logo_Organisator_Website.png","contentUrl":"https:\/\/www.organisator.ch\/wp-content\/uploads\/2022\/01\/Logo_Organisator_Website.png","width":800,"height":77,"caption":"Organisator"},"image":{"@id":"https:\/\/www.organisator.ch\/#\/schema\/logo\/image\/"},"sameAs":["https:\/\/www.facebook.com\/OrganisatorFachmagazin","https:\/\/www.linkedin.com\/showcase\/organisator-das-magazin-fr-kmu","https:\/\/www.xing.com\/news\/pages\/organisator-ch-695","https:\/\/www.youtube.com\/channel\/UCGP2Sq0iWaZwT3BdIAQFYpw"]},{"@type":"Person","@id":"https:\/\/www.organisator.ch\/#\/schema\/person\/6f650f90b2842cd4c0cc334b4e36f67e","name":"thomas.berner","image":{"@type":"ImageObject","inLanguage":"fr-FR","@id":"https:\/\/secure.gravatar.com\/avatar\/ac5001d2a36cb6c6cd3e50789007ffca834b477b74a2144564522e944eabff61?s=96&d=mm&r=g","url":"https:\/\/secure.gravatar.com\/avatar\/ac5001d2a36cb6c6cd3e50789007ffca834b477b74a2144564522e944eabff61?s=96&d=mm&r=g","contentUrl":"https:\/\/secure.gravatar.com\/avatar\/ac5001d2a36cb6c6cd3e50789007ffca834b477b74a2144564522e944eabff61?s=96&d=mm&r=g","caption":"thomas.berner"},"url":"https:\/\/www.organisator.ch\/fr\/author\/thomas-berner\/"}]}},"_links":{"self":[{"href":"https:\/\/www.organisator.ch\/fr\/wp-json\/wp\/v2\/posts\/6830","targetHints":{"allow":["GET"]}}],"collection":[{"href":"https:\/\/www.organisator.ch\/fr\/wp-json\/wp\/v2\/posts"}],"about":[{"href":"https:\/\/www.organisator.ch\/fr\/wp-json\/wp\/v2\/types\/post"}],"author":[{"embeddable":true,"href":"https:\/\/www.organisator.ch\/fr\/wp-json\/wp\/v2\/users\/4"}],"replies":[{"embeddable":true,"href":"https:\/\/www.organisator.ch\/fr\/wp-json\/wp\/v2\/comments?post=6830"}],"version-history":[{"count":0,"href":"https:\/\/www.organisator.ch\/fr\/wp-json\/wp\/v2\/posts\/6830\/revisions"}],"wp:featuredmedia":[{"embeddable":true,"href":"https:\/\/www.organisator.ch\/fr\/wp-json\/wp\/v2\/media\/6832"}],"wp:attachment":[{"href":"https:\/\/www.organisator.ch\/fr\/wp-json\/wp\/v2\/media?parent=6830"}],"wp:term":[{"taxonomy":"category","embeddable":true,"href":"https:\/\/www.organisator.ch\/fr\/wp-json\/wp\/v2\/categories?post=6830"},{"taxonomy":"post_tag","embeddable":true,"href":"https:\/\/www.organisator.ch\/fr\/wp-json\/wp\/v2\/tags?post=6830"}],"curies":[{"name":"wp","href":"https:\/\/api.w.org\/{rel}","templated":true}]}}