{"id":6862,"date":"2020-06-24T13:49:01","date_gmt":"2020-06-24T11:49:01","guid":{"rendered":"https:\/\/www.organisator.ch\/?p=6862"},"modified":"2020-06-24T13:49:01","modified_gmt":"2020-06-24T11:49:01","slug":"trotz-corona-geschaeftsreisende-bevorzugen-persoenliche-meetings","status":"publish","type":"post","link":"https:\/\/www.organisator.ch\/fr\/management\/2020-06-24\/trotz-corona-geschaeftsreisende-bevorzugen-persoenliche-meetings\/","title":{"rendered":"Malgr\u00e9 Corona : les voyageurs d'affaires pr\u00e9f\u00e8rent les r\u00e9unions en face \u00e0 face"},"content":{"rendered":"<figure id=\"attachment_6863\" aria-describedby=\"caption-attachment-6863\" style=\"width: 680px\" class=\"wp-caption alignnone\"><img loading=\"lazy\" decoding=\"async\" class=\"size-medium wp-image-6863\" src=\"https:\/\/www.organisator.ch\/wp-content\/uploads\/2020\/06\/Trotz-Corona-Geschaeftsreisende-bevorzugen-persoenliche-Meetings_Organisator.jpg\" alt=\"\" width=\"680\" height=\"539\" srcset=\"https:\/\/www.organisator.ch\/wp-content\/uploads\/2020\/06\/Trotz-Corona-Geschaeftsreisende-bevorzugen-persoenliche-Meetings_Organisator.jpg 680w, https:\/\/www.organisator.ch\/wp-content\/uploads\/2020\/06\/Trotz-Corona-Geschaeftsreisende-bevorzugen-persoenliche-Meetings_Organisator-16x12.jpg 16w, https:\/\/www.organisator.ch\/wp-content\/uploads\/2020\/06\/Trotz-Corona-Geschaeftsreisende-bevorzugen-persoenliche-Meetings_Organisator-221x175.jpg 221w, https:\/\/www.organisator.ch\/wp-content\/uploads\/2020\/06\/Trotz-Corona-Geschaeftsreisende-bevorzugen-persoenliche-Meetings_Organisator-442x350.jpg 442w, https:\/\/www.organisator.ch\/wp-content\/uploads\/2020\/06\/Trotz-Corona-Geschaeftsreisende-bevorzugen-persoenliche-Meetings_Organisator-300x238.jpg 300w\" sizes=\"auto, (max-width: 680px) 100vw, 680px\" \/><figcaption id=\"caption-attachment-6863\" class=\"wp-caption-text\">Malgr\u00e9 la Corona : les rencontres personnelles g\u00e9n\u00e8rent plus de chiffre d'affaires. (Image : obs\/DRV Deutscher Reiseverband e.V.)<\/figcaption><\/figure>\n<p>Bureau \u00e0 domicile au lieu de d\u00e9placement professionnel : voil\u00e0 \u00e0 quoi ressemblait le travail quotidien de nombreux employ\u00e9s pendant des semaines en raison des mesures Corona. Selon le Deutscher Reiseverband e.V. (DRV), 69 % des voyages d'affaires ont \u00e9t\u00e9 remplac\u00e9s par des r\u00e9unions virtuelles depuis mars. Bien que les voyages d'affaires aient \u00e9t\u00e9 possibles malgr\u00e9 le lockdown, seules 16 pour cent des r\u00e9unions avec des participants externes tels que des clients ou des prestataires de services ont eu lieu depuis le d\u00e9but de la pand\u00e9mie, 16 pour cent respectivement ont \u00e9t\u00e9 report\u00e9es ou totalement annul\u00e9es. Et une conf\u00e9rence sur trois a \u00e9t\u00e9 organis\u00e9e pour la premi\u00e8re fois de mani\u00e8re virtuelle. Le secteur des voyages d'affaires a donc \u00e9t\u00e9 presque enti\u00e8rement paralys\u00e9 pendant la phase aigu\u00eb de la pand\u00e9mie de Corona.<\/p>\n<p>M\u00eame si les r\u00e9unions virtuelles font d\u00e9sormais partie de la routine dans de nombreux endroits, les voyageurs d'affaires souhaitent \u00e0 nouveau privil\u00e9gier les rencontres en face \u00e0 face \u00e0 l'avenir. 85 % des personnes interrog\u00e9es indiquent qu'elles pr\u00e9f\u00e8rent ce type de r\u00e9union. 43 pour cent d'entre eux pr\u00e9voient d'organiser nettement moins de r\u00e9unions virtuelles \u00e0 l'avenir. En revanche, 42 pour cent souhaitent continuer \u00e0 organiser une partie des r\u00e9unions de mani\u00e8re virtuelle.<\/p>\n<h2>Les rencontres personnelles g\u00e9n\u00e8rent plus de chiffre d'affaires - malgr\u00e9 la Corona<\/h2>\n<p>Au cours des derni\u00e8res semaines, de nombreux employ\u00e9s ont remarqu\u00e9 que les vid\u00e9oconf\u00e9rences et les conf\u00e9rences t\u00e9l\u00e9phoniques pr\u00e9sentaient des avantages certains. 79 pour cent citent par exemple des co\u00fbts r\u00e9duits et 73 pour cent un gain de temps. Mais 68 pour cent d'entre eux ont \u00e9galement remarqu\u00e9 une grave lacune - le risque de probl\u00e8mes techniques. Il existe en outre d'autres aspects qui parlent plut\u00f4t en faveur des r\u00e9unions en face \u00e0 face. Parmi les points positifs, 51 pour cent mentionnent le sentiment de r\u00e9ussite personnelle pour les collaborateurs et 49 pour cent le meilleur entretien des relations. Du point de vue des ventes, le contact personnel semble \u00e9galement \u00eatre avantageux : 45 % d\u00e9clarent ainsi r\u00e9aliser plus de chiffre d'affaires lors de r\u00e9unions en face \u00e0 face. En ce qui concerne les r\u00e9unions virtuelles, cela ne concerne qu'un tiers des personnes interrog\u00e9es.<\/p>\n<p>\"Une rencontre personnelle cr\u00e9e une base de confiance qu'il est difficile d'\u00e9tablir virtuellement\", explique Verena Funke, Country Director chez Egencia. \"C'est pourquoi les entretiens importants auront certainement lieu plus souvent en personne \u00e0 l'avenir. La collaboration avec les experts d'une agence de voyages d'affaires permet d'\u00e9viter les risques de s\u00e9curit\u00e9 li\u00e9s \u00e0 la couronne\".<\/p>\n<h2>Certains voyageurs d'affaires sont particuli\u00e8rement productifs en d\u00e9placement<\/h2>\n<p>Un autre avantage des r\u00e9unions en face \u00e0 face et des d\u00e9placements n\u00e9cessaires est que 19 % des voyageurs d'affaires peuvent travailler de mani\u00e8re plus productive en d\u00e9placement qu'\u00e0 leur poste de travail fixe. Une personne sur deux atteint tout de m\u00eame le m\u00eame niveau malgr\u00e9 les d\u00e9placements. Cela s'explique surtout par le fait que les personnes voyageant seules peuvent utiliser le temps entre ou apr\u00e8s les rendez-vous de mani\u00e8re judicieuse pour travailler. Deux personnes interrog\u00e9es sur trois citent cette raison comme \u00e9tant la raison pour laquelle elles sont productives en d\u00e9placement. Six sur dix l'attribuent au fait qu'ils peuvent se d\u00e9tendre entre-temps. Pour une personne sur deux, un environnement diff\u00e9rent favorise la cr\u00e9ativit\u00e9 et donc la productivit\u00e9.<\/p>\n<p>Mais les voyageurs d'affaires ne trouvent pas partout les conditions ad\u00e9quates pour travailler de mani\u00e8re productive. C'est notamment le cas dans les a\u00e9roports et les gares. 31 % sont insatisfaits de l'acc\u00e8s WLAN qui y est propos\u00e9. 33 pour cent souhaiteraient davantage de cabines insonoris\u00e9es pour pouvoir t\u00e9l\u00e9phoner sans \u00eatre d\u00e9rang\u00e9s et 35 pour cent davantage d'espaces de travail calmes avec une table. \"Les entreprises peuvent favoriser la productivit\u00e9 de leurs collaborateurs en voyage d'affaires\", explique Funke. \"Cela implique par exemple d'organiser l'acc\u00e8s \u00e0 des salons et de fournir un acc\u00e8s WLAN. Les agences de voyages d'affaires aident leurs partenaires \u00e0 trouver la solution ad\u00e9quate pour les employ\u00e9s\".<\/p>\n<p>L'espoir est-il donc en train de germer doucement dans le secteur des voyages d'affaires ?<\/p>\n<p><em>Source : <a href=\"https:\/\/www.drv.de\/\">F\u00e9d\u00e9ration allemande du voyage e. V. (DRV)<\/a><\/em><\/p>","protected":false},"excerpt":{"rendered":"<p>Home-Office statt dienstlich unterwegs: So sah wegen den Corona-Ma\u00dfnahmen der Arbeitsalltag vieler Besch\u00e4ftigter wochenlang aus. Gem\u00e4ss dem Deutschen Reiseverband e.V. (DRV) wurden seit M\u00e4rz 69 Prozent der Gesch\u00e4ftsreisen durch virtuelle Meetings ersetzt. Das entspricht einem Anstieg um 39 Prozentpunkte im Vergleich zum Jahr 2019. Obwohl Dienstreisen trotz des Lockdowns m\u00f6glich waren, fanden seit Ausbruch der [&hellip;]<\/p>\n","protected":false},"author":4,"featured_media":6863,"comment_status":"closed","ping_status":"closed","sticky":false,"template":"","format":"standard","meta":{"_acf_changed":false,"_yoast_wpseo_focuskw":"Trotz Corona","_yoast_wpseo_metadesc":"Eine Studie des Deutschen Reiseverbands e.V. (DRV) zeigt, dass Gesch\u00e4ftsreisende trotz Corona pers\u00f6nliche Meetings bevorzugen.","articlekey":"","footnotes":""},"categories":[28],"tags":[107,132,335,459],"class_list":["post-6862","post","type-post","status-publish","format-standard","has-post-thumbnail","hentry","category-management","tag-business-travel","tag-coronavirus","tag-management-und-unternehmensfuehrung","tag-studie"],"acf":[],"yoast_head":"<!-- This site is optimized with the Yoast SEO plugin v27.5 - https:\/\/yoast.com\/product\/yoast-seo-wordpress\/ -->\n<title>Trotz Corona: Gesch\u00e4ftsreisende bevorzugen pers\u00f6nliche Meetings - Organisator<\/title>\n<meta name=\"description\" content=\"Eine Studie des Deutschen Reiseverbands e.V. (DRV) zeigt, dass Gesch\u00e4ftsreisende trotz Corona pers\u00f6nliche Meetings bevorzugen.\" \/>\n<meta name=\"robots\" content=\"index, follow, max-snippet:-1, max-image-preview:large, max-video-preview:-1\" \/>\n<link rel=\"canonical\" href=\"https:\/\/www.organisator.ch\/fr\/gestion-2\/2020-06-24\/trotz-corona-geschaeftsreisende-bevorzugen-persoenliche-meetings\/\" \/>\n<meta property=\"og:locale\" content=\"fr_FR\" \/>\n<meta property=\"og:type\" content=\"article\" \/>\n<meta property=\"og:title\" content=\"Trotz Corona: Gesch\u00e4ftsreisende bevorzugen pers\u00f6nliche Meetings\" \/>\n<meta property=\"og:description\" content=\"Eine Studie des Deutschen Reiseverbands e.V. (DRV) zeigt, dass Gesch\u00e4ftsreisende trotz Corona pers\u00f6nliche Meetings bevorzugen.\" \/>\n<meta property=\"og:url\" content=\"https:\/\/www.organisator.ch\/fr\/gestion-2\/2020-06-24\/trotz-corona-geschaeftsreisende-bevorzugen-persoenliche-meetings\/\" \/>\n<meta property=\"og:site_name\" content=\"Organisator\" \/>\n<meta property=\"article:publisher\" content=\"https:\/\/www.facebook.com\/OrganisatorFachmagazin\" \/>\n<meta property=\"article:published_time\" content=\"2020-06-24T11:49:01+00:00\" \/>\n<meta property=\"og:image\" content=\"https:\/\/www.organisator.ch\/wp-content\/uploads\/2020\/06\/Trotz-Corona-Geschaeftsreisende-bevorzugen-persoenliche-Meetings_Organisator.jpg\" \/>\n\t<meta property=\"og:image:width\" content=\"680\" \/>\n\t<meta property=\"og:image:height\" content=\"539\" \/>\n\t<meta property=\"og:image:type\" content=\"image\/jpeg\" \/>\n<meta name=\"author\" content=\"thomas.berner\" \/>\n<meta name=\"twitter:card\" content=\"summary_large_image\" \/>\n<meta name=\"twitter:title\" content=\"Trotz #Corona: #Gesch\u00e4ftsreisende bevorzugen pers\u00f6nliche Meetings\" \/>\n<meta name=\"twitter:description\" content=\"Eine Studie des Deutschen Reiseverbands e.V. (#DRV) zeigt, dass #Gesch\u00e4ftsreisende trotz #Corona pers\u00f6nliche Meetings bevorzugen.\" \/>\n<meta name=\"twitter:image\" content=\"https:\/\/www.organisator.ch\/wp-content\/uploads\/2020\/06\/Trotz-Corona-Geschaeftsreisende-bevorzugen-persoenliche-Meetings_Organisator.jpg\" \/>\n<script type=\"application\/ld+json\" class=\"yoast-schema-graph\">{\"@context\":\"https:\\\/\\\/schema.org\",\"@graph\":[{\"@type\":\"Article\",\"@id\":\"https:\\\/\\\/www.organisator.ch\\\/management\\\/2020-06-24\\\/trotz-corona-geschaeftsreisende-bevorzugen-persoenliche-meetings\\\/#article\",\"isPartOf\":{\"@id\":\"https:\\\/\\\/www.organisator.ch\\\/management\\\/2020-06-24\\\/trotz-corona-geschaeftsreisende-bevorzugen-persoenliche-meetings\\\/\"},\"author\":{\"name\":\"thomas.berner\",\"@id\":\"https:\\\/\\\/www.organisator.ch\\\/#\\\/schema\\\/person\\\/6f650f90b2842cd4c0cc334b4e36f67e\"},\"headline\":\"Trotz Corona: Gesch\u00e4ftsreisende bevorzugen pers\u00f6nliche Meetings\",\"datePublished\":\"2020-06-24T11:49:01+00:00\",\"mainEntityOfPage\":{\"@id\":\"https:\\\/\\\/www.organisator.ch\\\/management\\\/2020-06-24\\\/trotz-corona-geschaeftsreisende-bevorzugen-persoenliche-meetings\\\/\"},\"wordCount\":585,\"publisher\":{\"@id\":\"https:\\\/\\\/www.organisator.ch\\\/#organization\"},\"image\":{\"@id\":\"https:\\\/\\\/www.organisator.ch\\\/management\\\/2020-06-24\\\/trotz-corona-geschaeftsreisende-bevorzugen-persoenliche-meetings\\\/#primaryimage\"},\"thumbnailUrl\":\"https:\\\/\\\/www.organisator.ch\\\/wp-content\\\/uploads\\\/2020\\\/06\\\/Trotz-Corona-Geschaeftsreisende-bevorzugen-persoenliche-Meetings_Organisator.jpg\",\"keywords\":[\"Business Travel\",\"Coronavirus\",\"Management und Unternehmensf\u00fchrung\",\"Studie\"],\"articleSection\":[\"MANAGEMENT\"],\"inLanguage\":\"fr-FR\"},{\"@type\":\"WebPage\",\"@id\":\"https:\\\/\\\/www.organisator.ch\\\/management\\\/2020-06-24\\\/trotz-corona-geschaeftsreisende-bevorzugen-persoenliche-meetings\\\/\",\"url\":\"https:\\\/\\\/www.organisator.ch\\\/management\\\/2020-06-24\\\/trotz-corona-geschaeftsreisende-bevorzugen-persoenliche-meetings\\\/\",\"name\":\"Trotz Corona: Gesch\u00e4ftsreisende bevorzugen pers\u00f6nliche Meetings - Organisator\",\"isPartOf\":{\"@id\":\"https:\\\/\\\/www.organisator.ch\\\/#website\"},\"primaryImageOfPage\":{\"@id\":\"https:\\\/\\\/www.organisator.ch\\\/management\\\/2020-06-24\\\/trotz-corona-geschaeftsreisende-bevorzugen-persoenliche-meetings\\\/#primaryimage\"},\"image\":{\"@id\":\"https:\\\/\\\/www.organisator.ch\\\/management\\\/2020-06-24\\\/trotz-corona-geschaeftsreisende-bevorzugen-persoenliche-meetings\\\/#primaryimage\"},\"thumbnailUrl\":\"https:\\\/\\\/www.organisator.ch\\\/wp-content\\\/uploads\\\/2020\\\/06\\\/Trotz-Corona-Geschaeftsreisende-bevorzugen-persoenliche-Meetings_Organisator.jpg\",\"datePublished\":\"2020-06-24T11:49:01+00:00\",\"description\":\"Eine Studie des Deutschen Reiseverbands e.V. (DRV) zeigt, dass Gesch\u00e4ftsreisende trotz Corona pers\u00f6nliche Meetings bevorzugen.\",\"breadcrumb\":{\"@id\":\"https:\\\/\\\/www.organisator.ch\\\/management\\\/2020-06-24\\\/trotz-corona-geschaeftsreisende-bevorzugen-persoenliche-meetings\\\/#breadcrumb\"},\"inLanguage\":\"fr-FR\",\"potentialAction\":[{\"@type\":\"ReadAction\",\"target\":[\"https:\\\/\\\/www.organisator.ch\\\/management\\\/2020-06-24\\\/trotz-corona-geschaeftsreisende-bevorzugen-persoenliche-meetings\\\/\"]}]},{\"@type\":\"ImageObject\",\"inLanguage\":\"fr-FR\",\"@id\":\"https:\\\/\\\/www.organisator.ch\\\/management\\\/2020-06-24\\\/trotz-corona-geschaeftsreisende-bevorzugen-persoenliche-meetings\\\/#primaryimage\",\"url\":\"https:\\\/\\\/www.organisator.ch\\\/wp-content\\\/uploads\\\/2020\\\/06\\\/Trotz-Corona-Geschaeftsreisende-bevorzugen-persoenliche-Meetings_Organisator.jpg\",\"contentUrl\":\"https:\\\/\\\/www.organisator.ch\\\/wp-content\\\/uploads\\\/2020\\\/06\\\/Trotz-Corona-Geschaeftsreisende-bevorzugen-persoenliche-Meetings_Organisator.jpg\",\"width\":680,\"height\":539,\"caption\":\"Trotz Corona: Pers\u00f6nliche Treffen bringen mehr Umsatz Weiterer Text \u00fcber ots und www.presseportal.de\\\/nr\\\/106972 \\\/ Die Verwendung dieses Bildes ist f\u00fcr redaktionelle Zwecke honorarfrei. Ver\u00f6ffentlichung bitte unter Quellenangabe: \\\"obs\\\/DRV Deutscher Reiseverband e.V.\\\"\"},{\"@type\":\"BreadcrumbList\",\"@id\":\"https:\\\/\\\/www.organisator.ch\\\/management\\\/2020-06-24\\\/trotz-corona-geschaeftsreisende-bevorzugen-persoenliche-meetings\\\/#breadcrumb\",\"itemListElement\":[{\"@type\":\"ListItem\",\"position\":1,\"name\":\"Home\",\"item\":\"https:\\\/\\\/www.organisator.ch\\\/\"},{\"@type\":\"ListItem\",\"position\":2,\"name\":\"Trotz Corona: Gesch\u00e4ftsreisende bevorzugen pers\u00f6nliche Meetings\"}]},{\"@type\":\"WebSite\",\"@id\":\"https:\\\/\\\/www.organisator.ch\\\/#website\",\"url\":\"https:\\\/\\\/www.organisator.ch\\\/\",\"name\":\"Organisator\",\"description\":\"Kompetent. Praxisnah. Der ORGANISATOR bereitet in 10 Ausgaben pro Jahr die wesentlichen Themen f\u00fcr F\u00fchrungskr\u00e4fte von KMU auf.\",\"publisher\":{\"@id\":\"https:\\\/\\\/www.organisator.ch\\\/#organization\"},\"potentialAction\":[{\"@type\":\"SearchAction\",\"target\":{\"@type\":\"EntryPoint\",\"urlTemplate\":\"https:\\\/\\\/www.organisator.ch\\\/?s={search_term_string}\"},\"query-input\":{\"@type\":\"PropertyValueSpecification\",\"valueRequired\":true,\"valueName\":\"search_term_string\"}}],\"inLanguage\":\"fr-FR\"},{\"@type\":\"Organization\",\"@id\":\"https:\\\/\\\/www.organisator.ch\\\/#organization\",\"name\":\"Organisator\",\"url\":\"https:\\\/\\\/www.organisator.ch\\\/\",\"logo\":{\"@type\":\"ImageObject\",\"inLanguage\":\"fr-FR\",\"@id\":\"https:\\\/\\\/www.organisator.ch\\\/#\\\/schema\\\/logo\\\/image\\\/\",\"url\":\"https:\\\/\\\/www.organisator.ch\\\/wp-content\\\/uploads\\\/2022\\\/01\\\/Logo_Organisator_Website.png\",\"contentUrl\":\"https:\\\/\\\/www.organisator.ch\\\/wp-content\\\/uploads\\\/2022\\\/01\\\/Logo_Organisator_Website.png\",\"width\":800,\"height\":77,\"caption\":\"Organisator\"},\"image\":{\"@id\":\"https:\\\/\\\/www.organisator.ch\\\/#\\\/schema\\\/logo\\\/image\\\/\"},\"sameAs\":[\"https:\\\/\\\/www.facebook.com\\\/OrganisatorFachmagazin\",\"https:\\\/\\\/www.linkedin.com\\\/showcase\\\/organisator-das-magazin-fr-kmu\",\"https:\\\/\\\/www.xing.com\\\/news\\\/pages\\\/organisator-ch-695\",\"https:\\\/\\\/www.youtube.com\\\/channel\\\/UCGP2Sq0iWaZwT3BdIAQFYpw\"]},{\"@type\":\"Person\",\"@id\":\"https:\\\/\\\/www.organisator.ch\\\/#\\\/schema\\\/person\\\/6f650f90b2842cd4c0cc334b4e36f67e\",\"name\":\"thomas.berner\",\"image\":{\"@type\":\"ImageObject\",\"inLanguage\":\"fr-FR\",\"@id\":\"https:\\\/\\\/secure.gravatar.com\\\/avatar\\\/ac5001d2a36cb6c6cd3e50789007ffca834b477b74a2144564522e944eabff61?s=96&d=mm&r=g\",\"url\":\"https:\\\/\\\/secure.gravatar.com\\\/avatar\\\/ac5001d2a36cb6c6cd3e50789007ffca834b477b74a2144564522e944eabff61?s=96&d=mm&r=g\",\"contentUrl\":\"https:\\\/\\\/secure.gravatar.com\\\/avatar\\\/ac5001d2a36cb6c6cd3e50789007ffca834b477b74a2144564522e944eabff61?s=96&d=mm&r=g\",\"caption\":\"thomas.berner\"},\"url\":\"https:\\\/\\\/www.organisator.ch\\\/fr\\\/author\\\/thomas-berner\\\/\"}]}<\/script>\n<!-- \/ Yoast SEO plugin. -->","yoast_head_json":{"title":"Malgr\u00e9 Corona : les voyageurs d'affaires pr\u00e9f\u00e8rent les r\u00e9unions en face \u00e0 face - Organisateur","description":"Une \u00e9tude de la F\u00e9d\u00e9ration allemande du voyage (DRV) montre que les voyageurs d'affaires pr\u00e9f\u00e8rent les r\u00e9unions en face \u00e0 face malgr\u00e9 les Corona.","robots":{"index":"index","follow":"follow","max-snippet":"max-snippet:-1","max-image-preview":"max-image-preview:large","max-video-preview":"max-video-preview:-1"},"canonical":"https:\/\/www.organisator.ch\/fr\/gestion-2\/2020-06-24\/trotz-corona-geschaeftsreisende-bevorzugen-persoenliche-meetings\/","og_locale":"fr_FR","og_type":"article","og_title":"Trotz Corona: Gesch\u00e4ftsreisende bevorzugen pers\u00f6nliche Meetings","og_description":"Eine Studie des Deutschen Reiseverbands e.V. (DRV) zeigt, dass Gesch\u00e4ftsreisende trotz Corona pers\u00f6nliche Meetings bevorzugen.","og_url":"https:\/\/www.organisator.ch\/fr\/gestion-2\/2020-06-24\/trotz-corona-geschaeftsreisende-bevorzugen-persoenliche-meetings\/","og_site_name":"Organisator","article_publisher":"https:\/\/www.facebook.com\/OrganisatorFachmagazin","article_published_time":"2020-06-24T11:49:01+00:00","og_image":[{"width":680,"height":539,"url":"https:\/\/www.organisator.ch\/wp-content\/uploads\/2020\/06\/Trotz-Corona-Geschaeftsreisende-bevorzugen-persoenliche-Meetings_Organisator.jpg","type":"image\/jpeg"}],"author":"thomas.berner","twitter_card":"summary_large_image","twitter_title":"Trotz #Corona: #Gesch\u00e4ftsreisende bevorzugen pers\u00f6nliche Meetings","twitter_description":"Eine Studie des Deutschen Reiseverbands e.V. (#DRV) zeigt, dass #Gesch\u00e4ftsreisende trotz #Corona pers\u00f6nliche Meetings bevorzugen.","twitter_image":"https:\/\/www.organisator.ch\/wp-content\/uploads\/2020\/06\/Trotz-Corona-Geschaeftsreisende-bevorzugen-persoenliche-Meetings_Organisator.jpg","schema":{"@context":"https:\/\/schema.org","@graph":[{"@type":"Article","@id":"https:\/\/www.organisator.ch\/management\/2020-06-24\/trotz-corona-geschaeftsreisende-bevorzugen-persoenliche-meetings\/#article","isPartOf":{"@id":"https:\/\/www.organisator.ch\/management\/2020-06-24\/trotz-corona-geschaeftsreisende-bevorzugen-persoenliche-meetings\/"},"author":{"name":"thomas.berner","@id":"https:\/\/www.organisator.ch\/#\/schema\/person\/6f650f90b2842cd4c0cc334b4e36f67e"},"headline":"Trotz Corona: Gesch\u00e4ftsreisende bevorzugen pers\u00f6nliche Meetings","datePublished":"2020-06-24T11:49:01+00:00","mainEntityOfPage":{"@id":"https:\/\/www.organisator.ch\/management\/2020-06-24\/trotz-corona-geschaeftsreisende-bevorzugen-persoenliche-meetings\/"},"wordCount":585,"publisher":{"@id":"https:\/\/www.organisator.ch\/#organization"},"image":{"@id":"https:\/\/www.organisator.ch\/management\/2020-06-24\/trotz-corona-geschaeftsreisende-bevorzugen-persoenliche-meetings\/#primaryimage"},"thumbnailUrl":"https:\/\/www.organisator.ch\/wp-content\/uploads\/2020\/06\/Trotz-Corona-Geschaeftsreisende-bevorzugen-persoenliche-Meetings_Organisator.jpg","keywords":["Business Travel","Coronavirus","Management und Unternehmensf\u00fchrung","Studie"],"articleSection":["MANAGEMENT"],"inLanguage":"fr-FR"},{"@type":"WebPage","@id":"https:\/\/www.organisator.ch\/management\/2020-06-24\/trotz-corona-geschaeftsreisende-bevorzugen-persoenliche-meetings\/","url":"https:\/\/www.organisator.ch\/management\/2020-06-24\/trotz-corona-geschaeftsreisende-bevorzugen-persoenliche-meetings\/","name":"Malgr\u00e9 Corona : les voyageurs d'affaires pr\u00e9f\u00e8rent les r\u00e9unions en face \u00e0 face - Organisateur","isPartOf":{"@id":"https:\/\/www.organisator.ch\/#website"},"primaryImageOfPage":{"@id":"https:\/\/www.organisator.ch\/management\/2020-06-24\/trotz-corona-geschaeftsreisende-bevorzugen-persoenliche-meetings\/#primaryimage"},"image":{"@id":"https:\/\/www.organisator.ch\/management\/2020-06-24\/trotz-corona-geschaeftsreisende-bevorzugen-persoenliche-meetings\/#primaryimage"},"thumbnailUrl":"https:\/\/www.organisator.ch\/wp-content\/uploads\/2020\/06\/Trotz-Corona-Geschaeftsreisende-bevorzugen-persoenliche-Meetings_Organisator.jpg","datePublished":"2020-06-24T11:49:01+00:00","description":"Une \u00e9tude de la F\u00e9d\u00e9ration allemande du voyage (DRV) montre que les voyageurs d'affaires pr\u00e9f\u00e8rent les r\u00e9unions en face \u00e0 face malgr\u00e9 les Corona.","breadcrumb":{"@id":"https:\/\/www.organisator.ch\/management\/2020-06-24\/trotz-corona-geschaeftsreisende-bevorzugen-persoenliche-meetings\/#breadcrumb"},"inLanguage":"fr-FR","potentialAction":[{"@type":"ReadAction","target":["https:\/\/www.organisator.ch\/management\/2020-06-24\/trotz-corona-geschaeftsreisende-bevorzugen-persoenliche-meetings\/"]}]},{"@type":"ImageObject","inLanguage":"fr-FR","@id":"https:\/\/www.organisator.ch\/management\/2020-06-24\/trotz-corona-geschaeftsreisende-bevorzugen-persoenliche-meetings\/#primaryimage","url":"https:\/\/www.organisator.ch\/wp-content\/uploads\/2020\/06\/Trotz-Corona-Geschaeftsreisende-bevorzugen-persoenliche-Meetings_Organisator.jpg","contentUrl":"https:\/\/www.organisator.ch\/wp-content\/uploads\/2020\/06\/Trotz-Corona-Geschaeftsreisende-bevorzugen-persoenliche-Meetings_Organisator.jpg","width":680,"height":539,"caption":"Trotz Corona: Pers\u00f6nliche Treffen bringen mehr Umsatz Weiterer Text \u00fcber ots und www.presseportal.de\/nr\/106972 \/ Die Verwendung dieses Bildes ist f\u00fcr redaktionelle Zwecke honorarfrei. Ver\u00f6ffentlichung bitte unter Quellenangabe: \"obs\/DRV Deutscher Reiseverband e.V.\""},{"@type":"BreadcrumbList","@id":"https:\/\/www.organisator.ch\/management\/2020-06-24\/trotz-corona-geschaeftsreisende-bevorzugen-persoenliche-meetings\/#breadcrumb","itemListElement":[{"@type":"ListItem","position":1,"name":"Home","item":"https:\/\/www.organisator.ch\/"},{"@type":"ListItem","position":2,"name":"Trotz Corona: Gesch\u00e4ftsreisende bevorzugen pers\u00f6nliche Meetings"}]},{"@type":"WebSite","@id":"https:\/\/www.organisator.ch\/#website","url":"https:\/\/www.organisator.ch\/","name":"Organisateur","description":"Comp\u00e9tence et comp\u00e9tence. Proches de la pratique. L'ORGANISATEUR pr\u00e9pare 10 num\u00e9ros par an sur les th\u00e8mes essentiels pour les dirigeants de PME.","publisher":{"@id":"https:\/\/www.organisator.ch\/#organization"},"potentialAction":[{"@type":"SearchAction","target":{"@type":"EntryPoint","urlTemplate":"https:\/\/www.organisator.ch\/?s={search_term_string}"},"query-input":{"@type":"PropertyValueSpecification","valueRequired":true,"valueName":"search_term_string"}}],"inLanguage":"fr-FR"},{"@type":"Organization","@id":"https:\/\/www.organisator.ch\/#organization","name":"Organisateur","url":"https:\/\/www.organisator.ch\/","logo":{"@type":"ImageObject","inLanguage":"fr-FR","@id":"https:\/\/www.organisator.ch\/#\/schema\/logo\/image\/","url":"https:\/\/www.organisator.ch\/wp-content\/uploads\/2022\/01\/Logo_Organisator_Website.png","contentUrl":"https:\/\/www.organisator.ch\/wp-content\/uploads\/2022\/01\/Logo_Organisator_Website.png","width":800,"height":77,"caption":"Organisator"},"image":{"@id":"https:\/\/www.organisator.ch\/#\/schema\/logo\/image\/"},"sameAs":["https:\/\/www.facebook.com\/OrganisatorFachmagazin","https:\/\/www.linkedin.com\/showcase\/organisator-das-magazin-fr-kmu","https:\/\/www.xing.com\/news\/pages\/organisator-ch-695","https:\/\/www.youtube.com\/channel\/UCGP2Sq0iWaZwT3BdIAQFYpw"]},{"@type":"Person","@id":"https:\/\/www.organisator.ch\/#\/schema\/person\/6f650f90b2842cd4c0cc334b4e36f67e","name":"thomas.berner","image":{"@type":"ImageObject","inLanguage":"fr-FR","@id":"https:\/\/secure.gravatar.com\/avatar\/ac5001d2a36cb6c6cd3e50789007ffca834b477b74a2144564522e944eabff61?s=96&d=mm&r=g","url":"https:\/\/secure.gravatar.com\/avatar\/ac5001d2a36cb6c6cd3e50789007ffca834b477b74a2144564522e944eabff61?s=96&d=mm&r=g","contentUrl":"https:\/\/secure.gravatar.com\/avatar\/ac5001d2a36cb6c6cd3e50789007ffca834b477b74a2144564522e944eabff61?s=96&d=mm&r=g","caption":"thomas.berner"},"url":"https:\/\/www.organisator.ch\/fr\/author\/thomas-berner\/"}]}},"_links":{"self":[{"href":"https:\/\/www.organisator.ch\/fr\/wp-json\/wp\/v2\/posts\/6862","targetHints":{"allow":["GET"]}}],"collection":[{"href":"https:\/\/www.organisator.ch\/fr\/wp-json\/wp\/v2\/posts"}],"about":[{"href":"https:\/\/www.organisator.ch\/fr\/wp-json\/wp\/v2\/types\/post"}],"author":[{"embeddable":true,"href":"https:\/\/www.organisator.ch\/fr\/wp-json\/wp\/v2\/users\/4"}],"replies":[{"embeddable":true,"href":"https:\/\/www.organisator.ch\/fr\/wp-json\/wp\/v2\/comments?post=6862"}],"version-history":[{"count":0,"href":"https:\/\/www.organisator.ch\/fr\/wp-json\/wp\/v2\/posts\/6862\/revisions"}],"wp:featuredmedia":[{"embeddable":true,"href":"https:\/\/www.organisator.ch\/fr\/wp-json\/wp\/v2\/media\/6863"}],"wp:attachment":[{"href":"https:\/\/www.organisator.ch\/fr\/wp-json\/wp\/v2\/media?parent=6862"}],"wp:term":[{"taxonomy":"category","embeddable":true,"href":"https:\/\/www.organisator.ch\/fr\/wp-json\/wp\/v2\/categories?post=6862"},{"taxonomy":"post_tag","embeddable":true,"href":"https:\/\/www.organisator.ch\/fr\/wp-json\/wp\/v2\/tags?post=6862"}],"curies":[{"name":"wp","href":"https:\/\/api.w.org\/{rel}","templated":true}]}}