{"id":687,"date":"2016-10-10T14:42:00","date_gmt":"2016-10-10T12:42:00","guid":{"rendered":"http:\/\/dev.organisator.ch\/?p=687"},"modified":"2016-10-10T14:42:00","modified_gmt":"2016-10-10T12:42:00","slug":"studie-ueber-ausuferndes-data-hoarding","status":"publish","type":"post","link":"https:\/\/www.organisator.ch\/fr\/allgemein\/2016-10-10\/studie-ueber-ausuferndes-data-hoarding\/","title":{"rendered":"\u00c9tude sur le \"data hoarding\" galopant"},"content":{"rendered":"<figure id=\"attachment_688\" aria-describedby=\"caption-attachment-688\" style=\"width: 640px\" class=\"wp-caption alignnone\"><img loading=\"lazy\" decoding=\"async\" class=\"size-full wp-image-688\" src=\"https:\/\/www.organisator.ch\/wp-content\/uploads\/2016\/12\/Studie-ueber-ausuferndes-&quot;Data-Hoarding-organisateur.jpg\" alt=\"\" width=\"640\" height=\"427\" srcset=\"\" sizes=\"auto, (max-width: 640px) 100vw, 640px\" data-srcset=\"\" \/><figcaption id=\"caption-attachment-688\" class=\"wp-caption-text\">Le stockage de donn\u00e9es comporte \u00e0 la fois des risques financiers et des probl\u00e8mes de s\u00e9curit\u00e9. (Image : ZvG\/fotolia)<\/figcaption><\/figure>\n<blockquote><p>Pr\u00e8s de la moiti\u00e9 des personnes interrog\u00e9es ne connaissent ni l'importance ni la valeur des donn\u00e9es - si elles doivent \u00eatre supprim\u00e9es ou conserv\u00e9es.<\/p><\/blockquote>\n<p>L'enqu\u00eate montre qu'environ 74% des d\u00e9cideurs informatiques allemands et plus de la moiti\u00e9 des collaborateurs qui pratiquent le \"data hoarding\" s'estiment \u00eatre de v\u00e9ritables d\u00e9tracteurs des donn\u00e9es, les entreprises actives en Suisse s'en tirent donc encore relativement bien. Certaines entreprises \u00e9trang\u00e8res sont soumises \u00e0 une v\u00e9ritable fr\u00e9n\u00e9sie de collecte de donn\u00e9es.<\/p>\n<p>Pour le rapport Veritas Datahoarder, 10'000 cadres informatiques et employ\u00e9s de bureau de 13 pays ont \u00e9t\u00e9 interrog\u00e9s. La quintessence : le data hoarding est un ph\u00e9nom\u00e8ne mondial qui fait parfois perdre le sens commun. 72,5 % des personnes interrog\u00e9es dans le monde entier ont admis stocker des donn\u00e9es qui pourraient leur nuire ou nuire \u00e0 leur entreprise. En voici quelques exemples :<\/p>\n<ul>\n<li>Candidatures \u00e0 d'autres entreprises<\/li>\n<li>Secrets commerciaux non cod\u00e9s<\/li>\n<li>Correspondance embarrassante avec des coll\u00e8gues.<\/li>\n<\/ul>\n<p>On dit cependant que les entreprises allemandes sont beaucoup plus prudentes dans ce domaine. Malgr\u00e9 tout, plus de la moiti\u00e9 d'entre elles (64,5 %) admettent avoir enregistr\u00e9 de telles donn\u00e9es. Le nombre de cas non d\u00e9clar\u00e9s est probablement plus \u00e9lev\u00e9.<\/p>\n<p><strong>La culture d'entreprise favorise le hoarding \u00a0<\/strong><\/p>\n<p>Mais l'\u00e9volution vers le messianisme en mati\u00e8re de donn\u00e9es n'est qu'en partie auto-inflig\u00e9e. Souvent, ce comportement est encourag\u00e9 par la culture d'entreprise. 76 % des cadres informatiques allemands consid\u00e8rent que leur entreprise dans son ensemble est un missie des donn\u00e9es. Parall\u00e8lement, il est de plus en plus difficile de garder une vue d'ensemble et de supprimer des donn\u00e9es avec bon sens. 68 pour cent des employ\u00e9s de bureau interrog\u00e9s dans ce pays ont d\u00e9j\u00e0 essay\u00e9 de trier et de supprimer des fichiers, mais ils ont \u00e9chou\u00e9 face \u00e0 la simple quantit\u00e9.<\/p>\n<p>En outre, pr\u00e8s de la moiti\u00e9 des personnes interrog\u00e9es ne connaissent ni l'importance ni la valeur des donn\u00e9es et ne savent pas si elles devraient \u00eatre effac\u00e9es ou conserv\u00e9es.<\/p>\n<p><strong>Quand la collecte de donn\u00e9es devient dangereuse<\/strong><\/p>\n<p>L'un des probl\u00e8mes est le grand nombre de fichiers priv\u00e9s sur les serveurs d'entreprise. Presque tous les data-maniaques interrog\u00e9s - 94 pour cent des employ\u00e9s et 97 pour cent des d\u00e9cideurs - stockent des donn\u00e9es personnelles comme de vieilles photos, de la musique ou des vid\u00e9os amusantes sur les syst\u00e8mes de l'entreprise. \"Il y a pire : les collaborateurs t\u00e9l\u00e9chargent tout sur le m\u00eame serveur - de la musique et des photos priv\u00e9es aux vid\u00e9os de vacances. Si les donn\u00e9es sont mal g\u00e9r\u00e9es par le service informatique, voire pas du tout, cela peut avoir de graves cons\u00e9quences sur l'int\u00e9grit\u00e9 de la marque, de lourdes amendes et des enqu\u00eates r\u00e9glementaires\", estime Stefan Henke, directeur g\u00e9n\u00e9ral de la r\u00e9gion DACH chez Veritas Technologies.<\/p>\n<p>Les entreprises devraient r\u00e9agir au plus tard en mai 2018. La phase de transition du nouveau r\u00e8glement europ\u00e9en sur la protection des donn\u00e9es prendra alors fin. Celles qui enfreignent ce r\u00e8glement, que ce soit \u00e0 leur insu ou en toute connaissance de cause, s'exposent \u00e0 de lourdes sanctions. Les sanctions peuvent s'\u00e9lever jusqu'\u00e0 quatre pour cent du chiffre d'affaires brut mondial ou 20 millions d'euros.<\/p>\n<p>Vous trouverez des informations d\u00e9taill\u00e9es sur le Data Genomics Project chez Veritas en cliquant sur ce lien. <a href=\"http:\/\/datagenomicsproject.org\/Data_Genomics_Index_2016.pdf\" target=\"_blank\" rel=\"noreferrer noopener\" data-cke-saved-href=\"http:\/\/datagenomicsproject.org\/Data_Genomics_Index_2016.pdf\">Lien<\/a><\/p>\n<p><a href=\"http:\/\/www.veritas.com\" target=\"_blank\" rel=\"noreferrer noopener\" data-cke-saved-href=\"http:\/\/www.veritas.com\">http:\/\/www.veritas.com<\/a><\/p>","protected":false},"excerpt":{"rendered":"<p>Fast die H\u00e4lfte der Befragten kennt weder die Bedeutung noch den Wert der Daten &#8211; ob sie gel\u00f6scht oder aufgehoben werden sollten. Die Umfrage zeigt, dass sich rund 74 Prozent der Deutschen IT-Entscheidungstr\u00e4ger und \u00fcber die H\u00e4lfte der Mitarbeiter, die sogenanntes \u201eData Hoarding\u201c betreiben, als regelrechte Daten-Messies einsch\u00e4tzen, damit schneiden die auch in der Schweiz [&hellip;]<\/p>\n","protected":false},"author":1,"featured_media":688,"comment_status":"open","ping_status":"open","sticky":false,"template":"","format":"standard","meta":{"_acf_changed":false,"_yoast_wpseo_focuskw":"Data Hoarding","_yoast_wpseo_metadesc":"Veritas Technologies, spezialisiert aufs Information Management, hat k\u00fcrzlich eine Studie \u00fcber \u201eData Hoarder\u201c pr\u00e4sentiert.","articlekey":"","footnotes":""},"categories":[1],"tags":[459],"class_list":["post-687","post","type-post","status-publish","format-standard","has-post-thumbnail","hentry","category-allgemein","tag-studie"],"acf":[],"yoast_head":"<!-- This site is optimized with the Yoast SEO plugin v27.5 - https:\/\/yoast.com\/product\/yoast-seo-wordpress\/ -->\n<title>Studie \u00fcber ausuferndes \u201eData Hoarding\u201c - Organisator<\/title>\n<meta name=\"description\" content=\"Veritas Technologies, spezialisiert aufs Information Management, hat k\u00fcrzlich eine Studie \u00fcber \u201eData Hoarder\u201c pr\u00e4sentiert.\" \/>\n<meta name=\"robots\" content=\"index, follow, max-snippet:-1, max-image-preview:large, max-video-preview:-1\" \/>\n<link rel=\"canonical\" href=\"https:\/\/www.organisator.ch\/fr\/general\/2016-10-10\/studie-ueber-ausuferndes-data-hoarding\/\" \/>\n<meta property=\"og:locale\" content=\"fr_FR\" \/>\n<meta property=\"og:type\" content=\"article\" \/>\n<meta property=\"og:title\" content=\"Studie \u00fcber ausuferndes \u201eData Hoarding\u201c\" \/>\n<meta property=\"og:description\" content=\"Veritas Technologies, spezialisiert aufs Information Management, hat k\u00fcrzlich eine Studie \u00fcber \u201eData Hoarder\u201c pr\u00e4sentiert. Das Verhalten von IT-F\u00fchrungskr\u00e4ften und B\u00fcroarbeitern wurde beim Speichern von Daten untersucht.\" \/>\n<meta property=\"og:url\" content=\"https:\/\/www.organisator.ch\/fr\/general\/2016-10-10\/studie-ueber-ausuferndes-data-hoarding\/\" \/>\n<meta property=\"og:site_name\" content=\"Organisator\" \/>\n<meta property=\"article:publisher\" content=\"https:\/\/www.facebook.com\/OrganisatorFachmagazin\" \/>\n<meta property=\"article:published_time\" content=\"2016-10-10T12:42:00+00:00\" \/>\n<meta name=\"author\" content=\"admin\" \/>\n<meta name=\"twitter:card\" content=\"summary_large_image\" \/>\n<meta name=\"twitter:image\" content=\"https:\/\/www.organisator.ch\/wp-content\/uploads\/2016\/12\/Studie-ueber-ausuferndes-\u201eData-Hoarding-organisator.jpg\" \/>\n<script type=\"application\/ld+json\" class=\"yoast-schema-graph\">{\"@context\":\"https:\\\/\\\/schema.org\",\"@graph\":[{\"@type\":\"Article\",\"@id\":\"https:\\\/\\\/www.organisator.ch\\\/fr\\\/general\\\/2016-10-10\\\/studie-ueber-ausuferndes-data-hoarding\\\/#article\",\"isPartOf\":{\"@id\":\"https:\\\/\\\/www.organisator.ch\\\/fr\\\/general\\\/2016-10-10\\\/studie-ueber-ausuferndes-data-hoarding\\\/\"},\"author\":{\"name\":\"admin\",\"@id\":\"https:\\\/\\\/www.organisator.ch\\\/#\\\/schema\\\/person\\\/aa2bace6c5c5aad60102004a50c4eb1c\"},\"headline\":\"Studie \u00fcber ausuferndes \u201eData Hoarding\u201c\",\"datePublished\":\"2016-10-10T12:42:00+00:00\",\"mainEntityOfPage\":{\"@id\":\"https:\\\/\\\/www.organisator.ch\\\/fr\\\/general\\\/2016-10-10\\\/studie-ueber-ausuferndes-data-hoarding\\\/\"},\"wordCount\":470,\"commentCount\":0,\"publisher\":{\"@id\":\"https:\\\/\\\/www.organisator.ch\\\/#organization\"},\"image\":{\"@id\":\"https:\\\/\\\/www.organisator.ch\\\/fr\\\/general\\\/2016-10-10\\\/studie-ueber-ausuferndes-data-hoarding\\\/#primaryimage\"},\"thumbnailUrl\":\"https:\\\/\\\/www.organisator.ch\\\/wp-content\\\/uploads\\\/2016\\\/12\\\/Studie-ueber-ausuferndes-\u201eData-Hoarding-organisator.jpg\",\"keywords\":[\"Studie\"],\"articleSection\":[\"Allgemein\"],\"inLanguage\":\"fr-FR\"},{\"@type\":\"WebPage\",\"@id\":\"https:\\\/\\\/www.organisator.ch\\\/fr\\\/general\\\/2016-10-10\\\/studie-ueber-ausuferndes-data-hoarding\\\/\",\"url\":\"https:\\\/\\\/www.organisator.ch\\\/fr\\\/general\\\/2016-10-10\\\/studie-ueber-ausuferndes-data-hoarding\\\/\",\"name\":\"Studie \u00fcber ausuferndes \u201eData Hoarding\u201c - Organisator\",\"isPartOf\":{\"@id\":\"https:\\\/\\\/www.organisator.ch\\\/#website\"},\"primaryImageOfPage\":{\"@id\":\"https:\\\/\\\/www.organisator.ch\\\/fr\\\/general\\\/2016-10-10\\\/studie-ueber-ausuferndes-data-hoarding\\\/#primaryimage\"},\"image\":{\"@id\":\"https:\\\/\\\/www.organisator.ch\\\/fr\\\/general\\\/2016-10-10\\\/studie-ueber-ausuferndes-data-hoarding\\\/#primaryimage\"},\"thumbnailUrl\":\"https:\\\/\\\/www.organisator.ch\\\/wp-content\\\/uploads\\\/2016\\\/12\\\/Studie-ueber-ausuferndes-\u201eData-Hoarding-organisator.jpg\",\"datePublished\":\"2016-10-10T12:42:00+00:00\",\"description\":\"Veritas Technologies, spezialisiert aufs Information Management, hat k\u00fcrzlich eine Studie \u00fcber \u201eData Hoarder\u201c pr\u00e4sentiert.\",\"breadcrumb\":{\"@id\":\"https:\\\/\\\/www.organisator.ch\\\/fr\\\/general\\\/2016-10-10\\\/studie-ueber-ausuferndes-data-hoarding\\\/#breadcrumb\"},\"inLanguage\":\"fr-FR\",\"potentialAction\":[{\"@type\":\"ReadAction\",\"target\":[\"https:\\\/\\\/www.organisator.ch\\\/fr\\\/general\\\/2016-10-10\\\/studie-ueber-ausuferndes-data-hoarding\\\/\"]}]},{\"@type\":\"ImageObject\",\"inLanguage\":\"fr-FR\",\"@id\":\"https:\\\/\\\/www.organisator.ch\\\/fr\\\/general\\\/2016-10-10\\\/studie-ueber-ausuferndes-data-hoarding\\\/#primaryimage\",\"url\":\"https:\\\/\\\/www.organisator.ch\\\/wp-content\\\/uploads\\\/2016\\\/12\\\/Studie-ueber-ausuferndes-\u201eData-Hoarding-organisator.jpg\",\"contentUrl\":\"https:\\\/\\\/www.organisator.ch\\\/wp-content\\\/uploads\\\/2016\\\/12\\\/Studie-ueber-ausuferndes-\u201eData-Hoarding-organisator.jpg\",\"width\":640,\"height\":427,\"caption\":\"Data Hoarding birgt sowohl finanzielle Risiken, wie auch Sicherheitsprobleme. (Bild: ZvG\\\/fotolia)\"},{\"@type\":\"BreadcrumbList\",\"@id\":\"https:\\\/\\\/www.organisator.ch\\\/fr\\\/general\\\/2016-10-10\\\/studie-ueber-ausuferndes-data-hoarding\\\/#breadcrumb\",\"itemListElement\":[{\"@type\":\"ListItem\",\"position\":1,\"name\":\"Home\",\"item\":\"https:\\\/\\\/www.organisator.ch\\\/\"},{\"@type\":\"ListItem\",\"position\":2,\"name\":\"Studie \u00fcber ausuferndes \u201eData Hoarding\u201c\"}]},{\"@type\":\"WebSite\",\"@id\":\"https:\\\/\\\/www.organisator.ch\\\/#website\",\"url\":\"https:\\\/\\\/www.organisator.ch\\\/\",\"name\":\"Organisator\",\"description\":\"Kompetent. Praxisnah. Der ORGANISATOR bereitet in 10 Ausgaben pro Jahr die wesentlichen Themen f\u00fcr F\u00fchrungskr\u00e4fte von KMU auf.\",\"publisher\":{\"@id\":\"https:\\\/\\\/www.organisator.ch\\\/#organization\"},\"potentialAction\":[{\"@type\":\"SearchAction\",\"target\":{\"@type\":\"EntryPoint\",\"urlTemplate\":\"https:\\\/\\\/www.organisator.ch\\\/?s={search_term_string}\"},\"query-input\":{\"@type\":\"PropertyValueSpecification\",\"valueRequired\":true,\"valueName\":\"search_term_string\"}}],\"inLanguage\":\"fr-FR\"},{\"@type\":\"Organization\",\"@id\":\"https:\\\/\\\/www.organisator.ch\\\/#organization\",\"name\":\"Organisator\",\"url\":\"https:\\\/\\\/www.organisator.ch\\\/\",\"logo\":{\"@type\":\"ImageObject\",\"inLanguage\":\"fr-FR\",\"@id\":\"https:\\\/\\\/www.organisator.ch\\\/#\\\/schema\\\/logo\\\/image\\\/\",\"url\":\"https:\\\/\\\/www.organisator.ch\\\/wp-content\\\/uploads\\\/2022\\\/01\\\/Logo_Organisator_Website.png\",\"contentUrl\":\"https:\\\/\\\/www.organisator.ch\\\/wp-content\\\/uploads\\\/2022\\\/01\\\/Logo_Organisator_Website.png\",\"width\":800,\"height\":77,\"caption\":\"Organisator\"},\"image\":{\"@id\":\"https:\\\/\\\/www.organisator.ch\\\/#\\\/schema\\\/logo\\\/image\\\/\"},\"sameAs\":[\"https:\\\/\\\/www.facebook.com\\\/OrganisatorFachmagazin\",\"https:\\\/\\\/www.linkedin.com\\\/showcase\\\/organisator-das-magazin-fr-kmu\",\"https:\\\/\\\/www.xing.com\\\/news\\\/pages\\\/organisator-ch-695\",\"https:\\\/\\\/www.youtube.com\\\/channel\\\/UCGP2Sq0iWaZwT3BdIAQFYpw\"]},{\"@type\":\"Person\",\"@id\":\"https:\\\/\\\/www.organisator.ch\\\/#\\\/schema\\\/person\\\/aa2bace6c5c5aad60102004a50c4eb1c\",\"name\":\"admin\",\"image\":{\"@type\":\"ImageObject\",\"inLanguage\":\"fr-FR\",\"@id\":\"https:\\\/\\\/secure.gravatar.com\\\/avatar\\\/ae2f4d718e6c49043e314ce431e7e645d646302a24a5ef5a8bc8e3f5a032e319?s=96&d=mm&r=g\",\"url\":\"https:\\\/\\\/secure.gravatar.com\\\/avatar\\\/ae2f4d718e6c49043e314ce431e7e645d646302a24a5ef5a8bc8e3f5a032e319?s=96&d=mm&r=g\",\"contentUrl\":\"https:\\\/\\\/secure.gravatar.com\\\/avatar\\\/ae2f4d718e6c49043e314ce431e7e645d646302a24a5ef5a8bc8e3f5a032e319?s=96&d=mm&r=g\",\"caption\":\"admin\"},\"sameAs\":[\"https:\\\/\\\/www.organisator.ch\"],\"url\":\"https:\\\/\\\/www.organisator.ch\\\/fr\\\/author\\\/admin\\\/\"}]}<\/script>\n<!-- \/ Yoast SEO plugin. -->","yoast_head_json":{"title":"\u00c9tude sur le \"data hoarding\" galopant - Organisateur","description":"Veritas Technologies, sp\u00e9cialis\u00e9 dans la gestion de l'information, a r\u00e9cemment pr\u00e9sent\u00e9 une \u00e9tude sur les \"data hoarders\".","robots":{"index":"index","follow":"follow","max-snippet":"max-snippet:-1","max-image-preview":"max-image-preview:large","max-video-preview":"max-video-preview:-1"},"canonical":"https:\/\/www.organisator.ch\/fr\/general\/2016-10-10\/studie-ueber-ausuferndes-data-hoarding\/","og_locale":"fr_FR","og_type":"article","og_title":"Studie \u00fcber ausuferndes \u201eData Hoarding\u201c","og_description":"Veritas Technologies, spezialisiert aufs Information Management, hat k\u00fcrzlich eine Studie \u00fcber \u201eData Hoarder\u201c pr\u00e4sentiert. Das Verhalten von IT-F\u00fchrungskr\u00e4ften und B\u00fcroarbeitern wurde beim Speichern von Daten untersucht.","og_url":"https:\/\/www.organisator.ch\/fr\/general\/2016-10-10\/studie-ueber-ausuferndes-data-hoarding\/","og_site_name":"Organisator","article_publisher":"https:\/\/www.facebook.com\/OrganisatorFachmagazin","article_published_time":"2016-10-10T12:42:00+00:00","author":"admin","twitter_card":"summary_large_image","twitter_image":"https:\/\/www.organisator.ch\/wp-content\/uploads\/2016\/12\/Studie-ueber-ausuferndes-\u201eData-Hoarding-organisator.jpg","schema":{"@context":"https:\/\/schema.org","@graph":[{"@type":"Article","@id":"https:\/\/www.organisator.ch\/fr\/general\/2016-10-10\/studie-ueber-ausuferndes-data-hoarding\/#article","isPartOf":{"@id":"https:\/\/www.organisator.ch\/fr\/general\/2016-10-10\/studie-ueber-ausuferndes-data-hoarding\/"},"author":{"name":"admin","@id":"https:\/\/www.organisator.ch\/#\/schema\/person\/aa2bace6c5c5aad60102004a50c4eb1c"},"headline":"Studie \u00fcber ausuferndes \u201eData Hoarding\u201c","datePublished":"2016-10-10T12:42:00+00:00","mainEntityOfPage":{"@id":"https:\/\/www.organisator.ch\/fr\/general\/2016-10-10\/studie-ueber-ausuferndes-data-hoarding\/"},"wordCount":470,"commentCount":0,"publisher":{"@id":"https:\/\/www.organisator.ch\/#organization"},"image":{"@id":"https:\/\/www.organisator.ch\/fr\/general\/2016-10-10\/studie-ueber-ausuferndes-data-hoarding\/#primaryimage"},"thumbnailUrl":"https:\/\/www.organisator.ch\/wp-content\/uploads\/2016\/12\/Studie-ueber-ausuferndes-\u201eData-Hoarding-organisator.jpg","keywords":["Studie"],"articleSection":["Allgemein"],"inLanguage":"fr-FR"},{"@type":"WebPage","@id":"https:\/\/www.organisator.ch\/fr\/general\/2016-10-10\/studie-ueber-ausuferndes-data-hoarding\/","url":"https:\/\/www.organisator.ch\/fr\/general\/2016-10-10\/studie-ueber-ausuferndes-data-hoarding\/","name":"\u00c9tude sur le \"data hoarding\" galopant - Organisateur","isPartOf":{"@id":"https:\/\/www.organisator.ch\/#website"},"primaryImageOfPage":{"@id":"https:\/\/www.organisator.ch\/fr\/general\/2016-10-10\/studie-ueber-ausuferndes-data-hoarding\/#primaryimage"},"image":{"@id":"https:\/\/www.organisator.ch\/fr\/general\/2016-10-10\/studie-ueber-ausuferndes-data-hoarding\/#primaryimage"},"thumbnailUrl":"https:\/\/www.organisator.ch\/wp-content\/uploads\/2016\/12\/Studie-ueber-ausuferndes-\u201eData-Hoarding-organisator.jpg","datePublished":"2016-10-10T12:42:00+00:00","description":"Veritas Technologies, sp\u00e9cialis\u00e9 dans la gestion de l'information, a r\u00e9cemment pr\u00e9sent\u00e9 une \u00e9tude sur les \"data hoarders\".","breadcrumb":{"@id":"https:\/\/www.organisator.ch\/fr\/general\/2016-10-10\/studie-ueber-ausuferndes-data-hoarding\/#breadcrumb"},"inLanguage":"fr-FR","potentialAction":[{"@type":"ReadAction","target":["https:\/\/www.organisator.ch\/fr\/general\/2016-10-10\/studie-ueber-ausuferndes-data-hoarding\/"]}]},{"@type":"ImageObject","inLanguage":"fr-FR","@id":"https:\/\/www.organisator.ch\/fr\/general\/2016-10-10\/studie-ueber-ausuferndes-data-hoarding\/#primaryimage","url":"https:\/\/www.organisator.ch\/wp-content\/uploads\/2016\/12\/Studie-ueber-ausuferndes-\u201eData-Hoarding-organisator.jpg","contentUrl":"https:\/\/www.organisator.ch\/wp-content\/uploads\/2016\/12\/Studie-ueber-ausuferndes-\u201eData-Hoarding-organisator.jpg","width":640,"height":427,"caption":"Data Hoarding birgt sowohl finanzielle Risiken, wie auch Sicherheitsprobleme. (Bild: ZvG\/fotolia)"},{"@type":"BreadcrumbList","@id":"https:\/\/www.organisator.ch\/fr\/general\/2016-10-10\/studie-ueber-ausuferndes-data-hoarding\/#breadcrumb","itemListElement":[{"@type":"ListItem","position":1,"name":"Home","item":"https:\/\/www.organisator.ch\/"},{"@type":"ListItem","position":2,"name":"Studie \u00fcber ausuferndes \u201eData Hoarding\u201c"}]},{"@type":"WebSite","@id":"https:\/\/www.organisator.ch\/#website","url":"https:\/\/www.organisator.ch\/","name":"Organisateur","description":"Comp\u00e9tence et comp\u00e9tence. Proches de la pratique. L'ORGANISATEUR pr\u00e9pare 10 num\u00e9ros par an sur les th\u00e8mes essentiels pour les dirigeants de PME.","publisher":{"@id":"https:\/\/www.organisator.ch\/#organization"},"potentialAction":[{"@type":"SearchAction","target":{"@type":"EntryPoint","urlTemplate":"https:\/\/www.organisator.ch\/?s={search_term_string}"},"query-input":{"@type":"PropertyValueSpecification","valueRequired":true,"valueName":"search_term_string"}}],"inLanguage":"fr-FR"},{"@type":"Organization","@id":"https:\/\/www.organisator.ch\/#organization","name":"Organisateur","url":"https:\/\/www.organisator.ch\/","logo":{"@type":"ImageObject","inLanguage":"fr-FR","@id":"https:\/\/www.organisator.ch\/#\/schema\/logo\/image\/","url":"https:\/\/www.organisator.ch\/wp-content\/uploads\/2022\/01\/Logo_Organisator_Website.png","contentUrl":"https:\/\/www.organisator.ch\/wp-content\/uploads\/2022\/01\/Logo_Organisator_Website.png","width":800,"height":77,"caption":"Organisator"},"image":{"@id":"https:\/\/www.organisator.ch\/#\/schema\/logo\/image\/"},"sameAs":["https:\/\/www.facebook.com\/OrganisatorFachmagazin","https:\/\/www.linkedin.com\/showcase\/organisator-das-magazin-fr-kmu","https:\/\/www.xing.com\/news\/pages\/organisator-ch-695","https:\/\/www.youtube.com\/channel\/UCGP2Sq0iWaZwT3BdIAQFYpw"]},{"@type":"Person","@id":"https:\/\/www.organisator.ch\/#\/schema\/person\/aa2bace6c5c5aad60102004a50c4eb1c","name":"admin","image":{"@type":"ImageObject","inLanguage":"fr-FR","@id":"https:\/\/secure.gravatar.com\/avatar\/ae2f4d718e6c49043e314ce431e7e645d646302a24a5ef5a8bc8e3f5a032e319?s=96&d=mm&r=g","url":"https:\/\/secure.gravatar.com\/avatar\/ae2f4d718e6c49043e314ce431e7e645d646302a24a5ef5a8bc8e3f5a032e319?s=96&d=mm&r=g","contentUrl":"https:\/\/secure.gravatar.com\/avatar\/ae2f4d718e6c49043e314ce431e7e645d646302a24a5ef5a8bc8e3f5a032e319?s=96&d=mm&r=g","caption":"admin"},"sameAs":["https:\/\/www.organisator.ch"],"url":"https:\/\/www.organisator.ch\/fr\/author\/admin\/"}]}},"_links":{"self":[{"href":"https:\/\/www.organisator.ch\/fr\/wp-json\/wp\/v2\/posts\/687","targetHints":{"allow":["GET"]}}],"collection":[{"href":"https:\/\/www.organisator.ch\/fr\/wp-json\/wp\/v2\/posts"}],"about":[{"href":"https:\/\/www.organisator.ch\/fr\/wp-json\/wp\/v2\/types\/post"}],"author":[{"embeddable":true,"href":"https:\/\/www.organisator.ch\/fr\/wp-json\/wp\/v2\/users\/1"}],"replies":[{"embeddable":true,"href":"https:\/\/www.organisator.ch\/fr\/wp-json\/wp\/v2\/comments?post=687"}],"version-history":[{"count":0,"href":"https:\/\/www.organisator.ch\/fr\/wp-json\/wp\/v2\/posts\/687\/revisions"}],"wp:featuredmedia":[{"embeddable":true,"href":"https:\/\/www.organisator.ch\/fr\/wp-json\/wp\/v2\/media\/688"}],"wp:attachment":[{"href":"https:\/\/www.organisator.ch\/fr\/wp-json\/wp\/v2\/media?parent=687"}],"wp:term":[{"taxonomy":"category","embeddable":true,"href":"https:\/\/www.organisator.ch\/fr\/wp-json\/wp\/v2\/categories?post=687"},{"taxonomy":"post_tag","embeddable":true,"href":"https:\/\/www.organisator.ch\/fr\/wp-json\/wp\/v2\/tags?post=687"}],"curies":[{"name":"wp","href":"https:\/\/api.w.org\/{rel}","templated":true}]}}