{"id":6871,"date":"2020-06-25T11:53:40","date_gmt":"2020-06-25T09:53:40","guid":{"rendered":"https:\/\/www.organisator.ch\/?p=6871"},"modified":"2020-06-25T11:53:40","modified_gmt":"2020-06-25T09:53:40","slug":"ihre-strategie-stellen-sie-die-richtigen-fragen","status":"publish","type":"post","link":"https:\/\/www.organisator.ch\/fr\/management\/2020-06-25\/ihre-strategie-stellen-sie-die-richtigen-fragen\/","title":{"rendered":"Votre strat\u00e9gie : posez-vous les bonnes questions ?"},"content":{"rendered":"<figure id=\"attachment_6872\" aria-describedby=\"caption-attachment-6872\" style=\"width: 680px\" class=\"wp-caption alignnone\"><img loading=\"lazy\" decoding=\"async\" class=\"size-medium wp-image-6872\" src=\"https:\/\/www.organisator.ch\/wp-content\/uploads\/2020\/06\/Ihre-Strategie-Stellen-Sie-die-richtigen-Fragen_Organisator.jpg\" alt=\"\" width=\"680\" height=\"340\" srcset=\"https:\/\/www.organisator.ch\/wp-content\/uploads\/2020\/06\/Ihre-Strategie-Stellen-Sie-die-richtigen-Fragen_Organisator.jpg 680w, https:\/\/www.organisator.ch\/wp-content\/uploads\/2020\/06\/Ihre-Strategie-Stellen-Sie-die-richtigen-Fragen_Organisator-16x8.jpg 16w, https:\/\/www.organisator.ch\/wp-content\/uploads\/2020\/06\/Ihre-Strategie-Stellen-Sie-die-richtigen-Fragen_Organisator-350x175.jpg 350w, https:\/\/www.organisator.ch\/wp-content\/uploads\/2020\/06\/Ihre-Strategie-Stellen-Sie-die-richtigen-Fragen_Organisator-300x150.jpg 300w\" sizes=\"auto, (max-width: 680px) 100vw, 680px\" \/><figcaption id=\"caption-attachment-6872\" class=\"wp-caption-text\">Interrogez votre strat\u00e9gie : avec des questions simples. (Image : Pixabay.com)<\/figcaption><\/figure>\n<p>Pour de nombreuses entreprises, les choses ont chang\u00e9 avec Covid-19 et le lockdown. Il est donc logique de regarder si la strat\u00e9gie est toujours adapt\u00e9e et o\u00f9 des ajustements sont n\u00e9cessaires. Correct ? Faux !<\/p>\n<p>En effet, si vous aviez une strat\u00e9gie robuste, bas\u00e9e sur une vision forte, un \"pourquoi\" clair et des aspirations pr\u00e9cises, peu de choses changent. En revanche, si votre strat\u00e9gie reposait sur une base trop fragile (c'est-\u00e0-dire peut-\u00eatre une simple \"meilleure\" reconduction du pass\u00e9 ou un \"plus de presque la m\u00eame chose\"), il est de toute fa\u00e7on plus qu'opportun de la retravailler. Les semaines pass\u00e9es n'ont alors \u00e9t\u00e9 que la pierre qui donne l'impulsion n\u00e9cessaire.<\/p>\n<h2>O\u00f9 se trouvent les foyers de danger pour votre strat\u00e9gie<\/h2>\n<p>Mais m\u00eame si vous dites que vous avez une strat\u00e9gie forte et robuste, je vois toujours trois questions auxquelles on accorde trop peu d'attention lorsqu'il s'agit de construire l'avenir avec succ\u00e8s. Mieux vaut les examiner imm\u00e9diatement pour votre entreprise ou votre secteur. Le temps presse.<\/p>\n<p>En effet, nous partons souvent trop vite du principe que les affaires vont continuer \u00e0 peu pr\u00e8s comme avant, que notre succ\u00e8s futur d\u00e9coule de notre succ\u00e8s pass\u00e9, que l'\u00e9quipe qui nous a amen\u00e9s ici sera aussi celle qui nous m\u00e8nera vers l'avenir. Et ce sont pr\u00e9cis\u00e9ment ces hypoth\u00e8ses qui constituent des foyers de danger pour notre succ\u00e8s \u00e0 l'avenir.<\/p>\n<h2>Il n'y a pas de \"questions stupides<\/h2>\n<p>Je recommande en revanche trois questions d\u00e9cisives et g\u00e9n\u00e9ralement sous-expos\u00e9es pour une strat\u00e9gie forte :<\/p>\n<ol>\n<li>Qui voulons-nous devenir ? Cette question est rarement pos\u00e9e s\u00e9rieusement, mais elle est \u00e0 l'origine de tout. Comment pouvons-nous unir nos forces et aspirer ensemble \u00e0 des objectifs exceptionnels si nous n'avons pas une compr\u00e9hension commune de qui nous voulons devenir ? Sans r\u00e9ponse \u00e0 cette question, vous resterez dans la m\u00e9diocrit\u00e9.<\/li>\n<li>Quels mod\u00e8les commerciaux voulons-nous pour cela ? La plupart des discussions strat\u00e9giques auxquelles j'assiste tournent en grande partie autour de l'extension de ce qui existe d\u00e9j\u00e0. Rares sont ceux qui pensent de mani\u00e8re suffisamment radicale en termes de nouveaux mod\u00e8les commerciaux. La plupart ne savent m\u00eame pas comment s'y prendre syst\u00e9matiquement.<\/li>\n<li>Quelles exigences nous fixons-nous pour cela ? Les exigences ou les normes sont les modes de pens\u00e9e et de comportement que nous exigeons de chaque membre de l'organisation \u00e0 tout moment. Les strat\u00e9gies fortes d\u00e9finissent tr\u00e8s clairement comment nous devons nous comporter chaque jour pour atteindre les objectifs forts. Cela n'a d'ailleurs pas grand-chose \u00e0 voir avec les \"valeurs\" souvent utilis\u00e9es.<\/li>\n<\/ol>\n<p>Comme toujours, c'est \u00e0 vous de d\u00e9cider si vous voulez saisir l'occasion maintenant et mettre \u00e0 jour votre strat\u00e9gie. Le moment n'a jamais \u00e9t\u00e9 aussi propice pour le faire.<\/p>\n<p><i><strong>Vers l'auteur :<\/strong><br \/>\n<\/i><em>Volkmar V\u00f6lzke est un maximisateur de succ\u00e8s. Auteur de livres. Conseiller et consultant. Coach de formation. Orateur. <a href=\"http:\/\/www.volkmarvoelzke.ch\/\">www.volkmarvoelzke.ch<\/a><\/em><\/p>","protected":false},"excerpt":{"rendered":"<p>F\u00fcr viele Unternehmen hat sich so einiges ge\u00e4ndert mit Covid-19 und dem Lockdown. Deshalb ist es nur konsequent, sich anzuschauen, ob die Strategie noch passt und wo es Anpassungen braucht. Richtig? Falsch! Wenn Sie n\u00e4mlich eine robuste Strategie hatten, eine die auf einer starken Vision, auf einem klaren \u201cWarum\u201d und auf klaren Anspr\u00fcchen basiert, \u00e4ndert [&hellip;]<\/p>\n","protected":false},"author":4,"featured_media":6872,"comment_status":"closed","ping_status":"closed","sticky":false,"template":"","format":"standard","meta":{"_acf_changed":false,"_yoast_wpseo_focuskw":"Ihre Strategie","_yoast_wpseo_metadesc":"Passt Ihre Strategie nach Covid-19 und dem Lockdown noch? Der Autor nennt drei entscheidende Fragen, an denen Sie Ihre Unternehmensstrategie messen k\u00f6nnen.","articlekey":"","footnotes":""},"categories":[28],"tags":[115,132,177,335,458],"class_list":["post-6871","post","type-post","status-publish","format-standard","has-post-thumbnail","hentry","category-management","tag-checklisten","tag-coronavirus","tag-erfolgs-impuls","tag-management-und-unternehmensfuehrung","tag-strategie"],"acf":[],"yoast_head":"<!-- This site is optimized with the Yoast SEO plugin v27.5 - https:\/\/yoast.com\/product\/yoast-seo-wordpress\/ -->\n<title>Ihre Strategie: Stellen Sie die richtigen Fragen? - Organisator<\/title>\n<meta name=\"description\" content=\"Passt Ihre Strategie nach Covid-19 und dem Lockdown noch? Der Autor nennt drei entscheidende Fragen, an denen Sie Ihre Unternehmensstrategie messen k\u00f6nnen.\" \/>\n<meta name=\"robots\" content=\"index, follow, max-snippet:-1, max-image-preview:large, max-video-preview:-1\" \/>\n<link rel=\"canonical\" href=\"https:\/\/www.organisator.ch\/fr\/gestion-2\/2020-06-25\/ihre-strategie-stellen-sie-die-richtigen-fragen\/\" \/>\n<meta property=\"og:locale\" content=\"fr_FR\" \/>\n<meta property=\"og:type\" content=\"article\" \/>\n<meta property=\"og:title\" content=\"Ihre Strategie: Stellen Sie die richtigen Fragen?\" \/>\n<meta property=\"og:description\" content=\"Passt Ihre Strategie nach Covid-19 und dem Lockdown noch? Der Autor nennt drei entscheidende Fragen, an denen Sie Ihre Unternehmensstrategie messen k\u00f6nnen.\" \/>\n<meta property=\"og:url\" content=\"https:\/\/www.organisator.ch\/fr\/gestion-2\/2020-06-25\/ihre-strategie-stellen-sie-die-richtigen-fragen\/\" \/>\n<meta property=\"og:site_name\" content=\"Organisator\" \/>\n<meta property=\"article:publisher\" content=\"https:\/\/www.facebook.com\/OrganisatorFachmagazin\" \/>\n<meta property=\"article:published_time\" content=\"2020-06-25T09:53:40+00:00\" \/>\n<meta property=\"og:image\" content=\"https:\/\/www.organisator.ch\/wp-content\/uploads\/2020\/06\/Ihre-Strategie-Stellen-Sie-die-richtigen-Fragen_Organisator.jpg\" \/>\n\t<meta property=\"og:image:width\" content=\"680\" \/>\n\t<meta property=\"og:image:height\" content=\"340\" \/>\n\t<meta property=\"og:image:type\" content=\"image\/jpeg\" \/>\n<meta name=\"author\" content=\"thomas.berner\" \/>\n<meta name=\"twitter:card\" content=\"summary_large_image\" \/>\n<meta name=\"twitter:title\" content=\"Ihre #Strategie: Stellen Sie die richtigen Fragen?\" \/>\n<meta name=\"twitter:description\" content=\"Passt Ihre Strategie nach #Covid-19 und dem #Lockdown noch? Der Autor nennt drei entscheidende Fragen, an denen Sie Ihre #Unternehmensstrategie messen k\u00f6nnen.\" \/>\n<meta name=\"twitter:image\" content=\"https:\/\/www.organisator.ch\/wp-content\/uploads\/2020\/06\/Ihre-Strategie-Stellen-Sie-die-richtigen-Fragen_Organisator.jpg\" \/>\n<script type=\"application\/ld+json\" class=\"yoast-schema-graph\">{\"@context\":\"https:\\\/\\\/schema.org\",\"@graph\":[{\"@type\":\"Article\",\"@id\":\"https:\\\/\\\/www.organisator.ch\\\/management\\\/2020-06-25\\\/ihre-strategie-stellen-sie-die-richtigen-fragen\\\/#article\",\"isPartOf\":{\"@id\":\"https:\\\/\\\/www.organisator.ch\\\/management\\\/2020-06-25\\\/ihre-strategie-stellen-sie-die-richtigen-fragen\\\/\"},\"author\":{\"name\":\"thomas.berner\",\"@id\":\"https:\\\/\\\/www.organisator.ch\\\/#\\\/schema\\\/person\\\/6f650f90b2842cd4c0cc334b4e36f67e\"},\"headline\":\"Ihre Strategie: Stellen Sie die richtigen Fragen?\",\"datePublished\":\"2020-06-25T09:53:40+00:00\",\"mainEntityOfPage\":{\"@id\":\"https:\\\/\\\/www.organisator.ch\\\/management\\\/2020-06-25\\\/ihre-strategie-stellen-sie-die-richtigen-fragen\\\/\"},\"wordCount\":475,\"publisher\":{\"@id\":\"https:\\\/\\\/www.organisator.ch\\\/#organization\"},\"image\":{\"@id\":\"https:\\\/\\\/www.organisator.ch\\\/management\\\/2020-06-25\\\/ihre-strategie-stellen-sie-die-richtigen-fragen\\\/#primaryimage\"},\"thumbnailUrl\":\"https:\\\/\\\/www.organisator.ch\\\/wp-content\\\/uploads\\\/2020\\\/06\\\/Ihre-Strategie-Stellen-Sie-die-richtigen-Fragen_Organisator.jpg\",\"keywords\":[\"Checklisten\",\"Coronavirus\",\"Erfolgs-Impuls\",\"Management und Unternehmensf\u00fchrung\",\"Strategie\"],\"articleSection\":[\"MANAGEMENT\"],\"inLanguage\":\"fr-FR\"},{\"@type\":\"WebPage\",\"@id\":\"https:\\\/\\\/www.organisator.ch\\\/management\\\/2020-06-25\\\/ihre-strategie-stellen-sie-die-richtigen-fragen\\\/\",\"url\":\"https:\\\/\\\/www.organisator.ch\\\/management\\\/2020-06-25\\\/ihre-strategie-stellen-sie-die-richtigen-fragen\\\/\",\"name\":\"Ihre Strategie: Stellen Sie die richtigen Fragen? - Organisator\",\"isPartOf\":{\"@id\":\"https:\\\/\\\/www.organisator.ch\\\/#website\"},\"primaryImageOfPage\":{\"@id\":\"https:\\\/\\\/www.organisator.ch\\\/management\\\/2020-06-25\\\/ihre-strategie-stellen-sie-die-richtigen-fragen\\\/#primaryimage\"},\"image\":{\"@id\":\"https:\\\/\\\/www.organisator.ch\\\/management\\\/2020-06-25\\\/ihre-strategie-stellen-sie-die-richtigen-fragen\\\/#primaryimage\"},\"thumbnailUrl\":\"https:\\\/\\\/www.organisator.ch\\\/wp-content\\\/uploads\\\/2020\\\/06\\\/Ihre-Strategie-Stellen-Sie-die-richtigen-Fragen_Organisator.jpg\",\"datePublished\":\"2020-06-25T09:53:40+00:00\",\"description\":\"Passt Ihre Strategie nach Covid-19 und dem Lockdown noch? Der Autor nennt drei entscheidende Fragen, an denen Sie Ihre Unternehmensstrategie messen k\u00f6nnen.\",\"breadcrumb\":{\"@id\":\"https:\\\/\\\/www.organisator.ch\\\/management\\\/2020-06-25\\\/ihre-strategie-stellen-sie-die-richtigen-fragen\\\/#breadcrumb\"},\"inLanguage\":\"fr-FR\",\"potentialAction\":[{\"@type\":\"ReadAction\",\"target\":[\"https:\\\/\\\/www.organisator.ch\\\/management\\\/2020-06-25\\\/ihre-strategie-stellen-sie-die-richtigen-fragen\\\/\"]}]},{\"@type\":\"ImageObject\",\"inLanguage\":\"fr-FR\",\"@id\":\"https:\\\/\\\/www.organisator.ch\\\/management\\\/2020-06-25\\\/ihre-strategie-stellen-sie-die-richtigen-fragen\\\/#primaryimage\",\"url\":\"https:\\\/\\\/www.organisator.ch\\\/wp-content\\\/uploads\\\/2020\\\/06\\\/Ihre-Strategie-Stellen-Sie-die-richtigen-Fragen_Organisator.jpg\",\"contentUrl\":\"https:\\\/\\\/www.organisator.ch\\\/wp-content\\\/uploads\\\/2020\\\/06\\\/Ihre-Strategie-Stellen-Sie-die-richtigen-Fragen_Organisator.jpg\",\"width\":680,\"height\":340,\"caption\":\"Befragen Sie Ihre Strategie: mit einfachen Fragestellungen. (Bild: Pixabay.com)\"},{\"@type\":\"BreadcrumbList\",\"@id\":\"https:\\\/\\\/www.organisator.ch\\\/management\\\/2020-06-25\\\/ihre-strategie-stellen-sie-die-richtigen-fragen\\\/#breadcrumb\",\"itemListElement\":[{\"@type\":\"ListItem\",\"position\":1,\"name\":\"Home\",\"item\":\"https:\\\/\\\/www.organisator.ch\\\/\"},{\"@type\":\"ListItem\",\"position\":2,\"name\":\"Ihre Strategie: Stellen Sie die richtigen Fragen?\"}]},{\"@type\":\"WebSite\",\"@id\":\"https:\\\/\\\/www.organisator.ch\\\/#website\",\"url\":\"https:\\\/\\\/www.organisator.ch\\\/\",\"name\":\"Organisator\",\"description\":\"Kompetent. Praxisnah. Der ORGANISATOR bereitet in 10 Ausgaben pro Jahr die wesentlichen Themen f\u00fcr F\u00fchrungskr\u00e4fte von KMU auf.\",\"publisher\":{\"@id\":\"https:\\\/\\\/www.organisator.ch\\\/#organization\"},\"potentialAction\":[{\"@type\":\"SearchAction\",\"target\":{\"@type\":\"EntryPoint\",\"urlTemplate\":\"https:\\\/\\\/www.organisator.ch\\\/?s={search_term_string}\"},\"query-input\":{\"@type\":\"PropertyValueSpecification\",\"valueRequired\":true,\"valueName\":\"search_term_string\"}}],\"inLanguage\":\"fr-FR\"},{\"@type\":\"Organization\",\"@id\":\"https:\\\/\\\/www.organisator.ch\\\/#organization\",\"name\":\"Organisator\",\"url\":\"https:\\\/\\\/www.organisator.ch\\\/\",\"logo\":{\"@type\":\"ImageObject\",\"inLanguage\":\"fr-FR\",\"@id\":\"https:\\\/\\\/www.organisator.ch\\\/#\\\/schema\\\/logo\\\/image\\\/\",\"url\":\"https:\\\/\\\/www.organisator.ch\\\/wp-content\\\/uploads\\\/2022\\\/01\\\/Logo_Organisator_Website.png\",\"contentUrl\":\"https:\\\/\\\/www.organisator.ch\\\/wp-content\\\/uploads\\\/2022\\\/01\\\/Logo_Organisator_Website.png\",\"width\":800,\"height\":77,\"caption\":\"Organisator\"},\"image\":{\"@id\":\"https:\\\/\\\/www.organisator.ch\\\/#\\\/schema\\\/logo\\\/image\\\/\"},\"sameAs\":[\"https:\\\/\\\/www.facebook.com\\\/OrganisatorFachmagazin\",\"https:\\\/\\\/www.linkedin.com\\\/showcase\\\/organisator-das-magazin-fr-kmu\",\"https:\\\/\\\/www.xing.com\\\/news\\\/pages\\\/organisator-ch-695\",\"https:\\\/\\\/www.youtube.com\\\/channel\\\/UCGP2Sq0iWaZwT3BdIAQFYpw\"]},{\"@type\":\"Person\",\"@id\":\"https:\\\/\\\/www.organisator.ch\\\/#\\\/schema\\\/person\\\/6f650f90b2842cd4c0cc334b4e36f67e\",\"name\":\"thomas.berner\",\"image\":{\"@type\":\"ImageObject\",\"inLanguage\":\"fr-FR\",\"@id\":\"https:\\\/\\\/secure.gravatar.com\\\/avatar\\\/ac5001d2a36cb6c6cd3e50789007ffca834b477b74a2144564522e944eabff61?s=96&d=mm&r=g\",\"url\":\"https:\\\/\\\/secure.gravatar.com\\\/avatar\\\/ac5001d2a36cb6c6cd3e50789007ffca834b477b74a2144564522e944eabff61?s=96&d=mm&r=g\",\"contentUrl\":\"https:\\\/\\\/secure.gravatar.com\\\/avatar\\\/ac5001d2a36cb6c6cd3e50789007ffca834b477b74a2144564522e944eabff61?s=96&d=mm&r=g\",\"caption\":\"thomas.berner\"},\"url\":\"https:\\\/\\\/www.organisator.ch\\\/fr\\\/author\\\/thomas-berner\\\/\"}]}<\/script>\n<!-- \/ Yoast SEO plugin. -->","yoast_head_json":{"title":"Votre strat\u00e9gie : posez-vous les bonnes questions ? - Organisateur","description":"Votre strat\u00e9gie est-elle encore adapt\u00e9e apr\u00e8s Covid-19 et le lockdown ? L'auteur identifie trois questions cruciales \u00e0 l'aune desquelles vous pouvez \u00e9valuer votre strat\u00e9gie d'entreprise.","robots":{"index":"index","follow":"follow","max-snippet":"max-snippet:-1","max-image-preview":"max-image-preview:large","max-video-preview":"max-video-preview:-1"},"canonical":"https:\/\/www.organisator.ch\/fr\/gestion-2\/2020-06-25\/ihre-strategie-stellen-sie-die-richtigen-fragen\/","og_locale":"fr_FR","og_type":"article","og_title":"Ihre Strategie: Stellen Sie die richtigen Fragen?","og_description":"Passt Ihre Strategie nach Covid-19 und dem Lockdown noch? Der Autor nennt drei entscheidende Fragen, an denen Sie Ihre Unternehmensstrategie messen k\u00f6nnen.","og_url":"https:\/\/www.organisator.ch\/fr\/gestion-2\/2020-06-25\/ihre-strategie-stellen-sie-die-richtigen-fragen\/","og_site_name":"Organisator","article_publisher":"https:\/\/www.facebook.com\/OrganisatorFachmagazin","article_published_time":"2020-06-25T09:53:40+00:00","og_image":[{"width":680,"height":340,"url":"https:\/\/www.organisator.ch\/wp-content\/uploads\/2020\/06\/Ihre-Strategie-Stellen-Sie-die-richtigen-Fragen_Organisator.jpg","type":"image\/jpeg"}],"author":"thomas.berner","twitter_card":"summary_large_image","twitter_title":"Ihre #Strategie: Stellen Sie die richtigen Fragen?","twitter_description":"Passt Ihre Strategie nach #Covid-19 und dem #Lockdown noch? Der Autor nennt drei entscheidende Fragen, an denen Sie Ihre #Unternehmensstrategie messen k\u00f6nnen.","twitter_image":"https:\/\/www.organisator.ch\/wp-content\/uploads\/2020\/06\/Ihre-Strategie-Stellen-Sie-die-richtigen-Fragen_Organisator.jpg","schema":{"@context":"https:\/\/schema.org","@graph":[{"@type":"Article","@id":"https:\/\/www.organisator.ch\/management\/2020-06-25\/ihre-strategie-stellen-sie-die-richtigen-fragen\/#article","isPartOf":{"@id":"https:\/\/www.organisator.ch\/management\/2020-06-25\/ihre-strategie-stellen-sie-die-richtigen-fragen\/"},"author":{"name":"thomas.berner","@id":"https:\/\/www.organisator.ch\/#\/schema\/person\/6f650f90b2842cd4c0cc334b4e36f67e"},"headline":"Ihre Strategie: Stellen Sie die richtigen Fragen?","datePublished":"2020-06-25T09:53:40+00:00","mainEntityOfPage":{"@id":"https:\/\/www.organisator.ch\/management\/2020-06-25\/ihre-strategie-stellen-sie-die-richtigen-fragen\/"},"wordCount":475,"publisher":{"@id":"https:\/\/www.organisator.ch\/#organization"},"image":{"@id":"https:\/\/www.organisator.ch\/management\/2020-06-25\/ihre-strategie-stellen-sie-die-richtigen-fragen\/#primaryimage"},"thumbnailUrl":"https:\/\/www.organisator.ch\/wp-content\/uploads\/2020\/06\/Ihre-Strategie-Stellen-Sie-die-richtigen-Fragen_Organisator.jpg","keywords":["Checklisten","Coronavirus","Erfolgs-Impuls","Management und Unternehmensf\u00fchrung","Strategie"],"articleSection":["MANAGEMENT"],"inLanguage":"fr-FR"},{"@type":"WebPage","@id":"https:\/\/www.organisator.ch\/management\/2020-06-25\/ihre-strategie-stellen-sie-die-richtigen-fragen\/","url":"https:\/\/www.organisator.ch\/management\/2020-06-25\/ihre-strategie-stellen-sie-die-richtigen-fragen\/","name":"Votre strat\u00e9gie : posez-vous les bonnes questions ? - Organisateur","isPartOf":{"@id":"https:\/\/www.organisator.ch\/#website"},"primaryImageOfPage":{"@id":"https:\/\/www.organisator.ch\/management\/2020-06-25\/ihre-strategie-stellen-sie-die-richtigen-fragen\/#primaryimage"},"image":{"@id":"https:\/\/www.organisator.ch\/management\/2020-06-25\/ihre-strategie-stellen-sie-die-richtigen-fragen\/#primaryimage"},"thumbnailUrl":"https:\/\/www.organisator.ch\/wp-content\/uploads\/2020\/06\/Ihre-Strategie-Stellen-Sie-die-richtigen-Fragen_Organisator.jpg","datePublished":"2020-06-25T09:53:40+00:00","description":"Votre strat\u00e9gie est-elle encore adapt\u00e9e apr\u00e8s Covid-19 et le lockdown ? L'auteur identifie trois questions cruciales \u00e0 l'aune desquelles vous pouvez \u00e9valuer votre strat\u00e9gie d'entreprise.","breadcrumb":{"@id":"https:\/\/www.organisator.ch\/management\/2020-06-25\/ihre-strategie-stellen-sie-die-richtigen-fragen\/#breadcrumb"},"inLanguage":"fr-FR","potentialAction":[{"@type":"ReadAction","target":["https:\/\/www.organisator.ch\/management\/2020-06-25\/ihre-strategie-stellen-sie-die-richtigen-fragen\/"]}]},{"@type":"ImageObject","inLanguage":"fr-FR","@id":"https:\/\/www.organisator.ch\/management\/2020-06-25\/ihre-strategie-stellen-sie-die-richtigen-fragen\/#primaryimage","url":"https:\/\/www.organisator.ch\/wp-content\/uploads\/2020\/06\/Ihre-Strategie-Stellen-Sie-die-richtigen-Fragen_Organisator.jpg","contentUrl":"https:\/\/www.organisator.ch\/wp-content\/uploads\/2020\/06\/Ihre-Strategie-Stellen-Sie-die-richtigen-Fragen_Organisator.jpg","width":680,"height":340,"caption":"Befragen Sie Ihre Strategie: mit einfachen Fragestellungen. (Bild: Pixabay.com)"},{"@type":"BreadcrumbList","@id":"https:\/\/www.organisator.ch\/management\/2020-06-25\/ihre-strategie-stellen-sie-die-richtigen-fragen\/#breadcrumb","itemListElement":[{"@type":"ListItem","position":1,"name":"Home","item":"https:\/\/www.organisator.ch\/"},{"@type":"ListItem","position":2,"name":"Ihre Strategie: Stellen Sie die richtigen Fragen?"}]},{"@type":"WebSite","@id":"https:\/\/www.organisator.ch\/#website","url":"https:\/\/www.organisator.ch\/","name":"Organisateur","description":"Comp\u00e9tence et comp\u00e9tence. Proches de la pratique. L'ORGANISATEUR pr\u00e9pare 10 num\u00e9ros par an sur les th\u00e8mes essentiels pour les dirigeants de PME.","publisher":{"@id":"https:\/\/www.organisator.ch\/#organization"},"potentialAction":[{"@type":"SearchAction","target":{"@type":"EntryPoint","urlTemplate":"https:\/\/www.organisator.ch\/?s={search_term_string}"},"query-input":{"@type":"PropertyValueSpecification","valueRequired":true,"valueName":"search_term_string"}}],"inLanguage":"fr-FR"},{"@type":"Organization","@id":"https:\/\/www.organisator.ch\/#organization","name":"Organisateur","url":"https:\/\/www.organisator.ch\/","logo":{"@type":"ImageObject","inLanguage":"fr-FR","@id":"https:\/\/www.organisator.ch\/#\/schema\/logo\/image\/","url":"https:\/\/www.organisator.ch\/wp-content\/uploads\/2022\/01\/Logo_Organisator_Website.png","contentUrl":"https:\/\/www.organisator.ch\/wp-content\/uploads\/2022\/01\/Logo_Organisator_Website.png","width":800,"height":77,"caption":"Organisator"},"image":{"@id":"https:\/\/www.organisator.ch\/#\/schema\/logo\/image\/"},"sameAs":["https:\/\/www.facebook.com\/OrganisatorFachmagazin","https:\/\/www.linkedin.com\/showcase\/organisator-das-magazin-fr-kmu","https:\/\/www.xing.com\/news\/pages\/organisator-ch-695","https:\/\/www.youtube.com\/channel\/UCGP2Sq0iWaZwT3BdIAQFYpw"]},{"@type":"Person","@id":"https:\/\/www.organisator.ch\/#\/schema\/person\/6f650f90b2842cd4c0cc334b4e36f67e","name":"thomas.berner","image":{"@type":"ImageObject","inLanguage":"fr-FR","@id":"https:\/\/secure.gravatar.com\/avatar\/ac5001d2a36cb6c6cd3e50789007ffca834b477b74a2144564522e944eabff61?s=96&d=mm&r=g","url":"https:\/\/secure.gravatar.com\/avatar\/ac5001d2a36cb6c6cd3e50789007ffca834b477b74a2144564522e944eabff61?s=96&d=mm&r=g","contentUrl":"https:\/\/secure.gravatar.com\/avatar\/ac5001d2a36cb6c6cd3e50789007ffca834b477b74a2144564522e944eabff61?s=96&d=mm&r=g","caption":"thomas.berner"},"url":"https:\/\/www.organisator.ch\/fr\/author\/thomas-berner\/"}]}},"_links":{"self":[{"href":"https:\/\/www.organisator.ch\/fr\/wp-json\/wp\/v2\/posts\/6871","targetHints":{"allow":["GET"]}}],"collection":[{"href":"https:\/\/www.organisator.ch\/fr\/wp-json\/wp\/v2\/posts"}],"about":[{"href":"https:\/\/www.organisator.ch\/fr\/wp-json\/wp\/v2\/types\/post"}],"author":[{"embeddable":true,"href":"https:\/\/www.organisator.ch\/fr\/wp-json\/wp\/v2\/users\/4"}],"replies":[{"embeddable":true,"href":"https:\/\/www.organisator.ch\/fr\/wp-json\/wp\/v2\/comments?post=6871"}],"version-history":[{"count":0,"href":"https:\/\/www.organisator.ch\/fr\/wp-json\/wp\/v2\/posts\/6871\/revisions"}],"wp:featuredmedia":[{"embeddable":true,"href":"https:\/\/www.organisator.ch\/fr\/wp-json\/wp\/v2\/media\/6872"}],"wp:attachment":[{"href":"https:\/\/www.organisator.ch\/fr\/wp-json\/wp\/v2\/media?parent=6871"}],"wp:term":[{"taxonomy":"category","embeddable":true,"href":"https:\/\/www.organisator.ch\/fr\/wp-json\/wp\/v2\/categories?post=6871"},{"taxonomy":"post_tag","embeddable":true,"href":"https:\/\/www.organisator.ch\/fr\/wp-json\/wp\/v2\/tags?post=6871"}],"curies":[{"name":"wp","href":"https:\/\/api.w.org\/{rel}","templated":true}]}}