{"id":6875,"date":"2020-06-26T10:51:30","date_gmt":"2020-06-26T08:51:30","guid":{"rendered":"https:\/\/www.organisator.ch\/?p=6875"},"modified":"2020-06-26T10:51:30","modified_gmt":"2020-06-26T08:51:30","slug":"exportstimmung-der-schweizer-kmu-auf-historischem-tief","status":"publish","type":"post","link":"https:\/\/www.organisator.ch\/fr\/allgemein\/2020-06-26\/exportstimmung-der-schweizer-kmu-auf-historischem-tief\/","title":{"rendered":"Le climat export des PME suisses \u00e0 un niveau historiquement bas"},"content":{"rendered":"<figure id=\"attachment_6876\" aria-describedby=\"caption-attachment-6876\" style=\"width: 680px\" class=\"wp-caption alignnone\"><img loading=\"lazy\" decoding=\"async\" class=\"size-medium wp-image-6876\" src=\"https:\/\/www.organisator.ch\/wp-content\/uploads\/2020\/06\/Exportstimmung-der-Schweizer-KMU-auf-historischem-Tief_Organisator.jpg\" alt=\"\" width=\"680\" height=\"214\" srcset=\"https:\/\/www.organisator.ch\/wp-content\/uploads\/2020\/06\/Exportstimmung-der-Schweizer-KMU-auf-historischem-Tief_Organisator.jpg 680w, https:\/\/www.organisator.ch\/wp-content\/uploads\/2020\/06\/Exportstimmung-der-Schweizer-KMU-auf-historischem-Tief_Organisator-16x5.jpg 16w, https:\/\/www.organisator.ch\/wp-content\/uploads\/2020\/06\/Exportstimmung-der-Schweizer-KMU-auf-historischem-Tief_Organisator-375x118.jpg 375w, https:\/\/www.organisator.ch\/wp-content\/uploads\/2020\/06\/Exportstimmung-der-Schweizer-KMU-auf-historischem-Tief_Organisator-300x94.jpg 300w\" sizes=\"auto, (max-width: 680px) 100vw, 680px\" \/><figcaption id=\"caption-attachment-6876\" class=\"wp-caption-text\">Le moral des PME suisses \u00e0 l'exportation n'a jamais \u00e9t\u00e9 aussi bas qu'en ce moment. (Image : Pixabay.com)<\/figcaption><\/figure>\n<p>Suite \u00e0 la pand\u00e9mie, le climat d'exportation des PME est tomb\u00e9 \u00e0 son niveau le plus bas depuis la premi\u00e8re r\u00e9alisation de l'enqu\u00eate export de Switzerland Global Enterprise (S-GE) en 2010. Selon l'enqu\u00eate actuelle, men\u00e9e entre d\u00e9but mai et d\u00e9but juin 2020, environ deux tiers des PME suisses interrog\u00e9es doivent faire face \u00e0 une baisse de leurs exportations \u00e0 la fin du premier semestre 2020. La pand\u00e9mie a des cons\u00e9quences commerciales n\u00e9gatives pour 81 % des entreprises, ceci principalement en raison de la chute de la demande subie, de la baisse des ventes et du chiffre d'affaires ainsi que du manque de s\u00e9curit\u00e9 dans les attentes et la planification. En ce qui concerne le second semestre 2020, 39 % des PME s'attendent \u00e0 une augmentation des exportations, tandis que 23 % s'attendent \u00e0 une stagnation et 38 % \u00e0 un nouveau recul.<\/p>\n<h2>Le barom\u00e8tre des exportations du Credit Suisse r\u00e9v\u00e8le \u00e9galement un faible sentiment d'exportation<\/h2>\n<p>Le barom\u00e8tre des exportations du Credit Suisse, qui refl\u00e8te la demande \u00e9trang\u00e8re de produits suisses, montre lui aussi clairement les effets de la crise de la Corona. Sa valeur d'avril de -2,59 n'a \u00e9t\u00e9 d\u00e9pass\u00e9e que pendant la crise financi\u00e8re de 2008. En mai 2020, le barom\u00e8tre des exportations est remont\u00e9 \u00e0 une valeur de -1,54, ce qui reste toutefois nettement inf\u00e9rieur au seuil de croissance. Tiziana Hunziker, \u00e9conomiste au Credit Suisse, explique \u00e0 ce sujet : \"Les mesures de protection \u00e9tatiques et les arr\u00eats de production ont notamment entra\u00een\u00e9 des interruptions dans les cha\u00eenes internationales de marchandises et d\u00e9clench\u00e9 un blocage des investissements. Nous partons du principe que pour la majorit\u00e9 des exportateurs, le point bas a \u00e9t\u00e9 atteint en avril. Pour les exportations de l'industrie des machines, des \u00e9quipements \u00e9lectriques et des m\u00e9taux (branche MEM) vers l'espace asiatique, une tendance \u00e0 la hausse \u00e9tait d\u00e9j\u00e0 visible en avril. Toutefois, le manque \u00e0 gagner et la hausse du ch\u00f4mage devraient se prolonger. Les branches particuli\u00e8rement d\u00e9pendantes du climat de consommation, comme l'industrie horlog\u00e8re, devront probablement attendre encore plus longtemps une reprise\".<\/p>\n<h2>Le commerce mondial est frein\u00e9<\/h2>\n<p>Alberto Silini, responsable du conseil chez Switzerland Global Enterprise (S-GE), constate : \"La crise de la Corona a frein\u00e9 le commerce mondial. Les PME suisses \u00e0 vocation internationale ont \u00e9t\u00e9 fortement touch\u00e9es par cette chute, ce que refl\u00e8te de mani\u00e8re impressionnante le niveau historiquement bas du climat d'exportation. Notre enqu\u00eate montre toutefois qu'entre-temps, de nombreuses entreprises ont pu se stabiliser et envisagent \u00e0 nouveau l'avenir avec plus d'optimisme. Apr\u00e8s une phase marqu\u00e9e par la gestion de crise, il s'agit maintenant pour les PME suisses d'adapter rapidement leurs propres cha\u00eenes de cr\u00e9ation de valeur \u00e0 la nouvelle donne et de revenir sur les march\u00e9s cibles avec une meilleure strat\u00e9gie que la concurrence internationale. La diversification des d\u00e9bouch\u00e9s et des sources d'approvisionnement ainsi que l'utilisation d'instruments de couverture contre les risques de change et autres risques \u00e0 l'exportation jouent un r\u00f4le important dans ce contexte\".<strong><\/p>\n<p><\/strong><em>Source et informations compl\u00e9mentaires : <a href=\"http:\/\/newsletter.s-ge.com\/u\/nrd.php?p=s1cOxW09Ot_727_3323127_1_2&amp;ems_l=3232577&amp;d=%7CTWVkaWVubWl0dGVpbHVuZ19LTVUtRXhwb3J0cGVyc3Bla3RpdmVuX0hKMl8yMDIwX0RF%7CMjAyMA%3D%3D%7CMDY%3D%7CMjU%3D%7CMDg%3D%7C\">www.s-ge.com\/exportperspektiven<\/a><\/em><strong><br \/>\n<\/strong><\/p>","protected":false},"excerpt":{"rendered":"<p>Infolge der Pandemie ist die KMU-Exportstimmung auf den tiefsten Wert seit der erstmaligen Durchf\u00fchrung der Exportumfrage von Switzerland Global Enterprise (S-GE) im Jahr 2010 gefallen. Gem\u00e4ss der aktuellen, zwischen Anfang Mai und Anfang Juni 2020 durchgef\u00fchrten Umfrage, m\u00fcssen rund zwei Drittel der befragten Schweizer KMU per Ende des ersten Halbjahres 2020 einen R\u00fcckgang ihrer Exporte [&hellip;]<\/p>\n","protected":false},"author":4,"featured_media":6876,"comment_status":"closed","ping_status":"closed","sticky":false,"template":"","format":"standard","meta":{"_acf_changed":false,"_yoast_wpseo_focuskw":"Exportstimmung","_yoast_wpseo_metadesc":"Die Coronakrise sorgt f\u00fcr einen Einbruch der Exportstimmung bei international t\u00e4tigen KMU. Dies zeigen die neusten Zahlen von S-GE und Credit Suisse.","articlekey":"","footnotes":""},"categories":[1],"tags":[189,335,340],"class_list":["post-6875","post","type-post","status-publish","format-standard","has-post-thumbnail","hentry","category-allgemein","tag-export","tag-management-und-unternehmensfuehrung","tag-maerkte"],"acf":[],"yoast_head":"<!-- This site is optimized with the Yoast SEO plugin v27.5 - https:\/\/yoast.com\/product\/yoast-seo-wordpress\/ -->\n<title>Exportstimmung der Schweizer KMU auf historischem Tief - Organisator<\/title>\n<meta name=\"description\" content=\"Die Coronakrise sorgt f\u00fcr einen Einbruch der Exportstimmung bei international t\u00e4tigen KMU. Dies zeigen die neusten Zahlen von S-GE und Credit Suisse.\" \/>\n<meta name=\"robots\" content=\"index, follow, max-snippet:-1, max-image-preview:large, max-video-preview:-1\" \/>\n<link rel=\"canonical\" href=\"https:\/\/www.organisator.ch\/fr\/general\/2020-06-26\/exportstimmung-der-schweizer-kmu-auf-historischem-tief\/\" \/>\n<meta property=\"og:locale\" content=\"fr_FR\" \/>\n<meta property=\"og:type\" content=\"article\" \/>\n<meta property=\"og:title\" content=\"Exportstimmung der Schweizer KMU auf historischem Tief\" \/>\n<meta property=\"og:description\" content=\"Die Coronakrise sorgt f\u00fcr einen Einbruch der Exportstimmung bei international t\u00e4tigen KMU. Dies zeigen die neusten Zahlen von S-GE und Credit Suisse.\" \/>\n<meta property=\"og:url\" content=\"https:\/\/www.organisator.ch\/fr\/general\/2020-06-26\/exportstimmung-der-schweizer-kmu-auf-historischem-tief\/\" \/>\n<meta property=\"og:site_name\" content=\"Organisator\" \/>\n<meta property=\"article:publisher\" content=\"https:\/\/www.facebook.com\/OrganisatorFachmagazin\" \/>\n<meta property=\"article:published_time\" content=\"2020-06-26T08:51:30+00:00\" \/>\n<meta property=\"og:image\" content=\"https:\/\/www.organisator.ch\/wp-content\/uploads\/2020\/06\/Exportstimmung-der-Schweizer-KMU-auf-historischem-Tief_Organisator.jpg\" \/>\n\t<meta property=\"og:image:width\" content=\"680\" \/>\n\t<meta property=\"og:image:height\" content=\"214\" \/>\n\t<meta property=\"og:image:type\" content=\"image\/jpeg\" \/>\n<meta name=\"author\" content=\"thomas.berner\" \/>\n<meta name=\"twitter:card\" content=\"summary_large_image\" \/>\n<meta name=\"twitter:title\" content=\"#Exportstimmung der Schweizer KMU auf historischem Tief\" \/>\n<meta name=\"twitter:description\" content=\"Die #Coronakrise sorgt f\u00fcr einen Einbruch der #Exportstimmung bei international t\u00e4tigen KMU. Dies zeigen die neusten Zahlen von #S-GE und Credit Suisse.\" \/>\n<meta name=\"twitter:image\" content=\"https:\/\/www.organisator.ch\/wp-content\/uploads\/2020\/06\/Exportstimmung-der-Schweizer-KMU-auf-historischem-Tief_Organisator.jpg\" \/>\n<script type=\"application\/ld+json\" class=\"yoast-schema-graph\">{\"@context\":\"https:\\\/\\\/schema.org\",\"@graph\":[{\"@type\":\"Article\",\"@id\":\"https:\\\/\\\/www.organisator.ch\\\/it\\\/generale\\\/2020-06-26\\\/exportstimmung-der-schweizer-kmu-auf-historischem-tief\\\/#article\",\"isPartOf\":{\"@id\":\"https:\\\/\\\/www.organisator.ch\\\/it\\\/generale\\\/2020-06-26\\\/exportstimmung-der-schweizer-kmu-auf-historischem-tief\\\/\"},\"author\":{\"name\":\"thomas.berner\",\"@id\":\"https:\\\/\\\/www.organisator.ch\\\/#\\\/schema\\\/person\\\/6f650f90b2842cd4c0cc334b4e36f67e\"},\"headline\":\"Exportstimmung der Schweizer KMU auf historischem Tief\",\"datePublished\":\"2020-06-26T08:51:30+00:00\",\"mainEntityOfPage\":{\"@id\":\"https:\\\/\\\/www.organisator.ch\\\/it\\\/generale\\\/2020-06-26\\\/exportstimmung-der-schweizer-kmu-auf-historischem-tief\\\/\"},\"wordCount\":435,\"publisher\":{\"@id\":\"https:\\\/\\\/www.organisator.ch\\\/#organization\"},\"image\":{\"@id\":\"https:\\\/\\\/www.organisator.ch\\\/it\\\/generale\\\/2020-06-26\\\/exportstimmung-der-schweizer-kmu-auf-historischem-tief\\\/#primaryimage\"},\"thumbnailUrl\":\"https:\\\/\\\/www.organisator.ch\\\/wp-content\\\/uploads\\\/2020\\\/06\\\/Exportstimmung-der-Schweizer-KMU-auf-historischem-Tief_Organisator.jpg\",\"keywords\":[\"Export\",\"Management und Unternehmensf\u00fchrung\",\"M\u00e4rkte\"],\"articleSection\":[\"Allgemein\"],\"inLanguage\":\"fr-FR\"},{\"@type\":\"WebPage\",\"@id\":\"https:\\\/\\\/www.organisator.ch\\\/it\\\/generale\\\/2020-06-26\\\/exportstimmung-der-schweizer-kmu-auf-historischem-tief\\\/\",\"url\":\"https:\\\/\\\/www.organisator.ch\\\/it\\\/generale\\\/2020-06-26\\\/exportstimmung-der-schweizer-kmu-auf-historischem-tief\\\/\",\"name\":\"Exportstimmung der Schweizer KMU auf historischem Tief - Organisator\",\"isPartOf\":{\"@id\":\"https:\\\/\\\/www.organisator.ch\\\/#website\"},\"primaryImageOfPage\":{\"@id\":\"https:\\\/\\\/www.organisator.ch\\\/it\\\/generale\\\/2020-06-26\\\/exportstimmung-der-schweizer-kmu-auf-historischem-tief\\\/#primaryimage\"},\"image\":{\"@id\":\"https:\\\/\\\/www.organisator.ch\\\/it\\\/generale\\\/2020-06-26\\\/exportstimmung-der-schweizer-kmu-auf-historischem-tief\\\/#primaryimage\"},\"thumbnailUrl\":\"https:\\\/\\\/www.organisator.ch\\\/wp-content\\\/uploads\\\/2020\\\/06\\\/Exportstimmung-der-Schweizer-KMU-auf-historischem-Tief_Organisator.jpg\",\"datePublished\":\"2020-06-26T08:51:30+00:00\",\"description\":\"Die Coronakrise sorgt f\u00fcr einen Einbruch der Exportstimmung bei international t\u00e4tigen KMU. Dies zeigen die neusten Zahlen von S-GE und Credit Suisse.\",\"breadcrumb\":{\"@id\":\"https:\\\/\\\/www.organisator.ch\\\/it\\\/generale\\\/2020-06-26\\\/exportstimmung-der-schweizer-kmu-auf-historischem-tief\\\/#breadcrumb\"},\"inLanguage\":\"fr-FR\",\"potentialAction\":[{\"@type\":\"ReadAction\",\"target\":[\"https:\\\/\\\/www.organisator.ch\\\/it\\\/generale\\\/2020-06-26\\\/exportstimmung-der-schweizer-kmu-auf-historischem-tief\\\/\"]}]},{\"@type\":\"ImageObject\",\"inLanguage\":\"fr-FR\",\"@id\":\"https:\\\/\\\/www.organisator.ch\\\/it\\\/generale\\\/2020-06-26\\\/exportstimmung-der-schweizer-kmu-auf-historischem-tief\\\/#primaryimage\",\"url\":\"https:\\\/\\\/www.organisator.ch\\\/wp-content\\\/uploads\\\/2020\\\/06\\\/Exportstimmung-der-Schweizer-KMU-auf-historischem-Tief_Organisator.jpg\",\"contentUrl\":\"https:\\\/\\\/www.organisator.ch\\\/wp-content\\\/uploads\\\/2020\\\/06\\\/Exportstimmung-der-Schweizer-KMU-auf-historischem-Tief_Organisator.jpg\",\"width\":680,\"height\":214,\"caption\":\"Die Exportstimmung von Schweizer KMU war noch nie so schlecht wie gerade jetzt. (Bild: Pixabay.com)\"},{\"@type\":\"BreadcrumbList\",\"@id\":\"https:\\\/\\\/www.organisator.ch\\\/it\\\/generale\\\/2020-06-26\\\/exportstimmung-der-schweizer-kmu-auf-historischem-tief\\\/#breadcrumb\",\"itemListElement\":[{\"@type\":\"ListItem\",\"position\":1,\"name\":\"Home\",\"item\":\"https:\\\/\\\/www.organisator.ch\\\/\"},{\"@type\":\"ListItem\",\"position\":2,\"name\":\"Exportstimmung der Schweizer KMU auf historischem Tief\"}]},{\"@type\":\"WebSite\",\"@id\":\"https:\\\/\\\/www.organisator.ch\\\/#website\",\"url\":\"https:\\\/\\\/www.organisator.ch\\\/\",\"name\":\"Organisator\",\"description\":\"Kompetent. Praxisnah. Der ORGANISATOR bereitet in 10 Ausgaben pro Jahr die wesentlichen Themen f\u00fcr F\u00fchrungskr\u00e4fte von KMU auf.\",\"publisher\":{\"@id\":\"https:\\\/\\\/www.organisator.ch\\\/#organization\"},\"potentialAction\":[{\"@type\":\"SearchAction\",\"target\":{\"@type\":\"EntryPoint\",\"urlTemplate\":\"https:\\\/\\\/www.organisator.ch\\\/?s={search_term_string}\"},\"query-input\":{\"@type\":\"PropertyValueSpecification\",\"valueRequired\":true,\"valueName\":\"search_term_string\"}}],\"inLanguage\":\"fr-FR\"},{\"@type\":\"Organization\",\"@id\":\"https:\\\/\\\/www.organisator.ch\\\/#organization\",\"name\":\"Organisator\",\"url\":\"https:\\\/\\\/www.organisator.ch\\\/\",\"logo\":{\"@type\":\"ImageObject\",\"inLanguage\":\"fr-FR\",\"@id\":\"https:\\\/\\\/www.organisator.ch\\\/#\\\/schema\\\/logo\\\/image\\\/\",\"url\":\"https:\\\/\\\/www.organisator.ch\\\/wp-content\\\/uploads\\\/2022\\\/01\\\/Logo_Organisator_Website.png\",\"contentUrl\":\"https:\\\/\\\/www.organisator.ch\\\/wp-content\\\/uploads\\\/2022\\\/01\\\/Logo_Organisator_Website.png\",\"width\":800,\"height\":77,\"caption\":\"Organisator\"},\"image\":{\"@id\":\"https:\\\/\\\/www.organisator.ch\\\/#\\\/schema\\\/logo\\\/image\\\/\"},\"sameAs\":[\"https:\\\/\\\/www.facebook.com\\\/OrganisatorFachmagazin\",\"https:\\\/\\\/www.linkedin.com\\\/showcase\\\/organisator-das-magazin-fr-kmu\",\"https:\\\/\\\/www.xing.com\\\/news\\\/pages\\\/organisator-ch-695\",\"https:\\\/\\\/www.youtube.com\\\/channel\\\/UCGP2Sq0iWaZwT3BdIAQFYpw\"]},{\"@type\":\"Person\",\"@id\":\"https:\\\/\\\/www.organisator.ch\\\/#\\\/schema\\\/person\\\/6f650f90b2842cd4c0cc334b4e36f67e\",\"name\":\"thomas.berner\",\"image\":{\"@type\":\"ImageObject\",\"inLanguage\":\"fr-FR\",\"@id\":\"https:\\\/\\\/secure.gravatar.com\\\/avatar\\\/ac5001d2a36cb6c6cd3e50789007ffca834b477b74a2144564522e944eabff61?s=96&d=mm&r=g\",\"url\":\"https:\\\/\\\/secure.gravatar.com\\\/avatar\\\/ac5001d2a36cb6c6cd3e50789007ffca834b477b74a2144564522e944eabff61?s=96&d=mm&r=g\",\"contentUrl\":\"https:\\\/\\\/secure.gravatar.com\\\/avatar\\\/ac5001d2a36cb6c6cd3e50789007ffca834b477b74a2144564522e944eabff61?s=96&d=mm&r=g\",\"caption\":\"thomas.berner\"},\"url\":\"https:\\\/\\\/www.organisator.ch\\\/fr\\\/author\\\/thomas-berner\\\/\"}]}<\/script>\n<!-- \/ Yoast SEO plugin. -->","yoast_head_json":{"title":"Le climat export des PME suisses \u00e0 un niveau historiquement bas - Organisateur","description":"La crise de la Corona provoque un effondrement du climat d'exportation chez les PME actives \u00e0 l'international. C'est ce que montrent les derniers chiffres de S-GE et du Credit Suisse.","robots":{"index":"index","follow":"follow","max-snippet":"max-snippet:-1","max-image-preview":"max-image-preview:large","max-video-preview":"max-video-preview:-1"},"canonical":"https:\/\/www.organisator.ch\/fr\/general\/2020-06-26\/exportstimmung-der-schweizer-kmu-auf-historischem-tief\/","og_locale":"fr_FR","og_type":"article","og_title":"Exportstimmung der Schweizer KMU auf historischem Tief","og_description":"Die Coronakrise sorgt f\u00fcr einen Einbruch der Exportstimmung bei international t\u00e4tigen KMU. Dies zeigen die neusten Zahlen von S-GE und Credit Suisse.","og_url":"https:\/\/www.organisator.ch\/fr\/general\/2020-06-26\/exportstimmung-der-schweizer-kmu-auf-historischem-tief\/","og_site_name":"Organisator","article_publisher":"https:\/\/www.facebook.com\/OrganisatorFachmagazin","article_published_time":"2020-06-26T08:51:30+00:00","og_image":[{"width":680,"height":214,"url":"https:\/\/www.organisator.ch\/wp-content\/uploads\/2020\/06\/Exportstimmung-der-Schweizer-KMU-auf-historischem-Tief_Organisator.jpg","type":"image\/jpeg"}],"author":"thomas.berner","twitter_card":"summary_large_image","twitter_title":"#Exportstimmung der Schweizer KMU auf historischem Tief","twitter_description":"Die #Coronakrise sorgt f\u00fcr einen Einbruch der #Exportstimmung bei international t\u00e4tigen KMU. Dies zeigen die neusten Zahlen von #S-GE und Credit Suisse.","twitter_image":"https:\/\/www.organisator.ch\/wp-content\/uploads\/2020\/06\/Exportstimmung-der-Schweizer-KMU-auf-historischem-Tief_Organisator.jpg","schema":{"@context":"https:\/\/schema.org","@graph":[{"@type":"Article","@id":"https:\/\/www.organisator.ch\/it\/generale\/2020-06-26\/exportstimmung-der-schweizer-kmu-auf-historischem-tief\/#article","isPartOf":{"@id":"https:\/\/www.organisator.ch\/it\/generale\/2020-06-26\/exportstimmung-der-schweizer-kmu-auf-historischem-tief\/"},"author":{"name":"thomas.berner","@id":"https:\/\/www.organisator.ch\/#\/schema\/person\/6f650f90b2842cd4c0cc334b4e36f67e"},"headline":"Exportstimmung der Schweizer KMU auf historischem Tief","datePublished":"2020-06-26T08:51:30+00:00","mainEntityOfPage":{"@id":"https:\/\/www.organisator.ch\/it\/generale\/2020-06-26\/exportstimmung-der-schweizer-kmu-auf-historischem-tief\/"},"wordCount":435,"publisher":{"@id":"https:\/\/www.organisator.ch\/#organization"},"image":{"@id":"https:\/\/www.organisator.ch\/it\/generale\/2020-06-26\/exportstimmung-der-schweizer-kmu-auf-historischem-tief\/#primaryimage"},"thumbnailUrl":"https:\/\/www.organisator.ch\/wp-content\/uploads\/2020\/06\/Exportstimmung-der-Schweizer-KMU-auf-historischem-Tief_Organisator.jpg","keywords":["Export","Management und Unternehmensf\u00fchrung","M\u00e4rkte"],"articleSection":["Allgemein"],"inLanguage":"fr-FR"},{"@type":"WebPage","@id":"https:\/\/www.organisator.ch\/it\/generale\/2020-06-26\/exportstimmung-der-schweizer-kmu-auf-historischem-tief\/","url":"https:\/\/www.organisator.ch\/it\/generale\/2020-06-26\/exportstimmung-der-schweizer-kmu-auf-historischem-tief\/","name":"Le climat export des PME suisses \u00e0 un niveau historiquement bas - Organisateur","isPartOf":{"@id":"https:\/\/www.organisator.ch\/#website"},"primaryImageOfPage":{"@id":"https:\/\/www.organisator.ch\/it\/generale\/2020-06-26\/exportstimmung-der-schweizer-kmu-auf-historischem-tief\/#primaryimage"},"image":{"@id":"https:\/\/www.organisator.ch\/it\/generale\/2020-06-26\/exportstimmung-der-schweizer-kmu-auf-historischem-tief\/#primaryimage"},"thumbnailUrl":"https:\/\/www.organisator.ch\/wp-content\/uploads\/2020\/06\/Exportstimmung-der-Schweizer-KMU-auf-historischem-Tief_Organisator.jpg","datePublished":"2020-06-26T08:51:30+00:00","description":"La crise de la Corona provoque un effondrement du climat d'exportation chez les PME actives \u00e0 l'international. C'est ce que montrent les derniers chiffres de S-GE et du Credit Suisse.","breadcrumb":{"@id":"https:\/\/www.organisator.ch\/it\/generale\/2020-06-26\/exportstimmung-der-schweizer-kmu-auf-historischem-tief\/#breadcrumb"},"inLanguage":"fr-FR","potentialAction":[{"@type":"ReadAction","target":["https:\/\/www.organisator.ch\/it\/generale\/2020-06-26\/exportstimmung-der-schweizer-kmu-auf-historischem-tief\/"]}]},{"@type":"ImageObject","inLanguage":"fr-FR","@id":"https:\/\/www.organisator.ch\/it\/generale\/2020-06-26\/exportstimmung-der-schweizer-kmu-auf-historischem-tief\/#primaryimage","url":"https:\/\/www.organisator.ch\/wp-content\/uploads\/2020\/06\/Exportstimmung-der-Schweizer-KMU-auf-historischem-Tief_Organisator.jpg","contentUrl":"https:\/\/www.organisator.ch\/wp-content\/uploads\/2020\/06\/Exportstimmung-der-Schweizer-KMU-auf-historischem-Tief_Organisator.jpg","width":680,"height":214,"caption":"Die Exportstimmung von Schweizer KMU war noch nie so schlecht wie gerade jetzt. (Bild: Pixabay.com)"},{"@type":"BreadcrumbList","@id":"https:\/\/www.organisator.ch\/it\/generale\/2020-06-26\/exportstimmung-der-schweizer-kmu-auf-historischem-tief\/#breadcrumb","itemListElement":[{"@type":"ListItem","position":1,"name":"Home","item":"https:\/\/www.organisator.ch\/"},{"@type":"ListItem","position":2,"name":"Exportstimmung der Schweizer KMU auf historischem Tief"}]},{"@type":"WebSite","@id":"https:\/\/www.organisator.ch\/#website","url":"https:\/\/www.organisator.ch\/","name":"Organisateur","description":"Comp\u00e9tence et comp\u00e9tence. Proches de la pratique. L'ORGANISATEUR pr\u00e9pare 10 num\u00e9ros par an sur les th\u00e8mes essentiels pour les dirigeants de PME.","publisher":{"@id":"https:\/\/www.organisator.ch\/#organization"},"potentialAction":[{"@type":"SearchAction","target":{"@type":"EntryPoint","urlTemplate":"https:\/\/www.organisator.ch\/?s={search_term_string}"},"query-input":{"@type":"PropertyValueSpecification","valueRequired":true,"valueName":"search_term_string"}}],"inLanguage":"fr-FR"},{"@type":"Organization","@id":"https:\/\/www.organisator.ch\/#organization","name":"Organisateur","url":"https:\/\/www.organisator.ch\/","logo":{"@type":"ImageObject","inLanguage":"fr-FR","@id":"https:\/\/www.organisator.ch\/#\/schema\/logo\/image\/","url":"https:\/\/www.organisator.ch\/wp-content\/uploads\/2022\/01\/Logo_Organisator_Website.png","contentUrl":"https:\/\/www.organisator.ch\/wp-content\/uploads\/2022\/01\/Logo_Organisator_Website.png","width":800,"height":77,"caption":"Organisator"},"image":{"@id":"https:\/\/www.organisator.ch\/#\/schema\/logo\/image\/"},"sameAs":["https:\/\/www.facebook.com\/OrganisatorFachmagazin","https:\/\/www.linkedin.com\/showcase\/organisator-das-magazin-fr-kmu","https:\/\/www.xing.com\/news\/pages\/organisator-ch-695","https:\/\/www.youtube.com\/channel\/UCGP2Sq0iWaZwT3BdIAQFYpw"]},{"@type":"Person","@id":"https:\/\/www.organisator.ch\/#\/schema\/person\/6f650f90b2842cd4c0cc334b4e36f67e","name":"thomas.berner","image":{"@type":"ImageObject","inLanguage":"fr-FR","@id":"https:\/\/secure.gravatar.com\/avatar\/ac5001d2a36cb6c6cd3e50789007ffca834b477b74a2144564522e944eabff61?s=96&d=mm&r=g","url":"https:\/\/secure.gravatar.com\/avatar\/ac5001d2a36cb6c6cd3e50789007ffca834b477b74a2144564522e944eabff61?s=96&d=mm&r=g","contentUrl":"https:\/\/secure.gravatar.com\/avatar\/ac5001d2a36cb6c6cd3e50789007ffca834b477b74a2144564522e944eabff61?s=96&d=mm&r=g","caption":"thomas.berner"},"url":"https:\/\/www.organisator.ch\/fr\/author\/thomas-berner\/"}]}},"_links":{"self":[{"href":"https:\/\/www.organisator.ch\/fr\/wp-json\/wp\/v2\/posts\/6875","targetHints":{"allow":["GET"]}}],"collection":[{"href":"https:\/\/www.organisator.ch\/fr\/wp-json\/wp\/v2\/posts"}],"about":[{"href":"https:\/\/www.organisator.ch\/fr\/wp-json\/wp\/v2\/types\/post"}],"author":[{"embeddable":true,"href":"https:\/\/www.organisator.ch\/fr\/wp-json\/wp\/v2\/users\/4"}],"replies":[{"embeddable":true,"href":"https:\/\/www.organisator.ch\/fr\/wp-json\/wp\/v2\/comments?post=6875"}],"version-history":[{"count":0,"href":"https:\/\/www.organisator.ch\/fr\/wp-json\/wp\/v2\/posts\/6875\/revisions"}],"wp:featuredmedia":[{"embeddable":true,"href":"https:\/\/www.organisator.ch\/fr\/wp-json\/wp\/v2\/media\/6876"}],"wp:attachment":[{"href":"https:\/\/www.organisator.ch\/fr\/wp-json\/wp\/v2\/media?parent=6875"}],"wp:term":[{"taxonomy":"category","embeddable":true,"href":"https:\/\/www.organisator.ch\/fr\/wp-json\/wp\/v2\/categories?post=6875"},{"taxonomy":"post_tag","embeddable":true,"href":"https:\/\/www.organisator.ch\/fr\/wp-json\/wp\/v2\/tags?post=6875"}],"curies":[{"name":"wp","href":"https:\/\/api.w.org\/{rel}","templated":true}]}}