{"id":690,"date":"2017-01-26T15:14:41","date_gmt":"2017-01-26T14:14:41","guid":{"rendered":"https:\/\/umweltperspektiven.ch\/?p=690"},"modified":"2022-02-09T11:06:57","modified_gmt":"2022-02-09T10:06:57","slug":"mobility-ersetzt-700-dieselautos-durch-benziner","status":"publish","type":"post","link":"https:\/\/www.organisator.ch\/fr\/sustainability\/2017-01-26\/mobility-ersetzt-700-dieselautos-durch-benziner\/","title":{"rendered":"Mobility remplace 700 voitures diesel par des voitures \u00e0 essence"},"content":{"rendered":"<figure id=\"attachment_691\" aria-describedby=\"caption-attachment-691\" style=\"width: 680px\" class=\"wp-caption alignnone\"><img loading=\"lazy\" decoding=\"async\" class=\"size-medium wp-image-691\" src=\"\/\/umweltperspektiven.ch\/wp-content\/uploads\/2017\/01\/Mobility.jpg\" alt=\"\" width=\"680\" height=\"453\" \/><figcaption id=\"caption-attachment-691\" class=\"wp-caption-text\">Fini les moteurs diesel : Mobility remplace 700 v\u00e9hicules - et exige plus de transparence.<\/figcaption><\/figure>\n<p>Comme on ne sait pas actuellement quelle quantit\u00e9 d'oxyde d'azote les moteurs diesel \u00e9mettent r\u00e9ellement, le prestataire de car sharing remplace <a href=\"\/\/www.mobility.ch\/\">Mobilit\u00e9 <\/a>\u00e0 partir du printemps, 700 v\u00e9hicules diesel seront progressivement remplac\u00e9s par des v\u00e9hicules \u00e0 essence. Elle estime que la l\u00e9gislation ainsi que les constructeurs ont le devoir d'assurer la transparence le plus rapidement possible.<\/p>\n<p><strong>Partager au lieu d'acheter<\/strong><\/p>\n<p>Des \u00e9tudes le montrent : Le grand levier durable du car sharing r\u00e9side dans le fait que les utilisateurs partagent des voitures au lieu d'en acheter une eux-m\u00eames. Rien qu'en Suisse, 30'000 voitures priv\u00e9es de moins circulent sur les routes gr\u00e2ce \u00e0 Mobility. Mais ce n'est pas seulement le concept de partage qui pr\u00e9serve l'environnement, mais aussi les voitures de car sharing elles-m\u00eames. \"Nous n'int\u00e9grons dans notre flotte que des v\u00e9hicules aussi efficaces que possible sur le plan \u00e9nerg\u00e9tique\", explique Patrick Eigenmann, responsable de la communication de Mobility. L'entreprise trouve d'autant plus choquant qu'\u00e0 l'heure actuelle, on ne sait absolument pas quelle quantit\u00e9 d'oxyde d'azote les moteurs diesel de petite cylindr\u00e9e \u00e9mettent en r\u00e9alit\u00e9. \"Les experts estiment qu'il s'agit d'un multiple des donn\u00e9es des constructeurs, mais il n'existe malheureusement pas de donn\u00e9es fiables. C'est pourquoi nous d\u00e9cidons dans un premier temps de remplacer progressivement 700 voitures diesel par des voitures \u00e0 essence dans la cat\u00e9gorie Economy\". Cela correspond \u00e0 pr\u00e8s d'un quart de la flotte totale de Mobility.<\/p>\n<p><strong>Le dilemme : plus d'essence, plus de CO2<\/strong><\/p>\n<p>Le fait que Mobility augmente la part de voitures \u00e0 essence place la coop\u00e9rative devant un dilemme : certes, les voitures \u00e0 essence \u00e9mettent moins d'oxyde d'azote que les v\u00e9hicules diesel, mais elles \u00e9mettent en m\u00eame temps plus de CO2. \"Il sera donc plus difficile pour nous d'atteindre les objectifs de la Conf\u00e9d\u00e9ration en mati\u00e8re de CO2\", explique M. Eigenmann. Sur la base des donn\u00e9es actuelles des constructeurs, le prestataire de car sharing s'en estime encore tout \u00e0 fait capable, mais d\u00e8s que de nouvelles proc\u00e9dures de test, comme le test WLTP, seront introduites et qu'elles indiqueront des valeurs plus r\u00e9alistes, \"la Conf\u00e9d\u00e9ration sera probablement appel\u00e9e \u00e0 revoir ses objectifs \u00e0 la baisse\", estime-t-il. D'une mani\u00e8re g\u00e9n\u00e9rale, Mobility salue toutes les mesures prises par la l\u00e9gislation et les constructeurs qui visent \u00e0 \u00e9tablir des valeurs d'\u00e9mission plus transparentes et plus proches de la r\u00e9alit\u00e9.<\/p>","protected":false},"excerpt":{"rendered":"<p>Da derzeit unklar ist, wie viel Stickoxid Dieselmotoren tats\u00e4chlich ausstossen, ersetzt die Carsharing-Anbieterin Mobility ab Fr\u00fchling nach und nach 700 Diesel- durch Benzinfahrzeuge. Sie sieht die Gesetzgebung sowie die Hersteller in der Pflicht, m\u00f6glichst rasch f\u00fcr Transparenz zu sorgen. Teilen statt kaufen Studien zeigen: Der grosse nachhaltige Hebel von Carsharing liegt darin, dass die Nutzer [&hellip;]<\/p>\n","protected":false},"author":1,"featured_media":9455,"comment_status":"open","ping_status":"open","sticky":false,"template":"","format":"standard","meta":{"_acf_changed":false,"_yoast_wpseo_focuskw":"Mobility","_yoast_wpseo_metadesc":"Mobility reagiert auf den Dieselskandal: Ab Fr\u00fchling ersetzt der Carsharing-Anbieter 700 Dieselfahrzeuge durch Benzinfahrzeuge.","articlekey":"","footnotes":""},"categories":[580],"tags":[799,979,1727,1729,2454],"class_list":["post-690","post","type-post","status-publish","format-standard","has-post-thumbnail","hentry","category-sustainability","tag-benzin","tag-diesel","tag-mobilitaetsmanagement","tag-mobility","tag-verkehr"],"acf":[],"yoast_head":"<!-- This site is optimized with the Yoast SEO plugin v27.5 - https:\/\/yoast.com\/product\/yoast-seo-wordpress\/ -->\n<title>Mobility ersetzt 700 Dieselautos durch Benziner - Organisator<\/title>\n<meta name=\"description\" content=\"Mobility reagiert auf den Dieselskandal: Ab Fr\u00fchling ersetzt der Carsharing-Anbieter 700 Dieselfahrzeuge durch Benzinfahrzeuge.\" \/>\n<meta name=\"robots\" content=\"index, follow, max-snippet:-1, max-image-preview:large, max-video-preview:-1\" \/>\n<link rel=\"canonical\" href=\"https:\/\/www.organisator.ch\/fr\/sustainability\/2017-01-26\/mobility-ersetzt-700-dieselautos-durch-benziner\/\" \/>\n<meta property=\"og:locale\" content=\"fr_FR\" \/>\n<meta property=\"og:type\" content=\"article\" \/>\n<meta property=\"og:title\" content=\"Mobility ersetzt 700 Dieselautos durch Benziner - Organisator\" \/>\n<meta property=\"og:description\" content=\"Mobility reagiert auf den Dieselskandal: Ab Fr\u00fchling ersetzt der Carsharing-Anbieter 700 Dieselfahrzeuge durch Benzinfahrzeuge.\" \/>\n<meta property=\"og:url\" content=\"https:\/\/www.organisator.ch\/fr\/sustainability\/2017-01-26\/mobility-ersetzt-700-dieselautos-durch-benziner\/\" \/>\n<meta property=\"og:site_name\" content=\"Organisator\" \/>\n<meta property=\"article:publisher\" content=\"https:\/\/www.facebook.com\/OrganisatorFachmagazin\" \/>\n<meta property=\"article:published_time\" content=\"2017-01-26T14:14:41+00:00\" \/>\n<meta property=\"article:modified_time\" content=\"2022-02-09T10:06:57+00:00\" \/>\n<meta property=\"og:image\" content=\"https:\/\/www.organisator.ch\/wp-content\/uploads\/2017\/01\/Mobility-scaled.jpg\" \/>\n\t<meta property=\"og:image:width\" content=\"2560\" \/>\n\t<meta property=\"og:image:height\" content=\"1705\" \/>\n\t<meta property=\"og:image:type\" content=\"image\/jpeg\" \/>\n<meta name=\"author\" content=\"admin\" \/>\n<meta name=\"twitter:card\" content=\"summary_large_image\" \/>\n<script type=\"application\/ld+json\" class=\"yoast-schema-graph\">{\"@context\":\"https:\\\/\\\/schema.org\",\"@graph\":[{\"@type\":\"Article\",\"@id\":\"https:\\\/\\\/www.organisator.ch\\\/sustainability\\\/2017-01-26\\\/mobility-ersetzt-700-dieselautos-durch-benziner\\\/#article\",\"isPartOf\":{\"@id\":\"https:\\\/\\\/www.organisator.ch\\\/sustainability\\\/2017-01-26\\\/mobility-ersetzt-700-dieselautos-durch-benziner\\\/\"},\"author\":{\"name\":\"admin\",\"@id\":\"https:\\\/\\\/www.organisator.ch\\\/#\\\/schema\\\/person\\\/aa2bace6c5c5aad60102004a50c4eb1c\"},\"headline\":\"Mobility ersetzt 700 Dieselautos durch Benziner\",\"datePublished\":\"2017-01-26T14:14:41+00:00\",\"dateModified\":\"2022-02-09T10:06:57+00:00\",\"mainEntityOfPage\":{\"@id\":\"https:\\\/\\\/www.organisator.ch\\\/sustainability\\\/2017-01-26\\\/mobility-ersetzt-700-dieselautos-durch-benziner\\\/\"},\"wordCount\":316,\"commentCount\":0,\"publisher\":{\"@id\":\"https:\\\/\\\/www.organisator.ch\\\/#organization\"},\"image\":{\"@id\":\"https:\\\/\\\/www.organisator.ch\\\/sustainability\\\/2017-01-26\\\/mobility-ersetzt-700-dieselautos-durch-benziner\\\/#primaryimage\"},\"thumbnailUrl\":\"https:\\\/\\\/www.organisator.ch\\\/wp-content\\\/uploads\\\/2017\\\/01\\\/Mobility-scaled.jpg\",\"keywords\":[\"Benzin\",\"Diesel\",\"Mobilit\u00e4tsmanagement\",\"Mobility\",\"Verkehr\"],\"articleSection\":[\"SUSTAINABILITY\"],\"inLanguage\":\"fr-FR\"},{\"@type\":\"WebPage\",\"@id\":\"https:\\\/\\\/www.organisator.ch\\\/sustainability\\\/2017-01-26\\\/mobility-ersetzt-700-dieselautos-durch-benziner\\\/\",\"url\":\"https:\\\/\\\/www.organisator.ch\\\/sustainability\\\/2017-01-26\\\/mobility-ersetzt-700-dieselautos-durch-benziner\\\/\",\"name\":\"Mobility ersetzt 700 Dieselautos durch Benziner - Organisator\",\"isPartOf\":{\"@id\":\"https:\\\/\\\/www.organisator.ch\\\/#website\"},\"primaryImageOfPage\":{\"@id\":\"https:\\\/\\\/www.organisator.ch\\\/sustainability\\\/2017-01-26\\\/mobility-ersetzt-700-dieselautos-durch-benziner\\\/#primaryimage\"},\"image\":{\"@id\":\"https:\\\/\\\/www.organisator.ch\\\/sustainability\\\/2017-01-26\\\/mobility-ersetzt-700-dieselautos-durch-benziner\\\/#primaryimage\"},\"thumbnailUrl\":\"https:\\\/\\\/www.organisator.ch\\\/wp-content\\\/uploads\\\/2017\\\/01\\\/Mobility-scaled.jpg\",\"datePublished\":\"2017-01-26T14:14:41+00:00\",\"dateModified\":\"2022-02-09T10:06:57+00:00\",\"description\":\"Mobility reagiert auf den Dieselskandal: Ab Fr\u00fchling ersetzt der Carsharing-Anbieter 700 Dieselfahrzeuge durch Benzinfahrzeuge.\",\"breadcrumb\":{\"@id\":\"https:\\\/\\\/www.organisator.ch\\\/sustainability\\\/2017-01-26\\\/mobility-ersetzt-700-dieselautos-durch-benziner\\\/#breadcrumb\"},\"inLanguage\":\"fr-FR\",\"potentialAction\":[{\"@type\":\"ReadAction\",\"target\":[\"https:\\\/\\\/www.organisator.ch\\\/sustainability\\\/2017-01-26\\\/mobility-ersetzt-700-dieselautos-durch-benziner\\\/\"]}]},{\"@type\":\"ImageObject\",\"inLanguage\":\"fr-FR\",\"@id\":\"https:\\\/\\\/www.organisator.ch\\\/sustainability\\\/2017-01-26\\\/mobility-ersetzt-700-dieselautos-durch-benziner\\\/#primaryimage\",\"url\":\"https:\\\/\\\/www.organisator.ch\\\/wp-content\\\/uploads\\\/2017\\\/01\\\/Mobility-scaled.jpg\",\"contentUrl\":\"https:\\\/\\\/www.organisator.ch\\\/wp-content\\\/uploads\\\/2017\\\/01\\\/Mobility-scaled.jpg\",\"width\":2560,\"height\":1705,\"caption\":\"Schluss mit Dieselmotoren: Mobility ersetzt 700 Fahrzeuge - und fordert mehr Transparenz.\"},{\"@type\":\"BreadcrumbList\",\"@id\":\"https:\\\/\\\/www.organisator.ch\\\/sustainability\\\/2017-01-26\\\/mobility-ersetzt-700-dieselautos-durch-benziner\\\/#breadcrumb\",\"itemListElement\":[{\"@type\":\"ListItem\",\"position\":1,\"name\":\"Home\",\"item\":\"https:\\\/\\\/www.organisator.ch\\\/\"},{\"@type\":\"ListItem\",\"position\":2,\"name\":\"Mobility ersetzt 700 Dieselautos durch Benziner\"}]},{\"@type\":\"WebSite\",\"@id\":\"https:\\\/\\\/www.organisator.ch\\\/#website\",\"url\":\"https:\\\/\\\/www.organisator.ch\\\/\",\"name\":\"Organisator\",\"description\":\"Kompetent. Praxisnah. Der ORGANISATOR bereitet in 10 Ausgaben pro Jahr die wesentlichen Themen f\u00fcr F\u00fchrungskr\u00e4fte von KMU auf.\",\"publisher\":{\"@id\":\"https:\\\/\\\/www.organisator.ch\\\/#organization\"},\"potentialAction\":[{\"@type\":\"SearchAction\",\"target\":{\"@type\":\"EntryPoint\",\"urlTemplate\":\"https:\\\/\\\/www.organisator.ch\\\/?s={search_term_string}\"},\"query-input\":{\"@type\":\"PropertyValueSpecification\",\"valueRequired\":true,\"valueName\":\"search_term_string\"}}],\"inLanguage\":\"fr-FR\"},{\"@type\":\"Organization\",\"@id\":\"https:\\\/\\\/www.organisator.ch\\\/#organization\",\"name\":\"Organisator\",\"url\":\"https:\\\/\\\/www.organisator.ch\\\/\",\"logo\":{\"@type\":\"ImageObject\",\"inLanguage\":\"fr-FR\",\"@id\":\"https:\\\/\\\/www.organisator.ch\\\/#\\\/schema\\\/logo\\\/image\\\/\",\"url\":\"https:\\\/\\\/www.organisator.ch\\\/wp-content\\\/uploads\\\/2022\\\/01\\\/Logo_Organisator_Website.png\",\"contentUrl\":\"https:\\\/\\\/www.organisator.ch\\\/wp-content\\\/uploads\\\/2022\\\/01\\\/Logo_Organisator_Website.png\",\"width\":800,\"height\":77,\"caption\":\"Organisator\"},\"image\":{\"@id\":\"https:\\\/\\\/www.organisator.ch\\\/#\\\/schema\\\/logo\\\/image\\\/\"},\"sameAs\":[\"https:\\\/\\\/www.facebook.com\\\/OrganisatorFachmagazin\",\"https:\\\/\\\/www.linkedin.com\\\/showcase\\\/organisator-das-magazin-fr-kmu\",\"https:\\\/\\\/www.xing.com\\\/news\\\/pages\\\/organisator-ch-695\",\"https:\\\/\\\/www.youtube.com\\\/channel\\\/UCGP2Sq0iWaZwT3BdIAQFYpw\"]},{\"@type\":\"Person\",\"@id\":\"https:\\\/\\\/www.organisator.ch\\\/#\\\/schema\\\/person\\\/aa2bace6c5c5aad60102004a50c4eb1c\",\"name\":\"admin\",\"image\":{\"@type\":\"ImageObject\",\"inLanguage\":\"fr-FR\",\"@id\":\"https:\\\/\\\/secure.gravatar.com\\\/avatar\\\/ae2f4d718e6c49043e314ce431e7e645d646302a24a5ef5a8bc8e3f5a032e319?s=96&d=mm&r=g\",\"url\":\"https:\\\/\\\/secure.gravatar.com\\\/avatar\\\/ae2f4d718e6c49043e314ce431e7e645d646302a24a5ef5a8bc8e3f5a032e319?s=96&d=mm&r=g\",\"contentUrl\":\"https:\\\/\\\/secure.gravatar.com\\\/avatar\\\/ae2f4d718e6c49043e314ce431e7e645d646302a24a5ef5a8bc8e3f5a032e319?s=96&d=mm&r=g\",\"caption\":\"admin\"},\"sameAs\":[\"https:\\\/\\\/www.organisator.ch\"],\"url\":\"https:\\\/\\\/www.organisator.ch\\\/fr\\\/author\\\/admin\\\/\"}]}<\/script>\n<!-- \/ Yoast SEO plugin. -->","yoast_head_json":{"title":"Mobility remplace 700 voitures diesel par des voitures \u00e0 essence - Organisateur","description":"Mobility r\u00e9agit au scandale du diesel : \u00e0 partir du printemps, le prestataire de car sharing remplacera 700 v\u00e9hicules diesel par des v\u00e9hicules \u00e0 essence.","robots":{"index":"index","follow":"follow","max-snippet":"max-snippet:-1","max-image-preview":"max-image-preview:large","max-video-preview":"max-video-preview:-1"},"canonical":"https:\/\/www.organisator.ch\/fr\/sustainability\/2017-01-26\/mobility-ersetzt-700-dieselautos-durch-benziner\/","og_locale":"fr_FR","og_type":"article","og_title":"Mobility ersetzt 700 Dieselautos durch Benziner - Organisator","og_description":"Mobility reagiert auf den Dieselskandal: Ab Fr\u00fchling ersetzt der Carsharing-Anbieter 700 Dieselfahrzeuge durch Benzinfahrzeuge.","og_url":"https:\/\/www.organisator.ch\/fr\/sustainability\/2017-01-26\/mobility-ersetzt-700-dieselautos-durch-benziner\/","og_site_name":"Organisator","article_publisher":"https:\/\/www.facebook.com\/OrganisatorFachmagazin","article_published_time":"2017-01-26T14:14:41+00:00","article_modified_time":"2022-02-09T10:06:57+00:00","og_image":[{"width":2560,"height":1705,"url":"https:\/\/www.organisator.ch\/wp-content\/uploads\/2017\/01\/Mobility-scaled.jpg","type":"image\/jpeg"}],"author":"admin","twitter_card":"summary_large_image","schema":{"@context":"https:\/\/schema.org","@graph":[{"@type":"Article","@id":"https:\/\/www.organisator.ch\/sustainability\/2017-01-26\/mobility-ersetzt-700-dieselautos-durch-benziner\/#article","isPartOf":{"@id":"https:\/\/www.organisator.ch\/sustainability\/2017-01-26\/mobility-ersetzt-700-dieselautos-durch-benziner\/"},"author":{"name":"admin","@id":"https:\/\/www.organisator.ch\/#\/schema\/person\/aa2bace6c5c5aad60102004a50c4eb1c"},"headline":"Mobility ersetzt 700 Dieselautos durch Benziner","datePublished":"2017-01-26T14:14:41+00:00","dateModified":"2022-02-09T10:06:57+00:00","mainEntityOfPage":{"@id":"https:\/\/www.organisator.ch\/sustainability\/2017-01-26\/mobility-ersetzt-700-dieselautos-durch-benziner\/"},"wordCount":316,"commentCount":0,"publisher":{"@id":"https:\/\/www.organisator.ch\/#organization"},"image":{"@id":"https:\/\/www.organisator.ch\/sustainability\/2017-01-26\/mobility-ersetzt-700-dieselautos-durch-benziner\/#primaryimage"},"thumbnailUrl":"https:\/\/www.organisator.ch\/wp-content\/uploads\/2017\/01\/Mobility-scaled.jpg","keywords":["Benzin","Diesel","Mobilit\u00e4tsmanagement","Mobility","Verkehr"],"articleSection":["SUSTAINABILITY"],"inLanguage":"fr-FR"},{"@type":"WebPage","@id":"https:\/\/www.organisator.ch\/sustainability\/2017-01-26\/mobility-ersetzt-700-dieselautos-durch-benziner\/","url":"https:\/\/www.organisator.ch\/sustainability\/2017-01-26\/mobility-ersetzt-700-dieselautos-durch-benziner\/","name":"Mobility remplace 700 voitures diesel par des voitures \u00e0 essence - Organisateur","isPartOf":{"@id":"https:\/\/www.organisator.ch\/#website"},"primaryImageOfPage":{"@id":"https:\/\/www.organisator.ch\/sustainability\/2017-01-26\/mobility-ersetzt-700-dieselautos-durch-benziner\/#primaryimage"},"image":{"@id":"https:\/\/www.organisator.ch\/sustainability\/2017-01-26\/mobility-ersetzt-700-dieselautos-durch-benziner\/#primaryimage"},"thumbnailUrl":"https:\/\/www.organisator.ch\/wp-content\/uploads\/2017\/01\/Mobility-scaled.jpg","datePublished":"2017-01-26T14:14:41+00:00","dateModified":"2022-02-09T10:06:57+00:00","description":"Mobility r\u00e9agit au scandale du diesel : \u00e0 partir du printemps, le prestataire de car sharing remplacera 700 v\u00e9hicules diesel par des v\u00e9hicules \u00e0 essence.","breadcrumb":{"@id":"https:\/\/www.organisator.ch\/sustainability\/2017-01-26\/mobility-ersetzt-700-dieselautos-durch-benziner\/#breadcrumb"},"inLanguage":"fr-FR","potentialAction":[{"@type":"ReadAction","target":["https:\/\/www.organisator.ch\/sustainability\/2017-01-26\/mobility-ersetzt-700-dieselautos-durch-benziner\/"]}]},{"@type":"ImageObject","inLanguage":"fr-FR","@id":"https:\/\/www.organisator.ch\/sustainability\/2017-01-26\/mobility-ersetzt-700-dieselautos-durch-benziner\/#primaryimage","url":"https:\/\/www.organisator.ch\/wp-content\/uploads\/2017\/01\/Mobility-scaled.jpg","contentUrl":"https:\/\/www.organisator.ch\/wp-content\/uploads\/2017\/01\/Mobility-scaled.jpg","width":2560,"height":1705,"caption":"Schluss mit Dieselmotoren: Mobility ersetzt 700 Fahrzeuge - und fordert mehr Transparenz."},{"@type":"BreadcrumbList","@id":"https:\/\/www.organisator.ch\/sustainability\/2017-01-26\/mobility-ersetzt-700-dieselautos-durch-benziner\/#breadcrumb","itemListElement":[{"@type":"ListItem","position":1,"name":"Home","item":"https:\/\/www.organisator.ch\/"},{"@type":"ListItem","position":2,"name":"Mobility ersetzt 700 Dieselautos durch Benziner"}]},{"@type":"WebSite","@id":"https:\/\/www.organisator.ch\/#website","url":"https:\/\/www.organisator.ch\/","name":"Organisateur","description":"Comp\u00e9tence et comp\u00e9tence. Proches de la pratique. L'ORGANISATEUR pr\u00e9pare 10 num\u00e9ros par an sur les th\u00e8mes essentiels pour les dirigeants de PME.","publisher":{"@id":"https:\/\/www.organisator.ch\/#organization"},"potentialAction":[{"@type":"SearchAction","target":{"@type":"EntryPoint","urlTemplate":"https:\/\/www.organisator.ch\/?s={search_term_string}"},"query-input":{"@type":"PropertyValueSpecification","valueRequired":true,"valueName":"search_term_string"}}],"inLanguage":"fr-FR"},{"@type":"Organization","@id":"https:\/\/www.organisator.ch\/#organization","name":"Organisateur","url":"https:\/\/www.organisator.ch\/","logo":{"@type":"ImageObject","inLanguage":"fr-FR","@id":"https:\/\/www.organisator.ch\/#\/schema\/logo\/image\/","url":"https:\/\/www.organisator.ch\/wp-content\/uploads\/2022\/01\/Logo_Organisator_Website.png","contentUrl":"https:\/\/www.organisator.ch\/wp-content\/uploads\/2022\/01\/Logo_Organisator_Website.png","width":800,"height":77,"caption":"Organisator"},"image":{"@id":"https:\/\/www.organisator.ch\/#\/schema\/logo\/image\/"},"sameAs":["https:\/\/www.facebook.com\/OrganisatorFachmagazin","https:\/\/www.linkedin.com\/showcase\/organisator-das-magazin-fr-kmu","https:\/\/www.xing.com\/news\/pages\/organisator-ch-695","https:\/\/www.youtube.com\/channel\/UCGP2Sq0iWaZwT3BdIAQFYpw"]},{"@type":"Person","@id":"https:\/\/www.organisator.ch\/#\/schema\/person\/aa2bace6c5c5aad60102004a50c4eb1c","name":"admin","image":{"@type":"ImageObject","inLanguage":"fr-FR","@id":"https:\/\/secure.gravatar.com\/avatar\/ae2f4d718e6c49043e314ce431e7e645d646302a24a5ef5a8bc8e3f5a032e319?s=96&d=mm&r=g","url":"https:\/\/secure.gravatar.com\/avatar\/ae2f4d718e6c49043e314ce431e7e645d646302a24a5ef5a8bc8e3f5a032e319?s=96&d=mm&r=g","contentUrl":"https:\/\/secure.gravatar.com\/avatar\/ae2f4d718e6c49043e314ce431e7e645d646302a24a5ef5a8bc8e3f5a032e319?s=96&d=mm&r=g","caption":"admin"},"sameAs":["https:\/\/www.organisator.ch"],"url":"https:\/\/www.organisator.ch\/fr\/author\/admin\/"}]}},"_links":{"self":[{"href":"https:\/\/www.organisator.ch\/fr\/wp-json\/wp\/v2\/posts\/690","targetHints":{"allow":["GET"]}}],"collection":[{"href":"https:\/\/www.organisator.ch\/fr\/wp-json\/wp\/v2\/posts"}],"about":[{"href":"https:\/\/www.organisator.ch\/fr\/wp-json\/wp\/v2\/types\/post"}],"author":[{"embeddable":true,"href":"https:\/\/www.organisator.ch\/fr\/wp-json\/wp\/v2\/users\/1"}],"replies":[{"embeddable":true,"href":"https:\/\/www.organisator.ch\/fr\/wp-json\/wp\/v2\/comments?post=690"}],"version-history":[{"count":1,"href":"https:\/\/www.organisator.ch\/fr\/wp-json\/wp\/v2\/posts\/690\/revisions"}],"predecessor-version":[{"id":10741,"href":"https:\/\/www.organisator.ch\/fr\/wp-json\/wp\/v2\/posts\/690\/revisions\/10741"}],"wp:featuredmedia":[{"embeddable":true,"href":"https:\/\/www.organisator.ch\/fr\/wp-json\/wp\/v2\/media\/9455"}],"wp:attachment":[{"href":"https:\/\/www.organisator.ch\/fr\/wp-json\/wp\/v2\/media?parent=690"}],"wp:term":[{"taxonomy":"category","embeddable":true,"href":"https:\/\/www.organisator.ch\/fr\/wp-json\/wp\/v2\/categories?post=690"},{"taxonomy":"post_tag","embeddable":true,"href":"https:\/\/www.organisator.ch\/fr\/wp-json\/wp\/v2\/tags?post=690"}],"curies":[{"name":"wp","href":"https:\/\/api.w.org\/{rel}","templated":true}]}}