{"id":6910,"date":"2020-07-02T19:26:49","date_gmt":"2020-07-02T17:26:49","guid":{"rendered":"https:\/\/www.organisator.ch\/?p=6910"},"modified":"2020-07-02T19:26:49","modified_gmt":"2020-07-02T17:26:49","slug":"das-schweizer-startup-caru-treibt-den-vorgezogenen-b2c-markteintritt-voran","status":"publish","type":"post","link":"https:\/\/www.organisator.ch\/fr\/management\/2020-07-02\/das-schweizer-startup-caru-treibt-den-vorgezogenen-b2c-markteintritt-voran\/","title":{"rendered":"La startup suisse CARU avance son entr\u00e9e sur le march\u00e9 B2C"},"content":{"rendered":"<figure id=\"attachment_6911\" aria-describedby=\"caption-attachment-6911\" style=\"width: 680px\" class=\"wp-caption alignnone\"><img loading=\"lazy\" decoding=\"async\" class=\"size-medium wp-image-6911\" src=\"https:\/\/www.organisator.ch\/wp-content\/uploads\/2020\/07\/Das-Schweizer-Startup-CARU-treibt-den-vorgezogenen-B2C-Markteintritt-voran_Organisator.jpg\" alt=\"\" width=\"680\" height=\"372\" srcset=\"https:\/\/www.organisator.ch\/wp-content\/uploads\/2020\/07\/Das-Schweizer-Startup-CARU-treibt-den-vorgezogenen-B2C-Markteintritt-voran_Organisator.jpg 680w, https:\/\/www.organisator.ch\/wp-content\/uploads\/2020\/07\/Das-Schweizer-Startup-CARU-treibt-den-vorgezogenen-B2C-Markteintritt-voran_Organisator-16x9.jpg 16w, https:\/\/www.organisator.ch\/wp-content\/uploads\/2020\/07\/Das-Schweizer-Startup-CARU-treibt-den-vorgezogenen-B2C-Markteintritt-voran_Organisator-320x175.jpg 320w, https:\/\/www.organisator.ch\/wp-content\/uploads\/2020\/07\/Das-Schweizer-Startup-CARU-treibt-den-vorgezogenen-B2C-Markteintritt-voran_Organisator-640x350.jpg 640w, https:\/\/www.organisator.ch\/wp-content\/uploads\/2020\/07\/Das-Schweizer-Startup-CARU-treibt-den-vorgezogenen-B2C-Markteintritt-voran_Organisator-300x164.jpg 300w\" sizes=\"auto, (max-width: 680px) 100vw, 680px\" \/><figcaption id=\"caption-attachment-6911\" class=\"wp-caption-text\">Une injection de fonds pour acc\u00e9l\u00e9rer l'entr\u00e9e sur le march\u00e9 B2C : la solution d'appel d'urgence \u00e0 commande vocale CARU, le \"colocataire num\u00e9rique\" pour les seniors. (Image : caruhome.com)<\/figcaption><\/figure>\n<p>Malgr\u00e9 la pand\u00e9mie de Corona, les jeunes entreprises suisses peuvent se r\u00e9jouir de l'int\u00e9r\u00eat stable des investisseurs. Et la sc\u00e8ne des start-up semble se porter \u00e0 nouveau tr\u00e8s bien, comme le montre la <a href=\"https:\/\/www.organisator.ch\/wiederanstieg-der-firmengruendungen-im-juni\/\">les chiffres les plus r\u00e9cents de cr\u00e9ations d'entreprises<\/a> montrent qu'il est possible d'agir. La pand\u00e9mie mondiale actuelle pr\u00e9sente donc de nombreux d\u00e9fis, mais aussi des opportunit\u00e9s. Cela est particuli\u00e8rement visible dans le domaine des solutions AgeTech. La jeune entreprise CARU y est active et a d\u00e9velopp\u00e9 un \"colocataire num\u00e9rique\" pour la g\u00e9n\u00e9ration des personnes \u00e2g\u00e9es. Celui-ci doit maintenant \u00eatre commercialis\u00e9 en Suisse pour les clients priv\u00e9s - six mois plus t\u00f4t que pr\u00e9vu.<\/p>\n<h2>Convaincre les investisseurs existants et nouveaux<\/h2>\n<p>CARU n'a pas seulement r\u00e9ussi \u00e0 augmenter le capital des investisseurs existants. Malgr\u00e9 - ou peut-\u00eatre gr\u00e2ce \u00e0 - la situation actuelle, l'entreprise a \u00e9galement pu attirer de nouveaux investisseurs. \"L'\u00e9cho positif sur le march\u00e9 B2B au cours des deux derni\u00e8res ann\u00e9es, les cycles de d\u00e9veloppement rapides, et l'entr\u00e9e pr\u00e9coce et d\u00e9termin\u00e9e sur le march\u00e9 B2C ce printemps m'ont confirm\u00e9 : L'entreprise aura un impact positif, durable et \u00e9volutif sur notre soci\u00e9t\u00e9 vieillissante\", d\u00e9clare Erich Mosset, copropri\u00e9taire et membre du conseil d'administration de RONDA et investisseur de CARU.<\/p>\n<h2>Colocataire num\u00e9rique de grand-m\u00e8re et grand-p\u00e8re<\/h2>\n<p>CARU est command\u00e9 par de simples instructions vocales ou par le toucher. En cas d'urgence, il suffit d'un \"Au secours - Au secours !\" pour \u00eatre reli\u00e9 \u00e0 la famille par t\u00e9l\u00e9phone via le haut-parleur. Les activit\u00e9s quotidiennes peuvent \u00eatre partag\u00e9es facilement et \u00e0 toute heure du jour et de la nuit sous forme de messages vocaux - par la famille via le smartphone et par la grand-m\u00e8re et le grand-p\u00e8re via CARU. Une fois branch\u00e9 sur le r\u00e9seau \u00e9lectrique, l'appareil se connecte au r\u00e9seau de t\u00e9l\u00e9phonie mobile via la carte SIM int\u00e9gr\u00e9e. La famille configure le reste confortablement depuis chez elle via une application.<\/p>\n<p><em>Source et informations compl\u00e9mentaires : <a href=\"http:\/\/www.caruhome.com\/\">www.caruhome.com<\/a><\/em><\/p>","protected":false},"excerpt":{"rendered":"<p>Trotz Corona-Pandemie d\u00fcrfen sich junge Schweizer Unternehmen \u00fcber stabiles Interesse von Investoren erfreuen. Und auch der Gr\u00fcnderszene scheint es wieder blendend zu gehen, wie die j\u00fcngsten Zahlen an Neugr\u00fcndungen zeigen. Die aktuelle globale Pandemie birgt neben vielen Herausforderungen also auch Chancen. Besonders zu sehen ist dies etwa im Bereich von AgeTech-L\u00f6sungen. Dort ist das junge [&hellip;]<\/p>\n","protected":false},"author":4,"featured_media":6911,"comment_status":"closed","ping_status":"closed","sticky":false,"template":"","format":"standard","meta":{"_acf_changed":false,"_yoast_wpseo_focuskw":"B2C-Markteintritt","_yoast_wpseo_metadesc":"Das AgeTech Unternehmen CARU erh\u00e4lt eine Finanzierung von mehr 3 Millionen CHF. Damit treibt das Unternehmen den vorgezogenen B2C-Markteintritt voran.","articlekey":"","footnotes":""},"categories":[28],"tags":[203,451,492],"class_list":["post-6910","post","type-post","status-publish","format-standard","has-post-thumbnail","hentry","category-management","tag-finanzierung","tag-startups","tag-unternehmen"],"acf":[],"yoast_head":"<!-- This site is optimized with the Yoast SEO plugin v27.4 - https:\/\/yoast.com\/product\/yoast-seo-wordpress\/ -->\n<title>Das Schweizer Startup CARU treibt den vorgezogenen B2C-Markteintritt voran - Organisator<\/title>\n<meta name=\"description\" content=\"Das AgeTech Unternehmen CARU erh\u00e4lt eine Finanzierung von mehr 3 Millionen CHF. Damit treibt das Unternehmen den vorgezogenen B2C-Markteintritt voran.\" \/>\n<meta name=\"robots\" content=\"index, follow, max-snippet:-1, max-image-preview:large, max-video-preview:-1\" \/>\n<link rel=\"canonical\" href=\"https:\/\/www.organisator.ch\/fr\/gestion-2\/2020-07-02\/das-schweizer-startup-caru-treibt-den-vorgezogenen-b2c-markteintritt-voran\/\" \/>\n<meta property=\"og:locale\" content=\"fr_FR\" \/>\n<meta property=\"og:type\" content=\"article\" \/>\n<meta property=\"og:title\" content=\"Das Schweizer Startup CARU treibt den vorgezogenen B2C-Markteintritt voran\" \/>\n<meta property=\"og:description\" content=\"Das AgeTech Unternehmen CARU erh\u00e4lt eine Finanzierung von mehr 3 Millionen CHF. Damit treibt das Unternehmen den vorgezogenen B2C-Markteintritt voran.\" \/>\n<meta property=\"og:url\" content=\"https:\/\/www.organisator.ch\/fr\/gestion-2\/2020-07-02\/das-schweizer-startup-caru-treibt-den-vorgezogenen-b2c-markteintritt-voran\/\" \/>\n<meta property=\"og:site_name\" content=\"Organisator\" \/>\n<meta property=\"article:publisher\" content=\"https:\/\/www.facebook.com\/OrganisatorFachmagazin\" \/>\n<meta property=\"article:published_time\" content=\"2020-07-02T17:26:49+00:00\" \/>\n<meta property=\"og:image\" content=\"https:\/\/www.organisator.ch\/wp-content\/uploads\/2020\/07\/Das-Schweizer-Startup-CARU-treibt-den-vorgezogenen-B2C-Markteintritt-voran_Organisator.jpg\" \/>\n\t<meta property=\"og:image:width\" content=\"680\" \/>\n\t<meta property=\"og:image:height\" content=\"372\" \/>\n\t<meta property=\"og:image:type\" content=\"image\/jpeg\" \/>\n<meta name=\"author\" content=\"thomas.berner\" \/>\n<meta name=\"twitter:card\" content=\"summary_large_image\" \/>\n<meta name=\"twitter:title\" content=\"Das Schweizer Startup #CARU treibt den vorgezogenen B2C-Markteintritt voran\" \/>\n<meta name=\"twitter:description\" content=\"Das AgeTech Unternehmen #CARU erh\u00e4lt eine Finanzierung von mehr 3 Millionen CHF. Damit treibt das Unternehmen den vorgezogenen #B2C-Markteintritt voran.\" \/>\n<meta name=\"twitter:image\" content=\"https:\/\/www.organisator.ch\/wp-content\/uploads\/2020\/07\/Das-Schweizer-Startup-CARU-treibt-den-vorgezogenen-B2C-Markteintritt-voran_Organisator.jpg\" \/>\n<script type=\"application\/ld+json\" class=\"yoast-schema-graph\">{\"@context\":\"https:\\\/\\\/schema.org\",\"@graph\":[{\"@type\":\"Article\",\"@id\":\"https:\\\/\\\/www.organisator.ch\\\/management\\\/2020-07-02\\\/das-schweizer-startup-caru-treibt-den-vorgezogenen-b2c-markteintritt-voran\\\/#article\",\"isPartOf\":{\"@id\":\"https:\\\/\\\/www.organisator.ch\\\/management\\\/2020-07-02\\\/das-schweizer-startup-caru-treibt-den-vorgezogenen-b2c-markteintritt-voran\\\/\"},\"author\":{\"name\":\"thomas.berner\",\"@id\":\"https:\\\/\\\/www.organisator.ch\\\/#\\\/schema\\\/person\\\/6f650f90b2842cd4c0cc334b4e36f67e\"},\"headline\":\"Das Schweizer Startup CARU treibt den vorgezogenen B2C-Markteintritt voran\",\"datePublished\":\"2020-07-02T17:26:49+00:00\",\"mainEntityOfPage\":{\"@id\":\"https:\\\/\\\/www.organisator.ch\\\/management\\\/2020-07-02\\\/das-schweizer-startup-caru-treibt-den-vorgezogenen-b2c-markteintritt-voran\\\/\"},\"wordCount\":310,\"publisher\":{\"@id\":\"https:\\\/\\\/www.organisator.ch\\\/#organization\"},\"image\":{\"@id\":\"https:\\\/\\\/www.organisator.ch\\\/management\\\/2020-07-02\\\/das-schweizer-startup-caru-treibt-den-vorgezogenen-b2c-markteintritt-voran\\\/#primaryimage\"},\"thumbnailUrl\":\"https:\\\/\\\/www.organisator.ch\\\/wp-content\\\/uploads\\\/2020\\\/07\\\/Das-Schweizer-Startup-CARU-treibt-den-vorgezogenen-B2C-Markteintritt-voran_Organisator.jpg\",\"keywords\":[\"Finanzierung\",\"Startups\",\"Unternehmen\"],\"articleSection\":[\"MANAGEMENT\"],\"inLanguage\":\"fr-FR\"},{\"@type\":\"WebPage\",\"@id\":\"https:\\\/\\\/www.organisator.ch\\\/management\\\/2020-07-02\\\/das-schweizer-startup-caru-treibt-den-vorgezogenen-b2c-markteintritt-voran\\\/\",\"url\":\"https:\\\/\\\/www.organisator.ch\\\/management\\\/2020-07-02\\\/das-schweizer-startup-caru-treibt-den-vorgezogenen-b2c-markteintritt-voran\\\/\",\"name\":\"Das Schweizer Startup CARU treibt den vorgezogenen B2C-Markteintritt voran - Organisator\",\"isPartOf\":{\"@id\":\"https:\\\/\\\/www.organisator.ch\\\/#website\"},\"primaryImageOfPage\":{\"@id\":\"https:\\\/\\\/www.organisator.ch\\\/management\\\/2020-07-02\\\/das-schweizer-startup-caru-treibt-den-vorgezogenen-b2c-markteintritt-voran\\\/#primaryimage\"},\"image\":{\"@id\":\"https:\\\/\\\/www.organisator.ch\\\/management\\\/2020-07-02\\\/das-schweizer-startup-caru-treibt-den-vorgezogenen-b2c-markteintritt-voran\\\/#primaryimage\"},\"thumbnailUrl\":\"https:\\\/\\\/www.organisator.ch\\\/wp-content\\\/uploads\\\/2020\\\/07\\\/Das-Schweizer-Startup-CARU-treibt-den-vorgezogenen-B2C-Markteintritt-voran_Organisator.jpg\",\"datePublished\":\"2020-07-02T17:26:49+00:00\",\"description\":\"Das AgeTech Unternehmen CARU erh\u00e4lt eine Finanzierung von mehr 3 Millionen CHF. Damit treibt das Unternehmen den vorgezogenen B2C-Markteintritt voran.\",\"breadcrumb\":{\"@id\":\"https:\\\/\\\/www.organisator.ch\\\/management\\\/2020-07-02\\\/das-schweizer-startup-caru-treibt-den-vorgezogenen-b2c-markteintritt-voran\\\/#breadcrumb\"},\"inLanguage\":\"fr-FR\",\"potentialAction\":[{\"@type\":\"ReadAction\",\"target\":[\"https:\\\/\\\/www.organisator.ch\\\/management\\\/2020-07-02\\\/das-schweizer-startup-caru-treibt-den-vorgezogenen-b2c-markteintritt-voran\\\/\"]}]},{\"@type\":\"ImageObject\",\"inLanguage\":\"fr-FR\",\"@id\":\"https:\\\/\\\/www.organisator.ch\\\/management\\\/2020-07-02\\\/das-schweizer-startup-caru-treibt-den-vorgezogenen-b2c-markteintritt-voran\\\/#primaryimage\",\"url\":\"https:\\\/\\\/www.organisator.ch\\\/wp-content\\\/uploads\\\/2020\\\/07\\\/Das-Schweizer-Startup-CARU-treibt-den-vorgezogenen-B2C-Markteintritt-voran_Organisator.jpg\",\"contentUrl\":\"https:\\\/\\\/www.organisator.ch\\\/wp-content\\\/uploads\\\/2020\\\/07\\\/Das-Schweizer-Startup-CARU-treibt-den-vorgezogenen-B2C-Markteintritt-voran_Organisator.jpg\",\"width\":680,\"height\":372,\"caption\":\"Mit Finanzspritze zum beschleunigten B2C-Markteintritt: Die sprachgesteuerte Notruf-L\u00f6sung CARU, der \\\"digitale Mitbewohner\\\" f\u00fcr Senioren. (Bild: caruhome.com)\"},{\"@type\":\"BreadcrumbList\",\"@id\":\"https:\\\/\\\/www.organisator.ch\\\/management\\\/2020-07-02\\\/das-schweizer-startup-caru-treibt-den-vorgezogenen-b2c-markteintritt-voran\\\/#breadcrumb\",\"itemListElement\":[{\"@type\":\"ListItem\",\"position\":1,\"name\":\"Home\",\"item\":\"https:\\\/\\\/www.organisator.ch\\\/\"},{\"@type\":\"ListItem\",\"position\":2,\"name\":\"Das Schweizer Startup CARU treibt den vorgezogenen B2C-Markteintritt voran\"}]},{\"@type\":\"WebSite\",\"@id\":\"https:\\\/\\\/www.organisator.ch\\\/#website\",\"url\":\"https:\\\/\\\/www.organisator.ch\\\/\",\"name\":\"Organisator\",\"description\":\"Kompetent. Praxisnah. Der ORGANISATOR bereitet in 10 Ausgaben pro Jahr die wesentlichen Themen f\u00fcr F\u00fchrungskr\u00e4fte von KMU auf.\",\"publisher\":{\"@id\":\"https:\\\/\\\/www.organisator.ch\\\/#organization\"},\"potentialAction\":[{\"@type\":\"SearchAction\",\"target\":{\"@type\":\"EntryPoint\",\"urlTemplate\":\"https:\\\/\\\/www.organisator.ch\\\/?s={search_term_string}\"},\"query-input\":{\"@type\":\"PropertyValueSpecification\",\"valueRequired\":true,\"valueName\":\"search_term_string\"}}],\"inLanguage\":\"fr-FR\"},{\"@type\":\"Organization\",\"@id\":\"https:\\\/\\\/www.organisator.ch\\\/#organization\",\"name\":\"Organisator\",\"url\":\"https:\\\/\\\/www.organisator.ch\\\/\",\"logo\":{\"@type\":\"ImageObject\",\"inLanguage\":\"fr-FR\",\"@id\":\"https:\\\/\\\/www.organisator.ch\\\/#\\\/schema\\\/logo\\\/image\\\/\",\"url\":\"https:\\\/\\\/www.organisator.ch\\\/wp-content\\\/uploads\\\/2022\\\/01\\\/Logo_Organisator_Website.png\",\"contentUrl\":\"https:\\\/\\\/www.organisator.ch\\\/wp-content\\\/uploads\\\/2022\\\/01\\\/Logo_Organisator_Website.png\",\"width\":800,\"height\":77,\"caption\":\"Organisator\"},\"image\":{\"@id\":\"https:\\\/\\\/www.organisator.ch\\\/#\\\/schema\\\/logo\\\/image\\\/\"},\"sameAs\":[\"https:\\\/\\\/www.facebook.com\\\/OrganisatorFachmagazin\",\"https:\\\/\\\/www.linkedin.com\\\/showcase\\\/organisator-das-magazin-fr-kmu\",\"https:\\\/\\\/www.xing.com\\\/news\\\/pages\\\/organisator-ch-695\",\"https:\\\/\\\/www.youtube.com\\\/channel\\\/UCGP2Sq0iWaZwT3BdIAQFYpw\"]},{\"@type\":\"Person\",\"@id\":\"https:\\\/\\\/www.organisator.ch\\\/#\\\/schema\\\/person\\\/6f650f90b2842cd4c0cc334b4e36f67e\",\"name\":\"thomas.berner\",\"image\":{\"@type\":\"ImageObject\",\"inLanguage\":\"fr-FR\",\"@id\":\"https:\\\/\\\/secure.gravatar.com\\\/avatar\\\/ac5001d2a36cb6c6cd3e50789007ffca834b477b74a2144564522e944eabff61?s=96&d=mm&r=g\",\"url\":\"https:\\\/\\\/secure.gravatar.com\\\/avatar\\\/ac5001d2a36cb6c6cd3e50789007ffca834b477b74a2144564522e944eabff61?s=96&d=mm&r=g\",\"contentUrl\":\"https:\\\/\\\/secure.gravatar.com\\\/avatar\\\/ac5001d2a36cb6c6cd3e50789007ffca834b477b74a2144564522e944eabff61?s=96&d=mm&r=g\",\"caption\":\"thomas.berner\"},\"url\":\"https:\\\/\\\/www.organisator.ch\\\/fr\\\/author\\\/thomas-berner\\\/\"}]}<\/script>\n<!-- \/ Yoast SEO plugin. -->","yoast_head_json":{"title":"La start-up suisse CARU fait avancer l'entr\u00e9e sur le march\u00e9 B2C - Organisateur","description":"L'entreprise AgeTech CARU obtient un financement de plus de 3 millions de CHF. L'entreprise acc\u00e9l\u00e8re ainsi son entr\u00e9e anticip\u00e9e sur le march\u00e9 B2C.","robots":{"index":"index","follow":"follow","max-snippet":"max-snippet:-1","max-image-preview":"max-image-preview:large","max-video-preview":"max-video-preview:-1"},"canonical":"https:\/\/www.organisator.ch\/fr\/gestion-2\/2020-07-02\/das-schweizer-startup-caru-treibt-den-vorgezogenen-b2c-markteintritt-voran\/","og_locale":"fr_FR","og_type":"article","og_title":"Das Schweizer Startup CARU treibt den vorgezogenen B2C-Markteintritt voran","og_description":"Das AgeTech Unternehmen CARU erh\u00e4lt eine Finanzierung von mehr 3 Millionen CHF. Damit treibt das Unternehmen den vorgezogenen B2C-Markteintritt voran.","og_url":"https:\/\/www.organisator.ch\/fr\/gestion-2\/2020-07-02\/das-schweizer-startup-caru-treibt-den-vorgezogenen-b2c-markteintritt-voran\/","og_site_name":"Organisator","article_publisher":"https:\/\/www.facebook.com\/OrganisatorFachmagazin","article_published_time":"2020-07-02T17:26:49+00:00","og_image":[{"width":680,"height":372,"url":"https:\/\/www.organisator.ch\/wp-content\/uploads\/2020\/07\/Das-Schweizer-Startup-CARU-treibt-den-vorgezogenen-B2C-Markteintritt-voran_Organisator.jpg","type":"image\/jpeg"}],"author":"thomas.berner","twitter_card":"summary_large_image","twitter_title":"Das Schweizer Startup #CARU treibt den vorgezogenen B2C-Markteintritt voran","twitter_description":"Das AgeTech Unternehmen #CARU erh\u00e4lt eine Finanzierung von mehr 3 Millionen CHF. Damit treibt das Unternehmen den vorgezogenen #B2C-Markteintritt voran.","twitter_image":"https:\/\/www.organisator.ch\/wp-content\/uploads\/2020\/07\/Das-Schweizer-Startup-CARU-treibt-den-vorgezogenen-B2C-Markteintritt-voran_Organisator.jpg","schema":{"@context":"https:\/\/schema.org","@graph":[{"@type":"Article","@id":"https:\/\/www.organisator.ch\/management\/2020-07-02\/das-schweizer-startup-caru-treibt-den-vorgezogenen-b2c-markteintritt-voran\/#article","isPartOf":{"@id":"https:\/\/www.organisator.ch\/management\/2020-07-02\/das-schweizer-startup-caru-treibt-den-vorgezogenen-b2c-markteintritt-voran\/"},"author":{"name":"thomas.berner","@id":"https:\/\/www.organisator.ch\/#\/schema\/person\/6f650f90b2842cd4c0cc334b4e36f67e"},"headline":"Das Schweizer Startup CARU treibt den vorgezogenen B2C-Markteintritt voran","datePublished":"2020-07-02T17:26:49+00:00","mainEntityOfPage":{"@id":"https:\/\/www.organisator.ch\/management\/2020-07-02\/das-schweizer-startup-caru-treibt-den-vorgezogenen-b2c-markteintritt-voran\/"},"wordCount":310,"publisher":{"@id":"https:\/\/www.organisator.ch\/#organization"},"image":{"@id":"https:\/\/www.organisator.ch\/management\/2020-07-02\/das-schweizer-startup-caru-treibt-den-vorgezogenen-b2c-markteintritt-voran\/#primaryimage"},"thumbnailUrl":"https:\/\/www.organisator.ch\/wp-content\/uploads\/2020\/07\/Das-Schweizer-Startup-CARU-treibt-den-vorgezogenen-B2C-Markteintritt-voran_Organisator.jpg","keywords":["Finanzierung","Startups","Unternehmen"],"articleSection":["MANAGEMENT"],"inLanguage":"fr-FR"},{"@type":"WebPage","@id":"https:\/\/www.organisator.ch\/management\/2020-07-02\/das-schweizer-startup-caru-treibt-den-vorgezogenen-b2c-markteintritt-voran\/","url":"https:\/\/www.organisator.ch\/management\/2020-07-02\/das-schweizer-startup-caru-treibt-den-vorgezogenen-b2c-markteintritt-voran\/","name":"La start-up suisse CARU fait avancer l'entr\u00e9e sur le march\u00e9 B2C - Organisateur","isPartOf":{"@id":"https:\/\/www.organisator.ch\/#website"},"primaryImageOfPage":{"@id":"https:\/\/www.organisator.ch\/management\/2020-07-02\/das-schweizer-startup-caru-treibt-den-vorgezogenen-b2c-markteintritt-voran\/#primaryimage"},"image":{"@id":"https:\/\/www.organisator.ch\/management\/2020-07-02\/das-schweizer-startup-caru-treibt-den-vorgezogenen-b2c-markteintritt-voran\/#primaryimage"},"thumbnailUrl":"https:\/\/www.organisator.ch\/wp-content\/uploads\/2020\/07\/Das-Schweizer-Startup-CARU-treibt-den-vorgezogenen-B2C-Markteintritt-voran_Organisator.jpg","datePublished":"2020-07-02T17:26:49+00:00","description":"L'entreprise AgeTech CARU obtient un financement de plus de 3 millions de CHF. L'entreprise acc\u00e9l\u00e8re ainsi son entr\u00e9e anticip\u00e9e sur le march\u00e9 B2C.","breadcrumb":{"@id":"https:\/\/www.organisator.ch\/management\/2020-07-02\/das-schweizer-startup-caru-treibt-den-vorgezogenen-b2c-markteintritt-voran\/#breadcrumb"},"inLanguage":"fr-FR","potentialAction":[{"@type":"ReadAction","target":["https:\/\/www.organisator.ch\/management\/2020-07-02\/das-schweizer-startup-caru-treibt-den-vorgezogenen-b2c-markteintritt-voran\/"]}]},{"@type":"ImageObject","inLanguage":"fr-FR","@id":"https:\/\/www.organisator.ch\/management\/2020-07-02\/das-schweizer-startup-caru-treibt-den-vorgezogenen-b2c-markteintritt-voran\/#primaryimage","url":"https:\/\/www.organisator.ch\/wp-content\/uploads\/2020\/07\/Das-Schweizer-Startup-CARU-treibt-den-vorgezogenen-B2C-Markteintritt-voran_Organisator.jpg","contentUrl":"https:\/\/www.organisator.ch\/wp-content\/uploads\/2020\/07\/Das-Schweizer-Startup-CARU-treibt-den-vorgezogenen-B2C-Markteintritt-voran_Organisator.jpg","width":680,"height":372,"caption":"Mit Finanzspritze zum beschleunigten B2C-Markteintritt: Die sprachgesteuerte Notruf-L\u00f6sung CARU, der \"digitale Mitbewohner\" f\u00fcr Senioren. (Bild: caruhome.com)"},{"@type":"BreadcrumbList","@id":"https:\/\/www.organisator.ch\/management\/2020-07-02\/das-schweizer-startup-caru-treibt-den-vorgezogenen-b2c-markteintritt-voran\/#breadcrumb","itemListElement":[{"@type":"ListItem","position":1,"name":"Home","item":"https:\/\/www.organisator.ch\/"},{"@type":"ListItem","position":2,"name":"Das Schweizer Startup CARU treibt den vorgezogenen B2C-Markteintritt voran"}]},{"@type":"WebSite","@id":"https:\/\/www.organisator.ch\/#website","url":"https:\/\/www.organisator.ch\/","name":"Organisateur","description":"Comp\u00e9tence et comp\u00e9tence. Proches de la pratique. L'ORGANISATEUR pr\u00e9pare 10 num\u00e9ros par an sur les th\u00e8mes essentiels pour les dirigeants de PME.","publisher":{"@id":"https:\/\/www.organisator.ch\/#organization"},"potentialAction":[{"@type":"SearchAction","target":{"@type":"EntryPoint","urlTemplate":"https:\/\/www.organisator.ch\/?s={search_term_string}"},"query-input":{"@type":"PropertyValueSpecification","valueRequired":true,"valueName":"search_term_string"}}],"inLanguage":"fr-FR"},{"@type":"Organization","@id":"https:\/\/www.organisator.ch\/#organization","name":"Organisateur","url":"https:\/\/www.organisator.ch\/","logo":{"@type":"ImageObject","inLanguage":"fr-FR","@id":"https:\/\/www.organisator.ch\/#\/schema\/logo\/image\/","url":"https:\/\/www.organisator.ch\/wp-content\/uploads\/2022\/01\/Logo_Organisator_Website.png","contentUrl":"https:\/\/www.organisator.ch\/wp-content\/uploads\/2022\/01\/Logo_Organisator_Website.png","width":800,"height":77,"caption":"Organisator"},"image":{"@id":"https:\/\/www.organisator.ch\/#\/schema\/logo\/image\/"},"sameAs":["https:\/\/www.facebook.com\/OrganisatorFachmagazin","https:\/\/www.linkedin.com\/showcase\/organisator-das-magazin-fr-kmu","https:\/\/www.xing.com\/news\/pages\/organisator-ch-695","https:\/\/www.youtube.com\/channel\/UCGP2Sq0iWaZwT3BdIAQFYpw"]},{"@type":"Person","@id":"https:\/\/www.organisator.ch\/#\/schema\/person\/6f650f90b2842cd4c0cc334b4e36f67e","name":"thomas.berner","image":{"@type":"ImageObject","inLanguage":"fr-FR","@id":"https:\/\/secure.gravatar.com\/avatar\/ac5001d2a36cb6c6cd3e50789007ffca834b477b74a2144564522e944eabff61?s=96&d=mm&r=g","url":"https:\/\/secure.gravatar.com\/avatar\/ac5001d2a36cb6c6cd3e50789007ffca834b477b74a2144564522e944eabff61?s=96&d=mm&r=g","contentUrl":"https:\/\/secure.gravatar.com\/avatar\/ac5001d2a36cb6c6cd3e50789007ffca834b477b74a2144564522e944eabff61?s=96&d=mm&r=g","caption":"thomas.berner"},"url":"https:\/\/www.organisator.ch\/fr\/author\/thomas-berner\/"}]}},"_links":{"self":[{"href":"https:\/\/www.organisator.ch\/fr\/wp-json\/wp\/v2\/posts\/6910","targetHints":{"allow":["GET"]}}],"collection":[{"href":"https:\/\/www.organisator.ch\/fr\/wp-json\/wp\/v2\/posts"}],"about":[{"href":"https:\/\/www.organisator.ch\/fr\/wp-json\/wp\/v2\/types\/post"}],"author":[{"embeddable":true,"href":"https:\/\/www.organisator.ch\/fr\/wp-json\/wp\/v2\/users\/4"}],"replies":[{"embeddable":true,"href":"https:\/\/www.organisator.ch\/fr\/wp-json\/wp\/v2\/comments?post=6910"}],"version-history":[{"count":0,"href":"https:\/\/www.organisator.ch\/fr\/wp-json\/wp\/v2\/posts\/6910\/revisions"}],"wp:featuredmedia":[{"embeddable":true,"href":"https:\/\/www.organisator.ch\/fr\/wp-json\/wp\/v2\/media\/6911"}],"wp:attachment":[{"href":"https:\/\/www.organisator.ch\/fr\/wp-json\/wp\/v2\/media?parent=6910"}],"wp:term":[{"taxonomy":"category","embeddable":true,"href":"https:\/\/www.organisator.ch\/fr\/wp-json\/wp\/v2\/categories?post=6910"},{"taxonomy":"post_tag","embeddable":true,"href":"https:\/\/www.organisator.ch\/fr\/wp-json\/wp\/v2\/tags?post=6910"}],"curies":[{"name":"wp","href":"https:\/\/api.w.org\/{rel}","templated":true}]}}