{"id":6922,"date":"2020-07-13T17:19:37","date_gmt":"2020-07-13T15:19:37","guid":{"rendered":"https:\/\/www.organisator.ch\/?p=6922"},"modified":"2020-07-13T17:19:37","modified_gmt":"2020-07-13T15:19:37","slug":"swiss-ethics-award-bekanntgabe-der-projekte","status":"publish","type":"post","link":"https:\/\/www.organisator.ch\/fr\/management\/2020-07-13\/swiss-ethics-award-bekanntgabe-der-projekte\/","title":{"rendered":"Swiss Ethics Award : Annonce des projets"},"content":{"rendered":"<p>&nbsp;<\/p>\n<figure id=\"attachment_6923\" aria-describedby=\"caption-attachment-6923\" style=\"width: 680px\" class=\"wp-caption alignnone\"><img loading=\"lazy\" decoding=\"async\" class=\"wp-image-6923 size-medium\" src=\"https:\/\/www.organisator.ch\/wp-content\/uploads\/2020\/07\/A_SEF_21_20180426_KE_0047.jpg\" alt=\"\" width=\"680\" height=\"453\" \/><figcaption id=\"caption-attachment-6923\" class=\"wp-caption-text\">Quand les entreprises clairvoyantes font le bien : une discussion stimulante lors du Swiss Ethics Award 2018. L'Award 2020 comporte \u00e9galement quelques points lumineux. (Image : zVg)<\/figcaption><\/figure>\n<p>Depuis 2005, le SWISS EXCELLENCE FORUM d\u00e9cerne le Swiss Ethics Award \u00e0 des prestations \u00e9thiques exceptionnelles dans l'\u00e9conomie. L'accent est mis sur les prestations d'organisations qui assument une responsabilit\u00e9 particuli\u00e8re et s'engagent activement pour une gestion d'entreprise durable. Cinq projets exceptionnels sont nomin\u00e9s pour l'Award 2020 :<\/p>\n<ul>\n<li>Banque Alternative Suisse SA, Olten Projet : BAS active pour le climat<\/li>\n<li>Arbofino AG, M\u00e4nnedorf Investissement en bois avec promotion de la biodiversit\u00e9<\/li>\n<li>Forma Futura Invest AG, Zurich Projet : gestion de fortune durable ind\u00e9pendante<\/li>\n<li>Reckhaus AG, Gais avec Insect Respect<\/li>\n<li>Vatorex AG, Wiesendangen avec Bee Together Bee Alive<\/li>\n<\/ul>\n<p>&nbsp;<\/p>\n<p><strong>Attribution<\/strong><\/p>\n<p>La remise des prix aura lieu le 23 septembre 2020 au Mus\u00e9e des transports de Lucerne dans le cadre d'un programme passionnant. Dr Marc Holitscher, membre de la direction de Microsoft Suisse, parlera de \"L'intelligence artificielle : pourquoi nous avons besoin d'une boussole \u00e9thique\". Il sera l'invit\u00e9 de la table ronde qui suivra, en compagnie de Dr Regula Pfister, entrepreneuse et membre du conseil d'administration, et de Dr Michael F\u00fcrst, Head Social Innovation &amp; Strategy, Global Health &amp; Corporate Responsability chez Novartis International AG.<\/p>\n<p>&nbsp;<\/p>\n<p><strong>Jury<\/strong><\/p>\n<p>L'\u00e9valuation des projets sera effectu\u00e9e par un jury de haut niveau compos\u00e9 d'\u00e9thiciens ainsi que de repr\u00e9sentants du monde \u00e9conomique, scientifique, th\u00e9ologique et politique :<\/p>\n<p>- Stephan Baer, Baer Ammann GmbH<\/p>\n<p>- Corina Eichenberger, conseill\u00e8re nationale<\/p>\n<p>- Paola Ghillani, Paola Ghillani &amp; Friends Ltd.<\/p>\n<p>- Markus Huppenbauer, Centre pour la religion, l'\u00e9conomie et l'\u00e9ducation.<\/p>\n<p>et politique, Universit\u00e9 de Zurich<\/p>\n<p>- Hans Ruh, professeur d'\u00e9thique \u00e9conomique et sociale<\/p>\n<p>- Prof. Peter Schaber, Centre d'\u00e9thique de l'Universit\u00e9 de Zurich<\/p>\n<p>- Dr. Christoph Weber-Berg, \u00c9glise r\u00e9form\u00e9e du canton d'Argovie<\/p>\n<p><strong>\u00a0<\/strong><\/p>\n<p><em><strong>Partenaire<\/strong><\/em><\/p>\n<p><em>Le Swiss Ethics Award est soutenu par Holinger SA, La Poste, ibW H\u00f6here Fachschule S\u00fcdostschweiz, Luzerner Kantonalbank, Linkgroup AG, Zentralbahn, l'organisateur et Umwelt Perspektiven.<\/em><\/p>\n<p>&nbsp;<\/p>\n<p><em>Pour plus de d\u00e9tails, veuillez contacter :<\/em><\/p>\n<p><em>Ruth Buholzer, SWISS EXCELLENCE FORUM<\/em><\/p>\n<p><em>(<a href=\"mailto:r.buholzer@excellence-forum.ch\">r.buholzer@excellence-forum.ch<\/a>)<\/em><\/p>\n<p><em><a href=\"https:\/\/www.swiss-excellence-forum.ch\">www.swiss-excellence-forum.ch<\/a><\/em><\/p>\n<p>&nbsp;<\/p>\n<p>&nbsp;<\/p>","protected":false},"excerpt":{"rendered":"<p>&nbsp; Seit 2005 zeichnet das SWISS EXCELLENCE FORUM mit dem Swiss Ethics Award herausragende ethische Leistungen in der Wirtschaft aus. Im Fokus stehen Leistungen von Organisationen, die in besonderer Weise Verantwortung \u00fcbernehmen und sich aktiv f\u00fcr eine nachhaltige Unternehmensf\u00fchrung engagieren. F\u00fcr den Award 2020 sind f\u00fcnf herausragende Projekte nominiert: Alternative Bank Schweiz AG, Olten\u00a0 Projekt: [&hellip;]<\/p>\n","protected":false},"author":5,"featured_media":6923,"comment_status":"closed","ping_status":"closed","sticky":false,"template":"","format":"standard","meta":{"_acf_changed":false,"_yoast_wpseo_focuskw":"Am 23. September 2020 verleiht das SWISS EXCELLENCE FORUM im Verkehrshaus Luzern zum 9. Mal den Swiss Ethics Award. F\u00fcnf Unternehmen sind f\u00fcr den Award nominiert und werden Ihre Projekte vorstellen.","_yoast_wpseo_metadesc":"","articlekey":"","footnotes":""},"categories":[28],"tags":[65,183,373,424],"class_list":["post-6922","post","type-post","status-publish","format-standard","has-post-thumbnail","hentry","category-management","tag-award","tag-ethik","tag-panel","tag-schweiz"],"acf":[],"yoast_head":"<!-- This site is optimized with the Yoast SEO plugin v27.5 - https:\/\/yoast.com\/product\/yoast-seo-wordpress\/ -->\n<title>Swiss Ethics Award: Bekanntgabe der Projekte - Organisator<\/title>\n<meta name=\"robots\" content=\"index, follow, max-snippet:-1, max-image-preview:large, max-video-preview:-1\" \/>\n<link rel=\"canonical\" href=\"https:\/\/www.organisator.ch\/fr\/gestion-2\/2020-07-13\/swiss-ethics-award-bekanntgabe-der-projekte\/\" \/>\n<meta property=\"og:locale\" content=\"fr_FR\" \/>\n<meta property=\"og:type\" content=\"article\" \/>\n<meta property=\"og:title\" content=\"Swiss Ethics Award: Bekanntgabe der Projekte - Organisator\" \/>\n<meta property=\"og:description\" content=\"&nbsp; Seit 2005 zeichnet das SWISS EXCELLENCE FORUM mit dem Swiss Ethics Award herausragende ethische Leistungen in der Wirtschaft aus. Im Fokus stehen Leistungen von Organisationen, die in besonderer Weise Verantwortung \u00fcbernehmen und sich aktiv f\u00fcr eine nachhaltige Unternehmensf\u00fchrung engagieren. F\u00fcr den Award 2020 sind f\u00fcnf herausragende Projekte nominiert: Alternative Bank Schweiz AG, Olten\u00a0 Projekt: [&hellip;]\" \/>\n<meta property=\"og:url\" content=\"https:\/\/www.organisator.ch\/fr\/gestion-2\/2020-07-13\/swiss-ethics-award-bekanntgabe-der-projekte\/\" \/>\n<meta property=\"og:site_name\" content=\"Organisator\" \/>\n<meta property=\"article:publisher\" content=\"https:\/\/www.facebook.com\/OrganisatorFachmagazin\" \/>\n<meta property=\"article:published_time\" content=\"2020-07-13T15:19:37+00:00\" \/>\n<meta property=\"og:image\" content=\"https:\/\/www.organisator.ch\/wp-content\/uploads\/2020\/07\/A_SEF_21_20180426_KE_0047-scaled.jpg\" \/>\n\t<meta property=\"og:image:width\" content=\"2560\" \/>\n\t<meta property=\"og:image:height\" content=\"1706\" \/>\n\t<meta property=\"og:image:type\" content=\"image\/jpeg\" \/>\n<meta name=\"author\" content=\"michael.merz\" \/>\n<meta name=\"twitter:card\" content=\"summary_large_image\" \/>\n<script type=\"application\/ld+json\" class=\"yoast-schema-graph\">{\"@context\":\"https:\\\/\\\/schema.org\",\"@graph\":[{\"@type\":\"Article\",\"@id\":\"https:\\\/\\\/www.organisator.ch\\\/management\\\/2020-07-13\\\/swiss-ethics-award-bekanntgabe-der-projekte\\\/#article\",\"isPartOf\":{\"@id\":\"https:\\\/\\\/www.organisator.ch\\\/management\\\/2020-07-13\\\/swiss-ethics-award-bekanntgabe-der-projekte\\\/\"},\"author\":{\"name\":\"michael.merz\",\"@id\":\"https:\\\/\\\/www.organisator.ch\\\/#\\\/schema\\\/person\\\/134708ca9321c57b0362cceb7948ffbd\"},\"headline\":\"Swiss Ethics Award: Bekanntgabe der Projekte\",\"datePublished\":\"2020-07-13T15:19:37+00:00\",\"mainEntityOfPage\":{\"@id\":\"https:\\\/\\\/www.organisator.ch\\\/management\\\/2020-07-13\\\/swiss-ethics-award-bekanntgabe-der-projekte\\\/\"},\"wordCount\":334,\"publisher\":{\"@id\":\"https:\\\/\\\/www.organisator.ch\\\/#organization\"},\"image\":{\"@id\":\"https:\\\/\\\/www.organisator.ch\\\/management\\\/2020-07-13\\\/swiss-ethics-award-bekanntgabe-der-projekte\\\/#primaryimage\"},\"thumbnailUrl\":\"https:\\\/\\\/www.organisator.ch\\\/wp-content\\\/uploads\\\/2020\\\/07\\\/A_SEF_21_20180426_KE_0047-scaled.jpg\",\"keywords\":[\"Award\",\"Ethik\",\"Panel\",\"Schweiz\"],\"articleSection\":[\"MANAGEMENT\"],\"inLanguage\":\"fr-FR\"},{\"@type\":\"WebPage\",\"@id\":\"https:\\\/\\\/www.organisator.ch\\\/management\\\/2020-07-13\\\/swiss-ethics-award-bekanntgabe-der-projekte\\\/\",\"url\":\"https:\\\/\\\/www.organisator.ch\\\/management\\\/2020-07-13\\\/swiss-ethics-award-bekanntgabe-der-projekte\\\/\",\"name\":\"Swiss Ethics Award: Bekanntgabe der Projekte - Organisator\",\"isPartOf\":{\"@id\":\"https:\\\/\\\/www.organisator.ch\\\/#website\"},\"primaryImageOfPage\":{\"@id\":\"https:\\\/\\\/www.organisator.ch\\\/management\\\/2020-07-13\\\/swiss-ethics-award-bekanntgabe-der-projekte\\\/#primaryimage\"},\"image\":{\"@id\":\"https:\\\/\\\/www.organisator.ch\\\/management\\\/2020-07-13\\\/swiss-ethics-award-bekanntgabe-der-projekte\\\/#primaryimage\"},\"thumbnailUrl\":\"https:\\\/\\\/www.organisator.ch\\\/wp-content\\\/uploads\\\/2020\\\/07\\\/A_SEF_21_20180426_KE_0047-scaled.jpg\",\"datePublished\":\"2020-07-13T15:19:37+00:00\",\"breadcrumb\":{\"@id\":\"https:\\\/\\\/www.organisator.ch\\\/management\\\/2020-07-13\\\/swiss-ethics-award-bekanntgabe-der-projekte\\\/#breadcrumb\"},\"inLanguage\":\"fr-FR\",\"potentialAction\":[{\"@type\":\"ReadAction\",\"target\":[\"https:\\\/\\\/www.organisator.ch\\\/management\\\/2020-07-13\\\/swiss-ethics-award-bekanntgabe-der-projekte\\\/\"]}]},{\"@type\":\"ImageObject\",\"inLanguage\":\"fr-FR\",\"@id\":\"https:\\\/\\\/www.organisator.ch\\\/management\\\/2020-07-13\\\/swiss-ethics-award-bekanntgabe-der-projekte\\\/#primaryimage\",\"url\":\"https:\\\/\\\/www.organisator.ch\\\/wp-content\\\/uploads\\\/2020\\\/07\\\/A_SEF_21_20180426_KE_0047-scaled.jpg\",\"contentUrl\":\"https:\\\/\\\/www.organisator.ch\\\/wp-content\\\/uploads\\\/2020\\\/07\\\/A_SEF_21_20180426_KE_0047-scaled.jpg\",\"width\":2560,\"height\":1706},{\"@type\":\"BreadcrumbList\",\"@id\":\"https:\\\/\\\/www.organisator.ch\\\/management\\\/2020-07-13\\\/swiss-ethics-award-bekanntgabe-der-projekte\\\/#breadcrumb\",\"itemListElement\":[{\"@type\":\"ListItem\",\"position\":1,\"name\":\"Home\",\"item\":\"https:\\\/\\\/www.organisator.ch\\\/\"},{\"@type\":\"ListItem\",\"position\":2,\"name\":\"Swiss Ethics Award: Bekanntgabe der Projekte\"}]},{\"@type\":\"WebSite\",\"@id\":\"https:\\\/\\\/www.organisator.ch\\\/#website\",\"url\":\"https:\\\/\\\/www.organisator.ch\\\/\",\"name\":\"Organisator\",\"description\":\"Kompetent. Praxisnah. Der ORGANISATOR bereitet in 10 Ausgaben pro Jahr die wesentlichen Themen f\u00fcr F\u00fchrungskr\u00e4fte von KMU auf.\",\"publisher\":{\"@id\":\"https:\\\/\\\/www.organisator.ch\\\/#organization\"},\"potentialAction\":[{\"@type\":\"SearchAction\",\"target\":{\"@type\":\"EntryPoint\",\"urlTemplate\":\"https:\\\/\\\/www.organisator.ch\\\/?s={search_term_string}\"},\"query-input\":{\"@type\":\"PropertyValueSpecification\",\"valueRequired\":true,\"valueName\":\"search_term_string\"}}],\"inLanguage\":\"fr-FR\"},{\"@type\":\"Organization\",\"@id\":\"https:\\\/\\\/www.organisator.ch\\\/#organization\",\"name\":\"Organisator\",\"url\":\"https:\\\/\\\/www.organisator.ch\\\/\",\"logo\":{\"@type\":\"ImageObject\",\"inLanguage\":\"fr-FR\",\"@id\":\"https:\\\/\\\/www.organisator.ch\\\/#\\\/schema\\\/logo\\\/image\\\/\",\"url\":\"https:\\\/\\\/www.organisator.ch\\\/wp-content\\\/uploads\\\/2022\\\/01\\\/Logo_Organisator_Website.png\",\"contentUrl\":\"https:\\\/\\\/www.organisator.ch\\\/wp-content\\\/uploads\\\/2022\\\/01\\\/Logo_Organisator_Website.png\",\"width\":800,\"height\":77,\"caption\":\"Organisator\"},\"image\":{\"@id\":\"https:\\\/\\\/www.organisator.ch\\\/#\\\/schema\\\/logo\\\/image\\\/\"},\"sameAs\":[\"https:\\\/\\\/www.facebook.com\\\/OrganisatorFachmagazin\",\"https:\\\/\\\/www.linkedin.com\\\/showcase\\\/organisator-das-magazin-fr-kmu\",\"https:\\\/\\\/www.xing.com\\\/news\\\/pages\\\/organisator-ch-695\",\"https:\\\/\\\/www.youtube.com\\\/channel\\\/UCGP2Sq0iWaZwT3BdIAQFYpw\"]},{\"@type\":\"Person\",\"@id\":\"https:\\\/\\\/www.organisator.ch\\\/#\\\/schema\\\/person\\\/134708ca9321c57b0362cceb7948ffbd\",\"name\":\"michael.merz\",\"image\":{\"@type\":\"ImageObject\",\"inLanguage\":\"fr-FR\",\"@id\":\"https:\\\/\\\/secure.gravatar.com\\\/avatar\\\/?s=96&d=mm&r=g\",\"url\":\"https:\\\/\\\/secure.gravatar.com\\\/avatar\\\/?s=96&d=mm&r=g\",\"contentUrl\":\"https:\\\/\\\/secure.gravatar.com\\\/avatar\\\/?s=96&d=mm&r=g\",\"caption\":\"michael.merz\"},\"url\":\"https:\\\/\\\/www.organisator.ch\\\/fr\\\/author\\\/michael-merz\\\/\"}]}<\/script>\n<!-- \/ Yoast SEO plugin. -->","yoast_head_json":{"title":"Swiss Ethics Award : Annonce des projets - Organisateur","robots":{"index":"index","follow":"follow","max-snippet":"max-snippet:-1","max-image-preview":"max-image-preview:large","max-video-preview":"max-video-preview:-1"},"canonical":"https:\/\/www.organisator.ch\/fr\/gestion-2\/2020-07-13\/swiss-ethics-award-bekanntgabe-der-projekte\/","og_locale":"fr_FR","og_type":"article","og_title":"Swiss Ethics Award: Bekanntgabe der Projekte - Organisator","og_description":"&nbsp; Seit 2005 zeichnet das SWISS EXCELLENCE FORUM mit dem Swiss Ethics Award herausragende ethische Leistungen in der Wirtschaft aus. Im Fokus stehen Leistungen von Organisationen, die in besonderer Weise Verantwortung \u00fcbernehmen und sich aktiv f\u00fcr eine nachhaltige Unternehmensf\u00fchrung engagieren. F\u00fcr den Award 2020 sind f\u00fcnf herausragende Projekte nominiert: Alternative Bank Schweiz AG, Olten\u00a0 Projekt: [&hellip;]","og_url":"https:\/\/www.organisator.ch\/fr\/gestion-2\/2020-07-13\/swiss-ethics-award-bekanntgabe-der-projekte\/","og_site_name":"Organisator","article_publisher":"https:\/\/www.facebook.com\/OrganisatorFachmagazin","article_published_time":"2020-07-13T15:19:37+00:00","og_image":[{"width":2560,"height":1706,"url":"https:\/\/www.organisator.ch\/wp-content\/uploads\/2020\/07\/A_SEF_21_20180426_KE_0047-scaled.jpg","type":"image\/jpeg"}],"author":"michael.merz","twitter_card":"summary_large_image","schema":{"@context":"https:\/\/schema.org","@graph":[{"@type":"Article","@id":"https:\/\/www.organisator.ch\/management\/2020-07-13\/swiss-ethics-award-bekanntgabe-der-projekte\/#article","isPartOf":{"@id":"https:\/\/www.organisator.ch\/management\/2020-07-13\/swiss-ethics-award-bekanntgabe-der-projekte\/"},"author":{"name":"michael.merz","@id":"https:\/\/www.organisator.ch\/#\/schema\/person\/134708ca9321c57b0362cceb7948ffbd"},"headline":"Swiss Ethics Award: Bekanntgabe der Projekte","datePublished":"2020-07-13T15:19:37+00:00","mainEntityOfPage":{"@id":"https:\/\/www.organisator.ch\/management\/2020-07-13\/swiss-ethics-award-bekanntgabe-der-projekte\/"},"wordCount":334,"publisher":{"@id":"https:\/\/www.organisator.ch\/#organization"},"image":{"@id":"https:\/\/www.organisator.ch\/management\/2020-07-13\/swiss-ethics-award-bekanntgabe-der-projekte\/#primaryimage"},"thumbnailUrl":"https:\/\/www.organisator.ch\/wp-content\/uploads\/2020\/07\/A_SEF_21_20180426_KE_0047-scaled.jpg","keywords":["Award","Ethik","Panel","Schweiz"],"articleSection":["MANAGEMENT"],"inLanguage":"fr-FR"},{"@type":"WebPage","@id":"https:\/\/www.organisator.ch\/management\/2020-07-13\/swiss-ethics-award-bekanntgabe-der-projekte\/","url":"https:\/\/www.organisator.ch\/management\/2020-07-13\/swiss-ethics-award-bekanntgabe-der-projekte\/","name":"Swiss Ethics Award : Annonce des projets - Organisateur","isPartOf":{"@id":"https:\/\/www.organisator.ch\/#website"},"primaryImageOfPage":{"@id":"https:\/\/www.organisator.ch\/management\/2020-07-13\/swiss-ethics-award-bekanntgabe-der-projekte\/#primaryimage"},"image":{"@id":"https:\/\/www.organisator.ch\/management\/2020-07-13\/swiss-ethics-award-bekanntgabe-der-projekte\/#primaryimage"},"thumbnailUrl":"https:\/\/www.organisator.ch\/wp-content\/uploads\/2020\/07\/A_SEF_21_20180426_KE_0047-scaled.jpg","datePublished":"2020-07-13T15:19:37+00:00","breadcrumb":{"@id":"https:\/\/www.organisator.ch\/management\/2020-07-13\/swiss-ethics-award-bekanntgabe-der-projekte\/#breadcrumb"},"inLanguage":"fr-FR","potentialAction":[{"@type":"ReadAction","target":["https:\/\/www.organisator.ch\/management\/2020-07-13\/swiss-ethics-award-bekanntgabe-der-projekte\/"]}]},{"@type":"ImageObject","inLanguage":"fr-FR","@id":"https:\/\/www.organisator.ch\/management\/2020-07-13\/swiss-ethics-award-bekanntgabe-der-projekte\/#primaryimage","url":"https:\/\/www.organisator.ch\/wp-content\/uploads\/2020\/07\/A_SEF_21_20180426_KE_0047-scaled.jpg","contentUrl":"https:\/\/www.organisator.ch\/wp-content\/uploads\/2020\/07\/A_SEF_21_20180426_KE_0047-scaled.jpg","width":2560,"height":1706},{"@type":"BreadcrumbList","@id":"https:\/\/www.organisator.ch\/management\/2020-07-13\/swiss-ethics-award-bekanntgabe-der-projekte\/#breadcrumb","itemListElement":[{"@type":"ListItem","position":1,"name":"Home","item":"https:\/\/www.organisator.ch\/"},{"@type":"ListItem","position":2,"name":"Swiss Ethics Award: Bekanntgabe der Projekte"}]},{"@type":"WebSite","@id":"https:\/\/www.organisator.ch\/#website","url":"https:\/\/www.organisator.ch\/","name":"Organisateur","description":"Comp\u00e9tence et comp\u00e9tence. Proches de la pratique. L'ORGANISATEUR pr\u00e9pare 10 num\u00e9ros par an sur les th\u00e8mes essentiels pour les dirigeants de PME.","publisher":{"@id":"https:\/\/www.organisator.ch\/#organization"},"potentialAction":[{"@type":"SearchAction","target":{"@type":"EntryPoint","urlTemplate":"https:\/\/www.organisator.ch\/?s={search_term_string}"},"query-input":{"@type":"PropertyValueSpecification","valueRequired":true,"valueName":"search_term_string"}}],"inLanguage":"fr-FR"},{"@type":"Organization","@id":"https:\/\/www.organisator.ch\/#organization","name":"Organisateur","url":"https:\/\/www.organisator.ch\/","logo":{"@type":"ImageObject","inLanguage":"fr-FR","@id":"https:\/\/www.organisator.ch\/#\/schema\/logo\/image\/","url":"https:\/\/www.organisator.ch\/wp-content\/uploads\/2022\/01\/Logo_Organisator_Website.png","contentUrl":"https:\/\/www.organisator.ch\/wp-content\/uploads\/2022\/01\/Logo_Organisator_Website.png","width":800,"height":77,"caption":"Organisator"},"image":{"@id":"https:\/\/www.organisator.ch\/#\/schema\/logo\/image\/"},"sameAs":["https:\/\/www.facebook.com\/OrganisatorFachmagazin","https:\/\/www.linkedin.com\/showcase\/organisator-das-magazin-fr-kmu","https:\/\/www.xing.com\/news\/pages\/organisator-ch-695","https:\/\/www.youtube.com\/channel\/UCGP2Sq0iWaZwT3BdIAQFYpw"]},{"@type":"Person","@id":"https:\/\/www.organisator.ch\/#\/schema\/person\/134708ca9321c57b0362cceb7948ffbd","name":"michael.merz","image":{"@type":"ImageObject","inLanguage":"fr-FR","@id":"https:\/\/secure.gravatar.com\/avatar\/?s=96&d=mm&r=g","url":"https:\/\/secure.gravatar.com\/avatar\/?s=96&d=mm&r=g","contentUrl":"https:\/\/secure.gravatar.com\/avatar\/?s=96&d=mm&r=g","caption":"michael.merz"},"url":"https:\/\/www.organisator.ch\/fr\/author\/michael-merz\/"}]}},"_links":{"self":[{"href":"https:\/\/www.organisator.ch\/fr\/wp-json\/wp\/v2\/posts\/6922","targetHints":{"allow":["GET"]}}],"collection":[{"href":"https:\/\/www.organisator.ch\/fr\/wp-json\/wp\/v2\/posts"}],"about":[{"href":"https:\/\/www.organisator.ch\/fr\/wp-json\/wp\/v2\/types\/post"}],"author":[{"embeddable":true,"href":"https:\/\/www.organisator.ch\/fr\/wp-json\/wp\/v2\/users\/5"}],"replies":[{"embeddable":true,"href":"https:\/\/www.organisator.ch\/fr\/wp-json\/wp\/v2\/comments?post=6922"}],"version-history":[{"count":0,"href":"https:\/\/www.organisator.ch\/fr\/wp-json\/wp\/v2\/posts\/6922\/revisions"}],"wp:featuredmedia":[{"embeddable":true,"href":"https:\/\/www.organisator.ch\/fr\/wp-json\/wp\/v2\/media\/6923"}],"wp:attachment":[{"href":"https:\/\/www.organisator.ch\/fr\/wp-json\/wp\/v2\/media?parent=6922"}],"wp:term":[{"taxonomy":"category","embeddable":true,"href":"https:\/\/www.organisator.ch\/fr\/wp-json\/wp\/v2\/categories?post=6922"},{"taxonomy":"post_tag","embeddable":true,"href":"https:\/\/www.organisator.ch\/fr\/wp-json\/wp\/v2\/tags?post=6922"}],"curies":[{"name":"wp","href":"https:\/\/api.w.org\/{rel}","templated":true}]}}