{"id":6950,"date":"2020-07-20T15:07:31","date_gmt":"2020-07-20T13:07:31","guid":{"rendered":"https:\/\/www.organisator.ch\/?p=6950"},"modified":"2020-07-20T15:07:31","modified_gmt":"2020-07-20T13:07:31","slug":"mit-mut-in-die-zukunft-griesser-ag-mit-spatenstich-fuer-neubau","status":"publish","type":"post","link":"https:\/\/www.organisator.ch\/fr\/management\/2020-07-20\/mit-mut-in-die-zukunft-griesser-ag-mit-spatenstich-fuer-neubau\/","title":{"rendered":"Avec courage vers l'avenir : Griesser AG donne le premier coup de pioche de son nouveau b\u00e2timent"},"content":{"rendered":"<figure id=\"attachment_6951\" aria-describedby=\"caption-attachment-6951\" style=\"width: 680px\" class=\"wp-caption alignnone\"><img loading=\"lazy\" decoding=\"async\" class=\"size-medium wp-image-6951\" src=\"https:\/\/www.organisator.ch\/wp-content\/uploads\/2020\/07\/Mit-Mut-in-die-Zukunft-Griesser-AG-mit-Spatenstich-fuer-Neubau_Organisator.jpg\" alt=\"\" width=\"680\" height=\"390\" srcset=\"https:\/\/www.organisator.ch\/wp-content\/uploads\/2020\/07\/Mit-Mut-in-die-Zukunft-Griesser-AG-mit-Spatenstich-fuer-Neubau_Organisator.jpg 680w, https:\/\/www.organisator.ch\/wp-content\/uploads\/2020\/07\/Mit-Mut-in-die-Zukunft-Griesser-AG-mit-Spatenstich-fuer-Neubau_Organisator-16x9.jpg 16w, https:\/\/www.organisator.ch\/wp-content\/uploads\/2020\/07\/Mit-Mut-in-die-Zukunft-Griesser-AG-mit-Spatenstich-fuer-Neubau_Organisator-305x175.jpg 305w, https:\/\/www.organisator.ch\/wp-content\/uploads\/2020\/07\/Mit-Mut-in-die-Zukunft-Griesser-AG-mit-Spatenstich-fuer-Neubau_Organisator-610x350.jpg 610w, https:\/\/www.organisator.ch\/wp-content\/uploads\/2020\/07\/Mit-Mut-in-die-Zukunft-Griesser-AG-mit-Spatenstich-fuer-Neubau_Organisator-300x172.jpg 300w\" sizes=\"auto, (max-width: 680px) 100vw, 680px\" \/><figcaption id=\"caption-attachment-6951\" class=\"wp-caption-text\">L'\u00e9quipe Griesser se r\u00e9jouit du nouveau b\u00e2timent lors du premier coup de pioche : Samuel Stillhard directeur exent AG, Christoph Tschanen directeur Tschanen AG, Alex Sprenger chef de projet global Griesser AG, Urs Neuhauser CEO Griesser AG, Walter Str\u00e4ssle pr\u00e9sident du conseil d'administration Griesser AG, Emanuel Kissling directeur de l'usine Griesser AG (de gauche \u00e0 droite) (Photo : Griesser AG)<\/figcaption><\/figure>\n<p>Depuis 1882, le si\u00e8ge principal de Griesser AG se trouve \u00e0 Aadorf et s'est \u00e9tabli depuis longtemps comme l'un des leaders du march\u00e9 europ\u00e9en de la protection des fen\u00eatres et des terrasses contre le soleil et les intemp\u00e9ries. La d\u00e9molition et la reconstruction d'un hall d'usine, l'agrandissement d'un hall de production existant, le remplacement de l'actuelle installation de rev\u00eatement par poudre vieille de plus de 20 ans et l'installation d'un entrep\u00f4t automatique doivent permettre d'augmenter la productivit\u00e9 et d'am\u00e9liorer l'efficacit\u00e9 \u00e9nerg\u00e9tique. \"Si tout se d\u00e9roule comme pr\u00e9vu, nous ach\u00e8verons le projet de construction d'ici l'\u00e9t\u00e9 2021 et installerons ensuite les nouvelles installations et les mettrons en service\", d\u00e9clare Urs Neuhauser, CEO de Griesser, \u00e0 l'occasion du premier coup de pioche. Le fait que Griesser s'en tienne au calendrier initial pour son projet de construction montre que l'entreprise regarde courageusement vers l'avenir, m\u00eame en p\u00e9riode de Corona. C'est aussi une profession de foi en faveur de l'investissement dans la place industrielle suisse et donc de la philosophie de cette maison de tradition.<\/p>\n<h2><strong>Du premier coup de pioche \u00e0 la mise en service<\/strong><\/h2>\n<p>Dans la premi\u00e8re phase de construction, un nouvel acc\u00e8s, y compris un pont d'usine, est pr\u00e9vu vers le site. La deuxi\u00e8me phase de construction devrait d\u00e9buter en septembre avec la d\u00e9molition et la reconstruction du hall pour la nouvelle installation de rev\u00eatement ainsi que l'extension du hall voisin pour le stockage des mat\u00e9riaux longs. Au cours de la troisi\u00e8me phase de construction, la nouvelle installation de rev\u00eatement par poudre sera install\u00e9e dans le nouveau b\u00e2timent et un entrep\u00f4t en nid d'abeilles sera install\u00e9 dans l'extension du hall adjacent.<\/p>\n<p>La nouvelle disposition des diff\u00e9rentes sections de production et les deux nouvelles installations pour le rev\u00eatement et le stockage assurent un meilleur flux de mat\u00e9riel et une automatisation accrue. De plus, la nouvelle installation de rev\u00eatement dispose de cinq chambres pour le pr\u00e9traitement et de deux lignes de poudre pour le rev\u00eatement, ce qui r\u00e9duit les temps de passage tout en augmentant la flexibilit\u00e9.<\/p>\n<p>En ce qui concerne l'efficacit\u00e9 \u00e9nerg\u00e9tique et la durabilit\u00e9, le projet de construction de Griesser marque \u00e9galement des points : \"Le nouveau b\u00e2timent est accompagn\u00e9 d'une installation photovolta\u00efque qui nous permettra \u00e0 l'avenir de couvrir un bon 10% de nos besoins totaux en \u00e9lectricit\u00e9\", explique Emanuel Kissling, responsable de l'organisation des produits chez Griesser. \"Avec une solution efficace pour la r\u00e9cup\u00e9ration de la chaleur et une consommation d'eau r\u00e9duite gr\u00e2ce aux derni\u00e8res technologies, nous serons en mesure de r\u00e9duire consid\u00e9rablement notre empreinte \u00e9cologique\".<\/p>\n<h2><strong>Pas d'interruption de la production<\/strong><\/h2>\n<p>Griesser maintient la production pendant toute la dur\u00e9e des travaux. Pour que cela soit possible, certaines parties de la production sont comprim\u00e9es et transf\u00e9r\u00e9es dans un autre b\u00e2timent. De plus, certaines mati\u00e8res premi\u00e8res doivent \u00eatre temporairement stock\u00e9es \u00e0 l'ext\u00e9rieur. Les restrictions qui en d\u00e9coulent pour les activit\u00e9s de production et la logistique interne exigent beaucoup de flexibilit\u00e9 de la part des collaborateurs. \"Mais je suis persuad\u00e9 que nos \u00e9quipes comp\u00e9tentes et bien rod\u00e9es sauront relever au mieux les d\u00e9fis de la p\u00e9riode \u00e0 venir et les changements qu'implique le projet de construction\", conclut Urs Neuhauser.<\/p>\n<p><em>Plus d'informations : <a href=\"https:\/\/advery.us3.list-manage.com\/track\/click?u=26dd61776ff7181fa2f794553&amp;id=8edcd0746d&amp;e=a3a7effbb4\">www.griesser.ch<\/a><\/em><\/p>","protected":false},"excerpt":{"rendered":"<p>Seit 1882 befindet sich der Hauptsitz der Griesser AG in Aadorf und hat sich l\u00e4ngst als einer der Marktf\u00fchrer Europas f\u00fcr Sonnen- und Wetterschutz von Fenstern und Terrassen etabliert. Mit dem Abbruch und Wiederaufbau einer Werkshalle, der Erweiterung einer bestehenden Produktionshalle, dem Ersatz der bisherigen, \u00fcber 20j\u00e4hrigen Pulverbeschichtungsanlage und dem Einbau eines automatischen Lagers soll [&hellip;]<\/p>\n","protected":false},"author":4,"featured_media":6951,"comment_status":"closed","ping_status":"closed","sticky":false,"template":"","format":"standard","meta":{"_acf_changed":false,"_yoast_wpseo_focuskw":"Spatenstich","_yoast_wpseo_metadesc":"Die Griesser AG erstellt einen Ersatz f\u00fcr die in die Jahre gekommene Beschichtungsanlage am Hauptsitz in Aadorf. Am 24. Juni 2020 war Spatenstich.","articlekey":"","footnotes":""},"categories":[28],"tags":[335,492,508],"class_list":["post-6950","post","type-post","status-publish","format-standard","has-post-thumbnail","hentry","category-management","tag-management-und-unternehmensfuehrung","tag-unternehmen","tag-vermischtes"],"acf":[],"yoast_head":"<!-- This site is optimized with the Yoast SEO plugin v27.5 - https:\/\/yoast.com\/product\/yoast-seo-wordpress\/ -->\n<title>Mit Mut in die Zukunft: Griesser AG mit Spatenstich f\u00fcr Neubau - Organisator<\/title>\n<meta name=\"description\" content=\"Die Griesser AG erstellt einen Ersatz f\u00fcr die in die Jahre gekommene Beschichtungsanlage am Hauptsitz in Aadorf. Am 24. Juni 2020 war Spatenstich.\" \/>\n<meta name=\"robots\" content=\"index, follow, max-snippet:-1, max-image-preview:large, max-video-preview:-1\" \/>\n<link rel=\"canonical\" href=\"https:\/\/www.organisator.ch\/fr\/gestion-2\/2020-07-20\/mit-mut-in-die-zukunft-griesser-ag-mit-spatenstich-fuer-neubau\/\" \/>\n<meta property=\"og:locale\" content=\"fr_FR\" \/>\n<meta property=\"og:type\" content=\"article\" \/>\n<meta property=\"og:title\" content=\"Mit Mut in die Zukunft: Griesser AG mit Spatenstich f\u00fcr Neubau\" \/>\n<meta property=\"og:description\" content=\"Die Griesser AG erstellt einen Ersatz f\u00fcr die in die Jahre gekommene Beschichtungsanlage am Hauptsitz in Aadorf. Am 24. Juni 2020 war Spatenstich.\" \/>\n<meta property=\"og:url\" content=\"https:\/\/www.organisator.ch\/fr\/gestion-2\/2020-07-20\/mit-mut-in-die-zukunft-griesser-ag-mit-spatenstich-fuer-neubau\/\" \/>\n<meta property=\"og:site_name\" content=\"Organisator\" \/>\n<meta property=\"article:publisher\" content=\"https:\/\/www.facebook.com\/OrganisatorFachmagazin\" \/>\n<meta property=\"article:published_time\" content=\"2020-07-20T13:07:31+00:00\" \/>\n<meta property=\"og:image\" content=\"https:\/\/www.organisator.ch\/wp-content\/uploads\/2020\/07\/Mit-Mut-in-die-Zukunft-Griesser-AG-mit-Spatenstich-fuer-Neubau_Organisator.jpg\" \/>\n\t<meta property=\"og:image:width\" content=\"680\" \/>\n\t<meta property=\"og:image:height\" content=\"390\" \/>\n\t<meta property=\"og:image:type\" content=\"image\/jpeg\" \/>\n<meta name=\"author\" content=\"thomas.berner\" \/>\n<meta name=\"twitter:card\" content=\"summary_large_image\" \/>\n<meta name=\"twitter:title\" content=\"Mit Mut in die Zukunft: #Griesser AG mit #Spatenstich f\u00fcr Neubau\" \/>\n<meta name=\"twitter:description\" content=\"Die #Griesser AG erstellt einen #Ersatz f\u00fcr die in die Jahre gekommene #Beschichtungsanlage am Hauptsitz in Aadorf. Am 24. Juni 2020 war Spatenstich.\" \/>\n<meta name=\"twitter:image\" content=\"https:\/\/www.organisator.ch\/wp-content\/uploads\/2020\/07\/Mit-Mut-in-die-Zukunft-Griesser-AG-mit-Spatenstich-fuer-Neubau_Organisator.jpg\" \/>\n<script type=\"application\/ld+json\" class=\"yoast-schema-graph\">{\"@context\":\"https:\\\/\\\/schema.org\",\"@graph\":[{\"@type\":\"Article\",\"@id\":\"https:\\\/\\\/www.organisator.ch\\\/management\\\/2020-07-20\\\/mit-mut-in-die-zukunft-griesser-ag-mit-spatenstich-fuer-neubau\\\/#article\",\"isPartOf\":{\"@id\":\"https:\\\/\\\/www.organisator.ch\\\/management\\\/2020-07-20\\\/mit-mut-in-die-zukunft-griesser-ag-mit-spatenstich-fuer-neubau\\\/\"},\"author\":{\"name\":\"thomas.berner\",\"@id\":\"https:\\\/\\\/www.organisator.ch\\\/#\\\/schema\\\/person\\\/6f650f90b2842cd4c0cc334b4e36f67e\"},\"headline\":\"Mit Mut in die Zukunft: Griesser AG mit Spatenstich f\u00fcr Neubau\",\"datePublished\":\"2020-07-20T13:07:31+00:00\",\"mainEntityOfPage\":{\"@id\":\"https:\\\/\\\/www.organisator.ch\\\/management\\\/2020-07-20\\\/mit-mut-in-die-zukunft-griesser-ag-mit-spatenstich-fuer-neubau\\\/\"},\"wordCount\":502,\"publisher\":{\"@id\":\"https:\\\/\\\/www.organisator.ch\\\/#organization\"},\"image\":{\"@id\":\"https:\\\/\\\/www.organisator.ch\\\/management\\\/2020-07-20\\\/mit-mut-in-die-zukunft-griesser-ag-mit-spatenstich-fuer-neubau\\\/#primaryimage\"},\"thumbnailUrl\":\"https:\\\/\\\/www.organisator.ch\\\/wp-content\\\/uploads\\\/2020\\\/07\\\/Mit-Mut-in-die-Zukunft-Griesser-AG-mit-Spatenstich-fuer-Neubau_Organisator.jpg\",\"keywords\":[\"Management und Unternehmensf\u00fchrung\",\"Unternehmen\",\"Vermischtes\"],\"articleSection\":[\"MANAGEMENT\"],\"inLanguage\":\"fr-FR\"},{\"@type\":\"WebPage\",\"@id\":\"https:\\\/\\\/www.organisator.ch\\\/management\\\/2020-07-20\\\/mit-mut-in-die-zukunft-griesser-ag-mit-spatenstich-fuer-neubau\\\/\",\"url\":\"https:\\\/\\\/www.organisator.ch\\\/management\\\/2020-07-20\\\/mit-mut-in-die-zukunft-griesser-ag-mit-spatenstich-fuer-neubau\\\/\",\"name\":\"Mit Mut in die Zukunft: Griesser AG mit Spatenstich f\u00fcr Neubau - Organisator\",\"isPartOf\":{\"@id\":\"https:\\\/\\\/www.organisator.ch\\\/#website\"},\"primaryImageOfPage\":{\"@id\":\"https:\\\/\\\/www.organisator.ch\\\/management\\\/2020-07-20\\\/mit-mut-in-die-zukunft-griesser-ag-mit-spatenstich-fuer-neubau\\\/#primaryimage\"},\"image\":{\"@id\":\"https:\\\/\\\/www.organisator.ch\\\/management\\\/2020-07-20\\\/mit-mut-in-die-zukunft-griesser-ag-mit-spatenstich-fuer-neubau\\\/#primaryimage\"},\"thumbnailUrl\":\"https:\\\/\\\/www.organisator.ch\\\/wp-content\\\/uploads\\\/2020\\\/07\\\/Mit-Mut-in-die-Zukunft-Griesser-AG-mit-Spatenstich-fuer-Neubau_Organisator.jpg\",\"datePublished\":\"2020-07-20T13:07:31+00:00\",\"description\":\"Die Griesser AG erstellt einen Ersatz f\u00fcr die in die Jahre gekommene Beschichtungsanlage am Hauptsitz in Aadorf. Am 24. Juni 2020 war Spatenstich.\",\"breadcrumb\":{\"@id\":\"https:\\\/\\\/www.organisator.ch\\\/management\\\/2020-07-20\\\/mit-mut-in-die-zukunft-griesser-ag-mit-spatenstich-fuer-neubau\\\/#breadcrumb\"},\"inLanguage\":\"fr-FR\",\"potentialAction\":[{\"@type\":\"ReadAction\",\"target\":[\"https:\\\/\\\/www.organisator.ch\\\/management\\\/2020-07-20\\\/mit-mut-in-die-zukunft-griesser-ag-mit-spatenstich-fuer-neubau\\\/\"]}]},{\"@type\":\"ImageObject\",\"inLanguage\":\"fr-FR\",\"@id\":\"https:\\\/\\\/www.organisator.ch\\\/management\\\/2020-07-20\\\/mit-mut-in-die-zukunft-griesser-ag-mit-spatenstich-fuer-neubau\\\/#primaryimage\",\"url\":\"https:\\\/\\\/www.organisator.ch\\\/wp-content\\\/uploads\\\/2020\\\/07\\\/Mit-Mut-in-die-Zukunft-Griesser-AG-mit-Spatenstich-fuer-Neubau_Organisator.jpg\",\"contentUrl\":\"https:\\\/\\\/www.organisator.ch\\\/wp-content\\\/uploads\\\/2020\\\/07\\\/Mit-Mut-in-die-Zukunft-Griesser-AG-mit-Spatenstich-fuer-Neubau_Organisator.jpg\",\"width\":680,\"height\":390,\"caption\":\"Das Griesser-Team freut sich beim Spatenstich auf den Neubau: Samuel Stillhard Gesch\u00e4ftsf\u00fchrer exent AG, Christoph Tschanen Gesch\u00e4ftsf\u00fchrer Tschanen AG, Alex Sprenger Gesamtprojektleiter Griesser AG, Urs Neuhauser CEO Griesser AG, Walter Str\u00e4ssle Verwaltungsratspr\u00e4sident Griesser AG, Emanuel Kissling Werkleiter Griesser AG (v.l.n.r.) (Bildrechte: Griesser AG)\"},{\"@type\":\"BreadcrumbList\",\"@id\":\"https:\\\/\\\/www.organisator.ch\\\/management\\\/2020-07-20\\\/mit-mut-in-die-zukunft-griesser-ag-mit-spatenstich-fuer-neubau\\\/#breadcrumb\",\"itemListElement\":[{\"@type\":\"ListItem\",\"position\":1,\"name\":\"Home\",\"item\":\"https:\\\/\\\/www.organisator.ch\\\/\"},{\"@type\":\"ListItem\",\"position\":2,\"name\":\"Mit Mut in die Zukunft: Griesser AG mit Spatenstich f\u00fcr Neubau\"}]},{\"@type\":\"WebSite\",\"@id\":\"https:\\\/\\\/www.organisator.ch\\\/#website\",\"url\":\"https:\\\/\\\/www.organisator.ch\\\/\",\"name\":\"Organisator\",\"description\":\"Kompetent. Praxisnah. Der ORGANISATOR bereitet in 10 Ausgaben pro Jahr die wesentlichen Themen f\u00fcr F\u00fchrungskr\u00e4fte von KMU auf.\",\"publisher\":{\"@id\":\"https:\\\/\\\/www.organisator.ch\\\/#organization\"},\"potentialAction\":[{\"@type\":\"SearchAction\",\"target\":{\"@type\":\"EntryPoint\",\"urlTemplate\":\"https:\\\/\\\/www.organisator.ch\\\/?s={search_term_string}\"},\"query-input\":{\"@type\":\"PropertyValueSpecification\",\"valueRequired\":true,\"valueName\":\"search_term_string\"}}],\"inLanguage\":\"fr-FR\"},{\"@type\":\"Organization\",\"@id\":\"https:\\\/\\\/www.organisator.ch\\\/#organization\",\"name\":\"Organisator\",\"url\":\"https:\\\/\\\/www.organisator.ch\\\/\",\"logo\":{\"@type\":\"ImageObject\",\"inLanguage\":\"fr-FR\",\"@id\":\"https:\\\/\\\/www.organisator.ch\\\/#\\\/schema\\\/logo\\\/image\\\/\",\"url\":\"https:\\\/\\\/www.organisator.ch\\\/wp-content\\\/uploads\\\/2022\\\/01\\\/Logo_Organisator_Website.png\",\"contentUrl\":\"https:\\\/\\\/www.organisator.ch\\\/wp-content\\\/uploads\\\/2022\\\/01\\\/Logo_Organisator_Website.png\",\"width\":800,\"height\":77,\"caption\":\"Organisator\"},\"image\":{\"@id\":\"https:\\\/\\\/www.organisator.ch\\\/#\\\/schema\\\/logo\\\/image\\\/\"},\"sameAs\":[\"https:\\\/\\\/www.facebook.com\\\/OrganisatorFachmagazin\",\"https:\\\/\\\/www.linkedin.com\\\/showcase\\\/organisator-das-magazin-fr-kmu\",\"https:\\\/\\\/www.xing.com\\\/news\\\/pages\\\/organisator-ch-695\",\"https:\\\/\\\/www.youtube.com\\\/channel\\\/UCGP2Sq0iWaZwT3BdIAQFYpw\"]},{\"@type\":\"Person\",\"@id\":\"https:\\\/\\\/www.organisator.ch\\\/#\\\/schema\\\/person\\\/6f650f90b2842cd4c0cc334b4e36f67e\",\"name\":\"thomas.berner\",\"image\":{\"@type\":\"ImageObject\",\"inLanguage\":\"fr-FR\",\"@id\":\"https:\\\/\\\/secure.gravatar.com\\\/avatar\\\/ac5001d2a36cb6c6cd3e50789007ffca834b477b74a2144564522e944eabff61?s=96&d=mm&r=g\",\"url\":\"https:\\\/\\\/secure.gravatar.com\\\/avatar\\\/ac5001d2a36cb6c6cd3e50789007ffca834b477b74a2144564522e944eabff61?s=96&d=mm&r=g\",\"contentUrl\":\"https:\\\/\\\/secure.gravatar.com\\\/avatar\\\/ac5001d2a36cb6c6cd3e50789007ffca834b477b74a2144564522e944eabff61?s=96&d=mm&r=g\",\"caption\":\"thomas.berner\"},\"url\":\"https:\\\/\\\/www.organisator.ch\\\/fr\\\/author\\\/thomas-berner\\\/\"}]}<\/script>\n<!-- \/ Yoast SEO plugin. -->","yoast_head_json":{"title":"Avec courage vers l'avenir : Griesser AG donne le premier coup de pioche de son nouveau b\u00e2timent - Organisateur","description":"Griesser AG remplace l'installation de rev\u00eatement vieillissante de son si\u00e8ge principal \u00e0 Aadorf. Le 24 juin 2020, le premier coup de pioche a \u00e9t\u00e9 donn\u00e9.","robots":{"index":"index","follow":"follow","max-snippet":"max-snippet:-1","max-image-preview":"max-image-preview:large","max-video-preview":"max-video-preview:-1"},"canonical":"https:\/\/www.organisator.ch\/fr\/gestion-2\/2020-07-20\/mit-mut-in-die-zukunft-griesser-ag-mit-spatenstich-fuer-neubau\/","og_locale":"fr_FR","og_type":"article","og_title":"Mit Mut in die Zukunft: Griesser AG mit Spatenstich f\u00fcr Neubau","og_description":"Die Griesser AG erstellt einen Ersatz f\u00fcr die in die Jahre gekommene Beschichtungsanlage am Hauptsitz in Aadorf. Am 24. Juni 2020 war Spatenstich.","og_url":"https:\/\/www.organisator.ch\/fr\/gestion-2\/2020-07-20\/mit-mut-in-die-zukunft-griesser-ag-mit-spatenstich-fuer-neubau\/","og_site_name":"Organisator","article_publisher":"https:\/\/www.facebook.com\/OrganisatorFachmagazin","article_published_time":"2020-07-20T13:07:31+00:00","og_image":[{"width":680,"height":390,"url":"https:\/\/www.organisator.ch\/wp-content\/uploads\/2020\/07\/Mit-Mut-in-die-Zukunft-Griesser-AG-mit-Spatenstich-fuer-Neubau_Organisator.jpg","type":"image\/jpeg"}],"author":"thomas.berner","twitter_card":"summary_large_image","twitter_title":"Mit Mut in die Zukunft: #Griesser AG mit #Spatenstich f\u00fcr Neubau","twitter_description":"Die #Griesser AG erstellt einen #Ersatz f\u00fcr die in die Jahre gekommene #Beschichtungsanlage am Hauptsitz in Aadorf. Am 24. Juni 2020 war Spatenstich.","twitter_image":"https:\/\/www.organisator.ch\/wp-content\/uploads\/2020\/07\/Mit-Mut-in-die-Zukunft-Griesser-AG-mit-Spatenstich-fuer-Neubau_Organisator.jpg","schema":{"@context":"https:\/\/schema.org","@graph":[{"@type":"Article","@id":"https:\/\/www.organisator.ch\/management\/2020-07-20\/mit-mut-in-die-zukunft-griesser-ag-mit-spatenstich-fuer-neubau\/#article","isPartOf":{"@id":"https:\/\/www.organisator.ch\/management\/2020-07-20\/mit-mut-in-die-zukunft-griesser-ag-mit-spatenstich-fuer-neubau\/"},"author":{"name":"thomas.berner","@id":"https:\/\/www.organisator.ch\/#\/schema\/person\/6f650f90b2842cd4c0cc334b4e36f67e"},"headline":"Mit Mut in die Zukunft: Griesser AG mit Spatenstich f\u00fcr Neubau","datePublished":"2020-07-20T13:07:31+00:00","mainEntityOfPage":{"@id":"https:\/\/www.organisator.ch\/management\/2020-07-20\/mit-mut-in-die-zukunft-griesser-ag-mit-spatenstich-fuer-neubau\/"},"wordCount":502,"publisher":{"@id":"https:\/\/www.organisator.ch\/#organization"},"image":{"@id":"https:\/\/www.organisator.ch\/management\/2020-07-20\/mit-mut-in-die-zukunft-griesser-ag-mit-spatenstich-fuer-neubau\/#primaryimage"},"thumbnailUrl":"https:\/\/www.organisator.ch\/wp-content\/uploads\/2020\/07\/Mit-Mut-in-die-Zukunft-Griesser-AG-mit-Spatenstich-fuer-Neubau_Organisator.jpg","keywords":["Management und Unternehmensf\u00fchrung","Unternehmen","Vermischtes"],"articleSection":["MANAGEMENT"],"inLanguage":"fr-FR"},{"@type":"WebPage","@id":"https:\/\/www.organisator.ch\/management\/2020-07-20\/mit-mut-in-die-zukunft-griesser-ag-mit-spatenstich-fuer-neubau\/","url":"https:\/\/www.organisator.ch\/management\/2020-07-20\/mit-mut-in-die-zukunft-griesser-ag-mit-spatenstich-fuer-neubau\/","name":"Avec courage vers l'avenir : Griesser AG donne le premier coup de pioche de son nouveau b\u00e2timent - Organisateur","isPartOf":{"@id":"https:\/\/www.organisator.ch\/#website"},"primaryImageOfPage":{"@id":"https:\/\/www.organisator.ch\/management\/2020-07-20\/mit-mut-in-die-zukunft-griesser-ag-mit-spatenstich-fuer-neubau\/#primaryimage"},"image":{"@id":"https:\/\/www.organisator.ch\/management\/2020-07-20\/mit-mut-in-die-zukunft-griesser-ag-mit-spatenstich-fuer-neubau\/#primaryimage"},"thumbnailUrl":"https:\/\/www.organisator.ch\/wp-content\/uploads\/2020\/07\/Mit-Mut-in-die-Zukunft-Griesser-AG-mit-Spatenstich-fuer-Neubau_Organisator.jpg","datePublished":"2020-07-20T13:07:31+00:00","description":"Griesser AG remplace l'installation de rev\u00eatement vieillissante de son si\u00e8ge principal \u00e0 Aadorf. Le 24 juin 2020, le premier coup de pioche a \u00e9t\u00e9 donn\u00e9.","breadcrumb":{"@id":"https:\/\/www.organisator.ch\/management\/2020-07-20\/mit-mut-in-die-zukunft-griesser-ag-mit-spatenstich-fuer-neubau\/#breadcrumb"},"inLanguage":"fr-FR","potentialAction":[{"@type":"ReadAction","target":["https:\/\/www.organisator.ch\/management\/2020-07-20\/mit-mut-in-die-zukunft-griesser-ag-mit-spatenstich-fuer-neubau\/"]}]},{"@type":"ImageObject","inLanguage":"fr-FR","@id":"https:\/\/www.organisator.ch\/management\/2020-07-20\/mit-mut-in-die-zukunft-griesser-ag-mit-spatenstich-fuer-neubau\/#primaryimage","url":"https:\/\/www.organisator.ch\/wp-content\/uploads\/2020\/07\/Mit-Mut-in-die-Zukunft-Griesser-AG-mit-Spatenstich-fuer-Neubau_Organisator.jpg","contentUrl":"https:\/\/www.organisator.ch\/wp-content\/uploads\/2020\/07\/Mit-Mut-in-die-Zukunft-Griesser-AG-mit-Spatenstich-fuer-Neubau_Organisator.jpg","width":680,"height":390,"caption":"Das Griesser-Team freut sich beim Spatenstich auf den Neubau: Samuel Stillhard Gesch\u00e4ftsf\u00fchrer exent AG, Christoph Tschanen Gesch\u00e4ftsf\u00fchrer Tschanen AG, Alex Sprenger Gesamtprojektleiter Griesser AG, Urs Neuhauser CEO Griesser AG, Walter Str\u00e4ssle Verwaltungsratspr\u00e4sident Griesser AG, Emanuel Kissling Werkleiter Griesser AG (v.l.n.r.) (Bildrechte: Griesser AG)"},{"@type":"BreadcrumbList","@id":"https:\/\/www.organisator.ch\/management\/2020-07-20\/mit-mut-in-die-zukunft-griesser-ag-mit-spatenstich-fuer-neubau\/#breadcrumb","itemListElement":[{"@type":"ListItem","position":1,"name":"Home","item":"https:\/\/www.organisator.ch\/"},{"@type":"ListItem","position":2,"name":"Mit Mut in die Zukunft: Griesser AG mit Spatenstich f\u00fcr Neubau"}]},{"@type":"WebSite","@id":"https:\/\/www.organisator.ch\/#website","url":"https:\/\/www.organisator.ch\/","name":"Organisateur","description":"Comp\u00e9tence et comp\u00e9tence. Proches de la pratique. L'ORGANISATEUR pr\u00e9pare 10 num\u00e9ros par an sur les th\u00e8mes essentiels pour les dirigeants de PME.","publisher":{"@id":"https:\/\/www.organisator.ch\/#organization"},"potentialAction":[{"@type":"SearchAction","target":{"@type":"EntryPoint","urlTemplate":"https:\/\/www.organisator.ch\/?s={search_term_string}"},"query-input":{"@type":"PropertyValueSpecification","valueRequired":true,"valueName":"search_term_string"}}],"inLanguage":"fr-FR"},{"@type":"Organization","@id":"https:\/\/www.organisator.ch\/#organization","name":"Organisateur","url":"https:\/\/www.organisator.ch\/","logo":{"@type":"ImageObject","inLanguage":"fr-FR","@id":"https:\/\/www.organisator.ch\/#\/schema\/logo\/image\/","url":"https:\/\/www.organisator.ch\/wp-content\/uploads\/2022\/01\/Logo_Organisator_Website.png","contentUrl":"https:\/\/www.organisator.ch\/wp-content\/uploads\/2022\/01\/Logo_Organisator_Website.png","width":800,"height":77,"caption":"Organisator"},"image":{"@id":"https:\/\/www.organisator.ch\/#\/schema\/logo\/image\/"},"sameAs":["https:\/\/www.facebook.com\/OrganisatorFachmagazin","https:\/\/www.linkedin.com\/showcase\/organisator-das-magazin-fr-kmu","https:\/\/www.xing.com\/news\/pages\/organisator-ch-695","https:\/\/www.youtube.com\/channel\/UCGP2Sq0iWaZwT3BdIAQFYpw"]},{"@type":"Person","@id":"https:\/\/www.organisator.ch\/#\/schema\/person\/6f650f90b2842cd4c0cc334b4e36f67e","name":"thomas.berner","image":{"@type":"ImageObject","inLanguage":"fr-FR","@id":"https:\/\/secure.gravatar.com\/avatar\/ac5001d2a36cb6c6cd3e50789007ffca834b477b74a2144564522e944eabff61?s=96&d=mm&r=g","url":"https:\/\/secure.gravatar.com\/avatar\/ac5001d2a36cb6c6cd3e50789007ffca834b477b74a2144564522e944eabff61?s=96&d=mm&r=g","contentUrl":"https:\/\/secure.gravatar.com\/avatar\/ac5001d2a36cb6c6cd3e50789007ffca834b477b74a2144564522e944eabff61?s=96&d=mm&r=g","caption":"thomas.berner"},"url":"https:\/\/www.organisator.ch\/fr\/author\/thomas-berner\/"}]}},"_links":{"self":[{"href":"https:\/\/www.organisator.ch\/fr\/wp-json\/wp\/v2\/posts\/6950","targetHints":{"allow":["GET"]}}],"collection":[{"href":"https:\/\/www.organisator.ch\/fr\/wp-json\/wp\/v2\/posts"}],"about":[{"href":"https:\/\/www.organisator.ch\/fr\/wp-json\/wp\/v2\/types\/post"}],"author":[{"embeddable":true,"href":"https:\/\/www.organisator.ch\/fr\/wp-json\/wp\/v2\/users\/4"}],"replies":[{"embeddable":true,"href":"https:\/\/www.organisator.ch\/fr\/wp-json\/wp\/v2\/comments?post=6950"}],"version-history":[{"count":0,"href":"https:\/\/www.organisator.ch\/fr\/wp-json\/wp\/v2\/posts\/6950\/revisions"}],"wp:featuredmedia":[{"embeddable":true,"href":"https:\/\/www.organisator.ch\/fr\/wp-json\/wp\/v2\/media\/6951"}],"wp:attachment":[{"href":"https:\/\/www.organisator.ch\/fr\/wp-json\/wp\/v2\/media?parent=6950"}],"wp:term":[{"taxonomy":"category","embeddable":true,"href":"https:\/\/www.organisator.ch\/fr\/wp-json\/wp\/v2\/categories?post=6950"},{"taxonomy":"post_tag","embeddable":true,"href":"https:\/\/www.organisator.ch\/fr\/wp-json\/wp\/v2\/tags?post=6950"}],"curies":[{"name":"wp","href":"https:\/\/api.w.org\/{rel}","templated":true}]}}