{"id":6974,"date":"2020-07-28T08:47:50","date_gmt":"2020-07-28T06:47:50","guid":{"rendered":"https:\/\/www.organisator.ch\/?p=6974"},"modified":"2020-07-28T08:47:50","modified_gmt":"2020-07-28T06:47:50","slug":"zwei-premieren-der-initiative-nachfolgebus-ch-nachfolgetag-und-phoenix-award","status":"publish","type":"post","link":"https:\/\/www.organisator.ch\/fr\/management\/2020-07-28\/zwei-premieren-der-initiative-nachfolgebus-ch-nachfolgetag-und-phoenix-award\/","title":{"rendered":"Deux premi\u00e8res pour l'initiative SuccessBus.ch : Journ\u00e9e de la rel\u00e8ve et Phoenix Award"},"content":{"rendered":"<figure id=\"attachment_6975\" aria-describedby=\"caption-attachment-6975\" style=\"width: 680px\" class=\"wp-caption alignnone\"><img loading=\"lazy\" decoding=\"async\" class=\"size-medium wp-image-6975\" src=\"https:\/\/www.organisator.ch\/wp-content\/uploads\/2020\/07\/Zwei-Premieren-der-Initiative-Nachfolgebusch-Nachfolgetag-und-Phoenix-Award_Organisator.jpg\" alt=\"\" width=\"680\" height=\"392\" srcset=\"https:\/\/www.organisator.ch\/wp-content\/uploads\/2020\/07\/Zwei-Premieren-der-Initiative-Nachfolgebusch-Nachfolgetag-und-Phoenix-Award_Organisator.jpg 680w, https:\/\/www.organisator.ch\/wp-content\/uploads\/2020\/07\/Zwei-Premieren-der-Initiative-Nachfolgebusch-Nachfolgetag-und-Phoenix-Award_Organisator-16x9.jpg 16w, https:\/\/www.organisator.ch\/wp-content\/uploads\/2020\/07\/Zwei-Premieren-der-Initiative-Nachfolgebusch-Nachfolgetag-und-Phoenix-Award_Organisator-304x175.jpg 304w, https:\/\/www.organisator.ch\/wp-content\/uploads\/2020\/07\/Zwei-Premieren-der-Initiative-Nachfolgebusch-Nachfolgetag-und-Phoenix-Award_Organisator-607x350.jpg 607w, https:\/\/www.organisator.ch\/wp-content\/uploads\/2020\/07\/Zwei-Premieren-der-Initiative-Nachfolgebusch-Nachfolgetag-und-Phoenix-Award_Organisator-300x173.jpg 300w\" sizes=\"auto, (max-width: 680px) 100vw, 680px\" \/><figcaption id=\"caption-attachment-6975\" class=\"wp-caption-text\">L'initiative Nachfolgengebus.ch invite le 17 septembre 2020 \u00e0 la premi\u00e8re journ\u00e9e de la succession \u00e0 Zurich. Pour la premi\u00e8re fois, le Phoenix Award sera d\u00e9cern\u00e9 \u00e0 des entreprises dont l'histoire remonte parfois \u00e0 plus de 100 ans et qui ont donc r\u00e9ussi plusieurs successions d'entreprises. (Image : zVg \/ Nachfolgebus.ch)<\/figcaption><\/figure>\n<p>Selon la derni\u00e8re \u00e9tude Bisnode B&amp;D, plus de 75 000 entreprises en Suisse sont confront\u00e9es \u00e0 un r\u00e8glement de succession encore en suspens. Le risque de perte d'emplois et de savoir-faire est \u00e9lev\u00e9. La pand\u00e9mie de Corona a encore aggrav\u00e9 la situation. Maintenant plus que jamais, l'esprit d'entreprise et la volont\u00e9 de cr\u00e9er de nouvelles voies et solutions sont (sur)vitaux. Cela vaut \u00e9galement pour la succession d'entreprise. C'est dans ce contexte que l'experte en succession Carla Kaufmann, partenaire de Companymarket AG et cr\u00e9atrice de l'initiative Nachfolgebus.ch, a repens\u00e9 le processus de succession d'entreprise. Avec la journ\u00e9e de la succession, une nouvelle offre de l'initiative, elle propose aux entrepreneurs de PME* une possibilit\u00e9 concentr\u00e9e d'\u00e9change d'exp\u00e9riences personnelles et de formation continue aussi compacte que fond\u00e9e en mati\u00e8re de \"succession\".<\/p>\n<h2>Nachfolgebus.ch : La succession d'entreprise de A \u00e0 Z<\/h2>\n<p>L'\u00e9v\u00e9nement aura lieu le 17 septembre 2020 de 9 \u00e0 18 heures chez EXPERTsuisse, Stauffacherstrasse 1, 8004 Zurich. Marius Klauser, directeur d'EXPERTsuisse : \"La succession d'entreprise est un th\u00e8me porteur pour nos membres et l'\u00e9conomie suisse, et la Journ\u00e9e de la succession est LE rendez-vous \u00e0 ne pas manquer\". Le programme de la Journ\u00e9e de la succession se divise en deux parties. Le matin, de 9 \u00e0 13 heures, les 15 experts en succession exp\u00e9riment\u00e9s* du bus de la succession.ch se tiendront \u00e0 la disposition des participants pour des entretiens individuels gratuits. L'apr\u00e8s-midi, de 13h30 \u00e0 17h30, sera consacr\u00e9 \u00e0 la formation continue avec une s\u00e9rie d'ateliers pour les vendeurs et les acheteurs d'entreprises. L'\u00e9ventail th\u00e9matique s'\u00e9tend du partage et de la coop\u00e9ration\/du partenariat \u00e0 la vente ou \u00e0 l'achat \"classique\" de l'entreprise et offre aux PME diverses options pour ma\u00eetriser les crises et r\u00e9gler la succession. Pour chaque package d'atelier, compos\u00e9 de sept sessions compactes, un forfait de couverture des co\u00fbts de CHF 470 p. p. est per\u00e7u. <a href=\"http:\/\/www.companymarket.ch\/events\">www.companymarket.ch\/events<\/a>.<\/p>\n<h2>Comme le ph\u00e9nix rena\u00eet de ses cendres<\/h2>\n<p>La journ\u00e9e de la succession s'ach\u00e8vera sur une note festive avec la remise du premier \"Phoenix Award pour l'entrepreneuriat suisse \u00e0 long terme\", qui aura \u00e9galement lieu \u00e0 Zurich et qui fait partie des nouveaut\u00e9s du Nachsugebus Tour 2020. Cet Award est d\u00e9di\u00e9 \u00e0 la succession d'entreprise ou aux entreprises suisses qui la ma\u00eetrisent de mani\u00e8re exceptionnelle depuis un si\u00e8cle. Elles re\u00e7oivent la sc\u00e8ne qu'elles m\u00e9ritent. Les PME qui ont accompli cette performance entrepreneuriale sur une si longue p\u00e9riode ont g\u00e9n\u00e9ralement d\u00fb surmonter plus d'une crise et rena\u00eetre de leurs cendres tel un \"Phoenix\". C'est pourquoi, en tant que laur\u00e9ats potentiels, les PME suisses qui, cette ann\u00e9e, se sont distingu\u00e9es sont les suivantes <a href=\"https:\/\/www.organisator.ch\/wp-content\/uploads\/2020\/07\/Nachfolgemagazin_Phoenix-Award-2020_100er-Liste.pdf\">100 ans d'inscription au registre du commerce<\/a> sont s\u00e9lectionn\u00e9s. Parmi ces entreprises, un jury sp\u00e9cialis\u00e9 et un conseil de jury compos\u00e9 de repr\u00e9sentants de l'entrepreneuriat, de la science, de la politique et des m\u00e9dias d\u00e9terminent les laur\u00e9ats du Phoenix Award dans les cat\u00e9gories suivantes<\/p>\n<ul>\n<li>Innovation\/disruption\/capacit\u00e9 de renouvellement<\/li>\n<li>Performance de l'\u00e9quipe<\/li>\n<li>Contribution sociale\/\u00e9conomique<\/li>\n<\/ul>\n<h2>Le jury \u00e9value les histoires d'entreprises<\/h2>\n<p>Le jury a commenc\u00e9 son travail le 10 juillet et d\u00e9terminera une shortlist de huit entreprises comme laur\u00e9ats potentiels jusqu'au 7 ao\u00fbt. La d\u00e9signation des trois laur\u00e9ats - une entreprise dans chaque cat\u00e9gorie - aura ensuite lieu conjointement avec le comit\u00e9 consultatif du jury. Le jury est compos\u00e9 des personnes suivantes :<\/p>\n<ul>\n<li>Esther-Mirjam de Boer, Strat\u00e8ge pour la diversit\u00e9 et la culture inclusive, CEO GetDiversity GmbH<\/li>\n<li>Marcel Dobler, conseiller national, copropri\u00e9taire et pr\u00e9sident du conseil d'administration de Franz Carl Weber AG<\/li>\n<li>Uta J\u00fcttner, professeur \u00e0 l'Institut f\u00fcr Betriebs- und Regional\u00f6kinomie IBR de la Haute \u00e9cole de gestion de Lucerne<\/li>\n<li>Dr. Corinne M\u00fchlebach, enseignante en marketing strat\u00e9gique, management strat\u00e9gique et entrepreneuriat \u00e0 la FHNW Hochschule f\u00fcr Wirtschaft<\/li>\n<\/ul>\n<p>Les membres du comit\u00e9 consultatif du jury sont (Corin Ballhaus, experte en positionnement pour PME, propri\u00e9taire de Ballhaus Profiling GmbH), Armin Baumann (directeur de PME SWISS AG) ainsi que Thomas Berner, r\u00e9dacteur en chef du magazine sp\u00e9cialis\u00e9 pour PME ORGANISATOR.<\/p>\n<p>En 2020, comme les deux ann\u00e9es pr\u00e9c\u00e9dentes, l'initiative Nachfolgebus.ch b\u00e9n\u00e9ficiera en outre du soutien cantonal de la promotion \u00e9conomique de l'Office de l'\u00e9conomie et du travail du canton de Zurich.<\/p>\n<p><a href=\"https:\/\/nachfolgebus.ch\/\"><em>Plus d'informations<\/em><\/a><\/p>","protected":false},"excerpt":{"rendered":"<p>\u00dcber 75\u2018000 Unternehmen in der Schweiz stehen gem\u00e4ss der aktuellen Bisnode B&amp;D Studie vor einer noch offenen Nachfolgeregelung. Das Risiko f\u00fcr raumgreifenden Arbeitsplatz- und Knowhow-Verlust ist hoch. Die Corona-Pandemie hat die Situation zus\u00e4tzlich versch\u00e4rft. Jetzt erst recht sind Unternehmergeist und die Bereitschaft, neue Wege und L\u00f6sungen zu schaffen (\u00fcber)lebensnotwendig. Das gilt auch f\u00fcr die Unternehmensnachfolge. [&hellip;]<\/p>\n","protected":false},"author":4,"featured_media":6975,"comment_status":"closed","ping_status":"closed","sticky":false,"template":"","format":"standard","meta":{"_acf_changed":false,"_yoast_wpseo_focuskw":"Nachfolgebus.ch","_yoast_wpseo_metadesc":"\u00abMeet the Experts\u00bb heisst es am 17. September 2020 beim ersten Nachfolge-Tag von 9 bis 18 Uhr in Z\u00fcrich, durchgef\u00fchrt von der Initiative Nachfolgebus.ch.","articlekey":"","footnotes":""},"categories":[28],"tags":[193,207,335],"class_list":["post-6974","post","type-post","status-publish","format-standard","has-post-thumbnail","hentry","category-management","tag-fachkongressfachmesse","tag-firmennachfolge","tag-management-und-unternehmensfuehrung"],"acf":[],"yoast_head":"<!-- This site is optimized with the Yoast SEO plugin v27.4 - https:\/\/yoast.com\/product\/yoast-seo-wordpress\/ -->\n<title>Zwei Premieren der Initiative Nachfolgebus.ch: Nachfolgetag und Phoenix Award - Organisator<\/title>\n<meta name=\"description\" content=\"\u00abMeet the Experts\u00bb heisst es am 17. September 2020 beim ersten Nachfolge-Tag von 9 bis 18 Uhr in Z\u00fcrich, durchgef\u00fchrt von der Initiative Nachfolgebus.ch.\" \/>\n<meta name=\"robots\" content=\"index, follow, max-snippet:-1, max-image-preview:large, max-video-preview:-1\" \/>\n<link rel=\"canonical\" href=\"https:\/\/www.organisator.ch\/fr\/gestion-2\/2020-07-28\/zwei-premieren-der-initiative-nachfolgebus-ch-nachfolgetag-und-phoenix-award\/\" \/>\n<meta property=\"og:locale\" content=\"fr_FR\" \/>\n<meta property=\"og:type\" content=\"article\" \/>\n<meta property=\"og:title\" content=\"Zwei Premieren der Initiative Nachfolgebus.ch: Nachfolgetag und Phoenix Award\" \/>\n<meta property=\"og:description\" content=\"\u00abMeet the Experts\u00bb heisst es am 17. September 2020 beim ersten Nachfolge-Tag von 9 bis 18 Uhr in Z\u00fcrich, durchgef\u00fchrt von der Initiative Nachfolgebus.ch.\" \/>\n<meta property=\"og:url\" content=\"https:\/\/www.organisator.ch\/fr\/gestion-2\/2020-07-28\/zwei-premieren-der-initiative-nachfolgebus-ch-nachfolgetag-und-phoenix-award\/\" \/>\n<meta property=\"og:site_name\" content=\"Organisator\" \/>\n<meta property=\"article:publisher\" content=\"https:\/\/www.facebook.com\/OrganisatorFachmagazin\" \/>\n<meta property=\"article:published_time\" content=\"2020-07-28T06:47:50+00:00\" \/>\n<meta property=\"og:image\" content=\"https:\/\/www.organisator.ch\/wp-content\/uploads\/2020\/07\/Zwei-Premieren-der-Initiative-Nachfolgebusch-Nachfolgetag-und-Phoenix-Award_Organisator.jpg\" \/>\n\t<meta property=\"og:image:width\" content=\"680\" \/>\n\t<meta property=\"og:image:height\" content=\"392\" \/>\n\t<meta property=\"og:image:type\" content=\"image\/jpeg\" \/>\n<meta name=\"author\" content=\"thomas.berner\" \/>\n<meta name=\"twitter:card\" content=\"summary_large_image\" \/>\n<meta name=\"twitter:title\" content=\"Zwei Premieren der Initiative #Nachfolgebus.ch: Nachfolgetag und #Phoenix Award\" \/>\n<meta name=\"twitter:description\" content=\"\u00abMeet the Experts\u00bb heisst es am 17. September 2020 beim ersten #Nachfolge-Tag von 9 bis 18 Uhr in Z\u00fcrich, durchgef\u00fchrt von der Initiative #Nachfolgebus.ch.\" \/>\n<meta name=\"twitter:image\" content=\"https:\/\/www.organisator.ch\/wp-content\/uploads\/2020\/07\/Zwei-Premieren-der-Initiative-Nachfolgebusch-Nachfolgetag-und-Phoenix-Award_Organisator.jpg\" \/>\n<script type=\"application\/ld+json\" class=\"yoast-schema-graph\">{\"@context\":\"https:\\\/\\\/schema.org\",\"@graph\":[{\"@type\":\"Article\",\"@id\":\"https:\\\/\\\/www.organisator.ch\\\/management\\\/2020-07-28\\\/zwei-premieren-der-initiative-nachfolgebus-ch-nachfolgetag-und-phoenix-award\\\/#article\",\"isPartOf\":{\"@id\":\"https:\\\/\\\/www.organisator.ch\\\/management\\\/2020-07-28\\\/zwei-premieren-der-initiative-nachfolgebus-ch-nachfolgetag-und-phoenix-award\\\/\"},\"author\":{\"name\":\"thomas.berner\",\"@id\":\"https:\\\/\\\/www.organisator.ch\\\/#\\\/schema\\\/person\\\/6f650f90b2842cd4c0cc334b4e36f67e\"},\"headline\":\"Zwei Premieren der Initiative Nachfolgebus.ch: Nachfolgetag und Phoenix Award\",\"datePublished\":\"2020-07-28T06:47:50+00:00\",\"mainEntityOfPage\":{\"@id\":\"https:\\\/\\\/www.organisator.ch\\\/management\\\/2020-07-28\\\/zwei-premieren-der-initiative-nachfolgebus-ch-nachfolgetag-und-phoenix-award\\\/\"},\"wordCount\":673,\"publisher\":{\"@id\":\"https:\\\/\\\/www.organisator.ch\\\/#organization\"},\"image\":{\"@id\":\"https:\\\/\\\/www.organisator.ch\\\/management\\\/2020-07-28\\\/zwei-premieren-der-initiative-nachfolgebus-ch-nachfolgetag-und-phoenix-award\\\/#primaryimage\"},\"thumbnailUrl\":\"https:\\\/\\\/www.organisator.ch\\\/wp-content\\\/uploads\\\/2020\\\/07\\\/Zwei-Premieren-der-Initiative-Nachfolgebusch-Nachfolgetag-und-Phoenix-Award_Organisator.jpg\",\"keywords\":[\"Fachkongress\\\/Fachmesse\",\"Firmennachfolge\",\"Management und Unternehmensf\u00fchrung\"],\"articleSection\":[\"MANAGEMENT\"],\"inLanguage\":\"fr-FR\"},{\"@type\":\"WebPage\",\"@id\":\"https:\\\/\\\/www.organisator.ch\\\/management\\\/2020-07-28\\\/zwei-premieren-der-initiative-nachfolgebus-ch-nachfolgetag-und-phoenix-award\\\/\",\"url\":\"https:\\\/\\\/www.organisator.ch\\\/management\\\/2020-07-28\\\/zwei-premieren-der-initiative-nachfolgebus-ch-nachfolgetag-und-phoenix-award\\\/\",\"name\":\"Zwei Premieren der Initiative Nachfolgebus.ch: Nachfolgetag und Phoenix Award - Organisator\",\"isPartOf\":{\"@id\":\"https:\\\/\\\/www.organisator.ch\\\/#website\"},\"primaryImageOfPage\":{\"@id\":\"https:\\\/\\\/www.organisator.ch\\\/management\\\/2020-07-28\\\/zwei-premieren-der-initiative-nachfolgebus-ch-nachfolgetag-und-phoenix-award\\\/#primaryimage\"},\"image\":{\"@id\":\"https:\\\/\\\/www.organisator.ch\\\/management\\\/2020-07-28\\\/zwei-premieren-der-initiative-nachfolgebus-ch-nachfolgetag-und-phoenix-award\\\/#primaryimage\"},\"thumbnailUrl\":\"https:\\\/\\\/www.organisator.ch\\\/wp-content\\\/uploads\\\/2020\\\/07\\\/Zwei-Premieren-der-Initiative-Nachfolgebusch-Nachfolgetag-und-Phoenix-Award_Organisator.jpg\",\"datePublished\":\"2020-07-28T06:47:50+00:00\",\"description\":\"\u00abMeet the Experts\u00bb heisst es am 17. September 2020 beim ersten Nachfolge-Tag von 9 bis 18 Uhr in Z\u00fcrich, durchgef\u00fchrt von der Initiative Nachfolgebus.ch.\",\"breadcrumb\":{\"@id\":\"https:\\\/\\\/www.organisator.ch\\\/management\\\/2020-07-28\\\/zwei-premieren-der-initiative-nachfolgebus-ch-nachfolgetag-und-phoenix-award\\\/#breadcrumb\"},\"inLanguage\":\"fr-FR\",\"potentialAction\":[{\"@type\":\"ReadAction\",\"target\":[\"https:\\\/\\\/www.organisator.ch\\\/management\\\/2020-07-28\\\/zwei-premieren-der-initiative-nachfolgebus-ch-nachfolgetag-und-phoenix-award\\\/\"]}]},{\"@type\":\"ImageObject\",\"inLanguage\":\"fr-FR\",\"@id\":\"https:\\\/\\\/www.organisator.ch\\\/management\\\/2020-07-28\\\/zwei-premieren-der-initiative-nachfolgebus-ch-nachfolgetag-und-phoenix-award\\\/#primaryimage\",\"url\":\"https:\\\/\\\/www.organisator.ch\\\/wp-content\\\/uploads\\\/2020\\\/07\\\/Zwei-Premieren-der-Initiative-Nachfolgebusch-Nachfolgetag-und-Phoenix-Award_Organisator.jpg\",\"contentUrl\":\"https:\\\/\\\/www.organisator.ch\\\/wp-content\\\/uploads\\\/2020\\\/07\\\/Zwei-Premieren-der-Initiative-Nachfolgebusch-Nachfolgetag-und-Phoenix-Award_Organisator.jpg\",\"width\":680,\"height\":392,\"caption\":\"Die Initiative Nachfolgebus.ch l\u00e4dt am 17. September 2020 zum ersten Nachfolgetag in Z\u00fcrich. Erstmals verliehen wird dabei auch der Phoenix Award an Unternehmen, die auf eine z.T. mehr als 100-j\u00e4hrige Geschichte zur\u00fcckblicken k\u00f6nnen, dabei also mehrere Unternehmensnachfolgen erfolgreich \u00fcber die B\u00fchne gebracht haben. (Bild: zVg \\\/ Nachfolgebus.ch)\"},{\"@type\":\"BreadcrumbList\",\"@id\":\"https:\\\/\\\/www.organisator.ch\\\/management\\\/2020-07-28\\\/zwei-premieren-der-initiative-nachfolgebus-ch-nachfolgetag-und-phoenix-award\\\/#breadcrumb\",\"itemListElement\":[{\"@type\":\"ListItem\",\"position\":1,\"name\":\"Home\",\"item\":\"https:\\\/\\\/www.organisator.ch\\\/\"},{\"@type\":\"ListItem\",\"position\":2,\"name\":\"Zwei Premieren der Initiative Nachfolgebus.ch: Nachfolgetag und Phoenix Award\"}]},{\"@type\":\"WebSite\",\"@id\":\"https:\\\/\\\/www.organisator.ch\\\/#website\",\"url\":\"https:\\\/\\\/www.organisator.ch\\\/\",\"name\":\"Organisator\",\"description\":\"Kompetent. Praxisnah. Der ORGANISATOR bereitet in 10 Ausgaben pro Jahr die wesentlichen Themen f\u00fcr F\u00fchrungskr\u00e4fte von KMU auf.\",\"publisher\":{\"@id\":\"https:\\\/\\\/www.organisator.ch\\\/#organization\"},\"potentialAction\":[{\"@type\":\"SearchAction\",\"target\":{\"@type\":\"EntryPoint\",\"urlTemplate\":\"https:\\\/\\\/www.organisator.ch\\\/?s={search_term_string}\"},\"query-input\":{\"@type\":\"PropertyValueSpecification\",\"valueRequired\":true,\"valueName\":\"search_term_string\"}}],\"inLanguage\":\"fr-FR\"},{\"@type\":\"Organization\",\"@id\":\"https:\\\/\\\/www.organisator.ch\\\/#organization\",\"name\":\"Organisator\",\"url\":\"https:\\\/\\\/www.organisator.ch\\\/\",\"logo\":{\"@type\":\"ImageObject\",\"inLanguage\":\"fr-FR\",\"@id\":\"https:\\\/\\\/www.organisator.ch\\\/#\\\/schema\\\/logo\\\/image\\\/\",\"url\":\"https:\\\/\\\/www.organisator.ch\\\/wp-content\\\/uploads\\\/2022\\\/01\\\/Logo_Organisator_Website.png\",\"contentUrl\":\"https:\\\/\\\/www.organisator.ch\\\/wp-content\\\/uploads\\\/2022\\\/01\\\/Logo_Organisator_Website.png\",\"width\":800,\"height\":77,\"caption\":\"Organisator\"},\"image\":{\"@id\":\"https:\\\/\\\/www.organisator.ch\\\/#\\\/schema\\\/logo\\\/image\\\/\"},\"sameAs\":[\"https:\\\/\\\/www.facebook.com\\\/OrganisatorFachmagazin\",\"https:\\\/\\\/www.linkedin.com\\\/showcase\\\/organisator-das-magazin-fr-kmu\",\"https:\\\/\\\/www.xing.com\\\/news\\\/pages\\\/organisator-ch-695\",\"https:\\\/\\\/www.youtube.com\\\/channel\\\/UCGP2Sq0iWaZwT3BdIAQFYpw\"]},{\"@type\":\"Person\",\"@id\":\"https:\\\/\\\/www.organisator.ch\\\/#\\\/schema\\\/person\\\/6f650f90b2842cd4c0cc334b4e36f67e\",\"name\":\"thomas.berner\",\"image\":{\"@type\":\"ImageObject\",\"inLanguage\":\"fr-FR\",\"@id\":\"https:\\\/\\\/secure.gravatar.com\\\/avatar\\\/ac5001d2a36cb6c6cd3e50789007ffca834b477b74a2144564522e944eabff61?s=96&d=mm&r=g\",\"url\":\"https:\\\/\\\/secure.gravatar.com\\\/avatar\\\/ac5001d2a36cb6c6cd3e50789007ffca834b477b74a2144564522e944eabff61?s=96&d=mm&r=g\",\"contentUrl\":\"https:\\\/\\\/secure.gravatar.com\\\/avatar\\\/ac5001d2a36cb6c6cd3e50789007ffca834b477b74a2144564522e944eabff61?s=96&d=mm&r=g\",\"caption\":\"thomas.berner\"},\"url\":\"https:\\\/\\\/www.organisator.ch\\\/fr\\\/author\\\/thomas-berner\\\/\"}]}<\/script>\n<!-- \/ Yoast SEO plugin. -->","yoast_head_json":{"title":"Deux premi\u00e8res pour l'initiative SuccessBus.ch : Journ\u00e9e de la rel\u00e8ve et Phoenix Award - Organisateur","description":"\"Meet the Experts\", tel est le mot d'ordre de la premi\u00e8re journ\u00e9e de la rel\u00e8ve qui se tiendra le 17 septembre 2020 de 9 \u00e0 18 heures \u00e0 Zurich et qui sera organis\u00e9e par l'initiative Nachfolgebus.ch.","robots":{"index":"index","follow":"follow","max-snippet":"max-snippet:-1","max-image-preview":"max-image-preview:large","max-video-preview":"max-video-preview:-1"},"canonical":"https:\/\/www.organisator.ch\/fr\/gestion-2\/2020-07-28\/zwei-premieren-der-initiative-nachfolgebus-ch-nachfolgetag-und-phoenix-award\/","og_locale":"fr_FR","og_type":"article","og_title":"Zwei Premieren der Initiative Nachfolgebus.ch: Nachfolgetag und Phoenix Award","og_description":"\u00abMeet the Experts\u00bb heisst es am 17. September 2020 beim ersten Nachfolge-Tag von 9 bis 18 Uhr in Z\u00fcrich, durchgef\u00fchrt von der Initiative Nachfolgebus.ch.","og_url":"https:\/\/www.organisator.ch\/fr\/gestion-2\/2020-07-28\/zwei-premieren-der-initiative-nachfolgebus-ch-nachfolgetag-und-phoenix-award\/","og_site_name":"Organisator","article_publisher":"https:\/\/www.facebook.com\/OrganisatorFachmagazin","article_published_time":"2020-07-28T06:47:50+00:00","og_image":[{"width":680,"height":392,"url":"https:\/\/www.organisator.ch\/wp-content\/uploads\/2020\/07\/Zwei-Premieren-der-Initiative-Nachfolgebusch-Nachfolgetag-und-Phoenix-Award_Organisator.jpg","type":"image\/jpeg"}],"author":"thomas.berner","twitter_card":"summary_large_image","twitter_title":"Zwei Premieren der Initiative #Nachfolgebus.ch: Nachfolgetag und #Phoenix Award","twitter_description":"\u00abMeet the Experts\u00bb heisst es am 17. September 2020 beim ersten #Nachfolge-Tag von 9 bis 18 Uhr in Z\u00fcrich, durchgef\u00fchrt von der Initiative #Nachfolgebus.ch.","twitter_image":"https:\/\/www.organisator.ch\/wp-content\/uploads\/2020\/07\/Zwei-Premieren-der-Initiative-Nachfolgebusch-Nachfolgetag-und-Phoenix-Award_Organisator.jpg","schema":{"@context":"https:\/\/schema.org","@graph":[{"@type":"Article","@id":"https:\/\/www.organisator.ch\/management\/2020-07-28\/zwei-premieren-der-initiative-nachfolgebus-ch-nachfolgetag-und-phoenix-award\/#article","isPartOf":{"@id":"https:\/\/www.organisator.ch\/management\/2020-07-28\/zwei-premieren-der-initiative-nachfolgebus-ch-nachfolgetag-und-phoenix-award\/"},"author":{"name":"thomas.berner","@id":"https:\/\/www.organisator.ch\/#\/schema\/person\/6f650f90b2842cd4c0cc334b4e36f67e"},"headline":"Zwei Premieren der Initiative Nachfolgebus.ch: Nachfolgetag und Phoenix Award","datePublished":"2020-07-28T06:47:50+00:00","mainEntityOfPage":{"@id":"https:\/\/www.organisator.ch\/management\/2020-07-28\/zwei-premieren-der-initiative-nachfolgebus-ch-nachfolgetag-und-phoenix-award\/"},"wordCount":673,"publisher":{"@id":"https:\/\/www.organisator.ch\/#organization"},"image":{"@id":"https:\/\/www.organisator.ch\/management\/2020-07-28\/zwei-premieren-der-initiative-nachfolgebus-ch-nachfolgetag-und-phoenix-award\/#primaryimage"},"thumbnailUrl":"https:\/\/www.organisator.ch\/wp-content\/uploads\/2020\/07\/Zwei-Premieren-der-Initiative-Nachfolgebusch-Nachfolgetag-und-Phoenix-Award_Organisator.jpg","keywords":["Fachkongress\/Fachmesse","Firmennachfolge","Management und Unternehmensf\u00fchrung"],"articleSection":["MANAGEMENT"],"inLanguage":"fr-FR"},{"@type":"WebPage","@id":"https:\/\/www.organisator.ch\/management\/2020-07-28\/zwei-premieren-der-initiative-nachfolgebus-ch-nachfolgetag-und-phoenix-award\/","url":"https:\/\/www.organisator.ch\/management\/2020-07-28\/zwei-premieren-der-initiative-nachfolgebus-ch-nachfolgetag-und-phoenix-award\/","name":"Deux premi\u00e8res pour l'initiative SuccessBus.ch : Journ\u00e9e de la rel\u00e8ve et Phoenix Award - Organisateur","isPartOf":{"@id":"https:\/\/www.organisator.ch\/#website"},"primaryImageOfPage":{"@id":"https:\/\/www.organisator.ch\/management\/2020-07-28\/zwei-premieren-der-initiative-nachfolgebus-ch-nachfolgetag-und-phoenix-award\/#primaryimage"},"image":{"@id":"https:\/\/www.organisator.ch\/management\/2020-07-28\/zwei-premieren-der-initiative-nachfolgebus-ch-nachfolgetag-und-phoenix-award\/#primaryimage"},"thumbnailUrl":"https:\/\/www.organisator.ch\/wp-content\/uploads\/2020\/07\/Zwei-Premieren-der-Initiative-Nachfolgebusch-Nachfolgetag-und-Phoenix-Award_Organisator.jpg","datePublished":"2020-07-28T06:47:50+00:00","description":"\"Meet the Experts\", tel est le mot d'ordre de la premi\u00e8re journ\u00e9e de la rel\u00e8ve qui se tiendra le 17 septembre 2020 de 9 \u00e0 18 heures \u00e0 Zurich et qui sera organis\u00e9e par l'initiative Nachfolgebus.ch.","breadcrumb":{"@id":"https:\/\/www.organisator.ch\/management\/2020-07-28\/zwei-premieren-der-initiative-nachfolgebus-ch-nachfolgetag-und-phoenix-award\/#breadcrumb"},"inLanguage":"fr-FR","potentialAction":[{"@type":"ReadAction","target":["https:\/\/www.organisator.ch\/management\/2020-07-28\/zwei-premieren-der-initiative-nachfolgebus-ch-nachfolgetag-und-phoenix-award\/"]}]},{"@type":"ImageObject","inLanguage":"fr-FR","@id":"https:\/\/www.organisator.ch\/management\/2020-07-28\/zwei-premieren-der-initiative-nachfolgebus-ch-nachfolgetag-und-phoenix-award\/#primaryimage","url":"https:\/\/www.organisator.ch\/wp-content\/uploads\/2020\/07\/Zwei-Premieren-der-Initiative-Nachfolgebusch-Nachfolgetag-und-Phoenix-Award_Organisator.jpg","contentUrl":"https:\/\/www.organisator.ch\/wp-content\/uploads\/2020\/07\/Zwei-Premieren-der-Initiative-Nachfolgebusch-Nachfolgetag-und-Phoenix-Award_Organisator.jpg","width":680,"height":392,"caption":"Die Initiative Nachfolgebus.ch l\u00e4dt am 17. September 2020 zum ersten Nachfolgetag in Z\u00fcrich. Erstmals verliehen wird dabei auch der Phoenix Award an Unternehmen, die auf eine z.T. mehr als 100-j\u00e4hrige Geschichte zur\u00fcckblicken k\u00f6nnen, dabei also mehrere Unternehmensnachfolgen erfolgreich \u00fcber die B\u00fchne gebracht haben. (Bild: zVg \/ Nachfolgebus.ch)"},{"@type":"BreadcrumbList","@id":"https:\/\/www.organisator.ch\/management\/2020-07-28\/zwei-premieren-der-initiative-nachfolgebus-ch-nachfolgetag-und-phoenix-award\/#breadcrumb","itemListElement":[{"@type":"ListItem","position":1,"name":"Home","item":"https:\/\/www.organisator.ch\/"},{"@type":"ListItem","position":2,"name":"Zwei Premieren der Initiative Nachfolgebus.ch: Nachfolgetag und Phoenix Award"}]},{"@type":"WebSite","@id":"https:\/\/www.organisator.ch\/#website","url":"https:\/\/www.organisator.ch\/","name":"Organisateur","description":"Comp\u00e9tence et comp\u00e9tence. Proches de la pratique. L'ORGANISATEUR pr\u00e9pare 10 num\u00e9ros par an sur les th\u00e8mes essentiels pour les dirigeants de PME.","publisher":{"@id":"https:\/\/www.organisator.ch\/#organization"},"potentialAction":[{"@type":"SearchAction","target":{"@type":"EntryPoint","urlTemplate":"https:\/\/www.organisator.ch\/?s={search_term_string}"},"query-input":{"@type":"PropertyValueSpecification","valueRequired":true,"valueName":"search_term_string"}}],"inLanguage":"fr-FR"},{"@type":"Organization","@id":"https:\/\/www.organisator.ch\/#organization","name":"Organisateur","url":"https:\/\/www.organisator.ch\/","logo":{"@type":"ImageObject","inLanguage":"fr-FR","@id":"https:\/\/www.organisator.ch\/#\/schema\/logo\/image\/","url":"https:\/\/www.organisator.ch\/wp-content\/uploads\/2022\/01\/Logo_Organisator_Website.png","contentUrl":"https:\/\/www.organisator.ch\/wp-content\/uploads\/2022\/01\/Logo_Organisator_Website.png","width":800,"height":77,"caption":"Organisator"},"image":{"@id":"https:\/\/www.organisator.ch\/#\/schema\/logo\/image\/"},"sameAs":["https:\/\/www.facebook.com\/OrganisatorFachmagazin","https:\/\/www.linkedin.com\/showcase\/organisator-das-magazin-fr-kmu","https:\/\/www.xing.com\/news\/pages\/organisator-ch-695","https:\/\/www.youtube.com\/channel\/UCGP2Sq0iWaZwT3BdIAQFYpw"]},{"@type":"Person","@id":"https:\/\/www.organisator.ch\/#\/schema\/person\/6f650f90b2842cd4c0cc334b4e36f67e","name":"thomas.berner","image":{"@type":"ImageObject","inLanguage":"fr-FR","@id":"https:\/\/secure.gravatar.com\/avatar\/ac5001d2a36cb6c6cd3e50789007ffca834b477b74a2144564522e944eabff61?s=96&d=mm&r=g","url":"https:\/\/secure.gravatar.com\/avatar\/ac5001d2a36cb6c6cd3e50789007ffca834b477b74a2144564522e944eabff61?s=96&d=mm&r=g","contentUrl":"https:\/\/secure.gravatar.com\/avatar\/ac5001d2a36cb6c6cd3e50789007ffca834b477b74a2144564522e944eabff61?s=96&d=mm&r=g","caption":"thomas.berner"},"url":"https:\/\/www.organisator.ch\/fr\/author\/thomas-berner\/"}]}},"_links":{"self":[{"href":"https:\/\/www.organisator.ch\/fr\/wp-json\/wp\/v2\/posts\/6974","targetHints":{"allow":["GET"]}}],"collection":[{"href":"https:\/\/www.organisator.ch\/fr\/wp-json\/wp\/v2\/posts"}],"about":[{"href":"https:\/\/www.organisator.ch\/fr\/wp-json\/wp\/v2\/types\/post"}],"author":[{"embeddable":true,"href":"https:\/\/www.organisator.ch\/fr\/wp-json\/wp\/v2\/users\/4"}],"replies":[{"embeddable":true,"href":"https:\/\/www.organisator.ch\/fr\/wp-json\/wp\/v2\/comments?post=6974"}],"version-history":[{"count":0,"href":"https:\/\/www.organisator.ch\/fr\/wp-json\/wp\/v2\/posts\/6974\/revisions"}],"wp:featuredmedia":[{"embeddable":true,"href":"https:\/\/www.organisator.ch\/fr\/wp-json\/wp\/v2\/media\/6975"}],"wp:attachment":[{"href":"https:\/\/www.organisator.ch\/fr\/wp-json\/wp\/v2\/media?parent=6974"}],"wp:term":[{"taxonomy":"category","embeddable":true,"href":"https:\/\/www.organisator.ch\/fr\/wp-json\/wp\/v2\/categories?post=6974"},{"taxonomy":"post_tag","embeddable":true,"href":"https:\/\/www.organisator.ch\/fr\/wp-json\/wp\/v2\/tags?post=6974"}],"curies":[{"name":"wp","href":"https:\/\/api.w.org\/{rel}","templated":true}]}}