{"id":6983,"date":"2020-07-30T08:20:42","date_gmt":"2020-07-30T06:20:42","guid":{"rendered":"https:\/\/www.organisator.ch\/?p=6983"},"modified":"2020-07-30T08:20:42","modified_gmt":"2020-07-30T06:20:42","slug":"temporaerarbeit-20000-kurzarbeitende-stehen-wohl-vor-der-arbeitslosigkeit","status":"publish","type":"post","link":"https:\/\/www.organisator.ch\/fr\/human-resources\/hrm\/2020-07-30\/temporaerarbeit-20000-kurzarbeitende-stehen-wohl-vor-der-arbeitslosigkeit\/","title":{"rendered":"Travail temporaire : 20000 ch\u00f4meurs partiels risquent de se retrouver au ch\u00f4mage"},"content":{"rendered":"<figure id=\"attachment_6984\" aria-describedby=\"caption-attachment-6984\" style=\"width: 680px\" class=\"wp-caption alignnone\"><img loading=\"lazy\" decoding=\"async\" class=\"size-medium wp-image-6984\" src=\"https:\/\/www.organisator.ch\/wp-content\/uploads\/2020\/07\/Temporaerarbeit-20000-Kurzarbeitende-stehen-wohl-vor-der-Arbeitslosigkeit_Organisator.jpg\" alt=\"\" width=\"680\" height=\"517\" srcset=\"https:\/\/www.organisator.ch\/wp-content\/uploads\/2020\/07\/Temporaerarbeit-20000-Kurzarbeitende-stehen-wohl-vor-der-Arbeitslosigkeit_Organisator.jpg 680w, https:\/\/www.organisator.ch\/wp-content\/uploads\/2020\/07\/Temporaerarbeit-20000-Kurzarbeitende-stehen-wohl-vor-der-Arbeitslosigkeit_Organisator-16x12.jpg 16w, https:\/\/www.organisator.ch\/wp-content\/uploads\/2020\/07\/Temporaerarbeit-20000-Kurzarbeitende-stehen-wohl-vor-der-Arbeitslosigkeit_Organisator-230x175.jpg 230w, https:\/\/www.organisator.ch\/wp-content\/uploads\/2020\/07\/Temporaerarbeit-20000-Kurzarbeitende-stehen-wohl-vor-der-Arbeitslosigkeit_Organisator-460x350.jpg 460w, https:\/\/www.organisator.ch\/wp-content\/uploads\/2020\/07\/Temporaerarbeit-20000-Kurzarbeitende-stehen-wohl-vor-der-Arbeitslosigkeit_Organisator-300x228.jpg 300w\" sizes=\"auto, (max-width: 680px) 100vw, 680px\" \/><figcaption id=\"caption-attachment-6984\" class=\"wp-caption-text\">Le Swiss Staffingindex annonce un effondrement corona de 22,8 pour cent pour le travail temporaire. 20'000 personnes en ch\u00f4mage partiel sont menac\u00e9es de ch\u00f4mage. (Graphique : obs\/swissstaffing - Union suisse des services de l'emploi)<\/figcaption><\/figure>\n<p>Environ 20 000 travailleurs temporaires sont actuellement en ch\u00f4mage partiel. Avec l'ordonnance d'urgence du Conseil f\u00e9d\u00e9ral qui expire le 31 ao\u00fbt 2020, cette mesure du march\u00e9 du travail ne sera plus \u00e0 la disposition de la branche. Si les collaborateurs concern\u00e9s ne peuvent pas \u00eatre r\u00e9int\u00e9gr\u00e9s d'ici l\u00e0, ils risquent de voir leur contrat r\u00e9sili\u00e9.<\/p>\n<h2>L'association professionnelle tire la sonnette d'alarme<\/h2>\n<p>\"Il est incompr\u00e9hensible que l'ordonnance d'urgence du Conseil f\u00e9d\u00e9ral ne soit pas prolong\u00e9e jusqu'\u00e0 ce que la nouvelle loi Covid-19 soit adopt\u00e9e par le Parlement\" critique Leif Agn\u00e9us, pr\u00e9sident de l'association de branche swissstaffing. \"L'absence de solution de raccordement en mati\u00e8re de ch\u00f4mage partiel pour les employ\u00e9s temporaires met inutilement en p\u00e9ril de nombreux rapports de travail temporaires d\u00e9but septembre\". Particuli\u00e8rement d\u00e9licat : M\u00eame si d'autres lockdowns, probablement r\u00e9gionaux ou sp\u00e9cifiques \u00e0 la branche, ne peuvent pas \u00eatre exclus, la nouvelle loi ne pr\u00e9voit plus de solution de ch\u00f4mage partiel pour les travailleurs temporaires. Les services de l'emploi ont pourtant pris leurs responsabilit\u00e9s en temps de crise : malgr\u00e9 la pression publique, ils n'ont pas envoy\u00e9 en bloc tous les travailleurs temporaires au ch\u00f4mage partiel. Elles ont plut\u00f4t limit\u00e9 leurs demandes, comme le pr\u00e9voient la loi et l'ordonnance, aux contrats de travail avec une perspective \u00e0 long terme. Leif Agn\u00e9us demande : \"Le Parlement doit agir de toute urgence et int\u00e9grer le ch\u00f4mage partiel pour les travailleurs temporaires dans la loi\".<\/p>\n<h2>Le travail temporaire particuli\u00e8rement touch\u00e9 en Suisse romande et au Tessin<\/h2>\n<p>Le coronavirus et le lockdown ont durement touch\u00e9 la Suisse romande et le Tessin, non seulement sur le plan de la sant\u00e9, mais aussi sur le plan \u00e9conomique. Une enqu\u00eate de gfs-z\u00fcrich aupr\u00e8s des membres de swissstaffing montre que le nombre de travailleurs temporaires a diminu\u00e9 de 80 \u00e0 90 pour cent dans ces r\u00e9gions pendant le lockdown. A titre de comparaison : en Suisse al\u00e9manique, le nombre de travailleurs temporaires a baiss\u00e9 d'un peu plus de 40 pour cent. Une grande partie de la baisse n'est pas due \u00e0 des licenciements, mais \u00e0 l'expiration de contrats \u00e0 dur\u00e9e d\u00e9termin\u00e9e d'une part et au manque de nouvelles embauches d'autre part. En ce qui concerne l'avenir, il est inqui\u00e9tant de constater que l'activit\u00e9 n'a pas encore fortement repris dans toute la Suisse, malgr\u00e9 les mesures d'assouplissement prises en juin. Heureusement, une reprise plus rapide se dessine en Suisse romande et au Tessin.<\/p>\n<p><em>Source : <a href=\"http:\/\/www.swissstaffing.ch\">Swissstaffing<\/a><\/em><\/p>","protected":false},"excerpt":{"rendered":"<p>Etwa 20&#8217;000 Tempor\u00e4rarbeitende befinden sich derzeit in Kurzarbeit. Mit der am 31. August 2020 auslaufenden Notverordnung des Bundesrates steht diese Arbeitsmarktmassnahme der Branche nicht mehr zur Verf\u00fcgung. K\u00f6nnen die betroffenen Mitarbeitenden bis dahin nicht wieder eingesetzt werden, droht die Vertragsaufl\u00f6sung. Branchenverband schl\u00e4gt Alarm &#8222;Es ist unverst\u00e4ndlich, warum die Notverordnung des Bundesrates nicht verl\u00e4ngert wird, bis [&hellip;]<\/p>\n","protected":false},"author":4,"featured_media":6984,"comment_status":"closed","ping_status":"closed","sticky":false,"template":"","format":"standard","meta":{"_acf_changed":false,"_yoast_wpseo_focuskw":"Tempor\u00e4rarbeit","_yoast_wpseo_metadesc":"Um knapp 23 Prozent brach infolge der Corona-Krise die Zahl der durch Tempor\u00e4rarbeit geleisteten Einsatzstunden im 2. Quartal im Vergleich zum Vorjahr ein.","articlekey":"","footnotes":""},"categories":[26],"tags":[47,132,254,407,452],"class_list":["post-6983","post","type-post","status-publish","format-standard","has-post-thumbnail","hentry","category-hrm","tag-arbeitsmarkt","tag-coronavirus","tag-hrm","tag-recruiting","tag-statistik"],"acf":[],"yoast_head":"<!-- This site is optimized with the Yoast SEO plugin v27.5 - https:\/\/yoast.com\/product\/yoast-seo-wordpress\/ -->\n<title>Tempor\u00e4rarbeit: 20000 Kurzarbeitende stehen wohl vor der Arbeitslosigkeit - Organisator<\/title>\n<meta name=\"description\" content=\"Um knapp 23 Prozent brach infolge der Corona-Krise die Zahl der durch Tempor\u00e4rarbeit geleisteten Einsatzstunden im 2. Quartal im Vergleich zum Vorjahr ein.\" \/>\n<meta name=\"robots\" content=\"index, follow, max-snippet:-1, max-image-preview:large, max-video-preview:-1\" \/>\n<link rel=\"canonical\" href=\"https:\/\/www.organisator.ch\/fr\/ressources-humaines\/hrm\/2020-07-30\/temporaerarbeit-20000-kurzarbeitende-stehen-wohl-vor-der-arbeitslosigkeit\/\" \/>\n<meta property=\"og:locale\" content=\"fr_FR\" \/>\n<meta property=\"og:type\" content=\"article\" \/>\n<meta property=\"og:title\" content=\"Tempor\u00e4rarbeit: 20000 Kurzarbeitende stehen wohl vor der Arbeitslosigkeit\" \/>\n<meta property=\"og:description\" content=\"Um knapp 23 Prozent brach infolge der Corona-Krise die Zahl der durch Tempor\u00e4rarbeit geleisteten Einsatzstunden im 2. Quartal im Vergleich zum Vorjahr ein.\" \/>\n<meta property=\"og:url\" content=\"https:\/\/www.organisator.ch\/fr\/ressources-humaines\/hrm\/2020-07-30\/temporaerarbeit-20000-kurzarbeitende-stehen-wohl-vor-der-arbeitslosigkeit\/\" \/>\n<meta property=\"og:site_name\" content=\"Organisator\" \/>\n<meta property=\"article:publisher\" content=\"https:\/\/www.facebook.com\/OrganisatorFachmagazin\" \/>\n<meta property=\"article:published_time\" content=\"2020-07-30T06:20:42+00:00\" \/>\n<meta property=\"og:image\" content=\"https:\/\/www.organisator.ch\/wp-content\/uploads\/2020\/07\/Temporaerarbeit-20000-Kurzarbeitende-stehen-wohl-vor-der-Arbeitslosigkeit_Organisator.jpg\" \/>\n\t<meta property=\"og:image:width\" content=\"680\" \/>\n\t<meta property=\"og:image:height\" content=\"517\" \/>\n\t<meta property=\"og:image:type\" content=\"image\/jpeg\" \/>\n<meta name=\"author\" content=\"thomas.berner\" \/>\n<meta name=\"twitter:card\" content=\"summary_large_image\" \/>\n<meta name=\"twitter:title\" content=\"#Tempor\u00e4rarbeit: 20000 Kurzarbeitende stehen wohl vor der #Arbeitslosigkeit\" \/>\n<meta name=\"twitter:description\" content=\"Um knapp 23 Prozent brach infolge der #Corona-Krise die Zahl der durch #Tempor\u00e4rarbeit geleisteten #Einsatzstunden im 2. Quartal im Vergleich zum Vorjahr ein.\" \/>\n<meta name=\"twitter:image\" content=\"https:\/\/www.organisator.ch\/wp-content\/uploads\/2020\/07\/Temporaerarbeit-20000-Kurzarbeitende-stehen-wohl-vor-der-Arbeitslosigkeit_Organisator.jpg\" \/>\n<script type=\"application\/ld+json\" class=\"yoast-schema-graph\">{\"@context\":\"https:\\\/\\\/schema.org\",\"@graph\":[{\"@type\":\"Article\",\"@id\":\"https:\\\/\\\/www.organisator.ch\\\/human-resources\\\/hrm\\\/2020-07-30\\\/temporaerarbeit-20000-kurzarbeitende-stehen-wohl-vor-der-arbeitslosigkeit\\\/#article\",\"isPartOf\":{\"@id\":\"https:\\\/\\\/www.organisator.ch\\\/human-resources\\\/hrm\\\/2020-07-30\\\/temporaerarbeit-20000-kurzarbeitende-stehen-wohl-vor-der-arbeitslosigkeit\\\/\"},\"author\":{\"name\":\"thomas.berner\",\"@id\":\"https:\\\/\\\/www.organisator.ch\\\/#\\\/schema\\\/person\\\/6f650f90b2842cd4c0cc334b4e36f67e\"},\"headline\":\"Tempor\u00e4rarbeit: 20000 Kurzarbeitende stehen wohl vor der Arbeitslosigkeit\",\"datePublished\":\"2020-07-30T06:20:42+00:00\",\"mainEntityOfPage\":{\"@id\":\"https:\\\/\\\/www.organisator.ch\\\/human-resources\\\/hrm\\\/2020-07-30\\\/temporaerarbeit-20000-kurzarbeitende-stehen-wohl-vor-der-arbeitslosigkeit\\\/\"},\"wordCount\":358,\"publisher\":{\"@id\":\"https:\\\/\\\/www.organisator.ch\\\/#organization\"},\"image\":{\"@id\":\"https:\\\/\\\/www.organisator.ch\\\/human-resources\\\/hrm\\\/2020-07-30\\\/temporaerarbeit-20000-kurzarbeitende-stehen-wohl-vor-der-arbeitslosigkeit\\\/#primaryimage\"},\"thumbnailUrl\":\"https:\\\/\\\/www.organisator.ch\\\/wp-content\\\/uploads\\\/2020\\\/07\\\/Temporaerarbeit-20000-Kurzarbeitende-stehen-wohl-vor-der-Arbeitslosigkeit_Organisator.jpg\",\"keywords\":[\"Arbeitsmarkt\",\"Coronavirus\",\"HRM\",\"Recruiting\",\"Statistik\"],\"articleSection\":[\"HRM\"],\"inLanguage\":\"fr-FR\"},{\"@type\":\"WebPage\",\"@id\":\"https:\\\/\\\/www.organisator.ch\\\/human-resources\\\/hrm\\\/2020-07-30\\\/temporaerarbeit-20000-kurzarbeitende-stehen-wohl-vor-der-arbeitslosigkeit\\\/\",\"url\":\"https:\\\/\\\/www.organisator.ch\\\/human-resources\\\/hrm\\\/2020-07-30\\\/temporaerarbeit-20000-kurzarbeitende-stehen-wohl-vor-der-arbeitslosigkeit\\\/\",\"name\":\"Tempor\u00e4rarbeit: 20000 Kurzarbeitende stehen wohl vor der Arbeitslosigkeit - Organisator\",\"isPartOf\":{\"@id\":\"https:\\\/\\\/www.organisator.ch\\\/#website\"},\"primaryImageOfPage\":{\"@id\":\"https:\\\/\\\/www.organisator.ch\\\/human-resources\\\/hrm\\\/2020-07-30\\\/temporaerarbeit-20000-kurzarbeitende-stehen-wohl-vor-der-arbeitslosigkeit\\\/#primaryimage\"},\"image\":{\"@id\":\"https:\\\/\\\/www.organisator.ch\\\/human-resources\\\/hrm\\\/2020-07-30\\\/temporaerarbeit-20000-kurzarbeitende-stehen-wohl-vor-der-arbeitslosigkeit\\\/#primaryimage\"},\"thumbnailUrl\":\"https:\\\/\\\/www.organisator.ch\\\/wp-content\\\/uploads\\\/2020\\\/07\\\/Temporaerarbeit-20000-Kurzarbeitende-stehen-wohl-vor-der-Arbeitslosigkeit_Organisator.jpg\",\"datePublished\":\"2020-07-30T06:20:42+00:00\",\"description\":\"Um knapp 23 Prozent brach infolge der Corona-Krise die Zahl der durch Tempor\u00e4rarbeit geleisteten Einsatzstunden im 2. Quartal im Vergleich zum Vorjahr ein.\",\"breadcrumb\":{\"@id\":\"https:\\\/\\\/www.organisator.ch\\\/human-resources\\\/hrm\\\/2020-07-30\\\/temporaerarbeit-20000-kurzarbeitende-stehen-wohl-vor-der-arbeitslosigkeit\\\/#breadcrumb\"},\"inLanguage\":\"fr-FR\",\"potentialAction\":[{\"@type\":\"ReadAction\",\"target\":[\"https:\\\/\\\/www.organisator.ch\\\/human-resources\\\/hrm\\\/2020-07-30\\\/temporaerarbeit-20000-kurzarbeitende-stehen-wohl-vor-der-arbeitslosigkeit\\\/\"]}]},{\"@type\":\"ImageObject\",\"inLanguage\":\"fr-FR\",\"@id\":\"https:\\\/\\\/www.organisator.ch\\\/human-resources\\\/hrm\\\/2020-07-30\\\/temporaerarbeit-20000-kurzarbeitende-stehen-wohl-vor-der-arbeitslosigkeit\\\/#primaryimage\",\"url\":\"https:\\\/\\\/www.organisator.ch\\\/wp-content\\\/uploads\\\/2020\\\/07\\\/Temporaerarbeit-20000-Kurzarbeitende-stehen-wohl-vor-der-Arbeitslosigkeit_Organisator.jpg\",\"contentUrl\":\"https:\\\/\\\/www.organisator.ch\\\/wp-content\\\/uploads\\\/2020\\\/07\\\/Temporaerarbeit-20000-Kurzarbeitende-stehen-wohl-vor-der-Arbeitslosigkeit_Organisator.jpg\",\"width\":680,\"height\":517,\"caption\":\"Swiss Staffingindex - Corona-Einbruch von 22,8 Prozent, 20'000 Kurzarbeitenden droht Arbeitslosigkeit. Weiterer Text \u00fcber ots und www.presseportal.ch\\\/de\\\/nr\\\/100057910 \\\/ Die Verwendung dieses Bildes ist f\u00fcr redaktionelle Zwecke honorarfrei. Ver\u00f6ffentlichung bitte unter Quellenangabe: \\\"obs\\\/swissstaffing - Verband der Personaldienstleister der Schweiz\\\"\"},{\"@type\":\"BreadcrumbList\",\"@id\":\"https:\\\/\\\/www.organisator.ch\\\/human-resources\\\/hrm\\\/2020-07-30\\\/temporaerarbeit-20000-kurzarbeitende-stehen-wohl-vor-der-arbeitslosigkeit\\\/#breadcrumb\",\"itemListElement\":[{\"@type\":\"ListItem\",\"position\":1,\"name\":\"Home\",\"item\":\"https:\\\/\\\/www.organisator.ch\\\/\"},{\"@type\":\"ListItem\",\"position\":2,\"name\":\"Tempor\u00e4rarbeit: 20000 Kurzarbeitende stehen wohl vor der Arbeitslosigkeit\"}]},{\"@type\":\"WebSite\",\"@id\":\"https:\\\/\\\/www.organisator.ch\\\/#website\",\"url\":\"https:\\\/\\\/www.organisator.ch\\\/\",\"name\":\"Organisator\",\"description\":\"Kompetent. Praxisnah. Der ORGANISATOR bereitet in 10 Ausgaben pro Jahr die wesentlichen Themen f\u00fcr F\u00fchrungskr\u00e4fte von KMU auf.\",\"publisher\":{\"@id\":\"https:\\\/\\\/www.organisator.ch\\\/#organization\"},\"potentialAction\":[{\"@type\":\"SearchAction\",\"target\":{\"@type\":\"EntryPoint\",\"urlTemplate\":\"https:\\\/\\\/www.organisator.ch\\\/?s={search_term_string}\"},\"query-input\":{\"@type\":\"PropertyValueSpecification\",\"valueRequired\":true,\"valueName\":\"search_term_string\"}}],\"inLanguage\":\"fr-FR\"},{\"@type\":\"Organization\",\"@id\":\"https:\\\/\\\/www.organisator.ch\\\/#organization\",\"name\":\"Organisator\",\"url\":\"https:\\\/\\\/www.organisator.ch\\\/\",\"logo\":{\"@type\":\"ImageObject\",\"inLanguage\":\"fr-FR\",\"@id\":\"https:\\\/\\\/www.organisator.ch\\\/#\\\/schema\\\/logo\\\/image\\\/\",\"url\":\"https:\\\/\\\/www.organisator.ch\\\/wp-content\\\/uploads\\\/2022\\\/01\\\/Logo_Organisator_Website.png\",\"contentUrl\":\"https:\\\/\\\/www.organisator.ch\\\/wp-content\\\/uploads\\\/2022\\\/01\\\/Logo_Organisator_Website.png\",\"width\":800,\"height\":77,\"caption\":\"Organisator\"},\"image\":{\"@id\":\"https:\\\/\\\/www.organisator.ch\\\/#\\\/schema\\\/logo\\\/image\\\/\"},\"sameAs\":[\"https:\\\/\\\/www.facebook.com\\\/OrganisatorFachmagazin\",\"https:\\\/\\\/www.linkedin.com\\\/showcase\\\/organisator-das-magazin-fr-kmu\",\"https:\\\/\\\/www.xing.com\\\/news\\\/pages\\\/organisator-ch-695\",\"https:\\\/\\\/www.youtube.com\\\/channel\\\/UCGP2Sq0iWaZwT3BdIAQFYpw\"]},{\"@type\":\"Person\",\"@id\":\"https:\\\/\\\/www.organisator.ch\\\/#\\\/schema\\\/person\\\/6f650f90b2842cd4c0cc334b4e36f67e\",\"name\":\"thomas.berner\",\"image\":{\"@type\":\"ImageObject\",\"inLanguage\":\"fr-FR\",\"@id\":\"https:\\\/\\\/secure.gravatar.com\\\/avatar\\\/ac5001d2a36cb6c6cd3e50789007ffca834b477b74a2144564522e944eabff61?s=96&d=mm&r=g\",\"url\":\"https:\\\/\\\/secure.gravatar.com\\\/avatar\\\/ac5001d2a36cb6c6cd3e50789007ffca834b477b74a2144564522e944eabff61?s=96&d=mm&r=g\",\"contentUrl\":\"https:\\\/\\\/secure.gravatar.com\\\/avatar\\\/ac5001d2a36cb6c6cd3e50789007ffca834b477b74a2144564522e944eabff61?s=96&d=mm&r=g\",\"caption\":\"thomas.berner\"},\"url\":\"https:\\\/\\\/www.organisator.ch\\\/fr\\\/author\\\/thomas-berner\\\/\"}]}<\/script>\n<!-- \/ Yoast SEO plugin. -->","yoast_head_json":{"title":"Travail temporaire : 20000 ch\u00f4meurs partiels risquent de se retrouver au ch\u00f4mage - Organisateurs","description":"Suite \u00e0 la crise Corona, le nombre d'heures de mission effectu\u00e9es par le biais du travail temporaire a chut\u00e9 de pr\u00e8s de 23% au deuxi\u00e8me trimestre par rapport \u00e0 l'ann\u00e9e pr\u00e9c\u00e9dente.","robots":{"index":"index","follow":"follow","max-snippet":"max-snippet:-1","max-image-preview":"max-image-preview:large","max-video-preview":"max-video-preview:-1"},"canonical":"https:\/\/www.organisator.ch\/fr\/ressources-humaines\/hrm\/2020-07-30\/temporaerarbeit-20000-kurzarbeitende-stehen-wohl-vor-der-arbeitslosigkeit\/","og_locale":"fr_FR","og_type":"article","og_title":"Tempor\u00e4rarbeit: 20000 Kurzarbeitende stehen wohl vor der Arbeitslosigkeit","og_description":"Um knapp 23 Prozent brach infolge der Corona-Krise die Zahl der durch Tempor\u00e4rarbeit geleisteten Einsatzstunden im 2. Quartal im Vergleich zum Vorjahr ein.","og_url":"https:\/\/www.organisator.ch\/fr\/ressources-humaines\/hrm\/2020-07-30\/temporaerarbeit-20000-kurzarbeitende-stehen-wohl-vor-der-arbeitslosigkeit\/","og_site_name":"Organisator","article_publisher":"https:\/\/www.facebook.com\/OrganisatorFachmagazin","article_published_time":"2020-07-30T06:20:42+00:00","og_image":[{"width":680,"height":517,"url":"https:\/\/www.organisator.ch\/wp-content\/uploads\/2020\/07\/Temporaerarbeit-20000-Kurzarbeitende-stehen-wohl-vor-der-Arbeitslosigkeit_Organisator.jpg","type":"image\/jpeg"}],"author":"thomas.berner","twitter_card":"summary_large_image","twitter_title":"#Tempor\u00e4rarbeit: 20000 Kurzarbeitende stehen wohl vor der #Arbeitslosigkeit","twitter_description":"Um knapp 23 Prozent brach infolge der #Corona-Krise die Zahl der durch #Tempor\u00e4rarbeit geleisteten #Einsatzstunden im 2. Quartal im Vergleich zum Vorjahr ein.","twitter_image":"https:\/\/www.organisator.ch\/wp-content\/uploads\/2020\/07\/Temporaerarbeit-20000-Kurzarbeitende-stehen-wohl-vor-der-Arbeitslosigkeit_Organisator.jpg","schema":{"@context":"https:\/\/schema.org","@graph":[{"@type":"Article","@id":"https:\/\/www.organisator.ch\/human-resources\/hrm\/2020-07-30\/temporaerarbeit-20000-kurzarbeitende-stehen-wohl-vor-der-arbeitslosigkeit\/#article","isPartOf":{"@id":"https:\/\/www.organisator.ch\/human-resources\/hrm\/2020-07-30\/temporaerarbeit-20000-kurzarbeitende-stehen-wohl-vor-der-arbeitslosigkeit\/"},"author":{"name":"thomas.berner","@id":"https:\/\/www.organisator.ch\/#\/schema\/person\/6f650f90b2842cd4c0cc334b4e36f67e"},"headline":"Tempor\u00e4rarbeit: 20000 Kurzarbeitende stehen wohl vor der Arbeitslosigkeit","datePublished":"2020-07-30T06:20:42+00:00","mainEntityOfPage":{"@id":"https:\/\/www.organisator.ch\/human-resources\/hrm\/2020-07-30\/temporaerarbeit-20000-kurzarbeitende-stehen-wohl-vor-der-arbeitslosigkeit\/"},"wordCount":358,"publisher":{"@id":"https:\/\/www.organisator.ch\/#organization"},"image":{"@id":"https:\/\/www.organisator.ch\/human-resources\/hrm\/2020-07-30\/temporaerarbeit-20000-kurzarbeitende-stehen-wohl-vor-der-arbeitslosigkeit\/#primaryimage"},"thumbnailUrl":"https:\/\/www.organisator.ch\/wp-content\/uploads\/2020\/07\/Temporaerarbeit-20000-Kurzarbeitende-stehen-wohl-vor-der-Arbeitslosigkeit_Organisator.jpg","keywords":["Arbeitsmarkt","Coronavirus","HRM","Recruiting","Statistik"],"articleSection":["HRM"],"inLanguage":"fr-FR"},{"@type":"WebPage","@id":"https:\/\/www.organisator.ch\/human-resources\/hrm\/2020-07-30\/temporaerarbeit-20000-kurzarbeitende-stehen-wohl-vor-der-arbeitslosigkeit\/","url":"https:\/\/www.organisator.ch\/human-resources\/hrm\/2020-07-30\/temporaerarbeit-20000-kurzarbeitende-stehen-wohl-vor-der-arbeitslosigkeit\/","name":"Travail temporaire : 20000 ch\u00f4meurs partiels risquent de se retrouver au ch\u00f4mage - Organisateurs","isPartOf":{"@id":"https:\/\/www.organisator.ch\/#website"},"primaryImageOfPage":{"@id":"https:\/\/www.organisator.ch\/human-resources\/hrm\/2020-07-30\/temporaerarbeit-20000-kurzarbeitende-stehen-wohl-vor-der-arbeitslosigkeit\/#primaryimage"},"image":{"@id":"https:\/\/www.organisator.ch\/human-resources\/hrm\/2020-07-30\/temporaerarbeit-20000-kurzarbeitende-stehen-wohl-vor-der-arbeitslosigkeit\/#primaryimage"},"thumbnailUrl":"https:\/\/www.organisator.ch\/wp-content\/uploads\/2020\/07\/Temporaerarbeit-20000-Kurzarbeitende-stehen-wohl-vor-der-Arbeitslosigkeit_Organisator.jpg","datePublished":"2020-07-30T06:20:42+00:00","description":"Suite \u00e0 la crise Corona, le nombre d'heures de mission effectu\u00e9es par le biais du travail temporaire a chut\u00e9 de pr\u00e8s de 23% au deuxi\u00e8me trimestre par rapport \u00e0 l'ann\u00e9e pr\u00e9c\u00e9dente.","breadcrumb":{"@id":"https:\/\/www.organisator.ch\/human-resources\/hrm\/2020-07-30\/temporaerarbeit-20000-kurzarbeitende-stehen-wohl-vor-der-arbeitslosigkeit\/#breadcrumb"},"inLanguage":"fr-FR","potentialAction":[{"@type":"ReadAction","target":["https:\/\/www.organisator.ch\/human-resources\/hrm\/2020-07-30\/temporaerarbeit-20000-kurzarbeitende-stehen-wohl-vor-der-arbeitslosigkeit\/"]}]},{"@type":"ImageObject","inLanguage":"fr-FR","@id":"https:\/\/www.organisator.ch\/human-resources\/hrm\/2020-07-30\/temporaerarbeit-20000-kurzarbeitende-stehen-wohl-vor-der-arbeitslosigkeit\/#primaryimage","url":"https:\/\/www.organisator.ch\/wp-content\/uploads\/2020\/07\/Temporaerarbeit-20000-Kurzarbeitende-stehen-wohl-vor-der-Arbeitslosigkeit_Organisator.jpg","contentUrl":"https:\/\/www.organisator.ch\/wp-content\/uploads\/2020\/07\/Temporaerarbeit-20000-Kurzarbeitende-stehen-wohl-vor-der-Arbeitslosigkeit_Organisator.jpg","width":680,"height":517,"caption":"Swiss Staffingindex - Corona-Einbruch von 22,8 Prozent, 20'000 Kurzarbeitenden droht Arbeitslosigkeit. Weiterer Text \u00fcber ots und www.presseportal.ch\/de\/nr\/100057910 \/ Die Verwendung dieses Bildes ist f\u00fcr redaktionelle Zwecke honorarfrei. Ver\u00f6ffentlichung bitte unter Quellenangabe: \"obs\/swissstaffing - Verband der Personaldienstleister der Schweiz\""},{"@type":"BreadcrumbList","@id":"https:\/\/www.organisator.ch\/human-resources\/hrm\/2020-07-30\/temporaerarbeit-20000-kurzarbeitende-stehen-wohl-vor-der-arbeitslosigkeit\/#breadcrumb","itemListElement":[{"@type":"ListItem","position":1,"name":"Home","item":"https:\/\/www.organisator.ch\/"},{"@type":"ListItem","position":2,"name":"Tempor\u00e4rarbeit: 20000 Kurzarbeitende stehen wohl vor der Arbeitslosigkeit"}]},{"@type":"WebSite","@id":"https:\/\/www.organisator.ch\/#website","url":"https:\/\/www.organisator.ch\/","name":"Organisateur","description":"Comp\u00e9tence et comp\u00e9tence. Proches de la pratique. L'ORGANISATEUR pr\u00e9pare 10 num\u00e9ros par an sur les th\u00e8mes essentiels pour les dirigeants de PME.","publisher":{"@id":"https:\/\/www.organisator.ch\/#organization"},"potentialAction":[{"@type":"SearchAction","target":{"@type":"EntryPoint","urlTemplate":"https:\/\/www.organisator.ch\/?s={search_term_string}"},"query-input":{"@type":"PropertyValueSpecification","valueRequired":true,"valueName":"search_term_string"}}],"inLanguage":"fr-FR"},{"@type":"Organization","@id":"https:\/\/www.organisator.ch\/#organization","name":"Organisateur","url":"https:\/\/www.organisator.ch\/","logo":{"@type":"ImageObject","inLanguage":"fr-FR","@id":"https:\/\/www.organisator.ch\/#\/schema\/logo\/image\/","url":"https:\/\/www.organisator.ch\/wp-content\/uploads\/2022\/01\/Logo_Organisator_Website.png","contentUrl":"https:\/\/www.organisator.ch\/wp-content\/uploads\/2022\/01\/Logo_Organisator_Website.png","width":800,"height":77,"caption":"Organisator"},"image":{"@id":"https:\/\/www.organisator.ch\/#\/schema\/logo\/image\/"},"sameAs":["https:\/\/www.facebook.com\/OrganisatorFachmagazin","https:\/\/www.linkedin.com\/showcase\/organisator-das-magazin-fr-kmu","https:\/\/www.xing.com\/news\/pages\/organisator-ch-695","https:\/\/www.youtube.com\/channel\/UCGP2Sq0iWaZwT3BdIAQFYpw"]},{"@type":"Person","@id":"https:\/\/www.organisator.ch\/#\/schema\/person\/6f650f90b2842cd4c0cc334b4e36f67e","name":"thomas.berner","image":{"@type":"ImageObject","inLanguage":"fr-FR","@id":"https:\/\/secure.gravatar.com\/avatar\/ac5001d2a36cb6c6cd3e50789007ffca834b477b74a2144564522e944eabff61?s=96&d=mm&r=g","url":"https:\/\/secure.gravatar.com\/avatar\/ac5001d2a36cb6c6cd3e50789007ffca834b477b74a2144564522e944eabff61?s=96&d=mm&r=g","contentUrl":"https:\/\/secure.gravatar.com\/avatar\/ac5001d2a36cb6c6cd3e50789007ffca834b477b74a2144564522e944eabff61?s=96&d=mm&r=g","caption":"thomas.berner"},"url":"https:\/\/www.organisator.ch\/fr\/author\/thomas-berner\/"}]}},"_links":{"self":[{"href":"https:\/\/www.organisator.ch\/fr\/wp-json\/wp\/v2\/posts\/6983","targetHints":{"allow":["GET"]}}],"collection":[{"href":"https:\/\/www.organisator.ch\/fr\/wp-json\/wp\/v2\/posts"}],"about":[{"href":"https:\/\/www.organisator.ch\/fr\/wp-json\/wp\/v2\/types\/post"}],"author":[{"embeddable":true,"href":"https:\/\/www.organisator.ch\/fr\/wp-json\/wp\/v2\/users\/4"}],"replies":[{"embeddable":true,"href":"https:\/\/www.organisator.ch\/fr\/wp-json\/wp\/v2\/comments?post=6983"}],"version-history":[{"count":0,"href":"https:\/\/www.organisator.ch\/fr\/wp-json\/wp\/v2\/posts\/6983\/revisions"}],"wp:featuredmedia":[{"embeddable":true,"href":"https:\/\/www.organisator.ch\/fr\/wp-json\/wp\/v2\/media\/6984"}],"wp:attachment":[{"href":"https:\/\/www.organisator.ch\/fr\/wp-json\/wp\/v2\/media?parent=6983"}],"wp:term":[{"taxonomy":"category","embeddable":true,"href":"https:\/\/www.organisator.ch\/fr\/wp-json\/wp\/v2\/categories?post=6983"},{"taxonomy":"post_tag","embeddable":true,"href":"https:\/\/www.organisator.ch\/fr\/wp-json\/wp\/v2\/tags?post=6983"}],"curies":[{"name":"wp","href":"https:\/\/api.w.org\/{rel}","templated":true}]}}