{"id":7007,"date":"2020-08-11T14:46:05","date_gmt":"2020-08-11T12:46:05","guid":{"rendered":"https:\/\/www.organisator.ch\/?p=7007"},"modified":"2020-08-11T14:46:05","modified_gmt":"2020-08-11T12:46:05","slug":"kurzarbeit-ein-leitfaden-fuer-kmu","status":"publish","type":"post","link":"https:\/\/www.organisator.ch\/fr\/management\/finanzen_recht\/2020-08-11\/kurzarbeit-ein-leitfaden-fuer-kmu\/","title":{"rendered":"Ch\u00f4mage partiel - un guide pour les PME"},"content":{"rendered":"<figure id=\"attachment_7008\" aria-describedby=\"caption-attachment-7008\" style=\"width: 680px\" class=\"wp-caption alignnone\"><img loading=\"lazy\" decoding=\"async\" class=\"size-medium wp-image-7008\" src=\"https:\/\/www.organisator.ch\/wp-content\/uploads\/2020\/08\/Kurzarbeit-ein-Leitfaden-fuer-KMU_Organisator.jpg\" alt=\"\" width=\"680\" height=\"962\" srcset=\"https:\/\/www.organisator.ch\/wp-content\/uploads\/2020\/08\/Kurzarbeit-ein-Leitfaden-fuer-KMU_Organisator.jpg 680w, https:\/\/www.organisator.ch\/wp-content\/uploads\/2020\/08\/Kurzarbeit-ein-Leitfaden-fuer-KMU_Organisator-8x12.jpg 8w, https:\/\/www.organisator.ch\/wp-content\/uploads\/2020\/08\/Kurzarbeit-ein-Leitfaden-fuer-KMU_Organisator-124x175.jpg 124w, https:\/\/www.organisator.ch\/wp-content\/uploads\/2020\/08\/Kurzarbeit-ein-Leitfaden-fuer-KMU_Organisator-247x350.jpg 247w, https:\/\/www.organisator.ch\/wp-content\/uploads\/2020\/08\/Kurzarbeit-ein-Leitfaden-fuer-KMU_Organisator-565x800.jpg 565w, https:\/\/www.organisator.ch\/wp-content\/uploads\/2020\/08\/Kurzarbeit-ein-Leitfaden-fuer-KMU_Organisator-300x424.jpg 300w\" sizes=\"auto, (max-width: 680px) 100vw, 680px\" \/><figcaption id=\"caption-attachment-7008\" class=\"wp-caption-text\">\"Kurzarbeit - ein Leitfaden f\u00fcr KMU\" est un guide utile pour les PME. (Image : Editions SKV)<\/figcaption><\/figure>\n<p>Ces derni\u00e8res semaines, le ch\u00f4mage partiel est devenu un th\u00e8me important dans de nombreuses entreprises. Pour de nombreuses PME, il s'agissait d'un terrain inconnu. La charge administrative ne s'est pas toujours av\u00e9r\u00e9e facile \u00e0 comprendre. De nombreuses entreprises ont donc d\u00fb se procurer des informations sur la meilleure mani\u00e8re de g\u00e9rer le th\u00e8me du \"ch\u00f4mage partiel\".<\/p>\n<h2>Tout ce qui concerne le ch\u00f4mage partiel<\/h2>\n<p>Le 15 ao\u00fbt, les \u00e9ditions SKV publient un guide sur le ch\u00f4mage partiel, r\u00e9dig\u00e9 par Marianne Wanner et Silvia Lang. Ce livre \u00e9lectronique explique dans un langage accessible tout ce qui concerne le ch\u00f4mage partiel : les conditions d'octroi, l'annonce pr\u00e9alable, l'autorisation et l'introduction du ch\u00f4mage partiel, le d\u00e9compte avec la caisse de ch\u00f4mage et avec les collaborateurs ainsi que l'emploi interm\u00e9diaire pendant le ch\u00f4mage partiel. Les r\u00e8gles sp\u00e9ciales Covid 19 sont \u00e9galement abord\u00e9es.<\/p>\n<h2>Guide pratique<\/h2>\n<p>La publication est enrichie de nombreux exemples remplis, de mod\u00e8les, de liens utiles et de check-lists qui facilitent aux personnes concern\u00e9es la d\u00e9claration pr\u00e9alable, le d\u00e9compte et le paiement. \"Ch\u00f4mage partiel - un guide pour les PME\" s'adresse aux PME, aux responsables du personnel, aux ind\u00e9pendants et aux collaborateurs des bureaux fiduciaires.<\/p>\n<h2>Informations sur le livre<\/h2>\n<p><strong>Ch\u00f4mage partiel - un guide pour les PME <\/strong><br \/>\n<strong>Tout ce qui est important expliqu\u00e9 simplement - avec des mod\u00e8les, des exemples et des listes de contr\u00f4le<\/strong><br \/>\nDate de publication pr\u00e9vue : 15 ao\u00fbt 2020<br \/>\n1\u00e8re \u00e9dition 2020 E-Book (PDF)<br \/>\nPrix : 29 CHF<br \/>\nISBN : 978-3-286-11771-6<br \/>\n<a href=\"http:\/\/www.verlagskv.ch\">\u00c9ditions SKV<\/a><\/p>","protected":false},"excerpt":{"rendered":"<p>Kurzarbeit wurde in den letzten Wochen in vielen Unternehmen zu einem grossen Thema. F\u00fcr viele KMU bedeutete dies Neuland. Der administrative Aufwand erwies sich als nicht immer leicht durchschaubar. Viele Unternehmen mussten sich also erst Informationen beschaffen, wie sie das Thema &#8222;Kurzarbeit&#8220; am besten abwickeln k\u00f6nnen. Alles rund um die Kurzarbeit Am 15. August erscheint [&hellip;]<\/p>\n","protected":false},"author":4,"featured_media":7008,"comment_status":"closed","ping_status":"closed","sticky":false,"template":"","format":"standard","meta":{"_acf_changed":false,"_yoast_wpseo_focuskw":"Leitfaden","_yoast_wpseo_metadesc":"Mit \u00abKurzarbeit \u2013 ein Leitfaden f\u00fcr KMU\u00bb erscheint im Verlag SKV ein hilfreiches E-Book, der alles Wichtige zum Thema einfach erkl\u00e4rt.","articlekey":"","footnotes":""},"categories":[24],"tags":[92,95,202,254],"class_list":["post-7007","post","type-post","status-publish","format-standard","has-post-thumbnail","hentry","category-finanzen_recht","tag-buch","tag-buchtipps","tag-finanzenrecht","tag-hrm"],"acf":[],"yoast_head":"<!-- This site is optimized with the Yoast SEO plugin v27.5 - https:\/\/yoast.com\/product\/yoast-seo-wordpress\/ -->\n<title>Kurzarbeit \u2013 ein Leitfaden f\u00fcr KMU - Organisator<\/title>\n<meta name=\"description\" content=\"Mit \u00abKurzarbeit \u2013 ein Leitfaden f\u00fcr KMU\u00bb erscheint im Verlag SKV ein hilfreiches E-Book, der alles Wichtige zum Thema einfach erkl\u00e4rt.\" \/>\n<meta name=\"robots\" content=\"index, follow, max-snippet:-1, max-image-preview:large, max-video-preview:-1\" \/>\n<link rel=\"canonical\" href=\"https:\/\/www.organisator.ch\/fr\/gestion-2\/finanzen_recht\/2020-08-11\/kurzarbeit-ein-leitfaden-fuer-kmu\/\" \/>\n<meta property=\"og:locale\" content=\"fr_FR\" \/>\n<meta property=\"og:type\" content=\"article\" \/>\n<meta property=\"og:title\" content=\"Kurzarbeit \u2013 ein Leitfaden f\u00fcr KMU\" \/>\n<meta property=\"og:description\" content=\"Mit \u00abKurzarbeit \u2013 ein Leitfaden f\u00fcr KMU\u00bb erscheint im Verlag SKV ein hilfreiches E-Book, der alles Wichtige zum Thema einfach erkl\u00e4rt.\" \/>\n<meta property=\"og:url\" content=\"https:\/\/www.organisator.ch\/fr\/gestion-2\/finanzen_recht\/2020-08-11\/kurzarbeit-ein-leitfaden-fuer-kmu\/\" \/>\n<meta property=\"og:site_name\" content=\"Organisator\" \/>\n<meta property=\"article:publisher\" content=\"https:\/\/www.facebook.com\/OrganisatorFachmagazin\" \/>\n<meta property=\"article:published_time\" content=\"2020-08-11T12:46:05+00:00\" \/>\n<meta property=\"og:image\" content=\"https:\/\/www.organisator.ch\/wp-content\/uploads\/2020\/08\/Kurzarbeit-ein-Leitfaden-fuer-KMU_Organisator.jpg\" \/>\n\t<meta property=\"og:image:width\" content=\"680\" \/>\n\t<meta property=\"og:image:height\" content=\"962\" \/>\n\t<meta property=\"og:image:type\" content=\"image\/jpeg\" \/>\n<meta name=\"author\" content=\"thomas.berner\" \/>\n<meta name=\"twitter:card\" content=\"summary_large_image\" \/>\n<meta name=\"twitter:title\" content=\"#Kurzarbeit \u2013 ein #Leitfaden f\u00fcr KMU\" \/>\n<meta name=\"twitter:description\" content=\"Mit \u00ab#Kurzarbeit \u2013 ein #Leitfaden f\u00fcr #KMU\u00bb erscheint im Verlag #SKV ein hilfreiches E-Book, der alles Wichtige zum Thema einfach erkl\u00e4rt.\" \/>\n<meta name=\"twitter:image\" content=\"https:\/\/www.organisator.ch\/wp-content\/uploads\/2020\/08\/Kurzarbeit-ein-Leitfaden-fuer-KMU_Organisator.jpg\" \/>\n<script type=\"application\/ld+json\" class=\"yoast-schema-graph\">{\"@context\":\"https:\\\/\\\/schema.org\",\"@graph\":[{\"@type\":\"Article\",\"@id\":\"https:\\\/\\\/www.organisator.ch\\\/management\\\/finanzen_recht\\\/2020-08-11\\\/kurzarbeit-ein-leitfaden-fuer-kmu\\\/#article\",\"isPartOf\":{\"@id\":\"https:\\\/\\\/www.organisator.ch\\\/management\\\/finanzen_recht\\\/2020-08-11\\\/kurzarbeit-ein-leitfaden-fuer-kmu\\\/\"},\"author\":{\"name\":\"thomas.berner\",\"@id\":\"https:\\\/\\\/www.organisator.ch\\\/#\\\/schema\\\/person\\\/6f650f90b2842cd4c0cc334b4e36f67e\"},\"headline\":\"Kurzarbeit \u2013 ein Leitfaden f\u00fcr KMU\",\"datePublished\":\"2020-08-11T12:46:05+00:00\",\"mainEntityOfPage\":{\"@id\":\"https:\\\/\\\/www.organisator.ch\\\/management\\\/finanzen_recht\\\/2020-08-11\\\/kurzarbeit-ein-leitfaden-fuer-kmu\\\/\"},\"wordCount\":226,\"publisher\":{\"@id\":\"https:\\\/\\\/www.organisator.ch\\\/#organization\"},\"image\":{\"@id\":\"https:\\\/\\\/www.organisator.ch\\\/management\\\/finanzen_recht\\\/2020-08-11\\\/kurzarbeit-ein-leitfaden-fuer-kmu\\\/#primaryimage\"},\"thumbnailUrl\":\"https:\\\/\\\/www.organisator.ch\\\/wp-content\\\/uploads\\\/2020\\\/08\\\/Kurzarbeit-ein-Leitfaden-fuer-KMU_Organisator.jpg\",\"keywords\":[\"Buch\",\"Buchtipps\",\"Finanzen\\\/Recht\",\"HRM\"],\"articleSection\":[\"FINANZEN\\\/RECHT\"],\"inLanguage\":\"fr-FR\"},{\"@type\":\"WebPage\",\"@id\":\"https:\\\/\\\/www.organisator.ch\\\/management\\\/finanzen_recht\\\/2020-08-11\\\/kurzarbeit-ein-leitfaden-fuer-kmu\\\/\",\"url\":\"https:\\\/\\\/www.organisator.ch\\\/management\\\/finanzen_recht\\\/2020-08-11\\\/kurzarbeit-ein-leitfaden-fuer-kmu\\\/\",\"name\":\"Kurzarbeit \u2013 ein Leitfaden f\u00fcr KMU - Organisator\",\"isPartOf\":{\"@id\":\"https:\\\/\\\/www.organisator.ch\\\/#website\"},\"primaryImageOfPage\":{\"@id\":\"https:\\\/\\\/www.organisator.ch\\\/management\\\/finanzen_recht\\\/2020-08-11\\\/kurzarbeit-ein-leitfaden-fuer-kmu\\\/#primaryimage\"},\"image\":{\"@id\":\"https:\\\/\\\/www.organisator.ch\\\/management\\\/finanzen_recht\\\/2020-08-11\\\/kurzarbeit-ein-leitfaden-fuer-kmu\\\/#primaryimage\"},\"thumbnailUrl\":\"https:\\\/\\\/www.organisator.ch\\\/wp-content\\\/uploads\\\/2020\\\/08\\\/Kurzarbeit-ein-Leitfaden-fuer-KMU_Organisator.jpg\",\"datePublished\":\"2020-08-11T12:46:05+00:00\",\"description\":\"Mit \u00abKurzarbeit \u2013 ein Leitfaden f\u00fcr KMU\u00bb erscheint im Verlag SKV ein hilfreiches E-Book, der alles Wichtige zum Thema einfach erkl\u00e4rt.\",\"breadcrumb\":{\"@id\":\"https:\\\/\\\/www.organisator.ch\\\/management\\\/finanzen_recht\\\/2020-08-11\\\/kurzarbeit-ein-leitfaden-fuer-kmu\\\/#breadcrumb\"},\"inLanguage\":\"fr-FR\",\"potentialAction\":[{\"@type\":\"ReadAction\",\"target\":[\"https:\\\/\\\/www.organisator.ch\\\/management\\\/finanzen_recht\\\/2020-08-11\\\/kurzarbeit-ein-leitfaden-fuer-kmu\\\/\"]}]},{\"@type\":\"ImageObject\",\"inLanguage\":\"fr-FR\",\"@id\":\"https:\\\/\\\/www.organisator.ch\\\/management\\\/finanzen_recht\\\/2020-08-11\\\/kurzarbeit-ein-leitfaden-fuer-kmu\\\/#primaryimage\",\"url\":\"https:\\\/\\\/www.organisator.ch\\\/wp-content\\\/uploads\\\/2020\\\/08\\\/Kurzarbeit-ein-Leitfaden-fuer-KMU_Organisator.jpg\",\"contentUrl\":\"https:\\\/\\\/www.organisator.ch\\\/wp-content\\\/uploads\\\/2020\\\/08\\\/Kurzarbeit-ein-Leitfaden-fuer-KMU_Organisator.jpg\",\"width\":680,\"height\":962,\"caption\":\"\\\"Kurzarbeit - ein Leitfaden f\u00fcr KMU\\\" ist ein hilfreicher Ratgeber f\u00fcr KMU. (Bild: Verlag SKV)\"},{\"@type\":\"BreadcrumbList\",\"@id\":\"https:\\\/\\\/www.organisator.ch\\\/management\\\/finanzen_recht\\\/2020-08-11\\\/kurzarbeit-ein-leitfaden-fuer-kmu\\\/#breadcrumb\",\"itemListElement\":[{\"@type\":\"ListItem\",\"position\":1,\"name\":\"Home\",\"item\":\"https:\\\/\\\/www.organisator.ch\\\/\"},{\"@type\":\"ListItem\",\"position\":2,\"name\":\"Kurzarbeit \u2013 ein Leitfaden f\u00fcr KMU\"}]},{\"@type\":\"WebSite\",\"@id\":\"https:\\\/\\\/www.organisator.ch\\\/#website\",\"url\":\"https:\\\/\\\/www.organisator.ch\\\/\",\"name\":\"Organisator\",\"description\":\"Kompetent. Praxisnah. Der ORGANISATOR bereitet in 10 Ausgaben pro Jahr die wesentlichen Themen f\u00fcr F\u00fchrungskr\u00e4fte von KMU auf.\",\"publisher\":{\"@id\":\"https:\\\/\\\/www.organisator.ch\\\/#organization\"},\"potentialAction\":[{\"@type\":\"SearchAction\",\"target\":{\"@type\":\"EntryPoint\",\"urlTemplate\":\"https:\\\/\\\/www.organisator.ch\\\/?s={search_term_string}\"},\"query-input\":{\"@type\":\"PropertyValueSpecification\",\"valueRequired\":true,\"valueName\":\"search_term_string\"}}],\"inLanguage\":\"fr-FR\"},{\"@type\":\"Organization\",\"@id\":\"https:\\\/\\\/www.organisator.ch\\\/#organization\",\"name\":\"Organisator\",\"url\":\"https:\\\/\\\/www.organisator.ch\\\/\",\"logo\":{\"@type\":\"ImageObject\",\"inLanguage\":\"fr-FR\",\"@id\":\"https:\\\/\\\/www.organisator.ch\\\/#\\\/schema\\\/logo\\\/image\\\/\",\"url\":\"https:\\\/\\\/www.organisator.ch\\\/wp-content\\\/uploads\\\/2022\\\/01\\\/Logo_Organisator_Website.png\",\"contentUrl\":\"https:\\\/\\\/www.organisator.ch\\\/wp-content\\\/uploads\\\/2022\\\/01\\\/Logo_Organisator_Website.png\",\"width\":800,\"height\":77,\"caption\":\"Organisator\"},\"image\":{\"@id\":\"https:\\\/\\\/www.organisator.ch\\\/#\\\/schema\\\/logo\\\/image\\\/\"},\"sameAs\":[\"https:\\\/\\\/www.facebook.com\\\/OrganisatorFachmagazin\",\"https:\\\/\\\/www.linkedin.com\\\/showcase\\\/organisator-das-magazin-fr-kmu\",\"https:\\\/\\\/www.xing.com\\\/news\\\/pages\\\/organisator-ch-695\",\"https:\\\/\\\/www.youtube.com\\\/channel\\\/UCGP2Sq0iWaZwT3BdIAQFYpw\"]},{\"@type\":\"Person\",\"@id\":\"https:\\\/\\\/www.organisator.ch\\\/#\\\/schema\\\/person\\\/6f650f90b2842cd4c0cc334b4e36f67e\",\"name\":\"thomas.berner\",\"image\":{\"@type\":\"ImageObject\",\"inLanguage\":\"fr-FR\",\"@id\":\"https:\\\/\\\/secure.gravatar.com\\\/avatar\\\/ac5001d2a36cb6c6cd3e50789007ffca834b477b74a2144564522e944eabff61?s=96&d=mm&r=g\",\"url\":\"https:\\\/\\\/secure.gravatar.com\\\/avatar\\\/ac5001d2a36cb6c6cd3e50789007ffca834b477b74a2144564522e944eabff61?s=96&d=mm&r=g\",\"contentUrl\":\"https:\\\/\\\/secure.gravatar.com\\\/avatar\\\/ac5001d2a36cb6c6cd3e50789007ffca834b477b74a2144564522e944eabff61?s=96&d=mm&r=g\",\"caption\":\"thomas.berner\"},\"url\":\"https:\\\/\\\/www.organisator.ch\\\/fr\\\/author\\\/thomas-berner\\\/\"}]}<\/script>\n<!-- \/ Yoast SEO plugin. -->","yoast_head_json":{"title":"Ch\u00f4mage partiel - un guide pour les PME - Organisateur","description":"Avec \"Kurzarbeit - ein Leitfaden f\u00fcr KMU\", les \u00e9ditions SKV publient un e-book utile qui explique simplement tout ce qui est important sur le sujet.","robots":{"index":"index","follow":"follow","max-snippet":"max-snippet:-1","max-image-preview":"max-image-preview:large","max-video-preview":"max-video-preview:-1"},"canonical":"https:\/\/www.organisator.ch\/fr\/gestion-2\/finanzen_recht\/2020-08-11\/kurzarbeit-ein-leitfaden-fuer-kmu\/","og_locale":"fr_FR","og_type":"article","og_title":"Kurzarbeit \u2013 ein Leitfaden f\u00fcr KMU","og_description":"Mit \u00abKurzarbeit \u2013 ein Leitfaden f\u00fcr KMU\u00bb erscheint im Verlag SKV ein hilfreiches E-Book, der alles Wichtige zum Thema einfach erkl\u00e4rt.","og_url":"https:\/\/www.organisator.ch\/fr\/gestion-2\/finanzen_recht\/2020-08-11\/kurzarbeit-ein-leitfaden-fuer-kmu\/","og_site_name":"Organisator","article_publisher":"https:\/\/www.facebook.com\/OrganisatorFachmagazin","article_published_time":"2020-08-11T12:46:05+00:00","og_image":[{"width":680,"height":962,"url":"https:\/\/www.organisator.ch\/wp-content\/uploads\/2020\/08\/Kurzarbeit-ein-Leitfaden-fuer-KMU_Organisator.jpg","type":"image\/jpeg"}],"author":"thomas.berner","twitter_card":"summary_large_image","twitter_title":"#Kurzarbeit \u2013 ein #Leitfaden f\u00fcr KMU","twitter_description":"Mit \u00ab#Kurzarbeit \u2013 ein #Leitfaden f\u00fcr #KMU\u00bb erscheint im Verlag #SKV ein hilfreiches E-Book, der alles Wichtige zum Thema einfach erkl\u00e4rt.","twitter_image":"https:\/\/www.organisator.ch\/wp-content\/uploads\/2020\/08\/Kurzarbeit-ein-Leitfaden-fuer-KMU_Organisator.jpg","schema":{"@context":"https:\/\/schema.org","@graph":[{"@type":"Article","@id":"https:\/\/www.organisator.ch\/management\/finanzen_recht\/2020-08-11\/kurzarbeit-ein-leitfaden-fuer-kmu\/#article","isPartOf":{"@id":"https:\/\/www.organisator.ch\/management\/finanzen_recht\/2020-08-11\/kurzarbeit-ein-leitfaden-fuer-kmu\/"},"author":{"name":"thomas.berner","@id":"https:\/\/www.organisator.ch\/#\/schema\/person\/6f650f90b2842cd4c0cc334b4e36f67e"},"headline":"Kurzarbeit \u2013 ein Leitfaden f\u00fcr KMU","datePublished":"2020-08-11T12:46:05+00:00","mainEntityOfPage":{"@id":"https:\/\/www.organisator.ch\/management\/finanzen_recht\/2020-08-11\/kurzarbeit-ein-leitfaden-fuer-kmu\/"},"wordCount":226,"publisher":{"@id":"https:\/\/www.organisator.ch\/#organization"},"image":{"@id":"https:\/\/www.organisator.ch\/management\/finanzen_recht\/2020-08-11\/kurzarbeit-ein-leitfaden-fuer-kmu\/#primaryimage"},"thumbnailUrl":"https:\/\/www.organisator.ch\/wp-content\/uploads\/2020\/08\/Kurzarbeit-ein-Leitfaden-fuer-KMU_Organisator.jpg","keywords":["Buch","Buchtipps","Finanzen\/Recht","HRM"],"articleSection":["FINANZEN\/RECHT"],"inLanguage":"fr-FR"},{"@type":"WebPage","@id":"https:\/\/www.organisator.ch\/management\/finanzen_recht\/2020-08-11\/kurzarbeit-ein-leitfaden-fuer-kmu\/","url":"https:\/\/www.organisator.ch\/management\/finanzen_recht\/2020-08-11\/kurzarbeit-ein-leitfaden-fuer-kmu\/","name":"Ch\u00f4mage partiel - un guide pour les PME - Organisateur","isPartOf":{"@id":"https:\/\/www.organisator.ch\/#website"},"primaryImageOfPage":{"@id":"https:\/\/www.organisator.ch\/management\/finanzen_recht\/2020-08-11\/kurzarbeit-ein-leitfaden-fuer-kmu\/#primaryimage"},"image":{"@id":"https:\/\/www.organisator.ch\/management\/finanzen_recht\/2020-08-11\/kurzarbeit-ein-leitfaden-fuer-kmu\/#primaryimage"},"thumbnailUrl":"https:\/\/www.organisator.ch\/wp-content\/uploads\/2020\/08\/Kurzarbeit-ein-Leitfaden-fuer-KMU_Organisator.jpg","datePublished":"2020-08-11T12:46:05+00:00","description":"Avec \"Kurzarbeit - ein Leitfaden f\u00fcr KMU\", les \u00e9ditions SKV publient un e-book utile qui explique simplement tout ce qui est important sur le sujet.","breadcrumb":{"@id":"https:\/\/www.organisator.ch\/management\/finanzen_recht\/2020-08-11\/kurzarbeit-ein-leitfaden-fuer-kmu\/#breadcrumb"},"inLanguage":"fr-FR","potentialAction":[{"@type":"ReadAction","target":["https:\/\/www.organisator.ch\/management\/finanzen_recht\/2020-08-11\/kurzarbeit-ein-leitfaden-fuer-kmu\/"]}]},{"@type":"ImageObject","inLanguage":"fr-FR","@id":"https:\/\/www.organisator.ch\/management\/finanzen_recht\/2020-08-11\/kurzarbeit-ein-leitfaden-fuer-kmu\/#primaryimage","url":"https:\/\/www.organisator.ch\/wp-content\/uploads\/2020\/08\/Kurzarbeit-ein-Leitfaden-fuer-KMU_Organisator.jpg","contentUrl":"https:\/\/www.organisator.ch\/wp-content\/uploads\/2020\/08\/Kurzarbeit-ein-Leitfaden-fuer-KMU_Organisator.jpg","width":680,"height":962,"caption":"\"Kurzarbeit - ein Leitfaden f\u00fcr KMU\" ist ein hilfreicher Ratgeber f\u00fcr KMU. (Bild: Verlag SKV)"},{"@type":"BreadcrumbList","@id":"https:\/\/www.organisator.ch\/management\/finanzen_recht\/2020-08-11\/kurzarbeit-ein-leitfaden-fuer-kmu\/#breadcrumb","itemListElement":[{"@type":"ListItem","position":1,"name":"Home","item":"https:\/\/www.organisator.ch\/"},{"@type":"ListItem","position":2,"name":"Kurzarbeit \u2013 ein Leitfaden f\u00fcr KMU"}]},{"@type":"WebSite","@id":"https:\/\/www.organisator.ch\/#website","url":"https:\/\/www.organisator.ch\/","name":"Organisateur","description":"Comp\u00e9tence et comp\u00e9tence. Proches de la pratique. L'ORGANISATEUR pr\u00e9pare 10 num\u00e9ros par an sur les th\u00e8mes essentiels pour les dirigeants de PME.","publisher":{"@id":"https:\/\/www.organisator.ch\/#organization"},"potentialAction":[{"@type":"SearchAction","target":{"@type":"EntryPoint","urlTemplate":"https:\/\/www.organisator.ch\/?s={search_term_string}"},"query-input":{"@type":"PropertyValueSpecification","valueRequired":true,"valueName":"search_term_string"}}],"inLanguage":"fr-FR"},{"@type":"Organization","@id":"https:\/\/www.organisator.ch\/#organization","name":"Organisateur","url":"https:\/\/www.organisator.ch\/","logo":{"@type":"ImageObject","inLanguage":"fr-FR","@id":"https:\/\/www.organisator.ch\/#\/schema\/logo\/image\/","url":"https:\/\/www.organisator.ch\/wp-content\/uploads\/2022\/01\/Logo_Organisator_Website.png","contentUrl":"https:\/\/www.organisator.ch\/wp-content\/uploads\/2022\/01\/Logo_Organisator_Website.png","width":800,"height":77,"caption":"Organisator"},"image":{"@id":"https:\/\/www.organisator.ch\/#\/schema\/logo\/image\/"},"sameAs":["https:\/\/www.facebook.com\/OrganisatorFachmagazin","https:\/\/www.linkedin.com\/showcase\/organisator-das-magazin-fr-kmu","https:\/\/www.xing.com\/news\/pages\/organisator-ch-695","https:\/\/www.youtube.com\/channel\/UCGP2Sq0iWaZwT3BdIAQFYpw"]},{"@type":"Person","@id":"https:\/\/www.organisator.ch\/#\/schema\/person\/6f650f90b2842cd4c0cc334b4e36f67e","name":"thomas.berner","image":{"@type":"ImageObject","inLanguage":"fr-FR","@id":"https:\/\/secure.gravatar.com\/avatar\/ac5001d2a36cb6c6cd3e50789007ffca834b477b74a2144564522e944eabff61?s=96&d=mm&r=g","url":"https:\/\/secure.gravatar.com\/avatar\/ac5001d2a36cb6c6cd3e50789007ffca834b477b74a2144564522e944eabff61?s=96&d=mm&r=g","contentUrl":"https:\/\/secure.gravatar.com\/avatar\/ac5001d2a36cb6c6cd3e50789007ffca834b477b74a2144564522e944eabff61?s=96&d=mm&r=g","caption":"thomas.berner"},"url":"https:\/\/www.organisator.ch\/fr\/author\/thomas-berner\/"}]}},"_links":{"self":[{"href":"https:\/\/www.organisator.ch\/fr\/wp-json\/wp\/v2\/posts\/7007","targetHints":{"allow":["GET"]}}],"collection":[{"href":"https:\/\/www.organisator.ch\/fr\/wp-json\/wp\/v2\/posts"}],"about":[{"href":"https:\/\/www.organisator.ch\/fr\/wp-json\/wp\/v2\/types\/post"}],"author":[{"embeddable":true,"href":"https:\/\/www.organisator.ch\/fr\/wp-json\/wp\/v2\/users\/4"}],"replies":[{"embeddable":true,"href":"https:\/\/www.organisator.ch\/fr\/wp-json\/wp\/v2\/comments?post=7007"}],"version-history":[{"count":0,"href":"https:\/\/www.organisator.ch\/fr\/wp-json\/wp\/v2\/posts\/7007\/revisions"}],"wp:featuredmedia":[{"embeddable":true,"href":"https:\/\/www.organisator.ch\/fr\/wp-json\/wp\/v2\/media\/7008"}],"wp:attachment":[{"href":"https:\/\/www.organisator.ch\/fr\/wp-json\/wp\/v2\/media?parent=7007"}],"wp:term":[{"taxonomy":"category","embeddable":true,"href":"https:\/\/www.organisator.ch\/fr\/wp-json\/wp\/v2\/categories?post=7007"},{"taxonomy":"post_tag","embeddable":true,"href":"https:\/\/www.organisator.ch\/fr\/wp-json\/wp\/v2\/tags?post=7007"}],"curies":[{"name":"wp","href":"https:\/\/api.w.org\/{rel}","templated":true}]}}