{"id":7017,"date":"2020-08-19T12:00:44","date_gmt":"2020-08-19T10:00:44","guid":{"rendered":"https:\/\/www.organisator.ch\/?p=7017"},"modified":"2020-08-19T12:00:44","modified_gmt":"2020-08-19T10:00:44","slug":"bank-bsu-vermeldet-solides-halbjahresergebnis","status":"publish","type":"post","link":"https:\/\/www.organisator.ch\/fr\/management\/finanzen_recht\/2020-08-19\/bank-bsu-vermeldet-solides-halbjahresergebnis\/","title":{"rendered":"La banque BSU annonce de solides r\u00e9sultats semestriels"},"content":{"rendered":"<figure id=\"attachment_7018\" aria-describedby=\"caption-attachment-7018\" style=\"width: 680px\" class=\"wp-caption alignnone\"><img loading=\"lazy\" decoding=\"async\" class=\"size-medium wp-image-7018\" src=\"https:\/\/www.organisator.ch\/wp-content\/uploads\/2020\/08\/Bank-BSU-vermeldet-solides-Halbjahresergebnis_Organisator.jpg\" alt=\"\" width=\"680\" height=\"453\" srcset=\"https:\/\/www.organisator.ch\/wp-content\/uploads\/2020\/08\/Bank-BSU-vermeldet-solides-Halbjahresergebnis_Organisator.jpg 680w, https:\/\/www.organisator.ch\/wp-content\/uploads\/2020\/08\/Bank-BSU-vermeldet-solides-Halbjahresergebnis_Organisator-16x12.jpg 16w, https:\/\/www.organisator.ch\/wp-content\/uploads\/2020\/08\/Bank-BSU-vermeldet-solides-Halbjahresergebnis_Organisator-263x175.jpg 263w, https:\/\/www.organisator.ch\/wp-content\/uploads\/2020\/08\/Bank-BSU-vermeldet-solides-Halbjahresergebnis_Organisator-525x350.jpg 525w, https:\/\/www.organisator.ch\/wp-content\/uploads\/2020\/08\/Bank-BSU-vermeldet-solides-Halbjahresergebnis_Organisator-300x200.jpg 300w\" sizes=\"auto, (max-width: 680px) 100vw, 680px\" \/><figcaption id=\"caption-attachment-7018\" class=\"wp-caption-text\">En raison du Covid-19, la banque BSU a d\u00fb organiser son AG \"en petit comit\u00e9\". (Image : Banque BSU)<\/figcaption><\/figure>\n<p>En raison des mesures prises par le Conseil f\u00e9d\u00e9ral, de nombreuses assembl\u00e9es g\u00e9n\u00e9rales ont d\u00fb \u00eatre organis\u00e9es dans un cadre restreint, dont celle de la banque BSU. Le 23 juin 2020, l'assembl\u00e9e g\u00e9n\u00e9rale annuelle ordinaire s'est tenue dans la zone client\u00e8le d'Uster avec le conseil d'administration, la direction et le repr\u00e9sentant ind\u00e9pendant des droits de vote. Les soci\u00e9taires ont pu envoyer au pr\u00e9alable leurs votes par \u00e9crit au repr\u00e9sentant ind\u00e9pendant. Toutes les propositions ont \u00e9t\u00e9 accept\u00e9es. Mme Allegra Sosso a \u00e9galement \u00e9t\u00e9 brillamment \u00e9lue comme nouveau membre du conseil d'administration. Mme Sosso a termin\u00e9 ses \u00e9tudes de droit \u00e0 l'universit\u00e9 de Saint-Gall en 2003 et a obtenu son brevet d'avocat en 2007. Jusqu'en 2019, elle a \u00e9t\u00e9 avocate au sein du c\u00e9l\u00e8bre cabinet d'avocats Niederer Kraft Frey AG et depuis 2019, elle est copropri\u00e9taire et partenaire du cabinet Quadra Rechtsanw\u00e4lte AG \u00e0 Zurich. Madame Sosso est mari\u00e9e, m\u00e8re de deux enfants et habite \u00e0 Zurich.<\/p>\n<h2>Solide r\u00e9sultat semestriel et forte base de fonds propres<\/h2>\n<p>La banque BSU - active dans la r\u00e9gion Uster - Volketswil - D\u00fcbendorf - a enregistr\u00e9 au premier semestre une croissance du total du bilan de CHF 16.8 millions, soit +1.6%. Les pr\u00eats \u00e0 la client\u00e8le ont pu \u00eatre augment\u00e9s de 1.9% \u00e0 CHF 914.8 millions. Les fonds de la client\u00e8le ont augment\u00e9 de 6.5 millions de CHF au premier semestre. Malgr\u00e9 la persistance de la phase de taux bas et le r\u00e9tr\u00e9cissement correspondant des marges, le r\u00e9sultat brut des op\u00e9rations d'int\u00e9r\u00eats a pu \u00eatre augment\u00e9 de 2.2% par rapport \u00e0 l'ann\u00e9e pr\u00e9c\u00e9dente pour atteindre actuellement 4.9 millions de CHF. Cela s'explique en premier lieu par la baisse des co\u00fbts de refinancement sur le march\u00e9 mon\u00e9taire et des capitaux. Dans les op\u00e9rations de commissions, le produit des op\u00e9rations sur titres et des placements a pu \u00eatre am\u00e9lior\u00e9 de 28.4% par rapport \u00e0 l'ann\u00e9e pr\u00e9c\u00e9dente. La volatilit\u00e9 accrue sur les march\u00e9s financiers a entra\u00een\u00e9 une nette augmentation du nombre de transactions sur titres. Parall\u00e8lement, les co\u00fbts des charges de commissions ont \u00e9t\u00e9 optimis\u00e9s et r\u00e9duits de 23.2%. Le poste \"autres r\u00e9sultats ordinaires\" a \u00e9t\u00e9 augment\u00e9 de +33.5%, soit une hausse de 0.205 million de CHF, pour atteindre 0.817 million de CHF. Cette am\u00e9lioration est principalement due \u00e0 la vente d'une partie des placements financiers et donc \u00e0 la r\u00e9alisation des gains de change. Les charges de personnel sont rest\u00e9es \u00e0 un niveau inchang\u00e9 par rapport \u00e0 l'ann\u00e9e pr\u00e9c\u00e9dente, avec 2,4 millions de CHF. En revanche, avec 2,1 millions de CHF, les charges d'exploitation sont l\u00e9g\u00e8rement sup\u00e9rieures d'environ 0,1 million de CHF \u00e0 celles de l'ann\u00e9e pr\u00e9c\u00e9dente. Le r\u00e9sultat d'exploitation a pu \u00eatre maintenu \u00e0 1,24 million de CHF par rapport \u00e0 la m\u00eame p\u00e9riode de l'ann\u00e9e pr\u00e9c\u00e9dente, malgr\u00e9 la baisse du produit des int\u00e9r\u00eats dans l'activit\u00e9 principale.<\/p>\n<p>Les fonds propres imputables pr\u00e9sentent une valeur de 83,1 millions de CHF. Cela correspond \u00e0 un ratio de fonds propres pond\u00e9r\u00e9s de 18,0%, alors que les exigences l\u00e9gales sont de 10,5%. La Banque BSU d\u00e9passe ainsi nettement les exigences r\u00e9glementaires avec un facteur de 1,7 et souligne sa politique de cr\u00e9dit prudente en ce qui concerne la qualit\u00e9 des financements.<\/p>\n<h2>COVID-19 : Influence sur les activit\u00e9s de la banque BSU<\/h2>\n<p>En l'espace de quelques heures apr\u00e8s le lancement du programme d'aide par la Conf\u00e9d\u00e9ration et les banques, la banque BSU a enregistr\u00e9 une demande relativement \u00e9lev\u00e9e pour les cr\u00e9dits COVID-19. Au 31 juillet 2020, 108 cr\u00e9dits avaient \u00e9t\u00e9 octroy\u00e9s \u00e0 la client\u00e8le pour un montant total de 9,4 millions de CHF.<\/p>\n<p>Durant cette p\u00e9riode de turbulences, environ 50% des collaborateurs travaillent \u00e0 ce jour en home office, ce qui a permis de r\u00e9duire consid\u00e9rablement les effectifs dans les agences sur place. Les \u00e9quipes internes ont \u00e9galement \u00e9t\u00e9 scind\u00e9es pour des raisons de s\u00e9curit\u00e9 et r\u00e9parties entre les bureaux d'Uster, de D\u00fcbendorf et de Volketswil. De m\u00eame, l'OFSP a d\u00e9fini le nombre de personnes par m\u00e8tre carr\u00e9 de surface commerciale, ce qui a entra\u00een\u00e9 de nettes restrictions dans l'utilisation des zones clients. Durant cette p\u00e9riode, le comportement des clients a \u00e9galement chang\u00e9. Le nombre de clients et donc de transactions en esp\u00e8ces aux guichets a nettement diminu\u00e9 ; en revanche, la banque BSU a enregistr\u00e9 une nette augmentation du nombre de nouveaux contrats d'e-banking au premier semestre, avec une hausse de 18%. Le service TWINT (paiement sans esp\u00e8ces avec le t\u00e9l\u00e9phone portable), propos\u00e9 depuis 2016, conna\u00eet lui aussi une popularit\u00e9 croissante depuis le d\u00e9but de l'ann\u00e9e. Au lieu de dix \u00e0 vingt nouveaux utilisateurs par an, la banque BSU a enregistr\u00e9 jusqu'\u00e0 dix nouvelles inscriptions par jour au premier semestre 2020.<\/p>\n<p><a href=\"https:\/\/www.bankbsu.ch\/ueber-bsu\/uebersicht\"><em>Plus d'informations<\/em><\/a><\/p>","protected":false},"excerpt":{"rendered":"<p>Aufgrund der bundesr\u00e4tlichen Massnahmen mussten viele Generalversammlungen in kleinem Rahmen durchgef\u00fchrt werden, so auch diejenige der Bank BSU. Am 23. Juni 2020 wurde die ordentliche, j\u00e4hrliche Generalversammlung mit dem Verwaltungsrat, der Gesch\u00e4ftsleitung und dem unabh\u00e4ngigen Stimmrechtsvertreter in der Kundenzone Uster durchgef\u00fchrt. Die Genossenschafterinnen und Genossenschafter konnten im Vorfeld ihre Stimmen schriftlich dem unabh\u00e4ngigen Stimmrechtsvertreter zustellen. [&hellip;]<\/p>\n","protected":false},"author":4,"featured_media":7018,"comment_status":"closed","ping_status":"closed","sticky":false,"template":"","format":"standard","meta":{"_acf_changed":false,"_yoast_wpseo_focuskw":"Bank BSU","_yoast_wpseo_metadesc":"Nach der COVID-19 bedingten Durchf\u00fchrung der Generalversammlung im kleinen Rahmen pr\u00e4sentiert die Regionalbank Bank BSU ein solides Halbjahresergebnis.","articlekey":"","footnotes":""},"categories":[24],"tags":[202,335,492],"class_list":["post-7017","post","type-post","status-publish","format-standard","has-post-thumbnail","hentry","category-finanzen_recht","tag-finanzenrecht","tag-management-und-unternehmensfuehrung","tag-unternehmen"],"acf":[],"yoast_head":"<!-- This site is optimized with the Yoast SEO plugin v27.5 - https:\/\/yoast.com\/product\/yoast-seo-wordpress\/ -->\n<title>Bank BSU vermeldet solides Halbjahresergebnis - Organisator<\/title>\n<meta name=\"description\" content=\"Nach der COVID-19 bedingten Durchf\u00fchrung der Generalversammlung im kleinen Rahmen pr\u00e4sentiert die Regionalbank Bank BSU ein solides Halbjahresergebnis.\" \/>\n<meta name=\"robots\" content=\"index, follow, max-snippet:-1, max-image-preview:large, max-video-preview:-1\" \/>\n<link rel=\"canonical\" href=\"https:\/\/www.organisator.ch\/fr\/gestion-2\/finanzen_recht\/2020-08-19\/bank-bsu-vermeldet-solides-halbjahresergebnis\/\" \/>\n<meta property=\"og:locale\" content=\"fr_FR\" \/>\n<meta property=\"og:type\" content=\"article\" \/>\n<meta property=\"og:title\" content=\"Bank BSU vermeldet solides Halbjahresergebnis\" \/>\n<meta property=\"og:description\" content=\"Nach der COVID-19 bedingten Durchf\u00fchrung der Generalversammlung im kleinen Rahmen pr\u00e4sentiert die Regionalbank Bank BSU ein solides Halbjahresergebnis.\" \/>\n<meta property=\"og:url\" content=\"https:\/\/www.organisator.ch\/fr\/gestion-2\/finanzen_recht\/2020-08-19\/bank-bsu-vermeldet-solides-halbjahresergebnis\/\" \/>\n<meta property=\"og:site_name\" content=\"Organisator\" \/>\n<meta property=\"article:publisher\" content=\"https:\/\/www.facebook.com\/OrganisatorFachmagazin\" \/>\n<meta property=\"article:published_time\" content=\"2020-08-19T10:00:44+00:00\" \/>\n<meta property=\"og:image\" content=\"https:\/\/www.organisator.ch\/wp-content\/uploads\/2020\/08\/Bank-BSU-vermeldet-solides-Halbjahresergebnis_Organisator.jpg\" \/>\n\t<meta property=\"og:image:width\" content=\"680\" \/>\n\t<meta property=\"og:image:height\" content=\"453\" \/>\n\t<meta property=\"og:image:type\" content=\"image\/jpeg\" \/>\n<meta name=\"author\" content=\"thomas.berner\" \/>\n<meta name=\"twitter:card\" content=\"summary_large_image\" \/>\n<meta name=\"twitter:title\" content=\"Bank #BSU vermeldet solides Halbjahresergebnis\" \/>\n<meta name=\"twitter:description\" content=\"Nach der #COVID-19 bedingten Durchf\u00fchrung der #Generalversammlung im kleinen Rahmen pr\u00e4sentiert die Regionalbank Bank #BSU ein solides Halbjahresergebnis.\" \/>\n<meta name=\"twitter:image\" content=\"https:\/\/www.organisator.ch\/wp-content\/uploads\/2020\/08\/Bank-BSU-vermeldet-solides-Halbjahresergebnis_Organisator.jpg\" \/>\n<script type=\"application\/ld+json\" class=\"yoast-schema-graph\">{\"@context\":\"https:\\\/\\\/schema.org\",\"@graph\":[{\"@type\":\"Article\",\"@id\":\"https:\\\/\\\/www.organisator.ch\\\/management\\\/finanzen_recht\\\/2020-08-19\\\/bank-bsu-vermeldet-solides-halbjahresergebnis\\\/#article\",\"isPartOf\":{\"@id\":\"https:\\\/\\\/www.organisator.ch\\\/management\\\/finanzen_recht\\\/2020-08-19\\\/bank-bsu-vermeldet-solides-halbjahresergebnis\\\/\"},\"author\":{\"name\":\"thomas.berner\",\"@id\":\"https:\\\/\\\/www.organisator.ch\\\/#\\\/schema\\\/person\\\/6f650f90b2842cd4c0cc334b4e36f67e\"},\"headline\":\"Bank BSU vermeldet solides Halbjahresergebnis\",\"datePublished\":\"2020-08-19T10:00:44+00:00\",\"mainEntityOfPage\":{\"@id\":\"https:\\\/\\\/www.organisator.ch\\\/management\\\/finanzen_recht\\\/2020-08-19\\\/bank-bsu-vermeldet-solides-halbjahresergebnis\\\/\"},\"wordCount\":651,\"publisher\":{\"@id\":\"https:\\\/\\\/www.organisator.ch\\\/#organization\"},\"image\":{\"@id\":\"https:\\\/\\\/www.organisator.ch\\\/management\\\/finanzen_recht\\\/2020-08-19\\\/bank-bsu-vermeldet-solides-halbjahresergebnis\\\/#primaryimage\"},\"thumbnailUrl\":\"https:\\\/\\\/www.organisator.ch\\\/wp-content\\\/uploads\\\/2020\\\/08\\\/Bank-BSU-vermeldet-solides-Halbjahresergebnis_Organisator.jpg\",\"keywords\":[\"Finanzen\\\/Recht\",\"Management und Unternehmensf\u00fchrung\",\"Unternehmen\"],\"articleSection\":[\"FINANZEN\\\/RECHT\"],\"inLanguage\":\"fr-FR\"},{\"@type\":\"WebPage\",\"@id\":\"https:\\\/\\\/www.organisator.ch\\\/management\\\/finanzen_recht\\\/2020-08-19\\\/bank-bsu-vermeldet-solides-halbjahresergebnis\\\/\",\"url\":\"https:\\\/\\\/www.organisator.ch\\\/management\\\/finanzen_recht\\\/2020-08-19\\\/bank-bsu-vermeldet-solides-halbjahresergebnis\\\/\",\"name\":\"Bank BSU vermeldet solides Halbjahresergebnis - Organisator\",\"isPartOf\":{\"@id\":\"https:\\\/\\\/www.organisator.ch\\\/#website\"},\"primaryImageOfPage\":{\"@id\":\"https:\\\/\\\/www.organisator.ch\\\/management\\\/finanzen_recht\\\/2020-08-19\\\/bank-bsu-vermeldet-solides-halbjahresergebnis\\\/#primaryimage\"},\"image\":{\"@id\":\"https:\\\/\\\/www.organisator.ch\\\/management\\\/finanzen_recht\\\/2020-08-19\\\/bank-bsu-vermeldet-solides-halbjahresergebnis\\\/#primaryimage\"},\"thumbnailUrl\":\"https:\\\/\\\/www.organisator.ch\\\/wp-content\\\/uploads\\\/2020\\\/08\\\/Bank-BSU-vermeldet-solides-Halbjahresergebnis_Organisator.jpg\",\"datePublished\":\"2020-08-19T10:00:44+00:00\",\"description\":\"Nach der COVID-19 bedingten Durchf\u00fchrung der Generalversammlung im kleinen Rahmen pr\u00e4sentiert die Regionalbank Bank BSU ein solides Halbjahresergebnis.\",\"breadcrumb\":{\"@id\":\"https:\\\/\\\/www.organisator.ch\\\/management\\\/finanzen_recht\\\/2020-08-19\\\/bank-bsu-vermeldet-solides-halbjahresergebnis\\\/#breadcrumb\"},\"inLanguage\":\"fr-FR\",\"potentialAction\":[{\"@type\":\"ReadAction\",\"target\":[\"https:\\\/\\\/www.organisator.ch\\\/management\\\/finanzen_recht\\\/2020-08-19\\\/bank-bsu-vermeldet-solides-halbjahresergebnis\\\/\"]}]},{\"@type\":\"ImageObject\",\"inLanguage\":\"fr-FR\",\"@id\":\"https:\\\/\\\/www.organisator.ch\\\/management\\\/finanzen_recht\\\/2020-08-19\\\/bank-bsu-vermeldet-solides-halbjahresergebnis\\\/#primaryimage\",\"url\":\"https:\\\/\\\/www.organisator.ch\\\/wp-content\\\/uploads\\\/2020\\\/08\\\/Bank-BSU-vermeldet-solides-Halbjahresergebnis_Organisator.jpg\",\"contentUrl\":\"https:\\\/\\\/www.organisator.ch\\\/wp-content\\\/uploads\\\/2020\\\/08\\\/Bank-BSU-vermeldet-solides-Halbjahresergebnis_Organisator.jpg\",\"width\":680,\"height\":453,\"caption\":\"GV \\\"im kleinen Kreis\\\": Die Bank BSU erh\u00e4lt mit Allegra Sosso ein neues Verwaltungsratsmitglied. (Bild: Bank BSU)\"},{\"@type\":\"BreadcrumbList\",\"@id\":\"https:\\\/\\\/www.organisator.ch\\\/management\\\/finanzen_recht\\\/2020-08-19\\\/bank-bsu-vermeldet-solides-halbjahresergebnis\\\/#breadcrumb\",\"itemListElement\":[{\"@type\":\"ListItem\",\"position\":1,\"name\":\"Home\",\"item\":\"https:\\\/\\\/www.organisator.ch\\\/\"},{\"@type\":\"ListItem\",\"position\":2,\"name\":\"Bank BSU vermeldet solides Halbjahresergebnis\"}]},{\"@type\":\"WebSite\",\"@id\":\"https:\\\/\\\/www.organisator.ch\\\/#website\",\"url\":\"https:\\\/\\\/www.organisator.ch\\\/\",\"name\":\"Organisator\",\"description\":\"Kompetent. Praxisnah. Der ORGANISATOR bereitet in 10 Ausgaben pro Jahr die wesentlichen Themen f\u00fcr F\u00fchrungskr\u00e4fte von KMU auf.\",\"publisher\":{\"@id\":\"https:\\\/\\\/www.organisator.ch\\\/#organization\"},\"potentialAction\":[{\"@type\":\"SearchAction\",\"target\":{\"@type\":\"EntryPoint\",\"urlTemplate\":\"https:\\\/\\\/www.organisator.ch\\\/?s={search_term_string}\"},\"query-input\":{\"@type\":\"PropertyValueSpecification\",\"valueRequired\":true,\"valueName\":\"search_term_string\"}}],\"inLanguage\":\"fr-FR\"},{\"@type\":\"Organization\",\"@id\":\"https:\\\/\\\/www.organisator.ch\\\/#organization\",\"name\":\"Organisator\",\"url\":\"https:\\\/\\\/www.organisator.ch\\\/\",\"logo\":{\"@type\":\"ImageObject\",\"inLanguage\":\"fr-FR\",\"@id\":\"https:\\\/\\\/www.organisator.ch\\\/#\\\/schema\\\/logo\\\/image\\\/\",\"url\":\"https:\\\/\\\/www.organisator.ch\\\/wp-content\\\/uploads\\\/2022\\\/01\\\/Logo_Organisator_Website.png\",\"contentUrl\":\"https:\\\/\\\/www.organisator.ch\\\/wp-content\\\/uploads\\\/2022\\\/01\\\/Logo_Organisator_Website.png\",\"width\":800,\"height\":77,\"caption\":\"Organisator\"},\"image\":{\"@id\":\"https:\\\/\\\/www.organisator.ch\\\/#\\\/schema\\\/logo\\\/image\\\/\"},\"sameAs\":[\"https:\\\/\\\/www.facebook.com\\\/OrganisatorFachmagazin\",\"https:\\\/\\\/www.linkedin.com\\\/showcase\\\/organisator-das-magazin-fr-kmu\",\"https:\\\/\\\/www.xing.com\\\/news\\\/pages\\\/organisator-ch-695\",\"https:\\\/\\\/www.youtube.com\\\/channel\\\/UCGP2Sq0iWaZwT3BdIAQFYpw\"]},{\"@type\":\"Person\",\"@id\":\"https:\\\/\\\/www.organisator.ch\\\/#\\\/schema\\\/person\\\/6f650f90b2842cd4c0cc334b4e36f67e\",\"name\":\"thomas.berner\",\"image\":{\"@type\":\"ImageObject\",\"inLanguage\":\"fr-FR\",\"@id\":\"https:\\\/\\\/secure.gravatar.com\\\/avatar\\\/ac5001d2a36cb6c6cd3e50789007ffca834b477b74a2144564522e944eabff61?s=96&d=mm&r=g\",\"url\":\"https:\\\/\\\/secure.gravatar.com\\\/avatar\\\/ac5001d2a36cb6c6cd3e50789007ffca834b477b74a2144564522e944eabff61?s=96&d=mm&r=g\",\"contentUrl\":\"https:\\\/\\\/secure.gravatar.com\\\/avatar\\\/ac5001d2a36cb6c6cd3e50789007ffca834b477b74a2144564522e944eabff61?s=96&d=mm&r=g\",\"caption\":\"thomas.berner\"},\"url\":\"https:\\\/\\\/www.organisator.ch\\\/fr\\\/author\\\/thomas-berner\\\/\"}]}<\/script>\n<!-- \/ Yoast SEO plugin. -->","yoast_head_json":{"title":"La banque BSU annonce de solides r\u00e9sultats semestriels - Organisateur","description":"Apr\u00e8s la tenue de l'assembl\u00e9e g\u00e9n\u00e9rale en petit comit\u00e9, conditionn\u00e9e par la COVID-19, la Banque r\u00e9gionale BSU pr\u00e9sente un solide r\u00e9sultat semestriel.","robots":{"index":"index","follow":"follow","max-snippet":"max-snippet:-1","max-image-preview":"max-image-preview:large","max-video-preview":"max-video-preview:-1"},"canonical":"https:\/\/www.organisator.ch\/fr\/gestion-2\/finanzen_recht\/2020-08-19\/bank-bsu-vermeldet-solides-halbjahresergebnis\/","og_locale":"fr_FR","og_type":"article","og_title":"Bank BSU vermeldet solides Halbjahresergebnis","og_description":"Nach der COVID-19 bedingten Durchf\u00fchrung der Generalversammlung im kleinen Rahmen pr\u00e4sentiert die Regionalbank Bank BSU ein solides Halbjahresergebnis.","og_url":"https:\/\/www.organisator.ch\/fr\/gestion-2\/finanzen_recht\/2020-08-19\/bank-bsu-vermeldet-solides-halbjahresergebnis\/","og_site_name":"Organisator","article_publisher":"https:\/\/www.facebook.com\/OrganisatorFachmagazin","article_published_time":"2020-08-19T10:00:44+00:00","og_image":[{"width":680,"height":453,"url":"https:\/\/www.organisator.ch\/wp-content\/uploads\/2020\/08\/Bank-BSU-vermeldet-solides-Halbjahresergebnis_Organisator.jpg","type":"image\/jpeg"}],"author":"thomas.berner","twitter_card":"summary_large_image","twitter_title":"Bank #BSU vermeldet solides Halbjahresergebnis","twitter_description":"Nach der #COVID-19 bedingten Durchf\u00fchrung der #Generalversammlung im kleinen Rahmen pr\u00e4sentiert die Regionalbank Bank #BSU ein solides Halbjahresergebnis.","twitter_image":"https:\/\/www.organisator.ch\/wp-content\/uploads\/2020\/08\/Bank-BSU-vermeldet-solides-Halbjahresergebnis_Organisator.jpg","schema":{"@context":"https:\/\/schema.org","@graph":[{"@type":"Article","@id":"https:\/\/www.organisator.ch\/management\/finanzen_recht\/2020-08-19\/bank-bsu-vermeldet-solides-halbjahresergebnis\/#article","isPartOf":{"@id":"https:\/\/www.organisator.ch\/management\/finanzen_recht\/2020-08-19\/bank-bsu-vermeldet-solides-halbjahresergebnis\/"},"author":{"name":"thomas.berner","@id":"https:\/\/www.organisator.ch\/#\/schema\/person\/6f650f90b2842cd4c0cc334b4e36f67e"},"headline":"Bank BSU vermeldet solides Halbjahresergebnis","datePublished":"2020-08-19T10:00:44+00:00","mainEntityOfPage":{"@id":"https:\/\/www.organisator.ch\/management\/finanzen_recht\/2020-08-19\/bank-bsu-vermeldet-solides-halbjahresergebnis\/"},"wordCount":651,"publisher":{"@id":"https:\/\/www.organisator.ch\/#organization"},"image":{"@id":"https:\/\/www.organisator.ch\/management\/finanzen_recht\/2020-08-19\/bank-bsu-vermeldet-solides-halbjahresergebnis\/#primaryimage"},"thumbnailUrl":"https:\/\/www.organisator.ch\/wp-content\/uploads\/2020\/08\/Bank-BSU-vermeldet-solides-Halbjahresergebnis_Organisator.jpg","keywords":["Finanzen\/Recht","Management und Unternehmensf\u00fchrung","Unternehmen"],"articleSection":["FINANZEN\/RECHT"],"inLanguage":"fr-FR"},{"@type":"WebPage","@id":"https:\/\/www.organisator.ch\/management\/finanzen_recht\/2020-08-19\/bank-bsu-vermeldet-solides-halbjahresergebnis\/","url":"https:\/\/www.organisator.ch\/management\/finanzen_recht\/2020-08-19\/bank-bsu-vermeldet-solides-halbjahresergebnis\/","name":"La banque BSU annonce de solides r\u00e9sultats semestriels - Organisateur","isPartOf":{"@id":"https:\/\/www.organisator.ch\/#website"},"primaryImageOfPage":{"@id":"https:\/\/www.organisator.ch\/management\/finanzen_recht\/2020-08-19\/bank-bsu-vermeldet-solides-halbjahresergebnis\/#primaryimage"},"image":{"@id":"https:\/\/www.organisator.ch\/management\/finanzen_recht\/2020-08-19\/bank-bsu-vermeldet-solides-halbjahresergebnis\/#primaryimage"},"thumbnailUrl":"https:\/\/www.organisator.ch\/wp-content\/uploads\/2020\/08\/Bank-BSU-vermeldet-solides-Halbjahresergebnis_Organisator.jpg","datePublished":"2020-08-19T10:00:44+00:00","description":"Apr\u00e8s la tenue de l'assembl\u00e9e g\u00e9n\u00e9rale en petit comit\u00e9, conditionn\u00e9e par la COVID-19, la Banque r\u00e9gionale BSU pr\u00e9sente un solide r\u00e9sultat semestriel.","breadcrumb":{"@id":"https:\/\/www.organisator.ch\/management\/finanzen_recht\/2020-08-19\/bank-bsu-vermeldet-solides-halbjahresergebnis\/#breadcrumb"},"inLanguage":"fr-FR","potentialAction":[{"@type":"ReadAction","target":["https:\/\/www.organisator.ch\/management\/finanzen_recht\/2020-08-19\/bank-bsu-vermeldet-solides-halbjahresergebnis\/"]}]},{"@type":"ImageObject","inLanguage":"fr-FR","@id":"https:\/\/www.organisator.ch\/management\/finanzen_recht\/2020-08-19\/bank-bsu-vermeldet-solides-halbjahresergebnis\/#primaryimage","url":"https:\/\/www.organisator.ch\/wp-content\/uploads\/2020\/08\/Bank-BSU-vermeldet-solides-Halbjahresergebnis_Organisator.jpg","contentUrl":"https:\/\/www.organisator.ch\/wp-content\/uploads\/2020\/08\/Bank-BSU-vermeldet-solides-Halbjahresergebnis_Organisator.jpg","width":680,"height":453,"caption":"GV \"im kleinen Kreis\": Die Bank BSU erh\u00e4lt mit Allegra Sosso ein neues Verwaltungsratsmitglied. (Bild: Bank BSU)"},{"@type":"BreadcrumbList","@id":"https:\/\/www.organisator.ch\/management\/finanzen_recht\/2020-08-19\/bank-bsu-vermeldet-solides-halbjahresergebnis\/#breadcrumb","itemListElement":[{"@type":"ListItem","position":1,"name":"Home","item":"https:\/\/www.organisator.ch\/"},{"@type":"ListItem","position":2,"name":"Bank BSU vermeldet solides Halbjahresergebnis"}]},{"@type":"WebSite","@id":"https:\/\/www.organisator.ch\/#website","url":"https:\/\/www.organisator.ch\/","name":"Organisateur","description":"Comp\u00e9tence et comp\u00e9tence. Proches de la pratique. L'ORGANISATEUR pr\u00e9pare 10 num\u00e9ros par an sur les th\u00e8mes essentiels pour les dirigeants de PME.","publisher":{"@id":"https:\/\/www.organisator.ch\/#organization"},"potentialAction":[{"@type":"SearchAction","target":{"@type":"EntryPoint","urlTemplate":"https:\/\/www.organisator.ch\/?s={search_term_string}"},"query-input":{"@type":"PropertyValueSpecification","valueRequired":true,"valueName":"search_term_string"}}],"inLanguage":"fr-FR"},{"@type":"Organization","@id":"https:\/\/www.organisator.ch\/#organization","name":"Organisateur","url":"https:\/\/www.organisator.ch\/","logo":{"@type":"ImageObject","inLanguage":"fr-FR","@id":"https:\/\/www.organisator.ch\/#\/schema\/logo\/image\/","url":"https:\/\/www.organisator.ch\/wp-content\/uploads\/2022\/01\/Logo_Organisator_Website.png","contentUrl":"https:\/\/www.organisator.ch\/wp-content\/uploads\/2022\/01\/Logo_Organisator_Website.png","width":800,"height":77,"caption":"Organisator"},"image":{"@id":"https:\/\/www.organisator.ch\/#\/schema\/logo\/image\/"},"sameAs":["https:\/\/www.facebook.com\/OrganisatorFachmagazin","https:\/\/www.linkedin.com\/showcase\/organisator-das-magazin-fr-kmu","https:\/\/www.xing.com\/news\/pages\/organisator-ch-695","https:\/\/www.youtube.com\/channel\/UCGP2Sq0iWaZwT3BdIAQFYpw"]},{"@type":"Person","@id":"https:\/\/www.organisator.ch\/#\/schema\/person\/6f650f90b2842cd4c0cc334b4e36f67e","name":"thomas.berner","image":{"@type":"ImageObject","inLanguage":"fr-FR","@id":"https:\/\/secure.gravatar.com\/avatar\/ac5001d2a36cb6c6cd3e50789007ffca834b477b74a2144564522e944eabff61?s=96&d=mm&r=g","url":"https:\/\/secure.gravatar.com\/avatar\/ac5001d2a36cb6c6cd3e50789007ffca834b477b74a2144564522e944eabff61?s=96&d=mm&r=g","contentUrl":"https:\/\/secure.gravatar.com\/avatar\/ac5001d2a36cb6c6cd3e50789007ffca834b477b74a2144564522e944eabff61?s=96&d=mm&r=g","caption":"thomas.berner"},"url":"https:\/\/www.organisator.ch\/fr\/author\/thomas-berner\/"}]}},"_links":{"self":[{"href":"https:\/\/www.organisator.ch\/fr\/wp-json\/wp\/v2\/posts\/7017","targetHints":{"allow":["GET"]}}],"collection":[{"href":"https:\/\/www.organisator.ch\/fr\/wp-json\/wp\/v2\/posts"}],"about":[{"href":"https:\/\/www.organisator.ch\/fr\/wp-json\/wp\/v2\/types\/post"}],"author":[{"embeddable":true,"href":"https:\/\/www.organisator.ch\/fr\/wp-json\/wp\/v2\/users\/4"}],"replies":[{"embeddable":true,"href":"https:\/\/www.organisator.ch\/fr\/wp-json\/wp\/v2\/comments?post=7017"}],"version-history":[{"count":0,"href":"https:\/\/www.organisator.ch\/fr\/wp-json\/wp\/v2\/posts\/7017\/revisions"}],"wp:featuredmedia":[{"embeddable":true,"href":"https:\/\/www.organisator.ch\/fr\/wp-json\/wp\/v2\/media\/7018"}],"wp:attachment":[{"href":"https:\/\/www.organisator.ch\/fr\/wp-json\/wp\/v2\/media?parent=7017"}],"wp:term":[{"taxonomy":"category","embeddable":true,"href":"https:\/\/www.organisator.ch\/fr\/wp-json\/wp\/v2\/categories?post=7017"},{"taxonomy":"post_tag","embeddable":true,"href":"https:\/\/www.organisator.ch\/fr\/wp-json\/wp\/v2\/tags?post=7017"}],"curies":[{"name":"wp","href":"https:\/\/api.w.org\/{rel}","templated":true}]}}