{"id":702,"date":"2016-10-05T15:40:49","date_gmt":"2016-10-05T13:40:49","guid":{"rendered":"http:\/\/dev.organisator.ch\/?p=702"},"modified":"2016-10-05T15:40:49","modified_gmt":"2016-10-05T13:40:49","slug":"neue-kooperation-zwischen-der-sawi-und-der-zhaw","status":"publish","type":"post","link":"https:\/\/www.organisator.ch\/fr\/human-resources\/fit_im_job\/2016-10-05\/neue-kooperation-zwischen-der-sawi-und-der-zhaw\/","title":{"rendered":"Nouvelle coop\u00e9ration entre la SAWI et la ZHAW"},"content":{"rendered":"<figure id=\"attachment_703\" aria-describedby=\"caption-attachment-703\" style=\"width: 481px\" class=\"wp-caption alignnone\"><img loading=\"lazy\" decoding=\"async\" class=\"size-full wp-image-703\" src=\"https:\/\/www.organisator.ch\/wp-content\/uploads\/2016\/12\/Neue-Kooperation-zwischen-der-SAWI-und-der-ZHAW-organisator.jpg\" alt=\"\" width=\"481\" height=\"300\" srcset=\"https:\/\/www.organisator.ch\/wp-content\/uploads\/2016\/12\/Neue-Kooperation-zwischen-der-SAWI-und-der-ZHAW-organisator.jpg 481w, https:\/\/www.organisator.ch\/wp-content\/uploads\/2016\/12\/Neue-Kooperation-zwischen-der-SAWI-und-der-ZHAW-organisator-16x10.jpg 16w, https:\/\/www.organisator.ch\/wp-content\/uploads\/2016\/12\/Neue-Kooperation-zwischen-der-SAWI-und-der-ZHAW-organisator-281x175.jpg 281w, https:\/\/www.organisator.ch\/wp-content\/uploads\/2016\/12\/Neue-Kooperation-zwischen-der-SAWI-und-der-ZHAW-organisator-300x187.jpg 300w\" sizes=\"auto, (max-width: 481px) 100vw, 481px\" \/><figcaption id=\"caption-attachment-703\" class=\"wp-caption-text\">SAWI et ZHAW, une coop\u00e9ration qui ouvre des portes (photo : SAWI)<\/figcaption><\/figure>\n<p>Les personnes qui suivront la \"H\u00f6here Fachschule Marketing\" \u00e0 la SAWI \u00e0 partir de f\u00e9vrier ou d'ao\u00fbt 2017 auront la possibilit\u00e9 de faire valider ce dipl\u00f4me comme prestation pr\u00e9alable au \"Master Marketing Management\" de la ZHAW Winterthur.<\/p>\n<p><strong>Manager marketing ES (possible en deux ans)<\/strong><br \/>\nLa formation de trois ans en marketing manager ES d\u00e9butera en f\u00e9vrier 2017. Pendant la premi\u00e8re ann\u00e9e, il est possible d'obtenir un dipl\u00f4me de sp\u00e9cialiste en marketing ou en vente. Les personnes d\u00e9j\u00e0 titulaires d'un brevet f\u00e9d\u00e9ral en marketing ou en vente peuvent suivre la formation en deux ans \u00e0 partir d'ao\u00fbt 2017 \u00e0 la SAWI.<\/p>\n<p><em><strong>Mod\u00e8le d'avenir professionnel : savoir pratique de la SAWI et formation continue acad\u00e9mique \u00e0 la ZHAW<\/strong><\/em><br \/>\nAujourd'hui, il est important pour les entreprises d'avoir sous la main des sp\u00e9cialistes qui ont le bon flair pour le march\u00e9 et qui sont capables de comprendre les relations \u00e9conomiques et sociales. Un pont entre les \u00e9tudes orient\u00e9es vers la pratique \u00e0 la SAWI et la formation continue acad\u00e9mique \u00e0 la ZHAW comble cette lacune et permet aux \u00e9tudiants ambitieux de s'engager dans cette voie riche en potentiel.<\/p>\n<p>Pour en savoir plus sur la coop\u00e9ration entre la ZHAW et la SAWI D\u00fcbendorf, voir <a href=\"http:\/\/www.sawi.com\" target=\"_blank\" rel=\"noreferrer noopener\" data-cke-saved-href=\"http:\/\/www.sawi.com\">www.sawi.com<\/a><\/p>","protected":false},"excerpt":{"rendered":"<p>Wer ab Februar oder August 2017 die &#8222;H\u00f6here Fachschule Marketing&#8220; an der SAWI absolviert, hat die M\u00f6glichkeit, sich diesen Abschluss als Vorleistung an den &#8222;Master Marketing Management&#8220; an der ZHAW Winterthur anrechnen zu lassen. Marketingmanager HF (in zwei Jahren m\u00f6glich) Im Februar 2017 startet der dreij\u00e4hrige Lehrgang Marketingmanager HF. Darin kann w\u00e4hrend des ersten Jahres [&hellip;]<\/p>\n","protected":false},"author":1,"featured_media":703,"comment_status":"open","ping_status":"open","sticky":false,"template":"","format":"standard","meta":{"_acf_changed":false,"_yoast_wpseo_focuskw":"Kooperation","_yoast_wpseo_metadesc":"Die SAWI bietet in Kooperation mit der ZHAW Winterthur Studierenden mit dem SAWI-Abschluss \u00abMarketingmanager HF\u00bb die M\u00f6glichkeit zum Einstieg in den Masterstudiengang \u00abMAS Marketing Management\u00bb der ZHAW Winterthur.","articlekey":"","footnotes":""},"categories":[25],"tags":[208],"class_list":["post-702","post","type-post","status-publish","format-standard","has-post-thumbnail","hentry","category-fit_im_job","tag-fit-im-job"],"acf":[],"yoast_head":"<!-- This site is optimized with the Yoast SEO plugin v27.5 - https:\/\/yoast.com\/product\/yoast-seo-wordpress\/ -->\n<title>Neue Kooperation zwischen der SAWI und der ZHAW - Organisator<\/title>\n<meta name=\"description\" content=\"Die SAWI bietet in Kooperation mit der ZHAW Winterthur Studierenden mit dem SAWI-Abschluss \u00abMarketingmanager HF\u00bb die M\u00f6glichkeit zum Einstieg in den Masterstudiengang \u00abMAS Marketing Management\u00bb der ZHAW Winterthur.\" \/>\n<meta name=\"robots\" content=\"index, follow, max-snippet:-1, max-image-preview:large, max-video-preview:-1\" \/>\n<link rel=\"canonical\" href=\"https:\/\/www.organisator.ch\/fr\/ressources-humaines\/fit_im_job\/2016-10-05\/neue-kooperation-zwischen-der-sawi-und-der-zhaw\/\" \/>\n<meta property=\"og:locale\" content=\"fr_FR\" \/>\n<meta property=\"og:type\" content=\"article\" \/>\n<meta property=\"og:title\" content=\"Neue Kooperation zwischen der SAWI und der ZHAW\" \/>\n<meta property=\"og:description\" content=\"Die SAWI bietet in Kooperation mit der ZHAW Winterthur Studierenden mit dem SAWI-Abschluss \u00abMarketingmanager HF\u00bb die M\u00f6glichkeit zum Einstieg in den Masterstudiengang \u00abMAS Marketing Management\u00bb der ZHAW Winterthur.\" \/>\n<meta property=\"og:url\" content=\"https:\/\/www.organisator.ch\/fr\/ressources-humaines\/fit_im_job\/2016-10-05\/neue-kooperation-zwischen-der-sawi-und-der-zhaw\/\" \/>\n<meta property=\"og:site_name\" content=\"Organisator\" \/>\n<meta property=\"article:publisher\" content=\"https:\/\/www.facebook.com\/OrganisatorFachmagazin\" \/>\n<meta property=\"article:published_time\" content=\"2016-10-05T13:40:49+00:00\" \/>\n<meta name=\"author\" content=\"admin\" \/>\n<meta name=\"twitter:card\" content=\"summary_large_image\" \/>\n<meta name=\"twitter:image\" content=\"https:\/\/www.organisator.ch\/wp-content\/uploads\/2016\/12\/Neue-Kooperation-zwischen-der-SAWI-und-der-ZHAW-organisator.jpg\" \/>\n<script type=\"application\/ld+json\" class=\"yoast-schema-graph\">{\"@context\":\"https:\\\/\\\/schema.org\",\"@graph\":[{\"@type\":\"Article\",\"@id\":\"https:\\\/\\\/www.organisator.ch\\\/human-resources\\\/fit_im_job\\\/2016-10-05\\\/neue-kooperation-zwischen-der-sawi-und-der-zhaw\\\/#article\",\"isPartOf\":{\"@id\":\"https:\\\/\\\/www.organisator.ch\\\/human-resources\\\/fit_im_job\\\/2016-10-05\\\/neue-kooperation-zwischen-der-sawi-und-der-zhaw\\\/\"},\"author\":{\"name\":\"admin\",\"@id\":\"https:\\\/\\\/www.organisator.ch\\\/#\\\/schema\\\/person\\\/aa2bace6c5c5aad60102004a50c4eb1c\"},\"headline\":\"Neue Kooperation zwischen der SAWI und der ZHAW\",\"datePublished\":\"2016-10-05T13:40:49+00:00\",\"mainEntityOfPage\":{\"@id\":\"https:\\\/\\\/www.organisator.ch\\\/human-resources\\\/fit_im_job\\\/2016-10-05\\\/neue-kooperation-zwischen-der-sawi-und-der-zhaw\\\/\"},\"wordCount\":207,\"commentCount\":0,\"publisher\":{\"@id\":\"https:\\\/\\\/www.organisator.ch\\\/#organization\"},\"image\":{\"@id\":\"https:\\\/\\\/www.organisator.ch\\\/human-resources\\\/fit_im_job\\\/2016-10-05\\\/neue-kooperation-zwischen-der-sawi-und-der-zhaw\\\/#primaryimage\"},\"thumbnailUrl\":\"https:\\\/\\\/www.organisator.ch\\\/wp-content\\\/uploads\\\/2016\\\/12\\\/Neue-Kooperation-zwischen-der-SAWI-und-der-ZHAW-organisator.jpg\",\"keywords\":[\"Fit im Job\"],\"articleSection\":[\"FIT IM JOB\"],\"inLanguage\":\"fr-FR\"},{\"@type\":\"WebPage\",\"@id\":\"https:\\\/\\\/www.organisator.ch\\\/human-resources\\\/fit_im_job\\\/2016-10-05\\\/neue-kooperation-zwischen-der-sawi-und-der-zhaw\\\/\",\"url\":\"https:\\\/\\\/www.organisator.ch\\\/human-resources\\\/fit_im_job\\\/2016-10-05\\\/neue-kooperation-zwischen-der-sawi-und-der-zhaw\\\/\",\"name\":\"Neue Kooperation zwischen der SAWI und der ZHAW - Organisator\",\"isPartOf\":{\"@id\":\"https:\\\/\\\/www.organisator.ch\\\/#website\"},\"primaryImageOfPage\":{\"@id\":\"https:\\\/\\\/www.organisator.ch\\\/human-resources\\\/fit_im_job\\\/2016-10-05\\\/neue-kooperation-zwischen-der-sawi-und-der-zhaw\\\/#primaryimage\"},\"image\":{\"@id\":\"https:\\\/\\\/www.organisator.ch\\\/human-resources\\\/fit_im_job\\\/2016-10-05\\\/neue-kooperation-zwischen-der-sawi-und-der-zhaw\\\/#primaryimage\"},\"thumbnailUrl\":\"https:\\\/\\\/www.organisator.ch\\\/wp-content\\\/uploads\\\/2016\\\/12\\\/Neue-Kooperation-zwischen-der-SAWI-und-der-ZHAW-organisator.jpg\",\"datePublished\":\"2016-10-05T13:40:49+00:00\",\"description\":\"Die SAWI bietet in Kooperation mit der ZHAW Winterthur Studierenden mit dem SAWI-Abschluss \u00abMarketingmanager HF\u00bb die M\u00f6glichkeit zum Einstieg in den Masterstudiengang \u00abMAS Marketing Management\u00bb der ZHAW Winterthur.\",\"breadcrumb\":{\"@id\":\"https:\\\/\\\/www.organisator.ch\\\/human-resources\\\/fit_im_job\\\/2016-10-05\\\/neue-kooperation-zwischen-der-sawi-und-der-zhaw\\\/#breadcrumb\"},\"inLanguage\":\"fr-FR\",\"potentialAction\":[{\"@type\":\"ReadAction\",\"target\":[\"https:\\\/\\\/www.organisator.ch\\\/human-resources\\\/fit_im_job\\\/2016-10-05\\\/neue-kooperation-zwischen-der-sawi-und-der-zhaw\\\/\"]}]},{\"@type\":\"ImageObject\",\"inLanguage\":\"fr-FR\",\"@id\":\"https:\\\/\\\/www.organisator.ch\\\/human-resources\\\/fit_im_job\\\/2016-10-05\\\/neue-kooperation-zwischen-der-sawi-und-der-zhaw\\\/#primaryimage\",\"url\":\"https:\\\/\\\/www.organisator.ch\\\/wp-content\\\/uploads\\\/2016\\\/12\\\/Neue-Kooperation-zwischen-der-SAWI-und-der-ZHAW-organisator.jpg\",\"contentUrl\":\"https:\\\/\\\/www.organisator.ch\\\/wp-content\\\/uploads\\\/2016\\\/12\\\/Neue-Kooperation-zwischen-der-SAWI-und-der-ZHAW-organisator.jpg\",\"width\":481,\"height\":300,\"caption\":\"SAWI und ZHAW, eine Kooperation, die T\u00fcren \u00f6ffnet (Bild: SAWI)\"},{\"@type\":\"BreadcrumbList\",\"@id\":\"https:\\\/\\\/www.organisator.ch\\\/human-resources\\\/fit_im_job\\\/2016-10-05\\\/neue-kooperation-zwischen-der-sawi-und-der-zhaw\\\/#breadcrumb\",\"itemListElement\":[{\"@type\":\"ListItem\",\"position\":1,\"name\":\"Home\",\"item\":\"https:\\\/\\\/www.organisator.ch\\\/\"},{\"@type\":\"ListItem\",\"position\":2,\"name\":\"Neue Kooperation zwischen der SAWI und der ZHAW\"}]},{\"@type\":\"WebSite\",\"@id\":\"https:\\\/\\\/www.organisator.ch\\\/#website\",\"url\":\"https:\\\/\\\/www.organisator.ch\\\/\",\"name\":\"Organisator\",\"description\":\"Kompetent. Praxisnah. Der ORGANISATOR bereitet in 10 Ausgaben pro Jahr die wesentlichen Themen f\u00fcr F\u00fchrungskr\u00e4fte von KMU auf.\",\"publisher\":{\"@id\":\"https:\\\/\\\/www.organisator.ch\\\/#organization\"},\"potentialAction\":[{\"@type\":\"SearchAction\",\"target\":{\"@type\":\"EntryPoint\",\"urlTemplate\":\"https:\\\/\\\/www.organisator.ch\\\/?s={search_term_string}\"},\"query-input\":{\"@type\":\"PropertyValueSpecification\",\"valueRequired\":true,\"valueName\":\"search_term_string\"}}],\"inLanguage\":\"fr-FR\"},{\"@type\":\"Organization\",\"@id\":\"https:\\\/\\\/www.organisator.ch\\\/#organization\",\"name\":\"Organisator\",\"url\":\"https:\\\/\\\/www.organisator.ch\\\/\",\"logo\":{\"@type\":\"ImageObject\",\"inLanguage\":\"fr-FR\",\"@id\":\"https:\\\/\\\/www.organisator.ch\\\/#\\\/schema\\\/logo\\\/image\\\/\",\"url\":\"https:\\\/\\\/www.organisator.ch\\\/wp-content\\\/uploads\\\/2022\\\/01\\\/Logo_Organisator_Website.png\",\"contentUrl\":\"https:\\\/\\\/www.organisator.ch\\\/wp-content\\\/uploads\\\/2022\\\/01\\\/Logo_Organisator_Website.png\",\"width\":800,\"height\":77,\"caption\":\"Organisator\"},\"image\":{\"@id\":\"https:\\\/\\\/www.organisator.ch\\\/#\\\/schema\\\/logo\\\/image\\\/\"},\"sameAs\":[\"https:\\\/\\\/www.facebook.com\\\/OrganisatorFachmagazin\",\"https:\\\/\\\/www.linkedin.com\\\/showcase\\\/organisator-das-magazin-fr-kmu\",\"https:\\\/\\\/www.xing.com\\\/news\\\/pages\\\/organisator-ch-695\",\"https:\\\/\\\/www.youtube.com\\\/channel\\\/UCGP2Sq0iWaZwT3BdIAQFYpw\"]},{\"@type\":\"Person\",\"@id\":\"https:\\\/\\\/www.organisator.ch\\\/#\\\/schema\\\/person\\\/aa2bace6c5c5aad60102004a50c4eb1c\",\"name\":\"admin\",\"image\":{\"@type\":\"ImageObject\",\"inLanguage\":\"fr-FR\",\"@id\":\"https:\\\/\\\/secure.gravatar.com\\\/avatar\\\/ae2f4d718e6c49043e314ce431e7e645d646302a24a5ef5a8bc8e3f5a032e319?s=96&d=mm&r=g\",\"url\":\"https:\\\/\\\/secure.gravatar.com\\\/avatar\\\/ae2f4d718e6c49043e314ce431e7e645d646302a24a5ef5a8bc8e3f5a032e319?s=96&d=mm&r=g\",\"contentUrl\":\"https:\\\/\\\/secure.gravatar.com\\\/avatar\\\/ae2f4d718e6c49043e314ce431e7e645d646302a24a5ef5a8bc8e3f5a032e319?s=96&d=mm&r=g\",\"caption\":\"admin\"},\"sameAs\":[\"https:\\\/\\\/www.organisator.ch\"],\"url\":\"https:\\\/\\\/www.organisator.ch\\\/fr\\\/author\\\/admin\\\/\"}]}<\/script>\n<!-- \/ Yoast SEO plugin. -->","yoast_head_json":{"title":"Nouvelle coop\u00e9ration entre la SAWI et la ZHAW - Organisateur","description":"En coop\u00e9ration avec la ZHAW Winterthur, la SAWI offre aux \u00e9tudiants titulaires du dipl\u00f4me SAWI \"Marketingmanager HF\" la possibilit\u00e9 d'acc\u00e9der \u00e0 la fili\u00e8re de master \"MAS Marketing Management\" de la ZHAW Winterthur.","robots":{"index":"index","follow":"follow","max-snippet":"max-snippet:-1","max-image-preview":"max-image-preview:large","max-video-preview":"max-video-preview:-1"},"canonical":"https:\/\/www.organisator.ch\/fr\/ressources-humaines\/fit_im_job\/2016-10-05\/neue-kooperation-zwischen-der-sawi-und-der-zhaw\/","og_locale":"fr_FR","og_type":"article","og_title":"Neue Kooperation zwischen der SAWI und der ZHAW","og_description":"Die SAWI bietet in Kooperation mit der ZHAW Winterthur Studierenden mit dem SAWI-Abschluss \u00abMarketingmanager HF\u00bb die M\u00f6glichkeit zum Einstieg in den Masterstudiengang \u00abMAS Marketing Management\u00bb der ZHAW Winterthur.","og_url":"https:\/\/www.organisator.ch\/fr\/ressources-humaines\/fit_im_job\/2016-10-05\/neue-kooperation-zwischen-der-sawi-und-der-zhaw\/","og_site_name":"Organisator","article_publisher":"https:\/\/www.facebook.com\/OrganisatorFachmagazin","article_published_time":"2016-10-05T13:40:49+00:00","author":"admin","twitter_card":"summary_large_image","twitter_image":"https:\/\/www.organisator.ch\/wp-content\/uploads\/2016\/12\/Neue-Kooperation-zwischen-der-SAWI-und-der-ZHAW-organisator.jpg","schema":{"@context":"https:\/\/schema.org","@graph":[{"@type":"Article","@id":"https:\/\/www.organisator.ch\/human-resources\/fit_im_job\/2016-10-05\/neue-kooperation-zwischen-der-sawi-und-der-zhaw\/#article","isPartOf":{"@id":"https:\/\/www.organisator.ch\/human-resources\/fit_im_job\/2016-10-05\/neue-kooperation-zwischen-der-sawi-und-der-zhaw\/"},"author":{"name":"admin","@id":"https:\/\/www.organisator.ch\/#\/schema\/person\/aa2bace6c5c5aad60102004a50c4eb1c"},"headline":"Neue Kooperation zwischen der SAWI und der ZHAW","datePublished":"2016-10-05T13:40:49+00:00","mainEntityOfPage":{"@id":"https:\/\/www.organisator.ch\/human-resources\/fit_im_job\/2016-10-05\/neue-kooperation-zwischen-der-sawi-und-der-zhaw\/"},"wordCount":207,"commentCount":0,"publisher":{"@id":"https:\/\/www.organisator.ch\/#organization"},"image":{"@id":"https:\/\/www.organisator.ch\/human-resources\/fit_im_job\/2016-10-05\/neue-kooperation-zwischen-der-sawi-und-der-zhaw\/#primaryimage"},"thumbnailUrl":"https:\/\/www.organisator.ch\/wp-content\/uploads\/2016\/12\/Neue-Kooperation-zwischen-der-SAWI-und-der-ZHAW-organisator.jpg","keywords":["Fit im Job"],"articleSection":["FIT IM JOB"],"inLanguage":"fr-FR"},{"@type":"WebPage","@id":"https:\/\/www.organisator.ch\/human-resources\/fit_im_job\/2016-10-05\/neue-kooperation-zwischen-der-sawi-und-der-zhaw\/","url":"https:\/\/www.organisator.ch\/human-resources\/fit_im_job\/2016-10-05\/neue-kooperation-zwischen-der-sawi-und-der-zhaw\/","name":"Nouvelle coop\u00e9ration entre la SAWI et la ZHAW - Organisateur","isPartOf":{"@id":"https:\/\/www.organisator.ch\/#website"},"primaryImageOfPage":{"@id":"https:\/\/www.organisator.ch\/human-resources\/fit_im_job\/2016-10-05\/neue-kooperation-zwischen-der-sawi-und-der-zhaw\/#primaryimage"},"image":{"@id":"https:\/\/www.organisator.ch\/human-resources\/fit_im_job\/2016-10-05\/neue-kooperation-zwischen-der-sawi-und-der-zhaw\/#primaryimage"},"thumbnailUrl":"https:\/\/www.organisator.ch\/wp-content\/uploads\/2016\/12\/Neue-Kooperation-zwischen-der-SAWI-und-der-ZHAW-organisator.jpg","datePublished":"2016-10-05T13:40:49+00:00","description":"En coop\u00e9ration avec la ZHAW Winterthur, la SAWI offre aux \u00e9tudiants titulaires du dipl\u00f4me SAWI \"Marketingmanager HF\" la possibilit\u00e9 d'acc\u00e9der \u00e0 la fili\u00e8re de master \"MAS Marketing Management\" de la ZHAW Winterthur.","breadcrumb":{"@id":"https:\/\/www.organisator.ch\/human-resources\/fit_im_job\/2016-10-05\/neue-kooperation-zwischen-der-sawi-und-der-zhaw\/#breadcrumb"},"inLanguage":"fr-FR","potentialAction":[{"@type":"ReadAction","target":["https:\/\/www.organisator.ch\/human-resources\/fit_im_job\/2016-10-05\/neue-kooperation-zwischen-der-sawi-und-der-zhaw\/"]}]},{"@type":"ImageObject","inLanguage":"fr-FR","@id":"https:\/\/www.organisator.ch\/human-resources\/fit_im_job\/2016-10-05\/neue-kooperation-zwischen-der-sawi-und-der-zhaw\/#primaryimage","url":"https:\/\/www.organisator.ch\/wp-content\/uploads\/2016\/12\/Neue-Kooperation-zwischen-der-SAWI-und-der-ZHAW-organisator.jpg","contentUrl":"https:\/\/www.organisator.ch\/wp-content\/uploads\/2016\/12\/Neue-Kooperation-zwischen-der-SAWI-und-der-ZHAW-organisator.jpg","width":481,"height":300,"caption":"SAWI und ZHAW, eine Kooperation, die T\u00fcren \u00f6ffnet (Bild: SAWI)"},{"@type":"BreadcrumbList","@id":"https:\/\/www.organisator.ch\/human-resources\/fit_im_job\/2016-10-05\/neue-kooperation-zwischen-der-sawi-und-der-zhaw\/#breadcrumb","itemListElement":[{"@type":"ListItem","position":1,"name":"Home","item":"https:\/\/www.organisator.ch\/"},{"@type":"ListItem","position":2,"name":"Neue Kooperation zwischen der SAWI und der ZHAW"}]},{"@type":"WebSite","@id":"https:\/\/www.organisator.ch\/#website","url":"https:\/\/www.organisator.ch\/","name":"Organisateur","description":"Comp\u00e9tence et comp\u00e9tence. Proches de la pratique. L'ORGANISATEUR pr\u00e9pare 10 num\u00e9ros par an sur les th\u00e8mes essentiels pour les dirigeants de PME.","publisher":{"@id":"https:\/\/www.organisator.ch\/#organization"},"potentialAction":[{"@type":"SearchAction","target":{"@type":"EntryPoint","urlTemplate":"https:\/\/www.organisator.ch\/?s={search_term_string}"},"query-input":{"@type":"PropertyValueSpecification","valueRequired":true,"valueName":"search_term_string"}}],"inLanguage":"fr-FR"},{"@type":"Organization","@id":"https:\/\/www.organisator.ch\/#organization","name":"Organisateur","url":"https:\/\/www.organisator.ch\/","logo":{"@type":"ImageObject","inLanguage":"fr-FR","@id":"https:\/\/www.organisator.ch\/#\/schema\/logo\/image\/","url":"https:\/\/www.organisator.ch\/wp-content\/uploads\/2022\/01\/Logo_Organisator_Website.png","contentUrl":"https:\/\/www.organisator.ch\/wp-content\/uploads\/2022\/01\/Logo_Organisator_Website.png","width":800,"height":77,"caption":"Organisator"},"image":{"@id":"https:\/\/www.organisator.ch\/#\/schema\/logo\/image\/"},"sameAs":["https:\/\/www.facebook.com\/OrganisatorFachmagazin","https:\/\/www.linkedin.com\/showcase\/organisator-das-magazin-fr-kmu","https:\/\/www.xing.com\/news\/pages\/organisator-ch-695","https:\/\/www.youtube.com\/channel\/UCGP2Sq0iWaZwT3BdIAQFYpw"]},{"@type":"Person","@id":"https:\/\/www.organisator.ch\/#\/schema\/person\/aa2bace6c5c5aad60102004a50c4eb1c","name":"admin","image":{"@type":"ImageObject","inLanguage":"fr-FR","@id":"https:\/\/secure.gravatar.com\/avatar\/ae2f4d718e6c49043e314ce431e7e645d646302a24a5ef5a8bc8e3f5a032e319?s=96&d=mm&r=g","url":"https:\/\/secure.gravatar.com\/avatar\/ae2f4d718e6c49043e314ce431e7e645d646302a24a5ef5a8bc8e3f5a032e319?s=96&d=mm&r=g","contentUrl":"https:\/\/secure.gravatar.com\/avatar\/ae2f4d718e6c49043e314ce431e7e645d646302a24a5ef5a8bc8e3f5a032e319?s=96&d=mm&r=g","caption":"admin"},"sameAs":["https:\/\/www.organisator.ch"],"url":"https:\/\/www.organisator.ch\/fr\/author\/admin\/"}]}},"_links":{"self":[{"href":"https:\/\/www.organisator.ch\/fr\/wp-json\/wp\/v2\/posts\/702","targetHints":{"allow":["GET"]}}],"collection":[{"href":"https:\/\/www.organisator.ch\/fr\/wp-json\/wp\/v2\/posts"}],"about":[{"href":"https:\/\/www.organisator.ch\/fr\/wp-json\/wp\/v2\/types\/post"}],"author":[{"embeddable":true,"href":"https:\/\/www.organisator.ch\/fr\/wp-json\/wp\/v2\/users\/1"}],"replies":[{"embeddable":true,"href":"https:\/\/www.organisator.ch\/fr\/wp-json\/wp\/v2\/comments?post=702"}],"version-history":[{"count":0,"href":"https:\/\/www.organisator.ch\/fr\/wp-json\/wp\/v2\/posts\/702\/revisions"}],"wp:featuredmedia":[{"embeddable":true,"href":"https:\/\/www.organisator.ch\/fr\/wp-json\/wp\/v2\/media\/703"}],"wp:attachment":[{"href":"https:\/\/www.organisator.ch\/fr\/wp-json\/wp\/v2\/media?parent=702"}],"wp:term":[{"taxonomy":"category","embeddable":true,"href":"https:\/\/www.organisator.ch\/fr\/wp-json\/wp\/v2\/categories?post=702"},{"taxonomy":"post_tag","embeddable":true,"href":"https:\/\/www.organisator.ch\/fr\/wp-json\/wp\/v2\/tags?post=702"}],"curies":[{"name":"wp","href":"https:\/\/api.w.org\/{rel}","templated":true}]}}