{"id":7035,"date":"2020-08-20T14:27:51","date_gmt":"2020-08-20T12:27:51","guid":{"rendered":"https:\/\/www.organisator.ch\/?p=7035"},"modified":"2020-08-20T14:27:51","modified_gmt":"2020-08-20T12:27:51","slug":"fuehrungswechsel-bei-der-schibli-gruppe-von-jan-schibli-zu-stefan-witzig","status":"publish","type":"post","link":"https:\/\/www.organisator.ch\/fr\/management\/2020-08-20\/fuehrungswechsel-bei-der-schibli-gruppe-von-jan-schibli-zu-stefan-witzig\/","title":{"rendered":"Changement de direction au sein du groupe Schibli : de Jan Schibli \u00e0 Stefan Witzig"},"content":{"rendered":"<figure id=\"attachment_7036\" aria-describedby=\"caption-attachment-7036\" style=\"width: 680px\" class=\"wp-caption alignnone\"><img loading=\"lazy\" decoding=\"async\" class=\"size-medium wp-image-7036\" src=\"https:\/\/www.organisator.ch\/wp-content\/uploads\/2020\/08\/Fuehrungswechsel-bei-der-Schibli-Gruppe-Von-Jan-Schibli-zu-Stefan-Witzig_Organisator.jpg\" alt=\"\" width=\"680\" height=\"497\" srcset=\"https:\/\/www.organisator.ch\/wp-content\/uploads\/2020\/08\/Fuehrungswechsel-bei-der-Schibli-Gruppe-Von-Jan-Schibli-zu-Stefan-Witzig_Organisator.jpg 680w, https:\/\/www.organisator.ch\/wp-content\/uploads\/2020\/08\/Fuehrungswechsel-bei-der-Schibli-Gruppe-Von-Jan-Schibli-zu-Stefan-Witzig_Organisator-16x12.jpg 16w, https:\/\/www.organisator.ch\/wp-content\/uploads\/2020\/08\/Fuehrungswechsel-bei-der-Schibli-Gruppe-Von-Jan-Schibli-zu-Stefan-Witzig_Organisator-239x175.jpg 239w, https:\/\/www.organisator.ch\/wp-content\/uploads\/2020\/08\/Fuehrungswechsel-bei-der-Schibli-Gruppe-Von-Jan-Schibli-zu-Stefan-Witzig_Organisator-479x350.jpg 479w, https:\/\/www.organisator.ch\/wp-content\/uploads\/2020\/08\/Fuehrungswechsel-bei-der-Schibli-Gruppe-Von-Jan-Schibli-zu-Stefan-Witzig_Organisator-300x219.jpg 300w\" sizes=\"auto, (max-width: 680px) 100vw, 680px\" \/><figcaption id=\"caption-attachment-7036\" class=\"wp-caption-text\">Jan Schibli (\u00e0 gauche) transmet la responsabilit\u00e9 op\u00e9rationnelle du groupe Schibli \u00e0 Stefan Witzig. (Image : zVg)<\/figcaption><\/figure>\n<p>Au cours de l'ann\u00e9e 2003, Jan Schibli a repris la direction de Hans K. Schibli AG en tant que repr\u00e9sentant de la troisi\u00e8me g\u00e9n\u00e9ration de son p\u00e8re Hans J\u00f6rg Schibli et dirige l'entreprise en tant que CEO de la direction du groupe depuis d\u00e9but 2004. Depuis 2011, il est l'unique propri\u00e9taire de cette entreprise zurichoise riche en traditions, fond\u00e9e en 1937 par son grand-oncle Hans K. Schibli. Durant cette p\u00e9riode, il a fait \u00e9voluer l'entreprise du statut de simple installateur \u00e9lectrique \u00e0 celui de fournisseur complet dans le domaine de l'\u00e9lectrotechnique, avec une situation b\u00e9n\u00e9ficiaire durable et financi\u00e8rement saine. Le groupe Schibli r\u00e9unit aujourd'hui sous un m\u00eame toit des entreprises des secteurs de l'\u00e9lectrotechnique, de la technique du b\u00e2timent, de l'informatique\/communication, de l'automatisme et des \u00e9nergies renouvelables et emploie environ 550 collaborateurs, dont une centaine d'apprentis, sur 16 sites en Suisse et en Allemagne.<\/p>\n<h2>Transformation en une entreprise ax\u00e9e sur le march\u00e9<\/h2>\n<p>Jan Schibli commente sa d\u00e9cision : \"Au cours des derni\u00e8res ann\u00e9es, nous avons r\u00e9ussi \u00e0 faire \u00e9voluer l'entreprise familiale Schibli vers un groupe complet et une entreprise ax\u00e9e sur le march\u00e9, avec une gestion d'entreprise agile et un formidable sentiment de communaut\u00e9. Pour cela, il a fallu et il faut encore un changement profond de mentalit\u00e9, un abandon de la hi\u00e9rarchie traditionnelle, une d\u00e9l\u00e9gation de comp\u00e9tences et de responsabilit\u00e9s \u00e0 tous les niveaux. Aujourd'hui, le groupe Schibli est pr\u00eat \u00e0 passer \u00e0 l'\u00e9tape suivante, \u00e0 savoir une structure d'entreprise moderne avec des \u00e9quipes de comp\u00e9tences davantage bas\u00e9es sur le savoir-faire. Il s'agit de placer les meilleurs au meilleur endroit. Cela vaut aussi pour moi, et c'est pourquoi, dans le cadre de notre transformation en cours, le moment est venu d'assumer un nouveau r\u00f4le pour moi aussi\".<\/p>\n<h2>Repr\u00e9sentant du groupe Schibli \u00e0 l'ext\u00e9rieur<\/h2>\n<p>Le 1er septembre, Jan Schibli transmettra ses responsabilit\u00e9s \u00e0 son ancien directeur adjoint Stefan Witzig et, en tant que repr\u00e9sentant de la troisi\u00e8me g\u00e9n\u00e9ration d'entrepreneurs de la famille fondatrice, il se concentrera \u00e0 l'avenir sur les questions strat\u00e9giques et sur la d\u00e9fense de ses int\u00e9r\u00eats de propri\u00e9taire dans sa fonction de d\u00e9l\u00e9gu\u00e9 du conseil d'administration. Il reste responsable op\u00e9rationnel des entreprises du groupe Immobilen AG Rotula et Schibli Elektrotechnik GmbH \u00e0 Dresde (D) ainsi que du syst\u00e8me de pr\u00e9voyance du groupe Schibli en tant que responsable des assurances sociales. Dans son nouveau r\u00f4le, il assurera en revanche davantage la repr\u00e9sentation du groupe Schibli vers l'ext\u00e9rieur lors d'\u00e9v\u00e9nements de r\u00e9seautage et de manifestations et participera \u00e0 la pr\u00e9sentation sur le march\u00e9 et aux activit\u00e9s du groupe gr\u00e2ce \u00e0 son vaste r\u00e9seau de relations existant.<\/p>\n<h2>Stefan Witzig succ\u00e8de \u00e0 Jan Schibli<\/h2>\n<p>\"En tant que dirigeant engag\u00e9 et respect\u00e9, avec un palmar\u00e8s impressionnant depuis plus de 12 ans en tant que membre de la direction du groupe Schibli, ainsi qu'en tant que mon adjoint jusqu'\u00e0 pr\u00e9sent, Stefan Witzig dispose des conditions id\u00e9ales pour diriger la direction du groupe Schibli\", d\u00e9clare le propri\u00e9taire Jan Schibli. \"Au cours des derni\u00e8res ann\u00e9es, il a contribu\u00e9 de mani\u00e8re d\u00e9terminante \u00e0 l'image actuelle du groupe Schibli, il conna\u00eet les valeurs et les cultures du groupe et les met en pratique. Et nous nous estimons heureux d'avoir pu gagner avec lui une succession interne \u00e0 l'entreprise en tant que Group CEO et sommes convaincus qu'il r\u00e9ussira, avec une \u00e9quipe de management engag\u00e9e, \u00e0 ma\u00eetriser les d\u00e9fis \u00e0 venir de nos clients ainsi que de notre entreprise et \u00e0 conduire avec succ\u00e8s le groupe Schibli vers l'avenir\".<\/p>\n<h2>Poursuite de la transformation avec des \u00e9quipes de comp\u00e9tences<\/h2>\n<p>Stefan Witzig a rejoint le groupe Schibli et sa direction en 2008. Depuis, il a largement contribu\u00e9 au d\u00e9veloppement de la comp\u00e9tence informatique qui venait d'\u00eatre lanc\u00e9e \u00e0 l'\u00e9poque. L'entreprise du groupe qui en est issue, Entec AG, est aujourd'hui, avec ses 45 collaborateurs, un acteur connu sur le march\u00e9 des TIC et est sp\u00e9cialis\u00e9e dans les solutions d'infrastructure, de cloud et de stockage. Dans ses fonctions actuelles, Stefan Witzig est responsable des domaines sp\u00e9cialis\u00e9s de la technique du b\u00e2timent et de l'informatique\/communication ainsi que de l'organisation, du marketing et du d\u00e9partement conseil du groupe. Depuis 2014, il conna\u00eet en outre le r\u00f4le et la mission de la direction du groupe en tant que suppl\u00e9ant de Jan Schibli. Dans le cadre de la transformation en cours et de la nouvelle r\u00e9partition des r\u00f4les, sa nomination au poste de Group CEO est donc \u00e9galement une \u00e9tape logique.<\/p>\n<p><em>Source : <a href=\"http:\/\/www.schibli.com\">Schibli Holding AG<\/a><\/em><\/p>","protected":false},"excerpt":{"rendered":"<p>Jan Schibli hat im Verlaufe des Jahres 2003 als Vertreter der dritten Generation von seinem Vater Hans J\u00f6rg Schibli die Gesch\u00e4ftsleitung der Hans K. Schibli AG \u00fcbernommen und f\u00fchrt seit Anfang 2004 das Unternehmen als CEO der Gruppengesch\u00e4ftsleitung. Seit 2011 ist er Alleininhaber des traditionsreichen Z\u00fcrcher Unternehmens, das 1937 von seinem Grossonkel Hans K. Schibli [&hellip;]<\/p>\n","protected":false},"author":4,"featured_media":7036,"comment_status":"closed","ping_status":"closed","sticky":false,"template":"","format":"standard","meta":{"_acf_changed":false,"_yoast_wpseo_focuskw":"Jan Schibli","_yoast_wpseo_metadesc":"Jan Schibli, Inhaber und CEO der Schibli-Gruppe, hat sich entschieden, die operative Verantwortung f\u00fcr die Schibli-Gruppe abzugeben.","articlekey":"","footnotes":""},"categories":[28],"tags":[335,381,492],"class_list":["post-7035","post","type-post","status-publish","format-standard","has-post-thumbnail","hentry","category-management","tag-management-und-unternehmensfuehrung","tag-personalia","tag-unternehmen"],"acf":[],"yoast_head":"<!-- This site is optimized with the Yoast SEO plugin v27.4 - https:\/\/yoast.com\/product\/yoast-seo-wordpress\/ -->\n<title>F\u00fchrungswechsel bei der Schibli-Gruppe: Von Jan Schibli zu Stefan Witzig - Organisator<\/title>\n<meta name=\"description\" content=\"Jan Schibli, Inhaber und CEO der Schibli-Gruppe, hat sich entschieden, die operative Verantwortung f\u00fcr die Schibli-Gruppe abzugeben.\" \/>\n<meta name=\"robots\" content=\"index, follow, max-snippet:-1, max-image-preview:large, max-video-preview:-1\" \/>\n<link rel=\"canonical\" href=\"https:\/\/www.organisator.ch\/fr\/gestion-2\/2020-08-20\/fuehrungswechsel-bei-der-schibli-gruppe-von-jan-schibli-zu-stefan-witzig\/\" \/>\n<meta property=\"og:locale\" content=\"fr_FR\" \/>\n<meta property=\"og:type\" content=\"article\" \/>\n<meta property=\"og:title\" content=\"F\u00fchrungswechsel bei der Schibli-Gruppe: Von Jan Schibli zu Stefan Witzig\" \/>\n<meta property=\"og:description\" content=\"Jan Schibli, Inhaber und CEO der Schibli-Gruppe, hat sich entschieden, die operative Verantwortung f\u00fcr die Schibli-Gruppe abzugeben.\" \/>\n<meta property=\"og:url\" content=\"https:\/\/www.organisator.ch\/fr\/gestion-2\/2020-08-20\/fuehrungswechsel-bei-der-schibli-gruppe-von-jan-schibli-zu-stefan-witzig\/\" \/>\n<meta property=\"og:site_name\" content=\"Organisator\" \/>\n<meta property=\"article:publisher\" content=\"https:\/\/www.facebook.com\/OrganisatorFachmagazin\" \/>\n<meta property=\"article:published_time\" content=\"2020-08-20T12:27:51+00:00\" \/>\n<meta property=\"og:image\" content=\"https:\/\/www.organisator.ch\/wp-content\/uploads\/2020\/08\/Fuehrungswechsel-bei-der-Schibli-Gruppe-Von-Jan-Schibli-zu-Stefan-Witzig_Organisator.jpg\" \/>\n\t<meta property=\"og:image:width\" content=\"680\" \/>\n\t<meta property=\"og:image:height\" content=\"497\" \/>\n\t<meta property=\"og:image:type\" content=\"image\/jpeg\" \/>\n<meta name=\"author\" content=\"thomas.berner\" \/>\n<meta name=\"twitter:card\" content=\"summary_large_image\" \/>\n<meta name=\"twitter:title\" content=\"F\u00fchrungswechsel bei der #Schibli-Gruppe: Von Jan Schibli zu Stefan Witzig\" \/>\n<meta name=\"twitter:description\" content=\"Jan Schibli, Inhaber und CEO der #Schibli-Gruppe, hat sich entschieden, die operative Verantwortung f\u00fcr die Schibli-Gruppe abzugeben.\" \/>\n<meta name=\"twitter:image\" content=\"https:\/\/www.organisator.ch\/wp-content\/uploads\/2020\/08\/Fuehrungswechsel-bei-der-Schibli-Gruppe-Von-Jan-Schibli-zu-Stefan-Witzig_Organisator.jpg\" \/>\n<script type=\"application\/ld+json\" class=\"yoast-schema-graph\">{\"@context\":\"https:\\\/\\\/schema.org\",\"@graph\":[{\"@type\":\"Article\",\"@id\":\"https:\\\/\\\/www.organisator.ch\\\/management\\\/2020-08-20\\\/fuehrungswechsel-bei-der-schibli-gruppe-von-jan-schibli-zu-stefan-witzig\\\/#article\",\"isPartOf\":{\"@id\":\"https:\\\/\\\/www.organisator.ch\\\/management\\\/2020-08-20\\\/fuehrungswechsel-bei-der-schibli-gruppe-von-jan-schibli-zu-stefan-witzig\\\/\"},\"author\":{\"name\":\"thomas.berner\",\"@id\":\"https:\\\/\\\/www.organisator.ch\\\/#\\\/schema\\\/person\\\/6f650f90b2842cd4c0cc334b4e36f67e\"},\"headline\":\"F\u00fchrungswechsel bei der Schibli-Gruppe: Von Jan Schibli zu Stefan Witzig\",\"datePublished\":\"2020-08-20T12:27:51+00:00\",\"mainEntityOfPage\":{\"@id\":\"https:\\\/\\\/www.organisator.ch\\\/management\\\/2020-08-20\\\/fuehrungswechsel-bei-der-schibli-gruppe-von-jan-schibli-zu-stefan-witzig\\\/\"},\"wordCount\":647,\"publisher\":{\"@id\":\"https:\\\/\\\/www.organisator.ch\\\/#organization\"},\"image\":{\"@id\":\"https:\\\/\\\/www.organisator.ch\\\/management\\\/2020-08-20\\\/fuehrungswechsel-bei-der-schibli-gruppe-von-jan-schibli-zu-stefan-witzig\\\/#primaryimage\"},\"thumbnailUrl\":\"https:\\\/\\\/www.organisator.ch\\\/wp-content\\\/uploads\\\/2020\\\/08\\\/Fuehrungswechsel-bei-der-Schibli-Gruppe-Von-Jan-Schibli-zu-Stefan-Witzig_Organisator.jpg\",\"keywords\":[\"Management und Unternehmensf\u00fchrung\",\"Personalia\",\"Unternehmen\"],\"articleSection\":[\"MANAGEMENT\"],\"inLanguage\":\"fr-FR\"},{\"@type\":\"WebPage\",\"@id\":\"https:\\\/\\\/www.organisator.ch\\\/management\\\/2020-08-20\\\/fuehrungswechsel-bei-der-schibli-gruppe-von-jan-schibli-zu-stefan-witzig\\\/\",\"url\":\"https:\\\/\\\/www.organisator.ch\\\/management\\\/2020-08-20\\\/fuehrungswechsel-bei-der-schibli-gruppe-von-jan-schibli-zu-stefan-witzig\\\/\",\"name\":\"F\u00fchrungswechsel bei der Schibli-Gruppe: Von Jan Schibli zu Stefan Witzig - Organisator\",\"isPartOf\":{\"@id\":\"https:\\\/\\\/www.organisator.ch\\\/#website\"},\"primaryImageOfPage\":{\"@id\":\"https:\\\/\\\/www.organisator.ch\\\/management\\\/2020-08-20\\\/fuehrungswechsel-bei-der-schibli-gruppe-von-jan-schibli-zu-stefan-witzig\\\/#primaryimage\"},\"image\":{\"@id\":\"https:\\\/\\\/www.organisator.ch\\\/management\\\/2020-08-20\\\/fuehrungswechsel-bei-der-schibli-gruppe-von-jan-schibli-zu-stefan-witzig\\\/#primaryimage\"},\"thumbnailUrl\":\"https:\\\/\\\/www.organisator.ch\\\/wp-content\\\/uploads\\\/2020\\\/08\\\/Fuehrungswechsel-bei-der-Schibli-Gruppe-Von-Jan-Schibli-zu-Stefan-Witzig_Organisator.jpg\",\"datePublished\":\"2020-08-20T12:27:51+00:00\",\"description\":\"Jan Schibli, Inhaber und CEO der Schibli-Gruppe, hat sich entschieden, die operative Verantwortung f\u00fcr die Schibli-Gruppe abzugeben.\",\"breadcrumb\":{\"@id\":\"https:\\\/\\\/www.organisator.ch\\\/management\\\/2020-08-20\\\/fuehrungswechsel-bei-der-schibli-gruppe-von-jan-schibli-zu-stefan-witzig\\\/#breadcrumb\"},\"inLanguage\":\"fr-FR\",\"potentialAction\":[{\"@type\":\"ReadAction\",\"target\":[\"https:\\\/\\\/www.organisator.ch\\\/management\\\/2020-08-20\\\/fuehrungswechsel-bei-der-schibli-gruppe-von-jan-schibli-zu-stefan-witzig\\\/\"]}]},{\"@type\":\"ImageObject\",\"inLanguage\":\"fr-FR\",\"@id\":\"https:\\\/\\\/www.organisator.ch\\\/management\\\/2020-08-20\\\/fuehrungswechsel-bei-der-schibli-gruppe-von-jan-schibli-zu-stefan-witzig\\\/#primaryimage\",\"url\":\"https:\\\/\\\/www.organisator.ch\\\/wp-content\\\/uploads\\\/2020\\\/08\\\/Fuehrungswechsel-bei-der-Schibli-Gruppe-Von-Jan-Schibli-zu-Stefan-Witzig_Organisator.jpg\",\"contentUrl\":\"https:\\\/\\\/www.organisator.ch\\\/wp-content\\\/uploads\\\/2020\\\/08\\\/Fuehrungswechsel-bei-der-Schibli-Gruppe-Von-Jan-Schibli-zu-Stefan-Witzig_Organisator.jpg\",\"width\":680,\"height\":497,\"caption\":\"Jan Schibli (links) \u00fcbergibt die operative Verantwortung f\u00fcr die Schibli-Gruppe an Stefan Witzig. (Bild: zVg)\"},{\"@type\":\"BreadcrumbList\",\"@id\":\"https:\\\/\\\/www.organisator.ch\\\/management\\\/2020-08-20\\\/fuehrungswechsel-bei-der-schibli-gruppe-von-jan-schibli-zu-stefan-witzig\\\/#breadcrumb\",\"itemListElement\":[{\"@type\":\"ListItem\",\"position\":1,\"name\":\"Home\",\"item\":\"https:\\\/\\\/www.organisator.ch\\\/\"},{\"@type\":\"ListItem\",\"position\":2,\"name\":\"F\u00fchrungswechsel bei der Schibli-Gruppe: Von Jan Schibli zu Stefan Witzig\"}]},{\"@type\":\"WebSite\",\"@id\":\"https:\\\/\\\/www.organisator.ch\\\/#website\",\"url\":\"https:\\\/\\\/www.organisator.ch\\\/\",\"name\":\"Organisator\",\"description\":\"Kompetent. Praxisnah. Der ORGANISATOR bereitet in 10 Ausgaben pro Jahr die wesentlichen Themen f\u00fcr F\u00fchrungskr\u00e4fte von KMU auf.\",\"publisher\":{\"@id\":\"https:\\\/\\\/www.organisator.ch\\\/#organization\"},\"potentialAction\":[{\"@type\":\"SearchAction\",\"target\":{\"@type\":\"EntryPoint\",\"urlTemplate\":\"https:\\\/\\\/www.organisator.ch\\\/?s={search_term_string}\"},\"query-input\":{\"@type\":\"PropertyValueSpecification\",\"valueRequired\":true,\"valueName\":\"search_term_string\"}}],\"inLanguage\":\"fr-FR\"},{\"@type\":\"Organization\",\"@id\":\"https:\\\/\\\/www.organisator.ch\\\/#organization\",\"name\":\"Organisator\",\"url\":\"https:\\\/\\\/www.organisator.ch\\\/\",\"logo\":{\"@type\":\"ImageObject\",\"inLanguage\":\"fr-FR\",\"@id\":\"https:\\\/\\\/www.organisator.ch\\\/#\\\/schema\\\/logo\\\/image\\\/\",\"url\":\"https:\\\/\\\/www.organisator.ch\\\/wp-content\\\/uploads\\\/2022\\\/01\\\/Logo_Organisator_Website.png\",\"contentUrl\":\"https:\\\/\\\/www.organisator.ch\\\/wp-content\\\/uploads\\\/2022\\\/01\\\/Logo_Organisator_Website.png\",\"width\":800,\"height\":77,\"caption\":\"Organisator\"},\"image\":{\"@id\":\"https:\\\/\\\/www.organisator.ch\\\/#\\\/schema\\\/logo\\\/image\\\/\"},\"sameAs\":[\"https:\\\/\\\/www.facebook.com\\\/OrganisatorFachmagazin\",\"https:\\\/\\\/www.linkedin.com\\\/showcase\\\/organisator-das-magazin-fr-kmu\",\"https:\\\/\\\/www.xing.com\\\/news\\\/pages\\\/organisator-ch-695\",\"https:\\\/\\\/www.youtube.com\\\/channel\\\/UCGP2Sq0iWaZwT3BdIAQFYpw\"]},{\"@type\":\"Person\",\"@id\":\"https:\\\/\\\/www.organisator.ch\\\/#\\\/schema\\\/person\\\/6f650f90b2842cd4c0cc334b4e36f67e\",\"name\":\"thomas.berner\",\"image\":{\"@type\":\"ImageObject\",\"inLanguage\":\"fr-FR\",\"@id\":\"https:\\\/\\\/secure.gravatar.com\\\/avatar\\\/ac5001d2a36cb6c6cd3e50789007ffca834b477b74a2144564522e944eabff61?s=96&d=mm&r=g\",\"url\":\"https:\\\/\\\/secure.gravatar.com\\\/avatar\\\/ac5001d2a36cb6c6cd3e50789007ffca834b477b74a2144564522e944eabff61?s=96&d=mm&r=g\",\"contentUrl\":\"https:\\\/\\\/secure.gravatar.com\\\/avatar\\\/ac5001d2a36cb6c6cd3e50789007ffca834b477b74a2144564522e944eabff61?s=96&d=mm&r=g\",\"caption\":\"thomas.berner\"},\"url\":\"https:\\\/\\\/www.organisator.ch\\\/fr\\\/author\\\/thomas-berner\\\/\"}]}<\/script>\n<!-- \/ Yoast SEO plugin. -->","yoast_head_json":{"title":"Changement de direction au sein du groupe Schibli : de Jan Schibli \u00e0 Stefan Witzig - Organisateur","description":"Jan Schibli, propri\u00e9taire et CEO du groupe Schibli, a d\u00e9cid\u00e9 de quitter la responsabilit\u00e9 op\u00e9rationnelle du groupe Schibli.","robots":{"index":"index","follow":"follow","max-snippet":"max-snippet:-1","max-image-preview":"max-image-preview:large","max-video-preview":"max-video-preview:-1"},"canonical":"https:\/\/www.organisator.ch\/fr\/gestion-2\/2020-08-20\/fuehrungswechsel-bei-der-schibli-gruppe-von-jan-schibli-zu-stefan-witzig\/","og_locale":"fr_FR","og_type":"article","og_title":"F\u00fchrungswechsel bei der Schibli-Gruppe: Von Jan Schibli zu Stefan Witzig","og_description":"Jan Schibli, Inhaber und CEO der Schibli-Gruppe, hat sich entschieden, die operative Verantwortung f\u00fcr die Schibli-Gruppe abzugeben.","og_url":"https:\/\/www.organisator.ch\/fr\/gestion-2\/2020-08-20\/fuehrungswechsel-bei-der-schibli-gruppe-von-jan-schibli-zu-stefan-witzig\/","og_site_name":"Organisator","article_publisher":"https:\/\/www.facebook.com\/OrganisatorFachmagazin","article_published_time":"2020-08-20T12:27:51+00:00","og_image":[{"width":680,"height":497,"url":"https:\/\/www.organisator.ch\/wp-content\/uploads\/2020\/08\/Fuehrungswechsel-bei-der-Schibli-Gruppe-Von-Jan-Schibli-zu-Stefan-Witzig_Organisator.jpg","type":"image\/jpeg"}],"author":"thomas.berner","twitter_card":"summary_large_image","twitter_title":"F\u00fchrungswechsel bei der #Schibli-Gruppe: Von Jan Schibli zu Stefan Witzig","twitter_description":"Jan Schibli, Inhaber und CEO der #Schibli-Gruppe, hat sich entschieden, die operative Verantwortung f\u00fcr die Schibli-Gruppe abzugeben.","twitter_image":"https:\/\/www.organisator.ch\/wp-content\/uploads\/2020\/08\/Fuehrungswechsel-bei-der-Schibli-Gruppe-Von-Jan-Schibli-zu-Stefan-Witzig_Organisator.jpg","schema":{"@context":"https:\/\/schema.org","@graph":[{"@type":"Article","@id":"https:\/\/www.organisator.ch\/management\/2020-08-20\/fuehrungswechsel-bei-der-schibli-gruppe-von-jan-schibli-zu-stefan-witzig\/#article","isPartOf":{"@id":"https:\/\/www.organisator.ch\/management\/2020-08-20\/fuehrungswechsel-bei-der-schibli-gruppe-von-jan-schibli-zu-stefan-witzig\/"},"author":{"name":"thomas.berner","@id":"https:\/\/www.organisator.ch\/#\/schema\/person\/6f650f90b2842cd4c0cc334b4e36f67e"},"headline":"F\u00fchrungswechsel bei der Schibli-Gruppe: Von Jan Schibli zu Stefan Witzig","datePublished":"2020-08-20T12:27:51+00:00","mainEntityOfPage":{"@id":"https:\/\/www.organisator.ch\/management\/2020-08-20\/fuehrungswechsel-bei-der-schibli-gruppe-von-jan-schibli-zu-stefan-witzig\/"},"wordCount":647,"publisher":{"@id":"https:\/\/www.organisator.ch\/#organization"},"image":{"@id":"https:\/\/www.organisator.ch\/management\/2020-08-20\/fuehrungswechsel-bei-der-schibli-gruppe-von-jan-schibli-zu-stefan-witzig\/#primaryimage"},"thumbnailUrl":"https:\/\/www.organisator.ch\/wp-content\/uploads\/2020\/08\/Fuehrungswechsel-bei-der-Schibli-Gruppe-Von-Jan-Schibli-zu-Stefan-Witzig_Organisator.jpg","keywords":["Management und Unternehmensf\u00fchrung","Personalia","Unternehmen"],"articleSection":["MANAGEMENT"],"inLanguage":"fr-FR"},{"@type":"WebPage","@id":"https:\/\/www.organisator.ch\/management\/2020-08-20\/fuehrungswechsel-bei-der-schibli-gruppe-von-jan-schibli-zu-stefan-witzig\/","url":"https:\/\/www.organisator.ch\/management\/2020-08-20\/fuehrungswechsel-bei-der-schibli-gruppe-von-jan-schibli-zu-stefan-witzig\/","name":"Changement de direction au sein du groupe Schibli : de Jan Schibli \u00e0 Stefan Witzig - Organisateur","isPartOf":{"@id":"https:\/\/www.organisator.ch\/#website"},"primaryImageOfPage":{"@id":"https:\/\/www.organisator.ch\/management\/2020-08-20\/fuehrungswechsel-bei-der-schibli-gruppe-von-jan-schibli-zu-stefan-witzig\/#primaryimage"},"image":{"@id":"https:\/\/www.organisator.ch\/management\/2020-08-20\/fuehrungswechsel-bei-der-schibli-gruppe-von-jan-schibli-zu-stefan-witzig\/#primaryimage"},"thumbnailUrl":"https:\/\/www.organisator.ch\/wp-content\/uploads\/2020\/08\/Fuehrungswechsel-bei-der-Schibli-Gruppe-Von-Jan-Schibli-zu-Stefan-Witzig_Organisator.jpg","datePublished":"2020-08-20T12:27:51+00:00","description":"Jan Schibli, propri\u00e9taire et CEO du groupe Schibli, a d\u00e9cid\u00e9 de quitter la responsabilit\u00e9 op\u00e9rationnelle du groupe Schibli.","breadcrumb":{"@id":"https:\/\/www.organisator.ch\/management\/2020-08-20\/fuehrungswechsel-bei-der-schibli-gruppe-von-jan-schibli-zu-stefan-witzig\/#breadcrumb"},"inLanguage":"fr-FR","potentialAction":[{"@type":"ReadAction","target":["https:\/\/www.organisator.ch\/management\/2020-08-20\/fuehrungswechsel-bei-der-schibli-gruppe-von-jan-schibli-zu-stefan-witzig\/"]}]},{"@type":"ImageObject","inLanguage":"fr-FR","@id":"https:\/\/www.organisator.ch\/management\/2020-08-20\/fuehrungswechsel-bei-der-schibli-gruppe-von-jan-schibli-zu-stefan-witzig\/#primaryimage","url":"https:\/\/www.organisator.ch\/wp-content\/uploads\/2020\/08\/Fuehrungswechsel-bei-der-Schibli-Gruppe-Von-Jan-Schibli-zu-Stefan-Witzig_Organisator.jpg","contentUrl":"https:\/\/www.organisator.ch\/wp-content\/uploads\/2020\/08\/Fuehrungswechsel-bei-der-Schibli-Gruppe-Von-Jan-Schibli-zu-Stefan-Witzig_Organisator.jpg","width":680,"height":497,"caption":"Jan Schibli (links) \u00fcbergibt die operative Verantwortung f\u00fcr die Schibli-Gruppe an Stefan Witzig. (Bild: zVg)"},{"@type":"BreadcrumbList","@id":"https:\/\/www.organisator.ch\/management\/2020-08-20\/fuehrungswechsel-bei-der-schibli-gruppe-von-jan-schibli-zu-stefan-witzig\/#breadcrumb","itemListElement":[{"@type":"ListItem","position":1,"name":"Home","item":"https:\/\/www.organisator.ch\/"},{"@type":"ListItem","position":2,"name":"F\u00fchrungswechsel bei der Schibli-Gruppe: Von Jan Schibli zu Stefan Witzig"}]},{"@type":"WebSite","@id":"https:\/\/www.organisator.ch\/#website","url":"https:\/\/www.organisator.ch\/","name":"Organisateur","description":"Comp\u00e9tence et comp\u00e9tence. Proches de la pratique. L'ORGANISATEUR pr\u00e9pare 10 num\u00e9ros par an sur les th\u00e8mes essentiels pour les dirigeants de PME.","publisher":{"@id":"https:\/\/www.organisator.ch\/#organization"},"potentialAction":[{"@type":"SearchAction","target":{"@type":"EntryPoint","urlTemplate":"https:\/\/www.organisator.ch\/?s={search_term_string}"},"query-input":{"@type":"PropertyValueSpecification","valueRequired":true,"valueName":"search_term_string"}}],"inLanguage":"fr-FR"},{"@type":"Organization","@id":"https:\/\/www.organisator.ch\/#organization","name":"Organisateur","url":"https:\/\/www.organisator.ch\/","logo":{"@type":"ImageObject","inLanguage":"fr-FR","@id":"https:\/\/www.organisator.ch\/#\/schema\/logo\/image\/","url":"https:\/\/www.organisator.ch\/wp-content\/uploads\/2022\/01\/Logo_Organisator_Website.png","contentUrl":"https:\/\/www.organisator.ch\/wp-content\/uploads\/2022\/01\/Logo_Organisator_Website.png","width":800,"height":77,"caption":"Organisator"},"image":{"@id":"https:\/\/www.organisator.ch\/#\/schema\/logo\/image\/"},"sameAs":["https:\/\/www.facebook.com\/OrganisatorFachmagazin","https:\/\/www.linkedin.com\/showcase\/organisator-das-magazin-fr-kmu","https:\/\/www.xing.com\/news\/pages\/organisator-ch-695","https:\/\/www.youtube.com\/channel\/UCGP2Sq0iWaZwT3BdIAQFYpw"]},{"@type":"Person","@id":"https:\/\/www.organisator.ch\/#\/schema\/person\/6f650f90b2842cd4c0cc334b4e36f67e","name":"thomas.berner","image":{"@type":"ImageObject","inLanguage":"fr-FR","@id":"https:\/\/secure.gravatar.com\/avatar\/ac5001d2a36cb6c6cd3e50789007ffca834b477b74a2144564522e944eabff61?s=96&d=mm&r=g","url":"https:\/\/secure.gravatar.com\/avatar\/ac5001d2a36cb6c6cd3e50789007ffca834b477b74a2144564522e944eabff61?s=96&d=mm&r=g","contentUrl":"https:\/\/secure.gravatar.com\/avatar\/ac5001d2a36cb6c6cd3e50789007ffca834b477b74a2144564522e944eabff61?s=96&d=mm&r=g","caption":"thomas.berner"},"url":"https:\/\/www.organisator.ch\/fr\/author\/thomas-berner\/"}]}},"_links":{"self":[{"href":"https:\/\/www.organisator.ch\/fr\/wp-json\/wp\/v2\/posts\/7035","targetHints":{"allow":["GET"]}}],"collection":[{"href":"https:\/\/www.organisator.ch\/fr\/wp-json\/wp\/v2\/posts"}],"about":[{"href":"https:\/\/www.organisator.ch\/fr\/wp-json\/wp\/v2\/types\/post"}],"author":[{"embeddable":true,"href":"https:\/\/www.organisator.ch\/fr\/wp-json\/wp\/v2\/users\/4"}],"replies":[{"embeddable":true,"href":"https:\/\/www.organisator.ch\/fr\/wp-json\/wp\/v2\/comments?post=7035"}],"version-history":[{"count":0,"href":"https:\/\/www.organisator.ch\/fr\/wp-json\/wp\/v2\/posts\/7035\/revisions"}],"wp:featuredmedia":[{"embeddable":true,"href":"https:\/\/www.organisator.ch\/fr\/wp-json\/wp\/v2\/media\/7036"}],"wp:attachment":[{"href":"https:\/\/www.organisator.ch\/fr\/wp-json\/wp\/v2\/media?parent=7035"}],"wp:term":[{"taxonomy":"category","embeddable":true,"href":"https:\/\/www.organisator.ch\/fr\/wp-json\/wp\/v2\/categories?post=7035"},{"taxonomy":"post_tag","embeddable":true,"href":"https:\/\/www.organisator.ch\/fr\/wp-json\/wp\/v2\/tags?post=7035"}],"curies":[{"name":"wp","href":"https:\/\/api.w.org\/{rel}","templated":true}]}}