{"id":7038,"date":"2020-08-21T08:24:53","date_gmt":"2020-08-21T06:24:53","guid":{"rendered":"https:\/\/www.organisator.ch\/?p=7038"},"modified":"2020-08-21T08:24:53","modified_gmt":"2020-08-21T06:24:53","slug":"ein-internet-service-provider-der-sich-immer-wieder-neu-erfindet","status":"publish","type":"post","link":"https:\/\/www.organisator.ch\/fr\/management\/it\/2020-08-21\/ein-internet-service-provider-der-sich-immer-wieder-neu-erfindet\/","title":{"rendered":"Un fournisseur de services Internet qui se r\u00e9invente sans cesse"},"content":{"rendered":"<figure id=\"attachment_7039\" aria-describedby=\"caption-attachment-7039\" style=\"width: 680px\" class=\"wp-caption alignnone\"><img loading=\"lazy\" decoding=\"async\" class=\"size-medium wp-image-7039\" src=\"https:\/\/www.organisator.ch\/wp-content\/uploads\/2020\/08\/Ein-Internet-Service-Provider-der-sich-immer-wieder-neu-erfindet_Organisator.jpg\" alt=\"\" width=\"680\" height=\"519\" srcset=\"https:\/\/www.organisator.ch\/wp-content\/uploads\/2020\/08\/Ein-Internet-Service-Provider-der-sich-immer-wieder-neu-erfindet_Organisator.jpg 680w, https:\/\/www.organisator.ch\/wp-content\/uploads\/2020\/08\/Ein-Internet-Service-Provider-der-sich-immer-wieder-neu-erfindet_Organisator-16x12.jpg 16w, https:\/\/www.organisator.ch\/wp-content\/uploads\/2020\/08\/Ein-Internet-Service-Provider-der-sich-immer-wieder-neu-erfindet_Organisator-229x175.jpg 229w, https:\/\/www.organisator.ch\/wp-content\/uploads\/2020\/08\/Ein-Internet-Service-Provider-der-sich-immer-wieder-neu-erfindet_Organisator-459x350.jpg 459w, https:\/\/www.organisator.ch\/wp-content\/uploads\/2020\/08\/Ein-Internet-Service-Provider-der-sich-immer-wieder-neu-erfindet_Organisator-300x229.jpg 300w\" sizes=\"auto, (max-width: 680px) 100vw, 680px\" \/><figcaption id=\"caption-attachment-7039\" class=\"wp-caption-text\">Ont fond\u00e9 le fournisseur de services Internet iWay il y a 25 ans : Markus Vetterli (\u00e0 gauche) et Matthias Oswald. (Image : zVg \/ iWay AG)<\/figcaption><\/figure>\n<p>Le fournisseur de services Internet (ISP) iWay a 25 ans. En 1995, Matthias Oswald et Markus Vetterli ont fond\u00e9 leur propre entreprise. Ils ont reconnu tr\u00e8s t\u00f4t le potentiel du World Wide Web et voulaient contribuer \u00e0 fa\u00e7onner cette nouvelle \u00e8re en d\u00e9veloppant, dans un premier temps, des sites web pour les entreprises.<\/p>\n<h2>Fournisseur d'acc\u00e8s Internet avec 24000 clients<\/h2>\n<p>L'offre s'est cependant rapidement \u00e9largie, car un an seulement apr\u00e8s la cr\u00e9ation de l'entreprise, ils ont d\u00e9croch\u00e9 leur premier gros contrat avec Newtelco (qui deviendra plus tard Sunrise) pour la mise en place de la dorsale Internet. Des \u00e9tapes importantes ont \u00e9t\u00e9 franchies en 2004 avec l'achat de l'activit\u00e9 de fournisseur d'acc\u00e8s de Dolphins Network Systems et en 2008 avec la reprise des clients priv\u00e9s DSL d'Easynet. Enfin, en 2017, l'entreprise a \u00e9t\u00e9 vendue \u00e0 la St. Gallisch-Appenzellische Kraftwerke (SAK). \"Les partenaires ont toujours apport\u00e9 une contribution importante \u00e0 notre succ\u00e8s\", d\u00e9clare Matthias Oswald, directeur d'iWay. Entre-temps, la part de la distribution indirecte repr\u00e9sente plus de la moiti\u00e9 du chiffre d'affaires total (29,2 millions de francs en 2019). Aujourd'hui, plus de 50 collaborateurs g\u00e8rent les services des domaines de l'acc\u00e8s Internet (fibre optique et DSL), de la t\u00e9l\u00e9vision, de la t\u00e9l\u00e9phonie, de l'h\u00e9bergement, du cloud, des domaines et des centres de donn\u00e9es pour plus de 24'000 clients dans toute la Suisse. Le 10 septembre 2020, Oswald et Vetterli f\u00eateront dignement leur 25e anniversaire avec tous leurs collaborateurs \u00e0 l'occasion d'une grande f\u00eate des employ\u00e9s.<\/p>\n<h2>Encore aujourd'hui, un pionnier<\/h2>\n<p>Au cours des cinq derni\u00e8res ann\u00e9es, la croissance a \u00e9t\u00e9 marqu\u00e9e par les activit\u00e9s li\u00e9es aux r\u00e9seaux de fibre optique. En effet, en commen\u00e7ant \u00e0 commercialiser les offres de r\u00e9seaux de fibres optiques de divers r\u00e9seaux urbains, comme ceux de Berne (ewb) et de Zurich (ewz), iWay a pu renforcer son nom en tant que fournisseur de services Internet et accro\u00eetre sa notori\u00e9t\u00e9. A plusieurs reprises d\u00e9j\u00e0, les lecteurs du magazine \u00e9conomique Bilanz ont \u00e9lu iWay meilleur fournisseur dans diverses cat\u00e9gories lors du Telekom Rating annuel. Aujourd'hui encore, iWay fait partie des pionniers de l'Internet, puisque l'entreprise a \u00e9tendu son offre \u00e0 des largeurs de bande allant jusqu'\u00e0 10 Gbit\/s juste \u00e0 temps pour son 25e anniversaire. iWay est ainsi le premier des FAI suisses ind\u00e9pendants \u00e0 pouvoir proposer la technologie Internet de derni\u00e8re g\u00e9n\u00e9ration avec la meilleure largeur de bande possible dans toute la Suisse.<\/p>\n<h2>Libert\u00e9 de choix pour les clients<\/h2>\n<p>25 ans apr\u00e8s sa cr\u00e9ation, iWay continue de se distinguer de ses concurrents sur le march\u00e9 par conviction : \"Nous voulons transmettre aux clients et aux partenaires notre plaisir de la technique - avec des produits de haute qualit\u00e9, bas\u00e9s sur des technologies de derni\u00e8re g\u00e9n\u00e9ration et pouvant \u00eatre adapt\u00e9s individuellement aux besoins des clients\", explique Oswald. C'est ce que montre \u00e9galement l'abonnement Internet ultrarapide : Contrairement aux abonnements group\u00e9s de nombreux autres fournisseurs, l'abonnement 10 Gbit\/s, comme tous les services d'iWay, peut \u00eatre combin\u00e9 de mani\u00e8re modulaire avec tous les services (t\u00e9l\u00e9phonie, TV, etc.). \"Nous estimons que nos clients doivent \u00eatre libres de composer leur abonnement avec le d\u00e9bit qui leur convient\", d\u00e9clare Oswald, 25 ans apr\u00e8s la cr\u00e9ation de l'entreprise, pour r\u00e9sumer sa philosophie.<\/p>\n<p><em>Source : <a href=\"http:\/\/www.iway.ch\">iWay AG<\/a><\/em><\/p>","protected":false},"excerpt":{"rendered":"<p>Der Internet Service Provider (ISP) iWay wird 25 Jahre alt. 1995 gr\u00fcndeten Matthias Oswald und Markus Vetterli ihre eigene Firma. Sie erkannten fr\u00fch das Potenzial des World Wide Web erkannt und wollten die neue \u00c4ra mitgestalten und in einem ersten Schritt, Webseiten f\u00fcr Unternehmen entwickeln. Internet Service Provider mit 24000 Kunden Das Angebot erweiterte sich [&hellip;]<\/p>\n","protected":false},"author":4,"featured_media":7039,"comment_status":"closed","ping_status":"closed","sticky":false,"template":"","format":"standard","meta":{"_acf_changed":false,"_yoast_wpseo_focuskw":"Internet Service Provider","_yoast_wpseo_metadesc":"Der Internet Service Provider (ISP) iWay wird 25 Jahre alt. 1995 gr\u00fcndeten Matthias Oswald und Markus Vetterli ihre eigene Firma.","articlekey":"","footnotes":""},"categories":[27],"tags":[206,286,492],"class_list":["post-7038","post","type-post","status-publish","format-standard","has-post-thumbnail","hentry","category-it","tag-firmenjubilaeum","tag-it","tag-unternehmen"],"acf":[],"yoast_head":"<!-- This site is optimized with the Yoast SEO plugin v27.4 - https:\/\/yoast.com\/product\/yoast-seo-wordpress\/ -->\n<title>Ein Internet Service Provider, der sich immer wieder neu erfindet - Organisator<\/title>\n<meta name=\"description\" content=\"Der Internet Service Provider (ISP) iWay wird 25 Jahre alt. 1995 gr\u00fcndeten Matthias Oswald und Markus Vetterli ihre eigene Firma.\" \/>\n<meta name=\"robots\" content=\"index, follow, max-snippet:-1, max-image-preview:large, max-video-preview:-1\" \/>\n<link rel=\"canonical\" href=\"https:\/\/www.organisator.ch\/fr\/gestion-2\/it\/2020-08-21\/ein-internet-service-provider-der-sich-immer-wieder-neu-erfindet\/\" \/>\n<meta property=\"og:locale\" content=\"fr_FR\" \/>\n<meta property=\"og:type\" content=\"article\" \/>\n<meta property=\"og:title\" content=\"Ein Internet Service Provider, der sich immer wieder neu erfindet\" \/>\n<meta property=\"og:description\" content=\"Der Internet Service Provider (ISP) iWay wird 25 Jahre alt. 1995 gr\u00fcndeten Matthias Oswald und Markus Vetterli ihre eigene Firma.\" \/>\n<meta property=\"og:url\" content=\"https:\/\/www.organisator.ch\/fr\/gestion-2\/it\/2020-08-21\/ein-internet-service-provider-der-sich-immer-wieder-neu-erfindet\/\" \/>\n<meta property=\"og:site_name\" content=\"Organisator\" \/>\n<meta property=\"article:publisher\" content=\"https:\/\/www.facebook.com\/OrganisatorFachmagazin\" \/>\n<meta property=\"article:published_time\" content=\"2020-08-21T06:24:53+00:00\" \/>\n<meta property=\"og:image\" content=\"https:\/\/www.organisator.ch\/wp-content\/uploads\/2020\/08\/Ein-Internet-Service-Provider-der-sich-immer-wieder-neu-erfindet_Organisator.jpg\" \/>\n\t<meta property=\"og:image:width\" content=\"680\" \/>\n\t<meta property=\"og:image:height\" content=\"519\" \/>\n\t<meta property=\"og:image:type\" content=\"image\/jpeg\" \/>\n<meta name=\"author\" content=\"thomas.berner\" \/>\n<meta name=\"twitter:card\" content=\"summary_large_image\" \/>\n<meta name=\"twitter:title\" content=\"Ein #Internet Service #Provider, der sich immer wieder neu erfindet\" \/>\n<meta name=\"twitter:description\" content=\"Der Internet Service Provider (#ISP) #iWay wird 25 Jahre alt. 1995 gr\u00fcndeten Matthias Oswald und Markus Vetterli ihre eigene Firma.\" \/>\n<meta name=\"twitter:image\" content=\"https:\/\/www.organisator.ch\/wp-content\/uploads\/2020\/08\/Ein-Internet-Service-Provider-der-sich-immer-wieder-neu-erfindet_Organisator.jpg\" \/>\n<script type=\"application\/ld+json\" class=\"yoast-schema-graph\">{\"@context\":\"https:\\\/\\\/schema.org\",\"@graph\":[{\"@type\":\"Article\",\"@id\":\"https:\\\/\\\/www.organisator.ch\\\/management\\\/it\\\/2020-08-21\\\/ein-internet-service-provider-der-sich-immer-wieder-neu-erfindet\\\/#article\",\"isPartOf\":{\"@id\":\"https:\\\/\\\/www.organisator.ch\\\/management\\\/it\\\/2020-08-21\\\/ein-internet-service-provider-der-sich-immer-wieder-neu-erfindet\\\/\"},\"author\":{\"name\":\"thomas.berner\",\"@id\":\"https:\\\/\\\/www.organisator.ch\\\/#\\\/schema\\\/person\\\/6f650f90b2842cd4c0cc334b4e36f67e\"},\"headline\":\"Ein Internet Service Provider, der sich immer wieder neu erfindet\",\"datePublished\":\"2020-08-21T06:24:53+00:00\",\"mainEntityOfPage\":{\"@id\":\"https:\\\/\\\/www.organisator.ch\\\/management\\\/it\\\/2020-08-21\\\/ein-internet-service-provider-der-sich-immer-wieder-neu-erfindet\\\/\"},\"wordCount\":488,\"publisher\":{\"@id\":\"https:\\\/\\\/www.organisator.ch\\\/#organization\"},\"image\":{\"@id\":\"https:\\\/\\\/www.organisator.ch\\\/management\\\/it\\\/2020-08-21\\\/ein-internet-service-provider-der-sich-immer-wieder-neu-erfindet\\\/#primaryimage\"},\"thumbnailUrl\":\"https:\\\/\\\/www.organisator.ch\\\/wp-content\\\/uploads\\\/2020\\\/08\\\/Ein-Internet-Service-Provider-der-sich-immer-wieder-neu-erfindet_Organisator.jpg\",\"keywords\":[\"Firmenjubil\u00e4um\",\"IT\",\"Unternehmen\"],\"articleSection\":[\"IT\"],\"inLanguage\":\"fr-FR\"},{\"@type\":\"WebPage\",\"@id\":\"https:\\\/\\\/www.organisator.ch\\\/management\\\/it\\\/2020-08-21\\\/ein-internet-service-provider-der-sich-immer-wieder-neu-erfindet\\\/\",\"url\":\"https:\\\/\\\/www.organisator.ch\\\/management\\\/it\\\/2020-08-21\\\/ein-internet-service-provider-der-sich-immer-wieder-neu-erfindet\\\/\",\"name\":\"Ein Internet Service Provider, der sich immer wieder neu erfindet - Organisator\",\"isPartOf\":{\"@id\":\"https:\\\/\\\/www.organisator.ch\\\/#website\"},\"primaryImageOfPage\":{\"@id\":\"https:\\\/\\\/www.organisator.ch\\\/management\\\/it\\\/2020-08-21\\\/ein-internet-service-provider-der-sich-immer-wieder-neu-erfindet\\\/#primaryimage\"},\"image\":{\"@id\":\"https:\\\/\\\/www.organisator.ch\\\/management\\\/it\\\/2020-08-21\\\/ein-internet-service-provider-der-sich-immer-wieder-neu-erfindet\\\/#primaryimage\"},\"thumbnailUrl\":\"https:\\\/\\\/www.organisator.ch\\\/wp-content\\\/uploads\\\/2020\\\/08\\\/Ein-Internet-Service-Provider-der-sich-immer-wieder-neu-erfindet_Organisator.jpg\",\"datePublished\":\"2020-08-21T06:24:53+00:00\",\"description\":\"Der Internet Service Provider (ISP) iWay wird 25 Jahre alt. 1995 gr\u00fcndeten Matthias Oswald und Markus Vetterli ihre eigene Firma.\",\"breadcrumb\":{\"@id\":\"https:\\\/\\\/www.organisator.ch\\\/management\\\/it\\\/2020-08-21\\\/ein-internet-service-provider-der-sich-immer-wieder-neu-erfindet\\\/#breadcrumb\"},\"inLanguage\":\"fr-FR\",\"potentialAction\":[{\"@type\":\"ReadAction\",\"target\":[\"https:\\\/\\\/www.organisator.ch\\\/management\\\/it\\\/2020-08-21\\\/ein-internet-service-provider-der-sich-immer-wieder-neu-erfindet\\\/\"]}]},{\"@type\":\"ImageObject\",\"inLanguage\":\"fr-FR\",\"@id\":\"https:\\\/\\\/www.organisator.ch\\\/management\\\/it\\\/2020-08-21\\\/ein-internet-service-provider-der-sich-immer-wieder-neu-erfindet\\\/#primaryimage\",\"url\":\"https:\\\/\\\/www.organisator.ch\\\/wp-content\\\/uploads\\\/2020\\\/08\\\/Ein-Internet-Service-Provider-der-sich-immer-wieder-neu-erfindet_Organisator.jpg\",\"contentUrl\":\"https:\\\/\\\/www.organisator.ch\\\/wp-content\\\/uploads\\\/2020\\\/08\\\/Ein-Internet-Service-Provider-der-sich-immer-wieder-neu-erfindet_Organisator.jpg\",\"width\":680,\"height\":519,\"caption\":\"Haben vor 25 Jahren den Internet Service Provider iWay gegr\u00fcndet: Markus Vetterli (links) und Matthias Oswald. (Bild: zVg \\\/ iWay AG)\"},{\"@type\":\"BreadcrumbList\",\"@id\":\"https:\\\/\\\/www.organisator.ch\\\/management\\\/it\\\/2020-08-21\\\/ein-internet-service-provider-der-sich-immer-wieder-neu-erfindet\\\/#breadcrumb\",\"itemListElement\":[{\"@type\":\"ListItem\",\"position\":1,\"name\":\"Home\",\"item\":\"https:\\\/\\\/www.organisator.ch\\\/\"},{\"@type\":\"ListItem\",\"position\":2,\"name\":\"Ein Internet Service Provider, der sich immer wieder neu erfindet\"}]},{\"@type\":\"WebSite\",\"@id\":\"https:\\\/\\\/www.organisator.ch\\\/#website\",\"url\":\"https:\\\/\\\/www.organisator.ch\\\/\",\"name\":\"Organisator\",\"description\":\"Kompetent. Praxisnah. Der ORGANISATOR bereitet in 10 Ausgaben pro Jahr die wesentlichen Themen f\u00fcr F\u00fchrungskr\u00e4fte von KMU auf.\",\"publisher\":{\"@id\":\"https:\\\/\\\/www.organisator.ch\\\/#organization\"},\"potentialAction\":[{\"@type\":\"SearchAction\",\"target\":{\"@type\":\"EntryPoint\",\"urlTemplate\":\"https:\\\/\\\/www.organisator.ch\\\/?s={search_term_string}\"},\"query-input\":{\"@type\":\"PropertyValueSpecification\",\"valueRequired\":true,\"valueName\":\"search_term_string\"}}],\"inLanguage\":\"fr-FR\"},{\"@type\":\"Organization\",\"@id\":\"https:\\\/\\\/www.organisator.ch\\\/#organization\",\"name\":\"Organisator\",\"url\":\"https:\\\/\\\/www.organisator.ch\\\/\",\"logo\":{\"@type\":\"ImageObject\",\"inLanguage\":\"fr-FR\",\"@id\":\"https:\\\/\\\/www.organisator.ch\\\/#\\\/schema\\\/logo\\\/image\\\/\",\"url\":\"https:\\\/\\\/www.organisator.ch\\\/wp-content\\\/uploads\\\/2022\\\/01\\\/Logo_Organisator_Website.png\",\"contentUrl\":\"https:\\\/\\\/www.organisator.ch\\\/wp-content\\\/uploads\\\/2022\\\/01\\\/Logo_Organisator_Website.png\",\"width\":800,\"height\":77,\"caption\":\"Organisator\"},\"image\":{\"@id\":\"https:\\\/\\\/www.organisator.ch\\\/#\\\/schema\\\/logo\\\/image\\\/\"},\"sameAs\":[\"https:\\\/\\\/www.facebook.com\\\/OrganisatorFachmagazin\",\"https:\\\/\\\/www.linkedin.com\\\/showcase\\\/organisator-das-magazin-fr-kmu\",\"https:\\\/\\\/www.xing.com\\\/news\\\/pages\\\/organisator-ch-695\",\"https:\\\/\\\/www.youtube.com\\\/channel\\\/UCGP2Sq0iWaZwT3BdIAQFYpw\"]},{\"@type\":\"Person\",\"@id\":\"https:\\\/\\\/www.organisator.ch\\\/#\\\/schema\\\/person\\\/6f650f90b2842cd4c0cc334b4e36f67e\",\"name\":\"thomas.berner\",\"image\":{\"@type\":\"ImageObject\",\"inLanguage\":\"fr-FR\",\"@id\":\"https:\\\/\\\/secure.gravatar.com\\\/avatar\\\/ac5001d2a36cb6c6cd3e50789007ffca834b477b74a2144564522e944eabff61?s=96&d=mm&r=g\",\"url\":\"https:\\\/\\\/secure.gravatar.com\\\/avatar\\\/ac5001d2a36cb6c6cd3e50789007ffca834b477b74a2144564522e944eabff61?s=96&d=mm&r=g\",\"contentUrl\":\"https:\\\/\\\/secure.gravatar.com\\\/avatar\\\/ac5001d2a36cb6c6cd3e50789007ffca834b477b74a2144564522e944eabff61?s=96&d=mm&r=g\",\"caption\":\"thomas.berner\"},\"url\":\"https:\\\/\\\/www.organisator.ch\\\/fr\\\/author\\\/thomas-berner\\\/\"}]}<\/script>\n<!-- \/ Yoast SEO plugin. -->","yoast_head_json":{"title":"Un fournisseur de services Internet qui se r\u00e9invente sans cesse - Organisateur","description":"Le fournisseur d'acc\u00e8s Internet (FAI) iWay f\u00eate ses 25 ans. En 1995, Matthias Oswald et Markus Vetterli ont fond\u00e9 leur propre entreprise.","robots":{"index":"index","follow":"follow","max-snippet":"max-snippet:-1","max-image-preview":"max-image-preview:large","max-video-preview":"max-video-preview:-1"},"canonical":"https:\/\/www.organisator.ch\/fr\/gestion-2\/it\/2020-08-21\/ein-internet-service-provider-der-sich-immer-wieder-neu-erfindet\/","og_locale":"fr_FR","og_type":"article","og_title":"Ein Internet Service Provider, der sich immer wieder neu erfindet","og_description":"Der Internet Service Provider (ISP) iWay wird 25 Jahre alt. 1995 gr\u00fcndeten Matthias Oswald und Markus Vetterli ihre eigene Firma.","og_url":"https:\/\/www.organisator.ch\/fr\/gestion-2\/it\/2020-08-21\/ein-internet-service-provider-der-sich-immer-wieder-neu-erfindet\/","og_site_name":"Organisator","article_publisher":"https:\/\/www.facebook.com\/OrganisatorFachmagazin","article_published_time":"2020-08-21T06:24:53+00:00","og_image":[{"width":680,"height":519,"url":"https:\/\/www.organisator.ch\/wp-content\/uploads\/2020\/08\/Ein-Internet-Service-Provider-der-sich-immer-wieder-neu-erfindet_Organisator.jpg","type":"image\/jpeg"}],"author":"thomas.berner","twitter_card":"summary_large_image","twitter_title":"Ein #Internet Service #Provider, der sich immer wieder neu erfindet","twitter_description":"Der Internet Service Provider (#ISP) #iWay wird 25 Jahre alt. 1995 gr\u00fcndeten Matthias Oswald und Markus Vetterli ihre eigene Firma.","twitter_image":"https:\/\/www.organisator.ch\/wp-content\/uploads\/2020\/08\/Ein-Internet-Service-Provider-der-sich-immer-wieder-neu-erfindet_Organisator.jpg","schema":{"@context":"https:\/\/schema.org","@graph":[{"@type":"Article","@id":"https:\/\/www.organisator.ch\/management\/it\/2020-08-21\/ein-internet-service-provider-der-sich-immer-wieder-neu-erfindet\/#article","isPartOf":{"@id":"https:\/\/www.organisator.ch\/management\/it\/2020-08-21\/ein-internet-service-provider-der-sich-immer-wieder-neu-erfindet\/"},"author":{"name":"thomas.berner","@id":"https:\/\/www.organisator.ch\/#\/schema\/person\/6f650f90b2842cd4c0cc334b4e36f67e"},"headline":"Ein Internet Service Provider, der sich immer wieder neu erfindet","datePublished":"2020-08-21T06:24:53+00:00","mainEntityOfPage":{"@id":"https:\/\/www.organisator.ch\/management\/it\/2020-08-21\/ein-internet-service-provider-der-sich-immer-wieder-neu-erfindet\/"},"wordCount":488,"publisher":{"@id":"https:\/\/www.organisator.ch\/#organization"},"image":{"@id":"https:\/\/www.organisator.ch\/management\/it\/2020-08-21\/ein-internet-service-provider-der-sich-immer-wieder-neu-erfindet\/#primaryimage"},"thumbnailUrl":"https:\/\/www.organisator.ch\/wp-content\/uploads\/2020\/08\/Ein-Internet-Service-Provider-der-sich-immer-wieder-neu-erfindet_Organisator.jpg","keywords":["Firmenjubil\u00e4um","IT","Unternehmen"],"articleSection":["IT"],"inLanguage":"fr-FR"},{"@type":"WebPage","@id":"https:\/\/www.organisator.ch\/management\/it\/2020-08-21\/ein-internet-service-provider-der-sich-immer-wieder-neu-erfindet\/","url":"https:\/\/www.organisator.ch\/management\/it\/2020-08-21\/ein-internet-service-provider-der-sich-immer-wieder-neu-erfindet\/","name":"Un fournisseur de services Internet qui se r\u00e9invente sans cesse - Organisateur","isPartOf":{"@id":"https:\/\/www.organisator.ch\/#website"},"primaryImageOfPage":{"@id":"https:\/\/www.organisator.ch\/management\/it\/2020-08-21\/ein-internet-service-provider-der-sich-immer-wieder-neu-erfindet\/#primaryimage"},"image":{"@id":"https:\/\/www.organisator.ch\/management\/it\/2020-08-21\/ein-internet-service-provider-der-sich-immer-wieder-neu-erfindet\/#primaryimage"},"thumbnailUrl":"https:\/\/www.organisator.ch\/wp-content\/uploads\/2020\/08\/Ein-Internet-Service-Provider-der-sich-immer-wieder-neu-erfindet_Organisator.jpg","datePublished":"2020-08-21T06:24:53+00:00","description":"Le fournisseur d'acc\u00e8s Internet (FAI) iWay f\u00eate ses 25 ans. En 1995, Matthias Oswald et Markus Vetterli ont fond\u00e9 leur propre entreprise.","breadcrumb":{"@id":"https:\/\/www.organisator.ch\/management\/it\/2020-08-21\/ein-internet-service-provider-der-sich-immer-wieder-neu-erfindet\/#breadcrumb"},"inLanguage":"fr-FR","potentialAction":[{"@type":"ReadAction","target":["https:\/\/www.organisator.ch\/management\/it\/2020-08-21\/ein-internet-service-provider-der-sich-immer-wieder-neu-erfindet\/"]}]},{"@type":"ImageObject","inLanguage":"fr-FR","@id":"https:\/\/www.organisator.ch\/management\/it\/2020-08-21\/ein-internet-service-provider-der-sich-immer-wieder-neu-erfindet\/#primaryimage","url":"https:\/\/www.organisator.ch\/wp-content\/uploads\/2020\/08\/Ein-Internet-Service-Provider-der-sich-immer-wieder-neu-erfindet_Organisator.jpg","contentUrl":"https:\/\/www.organisator.ch\/wp-content\/uploads\/2020\/08\/Ein-Internet-Service-Provider-der-sich-immer-wieder-neu-erfindet_Organisator.jpg","width":680,"height":519,"caption":"Haben vor 25 Jahren den Internet Service Provider iWay gegr\u00fcndet: Markus Vetterli (links) und Matthias Oswald. (Bild: zVg \/ iWay AG)"},{"@type":"BreadcrumbList","@id":"https:\/\/www.organisator.ch\/management\/it\/2020-08-21\/ein-internet-service-provider-der-sich-immer-wieder-neu-erfindet\/#breadcrumb","itemListElement":[{"@type":"ListItem","position":1,"name":"Home","item":"https:\/\/www.organisator.ch\/"},{"@type":"ListItem","position":2,"name":"Ein Internet Service Provider, der sich immer wieder neu erfindet"}]},{"@type":"WebSite","@id":"https:\/\/www.organisator.ch\/#website","url":"https:\/\/www.organisator.ch\/","name":"Organisateur","description":"Comp\u00e9tence et comp\u00e9tence. Proches de la pratique. L'ORGANISATEUR pr\u00e9pare 10 num\u00e9ros par an sur les th\u00e8mes essentiels pour les dirigeants de PME.","publisher":{"@id":"https:\/\/www.organisator.ch\/#organization"},"potentialAction":[{"@type":"SearchAction","target":{"@type":"EntryPoint","urlTemplate":"https:\/\/www.organisator.ch\/?s={search_term_string}"},"query-input":{"@type":"PropertyValueSpecification","valueRequired":true,"valueName":"search_term_string"}}],"inLanguage":"fr-FR"},{"@type":"Organization","@id":"https:\/\/www.organisator.ch\/#organization","name":"Organisateur","url":"https:\/\/www.organisator.ch\/","logo":{"@type":"ImageObject","inLanguage":"fr-FR","@id":"https:\/\/www.organisator.ch\/#\/schema\/logo\/image\/","url":"https:\/\/www.organisator.ch\/wp-content\/uploads\/2022\/01\/Logo_Organisator_Website.png","contentUrl":"https:\/\/www.organisator.ch\/wp-content\/uploads\/2022\/01\/Logo_Organisator_Website.png","width":800,"height":77,"caption":"Organisator"},"image":{"@id":"https:\/\/www.organisator.ch\/#\/schema\/logo\/image\/"},"sameAs":["https:\/\/www.facebook.com\/OrganisatorFachmagazin","https:\/\/www.linkedin.com\/showcase\/organisator-das-magazin-fr-kmu","https:\/\/www.xing.com\/news\/pages\/organisator-ch-695","https:\/\/www.youtube.com\/channel\/UCGP2Sq0iWaZwT3BdIAQFYpw"]},{"@type":"Person","@id":"https:\/\/www.organisator.ch\/#\/schema\/person\/6f650f90b2842cd4c0cc334b4e36f67e","name":"thomas.berner","image":{"@type":"ImageObject","inLanguage":"fr-FR","@id":"https:\/\/secure.gravatar.com\/avatar\/ac5001d2a36cb6c6cd3e50789007ffca834b477b74a2144564522e944eabff61?s=96&d=mm&r=g","url":"https:\/\/secure.gravatar.com\/avatar\/ac5001d2a36cb6c6cd3e50789007ffca834b477b74a2144564522e944eabff61?s=96&d=mm&r=g","contentUrl":"https:\/\/secure.gravatar.com\/avatar\/ac5001d2a36cb6c6cd3e50789007ffca834b477b74a2144564522e944eabff61?s=96&d=mm&r=g","caption":"thomas.berner"},"url":"https:\/\/www.organisator.ch\/fr\/author\/thomas-berner\/"}]}},"_links":{"self":[{"href":"https:\/\/www.organisator.ch\/fr\/wp-json\/wp\/v2\/posts\/7038","targetHints":{"allow":["GET"]}}],"collection":[{"href":"https:\/\/www.organisator.ch\/fr\/wp-json\/wp\/v2\/posts"}],"about":[{"href":"https:\/\/www.organisator.ch\/fr\/wp-json\/wp\/v2\/types\/post"}],"author":[{"embeddable":true,"href":"https:\/\/www.organisator.ch\/fr\/wp-json\/wp\/v2\/users\/4"}],"replies":[{"embeddable":true,"href":"https:\/\/www.organisator.ch\/fr\/wp-json\/wp\/v2\/comments?post=7038"}],"version-history":[{"count":0,"href":"https:\/\/www.organisator.ch\/fr\/wp-json\/wp\/v2\/posts\/7038\/revisions"}],"wp:featuredmedia":[{"embeddable":true,"href":"https:\/\/www.organisator.ch\/fr\/wp-json\/wp\/v2\/media\/7039"}],"wp:attachment":[{"href":"https:\/\/www.organisator.ch\/fr\/wp-json\/wp\/v2\/media?parent=7038"}],"wp:term":[{"taxonomy":"category","embeddable":true,"href":"https:\/\/www.organisator.ch\/fr\/wp-json\/wp\/v2\/categories?post=7038"},{"taxonomy":"post_tag","embeddable":true,"href":"https:\/\/www.organisator.ch\/fr\/wp-json\/wp\/v2\/tags?post=7038"}],"curies":[{"name":"wp","href":"https:\/\/api.w.org\/{rel}","templated":true}]}}