{"id":7045,"date":"2020-08-26T08:27:12","date_gmt":"2020-08-26T06:27:12","guid":{"rendered":"https:\/\/www.organisator.ch\/?p=7045"},"modified":"2020-08-26T08:27:12","modified_gmt":"2020-08-26T06:27:12","slug":"swissict-salaerstudie-2020-agile-berufsprofile-nehmen-zu","status":"publish","type":"post","link":"https:\/\/www.organisator.ch\/fr\/management\/it\/2020-08-26\/swissict-salaerstudie-2020-agile-berufsprofile-nehmen-zu\/","title":{"rendered":"Etude salariale 2020 de swissICT : les profils professionnels agiles se multiplient"},"content":{"rendered":"<figure id=\"attachment_7047\" aria-describedby=\"caption-attachment-7047\" style=\"width: 680px\" class=\"wp-caption alignnone\"><img loading=\"lazy\" decoding=\"async\" class=\"size-medium wp-image-7047\" src=\"https:\/\/www.organisator.ch\/wp-content\/uploads\/2020\/08\/swissICT-Salaerstudie-2020-Agile-Berufsprofile-nehmen-zu-1_Organisator.jpg\" alt=\"\" width=\"680\" height=\"453\" srcset=\"https:\/\/www.organisator.ch\/wp-content\/uploads\/2020\/08\/swissICT-Salaerstudie-2020-Agile-Berufsprofile-nehmen-zu-1_Organisator.jpg 680w, https:\/\/www.organisator.ch\/wp-content\/uploads\/2020\/08\/swissICT-Salaerstudie-2020-Agile-Berufsprofile-nehmen-zu-1_Organisator-16x12.jpg 16w, https:\/\/www.organisator.ch\/wp-content\/uploads\/2020\/08\/swissICT-Salaerstudie-2020-Agile-Berufsprofile-nehmen-zu-1_Organisator-263x175.jpg 263w, https:\/\/www.organisator.ch\/wp-content\/uploads\/2020\/08\/swissICT-Salaerstudie-2020-Agile-Berufsprofile-nehmen-zu-1_Organisator-525x350.jpg 525w, https:\/\/www.organisator.ch\/wp-content\/uploads\/2020\/08\/swissICT-Salaerstudie-2020-Agile-Berufsprofile-nehmen-zu-1_Organisator-300x200.jpg 300w\" sizes=\"auto, (max-width: 680px) 100vw, 680px\" \/><figcaption id=\"caption-attachment-7047\" class=\"wp-caption-text\">L'\u00e9tude salariale 2020 de swissICT para\u00eet cette ann\u00e9e exclusivement sous forme num\u00e9rique. (Image : swissICT)<\/figcaption><\/figure>\n<p>L'\u00e9tude salariale 2020 de swissICT montre \u00e0 nouveau que les salaires dans le secteur des TIC sont en moyenne plus \u00e9lev\u00e9s que dans d'autres branches industrielles. Apr\u00e8s correction de la valeur, les m\u00e9dianes 2020 pour les niveaux de comp\u00e9tence Junior s'\u00e9l\u00e8vent \u00e0 80 000 CHF, Professional \u00e0 104 000 CHF et Senior \u00e0 126 000 CHF. En outre, l'augmentation du nombre de profils professionnels agiles t\u00e9moigne d'une tendance que beaucoup reconnaissent d\u00e9j\u00e0 dans leur environnement quotidien. Les entreprises engagent par exemple de plus en plus de Product Owners au lieu d'un chef de projet. \"Les organisations\/unit\u00e9s organisationnelles ICT d\u00e9veloppent en permanence leurs collaborateurs et modifient leurs structures en faveur des m\u00e9thodes de travail agiles\", ajoute Christian Hunziker, directeur de swissICT. \"Les manifestations toujours bien fr\u00e9quent\u00e9es du groupe sp\u00e9cialis\u00e9 Lean, Agile &amp; Scrum de swissICT en sont un indice suppl\u00e9mentaire\".<\/p>\n<figure id=\"attachment_7048\" aria-describedby=\"caption-attachment-7048\" style=\"width: 680px\" class=\"wp-caption alignnone\"><img loading=\"lazy\" decoding=\"async\" class=\"size-medium wp-image-7048\" src=\"https:\/\/www.organisator.ch\/wp-content\/uploads\/2020\/08\/swissICT-Salaerstudie-2020-Agile-Berufsprofile-nehmen-zu-2_Organisator.jpg\" alt=\"\" width=\"680\" height=\"341\" srcset=\"https:\/\/www.organisator.ch\/wp-content\/uploads\/2020\/08\/swissICT-Salaerstudie-2020-Agile-Berufsprofile-nehmen-zu-2_Organisator.jpg 680w, https:\/\/www.organisator.ch\/wp-content\/uploads\/2020\/08\/swissICT-Salaerstudie-2020-Agile-Berufsprofile-nehmen-zu-2_Organisator-16x8.jpg 16w, https:\/\/www.organisator.ch\/wp-content\/uploads\/2020\/08\/swissICT-Salaerstudie-2020-Agile-Berufsprofile-nehmen-zu-2_Organisator-349x175.jpg 349w, https:\/\/www.organisator.ch\/wp-content\/uploads\/2020\/08\/swissICT-Salaerstudie-2020-Agile-Berufsprofile-nehmen-zu-2_Organisator-300x150.jpg 300w\" sizes=\"auto, (max-width: 680px) 100vw, 680px\" \/><figcaption id=\"caption-attachment-7048\" class=\"wp-caption-text\">(graphique : swissICT)<\/figcaption><\/figure>\n<h2>Plus de prestataires de services TIC<\/h2>\n<p>246 entreprises ont particip\u00e9 \u00e0 l'\u00e9tude sur les salaires. Elles ont indiqu\u00e9 33 493 salaires. \"Cela ne va pas de soi\", d\u00e9clare Christian Hunziker. \"Au d\u00e9but de l'enqu\u00eate, la Suisse \u00e9tait en lockdown. Mais malgr\u00e9 ou justement \u00e0 cause de Corona, nous pouvons maintenant enregistrer un nouveau record dans le nombre de salaires mentionn\u00e9s. C'est un beau signe et cela montre l'ancrage de ce benchmark annuel des salaires ICT\".<\/p>\n<p>Si l'on observe la r\u00e9partition sectorielle des entreprises participantes, on constate des changements. On constate par exemple un recul du nombre d'entreprises commerciales et d'assurances participantes. Le nombre de salaires mentionn\u00e9s dans ces branches est cependant rest\u00e9 constant. Le nombre de prestataires de services TIC a augment\u00e9. Ils sont les principaux responsables de la croissance des mentions de cette ann\u00e9e.<\/p>\n<p>Les salaires ont \u00e9t\u00e9 \u00e9valu\u00e9s sur la base de \"Berufe der ICT\", ce qui permet de couvrir les salaires de 50 professions au total. Le profil professionnel du m\u00e9diamaticien dans le domaine \u00e9galement nouveau de l'informatique d'application (AWI) a \u00e9t\u00e9 ajout\u00e9.<\/p>\n<h2><strong>Diff\u00e9rences entre les meilleurs sp\u00e9cialistes<\/strong><\/h2>\n<p>Un coup d'\u0153il sur l'\u00e9valuation standard de l'\u00e9tude salariale 2020 de swissICT montre la dispersion des salaires de fonctions comparables. En Suisse, une d\u00e9veloppeuse d'applications \"senior\" gagne environ entre 118 000 (quartile inf\u00e9rieur, seuil de 25%) et 135 000 francs suisses (quartile sup\u00e9rieur, seuil de 75%). Cela signifie que pour un quart des citations, le salaire est inf\u00e9rieur \u00e0 118 000 CHF ou sup\u00e9rieur \u00e0 135 000 CHF. Avec 1990 mentions, ce profil professionnel est l'un des plus fr\u00e9quemment cit\u00e9s.<\/p>\n<p>Un coup d'\u0153il sur l'\u00e9valuation d\u00e9taill\u00e9e plus compl\u00e8te montre que la dispersion est d'autant plus grande pour les sp\u00e9cialistes de haut niveau et les fonctions de direction sup\u00e9rieures. Ainsi, pour le chef de projet \"expert senior\", la diff\u00e9rence entre le seuil de 25% et celui de 75% s'\u00e9l\u00e8ve d\u00e9j\u00e0 \u00e0 plus de 40 000 francs, en comparaison avec les chiffres mentionn\u00e9s ci-dessus. Ces \u00e9valuations d\u00e9taill\u00e9es ne sont disponibles que pour les entreprises participant \u00e0 l'\u00e9tude.<\/p>\n<p>L'\u00e9cart statistique des fourchettes de salaires varie fortement selon les niveaux de comp\u00e9tence. Ainsi, les niveaux sup\u00e9rieurs de management se situent parfois, par rapport aux niveaux op\u00e9rationnels, \u00e0 plus de 200% au-dessus de l'\u00e9cart statistique moyen pour les parties fixes du salaire.<\/p>\n<h2><strong>L'\u00e9tude SwissICT sur les salaires 2020 enti\u00e8rement num\u00e9rique<\/strong><\/h2>\n<p>Pour la premi\u00e8re fois cette ann\u00e9e, l'\u00e9tude des salaires est publi\u00e9e exclusivement en version num\u00e9rique. Les variantes PDF ou Excel permettent aux clients d'effectuer leurs recherches de mani\u00e8re plus flexible et ind\u00e9pendamment du lieu o\u00f9 ils se trouvent, et soutiennent ainsi les m\u00e9thodes de travail modernes. Dans ce contexte, l'\u00e9dition fait peau neuve et pr\u00e9sente une liste de prix l\u00e9g\u00e8rement adapt\u00e9e et simplifi\u00e9e.<\/p>\n<p><em>Plus d'informations : <a href=\"http:\/\/www.swissict.ch\">swissICT<\/a><\/em><\/p>","protected":false},"excerpt":{"rendered":"<p>Die swissICT-Sal\u00e4rstudie 2020 zeigt erneut, dass die L\u00f6hne in der ICT-Branche im Schnitt h\u00f6her liegen als in anderen Industriezweigen. Wertberichtigt betragen die Mediane 2020 bei den Kompetenzstufen Junior 80 000 CHF, Professional 104 000 CHF und Senior 126 000 CHF. Zudem belegt die steigende Anzahl bei allen agilen Berufsprofilen eine Tendenz, welche bereits von vielen [&hellip;]<\/p>\n","protected":false},"author":4,"featured_media":7047,"comment_status":"closed","ping_status":"closed","sticky":false,"template":"","format":"standard","meta":{"_acf_changed":false,"_yoast_wpseo_focuskw":"SwissICT-Sal\u00e4rstudie 2020","_yoast_wpseo_metadesc":"Die L\u00f6hne in der ICT-Branche sind stabil geblieben oder haben sich gar leicht angehoben. Dies zeigt die swissICT-Sal\u00e4rstudie 2020.","articlekey":"","footnotes":""},"categories":[27],"tags":[286,329,331,334,503],"class_list":["post-7045","post","type-post","status-publish","format-standard","has-post-thumbnail","hentry","category-it","tag-it","tag-loehne","tag-lohnstudie","tag-management","tag-verbaende"],"acf":[],"yoast_head":"<!-- This site is optimized with the Yoast SEO plugin v27.5 - https:\/\/yoast.com\/product\/yoast-seo-wordpress\/ -->\n<title>swissICT-Sal\u00e4rstudie 2020: Agile Berufsprofile nehmen zu - Organisator<\/title>\n<meta name=\"description\" content=\"Die L\u00f6hne in der ICT-Branche sind stabil geblieben oder haben sich gar leicht angehoben. Dies zeigt die swissICT-Sal\u00e4rstudie 2020.\" \/>\n<meta name=\"robots\" content=\"index, follow, max-snippet:-1, max-image-preview:large, max-video-preview:-1\" \/>\n<link rel=\"canonical\" href=\"https:\/\/www.organisator.ch\/fr\/gestion-2\/it\/2020-08-26\/swissict-salaerstudie-2020-agile-berufsprofile-nehmen-zu\/\" \/>\n<meta property=\"og:locale\" content=\"fr_FR\" \/>\n<meta property=\"og:type\" content=\"article\" \/>\n<meta property=\"og:title\" content=\"swissICT-Sal\u00e4rstudie 2020: Agile Berufsprofile nehmen zu\" \/>\n<meta property=\"og:description\" content=\"Die L\u00f6hne in der ICT-Branche sind stabil geblieben oder haben sich gar leicht angehoben. Dies zeigt die swissICT-Sal\u00e4rstudie 2020.\" \/>\n<meta property=\"og:url\" content=\"https:\/\/www.organisator.ch\/fr\/gestion-2\/it\/2020-08-26\/swissict-salaerstudie-2020-agile-berufsprofile-nehmen-zu\/\" \/>\n<meta property=\"og:site_name\" content=\"Organisator\" \/>\n<meta property=\"article:publisher\" content=\"https:\/\/www.facebook.com\/OrganisatorFachmagazin\" \/>\n<meta property=\"article:published_time\" content=\"2020-08-26T06:27:12+00:00\" \/>\n<meta property=\"og:image\" content=\"https:\/\/www.organisator.ch\/wp-content\/uploads\/2020\/08\/swissICT-Salaerstudie-2020-Agile-Berufsprofile-nehmen-zu-1_Organisator.jpg\" \/>\n\t<meta property=\"og:image:width\" content=\"680\" \/>\n\t<meta property=\"og:image:height\" content=\"453\" \/>\n\t<meta property=\"og:image:type\" content=\"image\/jpeg\" \/>\n<meta name=\"author\" content=\"thomas.berner\" \/>\n<meta name=\"twitter:card\" content=\"summary_large_image\" \/>\n<meta name=\"twitter:title\" content=\"#swissICT-Sal\u00e4rstudie 2020: Agile #Berufsprofile nehmen zu\" \/>\n<meta name=\"twitter:description\" content=\"Die L\u00f6hne in der #ICT-Branche sind stabil geblieben oder haben sich gar leicht angehoben. Dies zeigt die #swissICT-Sal\u00e4rstudie 2020.\" \/>\n<meta name=\"twitter:image\" content=\"https:\/\/www.organisator.ch\/wp-content\/uploads\/2020\/08\/swissICT-Salaerstudie-2020-Agile-Berufsprofile-nehmen-zu-1_Organisator.jpg\" \/>\n<script type=\"application\/ld+json\" class=\"yoast-schema-graph\">{\"@context\":\"https:\\\/\\\/schema.org\",\"@graph\":[{\"@type\":\"Article\",\"@id\":\"https:\\\/\\\/www.organisator.ch\\\/management\\\/it\\\/2020-08-26\\\/swissict-salaerstudie-2020-agile-berufsprofile-nehmen-zu\\\/#article\",\"isPartOf\":{\"@id\":\"https:\\\/\\\/www.organisator.ch\\\/management\\\/it\\\/2020-08-26\\\/swissict-salaerstudie-2020-agile-berufsprofile-nehmen-zu\\\/\"},\"author\":{\"name\":\"thomas.berner\",\"@id\":\"https:\\\/\\\/www.organisator.ch\\\/#\\\/schema\\\/person\\\/6f650f90b2842cd4c0cc334b4e36f67e\"},\"headline\":\"swissICT-Sal\u00e4rstudie 2020: Agile Berufsprofile nehmen zu\",\"datePublished\":\"2020-08-26T06:27:12+00:00\",\"mainEntityOfPage\":{\"@id\":\"https:\\\/\\\/www.organisator.ch\\\/management\\\/it\\\/2020-08-26\\\/swissict-salaerstudie-2020-agile-berufsprofile-nehmen-zu\\\/\"},\"wordCount\":529,\"publisher\":{\"@id\":\"https:\\\/\\\/www.organisator.ch\\\/#organization\"},\"image\":{\"@id\":\"https:\\\/\\\/www.organisator.ch\\\/management\\\/it\\\/2020-08-26\\\/swissict-salaerstudie-2020-agile-berufsprofile-nehmen-zu\\\/#primaryimage\"},\"thumbnailUrl\":\"https:\\\/\\\/www.organisator.ch\\\/wp-content\\\/uploads\\\/2020\\\/08\\\/swissICT-Salaerstudie-2020-Agile-Berufsprofile-nehmen-zu-1_Organisator.jpg\",\"keywords\":[\"IT\",\"L\u00f6hne\",\"Lohnstudie\",\"Management\",\"Verb\u00e4nde\"],\"articleSection\":[\"IT\"],\"inLanguage\":\"fr-FR\"},{\"@type\":\"WebPage\",\"@id\":\"https:\\\/\\\/www.organisator.ch\\\/management\\\/it\\\/2020-08-26\\\/swissict-salaerstudie-2020-agile-berufsprofile-nehmen-zu\\\/\",\"url\":\"https:\\\/\\\/www.organisator.ch\\\/management\\\/it\\\/2020-08-26\\\/swissict-salaerstudie-2020-agile-berufsprofile-nehmen-zu\\\/\",\"name\":\"swissICT-Sal\u00e4rstudie 2020: Agile Berufsprofile nehmen zu - Organisator\",\"isPartOf\":{\"@id\":\"https:\\\/\\\/www.organisator.ch\\\/#website\"},\"primaryImageOfPage\":{\"@id\":\"https:\\\/\\\/www.organisator.ch\\\/management\\\/it\\\/2020-08-26\\\/swissict-salaerstudie-2020-agile-berufsprofile-nehmen-zu\\\/#primaryimage\"},\"image\":{\"@id\":\"https:\\\/\\\/www.organisator.ch\\\/management\\\/it\\\/2020-08-26\\\/swissict-salaerstudie-2020-agile-berufsprofile-nehmen-zu\\\/#primaryimage\"},\"thumbnailUrl\":\"https:\\\/\\\/www.organisator.ch\\\/wp-content\\\/uploads\\\/2020\\\/08\\\/swissICT-Salaerstudie-2020-Agile-Berufsprofile-nehmen-zu-1_Organisator.jpg\",\"datePublished\":\"2020-08-26T06:27:12+00:00\",\"description\":\"Die L\u00f6hne in der ICT-Branche sind stabil geblieben oder haben sich gar leicht angehoben. Dies zeigt die swissICT-Sal\u00e4rstudie 2020.\",\"breadcrumb\":{\"@id\":\"https:\\\/\\\/www.organisator.ch\\\/management\\\/it\\\/2020-08-26\\\/swissict-salaerstudie-2020-agile-berufsprofile-nehmen-zu\\\/#breadcrumb\"},\"inLanguage\":\"fr-FR\",\"potentialAction\":[{\"@type\":\"ReadAction\",\"target\":[\"https:\\\/\\\/www.organisator.ch\\\/management\\\/it\\\/2020-08-26\\\/swissict-salaerstudie-2020-agile-berufsprofile-nehmen-zu\\\/\"]}]},{\"@type\":\"ImageObject\",\"inLanguage\":\"fr-FR\",\"@id\":\"https:\\\/\\\/www.organisator.ch\\\/management\\\/it\\\/2020-08-26\\\/swissict-salaerstudie-2020-agile-berufsprofile-nehmen-zu\\\/#primaryimage\",\"url\":\"https:\\\/\\\/www.organisator.ch\\\/wp-content\\\/uploads\\\/2020\\\/08\\\/swissICT-Salaerstudie-2020-Agile-Berufsprofile-nehmen-zu-1_Organisator.jpg\",\"contentUrl\":\"https:\\\/\\\/www.organisator.ch\\\/wp-content\\\/uploads\\\/2020\\\/08\\\/swissICT-Salaerstudie-2020-Agile-Berufsprofile-nehmen-zu-1_Organisator.jpg\",\"width\":680,\"height\":453,\"caption\":\"Die swissICT-Sal\u00e4rstudie 2020 erscheint dieses Jahr exklusiv in digitaler Form. (Bild: swissICT)\"},{\"@type\":\"BreadcrumbList\",\"@id\":\"https:\\\/\\\/www.organisator.ch\\\/management\\\/it\\\/2020-08-26\\\/swissict-salaerstudie-2020-agile-berufsprofile-nehmen-zu\\\/#breadcrumb\",\"itemListElement\":[{\"@type\":\"ListItem\",\"position\":1,\"name\":\"Home\",\"item\":\"https:\\\/\\\/www.organisator.ch\\\/\"},{\"@type\":\"ListItem\",\"position\":2,\"name\":\"swissICT-Sal\u00e4rstudie 2020: Agile Berufsprofile nehmen zu\"}]},{\"@type\":\"WebSite\",\"@id\":\"https:\\\/\\\/www.organisator.ch\\\/#website\",\"url\":\"https:\\\/\\\/www.organisator.ch\\\/\",\"name\":\"Organisator\",\"description\":\"Kompetent. Praxisnah. Der ORGANISATOR bereitet in 10 Ausgaben pro Jahr die wesentlichen Themen f\u00fcr F\u00fchrungskr\u00e4fte von KMU auf.\",\"publisher\":{\"@id\":\"https:\\\/\\\/www.organisator.ch\\\/#organization\"},\"potentialAction\":[{\"@type\":\"SearchAction\",\"target\":{\"@type\":\"EntryPoint\",\"urlTemplate\":\"https:\\\/\\\/www.organisator.ch\\\/?s={search_term_string}\"},\"query-input\":{\"@type\":\"PropertyValueSpecification\",\"valueRequired\":true,\"valueName\":\"search_term_string\"}}],\"inLanguage\":\"fr-FR\"},{\"@type\":\"Organization\",\"@id\":\"https:\\\/\\\/www.organisator.ch\\\/#organization\",\"name\":\"Organisator\",\"url\":\"https:\\\/\\\/www.organisator.ch\\\/\",\"logo\":{\"@type\":\"ImageObject\",\"inLanguage\":\"fr-FR\",\"@id\":\"https:\\\/\\\/www.organisator.ch\\\/#\\\/schema\\\/logo\\\/image\\\/\",\"url\":\"https:\\\/\\\/www.organisator.ch\\\/wp-content\\\/uploads\\\/2022\\\/01\\\/Logo_Organisator_Website.png\",\"contentUrl\":\"https:\\\/\\\/www.organisator.ch\\\/wp-content\\\/uploads\\\/2022\\\/01\\\/Logo_Organisator_Website.png\",\"width\":800,\"height\":77,\"caption\":\"Organisator\"},\"image\":{\"@id\":\"https:\\\/\\\/www.organisator.ch\\\/#\\\/schema\\\/logo\\\/image\\\/\"},\"sameAs\":[\"https:\\\/\\\/www.facebook.com\\\/OrganisatorFachmagazin\",\"https:\\\/\\\/www.linkedin.com\\\/showcase\\\/organisator-das-magazin-fr-kmu\",\"https:\\\/\\\/www.xing.com\\\/news\\\/pages\\\/organisator-ch-695\",\"https:\\\/\\\/www.youtube.com\\\/channel\\\/UCGP2Sq0iWaZwT3BdIAQFYpw\"]},{\"@type\":\"Person\",\"@id\":\"https:\\\/\\\/www.organisator.ch\\\/#\\\/schema\\\/person\\\/6f650f90b2842cd4c0cc334b4e36f67e\",\"name\":\"thomas.berner\",\"image\":{\"@type\":\"ImageObject\",\"inLanguage\":\"fr-FR\",\"@id\":\"https:\\\/\\\/secure.gravatar.com\\\/avatar\\\/ac5001d2a36cb6c6cd3e50789007ffca834b477b74a2144564522e944eabff61?s=96&d=mm&r=g\",\"url\":\"https:\\\/\\\/secure.gravatar.com\\\/avatar\\\/ac5001d2a36cb6c6cd3e50789007ffca834b477b74a2144564522e944eabff61?s=96&d=mm&r=g\",\"contentUrl\":\"https:\\\/\\\/secure.gravatar.com\\\/avatar\\\/ac5001d2a36cb6c6cd3e50789007ffca834b477b74a2144564522e944eabff61?s=96&d=mm&r=g\",\"caption\":\"thomas.berner\"},\"url\":\"https:\\\/\\\/www.organisator.ch\\\/fr\\\/author\\\/thomas-berner\\\/\"}]}<\/script>\n<!-- \/ Yoast SEO plugin. -->","yoast_head_json":{"title":"Etude salariale 2020 de swissICT : les profils professionnels agiles se multiplient - Organisateur","description":"Les salaires dans le secteur des TIC sont rest\u00e9s stables ou ont m\u00eame l\u00e9g\u00e8rement augment\u00e9. C'est ce que montre l'\u00e9tude salariale 2020 de swissICT.","robots":{"index":"index","follow":"follow","max-snippet":"max-snippet:-1","max-image-preview":"max-image-preview:large","max-video-preview":"max-video-preview:-1"},"canonical":"https:\/\/www.organisator.ch\/fr\/gestion-2\/it\/2020-08-26\/swissict-salaerstudie-2020-agile-berufsprofile-nehmen-zu\/","og_locale":"fr_FR","og_type":"article","og_title":"swissICT-Sal\u00e4rstudie 2020: Agile Berufsprofile nehmen zu","og_description":"Die L\u00f6hne in der ICT-Branche sind stabil geblieben oder haben sich gar leicht angehoben. Dies zeigt die swissICT-Sal\u00e4rstudie 2020.","og_url":"https:\/\/www.organisator.ch\/fr\/gestion-2\/it\/2020-08-26\/swissict-salaerstudie-2020-agile-berufsprofile-nehmen-zu\/","og_site_name":"Organisator","article_publisher":"https:\/\/www.facebook.com\/OrganisatorFachmagazin","article_published_time":"2020-08-26T06:27:12+00:00","og_image":[{"width":680,"height":453,"url":"https:\/\/www.organisator.ch\/wp-content\/uploads\/2020\/08\/swissICT-Salaerstudie-2020-Agile-Berufsprofile-nehmen-zu-1_Organisator.jpg","type":"image\/jpeg"}],"author":"thomas.berner","twitter_card":"summary_large_image","twitter_title":"#swissICT-Sal\u00e4rstudie 2020: Agile #Berufsprofile nehmen zu","twitter_description":"Die L\u00f6hne in der #ICT-Branche sind stabil geblieben oder haben sich gar leicht angehoben. Dies zeigt die #swissICT-Sal\u00e4rstudie 2020.","twitter_image":"https:\/\/www.organisator.ch\/wp-content\/uploads\/2020\/08\/swissICT-Salaerstudie-2020-Agile-Berufsprofile-nehmen-zu-1_Organisator.jpg","schema":{"@context":"https:\/\/schema.org","@graph":[{"@type":"Article","@id":"https:\/\/www.organisator.ch\/management\/it\/2020-08-26\/swissict-salaerstudie-2020-agile-berufsprofile-nehmen-zu\/#article","isPartOf":{"@id":"https:\/\/www.organisator.ch\/management\/it\/2020-08-26\/swissict-salaerstudie-2020-agile-berufsprofile-nehmen-zu\/"},"author":{"name":"thomas.berner","@id":"https:\/\/www.organisator.ch\/#\/schema\/person\/6f650f90b2842cd4c0cc334b4e36f67e"},"headline":"swissICT-Sal\u00e4rstudie 2020: Agile Berufsprofile nehmen zu","datePublished":"2020-08-26T06:27:12+00:00","mainEntityOfPage":{"@id":"https:\/\/www.organisator.ch\/management\/it\/2020-08-26\/swissict-salaerstudie-2020-agile-berufsprofile-nehmen-zu\/"},"wordCount":529,"publisher":{"@id":"https:\/\/www.organisator.ch\/#organization"},"image":{"@id":"https:\/\/www.organisator.ch\/management\/it\/2020-08-26\/swissict-salaerstudie-2020-agile-berufsprofile-nehmen-zu\/#primaryimage"},"thumbnailUrl":"https:\/\/www.organisator.ch\/wp-content\/uploads\/2020\/08\/swissICT-Salaerstudie-2020-Agile-Berufsprofile-nehmen-zu-1_Organisator.jpg","keywords":["IT","L\u00f6hne","Lohnstudie","Management","Verb\u00e4nde"],"articleSection":["IT"],"inLanguage":"fr-FR"},{"@type":"WebPage","@id":"https:\/\/www.organisator.ch\/management\/it\/2020-08-26\/swissict-salaerstudie-2020-agile-berufsprofile-nehmen-zu\/","url":"https:\/\/www.organisator.ch\/management\/it\/2020-08-26\/swissict-salaerstudie-2020-agile-berufsprofile-nehmen-zu\/","name":"Etude salariale 2020 de swissICT : les profils professionnels agiles se multiplient - Organisateur","isPartOf":{"@id":"https:\/\/www.organisator.ch\/#website"},"primaryImageOfPage":{"@id":"https:\/\/www.organisator.ch\/management\/it\/2020-08-26\/swissict-salaerstudie-2020-agile-berufsprofile-nehmen-zu\/#primaryimage"},"image":{"@id":"https:\/\/www.organisator.ch\/management\/it\/2020-08-26\/swissict-salaerstudie-2020-agile-berufsprofile-nehmen-zu\/#primaryimage"},"thumbnailUrl":"https:\/\/www.organisator.ch\/wp-content\/uploads\/2020\/08\/swissICT-Salaerstudie-2020-Agile-Berufsprofile-nehmen-zu-1_Organisator.jpg","datePublished":"2020-08-26T06:27:12+00:00","description":"Les salaires dans le secteur des TIC sont rest\u00e9s stables ou ont m\u00eame l\u00e9g\u00e8rement augment\u00e9. C'est ce que montre l'\u00e9tude salariale 2020 de swissICT.","breadcrumb":{"@id":"https:\/\/www.organisator.ch\/management\/it\/2020-08-26\/swissict-salaerstudie-2020-agile-berufsprofile-nehmen-zu\/#breadcrumb"},"inLanguage":"fr-FR","potentialAction":[{"@type":"ReadAction","target":["https:\/\/www.organisator.ch\/management\/it\/2020-08-26\/swissict-salaerstudie-2020-agile-berufsprofile-nehmen-zu\/"]}]},{"@type":"ImageObject","inLanguage":"fr-FR","@id":"https:\/\/www.organisator.ch\/management\/it\/2020-08-26\/swissict-salaerstudie-2020-agile-berufsprofile-nehmen-zu\/#primaryimage","url":"https:\/\/www.organisator.ch\/wp-content\/uploads\/2020\/08\/swissICT-Salaerstudie-2020-Agile-Berufsprofile-nehmen-zu-1_Organisator.jpg","contentUrl":"https:\/\/www.organisator.ch\/wp-content\/uploads\/2020\/08\/swissICT-Salaerstudie-2020-Agile-Berufsprofile-nehmen-zu-1_Organisator.jpg","width":680,"height":453,"caption":"Die swissICT-Sal\u00e4rstudie 2020 erscheint dieses Jahr exklusiv in digitaler Form. (Bild: swissICT)"},{"@type":"BreadcrumbList","@id":"https:\/\/www.organisator.ch\/management\/it\/2020-08-26\/swissict-salaerstudie-2020-agile-berufsprofile-nehmen-zu\/#breadcrumb","itemListElement":[{"@type":"ListItem","position":1,"name":"Home","item":"https:\/\/www.organisator.ch\/"},{"@type":"ListItem","position":2,"name":"swissICT-Sal\u00e4rstudie 2020: Agile Berufsprofile nehmen zu"}]},{"@type":"WebSite","@id":"https:\/\/www.organisator.ch\/#website","url":"https:\/\/www.organisator.ch\/","name":"Organisateur","description":"Comp\u00e9tence et comp\u00e9tence. Proches de la pratique. L'ORGANISATEUR pr\u00e9pare 10 num\u00e9ros par an sur les th\u00e8mes essentiels pour les dirigeants de PME.","publisher":{"@id":"https:\/\/www.organisator.ch\/#organization"},"potentialAction":[{"@type":"SearchAction","target":{"@type":"EntryPoint","urlTemplate":"https:\/\/www.organisator.ch\/?s={search_term_string}"},"query-input":{"@type":"PropertyValueSpecification","valueRequired":true,"valueName":"search_term_string"}}],"inLanguage":"fr-FR"},{"@type":"Organization","@id":"https:\/\/www.organisator.ch\/#organization","name":"Organisateur","url":"https:\/\/www.organisator.ch\/","logo":{"@type":"ImageObject","inLanguage":"fr-FR","@id":"https:\/\/www.organisator.ch\/#\/schema\/logo\/image\/","url":"https:\/\/www.organisator.ch\/wp-content\/uploads\/2022\/01\/Logo_Organisator_Website.png","contentUrl":"https:\/\/www.organisator.ch\/wp-content\/uploads\/2022\/01\/Logo_Organisator_Website.png","width":800,"height":77,"caption":"Organisator"},"image":{"@id":"https:\/\/www.organisator.ch\/#\/schema\/logo\/image\/"},"sameAs":["https:\/\/www.facebook.com\/OrganisatorFachmagazin","https:\/\/www.linkedin.com\/showcase\/organisator-das-magazin-fr-kmu","https:\/\/www.xing.com\/news\/pages\/organisator-ch-695","https:\/\/www.youtube.com\/channel\/UCGP2Sq0iWaZwT3BdIAQFYpw"]},{"@type":"Person","@id":"https:\/\/www.organisator.ch\/#\/schema\/person\/6f650f90b2842cd4c0cc334b4e36f67e","name":"thomas.berner","image":{"@type":"ImageObject","inLanguage":"fr-FR","@id":"https:\/\/secure.gravatar.com\/avatar\/ac5001d2a36cb6c6cd3e50789007ffca834b477b74a2144564522e944eabff61?s=96&d=mm&r=g","url":"https:\/\/secure.gravatar.com\/avatar\/ac5001d2a36cb6c6cd3e50789007ffca834b477b74a2144564522e944eabff61?s=96&d=mm&r=g","contentUrl":"https:\/\/secure.gravatar.com\/avatar\/ac5001d2a36cb6c6cd3e50789007ffca834b477b74a2144564522e944eabff61?s=96&d=mm&r=g","caption":"thomas.berner"},"url":"https:\/\/www.organisator.ch\/fr\/author\/thomas-berner\/"}]}},"_links":{"self":[{"href":"https:\/\/www.organisator.ch\/fr\/wp-json\/wp\/v2\/posts\/7045","targetHints":{"allow":["GET"]}}],"collection":[{"href":"https:\/\/www.organisator.ch\/fr\/wp-json\/wp\/v2\/posts"}],"about":[{"href":"https:\/\/www.organisator.ch\/fr\/wp-json\/wp\/v2\/types\/post"}],"author":[{"embeddable":true,"href":"https:\/\/www.organisator.ch\/fr\/wp-json\/wp\/v2\/users\/4"}],"replies":[{"embeddable":true,"href":"https:\/\/www.organisator.ch\/fr\/wp-json\/wp\/v2\/comments?post=7045"}],"version-history":[{"count":0,"href":"https:\/\/www.organisator.ch\/fr\/wp-json\/wp\/v2\/posts\/7045\/revisions"}],"wp:featuredmedia":[{"embeddable":true,"href":"https:\/\/www.organisator.ch\/fr\/wp-json\/wp\/v2\/media\/7047"}],"wp:attachment":[{"href":"https:\/\/www.organisator.ch\/fr\/wp-json\/wp\/v2\/media?parent=7045"}],"wp:term":[{"taxonomy":"category","embeddable":true,"href":"https:\/\/www.organisator.ch\/fr\/wp-json\/wp\/v2\/categories?post=7045"},{"taxonomy":"post_tag","embeddable":true,"href":"https:\/\/www.organisator.ch\/fr\/wp-json\/wp\/v2\/tags?post=7045"}],"curies":[{"name":"wp","href":"https:\/\/api.w.org\/{rel}","templated":true}]}}