{"id":7057,"date":"2020-08-28T10:39:02","date_gmt":"2020-08-28T08:39:02","guid":{"rendered":"https:\/\/www.organisator.ch\/?p=7057"},"modified":"2020-08-28T10:39:02","modified_gmt":"2020-08-28T08:39:02","slug":"erfolgs-impuls-welche-felder-besetzen-sie","status":"publish","type":"post","link":"https:\/\/www.organisator.ch\/fr\/management\/2020-08-28\/erfolgs-impuls-welche-felder-besetzen-sie\/","title":{"rendered":"Impulsion du succ\u00e8s : quels sont les champs que vous occupez ?"},"content":{"rendered":"<figure id=\"attachment_7059\" aria-describedby=\"caption-attachment-7059\" style=\"width: 680px\" class=\"wp-caption alignnone\"><img loading=\"lazy\" decoding=\"async\" class=\"size-medium wp-image-7059\" src=\"https:\/\/www.organisator.ch\/wp-content\/uploads\/2020\/08\/Erfolgs-Impuls-Welche-Felder-besetzen-Sie_Organisator.jpg\" alt=\"\" width=\"680\" height=\"453\" srcset=\"https:\/\/www.organisator.ch\/wp-content\/uploads\/2020\/08\/Erfolgs-Impuls-Welche-Felder-besetzen-Sie_Organisator.jpg 680w, https:\/\/www.organisator.ch\/wp-content\/uploads\/2020\/08\/Erfolgs-Impuls-Welche-Felder-besetzen-Sie_Organisator-16x12.jpg 16w, https:\/\/www.organisator.ch\/wp-content\/uploads\/2020\/08\/Erfolgs-Impuls-Welche-Felder-besetzen-Sie_Organisator-263x175.jpg 263w, https:\/\/www.organisator.ch\/wp-content\/uploads\/2020\/08\/Erfolgs-Impuls-Welche-Felder-besetzen-Sie_Organisator-525x350.jpg 525w, https:\/\/www.organisator.ch\/wp-content\/uploads\/2020\/08\/Erfolgs-Impuls-Welche-Felder-besetzen-Sie_Organisator-300x200.jpg 300w\" sizes=\"auto, (max-width: 680px) 100vw, 680px\" \/><figcaption id=\"caption-attachment-7059\" class=\"wp-caption-text\">Dans le domaine du leadership aussi, il y a des champs clairs \u00e0 occuper. (Image : Pixabay.com)<\/figcaption><\/figure>\n<p>Voil\u00e0 un homme qui pousse la perception du public et donc toute une industrie devant lui : Elon Musk. Dans sa derni\u00e8re annonce, il s'agit de r\u00e9volutionner l'ensemble de la production automobile en faisant en sorte que la carrosserie ne comporte plus que quatre pi\u00e8ces au lieu de 80. Cela permet de r\u00e9duire massivement les co\u00fbts. La question qui se pose toujours avec les annonces de Musk est de savoir ce qui sera mis en \u0153uvre et quand. Mais l\u00e0 n'est pas la question.<\/p>\n<h2>Les champs occup\u00e9s par Elon Musk et Steve Jobs<\/h2>\n<p>Des personnes comme Elon Musk ne font g\u00e9n\u00e9ralement pas de promesses concr\u00e8tes avec leurs d\u00e9clarations, mais cr\u00e9ent et occupent des champs d'opinion dans la perception publique - et l'opinion des experts. Cons\u00e9quence : d\u00e8s que de telles id\u00e9es deviennent un jour r\u00e9alit\u00e9, ces r\u00e9alit\u00e9s sont directement li\u00e9es \u00e0 celui qui a occup\u00e9 le champ. La r\u00e9putation augmente ainsi g\u00e9n\u00e9ralement de mani\u00e8re spectaculaire - avec des cons\u00e9quences directes sur la position de leader sur le march\u00e9. Un autre expert en la mati\u00e8re \u00e9tait Steve Jobs : qui associez-vous au pionnier des smartphones, de l'\u00e9coute de musique mobile, des ordinateurs \u00e9motionnels et plus encore ? Bien s\u00fbr, Steve Jobs. Pourquoi ? Parce qu'il a occup\u00e9 ces champs.<\/p>\n<h2>Trois champs \u00e0 occuper<\/h2>\n<p>Cette occupation du terrain demande avant tout du courage, la capacit\u00e9 de trouver des soutiens et une forte concentration sur des actions visibles. Tout le monde ne peut et ne veut pas le faire, car cela comporte bien s\u00fbr des risques. Que pouvez-vous faire en tant que dirigeant ? Eh bien, les leaders exceptionnels utilisent la strat\u00e9gie de l'occupation des champs dans tous les domaines possibles du leadership. Si vous la ma\u00eetrisez, elle augmentera massivement votre influence. Voici trois domaines que vous devriez absolument occuper :<\/p>\n<ol>\n<li><strong>Vision<\/strong>. Si vous me suivez r\u00e9guli\u00e8rement, vous ne pouvez peut-\u00eatre plus l'entendre, et pourtant : si vous n'indiquez pas clairement o\u00f9 vous voulez aller (m\u00eame si cela comporte des risques), vous n'occupez justement aucun champ. R\u00e9sultat : les activit\u00e9s s'\u00e9parpillent dans tous les domaines possibles et sont plus r\u00e9actives que proactives. C'est un fait simple : ceux qui ont le plus d'influence sont presque toujours ceux qui ont la plus grande vision.<\/li>\n<li><strong>Unicit\u00e9<\/strong>. Je veux dire par l\u00e0 ce qui distingue votre \u00e9quipe, votre entreprise ou vos produits de telle sorte que tout le monde les associe imm\u00e9diatement \u00e0 vous. Je suis toujours \u00e9tonn\u00e9 de la difficult\u00e9 qu'ont les gens \u00e0 r\u00e9pondre \u00e0 la question de savoir ce qui les distingue, eux, leur \u00e9quipe ou leurs produits. En quoi vous ou votre entreprise sont-ils per\u00e7us comme \u00e9tant uniques ?<\/li>\n<li><strong>Identit\u00e9.<\/strong> Ici aussi, vous devriez occuper des champs : Que repr\u00e9sentez-vous exactement ? Quelles sont vos exigences ? Qu'est-ce que vous n'accepterez jamais ? La plupart des gens dans les entreprises ne peuvent pas r\u00e9pondre \u00e0 ces questions de mani\u00e8re uniforme. Que repr\u00e9sente votre entreprise, et ce de mani\u00e8re exceptionnelle ?<\/li>\n<\/ol>\n<h2>Sortir de la m\u00e9diocrit\u00e9<\/h2>\n<p>Ces points sont importants, car ils vous permettent de passer de la m\u00e9diocrit\u00e9 \u00e0 la ligue de l'excellence, avec des cons\u00e9quences durables sur la croissance et les b\u00e9n\u00e9fices. Vous vous d\u00e9finissez comme la r\u00e9f\u00e9rence pour tout ce qui est \u00e0 venir. C'est ce qu'a fait Bill Gates, tout comme Steve Jobs et maintenant Elon Musk. Mais n'ayez pas peur : les champs que vous occupez ne doivent pas \u00eatre aussi grands.<\/p>\n<p><i><strong>Vers l'auteur :<\/strong><br \/>\n<\/i><em>Volkmar V\u00f6lzke est un maximisateur de succ\u00e8s. Auteur de livres. Conseiller et consultant. Coach de formation. Orateur. <a href=\"http:\/\/www.volkmarvoelzke.ch\/\">www.volkmarvoelzke.ch<\/a><\/em><\/p>","protected":false},"excerpt":{"rendered":"<p>Da treibt einer die \u00f6ffentliche Wahrnehmung und damit eine ganze Industrie vor sich her: Elon Musk. In seiner neuesten Ank\u00fcndigung geht es darum, die gesamte Automobilproduktion zu revolutionieren, indem die Karosserie nur noch aus vier statt aus 80 Teilen bestehen soll. Das spart massiv Kosten. Nun ist ja bei Musks Ank\u00fcndigungen immer die Frage, was [&hellip;]<\/p>\n","protected":false},"author":4,"featured_media":7059,"comment_status":"closed","ping_status":"closed","sticky":false,"template":"","format":"standard","meta":{"_acf_changed":false,"_yoast_wpseo_focuskw":"Felder","_yoast_wpseo_metadesc":"Elon Musk tut es, auch Steve Jobs hat es getan: Mit ihren Aussagen besetzen sie in der \u00f6ffentlichen Wahrnehmung klare Felder als Meinungsf\u00fchrer. Und Sie?","articlekey":"","footnotes":""},"categories":[28],"tags":[115,177,335],"class_list":["post-7057","post","type-post","status-publish","format-standard","has-post-thumbnail","hentry","category-management","tag-checklisten","tag-erfolgs-impuls","tag-management-und-unternehmensfuehrung"],"acf":[],"yoast_head":"<!-- This site is optimized with the Yoast SEO plugin v27.5 - https:\/\/yoast.com\/product\/yoast-seo-wordpress\/ -->\n<title>Erfolgs-Impuls: Welche Felder besetzen Sie? - Organisator<\/title>\n<meta name=\"description\" content=\"Elon Musk tut es, auch Steve Jobs hat es getan: Mit ihren Aussagen besetzen sie in der \u00f6ffentlichen Wahrnehmung klare Felder als Meinungsf\u00fchrer. Und Sie?\" \/>\n<meta name=\"robots\" content=\"index, follow, max-snippet:-1, max-image-preview:large, max-video-preview:-1\" \/>\n<link rel=\"canonical\" href=\"https:\/\/www.organisator.ch\/fr\/gestion-2\/2020-08-28\/erfolgs-impuls-welche-felder-besetzen-sie\/\" \/>\n<meta property=\"og:locale\" content=\"fr_FR\" \/>\n<meta property=\"og:type\" content=\"article\" \/>\n<meta property=\"og:title\" content=\"Erfolgs-Impuls: Welche Felder besetzen Sie?\" \/>\n<meta property=\"og:description\" content=\"Elon Musk tut es, auch Steve Jobs hat es getan: Mit ihren Aussagen besetzen sie in der \u00f6ffentlichen Wahrnehmung klare Felder als Meinungsf\u00fchrer. Und Sie?\" \/>\n<meta property=\"og:url\" content=\"https:\/\/www.organisator.ch\/fr\/gestion-2\/2020-08-28\/erfolgs-impuls-welche-felder-besetzen-sie\/\" \/>\n<meta property=\"og:site_name\" content=\"Organisator\" \/>\n<meta property=\"article:publisher\" content=\"https:\/\/www.facebook.com\/OrganisatorFachmagazin\" \/>\n<meta property=\"article:published_time\" content=\"2020-08-28T08:39:02+00:00\" \/>\n<meta property=\"og:image\" content=\"https:\/\/www.organisator.ch\/wp-content\/uploads\/2020\/08\/Erfolgs-Impuls-Welche-Felder-besetzen-Sie_Organisator.jpg\" \/>\n\t<meta property=\"og:image:width\" content=\"680\" \/>\n\t<meta property=\"og:image:height\" content=\"453\" \/>\n\t<meta property=\"og:image:type\" content=\"image\/jpeg\" \/>\n<meta name=\"author\" content=\"thomas.berner\" \/>\n<meta name=\"twitter:card\" content=\"summary_large_image\" \/>\n<meta name=\"twitter:title\" content=\"#Erfolgs-Impuls: Welche Felder besetzen Sie?\" \/>\n<meta name=\"twitter:description\" content=\"Elon #Musk tut es, auch #SteveJobs hat es getan: Mit ihren Aussagen besetzen sie in der \u00f6ffentlichen Wahrnehmung klare Felder als #Meinungsf\u00fchrer. Und Sie?\" \/>\n<meta name=\"twitter:image\" content=\"https:\/\/www.organisator.ch\/wp-content\/uploads\/2020\/08\/Erfolgs-Impuls-Welche-Felder-besetzen-Sie_Organisator.jpg\" \/>\n<script type=\"application\/ld+json\" class=\"yoast-schema-graph\">{\"@context\":\"https:\\\/\\\/schema.org\",\"@graph\":[{\"@type\":\"Article\",\"@id\":\"https:\\\/\\\/www.organisator.ch\\\/management\\\/2020-08-28\\\/erfolgs-impuls-welche-felder-besetzen-sie\\\/#article\",\"isPartOf\":{\"@id\":\"https:\\\/\\\/www.organisator.ch\\\/management\\\/2020-08-28\\\/erfolgs-impuls-welche-felder-besetzen-sie\\\/\"},\"author\":{\"name\":\"thomas.berner\",\"@id\":\"https:\\\/\\\/www.organisator.ch\\\/#\\\/schema\\\/person\\\/6f650f90b2842cd4c0cc334b4e36f67e\"},\"headline\":\"Erfolgs-Impuls: Welche Felder besetzen Sie?\",\"datePublished\":\"2020-08-28T08:39:02+00:00\",\"mainEntityOfPage\":{\"@id\":\"https:\\\/\\\/www.organisator.ch\\\/management\\\/2020-08-28\\\/erfolgs-impuls-welche-felder-besetzen-sie\\\/\"},\"wordCount\":540,\"publisher\":{\"@id\":\"https:\\\/\\\/www.organisator.ch\\\/#organization\"},\"image\":{\"@id\":\"https:\\\/\\\/www.organisator.ch\\\/management\\\/2020-08-28\\\/erfolgs-impuls-welche-felder-besetzen-sie\\\/#primaryimage\"},\"thumbnailUrl\":\"https:\\\/\\\/www.organisator.ch\\\/wp-content\\\/uploads\\\/2020\\\/08\\\/Erfolgs-Impuls-Welche-Felder-besetzen-Sie_Organisator.jpg\",\"keywords\":[\"Checklisten\",\"Erfolgs-Impuls\",\"Management und Unternehmensf\u00fchrung\"],\"articleSection\":[\"MANAGEMENT\"],\"inLanguage\":\"fr-FR\"},{\"@type\":\"WebPage\",\"@id\":\"https:\\\/\\\/www.organisator.ch\\\/management\\\/2020-08-28\\\/erfolgs-impuls-welche-felder-besetzen-sie\\\/\",\"url\":\"https:\\\/\\\/www.organisator.ch\\\/management\\\/2020-08-28\\\/erfolgs-impuls-welche-felder-besetzen-sie\\\/\",\"name\":\"Erfolgs-Impuls: Welche Felder besetzen Sie? - Organisator\",\"isPartOf\":{\"@id\":\"https:\\\/\\\/www.organisator.ch\\\/#website\"},\"primaryImageOfPage\":{\"@id\":\"https:\\\/\\\/www.organisator.ch\\\/management\\\/2020-08-28\\\/erfolgs-impuls-welche-felder-besetzen-sie\\\/#primaryimage\"},\"image\":{\"@id\":\"https:\\\/\\\/www.organisator.ch\\\/management\\\/2020-08-28\\\/erfolgs-impuls-welche-felder-besetzen-sie\\\/#primaryimage\"},\"thumbnailUrl\":\"https:\\\/\\\/www.organisator.ch\\\/wp-content\\\/uploads\\\/2020\\\/08\\\/Erfolgs-Impuls-Welche-Felder-besetzen-Sie_Organisator.jpg\",\"datePublished\":\"2020-08-28T08:39:02+00:00\",\"description\":\"Elon Musk tut es, auch Steve Jobs hat es getan: Mit ihren Aussagen besetzen sie in der \u00f6ffentlichen Wahrnehmung klare Felder als Meinungsf\u00fchrer. Und Sie?\",\"breadcrumb\":{\"@id\":\"https:\\\/\\\/www.organisator.ch\\\/management\\\/2020-08-28\\\/erfolgs-impuls-welche-felder-besetzen-sie\\\/#breadcrumb\"},\"inLanguage\":\"fr-FR\",\"potentialAction\":[{\"@type\":\"ReadAction\",\"target\":[\"https:\\\/\\\/www.organisator.ch\\\/management\\\/2020-08-28\\\/erfolgs-impuls-welche-felder-besetzen-sie\\\/\"]}]},{\"@type\":\"ImageObject\",\"inLanguage\":\"fr-FR\",\"@id\":\"https:\\\/\\\/www.organisator.ch\\\/management\\\/2020-08-28\\\/erfolgs-impuls-welche-felder-besetzen-sie\\\/#primaryimage\",\"url\":\"https:\\\/\\\/www.organisator.ch\\\/wp-content\\\/uploads\\\/2020\\\/08\\\/Erfolgs-Impuls-Welche-Felder-besetzen-Sie_Organisator.jpg\",\"contentUrl\":\"https:\\\/\\\/www.organisator.ch\\\/wp-content\\\/uploads\\\/2020\\\/08\\\/Erfolgs-Impuls-Welche-Felder-besetzen-Sie_Organisator.jpg\",\"width\":680,\"height\":453,\"caption\":\"Auch im Bereich Leadership gilt es klare Felder zu besetzen. (Bild: Pixabay.com)\"},{\"@type\":\"BreadcrumbList\",\"@id\":\"https:\\\/\\\/www.organisator.ch\\\/management\\\/2020-08-28\\\/erfolgs-impuls-welche-felder-besetzen-sie\\\/#breadcrumb\",\"itemListElement\":[{\"@type\":\"ListItem\",\"position\":1,\"name\":\"Home\",\"item\":\"https:\\\/\\\/www.organisator.ch\\\/\"},{\"@type\":\"ListItem\",\"position\":2,\"name\":\"Erfolgs-Impuls: Welche Felder besetzen Sie?\"}]},{\"@type\":\"WebSite\",\"@id\":\"https:\\\/\\\/www.organisator.ch\\\/#website\",\"url\":\"https:\\\/\\\/www.organisator.ch\\\/\",\"name\":\"Organisator\",\"description\":\"Kompetent. Praxisnah. Der ORGANISATOR bereitet in 10 Ausgaben pro Jahr die wesentlichen Themen f\u00fcr F\u00fchrungskr\u00e4fte von KMU auf.\",\"publisher\":{\"@id\":\"https:\\\/\\\/www.organisator.ch\\\/#organization\"},\"potentialAction\":[{\"@type\":\"SearchAction\",\"target\":{\"@type\":\"EntryPoint\",\"urlTemplate\":\"https:\\\/\\\/www.organisator.ch\\\/?s={search_term_string}\"},\"query-input\":{\"@type\":\"PropertyValueSpecification\",\"valueRequired\":true,\"valueName\":\"search_term_string\"}}],\"inLanguage\":\"fr-FR\"},{\"@type\":\"Organization\",\"@id\":\"https:\\\/\\\/www.organisator.ch\\\/#organization\",\"name\":\"Organisator\",\"url\":\"https:\\\/\\\/www.organisator.ch\\\/\",\"logo\":{\"@type\":\"ImageObject\",\"inLanguage\":\"fr-FR\",\"@id\":\"https:\\\/\\\/www.organisator.ch\\\/#\\\/schema\\\/logo\\\/image\\\/\",\"url\":\"https:\\\/\\\/www.organisator.ch\\\/wp-content\\\/uploads\\\/2022\\\/01\\\/Logo_Organisator_Website.png\",\"contentUrl\":\"https:\\\/\\\/www.organisator.ch\\\/wp-content\\\/uploads\\\/2022\\\/01\\\/Logo_Organisator_Website.png\",\"width\":800,\"height\":77,\"caption\":\"Organisator\"},\"image\":{\"@id\":\"https:\\\/\\\/www.organisator.ch\\\/#\\\/schema\\\/logo\\\/image\\\/\"},\"sameAs\":[\"https:\\\/\\\/www.facebook.com\\\/OrganisatorFachmagazin\",\"https:\\\/\\\/www.linkedin.com\\\/showcase\\\/organisator-das-magazin-fr-kmu\",\"https:\\\/\\\/www.xing.com\\\/news\\\/pages\\\/organisator-ch-695\",\"https:\\\/\\\/www.youtube.com\\\/channel\\\/UCGP2Sq0iWaZwT3BdIAQFYpw\"]},{\"@type\":\"Person\",\"@id\":\"https:\\\/\\\/www.organisator.ch\\\/#\\\/schema\\\/person\\\/6f650f90b2842cd4c0cc334b4e36f67e\",\"name\":\"thomas.berner\",\"image\":{\"@type\":\"ImageObject\",\"inLanguage\":\"fr-FR\",\"@id\":\"https:\\\/\\\/secure.gravatar.com\\\/avatar\\\/ac5001d2a36cb6c6cd3e50789007ffca834b477b74a2144564522e944eabff61?s=96&d=mm&r=g\",\"url\":\"https:\\\/\\\/secure.gravatar.com\\\/avatar\\\/ac5001d2a36cb6c6cd3e50789007ffca834b477b74a2144564522e944eabff61?s=96&d=mm&r=g\",\"contentUrl\":\"https:\\\/\\\/secure.gravatar.com\\\/avatar\\\/ac5001d2a36cb6c6cd3e50789007ffca834b477b74a2144564522e944eabff61?s=96&d=mm&r=g\",\"caption\":\"thomas.berner\"},\"url\":\"https:\\\/\\\/www.organisator.ch\\\/fr\\\/author\\\/thomas-berner\\\/\"}]}<\/script>\n<!-- \/ Yoast SEO plugin. -->","yoast_head_json":{"title":"Impulsion du succ\u00e8s : quels sont les champs que vous occupez ? - Organisateur","description":"Elon Musk le fait, Steve Jobs l'a fait aussi : avec leurs d\u00e9clarations, ils occupent des champs clairs dans la perception publique en tant que leaders d'opinion. Et vous ?","robots":{"index":"index","follow":"follow","max-snippet":"max-snippet:-1","max-image-preview":"max-image-preview:large","max-video-preview":"max-video-preview:-1"},"canonical":"https:\/\/www.organisator.ch\/fr\/gestion-2\/2020-08-28\/erfolgs-impuls-welche-felder-besetzen-sie\/","og_locale":"fr_FR","og_type":"article","og_title":"Erfolgs-Impuls: Welche Felder besetzen Sie?","og_description":"Elon Musk tut es, auch Steve Jobs hat es getan: Mit ihren Aussagen besetzen sie in der \u00f6ffentlichen Wahrnehmung klare Felder als Meinungsf\u00fchrer. Und Sie?","og_url":"https:\/\/www.organisator.ch\/fr\/gestion-2\/2020-08-28\/erfolgs-impuls-welche-felder-besetzen-sie\/","og_site_name":"Organisator","article_publisher":"https:\/\/www.facebook.com\/OrganisatorFachmagazin","article_published_time":"2020-08-28T08:39:02+00:00","og_image":[{"width":680,"height":453,"url":"https:\/\/www.organisator.ch\/wp-content\/uploads\/2020\/08\/Erfolgs-Impuls-Welche-Felder-besetzen-Sie_Organisator.jpg","type":"image\/jpeg"}],"author":"thomas.berner","twitter_card":"summary_large_image","twitter_title":"#Erfolgs-Impuls: Welche Felder besetzen Sie?","twitter_description":"Elon #Musk tut es, auch #SteveJobs hat es getan: Mit ihren Aussagen besetzen sie in der \u00f6ffentlichen Wahrnehmung klare Felder als #Meinungsf\u00fchrer. Und Sie?","twitter_image":"https:\/\/www.organisator.ch\/wp-content\/uploads\/2020\/08\/Erfolgs-Impuls-Welche-Felder-besetzen-Sie_Organisator.jpg","schema":{"@context":"https:\/\/schema.org","@graph":[{"@type":"Article","@id":"https:\/\/www.organisator.ch\/management\/2020-08-28\/erfolgs-impuls-welche-felder-besetzen-sie\/#article","isPartOf":{"@id":"https:\/\/www.organisator.ch\/management\/2020-08-28\/erfolgs-impuls-welche-felder-besetzen-sie\/"},"author":{"name":"thomas.berner","@id":"https:\/\/www.organisator.ch\/#\/schema\/person\/6f650f90b2842cd4c0cc334b4e36f67e"},"headline":"Erfolgs-Impuls: Welche Felder besetzen Sie?","datePublished":"2020-08-28T08:39:02+00:00","mainEntityOfPage":{"@id":"https:\/\/www.organisator.ch\/management\/2020-08-28\/erfolgs-impuls-welche-felder-besetzen-sie\/"},"wordCount":540,"publisher":{"@id":"https:\/\/www.organisator.ch\/#organization"},"image":{"@id":"https:\/\/www.organisator.ch\/management\/2020-08-28\/erfolgs-impuls-welche-felder-besetzen-sie\/#primaryimage"},"thumbnailUrl":"https:\/\/www.organisator.ch\/wp-content\/uploads\/2020\/08\/Erfolgs-Impuls-Welche-Felder-besetzen-Sie_Organisator.jpg","keywords":["Checklisten","Erfolgs-Impuls","Management und Unternehmensf\u00fchrung"],"articleSection":["MANAGEMENT"],"inLanguage":"fr-FR"},{"@type":"WebPage","@id":"https:\/\/www.organisator.ch\/management\/2020-08-28\/erfolgs-impuls-welche-felder-besetzen-sie\/","url":"https:\/\/www.organisator.ch\/management\/2020-08-28\/erfolgs-impuls-welche-felder-besetzen-sie\/","name":"Impulsion du succ\u00e8s : quels sont les champs que vous occupez ? - Organisateur","isPartOf":{"@id":"https:\/\/www.organisator.ch\/#website"},"primaryImageOfPage":{"@id":"https:\/\/www.organisator.ch\/management\/2020-08-28\/erfolgs-impuls-welche-felder-besetzen-sie\/#primaryimage"},"image":{"@id":"https:\/\/www.organisator.ch\/management\/2020-08-28\/erfolgs-impuls-welche-felder-besetzen-sie\/#primaryimage"},"thumbnailUrl":"https:\/\/www.organisator.ch\/wp-content\/uploads\/2020\/08\/Erfolgs-Impuls-Welche-Felder-besetzen-Sie_Organisator.jpg","datePublished":"2020-08-28T08:39:02+00:00","description":"Elon Musk le fait, Steve Jobs l'a fait aussi : avec leurs d\u00e9clarations, ils occupent des champs clairs dans la perception publique en tant que leaders d'opinion. Et vous ?","breadcrumb":{"@id":"https:\/\/www.organisator.ch\/management\/2020-08-28\/erfolgs-impuls-welche-felder-besetzen-sie\/#breadcrumb"},"inLanguage":"fr-FR","potentialAction":[{"@type":"ReadAction","target":["https:\/\/www.organisator.ch\/management\/2020-08-28\/erfolgs-impuls-welche-felder-besetzen-sie\/"]}]},{"@type":"ImageObject","inLanguage":"fr-FR","@id":"https:\/\/www.organisator.ch\/management\/2020-08-28\/erfolgs-impuls-welche-felder-besetzen-sie\/#primaryimage","url":"https:\/\/www.organisator.ch\/wp-content\/uploads\/2020\/08\/Erfolgs-Impuls-Welche-Felder-besetzen-Sie_Organisator.jpg","contentUrl":"https:\/\/www.organisator.ch\/wp-content\/uploads\/2020\/08\/Erfolgs-Impuls-Welche-Felder-besetzen-Sie_Organisator.jpg","width":680,"height":453,"caption":"Auch im Bereich Leadership gilt es klare Felder zu besetzen. (Bild: Pixabay.com)"},{"@type":"BreadcrumbList","@id":"https:\/\/www.organisator.ch\/management\/2020-08-28\/erfolgs-impuls-welche-felder-besetzen-sie\/#breadcrumb","itemListElement":[{"@type":"ListItem","position":1,"name":"Home","item":"https:\/\/www.organisator.ch\/"},{"@type":"ListItem","position":2,"name":"Erfolgs-Impuls: Welche Felder besetzen Sie?"}]},{"@type":"WebSite","@id":"https:\/\/www.organisator.ch\/#website","url":"https:\/\/www.organisator.ch\/","name":"Organisateur","description":"Comp\u00e9tence et comp\u00e9tence. Proches de la pratique. L'ORGANISATEUR pr\u00e9pare 10 num\u00e9ros par an sur les th\u00e8mes essentiels pour les dirigeants de PME.","publisher":{"@id":"https:\/\/www.organisator.ch\/#organization"},"potentialAction":[{"@type":"SearchAction","target":{"@type":"EntryPoint","urlTemplate":"https:\/\/www.organisator.ch\/?s={search_term_string}"},"query-input":{"@type":"PropertyValueSpecification","valueRequired":true,"valueName":"search_term_string"}}],"inLanguage":"fr-FR"},{"@type":"Organization","@id":"https:\/\/www.organisator.ch\/#organization","name":"Organisateur","url":"https:\/\/www.organisator.ch\/","logo":{"@type":"ImageObject","inLanguage":"fr-FR","@id":"https:\/\/www.organisator.ch\/#\/schema\/logo\/image\/","url":"https:\/\/www.organisator.ch\/wp-content\/uploads\/2022\/01\/Logo_Organisator_Website.png","contentUrl":"https:\/\/www.organisator.ch\/wp-content\/uploads\/2022\/01\/Logo_Organisator_Website.png","width":800,"height":77,"caption":"Organisator"},"image":{"@id":"https:\/\/www.organisator.ch\/#\/schema\/logo\/image\/"},"sameAs":["https:\/\/www.facebook.com\/OrganisatorFachmagazin","https:\/\/www.linkedin.com\/showcase\/organisator-das-magazin-fr-kmu","https:\/\/www.xing.com\/news\/pages\/organisator-ch-695","https:\/\/www.youtube.com\/channel\/UCGP2Sq0iWaZwT3BdIAQFYpw"]},{"@type":"Person","@id":"https:\/\/www.organisator.ch\/#\/schema\/person\/6f650f90b2842cd4c0cc334b4e36f67e","name":"thomas.berner","image":{"@type":"ImageObject","inLanguage":"fr-FR","@id":"https:\/\/secure.gravatar.com\/avatar\/ac5001d2a36cb6c6cd3e50789007ffca834b477b74a2144564522e944eabff61?s=96&d=mm&r=g","url":"https:\/\/secure.gravatar.com\/avatar\/ac5001d2a36cb6c6cd3e50789007ffca834b477b74a2144564522e944eabff61?s=96&d=mm&r=g","contentUrl":"https:\/\/secure.gravatar.com\/avatar\/ac5001d2a36cb6c6cd3e50789007ffca834b477b74a2144564522e944eabff61?s=96&d=mm&r=g","caption":"thomas.berner"},"url":"https:\/\/www.organisator.ch\/fr\/author\/thomas-berner\/"}]}},"_links":{"self":[{"href":"https:\/\/www.organisator.ch\/fr\/wp-json\/wp\/v2\/posts\/7057","targetHints":{"allow":["GET"]}}],"collection":[{"href":"https:\/\/www.organisator.ch\/fr\/wp-json\/wp\/v2\/posts"}],"about":[{"href":"https:\/\/www.organisator.ch\/fr\/wp-json\/wp\/v2\/types\/post"}],"author":[{"embeddable":true,"href":"https:\/\/www.organisator.ch\/fr\/wp-json\/wp\/v2\/users\/4"}],"replies":[{"embeddable":true,"href":"https:\/\/www.organisator.ch\/fr\/wp-json\/wp\/v2\/comments?post=7057"}],"version-history":[{"count":0,"href":"https:\/\/www.organisator.ch\/fr\/wp-json\/wp\/v2\/posts\/7057\/revisions"}],"wp:featuredmedia":[{"embeddable":true,"href":"https:\/\/www.organisator.ch\/fr\/wp-json\/wp\/v2\/media\/7059"}],"wp:attachment":[{"href":"https:\/\/www.organisator.ch\/fr\/wp-json\/wp\/v2\/media?parent=7057"}],"wp:term":[{"taxonomy":"category","embeddable":true,"href":"https:\/\/www.organisator.ch\/fr\/wp-json\/wp\/v2\/categories?post=7057"},{"taxonomy":"post_tag","embeddable":true,"href":"https:\/\/www.organisator.ch\/fr\/wp-json\/wp\/v2\/tags?post=7057"}],"curies":[{"name":"wp","href":"https:\/\/api.w.org\/{rel}","templated":true}]}}