{"id":7065,"date":"2020-09-01T14:11:01","date_gmt":"2020-09-01T12:11:01","guid":{"rendered":"https:\/\/www.organisator.ch\/?p=7065"},"modified":"2020-09-01T14:11:01","modified_gmt":"2020-09-01T12:11:01","slug":"produktivitaet-im-homeoffice-eine-frage-der-mentalitaet","status":"publish","type":"post","link":"https:\/\/www.organisator.ch\/fr\/human-resources\/fit_im_job\/2020-09-01\/produktivitaet-im-homeoffice-eine-frage-der-mentalitaet\/","title":{"rendered":"La productivit\u00e9 dans le home office : une question de mentalit\u00e9"},"content":{"rendered":"<figure id=\"attachment_7066\" aria-describedby=\"caption-attachment-7066\" style=\"width: 680px\" class=\"wp-caption alignnone\"><img loading=\"lazy\" decoding=\"async\" class=\"size-medium wp-image-7066\" src=\"https:\/\/www.organisator.ch\/wp-content\/uploads\/2020\/09\/Produktivitaet-im-Homeoffice-Eine-Frage-der-Mentalitaet_Organisator.jpg\" alt=\"\" width=\"680\" height=\"451\" srcset=\"https:\/\/www.organisator.ch\/wp-content\/uploads\/2020\/09\/Produktivitaet-im-Homeoffice-Eine-Frage-der-Mentalitaet_Organisator.jpg 680w, https:\/\/www.organisator.ch\/wp-content\/uploads\/2020\/09\/Produktivitaet-im-Homeoffice-Eine-Frage-der-Mentalitaet_Organisator-16x12.jpg 16w, https:\/\/www.organisator.ch\/wp-content\/uploads\/2020\/09\/Produktivitaet-im-Homeoffice-Eine-Frage-der-Mentalitaet_Organisator-264x175.jpg 264w, https:\/\/www.organisator.ch\/wp-content\/uploads\/2020\/09\/Produktivitaet-im-Homeoffice-Eine-Frage-der-Mentalitaet_Organisator-528x350.jpg 528w, https:\/\/www.organisator.ch\/wp-content\/uploads\/2020\/09\/Produktivitaet-im-Homeoffice-Eine-Frage-der-Mentalitaet_Organisator-300x199.jpg 300w\" sizes=\"auto, (max-width: 680px) 100vw, 680px\" \/><figcaption id=\"caption-attachment-7066\" class=\"wp-caption-text\">La productivit\u00e9 dans le home office d\u00e9pend de diff\u00e9rents facteurs. Mais l'attitude personnelle des collaborateurs joue un r\u00f4le important, comme le montre une \u00e9tude r\u00e9cente. (Image : Pixabay.com)<\/figcaption><\/figure>\n<p>Quelle est l'attitude g\u00e9n\u00e9rale des collaborateurs face au t\u00e9l\u00e9travail ? Quelles \u00e9motions ont-ils ressenties lorsqu'ils ont d\u00fb travailler dans un bureau \u00e0 domicile ? Et qu'en \u00e9tait-il de leur productivit\u00e9 en home office ? Ces questions ont \u00e9t\u00e9 \u00e9tudi\u00e9es pendant cinq semaines, de mi-avril \u00e0 mi-mai 2020, p\u00e9riode durant laquelle de nombreux collaborateurs ont travaill\u00e9 pour la premi\u00e8re fois \u00e0 domicile en raison du lockdown impos\u00e9 par COVID-19.<\/p>\n<h2>Une \u00e9tude le confirme : Une attitude positive favorise la productivit\u00e9 dans le t\u00e9l\u00e9travail<\/h2>\n<p>En ce qui concerne l'\u00e9tat d'esprit, les personnes interrog\u00e9es ont \u00e9t\u00e9 class\u00e9es selon qu'elles pensaient que les comp\u00e9tences n\u00e9cessaires pour travailler \u00e0 domicile \u00e9taient inn\u00e9es (\u00e9tat d'esprit fixe) ou qu'elles pensaient que cette nouvelle comp\u00e9tence pouvait \u00eatre apprise (\u00e9tat d'esprit de croissance). Les personnes qui pensent que cette capacit\u00e9 est inn\u00e9e (Fixed Mindset) ont consid\u00e9r\u00e9 le travail \u00e0 domicile comme un nouveau d\u00e9fi qu'elles ne sont pas pr\u00eates \u00e0 relever. Elles ont ressenti davantage d'\u00e9motions n\u00e9gatives telles que la frustration, la culpabilit\u00e9 ou l'anxi\u00e9t\u00e9 et peu de sentiments positifs, ce qui a eu un impact direct sur leur productivit\u00e9 per\u00e7ue : les personnes ayant de forts sentiments n\u00e9gatifs ont atteint 31% d'objectifs en moins la m\u00eame semaine et 19% d'objectifs en moins la semaine suivante que les personnes ayant de faibles sentiments n\u00e9gatifs. D'un autre c\u00f4t\u00e9, les personnes ayant un Growth Mindset \u00e9taient, selon l'\u00e9tude, nettement plus motiv\u00e9es et productives au home office. Les employ\u00e9s ayant les sentiments positifs les plus forts ont atteint en moyenne 43% d'objectifs de plus dans la m\u00eame semaine que ceux qui n'ont pas ressenti de sentiments positifs.<\/p>\n<h2>Les entreprises peuvent am\u00e9liorer leur comp\u00e9titivit\u00e9<\/h2>\n<p>\"Si le home-office doit perdurer \u00e0 long terme, les entreprises doivent prendre conscience de ce qui rend leurs collaborateurs heureux et productifs dans ce contexte. Notre \u00e9tude sugg\u00e8re qu'une certaine attitude personnelle vis-\u00e0-vis du travail \u00e0 domicile est un facteur d\u00e9cisif\", explique l'auteur principal de l'\u00e9tude, le Dr Lauren Howe de l'universit\u00e9 de Zurich. \"Si les collaborateurs sont satisfaits, leur productivit\u00e9 augmente de mani\u00e8re mesurable. Les entreprises ont donc tout int\u00e9r\u00eat \u00e0 soutenir leurs collaborateurs le mieux possible dans leur nouvel environnement de travail\", explique Marco Meister, cofondateur et CEO d'atwork. \"\u00c0 l'avenir, les entreprises qui r\u00e9ussiront seront celles qui seront le mieux inform\u00e9es des difficult\u00e9s et des d\u00e9fis de leurs collaborateurs et qui y r\u00e9pondront par des mesures cibl\u00e9es. Elles pourront ainsi augmenter la productivit\u00e9 au sein de l'entreprise et am\u00e9liorer leur comp\u00e9titivit\u00e9\".<\/p>\n<p>L'\u00e9tude a \u00e9t\u00e9 r\u00e9alis\u00e9e par Lauren Howe et Jochen Menges de l'Universit\u00e9 de Zurich et co-d\u00e9velopp\u00e9e par la ZHAW et atwork. Pour ce faire, 113 collaborateurs travaillant en home office ont \u00e9t\u00e9 interrog\u00e9s, chacun d'entre eux ayant r\u00e9pondu \u00e0 quatre enqu\u00eates.<\/p>\n<p><em>Source : <a href=\"https:\/\/www.atwork.ai\/\">atwork<\/a><\/em><\/p>","protected":false},"excerpt":{"rendered":"<p>Wie stellen sich Mitarbeitende grunds\u00e4tzlich dem Thema Homeoffice? Welche Emotionen haben sie versp\u00fcrt, als sie im Heimb\u00fcro arbeiten mussten? Und wie stand es um ihre Produktivit\u00e4t im Homeoffice? Diese Themen wurde w\u00e4hrend f\u00fcnf Wochen von Mitte April bis Mitte Mai 2020 untersucht, in der viele Mitarbeitende wegen des Lockdowns durch COVID-19 zum ersten Mal von [&hellip;]<\/p>\n","protected":false},"author":4,"featured_media":7066,"comment_status":"closed","ping_status":"closed","sticky":false,"template":"","format":"standard","meta":{"_acf_changed":false,"_yoast_wpseo_focuskw":"Produktivit\u00e4t im Homeoffice","_yoast_wpseo_metadesc":"Die Produktivit\u00e4t im Homeoffice w\u00e4hrend der COVID-19 Pandemie korreliert stark mit dem Mindset der Mitarbeitenden. Dies best\u00e4tigt eine neue Studie.","articlekey":"","footnotes":""},"categories":[25],"tags":[51,132,251,459],"class_list":["post-7065","post","type-post","status-publish","format-standard","has-post-thumbnail","hentry","category-fit_im_job","tag-arbeitsplatzgestaltung","tag-coronavirus","tag-homeoffice","tag-studie"],"acf":[],"yoast_head":"<!-- This site is optimized with the Yoast SEO plugin v27.5 - https:\/\/yoast.com\/product\/yoast-seo-wordpress\/ -->\n<title>Produktivit\u00e4t im Homeoffice: Eine Frage der Mentalit\u00e4t - Organisator<\/title>\n<meta name=\"description\" content=\"Die Produktivit\u00e4t im Homeoffice w\u00e4hrend der COVID-19 Pandemie korreliert stark mit dem Mindset der Mitarbeitenden. Dies best\u00e4tigt eine neue Studie.\" \/>\n<meta name=\"robots\" content=\"index, follow, max-snippet:-1, max-image-preview:large, max-video-preview:-1\" \/>\n<link rel=\"canonical\" href=\"https:\/\/www.organisator.ch\/fr\/ressources-humaines\/fit_im_job\/2020-09-01\/produktivitaet-im-homeoffice-eine-frage-der-mentalitaet\/\" \/>\n<meta property=\"og:locale\" content=\"fr_FR\" \/>\n<meta property=\"og:type\" content=\"article\" \/>\n<meta property=\"og:title\" content=\"Produktivit\u00e4t im Homeoffice: Eine Frage der Mentalit\u00e4t\" \/>\n<meta property=\"og:description\" content=\"Die Produktivit\u00e4t im Homeoffice w\u00e4hrend der COVID-19 Pandemie korreliert stark mit dem Mindset der Mitarbeitenden. Dies best\u00e4tigt eine neue Studie.\" \/>\n<meta property=\"og:url\" content=\"https:\/\/www.organisator.ch\/fr\/ressources-humaines\/fit_im_job\/2020-09-01\/produktivitaet-im-homeoffice-eine-frage-der-mentalitaet\/\" \/>\n<meta property=\"og:site_name\" content=\"Organisator\" \/>\n<meta property=\"article:publisher\" content=\"https:\/\/www.facebook.com\/OrganisatorFachmagazin\" \/>\n<meta property=\"article:published_time\" content=\"2020-09-01T12:11:01+00:00\" \/>\n<meta property=\"og:image\" content=\"https:\/\/www.organisator.ch\/wp-content\/uploads\/2020\/09\/Produktivitaet-im-Homeoffice-Eine-Frage-der-Mentalitaet_Organisator.jpg\" \/>\n\t<meta property=\"og:image:width\" content=\"680\" \/>\n\t<meta property=\"og:image:height\" content=\"451\" \/>\n\t<meta property=\"og:image:type\" content=\"image\/jpeg\" \/>\n<meta name=\"author\" content=\"thomas.berner\" \/>\n<meta name=\"twitter:card\" content=\"summary_large_image\" \/>\n<meta name=\"twitter:title\" content=\"Produktivit\u00e4t im #Homeoffice: Eine Frage der #Mentalit\u00e4t\" \/>\n<meta name=\"twitter:description\" content=\"Die Produktivit\u00e4t im #Homeoffice w\u00e4hrend der #COVID-19 Pandemie korreliert stark mit dem #Mindset der Mitarbeitenden. Dies best\u00e4tigt eine neue Studie.\" \/>\n<meta name=\"twitter:image\" content=\"https:\/\/www.organisator.ch\/wp-content\/uploads\/2020\/09\/Produktivitaet-im-Homeoffice-Eine-Frage-der-Mentalitaet_Organisator.jpg\" \/>\n<script type=\"application\/ld+json\" class=\"yoast-schema-graph\">{\"@context\":\"https:\\\/\\\/schema.org\",\"@graph\":[{\"@type\":\"Article\",\"@id\":\"https:\\\/\\\/www.organisator.ch\\\/human-resources\\\/fit_im_job\\\/2020-09-01\\\/produktivitaet-im-homeoffice-eine-frage-der-mentalitaet\\\/#article\",\"isPartOf\":{\"@id\":\"https:\\\/\\\/www.organisator.ch\\\/human-resources\\\/fit_im_job\\\/2020-09-01\\\/produktivitaet-im-homeoffice-eine-frage-der-mentalitaet\\\/\"},\"author\":{\"name\":\"thomas.berner\",\"@id\":\"https:\\\/\\\/www.organisator.ch\\\/#\\\/schema\\\/person\\\/6f650f90b2842cd4c0cc334b4e36f67e\"},\"headline\":\"Produktivit\u00e4t im Homeoffice: Eine Frage der Mentalit\u00e4t\",\"datePublished\":\"2020-09-01T12:11:01+00:00\",\"mainEntityOfPage\":{\"@id\":\"https:\\\/\\\/www.organisator.ch\\\/human-resources\\\/fit_im_job\\\/2020-09-01\\\/produktivitaet-im-homeoffice-eine-frage-der-mentalitaet\\\/\"},\"wordCount\":456,\"publisher\":{\"@id\":\"https:\\\/\\\/www.organisator.ch\\\/#organization\"},\"image\":{\"@id\":\"https:\\\/\\\/www.organisator.ch\\\/human-resources\\\/fit_im_job\\\/2020-09-01\\\/produktivitaet-im-homeoffice-eine-frage-der-mentalitaet\\\/#primaryimage\"},\"thumbnailUrl\":\"https:\\\/\\\/www.organisator.ch\\\/wp-content\\\/uploads\\\/2020\\\/09\\\/Produktivitaet-im-Homeoffice-Eine-Frage-der-Mentalitaet_Organisator.jpg\",\"keywords\":[\"Arbeitsplatzgestaltung\",\"Coronavirus\",\"Homeoffice\",\"Studie\"],\"articleSection\":[\"FIT IM JOB\"],\"inLanguage\":\"fr-FR\"},{\"@type\":\"WebPage\",\"@id\":\"https:\\\/\\\/www.organisator.ch\\\/human-resources\\\/fit_im_job\\\/2020-09-01\\\/produktivitaet-im-homeoffice-eine-frage-der-mentalitaet\\\/\",\"url\":\"https:\\\/\\\/www.organisator.ch\\\/human-resources\\\/fit_im_job\\\/2020-09-01\\\/produktivitaet-im-homeoffice-eine-frage-der-mentalitaet\\\/\",\"name\":\"Produktivit\u00e4t im Homeoffice: Eine Frage der Mentalit\u00e4t - Organisator\",\"isPartOf\":{\"@id\":\"https:\\\/\\\/www.organisator.ch\\\/#website\"},\"primaryImageOfPage\":{\"@id\":\"https:\\\/\\\/www.organisator.ch\\\/human-resources\\\/fit_im_job\\\/2020-09-01\\\/produktivitaet-im-homeoffice-eine-frage-der-mentalitaet\\\/#primaryimage\"},\"image\":{\"@id\":\"https:\\\/\\\/www.organisator.ch\\\/human-resources\\\/fit_im_job\\\/2020-09-01\\\/produktivitaet-im-homeoffice-eine-frage-der-mentalitaet\\\/#primaryimage\"},\"thumbnailUrl\":\"https:\\\/\\\/www.organisator.ch\\\/wp-content\\\/uploads\\\/2020\\\/09\\\/Produktivitaet-im-Homeoffice-Eine-Frage-der-Mentalitaet_Organisator.jpg\",\"datePublished\":\"2020-09-01T12:11:01+00:00\",\"description\":\"Die Produktivit\u00e4t im Homeoffice w\u00e4hrend der COVID-19 Pandemie korreliert stark mit dem Mindset der Mitarbeitenden. Dies best\u00e4tigt eine neue Studie.\",\"breadcrumb\":{\"@id\":\"https:\\\/\\\/www.organisator.ch\\\/human-resources\\\/fit_im_job\\\/2020-09-01\\\/produktivitaet-im-homeoffice-eine-frage-der-mentalitaet\\\/#breadcrumb\"},\"inLanguage\":\"fr-FR\",\"potentialAction\":[{\"@type\":\"ReadAction\",\"target\":[\"https:\\\/\\\/www.organisator.ch\\\/human-resources\\\/fit_im_job\\\/2020-09-01\\\/produktivitaet-im-homeoffice-eine-frage-der-mentalitaet\\\/\"]}]},{\"@type\":\"ImageObject\",\"inLanguage\":\"fr-FR\",\"@id\":\"https:\\\/\\\/www.organisator.ch\\\/human-resources\\\/fit_im_job\\\/2020-09-01\\\/produktivitaet-im-homeoffice-eine-frage-der-mentalitaet\\\/#primaryimage\",\"url\":\"https:\\\/\\\/www.organisator.ch\\\/wp-content\\\/uploads\\\/2020\\\/09\\\/Produktivitaet-im-Homeoffice-Eine-Frage-der-Mentalitaet_Organisator.jpg\",\"contentUrl\":\"https:\\\/\\\/www.organisator.ch\\\/wp-content\\\/uploads\\\/2020\\\/09\\\/Produktivitaet-im-Homeoffice-Eine-Frage-der-Mentalitaet_Organisator.jpg\",\"width\":680,\"height\":451,\"caption\":\"Die Produktivit\u00e4t im Homeoffice h\u00e4ngt von verschiedenen Faktoren ab. Doch eine wichtige Rolle spielt die pers\u00f6nliche Einstellung der Mitarbeitenden, wie eine aktuelle Studie zeigt. (Bild: Pixabay.com)\"},{\"@type\":\"BreadcrumbList\",\"@id\":\"https:\\\/\\\/www.organisator.ch\\\/human-resources\\\/fit_im_job\\\/2020-09-01\\\/produktivitaet-im-homeoffice-eine-frage-der-mentalitaet\\\/#breadcrumb\",\"itemListElement\":[{\"@type\":\"ListItem\",\"position\":1,\"name\":\"Home\",\"item\":\"https:\\\/\\\/www.organisator.ch\\\/\"},{\"@type\":\"ListItem\",\"position\":2,\"name\":\"Produktivit\u00e4t im Homeoffice: Eine Frage der Mentalit\u00e4t\"}]},{\"@type\":\"WebSite\",\"@id\":\"https:\\\/\\\/www.organisator.ch\\\/#website\",\"url\":\"https:\\\/\\\/www.organisator.ch\\\/\",\"name\":\"Organisator\",\"description\":\"Kompetent. Praxisnah. Der ORGANISATOR bereitet in 10 Ausgaben pro Jahr die wesentlichen Themen f\u00fcr F\u00fchrungskr\u00e4fte von KMU auf.\",\"publisher\":{\"@id\":\"https:\\\/\\\/www.organisator.ch\\\/#organization\"},\"potentialAction\":[{\"@type\":\"SearchAction\",\"target\":{\"@type\":\"EntryPoint\",\"urlTemplate\":\"https:\\\/\\\/www.organisator.ch\\\/?s={search_term_string}\"},\"query-input\":{\"@type\":\"PropertyValueSpecification\",\"valueRequired\":true,\"valueName\":\"search_term_string\"}}],\"inLanguage\":\"fr-FR\"},{\"@type\":\"Organization\",\"@id\":\"https:\\\/\\\/www.organisator.ch\\\/#organization\",\"name\":\"Organisator\",\"url\":\"https:\\\/\\\/www.organisator.ch\\\/\",\"logo\":{\"@type\":\"ImageObject\",\"inLanguage\":\"fr-FR\",\"@id\":\"https:\\\/\\\/www.organisator.ch\\\/#\\\/schema\\\/logo\\\/image\\\/\",\"url\":\"https:\\\/\\\/www.organisator.ch\\\/wp-content\\\/uploads\\\/2022\\\/01\\\/Logo_Organisator_Website.png\",\"contentUrl\":\"https:\\\/\\\/www.organisator.ch\\\/wp-content\\\/uploads\\\/2022\\\/01\\\/Logo_Organisator_Website.png\",\"width\":800,\"height\":77,\"caption\":\"Organisator\"},\"image\":{\"@id\":\"https:\\\/\\\/www.organisator.ch\\\/#\\\/schema\\\/logo\\\/image\\\/\"},\"sameAs\":[\"https:\\\/\\\/www.facebook.com\\\/OrganisatorFachmagazin\",\"https:\\\/\\\/www.linkedin.com\\\/showcase\\\/organisator-das-magazin-fr-kmu\",\"https:\\\/\\\/www.xing.com\\\/news\\\/pages\\\/organisator-ch-695\",\"https:\\\/\\\/www.youtube.com\\\/channel\\\/UCGP2Sq0iWaZwT3BdIAQFYpw\"]},{\"@type\":\"Person\",\"@id\":\"https:\\\/\\\/www.organisator.ch\\\/#\\\/schema\\\/person\\\/6f650f90b2842cd4c0cc334b4e36f67e\",\"name\":\"thomas.berner\",\"image\":{\"@type\":\"ImageObject\",\"inLanguage\":\"fr-FR\",\"@id\":\"https:\\\/\\\/secure.gravatar.com\\\/avatar\\\/ac5001d2a36cb6c6cd3e50789007ffca834b477b74a2144564522e944eabff61?s=96&d=mm&r=g\",\"url\":\"https:\\\/\\\/secure.gravatar.com\\\/avatar\\\/ac5001d2a36cb6c6cd3e50789007ffca834b477b74a2144564522e944eabff61?s=96&d=mm&r=g\",\"contentUrl\":\"https:\\\/\\\/secure.gravatar.com\\\/avatar\\\/ac5001d2a36cb6c6cd3e50789007ffca834b477b74a2144564522e944eabff61?s=96&d=mm&r=g\",\"caption\":\"thomas.berner\"},\"url\":\"https:\\\/\\\/www.organisator.ch\\\/fr\\\/author\\\/thomas-berner\\\/\"}]}<\/script>\n<!-- \/ Yoast SEO plugin. -->","yoast_head_json":{"title":"La productivit\u00e9 en t\u00e9l\u00e9travail : une question de mentalit\u00e9 - Organisateur","description":"La productivit\u00e9 dans les bureaux \u00e0 domicile pendant la pand\u00e9mie COVID-19 est fortement corr\u00e9l\u00e9e \u00e0 l'\u00e9tat d'esprit des collaborateurs. C'est ce que confirme une nouvelle \u00e9tude.","robots":{"index":"index","follow":"follow","max-snippet":"max-snippet:-1","max-image-preview":"max-image-preview:large","max-video-preview":"max-video-preview:-1"},"canonical":"https:\/\/www.organisator.ch\/fr\/ressources-humaines\/fit_im_job\/2020-09-01\/produktivitaet-im-homeoffice-eine-frage-der-mentalitaet\/","og_locale":"fr_FR","og_type":"article","og_title":"Produktivit\u00e4t im Homeoffice: Eine Frage der Mentalit\u00e4t","og_description":"Die Produktivit\u00e4t im Homeoffice w\u00e4hrend der COVID-19 Pandemie korreliert stark mit dem Mindset der Mitarbeitenden. Dies best\u00e4tigt eine neue Studie.","og_url":"https:\/\/www.organisator.ch\/fr\/ressources-humaines\/fit_im_job\/2020-09-01\/produktivitaet-im-homeoffice-eine-frage-der-mentalitaet\/","og_site_name":"Organisator","article_publisher":"https:\/\/www.facebook.com\/OrganisatorFachmagazin","article_published_time":"2020-09-01T12:11:01+00:00","og_image":[{"width":680,"height":451,"url":"https:\/\/www.organisator.ch\/wp-content\/uploads\/2020\/09\/Produktivitaet-im-Homeoffice-Eine-Frage-der-Mentalitaet_Organisator.jpg","type":"image\/jpeg"}],"author":"thomas.berner","twitter_card":"summary_large_image","twitter_title":"Produktivit\u00e4t im #Homeoffice: Eine Frage der #Mentalit\u00e4t","twitter_description":"Die Produktivit\u00e4t im #Homeoffice w\u00e4hrend der #COVID-19 Pandemie korreliert stark mit dem #Mindset der Mitarbeitenden. Dies best\u00e4tigt eine neue Studie.","twitter_image":"https:\/\/www.organisator.ch\/wp-content\/uploads\/2020\/09\/Produktivitaet-im-Homeoffice-Eine-Frage-der-Mentalitaet_Organisator.jpg","schema":{"@context":"https:\/\/schema.org","@graph":[{"@type":"Article","@id":"https:\/\/www.organisator.ch\/human-resources\/fit_im_job\/2020-09-01\/produktivitaet-im-homeoffice-eine-frage-der-mentalitaet\/#article","isPartOf":{"@id":"https:\/\/www.organisator.ch\/human-resources\/fit_im_job\/2020-09-01\/produktivitaet-im-homeoffice-eine-frage-der-mentalitaet\/"},"author":{"name":"thomas.berner","@id":"https:\/\/www.organisator.ch\/#\/schema\/person\/6f650f90b2842cd4c0cc334b4e36f67e"},"headline":"Produktivit\u00e4t im Homeoffice: Eine Frage der Mentalit\u00e4t","datePublished":"2020-09-01T12:11:01+00:00","mainEntityOfPage":{"@id":"https:\/\/www.organisator.ch\/human-resources\/fit_im_job\/2020-09-01\/produktivitaet-im-homeoffice-eine-frage-der-mentalitaet\/"},"wordCount":456,"publisher":{"@id":"https:\/\/www.organisator.ch\/#organization"},"image":{"@id":"https:\/\/www.organisator.ch\/human-resources\/fit_im_job\/2020-09-01\/produktivitaet-im-homeoffice-eine-frage-der-mentalitaet\/#primaryimage"},"thumbnailUrl":"https:\/\/www.organisator.ch\/wp-content\/uploads\/2020\/09\/Produktivitaet-im-Homeoffice-Eine-Frage-der-Mentalitaet_Organisator.jpg","keywords":["Arbeitsplatzgestaltung","Coronavirus","Homeoffice","Studie"],"articleSection":["FIT IM JOB"],"inLanguage":"fr-FR"},{"@type":"WebPage","@id":"https:\/\/www.organisator.ch\/human-resources\/fit_im_job\/2020-09-01\/produktivitaet-im-homeoffice-eine-frage-der-mentalitaet\/","url":"https:\/\/www.organisator.ch\/human-resources\/fit_im_job\/2020-09-01\/produktivitaet-im-homeoffice-eine-frage-der-mentalitaet\/","name":"La productivit\u00e9 en t\u00e9l\u00e9travail : une question de mentalit\u00e9 - Organisateur","isPartOf":{"@id":"https:\/\/www.organisator.ch\/#website"},"primaryImageOfPage":{"@id":"https:\/\/www.organisator.ch\/human-resources\/fit_im_job\/2020-09-01\/produktivitaet-im-homeoffice-eine-frage-der-mentalitaet\/#primaryimage"},"image":{"@id":"https:\/\/www.organisator.ch\/human-resources\/fit_im_job\/2020-09-01\/produktivitaet-im-homeoffice-eine-frage-der-mentalitaet\/#primaryimage"},"thumbnailUrl":"https:\/\/www.organisator.ch\/wp-content\/uploads\/2020\/09\/Produktivitaet-im-Homeoffice-Eine-Frage-der-Mentalitaet_Organisator.jpg","datePublished":"2020-09-01T12:11:01+00:00","description":"La productivit\u00e9 dans les bureaux \u00e0 domicile pendant la pand\u00e9mie COVID-19 est fortement corr\u00e9l\u00e9e \u00e0 l'\u00e9tat d'esprit des collaborateurs. C'est ce que confirme une nouvelle \u00e9tude.","breadcrumb":{"@id":"https:\/\/www.organisator.ch\/human-resources\/fit_im_job\/2020-09-01\/produktivitaet-im-homeoffice-eine-frage-der-mentalitaet\/#breadcrumb"},"inLanguage":"fr-FR","potentialAction":[{"@type":"ReadAction","target":["https:\/\/www.organisator.ch\/human-resources\/fit_im_job\/2020-09-01\/produktivitaet-im-homeoffice-eine-frage-der-mentalitaet\/"]}]},{"@type":"ImageObject","inLanguage":"fr-FR","@id":"https:\/\/www.organisator.ch\/human-resources\/fit_im_job\/2020-09-01\/produktivitaet-im-homeoffice-eine-frage-der-mentalitaet\/#primaryimage","url":"https:\/\/www.organisator.ch\/wp-content\/uploads\/2020\/09\/Produktivitaet-im-Homeoffice-Eine-Frage-der-Mentalitaet_Organisator.jpg","contentUrl":"https:\/\/www.organisator.ch\/wp-content\/uploads\/2020\/09\/Produktivitaet-im-Homeoffice-Eine-Frage-der-Mentalitaet_Organisator.jpg","width":680,"height":451,"caption":"Die Produktivit\u00e4t im Homeoffice h\u00e4ngt von verschiedenen Faktoren ab. Doch eine wichtige Rolle spielt die pers\u00f6nliche Einstellung der Mitarbeitenden, wie eine aktuelle Studie zeigt. (Bild: Pixabay.com)"},{"@type":"BreadcrumbList","@id":"https:\/\/www.organisator.ch\/human-resources\/fit_im_job\/2020-09-01\/produktivitaet-im-homeoffice-eine-frage-der-mentalitaet\/#breadcrumb","itemListElement":[{"@type":"ListItem","position":1,"name":"Home","item":"https:\/\/www.organisator.ch\/"},{"@type":"ListItem","position":2,"name":"Produktivit\u00e4t im Homeoffice: Eine Frage der Mentalit\u00e4t"}]},{"@type":"WebSite","@id":"https:\/\/www.organisator.ch\/#website","url":"https:\/\/www.organisator.ch\/","name":"Organisateur","description":"Comp\u00e9tence et comp\u00e9tence. Proches de la pratique. L'ORGANISATEUR pr\u00e9pare 10 num\u00e9ros par an sur les th\u00e8mes essentiels pour les dirigeants de PME.","publisher":{"@id":"https:\/\/www.organisator.ch\/#organization"},"potentialAction":[{"@type":"SearchAction","target":{"@type":"EntryPoint","urlTemplate":"https:\/\/www.organisator.ch\/?s={search_term_string}"},"query-input":{"@type":"PropertyValueSpecification","valueRequired":true,"valueName":"search_term_string"}}],"inLanguage":"fr-FR"},{"@type":"Organization","@id":"https:\/\/www.organisator.ch\/#organization","name":"Organisateur","url":"https:\/\/www.organisator.ch\/","logo":{"@type":"ImageObject","inLanguage":"fr-FR","@id":"https:\/\/www.organisator.ch\/#\/schema\/logo\/image\/","url":"https:\/\/www.organisator.ch\/wp-content\/uploads\/2022\/01\/Logo_Organisator_Website.png","contentUrl":"https:\/\/www.organisator.ch\/wp-content\/uploads\/2022\/01\/Logo_Organisator_Website.png","width":800,"height":77,"caption":"Organisator"},"image":{"@id":"https:\/\/www.organisator.ch\/#\/schema\/logo\/image\/"},"sameAs":["https:\/\/www.facebook.com\/OrganisatorFachmagazin","https:\/\/www.linkedin.com\/showcase\/organisator-das-magazin-fr-kmu","https:\/\/www.xing.com\/news\/pages\/organisator-ch-695","https:\/\/www.youtube.com\/channel\/UCGP2Sq0iWaZwT3BdIAQFYpw"]},{"@type":"Person","@id":"https:\/\/www.organisator.ch\/#\/schema\/person\/6f650f90b2842cd4c0cc334b4e36f67e","name":"thomas.berner","image":{"@type":"ImageObject","inLanguage":"fr-FR","@id":"https:\/\/secure.gravatar.com\/avatar\/ac5001d2a36cb6c6cd3e50789007ffca834b477b74a2144564522e944eabff61?s=96&d=mm&r=g","url":"https:\/\/secure.gravatar.com\/avatar\/ac5001d2a36cb6c6cd3e50789007ffca834b477b74a2144564522e944eabff61?s=96&d=mm&r=g","contentUrl":"https:\/\/secure.gravatar.com\/avatar\/ac5001d2a36cb6c6cd3e50789007ffca834b477b74a2144564522e944eabff61?s=96&d=mm&r=g","caption":"thomas.berner"},"url":"https:\/\/www.organisator.ch\/fr\/author\/thomas-berner\/"}]}},"_links":{"self":[{"href":"https:\/\/www.organisator.ch\/fr\/wp-json\/wp\/v2\/posts\/7065","targetHints":{"allow":["GET"]}}],"collection":[{"href":"https:\/\/www.organisator.ch\/fr\/wp-json\/wp\/v2\/posts"}],"about":[{"href":"https:\/\/www.organisator.ch\/fr\/wp-json\/wp\/v2\/types\/post"}],"author":[{"embeddable":true,"href":"https:\/\/www.organisator.ch\/fr\/wp-json\/wp\/v2\/users\/4"}],"replies":[{"embeddable":true,"href":"https:\/\/www.organisator.ch\/fr\/wp-json\/wp\/v2\/comments?post=7065"}],"version-history":[{"count":0,"href":"https:\/\/www.organisator.ch\/fr\/wp-json\/wp\/v2\/posts\/7065\/revisions"}],"wp:featuredmedia":[{"embeddable":true,"href":"https:\/\/www.organisator.ch\/fr\/wp-json\/wp\/v2\/media\/7066"}],"wp:attachment":[{"href":"https:\/\/www.organisator.ch\/fr\/wp-json\/wp\/v2\/media?parent=7065"}],"wp:term":[{"taxonomy":"category","embeddable":true,"href":"https:\/\/www.organisator.ch\/fr\/wp-json\/wp\/v2\/categories?post=7065"},{"taxonomy":"post_tag","embeddable":true,"href":"https:\/\/www.organisator.ch\/fr\/wp-json\/wp\/v2\/tags?post=7065"}],"curies":[{"name":"wp","href":"https:\/\/api.w.org\/{rel}","templated":true}]}}