{"id":707,"date":"2017-02-03T11:22:45","date_gmt":"2017-02-03T10:22:45","guid":{"rendered":"https:\/\/www.umweltperspektiven.ch\/?p=707"},"modified":"2022-02-09T11:06:22","modified_gmt":"2022-02-09T10:06:22","slug":"energieforscher-kritisieren-kev-ersatz-als-ungenuegend","status":"publish","type":"post","link":"https:\/\/www.organisator.ch\/fr\/sustainability\/2017-02-03\/energieforscher-kritisieren-kev-ersatz-als-ungenuegend\/","title":{"rendered":"Les chercheurs en \u00e9nergie critiquent le remplacement de la RPC, qu'ils jugent insuffisant"},"content":{"rendered":"<figure id=\"attachment_708\" aria-describedby=\"caption-attachment-708\" style=\"width: 680px\" class=\"wp-caption alignnone\"><img loading=\"lazy\" decoding=\"async\" class=\"size-medium wp-image-708\" src=\"\/\/www.umweltperspektiven.ch\/wp-content\/uploads\/2017\/02\/FactsTrends_7.jpg\" alt=\"\" width=\"680\" height=\"453\" \/><figcaption id=\"caption-attachment-708\" class=\"wp-caption-text\">Que se passera-t-il apr\u00e8s la RPC ? Un syst\u00e8me de taxes ne suffit pas.<\/figcaption><\/figure>\n<p>Les \u00e9nergies renouvelables devraient \u00eatre encourag\u00e9es m\u00eame apr\u00e8s la fin de la r\u00e9tribution \u00e0 prix co\u00fbtant du courant inject\u00e9 (RPC). En effet, son remplacement pr\u00e9vu, le syst\u00e8me climatique et incitatif KELS, ne constitue pas une garantie d'investir dans la production d'\u00e9lectricit\u00e9 renouvelable. C'est la conclusion \u00e0 laquelle sont parvenus des chercheurs du centre suisse de recherche sur l'\u00e9nergie SCCER CREST dans un rapport r\u00e9cemment publi\u00e9.\u00a0<a href=\"\/\/www.sccer-crest.ch\/fileadmin\/user_upload\/White_Paper_KEV_Final.pdf\">Livre blanc.<\/a><\/p>\n<p><strong>Fin de la subvention<\/strong><br \/>\nLa strat\u00e9gie \u00e9nerg\u00e9tique pr\u00e9voit que cinq ans apr\u00e8s l'entr\u00e9e en vigueur du premier paquet de mesures, probablement en 2018, plus aucune nouvelle installation ne sera encourag\u00e9e par les tarifs RPC. En outre, \u00e0 partir de 2031, il n'y aura plus de nouvelles contributions \u00e0 l'investissement ou de r\u00e9tributions uniques. La strat\u00e9gie \u00e9nerg\u00e9tique 2050 pr\u00e9voit de remplacer les mesures de promotion des \u00e9nergies renouvelables par le syst\u00e8me de pilotage climatique et \u00e9nerg\u00e9tique KELS, qui pr\u00e9l\u00e8ve des taxes sur les combustibles, les carburants et l'\u00e9lectricit\u00e9.<\/p>\n<p><strong>Importer de l'\u00e9lectricit\u00e9 au lieu de la produire de mani\u00e8re renouvelable ?<\/strong><br \/>\nMais selon les auteurs, cela emp\u00eache certes la construction de nouvelles centrales fossiles - mais ne garantit pas que l'on investisse \u00e9galement dans la production d'\u00e9lectricit\u00e9 renouvelable. Au lieu de cela, les importations d'\u00e9lectricit\u00e9 augmenteront. Les chercheurs demandent de mettre en \u0153uvre l'une des deux cat\u00e9gories de mesures : Soit avec des instruments quantitatifs flexibles - comme des quotas ou des appels d'offres - soit avec des instruments de prix flexibles - comme des primes d'injection.<br \/>\nLes deux mesures pourraient \u00eatre con\u00e7ues en fonction du march\u00e9 et mises en \u0153uvre de mani\u00e8re \u00e0 permettre un contr\u00f4le s\u00fbr des co\u00fbts totaux. Une bonne conception des mesures est ici d\u00e9cisive. Le groupe de recherche demande donc de commencer la planification le plus rapidement possible.<br \/>\nLe livre blanc est disponible sur <a href=\"\/\/www.sccer-crest. ch\">www.sccer-crest. ch<\/a> est paru.<\/p>","protected":false},"excerpt":{"rendered":"<p>Erneuerbare Energien sollten auch nach dem Auslaufen der kostendeckenden Einspeiseverg\u00fctung KEV gef\u00f6rdert werden. Denn der geplante Ersatz, das Klima- und Lenkungssystem KELS, stellt keine Garantie dar, dass in erneuerbare Stromerzeugung investiert wird. Zu diesem Schluss kommen Forschende des Schweizer Energieforschungszentrums SCCER CREST in einem k\u00fcrzlich ver\u00f6ffentlichten\u00a0White Paper. F\u00f6rderung l\u00e4uft aus Die Energiestrategie sieht vor, dass [&hellip;]<\/p>\n","protected":false},"author":1,"featured_media":9459,"comment_status":"open","ping_status":"open","sticky":false,"template":"","format":"standard","meta":{"_acf_changed":false,"_yoast_wpseo_focuskw":"KEV","_yoast_wpseo_metadesc":"Schweizer Energieforscher fordern, das geplante Klima- und Energielenkungssystem (KELS) mit anderen Instrumenten zu erg\u00e4nzen.","articlekey":"","footnotes":""},"categories":[580],"tags":[584,218,1486,596],"class_list":["post-707","post","type-post","status-publish","format-standard","has-post-thumbnail","hentry","category-sustainability","tag-energie","tag-forschung","tag-kev","tag-klima"],"acf":[],"yoast_head":"<!-- This site is optimized with the Yoast SEO plugin v27.4 - https:\/\/yoast.com\/product\/yoast-seo-wordpress\/ -->\n<title>Energieforscher kritisieren KEV-Ersatz als ungen\u00fcgend - Organisator<\/title>\n<meta name=\"description\" content=\"Schweizer Energieforscher fordern, das geplante Klima- und Energielenkungssystem (KELS) mit anderen Instrumenten zu erg\u00e4nzen.\" \/>\n<meta name=\"robots\" content=\"index, follow, max-snippet:-1, max-image-preview:large, max-video-preview:-1\" \/>\n<link rel=\"canonical\" href=\"https:\/\/www.organisator.ch\/fr\/sustainability\/2017-02-03\/energieforscher-kritisieren-kev-ersatz-als-ungenuegend\/\" \/>\n<meta property=\"og:locale\" content=\"fr_FR\" \/>\n<meta property=\"og:type\" content=\"article\" \/>\n<meta property=\"og:title\" content=\"Energieforscher kritisieren KEV-Ersatz als ungen\u00fcgend - Organisator\" \/>\n<meta property=\"og:description\" content=\"Schweizer Energieforscher fordern, das geplante Klima- und Energielenkungssystem (KELS) mit anderen Instrumenten zu erg\u00e4nzen.\" \/>\n<meta property=\"og:url\" content=\"https:\/\/www.organisator.ch\/fr\/sustainability\/2017-02-03\/energieforscher-kritisieren-kev-ersatz-als-ungenuegend\/\" \/>\n<meta property=\"og:site_name\" content=\"Organisator\" \/>\n<meta property=\"article:publisher\" content=\"https:\/\/www.facebook.com\/OrganisatorFachmagazin\" \/>\n<meta property=\"article:published_time\" content=\"2017-02-03T10:22:45+00:00\" \/>\n<meta property=\"article:modified_time\" content=\"2022-02-09T10:06:22+00:00\" \/>\n<meta property=\"og:image\" content=\"https:\/\/www.organisator.ch\/wp-content\/uploads\/2017\/02\/FactsTrends_7-1024x682.jpg\" \/>\n\t<meta property=\"og:image:width\" content=\"1024\" \/>\n\t<meta property=\"og:image:height\" content=\"682\" \/>\n\t<meta property=\"og:image:type\" content=\"image\/jpeg\" \/>\n<meta name=\"author\" content=\"admin\" \/>\n<meta name=\"twitter:card\" content=\"summary_large_image\" \/>\n<script type=\"application\/ld+json\" class=\"yoast-schema-graph\">{\"@context\":\"https:\\\/\\\/schema.org\",\"@graph\":[{\"@type\":\"Article\",\"@id\":\"https:\\\/\\\/www.organisator.ch\\\/sustainability\\\/2017-02-03\\\/energieforscher-kritisieren-kev-ersatz-als-ungenuegend\\\/#article\",\"isPartOf\":{\"@id\":\"https:\\\/\\\/www.organisator.ch\\\/sustainability\\\/2017-02-03\\\/energieforscher-kritisieren-kev-ersatz-als-ungenuegend\\\/\"},\"author\":{\"name\":\"admin\",\"@id\":\"https:\\\/\\\/www.organisator.ch\\\/#\\\/schema\\\/person\\\/aa2bace6c5c5aad60102004a50c4eb1c\"},\"headline\":\"Energieforscher kritisieren KEV-Ersatz als ungen\u00fcgend\",\"datePublished\":\"2017-02-03T10:22:45+00:00\",\"dateModified\":\"2022-02-09T10:06:22+00:00\",\"mainEntityOfPage\":{\"@id\":\"https:\\\/\\\/www.organisator.ch\\\/sustainability\\\/2017-02-03\\\/energieforscher-kritisieren-kev-ersatz-als-ungenuegend\\\/\"},\"wordCount\":255,\"commentCount\":0,\"publisher\":{\"@id\":\"https:\\\/\\\/www.organisator.ch\\\/#organization\"},\"image\":{\"@id\":\"https:\\\/\\\/www.organisator.ch\\\/sustainability\\\/2017-02-03\\\/energieforscher-kritisieren-kev-ersatz-als-ungenuegend\\\/#primaryimage\"},\"thumbnailUrl\":\"https:\\\/\\\/www.organisator.ch\\\/wp-content\\\/uploads\\\/2017\\\/02\\\/FactsTrends_7.jpg\",\"keywords\":[\"ENERGIE\",\"Forschung\",\"KEV\",\"KLIMA\"],\"articleSection\":[\"SUSTAINABILITY\"],\"inLanguage\":\"fr-FR\"},{\"@type\":\"WebPage\",\"@id\":\"https:\\\/\\\/www.organisator.ch\\\/sustainability\\\/2017-02-03\\\/energieforscher-kritisieren-kev-ersatz-als-ungenuegend\\\/\",\"url\":\"https:\\\/\\\/www.organisator.ch\\\/sustainability\\\/2017-02-03\\\/energieforscher-kritisieren-kev-ersatz-als-ungenuegend\\\/\",\"name\":\"Energieforscher kritisieren KEV-Ersatz als ungen\u00fcgend - Organisator\",\"isPartOf\":{\"@id\":\"https:\\\/\\\/www.organisator.ch\\\/#website\"},\"primaryImageOfPage\":{\"@id\":\"https:\\\/\\\/www.organisator.ch\\\/sustainability\\\/2017-02-03\\\/energieforscher-kritisieren-kev-ersatz-als-ungenuegend\\\/#primaryimage\"},\"image\":{\"@id\":\"https:\\\/\\\/www.organisator.ch\\\/sustainability\\\/2017-02-03\\\/energieforscher-kritisieren-kev-ersatz-als-ungenuegend\\\/#primaryimage\"},\"thumbnailUrl\":\"https:\\\/\\\/www.organisator.ch\\\/wp-content\\\/uploads\\\/2017\\\/02\\\/FactsTrends_7.jpg\",\"datePublished\":\"2017-02-03T10:22:45+00:00\",\"dateModified\":\"2022-02-09T10:06:22+00:00\",\"description\":\"Schweizer Energieforscher fordern, das geplante Klima- und Energielenkungssystem (KELS) mit anderen Instrumenten zu erg\u00e4nzen.\",\"breadcrumb\":{\"@id\":\"https:\\\/\\\/www.organisator.ch\\\/sustainability\\\/2017-02-03\\\/energieforscher-kritisieren-kev-ersatz-als-ungenuegend\\\/#breadcrumb\"},\"inLanguage\":\"fr-FR\",\"potentialAction\":[{\"@type\":\"ReadAction\",\"target\":[\"https:\\\/\\\/www.organisator.ch\\\/sustainability\\\/2017-02-03\\\/energieforscher-kritisieren-kev-ersatz-als-ungenuegend\\\/\"]}]},{\"@type\":\"ImageObject\",\"inLanguage\":\"fr-FR\",\"@id\":\"https:\\\/\\\/www.organisator.ch\\\/sustainability\\\/2017-02-03\\\/energieforscher-kritisieren-kev-ersatz-als-ungenuegend\\\/#primaryimage\",\"url\":\"https:\\\/\\\/www.organisator.ch\\\/wp-content\\\/uploads\\\/2017\\\/02\\\/FactsTrends_7.jpg\",\"contentUrl\":\"https:\\\/\\\/www.organisator.ch\\\/wp-content\\\/uploads\\\/2017\\\/02\\\/FactsTrends_7.jpg\",\"width\":2000,\"height\":1333,\"caption\":\"Was kommt nach der KEV? Ein Abgabesystem allein reicht nicht aus.\"},{\"@type\":\"BreadcrumbList\",\"@id\":\"https:\\\/\\\/www.organisator.ch\\\/sustainability\\\/2017-02-03\\\/energieforscher-kritisieren-kev-ersatz-als-ungenuegend\\\/#breadcrumb\",\"itemListElement\":[{\"@type\":\"ListItem\",\"position\":1,\"name\":\"Home\",\"item\":\"https:\\\/\\\/www.organisator.ch\\\/\"},{\"@type\":\"ListItem\",\"position\":2,\"name\":\"Energieforscher kritisieren KEV-Ersatz als ungen\u00fcgend\"}]},{\"@type\":\"WebSite\",\"@id\":\"https:\\\/\\\/www.organisator.ch\\\/#website\",\"url\":\"https:\\\/\\\/www.organisator.ch\\\/\",\"name\":\"Organisator\",\"description\":\"Kompetent. Praxisnah. Der ORGANISATOR bereitet in 10 Ausgaben pro Jahr die wesentlichen Themen f\u00fcr F\u00fchrungskr\u00e4fte von KMU auf.\",\"publisher\":{\"@id\":\"https:\\\/\\\/www.organisator.ch\\\/#organization\"},\"potentialAction\":[{\"@type\":\"SearchAction\",\"target\":{\"@type\":\"EntryPoint\",\"urlTemplate\":\"https:\\\/\\\/www.organisator.ch\\\/?s={search_term_string}\"},\"query-input\":{\"@type\":\"PropertyValueSpecification\",\"valueRequired\":true,\"valueName\":\"search_term_string\"}}],\"inLanguage\":\"fr-FR\"},{\"@type\":\"Organization\",\"@id\":\"https:\\\/\\\/www.organisator.ch\\\/#organization\",\"name\":\"Organisator\",\"url\":\"https:\\\/\\\/www.organisator.ch\\\/\",\"logo\":{\"@type\":\"ImageObject\",\"inLanguage\":\"fr-FR\",\"@id\":\"https:\\\/\\\/www.organisator.ch\\\/#\\\/schema\\\/logo\\\/image\\\/\",\"url\":\"https:\\\/\\\/www.organisator.ch\\\/wp-content\\\/uploads\\\/2022\\\/01\\\/Logo_Organisator_Website.png\",\"contentUrl\":\"https:\\\/\\\/www.organisator.ch\\\/wp-content\\\/uploads\\\/2022\\\/01\\\/Logo_Organisator_Website.png\",\"width\":800,\"height\":77,\"caption\":\"Organisator\"},\"image\":{\"@id\":\"https:\\\/\\\/www.organisator.ch\\\/#\\\/schema\\\/logo\\\/image\\\/\"},\"sameAs\":[\"https:\\\/\\\/www.facebook.com\\\/OrganisatorFachmagazin\",\"https:\\\/\\\/www.linkedin.com\\\/showcase\\\/organisator-das-magazin-fr-kmu\",\"https:\\\/\\\/www.xing.com\\\/news\\\/pages\\\/organisator-ch-695\",\"https:\\\/\\\/www.youtube.com\\\/channel\\\/UCGP2Sq0iWaZwT3BdIAQFYpw\"]},{\"@type\":\"Person\",\"@id\":\"https:\\\/\\\/www.organisator.ch\\\/#\\\/schema\\\/person\\\/aa2bace6c5c5aad60102004a50c4eb1c\",\"name\":\"admin\",\"image\":{\"@type\":\"ImageObject\",\"inLanguage\":\"fr-FR\",\"@id\":\"https:\\\/\\\/secure.gravatar.com\\\/avatar\\\/ae2f4d718e6c49043e314ce431e7e645d646302a24a5ef5a8bc8e3f5a032e319?s=96&d=mm&r=g\",\"url\":\"https:\\\/\\\/secure.gravatar.com\\\/avatar\\\/ae2f4d718e6c49043e314ce431e7e645d646302a24a5ef5a8bc8e3f5a032e319?s=96&d=mm&r=g\",\"contentUrl\":\"https:\\\/\\\/secure.gravatar.com\\\/avatar\\\/ae2f4d718e6c49043e314ce431e7e645d646302a24a5ef5a8bc8e3f5a032e319?s=96&d=mm&r=g\",\"caption\":\"admin\"},\"sameAs\":[\"https:\\\/\\\/www.organisator.ch\"],\"url\":\"https:\\\/\\\/www.organisator.ch\\\/fr\\\/author\\\/admin\\\/\"}]}<\/script>\n<!-- \/ Yoast SEO plugin. -->","yoast_head_json":{"title":"Les chercheurs en \u00e9nergie critiquent le remplacement de la RPC, qu'ils jugent insuffisant - Organisateur","description":"Les chercheurs suisses en \u00e9nergie demandent que le syst\u00e8me de pilotage climatique et \u00e9nerg\u00e9tique (KELS) pr\u00e9vu soit compl\u00e9t\u00e9 par d'autres instruments.","robots":{"index":"index","follow":"follow","max-snippet":"max-snippet:-1","max-image-preview":"max-image-preview:large","max-video-preview":"max-video-preview:-1"},"canonical":"https:\/\/www.organisator.ch\/fr\/sustainability\/2017-02-03\/energieforscher-kritisieren-kev-ersatz-als-ungenuegend\/","og_locale":"fr_FR","og_type":"article","og_title":"Energieforscher kritisieren KEV-Ersatz als ungen\u00fcgend - Organisator","og_description":"Schweizer Energieforscher fordern, das geplante Klima- und Energielenkungssystem (KELS) mit anderen Instrumenten zu erg\u00e4nzen.","og_url":"https:\/\/www.organisator.ch\/fr\/sustainability\/2017-02-03\/energieforscher-kritisieren-kev-ersatz-als-ungenuegend\/","og_site_name":"Organisator","article_publisher":"https:\/\/www.facebook.com\/OrganisatorFachmagazin","article_published_time":"2017-02-03T10:22:45+00:00","article_modified_time":"2022-02-09T10:06:22+00:00","og_image":[{"width":1024,"height":682,"url":"https:\/\/www.organisator.ch\/wp-content\/uploads\/2017\/02\/FactsTrends_7-1024x682.jpg","type":"image\/jpeg"}],"author":"admin","twitter_card":"summary_large_image","schema":{"@context":"https:\/\/schema.org","@graph":[{"@type":"Article","@id":"https:\/\/www.organisator.ch\/sustainability\/2017-02-03\/energieforscher-kritisieren-kev-ersatz-als-ungenuegend\/#article","isPartOf":{"@id":"https:\/\/www.organisator.ch\/sustainability\/2017-02-03\/energieforscher-kritisieren-kev-ersatz-als-ungenuegend\/"},"author":{"name":"admin","@id":"https:\/\/www.organisator.ch\/#\/schema\/person\/aa2bace6c5c5aad60102004a50c4eb1c"},"headline":"Energieforscher kritisieren KEV-Ersatz als ungen\u00fcgend","datePublished":"2017-02-03T10:22:45+00:00","dateModified":"2022-02-09T10:06:22+00:00","mainEntityOfPage":{"@id":"https:\/\/www.organisator.ch\/sustainability\/2017-02-03\/energieforscher-kritisieren-kev-ersatz-als-ungenuegend\/"},"wordCount":255,"commentCount":0,"publisher":{"@id":"https:\/\/www.organisator.ch\/#organization"},"image":{"@id":"https:\/\/www.organisator.ch\/sustainability\/2017-02-03\/energieforscher-kritisieren-kev-ersatz-als-ungenuegend\/#primaryimage"},"thumbnailUrl":"https:\/\/www.organisator.ch\/wp-content\/uploads\/2017\/02\/FactsTrends_7.jpg","keywords":["ENERGIE","Forschung","KEV","KLIMA"],"articleSection":["SUSTAINABILITY"],"inLanguage":"fr-FR"},{"@type":"WebPage","@id":"https:\/\/www.organisator.ch\/sustainability\/2017-02-03\/energieforscher-kritisieren-kev-ersatz-als-ungenuegend\/","url":"https:\/\/www.organisator.ch\/sustainability\/2017-02-03\/energieforscher-kritisieren-kev-ersatz-als-ungenuegend\/","name":"Les chercheurs en \u00e9nergie critiquent le remplacement de la RPC, qu'ils jugent insuffisant - Organisateur","isPartOf":{"@id":"https:\/\/www.organisator.ch\/#website"},"primaryImageOfPage":{"@id":"https:\/\/www.organisator.ch\/sustainability\/2017-02-03\/energieforscher-kritisieren-kev-ersatz-als-ungenuegend\/#primaryimage"},"image":{"@id":"https:\/\/www.organisator.ch\/sustainability\/2017-02-03\/energieforscher-kritisieren-kev-ersatz-als-ungenuegend\/#primaryimage"},"thumbnailUrl":"https:\/\/www.organisator.ch\/wp-content\/uploads\/2017\/02\/FactsTrends_7.jpg","datePublished":"2017-02-03T10:22:45+00:00","dateModified":"2022-02-09T10:06:22+00:00","description":"Les chercheurs suisses en \u00e9nergie demandent que le syst\u00e8me de pilotage climatique et \u00e9nerg\u00e9tique (KELS) pr\u00e9vu soit compl\u00e9t\u00e9 par d'autres instruments.","breadcrumb":{"@id":"https:\/\/www.organisator.ch\/sustainability\/2017-02-03\/energieforscher-kritisieren-kev-ersatz-als-ungenuegend\/#breadcrumb"},"inLanguage":"fr-FR","potentialAction":[{"@type":"ReadAction","target":["https:\/\/www.organisator.ch\/sustainability\/2017-02-03\/energieforscher-kritisieren-kev-ersatz-als-ungenuegend\/"]}]},{"@type":"ImageObject","inLanguage":"fr-FR","@id":"https:\/\/www.organisator.ch\/sustainability\/2017-02-03\/energieforscher-kritisieren-kev-ersatz-als-ungenuegend\/#primaryimage","url":"https:\/\/www.organisator.ch\/wp-content\/uploads\/2017\/02\/FactsTrends_7.jpg","contentUrl":"https:\/\/www.organisator.ch\/wp-content\/uploads\/2017\/02\/FactsTrends_7.jpg","width":2000,"height":1333,"caption":"Was kommt nach der KEV? Ein Abgabesystem allein reicht nicht aus."},{"@type":"BreadcrumbList","@id":"https:\/\/www.organisator.ch\/sustainability\/2017-02-03\/energieforscher-kritisieren-kev-ersatz-als-ungenuegend\/#breadcrumb","itemListElement":[{"@type":"ListItem","position":1,"name":"Home","item":"https:\/\/www.organisator.ch\/"},{"@type":"ListItem","position":2,"name":"Energieforscher kritisieren KEV-Ersatz als ungen\u00fcgend"}]},{"@type":"WebSite","@id":"https:\/\/www.organisator.ch\/#website","url":"https:\/\/www.organisator.ch\/","name":"Organisateur","description":"Comp\u00e9tence et comp\u00e9tence. Proches de la pratique. L'ORGANISATEUR pr\u00e9pare 10 num\u00e9ros par an sur les th\u00e8mes essentiels pour les dirigeants de PME.","publisher":{"@id":"https:\/\/www.organisator.ch\/#organization"},"potentialAction":[{"@type":"SearchAction","target":{"@type":"EntryPoint","urlTemplate":"https:\/\/www.organisator.ch\/?s={search_term_string}"},"query-input":{"@type":"PropertyValueSpecification","valueRequired":true,"valueName":"search_term_string"}}],"inLanguage":"fr-FR"},{"@type":"Organization","@id":"https:\/\/www.organisator.ch\/#organization","name":"Organisateur","url":"https:\/\/www.organisator.ch\/","logo":{"@type":"ImageObject","inLanguage":"fr-FR","@id":"https:\/\/www.organisator.ch\/#\/schema\/logo\/image\/","url":"https:\/\/www.organisator.ch\/wp-content\/uploads\/2022\/01\/Logo_Organisator_Website.png","contentUrl":"https:\/\/www.organisator.ch\/wp-content\/uploads\/2022\/01\/Logo_Organisator_Website.png","width":800,"height":77,"caption":"Organisator"},"image":{"@id":"https:\/\/www.organisator.ch\/#\/schema\/logo\/image\/"},"sameAs":["https:\/\/www.facebook.com\/OrganisatorFachmagazin","https:\/\/www.linkedin.com\/showcase\/organisator-das-magazin-fr-kmu","https:\/\/www.xing.com\/news\/pages\/organisator-ch-695","https:\/\/www.youtube.com\/channel\/UCGP2Sq0iWaZwT3BdIAQFYpw"]},{"@type":"Person","@id":"https:\/\/www.organisator.ch\/#\/schema\/person\/aa2bace6c5c5aad60102004a50c4eb1c","name":"admin","image":{"@type":"ImageObject","inLanguage":"fr-FR","@id":"https:\/\/secure.gravatar.com\/avatar\/ae2f4d718e6c49043e314ce431e7e645d646302a24a5ef5a8bc8e3f5a032e319?s=96&d=mm&r=g","url":"https:\/\/secure.gravatar.com\/avatar\/ae2f4d718e6c49043e314ce431e7e645d646302a24a5ef5a8bc8e3f5a032e319?s=96&d=mm&r=g","contentUrl":"https:\/\/secure.gravatar.com\/avatar\/ae2f4d718e6c49043e314ce431e7e645d646302a24a5ef5a8bc8e3f5a032e319?s=96&d=mm&r=g","caption":"admin"},"sameAs":["https:\/\/www.organisator.ch"],"url":"https:\/\/www.organisator.ch\/fr\/author\/admin\/"}]}},"_links":{"self":[{"href":"https:\/\/www.organisator.ch\/fr\/wp-json\/wp\/v2\/posts\/707","targetHints":{"allow":["GET"]}}],"collection":[{"href":"https:\/\/www.organisator.ch\/fr\/wp-json\/wp\/v2\/posts"}],"about":[{"href":"https:\/\/www.organisator.ch\/fr\/wp-json\/wp\/v2\/types\/post"}],"author":[{"embeddable":true,"href":"https:\/\/www.organisator.ch\/fr\/wp-json\/wp\/v2\/users\/1"}],"replies":[{"embeddable":true,"href":"https:\/\/www.organisator.ch\/fr\/wp-json\/wp\/v2\/comments?post=707"}],"version-history":[{"count":1,"href":"https:\/\/www.organisator.ch\/fr\/wp-json\/wp\/v2\/posts\/707\/revisions"}],"predecessor-version":[{"id":10597,"href":"https:\/\/www.organisator.ch\/fr\/wp-json\/wp\/v2\/posts\/707\/revisions\/10597"}],"wp:featuredmedia":[{"embeddable":true,"href":"https:\/\/www.organisator.ch\/fr\/wp-json\/wp\/v2\/media\/9459"}],"wp:attachment":[{"href":"https:\/\/www.organisator.ch\/fr\/wp-json\/wp\/v2\/media?parent=707"}],"wp:term":[{"taxonomy":"category","embeddable":true,"href":"https:\/\/www.organisator.ch\/fr\/wp-json\/wp\/v2\/categories?post=707"},{"taxonomy":"post_tag","embeddable":true,"href":"https:\/\/www.organisator.ch\/fr\/wp-json\/wp\/v2\/tags?post=707"}],"curies":[{"name":"wp","href":"https:\/\/api.w.org\/{rel}","templated":true}]}}