{"id":7076,"date":"2020-09-04T10:18:12","date_gmt":"2020-09-04T08:18:12","guid":{"rendered":"https:\/\/www.organisator.ch\/?p=7076"},"modified":"2020-09-04T10:18:12","modified_gmt":"2020-09-04T08:18:12","slug":"future-work-barometer-die-arbeitswelt-4-0-fordert-die-unternehmensfuehrung-heraus","status":"publish","type":"post","link":"https:\/\/www.organisator.ch\/fr\/management\/2020-09-04\/future-work-barometer-die-arbeitswelt-4-0-fordert-die-unternehmensfuehrung-heraus\/","title":{"rendered":"Barom\u00e8tre du travail du futur : Le monde du travail 4.0 met au d\u00e9fi la direction des entreprises"},"content":{"rendered":"<figure id=\"attachment_7077\" aria-describedby=\"caption-attachment-7077\" style=\"width: 680px\" class=\"wp-caption alignnone\"><img loading=\"lazy\" decoding=\"async\" class=\"size-medium wp-image-7077\" src=\"https:\/\/www.organisator.ch\/wp-content\/uploads\/2020\/09\/Future-Work-Barometer-Die-Arbeitswelt-4.0-fordert-die-Unternehmensfuehrung-heraus-1_Organisator.jpg\" alt=\"\" width=\"680\" height=\"451\" srcset=\"https:\/\/www.organisator.ch\/wp-content\/uploads\/2020\/09\/Future-Work-Barometer-Die-Arbeitswelt-4.0-fordert-die-Unternehmensfuehrung-heraus-1_Organisator.jpg 680w, https:\/\/www.organisator.ch\/wp-content\/uploads\/2020\/09\/Future-Work-Barometer-Die-Arbeitswelt-4.0-fordert-die-Unternehmensfuehrung-heraus-1_Organisator-16x12.jpg 16w, https:\/\/www.organisator.ch\/wp-content\/uploads\/2020\/09\/Future-Work-Barometer-Die-Arbeitswelt-4.0-fordert-die-Unternehmensfuehrung-heraus-1_Organisator-264x175.jpg 264w, https:\/\/www.organisator.ch\/wp-content\/uploads\/2020\/09\/Future-Work-Barometer-Die-Arbeitswelt-4.0-fordert-die-Unternehmensfuehrung-heraus-1_Organisator-528x350.jpg 528w, https:\/\/www.organisator.ch\/wp-content\/uploads\/2020\/09\/Future-Work-Barometer-Die-Arbeitswelt-4.0-fordert-die-Unternehmensfuehrung-heraus-1_Organisator-300x199.jpg 300w\" sizes=\"auto, (max-width: 680px) 100vw, 680px\" \/><figcaption id=\"caption-attachment-7077\" class=\"wp-caption-text\">Le Future Work Barometer montre un net besoin de rattrapage au niveau de la direction lorsqu'il s'agit de la mise en \u0153uvre du monde du travail 4.0. (Image : Unsplash)<\/figcaption><\/figure>\n<p>La crise de Corona a rapidement r\u00e9v\u00e9l\u00e9 la position des entreprises en mati\u00e8re de \"monde du travail 4.0\" et les nouveaux d\u00e9fis \u00e0 relever. C'est dans ce contexte que le Future Work Group a lanc\u00e9 pour la premi\u00e8re fois en juillet 2020 le Future Work Barometer. En coop\u00e9ration avec le magazine leader des PME suisses \"Organisator\" et la Haute \u00e9cole d'\u00e9conomie de la FHNW (FHNW), ce bref sondage trimestriel recueille les estimations, les exp\u00e9riences et les besoins concernant le monde du travail 4.0 aupr\u00e8s des employeurs et des employ\u00e9s suisses. L'objectif est de concevoir un monde du travail 4.0 utile \u00e0 toutes les parties prenantes gr\u00e2ce aux connaissances acquises dans le cadre d'un \u00e9change actif avec les entreprises.<\/p>\n<figure id=\"attachment_7078\" aria-describedby=\"caption-attachment-7078\" style=\"width: 680px\" class=\"wp-caption alignnone\"><img loading=\"lazy\" decoding=\"async\" class=\"size-medium wp-image-7078\" src=\"https:\/\/www.organisator.ch\/wp-content\/uploads\/2020\/09\/Future-Work-Barometer-Die-Arbeitswelt-4.0-fordert-die-Unternehmensfuehrung-heraus-2_Organisator.jpg\" alt=\"\" width=\"680\" height=\"511\" srcset=\"https:\/\/www.organisator.ch\/wp-content\/uploads\/2020\/09\/Future-Work-Barometer-Die-Arbeitswelt-4.0-fordert-die-Unternehmensfuehrung-heraus-2_Organisator.jpg 680w, https:\/\/www.organisator.ch\/wp-content\/uploads\/2020\/09\/Future-Work-Barometer-Die-Arbeitswelt-4.0-fordert-die-Unternehmensfuehrung-heraus-2_Organisator-16x12.jpg 16w, https:\/\/www.organisator.ch\/wp-content\/uploads\/2020\/09\/Future-Work-Barometer-Die-Arbeitswelt-4.0-fordert-die-Unternehmensfuehrung-heraus-2_Organisator-233x175.jpg 233w, https:\/\/www.organisator.ch\/wp-content\/uploads\/2020\/09\/Future-Work-Barometer-Die-Arbeitswelt-4.0-fordert-die-Unternehmensfuehrung-heraus-2_Organisator-466x350.jpg 466w, https:\/\/www.organisator.ch\/wp-content\/uploads\/2020\/09\/Future-Work-Barometer-Die-Arbeitswelt-4.0-fordert-die-Unternehmensfuehrung-heraus-2_Organisator-300x225.jpg 300w\" sizes=\"auto, (max-width: 680px) 100vw, 680px\" \/><figcaption id=\"caption-attachment-7078\" class=\"wp-caption-text\">(Graphique : Future Work Group)<\/figcaption><\/figure>\n<p>Le Future Work Barometer se base sur la grande \u00e9tude suisse \"Monde du travail 4.0\" publi\u00e9e conjointement par le Future Work Group et la FHNW \u00e0 l'automne 2019. Cette \u00e9tude montre que l'interaction mutuelle des dimensions People (collaborateurs), Place (environnement de travail) et Technology (technologies) fait partie des principaux facteurs de r\u00e9ussite du monde du travail 4.0.<\/p>\n<h2>D\u00e9sir et r\u00e9alit\u00e9 de la num\u00e9risation<\/h2>\n<p>Interrog\u00e9s sur l'importance qu'ils accordent \u00e0 un monde du travail moderne et num\u00e9ris\u00e9, 96% des 235 participants ont indiqu\u00e9 qu'il \u00e9tait important, voire tr\u00e8s important pour eux. En m\u00eame temps, l'\u00e9cart entre les souhaits et la r\u00e9alit\u00e9 concernant le degr\u00e9 de num\u00e9risation est tr\u00e8s important. Seuls 38% des personnes interrog\u00e9es ont attest\u00e9 d'un degr\u00e9 de num\u00e9risation \u00e9lev\u00e9 \u00e0 tr\u00e8s \u00e9lev\u00e9 dans leur entreprise.<\/p>\n<h2>Les investissements dans la technologie et le lieu de travail arrivent en t\u00eate<\/h2>\n<p>Interrog\u00e9s sur les domaines dans lesquels ils ont investi au cours des six derniers mois, les participants ont r\u00e9pondu qu'ils avaient surtout investi dans les domaines du lieu de travail (66%), de la s\u00e9curit\u00e9 informatique\/des donn\u00e9es (49%) et de l'infrastructure informatique (47%). Cela n'est pas surprenant en raison du \"home-office boost\" pr\u00e9c\u00e9dent d\u00fb \u00e0 la pand\u00e9mie. Les domaines dans lesquels les investissements ont \u00e9t\u00e9 les moins importants sont le poste de travail classique (25%) et le style de management (29%).<\/p>\n<p>Dans l'ensemble, avec 51%, un peu plus de la moiti\u00e9 des participants sont satisfaits \u00e0 tr\u00e8s satisfaits des investissements que leur entreprise a r\u00e9alis\u00e9s en ce qui concerne le monde du travail 4.0. En m\u00eame temps, il appara\u00eet clairement que les investissements li\u00e9s \u00e0 la mati\u00e8re (technique, lieu de travail) sont nettement au premier plan.<\/p>\n<h2>Un net besoin de rattrapage au niveau de la direction<\/h2>\n<p>En revanche, les domaines d\u00e9cisifs au niveau de la gestion d'entreprise pr\u00e9sentent des d\u00e9ficits massifs selon les participants. Ils estiment ainsi que le potentiel de d\u00e9veloppement de la culture\/valeurs\/collaboration (78%), des processus de travail (77%), de la strat\u00e9gie (76%), des comp\u00e9tences personnelles (74%) et du style de direction (72%) est \u00e9lev\u00e9. Il serait donc urgent de rattraper le retard ou d'effectuer un travail de d\u00e9veloppement intensif pour une r\u00e9alisation r\u00e9ussie du monde du travail 4.0. Car ce nouveau monde du travail repose sur une nouvelle fa\u00e7on de penser - et cela repose sur les personnes au sein de l'entreprise.<\/p>\n<h2>Barom\u00e8tre du travail du futur : Les principaux chiffres cl\u00e9s<\/h2>\n<p>La premi\u00e8re \u00e9dition 2020-1 du Future Work Barometer pr\u00e9sente les conclusions suivantes :<\/p>\n<ul>\n<li>Degr\u00e9 de num\u00e9risation du monde du travail dans sa propre entreprise : 38% le consid\u00e8rent comme \u00e9lev\u00e9\/tr\u00e8s \u00e9lev\u00e9<\/li>\n<li>Satisfaction vis-\u00e0-vis des investissements de l'entreprise : 51% les consid\u00e8rent comme \u00e9lev\u00e9s\/tr\u00e8s \u00e9lev\u00e9s<\/li>\n<li>Investissements dans la dimension People au cours des six derniers mois : 30% les jugent beaucoup\/tr\u00e8s importants dans leur entreprise<\/li>\n<li>Investissements dans Dimension Place au cours des six derniers mois : 46% disent que leur entreprise a beaucoup\/tr\u00e8s bien investi<\/li>\n<li>Investissements dans Dimension Technology au cours des six derniers mois : 48% les estiment au niveau beaucoup\/tr\u00e8s beaucoup<\/li>\n<\/ul>\n<h2>Solutions possibles pour une transformation globale vers le monde du travail 4.0<\/h2>\n<p>\"Si l'on se r\u00e9f\u00e8re aux r\u00e9sultats de ce premier Future Work Barometer, les potentiels du champ d'action du monde du travail 4.0 semblent encore loin d'\u00eatre pleinement exploit\u00e9s. Marc K. Peter, directeur du centre de comp\u00e9tences Transformation num\u00e9rique \u00e0 la FHNW et \u00e9diteur de l'\u00e9tude Monde du travail 4.0. Des outils pratiques faciles \u00e0 utiliser, tels qu'un workshop canvas combin\u00e9 \u00e0 un processus de projet m\u00e9thodique, qui int\u00e8grent les trois dimensions People, Place et Technology, peuvent offrir une solution possible pour une conception commune durable du monde du travail 4.0.<\/p>\n<p><em>Plus d'informations : <a href=\"http:\/\/www.future-work-barometer.ch\">www.future-work-barometer.ch<\/a><\/em><\/p>","protected":false},"excerpt":{"rendered":"<p>In der Corona-Krise zeigte sich schnell, wie Unternehmen in \u00abSachen\u00bb Arbeitswelt 4.0 aufgestellt sind und wo neue Herausforderungen liegen. Vor diesem Hintergrund lancierte die Future Work Group im Juli 2020 erstmals den Future Work Barometer. In Kooperation mit dem f\u00fchrenden Schweizer KMU Magazin \u00abOrganisator\u00bb und der FHNW Hochschule f\u00fcr Wirtschaft (FHNW) holt die Kurzumfrage quartalsweise [&hellip;]<\/p>\n","protected":false},"author":4,"featured_media":7077,"comment_status":"closed","ping_status":"closed","sticky":false,"template":"","format":"standard","meta":{"_acf_changed":false,"_yoast_wpseo_focuskw":"Future Work Barometer","_yoast_wpseo_metadesc":"Der Future Work Barometer zeigt: Deutlich \u00fcber 70% des Entwicklungspotenzials f\u00fcr eine erfolgreiche Umsetzung der Arbeitswelt 4.0 ist Sache der F\u00fchrung.","articlekey":"","footnotes":""},"categories":[28],"tags":[56,156,335,459],"class_list":["post-7076","post","type-post","status-publish","format-standard","has-post-thumbnail","hentry","category-management","tag-arbeitswelt-4-0","tag-digitalisierung","tag-management-und-unternehmensfuehrung","tag-studie"],"acf":[],"yoast_head":"<!-- This site is optimized with the Yoast SEO plugin v27.4 - https:\/\/yoast.com\/product\/yoast-seo-wordpress\/ -->\n<title>Future Work Barometer: Die Arbeitswelt 4.0 fordert die Unternehmensf\u00fchrung heraus - Organisator<\/title>\n<meta name=\"description\" content=\"Der Future Work Barometer zeigt: Deutlich \u00fcber 70% des Entwicklungspotenzials f\u00fcr eine erfolgreiche Umsetzung der Arbeitswelt 4.0 ist Sache der F\u00fchrung.\" \/>\n<meta name=\"robots\" content=\"index, follow, max-snippet:-1, max-image-preview:large, max-video-preview:-1\" \/>\n<link rel=\"canonical\" href=\"https:\/\/www.organisator.ch\/fr\/gestion-2\/2020-09-04\/future-work-barometer-die-arbeitswelt-4-0-fordert-die-unternehmensfuehrung-heraus\/\" \/>\n<meta property=\"og:locale\" content=\"fr_FR\" \/>\n<meta property=\"og:type\" content=\"article\" \/>\n<meta property=\"og:title\" content=\"Future Work Barometer: Die Arbeitswelt 4.0 fordert die Unternehmensf\u00fchrung heraus\" \/>\n<meta property=\"og:description\" content=\"Der Future Work Barometer zeigt: Deutlich \u00fcber 70% des Entwicklungspotenzials f\u00fcr eine erfolgreiche Umsetzung der Arbeitswelt 4.0 ist Sache der F\u00fchrung.\" \/>\n<meta property=\"og:url\" content=\"https:\/\/www.organisator.ch\/fr\/gestion-2\/2020-09-04\/future-work-barometer-die-arbeitswelt-4-0-fordert-die-unternehmensfuehrung-heraus\/\" \/>\n<meta property=\"og:site_name\" content=\"Organisator\" \/>\n<meta property=\"article:publisher\" content=\"https:\/\/www.facebook.com\/OrganisatorFachmagazin\" \/>\n<meta property=\"article:published_time\" content=\"2020-09-04T08:18:12+00:00\" \/>\n<meta property=\"og:image\" content=\"https:\/\/www.organisator.ch\/wp-content\/uploads\/2020\/09\/Future-Work-Barometer-Die-Arbeitswelt-4.0-fordert-die-Unternehmensfuehrung-heraus-1_Organisator.jpg\" \/>\n\t<meta property=\"og:image:width\" content=\"680\" \/>\n\t<meta property=\"og:image:height\" content=\"451\" \/>\n\t<meta property=\"og:image:type\" content=\"image\/jpeg\" \/>\n<meta name=\"author\" content=\"thomas.berner\" \/>\n<meta name=\"twitter:card\" content=\"summary_large_image\" \/>\n<meta name=\"twitter:title\" content=\"Future Work #Barometer: Die #Arbeitswelt 4.0 fordert die Unternehmensf\u00fchrung heraus\" \/>\n<meta name=\"twitter:description\" content=\"Der Future Work #Barometer zeigt: Deutlich \u00fcber 70% des Entwicklungspotenzials f\u00fcr eine erfolgreiche Umsetzung der #Arbeitswelt 4.0 ist Sache der F\u00fchrung.\" \/>\n<meta name=\"twitter:image\" content=\"https:\/\/www.organisator.ch\/wp-content\/uploads\/2020\/09\/Future-Work-Barometer-Die-Arbeitswelt-4.0-fordert-die-Unternehmensfuehrung-heraus-1_Organisator.jpg\" \/>\n<script type=\"application\/ld+json\" class=\"yoast-schema-graph\">{\"@context\":\"https:\\\/\\\/schema.org\",\"@graph\":[{\"@type\":\"Article\",\"@id\":\"https:\\\/\\\/www.organisator.ch\\\/management\\\/2020-09-04\\\/future-work-barometer-die-arbeitswelt-4-0-fordert-die-unternehmensfuehrung-heraus\\\/#article\",\"isPartOf\":{\"@id\":\"https:\\\/\\\/www.organisator.ch\\\/management\\\/2020-09-04\\\/future-work-barometer-die-arbeitswelt-4-0-fordert-die-unternehmensfuehrung-heraus\\\/\"},\"author\":{\"name\":\"thomas.berner\",\"@id\":\"https:\\\/\\\/www.organisator.ch\\\/#\\\/schema\\\/person\\\/6f650f90b2842cd4c0cc334b4e36f67e\"},\"headline\":\"Future Work Barometer: Die Arbeitswelt 4.0 fordert die Unternehmensf\u00fchrung heraus\",\"datePublished\":\"2020-09-04T08:18:12+00:00\",\"mainEntityOfPage\":{\"@id\":\"https:\\\/\\\/www.organisator.ch\\\/management\\\/2020-09-04\\\/future-work-barometer-die-arbeitswelt-4-0-fordert-die-unternehmensfuehrung-heraus\\\/\"},\"wordCount\":637,\"publisher\":{\"@id\":\"https:\\\/\\\/www.organisator.ch\\\/#organization\"},\"image\":{\"@id\":\"https:\\\/\\\/www.organisator.ch\\\/management\\\/2020-09-04\\\/future-work-barometer-die-arbeitswelt-4-0-fordert-die-unternehmensfuehrung-heraus\\\/#primaryimage\"},\"thumbnailUrl\":\"https:\\\/\\\/www.organisator.ch\\\/wp-content\\\/uploads\\\/2020\\\/09\\\/Future-Work-Barometer-Die-Arbeitswelt-4.0-fordert-die-Unternehmensfuehrung-heraus-1_Organisator.jpg\",\"keywords\":[\"Arbeitswelt 4.0\",\"Digitalisierung\",\"Management und Unternehmensf\u00fchrung\",\"Studie\"],\"articleSection\":[\"MANAGEMENT\"],\"inLanguage\":\"fr-FR\"},{\"@type\":\"WebPage\",\"@id\":\"https:\\\/\\\/www.organisator.ch\\\/management\\\/2020-09-04\\\/future-work-barometer-die-arbeitswelt-4-0-fordert-die-unternehmensfuehrung-heraus\\\/\",\"url\":\"https:\\\/\\\/www.organisator.ch\\\/management\\\/2020-09-04\\\/future-work-barometer-die-arbeitswelt-4-0-fordert-die-unternehmensfuehrung-heraus\\\/\",\"name\":\"Future Work Barometer: Die Arbeitswelt 4.0 fordert die Unternehmensf\u00fchrung heraus - Organisator\",\"isPartOf\":{\"@id\":\"https:\\\/\\\/www.organisator.ch\\\/#website\"},\"primaryImageOfPage\":{\"@id\":\"https:\\\/\\\/www.organisator.ch\\\/management\\\/2020-09-04\\\/future-work-barometer-die-arbeitswelt-4-0-fordert-die-unternehmensfuehrung-heraus\\\/#primaryimage\"},\"image\":{\"@id\":\"https:\\\/\\\/www.organisator.ch\\\/management\\\/2020-09-04\\\/future-work-barometer-die-arbeitswelt-4-0-fordert-die-unternehmensfuehrung-heraus\\\/#primaryimage\"},\"thumbnailUrl\":\"https:\\\/\\\/www.organisator.ch\\\/wp-content\\\/uploads\\\/2020\\\/09\\\/Future-Work-Barometer-Die-Arbeitswelt-4.0-fordert-die-Unternehmensfuehrung-heraus-1_Organisator.jpg\",\"datePublished\":\"2020-09-04T08:18:12+00:00\",\"description\":\"Der Future Work Barometer zeigt: Deutlich \u00fcber 70% des Entwicklungspotenzials f\u00fcr eine erfolgreiche Umsetzung der Arbeitswelt 4.0 ist Sache der F\u00fchrung.\",\"breadcrumb\":{\"@id\":\"https:\\\/\\\/www.organisator.ch\\\/management\\\/2020-09-04\\\/future-work-barometer-die-arbeitswelt-4-0-fordert-die-unternehmensfuehrung-heraus\\\/#breadcrumb\"},\"inLanguage\":\"fr-FR\",\"potentialAction\":[{\"@type\":\"ReadAction\",\"target\":[\"https:\\\/\\\/www.organisator.ch\\\/management\\\/2020-09-04\\\/future-work-barometer-die-arbeitswelt-4-0-fordert-die-unternehmensfuehrung-heraus\\\/\"]}]},{\"@type\":\"ImageObject\",\"inLanguage\":\"fr-FR\",\"@id\":\"https:\\\/\\\/www.organisator.ch\\\/management\\\/2020-09-04\\\/future-work-barometer-die-arbeitswelt-4-0-fordert-die-unternehmensfuehrung-heraus\\\/#primaryimage\",\"url\":\"https:\\\/\\\/www.organisator.ch\\\/wp-content\\\/uploads\\\/2020\\\/09\\\/Future-Work-Barometer-Die-Arbeitswelt-4.0-fordert-die-Unternehmensfuehrung-heraus-1_Organisator.jpg\",\"contentUrl\":\"https:\\\/\\\/www.organisator.ch\\\/wp-content\\\/uploads\\\/2020\\\/09\\\/Future-Work-Barometer-Die-Arbeitswelt-4.0-fordert-die-Unternehmensfuehrung-heraus-1_Organisator.jpg\",\"width\":680,\"height\":451,\"caption\":\"Der Future Work Barometer zeigt einen deutlichen Nachholbedarf auf F\u00fchrungsebene, wenn es um die Umsetzung der Arbeitswelt 4.0 geht. (Bild: Unsplash)\"},{\"@type\":\"BreadcrumbList\",\"@id\":\"https:\\\/\\\/www.organisator.ch\\\/management\\\/2020-09-04\\\/future-work-barometer-die-arbeitswelt-4-0-fordert-die-unternehmensfuehrung-heraus\\\/#breadcrumb\",\"itemListElement\":[{\"@type\":\"ListItem\",\"position\":1,\"name\":\"Home\",\"item\":\"https:\\\/\\\/www.organisator.ch\\\/\"},{\"@type\":\"ListItem\",\"position\":2,\"name\":\"Future Work Barometer: Die Arbeitswelt 4.0 fordert die Unternehmensf\u00fchrung heraus\"}]},{\"@type\":\"WebSite\",\"@id\":\"https:\\\/\\\/www.organisator.ch\\\/#website\",\"url\":\"https:\\\/\\\/www.organisator.ch\\\/\",\"name\":\"Organisator\",\"description\":\"Kompetent. Praxisnah. Der ORGANISATOR bereitet in 10 Ausgaben pro Jahr die wesentlichen Themen f\u00fcr F\u00fchrungskr\u00e4fte von KMU auf.\",\"publisher\":{\"@id\":\"https:\\\/\\\/www.organisator.ch\\\/#organization\"},\"potentialAction\":[{\"@type\":\"SearchAction\",\"target\":{\"@type\":\"EntryPoint\",\"urlTemplate\":\"https:\\\/\\\/www.organisator.ch\\\/?s={search_term_string}\"},\"query-input\":{\"@type\":\"PropertyValueSpecification\",\"valueRequired\":true,\"valueName\":\"search_term_string\"}}],\"inLanguage\":\"fr-FR\"},{\"@type\":\"Organization\",\"@id\":\"https:\\\/\\\/www.organisator.ch\\\/#organization\",\"name\":\"Organisator\",\"url\":\"https:\\\/\\\/www.organisator.ch\\\/\",\"logo\":{\"@type\":\"ImageObject\",\"inLanguage\":\"fr-FR\",\"@id\":\"https:\\\/\\\/www.organisator.ch\\\/#\\\/schema\\\/logo\\\/image\\\/\",\"url\":\"https:\\\/\\\/www.organisator.ch\\\/wp-content\\\/uploads\\\/2022\\\/01\\\/Logo_Organisator_Website.png\",\"contentUrl\":\"https:\\\/\\\/www.organisator.ch\\\/wp-content\\\/uploads\\\/2022\\\/01\\\/Logo_Organisator_Website.png\",\"width\":800,\"height\":77,\"caption\":\"Organisator\"},\"image\":{\"@id\":\"https:\\\/\\\/www.organisator.ch\\\/#\\\/schema\\\/logo\\\/image\\\/\"},\"sameAs\":[\"https:\\\/\\\/www.facebook.com\\\/OrganisatorFachmagazin\",\"https:\\\/\\\/www.linkedin.com\\\/showcase\\\/organisator-das-magazin-fr-kmu\",\"https:\\\/\\\/www.xing.com\\\/news\\\/pages\\\/organisator-ch-695\",\"https:\\\/\\\/www.youtube.com\\\/channel\\\/UCGP2Sq0iWaZwT3BdIAQFYpw\"]},{\"@type\":\"Person\",\"@id\":\"https:\\\/\\\/www.organisator.ch\\\/#\\\/schema\\\/person\\\/6f650f90b2842cd4c0cc334b4e36f67e\",\"name\":\"thomas.berner\",\"image\":{\"@type\":\"ImageObject\",\"inLanguage\":\"fr-FR\",\"@id\":\"https:\\\/\\\/secure.gravatar.com\\\/avatar\\\/ac5001d2a36cb6c6cd3e50789007ffca834b477b74a2144564522e944eabff61?s=96&d=mm&r=g\",\"url\":\"https:\\\/\\\/secure.gravatar.com\\\/avatar\\\/ac5001d2a36cb6c6cd3e50789007ffca834b477b74a2144564522e944eabff61?s=96&d=mm&r=g\",\"contentUrl\":\"https:\\\/\\\/secure.gravatar.com\\\/avatar\\\/ac5001d2a36cb6c6cd3e50789007ffca834b477b74a2144564522e944eabff61?s=96&d=mm&r=g\",\"caption\":\"thomas.berner\"},\"url\":\"https:\\\/\\\/www.organisator.ch\\\/fr\\\/author\\\/thomas-berner\\\/\"}]}<\/script>\n<!-- \/ Yoast SEO plugin. -->","yoast_head_json":{"title":"Barom\u00e8tre du travail du futur : Le monde du travail 4.0 met au d\u00e9fi la direction des entreprises - Organisateur","description":"Le Future Work Barometer le montre : Bien plus de 70% du potentiel de d\u00e9veloppement pour une mise en \u0153uvre r\u00e9ussie du monde du travail 4.0 est l'affaire de la direction.","robots":{"index":"index","follow":"follow","max-snippet":"max-snippet:-1","max-image-preview":"max-image-preview:large","max-video-preview":"max-video-preview:-1"},"canonical":"https:\/\/www.organisator.ch\/fr\/gestion-2\/2020-09-04\/future-work-barometer-die-arbeitswelt-4-0-fordert-die-unternehmensfuehrung-heraus\/","og_locale":"fr_FR","og_type":"article","og_title":"Future Work Barometer: Die Arbeitswelt 4.0 fordert die Unternehmensf\u00fchrung heraus","og_description":"Der Future Work Barometer zeigt: Deutlich \u00fcber 70% des Entwicklungspotenzials f\u00fcr eine erfolgreiche Umsetzung der Arbeitswelt 4.0 ist Sache der F\u00fchrung.","og_url":"https:\/\/www.organisator.ch\/fr\/gestion-2\/2020-09-04\/future-work-barometer-die-arbeitswelt-4-0-fordert-die-unternehmensfuehrung-heraus\/","og_site_name":"Organisator","article_publisher":"https:\/\/www.facebook.com\/OrganisatorFachmagazin","article_published_time":"2020-09-04T08:18:12+00:00","og_image":[{"width":680,"height":451,"url":"https:\/\/www.organisator.ch\/wp-content\/uploads\/2020\/09\/Future-Work-Barometer-Die-Arbeitswelt-4.0-fordert-die-Unternehmensfuehrung-heraus-1_Organisator.jpg","type":"image\/jpeg"}],"author":"thomas.berner","twitter_card":"summary_large_image","twitter_title":"Future Work #Barometer: Die #Arbeitswelt 4.0 fordert die Unternehmensf\u00fchrung heraus","twitter_description":"Der Future Work #Barometer zeigt: Deutlich \u00fcber 70% des Entwicklungspotenzials f\u00fcr eine erfolgreiche Umsetzung der #Arbeitswelt 4.0 ist Sache der F\u00fchrung.","twitter_image":"https:\/\/www.organisator.ch\/wp-content\/uploads\/2020\/09\/Future-Work-Barometer-Die-Arbeitswelt-4.0-fordert-die-Unternehmensfuehrung-heraus-1_Organisator.jpg","schema":{"@context":"https:\/\/schema.org","@graph":[{"@type":"Article","@id":"https:\/\/www.organisator.ch\/management\/2020-09-04\/future-work-barometer-die-arbeitswelt-4-0-fordert-die-unternehmensfuehrung-heraus\/#article","isPartOf":{"@id":"https:\/\/www.organisator.ch\/management\/2020-09-04\/future-work-barometer-die-arbeitswelt-4-0-fordert-die-unternehmensfuehrung-heraus\/"},"author":{"name":"thomas.berner","@id":"https:\/\/www.organisator.ch\/#\/schema\/person\/6f650f90b2842cd4c0cc334b4e36f67e"},"headline":"Future Work Barometer: Die Arbeitswelt 4.0 fordert die Unternehmensf\u00fchrung heraus","datePublished":"2020-09-04T08:18:12+00:00","mainEntityOfPage":{"@id":"https:\/\/www.organisator.ch\/management\/2020-09-04\/future-work-barometer-die-arbeitswelt-4-0-fordert-die-unternehmensfuehrung-heraus\/"},"wordCount":637,"publisher":{"@id":"https:\/\/www.organisator.ch\/#organization"},"image":{"@id":"https:\/\/www.organisator.ch\/management\/2020-09-04\/future-work-barometer-die-arbeitswelt-4-0-fordert-die-unternehmensfuehrung-heraus\/#primaryimage"},"thumbnailUrl":"https:\/\/www.organisator.ch\/wp-content\/uploads\/2020\/09\/Future-Work-Barometer-Die-Arbeitswelt-4.0-fordert-die-Unternehmensfuehrung-heraus-1_Organisator.jpg","keywords":["Arbeitswelt 4.0","Digitalisierung","Management und Unternehmensf\u00fchrung","Studie"],"articleSection":["MANAGEMENT"],"inLanguage":"fr-FR"},{"@type":"WebPage","@id":"https:\/\/www.organisator.ch\/management\/2020-09-04\/future-work-barometer-die-arbeitswelt-4-0-fordert-die-unternehmensfuehrung-heraus\/","url":"https:\/\/www.organisator.ch\/management\/2020-09-04\/future-work-barometer-die-arbeitswelt-4-0-fordert-die-unternehmensfuehrung-heraus\/","name":"Barom\u00e8tre du travail du futur : Le monde du travail 4.0 met au d\u00e9fi la direction des entreprises - Organisateur","isPartOf":{"@id":"https:\/\/www.organisator.ch\/#website"},"primaryImageOfPage":{"@id":"https:\/\/www.organisator.ch\/management\/2020-09-04\/future-work-barometer-die-arbeitswelt-4-0-fordert-die-unternehmensfuehrung-heraus\/#primaryimage"},"image":{"@id":"https:\/\/www.organisator.ch\/management\/2020-09-04\/future-work-barometer-die-arbeitswelt-4-0-fordert-die-unternehmensfuehrung-heraus\/#primaryimage"},"thumbnailUrl":"https:\/\/www.organisator.ch\/wp-content\/uploads\/2020\/09\/Future-Work-Barometer-Die-Arbeitswelt-4.0-fordert-die-Unternehmensfuehrung-heraus-1_Organisator.jpg","datePublished":"2020-09-04T08:18:12+00:00","description":"Le Future Work Barometer le montre : Bien plus de 70% du potentiel de d\u00e9veloppement pour une mise en \u0153uvre r\u00e9ussie du monde du travail 4.0 est l'affaire de la direction.","breadcrumb":{"@id":"https:\/\/www.organisator.ch\/management\/2020-09-04\/future-work-barometer-die-arbeitswelt-4-0-fordert-die-unternehmensfuehrung-heraus\/#breadcrumb"},"inLanguage":"fr-FR","potentialAction":[{"@type":"ReadAction","target":["https:\/\/www.organisator.ch\/management\/2020-09-04\/future-work-barometer-die-arbeitswelt-4-0-fordert-die-unternehmensfuehrung-heraus\/"]}]},{"@type":"ImageObject","inLanguage":"fr-FR","@id":"https:\/\/www.organisator.ch\/management\/2020-09-04\/future-work-barometer-die-arbeitswelt-4-0-fordert-die-unternehmensfuehrung-heraus\/#primaryimage","url":"https:\/\/www.organisator.ch\/wp-content\/uploads\/2020\/09\/Future-Work-Barometer-Die-Arbeitswelt-4.0-fordert-die-Unternehmensfuehrung-heraus-1_Organisator.jpg","contentUrl":"https:\/\/www.organisator.ch\/wp-content\/uploads\/2020\/09\/Future-Work-Barometer-Die-Arbeitswelt-4.0-fordert-die-Unternehmensfuehrung-heraus-1_Organisator.jpg","width":680,"height":451,"caption":"Der Future Work Barometer zeigt einen deutlichen Nachholbedarf auf F\u00fchrungsebene, wenn es um die Umsetzung der Arbeitswelt 4.0 geht. (Bild: Unsplash)"},{"@type":"BreadcrumbList","@id":"https:\/\/www.organisator.ch\/management\/2020-09-04\/future-work-barometer-die-arbeitswelt-4-0-fordert-die-unternehmensfuehrung-heraus\/#breadcrumb","itemListElement":[{"@type":"ListItem","position":1,"name":"Home","item":"https:\/\/www.organisator.ch\/"},{"@type":"ListItem","position":2,"name":"Future Work Barometer: Die Arbeitswelt 4.0 fordert die Unternehmensf\u00fchrung heraus"}]},{"@type":"WebSite","@id":"https:\/\/www.organisator.ch\/#website","url":"https:\/\/www.organisator.ch\/","name":"Organisateur","description":"Comp\u00e9tence et comp\u00e9tence. Proches de la pratique. L'ORGANISATEUR pr\u00e9pare 10 num\u00e9ros par an sur les th\u00e8mes essentiels pour les dirigeants de PME.","publisher":{"@id":"https:\/\/www.organisator.ch\/#organization"},"potentialAction":[{"@type":"SearchAction","target":{"@type":"EntryPoint","urlTemplate":"https:\/\/www.organisator.ch\/?s={search_term_string}"},"query-input":{"@type":"PropertyValueSpecification","valueRequired":true,"valueName":"search_term_string"}}],"inLanguage":"fr-FR"},{"@type":"Organization","@id":"https:\/\/www.organisator.ch\/#organization","name":"Organisateur","url":"https:\/\/www.organisator.ch\/","logo":{"@type":"ImageObject","inLanguage":"fr-FR","@id":"https:\/\/www.organisator.ch\/#\/schema\/logo\/image\/","url":"https:\/\/www.organisator.ch\/wp-content\/uploads\/2022\/01\/Logo_Organisator_Website.png","contentUrl":"https:\/\/www.organisator.ch\/wp-content\/uploads\/2022\/01\/Logo_Organisator_Website.png","width":800,"height":77,"caption":"Organisator"},"image":{"@id":"https:\/\/www.organisator.ch\/#\/schema\/logo\/image\/"},"sameAs":["https:\/\/www.facebook.com\/OrganisatorFachmagazin","https:\/\/www.linkedin.com\/showcase\/organisator-das-magazin-fr-kmu","https:\/\/www.xing.com\/news\/pages\/organisator-ch-695","https:\/\/www.youtube.com\/channel\/UCGP2Sq0iWaZwT3BdIAQFYpw"]},{"@type":"Person","@id":"https:\/\/www.organisator.ch\/#\/schema\/person\/6f650f90b2842cd4c0cc334b4e36f67e","name":"thomas.berner","image":{"@type":"ImageObject","inLanguage":"fr-FR","@id":"https:\/\/secure.gravatar.com\/avatar\/ac5001d2a36cb6c6cd3e50789007ffca834b477b74a2144564522e944eabff61?s=96&d=mm&r=g","url":"https:\/\/secure.gravatar.com\/avatar\/ac5001d2a36cb6c6cd3e50789007ffca834b477b74a2144564522e944eabff61?s=96&d=mm&r=g","contentUrl":"https:\/\/secure.gravatar.com\/avatar\/ac5001d2a36cb6c6cd3e50789007ffca834b477b74a2144564522e944eabff61?s=96&d=mm&r=g","caption":"thomas.berner"},"url":"https:\/\/www.organisator.ch\/fr\/author\/thomas-berner\/"}]}},"_links":{"self":[{"href":"https:\/\/www.organisator.ch\/fr\/wp-json\/wp\/v2\/posts\/7076","targetHints":{"allow":["GET"]}}],"collection":[{"href":"https:\/\/www.organisator.ch\/fr\/wp-json\/wp\/v2\/posts"}],"about":[{"href":"https:\/\/www.organisator.ch\/fr\/wp-json\/wp\/v2\/types\/post"}],"author":[{"embeddable":true,"href":"https:\/\/www.organisator.ch\/fr\/wp-json\/wp\/v2\/users\/4"}],"replies":[{"embeddable":true,"href":"https:\/\/www.organisator.ch\/fr\/wp-json\/wp\/v2\/comments?post=7076"}],"version-history":[{"count":0,"href":"https:\/\/www.organisator.ch\/fr\/wp-json\/wp\/v2\/posts\/7076\/revisions"}],"wp:featuredmedia":[{"embeddable":true,"href":"https:\/\/www.organisator.ch\/fr\/wp-json\/wp\/v2\/media\/7077"}],"wp:attachment":[{"href":"https:\/\/www.organisator.ch\/fr\/wp-json\/wp\/v2\/media?parent=7076"}],"wp:term":[{"taxonomy":"category","embeddable":true,"href":"https:\/\/www.organisator.ch\/fr\/wp-json\/wp\/v2\/categories?post=7076"},{"taxonomy":"post_tag","embeddable":true,"href":"https:\/\/www.organisator.ch\/fr\/wp-json\/wp\/v2\/tags?post=7076"}],"curies":[{"name":"wp","href":"https:\/\/api.w.org\/{rel}","templated":true}]}}