{"id":7100,"date":"2020-09-09T08:27:05","date_gmt":"2020-09-09T06:27:05","guid":{"rendered":"https:\/\/www.organisator.ch\/?p=7100"},"modified":"2020-09-09T08:27:05","modified_gmt":"2020-09-09T06:27:05","slug":"andrea-ming-wird-neue-direktorin-des-campus-sursee","status":"publish","type":"post","link":"https:\/\/www.organisator.ch\/fr\/management\/2020-09-09\/andrea-ming-wird-neue-direktorin-des-campus-sursee\/","title":{"rendered":"Andrea Ming devient la nouvelle directrice du Campus Sursee"},"content":{"rendered":"<figure id=\"attachment_7101\" aria-describedby=\"caption-attachment-7101\" style=\"width: 680px\" class=\"wp-caption alignnone\"><img loading=\"lazy\" decoding=\"async\" class=\"size-medium wp-image-7101\" src=\"https:\/\/www.organisator.ch\/wp-content\/uploads\/2020\/09\/Andrea-Ming-wird-neue-Direktorin-des-Campus-Sursee_Organisator.jpg\" alt=\"\" width=\"680\" height=\"388\" srcset=\"https:\/\/www.organisator.ch\/wp-content\/uploads\/2020\/09\/Andrea-Ming-wird-neue-Direktorin-des-Campus-Sursee_Organisator.jpg 680w, https:\/\/www.organisator.ch\/wp-content\/uploads\/2020\/09\/Andrea-Ming-wird-neue-Direktorin-des-Campus-Sursee_Organisator-16x9.jpg 16w, https:\/\/www.organisator.ch\/wp-content\/uploads\/2020\/09\/Andrea-Ming-wird-neue-Direktorin-des-Campus-Sursee_Organisator-307x175.jpg 307w, https:\/\/www.organisator.ch\/wp-content\/uploads\/2020\/09\/Andrea-Ming-wird-neue-Direktorin-des-Campus-Sursee_Organisator-613x350.jpg 613w, https:\/\/www.organisator.ch\/wp-content\/uploads\/2020\/09\/Andrea-Ming-wird-neue-Direktorin-des-Campus-Sursee_Organisator-300x171.jpg 300w\" sizes=\"auto, (max-width: 680px) 100vw, 680px\" \/><figcaption id=\"caption-attachment-7101\" class=\"wp-caption-text\">La nouvelle directrice du Campus Sursee \u00e0 partir de mars 2021 : Andrea Ming. (Image : zVg)<\/figcaption><\/figure>\n<p>Le conseil de fondation du Campus Sursee a \u00e9lu Andrea Ming comme nouvelle directrice du Campus Sursee. Elle prendra ses fonctions le 1er mars 2021. Andrea Ming est depuis 2012 \u00e0 la t\u00eate de la direction des Ecoles-clubs et des Centres de loisirs de la F\u00e9d\u00e9ration des coop\u00e9ratives Migros (FCM). Auparavant, elle y a occup\u00e9 pendant cinq ans le poste de responsable des loisirs et des installations de loisirs. Elle a obtenu un dipl\u00f4me f\u00e9d\u00e9ral de professeur de sport \u00e0 l'EPF de Zurich et un Executive MBA \u00e0 l'Universit\u00e9 de Saint-Gall. Ming succ\u00e8de \u00e0 Daniel Suter, qui a pris sa retraite fin juillet 2020. Depuis ao\u00fbt 2020, Thomas Stocker, directeur adjoint et directeur du centre de formation de la construction, dirige le campus de Sursee par int\u00e9rim.<\/p>\n<h2>Poser les jalons strat\u00e9giques<\/h2>\n<p>Gian-Luca Lardi, pr\u00e9sident du conseil de fondation, se r\u00e9jouit de cette \u00e9lection. \"Avec Andrea Ming, nous avons \u00e0 bord une cadre int\u00e9grative avec une longue exp\u00e9rience dans les domaines de la formation et du sport. Sa personnalit\u00e9 engageante et communicative convient parfaitement au campus de Sursee\". La mission de Ming consistera notamment \u00e0 poser et \u00e0 mettre en \u0153uvre les jalons strat\u00e9giques pour les prochaines ann\u00e9es, en \u00e9troite collaboration avec le conseil de fondation. L'accent sera mis sur la formation et la formation continue du secteur de la construction. Mais il va de soi que l'ar\u00e8ne sportive et le centre de s\u00e9minaires mis en service il y a un an ont \u00e9galement un r\u00f4le important \u00e0 jouer. Le Campus Sursee peut ainsi s'adresser \u00e0 une large client\u00e8le \u00e0 l'\u00e9chelle nationale.<\/p>\n<h2>Succession \"issue de nos propres rangs<\/h2>\n<p>Andrea Ming \u00e9tait membre du conseil de fondation du Campus Sursee depuis le 1er ao\u00fbt 2019 ; elle a d\u00e9missionn\u00e9 de cette fonction fin ao\u00fbt. Une p\u00e9riode de cooling-off de six mois aura donc lieu jusqu'\u00e0 sa prise de fonction.<\/p>\n<p>Andrea Ming a 46 ans et vit \u00e0 Edlibach dans le canton de Zoug. Le conseil de fondation se r\u00e9jouit de la compter dans ses rangs et est convaincu qu'il conduira le campus de Sursee vers un avenir prosp\u00e8re \u00e0 ses c\u00f4t\u00e9s.<\/p>\n<p><em>Source et informations compl\u00e9mentaires : <a href=\"http:\/\/www.campus-sursee.ch\">Campus Sursee<\/a><\/em><\/p>","protected":false},"excerpt":{"rendered":"<p>Der Stiftungsrat des Campus Sursee hat Andrea Ming zur neuen Direktorin des Campus Sursee gew\u00e4hlt. Sie nimmt ihre T\u00e4tigkeit am 1. M\u00e4rz 2021 auf. Andrea Ming ist seit 2012 Leiterin der Direktion Klubschulen und Freizeitanlagen beim Migros-Genossenschafts-Bund (MGB). Zuvor hatte sie dort w\u00e4hrend f\u00fcnf Jahren die Position als Leiterin Freizeit und Freizeitanlagen inne. Sie absolvierte [&hellip;]<\/p>\n","protected":false},"author":4,"featured_media":7101,"comment_status":"closed","ping_status":"closed","sticky":false,"template":"","format":"standard","meta":{"_acf_changed":false,"_yoast_wpseo_focuskw":"Andrea Ming","_yoast_wpseo_metadesc":"Ab 1. M\u00e4rz 2021 \u00fcbernimmt Andrea Ming die Direktion des Campus Sursee. Sie tritt die Nachfolge von Daniel Suter an, der Ende Juli 2020 in Pension ging.","articlekey":"","footnotes":""},"categories":[28],"tags":[335,381,492],"class_list":["post-7100","post","type-post","status-publish","format-standard","has-post-thumbnail","hentry","category-management","tag-management-und-unternehmensfuehrung","tag-personalia","tag-unternehmen"],"acf":[],"yoast_head":"<!-- This site is optimized with the Yoast SEO plugin v27.4 - https:\/\/yoast.com\/product\/yoast-seo-wordpress\/ -->\n<title>Andrea Ming wird neue Direktorin des Campus Sursee - Organisator<\/title>\n<meta name=\"description\" content=\"Ab 1. M\u00e4rz 2021 \u00fcbernimmt Andrea Ming die Direktion des Campus Sursee. Sie tritt die Nachfolge von Daniel Suter an, der Ende Juli 2020 in Pension ging.\" \/>\n<meta name=\"robots\" content=\"index, follow, max-snippet:-1, max-image-preview:large, max-video-preview:-1\" \/>\n<link rel=\"canonical\" href=\"https:\/\/www.organisator.ch\/fr\/gestion-2\/2020-09-09\/andrea-ming-wird-neue-direktorin-des-campus-sursee\/\" \/>\n<meta property=\"og:locale\" content=\"fr_FR\" \/>\n<meta property=\"og:type\" content=\"article\" \/>\n<meta property=\"og:title\" content=\"Andrea Ming wird neue Direktorin des Campus Sursee\" \/>\n<meta property=\"og:description\" content=\"Ab 1. M\u00e4rz 2021 \u00fcbernimmt Andrea Ming die Direktion des Campus Sursee. Sie tritt die Nachfolge von Daniel Suter an, der Ende Juli 2020 in Pension ging.\" \/>\n<meta property=\"og:url\" content=\"https:\/\/www.organisator.ch\/fr\/gestion-2\/2020-09-09\/andrea-ming-wird-neue-direktorin-des-campus-sursee\/\" \/>\n<meta property=\"og:site_name\" content=\"Organisator\" \/>\n<meta property=\"article:publisher\" content=\"https:\/\/www.facebook.com\/OrganisatorFachmagazin\" \/>\n<meta property=\"article:published_time\" content=\"2020-09-09T06:27:05+00:00\" \/>\n<meta property=\"og:image\" content=\"https:\/\/www.organisator.ch\/wp-content\/uploads\/2020\/09\/Andrea-Ming-wird-neue-Direktorin-des-Campus-Sursee_Organisator.jpg\" \/>\n\t<meta property=\"og:image:width\" content=\"680\" \/>\n\t<meta property=\"og:image:height\" content=\"388\" \/>\n\t<meta property=\"og:image:type\" content=\"image\/jpeg\" \/>\n<meta name=\"author\" content=\"thomas.berner\" \/>\n<meta name=\"twitter:card\" content=\"summary_large_image\" \/>\n<meta name=\"twitter:title\" content=\"#AndreaMing wird neue Direktorin des #CampusSursee\" \/>\n<meta name=\"twitter:description\" content=\"Ab 1. M\u00e4rz 2021 \u00fcbernimmt Andrea Ming die Direktion des Campus Sursee. Sie tritt die Nachfolge von Daniel Suter an, der Ende Juli 2020 in Pension ging.\" \/>\n<meta name=\"twitter:image\" content=\"https:\/\/www.organisator.ch\/wp-content\/uploads\/2020\/09\/Andrea-Ming-wird-neue-Direktorin-des-Campus-Sursee_Organisator.jpg\" \/>\n<script type=\"application\/ld+json\" class=\"yoast-schema-graph\">{\"@context\":\"https:\\\/\\\/schema.org\",\"@graph\":[{\"@type\":\"Article\",\"@id\":\"https:\\\/\\\/www.organisator.ch\\\/management\\\/2020-09-09\\\/andrea-ming-wird-neue-direktorin-des-campus-sursee\\\/#article\",\"isPartOf\":{\"@id\":\"https:\\\/\\\/www.organisator.ch\\\/management\\\/2020-09-09\\\/andrea-ming-wird-neue-direktorin-des-campus-sursee\\\/\"},\"author\":{\"name\":\"thomas.berner\",\"@id\":\"https:\\\/\\\/www.organisator.ch\\\/#\\\/schema\\\/person\\\/6f650f90b2842cd4c0cc334b4e36f67e\"},\"headline\":\"Andrea Ming wird neue Direktorin des Campus Sursee\",\"datePublished\":\"2020-09-09T06:27:05+00:00\",\"mainEntityOfPage\":{\"@id\":\"https:\\\/\\\/www.organisator.ch\\\/management\\\/2020-09-09\\\/andrea-ming-wird-neue-direktorin-des-campus-sursee\\\/\"},\"wordCount\":335,\"publisher\":{\"@id\":\"https:\\\/\\\/www.organisator.ch\\\/#organization\"},\"image\":{\"@id\":\"https:\\\/\\\/www.organisator.ch\\\/management\\\/2020-09-09\\\/andrea-ming-wird-neue-direktorin-des-campus-sursee\\\/#primaryimage\"},\"thumbnailUrl\":\"https:\\\/\\\/www.organisator.ch\\\/wp-content\\\/uploads\\\/2020\\\/09\\\/Andrea-Ming-wird-neue-Direktorin-des-Campus-Sursee_Organisator.jpg\",\"keywords\":[\"Management und Unternehmensf\u00fchrung\",\"Personalia\",\"Unternehmen\"],\"articleSection\":[\"MANAGEMENT\"],\"inLanguage\":\"fr-FR\"},{\"@type\":\"WebPage\",\"@id\":\"https:\\\/\\\/www.organisator.ch\\\/management\\\/2020-09-09\\\/andrea-ming-wird-neue-direktorin-des-campus-sursee\\\/\",\"url\":\"https:\\\/\\\/www.organisator.ch\\\/management\\\/2020-09-09\\\/andrea-ming-wird-neue-direktorin-des-campus-sursee\\\/\",\"name\":\"Andrea Ming wird neue Direktorin des Campus Sursee - Organisator\",\"isPartOf\":{\"@id\":\"https:\\\/\\\/www.organisator.ch\\\/#website\"},\"primaryImageOfPage\":{\"@id\":\"https:\\\/\\\/www.organisator.ch\\\/management\\\/2020-09-09\\\/andrea-ming-wird-neue-direktorin-des-campus-sursee\\\/#primaryimage\"},\"image\":{\"@id\":\"https:\\\/\\\/www.organisator.ch\\\/management\\\/2020-09-09\\\/andrea-ming-wird-neue-direktorin-des-campus-sursee\\\/#primaryimage\"},\"thumbnailUrl\":\"https:\\\/\\\/www.organisator.ch\\\/wp-content\\\/uploads\\\/2020\\\/09\\\/Andrea-Ming-wird-neue-Direktorin-des-Campus-Sursee_Organisator.jpg\",\"datePublished\":\"2020-09-09T06:27:05+00:00\",\"description\":\"Ab 1. M\u00e4rz 2021 \u00fcbernimmt Andrea Ming die Direktion des Campus Sursee. Sie tritt die Nachfolge von Daniel Suter an, der Ende Juli 2020 in Pension ging.\",\"breadcrumb\":{\"@id\":\"https:\\\/\\\/www.organisator.ch\\\/management\\\/2020-09-09\\\/andrea-ming-wird-neue-direktorin-des-campus-sursee\\\/#breadcrumb\"},\"inLanguage\":\"fr-FR\",\"potentialAction\":[{\"@type\":\"ReadAction\",\"target\":[\"https:\\\/\\\/www.organisator.ch\\\/management\\\/2020-09-09\\\/andrea-ming-wird-neue-direktorin-des-campus-sursee\\\/\"]}]},{\"@type\":\"ImageObject\",\"inLanguage\":\"fr-FR\",\"@id\":\"https:\\\/\\\/www.organisator.ch\\\/management\\\/2020-09-09\\\/andrea-ming-wird-neue-direktorin-des-campus-sursee\\\/#primaryimage\",\"url\":\"https:\\\/\\\/www.organisator.ch\\\/wp-content\\\/uploads\\\/2020\\\/09\\\/Andrea-Ming-wird-neue-Direktorin-des-Campus-Sursee_Organisator.jpg\",\"contentUrl\":\"https:\\\/\\\/www.organisator.ch\\\/wp-content\\\/uploads\\\/2020\\\/09\\\/Andrea-Ming-wird-neue-Direktorin-des-Campus-Sursee_Organisator.jpg\",\"width\":680,\"height\":388,\"caption\":\"Ab M\u00e4rz 2021 die neue Direktorin von Campus Sursee: Andrea Ming. (Bild: zVg)\"},{\"@type\":\"BreadcrumbList\",\"@id\":\"https:\\\/\\\/www.organisator.ch\\\/management\\\/2020-09-09\\\/andrea-ming-wird-neue-direktorin-des-campus-sursee\\\/#breadcrumb\",\"itemListElement\":[{\"@type\":\"ListItem\",\"position\":1,\"name\":\"Home\",\"item\":\"https:\\\/\\\/www.organisator.ch\\\/\"},{\"@type\":\"ListItem\",\"position\":2,\"name\":\"Andrea Ming wird neue Direktorin des Campus Sursee\"}]},{\"@type\":\"WebSite\",\"@id\":\"https:\\\/\\\/www.organisator.ch\\\/#website\",\"url\":\"https:\\\/\\\/www.organisator.ch\\\/\",\"name\":\"Organisator\",\"description\":\"Kompetent. Praxisnah. Der ORGANISATOR bereitet in 10 Ausgaben pro Jahr die wesentlichen Themen f\u00fcr F\u00fchrungskr\u00e4fte von KMU auf.\",\"publisher\":{\"@id\":\"https:\\\/\\\/www.organisator.ch\\\/#organization\"},\"potentialAction\":[{\"@type\":\"SearchAction\",\"target\":{\"@type\":\"EntryPoint\",\"urlTemplate\":\"https:\\\/\\\/www.organisator.ch\\\/?s={search_term_string}\"},\"query-input\":{\"@type\":\"PropertyValueSpecification\",\"valueRequired\":true,\"valueName\":\"search_term_string\"}}],\"inLanguage\":\"fr-FR\"},{\"@type\":\"Organization\",\"@id\":\"https:\\\/\\\/www.organisator.ch\\\/#organization\",\"name\":\"Organisator\",\"url\":\"https:\\\/\\\/www.organisator.ch\\\/\",\"logo\":{\"@type\":\"ImageObject\",\"inLanguage\":\"fr-FR\",\"@id\":\"https:\\\/\\\/www.organisator.ch\\\/#\\\/schema\\\/logo\\\/image\\\/\",\"url\":\"https:\\\/\\\/www.organisator.ch\\\/wp-content\\\/uploads\\\/2022\\\/01\\\/Logo_Organisator_Website.png\",\"contentUrl\":\"https:\\\/\\\/www.organisator.ch\\\/wp-content\\\/uploads\\\/2022\\\/01\\\/Logo_Organisator_Website.png\",\"width\":800,\"height\":77,\"caption\":\"Organisator\"},\"image\":{\"@id\":\"https:\\\/\\\/www.organisator.ch\\\/#\\\/schema\\\/logo\\\/image\\\/\"},\"sameAs\":[\"https:\\\/\\\/www.facebook.com\\\/OrganisatorFachmagazin\",\"https:\\\/\\\/www.linkedin.com\\\/showcase\\\/organisator-das-magazin-fr-kmu\",\"https:\\\/\\\/www.xing.com\\\/news\\\/pages\\\/organisator-ch-695\",\"https:\\\/\\\/www.youtube.com\\\/channel\\\/UCGP2Sq0iWaZwT3BdIAQFYpw\"]},{\"@type\":\"Person\",\"@id\":\"https:\\\/\\\/www.organisator.ch\\\/#\\\/schema\\\/person\\\/6f650f90b2842cd4c0cc334b4e36f67e\",\"name\":\"thomas.berner\",\"image\":{\"@type\":\"ImageObject\",\"inLanguage\":\"fr-FR\",\"@id\":\"https:\\\/\\\/secure.gravatar.com\\\/avatar\\\/ac5001d2a36cb6c6cd3e50789007ffca834b477b74a2144564522e944eabff61?s=96&d=mm&r=g\",\"url\":\"https:\\\/\\\/secure.gravatar.com\\\/avatar\\\/ac5001d2a36cb6c6cd3e50789007ffca834b477b74a2144564522e944eabff61?s=96&d=mm&r=g\",\"contentUrl\":\"https:\\\/\\\/secure.gravatar.com\\\/avatar\\\/ac5001d2a36cb6c6cd3e50789007ffca834b477b74a2144564522e944eabff61?s=96&d=mm&r=g\",\"caption\":\"thomas.berner\"},\"url\":\"https:\\\/\\\/www.organisator.ch\\\/fr\\\/author\\\/thomas-berner\\\/\"}]}<\/script>\n<!-- \/ Yoast SEO plugin. -->","yoast_head_json":{"title":"Andrea Ming devient la nouvelle directrice du Campus Sursee - Organisateur","description":"A partir du 1er mars 2021, Andrea Ming prendra la direction du Campus Sursee. Elle succ\u00e8de \u00e0 Daniel Suter, qui a pris sa retraite fin juillet 2020.","robots":{"index":"index","follow":"follow","max-snippet":"max-snippet:-1","max-image-preview":"max-image-preview:large","max-video-preview":"max-video-preview:-1"},"canonical":"https:\/\/www.organisator.ch\/fr\/gestion-2\/2020-09-09\/andrea-ming-wird-neue-direktorin-des-campus-sursee\/","og_locale":"fr_FR","og_type":"article","og_title":"Andrea Ming wird neue Direktorin des Campus Sursee","og_description":"Ab 1. M\u00e4rz 2021 \u00fcbernimmt Andrea Ming die Direktion des Campus Sursee. Sie tritt die Nachfolge von Daniel Suter an, der Ende Juli 2020 in Pension ging.","og_url":"https:\/\/www.organisator.ch\/fr\/gestion-2\/2020-09-09\/andrea-ming-wird-neue-direktorin-des-campus-sursee\/","og_site_name":"Organisator","article_publisher":"https:\/\/www.facebook.com\/OrganisatorFachmagazin","article_published_time":"2020-09-09T06:27:05+00:00","og_image":[{"width":680,"height":388,"url":"https:\/\/www.organisator.ch\/wp-content\/uploads\/2020\/09\/Andrea-Ming-wird-neue-Direktorin-des-Campus-Sursee_Organisator.jpg","type":"image\/jpeg"}],"author":"thomas.berner","twitter_card":"summary_large_image","twitter_title":"#AndreaMing wird neue Direktorin des #CampusSursee","twitter_description":"Ab 1. M\u00e4rz 2021 \u00fcbernimmt Andrea Ming die Direktion des Campus Sursee. Sie tritt die Nachfolge von Daniel Suter an, der Ende Juli 2020 in Pension ging.","twitter_image":"https:\/\/www.organisator.ch\/wp-content\/uploads\/2020\/09\/Andrea-Ming-wird-neue-Direktorin-des-Campus-Sursee_Organisator.jpg","schema":{"@context":"https:\/\/schema.org","@graph":[{"@type":"Article","@id":"https:\/\/www.organisator.ch\/management\/2020-09-09\/andrea-ming-wird-neue-direktorin-des-campus-sursee\/#article","isPartOf":{"@id":"https:\/\/www.organisator.ch\/management\/2020-09-09\/andrea-ming-wird-neue-direktorin-des-campus-sursee\/"},"author":{"name":"thomas.berner","@id":"https:\/\/www.organisator.ch\/#\/schema\/person\/6f650f90b2842cd4c0cc334b4e36f67e"},"headline":"Andrea Ming wird neue Direktorin des Campus Sursee","datePublished":"2020-09-09T06:27:05+00:00","mainEntityOfPage":{"@id":"https:\/\/www.organisator.ch\/management\/2020-09-09\/andrea-ming-wird-neue-direktorin-des-campus-sursee\/"},"wordCount":335,"publisher":{"@id":"https:\/\/www.organisator.ch\/#organization"},"image":{"@id":"https:\/\/www.organisator.ch\/management\/2020-09-09\/andrea-ming-wird-neue-direktorin-des-campus-sursee\/#primaryimage"},"thumbnailUrl":"https:\/\/www.organisator.ch\/wp-content\/uploads\/2020\/09\/Andrea-Ming-wird-neue-Direktorin-des-Campus-Sursee_Organisator.jpg","keywords":["Management und Unternehmensf\u00fchrung","Personalia","Unternehmen"],"articleSection":["MANAGEMENT"],"inLanguage":"fr-FR"},{"@type":"WebPage","@id":"https:\/\/www.organisator.ch\/management\/2020-09-09\/andrea-ming-wird-neue-direktorin-des-campus-sursee\/","url":"https:\/\/www.organisator.ch\/management\/2020-09-09\/andrea-ming-wird-neue-direktorin-des-campus-sursee\/","name":"Andrea Ming devient la nouvelle directrice du Campus Sursee - Organisateur","isPartOf":{"@id":"https:\/\/www.organisator.ch\/#website"},"primaryImageOfPage":{"@id":"https:\/\/www.organisator.ch\/management\/2020-09-09\/andrea-ming-wird-neue-direktorin-des-campus-sursee\/#primaryimage"},"image":{"@id":"https:\/\/www.organisator.ch\/management\/2020-09-09\/andrea-ming-wird-neue-direktorin-des-campus-sursee\/#primaryimage"},"thumbnailUrl":"https:\/\/www.organisator.ch\/wp-content\/uploads\/2020\/09\/Andrea-Ming-wird-neue-Direktorin-des-Campus-Sursee_Organisator.jpg","datePublished":"2020-09-09T06:27:05+00:00","description":"A partir du 1er mars 2021, Andrea Ming prendra la direction du Campus Sursee. Elle succ\u00e8de \u00e0 Daniel Suter, qui a pris sa retraite fin juillet 2020.","breadcrumb":{"@id":"https:\/\/www.organisator.ch\/management\/2020-09-09\/andrea-ming-wird-neue-direktorin-des-campus-sursee\/#breadcrumb"},"inLanguage":"fr-FR","potentialAction":[{"@type":"ReadAction","target":["https:\/\/www.organisator.ch\/management\/2020-09-09\/andrea-ming-wird-neue-direktorin-des-campus-sursee\/"]}]},{"@type":"ImageObject","inLanguage":"fr-FR","@id":"https:\/\/www.organisator.ch\/management\/2020-09-09\/andrea-ming-wird-neue-direktorin-des-campus-sursee\/#primaryimage","url":"https:\/\/www.organisator.ch\/wp-content\/uploads\/2020\/09\/Andrea-Ming-wird-neue-Direktorin-des-Campus-Sursee_Organisator.jpg","contentUrl":"https:\/\/www.organisator.ch\/wp-content\/uploads\/2020\/09\/Andrea-Ming-wird-neue-Direktorin-des-Campus-Sursee_Organisator.jpg","width":680,"height":388,"caption":"Ab M\u00e4rz 2021 die neue Direktorin von Campus Sursee: Andrea Ming. (Bild: zVg)"},{"@type":"BreadcrumbList","@id":"https:\/\/www.organisator.ch\/management\/2020-09-09\/andrea-ming-wird-neue-direktorin-des-campus-sursee\/#breadcrumb","itemListElement":[{"@type":"ListItem","position":1,"name":"Home","item":"https:\/\/www.organisator.ch\/"},{"@type":"ListItem","position":2,"name":"Andrea Ming wird neue Direktorin des Campus Sursee"}]},{"@type":"WebSite","@id":"https:\/\/www.organisator.ch\/#website","url":"https:\/\/www.organisator.ch\/","name":"Organisateur","description":"Comp\u00e9tence et comp\u00e9tence. Proches de la pratique. L'ORGANISATEUR pr\u00e9pare 10 num\u00e9ros par an sur les th\u00e8mes essentiels pour les dirigeants de PME.","publisher":{"@id":"https:\/\/www.organisator.ch\/#organization"},"potentialAction":[{"@type":"SearchAction","target":{"@type":"EntryPoint","urlTemplate":"https:\/\/www.organisator.ch\/?s={search_term_string}"},"query-input":{"@type":"PropertyValueSpecification","valueRequired":true,"valueName":"search_term_string"}}],"inLanguage":"fr-FR"},{"@type":"Organization","@id":"https:\/\/www.organisator.ch\/#organization","name":"Organisateur","url":"https:\/\/www.organisator.ch\/","logo":{"@type":"ImageObject","inLanguage":"fr-FR","@id":"https:\/\/www.organisator.ch\/#\/schema\/logo\/image\/","url":"https:\/\/www.organisator.ch\/wp-content\/uploads\/2022\/01\/Logo_Organisator_Website.png","contentUrl":"https:\/\/www.organisator.ch\/wp-content\/uploads\/2022\/01\/Logo_Organisator_Website.png","width":800,"height":77,"caption":"Organisator"},"image":{"@id":"https:\/\/www.organisator.ch\/#\/schema\/logo\/image\/"},"sameAs":["https:\/\/www.facebook.com\/OrganisatorFachmagazin","https:\/\/www.linkedin.com\/showcase\/organisator-das-magazin-fr-kmu","https:\/\/www.xing.com\/news\/pages\/organisator-ch-695","https:\/\/www.youtube.com\/channel\/UCGP2Sq0iWaZwT3BdIAQFYpw"]},{"@type":"Person","@id":"https:\/\/www.organisator.ch\/#\/schema\/person\/6f650f90b2842cd4c0cc334b4e36f67e","name":"thomas.berner","image":{"@type":"ImageObject","inLanguage":"fr-FR","@id":"https:\/\/secure.gravatar.com\/avatar\/ac5001d2a36cb6c6cd3e50789007ffca834b477b74a2144564522e944eabff61?s=96&d=mm&r=g","url":"https:\/\/secure.gravatar.com\/avatar\/ac5001d2a36cb6c6cd3e50789007ffca834b477b74a2144564522e944eabff61?s=96&d=mm&r=g","contentUrl":"https:\/\/secure.gravatar.com\/avatar\/ac5001d2a36cb6c6cd3e50789007ffca834b477b74a2144564522e944eabff61?s=96&d=mm&r=g","caption":"thomas.berner"},"url":"https:\/\/www.organisator.ch\/fr\/author\/thomas-berner\/"}]}},"_links":{"self":[{"href":"https:\/\/www.organisator.ch\/fr\/wp-json\/wp\/v2\/posts\/7100","targetHints":{"allow":["GET"]}}],"collection":[{"href":"https:\/\/www.organisator.ch\/fr\/wp-json\/wp\/v2\/posts"}],"about":[{"href":"https:\/\/www.organisator.ch\/fr\/wp-json\/wp\/v2\/types\/post"}],"author":[{"embeddable":true,"href":"https:\/\/www.organisator.ch\/fr\/wp-json\/wp\/v2\/users\/4"}],"replies":[{"embeddable":true,"href":"https:\/\/www.organisator.ch\/fr\/wp-json\/wp\/v2\/comments?post=7100"}],"version-history":[{"count":0,"href":"https:\/\/www.organisator.ch\/fr\/wp-json\/wp\/v2\/posts\/7100\/revisions"}],"wp:featuredmedia":[{"embeddable":true,"href":"https:\/\/www.organisator.ch\/fr\/wp-json\/wp\/v2\/media\/7101"}],"wp:attachment":[{"href":"https:\/\/www.organisator.ch\/fr\/wp-json\/wp\/v2\/media?parent=7100"}],"wp:term":[{"taxonomy":"category","embeddable":true,"href":"https:\/\/www.organisator.ch\/fr\/wp-json\/wp\/v2\/categories?post=7100"},{"taxonomy":"post_tag","embeddable":true,"href":"https:\/\/www.organisator.ch\/fr\/wp-json\/wp\/v2\/tags?post=7100"}],"curies":[{"name":"wp","href":"https:\/\/api.w.org\/{rel}","templated":true}]}}