{"id":7117,"date":"2020-09-11T13:26:10","date_gmt":"2020-09-11T11:26:10","guid":{"rendered":"https:\/\/www.organisator.ch\/?p=7117"},"modified":"2020-09-11T13:26:10","modified_gmt":"2020-09-11T11:26:10","slug":"neue-karte-zeigt-covid-19-auswirkungen-auf-den-geschaeftsbetrieb","status":"publish","type":"post","link":"https:\/\/www.organisator.ch\/fr\/allgemein\/2020-09-11\/neue-karte-zeigt-covid-19-auswirkungen-auf-den-geschaeftsbetrieb\/","title":{"rendered":"Une nouvelle carte montre l'impact de COVID-19 sur les activit\u00e9s commerciales"},"content":{"rendered":"<figure id=\"attachment_7118\" aria-describedby=\"caption-attachment-7118\" style=\"width: 680px\" class=\"wp-caption alignnone\"><img loading=\"lazy\" decoding=\"async\" class=\"size-medium wp-image-7118\" src=\"https:\/\/www.organisator.ch\/wp-content\/uploads\/2020\/09\/Neue-Karte-zeigt-COVID-19-Auswirkungen-auf-den-Geschaeftsbetrieb-1_Organisator.jpg\" alt=\"\" width=\"680\" height=\"459\" srcset=\"https:\/\/www.organisator.ch\/wp-content\/uploads\/2020\/09\/Neue-Karte-zeigt-COVID-19-Auswirkungen-auf-den-Geschaeftsbetrieb-1_Organisator.jpg 680w, https:\/\/www.organisator.ch\/wp-content\/uploads\/2020\/09\/Neue-Karte-zeigt-COVID-19-Auswirkungen-auf-den-Geschaeftsbetrieb-1_Organisator-16x12.jpg 16w, https:\/\/www.organisator.ch\/wp-content\/uploads\/2020\/09\/Neue-Karte-zeigt-COVID-19-Auswirkungen-auf-den-Geschaeftsbetrieb-1_Organisator-259x175.jpg 259w, https:\/\/www.organisator.ch\/wp-content\/uploads\/2020\/09\/Neue-Karte-zeigt-COVID-19-Auswirkungen-auf-den-Geschaeftsbetrieb-1_Organisator-519x350.jpg 519w, https:\/\/www.organisator.ch\/wp-content\/uploads\/2020\/09\/Neue-Karte-zeigt-COVID-19-Auswirkungen-auf-den-Geschaeftsbetrieb-1_Organisator-300x203.jpg 300w\" sizes=\"auto, (max-width: 680px) 100vw, 680px\" \/><figcaption id=\"caption-attachment-7118\" class=\"wp-caption-text\">Montre l'impact de COVID-19 sur les activit\u00e9s commerciales dans les pays concern\u00e9s : La carte d'impact COVID-19. (Image : International SOS)<\/figcaption><\/figure>\n<p>Premi\u00e8re en son genre, une nouvelle carte fournie par International SOS regroupe des informations et des analyses sur les indicateurs d\u00e9cisifs pour les entreprises concern\u00e9s par COVID-19.<br \/>\nLe site <a href=\"https:\/\/www.internationalsos.com\/medical-and-security-services\/covid-19\">Carte d'impact du COVID-19<\/a> est accessible au public. Elle compl\u00e8te l'International SOS Risk Map, qui comprend d\u00e9j\u00e0 les th\u00e8mes de la sant\u00e9, de la s\u00e9curit\u00e9, y compris la s\u00e9curit\u00e9 routi\u00e8re. Les donn\u00e9es de la COVID-19 Impact Map sont actualis\u00e9es quotidiennement. Une valeur globale est indiqu\u00e9e pour chaque pays. Il faut toutefois noter que l'impact de COVID-19 peut \u00eatre tr\u00e8s diff\u00e9rent dans certains endroits d'un pays, il peut donc y avoir des diff\u00e9rences par exemple entre les cantons, les communes ou les villes.<\/p>\n<h2>Cartographie des effets du COVID-19<\/h2>\n<p>Les facteurs d\u00e9terminants pour l'analyse des donn\u00e9es sur lesquelles se base la carte sont les suivants :<\/p>\n<ul>\n<li>Nombre de cas COVID-19 en moyenne mobile sur 14 jours ;<\/li>\n<li>l'environnement des risques en mati\u00e8re de sant\u00e9 et de s\u00e9curit\u00e9 ;<\/li>\n<li>les restrictions de voyage dans le pays concern\u00e9 et les restrictions pour les voyages \u00e0 l'\u00e9tranger ;<\/li>\n<li>les mesures existantes contre le COVID-19 et leur efficacit\u00e9.<\/li>\n<\/ul>\n<p>C\u00e9dric Fraissinet, directeur g\u00e9n\u00e9ral Suisse et Italie d'International SOS, explique : \"Nous constatons aujourd'hui que la sant\u00e9 des collaborateurs est une priorit\u00e9 strat\u00e9gique pour toutes les organisations. La reprise et l'acc\u00e9l\u00e9ration de l'activit\u00e9 dans le contexte actuel, toujours tr\u00e8s incertain, ne peuvent se faire sans l'acc\u00e8s \u00e0 des informations fiables. Avec notre carte d'impact COVID-19, nous aidons nos clients \u00e0 alimenter leurs plans d'action locaux et leur strat\u00e9gie globale avec des informations concr\u00e8tes et actualis\u00e9es en temps r\u00e9el. Cela leur permet de minimiser l'impact de la pand\u00e9mie sur leurs \u00e9quipes et leur activit\u00e9\".<\/p>\n<h2>Une multitude de risques<\/h2>\n<p>\"Outre le COVID-19, les entreprises doivent \u00e9galement \u00eatre sensibilis\u00e9es aux risques de sant\u00e9 et de s\u00e9curit\u00e9 dits de deuxi\u00e8me et troisi\u00e8me degr\u00e9\", ajoute Gautier Porot, directeur de la s\u00e9curit\u00e9 chez International SOS. \"Les catastrophes naturelles, les tensions politiques, les \u00e9lections et les troubles civils continueront \u00e0 se produire, et la pand\u00e9mie ne fera qu'exacerber certains de ces \u00e9v\u00e9nements. Une approche globale est indispensable pour \u00e9valuer tous les risques et mettre en \u0153uvre des strat\u00e9gies appropri\u00e9es. Ceci afin de prot\u00e9ger l'entreprise et ses collaborateurs, mais aussi d'assurer la continuit\u00e9 des activit\u00e9s et donc la r\u00e9silience de l'entreprise et de ses \u00e9quipes\".<\/p>\n<p><img loading=\"lazy\" decoding=\"async\" class=\"alignnone size-medium wp-image-7119\" src=\"https:\/\/www.organisator.ch\/wp-content\/uploads\/2020\/09\/Neue-Karte-zeigt-COVID-19-Auswirkungen-auf-den-Geschaeftsbetrieb-2_Organisator.jpg\" alt=\"\" width=\"680\" height=\"256\" srcset=\"https:\/\/www.organisator.ch\/wp-content\/uploads\/2020\/09\/Neue-Karte-zeigt-COVID-19-Auswirkungen-auf-den-Geschaeftsbetrieb-2_Organisator.jpg 2039w, https:\/\/www.organisator.ch\/wp-content\/uploads\/2020\/09\/Neue-Karte-zeigt-COVID-19-Auswirkungen-auf-den-Geschaeftsbetrieb-2_Organisator-680x256.jpg 680w, https:\/\/www.organisator.ch\/wp-content\/uploads\/2020\/09\/Neue-Karte-zeigt-COVID-19-Auswirkungen-auf-den-Geschaeftsbetrieb-2_Organisator-1024x386.jpg 1024w, https:\/\/www.organisator.ch\/wp-content\/uploads\/2020\/09\/Neue-Karte-zeigt-COVID-19-Auswirkungen-auf-den-Geschaeftsbetrieb-2_Organisator-768x290.jpg 768w, https:\/\/www.organisator.ch\/wp-content\/uploads\/2020\/09\/Neue-Karte-zeigt-COVID-19-Auswirkungen-auf-den-Geschaeftsbetrieb-2_Organisator-1536x579.jpg 1536w, https:\/\/www.organisator.ch\/wp-content\/uploads\/2020\/09\/Neue-Karte-zeigt-COVID-19-Auswirkungen-auf-den-Geschaeftsbetrieb-2_Organisator-16x6.jpg 16w, https:\/\/www.organisator.ch\/wp-content\/uploads\/2020\/09\/Neue-Karte-zeigt-COVID-19-Auswirkungen-auf-den-Geschaeftsbetrieb-2_Organisator-375x141.jpg 375w, https:\/\/www.organisator.ch\/wp-content\/uploads\/2020\/09\/Neue-Karte-zeigt-COVID-19-Auswirkungen-auf-den-Geschaeftsbetrieb-2_Organisator-760x287.jpg 760w, https:\/\/www.organisator.ch\/wp-content\/uploads\/2020\/09\/Neue-Karte-zeigt-COVID-19-Auswirkungen-auf-den-Geschaeftsbetrieb-2_Organisator-1600x603.jpg 1600w, https:\/\/www.organisator.ch\/wp-content\/uploads\/2020\/09\/Neue-Karte-zeigt-COVID-19-Auswirkungen-auf-den-Geschaeftsbetrieb-2_Organisator-920x347.jpg 920w, https:\/\/www.organisator.ch\/wp-content\/uploads\/2020\/09\/Neue-Karte-zeigt-COVID-19-Auswirkungen-auf-den-Geschaeftsbetrieb-2_Organisator-1400x528.jpg 1400w, https:\/\/www.organisator.ch\/wp-content\/uploads\/2020\/09\/Neue-Karte-zeigt-COVID-19-Auswirkungen-auf-den-Geschaeftsbetrieb-2_Organisator-300x113.jpg 300w\" sizes=\"auto, (max-width: 680px) 100vw, 680px\" \/><\/p>\n<p>Sur cette base, International SOS a class\u00e9 la Suisse avec le statut \"faible\". Ce param\u00e8tre tient compte de la dynamique de l'\u00e9pid\u00e9mie dans le pays concern\u00e9. Selon la situation actuelle, l'activit\u00e9 \u00e9conomique est possible avec de l\u00e9g\u00e8res restrictions. La plupart des entreprises dans les secteurs les plus divers sont actives comme jusqu'\u00e0 pr\u00e9sent.<\/p>\n<h2>Exclusivement pour les clients<\/h2>\n<p>En compl\u00e9ment des classifications de la carte d'impact COVID-19, International SOS propose en exclusivit\u00e9 \u00e0 ses clients des informations logistiques d\u00e9taill\u00e9es sur l'entr\u00e9e dans certains pays et r\u00e9gions (Inbound Travel Impact Scales). Celles-ci comprennent entre autres des informations sur les restrictions du trafic a\u00e9rien et les conditions d'entr\u00e9e. De m\u00eame, les clients ont acc\u00e8s aux variables derri\u00e8re la carte d'impact COVID-19 et aux recommandations d'experts afin de minimiser l'impact de COVID-19 sur les activit\u00e9s commerciales.<\/p>\n<p>La carte d'impact COVID-19 fait partie int\u00e9grante des services d'International SOS. Ceux-ci comprennent : Des informations et des outils complets pour le management, ainsi que des services de conseil pour garantir la protection des collaborateurs et un soutien en mati\u00e8re de sant\u00e9 et de s\u00e9curit\u00e9 pour les collaborateurs en d\u00e9placement et locaux dans le monde entier.<\/p>\n<p><em>La carte des effets du COVID-19 est <a href=\"https:\/\/www.internationalsos.com\/medical-and-security-services\/covid-19\">\u00e0 consulter ici<\/a>.<\/em><\/p>","protected":false},"excerpt":{"rendered":"<p>Als erste ihrer Art b\u00fcndelt eine neue Karte, bereitgestellt durch International SOS, Informationen und Analysen zu gesch\u00e4ftsentscheidenden Indikatoren, die von COVID-19 betroffen sind. Die COVID-19 Impact Map ist \u00f6ffentlich zug\u00e4nglich. Sie erg\u00e4nzt die International SOS Risk Map, die bereits die Themen Gesundheit, Sicherheit, inkl. Verkehrssicherheit umfasst. Die Daten der COVID-19 Impact Map werden t\u00e4glich aktualisiert.\u00a0F\u00fcr [&hellip;]<\/p>\n","protected":false},"author":4,"featured_media":7118,"comment_status":"closed","ping_status":"closed","sticky":false,"template":"","format":"standard","meta":{"_acf_changed":false,"_yoast_wpseo_focuskw":"COVID-19-Auswirkungen","_yoast_wpseo_metadesc":"Eine neue Karte stellt f\u00fcr alle L\u00e4nder die COVID-19-Auswirkungen auf Gesundheit, Sicherheit und Logistik und damit auf den lokalen Gesch\u00e4ftsbetrieb dar.","articlekey":"","footnotes":""},"categories":[1],"tags":[132,334,393,418],"class_list":["post-7117","post","type-post","status-publish","format-standard","has-post-thumbnail","hentry","category-allgemein","tag-coronavirus","tag-management","tag-produkte","tag-risikomanagement"],"acf":[],"yoast_head":"<!-- This site is optimized with the Yoast SEO plugin v27.4 - https:\/\/yoast.com\/product\/yoast-seo-wordpress\/ -->\n<title>Neue Karte zeigt COVID-19-Auswirkungen auf den Gesch\u00e4ftsbetrieb - Organisator<\/title>\n<meta name=\"description\" content=\"Eine neue Karte stellt f\u00fcr alle L\u00e4nder die COVID-19-Auswirkungen auf Gesundheit, Sicherheit und Logistik und damit auf den lokalen Gesch\u00e4ftsbetrieb dar.\" \/>\n<meta name=\"robots\" content=\"index, follow, max-snippet:-1, max-image-preview:large, max-video-preview:-1\" \/>\n<link rel=\"canonical\" href=\"https:\/\/www.organisator.ch\/fr\/general\/2020-09-11\/neue-karte-zeigt-covid-19-auswirkungen-auf-den-geschaeftsbetrieb\/\" \/>\n<meta property=\"og:locale\" content=\"fr_FR\" \/>\n<meta property=\"og:type\" content=\"article\" \/>\n<meta property=\"og:title\" content=\"Neue Karte zeigt COVID-19-Auswirkungen auf den Gesch\u00e4ftsbetrieb\" \/>\n<meta property=\"og:description\" content=\"Eine neue Karte stellt f\u00fcr alle L\u00e4nder die COVID-19-Auswirkungen auf Gesundheit, Sicherheit und Logistik und damit auf den lokalen Gesch\u00e4ftsbetrieb dar.\" \/>\n<meta property=\"og:url\" content=\"https:\/\/www.organisator.ch\/fr\/general\/2020-09-11\/neue-karte-zeigt-covid-19-auswirkungen-auf-den-geschaeftsbetrieb\/\" \/>\n<meta property=\"og:site_name\" content=\"Organisator\" \/>\n<meta property=\"article:publisher\" content=\"https:\/\/www.facebook.com\/OrganisatorFachmagazin\" \/>\n<meta property=\"article:published_time\" content=\"2020-09-11T11:26:10+00:00\" \/>\n<meta property=\"og:image\" content=\"https:\/\/www.organisator.ch\/wp-content\/uploads\/2020\/09\/Neue-Karte-zeigt-COVID-19-Auswirkungen-auf-den-Geschaeftsbetrieb-1_Organisator.jpg\" \/>\n\t<meta property=\"og:image:width\" content=\"680\" \/>\n\t<meta property=\"og:image:height\" content=\"459\" \/>\n\t<meta property=\"og:image:type\" content=\"image\/jpeg\" \/>\n<meta name=\"author\" content=\"thomas.berner\" \/>\n<meta name=\"twitter:card\" content=\"summary_large_image\" \/>\n<meta name=\"twitter:title\" content=\"Neue Karte zeigt #COVID-19-Auswirkungen auf den #Gesch\u00e4ftsbetrieb\" \/>\n<meta name=\"twitter:description\" content=\"Eine neue #Karte stellt f\u00fcr alle L\u00e4nder die #COVID-19-Auswirkungen auf Gesundheit, Sicherheit und Logistik und damit auf den lokalen #Gesch\u00e4ftsbetrieb dar.\" \/>\n<meta name=\"twitter:image\" content=\"https:\/\/www.organisator.ch\/wp-content\/uploads\/2020\/09\/Neue-Karte-zeigt-COVID-19-Auswirkungen-auf-den-Geschaeftsbetrieb-1_Organisator.jpg\" \/>\n<script type=\"application\/ld+json\" class=\"yoast-schema-graph\">{\"@context\":\"https:\\\/\\\/schema.org\",\"@graph\":[{\"@type\":\"Article\",\"@id\":\"https:\\\/\\\/www.organisator.ch\\\/it\\\/generale\\\/2020-09-11\\\/neue-karte-zeigt-covid-19-auswirkungen-auf-den-geschaeftsbetrieb\\\/#article\",\"isPartOf\":{\"@id\":\"https:\\\/\\\/www.organisator.ch\\\/it\\\/generale\\\/2020-09-11\\\/neue-karte-zeigt-covid-19-auswirkungen-auf-den-geschaeftsbetrieb\\\/\"},\"author\":{\"name\":\"thomas.berner\",\"@id\":\"https:\\\/\\\/www.organisator.ch\\\/#\\\/schema\\\/person\\\/6f650f90b2842cd4c0cc334b4e36f67e\"},\"headline\":\"Neue Karte zeigt COVID-19-Auswirkungen auf den Gesch\u00e4ftsbetrieb\",\"datePublished\":\"2020-09-11T11:26:10+00:00\",\"mainEntityOfPage\":{\"@id\":\"https:\\\/\\\/www.organisator.ch\\\/it\\\/generale\\\/2020-09-11\\\/neue-karte-zeigt-covid-19-auswirkungen-auf-den-geschaeftsbetrieb\\\/\"},\"wordCount\":568,\"publisher\":{\"@id\":\"https:\\\/\\\/www.organisator.ch\\\/#organization\"},\"image\":{\"@id\":\"https:\\\/\\\/www.organisator.ch\\\/it\\\/generale\\\/2020-09-11\\\/neue-karte-zeigt-covid-19-auswirkungen-auf-den-geschaeftsbetrieb\\\/#primaryimage\"},\"thumbnailUrl\":\"https:\\\/\\\/www.organisator.ch\\\/wp-content\\\/uploads\\\/2020\\\/09\\\/Neue-Karte-zeigt-COVID-19-Auswirkungen-auf-den-Geschaeftsbetrieb-1_Organisator.jpg\",\"keywords\":[\"Coronavirus\",\"Management\",\"Produkte\",\"Risikomanagement\"],\"articleSection\":[\"Allgemein\"],\"inLanguage\":\"fr-FR\"},{\"@type\":\"WebPage\",\"@id\":\"https:\\\/\\\/www.organisator.ch\\\/it\\\/generale\\\/2020-09-11\\\/neue-karte-zeigt-covid-19-auswirkungen-auf-den-geschaeftsbetrieb\\\/\",\"url\":\"https:\\\/\\\/www.organisator.ch\\\/it\\\/generale\\\/2020-09-11\\\/neue-karte-zeigt-covid-19-auswirkungen-auf-den-geschaeftsbetrieb\\\/\",\"name\":\"Neue Karte zeigt COVID-19-Auswirkungen auf den Gesch\u00e4ftsbetrieb - Organisator\",\"isPartOf\":{\"@id\":\"https:\\\/\\\/www.organisator.ch\\\/#website\"},\"primaryImageOfPage\":{\"@id\":\"https:\\\/\\\/www.organisator.ch\\\/it\\\/generale\\\/2020-09-11\\\/neue-karte-zeigt-covid-19-auswirkungen-auf-den-geschaeftsbetrieb\\\/#primaryimage\"},\"image\":{\"@id\":\"https:\\\/\\\/www.organisator.ch\\\/it\\\/generale\\\/2020-09-11\\\/neue-karte-zeigt-covid-19-auswirkungen-auf-den-geschaeftsbetrieb\\\/#primaryimage\"},\"thumbnailUrl\":\"https:\\\/\\\/www.organisator.ch\\\/wp-content\\\/uploads\\\/2020\\\/09\\\/Neue-Karte-zeigt-COVID-19-Auswirkungen-auf-den-Geschaeftsbetrieb-1_Organisator.jpg\",\"datePublished\":\"2020-09-11T11:26:10+00:00\",\"description\":\"Eine neue Karte stellt f\u00fcr alle L\u00e4nder die COVID-19-Auswirkungen auf Gesundheit, Sicherheit und Logistik und damit auf den lokalen Gesch\u00e4ftsbetrieb dar.\",\"breadcrumb\":{\"@id\":\"https:\\\/\\\/www.organisator.ch\\\/it\\\/generale\\\/2020-09-11\\\/neue-karte-zeigt-covid-19-auswirkungen-auf-den-geschaeftsbetrieb\\\/#breadcrumb\"},\"inLanguage\":\"fr-FR\",\"potentialAction\":[{\"@type\":\"ReadAction\",\"target\":[\"https:\\\/\\\/www.organisator.ch\\\/it\\\/generale\\\/2020-09-11\\\/neue-karte-zeigt-covid-19-auswirkungen-auf-den-geschaeftsbetrieb\\\/\"]}]},{\"@type\":\"ImageObject\",\"inLanguage\":\"fr-FR\",\"@id\":\"https:\\\/\\\/www.organisator.ch\\\/it\\\/generale\\\/2020-09-11\\\/neue-karte-zeigt-covid-19-auswirkungen-auf-den-geschaeftsbetrieb\\\/#primaryimage\",\"url\":\"https:\\\/\\\/www.organisator.ch\\\/wp-content\\\/uploads\\\/2020\\\/09\\\/Neue-Karte-zeigt-COVID-19-Auswirkungen-auf-den-Geschaeftsbetrieb-1_Organisator.jpg\",\"contentUrl\":\"https:\\\/\\\/www.organisator.ch\\\/wp-content\\\/uploads\\\/2020\\\/09\\\/Neue-Karte-zeigt-COVID-19-Auswirkungen-auf-den-Geschaeftsbetrieb-1_Organisator.jpg\",\"width\":680,\"height\":459,\"caption\":\"Zeigt die COVID-19-Auswirkungen auf den Gesch\u00e4ftsbetrieb in den jeweiligen L\u00e4ndern: Die COVID-19 Impact Map. (Bild: International SOS)\"},{\"@type\":\"BreadcrumbList\",\"@id\":\"https:\\\/\\\/www.organisator.ch\\\/it\\\/generale\\\/2020-09-11\\\/neue-karte-zeigt-covid-19-auswirkungen-auf-den-geschaeftsbetrieb\\\/#breadcrumb\",\"itemListElement\":[{\"@type\":\"ListItem\",\"position\":1,\"name\":\"Home\",\"item\":\"https:\\\/\\\/www.organisator.ch\\\/\"},{\"@type\":\"ListItem\",\"position\":2,\"name\":\"Neue Karte zeigt COVID-19-Auswirkungen auf den Gesch\u00e4ftsbetrieb\"}]},{\"@type\":\"WebSite\",\"@id\":\"https:\\\/\\\/www.organisator.ch\\\/#website\",\"url\":\"https:\\\/\\\/www.organisator.ch\\\/\",\"name\":\"Organisator\",\"description\":\"Kompetent. Praxisnah. Der ORGANISATOR bereitet in 10 Ausgaben pro Jahr die wesentlichen Themen f\u00fcr F\u00fchrungskr\u00e4fte von KMU auf.\",\"publisher\":{\"@id\":\"https:\\\/\\\/www.organisator.ch\\\/#organization\"},\"potentialAction\":[{\"@type\":\"SearchAction\",\"target\":{\"@type\":\"EntryPoint\",\"urlTemplate\":\"https:\\\/\\\/www.organisator.ch\\\/?s={search_term_string}\"},\"query-input\":{\"@type\":\"PropertyValueSpecification\",\"valueRequired\":true,\"valueName\":\"search_term_string\"}}],\"inLanguage\":\"fr-FR\"},{\"@type\":\"Organization\",\"@id\":\"https:\\\/\\\/www.organisator.ch\\\/#organization\",\"name\":\"Organisator\",\"url\":\"https:\\\/\\\/www.organisator.ch\\\/\",\"logo\":{\"@type\":\"ImageObject\",\"inLanguage\":\"fr-FR\",\"@id\":\"https:\\\/\\\/www.organisator.ch\\\/#\\\/schema\\\/logo\\\/image\\\/\",\"url\":\"https:\\\/\\\/www.organisator.ch\\\/wp-content\\\/uploads\\\/2022\\\/01\\\/Logo_Organisator_Website.png\",\"contentUrl\":\"https:\\\/\\\/www.organisator.ch\\\/wp-content\\\/uploads\\\/2022\\\/01\\\/Logo_Organisator_Website.png\",\"width\":800,\"height\":77,\"caption\":\"Organisator\"},\"image\":{\"@id\":\"https:\\\/\\\/www.organisator.ch\\\/#\\\/schema\\\/logo\\\/image\\\/\"},\"sameAs\":[\"https:\\\/\\\/www.facebook.com\\\/OrganisatorFachmagazin\",\"https:\\\/\\\/www.linkedin.com\\\/showcase\\\/organisator-das-magazin-fr-kmu\",\"https:\\\/\\\/www.xing.com\\\/news\\\/pages\\\/organisator-ch-695\",\"https:\\\/\\\/www.youtube.com\\\/channel\\\/UCGP2Sq0iWaZwT3BdIAQFYpw\"]},{\"@type\":\"Person\",\"@id\":\"https:\\\/\\\/www.organisator.ch\\\/#\\\/schema\\\/person\\\/6f650f90b2842cd4c0cc334b4e36f67e\",\"name\":\"thomas.berner\",\"image\":{\"@type\":\"ImageObject\",\"inLanguage\":\"fr-FR\",\"@id\":\"https:\\\/\\\/secure.gravatar.com\\\/avatar\\\/ac5001d2a36cb6c6cd3e50789007ffca834b477b74a2144564522e944eabff61?s=96&d=mm&r=g\",\"url\":\"https:\\\/\\\/secure.gravatar.com\\\/avatar\\\/ac5001d2a36cb6c6cd3e50789007ffca834b477b74a2144564522e944eabff61?s=96&d=mm&r=g\",\"contentUrl\":\"https:\\\/\\\/secure.gravatar.com\\\/avatar\\\/ac5001d2a36cb6c6cd3e50789007ffca834b477b74a2144564522e944eabff61?s=96&d=mm&r=g\",\"caption\":\"thomas.berner\"},\"url\":\"https:\\\/\\\/www.organisator.ch\\\/fr\\\/author\\\/thomas-berner\\\/\"}]}<\/script>\n<!-- \/ Yoast SEO plugin. -->","yoast_head_json":{"title":"Une nouvelle carte montre l'impact de COVID-19 sur les activit\u00e9s commerciales - Organisateur","description":"Une nouvelle carte pr\u00e9sente, pour tous les pays, l'impact de COVID-19 sur la sant\u00e9, la s\u00e9curit\u00e9 et la logistique, et donc sur les activit\u00e9s commerciales locales.","robots":{"index":"index","follow":"follow","max-snippet":"max-snippet:-1","max-image-preview":"max-image-preview:large","max-video-preview":"max-video-preview:-1"},"canonical":"https:\/\/www.organisator.ch\/fr\/general\/2020-09-11\/neue-karte-zeigt-covid-19-auswirkungen-auf-den-geschaeftsbetrieb\/","og_locale":"fr_FR","og_type":"article","og_title":"Neue Karte zeigt COVID-19-Auswirkungen auf den Gesch\u00e4ftsbetrieb","og_description":"Eine neue Karte stellt f\u00fcr alle L\u00e4nder die COVID-19-Auswirkungen auf Gesundheit, Sicherheit und Logistik und damit auf den lokalen Gesch\u00e4ftsbetrieb dar.","og_url":"https:\/\/www.organisator.ch\/fr\/general\/2020-09-11\/neue-karte-zeigt-covid-19-auswirkungen-auf-den-geschaeftsbetrieb\/","og_site_name":"Organisator","article_publisher":"https:\/\/www.facebook.com\/OrganisatorFachmagazin","article_published_time":"2020-09-11T11:26:10+00:00","og_image":[{"width":680,"height":459,"url":"https:\/\/www.organisator.ch\/wp-content\/uploads\/2020\/09\/Neue-Karte-zeigt-COVID-19-Auswirkungen-auf-den-Geschaeftsbetrieb-1_Organisator.jpg","type":"image\/jpeg"}],"author":"thomas.berner","twitter_card":"summary_large_image","twitter_title":"Neue Karte zeigt #COVID-19-Auswirkungen auf den #Gesch\u00e4ftsbetrieb","twitter_description":"Eine neue #Karte stellt f\u00fcr alle L\u00e4nder die #COVID-19-Auswirkungen auf Gesundheit, Sicherheit und Logistik und damit auf den lokalen #Gesch\u00e4ftsbetrieb dar.","twitter_image":"https:\/\/www.organisator.ch\/wp-content\/uploads\/2020\/09\/Neue-Karte-zeigt-COVID-19-Auswirkungen-auf-den-Geschaeftsbetrieb-1_Organisator.jpg","schema":{"@context":"https:\/\/schema.org","@graph":[{"@type":"Article","@id":"https:\/\/www.organisator.ch\/it\/generale\/2020-09-11\/neue-karte-zeigt-covid-19-auswirkungen-auf-den-geschaeftsbetrieb\/#article","isPartOf":{"@id":"https:\/\/www.organisator.ch\/it\/generale\/2020-09-11\/neue-karte-zeigt-covid-19-auswirkungen-auf-den-geschaeftsbetrieb\/"},"author":{"name":"thomas.berner","@id":"https:\/\/www.organisator.ch\/#\/schema\/person\/6f650f90b2842cd4c0cc334b4e36f67e"},"headline":"Neue Karte zeigt COVID-19-Auswirkungen auf den Gesch\u00e4ftsbetrieb","datePublished":"2020-09-11T11:26:10+00:00","mainEntityOfPage":{"@id":"https:\/\/www.organisator.ch\/it\/generale\/2020-09-11\/neue-karte-zeigt-covid-19-auswirkungen-auf-den-geschaeftsbetrieb\/"},"wordCount":568,"publisher":{"@id":"https:\/\/www.organisator.ch\/#organization"},"image":{"@id":"https:\/\/www.organisator.ch\/it\/generale\/2020-09-11\/neue-karte-zeigt-covid-19-auswirkungen-auf-den-geschaeftsbetrieb\/#primaryimage"},"thumbnailUrl":"https:\/\/www.organisator.ch\/wp-content\/uploads\/2020\/09\/Neue-Karte-zeigt-COVID-19-Auswirkungen-auf-den-Geschaeftsbetrieb-1_Organisator.jpg","keywords":["Coronavirus","Management","Produkte","Risikomanagement"],"articleSection":["Allgemein"],"inLanguage":"fr-FR"},{"@type":"WebPage","@id":"https:\/\/www.organisator.ch\/it\/generale\/2020-09-11\/neue-karte-zeigt-covid-19-auswirkungen-auf-den-geschaeftsbetrieb\/","url":"https:\/\/www.organisator.ch\/it\/generale\/2020-09-11\/neue-karte-zeigt-covid-19-auswirkungen-auf-den-geschaeftsbetrieb\/","name":"Une nouvelle carte montre l'impact de COVID-19 sur les activit\u00e9s commerciales - Organisateur","isPartOf":{"@id":"https:\/\/www.organisator.ch\/#website"},"primaryImageOfPage":{"@id":"https:\/\/www.organisator.ch\/it\/generale\/2020-09-11\/neue-karte-zeigt-covid-19-auswirkungen-auf-den-geschaeftsbetrieb\/#primaryimage"},"image":{"@id":"https:\/\/www.organisator.ch\/it\/generale\/2020-09-11\/neue-karte-zeigt-covid-19-auswirkungen-auf-den-geschaeftsbetrieb\/#primaryimage"},"thumbnailUrl":"https:\/\/www.organisator.ch\/wp-content\/uploads\/2020\/09\/Neue-Karte-zeigt-COVID-19-Auswirkungen-auf-den-Geschaeftsbetrieb-1_Organisator.jpg","datePublished":"2020-09-11T11:26:10+00:00","description":"Une nouvelle carte pr\u00e9sente, pour tous les pays, l'impact de COVID-19 sur la sant\u00e9, la s\u00e9curit\u00e9 et la logistique, et donc sur les activit\u00e9s commerciales locales.","breadcrumb":{"@id":"https:\/\/www.organisator.ch\/it\/generale\/2020-09-11\/neue-karte-zeigt-covid-19-auswirkungen-auf-den-geschaeftsbetrieb\/#breadcrumb"},"inLanguage":"fr-FR","potentialAction":[{"@type":"ReadAction","target":["https:\/\/www.organisator.ch\/it\/generale\/2020-09-11\/neue-karte-zeigt-covid-19-auswirkungen-auf-den-geschaeftsbetrieb\/"]}]},{"@type":"ImageObject","inLanguage":"fr-FR","@id":"https:\/\/www.organisator.ch\/it\/generale\/2020-09-11\/neue-karte-zeigt-covid-19-auswirkungen-auf-den-geschaeftsbetrieb\/#primaryimage","url":"https:\/\/www.organisator.ch\/wp-content\/uploads\/2020\/09\/Neue-Karte-zeigt-COVID-19-Auswirkungen-auf-den-Geschaeftsbetrieb-1_Organisator.jpg","contentUrl":"https:\/\/www.organisator.ch\/wp-content\/uploads\/2020\/09\/Neue-Karte-zeigt-COVID-19-Auswirkungen-auf-den-Geschaeftsbetrieb-1_Organisator.jpg","width":680,"height":459,"caption":"Zeigt die COVID-19-Auswirkungen auf den Gesch\u00e4ftsbetrieb in den jeweiligen L\u00e4ndern: Die COVID-19 Impact Map. (Bild: International SOS)"},{"@type":"BreadcrumbList","@id":"https:\/\/www.organisator.ch\/it\/generale\/2020-09-11\/neue-karte-zeigt-covid-19-auswirkungen-auf-den-geschaeftsbetrieb\/#breadcrumb","itemListElement":[{"@type":"ListItem","position":1,"name":"Home","item":"https:\/\/www.organisator.ch\/"},{"@type":"ListItem","position":2,"name":"Neue Karte zeigt COVID-19-Auswirkungen auf den Gesch\u00e4ftsbetrieb"}]},{"@type":"WebSite","@id":"https:\/\/www.organisator.ch\/#website","url":"https:\/\/www.organisator.ch\/","name":"Organisateur","description":"Comp\u00e9tence et comp\u00e9tence. Proches de la pratique. L'ORGANISATEUR pr\u00e9pare 10 num\u00e9ros par an sur les th\u00e8mes essentiels pour les dirigeants de PME.","publisher":{"@id":"https:\/\/www.organisator.ch\/#organization"},"potentialAction":[{"@type":"SearchAction","target":{"@type":"EntryPoint","urlTemplate":"https:\/\/www.organisator.ch\/?s={search_term_string}"},"query-input":{"@type":"PropertyValueSpecification","valueRequired":true,"valueName":"search_term_string"}}],"inLanguage":"fr-FR"},{"@type":"Organization","@id":"https:\/\/www.organisator.ch\/#organization","name":"Organisateur","url":"https:\/\/www.organisator.ch\/","logo":{"@type":"ImageObject","inLanguage":"fr-FR","@id":"https:\/\/www.organisator.ch\/#\/schema\/logo\/image\/","url":"https:\/\/www.organisator.ch\/wp-content\/uploads\/2022\/01\/Logo_Organisator_Website.png","contentUrl":"https:\/\/www.organisator.ch\/wp-content\/uploads\/2022\/01\/Logo_Organisator_Website.png","width":800,"height":77,"caption":"Organisator"},"image":{"@id":"https:\/\/www.organisator.ch\/#\/schema\/logo\/image\/"},"sameAs":["https:\/\/www.facebook.com\/OrganisatorFachmagazin","https:\/\/www.linkedin.com\/showcase\/organisator-das-magazin-fr-kmu","https:\/\/www.xing.com\/news\/pages\/organisator-ch-695","https:\/\/www.youtube.com\/channel\/UCGP2Sq0iWaZwT3BdIAQFYpw"]},{"@type":"Person","@id":"https:\/\/www.organisator.ch\/#\/schema\/person\/6f650f90b2842cd4c0cc334b4e36f67e","name":"thomas.berner","image":{"@type":"ImageObject","inLanguage":"fr-FR","@id":"https:\/\/secure.gravatar.com\/avatar\/ac5001d2a36cb6c6cd3e50789007ffca834b477b74a2144564522e944eabff61?s=96&d=mm&r=g","url":"https:\/\/secure.gravatar.com\/avatar\/ac5001d2a36cb6c6cd3e50789007ffca834b477b74a2144564522e944eabff61?s=96&d=mm&r=g","contentUrl":"https:\/\/secure.gravatar.com\/avatar\/ac5001d2a36cb6c6cd3e50789007ffca834b477b74a2144564522e944eabff61?s=96&d=mm&r=g","caption":"thomas.berner"},"url":"https:\/\/www.organisator.ch\/fr\/author\/thomas-berner\/"}]}},"_links":{"self":[{"href":"https:\/\/www.organisator.ch\/fr\/wp-json\/wp\/v2\/posts\/7117","targetHints":{"allow":["GET"]}}],"collection":[{"href":"https:\/\/www.organisator.ch\/fr\/wp-json\/wp\/v2\/posts"}],"about":[{"href":"https:\/\/www.organisator.ch\/fr\/wp-json\/wp\/v2\/types\/post"}],"author":[{"embeddable":true,"href":"https:\/\/www.organisator.ch\/fr\/wp-json\/wp\/v2\/users\/4"}],"replies":[{"embeddable":true,"href":"https:\/\/www.organisator.ch\/fr\/wp-json\/wp\/v2\/comments?post=7117"}],"version-history":[{"count":0,"href":"https:\/\/www.organisator.ch\/fr\/wp-json\/wp\/v2\/posts\/7117\/revisions"}],"wp:featuredmedia":[{"embeddable":true,"href":"https:\/\/www.organisator.ch\/fr\/wp-json\/wp\/v2\/media\/7118"}],"wp:attachment":[{"href":"https:\/\/www.organisator.ch\/fr\/wp-json\/wp\/v2\/media?parent=7117"}],"wp:term":[{"taxonomy":"category","embeddable":true,"href":"https:\/\/www.organisator.ch\/fr\/wp-json\/wp\/v2\/categories?post=7117"},{"taxonomy":"post_tag","embeddable":true,"href":"https:\/\/www.organisator.ch\/fr\/wp-json\/wp\/v2\/tags?post=7117"}],"curies":[{"name":"wp","href":"https:\/\/api.w.org\/{rel}","templated":true}]}}