{"id":7131,"date":"2020-09-17T08:16:08","date_gmt":"2020-09-17T06:16:08","guid":{"rendered":"https:\/\/www.organisator.ch\/?p=7131"},"modified":"2020-09-17T08:16:08","modified_gmt":"2020-09-17T06:16:08","slug":"rueckblick-expertsuisse-jahrestagung-2020-sicher-in-unsicheren-zeiten","status":"publish","type":"post","link":"https:\/\/www.organisator.ch\/fr\/management\/finanzen_recht\/2020-09-17\/rueckblick-expertsuisse-jahrestagung-2020-sicher-in-unsicheren-zeiten\/","title":{"rendered":"R\u00e9trospective de la conf\u00e9rence annuelle 2020 d'EXPERTsuisse : \"La s\u00e9curit\u00e9 en p\u00e9riode d'incertitude\"."},"content":{"rendered":"<figure id=\"attachment_7132\" aria-describedby=\"caption-attachment-7132\" style=\"width: 680px\" class=\"wp-caption alignnone\"><img loading=\"lazy\" decoding=\"async\" class=\"size-medium wp-image-7132\" src=\"https:\/\/www.organisator.ch\/wp-content\/uploads\/2020\/09\/Rueckblick-EXPERTsuisse-Jahrestagung-2020-Sicher-in-unsicheren-Zeiten_Organisator.jpg\" alt=\"\" width=\"680\" height=\"320\" srcset=\"https:\/\/www.organisator.ch\/wp-content\/uploads\/2020\/09\/Rueckblick-EXPERTsuisse-Jahrestagung-2020-Sicher-in-unsicheren-Zeiten_Organisator.jpg 680w, https:\/\/www.organisator.ch\/wp-content\/uploads\/2020\/09\/Rueckblick-EXPERTsuisse-Jahrestagung-2020-Sicher-in-unsicheren-Zeiten_Organisator-16x8.jpg 16w, https:\/\/www.organisator.ch\/wp-content\/uploads\/2020\/09\/Rueckblick-EXPERTsuisse-Jahrestagung-2020-Sicher-in-unsicheren-Zeiten_Organisator-372x175.jpg 372w, https:\/\/www.organisator.ch\/wp-content\/uploads\/2020\/09\/Rueckblick-EXPERTsuisse-Jahrestagung-2020-Sicher-in-unsicheren-Zeiten_Organisator-300x141.jpg 300w\" sizes=\"auto, (max-width: 680px) 100vw, 680px\" \/><figcaption id=\"caption-attachment-7132\" class=\"wp-caption-text\">Table ronde lors de la conf\u00e9rence annuelle 2020 d'EXPERTsuisse (de g. \u00e0 dr.) : Victor Balli, Monika R\u00fchl, l'animatrice Patrizia Laeri et Martin Nay. (Image : EXPERTsuisse)<\/figcaption><\/figure>\n<p>Le th\u00e8me du congr\u00e8s \"S\u00fbr en temps d'incertitude\" a pris cette ann\u00e9e une toute autre signification. C'est pourquoi le congr\u00e8s annuel 2020 d'EXPERTsuisse a \u00e9t\u00e9 organis\u00e9 pour la premi\u00e8re fois le 15 septembre sous forme de manifestation hybride : Au Kursaal de Berne, 300 invit\u00e9s ont suivi l'\u00e9v\u00e9nement sur place en respectant des mesures de protection strictes, compl\u00e9t\u00e9es par 300 invit\u00e9s, membres d'EXPERTsuisse, politiciens et journalistes, qui ont suivi l'\u00e9v\u00e9nement en ligne.<\/p>\n<h2>Pr\u00e9paration du congr\u00e8s annuel 2020 d'EXPERTsuisse : au lieu du ch\u00f4mage partiel, de longues journ\u00e9es de travail en de nombreux endroits<\/h2>\n<p>Peter Ritter, pr\u00e9sident d'EXPERTsuisse, a accueilli les plus de 600 participants en les remerciant pour l'important surcro\u00eet de travail que les quelque 10 000 experts-comptables et experts fiscaux et fiduciaires de l'association ont fourni dans toute la Suisse au cours des six derniers mois. \"Au lieu d'une r\u00e9duction du temps de travail, de longues journ\u00e9es de travail en de nombreux endroits\" auraient marqu\u00e9 le travail de soutien aux clients. Ainsi, les fiduciaires, les conseillers fiscaux et les auditeurs ont \u00e9t\u00e9 tr\u00e8s fortement sollicit\u00e9s pour soutenir en premi\u00e8re ligne la situation nouvelle et jusqu'ici inconnue pour l'\u00e9conomie suisse. \"Nous sommes tous appel\u00e9s \u00e0 trouver de nouvelles solutions dans des conditions g\u00e9n\u00e9rales modifi\u00e9es\", a d\u00e9clar\u00e9 Peter Ritter. Dans ses commentaires sur l'actualit\u00e9 de la Berne f\u00e9d\u00e9rale, le conseiller aux Etats Erich Ettlin indique qu'EXPERTsuisse s'est impliqu\u00e9e de mani\u00e8re utile dans les discussions politiques sur les nouvelles conditions-cadres pour faire face \u00e0 la crise COVID19.<\/p>\n<h2>Le \"triple A\" de confiance - Audit, Assurance, Advisory<\/h2>\n<p>\"En p\u00e9riode d'incertitude, il s'agit d'offrir \u00e0 nos clients, \u00e0 l'\u00e9conomie et \u00e0 la soci\u00e9t\u00e9 le plus de s\u00e9curit\u00e9 possible\", a \u00e9galement d\u00e9clar\u00e9 Marius Klauser, directeur et CEO d'EXPERTsuisse. Pour cela, les services de confiance des membres d'EXPERTsuisse - Audit, Assurance, Advisory - sont particuli\u00e8rement importants. Ce que l'on appelle le \"triple A\" cr\u00e9e la confiance et la confiance fait bouger les march\u00e9s, les entreprises et les gens. Cela est particuli\u00e8rement pertinent en p\u00e9riode d'incertitude. Avec la campagne www.confidence.swiss, l'association professionnelle souhaite faire conna\u00eetre ces th\u00e8mes \u00e0 un public int\u00e9ress\u00e9 et notamment aux politiciens, journalistes et autres parties prenantes.<\/p>\n<h2>Le facteur de risque humain<\/h2>\n<p>Solange Ghernaouti, professeur et directrice du Swiss Cybersecurity Advisory &amp; Research Group HEC - UNIL et Ivano Somaini, ing\u00e9nieur social et expert en cybers\u00e9curit\u00e9, ont ouvert le bal des expos\u00e9s externes. Ils se sont pench\u00e9s sur la question de savoir quels sont les cyberrisques les plus pertinents pour la pratique des entreprises en Suisse et comment l'\u00e9conomie peut mieux se prot\u00e9ger. Les forces criminelles, parfois tr\u00e8s bien organis\u00e9es, visent un point faible tr\u00e8s concret : l'\u00eatre humain. Un facteur de risque qui constitue \u00e9galement l'une des plus grandes incertitudes dans le travail quotidien des experts-comptables et des experts fiscaux et fiduciaires.<\/p>\n<h2>Une gouvernance globale efficace<\/h2>\n<p>Dans le cadre de la gouvernance globale, la situation en mati\u00e8re de risques doit \u00eatre \u00e9valu\u00e9e de mani\u00e8re ad\u00e9quate et la conformit\u00e9 doit \u00eatre garantie par des mesures appropri\u00e9es. Dans le cadre d'une gouvernance globale efficace, les lignes de d\u00e9fense internes rev\u00eatent une grande importance, avant que les m\u00e9canismes compl\u00e9mentaires tels que les autorit\u00e9s sp\u00e9ciales, les auditeurs et les autorit\u00e9s de surveillance ne puissent apporter leur contribution \u00e0 la gouvernance globale. C'est ce qui est ressorti de la discussion du panel, \u00e0 laquelle ont particip\u00e9 Monika R\u00fchl (pr\u00e9sidente de la direction d'economiesuisse), Victor Balli (membre du conseil d'administration de l'ASR) et Martin Nay (pr\u00e9sident du domaine sp\u00e9cialis\u00e9 Audit d'EXPERTsuisse). Dans ce contexte, la n\u00e9cessit\u00e9 de pr\u00e9ciser le Code suisse de bonne pratique pour le gouvernement d'entreprise a \u00e9galement \u00e9t\u00e9 discut\u00e9e. Un des objectifs de l'entreprise doit \u00eatre la protection des actifs mat\u00e9riels &amp; immat\u00e9riels essentiels. La pratique montre toutefois que le potentiel d'un syst\u00e8me de contr\u00f4le interne (SCI) mis en \u0153uvre par l'entreprise est toujours sous-estim\u00e9.<\/p>\n<h2>Encourager les femmes \u00e0 choisir des m\u00e9tiers passionnants<\/h2>\n<p>Ensuite, Ruth Metzler, ancienne conseill\u00e8re f\u00e9d\u00e9rale, pr\u00e9sidente ou membre de conseils d'administration &amp; de fondation ainsi que marraine du \"R\u00e9seau de femmes EXPERTsuisse\" et Bernadette Koch, experte-comptable dipl\u00f4m\u00e9e, membre de plusieurs conseils d'administration et initiatrice du \"R\u00e9seau de femmes EXPERTsuisse\" ont donn\u00e9 un aper\u00e7u du th\u00e8me important de la promotion de la rel\u00e8ve et des femmes. Il s'agissait surtout de la question de la promotion de la formation des femmes dans les m\u00e9tiers de l'audit, du conseil fiscal et de la fiduciaire, et de la mani\u00e8re d'attirer les bons talents vers ces m\u00e9tiers passionnants et de permettre des carri\u00e8res attrayantes.<\/p>\n<h2>Conclusion de la conf\u00e9rence annuelle 2020 d'EXPERTsuisse : l'homme n'est pas seulement un risque<\/h2>\n<p>En p\u00e9riode d'incertitude, la possibilit\u00e9 de planifier diminue encore et l'importance de l'exp\u00e9rimentation augmente. Gerhard Fehr, CEO de FehrAdvice &amp; Partners, a d\u00e9montr\u00e9 de mani\u00e8re scientifique et pratique comment la formation et le test d'hypoth\u00e8ses dans le contexte de l'entreprise permettent d'acqu\u00e9rir des connaissances et d'apprendre en permanence. Marius Klauser, directeur d'EXPERTsuisse, a conclu en soulignant l'importance des alliances et des coop\u00e9rations dans l'exp\u00e9rimentation en p\u00e9riode d'incertitude et la mani\u00e8re dont EXPERTsuisse s'est positionn\u00e9e et mise en r\u00e9seau \u00e0 cet \u00e9gard - par exemple avec l'alliance denkplatz schweiz, cr\u00e9\u00e9e en 2016, et l'alliance e-tax schweiz, r\u00e9cemment lanc\u00e9e.<\/p>\n<p>En conclusion des diff\u00e9rents expos\u00e9s et tables rondes de la conf\u00e9rence annuelle d'EXPERTsuisse, un consensus se d\u00e9gage : l'\u00eatre humain au centre de tous les \u00e9v\u00e9nements \u00e9conomiques est et restera probablement le plus grand facteur de risque, mais c'est aussi le seul \u00e0 pouvoir satisfaire les besoins de transparence et donc de confiance.<\/p>\n<p><em>Source et informations : <\/em><em><a href=\"https:\/\/mandrillapp.com\/track\/click\/30906935\/www.expertsuisse.ch?p=eyJzIjoiek5TNmdpMGNnbHRGME5iOEt2TldFdUZSWDN3IiwidiI6MSwicCI6IntcInVcIjozMDkwNjkzNSxcInZcIjoxLFwidXJsXCI6XCJodHRwOlxcXC9cXFwvd3d3LmV4cGVydHN1aXNzZS5jaFwiLFwiaWRcIjpcIjUwYTIwMzRiODVhYjRhMjI4YzczY2Y4Nzg2MzQwNmExXCIsXCJ1cmxfaWRzXCI6W1wiMDY1NmM1NmUyNmRlM2IxZjkyY2I4MmQ3ZmNmZWYxMThlNTc1ZDc1MlwiXX0ifQ\">www.expertsuisse.ch<\/a><\/em><\/p>","protected":false},"excerpt":{"rendered":"<p>Das Tagungsmotto \u201cSicher in unsicheren Zeiten\u201d hat in diesem Jahr nochmal eine ganz andere Bedeutung erfahren. Deshalb wurde die EXPERTsuisse Jahrestagung 2020 am 15. September erstmalig als Hybrid- Veranstaltung durchgef\u00fchrt: Im Kursaal in Bern verfolgten 300 G\u00e4ste vor Ort unter Einhaltung strikter Schutzmassnahmen den Anlass, erg\u00e4nzt um 300 G\u00e4ste, Mitglieder von EXPERTsuisse, Politiker und Journalisten, [&hellip;]<\/p>\n","protected":false},"author":4,"featured_media":7132,"comment_status":"closed","ping_status":"closed","sticky":false,"template":"","format":"standard","meta":{"_acf_changed":false,"_yoast_wpseo_focuskw":"EXPERTsuisse Jahrestagung 2020","_yoast_wpseo_metadesc":"An der EXPERTsuisse Jahrestagung 2020 in Bern beleuchtete und diskutierte der Expertenverband die Rolle des Menschen im Governance-System.","articlekey":"","footnotes":""},"categories":[24],"tags":[193,202,418,503],"class_list":["post-7131","post","type-post","status-publish","format-standard","has-post-thumbnail","hentry","category-finanzen_recht","tag-fachkongressfachmesse","tag-finanzenrecht","tag-risikomanagement","tag-verbaende"],"acf":[],"yoast_head":"<!-- This site is optimized with the Yoast SEO plugin v27.4 - https:\/\/yoast.com\/product\/yoast-seo-wordpress\/ -->\n<title>R\u00fcckblick EXPERTsuisse Jahrestagung 2020: \u00abSicher in unsicheren Zeiten\u00bb - Organisator<\/title>\n<meta name=\"description\" content=\"An der EXPERTsuisse Jahrestagung 2020 in Bern beleuchtete und diskutierte der Expertenverband die Rolle des Menschen im Governance-System.\" \/>\n<meta name=\"robots\" content=\"index, follow, max-snippet:-1, max-image-preview:large, max-video-preview:-1\" \/>\n<link rel=\"canonical\" href=\"https:\/\/www.organisator.ch\/fr\/gestion-2\/finanzen_recht\/2020-09-17\/rueckblick-expertsuisse-jahrestagung-2020-sicher-in-unsicheren-zeiten\/\" \/>\n<meta property=\"og:locale\" content=\"fr_FR\" \/>\n<meta property=\"og:type\" content=\"article\" \/>\n<meta property=\"og:title\" content=\"R\u00fcckblick EXPERTsuisse Jahrestagung 2020: \u00abSicher in unsicheren Zeiten\u00bb\" \/>\n<meta property=\"og:description\" content=\"An der EXPERTsuisse Jahrestagung 2020 in Bern beleuchtete und diskutierte der Expertenverband die Rolle des Menschen im Governance-System.\" \/>\n<meta property=\"og:url\" content=\"https:\/\/www.organisator.ch\/fr\/gestion-2\/finanzen_recht\/2020-09-17\/rueckblick-expertsuisse-jahrestagung-2020-sicher-in-unsicheren-zeiten\/\" \/>\n<meta property=\"og:site_name\" content=\"Organisator\" \/>\n<meta property=\"article:publisher\" content=\"https:\/\/www.facebook.com\/OrganisatorFachmagazin\" \/>\n<meta property=\"article:published_time\" content=\"2020-09-17T06:16:08+00:00\" \/>\n<meta property=\"og:image\" content=\"https:\/\/www.organisator.ch\/wp-content\/uploads\/2020\/09\/Rueckblick-EXPERTsuisse-Jahrestagung-2020-Sicher-in-unsicheren-Zeiten_Organisator.jpg\" \/>\n\t<meta property=\"og:image:width\" content=\"680\" \/>\n\t<meta property=\"og:image:height\" content=\"320\" \/>\n\t<meta property=\"og:image:type\" content=\"image\/jpeg\" \/>\n<meta name=\"author\" content=\"thomas.berner\" \/>\n<meta name=\"twitter:card\" content=\"summary_large_image\" \/>\n<meta name=\"twitter:title\" content=\"R\u00fcckblick #EXPERTsuisse Jahrestagung 2020: \u00abSicher in unsicheren Zeiten\u00bb\" \/>\n<meta name=\"twitter:description\" content=\"An der #EXPERTsuisse Jahrestagung 2020 in Bern beleuchtete und diskutierte der Expertenverband die Rolle des Menschen im #Governance-System.\" \/>\n<meta name=\"twitter:image\" content=\"https:\/\/www.organisator.ch\/wp-content\/uploads\/2020\/09\/Rueckblick-EXPERTsuisse-Jahrestagung-2020-Sicher-in-unsicheren-Zeiten_Organisator.jpg\" \/>\n<script type=\"application\/ld+json\" class=\"yoast-schema-graph\">{\"@context\":\"https:\\\/\\\/schema.org\",\"@graph\":[{\"@type\":\"Article\",\"@id\":\"https:\\\/\\\/www.organisator.ch\\\/management\\\/finanzen_recht\\\/2020-09-17\\\/rueckblick-expertsuisse-jahrestagung-2020-sicher-in-unsicheren-zeiten\\\/#article\",\"isPartOf\":{\"@id\":\"https:\\\/\\\/www.organisator.ch\\\/management\\\/finanzen_recht\\\/2020-09-17\\\/rueckblick-expertsuisse-jahrestagung-2020-sicher-in-unsicheren-zeiten\\\/\"},\"author\":{\"name\":\"thomas.berner\",\"@id\":\"https:\\\/\\\/www.organisator.ch\\\/#\\\/schema\\\/person\\\/6f650f90b2842cd4c0cc334b4e36f67e\"},\"headline\":\"R\u00fcckblick EXPERTsuisse Jahrestagung 2020: \u00abSicher in unsicheren Zeiten\u00bb\",\"datePublished\":\"2020-09-17T06:16:08+00:00\",\"mainEntityOfPage\":{\"@id\":\"https:\\\/\\\/www.organisator.ch\\\/management\\\/finanzen_recht\\\/2020-09-17\\\/rueckblick-expertsuisse-jahrestagung-2020-sicher-in-unsicheren-zeiten\\\/\"},\"wordCount\":824,\"publisher\":{\"@id\":\"https:\\\/\\\/www.organisator.ch\\\/#organization\"},\"image\":{\"@id\":\"https:\\\/\\\/www.organisator.ch\\\/management\\\/finanzen_recht\\\/2020-09-17\\\/rueckblick-expertsuisse-jahrestagung-2020-sicher-in-unsicheren-zeiten\\\/#primaryimage\"},\"thumbnailUrl\":\"https:\\\/\\\/www.organisator.ch\\\/wp-content\\\/uploads\\\/2020\\\/09\\\/Rueckblick-EXPERTsuisse-Jahrestagung-2020-Sicher-in-unsicheren-Zeiten_Organisator.jpg\",\"keywords\":[\"Fachkongress\\\/Fachmesse\",\"Finanzen\\\/Recht\",\"Risikomanagement\",\"Verb\u00e4nde\"],\"articleSection\":[\"FINANZEN\\\/RECHT\"],\"inLanguage\":\"fr-FR\"},{\"@type\":\"WebPage\",\"@id\":\"https:\\\/\\\/www.organisator.ch\\\/management\\\/finanzen_recht\\\/2020-09-17\\\/rueckblick-expertsuisse-jahrestagung-2020-sicher-in-unsicheren-zeiten\\\/\",\"url\":\"https:\\\/\\\/www.organisator.ch\\\/management\\\/finanzen_recht\\\/2020-09-17\\\/rueckblick-expertsuisse-jahrestagung-2020-sicher-in-unsicheren-zeiten\\\/\",\"name\":\"R\u00fcckblick EXPERTsuisse Jahrestagung 2020: \u00abSicher in unsicheren Zeiten\u00bb - Organisator\",\"isPartOf\":{\"@id\":\"https:\\\/\\\/www.organisator.ch\\\/#website\"},\"primaryImageOfPage\":{\"@id\":\"https:\\\/\\\/www.organisator.ch\\\/management\\\/finanzen_recht\\\/2020-09-17\\\/rueckblick-expertsuisse-jahrestagung-2020-sicher-in-unsicheren-zeiten\\\/#primaryimage\"},\"image\":{\"@id\":\"https:\\\/\\\/www.organisator.ch\\\/management\\\/finanzen_recht\\\/2020-09-17\\\/rueckblick-expertsuisse-jahrestagung-2020-sicher-in-unsicheren-zeiten\\\/#primaryimage\"},\"thumbnailUrl\":\"https:\\\/\\\/www.organisator.ch\\\/wp-content\\\/uploads\\\/2020\\\/09\\\/Rueckblick-EXPERTsuisse-Jahrestagung-2020-Sicher-in-unsicheren-Zeiten_Organisator.jpg\",\"datePublished\":\"2020-09-17T06:16:08+00:00\",\"description\":\"An der EXPERTsuisse Jahrestagung 2020 in Bern beleuchtete und diskutierte der Expertenverband die Rolle des Menschen im Governance-System.\",\"breadcrumb\":{\"@id\":\"https:\\\/\\\/www.organisator.ch\\\/management\\\/finanzen_recht\\\/2020-09-17\\\/rueckblick-expertsuisse-jahrestagung-2020-sicher-in-unsicheren-zeiten\\\/#breadcrumb\"},\"inLanguage\":\"fr-FR\",\"potentialAction\":[{\"@type\":\"ReadAction\",\"target\":[\"https:\\\/\\\/www.organisator.ch\\\/management\\\/finanzen_recht\\\/2020-09-17\\\/rueckblick-expertsuisse-jahrestagung-2020-sicher-in-unsicheren-zeiten\\\/\"]}]},{\"@type\":\"ImageObject\",\"inLanguage\":\"fr-FR\",\"@id\":\"https:\\\/\\\/www.organisator.ch\\\/management\\\/finanzen_recht\\\/2020-09-17\\\/rueckblick-expertsuisse-jahrestagung-2020-sicher-in-unsicheren-zeiten\\\/#primaryimage\",\"url\":\"https:\\\/\\\/www.organisator.ch\\\/wp-content\\\/uploads\\\/2020\\\/09\\\/Rueckblick-EXPERTsuisse-Jahrestagung-2020-Sicher-in-unsicheren-Zeiten_Organisator.jpg\",\"contentUrl\":\"https:\\\/\\\/www.organisator.ch\\\/wp-content\\\/uploads\\\/2020\\\/09\\\/Rueckblick-EXPERTsuisse-Jahrestagung-2020-Sicher-in-unsicheren-Zeiten_Organisator.jpg\",\"width\":680,\"height\":320,\"caption\":\"Diskussionsrunde an der EXPERTsuisse Jahrestagung 2020: Victor Balli, Monika R\u00fchl, Moderatorin Patrizia Laeri und Martin Nay. (Bild: EXPERTsuisse)\"},{\"@type\":\"BreadcrumbList\",\"@id\":\"https:\\\/\\\/www.organisator.ch\\\/management\\\/finanzen_recht\\\/2020-09-17\\\/rueckblick-expertsuisse-jahrestagung-2020-sicher-in-unsicheren-zeiten\\\/#breadcrumb\",\"itemListElement\":[{\"@type\":\"ListItem\",\"position\":1,\"name\":\"Home\",\"item\":\"https:\\\/\\\/www.organisator.ch\\\/\"},{\"@type\":\"ListItem\",\"position\":2,\"name\":\"R\u00fcckblick EXPERTsuisse Jahrestagung 2020: \u00abSicher in unsicheren Zeiten\u00bb\"}]},{\"@type\":\"WebSite\",\"@id\":\"https:\\\/\\\/www.organisator.ch\\\/#website\",\"url\":\"https:\\\/\\\/www.organisator.ch\\\/\",\"name\":\"Organisator\",\"description\":\"Kompetent. Praxisnah. Der ORGANISATOR bereitet in 10 Ausgaben pro Jahr die wesentlichen Themen f\u00fcr F\u00fchrungskr\u00e4fte von KMU auf.\",\"publisher\":{\"@id\":\"https:\\\/\\\/www.organisator.ch\\\/#organization\"},\"potentialAction\":[{\"@type\":\"SearchAction\",\"target\":{\"@type\":\"EntryPoint\",\"urlTemplate\":\"https:\\\/\\\/www.organisator.ch\\\/?s={search_term_string}\"},\"query-input\":{\"@type\":\"PropertyValueSpecification\",\"valueRequired\":true,\"valueName\":\"search_term_string\"}}],\"inLanguage\":\"fr-FR\"},{\"@type\":\"Organization\",\"@id\":\"https:\\\/\\\/www.organisator.ch\\\/#organization\",\"name\":\"Organisator\",\"url\":\"https:\\\/\\\/www.organisator.ch\\\/\",\"logo\":{\"@type\":\"ImageObject\",\"inLanguage\":\"fr-FR\",\"@id\":\"https:\\\/\\\/www.organisator.ch\\\/#\\\/schema\\\/logo\\\/image\\\/\",\"url\":\"https:\\\/\\\/www.organisator.ch\\\/wp-content\\\/uploads\\\/2022\\\/01\\\/Logo_Organisator_Website.png\",\"contentUrl\":\"https:\\\/\\\/www.organisator.ch\\\/wp-content\\\/uploads\\\/2022\\\/01\\\/Logo_Organisator_Website.png\",\"width\":800,\"height\":77,\"caption\":\"Organisator\"},\"image\":{\"@id\":\"https:\\\/\\\/www.organisator.ch\\\/#\\\/schema\\\/logo\\\/image\\\/\"},\"sameAs\":[\"https:\\\/\\\/www.facebook.com\\\/OrganisatorFachmagazin\",\"https:\\\/\\\/www.linkedin.com\\\/showcase\\\/organisator-das-magazin-fr-kmu\",\"https:\\\/\\\/www.xing.com\\\/news\\\/pages\\\/organisator-ch-695\",\"https:\\\/\\\/www.youtube.com\\\/channel\\\/UCGP2Sq0iWaZwT3BdIAQFYpw\"]},{\"@type\":\"Person\",\"@id\":\"https:\\\/\\\/www.organisator.ch\\\/#\\\/schema\\\/person\\\/6f650f90b2842cd4c0cc334b4e36f67e\",\"name\":\"thomas.berner\",\"image\":{\"@type\":\"ImageObject\",\"inLanguage\":\"fr-FR\",\"@id\":\"https:\\\/\\\/secure.gravatar.com\\\/avatar\\\/ac5001d2a36cb6c6cd3e50789007ffca834b477b74a2144564522e944eabff61?s=96&d=mm&r=g\",\"url\":\"https:\\\/\\\/secure.gravatar.com\\\/avatar\\\/ac5001d2a36cb6c6cd3e50789007ffca834b477b74a2144564522e944eabff61?s=96&d=mm&r=g\",\"contentUrl\":\"https:\\\/\\\/secure.gravatar.com\\\/avatar\\\/ac5001d2a36cb6c6cd3e50789007ffca834b477b74a2144564522e944eabff61?s=96&d=mm&r=g\",\"caption\":\"thomas.berner\"},\"url\":\"https:\\\/\\\/www.organisator.ch\\\/fr\\\/author\\\/thomas-berner\\\/\"}]}<\/script>\n<!-- \/ Yoast SEO plugin. -->","yoast_head_json":{"title":"R\u00e9trospective de la conf\u00e9rence annuelle 2020 d'EXPERTsuisse : \"La s\u00e9curit\u00e9 en p\u00e9riode d'incertitude\" - Organisateur","description":"Lors de la conf\u00e9rence annuelle 2020 d'EXPERTsuisse \u00e0 Berne, l'association d'experts a mis en lumi\u00e8re et discut\u00e9 du r\u00f4le de l'homme dans le syst\u00e8me de gouvernance.","robots":{"index":"index","follow":"follow","max-snippet":"max-snippet:-1","max-image-preview":"max-image-preview:large","max-video-preview":"max-video-preview:-1"},"canonical":"https:\/\/www.organisator.ch\/fr\/gestion-2\/finanzen_recht\/2020-09-17\/rueckblick-expertsuisse-jahrestagung-2020-sicher-in-unsicheren-zeiten\/","og_locale":"fr_FR","og_type":"article","og_title":"R\u00fcckblick EXPERTsuisse Jahrestagung 2020: \u00abSicher in unsicheren Zeiten\u00bb","og_description":"An der EXPERTsuisse Jahrestagung 2020 in Bern beleuchtete und diskutierte der Expertenverband die Rolle des Menschen im Governance-System.","og_url":"https:\/\/www.organisator.ch\/fr\/gestion-2\/finanzen_recht\/2020-09-17\/rueckblick-expertsuisse-jahrestagung-2020-sicher-in-unsicheren-zeiten\/","og_site_name":"Organisator","article_publisher":"https:\/\/www.facebook.com\/OrganisatorFachmagazin","article_published_time":"2020-09-17T06:16:08+00:00","og_image":[{"width":680,"height":320,"url":"https:\/\/www.organisator.ch\/wp-content\/uploads\/2020\/09\/Rueckblick-EXPERTsuisse-Jahrestagung-2020-Sicher-in-unsicheren-Zeiten_Organisator.jpg","type":"image\/jpeg"}],"author":"thomas.berner","twitter_card":"summary_large_image","twitter_title":"R\u00fcckblick #EXPERTsuisse Jahrestagung 2020: \u00abSicher in unsicheren Zeiten\u00bb","twitter_description":"An der #EXPERTsuisse Jahrestagung 2020 in Bern beleuchtete und diskutierte der Expertenverband die Rolle des Menschen im #Governance-System.","twitter_image":"https:\/\/www.organisator.ch\/wp-content\/uploads\/2020\/09\/Rueckblick-EXPERTsuisse-Jahrestagung-2020-Sicher-in-unsicheren-Zeiten_Organisator.jpg","schema":{"@context":"https:\/\/schema.org","@graph":[{"@type":"Article","@id":"https:\/\/www.organisator.ch\/management\/finanzen_recht\/2020-09-17\/rueckblick-expertsuisse-jahrestagung-2020-sicher-in-unsicheren-zeiten\/#article","isPartOf":{"@id":"https:\/\/www.organisator.ch\/management\/finanzen_recht\/2020-09-17\/rueckblick-expertsuisse-jahrestagung-2020-sicher-in-unsicheren-zeiten\/"},"author":{"name":"thomas.berner","@id":"https:\/\/www.organisator.ch\/#\/schema\/person\/6f650f90b2842cd4c0cc334b4e36f67e"},"headline":"R\u00fcckblick EXPERTsuisse Jahrestagung 2020: \u00abSicher in unsicheren Zeiten\u00bb","datePublished":"2020-09-17T06:16:08+00:00","mainEntityOfPage":{"@id":"https:\/\/www.organisator.ch\/management\/finanzen_recht\/2020-09-17\/rueckblick-expertsuisse-jahrestagung-2020-sicher-in-unsicheren-zeiten\/"},"wordCount":824,"publisher":{"@id":"https:\/\/www.organisator.ch\/#organization"},"image":{"@id":"https:\/\/www.organisator.ch\/management\/finanzen_recht\/2020-09-17\/rueckblick-expertsuisse-jahrestagung-2020-sicher-in-unsicheren-zeiten\/#primaryimage"},"thumbnailUrl":"https:\/\/www.organisator.ch\/wp-content\/uploads\/2020\/09\/Rueckblick-EXPERTsuisse-Jahrestagung-2020-Sicher-in-unsicheren-Zeiten_Organisator.jpg","keywords":["Fachkongress\/Fachmesse","Finanzen\/Recht","Risikomanagement","Verb\u00e4nde"],"articleSection":["FINANZEN\/RECHT"],"inLanguage":"fr-FR"},{"@type":"WebPage","@id":"https:\/\/www.organisator.ch\/management\/finanzen_recht\/2020-09-17\/rueckblick-expertsuisse-jahrestagung-2020-sicher-in-unsicheren-zeiten\/","url":"https:\/\/www.organisator.ch\/management\/finanzen_recht\/2020-09-17\/rueckblick-expertsuisse-jahrestagung-2020-sicher-in-unsicheren-zeiten\/","name":"R\u00e9trospective de la conf\u00e9rence annuelle 2020 d'EXPERTsuisse : \"La s\u00e9curit\u00e9 en p\u00e9riode d'incertitude\" - Organisateur","isPartOf":{"@id":"https:\/\/www.organisator.ch\/#website"},"primaryImageOfPage":{"@id":"https:\/\/www.organisator.ch\/management\/finanzen_recht\/2020-09-17\/rueckblick-expertsuisse-jahrestagung-2020-sicher-in-unsicheren-zeiten\/#primaryimage"},"image":{"@id":"https:\/\/www.organisator.ch\/management\/finanzen_recht\/2020-09-17\/rueckblick-expertsuisse-jahrestagung-2020-sicher-in-unsicheren-zeiten\/#primaryimage"},"thumbnailUrl":"https:\/\/www.organisator.ch\/wp-content\/uploads\/2020\/09\/Rueckblick-EXPERTsuisse-Jahrestagung-2020-Sicher-in-unsicheren-Zeiten_Organisator.jpg","datePublished":"2020-09-17T06:16:08+00:00","description":"Lors de la conf\u00e9rence annuelle 2020 d'EXPERTsuisse \u00e0 Berne, l'association d'experts a mis en lumi\u00e8re et discut\u00e9 du r\u00f4le de l'homme dans le syst\u00e8me de gouvernance.","breadcrumb":{"@id":"https:\/\/www.organisator.ch\/management\/finanzen_recht\/2020-09-17\/rueckblick-expertsuisse-jahrestagung-2020-sicher-in-unsicheren-zeiten\/#breadcrumb"},"inLanguage":"fr-FR","potentialAction":[{"@type":"ReadAction","target":["https:\/\/www.organisator.ch\/management\/finanzen_recht\/2020-09-17\/rueckblick-expertsuisse-jahrestagung-2020-sicher-in-unsicheren-zeiten\/"]}]},{"@type":"ImageObject","inLanguage":"fr-FR","@id":"https:\/\/www.organisator.ch\/management\/finanzen_recht\/2020-09-17\/rueckblick-expertsuisse-jahrestagung-2020-sicher-in-unsicheren-zeiten\/#primaryimage","url":"https:\/\/www.organisator.ch\/wp-content\/uploads\/2020\/09\/Rueckblick-EXPERTsuisse-Jahrestagung-2020-Sicher-in-unsicheren-Zeiten_Organisator.jpg","contentUrl":"https:\/\/www.organisator.ch\/wp-content\/uploads\/2020\/09\/Rueckblick-EXPERTsuisse-Jahrestagung-2020-Sicher-in-unsicheren-Zeiten_Organisator.jpg","width":680,"height":320,"caption":"Diskussionsrunde an der EXPERTsuisse Jahrestagung 2020: Victor Balli, Monika R\u00fchl, Moderatorin Patrizia Laeri und Martin Nay. (Bild: EXPERTsuisse)"},{"@type":"BreadcrumbList","@id":"https:\/\/www.organisator.ch\/management\/finanzen_recht\/2020-09-17\/rueckblick-expertsuisse-jahrestagung-2020-sicher-in-unsicheren-zeiten\/#breadcrumb","itemListElement":[{"@type":"ListItem","position":1,"name":"Home","item":"https:\/\/www.organisator.ch\/"},{"@type":"ListItem","position":2,"name":"R\u00fcckblick EXPERTsuisse Jahrestagung 2020: \u00abSicher in unsicheren Zeiten\u00bb"}]},{"@type":"WebSite","@id":"https:\/\/www.organisator.ch\/#website","url":"https:\/\/www.organisator.ch\/","name":"Organisateur","description":"Comp\u00e9tence et comp\u00e9tence. Proches de la pratique. L'ORGANISATEUR pr\u00e9pare 10 num\u00e9ros par an sur les th\u00e8mes essentiels pour les dirigeants de PME.","publisher":{"@id":"https:\/\/www.organisator.ch\/#organization"},"potentialAction":[{"@type":"SearchAction","target":{"@type":"EntryPoint","urlTemplate":"https:\/\/www.organisator.ch\/?s={search_term_string}"},"query-input":{"@type":"PropertyValueSpecification","valueRequired":true,"valueName":"search_term_string"}}],"inLanguage":"fr-FR"},{"@type":"Organization","@id":"https:\/\/www.organisator.ch\/#organization","name":"Organisateur","url":"https:\/\/www.organisator.ch\/","logo":{"@type":"ImageObject","inLanguage":"fr-FR","@id":"https:\/\/www.organisator.ch\/#\/schema\/logo\/image\/","url":"https:\/\/www.organisator.ch\/wp-content\/uploads\/2022\/01\/Logo_Organisator_Website.png","contentUrl":"https:\/\/www.organisator.ch\/wp-content\/uploads\/2022\/01\/Logo_Organisator_Website.png","width":800,"height":77,"caption":"Organisator"},"image":{"@id":"https:\/\/www.organisator.ch\/#\/schema\/logo\/image\/"},"sameAs":["https:\/\/www.facebook.com\/OrganisatorFachmagazin","https:\/\/www.linkedin.com\/showcase\/organisator-das-magazin-fr-kmu","https:\/\/www.xing.com\/news\/pages\/organisator-ch-695","https:\/\/www.youtube.com\/channel\/UCGP2Sq0iWaZwT3BdIAQFYpw"]},{"@type":"Person","@id":"https:\/\/www.organisator.ch\/#\/schema\/person\/6f650f90b2842cd4c0cc334b4e36f67e","name":"thomas.berner","image":{"@type":"ImageObject","inLanguage":"fr-FR","@id":"https:\/\/secure.gravatar.com\/avatar\/ac5001d2a36cb6c6cd3e50789007ffca834b477b74a2144564522e944eabff61?s=96&d=mm&r=g","url":"https:\/\/secure.gravatar.com\/avatar\/ac5001d2a36cb6c6cd3e50789007ffca834b477b74a2144564522e944eabff61?s=96&d=mm&r=g","contentUrl":"https:\/\/secure.gravatar.com\/avatar\/ac5001d2a36cb6c6cd3e50789007ffca834b477b74a2144564522e944eabff61?s=96&d=mm&r=g","caption":"thomas.berner"},"url":"https:\/\/www.organisator.ch\/fr\/author\/thomas-berner\/"}]}},"_links":{"self":[{"href":"https:\/\/www.organisator.ch\/fr\/wp-json\/wp\/v2\/posts\/7131","targetHints":{"allow":["GET"]}}],"collection":[{"href":"https:\/\/www.organisator.ch\/fr\/wp-json\/wp\/v2\/posts"}],"about":[{"href":"https:\/\/www.organisator.ch\/fr\/wp-json\/wp\/v2\/types\/post"}],"author":[{"embeddable":true,"href":"https:\/\/www.organisator.ch\/fr\/wp-json\/wp\/v2\/users\/4"}],"replies":[{"embeddable":true,"href":"https:\/\/www.organisator.ch\/fr\/wp-json\/wp\/v2\/comments?post=7131"}],"version-history":[{"count":0,"href":"https:\/\/www.organisator.ch\/fr\/wp-json\/wp\/v2\/posts\/7131\/revisions"}],"wp:featuredmedia":[{"embeddable":true,"href":"https:\/\/www.organisator.ch\/fr\/wp-json\/wp\/v2\/media\/7132"}],"wp:attachment":[{"href":"https:\/\/www.organisator.ch\/fr\/wp-json\/wp\/v2\/media?parent=7131"}],"wp:term":[{"taxonomy":"category","embeddable":true,"href":"https:\/\/www.organisator.ch\/fr\/wp-json\/wp\/v2\/categories?post=7131"},{"taxonomy":"post_tag","embeddable":true,"href":"https:\/\/www.organisator.ch\/fr\/wp-json\/wp\/v2\/tags?post=7131"}],"curies":[{"name":"wp","href":"https:\/\/api.w.org\/{rel}","templated":true}]}}