{"id":7134,"date":"2020-09-18T09:58:31","date_gmt":"2020-09-18T07:58:31","guid":{"rendered":"https:\/\/www.organisator.ch\/?p=7134"},"modified":"2020-09-18T09:58:31","modified_gmt":"2020-09-18T07:58:31","slug":"sprachliche-vielfalt-als-chance-nutzen","status":"publish","type":"post","link":"https:\/\/www.organisator.ch\/fr\/management\/2020-09-18\/sprachliche-vielfalt-als-chance-nutzen\/","title":{"rendered":"Utiliser la diversit\u00e9 linguistique comme une chance"},"content":{"rendered":"<figure id=\"attachment_7135\" aria-describedby=\"caption-attachment-7135\" style=\"width: 680px\" class=\"wp-caption alignnone\"><img loading=\"lazy\" decoding=\"async\" class=\"size-medium wp-image-7135\" src=\"https:\/\/www.organisator.ch\/wp-content\/uploads\/2020\/09\/Sprachliche-Vielfalt-als-Chance-nutzen_Organisator.jpg\" alt=\"\" width=\"680\" height=\"496\" srcset=\"https:\/\/www.organisator.ch\/wp-content\/uploads\/2020\/09\/Sprachliche-Vielfalt-als-Chance-nutzen_Organisator.jpg 680w, https:\/\/www.organisator.ch\/wp-content\/uploads\/2020\/09\/Sprachliche-Vielfalt-als-Chance-nutzen_Organisator-16x12.jpg 16w, https:\/\/www.organisator.ch\/wp-content\/uploads\/2020\/09\/Sprachliche-Vielfalt-als-Chance-nutzen_Organisator-240x175.jpg 240w, https:\/\/www.organisator.ch\/wp-content\/uploads\/2020\/09\/Sprachliche-Vielfalt-als-Chance-nutzen_Organisator-480x350.jpg 480w, https:\/\/www.organisator.ch\/wp-content\/uploads\/2020\/09\/Sprachliche-Vielfalt-als-Chance-nutzen_Organisator-300x219.jpg 300w\" sizes=\"auto, (max-width: 680px) 100vw, 680px\" \/><figcaption id=\"caption-attachment-7135\" class=\"wp-caption-text\">Table ronde lors du LeaderCircle ASC du 16 septembre 2020 sur la diversit\u00e9 linguistique de la Suisse : le mod\u00e9rateur Stefan Barmettler (tout \u00e0 gauche) en discussion avec Bakel Walden, Corina Casanova, Virginie Borel et Antoinette Hunziker-Ebneter (de g. \u00e0 dr.). (Photo : Thomas Berner)<\/figcaption><\/figure>\n<p>La Suisse fonctionne plus comme une nation d'objectifs que comme une nation de volont\u00e9s : c'est avec cette th\u00e8se souvent cit\u00e9e que le directeur de l'ASC, J\u00fcrg Eggenberger, a introduit la manifestation de fin de journ\u00e9e au SIX Convention Point \u00e0 Zurich. Souvent, les quatre langues nationales sont per\u00e7ues en Suisse comme \u00e9tant plus proches les unes des autres que les unes des autres. Est-ce vraiment le cas ? Et dans quelle mesure la diversit\u00e9 culturelle et linguistique de la Suisse est-elle aussi un th\u00e8me de gestion dans les entreprises ?<\/p>\n<h2><strong>Apprendre les langues pour progresser sur le plan \u00e9conomique<\/strong><\/h2>\n<p>Les quatre invit\u00e9s du d\u00e9bat, interview\u00e9s par Stefan Barmettler, r\u00e9dacteur en chef de la Handelszeitung, ont successivement r\u00e9pondu \u00e0 ces questions. L'ancienne chanceli\u00e8re f\u00e9d\u00e9rale Corina Casanova, qui a grandi en Basse-Engadine o\u00f9 l'on parle le romanche, a notamment racont\u00e9 comment elle a d\u00fb apprendre tr\u00e8s rapidement l'allemand apr\u00e8s avoir appris sa langue maternelle. \"Nous devons apprendre d'autres langues pour progresser sur le plan \u00e9conomique\", a d\u00e9clar\u00e9 Mme Casanova. Elle consid\u00e8re la diversit\u00e9 linguistique et culturelle comme le ciment de notre soci\u00e9t\u00e9 et appelle les cadres \u00e0 se sensibiliser \u00e9galement \u00e0 d'autres langues et \u00e0 \u00eatre ouverts \u00e0 d'autres cultures.<\/p>\n<h2><strong>Mettre en pratique la diversit\u00e9 linguistique<\/strong><\/h2>\n<p>Virginie Borel, directrice du Forum du bilinguisme de Bienne, la seule ville officiellement bilingue de Suisse, a \u00e9galement encourag\u00e9 les cadres \u00e0 mieux conna\u00eetre les comp\u00e9tences linguistiques de leurs collaborateurs. \"Mieux vaut communiquer avec des erreurs dans une langue \u00e9trang\u00e8re que de se taire sans faire de fautes\", a-t-elle lanc\u00e9 au public. La propre comp\u00e9tence linguistique est trop souvent sous-estim\u00e9e.<\/p>\n<p>Un point qu'Antoinette Hunziker-Ebneter, CEO de Forma Futura Invest AG et pr\u00e9sidente du conseil d'administration de la Banque cantonale bernoise BEKB, a \u00e9galement soulign\u00e9. Le bilinguisme (allemand et fran\u00e7ais) y est essentiel. Cela lui fait mal \u00e0 chaque fois que des banquiers de Zurich et des banquiers de Gen\u00e8ve finissent par s'entretenir en anglais, a-t-elle reconnu.<\/p>\n<h2><strong>La SSR, reflet linguistique de la Suisse ? <\/strong><\/h2>\n<p>Enfin, Bakel Walden, directeur du d\u00e9veloppement et de l'offre \u00e0 la SSR, a expliqu\u00e9 comment la radio et la t\u00e9l\u00e9vision suisses assument le mandat de couvrir toutes les langues nationales par des \u00e9missions. La diversit\u00e9 linguistique \u00e0 la SSR devient de plus en plus importante, a d\u00e9clar\u00e9 Walden. Pour ainsi dire, l'ancien slogan de la SSR \"id\u00e9e suisse\" doit \u00eatre pris au pied de la lettre. Avec le projet \"Play Suisse\", une plateforme de streaming qui sera lanc\u00e9e en novembre 2020, on veut parvenir \u00e0 ce qu'il y ait plus d'\u00e9changes entre les r\u00e9gions linguistiques. Ainsi, gr\u00e2ce \u00e0 une technologie num\u00e9rique avanc\u00e9e, des \u00e9missions en langues \u00e9trang\u00e8res pourront y \u00eatre visionn\u00e9es avec des sous-titres.<\/p>\n<h2><strong>Les langues comme \u00e9l\u00e9ment d'int\u00e9gration - et une mission \u00e9ducative<\/strong><\/h2>\n<p>Lors de la table ronde qui a suivi, l'importance de notre multilinguisme a \u00e9t\u00e9 une nouvelle fois soulign\u00e9e. \"Les migrants nous ont montr\u00e9 comment s'adapter rapidement\", a d\u00e9clar\u00e9 Virginie Borel. Les PME pourraient \u00e9galement exploiter bien mieux le potentiel linguistique des migrants, a-t-elle ajout\u00e9. Bakel Walden constate en revanche que la comp\u00e9tence linguistique en anglais est plus \u00e9lev\u00e9e chez la jeune g\u00e9n\u00e9ration que celle dans une autre langue nationale. Peut-\u00eatre faudrait-il prendre davantage de mesures \u00e0 cet \u00e9gard. Une mission pour le syst\u00e8me \u00e9ducatif, comme l'ont montr\u00e9 quelques interventions du public : Pourquoi ne pas renforcer les \u00e9changes d'\u00e9l\u00e8ves et d'enseignants entre les r\u00e9gions linguistiques ?<\/p>\n<p><em>Plus d'informations sur les manifestations ASC : <a href=\"http:\/\/www.sko.ch\">www.sko.ch<\/a><\/em><\/p>","protected":false},"excerpt":{"rendered":"<p>Die Schweiz funktioniere mehr als eine Zweck- denn als eine Willensnation: Mit dieser oft zitierten These f\u00fchrte SKO-Gesch\u00e4ftsf\u00fchrer J\u00fcrg Eggenberger in die Feierabend-Veranstaltung im SIX Convention Point in Z\u00fcrich ein. Oft w\u00fcrden die vier Landessprachen in der Schweiz mehr nebeneinander als miteinander wahrgenommen. Ist dem wirklich so? Und inwieweit ist die kulturelle und sprachliche Vielfalt [&hellip;]<\/p>\n","protected":false},"author":4,"featured_media":7135,"comment_status":"closed","ping_status":"closed","sticky":false,"template":"","format":"standard","meta":{"_acf_changed":false,"_yoast_wpseo_focuskw":"sprachliche Vielfalt","_yoast_wpseo_metadesc":"Nach einer corona-bedingten Pause fand am 16. September 2020 erstmals wieder ein SKO LeaderCircle statt. Thema: Die sprachliche Vielfalt in der Schweiz.","articlekey":"","footnotes":""},"categories":[28],"tags":[193,335,503,508],"class_list":["post-7134","post","type-post","status-publish","format-standard","has-post-thumbnail","hentry","category-management","tag-fachkongressfachmesse","tag-management-und-unternehmensfuehrung","tag-verbaende","tag-vermischtes"],"acf":[],"yoast_head":"<!-- This site is optimized with the Yoast SEO plugin v27.5 - https:\/\/yoast.com\/product\/yoast-seo-wordpress\/ -->\n<title>Sprachliche Vielfalt als Chance nutzen - Organisator<\/title>\n<meta name=\"description\" content=\"Nach einer corona-bedingten Pause fand am 16. September 2020 erstmals wieder ein SKO LeaderCircle statt. Thema: Die sprachliche Vielfalt in der Schweiz.\" \/>\n<meta name=\"robots\" content=\"index, follow, max-snippet:-1, max-image-preview:large, max-video-preview:-1\" \/>\n<link rel=\"canonical\" href=\"https:\/\/www.organisator.ch\/fr\/gestion-2\/2020-09-18\/sprachliche-vielfalt-als-chance-nutzen\/\" \/>\n<meta property=\"og:locale\" content=\"fr_FR\" \/>\n<meta property=\"og:type\" content=\"article\" \/>\n<meta property=\"og:title\" content=\"Sprachliche Vielfalt als Chance nutzen\" \/>\n<meta property=\"og:description\" content=\"Nach einer corona-bedingten Pause fand am 16. September 2020 erstmals wieder ein SKO LeaderCircle statt. Thema: Die sprachliche Vielfalt in der Schweiz.\" \/>\n<meta property=\"og:url\" content=\"https:\/\/www.organisator.ch\/fr\/gestion-2\/2020-09-18\/sprachliche-vielfalt-als-chance-nutzen\/\" \/>\n<meta property=\"og:site_name\" content=\"Organisator\" \/>\n<meta property=\"article:publisher\" content=\"https:\/\/www.facebook.com\/OrganisatorFachmagazin\" \/>\n<meta property=\"article:published_time\" content=\"2020-09-18T07:58:31+00:00\" \/>\n<meta property=\"og:image\" content=\"https:\/\/www.organisator.ch\/wp-content\/uploads\/2020\/09\/Sprachliche-Vielfalt-als-Chance-nutzen_Organisator.jpg\" \/>\n\t<meta property=\"og:image:width\" content=\"680\" \/>\n\t<meta property=\"og:image:height\" content=\"496\" \/>\n\t<meta property=\"og:image:type\" content=\"image\/jpeg\" \/>\n<meta name=\"author\" content=\"thomas.berner\" \/>\n<meta name=\"twitter:card\" content=\"summary_large_image\" \/>\n<meta name=\"twitter:title\" content=\"Sprachliche Vielfalt als #Chance nutzen\" \/>\n<meta name=\"twitter:description\" content=\"Nach einer corona-bedingten Pause fand am 16. September 2020 erstmals wieder ein #SKO #LeaderCircle statt. Thema: Die sprachliche Vielfalt in der Schweiz.\" \/>\n<meta name=\"twitter:image\" content=\"https:\/\/www.organisator.ch\/wp-content\/uploads\/2020\/09\/Sprachliche-Vielfalt-als-Chance-nutzen_Organisator.jpg\" \/>\n<script type=\"application\/ld+json\" class=\"yoast-schema-graph\">{\"@context\":\"https:\\\/\\\/schema.org\",\"@graph\":[{\"@type\":\"Article\",\"@id\":\"https:\\\/\\\/www.organisator.ch\\\/management\\\/2020-09-18\\\/sprachliche-vielfalt-als-chance-nutzen\\\/#article\",\"isPartOf\":{\"@id\":\"https:\\\/\\\/www.organisator.ch\\\/management\\\/2020-09-18\\\/sprachliche-vielfalt-als-chance-nutzen\\\/\"},\"author\":{\"name\":\"thomas.berner\",\"@id\":\"https:\\\/\\\/www.organisator.ch\\\/#\\\/schema\\\/person\\\/6f650f90b2842cd4c0cc334b4e36f67e\"},\"headline\":\"Sprachliche Vielfalt als Chance nutzen\",\"datePublished\":\"2020-09-18T07:58:31+00:00\",\"mainEntityOfPage\":{\"@id\":\"https:\\\/\\\/www.organisator.ch\\\/management\\\/2020-09-18\\\/sprachliche-vielfalt-als-chance-nutzen\\\/\"},\"wordCount\":528,\"publisher\":{\"@id\":\"https:\\\/\\\/www.organisator.ch\\\/#organization\"},\"image\":{\"@id\":\"https:\\\/\\\/www.organisator.ch\\\/management\\\/2020-09-18\\\/sprachliche-vielfalt-als-chance-nutzen\\\/#primaryimage\"},\"thumbnailUrl\":\"https:\\\/\\\/www.organisator.ch\\\/wp-content\\\/uploads\\\/2020\\\/09\\\/Sprachliche-Vielfalt-als-Chance-nutzen_Organisator.jpg\",\"keywords\":[\"Fachkongress\\\/Fachmesse\",\"Management und Unternehmensf\u00fchrung\",\"Verb\u00e4nde\",\"Vermischtes\"],\"articleSection\":[\"MANAGEMENT\"],\"inLanguage\":\"fr-FR\"},{\"@type\":\"WebPage\",\"@id\":\"https:\\\/\\\/www.organisator.ch\\\/management\\\/2020-09-18\\\/sprachliche-vielfalt-als-chance-nutzen\\\/\",\"url\":\"https:\\\/\\\/www.organisator.ch\\\/management\\\/2020-09-18\\\/sprachliche-vielfalt-als-chance-nutzen\\\/\",\"name\":\"Sprachliche Vielfalt als Chance nutzen - Organisator\",\"isPartOf\":{\"@id\":\"https:\\\/\\\/www.organisator.ch\\\/#website\"},\"primaryImageOfPage\":{\"@id\":\"https:\\\/\\\/www.organisator.ch\\\/management\\\/2020-09-18\\\/sprachliche-vielfalt-als-chance-nutzen\\\/#primaryimage\"},\"image\":{\"@id\":\"https:\\\/\\\/www.organisator.ch\\\/management\\\/2020-09-18\\\/sprachliche-vielfalt-als-chance-nutzen\\\/#primaryimage\"},\"thumbnailUrl\":\"https:\\\/\\\/www.organisator.ch\\\/wp-content\\\/uploads\\\/2020\\\/09\\\/Sprachliche-Vielfalt-als-Chance-nutzen_Organisator.jpg\",\"datePublished\":\"2020-09-18T07:58:31+00:00\",\"description\":\"Nach einer corona-bedingten Pause fand am 16. September 2020 erstmals wieder ein SKO LeaderCircle statt. Thema: Die sprachliche Vielfalt in der Schweiz.\",\"breadcrumb\":{\"@id\":\"https:\\\/\\\/www.organisator.ch\\\/management\\\/2020-09-18\\\/sprachliche-vielfalt-als-chance-nutzen\\\/#breadcrumb\"},\"inLanguage\":\"fr-FR\",\"potentialAction\":[{\"@type\":\"ReadAction\",\"target\":[\"https:\\\/\\\/www.organisator.ch\\\/management\\\/2020-09-18\\\/sprachliche-vielfalt-als-chance-nutzen\\\/\"]}]},{\"@type\":\"ImageObject\",\"inLanguage\":\"fr-FR\",\"@id\":\"https:\\\/\\\/www.organisator.ch\\\/management\\\/2020-09-18\\\/sprachliche-vielfalt-als-chance-nutzen\\\/#primaryimage\",\"url\":\"https:\\\/\\\/www.organisator.ch\\\/wp-content\\\/uploads\\\/2020\\\/09\\\/Sprachliche-Vielfalt-als-Chance-nutzen_Organisator.jpg\",\"contentUrl\":\"https:\\\/\\\/www.organisator.ch\\\/wp-content\\\/uploads\\\/2020\\\/09\\\/Sprachliche-Vielfalt-als-Chance-nutzen_Organisator.jpg\",\"width\":680,\"height\":496,\"caption\":\"Podiumsdiskussion am SKO LeaderCircle vom 16. September 2020 \u00fcber die sprachliche Vielfalt der Schweiz: Moderator Stefan Barmettler (ganz links) im Gespr\u00e4ch mit Corina Casanova, Bakel Walden, Virginie Borel und Antoinette Hunziker-Ebneter. (Bild: Thomas Berner)\"},{\"@type\":\"BreadcrumbList\",\"@id\":\"https:\\\/\\\/www.organisator.ch\\\/management\\\/2020-09-18\\\/sprachliche-vielfalt-als-chance-nutzen\\\/#breadcrumb\",\"itemListElement\":[{\"@type\":\"ListItem\",\"position\":1,\"name\":\"Home\",\"item\":\"https:\\\/\\\/www.organisator.ch\\\/\"},{\"@type\":\"ListItem\",\"position\":2,\"name\":\"Sprachliche Vielfalt als Chance nutzen\"}]},{\"@type\":\"WebSite\",\"@id\":\"https:\\\/\\\/www.organisator.ch\\\/#website\",\"url\":\"https:\\\/\\\/www.organisator.ch\\\/\",\"name\":\"Organisator\",\"description\":\"Kompetent. Praxisnah. Der ORGANISATOR bereitet in 10 Ausgaben pro Jahr die wesentlichen Themen f\u00fcr F\u00fchrungskr\u00e4fte von KMU auf.\",\"publisher\":{\"@id\":\"https:\\\/\\\/www.organisator.ch\\\/#organization\"},\"potentialAction\":[{\"@type\":\"SearchAction\",\"target\":{\"@type\":\"EntryPoint\",\"urlTemplate\":\"https:\\\/\\\/www.organisator.ch\\\/?s={search_term_string}\"},\"query-input\":{\"@type\":\"PropertyValueSpecification\",\"valueRequired\":true,\"valueName\":\"search_term_string\"}}],\"inLanguage\":\"fr-FR\"},{\"@type\":\"Organization\",\"@id\":\"https:\\\/\\\/www.organisator.ch\\\/#organization\",\"name\":\"Organisator\",\"url\":\"https:\\\/\\\/www.organisator.ch\\\/\",\"logo\":{\"@type\":\"ImageObject\",\"inLanguage\":\"fr-FR\",\"@id\":\"https:\\\/\\\/www.organisator.ch\\\/#\\\/schema\\\/logo\\\/image\\\/\",\"url\":\"https:\\\/\\\/www.organisator.ch\\\/wp-content\\\/uploads\\\/2022\\\/01\\\/Logo_Organisator_Website.png\",\"contentUrl\":\"https:\\\/\\\/www.organisator.ch\\\/wp-content\\\/uploads\\\/2022\\\/01\\\/Logo_Organisator_Website.png\",\"width\":800,\"height\":77,\"caption\":\"Organisator\"},\"image\":{\"@id\":\"https:\\\/\\\/www.organisator.ch\\\/#\\\/schema\\\/logo\\\/image\\\/\"},\"sameAs\":[\"https:\\\/\\\/www.facebook.com\\\/OrganisatorFachmagazin\",\"https:\\\/\\\/www.linkedin.com\\\/showcase\\\/organisator-das-magazin-fr-kmu\",\"https:\\\/\\\/www.xing.com\\\/news\\\/pages\\\/organisator-ch-695\",\"https:\\\/\\\/www.youtube.com\\\/channel\\\/UCGP2Sq0iWaZwT3BdIAQFYpw\"]},{\"@type\":\"Person\",\"@id\":\"https:\\\/\\\/www.organisator.ch\\\/#\\\/schema\\\/person\\\/6f650f90b2842cd4c0cc334b4e36f67e\",\"name\":\"thomas.berner\",\"image\":{\"@type\":\"ImageObject\",\"inLanguage\":\"fr-FR\",\"@id\":\"https:\\\/\\\/secure.gravatar.com\\\/avatar\\\/ac5001d2a36cb6c6cd3e50789007ffca834b477b74a2144564522e944eabff61?s=96&d=mm&r=g\",\"url\":\"https:\\\/\\\/secure.gravatar.com\\\/avatar\\\/ac5001d2a36cb6c6cd3e50789007ffca834b477b74a2144564522e944eabff61?s=96&d=mm&r=g\",\"contentUrl\":\"https:\\\/\\\/secure.gravatar.com\\\/avatar\\\/ac5001d2a36cb6c6cd3e50789007ffca834b477b74a2144564522e944eabff61?s=96&d=mm&r=g\",\"caption\":\"thomas.berner\"},\"url\":\"https:\\\/\\\/www.organisator.ch\\\/fr\\\/author\\\/thomas-berner\\\/\"}]}<\/script>\n<!-- \/ Yoast SEO plugin. -->","yoast_head_json":{"title":"Utiliser la diversit\u00e9 linguistique comme une opportunit\u00e9 - Organisateur","description":"Apr\u00e8s une pause due \u00e0 corona, un LeaderCircle ASC a eu lieu pour la premi\u00e8re fois le 16 septembre 2020. Th\u00e8me : la diversit\u00e9 linguistique en Suisse.","robots":{"index":"index","follow":"follow","max-snippet":"max-snippet:-1","max-image-preview":"max-image-preview:large","max-video-preview":"max-video-preview:-1"},"canonical":"https:\/\/www.organisator.ch\/fr\/gestion-2\/2020-09-18\/sprachliche-vielfalt-als-chance-nutzen\/","og_locale":"fr_FR","og_type":"article","og_title":"Sprachliche Vielfalt als Chance nutzen","og_description":"Nach einer corona-bedingten Pause fand am 16. September 2020 erstmals wieder ein SKO LeaderCircle statt. Thema: Die sprachliche Vielfalt in der Schweiz.","og_url":"https:\/\/www.organisator.ch\/fr\/gestion-2\/2020-09-18\/sprachliche-vielfalt-als-chance-nutzen\/","og_site_name":"Organisator","article_publisher":"https:\/\/www.facebook.com\/OrganisatorFachmagazin","article_published_time":"2020-09-18T07:58:31+00:00","og_image":[{"width":680,"height":496,"url":"https:\/\/www.organisator.ch\/wp-content\/uploads\/2020\/09\/Sprachliche-Vielfalt-als-Chance-nutzen_Organisator.jpg","type":"image\/jpeg"}],"author":"thomas.berner","twitter_card":"summary_large_image","twitter_title":"Sprachliche Vielfalt als #Chance nutzen","twitter_description":"Nach einer corona-bedingten Pause fand am 16. September 2020 erstmals wieder ein #SKO #LeaderCircle statt. Thema: Die sprachliche Vielfalt in der Schweiz.","twitter_image":"https:\/\/www.organisator.ch\/wp-content\/uploads\/2020\/09\/Sprachliche-Vielfalt-als-Chance-nutzen_Organisator.jpg","schema":{"@context":"https:\/\/schema.org","@graph":[{"@type":"Article","@id":"https:\/\/www.organisator.ch\/management\/2020-09-18\/sprachliche-vielfalt-als-chance-nutzen\/#article","isPartOf":{"@id":"https:\/\/www.organisator.ch\/management\/2020-09-18\/sprachliche-vielfalt-als-chance-nutzen\/"},"author":{"name":"thomas.berner","@id":"https:\/\/www.organisator.ch\/#\/schema\/person\/6f650f90b2842cd4c0cc334b4e36f67e"},"headline":"Sprachliche Vielfalt als Chance nutzen","datePublished":"2020-09-18T07:58:31+00:00","mainEntityOfPage":{"@id":"https:\/\/www.organisator.ch\/management\/2020-09-18\/sprachliche-vielfalt-als-chance-nutzen\/"},"wordCount":528,"publisher":{"@id":"https:\/\/www.organisator.ch\/#organization"},"image":{"@id":"https:\/\/www.organisator.ch\/management\/2020-09-18\/sprachliche-vielfalt-als-chance-nutzen\/#primaryimage"},"thumbnailUrl":"https:\/\/www.organisator.ch\/wp-content\/uploads\/2020\/09\/Sprachliche-Vielfalt-als-Chance-nutzen_Organisator.jpg","keywords":["Fachkongress\/Fachmesse","Management und Unternehmensf\u00fchrung","Verb\u00e4nde","Vermischtes"],"articleSection":["MANAGEMENT"],"inLanguage":"fr-FR"},{"@type":"WebPage","@id":"https:\/\/www.organisator.ch\/management\/2020-09-18\/sprachliche-vielfalt-als-chance-nutzen\/","url":"https:\/\/www.organisator.ch\/management\/2020-09-18\/sprachliche-vielfalt-als-chance-nutzen\/","name":"Utiliser la diversit\u00e9 linguistique comme une opportunit\u00e9 - Organisateur","isPartOf":{"@id":"https:\/\/www.organisator.ch\/#website"},"primaryImageOfPage":{"@id":"https:\/\/www.organisator.ch\/management\/2020-09-18\/sprachliche-vielfalt-als-chance-nutzen\/#primaryimage"},"image":{"@id":"https:\/\/www.organisator.ch\/management\/2020-09-18\/sprachliche-vielfalt-als-chance-nutzen\/#primaryimage"},"thumbnailUrl":"https:\/\/www.organisator.ch\/wp-content\/uploads\/2020\/09\/Sprachliche-Vielfalt-als-Chance-nutzen_Organisator.jpg","datePublished":"2020-09-18T07:58:31+00:00","description":"Apr\u00e8s une pause due \u00e0 corona, un LeaderCircle ASC a eu lieu pour la premi\u00e8re fois le 16 septembre 2020. Th\u00e8me : la diversit\u00e9 linguistique en Suisse.","breadcrumb":{"@id":"https:\/\/www.organisator.ch\/management\/2020-09-18\/sprachliche-vielfalt-als-chance-nutzen\/#breadcrumb"},"inLanguage":"fr-FR","potentialAction":[{"@type":"ReadAction","target":["https:\/\/www.organisator.ch\/management\/2020-09-18\/sprachliche-vielfalt-als-chance-nutzen\/"]}]},{"@type":"ImageObject","inLanguage":"fr-FR","@id":"https:\/\/www.organisator.ch\/management\/2020-09-18\/sprachliche-vielfalt-als-chance-nutzen\/#primaryimage","url":"https:\/\/www.organisator.ch\/wp-content\/uploads\/2020\/09\/Sprachliche-Vielfalt-als-Chance-nutzen_Organisator.jpg","contentUrl":"https:\/\/www.organisator.ch\/wp-content\/uploads\/2020\/09\/Sprachliche-Vielfalt-als-Chance-nutzen_Organisator.jpg","width":680,"height":496,"caption":"Podiumsdiskussion am SKO LeaderCircle vom 16. September 2020 \u00fcber die sprachliche Vielfalt der Schweiz: Moderator Stefan Barmettler (ganz links) im Gespr\u00e4ch mit Corina Casanova, Bakel Walden, Virginie Borel und Antoinette Hunziker-Ebneter. (Bild: Thomas Berner)"},{"@type":"BreadcrumbList","@id":"https:\/\/www.organisator.ch\/management\/2020-09-18\/sprachliche-vielfalt-als-chance-nutzen\/#breadcrumb","itemListElement":[{"@type":"ListItem","position":1,"name":"Home","item":"https:\/\/www.organisator.ch\/"},{"@type":"ListItem","position":2,"name":"Sprachliche Vielfalt als Chance nutzen"}]},{"@type":"WebSite","@id":"https:\/\/www.organisator.ch\/#website","url":"https:\/\/www.organisator.ch\/","name":"Organisateur","description":"Comp\u00e9tence et comp\u00e9tence. Proches de la pratique. L'ORGANISATEUR pr\u00e9pare 10 num\u00e9ros par an sur les th\u00e8mes essentiels pour les dirigeants de PME.","publisher":{"@id":"https:\/\/www.organisator.ch\/#organization"},"potentialAction":[{"@type":"SearchAction","target":{"@type":"EntryPoint","urlTemplate":"https:\/\/www.organisator.ch\/?s={search_term_string}"},"query-input":{"@type":"PropertyValueSpecification","valueRequired":true,"valueName":"search_term_string"}}],"inLanguage":"fr-FR"},{"@type":"Organization","@id":"https:\/\/www.organisator.ch\/#organization","name":"Organisateur","url":"https:\/\/www.organisator.ch\/","logo":{"@type":"ImageObject","inLanguage":"fr-FR","@id":"https:\/\/www.organisator.ch\/#\/schema\/logo\/image\/","url":"https:\/\/www.organisator.ch\/wp-content\/uploads\/2022\/01\/Logo_Organisator_Website.png","contentUrl":"https:\/\/www.organisator.ch\/wp-content\/uploads\/2022\/01\/Logo_Organisator_Website.png","width":800,"height":77,"caption":"Organisator"},"image":{"@id":"https:\/\/www.organisator.ch\/#\/schema\/logo\/image\/"},"sameAs":["https:\/\/www.facebook.com\/OrganisatorFachmagazin","https:\/\/www.linkedin.com\/showcase\/organisator-das-magazin-fr-kmu","https:\/\/www.xing.com\/news\/pages\/organisator-ch-695","https:\/\/www.youtube.com\/channel\/UCGP2Sq0iWaZwT3BdIAQFYpw"]},{"@type":"Person","@id":"https:\/\/www.organisator.ch\/#\/schema\/person\/6f650f90b2842cd4c0cc334b4e36f67e","name":"thomas.berner","image":{"@type":"ImageObject","inLanguage":"fr-FR","@id":"https:\/\/secure.gravatar.com\/avatar\/ac5001d2a36cb6c6cd3e50789007ffca834b477b74a2144564522e944eabff61?s=96&d=mm&r=g","url":"https:\/\/secure.gravatar.com\/avatar\/ac5001d2a36cb6c6cd3e50789007ffca834b477b74a2144564522e944eabff61?s=96&d=mm&r=g","contentUrl":"https:\/\/secure.gravatar.com\/avatar\/ac5001d2a36cb6c6cd3e50789007ffca834b477b74a2144564522e944eabff61?s=96&d=mm&r=g","caption":"thomas.berner"},"url":"https:\/\/www.organisator.ch\/fr\/author\/thomas-berner\/"}]}},"_links":{"self":[{"href":"https:\/\/www.organisator.ch\/fr\/wp-json\/wp\/v2\/posts\/7134","targetHints":{"allow":["GET"]}}],"collection":[{"href":"https:\/\/www.organisator.ch\/fr\/wp-json\/wp\/v2\/posts"}],"about":[{"href":"https:\/\/www.organisator.ch\/fr\/wp-json\/wp\/v2\/types\/post"}],"author":[{"embeddable":true,"href":"https:\/\/www.organisator.ch\/fr\/wp-json\/wp\/v2\/users\/4"}],"replies":[{"embeddable":true,"href":"https:\/\/www.organisator.ch\/fr\/wp-json\/wp\/v2\/comments?post=7134"}],"version-history":[{"count":0,"href":"https:\/\/www.organisator.ch\/fr\/wp-json\/wp\/v2\/posts\/7134\/revisions"}],"wp:featuredmedia":[{"embeddable":true,"href":"https:\/\/www.organisator.ch\/fr\/wp-json\/wp\/v2\/media\/7135"}],"wp:attachment":[{"href":"https:\/\/www.organisator.ch\/fr\/wp-json\/wp\/v2\/media?parent=7134"}],"wp:term":[{"taxonomy":"category","embeddable":true,"href":"https:\/\/www.organisator.ch\/fr\/wp-json\/wp\/v2\/categories?post=7134"},{"taxonomy":"post_tag","embeddable":true,"href":"https:\/\/www.organisator.ch\/fr\/wp-json\/wp\/v2\/tags?post=7134"}],"curies":[{"name":"wp","href":"https:\/\/api.w.org\/{rel}","templated":true}]}}