{"id":7143,"date":"2020-09-22T10:19:29","date_gmt":"2020-09-22T08:19:29","guid":{"rendered":"https:\/\/www.organisator.ch\/?p=7143"},"modified":"2020-09-22T10:19:29","modified_gmt":"2020-09-22T08:19:29","slug":"der-schweizer-franchise-verband-wird-zu-swiss-distribution","status":"publish","type":"post","link":"https:\/\/www.organisator.ch\/fr\/marketing\/2020-09-22\/der-schweizer-franchise-verband-wird-zu-swiss-distribution\/","title":{"rendered":"La F\u00e9d\u00e9ration Suisse de la Franchise devient swiss distribution"},"content":{"rendered":"<figure id=\"attachment_7144\" aria-describedby=\"caption-attachment-7144\" style=\"width: 680px\" class=\"wp-caption alignnone\"><img loading=\"lazy\" decoding=\"async\" class=\"size-medium wp-image-7144\" src=\"https:\/\/www.organisator.ch\/wp-content\/uploads\/2020\/09\/Der-Schweizer-Franchise-Verband-wird-zu-swiss-distribution_Organisator.jpg\" alt=\"\" width=\"680\" height=\"423\" srcset=\"https:\/\/www.organisator.ch\/wp-content\/uploads\/2020\/09\/Der-Schweizer-Franchise-Verband-wird-zu-swiss-distribution_Organisator.jpg 680w, https:\/\/www.organisator.ch\/wp-content\/uploads\/2020\/09\/Der-Schweizer-Franchise-Verband-wird-zu-swiss-distribution_Organisator-16x10.jpg 16w, https:\/\/www.organisator.ch\/wp-content\/uploads\/2020\/09\/Der-Schweizer-Franchise-Verband-wird-zu-swiss-distribution_Organisator-281x175.jpg 281w, https:\/\/www.organisator.ch\/wp-content\/uploads\/2020\/09\/Der-Schweizer-Franchise-Verband-wird-zu-swiss-distribution_Organisator-563x350.jpg 563w, https:\/\/www.organisator.ch\/wp-content\/uploads\/2020\/09\/Der-Schweizer-Franchise-Verband-wird-zu-swiss-distribution_Organisator-300x187.jpg 300w\" sizes=\"auto, (max-width: 680px) 100vw, 680px\" \/><figcaption id=\"caption-attachment-7144\" class=\"wp-caption-text\">La F\u00e9d\u00e9ration Suisse de la Franchise devient swiss distribution. Rainer J\u00f6hl, CEO de RE\/MAX, en devient le pr\u00e9sident. (Image : zVg \/ swiss distribution)<\/figcaption><\/figure>\n<p>Les derni\u00e8res ann\u00e9es ont montr\u00e9 que de plus en plus d'entreprises ne se limitent plus \u00e0 une seule strat\u00e9gie de distribution, mais qu'elles ont recours \u00e0 d'autres formes de distribution int\u00e9gr\u00e9e que la franchise afin de se d\u00e9velopper durablement. Les raisons de l'adoption de l'un ou l'autre syst\u00e8me de distribution peuvent \u00eatre multiples : soit le donneur de syst\u00e8me veut accorder plus de droits et de libert\u00e9s au partenaire de distribution, soit il ne veut justement pas le faire.<\/p>\n<p>Une ouverture du contenu de la f\u00e9d\u00e9ration au-del\u00e0 du franchisage s'est av\u00e9r\u00e9e \u00e9vidente, car les mod\u00e8les de distribution int\u00e9gr\u00e9s ont des domaines th\u00e9matiques similaires. Sous le nouveau nom de swiss distribution, la F\u00e9d\u00e9ration Suisse de la Franchise veut s'attaquer \u00e0 ce probl\u00e8me et promouvoir la discussion sur les syst\u00e8mes de distribution int\u00e9gr\u00e9s.<\/p>\n<h2>Planifier correctement<\/h2>\n<p>Le choix de la bonne strat\u00e9gie de distribution est une question d'avenir pour toute entreprise qui souhaite positionner sa marque avec succ\u00e8s et conqu\u00e9rir son propre march\u00e9 de mani\u00e8re cibl\u00e9e. Pour ce faire, il est recommand\u00e9 de pr\u00e9parer soigneusement la strat\u00e9gie de distribution et de proc\u00e9der \u00e0 des analyses sans pr\u00e9jug\u00e9s. Ce qui est d\u00e9terminant, c'est ce que pr\u00e9voit l'activit\u00e9 commerciale et non pas le syst\u00e8me qui sonne le mieux. swiss distribution doit ici \u00eatre un point de contact pour les entrepreneurs, les managers de la distribution et d'autres personnes et institutions int\u00e9ress\u00e9es et les inspirer. swiss distribution veut en outre contribuer \u00e0 la formation des futurs managers de la distribution et travaille de mani\u00e8re cibl\u00e9e avec des institutions de formation correspondantes.<\/p>\n<h2>Soutien aux PME<\/h2>\n<p>Se mettre \u00e0 son compte avec une marque connue a son propre attrait. Swiss Distribution souhaite montrer qu'il est possible de gagner de l'argent en tant que distributeur d'une marque connue, sans avoir \u00e0 r\u00e9fl\u00e9chir soi-m\u00eame au concept et au positionnement de la marque. swiss distribution a pour objectif de renforcer l'esprit d'entreprise. A ce propos, Rainer J\u00f6hl, nouveau pr\u00e9sident de swiss distribution, et CEO de RE\/MAX Switzerland : \"L'association soutient les PME dans l'optimisation de leur organisation de distribution\".<\/p>\n<h2>Que fait la nouvelle F\u00e9d\u00e9ration de la franchise ?<\/h2>\n<p>swiss distribution encourage la discussion entre ses membres sur toutes les questions relatives \u00e0 la distribution int\u00e9gr\u00e9e et s'engage, en collaboration avec des centres de formation, pour la formation et le perfectionnement des experts en distribution. Des th\u00e8mes tels que la durabilit\u00e9 dans la gestion d'entreprise sont \u00e9galement \u00e0 l'ordre du jour de swiss distribution.<\/p>\n<p>Outre l'\u00e9quipe d\u00e9j\u00e0 \u00e9prouv\u00e9e de McDonald's Suisse, repr\u00e9sent\u00e9e par Thomas Mosimann, et de RE\/MAX Switzerland, repr\u00e9sent\u00e9e par Rainer J\u00f6hl, le comit\u00e9 directeur de l'association s'enrichit de nouveaux membres : Coca-Cola HBC Suisse SA, repr\u00e9sent\u00e9e par Martin Kathriner, L\u00e4derach (Schweiz) AG, repr\u00e9sent\u00e9e par Marco Heyn, et Valora Suisse SA, repr\u00e9sent\u00e9e par Pierre-Andr\u00e9 Konzelmann. La pr\u00e9sidence est assur\u00e9e par Rainer J\u00f6hl, CEO de RE\/MAX Switzerland. La direction est assur\u00e9e par le Dr Christoph Wildhaber et, d\u00e9sormais, par Melanie K\u00e4ser, en collaboration avec Barbara Kehl.<\/p>\n<p><em>informations : <a href=\"http:\/\/www.swissdistribution.org\">www.swissdistribution.org<\/a><\/em><\/p>","protected":false},"excerpt":{"rendered":"<p>Die letzten Jahre haben aufgezeigt, dass sich Firmen vermehrt nicht mehr nur auf eine Vertriebsstrategie alleine festlegen, sondern sich durchaus neben Franchising auch anderer Formen des integrierten Vertriebs bedienen, um nachhaltig zu wachsen.\u00a0Die Gr\u00fcnde f\u00fcr das eine oder andere Vertriebssystem k\u00f6nnen vielschichtig sein: Entweder will man als Systemgeber dem Vertriebspartner mehr Rechte und Freiheiten einr\u00e4umen, [&hellip;]<\/p>\n","protected":false},"author":4,"featured_media":7144,"comment_status":"closed","ping_status":"closed","sticky":false,"template":"","format":"standard","meta":{"_acf_changed":false,"_yoast_wpseo_focuskw":"Franchise Verband","_yoast_wpseo_metadesc":"Der Schweizer Franchise Verband positioniert sich neu als swiss distribution \u2013 licensing franchising agency und will Vertriebsthemen vertiefen.","articlekey":"","footnotes":""},"categories":[29],"tags":[222,339,492,503],"class_list":["post-7143","post","type-post","status-publish","format-standard","has-post-thumbnail","hentry","category-marketing","tag-franchising","tag-marketing","tag-unternehmen","tag-verbaende"],"acf":[],"yoast_head":"<!-- This site is optimized with the Yoast SEO plugin v27.4 - https:\/\/yoast.com\/product\/yoast-seo-wordpress\/ -->\n<title>Der Schweizer Franchise Verband wird zu swiss distribution - Organisator<\/title>\n<meta name=\"description\" content=\"Der Schweizer Franchise Verband positioniert sich neu als swiss distribution \u2013 licensing franchising agency und will Vertriebsthemen vertiefen.\" \/>\n<meta name=\"robots\" content=\"index, follow, max-snippet:-1, max-image-preview:large, max-video-preview:-1\" \/>\n<link rel=\"canonical\" href=\"https:\/\/www.organisator.ch\/fr\/marketing\/2020-09-22\/der-schweizer-franchise-verband-wird-zu-swiss-distribution\/\" \/>\n<meta property=\"og:locale\" content=\"fr_FR\" \/>\n<meta property=\"og:type\" content=\"article\" \/>\n<meta property=\"og:title\" content=\"Der Schweizer Franchise Verband wird zu swiss distribution\" \/>\n<meta property=\"og:description\" content=\"Der Schweizer Franchise Verband positioniert sich neu als swiss distribution \u2013 licensing franchising agency und will Vertriebsthemen vertiefen.\" \/>\n<meta property=\"og:url\" content=\"https:\/\/www.organisator.ch\/fr\/marketing\/2020-09-22\/der-schweizer-franchise-verband-wird-zu-swiss-distribution\/\" \/>\n<meta property=\"og:site_name\" content=\"Organisator\" \/>\n<meta property=\"article:publisher\" content=\"https:\/\/www.facebook.com\/OrganisatorFachmagazin\" \/>\n<meta property=\"article:published_time\" content=\"2020-09-22T08:19:29+00:00\" \/>\n<meta property=\"og:image\" content=\"https:\/\/www.organisator.ch\/wp-content\/uploads\/2020\/09\/Der-Schweizer-Franchise-Verband-wird-zu-swiss-distribution_Organisator.jpg\" \/>\n\t<meta property=\"og:image:width\" content=\"680\" \/>\n\t<meta property=\"og:image:height\" content=\"423\" \/>\n\t<meta property=\"og:image:type\" content=\"image\/jpeg\" \/>\n<meta name=\"author\" content=\"thomas.berner\" \/>\n<meta name=\"twitter:card\" content=\"summary_large_image\" \/>\n<meta name=\"twitter:title\" content=\"Der Schweizer #Franchise Verband wird zu swiss #distribution\" \/>\n<meta name=\"twitter:description\" content=\"Der Schweizer #Franchise Verband positioniert sich neu als swiss #distribution \u2013 licensing franchising agency und will #Vertriebsthemen vertiefen.\" \/>\n<meta name=\"twitter:image\" content=\"https:\/\/www.organisator.ch\/wp-content\/uploads\/2020\/09\/Der-Schweizer-Franchise-Verband-wird-zu-swiss-distribution_Organisator.jpg\" \/>\n<script type=\"application\/ld+json\" class=\"yoast-schema-graph\">{\"@context\":\"https:\\\/\\\/schema.org\",\"@graph\":[{\"@type\":\"Article\",\"@id\":\"https:\\\/\\\/www.organisator.ch\\\/marketing\\\/2020-09-22\\\/der-schweizer-franchise-verband-wird-zu-swiss-distribution\\\/#article\",\"isPartOf\":{\"@id\":\"https:\\\/\\\/www.organisator.ch\\\/marketing\\\/2020-09-22\\\/der-schweizer-franchise-verband-wird-zu-swiss-distribution\\\/\"},\"author\":{\"name\":\"thomas.berner\",\"@id\":\"https:\\\/\\\/www.organisator.ch\\\/#\\\/schema\\\/person\\\/6f650f90b2842cd4c0cc334b4e36f67e\"},\"headline\":\"Der Schweizer Franchise Verband wird zu swiss distribution\",\"datePublished\":\"2020-09-22T08:19:29+00:00\",\"mainEntityOfPage\":{\"@id\":\"https:\\\/\\\/www.organisator.ch\\\/marketing\\\/2020-09-22\\\/der-schweizer-franchise-verband-wird-zu-swiss-distribution\\\/\"},\"wordCount\":464,\"publisher\":{\"@id\":\"https:\\\/\\\/www.organisator.ch\\\/#organization\"},\"image\":{\"@id\":\"https:\\\/\\\/www.organisator.ch\\\/marketing\\\/2020-09-22\\\/der-schweizer-franchise-verband-wird-zu-swiss-distribution\\\/#primaryimage\"},\"thumbnailUrl\":\"https:\\\/\\\/www.organisator.ch\\\/wp-content\\\/uploads\\\/2020\\\/09\\\/Der-Schweizer-Franchise-Verband-wird-zu-swiss-distribution_Organisator.jpg\",\"keywords\":[\"Franchising\",\"Marketing\",\"Unternehmen\",\"Verb\u00e4nde\"],\"articleSection\":[\"MARKETING\"],\"inLanguage\":\"fr-FR\"},{\"@type\":\"WebPage\",\"@id\":\"https:\\\/\\\/www.organisator.ch\\\/marketing\\\/2020-09-22\\\/der-schweizer-franchise-verband-wird-zu-swiss-distribution\\\/\",\"url\":\"https:\\\/\\\/www.organisator.ch\\\/marketing\\\/2020-09-22\\\/der-schweizer-franchise-verband-wird-zu-swiss-distribution\\\/\",\"name\":\"Der Schweizer Franchise Verband wird zu swiss distribution - Organisator\",\"isPartOf\":{\"@id\":\"https:\\\/\\\/www.organisator.ch\\\/#website\"},\"primaryImageOfPage\":{\"@id\":\"https:\\\/\\\/www.organisator.ch\\\/marketing\\\/2020-09-22\\\/der-schweizer-franchise-verband-wird-zu-swiss-distribution\\\/#primaryimage\"},\"image\":{\"@id\":\"https:\\\/\\\/www.organisator.ch\\\/marketing\\\/2020-09-22\\\/der-schweizer-franchise-verband-wird-zu-swiss-distribution\\\/#primaryimage\"},\"thumbnailUrl\":\"https:\\\/\\\/www.organisator.ch\\\/wp-content\\\/uploads\\\/2020\\\/09\\\/Der-Schweizer-Franchise-Verband-wird-zu-swiss-distribution_Organisator.jpg\",\"datePublished\":\"2020-09-22T08:19:29+00:00\",\"description\":\"Der Schweizer Franchise Verband positioniert sich neu als swiss distribution \u2013 licensing franchising agency und will Vertriebsthemen vertiefen.\",\"breadcrumb\":{\"@id\":\"https:\\\/\\\/www.organisator.ch\\\/marketing\\\/2020-09-22\\\/der-schweizer-franchise-verband-wird-zu-swiss-distribution\\\/#breadcrumb\"},\"inLanguage\":\"fr-FR\",\"potentialAction\":[{\"@type\":\"ReadAction\",\"target\":[\"https:\\\/\\\/www.organisator.ch\\\/marketing\\\/2020-09-22\\\/der-schweizer-franchise-verband-wird-zu-swiss-distribution\\\/\"]}]},{\"@type\":\"ImageObject\",\"inLanguage\":\"fr-FR\",\"@id\":\"https:\\\/\\\/www.organisator.ch\\\/marketing\\\/2020-09-22\\\/der-schweizer-franchise-verband-wird-zu-swiss-distribution\\\/#primaryimage\",\"url\":\"https:\\\/\\\/www.organisator.ch\\\/wp-content\\\/uploads\\\/2020\\\/09\\\/Der-Schweizer-Franchise-Verband-wird-zu-swiss-distribution_Organisator.jpg\",\"contentUrl\":\"https:\\\/\\\/www.organisator.ch\\\/wp-content\\\/uploads\\\/2020\\\/09\\\/Der-Schweizer-Franchise-Verband-wird-zu-swiss-distribution_Organisator.jpg\",\"width\":680,\"height\":423,\"caption\":\"Aus dem Schweizer Franchise Verband wird swiss distribution. Rainer J\u00f6hl, CEO von RE\\\/MAX, wird Pr\u00e4sident. (Bild: zVg \\\/ swiss distribution)\"},{\"@type\":\"BreadcrumbList\",\"@id\":\"https:\\\/\\\/www.organisator.ch\\\/marketing\\\/2020-09-22\\\/der-schweizer-franchise-verband-wird-zu-swiss-distribution\\\/#breadcrumb\",\"itemListElement\":[{\"@type\":\"ListItem\",\"position\":1,\"name\":\"Home\",\"item\":\"https:\\\/\\\/www.organisator.ch\\\/\"},{\"@type\":\"ListItem\",\"position\":2,\"name\":\"Der Schweizer Franchise Verband wird zu swiss distribution\"}]},{\"@type\":\"WebSite\",\"@id\":\"https:\\\/\\\/www.organisator.ch\\\/#website\",\"url\":\"https:\\\/\\\/www.organisator.ch\\\/\",\"name\":\"Organisator\",\"description\":\"Kompetent. Praxisnah. Der ORGANISATOR bereitet in 10 Ausgaben pro Jahr die wesentlichen Themen f\u00fcr F\u00fchrungskr\u00e4fte von KMU auf.\",\"publisher\":{\"@id\":\"https:\\\/\\\/www.organisator.ch\\\/#organization\"},\"potentialAction\":[{\"@type\":\"SearchAction\",\"target\":{\"@type\":\"EntryPoint\",\"urlTemplate\":\"https:\\\/\\\/www.organisator.ch\\\/?s={search_term_string}\"},\"query-input\":{\"@type\":\"PropertyValueSpecification\",\"valueRequired\":true,\"valueName\":\"search_term_string\"}}],\"inLanguage\":\"fr-FR\"},{\"@type\":\"Organization\",\"@id\":\"https:\\\/\\\/www.organisator.ch\\\/#organization\",\"name\":\"Organisator\",\"url\":\"https:\\\/\\\/www.organisator.ch\\\/\",\"logo\":{\"@type\":\"ImageObject\",\"inLanguage\":\"fr-FR\",\"@id\":\"https:\\\/\\\/www.organisator.ch\\\/#\\\/schema\\\/logo\\\/image\\\/\",\"url\":\"https:\\\/\\\/www.organisator.ch\\\/wp-content\\\/uploads\\\/2022\\\/01\\\/Logo_Organisator_Website.png\",\"contentUrl\":\"https:\\\/\\\/www.organisator.ch\\\/wp-content\\\/uploads\\\/2022\\\/01\\\/Logo_Organisator_Website.png\",\"width\":800,\"height\":77,\"caption\":\"Organisator\"},\"image\":{\"@id\":\"https:\\\/\\\/www.organisator.ch\\\/#\\\/schema\\\/logo\\\/image\\\/\"},\"sameAs\":[\"https:\\\/\\\/www.facebook.com\\\/OrganisatorFachmagazin\",\"https:\\\/\\\/www.linkedin.com\\\/showcase\\\/organisator-das-magazin-fr-kmu\",\"https:\\\/\\\/www.xing.com\\\/news\\\/pages\\\/organisator-ch-695\",\"https:\\\/\\\/www.youtube.com\\\/channel\\\/UCGP2Sq0iWaZwT3BdIAQFYpw\"]},{\"@type\":\"Person\",\"@id\":\"https:\\\/\\\/www.organisator.ch\\\/#\\\/schema\\\/person\\\/6f650f90b2842cd4c0cc334b4e36f67e\",\"name\":\"thomas.berner\",\"image\":{\"@type\":\"ImageObject\",\"inLanguage\":\"fr-FR\",\"@id\":\"https:\\\/\\\/secure.gravatar.com\\\/avatar\\\/ac5001d2a36cb6c6cd3e50789007ffca834b477b74a2144564522e944eabff61?s=96&d=mm&r=g\",\"url\":\"https:\\\/\\\/secure.gravatar.com\\\/avatar\\\/ac5001d2a36cb6c6cd3e50789007ffca834b477b74a2144564522e944eabff61?s=96&d=mm&r=g\",\"contentUrl\":\"https:\\\/\\\/secure.gravatar.com\\\/avatar\\\/ac5001d2a36cb6c6cd3e50789007ffca834b477b74a2144564522e944eabff61?s=96&d=mm&r=g\",\"caption\":\"thomas.berner\"},\"url\":\"https:\\\/\\\/www.organisator.ch\\\/fr\\\/author\\\/thomas-berner\\\/\"}]}<\/script>\n<!-- \/ Yoast SEO plugin. -->","yoast_head_json":{"title":"La F\u00e9d\u00e9ration Suisse de la Franchise devient swiss distribution - Organisateur","description":"La F\u00e9d\u00e9ration Suisse de la Franchise se repositionne en tant que swiss distribution - licensing franchising agency et veut approfondir les th\u00e8mes de la distribution.","robots":{"index":"index","follow":"follow","max-snippet":"max-snippet:-1","max-image-preview":"max-image-preview:large","max-video-preview":"max-video-preview:-1"},"canonical":"https:\/\/www.organisator.ch\/fr\/marketing\/2020-09-22\/der-schweizer-franchise-verband-wird-zu-swiss-distribution\/","og_locale":"fr_FR","og_type":"article","og_title":"Der Schweizer Franchise Verband wird zu swiss distribution","og_description":"Der Schweizer Franchise Verband positioniert sich neu als swiss distribution \u2013 licensing franchising agency und will Vertriebsthemen vertiefen.","og_url":"https:\/\/www.organisator.ch\/fr\/marketing\/2020-09-22\/der-schweizer-franchise-verband-wird-zu-swiss-distribution\/","og_site_name":"Organisator","article_publisher":"https:\/\/www.facebook.com\/OrganisatorFachmagazin","article_published_time":"2020-09-22T08:19:29+00:00","og_image":[{"width":680,"height":423,"url":"https:\/\/www.organisator.ch\/wp-content\/uploads\/2020\/09\/Der-Schweizer-Franchise-Verband-wird-zu-swiss-distribution_Organisator.jpg","type":"image\/jpeg"}],"author":"thomas.berner","twitter_card":"summary_large_image","twitter_title":"Der Schweizer #Franchise Verband wird zu swiss #distribution","twitter_description":"Der Schweizer #Franchise Verband positioniert sich neu als swiss #distribution \u2013 licensing franchising agency und will #Vertriebsthemen vertiefen.","twitter_image":"https:\/\/www.organisator.ch\/wp-content\/uploads\/2020\/09\/Der-Schweizer-Franchise-Verband-wird-zu-swiss-distribution_Organisator.jpg","schema":{"@context":"https:\/\/schema.org","@graph":[{"@type":"Article","@id":"https:\/\/www.organisator.ch\/marketing\/2020-09-22\/der-schweizer-franchise-verband-wird-zu-swiss-distribution\/#article","isPartOf":{"@id":"https:\/\/www.organisator.ch\/marketing\/2020-09-22\/der-schweizer-franchise-verband-wird-zu-swiss-distribution\/"},"author":{"name":"thomas.berner","@id":"https:\/\/www.organisator.ch\/#\/schema\/person\/6f650f90b2842cd4c0cc334b4e36f67e"},"headline":"Der Schweizer Franchise Verband wird zu swiss distribution","datePublished":"2020-09-22T08:19:29+00:00","mainEntityOfPage":{"@id":"https:\/\/www.organisator.ch\/marketing\/2020-09-22\/der-schweizer-franchise-verband-wird-zu-swiss-distribution\/"},"wordCount":464,"publisher":{"@id":"https:\/\/www.organisator.ch\/#organization"},"image":{"@id":"https:\/\/www.organisator.ch\/marketing\/2020-09-22\/der-schweizer-franchise-verband-wird-zu-swiss-distribution\/#primaryimage"},"thumbnailUrl":"https:\/\/www.organisator.ch\/wp-content\/uploads\/2020\/09\/Der-Schweizer-Franchise-Verband-wird-zu-swiss-distribution_Organisator.jpg","keywords":["Franchising","Marketing","Unternehmen","Verb\u00e4nde"],"articleSection":["MARKETING"],"inLanguage":"fr-FR"},{"@type":"WebPage","@id":"https:\/\/www.organisator.ch\/marketing\/2020-09-22\/der-schweizer-franchise-verband-wird-zu-swiss-distribution\/","url":"https:\/\/www.organisator.ch\/marketing\/2020-09-22\/der-schweizer-franchise-verband-wird-zu-swiss-distribution\/","name":"La F\u00e9d\u00e9ration Suisse de la Franchise devient swiss distribution - Organisateur","isPartOf":{"@id":"https:\/\/www.organisator.ch\/#website"},"primaryImageOfPage":{"@id":"https:\/\/www.organisator.ch\/marketing\/2020-09-22\/der-schweizer-franchise-verband-wird-zu-swiss-distribution\/#primaryimage"},"image":{"@id":"https:\/\/www.organisator.ch\/marketing\/2020-09-22\/der-schweizer-franchise-verband-wird-zu-swiss-distribution\/#primaryimage"},"thumbnailUrl":"https:\/\/www.organisator.ch\/wp-content\/uploads\/2020\/09\/Der-Schweizer-Franchise-Verband-wird-zu-swiss-distribution_Organisator.jpg","datePublished":"2020-09-22T08:19:29+00:00","description":"La F\u00e9d\u00e9ration Suisse de la Franchise se repositionne en tant que swiss distribution - licensing franchising agency et veut approfondir les th\u00e8mes de la distribution.","breadcrumb":{"@id":"https:\/\/www.organisator.ch\/marketing\/2020-09-22\/der-schweizer-franchise-verband-wird-zu-swiss-distribution\/#breadcrumb"},"inLanguage":"fr-FR","potentialAction":[{"@type":"ReadAction","target":["https:\/\/www.organisator.ch\/marketing\/2020-09-22\/der-schweizer-franchise-verband-wird-zu-swiss-distribution\/"]}]},{"@type":"ImageObject","inLanguage":"fr-FR","@id":"https:\/\/www.organisator.ch\/marketing\/2020-09-22\/der-schweizer-franchise-verband-wird-zu-swiss-distribution\/#primaryimage","url":"https:\/\/www.organisator.ch\/wp-content\/uploads\/2020\/09\/Der-Schweizer-Franchise-Verband-wird-zu-swiss-distribution_Organisator.jpg","contentUrl":"https:\/\/www.organisator.ch\/wp-content\/uploads\/2020\/09\/Der-Schweizer-Franchise-Verband-wird-zu-swiss-distribution_Organisator.jpg","width":680,"height":423,"caption":"Aus dem Schweizer Franchise Verband wird swiss distribution. Rainer J\u00f6hl, CEO von RE\/MAX, wird Pr\u00e4sident. (Bild: zVg \/ swiss distribution)"},{"@type":"BreadcrumbList","@id":"https:\/\/www.organisator.ch\/marketing\/2020-09-22\/der-schweizer-franchise-verband-wird-zu-swiss-distribution\/#breadcrumb","itemListElement":[{"@type":"ListItem","position":1,"name":"Home","item":"https:\/\/www.organisator.ch\/"},{"@type":"ListItem","position":2,"name":"Der Schweizer Franchise Verband wird zu swiss distribution"}]},{"@type":"WebSite","@id":"https:\/\/www.organisator.ch\/#website","url":"https:\/\/www.organisator.ch\/","name":"Organisateur","description":"Comp\u00e9tence et comp\u00e9tence. Proches de la pratique. L'ORGANISATEUR pr\u00e9pare 10 num\u00e9ros par an sur les th\u00e8mes essentiels pour les dirigeants de PME.","publisher":{"@id":"https:\/\/www.organisator.ch\/#organization"},"potentialAction":[{"@type":"SearchAction","target":{"@type":"EntryPoint","urlTemplate":"https:\/\/www.organisator.ch\/?s={search_term_string}"},"query-input":{"@type":"PropertyValueSpecification","valueRequired":true,"valueName":"search_term_string"}}],"inLanguage":"fr-FR"},{"@type":"Organization","@id":"https:\/\/www.organisator.ch\/#organization","name":"Organisateur","url":"https:\/\/www.organisator.ch\/","logo":{"@type":"ImageObject","inLanguage":"fr-FR","@id":"https:\/\/www.organisator.ch\/#\/schema\/logo\/image\/","url":"https:\/\/www.organisator.ch\/wp-content\/uploads\/2022\/01\/Logo_Organisator_Website.png","contentUrl":"https:\/\/www.organisator.ch\/wp-content\/uploads\/2022\/01\/Logo_Organisator_Website.png","width":800,"height":77,"caption":"Organisator"},"image":{"@id":"https:\/\/www.organisator.ch\/#\/schema\/logo\/image\/"},"sameAs":["https:\/\/www.facebook.com\/OrganisatorFachmagazin","https:\/\/www.linkedin.com\/showcase\/organisator-das-magazin-fr-kmu","https:\/\/www.xing.com\/news\/pages\/organisator-ch-695","https:\/\/www.youtube.com\/channel\/UCGP2Sq0iWaZwT3BdIAQFYpw"]},{"@type":"Person","@id":"https:\/\/www.organisator.ch\/#\/schema\/person\/6f650f90b2842cd4c0cc334b4e36f67e","name":"thomas.berner","image":{"@type":"ImageObject","inLanguage":"fr-FR","@id":"https:\/\/secure.gravatar.com\/avatar\/ac5001d2a36cb6c6cd3e50789007ffca834b477b74a2144564522e944eabff61?s=96&d=mm&r=g","url":"https:\/\/secure.gravatar.com\/avatar\/ac5001d2a36cb6c6cd3e50789007ffca834b477b74a2144564522e944eabff61?s=96&d=mm&r=g","contentUrl":"https:\/\/secure.gravatar.com\/avatar\/ac5001d2a36cb6c6cd3e50789007ffca834b477b74a2144564522e944eabff61?s=96&d=mm&r=g","caption":"thomas.berner"},"url":"https:\/\/www.organisator.ch\/fr\/author\/thomas-berner\/"}]}},"_links":{"self":[{"href":"https:\/\/www.organisator.ch\/fr\/wp-json\/wp\/v2\/posts\/7143","targetHints":{"allow":["GET"]}}],"collection":[{"href":"https:\/\/www.organisator.ch\/fr\/wp-json\/wp\/v2\/posts"}],"about":[{"href":"https:\/\/www.organisator.ch\/fr\/wp-json\/wp\/v2\/types\/post"}],"author":[{"embeddable":true,"href":"https:\/\/www.organisator.ch\/fr\/wp-json\/wp\/v2\/users\/4"}],"replies":[{"embeddable":true,"href":"https:\/\/www.organisator.ch\/fr\/wp-json\/wp\/v2\/comments?post=7143"}],"version-history":[{"count":0,"href":"https:\/\/www.organisator.ch\/fr\/wp-json\/wp\/v2\/posts\/7143\/revisions"}],"wp:featuredmedia":[{"embeddable":true,"href":"https:\/\/www.organisator.ch\/fr\/wp-json\/wp\/v2\/media\/7144"}],"wp:attachment":[{"href":"https:\/\/www.organisator.ch\/fr\/wp-json\/wp\/v2\/media?parent=7143"}],"wp:term":[{"taxonomy":"category","embeddable":true,"href":"https:\/\/www.organisator.ch\/fr\/wp-json\/wp\/v2\/categories?post=7143"},{"taxonomy":"post_tag","embeddable":true,"href":"https:\/\/www.organisator.ch\/fr\/wp-json\/wp\/v2\/tags?post=7143"}],"curies":[{"name":"wp","href":"https:\/\/api.w.org\/{rel}","templated":true}]}}