{"id":7154,"date":"2020-09-24T08:00:56","date_gmt":"2020-09-24T06:00:56","guid":{"rendered":"https:\/\/www.organisator.ch\/?p=7154"},"modified":"2020-09-24T08:00:56","modified_gmt":"2020-09-24T06:00:56","slug":"erfolgs-impuls-sind-sie-mutig-genug","status":"publish","type":"post","link":"https:\/\/www.organisator.ch\/fr\/management\/2020-09-24\/erfolgs-impuls-sind-sie-mutig-genug\/","title":{"rendered":"Impulsion du succ\u00e8s : \u00eates-vous assez courageux ?"},"content":{"rendered":"<figure id=\"attachment_7156\" aria-describedby=\"caption-attachment-7156\" style=\"width: 680px\" class=\"wp-caption alignnone\"><img loading=\"lazy\" decoding=\"async\" class=\"size-medium wp-image-7156\" src=\"https:\/\/www.organisator.ch\/wp-content\/uploads\/2020\/09\/Erfolgs-Impuls-Sind-Sie-mutig-genug_Organisator.jpg\" alt=\"\" width=\"680\" height=\"481\" srcset=\"https:\/\/www.organisator.ch\/wp-content\/uploads\/2020\/09\/Erfolgs-Impuls-Sind-Sie-mutig-genug_Organisator.jpg 680w, https:\/\/www.organisator.ch\/wp-content\/uploads\/2020\/09\/Erfolgs-Impuls-Sind-Sie-mutig-genug_Organisator-16x12.jpg 16w, https:\/\/www.organisator.ch\/wp-content\/uploads\/2020\/09\/Erfolgs-Impuls-Sind-Sie-mutig-genug_Organisator-247x175.jpg 247w, https:\/\/www.organisator.ch\/wp-content\/uploads\/2020\/09\/Erfolgs-Impuls-Sind-Sie-mutig-genug_Organisator-495x350.jpg 495w, https:\/\/www.organisator.ch\/wp-content\/uploads\/2020\/09\/Erfolgs-Impuls-Sind-Sie-mutig-genug_Organisator-300x212.jpg 300w\" sizes=\"auto, (max-width: 680px) 100vw, 680px\" \/><figcaption id=\"caption-attachment-7156\" class=\"wp-caption-text\">S'aventurer courageusement vers de nouveaux horizons : De temps en temps, il faut un coup de pouce... (Image : Pixabay.com)<\/figcaption><\/figure>\n<p>Winston Churchill a dit un jour : \"Le courage est consid\u00e9r\u00e9 \u00e0 juste titre comme la plus importante de toutes les qualit\u00e9s humaines... car c'est cette qualit\u00e9 qui garantit toutes les autres\". Sauf que, malheureusement, les qualit\u00e9s les plus importantes ne sont pas forc\u00e9ment les plus r\u00e9pandues. Et certainement pas le courage.<\/p>\n<h2>Diriger avec courage<\/h2>\n<p>Savez-vous ce qui me manque le plus dans les sph\u00e8res dirigeantes de nombreuses entreprises ? Le courage de voir grand, de s'attaquer aux objectifs les plus ambitieux, d'imposer des d\u00e9cisions importantes et de donner l'exemple d'une direction courageuse.<\/p>\n<p>Il y a une \u00e9norme diff\u00e9rence entre les gens qui restent dans leur zone de confort et ceux qui pensent et agissent \u00e0 une \u00e9chelle beaucoup plus grande. Ce n'est que lorsque la distance entre une vision et la situation actuelle est aussi grande que possible que l'on obtient quelque chose de vraiment grand.<\/p>\n<p>Cela demande du courage. Car une croissance de 3% se sent plus s\u00fbre que si nous voulions doubler le business en trois ans. Il est plus facile de maintenir notre \u00e9quipe dans la moyenne que de cr\u00e9er une \u00e9quipe de pointe. Cette derni\u00e8re suscitera des r\u00e9sistances, des craintes, des plaintes. Mais c'est aussi l'occasion d'un vrai changement, d'une vraie excellence.<\/p>\n<h2>Trois \u00e9preuves de courage<\/h2>\n<p>Voici donc mon appel : faites preuve de plus de courage ! Vous pouvez vous y entra\u00eener. Voici trois \"tests de courage\" :<\/p>\n<ol>\n<li><strong>Objectifs<\/strong>. Lors de la prochaine r\u00e9union budg\u00e9taire ou du prochain atelier strat\u00e9gique, ne vous contentez pas de la normalit\u00e9. Dites plut\u00f4t : \"Je pense que nous devrions oser davantage. Nous pouvons faire beaucoup plus de bien pour beaucoup plus de clients. Faisons cela\". Puis annoncez vos objectifs audacieux. En poursuivant ces objectifs, vous devez bien s\u00fbr veiller \u00e0 ce que le courage ne vous quitte pas. C'est \u00e0 vous de d\u00e9cider.<\/li>\n<li><strong>D\u00e9cisions<\/strong>. Faites preuve de courage en prenant les petites d\u00e9cisions imm\u00e9diatement et les grandes d\u00e9cisions apr\u00e8s une courte r\u00e9flexion. La plupart du temps, vous aurez raison (ou cela n'a pas d'importance). Et si ce n'est pas le cas, corrigez. C'est presque toujours possible. Seules les tr\u00e8s grandes d\u00e9cisions font l'objet d'une \u00e9valuation plus approfondie. Je vois souvent des dirigeants se d\u00e9battre avec les d\u00e9cisions les plus simples. Vous devez changer cela.<\/li>\n<li><strong>Changement<\/strong>. J'ai d\u00e9j\u00e0 \u00e9crit \u00e0 ce sujet \u00e0 plusieurs reprises : Prenez l'habitude de faire quelque chose de diff\u00e9rent de temps en temps. Luttez contre la torpeur mentale et osez la nouveaut\u00e9. Que ce soit en supprimant des r\u00e9unions ou en changeant des habitudes. Vous vous montrez ainsi \u00e0 vous-m\u00eame et \u00e0 tous les autres que le changement est normal et que la rigidit\u00e9 est inacceptable.<\/li>\n<\/ol>\n<p>Un dernier rappel : nous n'avons qu'un temps limit\u00e9 sur cette plan\u00e8te. \u00c0 la fin de leur vie, peu de gens se plaignent d'avoir \u00e9t\u00e9 trop courageux, mais beaucoup se plaignent de ne pas avoir assez os\u00e9. Alors, qu'est-ce que vous attendez ? Courage !<\/p>\n<p><i><strong>Vers l'auteur :<\/strong><br \/>\n<\/i><em>Volkmar V\u00f6lzke est un maximisateur de succ\u00e8s. Auteur de livres. Conseiller et consultant. Coach de formation. Orateur. <a href=\"http:\/\/www.volkmarvoelzke.ch\/\">www.volkmarvoelzke.ch<\/a><\/em><\/p>","protected":false},"excerpt":{"rendered":"<p>Winston Churchill hat mal gesagt: \u201cMut wird zu Recht als die wichtigste aller menschlichen Qualit\u00e4ten angesehen&#8230; denn es ist diese Qualit\u00e4t, die alle anderen garantiert.\u201d Nur ist es leider so, dass die wichtigsten Qualit\u00e4ten nicht unbedingt die am weitesten verbreiteten sind. Und schon gar nicht Mut. Mutig f\u00fchren Wissen Sie, was ich am meisten vermisse [&hellip;]<\/p>\n","protected":false},"author":4,"featured_media":7156,"comment_status":"closed","ping_status":"closed","sticky":false,"template":"","format":"standard","meta":{"_acf_changed":false,"_yoast_wpseo_focuskw":"mutig","_yoast_wpseo_metadesc":"Mut ist zwar eine wichtige Qualit\u00e4t, aber nicht sehr weit verbreitet. Vor allem F\u00fchrungsetagen zeigen sich nicht immer mutig genug.","articlekey":"","footnotes":""},"categories":[28],"tags":[177,335,508],"class_list":["post-7154","post","type-post","status-publish","format-standard","has-post-thumbnail","hentry","category-management","tag-erfolgs-impuls","tag-management-und-unternehmensfuehrung","tag-vermischtes"],"acf":[],"yoast_head":"<!-- This site is optimized with the Yoast SEO plugin v27.5 - https:\/\/yoast.com\/product\/yoast-seo-wordpress\/ -->\n<title>Erfolgs-Impuls: Sind Sie mutig genug? - Organisator<\/title>\n<meta name=\"description\" content=\"Mut ist zwar eine wichtige Qualit\u00e4t, aber nicht sehr weit verbreitet. Vor allem F\u00fchrungsetagen zeigen sich nicht immer mutig genug.\" \/>\n<meta name=\"robots\" content=\"index, follow, max-snippet:-1, max-image-preview:large, max-video-preview:-1\" \/>\n<link rel=\"canonical\" href=\"https:\/\/www.organisator.ch\/fr\/gestion-2\/2020-09-24\/erfolgs-impuls-sind-sie-mutig-genug\/\" \/>\n<meta property=\"og:locale\" content=\"fr_FR\" \/>\n<meta property=\"og:type\" content=\"article\" \/>\n<meta property=\"og:title\" content=\"Erfolgs-Impuls: Sind Sie mutig genug?\" \/>\n<meta property=\"og:description\" content=\"Mut ist zwar eine wichtige Qualit\u00e4t, aber nicht sehr weit verbreitet. Vor allem F\u00fchrungsetagen zeigen sich nicht immer mutig genug.\" \/>\n<meta property=\"og:url\" content=\"https:\/\/www.organisator.ch\/fr\/gestion-2\/2020-09-24\/erfolgs-impuls-sind-sie-mutig-genug\/\" \/>\n<meta property=\"og:site_name\" content=\"Organisator\" \/>\n<meta property=\"article:publisher\" content=\"https:\/\/www.facebook.com\/OrganisatorFachmagazin\" \/>\n<meta property=\"article:published_time\" content=\"2020-09-24T06:00:56+00:00\" \/>\n<meta property=\"og:image\" content=\"https:\/\/www.organisator.ch\/wp-content\/uploads\/2020\/09\/Erfolgs-Impuls-Sind-Sie-mutig-genug_Organisator.jpg\" \/>\n\t<meta property=\"og:image:width\" content=\"680\" \/>\n\t<meta property=\"og:image:height\" content=\"481\" \/>\n\t<meta property=\"og:image:type\" content=\"image\/jpeg\" \/>\n<meta name=\"author\" content=\"thomas.berner\" \/>\n<meta name=\"twitter:card\" content=\"summary_large_image\" \/>\n<meta name=\"twitter:title\" content=\"#Erfolgs-Impuls: Sind Sie #mutig genug?\" \/>\n<meta name=\"twitter:description\" content=\"Mut ist zwar eine wichtige #Qualit\u00e4t, aber nicht sehr weit verbreitet. Vor allem #F\u00fchrungsetagen zeigen sich nicht immer #mutig genug.\" \/>\n<meta name=\"twitter:image\" content=\"https:\/\/www.organisator.ch\/wp-content\/uploads\/2020\/09\/Erfolgs-Impuls-Sind-Sie-mutig-genug_Organisator.jpg\" \/>\n<script type=\"application\/ld+json\" class=\"yoast-schema-graph\">{\"@context\":\"https:\\\/\\\/schema.org\",\"@graph\":[{\"@type\":\"Article\",\"@id\":\"https:\\\/\\\/www.organisator.ch\\\/management\\\/2020-09-24\\\/erfolgs-impuls-sind-sie-mutig-genug\\\/#article\",\"isPartOf\":{\"@id\":\"https:\\\/\\\/www.organisator.ch\\\/management\\\/2020-09-24\\\/erfolgs-impuls-sind-sie-mutig-genug\\\/\"},\"author\":{\"name\":\"thomas.berner\",\"@id\":\"https:\\\/\\\/www.organisator.ch\\\/#\\\/schema\\\/person\\\/6f650f90b2842cd4c0cc334b4e36f67e\"},\"headline\":\"Erfolgs-Impuls: Sind Sie mutig genug?\",\"datePublished\":\"2020-09-24T06:00:56+00:00\",\"mainEntityOfPage\":{\"@id\":\"https:\\\/\\\/www.organisator.ch\\\/management\\\/2020-09-24\\\/erfolgs-impuls-sind-sie-mutig-genug\\\/\"},\"wordCount\":459,\"publisher\":{\"@id\":\"https:\\\/\\\/www.organisator.ch\\\/#organization\"},\"image\":{\"@id\":\"https:\\\/\\\/www.organisator.ch\\\/management\\\/2020-09-24\\\/erfolgs-impuls-sind-sie-mutig-genug\\\/#primaryimage\"},\"thumbnailUrl\":\"https:\\\/\\\/www.organisator.ch\\\/wp-content\\\/uploads\\\/2020\\\/09\\\/Erfolgs-Impuls-Sind-Sie-mutig-genug_Organisator.jpg\",\"keywords\":[\"Erfolgs-Impuls\",\"Management und Unternehmensf\u00fchrung\",\"Vermischtes\"],\"articleSection\":[\"MANAGEMENT\"],\"inLanguage\":\"fr-FR\"},{\"@type\":\"WebPage\",\"@id\":\"https:\\\/\\\/www.organisator.ch\\\/management\\\/2020-09-24\\\/erfolgs-impuls-sind-sie-mutig-genug\\\/\",\"url\":\"https:\\\/\\\/www.organisator.ch\\\/management\\\/2020-09-24\\\/erfolgs-impuls-sind-sie-mutig-genug\\\/\",\"name\":\"Erfolgs-Impuls: Sind Sie mutig genug? - Organisator\",\"isPartOf\":{\"@id\":\"https:\\\/\\\/www.organisator.ch\\\/#website\"},\"primaryImageOfPage\":{\"@id\":\"https:\\\/\\\/www.organisator.ch\\\/management\\\/2020-09-24\\\/erfolgs-impuls-sind-sie-mutig-genug\\\/#primaryimage\"},\"image\":{\"@id\":\"https:\\\/\\\/www.organisator.ch\\\/management\\\/2020-09-24\\\/erfolgs-impuls-sind-sie-mutig-genug\\\/#primaryimage\"},\"thumbnailUrl\":\"https:\\\/\\\/www.organisator.ch\\\/wp-content\\\/uploads\\\/2020\\\/09\\\/Erfolgs-Impuls-Sind-Sie-mutig-genug_Organisator.jpg\",\"datePublished\":\"2020-09-24T06:00:56+00:00\",\"description\":\"Mut ist zwar eine wichtige Qualit\u00e4t, aber nicht sehr weit verbreitet. Vor allem F\u00fchrungsetagen zeigen sich nicht immer mutig genug.\",\"breadcrumb\":{\"@id\":\"https:\\\/\\\/www.organisator.ch\\\/management\\\/2020-09-24\\\/erfolgs-impuls-sind-sie-mutig-genug\\\/#breadcrumb\"},\"inLanguage\":\"fr-FR\",\"potentialAction\":[{\"@type\":\"ReadAction\",\"target\":[\"https:\\\/\\\/www.organisator.ch\\\/management\\\/2020-09-24\\\/erfolgs-impuls-sind-sie-mutig-genug\\\/\"]}]},{\"@type\":\"ImageObject\",\"inLanguage\":\"fr-FR\",\"@id\":\"https:\\\/\\\/www.organisator.ch\\\/management\\\/2020-09-24\\\/erfolgs-impuls-sind-sie-mutig-genug\\\/#primaryimage\",\"url\":\"https:\\\/\\\/www.organisator.ch\\\/wp-content\\\/uploads\\\/2020\\\/09\\\/Erfolgs-Impuls-Sind-Sie-mutig-genug_Organisator.jpg\",\"contentUrl\":\"https:\\\/\\\/www.organisator.ch\\\/wp-content\\\/uploads\\\/2020\\\/09\\\/Erfolgs-Impuls-Sind-Sie-mutig-genug_Organisator.jpg\",\"width\":680,\"height\":481,\"caption\":\"Mutig in neue Gefilde vorstossen: Hin und wieder braucht es einen Schubs... (Bild: Pixabay.com)\"},{\"@type\":\"BreadcrumbList\",\"@id\":\"https:\\\/\\\/www.organisator.ch\\\/management\\\/2020-09-24\\\/erfolgs-impuls-sind-sie-mutig-genug\\\/#breadcrumb\",\"itemListElement\":[{\"@type\":\"ListItem\",\"position\":1,\"name\":\"Home\",\"item\":\"https:\\\/\\\/www.organisator.ch\\\/\"},{\"@type\":\"ListItem\",\"position\":2,\"name\":\"Erfolgs-Impuls: Sind Sie mutig genug?\"}]},{\"@type\":\"WebSite\",\"@id\":\"https:\\\/\\\/www.organisator.ch\\\/#website\",\"url\":\"https:\\\/\\\/www.organisator.ch\\\/\",\"name\":\"Organisator\",\"description\":\"Kompetent. Praxisnah. Der ORGANISATOR bereitet in 10 Ausgaben pro Jahr die wesentlichen Themen f\u00fcr F\u00fchrungskr\u00e4fte von KMU auf.\",\"publisher\":{\"@id\":\"https:\\\/\\\/www.organisator.ch\\\/#organization\"},\"potentialAction\":[{\"@type\":\"SearchAction\",\"target\":{\"@type\":\"EntryPoint\",\"urlTemplate\":\"https:\\\/\\\/www.organisator.ch\\\/?s={search_term_string}\"},\"query-input\":{\"@type\":\"PropertyValueSpecification\",\"valueRequired\":true,\"valueName\":\"search_term_string\"}}],\"inLanguage\":\"fr-FR\"},{\"@type\":\"Organization\",\"@id\":\"https:\\\/\\\/www.organisator.ch\\\/#organization\",\"name\":\"Organisator\",\"url\":\"https:\\\/\\\/www.organisator.ch\\\/\",\"logo\":{\"@type\":\"ImageObject\",\"inLanguage\":\"fr-FR\",\"@id\":\"https:\\\/\\\/www.organisator.ch\\\/#\\\/schema\\\/logo\\\/image\\\/\",\"url\":\"https:\\\/\\\/www.organisator.ch\\\/wp-content\\\/uploads\\\/2022\\\/01\\\/Logo_Organisator_Website.png\",\"contentUrl\":\"https:\\\/\\\/www.organisator.ch\\\/wp-content\\\/uploads\\\/2022\\\/01\\\/Logo_Organisator_Website.png\",\"width\":800,\"height\":77,\"caption\":\"Organisator\"},\"image\":{\"@id\":\"https:\\\/\\\/www.organisator.ch\\\/#\\\/schema\\\/logo\\\/image\\\/\"},\"sameAs\":[\"https:\\\/\\\/www.facebook.com\\\/OrganisatorFachmagazin\",\"https:\\\/\\\/www.linkedin.com\\\/showcase\\\/organisator-das-magazin-fr-kmu\",\"https:\\\/\\\/www.xing.com\\\/news\\\/pages\\\/organisator-ch-695\",\"https:\\\/\\\/www.youtube.com\\\/channel\\\/UCGP2Sq0iWaZwT3BdIAQFYpw\"]},{\"@type\":\"Person\",\"@id\":\"https:\\\/\\\/www.organisator.ch\\\/#\\\/schema\\\/person\\\/6f650f90b2842cd4c0cc334b4e36f67e\",\"name\":\"thomas.berner\",\"image\":{\"@type\":\"ImageObject\",\"inLanguage\":\"fr-FR\",\"@id\":\"https:\\\/\\\/secure.gravatar.com\\\/avatar\\\/ac5001d2a36cb6c6cd3e50789007ffca834b477b74a2144564522e944eabff61?s=96&d=mm&r=g\",\"url\":\"https:\\\/\\\/secure.gravatar.com\\\/avatar\\\/ac5001d2a36cb6c6cd3e50789007ffca834b477b74a2144564522e944eabff61?s=96&d=mm&r=g\",\"contentUrl\":\"https:\\\/\\\/secure.gravatar.com\\\/avatar\\\/ac5001d2a36cb6c6cd3e50789007ffca834b477b74a2144564522e944eabff61?s=96&d=mm&r=g\",\"caption\":\"thomas.berner\"},\"url\":\"https:\\\/\\\/www.organisator.ch\\\/fr\\\/author\\\/thomas-berner\\\/\"}]}<\/script>\n<!-- \/ Yoast SEO plugin. -->","yoast_head_json":{"title":"Impulsion du succ\u00e8s : \u00eates-vous assez courageux ? - Organisateur","description":"Le courage est certes une qualit\u00e9 importante, mais il n'est pas tr\u00e8s r\u00e9pandu. Les dirigeants, en particulier, ne font pas toujours preuve de suffisamment de courage.","robots":{"index":"index","follow":"follow","max-snippet":"max-snippet:-1","max-image-preview":"max-image-preview:large","max-video-preview":"max-video-preview:-1"},"canonical":"https:\/\/www.organisator.ch\/fr\/gestion-2\/2020-09-24\/erfolgs-impuls-sind-sie-mutig-genug\/","og_locale":"fr_FR","og_type":"article","og_title":"Erfolgs-Impuls: Sind Sie mutig genug?","og_description":"Mut ist zwar eine wichtige Qualit\u00e4t, aber nicht sehr weit verbreitet. Vor allem F\u00fchrungsetagen zeigen sich nicht immer mutig genug.","og_url":"https:\/\/www.organisator.ch\/fr\/gestion-2\/2020-09-24\/erfolgs-impuls-sind-sie-mutig-genug\/","og_site_name":"Organisator","article_publisher":"https:\/\/www.facebook.com\/OrganisatorFachmagazin","article_published_time":"2020-09-24T06:00:56+00:00","og_image":[{"width":680,"height":481,"url":"https:\/\/www.organisator.ch\/wp-content\/uploads\/2020\/09\/Erfolgs-Impuls-Sind-Sie-mutig-genug_Organisator.jpg","type":"image\/jpeg"}],"author":"thomas.berner","twitter_card":"summary_large_image","twitter_title":"#Erfolgs-Impuls: Sind Sie #mutig genug?","twitter_description":"Mut ist zwar eine wichtige #Qualit\u00e4t, aber nicht sehr weit verbreitet. Vor allem #F\u00fchrungsetagen zeigen sich nicht immer #mutig genug.","twitter_image":"https:\/\/www.organisator.ch\/wp-content\/uploads\/2020\/09\/Erfolgs-Impuls-Sind-Sie-mutig-genug_Organisator.jpg","schema":{"@context":"https:\/\/schema.org","@graph":[{"@type":"Article","@id":"https:\/\/www.organisator.ch\/management\/2020-09-24\/erfolgs-impuls-sind-sie-mutig-genug\/#article","isPartOf":{"@id":"https:\/\/www.organisator.ch\/management\/2020-09-24\/erfolgs-impuls-sind-sie-mutig-genug\/"},"author":{"name":"thomas.berner","@id":"https:\/\/www.organisator.ch\/#\/schema\/person\/6f650f90b2842cd4c0cc334b4e36f67e"},"headline":"Erfolgs-Impuls: Sind Sie mutig genug?","datePublished":"2020-09-24T06:00:56+00:00","mainEntityOfPage":{"@id":"https:\/\/www.organisator.ch\/management\/2020-09-24\/erfolgs-impuls-sind-sie-mutig-genug\/"},"wordCount":459,"publisher":{"@id":"https:\/\/www.organisator.ch\/#organization"},"image":{"@id":"https:\/\/www.organisator.ch\/management\/2020-09-24\/erfolgs-impuls-sind-sie-mutig-genug\/#primaryimage"},"thumbnailUrl":"https:\/\/www.organisator.ch\/wp-content\/uploads\/2020\/09\/Erfolgs-Impuls-Sind-Sie-mutig-genug_Organisator.jpg","keywords":["Erfolgs-Impuls","Management und Unternehmensf\u00fchrung","Vermischtes"],"articleSection":["MANAGEMENT"],"inLanguage":"fr-FR"},{"@type":"WebPage","@id":"https:\/\/www.organisator.ch\/management\/2020-09-24\/erfolgs-impuls-sind-sie-mutig-genug\/","url":"https:\/\/www.organisator.ch\/management\/2020-09-24\/erfolgs-impuls-sind-sie-mutig-genug\/","name":"Impulsion du succ\u00e8s : \u00eates-vous assez courageux ? - Organisateur","isPartOf":{"@id":"https:\/\/www.organisator.ch\/#website"},"primaryImageOfPage":{"@id":"https:\/\/www.organisator.ch\/management\/2020-09-24\/erfolgs-impuls-sind-sie-mutig-genug\/#primaryimage"},"image":{"@id":"https:\/\/www.organisator.ch\/management\/2020-09-24\/erfolgs-impuls-sind-sie-mutig-genug\/#primaryimage"},"thumbnailUrl":"https:\/\/www.organisator.ch\/wp-content\/uploads\/2020\/09\/Erfolgs-Impuls-Sind-Sie-mutig-genug_Organisator.jpg","datePublished":"2020-09-24T06:00:56+00:00","description":"Le courage est certes une qualit\u00e9 importante, mais il n'est pas tr\u00e8s r\u00e9pandu. Les dirigeants, en particulier, ne font pas toujours preuve de suffisamment de courage.","breadcrumb":{"@id":"https:\/\/www.organisator.ch\/management\/2020-09-24\/erfolgs-impuls-sind-sie-mutig-genug\/#breadcrumb"},"inLanguage":"fr-FR","potentialAction":[{"@type":"ReadAction","target":["https:\/\/www.organisator.ch\/management\/2020-09-24\/erfolgs-impuls-sind-sie-mutig-genug\/"]}]},{"@type":"ImageObject","inLanguage":"fr-FR","@id":"https:\/\/www.organisator.ch\/management\/2020-09-24\/erfolgs-impuls-sind-sie-mutig-genug\/#primaryimage","url":"https:\/\/www.organisator.ch\/wp-content\/uploads\/2020\/09\/Erfolgs-Impuls-Sind-Sie-mutig-genug_Organisator.jpg","contentUrl":"https:\/\/www.organisator.ch\/wp-content\/uploads\/2020\/09\/Erfolgs-Impuls-Sind-Sie-mutig-genug_Organisator.jpg","width":680,"height":481,"caption":"Mutig in neue Gefilde vorstossen: Hin und wieder braucht es einen Schubs... (Bild: Pixabay.com)"},{"@type":"BreadcrumbList","@id":"https:\/\/www.organisator.ch\/management\/2020-09-24\/erfolgs-impuls-sind-sie-mutig-genug\/#breadcrumb","itemListElement":[{"@type":"ListItem","position":1,"name":"Home","item":"https:\/\/www.organisator.ch\/"},{"@type":"ListItem","position":2,"name":"Erfolgs-Impuls: Sind Sie mutig genug?"}]},{"@type":"WebSite","@id":"https:\/\/www.organisator.ch\/#website","url":"https:\/\/www.organisator.ch\/","name":"Organisateur","description":"Comp\u00e9tence et comp\u00e9tence. Proches de la pratique. L'ORGANISATEUR pr\u00e9pare 10 num\u00e9ros par an sur les th\u00e8mes essentiels pour les dirigeants de PME.","publisher":{"@id":"https:\/\/www.organisator.ch\/#organization"},"potentialAction":[{"@type":"SearchAction","target":{"@type":"EntryPoint","urlTemplate":"https:\/\/www.organisator.ch\/?s={search_term_string}"},"query-input":{"@type":"PropertyValueSpecification","valueRequired":true,"valueName":"search_term_string"}}],"inLanguage":"fr-FR"},{"@type":"Organization","@id":"https:\/\/www.organisator.ch\/#organization","name":"Organisateur","url":"https:\/\/www.organisator.ch\/","logo":{"@type":"ImageObject","inLanguage":"fr-FR","@id":"https:\/\/www.organisator.ch\/#\/schema\/logo\/image\/","url":"https:\/\/www.organisator.ch\/wp-content\/uploads\/2022\/01\/Logo_Organisator_Website.png","contentUrl":"https:\/\/www.organisator.ch\/wp-content\/uploads\/2022\/01\/Logo_Organisator_Website.png","width":800,"height":77,"caption":"Organisator"},"image":{"@id":"https:\/\/www.organisator.ch\/#\/schema\/logo\/image\/"},"sameAs":["https:\/\/www.facebook.com\/OrganisatorFachmagazin","https:\/\/www.linkedin.com\/showcase\/organisator-das-magazin-fr-kmu","https:\/\/www.xing.com\/news\/pages\/organisator-ch-695","https:\/\/www.youtube.com\/channel\/UCGP2Sq0iWaZwT3BdIAQFYpw"]},{"@type":"Person","@id":"https:\/\/www.organisator.ch\/#\/schema\/person\/6f650f90b2842cd4c0cc334b4e36f67e","name":"thomas.berner","image":{"@type":"ImageObject","inLanguage":"fr-FR","@id":"https:\/\/secure.gravatar.com\/avatar\/ac5001d2a36cb6c6cd3e50789007ffca834b477b74a2144564522e944eabff61?s=96&d=mm&r=g","url":"https:\/\/secure.gravatar.com\/avatar\/ac5001d2a36cb6c6cd3e50789007ffca834b477b74a2144564522e944eabff61?s=96&d=mm&r=g","contentUrl":"https:\/\/secure.gravatar.com\/avatar\/ac5001d2a36cb6c6cd3e50789007ffca834b477b74a2144564522e944eabff61?s=96&d=mm&r=g","caption":"thomas.berner"},"url":"https:\/\/www.organisator.ch\/fr\/author\/thomas-berner\/"}]}},"_links":{"self":[{"href":"https:\/\/www.organisator.ch\/fr\/wp-json\/wp\/v2\/posts\/7154","targetHints":{"allow":["GET"]}}],"collection":[{"href":"https:\/\/www.organisator.ch\/fr\/wp-json\/wp\/v2\/posts"}],"about":[{"href":"https:\/\/www.organisator.ch\/fr\/wp-json\/wp\/v2\/types\/post"}],"author":[{"embeddable":true,"href":"https:\/\/www.organisator.ch\/fr\/wp-json\/wp\/v2\/users\/4"}],"replies":[{"embeddable":true,"href":"https:\/\/www.organisator.ch\/fr\/wp-json\/wp\/v2\/comments?post=7154"}],"version-history":[{"count":0,"href":"https:\/\/www.organisator.ch\/fr\/wp-json\/wp\/v2\/posts\/7154\/revisions"}],"wp:featuredmedia":[{"embeddable":true,"href":"https:\/\/www.organisator.ch\/fr\/wp-json\/wp\/v2\/media\/7156"}],"wp:attachment":[{"href":"https:\/\/www.organisator.ch\/fr\/wp-json\/wp\/v2\/media?parent=7154"}],"wp:term":[{"taxonomy":"category","embeddable":true,"href":"https:\/\/www.organisator.ch\/fr\/wp-json\/wp\/v2\/categories?post=7154"},{"taxonomy":"post_tag","embeddable":true,"href":"https:\/\/www.organisator.ch\/fr\/wp-json\/wp\/v2\/tags?post=7154"}],"curies":[{"name":"wp","href":"https:\/\/api.w.org\/{rel}","templated":true}]}}