{"id":7180,"date":"2020-10-02T08:28:47","date_gmt":"2020-10-02T06:28:47","guid":{"rendered":"https:\/\/www.organisator.ch\/?p=7180"},"modified":"2020-10-02T08:28:47","modified_gmt":"2020-10-02T06:28:47","slug":"abacus-research-verstaerkt-verwaltungsrat-und-geschaeftsleitung","status":"publish","type":"post","link":"https:\/\/www.organisator.ch\/fr\/management\/it\/2020-10-02\/abacus-research-verstaerkt-verwaltungsrat-und-geschaeftsleitung\/","title":{"rendered":"Abacus Research renforce son conseil d'administration et sa direction"},"content":{"rendered":"<figure id=\"attachment_7181\" aria-describedby=\"caption-attachment-7181\" style=\"width: 680px\" class=\"wp-caption alignnone\"><img loading=\"lazy\" decoding=\"async\" class=\"size-medium wp-image-7181\" src=\"https:\/\/www.organisator.ch\/wp-content\/uploads\/2020\/10\/Abacus-Research-verstaerkt-Verwaltungsrat-und-Geschaeftsleitung_Organisator.jpg\" alt=\"\" width=\"680\" height=\"453\" srcset=\"https:\/\/www.organisator.ch\/wp-content\/uploads\/2020\/10\/Abacus-Research-verstaerkt-Verwaltungsrat-und-Geschaeftsleitung_Organisator.jpg 680w, https:\/\/www.organisator.ch\/wp-content\/uploads\/2020\/10\/Abacus-Research-verstaerkt-Verwaltungsrat-und-Geschaeftsleitung_Organisator-16x12.jpg 16w, https:\/\/www.organisator.ch\/wp-content\/uploads\/2020\/10\/Abacus-Research-verstaerkt-Verwaltungsrat-und-Geschaeftsleitung_Organisator-263x175.jpg 263w, https:\/\/www.organisator.ch\/wp-content\/uploads\/2020\/10\/Abacus-Research-verstaerkt-Verwaltungsrat-und-Geschaeftsleitung_Organisator-525x350.jpg 525w, https:\/\/www.organisator.ch\/wp-content\/uploads\/2020\/10\/Abacus-Research-verstaerkt-Verwaltungsrat-und-Geschaeftsleitung_Organisator-300x200.jpg 300w\" sizes=\"auto, (max-width: 680px) 100vw, 680px\" \/><figcaption id=\"caption-attachment-7181\" class=\"wp-caption-text\">Rainer Kaczmarczyk, nouveau pr\u00e9sident du conseil d'administration d'Abacus Research SA. (Image : zVg \/ Abacus)<\/figcaption><\/figure>\n<p>Depuis sa cr\u00e9ation il y a 35 ans par trois dipl\u00f4m\u00e9s de la HSG, la soci\u00e9t\u00e9 de logiciels saint-galloise Abacus Research est pass\u00e9e du statut de start-up \u00e0 celui d'entreprise comptant plus de 500 collaborateurs, trois succursales suisses et des filiales sur trois sites en Allemagne. Claudio Hintermann, partenaire fondateur, CEO et pr\u00e9sident du conseil d'administration en m\u00eame temps, c\u00e8de maintenant le mandat de pr\u00e9sident du conseil d'administration \u00e0 Rainer Kaczmarczyk. Hintermann se concentre d'une part davantage sur la direction op\u00e9rationnelle et d'autre part, en tant que strat\u00e8ge en chef, sur le d\u00e9veloppement de logiciels. Il reste membre du conseil d'administration de l'entreprise.<\/p>\n<h2>De Compaq \u00e0 Abacus Research<\/h2>\n<p>Rainer Kaczmarczyk a \u00e9t\u00e9 directeur g\u00e9n\u00e9ral de la filiale Abacus en Allemagne de 2009 \u00e0 2017 et a occup\u00e9 auparavant la m\u00eame fonction chez Compaq Suisse de 1995 \u00e0 2002, puis chez Compaq Allemagne. Apr\u00e8s le rachat de Compaq par Hewlett-Packard, il a dirig\u00e9 pendant trois ans le secteur Enterprise Systems et les ventes aux clients professionnels, soit environ 1100 collaborateurs, en tant que directeur g\u00e9n\u00e9ral en Allemagne.<\/p>\n<p>Claudio Hintermann commente sa d\u00e9mission du poste de pr\u00e9sident du conseil d'administration comme suit : \"La pouss\u00e9e de croissance attendue \u00e0 l'\u00e8re du num\u00e9rique exige que notre entreprise se renforce de mani\u00e8re ad\u00e9quate et mette en place des structures viables. Rainer Kaczmarczyk nous aidera, gr\u00e2ce \u00e0 sa longue exp\u00e9rience dans la gestion d'une grande entreprise, \u00e0 mettre en place dans notre entreprise une organisation ad\u00e9quate qui nous permettra de continuer \u00e0 cro\u00eetre ainsi qu'\u00e0 avoir du succ\u00e8s et donc d'assurer la p\u00e9rennit\u00e9 de l'entreprise \u00e0 long terme pour le bien de nos clients, utilisateurs, partenaires de distribution et collaborateurs\".<\/p>\n<h2>\"Un d\u00e9fi passionnant\"<\/h2>\n<p>Kaczmarcyk qualifie de \"d\u00e9fi passionnant\" le fait qu'il soit responsable du processus de transformation chez Abacus Research et explique : \"Chez Abacus, nous voulons poursuivre l'histoire unique de notre succ\u00e8s, consolider notre position de leader sur le march\u00e9 et continuer \u00e0 servir nos clients avec des innovations utiles. Je me r\u00e9jouis de la collaboration avec le CEO Claudio Hintermann et les collaborateurs d'Abacus\".<\/p>\n<p>En m\u00eame temps que le changement \u00e0 la t\u00eate du conseil d'administration, Abacus renforce sa direction avec Philippe B\u00fcrki comme nouveau CFO de l'entreprise. B\u00fcrki a travaill\u00e9 pendant huit ans au sein du d\u00e9partement financier de la coop\u00e9rative Migros Suisse orientale en tant que responsable du controlling. Auparavant, il a \u00e9t\u00e9 responsable pendant trois ans des finances des activit\u00e9s russes du groupe Hotelplan.<\/p>\n<p><em><a href=\"http:\/\/www.abacus.ch\">Source<\/a><\/em><\/p>","protected":false},"excerpt":{"rendered":"<p>Die St. Galler Softwarefirma Abacus Research hat sich seit ihrer Gr\u00fcndung vor 35 Jahren durch drei HSG-Absolventen von einem Start-up zu einem Unternehmen mit \u00fcber 500 Mitarbeitenden, drei Schweizer Niederlassungen und Tochterfirmen an drei Standorten in Deutschland entwickelt. Claudio Hintermann, Gr\u00fcndungspartner, CEO und Verwaltungsratspr\u00e4sident in Personalunion, gibt nun das Mandat des Verwaltungsratspr\u00e4sidenten an Rainer Kaczmarczyk [&hellip;]<\/p>\n","protected":false},"author":4,"featured_media":7181,"comment_status":"closed","ping_status":"closed","sticky":false,"template":"","format":"standard","meta":{"_acf_changed":false,"_yoast_wpseo_focuskw":"Abacus Research","_yoast_wpseo_metadesc":"Abacus Research hat an einer ausserordentlichen Generalversammlung mit Rainer Kaczmarczyk einen neuen Verwaltungsratspr\u00e4sidenten gew\u00e4hlt.","articlekey":"","footnotes":""},"categories":[27],"tags":[286,381,492,513],"class_list":["post-7180","post","type-post","status-publish","format-standard","has-post-thumbnail","hentry","category-it","tag-it","tag-personalia","tag-unternehmen","tag-verwaltungsraete"],"acf":[],"yoast_head":"<!-- This site is optimized with the Yoast SEO plugin v27.5 - https:\/\/yoast.com\/product\/yoast-seo-wordpress\/ -->\n<title>Abacus Research verst\u00e4rkt Verwaltungsrat und Gesch\u00e4ftsleitung - Organisator<\/title>\n<meta name=\"description\" content=\"Abacus Research hat an einer ausserordentlichen Generalversammlung mit Rainer Kaczmarczyk einen neuen Verwaltungsratspr\u00e4sidenten gew\u00e4hlt.\" \/>\n<meta name=\"robots\" content=\"index, follow, max-snippet:-1, max-image-preview:large, max-video-preview:-1\" \/>\n<link rel=\"canonical\" href=\"https:\/\/www.organisator.ch\/fr\/gestion-2\/it\/2020-10-02\/abacus-research-verstaerkt-verwaltungsrat-und-geschaeftsleitung\/\" \/>\n<meta property=\"og:locale\" content=\"fr_FR\" \/>\n<meta property=\"og:type\" content=\"article\" \/>\n<meta property=\"og:title\" content=\"Abacus Research verst\u00e4rkt Verwaltungsrat und Gesch\u00e4ftsleitung\" \/>\n<meta property=\"og:description\" content=\"Abacus Research hat an einer ausserordentlichen Generalversammlung mit Rainer Kaczmarczyk einen neuen Verwaltungsratspr\u00e4sidenten gew\u00e4hlt.\" \/>\n<meta property=\"og:url\" content=\"https:\/\/www.organisator.ch\/fr\/gestion-2\/it\/2020-10-02\/abacus-research-verstaerkt-verwaltungsrat-und-geschaeftsleitung\/\" \/>\n<meta property=\"og:site_name\" content=\"Organisator\" \/>\n<meta property=\"article:publisher\" content=\"https:\/\/www.facebook.com\/OrganisatorFachmagazin\" \/>\n<meta property=\"article:published_time\" content=\"2020-10-02T06:28:47+00:00\" \/>\n<meta property=\"og:image\" content=\"https:\/\/www.organisator.ch\/wp-content\/uploads\/2020\/10\/Abacus-Research-verstaerkt-Verwaltungsrat-und-Geschaeftsleitung_Organisator.jpg\" \/>\n\t<meta property=\"og:image:width\" content=\"680\" \/>\n\t<meta property=\"og:image:height\" content=\"453\" \/>\n\t<meta property=\"og:image:type\" content=\"image\/jpeg\" \/>\n<meta name=\"author\" content=\"thomas.berner\" \/>\n<meta name=\"twitter:card\" content=\"summary_large_image\" \/>\n<meta name=\"twitter:title\" content=\"#Abacus Research verst\u00e4rkt #Verwaltungsrat und #Gesch\u00e4ftsleitung\" \/>\n<meta name=\"twitter:description\" content=\"#Abacus Research hat an einer ausserordentlichen #Generalversammlung mit Rainer #Kaczmarczyk einen neuen Verwaltungsratspr\u00e4sidenten gew\u00e4hlt.\" \/>\n<meta name=\"twitter:image\" content=\"https:\/\/www.organisator.ch\/wp-content\/uploads\/2020\/10\/Abacus-Research-verstaerkt-Verwaltungsrat-und-Geschaeftsleitung_Organisator.jpg\" \/>\n<script type=\"application\/ld+json\" class=\"yoast-schema-graph\">{\"@context\":\"https:\\\/\\\/schema.org\",\"@graph\":[{\"@type\":\"Article\",\"@id\":\"https:\\\/\\\/www.organisator.ch\\\/management\\\/it\\\/2020-10-02\\\/abacus-research-verstaerkt-verwaltungsrat-und-geschaeftsleitung\\\/#article\",\"isPartOf\":{\"@id\":\"https:\\\/\\\/www.organisator.ch\\\/management\\\/it\\\/2020-10-02\\\/abacus-research-verstaerkt-verwaltungsrat-und-geschaeftsleitung\\\/\"},\"author\":{\"name\":\"thomas.berner\",\"@id\":\"https:\\\/\\\/www.organisator.ch\\\/#\\\/schema\\\/person\\\/6f650f90b2842cd4c0cc334b4e36f67e\"},\"headline\":\"Abacus Research verst\u00e4rkt Verwaltungsrat und Gesch\u00e4ftsleitung\",\"datePublished\":\"2020-10-02T06:28:47+00:00\",\"mainEntityOfPage\":{\"@id\":\"https:\\\/\\\/www.organisator.ch\\\/management\\\/it\\\/2020-10-02\\\/abacus-research-verstaerkt-verwaltungsrat-und-geschaeftsleitung\\\/\"},\"wordCount\":376,\"publisher\":{\"@id\":\"https:\\\/\\\/www.organisator.ch\\\/#organization\"},\"image\":{\"@id\":\"https:\\\/\\\/www.organisator.ch\\\/management\\\/it\\\/2020-10-02\\\/abacus-research-verstaerkt-verwaltungsrat-und-geschaeftsleitung\\\/#primaryimage\"},\"thumbnailUrl\":\"https:\\\/\\\/www.organisator.ch\\\/wp-content\\\/uploads\\\/2020\\\/10\\\/Abacus-Research-verstaerkt-Verwaltungsrat-und-Geschaeftsleitung_Organisator.jpg\",\"keywords\":[\"IT\",\"Personalia\",\"Unternehmen\",\"Verwaltungsr\u00e4te\"],\"articleSection\":[\"IT\"],\"inLanguage\":\"fr-FR\"},{\"@type\":\"WebPage\",\"@id\":\"https:\\\/\\\/www.organisator.ch\\\/management\\\/it\\\/2020-10-02\\\/abacus-research-verstaerkt-verwaltungsrat-und-geschaeftsleitung\\\/\",\"url\":\"https:\\\/\\\/www.organisator.ch\\\/management\\\/it\\\/2020-10-02\\\/abacus-research-verstaerkt-verwaltungsrat-und-geschaeftsleitung\\\/\",\"name\":\"Abacus Research verst\u00e4rkt Verwaltungsrat und Gesch\u00e4ftsleitung - Organisator\",\"isPartOf\":{\"@id\":\"https:\\\/\\\/www.organisator.ch\\\/#website\"},\"primaryImageOfPage\":{\"@id\":\"https:\\\/\\\/www.organisator.ch\\\/management\\\/it\\\/2020-10-02\\\/abacus-research-verstaerkt-verwaltungsrat-und-geschaeftsleitung\\\/#primaryimage\"},\"image\":{\"@id\":\"https:\\\/\\\/www.organisator.ch\\\/management\\\/it\\\/2020-10-02\\\/abacus-research-verstaerkt-verwaltungsrat-und-geschaeftsleitung\\\/#primaryimage\"},\"thumbnailUrl\":\"https:\\\/\\\/www.organisator.ch\\\/wp-content\\\/uploads\\\/2020\\\/10\\\/Abacus-Research-verstaerkt-Verwaltungsrat-und-Geschaeftsleitung_Organisator.jpg\",\"datePublished\":\"2020-10-02T06:28:47+00:00\",\"description\":\"Abacus Research hat an einer ausserordentlichen Generalversammlung mit Rainer Kaczmarczyk einen neuen Verwaltungsratspr\u00e4sidenten gew\u00e4hlt.\",\"breadcrumb\":{\"@id\":\"https:\\\/\\\/www.organisator.ch\\\/management\\\/it\\\/2020-10-02\\\/abacus-research-verstaerkt-verwaltungsrat-und-geschaeftsleitung\\\/#breadcrumb\"},\"inLanguage\":\"fr-FR\",\"potentialAction\":[{\"@type\":\"ReadAction\",\"target\":[\"https:\\\/\\\/www.organisator.ch\\\/management\\\/it\\\/2020-10-02\\\/abacus-research-verstaerkt-verwaltungsrat-und-geschaeftsleitung\\\/\"]}]},{\"@type\":\"ImageObject\",\"inLanguage\":\"fr-FR\",\"@id\":\"https:\\\/\\\/www.organisator.ch\\\/management\\\/it\\\/2020-10-02\\\/abacus-research-verstaerkt-verwaltungsrat-und-geschaeftsleitung\\\/#primaryimage\",\"url\":\"https:\\\/\\\/www.organisator.ch\\\/wp-content\\\/uploads\\\/2020\\\/10\\\/Abacus-Research-verstaerkt-Verwaltungsrat-und-Geschaeftsleitung_Organisator.jpg\",\"contentUrl\":\"https:\\\/\\\/www.organisator.ch\\\/wp-content\\\/uploads\\\/2020\\\/10\\\/Abacus-Research-verstaerkt-Verwaltungsrat-und-Geschaeftsleitung_Organisator.jpg\",\"width\":680,\"height\":453,\"caption\":\"Rainer Kaczmarczyk, neuer Verwaltungsratspr\u00e4sident Abacus Research AG. (Bild: zVg \\\/ Abacus)\"},{\"@type\":\"BreadcrumbList\",\"@id\":\"https:\\\/\\\/www.organisator.ch\\\/management\\\/it\\\/2020-10-02\\\/abacus-research-verstaerkt-verwaltungsrat-und-geschaeftsleitung\\\/#breadcrumb\",\"itemListElement\":[{\"@type\":\"ListItem\",\"position\":1,\"name\":\"Home\",\"item\":\"https:\\\/\\\/www.organisator.ch\\\/\"},{\"@type\":\"ListItem\",\"position\":2,\"name\":\"Abacus Research verst\u00e4rkt Verwaltungsrat und Gesch\u00e4ftsleitung\"}]},{\"@type\":\"WebSite\",\"@id\":\"https:\\\/\\\/www.organisator.ch\\\/#website\",\"url\":\"https:\\\/\\\/www.organisator.ch\\\/\",\"name\":\"Organisator\",\"description\":\"Kompetent. Praxisnah. Der ORGANISATOR bereitet in 10 Ausgaben pro Jahr die wesentlichen Themen f\u00fcr F\u00fchrungskr\u00e4fte von KMU auf.\",\"publisher\":{\"@id\":\"https:\\\/\\\/www.organisator.ch\\\/#organization\"},\"potentialAction\":[{\"@type\":\"SearchAction\",\"target\":{\"@type\":\"EntryPoint\",\"urlTemplate\":\"https:\\\/\\\/www.organisator.ch\\\/?s={search_term_string}\"},\"query-input\":{\"@type\":\"PropertyValueSpecification\",\"valueRequired\":true,\"valueName\":\"search_term_string\"}}],\"inLanguage\":\"fr-FR\"},{\"@type\":\"Organization\",\"@id\":\"https:\\\/\\\/www.organisator.ch\\\/#organization\",\"name\":\"Organisator\",\"url\":\"https:\\\/\\\/www.organisator.ch\\\/\",\"logo\":{\"@type\":\"ImageObject\",\"inLanguage\":\"fr-FR\",\"@id\":\"https:\\\/\\\/www.organisator.ch\\\/#\\\/schema\\\/logo\\\/image\\\/\",\"url\":\"https:\\\/\\\/www.organisator.ch\\\/wp-content\\\/uploads\\\/2022\\\/01\\\/Logo_Organisator_Website.png\",\"contentUrl\":\"https:\\\/\\\/www.organisator.ch\\\/wp-content\\\/uploads\\\/2022\\\/01\\\/Logo_Organisator_Website.png\",\"width\":800,\"height\":77,\"caption\":\"Organisator\"},\"image\":{\"@id\":\"https:\\\/\\\/www.organisator.ch\\\/#\\\/schema\\\/logo\\\/image\\\/\"},\"sameAs\":[\"https:\\\/\\\/www.facebook.com\\\/OrganisatorFachmagazin\",\"https:\\\/\\\/www.linkedin.com\\\/showcase\\\/organisator-das-magazin-fr-kmu\",\"https:\\\/\\\/www.xing.com\\\/news\\\/pages\\\/organisator-ch-695\",\"https:\\\/\\\/www.youtube.com\\\/channel\\\/UCGP2Sq0iWaZwT3BdIAQFYpw\"]},{\"@type\":\"Person\",\"@id\":\"https:\\\/\\\/www.organisator.ch\\\/#\\\/schema\\\/person\\\/6f650f90b2842cd4c0cc334b4e36f67e\",\"name\":\"thomas.berner\",\"image\":{\"@type\":\"ImageObject\",\"inLanguage\":\"fr-FR\",\"@id\":\"https:\\\/\\\/secure.gravatar.com\\\/avatar\\\/ac5001d2a36cb6c6cd3e50789007ffca834b477b74a2144564522e944eabff61?s=96&d=mm&r=g\",\"url\":\"https:\\\/\\\/secure.gravatar.com\\\/avatar\\\/ac5001d2a36cb6c6cd3e50789007ffca834b477b74a2144564522e944eabff61?s=96&d=mm&r=g\",\"contentUrl\":\"https:\\\/\\\/secure.gravatar.com\\\/avatar\\\/ac5001d2a36cb6c6cd3e50789007ffca834b477b74a2144564522e944eabff61?s=96&d=mm&r=g\",\"caption\":\"thomas.berner\"},\"url\":\"https:\\\/\\\/www.organisator.ch\\\/fr\\\/author\\\/thomas-berner\\\/\"}]}<\/script>\n<!-- \/ Yoast SEO plugin. -->","yoast_head_json":{"title":"Abacus Research renforce son conseil d'administration et sa direction - Organisateur","description":"Lors d'une assembl\u00e9e g\u00e9n\u00e9rale extraordinaire, Abacus Research a \u00e9lu un nouveau pr\u00e9sident du conseil d'administration en la personne de Rainer Kaczmarczyk.","robots":{"index":"index","follow":"follow","max-snippet":"max-snippet:-1","max-image-preview":"max-image-preview:large","max-video-preview":"max-video-preview:-1"},"canonical":"https:\/\/www.organisator.ch\/fr\/gestion-2\/it\/2020-10-02\/abacus-research-verstaerkt-verwaltungsrat-und-geschaeftsleitung\/","og_locale":"fr_FR","og_type":"article","og_title":"Abacus Research verst\u00e4rkt Verwaltungsrat und Gesch\u00e4ftsleitung","og_description":"Abacus Research hat an einer ausserordentlichen Generalversammlung mit Rainer Kaczmarczyk einen neuen Verwaltungsratspr\u00e4sidenten gew\u00e4hlt.","og_url":"https:\/\/www.organisator.ch\/fr\/gestion-2\/it\/2020-10-02\/abacus-research-verstaerkt-verwaltungsrat-und-geschaeftsleitung\/","og_site_name":"Organisator","article_publisher":"https:\/\/www.facebook.com\/OrganisatorFachmagazin","article_published_time":"2020-10-02T06:28:47+00:00","og_image":[{"width":680,"height":453,"url":"https:\/\/www.organisator.ch\/wp-content\/uploads\/2020\/10\/Abacus-Research-verstaerkt-Verwaltungsrat-und-Geschaeftsleitung_Organisator.jpg","type":"image\/jpeg"}],"author":"thomas.berner","twitter_card":"summary_large_image","twitter_title":"#Abacus Research verst\u00e4rkt #Verwaltungsrat und #Gesch\u00e4ftsleitung","twitter_description":"#Abacus Research hat an einer ausserordentlichen #Generalversammlung mit Rainer #Kaczmarczyk einen neuen Verwaltungsratspr\u00e4sidenten gew\u00e4hlt.","twitter_image":"https:\/\/www.organisator.ch\/wp-content\/uploads\/2020\/10\/Abacus-Research-verstaerkt-Verwaltungsrat-und-Geschaeftsleitung_Organisator.jpg","schema":{"@context":"https:\/\/schema.org","@graph":[{"@type":"Article","@id":"https:\/\/www.organisator.ch\/management\/it\/2020-10-02\/abacus-research-verstaerkt-verwaltungsrat-und-geschaeftsleitung\/#article","isPartOf":{"@id":"https:\/\/www.organisator.ch\/management\/it\/2020-10-02\/abacus-research-verstaerkt-verwaltungsrat-und-geschaeftsleitung\/"},"author":{"name":"thomas.berner","@id":"https:\/\/www.organisator.ch\/#\/schema\/person\/6f650f90b2842cd4c0cc334b4e36f67e"},"headline":"Abacus Research verst\u00e4rkt Verwaltungsrat und Gesch\u00e4ftsleitung","datePublished":"2020-10-02T06:28:47+00:00","mainEntityOfPage":{"@id":"https:\/\/www.organisator.ch\/management\/it\/2020-10-02\/abacus-research-verstaerkt-verwaltungsrat-und-geschaeftsleitung\/"},"wordCount":376,"publisher":{"@id":"https:\/\/www.organisator.ch\/#organization"},"image":{"@id":"https:\/\/www.organisator.ch\/management\/it\/2020-10-02\/abacus-research-verstaerkt-verwaltungsrat-und-geschaeftsleitung\/#primaryimage"},"thumbnailUrl":"https:\/\/www.organisator.ch\/wp-content\/uploads\/2020\/10\/Abacus-Research-verstaerkt-Verwaltungsrat-und-Geschaeftsleitung_Organisator.jpg","keywords":["IT","Personalia","Unternehmen","Verwaltungsr\u00e4te"],"articleSection":["IT"],"inLanguage":"fr-FR"},{"@type":"WebPage","@id":"https:\/\/www.organisator.ch\/management\/it\/2020-10-02\/abacus-research-verstaerkt-verwaltungsrat-und-geschaeftsleitung\/","url":"https:\/\/www.organisator.ch\/management\/it\/2020-10-02\/abacus-research-verstaerkt-verwaltungsrat-und-geschaeftsleitung\/","name":"Abacus Research renforce son conseil d'administration et sa direction - Organisateur","isPartOf":{"@id":"https:\/\/www.organisator.ch\/#website"},"primaryImageOfPage":{"@id":"https:\/\/www.organisator.ch\/management\/it\/2020-10-02\/abacus-research-verstaerkt-verwaltungsrat-und-geschaeftsleitung\/#primaryimage"},"image":{"@id":"https:\/\/www.organisator.ch\/management\/it\/2020-10-02\/abacus-research-verstaerkt-verwaltungsrat-und-geschaeftsleitung\/#primaryimage"},"thumbnailUrl":"https:\/\/www.organisator.ch\/wp-content\/uploads\/2020\/10\/Abacus-Research-verstaerkt-Verwaltungsrat-und-Geschaeftsleitung_Organisator.jpg","datePublished":"2020-10-02T06:28:47+00:00","description":"Lors d'une assembl\u00e9e g\u00e9n\u00e9rale extraordinaire, Abacus Research a \u00e9lu un nouveau pr\u00e9sident du conseil d'administration en la personne de Rainer Kaczmarczyk.","breadcrumb":{"@id":"https:\/\/www.organisator.ch\/management\/it\/2020-10-02\/abacus-research-verstaerkt-verwaltungsrat-und-geschaeftsleitung\/#breadcrumb"},"inLanguage":"fr-FR","potentialAction":[{"@type":"ReadAction","target":["https:\/\/www.organisator.ch\/management\/it\/2020-10-02\/abacus-research-verstaerkt-verwaltungsrat-und-geschaeftsleitung\/"]}]},{"@type":"ImageObject","inLanguage":"fr-FR","@id":"https:\/\/www.organisator.ch\/management\/it\/2020-10-02\/abacus-research-verstaerkt-verwaltungsrat-und-geschaeftsleitung\/#primaryimage","url":"https:\/\/www.organisator.ch\/wp-content\/uploads\/2020\/10\/Abacus-Research-verstaerkt-Verwaltungsrat-und-Geschaeftsleitung_Organisator.jpg","contentUrl":"https:\/\/www.organisator.ch\/wp-content\/uploads\/2020\/10\/Abacus-Research-verstaerkt-Verwaltungsrat-und-Geschaeftsleitung_Organisator.jpg","width":680,"height":453,"caption":"Rainer Kaczmarczyk, neuer Verwaltungsratspr\u00e4sident Abacus Research AG. (Bild: zVg \/ Abacus)"},{"@type":"BreadcrumbList","@id":"https:\/\/www.organisator.ch\/management\/it\/2020-10-02\/abacus-research-verstaerkt-verwaltungsrat-und-geschaeftsleitung\/#breadcrumb","itemListElement":[{"@type":"ListItem","position":1,"name":"Home","item":"https:\/\/www.organisator.ch\/"},{"@type":"ListItem","position":2,"name":"Abacus Research verst\u00e4rkt Verwaltungsrat und Gesch\u00e4ftsleitung"}]},{"@type":"WebSite","@id":"https:\/\/www.organisator.ch\/#website","url":"https:\/\/www.organisator.ch\/","name":"Organisateur","description":"Comp\u00e9tence et comp\u00e9tence. Proches de la pratique. L'ORGANISATEUR pr\u00e9pare 10 num\u00e9ros par an sur les th\u00e8mes essentiels pour les dirigeants de PME.","publisher":{"@id":"https:\/\/www.organisator.ch\/#organization"},"potentialAction":[{"@type":"SearchAction","target":{"@type":"EntryPoint","urlTemplate":"https:\/\/www.organisator.ch\/?s={search_term_string}"},"query-input":{"@type":"PropertyValueSpecification","valueRequired":true,"valueName":"search_term_string"}}],"inLanguage":"fr-FR"},{"@type":"Organization","@id":"https:\/\/www.organisator.ch\/#organization","name":"Organisateur","url":"https:\/\/www.organisator.ch\/","logo":{"@type":"ImageObject","inLanguage":"fr-FR","@id":"https:\/\/www.organisator.ch\/#\/schema\/logo\/image\/","url":"https:\/\/www.organisator.ch\/wp-content\/uploads\/2022\/01\/Logo_Organisator_Website.png","contentUrl":"https:\/\/www.organisator.ch\/wp-content\/uploads\/2022\/01\/Logo_Organisator_Website.png","width":800,"height":77,"caption":"Organisator"},"image":{"@id":"https:\/\/www.organisator.ch\/#\/schema\/logo\/image\/"},"sameAs":["https:\/\/www.facebook.com\/OrganisatorFachmagazin","https:\/\/www.linkedin.com\/showcase\/organisator-das-magazin-fr-kmu","https:\/\/www.xing.com\/news\/pages\/organisator-ch-695","https:\/\/www.youtube.com\/channel\/UCGP2Sq0iWaZwT3BdIAQFYpw"]},{"@type":"Person","@id":"https:\/\/www.organisator.ch\/#\/schema\/person\/6f650f90b2842cd4c0cc334b4e36f67e","name":"thomas.berner","image":{"@type":"ImageObject","inLanguage":"fr-FR","@id":"https:\/\/secure.gravatar.com\/avatar\/ac5001d2a36cb6c6cd3e50789007ffca834b477b74a2144564522e944eabff61?s=96&d=mm&r=g","url":"https:\/\/secure.gravatar.com\/avatar\/ac5001d2a36cb6c6cd3e50789007ffca834b477b74a2144564522e944eabff61?s=96&d=mm&r=g","contentUrl":"https:\/\/secure.gravatar.com\/avatar\/ac5001d2a36cb6c6cd3e50789007ffca834b477b74a2144564522e944eabff61?s=96&d=mm&r=g","caption":"thomas.berner"},"url":"https:\/\/www.organisator.ch\/fr\/author\/thomas-berner\/"}]}},"_links":{"self":[{"href":"https:\/\/www.organisator.ch\/fr\/wp-json\/wp\/v2\/posts\/7180","targetHints":{"allow":["GET"]}}],"collection":[{"href":"https:\/\/www.organisator.ch\/fr\/wp-json\/wp\/v2\/posts"}],"about":[{"href":"https:\/\/www.organisator.ch\/fr\/wp-json\/wp\/v2\/types\/post"}],"author":[{"embeddable":true,"href":"https:\/\/www.organisator.ch\/fr\/wp-json\/wp\/v2\/users\/4"}],"replies":[{"embeddable":true,"href":"https:\/\/www.organisator.ch\/fr\/wp-json\/wp\/v2\/comments?post=7180"}],"version-history":[{"count":0,"href":"https:\/\/www.organisator.ch\/fr\/wp-json\/wp\/v2\/posts\/7180\/revisions"}],"wp:featuredmedia":[{"embeddable":true,"href":"https:\/\/www.organisator.ch\/fr\/wp-json\/wp\/v2\/media\/7181"}],"wp:attachment":[{"href":"https:\/\/www.organisator.ch\/fr\/wp-json\/wp\/v2\/media?parent=7180"}],"wp:term":[{"taxonomy":"category","embeddable":true,"href":"https:\/\/www.organisator.ch\/fr\/wp-json\/wp\/v2\/categories?post=7180"},{"taxonomy":"post_tag","embeddable":true,"href":"https:\/\/www.organisator.ch\/fr\/wp-json\/wp\/v2\/tags?post=7180"}],"curies":[{"name":"wp","href":"https:\/\/api.w.org\/{rel}","templated":true}]}}