{"id":7189,"date":"2020-10-02T09:23:25","date_gmt":"2020-10-02T07:23:25","guid":{"rendered":"https:\/\/www.organisator.ch\/?p=7189"},"modified":"2020-10-02T09:23:25","modified_gmt":"2020-10-02T07:23:25","slug":"kraefte-buendeln-fuer-digitale-schweiz-ictswitzerland-und-digitalswitzerland-fusionieren","status":"publish","type":"post","link":"https:\/\/www.organisator.ch\/fr\/management\/it\/2020-10-02\/kraefte-buendeln-fuer-digitale-schweiz-ictswitzerland-und-digitalswitzerland-fusionieren\/","title":{"rendered":"Unir les forces pour la Suisse num\u00e9rique : ICTswitzerland et digitalswitzerland fusionnent"},"content":{"rendered":"<figure id=\"attachment_7190\" aria-describedby=\"caption-attachment-7190\" style=\"width: 680px\" class=\"wp-caption alignnone\"><img loading=\"lazy\" decoding=\"async\" class=\"size-medium wp-image-7190\" src=\"https:\/\/www.organisator.ch\/wp-content\/uploads\/2020\/10\/Kraefte-buendeln-fuer-digitale-Schweiz-ICTswitzerland-und-digitalswitzerland-fusionieren_Organisator.jpg\" alt=\"\" width=\"680\" height=\"405\" srcset=\"https:\/\/www.organisator.ch\/wp-content\/uploads\/2020\/10\/Kraefte-buendeln-fuer-digitale-Schweiz-ICTswitzerland-und-digitalswitzerland-fusionieren_Organisator.jpg 680w, https:\/\/www.organisator.ch\/wp-content\/uploads\/2020\/10\/Kraefte-buendeln-fuer-digitale-Schweiz-ICTswitzerland-und-digitalswitzerland-fusionieren_Organisator-16x10.jpg 16w, https:\/\/www.organisator.ch\/wp-content\/uploads\/2020\/10\/Kraefte-buendeln-fuer-digitale-Schweiz-ICTswitzerland-und-digitalswitzerland-fusionieren_Organisator-294x175.jpg 294w, https:\/\/www.organisator.ch\/wp-content\/uploads\/2020\/10\/Kraefte-buendeln-fuer-digitale-Schweiz-ICTswitzerland-und-digitalswitzerland-fusionieren_Organisator-588x350.jpg 588w, https:\/\/www.organisator.ch\/wp-content\/uploads\/2020\/10\/Kraefte-buendeln-fuer-digitale-Schweiz-ICTswitzerland-und-digitalswitzerland-fusionieren_Organisator-300x179.jpg 300w\" sizes=\"auto, (max-width: 680px) 100vw, 680px\" \/><figcaption id=\"caption-attachment-7190\" class=\"wp-caption-text\">Ensemble pour une Suisse num\u00e9rique : ICTswitzerland et digitalswitzerland unissent leurs forces. (Image : Pixabay.com)<\/figcaption><\/figure>\n<p>Apr\u00e8s la signature en juillet de la d\u00e9claration d'intention de fusion entre l'association fa\u00eeti\u00e8re ICTswitzerland et l'initiative de promotion de l'image de marque digitalswitzerland, les membres des deux organisations ont confirm\u00e9 le projet de fusion lors de leurs assembl\u00e9es respectives. En tant qu'initiative de site, digitalswitzerland s'est jusqu'\u00e0 pr\u00e9sent engag\u00e9e \u00e0 faire de la Suisse le premier hub international d'innovation num\u00e9rique. ICTswitzerland repr\u00e9sentait des th\u00e8mes choisis et transversaux de la num\u00e9risation aupr\u00e8s de la soci\u00e9t\u00e9, de la politique et de l'\u00e9conomie et mettait l'accent sur la cybers\u00e9curit\u00e9 ainsi que sur la formation et le perfectionnement des sp\u00e9cialistes des TIC.<\/p>\n<h2>Engagement commun pour la Suisse num\u00e9rique<\/h2>\n<p>La fusion permet de regrouper les deux orientations et les deux organisations s'unissent sous le nom de digitalswitzerland pour devenir l'organisation fa\u00eeti\u00e8re la plus pertinente de la Suisse num\u00e9rique avec d\u00e9sormais 220 membres. Cette fusion permettra une mise en r\u00e9seau globale dans l'\u00e9cosyst\u00e8me num\u00e9rique de toutes les branches et de l'administration publique. Le positionnement de la Suisse en tant que site num\u00e9rique et d'innovation en Suisse et \u00e0 l'\u00e9tranger s'en trouve renforc\u00e9. Le pr\u00e9sident de digitalswitzerland reste Ivo Furrer, l'actuel pr\u00e9sident d'ICTswitzerland, le conseiller national Marcel Dobler, devient vice-pr\u00e9sident.<\/p>\n<h2>La promotion du num\u00e9rique sur tous les fronts<\/h2>\n<p>L'organisation fa\u00eeti\u00e8re souhaite approfondir des comp\u00e9tences et des th\u00e8mes choisis qui permettront \u00e0 la Suisse de se positionner et de se renforcer de mani\u00e8re cr\u00e9dible en tant que p\u00f4le de recherche et d'innovation num\u00e9rique de premier plan. L'accent est mis, entre autres, sur le d\u00e9veloppement et la mise en \u0153uvre de mesures visant \u00e0 augmenter le nombre de personnes form\u00e9es dans les domaines MINT \u00e0 tous les niveaux du syst\u00e8me \u00e9ducatif, dans le but de couvrir les besoins en main-d'\u0153uvre qualifi\u00e9e. Le d\u00e9veloppement de l'\u00e9cosyst\u00e8me num\u00e9rique doit \u00e9galement \u00eatre encourag\u00e9 par une collaboration intersectorielle afin de permettre une innovation continue. En outre, on s'engage davantage pour l'augmentation de la cyber-r\u00e9silience de l'\u00c9tat, de l'\u00e9conomie et de la soci\u00e9t\u00e9 et pour le respect de normes \u00e9thiques dans le monde num\u00e9rique. Le dialogue public avec la population suisse doit \u00eatre intensifi\u00e9 gr\u00e2ce aux Journ\u00e9es suisses du num\u00e9rique organis\u00e9es dans tout le pays. L'\u00e9cosyst\u00e8me des start-ups continuera \u00e9galement d'\u00eatre encourag\u00e9 afin que les jeunes entrepreneurs b\u00e9n\u00e9ficient d'un soutien optimal en termes de croissance et de mise \u00e0 l'\u00e9chelle. Sur le plan politique, les membres de digitalswitzerland s'engageront pour les th\u00e8mes et les pr\u00e9occupations num\u00e9riques. Un premier engagement commun est l'introduction rapide de l'e-ID, reconnue et contr\u00f4l\u00e9e par l'Etat.<\/p>\n<h2>Trois bureaux<\/h2>\n<p>La fusion a \u00e9t\u00e9 d\u00e9cid\u00e9e le 1er octobre et devrait \u00eatre r\u00e9alis\u00e9e d'ici fin 2020. L'organisation fa\u00eeti\u00e8re disposera \u00e0 l'avenir de trois bureaux \u00e0 Lausanne, Berne et Zurich. Nicolas B\u00fcrer assume la responsabilit\u00e9 g\u00e9n\u00e9rale de digitalswitzerland. Andreas W. Kaelin est directeur adjoint et responsable du site de Berne. Il est responsable de la d\u00e9fense des int\u00e9r\u00eats politiques ainsi que des dossiers de la cybers\u00e9curit\u00e9 et de la formation professionnelle TIC. S\u00e9bastien Kulling continuera \u00e0 diriger le site de Lausanne en tant que directeur adjoint. Il est responsable de toutes les activit\u00e9s et de tous les membres en Suisse romande.<\/p>\n<p><em>Source : <a href=\"http:\/\/www.ictswitzerland.ch\/\">www.ictswitzerland.ch<\/a> et <a style=\"font-style: inherit; font-weight: inherit;\" href=\"http:\/\/www.digitalswitzerland.com\/\">www.digitalswitzerland.com<\/a><\/em><\/p>","protected":false},"excerpt":{"rendered":"<p>Nachdem im Juli die Absichtserkl\u00e4rung des Dachverbands ICTswitzerland und der Standortinitiative digitalswitzerland zur Fusion unterzeichnet wurde, best\u00e4tigten nun auch die Mitglieder beider Organisationen das Fusionsvorhaben an den jeweiligen Vereinsversammlungen. Als Standortinitiative setzte sich digitalswitzerland bisher daf\u00fcr ein, die Schweiz zum f\u00fchrenden internationalen digitalen Innovationshub zu etablieren. ICTswitzerland vertrat ausgew\u00e4hlte und \u00fcbergreifende Themen der Digitalisierung gegen\u00fcber [&hellip;]<\/p>\n","protected":false},"author":4,"featured_media":7190,"comment_status":"closed","ping_status":"closed","sticky":false,"template":"","format":"standard","meta":{"_acf_changed":false,"_yoast_wpseo_focuskw":"digitale Schweiz","_yoast_wpseo_metadesc":"Die Mitgliederversammlungen von digitalswitzerland und ICTswitzerland haben die Fusion beschlossen und b\u00fcndeln ihre Kr\u00e4fte f\u00fcr eine digitale Schweiz.","articlekey":"","footnotes":""},"categories":[27],"tags":[286,503,531],"class_list":["post-7189","post","type-post","status-publish","format-standard","has-post-thumbnail","hentry","category-it","tag-it","tag-verbaende","tag-wirtschaftspolitik"],"acf":[],"yoast_head":"<!-- This site is optimized with the Yoast SEO plugin v27.5 - https:\/\/yoast.com\/product\/yoast-seo-wordpress\/ -->\n<title>Kr\u00e4fte b\u00fcndeln f\u00fcr digitale Schweiz: ICTswitzerland und digitalswitzerland fusionieren - Organisator<\/title>\n<meta name=\"description\" content=\"Die Mitgliederversammlungen von digitalswitzerland und ICTswitzerland haben die Fusion beschlossen und b\u00fcndeln ihre Kr\u00e4fte f\u00fcr eine digitale Schweiz.\" \/>\n<meta name=\"robots\" content=\"index, follow, max-snippet:-1, max-image-preview:large, max-video-preview:-1\" \/>\n<link rel=\"canonical\" href=\"https:\/\/www.organisator.ch\/fr\/gestion-2\/it\/2020-10-02\/kraefte-buendeln-fuer-digitale-schweiz-ictswitzerland-und-digitalswitzerland-fusionieren\/\" \/>\n<meta property=\"og:locale\" content=\"fr_FR\" \/>\n<meta property=\"og:type\" content=\"article\" \/>\n<meta property=\"og:title\" content=\"Kr\u00e4fte b\u00fcndeln f\u00fcr digitale Schweiz: ICTswitzerland und digitalswitzerland fusionieren\" \/>\n<meta property=\"og:description\" content=\"Die Mitgliederversammlungen von digitalswitzerland und ICTswitzerland haben die Fusion beschlossen und b\u00fcndeln ihre Kr\u00e4fte f\u00fcr eine digitale Schweiz.\" \/>\n<meta property=\"og:url\" content=\"https:\/\/www.organisator.ch\/fr\/gestion-2\/it\/2020-10-02\/kraefte-buendeln-fuer-digitale-schweiz-ictswitzerland-und-digitalswitzerland-fusionieren\/\" \/>\n<meta property=\"og:site_name\" content=\"Organisator\" \/>\n<meta property=\"article:publisher\" content=\"https:\/\/www.facebook.com\/OrganisatorFachmagazin\" \/>\n<meta property=\"article:published_time\" content=\"2020-10-02T07:23:25+00:00\" \/>\n<meta property=\"og:image\" content=\"https:\/\/www.organisator.ch\/wp-content\/uploads\/2020\/10\/Kraefte-buendeln-fuer-digitale-Schweiz-ICTswitzerland-und-digitalswitzerland-fusionieren_Organisator.jpg\" \/>\n\t<meta property=\"og:image:width\" content=\"680\" \/>\n\t<meta property=\"og:image:height\" content=\"405\" \/>\n\t<meta property=\"og:image:type\" content=\"image\/jpeg\" \/>\n<meta name=\"author\" content=\"thomas.berner\" \/>\n<meta name=\"twitter:card\" content=\"summary_large_image\" \/>\n<meta name=\"twitter:title\" content=\"Kr\u00e4fte b\u00fcndeln f\u00fcr digitale Schweiz: #ICTswitzerland und #digitalswitzerland fusionieren\" \/>\n<meta name=\"twitter:description\" content=\"Die Mitgliederversammlungen von #digitalswitzerland und #ICTswitzerland haben die Fusion beschlossen und b\u00fcndeln ihre Kr\u00e4fte f\u00fcr eine digitale Schweiz.\" \/>\n<meta name=\"twitter:image\" content=\"https:\/\/www.organisator.ch\/wp-content\/uploads\/2020\/10\/Kraefte-buendeln-fuer-digitale-Schweiz-ICTswitzerland-und-digitalswitzerland-fusionieren_Organisator.jpg\" \/>\n<script type=\"application\/ld+json\" class=\"yoast-schema-graph\">{\"@context\":\"https:\\\/\\\/schema.org\",\"@graph\":[{\"@type\":\"Article\",\"@id\":\"https:\\\/\\\/www.organisator.ch\\\/management\\\/it\\\/2020-10-02\\\/kraefte-buendeln-fuer-digitale-schweiz-ictswitzerland-und-digitalswitzerland-fusionieren\\\/#article\",\"isPartOf\":{\"@id\":\"https:\\\/\\\/www.organisator.ch\\\/management\\\/it\\\/2020-10-02\\\/kraefte-buendeln-fuer-digitale-schweiz-ictswitzerland-und-digitalswitzerland-fusionieren\\\/\"},\"author\":{\"name\":\"thomas.berner\",\"@id\":\"https:\\\/\\\/www.organisator.ch\\\/#\\\/schema\\\/person\\\/6f650f90b2842cd4c0cc334b4e36f67e\"},\"headline\":\"Kr\u00e4fte b\u00fcndeln f\u00fcr digitale Schweiz: ICTswitzerland und digitalswitzerland fusionieren\",\"datePublished\":\"2020-10-02T07:23:25+00:00\",\"mainEntityOfPage\":{\"@id\":\"https:\\\/\\\/www.organisator.ch\\\/management\\\/it\\\/2020-10-02\\\/kraefte-buendeln-fuer-digitale-schweiz-ictswitzerland-und-digitalswitzerland-fusionieren\\\/\"},\"wordCount\":492,\"publisher\":{\"@id\":\"https:\\\/\\\/www.organisator.ch\\\/#organization\"},\"image\":{\"@id\":\"https:\\\/\\\/www.organisator.ch\\\/management\\\/it\\\/2020-10-02\\\/kraefte-buendeln-fuer-digitale-schweiz-ictswitzerland-und-digitalswitzerland-fusionieren\\\/#primaryimage\"},\"thumbnailUrl\":\"https:\\\/\\\/www.organisator.ch\\\/wp-content\\\/uploads\\\/2020\\\/10\\\/Kraefte-buendeln-fuer-digitale-Schweiz-ICTswitzerland-und-digitalswitzerland-fusionieren_Organisator.jpg\",\"keywords\":[\"IT\",\"Verb\u00e4nde\",\"Wirtschaftspolitik\"],\"articleSection\":[\"IT\"],\"inLanguage\":\"fr-FR\"},{\"@type\":\"WebPage\",\"@id\":\"https:\\\/\\\/www.organisator.ch\\\/management\\\/it\\\/2020-10-02\\\/kraefte-buendeln-fuer-digitale-schweiz-ictswitzerland-und-digitalswitzerland-fusionieren\\\/\",\"url\":\"https:\\\/\\\/www.organisator.ch\\\/management\\\/it\\\/2020-10-02\\\/kraefte-buendeln-fuer-digitale-schweiz-ictswitzerland-und-digitalswitzerland-fusionieren\\\/\",\"name\":\"Kr\u00e4fte b\u00fcndeln f\u00fcr digitale Schweiz: ICTswitzerland und digitalswitzerland fusionieren - Organisator\",\"isPartOf\":{\"@id\":\"https:\\\/\\\/www.organisator.ch\\\/#website\"},\"primaryImageOfPage\":{\"@id\":\"https:\\\/\\\/www.organisator.ch\\\/management\\\/it\\\/2020-10-02\\\/kraefte-buendeln-fuer-digitale-schweiz-ictswitzerland-und-digitalswitzerland-fusionieren\\\/#primaryimage\"},\"image\":{\"@id\":\"https:\\\/\\\/www.organisator.ch\\\/management\\\/it\\\/2020-10-02\\\/kraefte-buendeln-fuer-digitale-schweiz-ictswitzerland-und-digitalswitzerland-fusionieren\\\/#primaryimage\"},\"thumbnailUrl\":\"https:\\\/\\\/www.organisator.ch\\\/wp-content\\\/uploads\\\/2020\\\/10\\\/Kraefte-buendeln-fuer-digitale-Schweiz-ICTswitzerland-und-digitalswitzerland-fusionieren_Organisator.jpg\",\"datePublished\":\"2020-10-02T07:23:25+00:00\",\"description\":\"Die Mitgliederversammlungen von digitalswitzerland und ICTswitzerland haben die Fusion beschlossen und b\u00fcndeln ihre Kr\u00e4fte f\u00fcr eine digitale Schweiz.\",\"breadcrumb\":{\"@id\":\"https:\\\/\\\/www.organisator.ch\\\/management\\\/it\\\/2020-10-02\\\/kraefte-buendeln-fuer-digitale-schweiz-ictswitzerland-und-digitalswitzerland-fusionieren\\\/#breadcrumb\"},\"inLanguage\":\"fr-FR\",\"potentialAction\":[{\"@type\":\"ReadAction\",\"target\":[\"https:\\\/\\\/www.organisator.ch\\\/management\\\/it\\\/2020-10-02\\\/kraefte-buendeln-fuer-digitale-schweiz-ictswitzerland-und-digitalswitzerland-fusionieren\\\/\"]}]},{\"@type\":\"ImageObject\",\"inLanguage\":\"fr-FR\",\"@id\":\"https:\\\/\\\/www.organisator.ch\\\/management\\\/it\\\/2020-10-02\\\/kraefte-buendeln-fuer-digitale-schweiz-ictswitzerland-und-digitalswitzerland-fusionieren\\\/#primaryimage\",\"url\":\"https:\\\/\\\/www.organisator.ch\\\/wp-content\\\/uploads\\\/2020\\\/10\\\/Kraefte-buendeln-fuer-digitale-Schweiz-ICTswitzerland-und-digitalswitzerland-fusionieren_Organisator.jpg\",\"contentUrl\":\"https:\\\/\\\/www.organisator.ch\\\/wp-content\\\/uploads\\\/2020\\\/10\\\/Kraefte-buendeln-fuer-digitale-Schweiz-ICTswitzerland-und-digitalswitzerland-fusionieren_Organisator.jpg\",\"width\":680,\"height\":405,\"caption\":\"Gemeinsam f\u00fcr eine digitale Schweiz: ICTswitzerland und digitalswitzerland b\u00fcndeln ihre Kr\u00e4fte. (Bild: Pixabay.com)\"},{\"@type\":\"BreadcrumbList\",\"@id\":\"https:\\\/\\\/www.organisator.ch\\\/management\\\/it\\\/2020-10-02\\\/kraefte-buendeln-fuer-digitale-schweiz-ictswitzerland-und-digitalswitzerland-fusionieren\\\/#breadcrumb\",\"itemListElement\":[{\"@type\":\"ListItem\",\"position\":1,\"name\":\"Home\",\"item\":\"https:\\\/\\\/www.organisator.ch\\\/\"},{\"@type\":\"ListItem\",\"position\":2,\"name\":\"Kr\u00e4fte b\u00fcndeln f\u00fcr digitale Schweiz: ICTswitzerland und digitalswitzerland fusionieren\"}]},{\"@type\":\"WebSite\",\"@id\":\"https:\\\/\\\/www.organisator.ch\\\/#website\",\"url\":\"https:\\\/\\\/www.organisator.ch\\\/\",\"name\":\"Organisator\",\"description\":\"Kompetent. Praxisnah. Der ORGANISATOR bereitet in 10 Ausgaben pro Jahr die wesentlichen Themen f\u00fcr F\u00fchrungskr\u00e4fte von KMU auf.\",\"publisher\":{\"@id\":\"https:\\\/\\\/www.organisator.ch\\\/#organization\"},\"potentialAction\":[{\"@type\":\"SearchAction\",\"target\":{\"@type\":\"EntryPoint\",\"urlTemplate\":\"https:\\\/\\\/www.organisator.ch\\\/?s={search_term_string}\"},\"query-input\":{\"@type\":\"PropertyValueSpecification\",\"valueRequired\":true,\"valueName\":\"search_term_string\"}}],\"inLanguage\":\"fr-FR\"},{\"@type\":\"Organization\",\"@id\":\"https:\\\/\\\/www.organisator.ch\\\/#organization\",\"name\":\"Organisator\",\"url\":\"https:\\\/\\\/www.organisator.ch\\\/\",\"logo\":{\"@type\":\"ImageObject\",\"inLanguage\":\"fr-FR\",\"@id\":\"https:\\\/\\\/www.organisator.ch\\\/#\\\/schema\\\/logo\\\/image\\\/\",\"url\":\"https:\\\/\\\/www.organisator.ch\\\/wp-content\\\/uploads\\\/2022\\\/01\\\/Logo_Organisator_Website.png\",\"contentUrl\":\"https:\\\/\\\/www.organisator.ch\\\/wp-content\\\/uploads\\\/2022\\\/01\\\/Logo_Organisator_Website.png\",\"width\":800,\"height\":77,\"caption\":\"Organisator\"},\"image\":{\"@id\":\"https:\\\/\\\/www.organisator.ch\\\/#\\\/schema\\\/logo\\\/image\\\/\"},\"sameAs\":[\"https:\\\/\\\/www.facebook.com\\\/OrganisatorFachmagazin\",\"https:\\\/\\\/www.linkedin.com\\\/showcase\\\/organisator-das-magazin-fr-kmu\",\"https:\\\/\\\/www.xing.com\\\/news\\\/pages\\\/organisator-ch-695\",\"https:\\\/\\\/www.youtube.com\\\/channel\\\/UCGP2Sq0iWaZwT3BdIAQFYpw\"]},{\"@type\":\"Person\",\"@id\":\"https:\\\/\\\/www.organisator.ch\\\/#\\\/schema\\\/person\\\/6f650f90b2842cd4c0cc334b4e36f67e\",\"name\":\"thomas.berner\",\"image\":{\"@type\":\"ImageObject\",\"inLanguage\":\"fr-FR\",\"@id\":\"https:\\\/\\\/secure.gravatar.com\\\/avatar\\\/ac5001d2a36cb6c6cd3e50789007ffca834b477b74a2144564522e944eabff61?s=96&d=mm&r=g\",\"url\":\"https:\\\/\\\/secure.gravatar.com\\\/avatar\\\/ac5001d2a36cb6c6cd3e50789007ffca834b477b74a2144564522e944eabff61?s=96&d=mm&r=g\",\"contentUrl\":\"https:\\\/\\\/secure.gravatar.com\\\/avatar\\\/ac5001d2a36cb6c6cd3e50789007ffca834b477b74a2144564522e944eabff61?s=96&d=mm&r=g\",\"caption\":\"thomas.berner\"},\"url\":\"https:\\\/\\\/www.organisator.ch\\\/fr\\\/author\\\/thomas-berner\\\/\"}]}<\/script>\n<!-- \/ Yoast SEO plugin. -->","yoast_head_json":{"title":"Unir les forces pour la Suisse num\u00e9rique : ICTswitzerland et digitalswitzerland fusionnent - Organisateur","description":"Les assembl\u00e9es g\u00e9n\u00e9rales de digitalswitzerland et d'ICTswitzerland ont d\u00e9cid\u00e9 de fusionner et d'unir leurs forces pour une Suisse num\u00e9rique.","robots":{"index":"index","follow":"follow","max-snippet":"max-snippet:-1","max-image-preview":"max-image-preview:large","max-video-preview":"max-video-preview:-1"},"canonical":"https:\/\/www.organisator.ch\/fr\/gestion-2\/it\/2020-10-02\/kraefte-buendeln-fuer-digitale-schweiz-ictswitzerland-und-digitalswitzerland-fusionieren\/","og_locale":"fr_FR","og_type":"article","og_title":"Kr\u00e4fte b\u00fcndeln f\u00fcr digitale Schweiz: ICTswitzerland und digitalswitzerland fusionieren","og_description":"Die Mitgliederversammlungen von digitalswitzerland und ICTswitzerland haben die Fusion beschlossen und b\u00fcndeln ihre Kr\u00e4fte f\u00fcr eine digitale Schweiz.","og_url":"https:\/\/www.organisator.ch\/fr\/gestion-2\/it\/2020-10-02\/kraefte-buendeln-fuer-digitale-schweiz-ictswitzerland-und-digitalswitzerland-fusionieren\/","og_site_name":"Organisator","article_publisher":"https:\/\/www.facebook.com\/OrganisatorFachmagazin","article_published_time":"2020-10-02T07:23:25+00:00","og_image":[{"width":680,"height":405,"url":"https:\/\/www.organisator.ch\/wp-content\/uploads\/2020\/10\/Kraefte-buendeln-fuer-digitale-Schweiz-ICTswitzerland-und-digitalswitzerland-fusionieren_Organisator.jpg","type":"image\/jpeg"}],"author":"thomas.berner","twitter_card":"summary_large_image","twitter_title":"Kr\u00e4fte b\u00fcndeln f\u00fcr digitale Schweiz: #ICTswitzerland und #digitalswitzerland fusionieren","twitter_description":"Die Mitgliederversammlungen von #digitalswitzerland und #ICTswitzerland haben die Fusion beschlossen und b\u00fcndeln ihre Kr\u00e4fte f\u00fcr eine digitale Schweiz.","twitter_image":"https:\/\/www.organisator.ch\/wp-content\/uploads\/2020\/10\/Kraefte-buendeln-fuer-digitale-Schweiz-ICTswitzerland-und-digitalswitzerland-fusionieren_Organisator.jpg","schema":{"@context":"https:\/\/schema.org","@graph":[{"@type":"Article","@id":"https:\/\/www.organisator.ch\/management\/it\/2020-10-02\/kraefte-buendeln-fuer-digitale-schweiz-ictswitzerland-und-digitalswitzerland-fusionieren\/#article","isPartOf":{"@id":"https:\/\/www.organisator.ch\/management\/it\/2020-10-02\/kraefte-buendeln-fuer-digitale-schweiz-ictswitzerland-und-digitalswitzerland-fusionieren\/"},"author":{"name":"thomas.berner","@id":"https:\/\/www.organisator.ch\/#\/schema\/person\/6f650f90b2842cd4c0cc334b4e36f67e"},"headline":"Kr\u00e4fte b\u00fcndeln f\u00fcr digitale Schweiz: ICTswitzerland und digitalswitzerland fusionieren","datePublished":"2020-10-02T07:23:25+00:00","mainEntityOfPage":{"@id":"https:\/\/www.organisator.ch\/management\/it\/2020-10-02\/kraefte-buendeln-fuer-digitale-schweiz-ictswitzerland-und-digitalswitzerland-fusionieren\/"},"wordCount":492,"publisher":{"@id":"https:\/\/www.organisator.ch\/#organization"},"image":{"@id":"https:\/\/www.organisator.ch\/management\/it\/2020-10-02\/kraefte-buendeln-fuer-digitale-schweiz-ictswitzerland-und-digitalswitzerland-fusionieren\/#primaryimage"},"thumbnailUrl":"https:\/\/www.organisator.ch\/wp-content\/uploads\/2020\/10\/Kraefte-buendeln-fuer-digitale-Schweiz-ICTswitzerland-und-digitalswitzerland-fusionieren_Organisator.jpg","keywords":["IT","Verb\u00e4nde","Wirtschaftspolitik"],"articleSection":["IT"],"inLanguage":"fr-FR"},{"@type":"WebPage","@id":"https:\/\/www.organisator.ch\/management\/it\/2020-10-02\/kraefte-buendeln-fuer-digitale-schweiz-ictswitzerland-und-digitalswitzerland-fusionieren\/","url":"https:\/\/www.organisator.ch\/management\/it\/2020-10-02\/kraefte-buendeln-fuer-digitale-schweiz-ictswitzerland-und-digitalswitzerland-fusionieren\/","name":"Unir les forces pour la Suisse num\u00e9rique : ICTswitzerland et digitalswitzerland fusionnent - Organisateur","isPartOf":{"@id":"https:\/\/www.organisator.ch\/#website"},"primaryImageOfPage":{"@id":"https:\/\/www.organisator.ch\/management\/it\/2020-10-02\/kraefte-buendeln-fuer-digitale-schweiz-ictswitzerland-und-digitalswitzerland-fusionieren\/#primaryimage"},"image":{"@id":"https:\/\/www.organisator.ch\/management\/it\/2020-10-02\/kraefte-buendeln-fuer-digitale-schweiz-ictswitzerland-und-digitalswitzerland-fusionieren\/#primaryimage"},"thumbnailUrl":"https:\/\/www.organisator.ch\/wp-content\/uploads\/2020\/10\/Kraefte-buendeln-fuer-digitale-Schweiz-ICTswitzerland-und-digitalswitzerland-fusionieren_Organisator.jpg","datePublished":"2020-10-02T07:23:25+00:00","description":"Les assembl\u00e9es g\u00e9n\u00e9rales de digitalswitzerland et d'ICTswitzerland ont d\u00e9cid\u00e9 de fusionner et d'unir leurs forces pour une Suisse num\u00e9rique.","breadcrumb":{"@id":"https:\/\/www.organisator.ch\/management\/it\/2020-10-02\/kraefte-buendeln-fuer-digitale-schweiz-ictswitzerland-und-digitalswitzerland-fusionieren\/#breadcrumb"},"inLanguage":"fr-FR","potentialAction":[{"@type":"ReadAction","target":["https:\/\/www.organisator.ch\/management\/it\/2020-10-02\/kraefte-buendeln-fuer-digitale-schweiz-ictswitzerland-und-digitalswitzerland-fusionieren\/"]}]},{"@type":"ImageObject","inLanguage":"fr-FR","@id":"https:\/\/www.organisator.ch\/management\/it\/2020-10-02\/kraefte-buendeln-fuer-digitale-schweiz-ictswitzerland-und-digitalswitzerland-fusionieren\/#primaryimage","url":"https:\/\/www.organisator.ch\/wp-content\/uploads\/2020\/10\/Kraefte-buendeln-fuer-digitale-Schweiz-ICTswitzerland-und-digitalswitzerland-fusionieren_Organisator.jpg","contentUrl":"https:\/\/www.organisator.ch\/wp-content\/uploads\/2020\/10\/Kraefte-buendeln-fuer-digitale-Schweiz-ICTswitzerland-und-digitalswitzerland-fusionieren_Organisator.jpg","width":680,"height":405,"caption":"Gemeinsam f\u00fcr eine digitale Schweiz: ICTswitzerland und digitalswitzerland b\u00fcndeln ihre Kr\u00e4fte. (Bild: Pixabay.com)"},{"@type":"BreadcrumbList","@id":"https:\/\/www.organisator.ch\/management\/it\/2020-10-02\/kraefte-buendeln-fuer-digitale-schweiz-ictswitzerland-und-digitalswitzerland-fusionieren\/#breadcrumb","itemListElement":[{"@type":"ListItem","position":1,"name":"Home","item":"https:\/\/www.organisator.ch\/"},{"@type":"ListItem","position":2,"name":"Kr\u00e4fte b\u00fcndeln f\u00fcr digitale Schweiz: ICTswitzerland und digitalswitzerland fusionieren"}]},{"@type":"WebSite","@id":"https:\/\/www.organisator.ch\/#website","url":"https:\/\/www.organisator.ch\/","name":"Organisateur","description":"Comp\u00e9tence et comp\u00e9tence. Proches de la pratique. L'ORGANISATEUR pr\u00e9pare 10 num\u00e9ros par an sur les th\u00e8mes essentiels pour les dirigeants de PME.","publisher":{"@id":"https:\/\/www.organisator.ch\/#organization"},"potentialAction":[{"@type":"SearchAction","target":{"@type":"EntryPoint","urlTemplate":"https:\/\/www.organisator.ch\/?s={search_term_string}"},"query-input":{"@type":"PropertyValueSpecification","valueRequired":true,"valueName":"search_term_string"}}],"inLanguage":"fr-FR"},{"@type":"Organization","@id":"https:\/\/www.organisator.ch\/#organization","name":"Organisateur","url":"https:\/\/www.organisator.ch\/","logo":{"@type":"ImageObject","inLanguage":"fr-FR","@id":"https:\/\/www.organisator.ch\/#\/schema\/logo\/image\/","url":"https:\/\/www.organisator.ch\/wp-content\/uploads\/2022\/01\/Logo_Organisator_Website.png","contentUrl":"https:\/\/www.organisator.ch\/wp-content\/uploads\/2022\/01\/Logo_Organisator_Website.png","width":800,"height":77,"caption":"Organisator"},"image":{"@id":"https:\/\/www.organisator.ch\/#\/schema\/logo\/image\/"},"sameAs":["https:\/\/www.facebook.com\/OrganisatorFachmagazin","https:\/\/www.linkedin.com\/showcase\/organisator-das-magazin-fr-kmu","https:\/\/www.xing.com\/news\/pages\/organisator-ch-695","https:\/\/www.youtube.com\/channel\/UCGP2Sq0iWaZwT3BdIAQFYpw"]},{"@type":"Person","@id":"https:\/\/www.organisator.ch\/#\/schema\/person\/6f650f90b2842cd4c0cc334b4e36f67e","name":"thomas.berner","image":{"@type":"ImageObject","inLanguage":"fr-FR","@id":"https:\/\/secure.gravatar.com\/avatar\/ac5001d2a36cb6c6cd3e50789007ffca834b477b74a2144564522e944eabff61?s=96&d=mm&r=g","url":"https:\/\/secure.gravatar.com\/avatar\/ac5001d2a36cb6c6cd3e50789007ffca834b477b74a2144564522e944eabff61?s=96&d=mm&r=g","contentUrl":"https:\/\/secure.gravatar.com\/avatar\/ac5001d2a36cb6c6cd3e50789007ffca834b477b74a2144564522e944eabff61?s=96&d=mm&r=g","caption":"thomas.berner"},"url":"https:\/\/www.organisator.ch\/fr\/author\/thomas-berner\/"}]}},"_links":{"self":[{"href":"https:\/\/www.organisator.ch\/fr\/wp-json\/wp\/v2\/posts\/7189","targetHints":{"allow":["GET"]}}],"collection":[{"href":"https:\/\/www.organisator.ch\/fr\/wp-json\/wp\/v2\/posts"}],"about":[{"href":"https:\/\/www.organisator.ch\/fr\/wp-json\/wp\/v2\/types\/post"}],"author":[{"embeddable":true,"href":"https:\/\/www.organisator.ch\/fr\/wp-json\/wp\/v2\/users\/4"}],"replies":[{"embeddable":true,"href":"https:\/\/www.organisator.ch\/fr\/wp-json\/wp\/v2\/comments?post=7189"}],"version-history":[{"count":0,"href":"https:\/\/www.organisator.ch\/fr\/wp-json\/wp\/v2\/posts\/7189\/revisions"}],"wp:featuredmedia":[{"embeddable":true,"href":"https:\/\/www.organisator.ch\/fr\/wp-json\/wp\/v2\/media\/7190"}],"wp:attachment":[{"href":"https:\/\/www.organisator.ch\/fr\/wp-json\/wp\/v2\/media?parent=7189"}],"wp:term":[{"taxonomy":"category","embeddable":true,"href":"https:\/\/www.organisator.ch\/fr\/wp-json\/wp\/v2\/categories?post=7189"},{"taxonomy":"post_tag","embeddable":true,"href":"https:\/\/www.organisator.ch\/fr\/wp-json\/wp\/v2\/tags?post=7189"}],"curies":[{"name":"wp","href":"https:\/\/api.w.org\/{rel}","templated":true}]}}