{"id":7196,"date":"2020-10-07T08:22:52","date_gmt":"2020-10-07T06:22:52","guid":{"rendered":"https:\/\/www.organisator.ch\/?p=7196"},"modified":"2020-10-07T08:22:52","modified_gmt":"2020-10-07T06:22:52","slug":"wertschaetzend-fuehren-und-kommunizieren-in-krisensituationen-14-tipps","status":"publish","type":"post","link":"https:\/\/www.organisator.ch\/fr\/management\/2020-10-07\/wertschaetzend-fuehren-und-kommunizieren-in-krisensituationen-14-tipps\/","title":{"rendered":"Diriger et communiquer de mani\u00e8re respectueuse en situation de crise : 14 conseils"},"content":{"rendered":"<figure id=\"attachment_7197\" aria-describedby=\"caption-attachment-7197\" style=\"width: 680px\" class=\"wp-caption alignnone\"><img loading=\"lazy\" decoding=\"async\" class=\"size-medium wp-image-7197\" src=\"https:\/\/www.organisator.ch\/wp-content\/uploads\/2020\/10\/Wertschaetzend-fuehren-und-kommunizieren-in-Krisensituationen-14-Tipps_Organisator.jpg\" alt=\"\" width=\"680\" height=\"425\" srcset=\"https:\/\/www.organisator.ch\/wp-content\/uploads\/2020\/10\/Wertschaetzend-fuehren-und-kommunizieren-in-Krisensituationen-14-Tipps_Organisator.jpg 680w, https:\/\/www.organisator.ch\/wp-content\/uploads\/2020\/10\/Wertschaetzend-fuehren-und-kommunizieren-in-Krisensituationen-14-Tipps_Organisator-16x10.jpg 16w, https:\/\/www.organisator.ch\/wp-content\/uploads\/2020\/10\/Wertschaetzend-fuehren-und-kommunizieren-in-Krisensituationen-14-Tipps_Organisator-280x175.jpg 280w, https:\/\/www.organisator.ch\/wp-content\/uploads\/2020\/10\/Wertschaetzend-fuehren-und-kommunizieren-in-Krisensituationen-14-Tipps_Organisator-560x350.jpg 560w, https:\/\/www.organisator.ch\/wp-content\/uploads\/2020\/10\/Wertschaetzend-fuehren-und-kommunizieren-in-Krisensituationen-14-Tipps_Organisator-300x188.jpg 300w\" sizes=\"auto, (max-width: 680px) 100vw, 680px\" \/><figcaption id=\"caption-attachment-7197\" class=\"wp-caption-text\">Diriger avec estime et r\u00e9unir tout le monde autour d'une table : on a tendance \u00e0 l'oublier, surtout lorsque les choses ne vont pas tr\u00e8s bien dans l'entreprise... (Image : Pixabay.com)<\/figcaption><\/figure>\n<p>Les cadres devraient entretenir avec leurs collaborateurs un rapport empreint d'estime et de respect mutuel. \"Diriger avec estime\" - c'est ce qui est souvent soulign\u00e9 dans les s\u00e9minaires de direction. Mais dans le travail quotidien, les collaborateurs ne ressentent souvent pas grand-chose de cela. Il n'est pas rare qu'il y r\u00e8gne un ton plut\u00f4t rude : en particulier lorsque la charpente de l'entreprise est en feu - par exemple parce que les recettes s'effondrent - et que les cadres eux-m\u00eames sont soumis \u00e0 une forte pression. Dans ce cas, les r\u00e8gles de comportement les plus banales, qui s'appliquent pourtant aux relations humaines, sont souvent oubli\u00e9es.<\/p>\n<h2>Diriger en appr\u00e9ciant : 14 conseils<\/h2>\n<ol>\n<li>Avant de communiquer avec vos collaborateurs, r\u00e9fl\u00e9chissez \u00e0 leur \u00e9tat d'esprit. C'est particuli\u00e8rement important dans les situations de crise, car celles-ci d\u00e9stabilisent \u00e9galement vos collaborateurs.<\/li>\n<li>Ne r\u00e9digez et n'envoyez jamais un e-mail spontan\u00e9ment, par exemple sous le coup de la col\u00e8re. Vous le regretterez peu de temps apr\u00e8s. Enregistrez d'abord le mail dans le dossier \"Brouillons\" et relisez-le une ou deux fois avant d'appuyer sur le bouton \"Envoyer\".<\/li>\n<li>Avant de communiquer avec vos collaborateurs, quel que soit le canal utilis\u00e9, r\u00e9fl\u00e9chissez toujours \u00e0 votre propre \u00e9tat d'esprit. Si vous ne vous sentez pas capable de communiquer de mani\u00e8re respectueuse, reportez la discussion ou commencez par faire quelque chose pour am\u00e9liorer votre humeur.<\/li>\n<li>Acceptez le fait que vous \u00eates vous aussi un \u00eatre de chair et de sang et que vous ne r\u00e9agissez souvent pas de mani\u00e8re aussi rationnelle que vous le souhaiteriez. Prenez conscience des \u00e9motions que vous ressentez actuellement et qui influencent vos sentiments et vos actions. Les \u00e9motions ne sont pas des maladies, elles font partie de nous.<\/li>\n<li>Si vous vous sentez incertain ou m\u00eame impuissant face \u00e0 la situation actuelle, affrontez-la - si possible avec des personnalit\u00e9s stables et r\u00e9fl\u00e9chies de votre r\u00e9seau ou un bon coach. Gagnez en assurance autant que possible, sans vous faire d'illusions. Prenez les choses en main au lieu d'\u00eatre une \"victime des circonstances\".<\/li>\n<li>Essayez d'accepter les mauvaises circonstances ou conditions g\u00e9n\u00e9rales comme le temps qu'il fait - conform\u00e9ment \u00e0 la maxime : \"Change it, love it or leave it\". Il existe des v\u00eatements adapt\u00e9s \u00e0 chaque temps et un comportement ad\u00e9quat pour chaque situation ou constellation.<\/li>\n<li>En tant que cadre, vous devez \u00eatre en mesure de g\u00e9rer vos \u00e9motions, car il est de votre devoir d'orienter et de soutenir vos collaborateurs. Veillez \u00e0 toujours voir la lueur d'espoir \u00e0 l'horizon ou la lumi\u00e8re au bout du tunnel. Par exemple, en prenant conscience des difficult\u00e9s que vous et votre \u00e9quipe avez d\u00e9j\u00e0 surmont\u00e9es par le pass\u00e9.<\/li>\n<li>En situation de crise, cherchez davantage le dialogue personnel avec vos collaborateurs. Demandez-leur comment ils se sentent. Donnez-leur \u00e9galement un aper\u00e7u de votre vie \u00e9motionnelle. Cela vous rendra plus humain et consolidera leur relation.<\/li>\n<li>Assumez la responsabilit\u00e9 de votre comportement. Excusez-vous sinc\u00e8rement s'il vous arrive de vous tromper de ton ou de d\u00e9passer les bornes pour des raisons \u00e9motionnelles. Pardonnez-vous ces \"petites erreurs\", car \"Nobody is perfect\".<\/li>\n<li>Prenez conscience du fait qu'une communication r\u00e9ussie pr\u00e9suppose toujours une volont\u00e9 r\u00e9ciproque de bien comprendre l'autre. C'est pourquoi vous n'\u00eates pas responsable de chaque malentendu. Clarifiez-les n\u00e9anmoins rapidement.<\/li>\n<li>Ne vous laissez pas tenter par la recherche de \"coupables\" personnels. Cela ne fait que vous faire perdre du temps et vous mettre de mauvaise humeur. Cherchez plut\u00f4t les causes (du probl\u00e8me) et les solutions.<\/li>\n<li>Si la culture de votre entreprise le permet, parlez \u00e9galement de vos sentiments et de vos inqui\u00e9tudes \u00e0 vos coll\u00e8gues de la direction. Vous vous rendrez alors presque toujours compte : Vous n'\u00eates pas le seul \u00e0 les avoir. Par cons\u00e9quent, ils ne sont pas l'expression d'une faiblesse personnelle, mais d'une situation particuli\u00e8re. Si cela n'est pas possible dans votre entreprise, cherchez un autre forum d'\u00e9change - comme par exemple mon atelier pour le leadership et le changement.<\/li>\n<li>Veillez \u00e0 ce que les personnes de votre entourage vous renvoient r\u00e9guli\u00e8rement une image non flatteuse de votre image. C'est votre seul moyen de savoir si votre comportement provoque chez les autres ce que vous voulez obtenir ou exactement le contraire.<\/li>\n<li>Veillez \u00e0 votre hygi\u00e8ne mentale et \u00e0 l'\u00e9quilibre entre vie professionnelle et vie priv\u00e9e, surtout en situation de crise et de stress, par exemple en faisant du sport ou en vous relaxant de mani\u00e8re cibl\u00e9e pendant votre temps libre. Sinon, vos \u00e9motions n\u00e9gatives accumul\u00e9es exploseront soudainement de mani\u00e8re incontr\u00f4l\u00e9e et votre entourage prendra ses distances avec vous, effray\u00e9.<\/li>\n<\/ol>\n<p>En tant que cadre, pensez donc \u00e0 cela dans votre travail de direction : le respect et l'estime que vous accordez \u00e0 vos collaborateurs se manifestent pour eux par de nombreux petits d\u00e9tails apparents.<\/p>\n<p><em><strong>Vers l'auteur :<\/strong> Klaus Doll est propri\u00e9taire de Klaus Doll Organisationsberatung, Neustadt an der Weinstra\u00dfe. Il organise r\u00e9guli\u00e8rement un \"atelier pour la direction et le changement\" ouvert \u00e0 tous, d'une dur\u00e9e de deux jours, au cours duquel les cadres r\u00e9fl\u00e9chissent entre autres ensemble \u00e0 leur situation personnelle actuelle dans leur entreprise (<a href=\"http:\/\/www.doll-beratung.de\">www.doll-beratung.de<\/a>).<\/em><\/p>","protected":false},"excerpt":{"rendered":"<p>F\u00fchrungskr\u00e4fte sollten einen wertsch\u00e4tzenden, von wechselseitigem Respekt gepr\u00e4gten Umgang mit ihren Mitarbeitern pflegen. &#8222;Wertsch\u00e4tzend f\u00fchren&#8220; &#8211; das wird in F\u00fchrungsseminaren oft betont. Doch im Arbeitsalltag sp\u00fcren die Mitarbeiter hiervon h\u00e4ufig wenig. In ihm herrscht nicht selten ein eher rauer Umgangston: insbesondere dann, wenn es im Geb\u00e4lk des Unternehmens brennt \u2013 zum Beispiel, weil die Einnahmen [&hellip;]<\/p>\n","protected":false},"author":4,"featured_media":7197,"comment_status":"closed","ping_status":"closed","sticky":false,"template":"","format":"standard","meta":{"_acf_changed":false,"_yoast_wpseo_focuskw":"wertsch\u00e4tzend f\u00fchren","_yoast_wpseo_metadesc":"Wenn es in Unternehmen brennt, wird der Umgangston rauer. Der Respekt im Umgang miteinander geht verloren. Ein paar Tipps, wie wertsch\u00e4tzend f\u00fchren geht.","articlekey":"","footnotes":""},"categories":[28],"tags":[115,320,335],"class_list":["post-7196","post","type-post","status-publish","format-standard","has-post-thumbnail","hentry","category-management","tag-checklisten","tag-leadership","tag-management-und-unternehmensfuehrung"],"acf":[],"yoast_head":"<!-- This site is optimized with the Yoast SEO plugin v27.5 - https:\/\/yoast.com\/product\/yoast-seo-wordpress\/ -->\n<title>Wertsch\u00e4tzend f\u00fchren und kommunizieren in Krisensituationen: 14 Tipps - Organisator<\/title>\n<meta name=\"description\" content=\"Wenn es in Unternehmen brennt, wird der Umgangston rauer. Der Respekt im Umgang miteinander geht verloren. Ein paar Tipps, wie wertsch\u00e4tzend f\u00fchren geht.\" \/>\n<meta name=\"robots\" content=\"index, follow, max-snippet:-1, max-image-preview:large, max-video-preview:-1\" \/>\n<link rel=\"canonical\" href=\"https:\/\/www.organisator.ch\/fr\/gestion-2\/2020-10-07\/wertschaetzend-fuehren-und-kommunizieren-in-krisensituationen-14-tipps\/\" \/>\n<meta property=\"og:locale\" content=\"fr_FR\" \/>\n<meta property=\"og:type\" content=\"article\" \/>\n<meta property=\"og:title\" content=\"Wertsch\u00e4tzend f\u00fchren und kommunizieren in Krisensituationen: 14 Tipps\" \/>\n<meta property=\"og:description\" content=\"Wenn es in Unternehmen brennt, wird der Umgangston rauer. Der Respekt im Umgang miteinander geht verloren. Ein paar Tipps, wie wertsch\u00e4tzend f\u00fchren geht.\" \/>\n<meta property=\"og:url\" content=\"https:\/\/www.organisator.ch\/fr\/gestion-2\/2020-10-07\/wertschaetzend-fuehren-und-kommunizieren-in-krisensituationen-14-tipps\/\" \/>\n<meta property=\"og:site_name\" content=\"Organisator\" \/>\n<meta property=\"article:publisher\" content=\"https:\/\/www.facebook.com\/OrganisatorFachmagazin\" \/>\n<meta property=\"article:published_time\" content=\"2020-10-07T06:22:52+00:00\" \/>\n<meta property=\"og:image\" content=\"https:\/\/www.organisator.ch\/wp-content\/uploads\/2020\/10\/Wertschaetzend-fuehren-und-kommunizieren-in-Krisensituationen-14-Tipps_Organisator.jpg\" \/>\n\t<meta property=\"og:image:width\" content=\"680\" \/>\n\t<meta property=\"og:image:height\" content=\"425\" \/>\n\t<meta property=\"og:image:type\" content=\"image\/jpeg\" \/>\n<meta name=\"author\" content=\"thomas.berner\" \/>\n<meta name=\"twitter:card\" content=\"summary_large_image\" \/>\n<meta name=\"twitter:title\" content=\"#Wertsch\u00e4tzend f\u00fchren und #kommunizieren in Krisensituationen: 14 Tipps\" \/>\n<meta name=\"twitter:description\" content=\"Wenn es in Unternehmen brennt, wird der Umgangston rauer. Der Respekt im Umgang miteinander geht verloren. Ein paar Tipps, wie #wertsch\u00e4tzend f\u00fchren geht.\" \/>\n<meta name=\"twitter:image\" content=\"https:\/\/www.organisator.ch\/wp-content\/uploads\/2020\/10\/Wertschaetzend-fuehren-und-kommunizieren-in-Krisensituationen-14-Tipps_Organisator.jpg\" \/>\n<script type=\"application\/ld+json\" class=\"yoast-schema-graph\">{\"@context\":\"https:\\\/\\\/schema.org\",\"@graph\":[{\"@type\":\"Article\",\"@id\":\"https:\\\/\\\/www.organisator.ch\\\/management\\\/2020-10-07\\\/wertschaetzend-fuehren-und-kommunizieren-in-krisensituationen-14-tipps\\\/#article\",\"isPartOf\":{\"@id\":\"https:\\\/\\\/www.organisator.ch\\\/management\\\/2020-10-07\\\/wertschaetzend-fuehren-und-kommunizieren-in-krisensituationen-14-tipps\\\/\"},\"author\":{\"name\":\"thomas.berner\",\"@id\":\"https:\\\/\\\/www.organisator.ch\\\/#\\\/schema\\\/person\\\/6f650f90b2842cd4c0cc334b4e36f67e\"},\"headline\":\"Wertsch\u00e4tzend f\u00fchren und kommunizieren in Krisensituationen: 14 Tipps\",\"datePublished\":\"2020-10-07T06:22:52+00:00\",\"mainEntityOfPage\":{\"@id\":\"https:\\\/\\\/www.organisator.ch\\\/management\\\/2020-10-07\\\/wertschaetzend-fuehren-und-kommunizieren-in-krisensituationen-14-tipps\\\/\"},\"wordCount\":881,\"publisher\":{\"@id\":\"https:\\\/\\\/www.organisator.ch\\\/#organization\"},\"image\":{\"@id\":\"https:\\\/\\\/www.organisator.ch\\\/management\\\/2020-10-07\\\/wertschaetzend-fuehren-und-kommunizieren-in-krisensituationen-14-tipps\\\/#primaryimage\"},\"thumbnailUrl\":\"https:\\\/\\\/www.organisator.ch\\\/wp-content\\\/uploads\\\/2020\\\/10\\\/Wertschaetzend-fuehren-und-kommunizieren-in-Krisensituationen-14-Tipps_Organisator.jpg\",\"keywords\":[\"Checklisten\",\"Leadership\",\"Management und Unternehmensf\u00fchrung\"],\"articleSection\":[\"MANAGEMENT\"],\"inLanguage\":\"fr-FR\"},{\"@type\":\"WebPage\",\"@id\":\"https:\\\/\\\/www.organisator.ch\\\/management\\\/2020-10-07\\\/wertschaetzend-fuehren-und-kommunizieren-in-krisensituationen-14-tipps\\\/\",\"url\":\"https:\\\/\\\/www.organisator.ch\\\/management\\\/2020-10-07\\\/wertschaetzend-fuehren-und-kommunizieren-in-krisensituationen-14-tipps\\\/\",\"name\":\"Wertsch\u00e4tzend f\u00fchren und kommunizieren in Krisensituationen: 14 Tipps - Organisator\",\"isPartOf\":{\"@id\":\"https:\\\/\\\/www.organisator.ch\\\/#website\"},\"primaryImageOfPage\":{\"@id\":\"https:\\\/\\\/www.organisator.ch\\\/management\\\/2020-10-07\\\/wertschaetzend-fuehren-und-kommunizieren-in-krisensituationen-14-tipps\\\/#primaryimage\"},\"image\":{\"@id\":\"https:\\\/\\\/www.organisator.ch\\\/management\\\/2020-10-07\\\/wertschaetzend-fuehren-und-kommunizieren-in-krisensituationen-14-tipps\\\/#primaryimage\"},\"thumbnailUrl\":\"https:\\\/\\\/www.organisator.ch\\\/wp-content\\\/uploads\\\/2020\\\/10\\\/Wertschaetzend-fuehren-und-kommunizieren-in-Krisensituationen-14-Tipps_Organisator.jpg\",\"datePublished\":\"2020-10-07T06:22:52+00:00\",\"description\":\"Wenn es in Unternehmen brennt, wird der Umgangston rauer. Der Respekt im Umgang miteinander geht verloren. Ein paar Tipps, wie wertsch\u00e4tzend f\u00fchren geht.\",\"breadcrumb\":{\"@id\":\"https:\\\/\\\/www.organisator.ch\\\/management\\\/2020-10-07\\\/wertschaetzend-fuehren-und-kommunizieren-in-krisensituationen-14-tipps\\\/#breadcrumb\"},\"inLanguage\":\"fr-FR\",\"potentialAction\":[{\"@type\":\"ReadAction\",\"target\":[\"https:\\\/\\\/www.organisator.ch\\\/management\\\/2020-10-07\\\/wertschaetzend-fuehren-und-kommunizieren-in-krisensituationen-14-tipps\\\/\"]}]},{\"@type\":\"ImageObject\",\"inLanguage\":\"fr-FR\",\"@id\":\"https:\\\/\\\/www.organisator.ch\\\/management\\\/2020-10-07\\\/wertschaetzend-fuehren-und-kommunizieren-in-krisensituationen-14-tipps\\\/#primaryimage\",\"url\":\"https:\\\/\\\/www.organisator.ch\\\/wp-content\\\/uploads\\\/2020\\\/10\\\/Wertschaetzend-fuehren-und-kommunizieren-in-Krisensituationen-14-Tipps_Organisator.jpg\",\"contentUrl\":\"https:\\\/\\\/www.organisator.ch\\\/wp-content\\\/uploads\\\/2020\\\/10\\\/Wertschaetzend-fuehren-und-kommunizieren-in-Krisensituationen-14-Tipps_Organisator.jpg\",\"width\":680,\"height\":425,\"caption\":\"Wertsch\u00e4tzend f\u00fchren: Das wird besonders dann wieder gerne vergessen, wenn es in der Firma nicht mehr so rund l\u00e4uft... (Bild: Pixabay.com)\"},{\"@type\":\"BreadcrumbList\",\"@id\":\"https:\\\/\\\/www.organisator.ch\\\/management\\\/2020-10-07\\\/wertschaetzend-fuehren-und-kommunizieren-in-krisensituationen-14-tipps\\\/#breadcrumb\",\"itemListElement\":[{\"@type\":\"ListItem\",\"position\":1,\"name\":\"Home\",\"item\":\"https:\\\/\\\/www.organisator.ch\\\/\"},{\"@type\":\"ListItem\",\"position\":2,\"name\":\"Wertsch\u00e4tzend f\u00fchren und kommunizieren in Krisensituationen: 14 Tipps\"}]},{\"@type\":\"WebSite\",\"@id\":\"https:\\\/\\\/www.organisator.ch\\\/#website\",\"url\":\"https:\\\/\\\/www.organisator.ch\\\/\",\"name\":\"Organisator\",\"description\":\"Kompetent. Praxisnah. Der ORGANISATOR bereitet in 10 Ausgaben pro Jahr die wesentlichen Themen f\u00fcr F\u00fchrungskr\u00e4fte von KMU auf.\",\"publisher\":{\"@id\":\"https:\\\/\\\/www.organisator.ch\\\/#organization\"},\"potentialAction\":[{\"@type\":\"SearchAction\",\"target\":{\"@type\":\"EntryPoint\",\"urlTemplate\":\"https:\\\/\\\/www.organisator.ch\\\/?s={search_term_string}\"},\"query-input\":{\"@type\":\"PropertyValueSpecification\",\"valueRequired\":true,\"valueName\":\"search_term_string\"}}],\"inLanguage\":\"fr-FR\"},{\"@type\":\"Organization\",\"@id\":\"https:\\\/\\\/www.organisator.ch\\\/#organization\",\"name\":\"Organisator\",\"url\":\"https:\\\/\\\/www.organisator.ch\\\/\",\"logo\":{\"@type\":\"ImageObject\",\"inLanguage\":\"fr-FR\",\"@id\":\"https:\\\/\\\/www.organisator.ch\\\/#\\\/schema\\\/logo\\\/image\\\/\",\"url\":\"https:\\\/\\\/www.organisator.ch\\\/wp-content\\\/uploads\\\/2022\\\/01\\\/Logo_Organisator_Website.png\",\"contentUrl\":\"https:\\\/\\\/www.organisator.ch\\\/wp-content\\\/uploads\\\/2022\\\/01\\\/Logo_Organisator_Website.png\",\"width\":800,\"height\":77,\"caption\":\"Organisator\"},\"image\":{\"@id\":\"https:\\\/\\\/www.organisator.ch\\\/#\\\/schema\\\/logo\\\/image\\\/\"},\"sameAs\":[\"https:\\\/\\\/www.facebook.com\\\/OrganisatorFachmagazin\",\"https:\\\/\\\/www.linkedin.com\\\/showcase\\\/organisator-das-magazin-fr-kmu\",\"https:\\\/\\\/www.xing.com\\\/news\\\/pages\\\/organisator-ch-695\",\"https:\\\/\\\/www.youtube.com\\\/channel\\\/UCGP2Sq0iWaZwT3BdIAQFYpw\"]},{\"@type\":\"Person\",\"@id\":\"https:\\\/\\\/www.organisator.ch\\\/#\\\/schema\\\/person\\\/6f650f90b2842cd4c0cc334b4e36f67e\",\"name\":\"thomas.berner\",\"image\":{\"@type\":\"ImageObject\",\"inLanguage\":\"fr-FR\",\"@id\":\"https:\\\/\\\/secure.gravatar.com\\\/avatar\\\/ac5001d2a36cb6c6cd3e50789007ffca834b477b74a2144564522e944eabff61?s=96&d=mm&r=g\",\"url\":\"https:\\\/\\\/secure.gravatar.com\\\/avatar\\\/ac5001d2a36cb6c6cd3e50789007ffca834b477b74a2144564522e944eabff61?s=96&d=mm&r=g\",\"contentUrl\":\"https:\\\/\\\/secure.gravatar.com\\\/avatar\\\/ac5001d2a36cb6c6cd3e50789007ffca834b477b74a2144564522e944eabff61?s=96&d=mm&r=g\",\"caption\":\"thomas.berner\"},\"url\":\"https:\\\/\\\/www.organisator.ch\\\/fr\\\/author\\\/thomas-berner\\\/\"}]}<\/script>\n<!-- \/ Yoast SEO plugin. -->","yoast_head_json":{"title":"Diriger et communiquer avec estime en situation de crise : 14 conseils - Organisateur","description":"Lorsqu'il y a un incendie dans une entreprise, le ton devient plus rude. Le respect dans les relations se perd. Quelques conseils sur la mani\u00e8re de diriger en respectant les autres.","robots":{"index":"index","follow":"follow","max-snippet":"max-snippet:-1","max-image-preview":"max-image-preview:large","max-video-preview":"max-video-preview:-1"},"canonical":"https:\/\/www.organisator.ch\/fr\/gestion-2\/2020-10-07\/wertschaetzend-fuehren-und-kommunizieren-in-krisensituationen-14-tipps\/","og_locale":"fr_FR","og_type":"article","og_title":"Wertsch\u00e4tzend f\u00fchren und kommunizieren in Krisensituationen: 14 Tipps","og_description":"Wenn es in Unternehmen brennt, wird der Umgangston rauer. Der Respekt im Umgang miteinander geht verloren. Ein paar Tipps, wie wertsch\u00e4tzend f\u00fchren geht.","og_url":"https:\/\/www.organisator.ch\/fr\/gestion-2\/2020-10-07\/wertschaetzend-fuehren-und-kommunizieren-in-krisensituationen-14-tipps\/","og_site_name":"Organisator","article_publisher":"https:\/\/www.facebook.com\/OrganisatorFachmagazin","article_published_time":"2020-10-07T06:22:52+00:00","og_image":[{"width":680,"height":425,"url":"https:\/\/www.organisator.ch\/wp-content\/uploads\/2020\/10\/Wertschaetzend-fuehren-und-kommunizieren-in-Krisensituationen-14-Tipps_Organisator.jpg","type":"image\/jpeg"}],"author":"thomas.berner","twitter_card":"summary_large_image","twitter_title":"#Wertsch\u00e4tzend f\u00fchren und #kommunizieren in Krisensituationen: 14 Tipps","twitter_description":"Wenn es in Unternehmen brennt, wird der Umgangston rauer. Der Respekt im Umgang miteinander geht verloren. Ein paar Tipps, wie #wertsch\u00e4tzend f\u00fchren geht.","twitter_image":"https:\/\/www.organisator.ch\/wp-content\/uploads\/2020\/10\/Wertschaetzend-fuehren-und-kommunizieren-in-Krisensituationen-14-Tipps_Organisator.jpg","schema":{"@context":"https:\/\/schema.org","@graph":[{"@type":"Article","@id":"https:\/\/www.organisator.ch\/management\/2020-10-07\/wertschaetzend-fuehren-und-kommunizieren-in-krisensituationen-14-tipps\/#article","isPartOf":{"@id":"https:\/\/www.organisator.ch\/management\/2020-10-07\/wertschaetzend-fuehren-und-kommunizieren-in-krisensituationen-14-tipps\/"},"author":{"name":"thomas.berner","@id":"https:\/\/www.organisator.ch\/#\/schema\/person\/6f650f90b2842cd4c0cc334b4e36f67e"},"headline":"Wertsch\u00e4tzend f\u00fchren und kommunizieren in Krisensituationen: 14 Tipps","datePublished":"2020-10-07T06:22:52+00:00","mainEntityOfPage":{"@id":"https:\/\/www.organisator.ch\/management\/2020-10-07\/wertschaetzend-fuehren-und-kommunizieren-in-krisensituationen-14-tipps\/"},"wordCount":881,"publisher":{"@id":"https:\/\/www.organisator.ch\/#organization"},"image":{"@id":"https:\/\/www.organisator.ch\/management\/2020-10-07\/wertschaetzend-fuehren-und-kommunizieren-in-krisensituationen-14-tipps\/#primaryimage"},"thumbnailUrl":"https:\/\/www.organisator.ch\/wp-content\/uploads\/2020\/10\/Wertschaetzend-fuehren-und-kommunizieren-in-Krisensituationen-14-Tipps_Organisator.jpg","keywords":["Checklisten","Leadership","Management und Unternehmensf\u00fchrung"],"articleSection":["MANAGEMENT"],"inLanguage":"fr-FR"},{"@type":"WebPage","@id":"https:\/\/www.organisator.ch\/management\/2020-10-07\/wertschaetzend-fuehren-und-kommunizieren-in-krisensituationen-14-tipps\/","url":"https:\/\/www.organisator.ch\/management\/2020-10-07\/wertschaetzend-fuehren-und-kommunizieren-in-krisensituationen-14-tipps\/","name":"Diriger et communiquer avec estime en situation de crise : 14 conseils - Organisateur","isPartOf":{"@id":"https:\/\/www.organisator.ch\/#website"},"primaryImageOfPage":{"@id":"https:\/\/www.organisator.ch\/management\/2020-10-07\/wertschaetzend-fuehren-und-kommunizieren-in-krisensituationen-14-tipps\/#primaryimage"},"image":{"@id":"https:\/\/www.organisator.ch\/management\/2020-10-07\/wertschaetzend-fuehren-und-kommunizieren-in-krisensituationen-14-tipps\/#primaryimage"},"thumbnailUrl":"https:\/\/www.organisator.ch\/wp-content\/uploads\/2020\/10\/Wertschaetzend-fuehren-und-kommunizieren-in-Krisensituationen-14-Tipps_Organisator.jpg","datePublished":"2020-10-07T06:22:52+00:00","description":"Lorsqu'il y a un incendie dans une entreprise, le ton devient plus rude. Le respect dans les relations se perd. Quelques conseils sur la mani\u00e8re de diriger en respectant les autres.","breadcrumb":{"@id":"https:\/\/www.organisator.ch\/management\/2020-10-07\/wertschaetzend-fuehren-und-kommunizieren-in-krisensituationen-14-tipps\/#breadcrumb"},"inLanguage":"fr-FR","potentialAction":[{"@type":"ReadAction","target":["https:\/\/www.organisator.ch\/management\/2020-10-07\/wertschaetzend-fuehren-und-kommunizieren-in-krisensituationen-14-tipps\/"]}]},{"@type":"ImageObject","inLanguage":"fr-FR","@id":"https:\/\/www.organisator.ch\/management\/2020-10-07\/wertschaetzend-fuehren-und-kommunizieren-in-krisensituationen-14-tipps\/#primaryimage","url":"https:\/\/www.organisator.ch\/wp-content\/uploads\/2020\/10\/Wertschaetzend-fuehren-und-kommunizieren-in-Krisensituationen-14-Tipps_Organisator.jpg","contentUrl":"https:\/\/www.organisator.ch\/wp-content\/uploads\/2020\/10\/Wertschaetzend-fuehren-und-kommunizieren-in-Krisensituationen-14-Tipps_Organisator.jpg","width":680,"height":425,"caption":"Wertsch\u00e4tzend f\u00fchren: Das wird besonders dann wieder gerne vergessen, wenn es in der Firma nicht mehr so rund l\u00e4uft... (Bild: Pixabay.com)"},{"@type":"BreadcrumbList","@id":"https:\/\/www.organisator.ch\/management\/2020-10-07\/wertschaetzend-fuehren-und-kommunizieren-in-krisensituationen-14-tipps\/#breadcrumb","itemListElement":[{"@type":"ListItem","position":1,"name":"Home","item":"https:\/\/www.organisator.ch\/"},{"@type":"ListItem","position":2,"name":"Wertsch\u00e4tzend f\u00fchren und kommunizieren in Krisensituationen: 14 Tipps"}]},{"@type":"WebSite","@id":"https:\/\/www.organisator.ch\/#website","url":"https:\/\/www.organisator.ch\/","name":"Organisateur","description":"Comp\u00e9tence et comp\u00e9tence. Proches de la pratique. L'ORGANISATEUR pr\u00e9pare 10 num\u00e9ros par an sur les th\u00e8mes essentiels pour les dirigeants de PME.","publisher":{"@id":"https:\/\/www.organisator.ch\/#organization"},"potentialAction":[{"@type":"SearchAction","target":{"@type":"EntryPoint","urlTemplate":"https:\/\/www.organisator.ch\/?s={search_term_string}"},"query-input":{"@type":"PropertyValueSpecification","valueRequired":true,"valueName":"search_term_string"}}],"inLanguage":"fr-FR"},{"@type":"Organization","@id":"https:\/\/www.organisator.ch\/#organization","name":"Organisateur","url":"https:\/\/www.organisator.ch\/","logo":{"@type":"ImageObject","inLanguage":"fr-FR","@id":"https:\/\/www.organisator.ch\/#\/schema\/logo\/image\/","url":"https:\/\/www.organisator.ch\/wp-content\/uploads\/2022\/01\/Logo_Organisator_Website.png","contentUrl":"https:\/\/www.organisator.ch\/wp-content\/uploads\/2022\/01\/Logo_Organisator_Website.png","width":800,"height":77,"caption":"Organisator"},"image":{"@id":"https:\/\/www.organisator.ch\/#\/schema\/logo\/image\/"},"sameAs":["https:\/\/www.facebook.com\/OrganisatorFachmagazin","https:\/\/www.linkedin.com\/showcase\/organisator-das-magazin-fr-kmu","https:\/\/www.xing.com\/news\/pages\/organisator-ch-695","https:\/\/www.youtube.com\/channel\/UCGP2Sq0iWaZwT3BdIAQFYpw"]},{"@type":"Person","@id":"https:\/\/www.organisator.ch\/#\/schema\/person\/6f650f90b2842cd4c0cc334b4e36f67e","name":"thomas.berner","image":{"@type":"ImageObject","inLanguage":"fr-FR","@id":"https:\/\/secure.gravatar.com\/avatar\/ac5001d2a36cb6c6cd3e50789007ffca834b477b74a2144564522e944eabff61?s=96&d=mm&r=g","url":"https:\/\/secure.gravatar.com\/avatar\/ac5001d2a36cb6c6cd3e50789007ffca834b477b74a2144564522e944eabff61?s=96&d=mm&r=g","contentUrl":"https:\/\/secure.gravatar.com\/avatar\/ac5001d2a36cb6c6cd3e50789007ffca834b477b74a2144564522e944eabff61?s=96&d=mm&r=g","caption":"thomas.berner"},"url":"https:\/\/www.organisator.ch\/fr\/author\/thomas-berner\/"}]}},"_links":{"self":[{"href":"https:\/\/www.organisator.ch\/fr\/wp-json\/wp\/v2\/posts\/7196","targetHints":{"allow":["GET"]}}],"collection":[{"href":"https:\/\/www.organisator.ch\/fr\/wp-json\/wp\/v2\/posts"}],"about":[{"href":"https:\/\/www.organisator.ch\/fr\/wp-json\/wp\/v2\/types\/post"}],"author":[{"embeddable":true,"href":"https:\/\/www.organisator.ch\/fr\/wp-json\/wp\/v2\/users\/4"}],"replies":[{"embeddable":true,"href":"https:\/\/www.organisator.ch\/fr\/wp-json\/wp\/v2\/comments?post=7196"}],"version-history":[{"count":0,"href":"https:\/\/www.organisator.ch\/fr\/wp-json\/wp\/v2\/posts\/7196\/revisions"}],"wp:featuredmedia":[{"embeddable":true,"href":"https:\/\/www.organisator.ch\/fr\/wp-json\/wp\/v2\/media\/7197"}],"wp:attachment":[{"href":"https:\/\/www.organisator.ch\/fr\/wp-json\/wp\/v2\/media?parent=7196"}],"wp:term":[{"taxonomy":"category","embeddable":true,"href":"https:\/\/www.organisator.ch\/fr\/wp-json\/wp\/v2\/categories?post=7196"},{"taxonomy":"post_tag","embeddable":true,"href":"https:\/\/www.organisator.ch\/fr\/wp-json\/wp\/v2\/tags?post=7196"}],"curies":[{"name":"wp","href":"https:\/\/api.w.org\/{rel}","templated":true}]}}