{"id":7211,"date":"2020-10-13T08:55:45","date_gmt":"2020-10-13T06:55:45","guid":{"rendered":"https:\/\/www.organisator.ch\/?p=7211"},"modified":"2020-10-13T08:55:45","modified_gmt":"2020-10-13T06:55:45","slug":"campus-sursee-legt-grundstein-fuer-neuen-multifunktionspavillon","status":"publish","type":"post","link":"https:\/\/www.organisator.ch\/fr\/allgemein\/2020-10-13\/campus-sursee-legt-grundstein-fuer-neuen-multifunktionspavillon\/","title":{"rendered":"Le Campus de Sursee pose la premi\u00e8re pierre de son nouveau pavillon multifonctionnel"},"content":{"rendered":"<figure id=\"attachment_7212\" aria-describedby=\"caption-attachment-7212\" style=\"width: 680px\" class=\"wp-caption alignnone\"><img loading=\"lazy\" decoding=\"async\" class=\"size-medium wp-image-7212\" src=\"https:\/\/www.organisator.ch\/wp-content\/uploads\/2020\/10\/Campus-Sursee-legt-Grundstein-fuer-neuen-Multifunktionspavillon_Organisator.jpg\" alt=\"\" width=\"680\" height=\"453\" srcset=\"https:\/\/www.organisator.ch\/wp-content\/uploads\/2020\/10\/Campus-Sursee-legt-Grundstein-fuer-neuen-Multifunktionspavillon_Organisator.jpg 680w, https:\/\/www.organisator.ch\/wp-content\/uploads\/2020\/10\/Campus-Sursee-legt-Grundstein-fuer-neuen-Multifunktionspavillon_Organisator-16x12.jpg 16w, https:\/\/www.organisator.ch\/wp-content\/uploads\/2020\/10\/Campus-Sursee-legt-Grundstein-fuer-neuen-Multifunktionspavillon_Organisator-263x175.jpg 263w, https:\/\/www.organisator.ch\/wp-content\/uploads\/2020\/10\/Campus-Sursee-legt-Grundstein-fuer-neuen-Multifunktionspavillon_Organisator-525x350.jpg 525w, https:\/\/www.organisator.ch\/wp-content\/uploads\/2020\/10\/Campus-Sursee-legt-Grundstein-fuer-neuen-Multifunktionspavillon_Organisator-300x200.jpg 300w\" sizes=\"auto, (max-width: 680px) 100vw, 680px\" \/><figcaption id=\"caption-attachment-7212\" class=\"wp-caption-text\">Le futur pavillon multifonctionnel du campus de Sursee : la premi\u00e8re pierre a \u00e9t\u00e9 pos\u00e9e le 13 septembre 2020. L'ouverture aura lieu au printemps 2022 (photo : zVg).<\/figcaption><\/figure>\n<p>En remplacement de l'ancienne piscine couverte, de grandes choses voient le jour \u00e0 Sursee : un pavillon multifonctionnel pour les congr\u00e8s, les salons professionnels et les \u00e9v\u00e9nements d'entreprise, ainsi qu'une entr\u00e9e spacieuse et moderne avec une r\u00e9ception d'h\u00f4tel. La nouvelle salle est polyvalente, \u00e9quip\u00e9e des techniques les plus modernes et r\u00e9pond aux exigences \u00e9cologiques les plus \u00e9lev\u00e9es.<\/p>\n<h2>Le Campus Sursee investit de mani\u00e8re quasi \"anticyclique<\/h2>\n<p>Maintenant que toutes les grandes manifestations ont \u00e9t\u00e9 annul\u00e9es, un tel nouveau b\u00e2timent ? Le directeur adjoint Thomas Stocker se montre optimiste : \"La demande de grandes salles a augment\u00e9 au campus de Sursee au fil des ans. Nous y voyons un grand potentiel pour l'avenir - malgr\u00e9 les temps difficiles de Corona actuellement\". Les co\u00fbts totaux de 13 millions de francs sont pris en charge par la fondation Campus Sursee de la Soci\u00e9t\u00e9 suisse des entrepreneurs. Le nouveau b\u00e2timent de remplacement se divise en deux parties. D'une part, il y a la zone de r\u00e9ception plus basse avec un foyer adjacent, et d'autre part le pavillon multifonctionnel plus haut. Le pavillon multifonctionnel doit symboliser le centre du campus de Sursee et \u00eatre reconnaissable de loin. Sa surface au sol est de 800 m2 et il peut \u00eatre divis\u00e9 en deux espaces de m\u00eame taille. Le pavillon multifonctionnel peut \u00eatre utilis\u00e9 pour des expositions, des assembl\u00e9es g\u00e9n\u00e9rales, des r\u00e9unions, des conf\u00e9rences, des banquets, des ap\u00e9ritifs, des examens, des s\u00e9minaires, des pr\u00e9sentations de voitures et bien plus encore.<\/p>\n<h2>Inauguration du 50e anniversaire du campus<\/h2>\n<p>Avec cette nouvelle construction, le campus de Sursee, site certifi\u00e9 2'000 watts, assume \u00e9galement son r\u00f4le de mod\u00e8le dans le secteur de la construction. Le pavillon s'oriente sur les hauteurs existantes du restaurant-grill Baul\u00fc\u00fct adjacent. La nouvelle salle est int\u00e9gr\u00e9e dans l'ensemble du site, ce qui permet d'obtenir naturellement une densification interne. \u00c0 l'ext\u00e9rieur, la fa\u00e7ade en verre profil\u00e9 suspendu refl\u00e8te le paysage vallonn\u00e9 environnant. L'installation photovolta\u00efque sur le toit s'\u00e9tend sur 600 m2 et 370 modules photovolta\u00efques seront install\u00e9s au total. L'eau de pluie est utilis\u00e9e pour l'arrosage des toilettes et du jardin. Pascal Ziegler, responsable de l'infrastructure, souligne : \"Les directives de l'aire \u00e0 2000 watts sont respect\u00e9es et la voie de la neutralit\u00e9 en CO2 continue d'\u00eatre emprunt\u00e9e avec succ\u00e8s gr\u00e2ce \u00e0 ce nouveau b\u00e2timent\". Lors de la pose de la premi\u00e8re pierre le 13 septembre 2020, une capsule temporelle sera scell\u00e9e. Elle contiendra un quotidien de cette date, un jeu de pi\u00e8ces de monnaie avec les pi\u00e8ces de monnaie suisses actuelles ainsi que le pr\u00e9sent communiqu\u00e9 de presse. Si tout se d\u00e9roule comme pr\u00e9vu, le b\u00e2timent sera inaugur\u00e9 \u00e0 temps pour le 50e anniversaire du campus de Sursee, au printemps 2022.<\/p>\n<p><a href=\"http:\/\/www.campus-sursee.ch\"><em>Plus d'informations<\/em><\/a><\/p>","protected":false},"excerpt":{"rendered":"<p>Als Ersatzneubau f\u00fcr das alte Hallenbad entsteht Grosses in Sursee: ein Multifunktionspavillon f\u00fcr Kongresse, Fachmessen und Firmenanl\u00e4sse sowie ein grossz\u00fcgiger und moderner Eingangsbereich mit Hotelr\u00e9ception. Der neue Saal ist vielseitig bespielbar, mit modernster Technik ausgestattet und erf\u00fcllt h\u00f6chste \u00f6kologische Anforderungen. Campus Sursee investiert quasi &#8222;antizyklisch&#8220; Jetzt, wo alle Grossveranstaltungen abgesagt sind, ein solcher Neubau? Der [&hellip;]<\/p>\n","protected":false},"author":4,"featured_media":7212,"comment_status":"closed","ping_status":"closed","sticky":false,"template":"","format":"standard","meta":{"_acf_changed":false,"_yoast_wpseo_focuskw":"Campus Sursee","_yoast_wpseo_metadesc":"Am Campus Sursee entsteht ein multifunktionaler Raum, der den neusten technischen und \u00f6kologischen Anforderungen entspricht. Die Er\u00f6ffnung erfolgt 2022.","articlekey":"","footnotes":""},"categories":[1],"tags":[62,492,508],"class_list":["post-7211","post","type-post","status-publish","format-standard","has-post-thumbnail","hentry","category-allgemein","tag-aus-weiterbildung","tag-unternehmen","tag-vermischtes"],"acf":[],"yoast_head":"<!-- This site is optimized with the Yoast SEO plugin v27.5 - https:\/\/yoast.com\/product\/yoast-seo-wordpress\/ -->\n<title>Campus Sursee legt Grundstein f\u00fcr neuen Multifunktionspavillon - Organisator<\/title>\n<meta name=\"description\" content=\"Am Campus Sursee entsteht ein multifunktionaler Raum, der den neusten technischen und \u00f6kologischen Anforderungen entspricht. Die Er\u00f6ffnung erfolgt 2022.\" \/>\n<meta name=\"robots\" content=\"index, follow, max-snippet:-1, max-image-preview:large, max-video-preview:-1\" \/>\n<link rel=\"canonical\" href=\"https:\/\/www.organisator.ch\/fr\/general\/2020-10-13\/campus-sursee-legt-grundstein-fuer-neuen-multifunktionspavillon\/\" \/>\n<meta property=\"og:locale\" content=\"fr_FR\" \/>\n<meta property=\"og:type\" content=\"article\" \/>\n<meta property=\"og:title\" content=\"Campus Sursee legt Grundstein f\u00fcr neuen Multifunktionspavillon\" \/>\n<meta property=\"og:description\" content=\"Am Campus Sursee entsteht ein multifunktionaler Raum, der den neusten technischen und \u00f6kologischen Anforderungen entspricht. Die Er\u00f6ffnung erfolgt 2022.\" \/>\n<meta property=\"og:url\" content=\"https:\/\/www.organisator.ch\/fr\/general\/2020-10-13\/campus-sursee-legt-grundstein-fuer-neuen-multifunktionspavillon\/\" \/>\n<meta property=\"og:site_name\" content=\"Organisator\" \/>\n<meta property=\"article:publisher\" content=\"https:\/\/www.facebook.com\/OrganisatorFachmagazin\" \/>\n<meta property=\"article:published_time\" content=\"2020-10-13T06:55:45+00:00\" \/>\n<meta property=\"og:image\" content=\"https:\/\/www.organisator.ch\/wp-content\/uploads\/2020\/10\/Campus-Sursee-legt-Grundstein-fuer-neuen-Multifunktionspavillon_Organisator.jpg\" \/>\n\t<meta property=\"og:image:width\" content=\"680\" \/>\n\t<meta property=\"og:image:height\" content=\"453\" \/>\n\t<meta property=\"og:image:type\" content=\"image\/jpeg\" \/>\n<meta name=\"author\" content=\"thomas.berner\" \/>\n<meta name=\"twitter:card\" content=\"summary_large_image\" \/>\n<meta name=\"twitter:title\" content=\"#CampusSursee legt Grundstein f\u00fcr neuen #Multifunktionspavillon\" \/>\n<meta name=\"twitter:description\" content=\"Am #CampusSursee entsteht ein multifunktionaler Raum, der den neusten technischen und \u00f6kologischen Anforderungen entspricht. Die Er\u00f6ffnung erfolgt 2022.\" \/>\n<meta name=\"twitter:image\" content=\"https:\/\/www.organisator.ch\/wp-content\/uploads\/2020\/10\/Campus-Sursee-legt-Grundstein-fuer-neuen-Multifunktionspavillon_Organisator.jpg\" \/>\n<script type=\"application\/ld+json\" class=\"yoast-schema-graph\">{\"@context\":\"https:\\\/\\\/schema.org\",\"@graph\":[{\"@type\":\"Article\",\"@id\":\"https:\\\/\\\/www.organisator.ch\\\/de\\\/allgemein\\\/2020-10-13\\\/campus-sursee-legt-grundstein-fuer-neuen-multifunktionspavillon\\\/#article\",\"isPartOf\":{\"@id\":\"https:\\\/\\\/www.organisator.ch\\\/de\\\/allgemein\\\/2020-10-13\\\/campus-sursee-legt-grundstein-fuer-neuen-multifunktionspavillon\\\/\"},\"author\":{\"name\":\"thomas.berner\",\"@id\":\"https:\\\/\\\/www.organisator.ch\\\/#\\\/schema\\\/person\\\/6f650f90b2842cd4c0cc334b4e36f67e\"},\"headline\":\"Campus Sursee legt Grundstein f\u00fcr neuen Multifunktionspavillon\",\"datePublished\":\"2020-10-13T06:55:45+00:00\",\"mainEntityOfPage\":{\"@id\":\"https:\\\/\\\/www.organisator.ch\\\/de\\\/allgemein\\\/2020-10-13\\\/campus-sursee-legt-grundstein-fuer-neuen-multifunktionspavillon\\\/\"},\"wordCount\":391,\"publisher\":{\"@id\":\"https:\\\/\\\/www.organisator.ch\\\/#organization\"},\"image\":{\"@id\":\"https:\\\/\\\/www.organisator.ch\\\/de\\\/allgemein\\\/2020-10-13\\\/campus-sursee-legt-grundstein-fuer-neuen-multifunktionspavillon\\\/#primaryimage\"},\"thumbnailUrl\":\"https:\\\/\\\/www.organisator.ch\\\/wp-content\\\/uploads\\\/2020\\\/10\\\/Campus-Sursee-legt-Grundstein-fuer-neuen-Multifunktionspavillon_Organisator.jpg\",\"keywords\":[\"Aus-\\\/Weiterbildung\",\"Unternehmen\",\"Vermischtes\"],\"articleSection\":[\"Allgemein\"],\"inLanguage\":\"fr-FR\"},{\"@type\":\"WebPage\",\"@id\":\"https:\\\/\\\/www.organisator.ch\\\/de\\\/allgemein\\\/2020-10-13\\\/campus-sursee-legt-grundstein-fuer-neuen-multifunktionspavillon\\\/\",\"url\":\"https:\\\/\\\/www.organisator.ch\\\/de\\\/allgemein\\\/2020-10-13\\\/campus-sursee-legt-grundstein-fuer-neuen-multifunktionspavillon\\\/\",\"name\":\"Campus Sursee legt Grundstein f\u00fcr neuen Multifunktionspavillon - Organisator\",\"isPartOf\":{\"@id\":\"https:\\\/\\\/www.organisator.ch\\\/#website\"},\"primaryImageOfPage\":{\"@id\":\"https:\\\/\\\/www.organisator.ch\\\/de\\\/allgemein\\\/2020-10-13\\\/campus-sursee-legt-grundstein-fuer-neuen-multifunktionspavillon\\\/#primaryimage\"},\"image\":{\"@id\":\"https:\\\/\\\/www.organisator.ch\\\/de\\\/allgemein\\\/2020-10-13\\\/campus-sursee-legt-grundstein-fuer-neuen-multifunktionspavillon\\\/#primaryimage\"},\"thumbnailUrl\":\"https:\\\/\\\/www.organisator.ch\\\/wp-content\\\/uploads\\\/2020\\\/10\\\/Campus-Sursee-legt-Grundstein-fuer-neuen-Multifunktionspavillon_Organisator.jpg\",\"datePublished\":\"2020-10-13T06:55:45+00:00\",\"description\":\"Am Campus Sursee entsteht ein multifunktionaler Raum, der den neusten technischen und \u00f6kologischen Anforderungen entspricht. Die Er\u00f6ffnung erfolgt 2022.\",\"breadcrumb\":{\"@id\":\"https:\\\/\\\/www.organisator.ch\\\/de\\\/allgemein\\\/2020-10-13\\\/campus-sursee-legt-grundstein-fuer-neuen-multifunktionspavillon\\\/#breadcrumb\"},\"inLanguage\":\"fr-FR\",\"potentialAction\":[{\"@type\":\"ReadAction\",\"target\":[\"https:\\\/\\\/www.organisator.ch\\\/de\\\/allgemein\\\/2020-10-13\\\/campus-sursee-legt-grundstein-fuer-neuen-multifunktionspavillon\\\/\"]}]},{\"@type\":\"ImageObject\",\"inLanguage\":\"fr-FR\",\"@id\":\"https:\\\/\\\/www.organisator.ch\\\/de\\\/allgemein\\\/2020-10-13\\\/campus-sursee-legt-grundstein-fuer-neuen-multifunktionspavillon\\\/#primaryimage\",\"url\":\"https:\\\/\\\/www.organisator.ch\\\/wp-content\\\/uploads\\\/2020\\\/10\\\/Campus-Sursee-legt-Grundstein-fuer-neuen-Multifunktionspavillon_Organisator.jpg\",\"contentUrl\":\"https:\\\/\\\/www.organisator.ch\\\/wp-content\\\/uploads\\\/2020\\\/10\\\/Campus-Sursee-legt-Grundstein-fuer-neuen-Multifunktionspavillon_Organisator.jpg\",\"width\":680,\"height\":453,\"caption\":\"Der k\u00fcnftige Multifunktionspavillon am Campus Sursee: Am 13. September 2020 wurde der Grundstein gelegt. (Bild: zVg)\"},{\"@type\":\"BreadcrumbList\",\"@id\":\"https:\\\/\\\/www.organisator.ch\\\/de\\\/allgemein\\\/2020-10-13\\\/campus-sursee-legt-grundstein-fuer-neuen-multifunktionspavillon\\\/#breadcrumb\",\"itemListElement\":[{\"@type\":\"ListItem\",\"position\":1,\"name\":\"Home\",\"item\":\"https:\\\/\\\/www.organisator.ch\\\/\"},{\"@type\":\"ListItem\",\"position\":2,\"name\":\"Campus Sursee legt Grundstein f\u00fcr neuen Multifunktionspavillon\"}]},{\"@type\":\"WebSite\",\"@id\":\"https:\\\/\\\/www.organisator.ch\\\/#website\",\"url\":\"https:\\\/\\\/www.organisator.ch\\\/\",\"name\":\"Organisator\",\"description\":\"Kompetent. Praxisnah. Der ORGANISATOR bereitet in 10 Ausgaben pro Jahr die wesentlichen Themen f\u00fcr F\u00fchrungskr\u00e4fte von KMU auf.\",\"publisher\":{\"@id\":\"https:\\\/\\\/www.organisator.ch\\\/#organization\"},\"potentialAction\":[{\"@type\":\"SearchAction\",\"target\":{\"@type\":\"EntryPoint\",\"urlTemplate\":\"https:\\\/\\\/www.organisator.ch\\\/?s={search_term_string}\"},\"query-input\":{\"@type\":\"PropertyValueSpecification\",\"valueRequired\":true,\"valueName\":\"search_term_string\"}}],\"inLanguage\":\"fr-FR\"},{\"@type\":\"Organization\",\"@id\":\"https:\\\/\\\/www.organisator.ch\\\/#organization\",\"name\":\"Organisator\",\"url\":\"https:\\\/\\\/www.organisator.ch\\\/\",\"logo\":{\"@type\":\"ImageObject\",\"inLanguage\":\"fr-FR\",\"@id\":\"https:\\\/\\\/www.organisator.ch\\\/#\\\/schema\\\/logo\\\/image\\\/\",\"url\":\"https:\\\/\\\/www.organisator.ch\\\/wp-content\\\/uploads\\\/2022\\\/01\\\/Logo_Organisator_Website.png\",\"contentUrl\":\"https:\\\/\\\/www.organisator.ch\\\/wp-content\\\/uploads\\\/2022\\\/01\\\/Logo_Organisator_Website.png\",\"width\":800,\"height\":77,\"caption\":\"Organisator\"},\"image\":{\"@id\":\"https:\\\/\\\/www.organisator.ch\\\/#\\\/schema\\\/logo\\\/image\\\/\"},\"sameAs\":[\"https:\\\/\\\/www.facebook.com\\\/OrganisatorFachmagazin\",\"https:\\\/\\\/www.linkedin.com\\\/showcase\\\/organisator-das-magazin-fr-kmu\",\"https:\\\/\\\/www.xing.com\\\/news\\\/pages\\\/organisator-ch-695\",\"https:\\\/\\\/www.youtube.com\\\/channel\\\/UCGP2Sq0iWaZwT3BdIAQFYpw\"]},{\"@type\":\"Person\",\"@id\":\"https:\\\/\\\/www.organisator.ch\\\/#\\\/schema\\\/person\\\/6f650f90b2842cd4c0cc334b4e36f67e\",\"name\":\"thomas.berner\",\"image\":{\"@type\":\"ImageObject\",\"inLanguage\":\"fr-FR\",\"@id\":\"https:\\\/\\\/secure.gravatar.com\\\/avatar\\\/ac5001d2a36cb6c6cd3e50789007ffca834b477b74a2144564522e944eabff61?s=96&d=mm&r=g\",\"url\":\"https:\\\/\\\/secure.gravatar.com\\\/avatar\\\/ac5001d2a36cb6c6cd3e50789007ffca834b477b74a2144564522e944eabff61?s=96&d=mm&r=g\",\"contentUrl\":\"https:\\\/\\\/secure.gravatar.com\\\/avatar\\\/ac5001d2a36cb6c6cd3e50789007ffca834b477b74a2144564522e944eabff61?s=96&d=mm&r=g\",\"caption\":\"thomas.berner\"},\"url\":\"https:\\\/\\\/www.organisator.ch\\\/fr\\\/author\\\/thomas-berner\\\/\"}]}<\/script>\n<!-- \/ Yoast SEO plugin. -->","yoast_head_json":{"title":"Le Campus de Sursee pose la premi\u00e8re pierre de son nouveau pavillon multifonctionnel - Organisateur","description":"Un espace multifonctionnel r\u00e9pondant aux exigences techniques et \u00e9cologiques les plus r\u00e9centes est en cours de construction sur le campus de Sursee. L'ouverture aura lieu en 2022.","robots":{"index":"index","follow":"follow","max-snippet":"max-snippet:-1","max-image-preview":"max-image-preview:large","max-video-preview":"max-video-preview:-1"},"canonical":"https:\/\/www.organisator.ch\/fr\/general\/2020-10-13\/campus-sursee-legt-grundstein-fuer-neuen-multifunktionspavillon\/","og_locale":"fr_FR","og_type":"article","og_title":"Campus Sursee legt Grundstein f\u00fcr neuen Multifunktionspavillon","og_description":"Am Campus Sursee entsteht ein multifunktionaler Raum, der den neusten technischen und \u00f6kologischen Anforderungen entspricht. Die Er\u00f6ffnung erfolgt 2022.","og_url":"https:\/\/www.organisator.ch\/fr\/general\/2020-10-13\/campus-sursee-legt-grundstein-fuer-neuen-multifunktionspavillon\/","og_site_name":"Organisator","article_publisher":"https:\/\/www.facebook.com\/OrganisatorFachmagazin","article_published_time":"2020-10-13T06:55:45+00:00","og_image":[{"width":680,"height":453,"url":"https:\/\/www.organisator.ch\/wp-content\/uploads\/2020\/10\/Campus-Sursee-legt-Grundstein-fuer-neuen-Multifunktionspavillon_Organisator.jpg","type":"image\/jpeg"}],"author":"thomas.berner","twitter_card":"summary_large_image","twitter_title":"#CampusSursee legt Grundstein f\u00fcr neuen #Multifunktionspavillon","twitter_description":"Am #CampusSursee entsteht ein multifunktionaler Raum, der den neusten technischen und \u00f6kologischen Anforderungen entspricht. Die Er\u00f6ffnung erfolgt 2022.","twitter_image":"https:\/\/www.organisator.ch\/wp-content\/uploads\/2020\/10\/Campus-Sursee-legt-Grundstein-fuer-neuen-Multifunktionspavillon_Organisator.jpg","schema":{"@context":"https:\/\/schema.org","@graph":[{"@type":"Article","@id":"https:\/\/www.organisator.ch\/de\/allgemein\/2020-10-13\/campus-sursee-legt-grundstein-fuer-neuen-multifunktionspavillon\/#article","isPartOf":{"@id":"https:\/\/www.organisator.ch\/de\/allgemein\/2020-10-13\/campus-sursee-legt-grundstein-fuer-neuen-multifunktionspavillon\/"},"author":{"name":"thomas.berner","@id":"https:\/\/www.organisator.ch\/#\/schema\/person\/6f650f90b2842cd4c0cc334b4e36f67e"},"headline":"Campus Sursee legt Grundstein f\u00fcr neuen Multifunktionspavillon","datePublished":"2020-10-13T06:55:45+00:00","mainEntityOfPage":{"@id":"https:\/\/www.organisator.ch\/de\/allgemein\/2020-10-13\/campus-sursee-legt-grundstein-fuer-neuen-multifunktionspavillon\/"},"wordCount":391,"publisher":{"@id":"https:\/\/www.organisator.ch\/#organization"},"image":{"@id":"https:\/\/www.organisator.ch\/de\/allgemein\/2020-10-13\/campus-sursee-legt-grundstein-fuer-neuen-multifunktionspavillon\/#primaryimage"},"thumbnailUrl":"https:\/\/www.organisator.ch\/wp-content\/uploads\/2020\/10\/Campus-Sursee-legt-Grundstein-fuer-neuen-Multifunktionspavillon_Organisator.jpg","keywords":["Aus-\/Weiterbildung","Unternehmen","Vermischtes"],"articleSection":["Allgemein"],"inLanguage":"fr-FR"},{"@type":"WebPage","@id":"https:\/\/www.organisator.ch\/de\/allgemein\/2020-10-13\/campus-sursee-legt-grundstein-fuer-neuen-multifunktionspavillon\/","url":"https:\/\/www.organisator.ch\/de\/allgemein\/2020-10-13\/campus-sursee-legt-grundstein-fuer-neuen-multifunktionspavillon\/","name":"Le Campus de Sursee pose la premi\u00e8re pierre de son nouveau pavillon multifonctionnel - Organisateur","isPartOf":{"@id":"https:\/\/www.organisator.ch\/#website"},"primaryImageOfPage":{"@id":"https:\/\/www.organisator.ch\/de\/allgemein\/2020-10-13\/campus-sursee-legt-grundstein-fuer-neuen-multifunktionspavillon\/#primaryimage"},"image":{"@id":"https:\/\/www.organisator.ch\/de\/allgemein\/2020-10-13\/campus-sursee-legt-grundstein-fuer-neuen-multifunktionspavillon\/#primaryimage"},"thumbnailUrl":"https:\/\/www.organisator.ch\/wp-content\/uploads\/2020\/10\/Campus-Sursee-legt-Grundstein-fuer-neuen-Multifunktionspavillon_Organisator.jpg","datePublished":"2020-10-13T06:55:45+00:00","description":"Un espace multifonctionnel r\u00e9pondant aux exigences techniques et \u00e9cologiques les plus r\u00e9centes est en cours de construction sur le campus de Sursee. L'ouverture aura lieu en 2022.","breadcrumb":{"@id":"https:\/\/www.organisator.ch\/de\/allgemein\/2020-10-13\/campus-sursee-legt-grundstein-fuer-neuen-multifunktionspavillon\/#breadcrumb"},"inLanguage":"fr-FR","potentialAction":[{"@type":"ReadAction","target":["https:\/\/www.organisator.ch\/de\/allgemein\/2020-10-13\/campus-sursee-legt-grundstein-fuer-neuen-multifunktionspavillon\/"]}]},{"@type":"ImageObject","inLanguage":"fr-FR","@id":"https:\/\/www.organisator.ch\/de\/allgemein\/2020-10-13\/campus-sursee-legt-grundstein-fuer-neuen-multifunktionspavillon\/#primaryimage","url":"https:\/\/www.organisator.ch\/wp-content\/uploads\/2020\/10\/Campus-Sursee-legt-Grundstein-fuer-neuen-Multifunktionspavillon_Organisator.jpg","contentUrl":"https:\/\/www.organisator.ch\/wp-content\/uploads\/2020\/10\/Campus-Sursee-legt-Grundstein-fuer-neuen-Multifunktionspavillon_Organisator.jpg","width":680,"height":453,"caption":"Der k\u00fcnftige Multifunktionspavillon am Campus Sursee: Am 13. September 2020 wurde der Grundstein gelegt. (Bild: zVg)"},{"@type":"BreadcrumbList","@id":"https:\/\/www.organisator.ch\/de\/allgemein\/2020-10-13\/campus-sursee-legt-grundstein-fuer-neuen-multifunktionspavillon\/#breadcrumb","itemListElement":[{"@type":"ListItem","position":1,"name":"Home","item":"https:\/\/www.organisator.ch\/"},{"@type":"ListItem","position":2,"name":"Campus Sursee legt Grundstein f\u00fcr neuen Multifunktionspavillon"}]},{"@type":"WebSite","@id":"https:\/\/www.organisator.ch\/#website","url":"https:\/\/www.organisator.ch\/","name":"Organisateur","description":"Comp\u00e9tence et comp\u00e9tence. Proches de la pratique. L'ORGANISATEUR pr\u00e9pare 10 num\u00e9ros par an sur les th\u00e8mes essentiels pour les dirigeants de PME.","publisher":{"@id":"https:\/\/www.organisator.ch\/#organization"},"potentialAction":[{"@type":"SearchAction","target":{"@type":"EntryPoint","urlTemplate":"https:\/\/www.organisator.ch\/?s={search_term_string}"},"query-input":{"@type":"PropertyValueSpecification","valueRequired":true,"valueName":"search_term_string"}}],"inLanguage":"fr-FR"},{"@type":"Organization","@id":"https:\/\/www.organisator.ch\/#organization","name":"Organisateur","url":"https:\/\/www.organisator.ch\/","logo":{"@type":"ImageObject","inLanguage":"fr-FR","@id":"https:\/\/www.organisator.ch\/#\/schema\/logo\/image\/","url":"https:\/\/www.organisator.ch\/wp-content\/uploads\/2022\/01\/Logo_Organisator_Website.png","contentUrl":"https:\/\/www.organisator.ch\/wp-content\/uploads\/2022\/01\/Logo_Organisator_Website.png","width":800,"height":77,"caption":"Organisator"},"image":{"@id":"https:\/\/www.organisator.ch\/#\/schema\/logo\/image\/"},"sameAs":["https:\/\/www.facebook.com\/OrganisatorFachmagazin","https:\/\/www.linkedin.com\/showcase\/organisator-das-magazin-fr-kmu","https:\/\/www.xing.com\/news\/pages\/organisator-ch-695","https:\/\/www.youtube.com\/channel\/UCGP2Sq0iWaZwT3BdIAQFYpw"]},{"@type":"Person","@id":"https:\/\/www.organisator.ch\/#\/schema\/person\/6f650f90b2842cd4c0cc334b4e36f67e","name":"thomas.berner","image":{"@type":"ImageObject","inLanguage":"fr-FR","@id":"https:\/\/secure.gravatar.com\/avatar\/ac5001d2a36cb6c6cd3e50789007ffca834b477b74a2144564522e944eabff61?s=96&d=mm&r=g","url":"https:\/\/secure.gravatar.com\/avatar\/ac5001d2a36cb6c6cd3e50789007ffca834b477b74a2144564522e944eabff61?s=96&d=mm&r=g","contentUrl":"https:\/\/secure.gravatar.com\/avatar\/ac5001d2a36cb6c6cd3e50789007ffca834b477b74a2144564522e944eabff61?s=96&d=mm&r=g","caption":"thomas.berner"},"url":"https:\/\/www.organisator.ch\/fr\/author\/thomas-berner\/"}]}},"_links":{"self":[{"href":"https:\/\/www.organisator.ch\/fr\/wp-json\/wp\/v2\/posts\/7211","targetHints":{"allow":["GET"]}}],"collection":[{"href":"https:\/\/www.organisator.ch\/fr\/wp-json\/wp\/v2\/posts"}],"about":[{"href":"https:\/\/www.organisator.ch\/fr\/wp-json\/wp\/v2\/types\/post"}],"author":[{"embeddable":true,"href":"https:\/\/www.organisator.ch\/fr\/wp-json\/wp\/v2\/users\/4"}],"replies":[{"embeddable":true,"href":"https:\/\/www.organisator.ch\/fr\/wp-json\/wp\/v2\/comments?post=7211"}],"version-history":[{"count":0,"href":"https:\/\/www.organisator.ch\/fr\/wp-json\/wp\/v2\/posts\/7211\/revisions"}],"wp:featuredmedia":[{"embeddable":true,"href":"https:\/\/www.organisator.ch\/fr\/wp-json\/wp\/v2\/media\/7212"}],"wp:attachment":[{"href":"https:\/\/www.organisator.ch\/fr\/wp-json\/wp\/v2\/media?parent=7211"}],"wp:term":[{"taxonomy":"category","embeddable":true,"href":"https:\/\/www.organisator.ch\/fr\/wp-json\/wp\/v2\/categories?post=7211"},{"taxonomy":"post_tag","embeddable":true,"href":"https:\/\/www.organisator.ch\/fr\/wp-json\/wp\/v2\/tags?post=7211"}],"curies":[{"name":"wp","href":"https:\/\/api.w.org\/{rel}","templated":true}]}}